{"id":19599,"date":"2019-09-19T06:46:53","date_gmt":"2019-09-19T04:46:53","guid":{"rendered":"http:\/\/dorogimedence.hu\/?p=19599"},"modified":"2019-09-19T08:16:18","modified_gmt":"2019-09-19T06:16:18","slug":"konyvbemutato-a-karpat-medence-1000-csodaja","status":"publish","type":"post","link":"https:\/\/dorogimedence.hu\/index.php\/2019\/09\/19\/konyvbemutato-a-karpat-medence-1000-csodaja\/","title":{"rendered":"K\u00f6nyvbemutat\u00f3: A K\u00e1rp\u00e1t-medence 1000 csod\u00e1ja"},"content":{"rendered":"<p><strong>Kaiser Ott\u00f3 fotogr\u00e1fus A K\u00e1rp\u00e1t-medence 1000 csod\u00e1ja c\u00edm\u0171 k\u00f6nyv\u00e9t mutatt\u00e1k be szeptember 16-\u00e1n a Helischer J\u00f3zsef V\u00e1rosi K\u00f6nyvt\u00e1rban.<\/strong><\/p>\n<p>A k\u00f6nyvbemutat\u00f3n nemcsak Kaiser Ott\u00f3 volt jelen, hanem a k\u00f6nyv m\u00e1sik szerz\u0151je B\u00e1nhidy Vajk is, aki a tetemes mennyis\u00e9g\u0171 k\u00e9panyagot sz\u00f6veggel l\u00e1tta el. Kett\u0151j\u00fckkel Sink\u00f3 Gyula besz\u00e9lgetett.<\/p>\n<p>A fent eml\u00edtett tetszet\u0151s album a hat\u00e1ron t\u00fali t\u00f6rt\u00e9nelmi Magyarorsz\u00e1g kultur\u00e1lis \u00f6r\u00f6ks\u00e9g\u00e9t mutatja be sok sz\u00e9p sz\u00ednes fot\u00f3n kereszt\u00fcl. A k\u00f6nyvben megjelennek az egykori t\u00f6rt\u00e9nelmi magyar v\u00e1rmegy\u00e9k r\u00e9gi\u00f3i, ezeken kereszt\u00fcl bepillant\u00e1st kapunk az \u0150rvid\u00e9k, a Felvid\u00e9k, K\u00e1rp\u00e1talja, Erd\u00e9ly, D\u00e9lvid\u00e9k saj\u00e1tos atmoszf\u00e9r\u00e1j\u00e1ba. Kaiser Ott\u00f3 fot\u00f3it eln\u00e9zve nemcsak az \u00e9p\u00edtett k\u00f6rnyezet \u00e9s t\u00e1rgyi eml\u00e9kek gazdag vil\u00e1g\u00e1val ismerkedhet\u00fcnk meg, hanem \u00e9rezhetj\u00fck az adott helyb\u0151l sug\u00e1rz\u00f3 hangulatot \u00e9s \u00e9lettelis\u00e9get, ak\u00e1r a H\u00e1zsong\u00e1rdi temet\u0151 s\u00edrjain kereszt\u00fcl elsz\u00e1ll\u00f3 varj\u00fa alakj\u00e1n, ak\u00e1r a Kolozsv\u00e1ri Magyar Sz\u00ednh\u00e1z egyik el\u0151ad\u00e1s\u00e1r\u00f3l k\u00e9sz\u00fclt fot\u00f3n vagy m\u00e1s sz\u00e9p k\u00e9peken kereszt\u00fcl. Kaiser Ott\u00f3 t\u00f6bb mint egy \u00e9vtizednyi \u00e9s k\u00f6zel k\u00e9tezer helysz\u00ednen k\u00e9sz\u00edtett gy\u0171jt\u0151munk\u00e1j\u00e1hoz B\u00e1nhidy Vajk \u00e9rdekes t\u00f6rt\u00e9nelmi \u00e1ttekint\u00e9sei adnak id\u0151beli \u00e9s t\u00e9rbeli t\u00e1vlatot. Kaiser Zsuzsanna pontos \u00e9s ig\u00e9nyes szerkeszt\u0151i munk\u00e1ja elengedhetetlen volt ahhoz, hogy az Alexandra kiad\u00f3 j\u00f3volt\u00e1b\u00f3l k\u00e9zbe vehess\u00fck ezt a nagyszer\u0171 kiadv\u00e1nyt.<\/p>\n<p><img fetchpriority=\"high\" decoding=\"async\" class=\"alignnone size-full wp-image-19601\" src=\"https:\/\/dorogimedence.hu\/wp-content\/uploads\/2019\/09\/kaiser-02.jpg\" alt=\"\" width=\"670\" height=\"365\" srcset=\"https:\/\/dorogimedence.hu\/wp-content\/uploads\/2019\/09\/kaiser-02.jpg 670w, https:\/\/dorogimedence.hu\/wp-content\/uploads\/2019\/09\/kaiser-02-300x163.jpg 300w\" sizes=\"(max-width: 670px) 100vw, 670px\" \/><\/p>\n<p>&nbsp;\u201eMi jut esz\u00e9be az utaz\u00f3nak, ha a mostani hat\u00e1rainkon t\u00fal messze d\u00e9len kifosztott kast\u00e9lyra lel, melynek meg\u00e1lmod\u00f3ja a budapesti parlament tervez\u0151je? Mire gondoljon, ha \u00e9szakon egy v\u00e1rosk\u00e1ba \u00e9rkezve ugyanolyan utc\u00e1kon halad, amilyeneken gyermekkor\u00e1t t\u00f6lt\u00f6tte? Ha ismer\u0151snek t\u0171nik a falusi jegyz\u0151 h\u00e1z\u00e1nak r\u00e9zkilincse, a templom rozsd\u00e1s kapup\u00e1ntja, vagy a sz\u00f6k\u0151k\u00fat pirogr\u00e1nit d\u00edsze?\u201d &#8211; teszi fel a k\u00e9rd\u00e9st a k\u00e9pek szerz\u0151je, Kaiser Ott\u00f3. A csod\u00e1latos kiadv\u00e1nyt, az \u201eXL-es\u201d k\u00f6nyvet a helysz\u00ednen a k\u00f6nyvesbolt \u00e1rus\u00edtotta, s az utols\u00f3 darabig el is adta. Tov\u00e1bbi p\u00e9ld\u00e1nyok m\u00e9g term\u00e9szetesen kaphat\u00f3k a boltban.<\/p>\n<p>A besz\u00e9lget\u00e9sr\u0151l k\u00e9sz\u00fclt fot\u00f3k megtekinthet\u0151k a honlapunkon, ak\u00e1r csak a besz\u00e9lget\u00e9sr\u0151l k\u00e9sz\u00fclt felv\u00e9tel is.<\/p>\n<p><strong><em>Zimonyi Zsanett<\/em><\/strong><\/p>\n<p><em>Fot\u00f3k: Steindl N\u00f3ra<\/em><\/p>\n","protected":false},"excerpt":{"rendered":"<p>Kaiser Ott\u00f3 fotogr\u00e1fus A K\u00e1rp\u00e1t-medence 1000 csod\u00e1ja c\u00edm\u0171 k\u00f6nyv\u00e9t mutatt\u00e1k be szeptember 16-\u00e1n a Helischer J\u00f3zsef V\u00e1rosi K\u00f6nyvt\u00e1rban. A k\u00f6nyvbemutat\u00f3n nemcsak Kaiser Ott\u00f3 volt jelen, hanem a k\u00f6nyv m\u00e1sik szerz\u0151je B\u00e1nhidy Vajk is, aki a tetemes mennyis\u00e9g\u0171 k\u00e9panyagot sz\u00f6veggel l\u00e1tta el. Kett\u0151j\u00fckkel Sink\u00f3 Gyula besz\u00e9lgetett. A fent eml\u00edtett tetszet\u0151s album a hat\u00e1ron t\u00fali t\u00f6rt\u00e9nelmi Magyarorsz\u00e1g<\/p>\n","protected":false},"author":1,"featured_media":19600,"comment_status":"closed","ping_status":"closed","sticky":false,"template":"","format":"standard","meta":{"ngg_post_thumbnail":0,"footnotes":""},"categories":[38,3],"tags":[42,1609,673,144,101],"class_list":{"0":"post-19599","1":"post","2":"type-post","3":"status-publish","4":"format-standard","5":"has-post-thumbnail","7":"category-esztergom","8":"category-hirek","9":"tag-esztergom","10":"tag-esztergomi-konyvtar","11":"tag-konyvbemutato","12":"tag-konyvtar","13":"tag-program"},"yoast_head":"<!-- This site is optimized with the Yoast SEO plugin v27.5 - https:\/\/yoast.com\/product\/yoast-seo-wordpress\/ -->\n<title>K\u00f6nyvbemutat\u00f3: A K\u00e1rp\u00e1t-medence 1000 csod\u00e1ja<\/title>\n<meta name=\"robots\" content=\"index, follow, max-snippet:-1, max-image-preview:large, max-video-preview:-1\" \/>\n<link rel=\"canonical\" href=\"https:\/\/dorogimedence.hu\/index.php\/2019\/09\/19\/konyvbemutato-a-karpat-medence-1000-csodaja\/\" class=\"yoast-seo-meta-tag\" \/>\n<meta property=\"og:locale\" content=\"hu_HU\" class=\"yoast-seo-meta-tag\" \/>\n<meta property=\"og:type\" content=\"article\" class=\"yoast-seo-meta-tag\" \/>\n<meta property=\"og:title\" content=\"K\u00f6nyvbemutat\u00f3: A K\u00e1rp\u00e1t-medence 1000 csod\u00e1ja\" class=\"yoast-seo-meta-tag\" \/>\n<meta property=\"og:description\" content=\"Kaiser Ott\u00f3 fotogr\u00e1fus A K\u00e1rp\u00e1t-medence 1000 csod\u00e1ja c\u00edm\u0171 k\u00f6nyv\u00e9t mutatt\u00e1k be szeptember 16-\u00e1n a Helischer J\u00f3zsef V\u00e1rosi K\u00f6nyvt\u00e1rban. A k\u00f6nyvbemutat\u00f3n nemcsak Kaiser Ott\u00f3 volt jelen, hanem a k\u00f6nyv m\u00e1sik szerz\u0151je B\u00e1nhidy Vajk is, aki a tetemes mennyis\u00e9g\u0171 k\u00e9panyagot sz\u00f6veggel l\u00e1tta el. Kett\u0151j\u00fckkel Sink\u00f3 Gyula besz\u00e9lgetett. A fent eml\u00edtett tetszet\u0151s album a hat\u00e1ron t\u00fali t\u00f6rt\u00e9nelmi Magyarorsz\u00e1g\" class=\"yoast-seo-meta-tag\" \/>\n<meta property=\"og:url\" content=\"https:\/\/dorogimedence.hu\/index.php\/2019\/09\/19\/konyvbemutato-a-karpat-medence-1000-csodaja\/\" class=\"yoast-seo-meta-tag\" \/>\n<meta property=\"og:site_name\" content=\"Dorogi-medence Region\u00e1lis H\u00edrport\u00e1l\" class=\"yoast-seo-meta-tag\" \/>\n<meta property=\"article:publisher\" content=\"https:\/\/www.facebook.com\/dorogimedence\/\" class=\"yoast-seo-meta-tag\" \/>\n<meta property=\"article:published_time\" content=\"2019-09-19T04:46:53+00:00\" class=\"yoast-seo-meta-tag\" \/>\n<meta property=\"article:modified_time\" content=\"2019-09-19T06:16:18+00:00\" class=\"yoast-seo-meta-tag\" \/>\n<meta property=\"og:image\" content=\"https:\/\/i0.wp.com\/dorogimedence.hu\/wp-content\/uploads\/2019\/09\/kaiser-01.jpg?fit=670%2C365&ssl=1\" class=\"yoast-seo-meta-tag\" \/>\n\t<meta property=\"og:image:width\" content=\"670\" class=\"yoast-seo-meta-tag\" \/>\n\t<meta property=\"og:image:height\" content=\"365\" class=\"yoast-seo-meta-tag\" \/>\n\t<meta property=\"og:image:type\" content=\"image\/jpeg\" class=\"yoast-seo-meta-tag\" \/>\n<meta name=\"author\" content=\"dorogimedence.hu\" class=\"yoast-seo-meta-tag\" \/>\n<meta name=\"twitter:card\" content=\"summary_large_image\" class=\"yoast-seo-meta-tag\" \/>\n<meta name=\"twitter:label1\" content=\"Szerz\u0151:\" class=\"yoast-seo-meta-tag\" \/>\n\t<meta name=\"twitter:data1\" content=\"dorogimedence.hu\" class=\"yoast-seo-meta-tag\" \/>\n\t<meta name=\"twitter:label2\" content=\"Becs\u00fclt olvas\u00e1si id\u0151\" class=\"yoast-seo-meta-tag\" \/>\n\t<meta name=\"twitter:data2\" content=\"2 perc\" class=\"yoast-seo-meta-tag\" \/>\n<script type=\"application\/ld+json\" class=\"yoast-schema-graph\">{\"@context\":\"https:\\\/\\\/schema.org\",\"@graph\":[{\"@type\":\"Article\",\"@id\":\"https:\\\/\\\/dorogimedence.hu\\\/index.php\\\/2019\\\/09\\\/19\\\/konyvbemutato-a-karpat-medence-1000-csodaja\\\/#article\",\"isPartOf\":{\"@id\":\"https:\\\/\\\/dorogimedence.hu\\\/index.php\\\/2019\\\/09\\\/19\\\/konyvbemutato-a-karpat-medence-1000-csodaja\\\/\"},\"author\":{\"name\":\"dorogimedence.hu\",\"@id\":\"https:\\\/\\\/dorogimedence.hu\\\/#\\\/schema\\\/person\\\/ce6091eeb7e95ecdc87890d6aa8e0fd4\"},\"headline\":\"K\u00f6nyvbemutat\u00f3: A K\u00e1rp\u00e1t-medence 1000 csod\u00e1ja\",\"datePublished\":\"2019-09-19T04:46:53+00:00\",\"dateModified\":\"2019-09-19T06:16:18+00:00\",\"mainEntityOfPage\":{\"@id\":\"https:\\\/\\\/dorogimedence.hu\\\/index.php\\\/2019\\\/09\\\/19\\\/konyvbemutato-a-karpat-medence-1000-csodaja\\\/\"},\"wordCount\":470,\"publisher\":{\"@id\":\"https:\\\/\\\/dorogimedence.hu\\\/#organization\"},\"image\":{\"@id\":\"https:\\\/\\\/dorogimedence.hu\\\/index.php\\\/2019\\\/09\\\/19\\\/konyvbemutato-a-karpat-medence-1000-csodaja\\\/#primaryimage\"},\"thumbnailUrl\":\"https:\\\/\\\/dorogimedence.hu\\\/wp-content\\\/uploads\\\/2019\\\/09\\\/kaiser-01.jpg\",\"keywords\":[\"esztergom\",\"esztergomi k\u00f6nyvt\u00e1r\",\"k\u00f6nyvbemutat\u00f3\",\"k\u00f6nyvt\u00e1r\",\"program\"],\"articleSection\":[\"Esztergom\",\"H\u00edrek\"],\"inLanguage\":\"hu\"},{\"@type\":\"WebPage\",\"@id\":\"https:\\\/\\\/dorogimedence.hu\\\/index.php\\\/2019\\\/09\\\/19\\\/konyvbemutato-a-karpat-medence-1000-csodaja\\\/\",\"url\":\"https:\\\/\\\/dorogimedence.hu\\\/index.php\\\/2019\\\/09\\\/19\\\/konyvbemutato-a-karpat-medence-1000-csodaja\\\/\",\"name\":\"K\u00f6nyvbemutat\u00f3: A K\u00e1rp\u00e1t-medence 1000 csod\u00e1ja\",\"isPartOf\":{\"@id\":\"https:\\\/\\\/dorogimedence.hu\\\/#website\"},\"primaryImageOfPage\":{\"@id\":\"https:\\\/\\\/dorogimedence.hu\\\/index.php\\\/2019\\\/09\\\/19\\\/konyvbemutato-a-karpat-medence-1000-csodaja\\\/#primaryimage\"},\"image\":{\"@id\":\"https:\\\/\\\/dorogimedence.hu\\\/index.php\\\/2019\\\/09\\\/19\\\/konyvbemutato-a-karpat-medence-1000-csodaja\\\/#primaryimage\"},\"thumbnailUrl\":\"https:\\\/\\\/dorogimedence.hu\\\/wp-content\\\/uploads\\\/2019\\\/09\\\/kaiser-01.jpg\",\"datePublished\":\"2019-09-19T04:46:53+00:00\",\"dateModified\":\"2019-09-19T06:16:18+00:00\",\"breadcrumb\":{\"@id\":\"https:\\\/\\\/dorogimedence.hu\\\/index.php\\\/2019\\\/09\\\/19\\\/konyvbemutato-a-karpat-medence-1000-csodaja\\\/#breadcrumb\"},\"inLanguage\":\"hu\",\"potentialAction\":[{\"@type\":\"ReadAction\",\"target\":[\"https:\\\/\\\/dorogimedence.hu\\\/index.php\\\/2019\\\/09\\\/19\\\/konyvbemutato-a-karpat-medence-1000-csodaja\\\/\"]}]},{\"@type\":\"ImageObject\",\"inLanguage\":\"hu\",\"@id\":\"https:\\\/\\\/dorogimedence.hu\\\/index.php\\\/2019\\\/09\\\/19\\\/konyvbemutato-a-karpat-medence-1000-csodaja\\\/#primaryimage\",\"url\":\"https:\\\/\\\/dorogimedence.hu\\\/wp-content\\\/uploads\\\/2019\\\/09\\\/kaiser-01.jpg\",\"contentUrl\":\"https:\\\/\\\/dorogimedence.hu\\\/wp-content\\\/uploads\\\/2019\\\/09\\\/kaiser-01.jpg\",\"width\":670,\"height\":365},{\"@type\":\"BreadcrumbList\",\"@id\":\"https:\\\/\\\/dorogimedence.hu\\\/index.php\\\/2019\\\/09\\\/19\\\/konyvbemutato-a-karpat-medence-1000-csodaja\\\/#breadcrumb\",\"itemListElement\":[{\"@type\":\"ListItem\",\"position\":1,\"name\":\"Kezd\u0151lap\",\"item\":\"https:\\\/\\\/dorogimedence.hu\\\/\"},{\"@type\":\"ListItem\",\"position\":2,\"name\":\"K\u00f6nyvbemutat\u00f3: A K\u00e1rp\u00e1t-medence 1000 csod\u00e1ja\"}]},{\"@type\":\"WebSite\",\"@id\":\"https:\\\/\\\/dorogimedence.hu\\\/#website\",\"url\":\"https:\\\/\\\/dorogimedence.hu\\\/\",\"name\":\"Dorogi-medence Region\u00e1lis H\u00edrport\u00e1l\",\"description\":\"Dorog, Keszt\u00f6lc, Le\u00e1nyv\u00e1r, Piliscs\u00e9v, Tokod, Tokodalt\u00e1r\u00f3, Csolnok, Esztergom-kertv\u00e1ros: h\u00edrek, programok\",\"publisher\":{\"@id\":\"https:\\\/\\\/dorogimedence.hu\\\/#organization\"},\"potentialAction\":[{\"@type\":\"SearchAction\",\"target\":{\"@type\":\"EntryPoint\",\"urlTemplate\":\"https:\\\/\\\/dorogimedence.hu\\\/?s={search_term_string}\"},\"query-input\":{\"@type\":\"PropertyValueSpecification\",\"valueRequired\":true,\"valueName\":\"search_term_string\"}}],\"inLanguage\":\"hu\"},{\"@type\":\"Organization\",\"@id\":\"https:\\\/\\\/dorogimedence.hu\\\/#organization\",\"name\":\"Dorogi-medence Region\u00e1lis H\u00edrport\u00e1l\",\"url\":\"https:\\\/\\\/dorogimedence.hu\\\/\",\"logo\":{\"@type\":\"ImageObject\",\"inLanguage\":\"hu\",\"@id\":\"https:\\\/\\\/dorogimedence.hu\\\/#\\\/schema\\\/logo\\\/image\\\/\",\"url\":\"https:\\\/\\\/dorogimedence.hu\\\/wp-content\\\/uploads\\\/2021\\\/04\\\/logo-feher-600.png\",\"contentUrl\":\"https:\\\/\\\/dorogimedence.hu\\\/wp-content\\\/uploads\\\/2021\\\/04\\\/logo-feher-600.png\",\"width\":600,\"height\":100,\"caption\":\"Dorogi-medence Region\u00e1lis H\u00edrport\u00e1l\"},\"image\":{\"@id\":\"https:\\\/\\\/dorogimedence.hu\\\/#\\\/schema\\\/logo\\\/image\\\/\"},\"sameAs\":[\"https:\\\/\\\/www.facebook.com\\\/dorogimedence\\\/\"]},{\"@type\":\"Person\",\"@id\":\"https:\\\/\\\/dorogimedence.hu\\\/#\\\/schema\\\/person\\\/ce6091eeb7e95ecdc87890d6aa8e0fd4\",\"name\":\"dorogimedence.hu\",\"image\":{\"@type\":\"ImageObject\",\"inLanguage\":\"hu\",\"@id\":\"\\\/\\\/www.gravatar.com\\\/avatar\\\/d8d45f8901aadff40a4af72c0b826f1d?s=96&#038;r=g&#038;d=mm\",\"url\":\"\\\/\\\/www.gravatar.com\\\/avatar\\\/d8d45f8901aadff40a4af72c0b826f1d?s=96&#038;r=g&#038;d=mm\",\"contentUrl\":\"\\\/\\\/www.gravatar.com\\\/avatar\\\/d8d45f8901aadff40a4af72c0b826f1d?s=96&#038;r=g&#038;d=mm\",\"caption\":\"dorogimedence.hu\"}}]}<\/script>\n<!-- \/ Yoast SEO plugin. -->","yoast_head_json":{"title":"K\u00f6nyvbemutat\u00f3: A K\u00e1rp\u00e1t-medence 1000 csod\u00e1ja","robots":{"index":"index","follow":"follow","max-snippet":"max-snippet:-1","max-image-preview":"max-image-preview:large","max-video-preview":"max-video-preview:-1"},"canonical":"https:\/\/dorogimedence.hu\/index.php\/2019\/09\/19\/konyvbemutato-a-karpat-medence-1000-csodaja\/","og_locale":"hu_HU","og_type":"article","og_title":"K\u00f6nyvbemutat\u00f3: A K\u00e1rp\u00e1t-medence 1000 csod\u00e1ja","og_description":"Kaiser Ott\u00f3 fotogr\u00e1fus A K\u00e1rp\u00e1t-medence 1000 csod\u00e1ja c\u00edm\u0171 k\u00f6nyv\u00e9t mutatt\u00e1k be szeptember 16-\u00e1n a Helischer J\u00f3zsef V\u00e1rosi K\u00f6nyvt\u00e1rban. A k\u00f6nyvbemutat\u00f3n nemcsak Kaiser Ott\u00f3 volt jelen, hanem a k\u00f6nyv m\u00e1sik szerz\u0151je B\u00e1nhidy Vajk is, aki a tetemes mennyis\u00e9g\u0171 k\u00e9panyagot sz\u00f6veggel l\u00e1tta el. Kett\u0151j\u00fckkel Sink\u00f3 Gyula besz\u00e9lgetett. A fent eml\u00edtett tetszet\u0151s album a hat\u00e1ron t\u00fali t\u00f6rt\u00e9nelmi Magyarorsz\u00e1g","og_url":"https:\/\/dorogimedence.hu\/index.php\/2019\/09\/19\/konyvbemutato-a-karpat-medence-1000-csodaja\/","og_site_name":"Dorogi-medence Region\u00e1lis H\u00edrport\u00e1l","article_publisher":"https:\/\/www.facebook.com\/dorogimedence\/","article_published_time":"2019-09-19T04:46:53+00:00","article_modified_time":"2019-09-19T06:16:18+00:00","og_image":[{"width":670,"height":365,"url":"https:\/\/i0.wp.com\/dorogimedence.hu\/wp-content\/uploads\/2019\/09\/kaiser-01.jpg?fit=670%2C365&ssl=1","type":"image\/jpeg"}],"author":"dorogimedence.hu","twitter_card":"summary_large_image","twitter_misc":{"Szerz\u0151:":"dorogimedence.hu","Becs\u00fclt olvas\u00e1si id\u0151":"2 perc"},"schema":{"@context":"https:\/\/schema.org","@graph":[{"@type":"Article","@id":"https:\/\/dorogimedence.hu\/index.php\/2019\/09\/19\/konyvbemutato-a-karpat-medence-1000-csodaja\/#article","isPartOf":{"@id":"https:\/\/dorogimedence.hu\/index.php\/2019\/09\/19\/konyvbemutato-a-karpat-medence-1000-csodaja\/"},"author":{"name":"dorogimedence.hu","@id":"https:\/\/dorogimedence.hu\/#\/schema\/person\/ce6091eeb7e95ecdc87890d6aa8e0fd4"},"headline":"K\u00f6nyvbemutat\u00f3: A K\u00e1rp\u00e1t-medence 1000 csod\u00e1ja","datePublished":"2019-09-19T04:46:53+00:00","dateModified":"2019-09-19T06:16:18+00:00","mainEntityOfPage":{"@id":"https:\/\/dorogimedence.hu\/index.php\/2019\/09\/19\/konyvbemutato-a-karpat-medence-1000-csodaja\/"},"wordCount":470,"publisher":{"@id":"https:\/\/dorogimedence.hu\/#organization"},"image":{"@id":"https:\/\/dorogimedence.hu\/index.php\/2019\/09\/19\/konyvbemutato-a-karpat-medence-1000-csodaja\/#primaryimage"},"thumbnailUrl":"https:\/\/dorogimedence.hu\/wp-content\/uploads\/2019\/09\/kaiser-01.jpg","keywords":["esztergom","esztergomi k\u00f6nyvt\u00e1r","k\u00f6nyvbemutat\u00f3","k\u00f6nyvt\u00e1r","program"],"articleSection":["Esztergom","H\u00edrek"],"inLanguage":"hu"},{"@type":"WebPage","@id":"https:\/\/dorogimedence.hu\/index.php\/2019\/09\/19\/konyvbemutato-a-karpat-medence-1000-csodaja\/","url":"https:\/\/dorogimedence.hu\/index.php\/2019\/09\/19\/konyvbemutato-a-karpat-medence-1000-csodaja\/","name":"K\u00f6nyvbemutat\u00f3: A K\u00e1rp\u00e1t-medence 1000 csod\u00e1ja","isPartOf":{"@id":"https:\/\/dorogimedence.hu\/#website"},"primaryImageOfPage":{"@id":"https:\/\/dorogimedence.hu\/index.php\/2019\/09\/19\/konyvbemutato-a-karpat-medence-1000-csodaja\/#primaryimage"},"image":{"@id":"https:\/\/dorogimedence.hu\/index.php\/2019\/09\/19\/konyvbemutato-a-karpat-medence-1000-csodaja\/#primaryimage"},"thumbnailUrl":"https:\/\/dorogimedence.hu\/wp-content\/uploads\/2019\/09\/kaiser-01.jpg","datePublished":"2019-09-19T04:46:53+00:00","dateModified":"2019-09-19T06:16:18+00:00","breadcrumb":{"@id":"https:\/\/dorogimedence.hu\/index.php\/2019\/09\/19\/konyvbemutato-a-karpat-medence-1000-csodaja\/#breadcrumb"},"inLanguage":"hu","potentialAction":[{"@type":"ReadAction","target":["https:\/\/dorogimedence.hu\/index.php\/2019\/09\/19\/konyvbemutato-a-karpat-medence-1000-csodaja\/"]}]},{"@type":"ImageObject","inLanguage":"hu","@id":"https:\/\/dorogimedence.hu\/index.php\/2019\/09\/19\/konyvbemutato-a-karpat-medence-1000-csodaja\/#primaryimage","url":"https:\/\/dorogimedence.hu\/wp-content\/uploads\/2019\/09\/kaiser-01.jpg","contentUrl":"https:\/\/dorogimedence.hu\/wp-content\/uploads\/2019\/09\/kaiser-01.jpg","width":670,"height":365},{"@type":"BreadcrumbList","@id":"https:\/\/dorogimedence.hu\/index.php\/2019\/09\/19\/konyvbemutato-a-karpat-medence-1000-csodaja\/#breadcrumb","itemListElement":[{"@type":"ListItem","position":1,"name":"Kezd\u0151lap","item":"https:\/\/dorogimedence.hu\/"},{"@type":"ListItem","position":2,"name":"K\u00f6nyvbemutat\u00f3: A K\u00e1rp\u00e1t-medence 1000 csod\u00e1ja"}]},{"@type":"WebSite","@id":"https:\/\/dorogimedence.hu\/#website","url":"https:\/\/dorogimedence.hu\/","name":"Dorogi-medence Region\u00e1lis H\u00edrport\u00e1l","description":"Dorog, Keszt\u00f6lc, Le\u00e1nyv\u00e1r, Piliscs\u00e9v, Tokod, Tokodalt\u00e1r\u00f3, Csolnok, Esztergom-kertv\u00e1ros: h\u00edrek, programok","publisher":{"@id":"https:\/\/dorogimedence.hu\/#organization"},"potentialAction":[{"@type":"SearchAction","target":{"@type":"EntryPoint","urlTemplate":"https:\/\/dorogimedence.hu\/?s={search_term_string}"},"query-input":{"@type":"PropertyValueSpecification","valueRequired":true,"valueName":"search_term_string"}}],"inLanguage":"hu"},{"@type":"Organization","@id":"https:\/\/dorogimedence.hu\/#organization","name":"Dorogi-medence Region\u00e1lis H\u00edrport\u00e1l","url":"https:\/\/dorogimedence.hu\/","logo":{"@type":"ImageObject","inLanguage":"hu","@id":"https:\/\/dorogimedence.hu\/#\/schema\/logo\/image\/","url":"https:\/\/dorogimedence.hu\/wp-content\/uploads\/2021\/04\/logo-feher-600.png","contentUrl":"https:\/\/dorogimedence.hu\/wp-content\/uploads\/2021\/04\/logo-feher-600.png","width":600,"height":100,"caption":"Dorogi-medence Region\u00e1lis H\u00edrport\u00e1l"},"image":{"@id":"https:\/\/dorogimedence.hu\/#\/schema\/logo\/image\/"},"sameAs":["https:\/\/www.facebook.com\/dorogimedence\/"]},{"@type":"Person","@id":"https:\/\/dorogimedence.hu\/#\/schema\/person\/ce6091eeb7e95ecdc87890d6aa8e0fd4","name":"dorogimedence.hu","image":{"@type":"ImageObject","inLanguage":"hu","@id":"\/\/www.gravatar.com\/avatar\/d8d45f8901aadff40a4af72c0b826f1d?s=96&#038;r=g&#038;d=mm","url":"\/\/www.gravatar.com\/avatar\/d8d45f8901aadff40a4af72c0b826f1d?s=96&#038;r=g&#038;d=mm","contentUrl":"\/\/www.gravatar.com\/avatar\/d8d45f8901aadff40a4af72c0b826f1d?s=96&#038;r=g&#038;d=mm","caption":"dorogimedence.hu"}}]}},"_links":{"self":[{"href":"https:\/\/dorogimedence.hu\/index.php\/wp-json\/wp\/v2\/posts\/19599","targetHints":{"allow":["GET"]}}],"collection":[{"href":"https:\/\/dorogimedence.hu\/index.php\/wp-json\/wp\/v2\/posts"}],"about":[{"href":"https:\/\/dorogimedence.hu\/index.php\/wp-json\/wp\/v2\/types\/post"}],"author":[{"embeddable":true,"href":"https:\/\/dorogimedence.hu\/index.php\/wp-json\/wp\/v2\/users\/1"}],"replies":[{"embeddable":true,"href":"https:\/\/dorogimedence.hu\/index.php\/wp-json\/wp\/v2\/comments?post=19599"}],"version-history":[{"count":0,"href":"https:\/\/dorogimedence.hu\/index.php\/wp-json\/wp\/v2\/posts\/19599\/revisions"}],"wp:featuredmedia":[{"embeddable":true,"href":"https:\/\/dorogimedence.hu\/index.php\/wp-json\/wp\/v2\/media\/19600"}],"wp:attachment":[{"href":"https:\/\/dorogimedence.hu\/index.php\/wp-json\/wp\/v2\/media?parent=19599"}],"wp:term":[{"taxonomy":"category","embeddable":true,"href":"https:\/\/dorogimedence.hu\/index.php\/wp-json\/wp\/v2\/categories?post=19599"},{"taxonomy":"post_tag","embeddable":true,"href":"https:\/\/dorogimedence.hu\/index.php\/wp-json\/wp\/v2\/tags?post=19599"}],"curies":[{"name":"wp","href":"https:\/\/api.w.org\/{rel}","templated":true}]}}