{"id":19556,"date":"2019-09-17T09:53:58","date_gmt":"2019-09-17T07:53:58","guid":{"rendered":"http:\/\/dorogimedence.hu\/?p=19556"},"modified":"2019-09-17T09:55:12","modified_gmt":"2019-09-17T07:55:12","slug":"eloszor-hazai-palyan-hetkozi-merkozesen","status":"publish","type":"post","link":"https:\/\/dorogimedence.hu\/index.php\/2019\/09\/17\/eloszor-hazai-palyan-hetkozi-merkozesen\/","title":{"rendered":"El\u0151sz\u00f6r hazai p\u00e1ly\u00e1n h\u00e9tk\u00f6zi m\u00e9rk\u0151z\u00e9sen"},"content":{"rendered":"<p><strong>Szerd\u00e1n imm\u00e1r harmadszor rendeznek h\u00e9tk\u00f6zi fordul\u00f3t az idei szezonban. Csapatunk sorsol\u00e1sa eddig idegenben sz\u00f3l\u00edtott, most viszont idehaza l\u00e9phetnek p\u00e1ly\u00e1ra a bajnoks\u00e1g 9. fordul\u00f3ja jegy\u00e9ben<\/strong> <em>&#8211; Szab\u00f3 Gyula cikke.<\/em><\/p>\n<p>Vas\u00e1rnap brav\u00farosnak mondhat\u00f3 gy\u0151zelemmel \u00f6rvendeztett\u00e9k meg h\u00edveiket a dorogiak. Gy\u0151rb\u0151l siker\u00fclt mindh\u00e1rom pontot hazahozni annak a Gyirm\u00f3t otthon\u00e1b\u00f3l, amely ellen eddig m\u00e9g&nbsp;pontot sem tudtak szerezni bajnokin. A hazaiak r\u00e1ad\u00e1sul egy igen j\u00f3 sz\u00e9ri\u00e1ban is voltak, de dorogi szemsz\u00f6gb\u0151l ez\u00fattal nagyon kedvez\u0151en alakult a tal\u00e1lkoz\u00f3. M\u00e9g az is belef\u00e9rt, hogy az els\u0151 t\u00edz percen bel\u00fcl h\u00e1tr\u00e1nyba ker\u00fclt a csapatunk, \u00e1m siker\u00fclt megford\u00edtania az \u00e1ll\u00e1st \u00e9s m\u00e1r a sz\u00fcnetre kialakult a v\u00e9geredm\u00e9ny. El\u0151bb az if\u00fa Barna Gerg\u0151 l\u0151tt nagyon sz\u00e9pen \u00e9s okosan a kapuba, majd D\u00e9lczeg Gergely amolyan igazi szemtelen g\u00f3lt. \u00d6r\u00f6mteli, hogy k\u00e9t j\u00e1t\u00e9kossal gyarapodott az eddigi meglehet\u0151sen egyoldal\u00fa&nbsp;h\u00e1zi g\u00f3ll\u00f6v\u0151 lista, akik remek\u00fcl tal\u00e1lt\u00e1k fel magukat a k\u00edn\u00e1lkoz\u00f3 helyzetekben. A g\u00e1rda sokatt tett a siker\u00e9rt, s noha n\u00e9mi szerencs\u00e9vel is megt\u00e1mogatva, de cseppet sem \u00e9rdemtelen\u00fcl hagyhatta el gy\u0151ztesen a p\u00e1ly\u00e1t. Valamennyi j\u00e1t\u00e9kos d\u00edcs\u00e9retet \u00e9rdemel, Mursits kapus pedig egyenesen a mez\u0151ny legjobbja volt. Egyetlen f\u00e1j\u00f3 pontk\u00e9nt Tak\u00e1cs P\u00e9ter ki\u00e1ll\u00edt\u00e1s\u00e1t kellett elk\u00f6nyvelni, akit m\u00e1sodik s\u00e1rg\u00e1j\u00e1t k\u00f6vet\u0151en, a hajr\u00e1 perceiben ki\u00e1ll\u00edtottak.<\/p>\n<p>A fordul\u00f3 ez\u00fattal is b\u0151velkedett sz\u00e1mos meglepet\u00e9sben \u00e9s \u00e9rdekess\u00e9gben. Az Ajka a remek\u00fcl szerepl\u0151 \u00e9s listavezet\u0151 Budafok otthon\u00e1ban nyert 3-1-re, m\u00edg a kor\u00e1bbi \u00e9llovas, a vill\u00e1mrajtot vett Cs\u00e1kv\u00e1r m\u00e1sodik veres\u00e9g\u00e9t szenvedte el, amely ez\u00fattal is kiad\u00f3sra sikeredett, s ugyan \u00fagy a kies\u0151 z\u00f3n\u00e1ban l\u00e9v\u0151 csapat ellen. Az eddig nyeretlen Szeged-Csan\u00e1d verte \u0151ket 5-3-ra. A tal\u00e1lkoz\u00f3 egyben az \u00faj szegedi stadion avat\u00f3ja is volt, ahov\u00e1 legk\u00f6zelebb \u00e9ppen a mieink mennek vend\u00e9gs\u00e9gbe. Az MTK majdnem egy f\u00e9lid\u0151n \u00e1t emberel\u0151nyben j\u00e1tszhatott otthon a Kazincbarcika ellen, de csak egy 11-es g\u00f3llal siker\u00fclt minim\u00e1lisan 1-0-ra legy\u0171rnie ellenfel\u00e9t. Az ETO Szolnokr\u00f3l hozta el a pontokat k\u00e9t g\u00f3los siker\u00e9vel \u00e9s l\u00e9pett az \u00e9lre, m\u00edg a Halad\u00e1s hazai p\u00e1ly\u00e1n kapott ki a Soroks\u00e1rt\u00f3l. A Vasas a hajr\u00e1ban szerzett k\u00e9t g\u00f3lj\u00e1val nyert Ny\u00edregyh\u00e1z\u00e1n, amellyel hat helyet ugrott feljebb a tabell\u00e1n, s jelenleg a 6. helyen \u00e1ll. A dorogiak h\u00e1rom helyet l\u00e9ptek el\u0151re, amellyel a 12. helyet foglalj\u00e1k el, de m\u00e9g a 8. helyezett Ny\u00edregyh\u00e1z\u00e1val is pontazonoss\u00e1gban vannak, m\u00edg a legy\u0151z\u00f6tt 7. helyezett Gyirm\u00f3t \u00e9s az el\u0151tt\u00fck \u00e1ll\u00f3 Vasas is csak egy ponttal mennek el\u0151tt\u00fcnk.<\/p>\n<p>Szerdai ellenfel\u00fcnk, a Si\u00f3fok otthon gy\u0151zedelmeskedett 2:0 ar\u00e1nyban \u00e9s jelenleg is tartva idei j\u00f3 form\u00e1j\u00e1t \u00e9s el\u0151kel\u0151 poz\u00edci\u00f3j\u00e1t, a 2. helyr\u0151l v\u00e1rja a dorogi vend\u00e9gszerepl\u00e9st. A Balaton-partiak 6 ponttal szereztek t\u00f6bbet a mieinkn\u00e9l. Legut\u00f3bb id\u00e9n tavasszal Si\u00f3fokon tal\u00e1lkozott egym\u00e1s ellen a k\u00e9t csapat, ahol 1-1-re v\u00e9geztek \u00fagy, hogy az els\u0151 f\u00e9lid\u0151 a Dorog\u00e9 volt \u00e9s el\u0151nnyel fordulhatott csapatunk, a v\u00e9g\u00e9re viszont \u00f6r\u00fclhett\u00fcnk a pontszerz\u00e9snek is. A k\u00e9t f\u00e9l eddig 17 alkalommal j\u00e1tszott egym\u00e1s ellen t\u00e9tm\u00e9rk\u0151z\u00e9st, ahol 8 dorogi gy\u0151zelem \u00e9s 3 d\u00f6ntetlen mellett 6 si\u00f3foki siker sz\u00fcletett, 24:21-es g\u00f3lar\u00e1nnyal. Hazai p\u00e1ly\u00e1n az eddigi 9 m\u00e9rk\u0151z\u00e9sb\u0151l 5-sz\u00f6r nyert\u00fcnk, 2 d\u00f6ntetlen \u00e9s 2 veres\u00e9g, 16:10-es g\u00f3lar\u00e1ny. <span style=\"text-decoration: underline; color: #0000ff;\"><a style=\"color: #0000ff;\" href=\"https:\/\/dorogimedence.hu\/index.php\/2019\/04\/13\/orok-merlegen-dorog-siofok\/\" target=\"_blank\" rel=\"noopener noreferrer\">A k\u00e9t csapat r\u00e9szletes m\u00e9rlege&gt;&gt;<\/a><\/span><\/p>\n<p style=\"text-align: center;\"><img fetchpriority=\"high\" decoding=\"async\" class=\"alignnone size-full wp-image-19558\" src=\"https:\/\/dorogimedence.hu\/wp-content\/uploads\/2019\/09\/dorog-siofok-02.jpg\" alt=\"\" width=\"670\" height=\"365\" srcset=\"https:\/\/dorogimedence.hu\/wp-content\/uploads\/2019\/09\/dorog-siofok-02.jpg 670w, https:\/\/dorogimedence.hu\/wp-content\/uploads\/2019\/09\/dorog-siofok-02-300x163.jpg 300w\" sizes=\"(max-width: 670px) 100vw, 670px\" \/><em>A legut\u00f3bbi Si\u00f3fok-Dorog \u00f6sszecsap\u00e1s egyik jelenete<\/em><\/p>\n<p>Tekintve, hogy a k\u00e9t fordul\u00f3 k\u00f6z\u00f6tti p\u00e1r nap alatt neh\u00e9z regenar\u00e1l\u00f3dni \u00e9s alaposan felk\u00e9sz\u00fclni a feleknek, \u00edgy minden val\u00f3sz\u00edn\u0171s\u00e9g szerint els\u0151 sorban a pillanatnyi forma fog d\u00f6nteni. Ilyenkor k\u00fcl\u00f6n\u00f6sen sokat seg\u00edthet a lelkes, sz\u00edvb\u0151l j\u00f6v\u0151&nbsp;odaad\u00f3 hozz\u00e1\u00e1ll\u00e1s, amellyel ak\u00e1r&nbsp;mindh\u00e1rom pontot is itthon tartani. Sajnos csak a k\u00e9t sereghajt\u00f3 csapatn\u00e1l siker\u00fclt eddig t\u00f6bb g\u00f3lt szerezni, \u00edgy nagyon fontos volna, ha akadna ez\u00fattal is legal\u00e1bb egy g\u00f3lk\u00e9pes j\u00e1t\u00e9kos. J\u00f3 lenne, legal\u00e1bb meg\u0151rizni az ut\u00f3bbi h\u00e1rom \u00e9vben tartott j\u00f3 m\u00e9rleg\u00fcnket \u00e9s veretlens\u00e9g\u00fcnket a si\u00f3fokiak ellen.<\/p>\n<p><img decoding=\"async\" class=\"alignnone size-full wp-image-19096\" src=\"https:\/\/dorogimedence.hu\/wp-content\/uploads\/2019\/08\/jo-szerencset.jpg\" alt=\"\" width=\"670\" height=\"80\" srcset=\"https:\/\/dorogimedence.hu\/wp-content\/uploads\/2019\/08\/jo-szerencset.jpg 670w, https:\/\/dorogimedence.hu\/wp-content\/uploads\/2019\/08\/jo-szerencset-300x36.jpg 300w\" sizes=\"(max-width: 670px) 100vw, 670px\" \/><\/p>\n","protected":false},"excerpt":{"rendered":"<p>Szerd\u00e1n imm\u00e1r harmadszor rendeznek h\u00e9tk\u00f6zi fordul\u00f3t az idei szezonban. Csapatunk sorsol\u00e1sa eddig idegenben sz\u00f3l\u00edtott, most viszont idehaza l\u00e9phetnek p\u00e1ly\u00e1ra a bajnoks\u00e1g 9. fordul\u00f3ja jegy\u00e9ben &#8211; Szab\u00f3 Gyula cikke. Vas\u00e1rnap brav\u00farosnak mondhat\u00f3 gy\u0151zelemmel \u00f6rvendeztett\u00e9k meg h\u00edveiket a dorogiak. Gy\u0151rb\u0151l siker\u00fclt mindh\u00e1rom pontot hazahozni annak a Gyirm\u00f3t otthon\u00e1b\u00f3l, amely ellen eddig m\u00e9g&nbsp;pontot sem tudtak szerezni bajnokin. A<\/p>\n","protected":false},"author":1,"featured_media":19557,"comment_status":"closed","ping_status":"closed","sticky":false,"template":"","format":"standard","meta":{"ngg_post_thumbnail":0,"footnotes":""},"categories":[2,3,5],"tags":[15,37,70,69,72,263,535,16],"class_list":{"0":"post-19556","1":"post","2":"type-post","3":"status-publish","4":"format-standard","5":"has-post-thumbnail","7":"category-dorog","8":"category-hirek","9":"category-sport","10":"tag-dorog","11":"tag-dorogi-fc","12":"tag-foci","13":"tag-futball","14":"tag-labdarugas","15":"tag-nb-ii","16":"tag-siofok","17":"tag-sport"},"yoast_head":"<!-- This site is optimized with the Yoast SEO plugin v27.5 - https:\/\/yoast.com\/product\/yoast-seo-wordpress\/ -->\n<title>El\u0151sz\u00f6r hazai p\u00e1ly\u00e1n h\u00e9tk\u00f6zi m\u00e9rk\u0151z\u00e9sen<\/title>\n<meta name=\"robots\" content=\"index, follow, max-snippet:-1, max-image-preview:large, max-video-preview:-1\" \/>\n<link rel=\"canonical\" href=\"https:\/\/dorogimedence.hu\/index.php\/2019\/09\/17\/eloszor-hazai-palyan-hetkozi-merkozesen\/\" class=\"yoast-seo-meta-tag\" \/>\n<meta property=\"og:locale\" content=\"hu_HU\" class=\"yoast-seo-meta-tag\" \/>\n<meta property=\"og:type\" content=\"article\" class=\"yoast-seo-meta-tag\" \/>\n<meta property=\"og:title\" content=\"El\u0151sz\u00f6r hazai p\u00e1ly\u00e1n h\u00e9tk\u00f6zi m\u00e9rk\u0151z\u00e9sen\" class=\"yoast-seo-meta-tag\" \/>\n<meta property=\"og:description\" content=\"Szerd\u00e1n imm\u00e1r harmadszor rendeznek h\u00e9tk\u00f6zi fordul\u00f3t az idei szezonban. Csapatunk sorsol\u00e1sa eddig idegenben sz\u00f3l\u00edtott, most viszont idehaza l\u00e9phetnek p\u00e1ly\u00e1ra a bajnoks\u00e1g 9. fordul\u00f3ja jegy\u00e9ben &#8211; Szab\u00f3 Gyula cikke. Vas\u00e1rnap brav\u00farosnak mondhat\u00f3 gy\u0151zelemmel \u00f6rvendeztett\u00e9k meg h\u00edveiket a dorogiak. Gy\u0151rb\u0151l siker\u00fclt mindh\u00e1rom pontot hazahozni annak a Gyirm\u00f3t otthon\u00e1b\u00f3l, amely ellen eddig m\u00e9g&nbsp;pontot sem tudtak szerezni bajnokin. A\" class=\"yoast-seo-meta-tag\" \/>\n<meta property=\"og:url\" content=\"https:\/\/dorogimedence.hu\/index.php\/2019\/09\/17\/eloszor-hazai-palyan-hetkozi-merkozesen\/\" class=\"yoast-seo-meta-tag\" \/>\n<meta property=\"og:site_name\" content=\"Dorogi-medence Region\u00e1lis H\u00edrport\u00e1l\" class=\"yoast-seo-meta-tag\" \/>\n<meta property=\"article:publisher\" content=\"https:\/\/www.facebook.com\/dorogimedence\/\" class=\"yoast-seo-meta-tag\" \/>\n<meta property=\"article:published_time\" content=\"2019-09-17T07:53:58+00:00\" class=\"yoast-seo-meta-tag\" \/>\n<meta property=\"article:modified_time\" content=\"2019-09-17T07:55:12+00:00\" class=\"yoast-seo-meta-tag\" \/>\n<meta property=\"og:image\" content=\"https:\/\/i0.wp.com\/dorogimedence.hu\/wp-content\/uploads\/2019\/09\/dorog-siofok-01.jpg?fit=670%2C365&ssl=1\" class=\"yoast-seo-meta-tag\" \/>\n\t<meta property=\"og:image:width\" content=\"670\" class=\"yoast-seo-meta-tag\" \/>\n\t<meta property=\"og:image:height\" content=\"365\" class=\"yoast-seo-meta-tag\" \/>\n\t<meta property=\"og:image:type\" content=\"image\/jpeg\" class=\"yoast-seo-meta-tag\" \/>\n<meta name=\"author\" content=\"dorogimedence.hu\" class=\"yoast-seo-meta-tag\" \/>\n<meta name=\"twitter:card\" content=\"summary_large_image\" class=\"yoast-seo-meta-tag\" \/>\n<meta name=\"twitter:label1\" content=\"Szerz\u0151:\" class=\"yoast-seo-meta-tag\" \/>\n\t<meta name=\"twitter:data1\" content=\"dorogimedence.hu\" class=\"yoast-seo-meta-tag\" \/>\n\t<meta name=\"twitter:label2\" content=\"Becs\u00fclt olvas\u00e1si id\u0151\" class=\"yoast-seo-meta-tag\" \/>\n\t<meta name=\"twitter:data2\" content=\"4 perc\" class=\"yoast-seo-meta-tag\" \/>\n<script type=\"application\/ld+json\" class=\"yoast-schema-graph\">{\"@context\":\"https:\\\/\\\/schema.org\",\"@graph\":[{\"@type\":\"Article\",\"@id\":\"https:\\\/\\\/dorogimedence.hu\\\/index.php\\\/2019\\\/09\\\/17\\\/eloszor-hazai-palyan-hetkozi-merkozesen\\\/#article\",\"isPartOf\":{\"@id\":\"https:\\\/\\\/dorogimedence.hu\\\/index.php\\\/2019\\\/09\\\/17\\\/eloszor-hazai-palyan-hetkozi-merkozesen\\\/\"},\"author\":{\"name\":\"dorogimedence.hu\",\"@id\":\"https:\\\/\\\/dorogimedence.hu\\\/#\\\/schema\\\/person\\\/ce6091eeb7e95ecdc87890d6aa8e0fd4\"},\"headline\":\"El\u0151sz\u00f6r hazai p\u00e1ly\u00e1n h\u00e9tk\u00f6zi m\u00e9rk\u0151z\u00e9sen\",\"datePublished\":\"2019-09-17T07:53:58+00:00\",\"dateModified\":\"2019-09-17T07:55:12+00:00\",\"mainEntityOfPage\":{\"@id\":\"https:\\\/\\\/dorogimedence.hu\\\/index.php\\\/2019\\\/09\\\/17\\\/eloszor-hazai-palyan-hetkozi-merkozesen\\\/\"},\"wordCount\":846,\"publisher\":{\"@id\":\"https:\\\/\\\/dorogimedence.hu\\\/#organization\"},\"image\":{\"@id\":\"https:\\\/\\\/dorogimedence.hu\\\/index.php\\\/2019\\\/09\\\/17\\\/eloszor-hazai-palyan-hetkozi-merkozesen\\\/#primaryimage\"},\"thumbnailUrl\":\"https:\\\/\\\/dorogimedence.hu\\\/wp-content\\\/uploads\\\/2019\\\/09\\\/dorog-siofok-01.jpg\",\"keywords\":[\"Dorog\",\"Dorogi FC\",\"foci\",\"futball\",\"labdar\u00fag\u00e1s\",\"NB II\",\"Si\u00f3fok\",\"sport\"],\"articleSection\":[\"Dorog\",\"H\u00edrek\",\"Sport\"],\"inLanguage\":\"hu\"},{\"@type\":\"WebPage\",\"@id\":\"https:\\\/\\\/dorogimedence.hu\\\/index.php\\\/2019\\\/09\\\/17\\\/eloszor-hazai-palyan-hetkozi-merkozesen\\\/\",\"url\":\"https:\\\/\\\/dorogimedence.hu\\\/index.php\\\/2019\\\/09\\\/17\\\/eloszor-hazai-palyan-hetkozi-merkozesen\\\/\",\"name\":\"El\u0151sz\u00f6r hazai p\u00e1ly\u00e1n h\u00e9tk\u00f6zi m\u00e9rk\u0151z\u00e9sen\",\"isPartOf\":{\"@id\":\"https:\\\/\\\/dorogimedence.hu\\\/#website\"},\"primaryImageOfPage\":{\"@id\":\"https:\\\/\\\/dorogimedence.hu\\\/index.php\\\/2019\\\/09\\\/17\\\/eloszor-hazai-palyan-hetkozi-merkozesen\\\/#primaryimage\"},\"image\":{\"@id\":\"https:\\\/\\\/dorogimedence.hu\\\/index.php\\\/2019\\\/09\\\/17\\\/eloszor-hazai-palyan-hetkozi-merkozesen\\\/#primaryimage\"},\"thumbnailUrl\":\"https:\\\/\\\/dorogimedence.hu\\\/wp-content\\\/uploads\\\/2019\\\/09\\\/dorog-siofok-01.jpg\",\"datePublished\":\"2019-09-17T07:53:58+00:00\",\"dateModified\":\"2019-09-17T07:55:12+00:00\",\"breadcrumb\":{\"@id\":\"https:\\\/\\\/dorogimedence.hu\\\/index.php\\\/2019\\\/09\\\/17\\\/eloszor-hazai-palyan-hetkozi-merkozesen\\\/#breadcrumb\"},\"inLanguage\":\"hu\",\"potentialAction\":[{\"@type\":\"ReadAction\",\"target\":[\"https:\\\/\\\/dorogimedence.hu\\\/index.php\\\/2019\\\/09\\\/17\\\/eloszor-hazai-palyan-hetkozi-merkozesen\\\/\"]}]},{\"@type\":\"ImageObject\",\"inLanguage\":\"hu\",\"@id\":\"https:\\\/\\\/dorogimedence.hu\\\/index.php\\\/2019\\\/09\\\/17\\\/eloszor-hazai-palyan-hetkozi-merkozesen\\\/#primaryimage\",\"url\":\"https:\\\/\\\/dorogimedence.hu\\\/wp-content\\\/uploads\\\/2019\\\/09\\\/dorog-siofok-01.jpg\",\"contentUrl\":\"https:\\\/\\\/dorogimedence.hu\\\/wp-content\\\/uploads\\\/2019\\\/09\\\/dorog-siofok-01.jpg\",\"width\":670,\"height\":365},{\"@type\":\"BreadcrumbList\",\"@id\":\"https:\\\/\\\/dorogimedence.hu\\\/index.php\\\/2019\\\/09\\\/17\\\/eloszor-hazai-palyan-hetkozi-merkozesen\\\/#breadcrumb\",\"itemListElement\":[{\"@type\":\"ListItem\",\"position\":1,\"name\":\"Kezd\u0151lap\",\"item\":\"https:\\\/\\\/dorogimedence.hu\\\/\"},{\"@type\":\"ListItem\",\"position\":2,\"name\":\"El\u0151sz\u00f6r hazai p\u00e1ly\u00e1n h\u00e9tk\u00f6zi m\u00e9rk\u0151z\u00e9sen\"}]},{\"@type\":\"WebSite\",\"@id\":\"https:\\\/\\\/dorogimedence.hu\\\/#website\",\"url\":\"https:\\\/\\\/dorogimedence.hu\\\/\",\"name\":\"Dorogi-medence Region\u00e1lis H\u00edrport\u00e1l\",\"description\":\"Dorog, Keszt\u00f6lc, Le\u00e1nyv\u00e1r, Piliscs\u00e9v, Tokod, Tokodalt\u00e1r\u00f3, Csolnok, Esztergom-kertv\u00e1ros: h\u00edrek, programok\",\"publisher\":{\"@id\":\"https:\\\/\\\/dorogimedence.hu\\\/#organization\"},\"potentialAction\":[{\"@type\":\"SearchAction\",\"target\":{\"@type\":\"EntryPoint\",\"urlTemplate\":\"https:\\\/\\\/dorogimedence.hu\\\/?s={search_term_string}\"},\"query-input\":{\"@type\":\"PropertyValueSpecification\",\"valueRequired\":true,\"valueName\":\"search_term_string\"}}],\"inLanguage\":\"hu\"},{\"@type\":\"Organization\",\"@id\":\"https:\\\/\\\/dorogimedence.hu\\\/#organization\",\"name\":\"Dorogi-medence Region\u00e1lis H\u00edrport\u00e1l\",\"url\":\"https:\\\/\\\/dorogimedence.hu\\\/\",\"logo\":{\"@type\":\"ImageObject\",\"inLanguage\":\"hu\",\"@id\":\"https:\\\/\\\/dorogimedence.hu\\\/#\\\/schema\\\/logo\\\/image\\\/\",\"url\":\"https:\\\/\\\/dorogimedence.hu\\\/wp-content\\\/uploads\\\/2021\\\/04\\\/logo-feher-600.png\",\"contentUrl\":\"https:\\\/\\\/dorogimedence.hu\\\/wp-content\\\/uploads\\\/2021\\\/04\\\/logo-feher-600.png\",\"width\":600,\"height\":100,\"caption\":\"Dorogi-medence Region\u00e1lis H\u00edrport\u00e1l\"},\"image\":{\"@id\":\"https:\\\/\\\/dorogimedence.hu\\\/#\\\/schema\\\/logo\\\/image\\\/\"},\"sameAs\":[\"https:\\\/\\\/www.facebook.com\\\/dorogimedence\\\/\"]},{\"@type\":\"Person\",\"@id\":\"https:\\\/\\\/dorogimedence.hu\\\/#\\\/schema\\\/person\\\/ce6091eeb7e95ecdc87890d6aa8e0fd4\",\"name\":\"dorogimedence.hu\",\"image\":{\"@type\":\"ImageObject\",\"inLanguage\":\"hu\",\"@id\":\"\\\/\\\/www.gravatar.com\\\/avatar\\\/d8d45f8901aadff40a4af72c0b826f1d?s=96&#038;r=g&#038;d=mm\",\"url\":\"\\\/\\\/www.gravatar.com\\\/avatar\\\/d8d45f8901aadff40a4af72c0b826f1d?s=96&#038;r=g&#038;d=mm\",\"contentUrl\":\"\\\/\\\/www.gravatar.com\\\/avatar\\\/d8d45f8901aadff40a4af72c0b826f1d?s=96&#038;r=g&#038;d=mm\",\"caption\":\"dorogimedence.hu\"}}]}<\/script>\n<!-- \/ Yoast SEO plugin. -->","yoast_head_json":{"title":"El\u0151sz\u00f6r hazai p\u00e1ly\u00e1n h\u00e9tk\u00f6zi m\u00e9rk\u0151z\u00e9sen","robots":{"index":"index","follow":"follow","max-snippet":"max-snippet:-1","max-image-preview":"max-image-preview:large","max-video-preview":"max-video-preview:-1"},"canonical":"https:\/\/dorogimedence.hu\/index.php\/2019\/09\/17\/eloszor-hazai-palyan-hetkozi-merkozesen\/","og_locale":"hu_HU","og_type":"article","og_title":"El\u0151sz\u00f6r hazai p\u00e1ly\u00e1n h\u00e9tk\u00f6zi m\u00e9rk\u0151z\u00e9sen","og_description":"Szerd\u00e1n imm\u00e1r harmadszor rendeznek h\u00e9tk\u00f6zi fordul\u00f3t az idei szezonban. Csapatunk sorsol\u00e1sa eddig idegenben sz\u00f3l\u00edtott, most viszont idehaza l\u00e9phetnek p\u00e1ly\u00e1ra a bajnoks\u00e1g 9. fordul\u00f3ja jegy\u00e9ben &#8211; Szab\u00f3 Gyula cikke. Vas\u00e1rnap brav\u00farosnak mondhat\u00f3 gy\u0151zelemmel \u00f6rvendeztett\u00e9k meg h\u00edveiket a dorogiak. Gy\u0151rb\u0151l siker\u00fclt mindh\u00e1rom pontot hazahozni annak a Gyirm\u00f3t otthon\u00e1b\u00f3l, amely ellen eddig m\u00e9g&nbsp;pontot sem tudtak szerezni bajnokin. A","og_url":"https:\/\/dorogimedence.hu\/index.php\/2019\/09\/17\/eloszor-hazai-palyan-hetkozi-merkozesen\/","og_site_name":"Dorogi-medence Region\u00e1lis H\u00edrport\u00e1l","article_publisher":"https:\/\/www.facebook.com\/dorogimedence\/","article_published_time":"2019-09-17T07:53:58+00:00","article_modified_time":"2019-09-17T07:55:12+00:00","og_image":[{"width":670,"height":365,"url":"https:\/\/i0.wp.com\/dorogimedence.hu\/wp-content\/uploads\/2019\/09\/dorog-siofok-01.jpg?fit=670%2C365&ssl=1","type":"image\/jpeg"}],"author":"dorogimedence.hu","twitter_card":"summary_large_image","twitter_misc":{"Szerz\u0151:":"dorogimedence.hu","Becs\u00fclt olvas\u00e1si id\u0151":"4 perc"},"schema":{"@context":"https:\/\/schema.org","@graph":[{"@type":"Article","@id":"https:\/\/dorogimedence.hu\/index.php\/2019\/09\/17\/eloszor-hazai-palyan-hetkozi-merkozesen\/#article","isPartOf":{"@id":"https:\/\/dorogimedence.hu\/index.php\/2019\/09\/17\/eloszor-hazai-palyan-hetkozi-merkozesen\/"},"author":{"name":"dorogimedence.hu","@id":"https:\/\/dorogimedence.hu\/#\/schema\/person\/ce6091eeb7e95ecdc87890d6aa8e0fd4"},"headline":"El\u0151sz\u00f6r hazai p\u00e1ly\u00e1n h\u00e9tk\u00f6zi m\u00e9rk\u0151z\u00e9sen","datePublished":"2019-09-17T07:53:58+00:00","dateModified":"2019-09-17T07:55:12+00:00","mainEntityOfPage":{"@id":"https:\/\/dorogimedence.hu\/index.php\/2019\/09\/17\/eloszor-hazai-palyan-hetkozi-merkozesen\/"},"wordCount":846,"publisher":{"@id":"https:\/\/dorogimedence.hu\/#organization"},"image":{"@id":"https:\/\/dorogimedence.hu\/index.php\/2019\/09\/17\/eloszor-hazai-palyan-hetkozi-merkozesen\/#primaryimage"},"thumbnailUrl":"https:\/\/dorogimedence.hu\/wp-content\/uploads\/2019\/09\/dorog-siofok-01.jpg","keywords":["Dorog","Dorogi FC","foci","futball","labdar\u00fag\u00e1s","NB II","Si\u00f3fok","sport"],"articleSection":["Dorog","H\u00edrek","Sport"],"inLanguage":"hu"},{"@type":"WebPage","@id":"https:\/\/dorogimedence.hu\/index.php\/2019\/09\/17\/eloszor-hazai-palyan-hetkozi-merkozesen\/","url":"https:\/\/dorogimedence.hu\/index.php\/2019\/09\/17\/eloszor-hazai-palyan-hetkozi-merkozesen\/","name":"El\u0151sz\u00f6r hazai p\u00e1ly\u00e1n h\u00e9tk\u00f6zi m\u00e9rk\u0151z\u00e9sen","isPartOf":{"@id":"https:\/\/dorogimedence.hu\/#website"},"primaryImageOfPage":{"@id":"https:\/\/dorogimedence.hu\/index.php\/2019\/09\/17\/eloszor-hazai-palyan-hetkozi-merkozesen\/#primaryimage"},"image":{"@id":"https:\/\/dorogimedence.hu\/index.php\/2019\/09\/17\/eloszor-hazai-palyan-hetkozi-merkozesen\/#primaryimage"},"thumbnailUrl":"https:\/\/dorogimedence.hu\/wp-content\/uploads\/2019\/09\/dorog-siofok-01.jpg","datePublished":"2019-09-17T07:53:58+00:00","dateModified":"2019-09-17T07:55:12+00:00","breadcrumb":{"@id":"https:\/\/dorogimedence.hu\/index.php\/2019\/09\/17\/eloszor-hazai-palyan-hetkozi-merkozesen\/#breadcrumb"},"inLanguage":"hu","potentialAction":[{"@type":"ReadAction","target":["https:\/\/dorogimedence.hu\/index.php\/2019\/09\/17\/eloszor-hazai-palyan-hetkozi-merkozesen\/"]}]},{"@type":"ImageObject","inLanguage":"hu","@id":"https:\/\/dorogimedence.hu\/index.php\/2019\/09\/17\/eloszor-hazai-palyan-hetkozi-merkozesen\/#primaryimage","url":"https:\/\/dorogimedence.hu\/wp-content\/uploads\/2019\/09\/dorog-siofok-01.jpg","contentUrl":"https:\/\/dorogimedence.hu\/wp-content\/uploads\/2019\/09\/dorog-siofok-01.jpg","width":670,"height":365},{"@type":"BreadcrumbList","@id":"https:\/\/dorogimedence.hu\/index.php\/2019\/09\/17\/eloszor-hazai-palyan-hetkozi-merkozesen\/#breadcrumb","itemListElement":[{"@type":"ListItem","position":1,"name":"Kezd\u0151lap","item":"https:\/\/dorogimedence.hu\/"},{"@type":"ListItem","position":2,"name":"El\u0151sz\u00f6r hazai p\u00e1ly\u00e1n h\u00e9tk\u00f6zi m\u00e9rk\u0151z\u00e9sen"}]},{"@type":"WebSite","@id":"https:\/\/dorogimedence.hu\/#website","url":"https:\/\/dorogimedence.hu\/","name":"Dorogi-medence Region\u00e1lis H\u00edrport\u00e1l","description":"Dorog, Keszt\u00f6lc, Le\u00e1nyv\u00e1r, Piliscs\u00e9v, Tokod, Tokodalt\u00e1r\u00f3, Csolnok, Esztergom-kertv\u00e1ros: h\u00edrek, programok","publisher":{"@id":"https:\/\/dorogimedence.hu\/#organization"},"potentialAction":[{"@type":"SearchAction","target":{"@type":"EntryPoint","urlTemplate":"https:\/\/dorogimedence.hu\/?s={search_term_string}"},"query-input":{"@type":"PropertyValueSpecification","valueRequired":true,"valueName":"search_term_string"}}],"inLanguage":"hu"},{"@type":"Organization","@id":"https:\/\/dorogimedence.hu\/#organization","name":"Dorogi-medence Region\u00e1lis H\u00edrport\u00e1l","url":"https:\/\/dorogimedence.hu\/","logo":{"@type":"ImageObject","inLanguage":"hu","@id":"https:\/\/dorogimedence.hu\/#\/schema\/logo\/image\/","url":"https:\/\/dorogimedence.hu\/wp-content\/uploads\/2021\/04\/logo-feher-600.png","contentUrl":"https:\/\/dorogimedence.hu\/wp-content\/uploads\/2021\/04\/logo-feher-600.png","width":600,"height":100,"caption":"Dorogi-medence Region\u00e1lis H\u00edrport\u00e1l"},"image":{"@id":"https:\/\/dorogimedence.hu\/#\/schema\/logo\/image\/"},"sameAs":["https:\/\/www.facebook.com\/dorogimedence\/"]},{"@type":"Person","@id":"https:\/\/dorogimedence.hu\/#\/schema\/person\/ce6091eeb7e95ecdc87890d6aa8e0fd4","name":"dorogimedence.hu","image":{"@type":"ImageObject","inLanguage":"hu","@id":"\/\/www.gravatar.com\/avatar\/d8d45f8901aadff40a4af72c0b826f1d?s=96&#038;r=g&#038;d=mm","url":"\/\/www.gravatar.com\/avatar\/d8d45f8901aadff40a4af72c0b826f1d?s=96&#038;r=g&#038;d=mm","contentUrl":"\/\/www.gravatar.com\/avatar\/d8d45f8901aadff40a4af72c0b826f1d?s=96&#038;r=g&#038;d=mm","caption":"dorogimedence.hu"}}]}},"_links":{"self":[{"href":"https:\/\/dorogimedence.hu\/index.php\/wp-json\/wp\/v2\/posts\/19556","targetHints":{"allow":["GET"]}}],"collection":[{"href":"https:\/\/dorogimedence.hu\/index.php\/wp-json\/wp\/v2\/posts"}],"about":[{"href":"https:\/\/dorogimedence.hu\/index.php\/wp-json\/wp\/v2\/types\/post"}],"author":[{"embeddable":true,"href":"https:\/\/dorogimedence.hu\/index.php\/wp-json\/wp\/v2\/users\/1"}],"replies":[{"embeddable":true,"href":"https:\/\/dorogimedence.hu\/index.php\/wp-json\/wp\/v2\/comments?post=19556"}],"version-history":[{"count":0,"href":"https:\/\/dorogimedence.hu\/index.php\/wp-json\/wp\/v2\/posts\/19556\/revisions"}],"wp:featuredmedia":[{"embeddable":true,"href":"https:\/\/dorogimedence.hu\/index.php\/wp-json\/wp\/v2\/media\/19557"}],"wp:attachment":[{"href":"https:\/\/dorogimedence.hu\/index.php\/wp-json\/wp\/v2\/media?parent=19556"}],"wp:term":[{"taxonomy":"category","embeddable":true,"href":"https:\/\/dorogimedence.hu\/index.php\/wp-json\/wp\/v2\/categories?post=19556"},{"taxonomy":"post_tag","embeddable":true,"href":"https:\/\/dorogimedence.hu\/index.php\/wp-json\/wp\/v2\/tags?post=19556"}],"curies":[{"name":"wp","href":"https:\/\/api.w.org\/{rel}","templated":true}]}}