{"id":19554,"date":"2019-09-17T09:24:18","date_gmt":"2019-09-17T07:24:18","guid":{"rendered":"http:\/\/dorogimedence.hu\/?p=19554"},"modified":"2019-09-17T09:24:18","modified_gmt":"2019-09-17T07:24:18","slug":"felfuggesztettet-kapott-a-hirhedt-anya-fia-paros","status":"publish","type":"post","link":"https:\/\/dorogimedence.hu\/index.php\/2019\/09\/17\/felfuggesztettet-kapott-a-hirhedt-anya-fia-paros\/","title":{"rendered":"Felf\u00fcggesztettet kapott a h\u00edrhedt anya-fia p\u00e1ros"},"content":{"rendered":"<p><strong>Sok volt a marg\u00f3j\u00e1n a h\u00edrhedt <a href=\"https:\/\/dorogimedence.hu\/index.php\/2019\/07\/25\/horogkereszttel-es-elpusztult-macskaval-fenyegetozott-anya-es-fia\/\" target=\"_blank\" rel=\"noopener noreferrer\"><span style=\"text-decoration: underline; color: #0000ff;\">anya-fia p\u00e1ros<\/span><\/a>nak: rong\u00e1l\u00e1s, zaklat\u00e1s, szem\u00e9lyes adattal vissza\u00e9l\u00e9s, r\u00e1galmaz\u00e1s, valamint \u00f6nk\u00e9nyuralmi jelk\u00e9p haszn\u00e1lata miatt folytattak ellen\u00fck elj\u00e1r\u00e1st. Nem joger\u0151sen felf\u00fcggesztett szabads\u00e1gveszt\u00e9sre \u00edt\u00e9lt\u00e9k \u0151ket.<\/strong><\/p>\n<p>Az els\u0151rend\u0171 v\u00e1dlottban \u00e9s fi\u00e1ban, a m\u00e1sodrend\u0171 v\u00e1dlottban az a t\u00e9ves feltev\u00e9s alakult ki, hogy a s\u00e9rtett \u201ehekkerkedik\u201d ellen\u00fck, az interneten \u201emocskolja\u201d \u0151ket. A v\u00e1dlottakban ez a t\u00e9ves feltev\u00e9s egyre jobban elhatalmasodott, ez\u00e9rt elhat\u00e1rozt\u00e1k, hogy megbosszulj\u00e1k a s\u00e9rtetten. 2018. \u00e9v m\u00e1jus v\u00e9g\u00e9t\u0151l kezd\u0151d\u0151en 2018. \u00e9v augusztus\u00e1ig heti rendszeress\u00e9ggel megjelentek a s\u00e9rtett munkahely\u00e9n, egy esztergomi \u00fczletben \u00e9s ott az els\u0151rend\u0171 v\u00e1dlott szidalmazta, fenyegette a s\u00e9rtettet, jellemz\u0151en ribancnak nevezte. Els\u0151rend\u0171 v\u00e1dlott a k\u00f6z\u00f6ss\u00e9gi oldalakon, valamint internetes vide\u00f3megoszt\u00f3 port\u00e1lokon a s\u00e9rtett nev\u00e9ben, adatait felhaszn\u00e1lva \u00e1lprofilokat hozott l\u00e9tre, meg\u00f6l\u00e9ssel fenyegette a s\u00e9rtettet \u00e9s csal\u00e1dj\u00e1t. Az els\u0151rend\u0171 v\u00e1dlott 2019. janu\u00e1r 17-\u00e9n reggel a s\u00e9rtett lak\u00f3h\u00e1z\u00e1n\u00e1l megjelent \u00e9s az udvarban parkol\u00f3 g\u00e9pkocsit fest\u00e9kkel le\u00f6nt\u00f6tte, a g\u00e9pkocsi k\u00f6zel\u00e9be pedig egy elpusztult macsk\u00e1t, valamint 2 darab pap\u00edrlapot is bedobott, amelyre \u00fajs\u00e1gb\u00f3l kiv\u00e1gott sz\u00ednes bet\u0171kb\u0151l fenyeget\u0151 tartalm\u00fa \u00fczenet volt ragasztva. A m\u00e1sodrend\u0171 v\u00e1dlott 2019. febru\u00e1r 16-\u00e1n d\u00e9lut\u00e1n a s\u00e9rtett lak\u00f3hely\u00e9n\u00e9l, az udvarba egy \u00e1tl\u00e1tsz\u00f3 kors\u00f3t dobott be, abban sz\u0151ke sz\u00edn\u0171 hajszer\u0171 k\u00f3ccal, valamint mintegy k\u00e9tmar\u00e9knyi \u00f6tforintos p\u00e9nz\u00e9rm\u00e9t. Az ingatlan gar\u00e1zsa feletti k\u0151burkolatra \u00e9s az ingatlan ker\u00edt\u00e9s\u00e9re pedig t\u00f6bb horogkeresztet festett, \u00e9s az ingatlan bej\u00e1rati kapuj\u00e1n\u00e1l l\u00e9v\u0151 ter\u00fcletet n\u00e1trium-hidroxiddal sz\u00f3rta k\u00f6rbe. A m\u00e1sodrend\u0171 v\u00e1dlott a rong\u00e1l\u00e1ssal 2.769.309,- Ft \u00f6sszeg\u0171 k\u00e1rt okozott a s\u00e9rtettnek.<\/p>\n<p>Az Esztergomi J\u00e1r\u00e1sb\u00edr\u00f3s\u00e1gon 2019. szeptember 17\u2013\u00e9n megtartott el\u0151k\u00e9sz\u00edt\u0151 \u00fcl\u00e9sen a b\u00edr\u00f3s\u00e1g a v\u00e1dlottakat 2-2 \u00e9v \u2013 5-5 \u00e9vre felf\u00fcggesztett \u2013 szabads\u00e1gveszt\u00e9sre \u00edt\u00e9lte.<\/p>\n<p>Az \u00edt\u00e9let nem joger\u0151s, a v\u00e1dlottak enyh\u00edt\u00e9s\u00e9rt fellebbeztek, az \u00fcgy\u00e9sz pedig 3 nap gondolkod\u00e1si id\u0151t tartott fenn.<\/p>\n<p><em>Tatab\u00e1nyai T\u00f6rv\u00e9nysz\u00e9k Sajt\u00f3 \/ dorogimedence.hu<\/em><\/p>\n","protected":false},"excerpt":{"rendered":"<p>Sok volt a marg\u00f3j\u00e1n a h\u00edrhedt anya-fia p\u00e1rosnak: rong\u00e1l\u00e1s, zaklat\u00e1s, szem\u00e9lyes adattal vissza\u00e9l\u00e9s, r\u00e1galmaz\u00e1s, valamint \u00f6nk\u00e9nyuralmi jelk\u00e9p haszn\u00e1lata miatt folytattak ellen\u00fck elj\u00e1r\u00e1st. Nem joger\u0151sen felf\u00fcggesztett szabads\u00e1gveszt\u00e9sre \u00edt\u00e9lt\u00e9k \u0151ket. Az els\u0151rend\u0171 v\u00e1dlottban \u00e9s fi\u00e1ban, a m\u00e1sodrend\u0171 v\u00e1dlottban az a t\u00e9ves feltev\u00e9s alakult ki, hogy a s\u00e9rtett \u201ehekkerkedik\u201d ellen\u00fck, az interneten \u201emocskolja\u201d \u0151ket. A v\u00e1dlottakban ez a<\/p>\n","protected":false},"author":1,"featured_media":0,"comment_status":"closed","ping_status":"closed","sticky":false,"template":"","format":"standard","meta":{"ngg_post_thumbnail":0,"footnotes":""},"categories":[38,3,39],"tags":[1042,63,1346,326],"class_list":{"0":"post-19554","1":"post","2":"type-post","3":"status-publish","4":"format-standard","6":"category-esztergom","7":"category-hirek","8":"category-kek-hirek","9":"tag-birosag","10":"tag-buncselekmeny","11":"tag-itelet","12":"tag-ugyeszseg"},"yoast_head":"<!-- This site is optimized with the Yoast SEO plugin v27.5 - https:\/\/yoast.com\/product\/yoast-seo-wordpress\/ -->\n<title>Felf\u00fcggesztettet kapott a h\u00edrhedt anya-fia p\u00e1ros<\/title>\n<meta name=\"robots\" content=\"index, follow, max-snippet:-1, max-image-preview:large, max-video-preview:-1\" \/>\n<link rel=\"canonical\" href=\"https:\/\/dorogimedence.hu\/index.php\/2019\/09\/17\/felfuggesztettet-kapott-a-hirhedt-anya-fia-paros\/\" class=\"yoast-seo-meta-tag\" \/>\n<meta property=\"og:locale\" content=\"hu_HU\" class=\"yoast-seo-meta-tag\" \/>\n<meta property=\"og:type\" content=\"article\" class=\"yoast-seo-meta-tag\" \/>\n<meta property=\"og:title\" content=\"Felf\u00fcggesztettet kapott a h\u00edrhedt anya-fia p\u00e1ros\" class=\"yoast-seo-meta-tag\" \/>\n<meta property=\"og:description\" content=\"Sok volt a marg\u00f3j\u00e1n a h\u00edrhedt anya-fia p\u00e1rosnak: rong\u00e1l\u00e1s, zaklat\u00e1s, szem\u00e9lyes adattal vissza\u00e9l\u00e9s, r\u00e1galmaz\u00e1s, valamint \u00f6nk\u00e9nyuralmi jelk\u00e9p haszn\u00e1lata miatt folytattak ellen\u00fck elj\u00e1r\u00e1st. Nem joger\u0151sen felf\u00fcggesztett szabads\u00e1gveszt\u00e9sre \u00edt\u00e9lt\u00e9k \u0151ket. Az els\u0151rend\u0171 v\u00e1dlottban \u00e9s fi\u00e1ban, a m\u00e1sodrend\u0171 v\u00e1dlottban az a t\u00e9ves feltev\u00e9s alakult ki, hogy a s\u00e9rtett \u201ehekkerkedik\u201d ellen\u00fck, az interneten \u201emocskolja\u201d \u0151ket. A v\u00e1dlottakban ez a\" class=\"yoast-seo-meta-tag\" \/>\n<meta property=\"og:url\" content=\"https:\/\/dorogimedence.hu\/index.php\/2019\/09\/17\/felfuggesztettet-kapott-a-hirhedt-anya-fia-paros\/\" class=\"yoast-seo-meta-tag\" \/>\n<meta property=\"og:site_name\" content=\"Dorogi-medence Region\u00e1lis H\u00edrport\u00e1l\" class=\"yoast-seo-meta-tag\" \/>\n<meta property=\"article:publisher\" content=\"https:\/\/www.facebook.com\/dorogimedence\/\" class=\"yoast-seo-meta-tag\" \/>\n<meta property=\"article:published_time\" content=\"2019-09-17T07:24:18+00:00\" class=\"yoast-seo-meta-tag\" \/>\n<meta property=\"og:image\" content=\"https:\/\/i0.wp.com\/dorogimedence.hu\/wp-content\/uploads\/2017\/07\/birosag-01.jpg?fit=670%2C365&ssl=1\" class=\"yoast-seo-meta-tag\" \/>\n\t<meta property=\"og:image:width\" content=\"670\" class=\"yoast-seo-meta-tag\" \/>\n\t<meta property=\"og:image:height\" content=\"365\" class=\"yoast-seo-meta-tag\" \/>\n\t<meta property=\"og:image:type\" content=\"image\/jpeg\" class=\"yoast-seo-meta-tag\" \/>\n<meta name=\"author\" content=\"dorogimedence.hu\" class=\"yoast-seo-meta-tag\" \/>\n<meta name=\"twitter:card\" content=\"summary_large_image\" class=\"yoast-seo-meta-tag\" \/>\n<meta name=\"twitter:label1\" content=\"Szerz\u0151:\" class=\"yoast-seo-meta-tag\" \/>\n\t<meta name=\"twitter:data1\" content=\"dorogimedence.hu\" class=\"yoast-seo-meta-tag\" \/>\n\t<meta name=\"twitter:label2\" content=\"Becs\u00fclt olvas\u00e1si id\u0151\" class=\"yoast-seo-meta-tag\" \/>\n\t<meta name=\"twitter:data2\" content=\"2 perc\" class=\"yoast-seo-meta-tag\" \/>\n<script type=\"application\/ld+json\" class=\"yoast-schema-graph\">{\"@context\":\"https:\\\/\\\/schema.org\",\"@graph\":[{\"@type\":\"Article\",\"@id\":\"https:\\\/\\\/dorogimedence.hu\\\/index.php\\\/2019\\\/09\\\/17\\\/felfuggesztettet-kapott-a-hirhedt-anya-fia-paros\\\/#article\",\"isPartOf\":{\"@id\":\"https:\\\/\\\/dorogimedence.hu\\\/index.php\\\/2019\\\/09\\\/17\\\/felfuggesztettet-kapott-a-hirhedt-anya-fia-paros\\\/\"},\"author\":{\"name\":\"dorogimedence.hu\",\"@id\":\"https:\\\/\\\/dorogimedence.hu\\\/#\\\/schema\\\/person\\\/ce6091eeb7e95ecdc87890d6aa8e0fd4\"},\"headline\":\"Felf\u00fcggesztettet kapott a h\u00edrhedt anya-fia p\u00e1ros\",\"datePublished\":\"2019-09-17T07:24:18+00:00\",\"mainEntityOfPage\":{\"@id\":\"https:\\\/\\\/dorogimedence.hu\\\/index.php\\\/2019\\\/09\\\/17\\\/felfuggesztettet-kapott-a-hirhedt-anya-fia-paros\\\/\"},\"wordCount\":431,\"publisher\":{\"@id\":\"https:\\\/\\\/dorogimedence.hu\\\/#organization\"},\"keywords\":[\"b\u00edr\u00f3s\u00e1g\",\"b\u0171ncselekm\u00e9ny\",\"\u00edt\u00e9let\",\"\u00fcgy\u00e9szs\u00e9g\"],\"articleSection\":[\"Esztergom\",\"H\u00edrek\",\"K\u00e9k h\u00edrek\"],\"inLanguage\":\"hu\"},{\"@type\":\"WebPage\",\"@id\":\"https:\\\/\\\/dorogimedence.hu\\\/index.php\\\/2019\\\/09\\\/17\\\/felfuggesztettet-kapott-a-hirhedt-anya-fia-paros\\\/\",\"url\":\"https:\\\/\\\/dorogimedence.hu\\\/index.php\\\/2019\\\/09\\\/17\\\/felfuggesztettet-kapott-a-hirhedt-anya-fia-paros\\\/\",\"name\":\"Felf\u00fcggesztettet kapott a h\u00edrhedt anya-fia p\u00e1ros\",\"isPartOf\":{\"@id\":\"https:\\\/\\\/dorogimedence.hu\\\/#website\"},\"datePublished\":\"2019-09-17T07:24:18+00:00\",\"breadcrumb\":{\"@id\":\"https:\\\/\\\/dorogimedence.hu\\\/index.php\\\/2019\\\/09\\\/17\\\/felfuggesztettet-kapott-a-hirhedt-anya-fia-paros\\\/#breadcrumb\"},\"inLanguage\":\"hu\",\"potentialAction\":[{\"@type\":\"ReadAction\",\"target\":[\"https:\\\/\\\/dorogimedence.hu\\\/index.php\\\/2019\\\/09\\\/17\\\/felfuggesztettet-kapott-a-hirhedt-anya-fia-paros\\\/\"]}]},{\"@type\":\"BreadcrumbList\",\"@id\":\"https:\\\/\\\/dorogimedence.hu\\\/index.php\\\/2019\\\/09\\\/17\\\/felfuggesztettet-kapott-a-hirhedt-anya-fia-paros\\\/#breadcrumb\",\"itemListElement\":[{\"@type\":\"ListItem\",\"position\":1,\"name\":\"Kezd\u0151lap\",\"item\":\"https:\\\/\\\/dorogimedence.hu\\\/\"},{\"@type\":\"ListItem\",\"position\":2,\"name\":\"Felf\u00fcggesztettet kapott a h\u00edrhedt anya-fia p\u00e1ros\"}]},{\"@type\":\"WebSite\",\"@id\":\"https:\\\/\\\/dorogimedence.hu\\\/#website\",\"url\":\"https:\\\/\\\/dorogimedence.hu\\\/\",\"name\":\"Dorogi-medence Region\u00e1lis H\u00edrport\u00e1l\",\"description\":\"Dorog, Keszt\u00f6lc, Le\u00e1nyv\u00e1r, Piliscs\u00e9v, Tokod, Tokodalt\u00e1r\u00f3, Csolnok, Esztergom-kertv\u00e1ros: h\u00edrek, programok\",\"publisher\":{\"@id\":\"https:\\\/\\\/dorogimedence.hu\\\/#organization\"},\"potentialAction\":[{\"@type\":\"SearchAction\",\"target\":{\"@type\":\"EntryPoint\",\"urlTemplate\":\"https:\\\/\\\/dorogimedence.hu\\\/?s={search_term_string}\"},\"query-input\":{\"@type\":\"PropertyValueSpecification\",\"valueRequired\":true,\"valueName\":\"search_term_string\"}}],\"inLanguage\":\"hu\"},{\"@type\":\"Organization\",\"@id\":\"https:\\\/\\\/dorogimedence.hu\\\/#organization\",\"name\":\"Dorogi-medence Region\u00e1lis H\u00edrport\u00e1l\",\"url\":\"https:\\\/\\\/dorogimedence.hu\\\/\",\"logo\":{\"@type\":\"ImageObject\",\"inLanguage\":\"hu\",\"@id\":\"https:\\\/\\\/dorogimedence.hu\\\/#\\\/schema\\\/logo\\\/image\\\/\",\"url\":\"https:\\\/\\\/dorogimedence.hu\\\/wp-content\\\/uploads\\\/2021\\\/04\\\/logo-feher-600.png\",\"contentUrl\":\"https:\\\/\\\/dorogimedence.hu\\\/wp-content\\\/uploads\\\/2021\\\/04\\\/logo-feher-600.png\",\"width\":600,\"height\":100,\"caption\":\"Dorogi-medence Region\u00e1lis H\u00edrport\u00e1l\"},\"image\":{\"@id\":\"https:\\\/\\\/dorogimedence.hu\\\/#\\\/schema\\\/logo\\\/image\\\/\"},\"sameAs\":[\"https:\\\/\\\/www.facebook.com\\\/dorogimedence\\\/\"]},{\"@type\":\"Person\",\"@id\":\"https:\\\/\\\/dorogimedence.hu\\\/#\\\/schema\\\/person\\\/ce6091eeb7e95ecdc87890d6aa8e0fd4\",\"name\":\"dorogimedence.hu\",\"image\":{\"@type\":\"ImageObject\",\"inLanguage\":\"hu\",\"@id\":\"\\\/\\\/www.gravatar.com\\\/avatar\\\/d8d45f8901aadff40a4af72c0b826f1d?s=96&#038;r=g&#038;d=mm\",\"url\":\"\\\/\\\/www.gravatar.com\\\/avatar\\\/d8d45f8901aadff40a4af72c0b826f1d?s=96&#038;r=g&#038;d=mm\",\"contentUrl\":\"\\\/\\\/www.gravatar.com\\\/avatar\\\/d8d45f8901aadff40a4af72c0b826f1d?s=96&#038;r=g&#038;d=mm\",\"caption\":\"dorogimedence.hu\"}}]}<\/script>\n<!-- \/ Yoast SEO plugin. -->","yoast_head_json":{"title":"Felf\u00fcggesztettet kapott a h\u00edrhedt anya-fia p\u00e1ros","robots":{"index":"index","follow":"follow","max-snippet":"max-snippet:-1","max-image-preview":"max-image-preview:large","max-video-preview":"max-video-preview:-1"},"canonical":"https:\/\/dorogimedence.hu\/index.php\/2019\/09\/17\/felfuggesztettet-kapott-a-hirhedt-anya-fia-paros\/","og_locale":"hu_HU","og_type":"article","og_title":"Felf\u00fcggesztettet kapott a h\u00edrhedt anya-fia p\u00e1ros","og_description":"Sok volt a marg\u00f3j\u00e1n a h\u00edrhedt anya-fia p\u00e1rosnak: rong\u00e1l\u00e1s, zaklat\u00e1s, szem\u00e9lyes adattal vissza\u00e9l\u00e9s, r\u00e1galmaz\u00e1s, valamint \u00f6nk\u00e9nyuralmi jelk\u00e9p haszn\u00e1lata miatt folytattak ellen\u00fck elj\u00e1r\u00e1st. Nem joger\u0151sen felf\u00fcggesztett szabads\u00e1gveszt\u00e9sre \u00edt\u00e9lt\u00e9k \u0151ket. Az els\u0151rend\u0171 v\u00e1dlottban \u00e9s fi\u00e1ban, a m\u00e1sodrend\u0171 v\u00e1dlottban az a t\u00e9ves feltev\u00e9s alakult ki, hogy a s\u00e9rtett \u201ehekkerkedik\u201d ellen\u00fck, az interneten \u201emocskolja\u201d \u0151ket. A v\u00e1dlottakban ez a","og_url":"https:\/\/dorogimedence.hu\/index.php\/2019\/09\/17\/felfuggesztettet-kapott-a-hirhedt-anya-fia-paros\/","og_site_name":"Dorogi-medence Region\u00e1lis H\u00edrport\u00e1l","article_publisher":"https:\/\/www.facebook.com\/dorogimedence\/","article_published_time":"2019-09-17T07:24:18+00:00","og_image":[{"width":670,"height":365,"url":"https:\/\/i0.wp.com\/dorogimedence.hu\/wp-content\/uploads\/2017\/07\/birosag-01.jpg?fit=670%2C365&ssl=1","type":"image\/jpeg"}],"author":"dorogimedence.hu","twitter_card":"summary_large_image","twitter_misc":{"Szerz\u0151:":"dorogimedence.hu","Becs\u00fclt olvas\u00e1si id\u0151":"2 perc"},"schema":{"@context":"https:\/\/schema.org","@graph":[{"@type":"Article","@id":"https:\/\/dorogimedence.hu\/index.php\/2019\/09\/17\/felfuggesztettet-kapott-a-hirhedt-anya-fia-paros\/#article","isPartOf":{"@id":"https:\/\/dorogimedence.hu\/index.php\/2019\/09\/17\/felfuggesztettet-kapott-a-hirhedt-anya-fia-paros\/"},"author":{"name":"dorogimedence.hu","@id":"https:\/\/dorogimedence.hu\/#\/schema\/person\/ce6091eeb7e95ecdc87890d6aa8e0fd4"},"headline":"Felf\u00fcggesztettet kapott a h\u00edrhedt anya-fia p\u00e1ros","datePublished":"2019-09-17T07:24:18+00:00","mainEntityOfPage":{"@id":"https:\/\/dorogimedence.hu\/index.php\/2019\/09\/17\/felfuggesztettet-kapott-a-hirhedt-anya-fia-paros\/"},"wordCount":431,"publisher":{"@id":"https:\/\/dorogimedence.hu\/#organization"},"keywords":["b\u00edr\u00f3s\u00e1g","b\u0171ncselekm\u00e9ny","\u00edt\u00e9let","\u00fcgy\u00e9szs\u00e9g"],"articleSection":["Esztergom","H\u00edrek","K\u00e9k h\u00edrek"],"inLanguage":"hu"},{"@type":"WebPage","@id":"https:\/\/dorogimedence.hu\/index.php\/2019\/09\/17\/felfuggesztettet-kapott-a-hirhedt-anya-fia-paros\/","url":"https:\/\/dorogimedence.hu\/index.php\/2019\/09\/17\/felfuggesztettet-kapott-a-hirhedt-anya-fia-paros\/","name":"Felf\u00fcggesztettet kapott a h\u00edrhedt anya-fia p\u00e1ros","isPartOf":{"@id":"https:\/\/dorogimedence.hu\/#website"},"datePublished":"2019-09-17T07:24:18+00:00","breadcrumb":{"@id":"https:\/\/dorogimedence.hu\/index.php\/2019\/09\/17\/felfuggesztettet-kapott-a-hirhedt-anya-fia-paros\/#breadcrumb"},"inLanguage":"hu","potentialAction":[{"@type":"ReadAction","target":["https:\/\/dorogimedence.hu\/index.php\/2019\/09\/17\/felfuggesztettet-kapott-a-hirhedt-anya-fia-paros\/"]}]},{"@type":"BreadcrumbList","@id":"https:\/\/dorogimedence.hu\/index.php\/2019\/09\/17\/felfuggesztettet-kapott-a-hirhedt-anya-fia-paros\/#breadcrumb","itemListElement":[{"@type":"ListItem","position":1,"name":"Kezd\u0151lap","item":"https:\/\/dorogimedence.hu\/"},{"@type":"ListItem","position":2,"name":"Felf\u00fcggesztettet kapott a h\u00edrhedt anya-fia p\u00e1ros"}]},{"@type":"WebSite","@id":"https:\/\/dorogimedence.hu\/#website","url":"https:\/\/dorogimedence.hu\/","name":"Dorogi-medence Region\u00e1lis H\u00edrport\u00e1l","description":"Dorog, Keszt\u00f6lc, Le\u00e1nyv\u00e1r, Piliscs\u00e9v, Tokod, Tokodalt\u00e1r\u00f3, Csolnok, Esztergom-kertv\u00e1ros: h\u00edrek, programok","publisher":{"@id":"https:\/\/dorogimedence.hu\/#organization"},"potentialAction":[{"@type":"SearchAction","target":{"@type":"EntryPoint","urlTemplate":"https:\/\/dorogimedence.hu\/?s={search_term_string}"},"query-input":{"@type":"PropertyValueSpecification","valueRequired":true,"valueName":"search_term_string"}}],"inLanguage":"hu"},{"@type":"Organization","@id":"https:\/\/dorogimedence.hu\/#organization","name":"Dorogi-medence Region\u00e1lis H\u00edrport\u00e1l","url":"https:\/\/dorogimedence.hu\/","logo":{"@type":"ImageObject","inLanguage":"hu","@id":"https:\/\/dorogimedence.hu\/#\/schema\/logo\/image\/","url":"https:\/\/dorogimedence.hu\/wp-content\/uploads\/2021\/04\/logo-feher-600.png","contentUrl":"https:\/\/dorogimedence.hu\/wp-content\/uploads\/2021\/04\/logo-feher-600.png","width":600,"height":100,"caption":"Dorogi-medence Region\u00e1lis H\u00edrport\u00e1l"},"image":{"@id":"https:\/\/dorogimedence.hu\/#\/schema\/logo\/image\/"},"sameAs":["https:\/\/www.facebook.com\/dorogimedence\/"]},{"@type":"Person","@id":"https:\/\/dorogimedence.hu\/#\/schema\/person\/ce6091eeb7e95ecdc87890d6aa8e0fd4","name":"dorogimedence.hu","image":{"@type":"ImageObject","inLanguage":"hu","@id":"\/\/www.gravatar.com\/avatar\/d8d45f8901aadff40a4af72c0b826f1d?s=96&#038;r=g&#038;d=mm","url":"\/\/www.gravatar.com\/avatar\/d8d45f8901aadff40a4af72c0b826f1d?s=96&#038;r=g&#038;d=mm","contentUrl":"\/\/www.gravatar.com\/avatar\/d8d45f8901aadff40a4af72c0b826f1d?s=96&#038;r=g&#038;d=mm","caption":"dorogimedence.hu"}}]}},"_links":{"self":[{"href":"https:\/\/dorogimedence.hu\/index.php\/wp-json\/wp\/v2\/posts\/19554","targetHints":{"allow":["GET"]}}],"collection":[{"href":"https:\/\/dorogimedence.hu\/index.php\/wp-json\/wp\/v2\/posts"}],"about":[{"href":"https:\/\/dorogimedence.hu\/index.php\/wp-json\/wp\/v2\/types\/post"}],"author":[{"embeddable":true,"href":"https:\/\/dorogimedence.hu\/index.php\/wp-json\/wp\/v2\/users\/1"}],"replies":[{"embeddable":true,"href":"https:\/\/dorogimedence.hu\/index.php\/wp-json\/wp\/v2\/comments?post=19554"}],"version-history":[{"count":0,"href":"https:\/\/dorogimedence.hu\/index.php\/wp-json\/wp\/v2\/posts\/19554\/revisions"}],"wp:attachment":[{"href":"https:\/\/dorogimedence.hu\/index.php\/wp-json\/wp\/v2\/media?parent=19554"}],"wp:term":[{"taxonomy":"category","embeddable":true,"href":"https:\/\/dorogimedence.hu\/index.php\/wp-json\/wp\/v2\/categories?post=19554"},{"taxonomy":"post_tag","embeddable":true,"href":"https:\/\/dorogimedence.hu\/index.php\/wp-json\/wp\/v2\/tags?post=19554"}],"curies":[{"name":"wp","href":"https:\/\/api.w.org\/{rel}","templated":true}]}}