{"id":19538,"date":"2019-09-17T05:34:06","date_gmt":"2019-09-17T03:34:06","guid":{"rendered":"http:\/\/dorogimedence.hu\/?p=19538"},"modified":"2019-09-17T05:34:06","modified_gmt":"2019-09-17T03:34:06","slug":"penteken-nyilik-a-buborek-gofrizo","status":"publish","type":"post","link":"https:\/\/dorogimedence.hu\/index.php\/2019\/09\/17\/penteken-nyilik-a-buborek-gofrizo\/","title":{"rendered":"P\u00e9nteken ny\u00edlik a bubor\u00e9k gofriz\u00f3"},"content":{"rendered":"<p><strong>Szeptember 20-\u00e1n, p\u00e9ntek reggel 9 \u00f3rakor nyitja meg kapuit az Endorfin Bubor\u00e9k Gofriz\u00f3 Dorogon, a M\u00e1ria utca sz\u00edv\u00e9ben, a 9-es sz\u00e1m alatt.<\/strong><\/p>\n<p><a href=\"https:\/\/dorogimedence.hu\/index.php\/2019\/08\/11\/buborek-gofrizo-nyilik-dorogon\/\" target=\"_blank\" rel=\"noopener noreferrer\"><span style=\"text-decoration: underline; color: #0000ff;\">Kor\u00e1bban<\/span><\/a> m\u00e1r nagy port kavart, a bubor\u00e9k gofriz\u00f3 nyit\u00e1s\u00e1nak beharagoz\u00e1sa, p\u00e9ntekt\u0151l viszont m\u00e1r az \u00edzeket is \u00e9lvezhetj\u00fck.<\/p>\n<p>A vend\u00e9gl\u00e1t\u00f3helyen k\u00fcl\u00f6nleges \u00edzekkel megt\u00f6lt\u00f6tt gofri-k\u00fcl\u00f6nlegess\u00e9geket k\u00f3stolthatunk majd meg. A bubor\u00e9k gofri k\u00edv\u00fcl ostyaszer\u0171 \u00e9s ropog\u00f3s, bel\u00fcl pedig puha \u00e9s \u00edzletes. Az \u00e9dess\u00e9get nutella pudinggal, illetve masarcpone sajttal \u00f6ntik nyakon. Mindemellett sz\u00e1mtalan plusz felt\u00e9t is k\u00e9rhet\u0151 r\u00e1, mint p\u00e9ld\u00e1ul friss gy\u00fcm\u00f6lcs\u00f6k, k\u00f3kusz, gumicukor, keksz, di\u00f3 \u00e9s mogyor\u00f3. Mindezeket helyben, vagy elvitelben is elfogyaszthatjuk! A gofri mellett \u00fcd\u00edt\u0151kkel \u00e9s k\u00e1v\u00e9k\u00fcl\u00f6nlegess\u00e9gekkel is v\u00e1rj\u00e1k majd a vend\u00e9geket.<\/p>\n<p><a href=\"https:\/\/www.facebook.com\/endorfindorog\/\" target=\"_blank\" rel=\"noopener noreferrer\"><span style=\"text-decoration: underline; color: #0000ff;\"><strong>A bubor\u00e9k gofriz\u00f3 Facebook oldala&gt;&gt;<\/strong><\/span><\/a><\/p>\n","protected":false},"excerpt":{"rendered":"<p>Szeptember 20-\u00e1n, p\u00e9ntek reggel 9 \u00f3rakor nyitja meg kapuit az Endorfin Bubor\u00e9k Gofriz\u00f3 Dorogon, a M\u00e1ria utca sz\u00edv\u00e9ben, a 9-es sz\u00e1m alatt. Kor\u00e1bban m\u00e1r nagy port kavart, a bubor\u00e9k gofriz\u00f3 nyit\u00e1s\u00e1nak beharagoz\u00e1sa, p\u00e9ntekt\u0151l viszont m\u00e1r az \u00edzeket is \u00e9lvezhetj\u00fck. A vend\u00e9gl\u00e1t\u00f3helyen k\u00fcl\u00f6nleges \u00edzekkel megt\u00f6lt\u00f6tt gofri-k\u00fcl\u00f6nlegess\u00e9geket k\u00f3stolthatunk majd meg. A bubor\u00e9k gofri k\u00edv\u00fcl ostyaszer\u0171 \u00e9s ropog\u00f3s,<\/p>\n","protected":false},"author":1,"featured_media":18680,"comment_status":"closed","ping_status":"closed","sticky":false,"template":"","format":"standard","meta":{"ngg_post_thumbnail":0,"footnotes":""},"categories":[2,3],"tags":[4266,15,4147,160],"class_list":{"0":"post-19538","1":"post","2":"type-post","3":"status-publish","4":"format-standard","5":"has-post-thumbnail","7":"category-dorog","8":"category-hirek","9":"tag-buborek-gofrizo","10":"tag-dorog","11":"tag-gofri","12":"tag-vendeglatas"},"yoast_head":"<!-- This site is optimized with the Yoast SEO plugin v27.4 - https:\/\/yoast.com\/product\/yoast-seo-wordpress\/ -->\n<title>P\u00e9nteken ny\u00edlik a bubor\u00e9k gofriz\u00f3<\/title>\n<meta name=\"robots\" content=\"index, follow, max-snippet:-1, max-image-preview:large, max-video-preview:-1\" \/>\n<link rel=\"canonical\" href=\"https:\/\/dorogimedence.hu\/index.php\/2019\/09\/17\/penteken-nyilik-a-buborek-gofrizo\/\" class=\"yoast-seo-meta-tag\" \/>\n<meta property=\"og:locale\" content=\"hu_HU\" class=\"yoast-seo-meta-tag\" \/>\n<meta property=\"og:type\" content=\"article\" class=\"yoast-seo-meta-tag\" \/>\n<meta property=\"og:title\" content=\"P\u00e9nteken ny\u00edlik a bubor\u00e9k gofriz\u00f3\" class=\"yoast-seo-meta-tag\" \/>\n<meta property=\"og:description\" content=\"Szeptember 20-\u00e1n, p\u00e9ntek reggel 9 \u00f3rakor nyitja meg kapuit az Endorfin Bubor\u00e9k Gofriz\u00f3 Dorogon, a M\u00e1ria utca sz\u00edv\u00e9ben, a 9-es sz\u00e1m alatt. Kor\u00e1bban m\u00e1r nagy port kavart, a bubor\u00e9k gofriz\u00f3 nyit\u00e1s\u00e1nak beharagoz\u00e1sa, p\u00e9ntekt\u0151l viszont m\u00e1r az \u00edzeket is \u00e9lvezhetj\u00fck. A vend\u00e9gl\u00e1t\u00f3helyen k\u00fcl\u00f6nleges \u00edzekkel megt\u00f6lt\u00f6tt gofri-k\u00fcl\u00f6nlegess\u00e9geket k\u00f3stolthatunk majd meg. A bubor\u00e9k gofri k\u00edv\u00fcl ostyaszer\u0171 \u00e9s ropog\u00f3s,\" class=\"yoast-seo-meta-tag\" \/>\n<meta property=\"og:url\" content=\"https:\/\/dorogimedence.hu\/index.php\/2019\/09\/17\/penteken-nyilik-a-buborek-gofrizo\/\" class=\"yoast-seo-meta-tag\" \/>\n<meta property=\"og:site_name\" content=\"Dorogi-medence Region\u00e1lis H\u00edrport\u00e1l\" class=\"yoast-seo-meta-tag\" \/>\n<meta property=\"article:publisher\" content=\"https:\/\/www.facebook.com\/dorogimedence\/\" class=\"yoast-seo-meta-tag\" \/>\n<meta property=\"article:published_time\" content=\"2019-09-17T03:34:06+00:00\" class=\"yoast-seo-meta-tag\" \/>\n<meta property=\"og:image\" content=\"https:\/\/i0.wp.com\/dorogimedence.hu\/wp-content\/uploads\/2019\/08\/buborek-gofri-2.jpg?fit=670%2C365&ssl=1\" class=\"yoast-seo-meta-tag\" \/>\n\t<meta property=\"og:image:width\" content=\"670\" class=\"yoast-seo-meta-tag\" \/>\n\t<meta property=\"og:image:height\" content=\"365\" class=\"yoast-seo-meta-tag\" \/>\n\t<meta property=\"og:image:type\" content=\"image\/jpeg\" class=\"yoast-seo-meta-tag\" \/>\n<meta name=\"author\" content=\"dorogimedence.hu\" class=\"yoast-seo-meta-tag\" \/>\n<meta name=\"twitter:card\" content=\"summary_large_image\" class=\"yoast-seo-meta-tag\" \/>\n<meta name=\"twitter:label1\" content=\"Szerz\u0151:\" class=\"yoast-seo-meta-tag\" \/>\n\t<meta name=\"twitter:data1\" content=\"dorogimedence.hu\" class=\"yoast-seo-meta-tag\" \/>\n\t<meta name=\"twitter:label2\" content=\"Becs\u00fclt olvas\u00e1si id\u0151\" class=\"yoast-seo-meta-tag\" \/>\n\t<meta name=\"twitter:data2\" content=\"1 perc\" class=\"yoast-seo-meta-tag\" \/>\n<script type=\"application\/ld+json\" class=\"yoast-schema-graph\">{\"@context\":\"https:\\\/\\\/schema.org\",\"@graph\":[{\"@type\":\"Article\",\"@id\":\"https:\\\/\\\/dorogimedence.hu\\\/index.php\\\/2019\\\/09\\\/17\\\/penteken-nyilik-a-buborek-gofrizo\\\/#article\",\"isPartOf\":{\"@id\":\"https:\\\/\\\/dorogimedence.hu\\\/index.php\\\/2019\\\/09\\\/17\\\/penteken-nyilik-a-buborek-gofrizo\\\/\"},\"author\":{\"name\":\"dorogimedence.hu\",\"@id\":\"https:\\\/\\\/dorogimedence.hu\\\/#\\\/schema\\\/person\\\/ce6091eeb7e95ecdc87890d6aa8e0fd4\"},\"headline\":\"P\u00e9nteken ny\u00edlik a bubor\u00e9k gofriz\u00f3\",\"datePublished\":\"2019-09-17T03:34:06+00:00\",\"mainEntityOfPage\":{\"@id\":\"https:\\\/\\\/dorogimedence.hu\\\/index.php\\\/2019\\\/09\\\/17\\\/penteken-nyilik-a-buborek-gofrizo\\\/\"},\"wordCount\":171,\"publisher\":{\"@id\":\"https:\\\/\\\/dorogimedence.hu\\\/#organization\"},\"image\":{\"@id\":\"https:\\\/\\\/dorogimedence.hu\\\/index.php\\\/2019\\\/09\\\/17\\\/penteken-nyilik-a-buborek-gofrizo\\\/#primaryimage\"},\"thumbnailUrl\":\"https:\\\/\\\/dorogimedence.hu\\\/wp-content\\\/uploads\\\/2019\\\/08\\\/buborek-gofri-2.jpg\",\"keywords\":[\"bubor\u00e9k gofriz\u00f3\",\"Dorog\",\"gofri\",\"vend\u00e9gl\u00e1t\u00e1s\"],\"articleSection\":[\"Dorog\",\"H\u00edrek\"],\"inLanguage\":\"hu\"},{\"@type\":\"WebPage\",\"@id\":\"https:\\\/\\\/dorogimedence.hu\\\/index.php\\\/2019\\\/09\\\/17\\\/penteken-nyilik-a-buborek-gofrizo\\\/\",\"url\":\"https:\\\/\\\/dorogimedence.hu\\\/index.php\\\/2019\\\/09\\\/17\\\/penteken-nyilik-a-buborek-gofrizo\\\/\",\"name\":\"P\u00e9nteken ny\u00edlik a bubor\u00e9k gofriz\u00f3\",\"isPartOf\":{\"@id\":\"https:\\\/\\\/dorogimedence.hu\\\/#website\"},\"primaryImageOfPage\":{\"@id\":\"https:\\\/\\\/dorogimedence.hu\\\/index.php\\\/2019\\\/09\\\/17\\\/penteken-nyilik-a-buborek-gofrizo\\\/#primaryimage\"},\"image\":{\"@id\":\"https:\\\/\\\/dorogimedence.hu\\\/index.php\\\/2019\\\/09\\\/17\\\/penteken-nyilik-a-buborek-gofrizo\\\/#primaryimage\"},\"thumbnailUrl\":\"https:\\\/\\\/dorogimedence.hu\\\/wp-content\\\/uploads\\\/2019\\\/08\\\/buborek-gofri-2.jpg\",\"datePublished\":\"2019-09-17T03:34:06+00:00\",\"breadcrumb\":{\"@id\":\"https:\\\/\\\/dorogimedence.hu\\\/index.php\\\/2019\\\/09\\\/17\\\/penteken-nyilik-a-buborek-gofrizo\\\/#breadcrumb\"},\"inLanguage\":\"hu\",\"potentialAction\":[{\"@type\":\"ReadAction\",\"target\":[\"https:\\\/\\\/dorogimedence.hu\\\/index.php\\\/2019\\\/09\\\/17\\\/penteken-nyilik-a-buborek-gofrizo\\\/\"]}]},{\"@type\":\"ImageObject\",\"inLanguage\":\"hu\",\"@id\":\"https:\\\/\\\/dorogimedence.hu\\\/index.php\\\/2019\\\/09\\\/17\\\/penteken-nyilik-a-buborek-gofrizo\\\/#primaryimage\",\"url\":\"https:\\\/\\\/dorogimedence.hu\\\/wp-content\\\/uploads\\\/2019\\\/08\\\/buborek-gofri-2.jpg\",\"contentUrl\":\"https:\\\/\\\/dorogimedence.hu\\\/wp-content\\\/uploads\\\/2019\\\/08\\\/buborek-gofri-2.jpg\",\"width\":670,\"height\":365},{\"@type\":\"BreadcrumbList\",\"@id\":\"https:\\\/\\\/dorogimedence.hu\\\/index.php\\\/2019\\\/09\\\/17\\\/penteken-nyilik-a-buborek-gofrizo\\\/#breadcrumb\",\"itemListElement\":[{\"@type\":\"ListItem\",\"position\":1,\"name\":\"Kezd\u0151lap\",\"item\":\"https:\\\/\\\/dorogimedence.hu\\\/\"},{\"@type\":\"ListItem\",\"position\":2,\"name\":\"P\u00e9nteken ny\u00edlik a bubor\u00e9k gofriz\u00f3\"}]},{\"@type\":\"WebSite\",\"@id\":\"https:\\\/\\\/dorogimedence.hu\\\/#website\",\"url\":\"https:\\\/\\\/dorogimedence.hu\\\/\",\"name\":\"Dorogi-medence Region\u00e1lis H\u00edrport\u00e1l\",\"description\":\"Dorog, Keszt\u00f6lc, Le\u00e1nyv\u00e1r, Piliscs\u00e9v, Tokod, Tokodalt\u00e1r\u00f3, Csolnok, Esztergom-kertv\u00e1ros: h\u00edrek, programok\",\"publisher\":{\"@id\":\"https:\\\/\\\/dorogimedence.hu\\\/#organization\"},\"potentialAction\":[{\"@type\":\"SearchAction\",\"target\":{\"@type\":\"EntryPoint\",\"urlTemplate\":\"https:\\\/\\\/dorogimedence.hu\\\/?s={search_term_string}\"},\"query-input\":{\"@type\":\"PropertyValueSpecification\",\"valueRequired\":true,\"valueName\":\"search_term_string\"}}],\"inLanguage\":\"hu\"},{\"@type\":\"Organization\",\"@id\":\"https:\\\/\\\/dorogimedence.hu\\\/#organization\",\"name\":\"Dorogi-medence Region\u00e1lis H\u00edrport\u00e1l\",\"url\":\"https:\\\/\\\/dorogimedence.hu\\\/\",\"logo\":{\"@type\":\"ImageObject\",\"inLanguage\":\"hu\",\"@id\":\"https:\\\/\\\/dorogimedence.hu\\\/#\\\/schema\\\/logo\\\/image\\\/\",\"url\":\"https:\\\/\\\/dorogimedence.hu\\\/wp-content\\\/uploads\\\/2021\\\/04\\\/logo-feher-600.png\",\"contentUrl\":\"https:\\\/\\\/dorogimedence.hu\\\/wp-content\\\/uploads\\\/2021\\\/04\\\/logo-feher-600.png\",\"width\":600,\"height\":100,\"caption\":\"Dorogi-medence Region\u00e1lis H\u00edrport\u00e1l\"},\"image\":{\"@id\":\"https:\\\/\\\/dorogimedence.hu\\\/#\\\/schema\\\/logo\\\/image\\\/\"},\"sameAs\":[\"https:\\\/\\\/www.facebook.com\\\/dorogimedence\\\/\"]},{\"@type\":\"Person\",\"@id\":\"https:\\\/\\\/dorogimedence.hu\\\/#\\\/schema\\\/person\\\/ce6091eeb7e95ecdc87890d6aa8e0fd4\",\"name\":\"dorogimedence.hu\",\"image\":{\"@type\":\"ImageObject\",\"inLanguage\":\"hu\",\"@id\":\"\\\/\\\/www.gravatar.com\\\/avatar\\\/d8d45f8901aadff40a4af72c0b826f1d?s=96&#038;r=g&#038;d=mm\",\"url\":\"\\\/\\\/www.gravatar.com\\\/avatar\\\/d8d45f8901aadff40a4af72c0b826f1d?s=96&#038;r=g&#038;d=mm\",\"contentUrl\":\"\\\/\\\/www.gravatar.com\\\/avatar\\\/d8d45f8901aadff40a4af72c0b826f1d?s=96&#038;r=g&#038;d=mm\",\"caption\":\"dorogimedence.hu\"}}]}<\/script>\n<!-- \/ Yoast SEO plugin. -->","yoast_head_json":{"title":"P\u00e9nteken ny\u00edlik a bubor\u00e9k gofriz\u00f3","robots":{"index":"index","follow":"follow","max-snippet":"max-snippet:-1","max-image-preview":"max-image-preview:large","max-video-preview":"max-video-preview:-1"},"canonical":"https:\/\/dorogimedence.hu\/index.php\/2019\/09\/17\/penteken-nyilik-a-buborek-gofrizo\/","og_locale":"hu_HU","og_type":"article","og_title":"P\u00e9nteken ny\u00edlik a bubor\u00e9k gofriz\u00f3","og_description":"Szeptember 20-\u00e1n, p\u00e9ntek reggel 9 \u00f3rakor nyitja meg kapuit az Endorfin Bubor\u00e9k Gofriz\u00f3 Dorogon, a M\u00e1ria utca sz\u00edv\u00e9ben, a 9-es sz\u00e1m alatt. Kor\u00e1bban m\u00e1r nagy port kavart, a bubor\u00e9k gofriz\u00f3 nyit\u00e1s\u00e1nak beharagoz\u00e1sa, p\u00e9ntekt\u0151l viszont m\u00e1r az \u00edzeket is \u00e9lvezhetj\u00fck. A vend\u00e9gl\u00e1t\u00f3helyen k\u00fcl\u00f6nleges \u00edzekkel megt\u00f6lt\u00f6tt gofri-k\u00fcl\u00f6nlegess\u00e9geket k\u00f3stolthatunk majd meg. A bubor\u00e9k gofri k\u00edv\u00fcl ostyaszer\u0171 \u00e9s ropog\u00f3s,","og_url":"https:\/\/dorogimedence.hu\/index.php\/2019\/09\/17\/penteken-nyilik-a-buborek-gofrizo\/","og_site_name":"Dorogi-medence Region\u00e1lis H\u00edrport\u00e1l","article_publisher":"https:\/\/www.facebook.com\/dorogimedence\/","article_published_time":"2019-09-17T03:34:06+00:00","og_image":[{"width":670,"height":365,"url":"https:\/\/i0.wp.com\/dorogimedence.hu\/wp-content\/uploads\/2019\/08\/buborek-gofri-2.jpg?fit=670%2C365&ssl=1","type":"image\/jpeg"}],"author":"dorogimedence.hu","twitter_card":"summary_large_image","twitter_misc":{"Szerz\u0151:":"dorogimedence.hu","Becs\u00fclt olvas\u00e1si id\u0151":"1 perc"},"schema":{"@context":"https:\/\/schema.org","@graph":[{"@type":"Article","@id":"https:\/\/dorogimedence.hu\/index.php\/2019\/09\/17\/penteken-nyilik-a-buborek-gofrizo\/#article","isPartOf":{"@id":"https:\/\/dorogimedence.hu\/index.php\/2019\/09\/17\/penteken-nyilik-a-buborek-gofrizo\/"},"author":{"name":"dorogimedence.hu","@id":"https:\/\/dorogimedence.hu\/#\/schema\/person\/ce6091eeb7e95ecdc87890d6aa8e0fd4"},"headline":"P\u00e9nteken ny\u00edlik a bubor\u00e9k gofriz\u00f3","datePublished":"2019-09-17T03:34:06+00:00","mainEntityOfPage":{"@id":"https:\/\/dorogimedence.hu\/index.php\/2019\/09\/17\/penteken-nyilik-a-buborek-gofrizo\/"},"wordCount":171,"publisher":{"@id":"https:\/\/dorogimedence.hu\/#organization"},"image":{"@id":"https:\/\/dorogimedence.hu\/index.php\/2019\/09\/17\/penteken-nyilik-a-buborek-gofrizo\/#primaryimage"},"thumbnailUrl":"https:\/\/dorogimedence.hu\/wp-content\/uploads\/2019\/08\/buborek-gofri-2.jpg","keywords":["bubor\u00e9k gofriz\u00f3","Dorog","gofri","vend\u00e9gl\u00e1t\u00e1s"],"articleSection":["Dorog","H\u00edrek"],"inLanguage":"hu"},{"@type":"WebPage","@id":"https:\/\/dorogimedence.hu\/index.php\/2019\/09\/17\/penteken-nyilik-a-buborek-gofrizo\/","url":"https:\/\/dorogimedence.hu\/index.php\/2019\/09\/17\/penteken-nyilik-a-buborek-gofrizo\/","name":"P\u00e9nteken ny\u00edlik a bubor\u00e9k gofriz\u00f3","isPartOf":{"@id":"https:\/\/dorogimedence.hu\/#website"},"primaryImageOfPage":{"@id":"https:\/\/dorogimedence.hu\/index.php\/2019\/09\/17\/penteken-nyilik-a-buborek-gofrizo\/#primaryimage"},"image":{"@id":"https:\/\/dorogimedence.hu\/index.php\/2019\/09\/17\/penteken-nyilik-a-buborek-gofrizo\/#primaryimage"},"thumbnailUrl":"https:\/\/dorogimedence.hu\/wp-content\/uploads\/2019\/08\/buborek-gofri-2.jpg","datePublished":"2019-09-17T03:34:06+00:00","breadcrumb":{"@id":"https:\/\/dorogimedence.hu\/index.php\/2019\/09\/17\/penteken-nyilik-a-buborek-gofrizo\/#breadcrumb"},"inLanguage":"hu","potentialAction":[{"@type":"ReadAction","target":["https:\/\/dorogimedence.hu\/index.php\/2019\/09\/17\/penteken-nyilik-a-buborek-gofrizo\/"]}]},{"@type":"ImageObject","inLanguage":"hu","@id":"https:\/\/dorogimedence.hu\/index.php\/2019\/09\/17\/penteken-nyilik-a-buborek-gofrizo\/#primaryimage","url":"https:\/\/dorogimedence.hu\/wp-content\/uploads\/2019\/08\/buborek-gofri-2.jpg","contentUrl":"https:\/\/dorogimedence.hu\/wp-content\/uploads\/2019\/08\/buborek-gofri-2.jpg","width":670,"height":365},{"@type":"BreadcrumbList","@id":"https:\/\/dorogimedence.hu\/index.php\/2019\/09\/17\/penteken-nyilik-a-buborek-gofrizo\/#breadcrumb","itemListElement":[{"@type":"ListItem","position":1,"name":"Kezd\u0151lap","item":"https:\/\/dorogimedence.hu\/"},{"@type":"ListItem","position":2,"name":"P\u00e9nteken ny\u00edlik a bubor\u00e9k gofriz\u00f3"}]},{"@type":"WebSite","@id":"https:\/\/dorogimedence.hu\/#website","url":"https:\/\/dorogimedence.hu\/","name":"Dorogi-medence Region\u00e1lis H\u00edrport\u00e1l","description":"Dorog, Keszt\u00f6lc, Le\u00e1nyv\u00e1r, Piliscs\u00e9v, Tokod, Tokodalt\u00e1r\u00f3, Csolnok, Esztergom-kertv\u00e1ros: h\u00edrek, programok","publisher":{"@id":"https:\/\/dorogimedence.hu\/#organization"},"potentialAction":[{"@type":"SearchAction","target":{"@type":"EntryPoint","urlTemplate":"https:\/\/dorogimedence.hu\/?s={search_term_string}"},"query-input":{"@type":"PropertyValueSpecification","valueRequired":true,"valueName":"search_term_string"}}],"inLanguage":"hu"},{"@type":"Organization","@id":"https:\/\/dorogimedence.hu\/#organization","name":"Dorogi-medence Region\u00e1lis H\u00edrport\u00e1l","url":"https:\/\/dorogimedence.hu\/","logo":{"@type":"ImageObject","inLanguage":"hu","@id":"https:\/\/dorogimedence.hu\/#\/schema\/logo\/image\/","url":"https:\/\/dorogimedence.hu\/wp-content\/uploads\/2021\/04\/logo-feher-600.png","contentUrl":"https:\/\/dorogimedence.hu\/wp-content\/uploads\/2021\/04\/logo-feher-600.png","width":600,"height":100,"caption":"Dorogi-medence Region\u00e1lis H\u00edrport\u00e1l"},"image":{"@id":"https:\/\/dorogimedence.hu\/#\/schema\/logo\/image\/"},"sameAs":["https:\/\/www.facebook.com\/dorogimedence\/"]},{"@type":"Person","@id":"https:\/\/dorogimedence.hu\/#\/schema\/person\/ce6091eeb7e95ecdc87890d6aa8e0fd4","name":"dorogimedence.hu","image":{"@type":"ImageObject","inLanguage":"hu","@id":"\/\/www.gravatar.com\/avatar\/d8d45f8901aadff40a4af72c0b826f1d?s=96&#038;r=g&#038;d=mm","url":"\/\/www.gravatar.com\/avatar\/d8d45f8901aadff40a4af72c0b826f1d?s=96&#038;r=g&#038;d=mm","contentUrl":"\/\/www.gravatar.com\/avatar\/d8d45f8901aadff40a4af72c0b826f1d?s=96&#038;r=g&#038;d=mm","caption":"dorogimedence.hu"}}]}},"_links":{"self":[{"href":"https:\/\/dorogimedence.hu\/index.php\/wp-json\/wp\/v2\/posts\/19538","targetHints":{"allow":["GET"]}}],"collection":[{"href":"https:\/\/dorogimedence.hu\/index.php\/wp-json\/wp\/v2\/posts"}],"about":[{"href":"https:\/\/dorogimedence.hu\/index.php\/wp-json\/wp\/v2\/types\/post"}],"author":[{"embeddable":true,"href":"https:\/\/dorogimedence.hu\/index.php\/wp-json\/wp\/v2\/users\/1"}],"replies":[{"embeddable":true,"href":"https:\/\/dorogimedence.hu\/index.php\/wp-json\/wp\/v2\/comments?post=19538"}],"version-history":[{"count":0,"href":"https:\/\/dorogimedence.hu\/index.php\/wp-json\/wp\/v2\/posts\/19538\/revisions"}],"wp:featuredmedia":[{"embeddable":true,"href":"https:\/\/dorogimedence.hu\/index.php\/wp-json\/wp\/v2\/media\/18680"}],"wp:attachment":[{"href":"https:\/\/dorogimedence.hu\/index.php\/wp-json\/wp\/v2\/media?parent=19538"}],"wp:term":[{"taxonomy":"category","embeddable":true,"href":"https:\/\/dorogimedence.hu\/index.php\/wp-json\/wp\/v2\/categories?post=19538"},{"taxonomy":"post_tag","embeddable":true,"href":"https:\/\/dorogimedence.hu\/index.php\/wp-json\/wp\/v2\/tags?post=19538"}],"curies":[{"name":"wp","href":"https:\/\/api.w.org\/{rel}","templated":true}]}}