{"id":19511,"date":"2019-09-16T12:22:27","date_gmt":"2019-09-16T10:22:27","guid":{"rendered":"http:\/\/dorogimedence.hu\/?p=19511"},"modified":"2019-09-16T12:22:27","modified_gmt":"2019-09-16T10:22:27","slug":"bronzermes-lett-a-tokodi-korpasi-balint","status":"publish","type":"post","link":"https:\/\/dorogimedence.hu\/index.php\/2019\/09\/16\/bronzermes-lett-a-tokodi-korpasi-balint\/","title":{"rendered":"Bronz\u00e9rmes lett a tokodi Korp\u00e1si B\u00e1lint"},"content":{"rendered":"<p><strong>Korp\u00e1si B\u00e1lint bronz\u00e9rmet nyert a k\u00f6t\u00f6ttfog\u00e1s\u00faak 72 kilogrammos kateg\u00f3ri\u00e1j\u00e1ban vas\u00e1rnap a nur-szultani birk\u00f3z\u00f3-vil\u00e1gbajnoks\u00e1gon<\/strong> <em>&#8211; \u00edrja az MTI.<\/em><\/p>\n<p>A BVSC vb- \u00e9s Eb-gy\u0151ztese szombaton csal\u00f3dottan z\u00e1rta a napot, mert k\u00e9t sima gy\u0151zelem ut\u00e1n az el\u0151d\u00f6nt\u0151ben &#8211; saj\u00e1t bevall\u00e1sa szerint egy buta hiba miatt &#8211; technikai tussal kikapott az orosz Abujazid Mancigovt\u00f3l, \u00edgy vas\u00e1rnap a bronz\u00e9rem\u00e9rt l\u00e9phetett sz\u0151nyegre.<\/p>\n<p>A m\u00e1sodik napi helyoszt\u00f3k el\u0151tt \u00edgy az volt tal\u00e1n a legnagyobb k\u00e9rd\u00e9s, hogy Korp\u00e1sinak siker\u00fclt-e t\u00faltennie mag\u00e1t a veres\u00e9gen. A l\u00e1tottak alapj\u00e1n a v\u00e1lasz egy\u00e9rtelm\u0171en igen volt, ugyanis a d\u00e9l-koreai Li Dzsi Jeon ellen a magyar klasszis vill\u00e1mrajtot vett, a kezd\u00e9s ut\u00e1n szinte azonnal vill\u00e1mgyors der\u00e9kra t\u00e1mad\u00e1ssal levitte riv\u00e1lis\u00e1t, majd meg is p\u00f6rgette, \u00edgy alig f\u00e9l perc ut\u00e1n m\u00e1r 4-0-ra vezetett. Innen Linek kellett volna mennie el\u0151re, e helyett viszont passz\u00edvan &#8222;gy\u00f6m\u00f6sz\u00f6lte&#8221; a kez\u00e9t Korp\u00e1si fog\u00e1s\u00e1ba, amit nem \u00e9rt\u00e9keltek a b\u00edr\u00f3k \u00e9s passzivit\u00e1s\u00e9rt lek\u00fcldt\u00e9k (5-0), amib\u0151l a BVSC b\u00fcszkes\u00e9ge gy\u00f6ny\u00f6r\u0171en p\u00f6rgetett (7-0). A magyar m\u00e1r ekkor szerette volna lez\u00e1rni a meccset, \u00e1m nem siker\u00fclt \u00fajabb akci\u00f3t csin\u00e1lnia.<\/p>\n<p>A sz\u00fcnet ut\u00e1n a d\u00e9l-koreai akt\u00edvabb\u00e1 v\u00e1lt, \u00e1m \u00e1ll\u00e1sb\u00f3l k\u00e9ptelen volt vesz\u00e9lyeztetni riv\u00e1lis\u00e1t, aki a meccs \u00f6t\u00f6dik perc\u00e9ben egy gy\u00f6ny\u00f6r\u0171 levitellel (9-0) pontot tett a k\u00fczdelem v\u00e9g\u00e9re.<\/p>\n<p>&#8222;Egyik szemem s\u00edr, a m\u00e1sik nevet. Sajn\u00e1lom az el\u0151d\u00f6nt\u0151t, ott olyan hib\u00e1t v\u00e9tettem, amit di\u00e1k kett\u0151ben szoktak. Arra viszont b\u00fcszke vagyok, hogy sorozatban negyedszer szereztem \u00e9rmet vb-n&#8221; &#8211; mondta az MTI-nek a meccs ut\u00e1n Korp\u00e1si B\u00e1lint, aki nem ismerte d\u00e9l-koreai ellenfel\u00e9t, nem is gondolta, hogy \u0151 j\u00f6n be a vigasz\u00e1gr\u00f3l a bronzmeccsre. &#8211; &#8222;Ny\u00e1ron voltak n\u00e1lunk a d\u00e9l-koreaiak, de \u0151 nem j\u00f6tt. Az eg\u00e9sz versenyen nagyon j\u00f3l ment a m\u00e1r v\u00e9djegyemm\u00e9 v\u00e1l\u00f3 karber\u00e1nt\u00e1s, \u0151 ellene is meg tudtam csin\u00e1lni. A korai akci\u00f3 megk\u00f6nny\u00edtette a dolgomat.&#8221;<\/p>\n<p>Korp\u00e1si ezzel a magyar k\u00fcld\u00f6tts\u00e9g els\u0151 \u00e9rm\u00e9t szerezte meg a kazah f\u0151v\u00e1rosban, egy\u00fattal ez karrierje negyedik vil\u00e1gbajnoki dobog\u00f3s helyez\u00e9se. 2016-ban az els\u0151, m\u00edg tavaly m\u00e1sodik volt, 2017-ben pedig a mostanihoz hasonl\u00f3an a harmadik helyen z\u00e1rt.<\/p>\n<p>H\u00e9tf\u0151n tov\u00e1bbi \u00e9remmel b\u0151v\u00fcl majd a magyar term\u00e9s, mivel L\u0151rincz Viktor &#8211; el\u0151bb olimpiai kv\u00f3t\u00e1t szerzett, majd &#8211; bejutott a fin\u00e1l\u00e9ba a 87 kilogrammosok k\u00f6z\u00f6tt.<\/p>\n<p>Vas\u00e1rnap L\u0151rincz n\u00e9gy gy\u0151zelemmel jutott be a h\u00e9tf\u0151i d\u00f6nt\u0151be, Krasznai M\u00e1t\u00e9nak (67 kg) \u00e9s Kiss Bal\u00e1zsnak (97 kg) viszont kev\u00e9s siker\u00e9lm\u00e9nyben volt r\u00e9sze. Ut\u00f3bbi ugyan a selejtez\u0151ben legy\u0151zte osztr\u00e1k riv\u00e1lis\u00e1t, a 32 k\u00f6z\u00f6tt viszont technikai tussal kikapott a kubai Gabriel Rosill\u00f3t\u00f3l \u00e9s kiesett, ahogy a r\u00f6gt\u00f6n els\u0151 meccs\u00e9n technikai tussal vesz\u00edt\u0151 Krasznai is.<\/p>\n<p>H\u00e9tf\u0151n tov\u00e1bbi h\u00e1rom magyar k\u00f6t\u00f6ttfog\u00e1s\u00fa, Torba Erik (60 kg), L\u0151rincz Tam\u00e1s (77 kg) \u00e9s L\u00e1m B\u00e1lint (130 kg) mutatkozik be a vb-n, m\u00edg L\u0151rincz Viktor a magyar id\u0151 szerint 14.00-kor kezd\u0151d\u0151 fin\u00e1l\u00e9s programban csap \u00f6ssze az ukr\u00e1n Zsan Belenyukkal.<\/p>\n<p><em>Forr\u00e1s: MTI<\/em><br \/>\n<em>Bor\u00edt\u00f3k\u00e9p: Magyar Birk\u00f3z\u00f3 Sz\u00f6vets\u00e9g Facebook oldala<\/em><\/p>\n","protected":false},"excerpt":{"rendered":"<p>Korp\u00e1si B\u00e1lint bronz\u00e9rmet nyert a k\u00f6t\u00f6ttfog\u00e1s\u00faak 72 kilogrammos kateg\u00f3ri\u00e1j\u00e1ban vas\u00e1rnap a nur-szultani birk\u00f3z\u00f3-vil\u00e1gbajnoks\u00e1gon &#8211; \u00edrja az MTI. A BVSC vb- \u00e9s Eb-gy\u0151ztese szombaton csal\u00f3dottan z\u00e1rta a napot, mert k\u00e9t sima gy\u0151zelem ut\u00e1n az el\u0151d\u00f6nt\u0151ben &#8211; saj\u00e1t bevall\u00e1sa szerint egy buta hiba miatt &#8211; technikai tussal kikapott az orosz Abujazid Mancigovt\u00f3l, \u00edgy vas\u00e1rnap a bronz\u00e9rem\u00e9rt l\u00e9phetett<\/p>\n","protected":false},"author":1,"featured_media":19512,"comment_status":"closed","ping_status":"closed","sticky":false,"template":"","format":"standard","meta":{"ngg_post_thumbnail":0,"footnotes":""},"categories":[38,3,5,6],"tags":[356,42,2929,16,12],"class_list":{"0":"post-19511","1":"post","2":"type-post","3":"status-publish","4":"format-standard","5":"has-post-thumbnail","7":"category-esztergom","8":"category-hirek","9":"category-sport","10":"category-tokod","11":"tag-birkozas","12":"tag-esztergom","13":"tag-korpasi-balint","14":"tag-sport","15":"tag-tokod"},"yoast_head":"<!-- This site is optimized with the Yoast SEO plugin v27.4 - https:\/\/yoast.com\/product\/yoast-seo-wordpress\/ -->\n<title>Bronz\u00e9rmes lett a tokodi Korp\u00e1si B\u00e1lint<\/title>\n<meta name=\"robots\" content=\"index, follow, max-snippet:-1, max-image-preview:large, max-video-preview:-1\" \/>\n<link rel=\"canonical\" href=\"https:\/\/dorogimedence.hu\/index.php\/2019\/09\/16\/bronzermes-lett-a-tokodi-korpasi-balint\/\" class=\"yoast-seo-meta-tag\" \/>\n<meta property=\"og:locale\" content=\"hu_HU\" class=\"yoast-seo-meta-tag\" \/>\n<meta property=\"og:type\" content=\"article\" class=\"yoast-seo-meta-tag\" \/>\n<meta property=\"og:title\" content=\"Bronz\u00e9rmes lett a tokodi Korp\u00e1si B\u00e1lint\" class=\"yoast-seo-meta-tag\" \/>\n<meta property=\"og:description\" content=\"Korp\u00e1si B\u00e1lint bronz\u00e9rmet nyert a k\u00f6t\u00f6ttfog\u00e1s\u00faak 72 kilogrammos kateg\u00f3ri\u00e1j\u00e1ban vas\u00e1rnap a nur-szultani birk\u00f3z\u00f3-vil\u00e1gbajnoks\u00e1gon &#8211; \u00edrja az MTI. A BVSC vb- \u00e9s Eb-gy\u0151ztese szombaton csal\u00f3dottan z\u00e1rta a napot, mert k\u00e9t sima gy\u0151zelem ut\u00e1n az el\u0151d\u00f6nt\u0151ben &#8211; saj\u00e1t bevall\u00e1sa szerint egy buta hiba miatt &#8211; technikai tussal kikapott az orosz Abujazid Mancigovt\u00f3l, \u00edgy vas\u00e1rnap a bronz\u00e9rem\u00e9rt l\u00e9phetett\" class=\"yoast-seo-meta-tag\" \/>\n<meta property=\"og:url\" content=\"https:\/\/dorogimedence.hu\/index.php\/2019\/09\/16\/bronzermes-lett-a-tokodi-korpasi-balint\/\" class=\"yoast-seo-meta-tag\" \/>\n<meta property=\"og:site_name\" content=\"Dorogi-medence Region\u00e1lis H\u00edrport\u00e1l\" class=\"yoast-seo-meta-tag\" \/>\n<meta property=\"article:publisher\" content=\"https:\/\/www.facebook.com\/dorogimedence\/\" class=\"yoast-seo-meta-tag\" \/>\n<meta property=\"article:published_time\" content=\"2019-09-16T10:22:27+00:00\" class=\"yoast-seo-meta-tag\" \/>\n<meta property=\"og:image\" content=\"https:\/\/i0.wp.com\/dorogimedence.hu\/wp-content\/uploads\/2019\/09\/korpasi-balint-01.jpg?fit=670%2C365&ssl=1\" class=\"yoast-seo-meta-tag\" \/>\n\t<meta property=\"og:image:width\" content=\"670\" class=\"yoast-seo-meta-tag\" \/>\n\t<meta property=\"og:image:height\" content=\"365\" class=\"yoast-seo-meta-tag\" \/>\n\t<meta property=\"og:image:type\" content=\"image\/jpeg\" class=\"yoast-seo-meta-tag\" \/>\n<meta name=\"author\" content=\"dorogimedence.hu\" class=\"yoast-seo-meta-tag\" \/>\n<meta name=\"twitter:card\" content=\"summary_large_image\" class=\"yoast-seo-meta-tag\" \/>\n<meta name=\"twitter:label1\" content=\"Szerz\u0151:\" class=\"yoast-seo-meta-tag\" \/>\n\t<meta name=\"twitter:data1\" content=\"dorogimedence.hu\" class=\"yoast-seo-meta-tag\" \/>\n\t<meta name=\"twitter:label2\" content=\"Becs\u00fclt olvas\u00e1si id\u0151\" class=\"yoast-seo-meta-tag\" \/>\n\t<meta name=\"twitter:data2\" content=\"3 perc\" class=\"yoast-seo-meta-tag\" \/>\n<script type=\"application\/ld+json\" class=\"yoast-schema-graph\">{\"@context\":\"https:\\\/\\\/schema.org\",\"@graph\":[{\"@type\":\"Article\",\"@id\":\"https:\\\/\\\/dorogimedence.hu\\\/index.php\\\/2019\\\/09\\\/16\\\/bronzermes-lett-a-tokodi-korpasi-balint\\\/#article\",\"isPartOf\":{\"@id\":\"https:\\\/\\\/dorogimedence.hu\\\/index.php\\\/2019\\\/09\\\/16\\\/bronzermes-lett-a-tokodi-korpasi-balint\\\/\"},\"author\":{\"name\":\"dorogimedence.hu\",\"@id\":\"https:\\\/\\\/dorogimedence.hu\\\/#\\\/schema\\\/person\\\/ce6091eeb7e95ecdc87890d6aa8e0fd4\"},\"headline\":\"Bronz\u00e9rmes lett a tokodi Korp\u00e1si B\u00e1lint\",\"datePublished\":\"2019-09-16T10:22:27+00:00\",\"mainEntityOfPage\":{\"@id\":\"https:\\\/\\\/dorogimedence.hu\\\/index.php\\\/2019\\\/09\\\/16\\\/bronzermes-lett-a-tokodi-korpasi-balint\\\/\"},\"wordCount\":657,\"publisher\":{\"@id\":\"https:\\\/\\\/dorogimedence.hu\\\/#organization\"},\"image\":{\"@id\":\"https:\\\/\\\/dorogimedence.hu\\\/index.php\\\/2019\\\/09\\\/16\\\/bronzermes-lett-a-tokodi-korpasi-balint\\\/#primaryimage\"},\"thumbnailUrl\":\"https:\\\/\\\/dorogimedence.hu\\\/wp-content\\\/uploads\\\/2019\\\/09\\\/korpasi-balint-01.jpg\",\"keywords\":[\"birk\u00f3z\u00e1s\",\"esztergom\",\"Korp\u00e1si B\u00e1lint\",\"sport\",\"Tokod\"],\"articleSection\":[\"Esztergom\",\"H\u00edrek\",\"Sport\",\"Tokod\"],\"inLanguage\":\"hu\"},{\"@type\":\"WebPage\",\"@id\":\"https:\\\/\\\/dorogimedence.hu\\\/index.php\\\/2019\\\/09\\\/16\\\/bronzermes-lett-a-tokodi-korpasi-balint\\\/\",\"url\":\"https:\\\/\\\/dorogimedence.hu\\\/index.php\\\/2019\\\/09\\\/16\\\/bronzermes-lett-a-tokodi-korpasi-balint\\\/\",\"name\":\"Bronz\u00e9rmes lett a tokodi Korp\u00e1si B\u00e1lint\",\"isPartOf\":{\"@id\":\"https:\\\/\\\/dorogimedence.hu\\\/#website\"},\"primaryImageOfPage\":{\"@id\":\"https:\\\/\\\/dorogimedence.hu\\\/index.php\\\/2019\\\/09\\\/16\\\/bronzermes-lett-a-tokodi-korpasi-balint\\\/#primaryimage\"},\"image\":{\"@id\":\"https:\\\/\\\/dorogimedence.hu\\\/index.php\\\/2019\\\/09\\\/16\\\/bronzermes-lett-a-tokodi-korpasi-balint\\\/#primaryimage\"},\"thumbnailUrl\":\"https:\\\/\\\/dorogimedence.hu\\\/wp-content\\\/uploads\\\/2019\\\/09\\\/korpasi-balint-01.jpg\",\"datePublished\":\"2019-09-16T10:22:27+00:00\",\"breadcrumb\":{\"@id\":\"https:\\\/\\\/dorogimedence.hu\\\/index.php\\\/2019\\\/09\\\/16\\\/bronzermes-lett-a-tokodi-korpasi-balint\\\/#breadcrumb\"},\"inLanguage\":\"hu\",\"potentialAction\":[{\"@type\":\"ReadAction\",\"target\":[\"https:\\\/\\\/dorogimedence.hu\\\/index.php\\\/2019\\\/09\\\/16\\\/bronzermes-lett-a-tokodi-korpasi-balint\\\/\"]}]},{\"@type\":\"ImageObject\",\"inLanguage\":\"hu\",\"@id\":\"https:\\\/\\\/dorogimedence.hu\\\/index.php\\\/2019\\\/09\\\/16\\\/bronzermes-lett-a-tokodi-korpasi-balint\\\/#primaryimage\",\"url\":\"https:\\\/\\\/dorogimedence.hu\\\/wp-content\\\/uploads\\\/2019\\\/09\\\/korpasi-balint-01.jpg\",\"contentUrl\":\"https:\\\/\\\/dorogimedence.hu\\\/wp-content\\\/uploads\\\/2019\\\/09\\\/korpasi-balint-01.jpg\",\"width\":670,\"height\":365},{\"@type\":\"BreadcrumbList\",\"@id\":\"https:\\\/\\\/dorogimedence.hu\\\/index.php\\\/2019\\\/09\\\/16\\\/bronzermes-lett-a-tokodi-korpasi-balint\\\/#breadcrumb\",\"itemListElement\":[{\"@type\":\"ListItem\",\"position\":1,\"name\":\"Kezd\u0151lap\",\"item\":\"https:\\\/\\\/dorogimedence.hu\\\/\"},{\"@type\":\"ListItem\",\"position\":2,\"name\":\"Bronz\u00e9rmes lett a tokodi Korp\u00e1si B\u00e1lint\"}]},{\"@type\":\"WebSite\",\"@id\":\"https:\\\/\\\/dorogimedence.hu\\\/#website\",\"url\":\"https:\\\/\\\/dorogimedence.hu\\\/\",\"name\":\"Dorogi-medence Region\u00e1lis H\u00edrport\u00e1l\",\"description\":\"Dorog, Keszt\u00f6lc, Le\u00e1nyv\u00e1r, Piliscs\u00e9v, Tokod, Tokodalt\u00e1r\u00f3, Csolnok, Esztergom-kertv\u00e1ros: h\u00edrek, programok\",\"publisher\":{\"@id\":\"https:\\\/\\\/dorogimedence.hu\\\/#organization\"},\"potentialAction\":[{\"@type\":\"SearchAction\",\"target\":{\"@type\":\"EntryPoint\",\"urlTemplate\":\"https:\\\/\\\/dorogimedence.hu\\\/?s={search_term_string}\"},\"query-input\":{\"@type\":\"PropertyValueSpecification\",\"valueRequired\":true,\"valueName\":\"search_term_string\"}}],\"inLanguage\":\"hu\"},{\"@type\":\"Organization\",\"@id\":\"https:\\\/\\\/dorogimedence.hu\\\/#organization\",\"name\":\"Dorogi-medence Region\u00e1lis H\u00edrport\u00e1l\",\"url\":\"https:\\\/\\\/dorogimedence.hu\\\/\",\"logo\":{\"@type\":\"ImageObject\",\"inLanguage\":\"hu\",\"@id\":\"https:\\\/\\\/dorogimedence.hu\\\/#\\\/schema\\\/logo\\\/image\\\/\",\"url\":\"https:\\\/\\\/dorogimedence.hu\\\/wp-content\\\/uploads\\\/2021\\\/04\\\/logo-feher-600.png\",\"contentUrl\":\"https:\\\/\\\/dorogimedence.hu\\\/wp-content\\\/uploads\\\/2021\\\/04\\\/logo-feher-600.png\",\"width\":600,\"height\":100,\"caption\":\"Dorogi-medence Region\u00e1lis H\u00edrport\u00e1l\"},\"image\":{\"@id\":\"https:\\\/\\\/dorogimedence.hu\\\/#\\\/schema\\\/logo\\\/image\\\/\"},\"sameAs\":[\"https:\\\/\\\/www.facebook.com\\\/dorogimedence\\\/\"]},{\"@type\":\"Person\",\"@id\":\"https:\\\/\\\/dorogimedence.hu\\\/#\\\/schema\\\/person\\\/ce6091eeb7e95ecdc87890d6aa8e0fd4\",\"name\":\"dorogimedence.hu\",\"image\":{\"@type\":\"ImageObject\",\"inLanguage\":\"hu\",\"@id\":\"\\\/\\\/www.gravatar.com\\\/avatar\\\/d8d45f8901aadff40a4af72c0b826f1d?s=96&#038;r=g&#038;d=mm\",\"url\":\"\\\/\\\/www.gravatar.com\\\/avatar\\\/d8d45f8901aadff40a4af72c0b826f1d?s=96&#038;r=g&#038;d=mm\",\"contentUrl\":\"\\\/\\\/www.gravatar.com\\\/avatar\\\/d8d45f8901aadff40a4af72c0b826f1d?s=96&#038;r=g&#038;d=mm\",\"caption\":\"dorogimedence.hu\"}}]}<\/script>\n<!-- \/ Yoast SEO plugin. -->","yoast_head_json":{"title":"Bronz\u00e9rmes lett a tokodi Korp\u00e1si B\u00e1lint","robots":{"index":"index","follow":"follow","max-snippet":"max-snippet:-1","max-image-preview":"max-image-preview:large","max-video-preview":"max-video-preview:-1"},"canonical":"https:\/\/dorogimedence.hu\/index.php\/2019\/09\/16\/bronzermes-lett-a-tokodi-korpasi-balint\/","og_locale":"hu_HU","og_type":"article","og_title":"Bronz\u00e9rmes lett a tokodi Korp\u00e1si B\u00e1lint","og_description":"Korp\u00e1si B\u00e1lint bronz\u00e9rmet nyert a k\u00f6t\u00f6ttfog\u00e1s\u00faak 72 kilogrammos kateg\u00f3ri\u00e1j\u00e1ban vas\u00e1rnap a nur-szultani birk\u00f3z\u00f3-vil\u00e1gbajnoks\u00e1gon &#8211; \u00edrja az MTI. A BVSC vb- \u00e9s Eb-gy\u0151ztese szombaton csal\u00f3dottan z\u00e1rta a napot, mert k\u00e9t sima gy\u0151zelem ut\u00e1n az el\u0151d\u00f6nt\u0151ben &#8211; saj\u00e1t bevall\u00e1sa szerint egy buta hiba miatt &#8211; technikai tussal kikapott az orosz Abujazid Mancigovt\u00f3l, \u00edgy vas\u00e1rnap a bronz\u00e9rem\u00e9rt l\u00e9phetett","og_url":"https:\/\/dorogimedence.hu\/index.php\/2019\/09\/16\/bronzermes-lett-a-tokodi-korpasi-balint\/","og_site_name":"Dorogi-medence Region\u00e1lis H\u00edrport\u00e1l","article_publisher":"https:\/\/www.facebook.com\/dorogimedence\/","article_published_time":"2019-09-16T10:22:27+00:00","og_image":[{"width":670,"height":365,"url":"https:\/\/i0.wp.com\/dorogimedence.hu\/wp-content\/uploads\/2019\/09\/korpasi-balint-01.jpg?fit=670%2C365&ssl=1","type":"image\/jpeg"}],"author":"dorogimedence.hu","twitter_card":"summary_large_image","twitter_misc":{"Szerz\u0151:":"dorogimedence.hu","Becs\u00fclt olvas\u00e1si id\u0151":"3 perc"},"schema":{"@context":"https:\/\/schema.org","@graph":[{"@type":"Article","@id":"https:\/\/dorogimedence.hu\/index.php\/2019\/09\/16\/bronzermes-lett-a-tokodi-korpasi-balint\/#article","isPartOf":{"@id":"https:\/\/dorogimedence.hu\/index.php\/2019\/09\/16\/bronzermes-lett-a-tokodi-korpasi-balint\/"},"author":{"name":"dorogimedence.hu","@id":"https:\/\/dorogimedence.hu\/#\/schema\/person\/ce6091eeb7e95ecdc87890d6aa8e0fd4"},"headline":"Bronz\u00e9rmes lett a tokodi Korp\u00e1si B\u00e1lint","datePublished":"2019-09-16T10:22:27+00:00","mainEntityOfPage":{"@id":"https:\/\/dorogimedence.hu\/index.php\/2019\/09\/16\/bronzermes-lett-a-tokodi-korpasi-balint\/"},"wordCount":657,"publisher":{"@id":"https:\/\/dorogimedence.hu\/#organization"},"image":{"@id":"https:\/\/dorogimedence.hu\/index.php\/2019\/09\/16\/bronzermes-lett-a-tokodi-korpasi-balint\/#primaryimage"},"thumbnailUrl":"https:\/\/dorogimedence.hu\/wp-content\/uploads\/2019\/09\/korpasi-balint-01.jpg","keywords":["birk\u00f3z\u00e1s","esztergom","Korp\u00e1si B\u00e1lint","sport","Tokod"],"articleSection":["Esztergom","H\u00edrek","Sport","Tokod"],"inLanguage":"hu"},{"@type":"WebPage","@id":"https:\/\/dorogimedence.hu\/index.php\/2019\/09\/16\/bronzermes-lett-a-tokodi-korpasi-balint\/","url":"https:\/\/dorogimedence.hu\/index.php\/2019\/09\/16\/bronzermes-lett-a-tokodi-korpasi-balint\/","name":"Bronz\u00e9rmes lett a tokodi Korp\u00e1si B\u00e1lint","isPartOf":{"@id":"https:\/\/dorogimedence.hu\/#website"},"primaryImageOfPage":{"@id":"https:\/\/dorogimedence.hu\/index.php\/2019\/09\/16\/bronzermes-lett-a-tokodi-korpasi-balint\/#primaryimage"},"image":{"@id":"https:\/\/dorogimedence.hu\/index.php\/2019\/09\/16\/bronzermes-lett-a-tokodi-korpasi-balint\/#primaryimage"},"thumbnailUrl":"https:\/\/dorogimedence.hu\/wp-content\/uploads\/2019\/09\/korpasi-balint-01.jpg","datePublished":"2019-09-16T10:22:27+00:00","breadcrumb":{"@id":"https:\/\/dorogimedence.hu\/index.php\/2019\/09\/16\/bronzermes-lett-a-tokodi-korpasi-balint\/#breadcrumb"},"inLanguage":"hu","potentialAction":[{"@type":"ReadAction","target":["https:\/\/dorogimedence.hu\/index.php\/2019\/09\/16\/bronzermes-lett-a-tokodi-korpasi-balint\/"]}]},{"@type":"ImageObject","inLanguage":"hu","@id":"https:\/\/dorogimedence.hu\/index.php\/2019\/09\/16\/bronzermes-lett-a-tokodi-korpasi-balint\/#primaryimage","url":"https:\/\/dorogimedence.hu\/wp-content\/uploads\/2019\/09\/korpasi-balint-01.jpg","contentUrl":"https:\/\/dorogimedence.hu\/wp-content\/uploads\/2019\/09\/korpasi-balint-01.jpg","width":670,"height":365},{"@type":"BreadcrumbList","@id":"https:\/\/dorogimedence.hu\/index.php\/2019\/09\/16\/bronzermes-lett-a-tokodi-korpasi-balint\/#breadcrumb","itemListElement":[{"@type":"ListItem","position":1,"name":"Kezd\u0151lap","item":"https:\/\/dorogimedence.hu\/"},{"@type":"ListItem","position":2,"name":"Bronz\u00e9rmes lett a tokodi Korp\u00e1si B\u00e1lint"}]},{"@type":"WebSite","@id":"https:\/\/dorogimedence.hu\/#website","url":"https:\/\/dorogimedence.hu\/","name":"Dorogi-medence Region\u00e1lis H\u00edrport\u00e1l","description":"Dorog, Keszt\u00f6lc, Le\u00e1nyv\u00e1r, Piliscs\u00e9v, Tokod, Tokodalt\u00e1r\u00f3, Csolnok, Esztergom-kertv\u00e1ros: h\u00edrek, programok","publisher":{"@id":"https:\/\/dorogimedence.hu\/#organization"},"potentialAction":[{"@type":"SearchAction","target":{"@type":"EntryPoint","urlTemplate":"https:\/\/dorogimedence.hu\/?s={search_term_string}"},"query-input":{"@type":"PropertyValueSpecification","valueRequired":true,"valueName":"search_term_string"}}],"inLanguage":"hu"},{"@type":"Organization","@id":"https:\/\/dorogimedence.hu\/#organization","name":"Dorogi-medence Region\u00e1lis H\u00edrport\u00e1l","url":"https:\/\/dorogimedence.hu\/","logo":{"@type":"ImageObject","inLanguage":"hu","@id":"https:\/\/dorogimedence.hu\/#\/schema\/logo\/image\/","url":"https:\/\/dorogimedence.hu\/wp-content\/uploads\/2021\/04\/logo-feher-600.png","contentUrl":"https:\/\/dorogimedence.hu\/wp-content\/uploads\/2021\/04\/logo-feher-600.png","width":600,"height":100,"caption":"Dorogi-medence Region\u00e1lis H\u00edrport\u00e1l"},"image":{"@id":"https:\/\/dorogimedence.hu\/#\/schema\/logo\/image\/"},"sameAs":["https:\/\/www.facebook.com\/dorogimedence\/"]},{"@type":"Person","@id":"https:\/\/dorogimedence.hu\/#\/schema\/person\/ce6091eeb7e95ecdc87890d6aa8e0fd4","name":"dorogimedence.hu","image":{"@type":"ImageObject","inLanguage":"hu","@id":"\/\/www.gravatar.com\/avatar\/d8d45f8901aadff40a4af72c0b826f1d?s=96&#038;r=g&#038;d=mm","url":"\/\/www.gravatar.com\/avatar\/d8d45f8901aadff40a4af72c0b826f1d?s=96&#038;r=g&#038;d=mm","contentUrl":"\/\/www.gravatar.com\/avatar\/d8d45f8901aadff40a4af72c0b826f1d?s=96&#038;r=g&#038;d=mm","caption":"dorogimedence.hu"}}]}},"_links":{"self":[{"href":"https:\/\/dorogimedence.hu\/index.php\/wp-json\/wp\/v2\/posts\/19511","targetHints":{"allow":["GET"]}}],"collection":[{"href":"https:\/\/dorogimedence.hu\/index.php\/wp-json\/wp\/v2\/posts"}],"about":[{"href":"https:\/\/dorogimedence.hu\/index.php\/wp-json\/wp\/v2\/types\/post"}],"author":[{"embeddable":true,"href":"https:\/\/dorogimedence.hu\/index.php\/wp-json\/wp\/v2\/users\/1"}],"replies":[{"embeddable":true,"href":"https:\/\/dorogimedence.hu\/index.php\/wp-json\/wp\/v2\/comments?post=19511"}],"version-history":[{"count":0,"href":"https:\/\/dorogimedence.hu\/index.php\/wp-json\/wp\/v2\/posts\/19511\/revisions"}],"wp:featuredmedia":[{"embeddable":true,"href":"https:\/\/dorogimedence.hu\/index.php\/wp-json\/wp\/v2\/media\/19512"}],"wp:attachment":[{"href":"https:\/\/dorogimedence.hu\/index.php\/wp-json\/wp\/v2\/media?parent=19511"}],"wp:term":[{"taxonomy":"category","embeddable":true,"href":"https:\/\/dorogimedence.hu\/index.php\/wp-json\/wp\/v2\/categories?post=19511"},{"taxonomy":"post_tag","embeddable":true,"href":"https:\/\/dorogimedence.hu\/index.php\/wp-json\/wp\/v2\/tags?post=19511"}],"curies":[{"name":"wp","href":"https:\/\/api.w.org\/{rel}","templated":true}]}}