{"id":19315,"date":"2019-09-08T12:47:54","date_gmt":"2019-09-08T10:47:54","guid":{"rendered":"http:\/\/dorogimedence.hu\/?p=19315"},"modified":"2019-09-08T12:48:03","modified_gmt":"2019-09-08T10:48:03","slug":"nagy-sikerrel-zarult-a-futball-ejszakaja-esztergomban","status":"publish","type":"post","link":"https:\/\/dorogimedence.hu\/index.php\/2019\/09\/08\/nagy-sikerrel-zarult-a-futball-ejszakaja-esztergomban\/","title":{"rendered":"Nagy sikerrel z\u00e1rult A Futball \u00c9jszak\u00e1ja Esztergomban"},"content":{"rendered":"<p><strong>Id\u00e9n el\u0151sz\u00f6r az FC Esztergom is csatlakozott A Futball \u00c9jszak\u00e1ja rendezv\u00e9nyhez. Az esem\u00e9ny szeptember 6-\u00e1n, p\u00e9nteken d\u00e9lut\u00e1n vette kezdet\u00e9t, amire v\u00e1ltozatos programokkal v\u00e1rtak minden futball rajong\u00f3t.<\/strong><\/p>\n<p>Az els\u0151 \u00e9rdekl\u0151d\u0151k m\u00e1r 16 \u00f3ra ut\u00e1n gy\u00fclekezni kezdtek a <strong>Futball Centrum<\/strong> piros-feh\u00e9r lufikkal feld\u00edsz\u00edtett kapuja el\u0151tt, hiszen az el\u0151zetesen meghirdetett program szerint 17 \u00f3rakor vette kezdet\u00e9t az esem\u00e9ny. A regisztr\u00e1ci\u00f3n\u00e1l Bugj\u00f3 H\u00e9di v\u00e1rta karszalagokkal a vend\u00e9geket. Egyszerre t\u00f6bb helysz\u00ednen p\u00e1rhuzamosan zajlottak a t\u00f6rt\u00e9n\u00e9sek, aki pedig elf\u00e1radt, a Sportals\u00f3 s\u00f6rs\u00e1tr\u00e1ban friss\u00fclhetett fel.<\/p>\n<p>A <strong>pal\u00e1nkos p\u00e1ly\u00e1n<\/strong> az ut\u00e1np\u00f3tl\u00e1s koroszt\u00e1lynak a j\u00e1t\u00e9kosai szabad foci keret\u00e9n bel\u00fcl vezett\u00e9k le a f\u00f6l\u00f6s energi\u00e1jukat. A <strong>kis m\u0171f\u00fcves p\u00e1ly\u00e1n<\/strong>&nbsp;az U13-as koroszt\u00e1lynak <strong>Szalma J\u00f3zsef<\/strong>, kor\u00e1bbi v\u00e1logatott h\u00e1tv\u00e9d, a <strong>Coerver-m\u00f3dszer<\/strong> magyarorsz\u00e1gi licensztulajdonosa tartott speci\u00e1lis edz\u00e9st, akinek Sziv\u00e1k Kriszti\u00e1n, a klub edz\u0151je volt a seg\u00edts\u00e9g\u00e9re. A kiscsoportos foglalkoz\u00e1sok sor\u00e1n a gyerekek izgalmas feladatokat kaptak, amelyeket az edz\u0151 \u00fatmutat\u00e1sai alapj\u00e1n kellett elv\u00e9gezni\u00fck. A h\u00e1l\u00f3n t\u00fal a sz\u00fcl\u0151k vigy\u00e1z\u00f3 szeme k\u00eds\u00e9rte a k\u00fcl\u00f6nleges tr\u00e9ninget.<\/p>\n<p><img fetchpriority=\"high\" decoding=\"async\" class=\"alignnone size-full wp-image-19317\" src=\"https:\/\/dorogimedence.hu\/wp-content\/uploads\/2019\/09\/futballejszaka-02.jpg\" alt=\"\" width=\"670\" height=\"365\" srcset=\"https:\/\/dorogimedence.hu\/wp-content\/uploads\/2019\/09\/futballejszaka-02.jpg 670w, https:\/\/dorogimedence.hu\/wp-content\/uploads\/2019\/09\/futballejszaka-02-300x163.jpg 300w\" sizes=\"(max-width: 670px) 100vw, 670px\" \/><\/p>\n<p>A <strong>nagy m\u0171f\u00fcves p\u00e1ly\u00e1t<\/strong> kett\u00e9osztott\u00e1k virtu\u00e1lisan \u00e9s itt zajlott a <strong>Kisp\u00e1ly\u00e1s Labdar\u00fag\u00f3 Bajnoks\u00e1g<\/strong>, amelyen \u00f6t csapat m\u00e9rte \u00f6ssze a tud\u00e1s\u00e1t. Az izgalmas k\u00f6rm\u00e9rk\u0151z\u00e9sek a k\u00e9t p\u00e1ly\u00e1n p\u00e1rhuzamosan zajlottak, ahol igaz\u00e1n sz\u00e9p megmozdul\u00e1soknak is tan\u00fai lehett\u00fcnk. N\u00e9h\u00e1ny s\u00e9r\u00fcl\u00e9s tark\u00edtotta az am\u00fagy bar\u00e1ts\u00e1gosan \u00e9s korrekt\u00fcl zajl\u00f3 j\u00e1t\u00e9kot, de a klub edz\u0151inek Chrompota Attil\u00e1nak \u00e9s M\u00e1ty\u00e1s Zsoltnak, akik a m\u00e9rk\u0151z\u00e9seket vez\u00e9nyelt\u00e9k, nem kellett beleny\u00falni a meccsekbe. A s\u00e9r\u00fcltek \u00e1llapot\u00e1t fizioterapeut\u00e1juk, Andreas Demetriou ellen\u0151rizte. A d\u00edj\u00e1tad\u00f3ra az esti g\u00e1lameccs el\u0151tt ker\u00fclt sor. Minden csapat oklevelet, az els\u0151 h\u00e1rom helyezett kup\u00e1t, a gy\u0151ztesek pedig a Padlizs\u00e1n \u00c9tterem megh\u00edv\u00e1s\u00e1t kapt\u00e1k aj\u00e1nd\u00e9kba a kem\u00e9ny munk\u00e1\u00e9rt cser\u00e9be. A v\u00e9gleges csapatsorrend az al\u00e1bbiak szerint alakult: 1. Huta, 2. Szerda Esti Foci, 3. DEFC 2017 FC, 4. Football Tansz\u00e9k, 5. FC Dynamo. Gratul\u00e1lunk a csapatoknak, igaz\u00e1n odatett\u00e9k magukat a p\u00e1ly\u00e1n a j\u00e1t\u00e9kosok!<\/p>\n<p><img decoding=\"async\" class=\"alignnone size-full wp-image-19318\" src=\"https:\/\/dorogimedence.hu\/wp-content\/uploads\/2019\/09\/futballejszaka-03.jpg\" alt=\"\" width=\"670\" height=\"365\" srcset=\"https:\/\/dorogimedence.hu\/wp-content\/uploads\/2019\/09\/futballejszaka-03.jpg 670w, https:\/\/dorogimedence.hu\/wp-content\/uploads\/2019\/09\/futballejszaka-03-300x163.jpg 300w\" sizes=\"(max-width: 670px) 100vw, 670px\" \/><\/p>\n<p>A bajnoks\u00e1g ut\u00e1n kezd\u0151dtek az <strong>el\u0151regisztr\u00e1ci\u00f3hoz k\u00f6t\u00f6tt versenyek,<\/strong> amelyeket Petrovics Bence \u00e9s Nagy Zsombor vez\u00e9nyelt le. A 11-es r\u00fag\u00f3 bajnoks\u00e1gon t\u00f6bb mint h\u00faszan tett\u00e9k pr\u00f3b\u00e1ra \u00fcgyess\u00e9g\u00fcket \u00e9s K\u00e1nya G\u00e1bor feln\u0151tt kapust. Az \u00fcres kapuba passzol\u00e1sn\u00e1l egy b\u00e1rsz\u00e9ken p\u00f6rgett\u00e9k be a jelentkez\u0151ket, akiknek ezut\u00e1n kellett a labd\u00e1t begur\u00edtaniuk a h\u00e1l\u00f3ba. A dek\u00e1z\u00f3s versenyen pedig azt tesztelt\u00e9k, ki tudja legtov\u00e1bb v\u00e1ltott l\u00e1bbal r\u00fagni a labd\u00e1t. A j\u00e1t\u00e9kok nyertesei: 1. 11-es r\u00fag\u00f3 verseny: Speier Kende, 2. \u00dcres kapuba passzol\u00e1s: Kiss M\u00e1rk, 3. Dek\u00e1z\u00f3s verseny: Kiss S\u00e1ndor. Gratul\u00e1lunk fi\u00fak, nagyon \u00fcgyesek voltatok!<\/p>\n<p>A f\u00fcves p\u00e1ly\u00e1n Kun Imre<strong> kapusedz\u00e9se<\/strong> \u00e9s a <strong>feln\u0151tt csapat ny\u00edlt edz\u00e9se<\/strong> is zajlott, \u00edgy az \u00e9rdekl\u0151d\u0151k betekint\u00e9st nyerhettek abba, hogyan k\u00e9sz\u00fclnek a j\u00e1t\u00e9kosok a vas\u00e1rnapi Nagyigm\u00e1ndi KSK elleni bajnokira V\u00e1czy D\u00e1vid vezet\u0151edz\u0151 ir\u00e1ny\u00edt\u00e1sa alatt.<\/p>\n<p><img decoding=\"async\" class=\"alignnone size-full wp-image-19319\" src=\"https:\/\/dorogimedence.hu\/wp-content\/uploads\/2019\/09\/futballejszaka-04.jpg\" alt=\"\" width=\"670\" height=\"365\" srcset=\"https:\/\/dorogimedence.hu\/wp-content\/uploads\/2019\/09\/futballejszaka-04.jpg 670w, https:\/\/dorogimedence.hu\/wp-content\/uploads\/2019\/09\/futballejszaka-04-300x163.jpg 300w\" sizes=\"(max-width: 670px) 100vw, 670px\" \/><\/p>\n<p>A nagy p\u00e1lya melletti ter\u00fcleten kapott helyet a k\u00e9t <strong>teqball<\/strong> asztal, amely sok \u00e9rdekl\u0151d\u0151t vonzott. A speci\u00e1lis, dombor\u00fa asztal j\u00e1t\u00e9kszab\u00e1ly\u00e1t Budav\u00e1ri D\u00e1niel ismertette, majd Terj\u00e9k Lajos sportigazgat\u00f3 bemutat\u00f3t is tartottak a gyerekeknek.<\/p>\n<p>Az esem\u00e9nyen az <strong>Esztergomi Vasas \u00d6regfi\u00fak<\/strong> nagy l\u00e9tsz\u00e1mmal vettek r\u00e9szt. A Centrumban \u00e9rdekl\u0151dve n\u00e9zt\u00e9k a ki\u00e1ll\u00edtott kup\u00e1kat \u00e9s a t\u00e1rgyal\u00f3ban a Vincze Spori Print Nyomda j\u00f3volt\u00e1b\u00f3l elk\u00e9sz\u00edtett hatalmas eml\u00e9kt\u00e1bl\u00e1n pedig \u00f6r\u00f6mmel fedezt\u00e9k fel magukat a korabeli fot\u00f3kon.<\/p>\n<p>A program f\u0151esem\u00e9nye a 20 \u00f3rakor kezd\u0151d\u0151 <strong>FC Esztergomi \u00d6regfi\u00fak \u2013 DAC \u00d6regfi\u00fak<\/strong> villanyf\u00e9nyes g\u00e1lam\u00e9rk\u0151z\u00e9s volt, amely nagyon sok \u00e9rdekl\u0151d\u0151t vonzott. Megtelt a lel\u00e1t\u00f3 \u00e9s a p\u00e1lya melletti ter\u00fcleteken is \u00e1lltak n\u00e9zel\u0151d\u0151k. Az \u00f6sszecsap\u00e1s el\u0151tt term\u00e9szetesen felcsend\u00fclt az Ismer\u0151s Arcok zenekar N\u00e9lk\u00fcled c\u00edm\u0171 dala, amely n\u00e9lk\u00fcl nem indulhat Dunaszerdahely m\u00e9rk\u0151z\u00e9s \u00e9s a magyar himnusz is. A bar\u00e1ts\u00e1gos, de olykor par\u00e1zs hangulat\u00fa m\u00e9rk\u0151z\u00e9s v\u00e9g\u00fcl g\u00f3lz\u00e1porosra siker\u00fclt, amelyet a vend\u00e9g csapat nyert meg 2-5-re.<\/p>\n","protected":false},"excerpt":{"rendered":"<p>Id\u00e9n el\u0151sz\u00f6r az FC Esztergom is csatlakozott A Futball \u00c9jszak\u00e1ja rendezv\u00e9nyhez. Az esem\u00e9ny szeptember 6-\u00e1n, p\u00e9nteken d\u00e9lut\u00e1n vette kezdet\u00e9t, amire v\u00e1ltozatos programokkal v\u00e1rtak minden futball rajong\u00f3t. Az els\u0151 \u00e9rdekl\u0151d\u0151k m\u00e1r 16 \u00f3ra ut\u00e1n gy\u00fclekezni kezdtek a Futball Centrum piros-feh\u00e9r lufikkal feld\u00edsz\u00edtett kapuja el\u0151tt, hiszen az el\u0151zetesen meghirdetett program szerint 17 \u00f3rakor vette kezdet\u00e9t az esem\u00e9ny.<\/p>\n","protected":false},"author":1,"featured_media":19316,"comment_status":"closed","ping_status":"closed","sticky":false,"template":"","format":"standard","meta":{"ngg_post_thumbnail":0,"footnotes":""},"categories":[38,3,5],"tags":[42,4232,2932,16],"class_list":{"0":"post-19315","1":"post","2":"type-post","3":"status-publish","4":"format-standard","5":"has-post-thumbnail","7":"category-esztergom","8":"category-hirek","9":"category-sport","10":"tag-esztergom","11":"tag-fc-esztergom","12":"tag-futball-ejszakaja","13":"tag-sport"},"yoast_head":"<!-- This site is optimized with the Yoast SEO plugin v27.4 - https:\/\/yoast.com\/product\/yoast-seo-wordpress\/ -->\n<title>Nagy sikerrel z\u00e1rult A Futball \u00c9jszak\u00e1ja Esztergomban<\/title>\n<meta name=\"robots\" content=\"index, follow, max-snippet:-1, max-image-preview:large, max-video-preview:-1\" \/>\n<link rel=\"canonical\" href=\"https:\/\/dorogimedence.hu\/index.php\/2019\/09\/08\/nagy-sikerrel-zarult-a-futball-ejszakaja-esztergomban\/\" class=\"yoast-seo-meta-tag\" \/>\n<meta property=\"og:locale\" content=\"hu_HU\" class=\"yoast-seo-meta-tag\" \/>\n<meta property=\"og:type\" content=\"article\" class=\"yoast-seo-meta-tag\" \/>\n<meta property=\"og:title\" content=\"Nagy sikerrel z\u00e1rult A Futball \u00c9jszak\u00e1ja Esztergomban\" class=\"yoast-seo-meta-tag\" \/>\n<meta property=\"og:description\" content=\"Id\u00e9n el\u0151sz\u00f6r az FC Esztergom is csatlakozott A Futball \u00c9jszak\u00e1ja rendezv\u00e9nyhez. Az esem\u00e9ny szeptember 6-\u00e1n, p\u00e9nteken d\u00e9lut\u00e1n vette kezdet\u00e9t, amire v\u00e1ltozatos programokkal v\u00e1rtak minden futball rajong\u00f3t. Az els\u0151 \u00e9rdekl\u0151d\u0151k m\u00e1r 16 \u00f3ra ut\u00e1n gy\u00fclekezni kezdtek a Futball Centrum piros-feh\u00e9r lufikkal feld\u00edsz\u00edtett kapuja el\u0151tt, hiszen az el\u0151zetesen meghirdetett program szerint 17 \u00f3rakor vette kezdet\u00e9t az esem\u00e9ny.\" class=\"yoast-seo-meta-tag\" \/>\n<meta property=\"og:url\" content=\"https:\/\/dorogimedence.hu\/index.php\/2019\/09\/08\/nagy-sikerrel-zarult-a-futball-ejszakaja-esztergomban\/\" class=\"yoast-seo-meta-tag\" \/>\n<meta property=\"og:site_name\" content=\"Dorogi-medence Region\u00e1lis H\u00edrport\u00e1l\" class=\"yoast-seo-meta-tag\" \/>\n<meta property=\"article:publisher\" content=\"https:\/\/www.facebook.com\/dorogimedence\/\" class=\"yoast-seo-meta-tag\" \/>\n<meta property=\"article:published_time\" content=\"2019-09-08T10:47:54+00:00\" class=\"yoast-seo-meta-tag\" \/>\n<meta property=\"article:modified_time\" content=\"2019-09-08T10:48:03+00:00\" class=\"yoast-seo-meta-tag\" \/>\n<meta property=\"og:image\" content=\"https:\/\/i0.wp.com\/dorogimedence.hu\/wp-content\/uploads\/2019\/09\/futballejszaka-01.jpg?fit=670%2C365&ssl=1\" class=\"yoast-seo-meta-tag\" \/>\n\t<meta property=\"og:image:width\" content=\"670\" class=\"yoast-seo-meta-tag\" \/>\n\t<meta property=\"og:image:height\" content=\"365\" class=\"yoast-seo-meta-tag\" \/>\n\t<meta property=\"og:image:type\" content=\"image\/jpeg\" class=\"yoast-seo-meta-tag\" \/>\n<meta name=\"author\" content=\"dorogimedence.hu\" class=\"yoast-seo-meta-tag\" \/>\n<meta name=\"twitter:card\" content=\"summary_large_image\" class=\"yoast-seo-meta-tag\" \/>\n<meta name=\"twitter:label1\" content=\"Szerz\u0151:\" class=\"yoast-seo-meta-tag\" \/>\n\t<meta name=\"twitter:data1\" content=\"dorogimedence.hu\" class=\"yoast-seo-meta-tag\" \/>\n\t<meta name=\"twitter:label2\" content=\"Becs\u00fclt olvas\u00e1si id\u0151\" class=\"yoast-seo-meta-tag\" \/>\n\t<meta name=\"twitter:data2\" content=\"4 perc\" class=\"yoast-seo-meta-tag\" \/>\n<script type=\"application\/ld+json\" class=\"yoast-schema-graph\">{\"@context\":\"https:\\\/\\\/schema.org\",\"@graph\":[{\"@type\":\"Article\",\"@id\":\"https:\\\/\\\/dorogimedence.hu\\\/index.php\\\/2019\\\/09\\\/08\\\/nagy-sikerrel-zarult-a-futball-ejszakaja-esztergomban\\\/#article\",\"isPartOf\":{\"@id\":\"https:\\\/\\\/dorogimedence.hu\\\/index.php\\\/2019\\\/09\\\/08\\\/nagy-sikerrel-zarult-a-futball-ejszakaja-esztergomban\\\/\"},\"author\":{\"name\":\"dorogimedence.hu\",\"@id\":\"https:\\\/\\\/dorogimedence.hu\\\/#\\\/schema\\\/person\\\/ce6091eeb7e95ecdc87890d6aa8e0fd4\"},\"headline\":\"Nagy sikerrel z\u00e1rult A Futball \u00c9jszak\u00e1ja Esztergomban\",\"datePublished\":\"2019-09-08T10:47:54+00:00\",\"dateModified\":\"2019-09-08T10:48:03+00:00\",\"mainEntityOfPage\":{\"@id\":\"https:\\\/\\\/dorogimedence.hu\\\/index.php\\\/2019\\\/09\\\/08\\\/nagy-sikerrel-zarult-a-futball-ejszakaja-esztergomban\\\/\"},\"wordCount\":877,\"publisher\":{\"@id\":\"https:\\\/\\\/dorogimedence.hu\\\/#organization\"},\"image\":{\"@id\":\"https:\\\/\\\/dorogimedence.hu\\\/index.php\\\/2019\\\/09\\\/08\\\/nagy-sikerrel-zarult-a-futball-ejszakaja-esztergomban\\\/#primaryimage\"},\"thumbnailUrl\":\"https:\\\/\\\/dorogimedence.hu\\\/wp-content\\\/uploads\\\/2019\\\/09\\\/futballejszaka-01.jpg\",\"keywords\":[\"esztergom\",\"FC Esztergom\",\"futball \u00e9jszak\u00e1ja\",\"sport\"],\"articleSection\":[\"Esztergom\",\"H\u00edrek\",\"Sport\"],\"inLanguage\":\"hu\"},{\"@type\":\"WebPage\",\"@id\":\"https:\\\/\\\/dorogimedence.hu\\\/index.php\\\/2019\\\/09\\\/08\\\/nagy-sikerrel-zarult-a-futball-ejszakaja-esztergomban\\\/\",\"url\":\"https:\\\/\\\/dorogimedence.hu\\\/index.php\\\/2019\\\/09\\\/08\\\/nagy-sikerrel-zarult-a-futball-ejszakaja-esztergomban\\\/\",\"name\":\"Nagy sikerrel z\u00e1rult A Futball \u00c9jszak\u00e1ja Esztergomban\",\"isPartOf\":{\"@id\":\"https:\\\/\\\/dorogimedence.hu\\\/#website\"},\"primaryImageOfPage\":{\"@id\":\"https:\\\/\\\/dorogimedence.hu\\\/index.php\\\/2019\\\/09\\\/08\\\/nagy-sikerrel-zarult-a-futball-ejszakaja-esztergomban\\\/#primaryimage\"},\"image\":{\"@id\":\"https:\\\/\\\/dorogimedence.hu\\\/index.php\\\/2019\\\/09\\\/08\\\/nagy-sikerrel-zarult-a-futball-ejszakaja-esztergomban\\\/#primaryimage\"},\"thumbnailUrl\":\"https:\\\/\\\/dorogimedence.hu\\\/wp-content\\\/uploads\\\/2019\\\/09\\\/futballejszaka-01.jpg\",\"datePublished\":\"2019-09-08T10:47:54+00:00\",\"dateModified\":\"2019-09-08T10:48:03+00:00\",\"breadcrumb\":{\"@id\":\"https:\\\/\\\/dorogimedence.hu\\\/index.php\\\/2019\\\/09\\\/08\\\/nagy-sikerrel-zarult-a-futball-ejszakaja-esztergomban\\\/#breadcrumb\"},\"inLanguage\":\"hu\",\"potentialAction\":[{\"@type\":\"ReadAction\",\"target\":[\"https:\\\/\\\/dorogimedence.hu\\\/index.php\\\/2019\\\/09\\\/08\\\/nagy-sikerrel-zarult-a-futball-ejszakaja-esztergomban\\\/\"]}]},{\"@type\":\"ImageObject\",\"inLanguage\":\"hu\",\"@id\":\"https:\\\/\\\/dorogimedence.hu\\\/index.php\\\/2019\\\/09\\\/08\\\/nagy-sikerrel-zarult-a-futball-ejszakaja-esztergomban\\\/#primaryimage\",\"url\":\"https:\\\/\\\/dorogimedence.hu\\\/wp-content\\\/uploads\\\/2019\\\/09\\\/futballejszaka-01.jpg\",\"contentUrl\":\"https:\\\/\\\/dorogimedence.hu\\\/wp-content\\\/uploads\\\/2019\\\/09\\\/futballejszaka-01.jpg\",\"width\":670,\"height\":365},{\"@type\":\"BreadcrumbList\",\"@id\":\"https:\\\/\\\/dorogimedence.hu\\\/index.php\\\/2019\\\/09\\\/08\\\/nagy-sikerrel-zarult-a-futball-ejszakaja-esztergomban\\\/#breadcrumb\",\"itemListElement\":[{\"@type\":\"ListItem\",\"position\":1,\"name\":\"Kezd\u0151lap\",\"item\":\"https:\\\/\\\/dorogimedence.hu\\\/\"},{\"@type\":\"ListItem\",\"position\":2,\"name\":\"Nagy sikerrel z\u00e1rult A Futball \u00c9jszak\u00e1ja Esztergomban\"}]},{\"@type\":\"WebSite\",\"@id\":\"https:\\\/\\\/dorogimedence.hu\\\/#website\",\"url\":\"https:\\\/\\\/dorogimedence.hu\\\/\",\"name\":\"Dorogi-medence Region\u00e1lis H\u00edrport\u00e1l\",\"description\":\"Dorog, Keszt\u00f6lc, Le\u00e1nyv\u00e1r, Piliscs\u00e9v, Tokod, Tokodalt\u00e1r\u00f3, Csolnok, Esztergom-kertv\u00e1ros: h\u00edrek, programok\",\"publisher\":{\"@id\":\"https:\\\/\\\/dorogimedence.hu\\\/#organization\"},\"potentialAction\":[{\"@type\":\"SearchAction\",\"target\":{\"@type\":\"EntryPoint\",\"urlTemplate\":\"https:\\\/\\\/dorogimedence.hu\\\/?s={search_term_string}\"},\"query-input\":{\"@type\":\"PropertyValueSpecification\",\"valueRequired\":true,\"valueName\":\"search_term_string\"}}],\"inLanguage\":\"hu\"},{\"@type\":\"Organization\",\"@id\":\"https:\\\/\\\/dorogimedence.hu\\\/#organization\",\"name\":\"Dorogi-medence Region\u00e1lis H\u00edrport\u00e1l\",\"url\":\"https:\\\/\\\/dorogimedence.hu\\\/\",\"logo\":{\"@type\":\"ImageObject\",\"inLanguage\":\"hu\",\"@id\":\"https:\\\/\\\/dorogimedence.hu\\\/#\\\/schema\\\/logo\\\/image\\\/\",\"url\":\"https:\\\/\\\/dorogimedence.hu\\\/wp-content\\\/uploads\\\/2021\\\/04\\\/logo-feher-600.png\",\"contentUrl\":\"https:\\\/\\\/dorogimedence.hu\\\/wp-content\\\/uploads\\\/2021\\\/04\\\/logo-feher-600.png\",\"width\":600,\"height\":100,\"caption\":\"Dorogi-medence Region\u00e1lis H\u00edrport\u00e1l\"},\"image\":{\"@id\":\"https:\\\/\\\/dorogimedence.hu\\\/#\\\/schema\\\/logo\\\/image\\\/\"},\"sameAs\":[\"https:\\\/\\\/www.facebook.com\\\/dorogimedence\\\/\"]},{\"@type\":\"Person\",\"@id\":\"https:\\\/\\\/dorogimedence.hu\\\/#\\\/schema\\\/person\\\/ce6091eeb7e95ecdc87890d6aa8e0fd4\",\"name\":\"dorogimedence.hu\",\"image\":{\"@type\":\"ImageObject\",\"inLanguage\":\"hu\",\"@id\":\"\\\/\\\/www.gravatar.com\\\/avatar\\\/d8d45f8901aadff40a4af72c0b826f1d?s=96&#038;r=g&#038;d=mm\",\"url\":\"\\\/\\\/www.gravatar.com\\\/avatar\\\/d8d45f8901aadff40a4af72c0b826f1d?s=96&#038;r=g&#038;d=mm\",\"contentUrl\":\"\\\/\\\/www.gravatar.com\\\/avatar\\\/d8d45f8901aadff40a4af72c0b826f1d?s=96&#038;r=g&#038;d=mm\",\"caption\":\"dorogimedence.hu\"}}]}<\/script>\n<!-- \/ Yoast SEO plugin. -->","yoast_head_json":{"title":"Nagy sikerrel z\u00e1rult A Futball \u00c9jszak\u00e1ja Esztergomban","robots":{"index":"index","follow":"follow","max-snippet":"max-snippet:-1","max-image-preview":"max-image-preview:large","max-video-preview":"max-video-preview:-1"},"canonical":"https:\/\/dorogimedence.hu\/index.php\/2019\/09\/08\/nagy-sikerrel-zarult-a-futball-ejszakaja-esztergomban\/","og_locale":"hu_HU","og_type":"article","og_title":"Nagy sikerrel z\u00e1rult A Futball \u00c9jszak\u00e1ja Esztergomban","og_description":"Id\u00e9n el\u0151sz\u00f6r az FC Esztergom is csatlakozott A Futball \u00c9jszak\u00e1ja rendezv\u00e9nyhez. Az esem\u00e9ny szeptember 6-\u00e1n, p\u00e9nteken d\u00e9lut\u00e1n vette kezdet\u00e9t, amire v\u00e1ltozatos programokkal v\u00e1rtak minden futball rajong\u00f3t. Az els\u0151 \u00e9rdekl\u0151d\u0151k m\u00e1r 16 \u00f3ra ut\u00e1n gy\u00fclekezni kezdtek a Futball Centrum piros-feh\u00e9r lufikkal feld\u00edsz\u00edtett kapuja el\u0151tt, hiszen az el\u0151zetesen meghirdetett program szerint 17 \u00f3rakor vette kezdet\u00e9t az esem\u00e9ny.","og_url":"https:\/\/dorogimedence.hu\/index.php\/2019\/09\/08\/nagy-sikerrel-zarult-a-futball-ejszakaja-esztergomban\/","og_site_name":"Dorogi-medence Region\u00e1lis H\u00edrport\u00e1l","article_publisher":"https:\/\/www.facebook.com\/dorogimedence\/","article_published_time":"2019-09-08T10:47:54+00:00","article_modified_time":"2019-09-08T10:48:03+00:00","og_image":[{"width":670,"height":365,"url":"https:\/\/i0.wp.com\/dorogimedence.hu\/wp-content\/uploads\/2019\/09\/futballejszaka-01.jpg?fit=670%2C365&ssl=1","type":"image\/jpeg"}],"author":"dorogimedence.hu","twitter_card":"summary_large_image","twitter_misc":{"Szerz\u0151:":"dorogimedence.hu","Becs\u00fclt olvas\u00e1si id\u0151":"4 perc"},"schema":{"@context":"https:\/\/schema.org","@graph":[{"@type":"Article","@id":"https:\/\/dorogimedence.hu\/index.php\/2019\/09\/08\/nagy-sikerrel-zarult-a-futball-ejszakaja-esztergomban\/#article","isPartOf":{"@id":"https:\/\/dorogimedence.hu\/index.php\/2019\/09\/08\/nagy-sikerrel-zarult-a-futball-ejszakaja-esztergomban\/"},"author":{"name":"dorogimedence.hu","@id":"https:\/\/dorogimedence.hu\/#\/schema\/person\/ce6091eeb7e95ecdc87890d6aa8e0fd4"},"headline":"Nagy sikerrel z\u00e1rult A Futball \u00c9jszak\u00e1ja Esztergomban","datePublished":"2019-09-08T10:47:54+00:00","dateModified":"2019-09-08T10:48:03+00:00","mainEntityOfPage":{"@id":"https:\/\/dorogimedence.hu\/index.php\/2019\/09\/08\/nagy-sikerrel-zarult-a-futball-ejszakaja-esztergomban\/"},"wordCount":877,"publisher":{"@id":"https:\/\/dorogimedence.hu\/#organization"},"image":{"@id":"https:\/\/dorogimedence.hu\/index.php\/2019\/09\/08\/nagy-sikerrel-zarult-a-futball-ejszakaja-esztergomban\/#primaryimage"},"thumbnailUrl":"https:\/\/dorogimedence.hu\/wp-content\/uploads\/2019\/09\/futballejszaka-01.jpg","keywords":["esztergom","FC Esztergom","futball \u00e9jszak\u00e1ja","sport"],"articleSection":["Esztergom","H\u00edrek","Sport"],"inLanguage":"hu"},{"@type":"WebPage","@id":"https:\/\/dorogimedence.hu\/index.php\/2019\/09\/08\/nagy-sikerrel-zarult-a-futball-ejszakaja-esztergomban\/","url":"https:\/\/dorogimedence.hu\/index.php\/2019\/09\/08\/nagy-sikerrel-zarult-a-futball-ejszakaja-esztergomban\/","name":"Nagy sikerrel z\u00e1rult A Futball \u00c9jszak\u00e1ja Esztergomban","isPartOf":{"@id":"https:\/\/dorogimedence.hu\/#website"},"primaryImageOfPage":{"@id":"https:\/\/dorogimedence.hu\/index.php\/2019\/09\/08\/nagy-sikerrel-zarult-a-futball-ejszakaja-esztergomban\/#primaryimage"},"image":{"@id":"https:\/\/dorogimedence.hu\/index.php\/2019\/09\/08\/nagy-sikerrel-zarult-a-futball-ejszakaja-esztergomban\/#primaryimage"},"thumbnailUrl":"https:\/\/dorogimedence.hu\/wp-content\/uploads\/2019\/09\/futballejszaka-01.jpg","datePublished":"2019-09-08T10:47:54+00:00","dateModified":"2019-09-08T10:48:03+00:00","breadcrumb":{"@id":"https:\/\/dorogimedence.hu\/index.php\/2019\/09\/08\/nagy-sikerrel-zarult-a-futball-ejszakaja-esztergomban\/#breadcrumb"},"inLanguage":"hu","potentialAction":[{"@type":"ReadAction","target":["https:\/\/dorogimedence.hu\/index.php\/2019\/09\/08\/nagy-sikerrel-zarult-a-futball-ejszakaja-esztergomban\/"]}]},{"@type":"ImageObject","inLanguage":"hu","@id":"https:\/\/dorogimedence.hu\/index.php\/2019\/09\/08\/nagy-sikerrel-zarult-a-futball-ejszakaja-esztergomban\/#primaryimage","url":"https:\/\/dorogimedence.hu\/wp-content\/uploads\/2019\/09\/futballejszaka-01.jpg","contentUrl":"https:\/\/dorogimedence.hu\/wp-content\/uploads\/2019\/09\/futballejszaka-01.jpg","width":670,"height":365},{"@type":"BreadcrumbList","@id":"https:\/\/dorogimedence.hu\/index.php\/2019\/09\/08\/nagy-sikerrel-zarult-a-futball-ejszakaja-esztergomban\/#breadcrumb","itemListElement":[{"@type":"ListItem","position":1,"name":"Kezd\u0151lap","item":"https:\/\/dorogimedence.hu\/"},{"@type":"ListItem","position":2,"name":"Nagy sikerrel z\u00e1rult A Futball \u00c9jszak\u00e1ja Esztergomban"}]},{"@type":"WebSite","@id":"https:\/\/dorogimedence.hu\/#website","url":"https:\/\/dorogimedence.hu\/","name":"Dorogi-medence Region\u00e1lis H\u00edrport\u00e1l","description":"Dorog, Keszt\u00f6lc, Le\u00e1nyv\u00e1r, Piliscs\u00e9v, Tokod, Tokodalt\u00e1r\u00f3, Csolnok, Esztergom-kertv\u00e1ros: h\u00edrek, programok","publisher":{"@id":"https:\/\/dorogimedence.hu\/#organization"},"potentialAction":[{"@type":"SearchAction","target":{"@type":"EntryPoint","urlTemplate":"https:\/\/dorogimedence.hu\/?s={search_term_string}"},"query-input":{"@type":"PropertyValueSpecification","valueRequired":true,"valueName":"search_term_string"}}],"inLanguage":"hu"},{"@type":"Organization","@id":"https:\/\/dorogimedence.hu\/#organization","name":"Dorogi-medence Region\u00e1lis H\u00edrport\u00e1l","url":"https:\/\/dorogimedence.hu\/","logo":{"@type":"ImageObject","inLanguage":"hu","@id":"https:\/\/dorogimedence.hu\/#\/schema\/logo\/image\/","url":"https:\/\/dorogimedence.hu\/wp-content\/uploads\/2021\/04\/logo-feher-600.png","contentUrl":"https:\/\/dorogimedence.hu\/wp-content\/uploads\/2021\/04\/logo-feher-600.png","width":600,"height":100,"caption":"Dorogi-medence Region\u00e1lis H\u00edrport\u00e1l"},"image":{"@id":"https:\/\/dorogimedence.hu\/#\/schema\/logo\/image\/"},"sameAs":["https:\/\/www.facebook.com\/dorogimedence\/"]},{"@type":"Person","@id":"https:\/\/dorogimedence.hu\/#\/schema\/person\/ce6091eeb7e95ecdc87890d6aa8e0fd4","name":"dorogimedence.hu","image":{"@type":"ImageObject","inLanguage":"hu","@id":"\/\/www.gravatar.com\/avatar\/d8d45f8901aadff40a4af72c0b826f1d?s=96&#038;r=g&#038;d=mm","url":"\/\/www.gravatar.com\/avatar\/d8d45f8901aadff40a4af72c0b826f1d?s=96&#038;r=g&#038;d=mm","contentUrl":"\/\/www.gravatar.com\/avatar\/d8d45f8901aadff40a4af72c0b826f1d?s=96&#038;r=g&#038;d=mm","caption":"dorogimedence.hu"}}]}},"_links":{"self":[{"href":"https:\/\/dorogimedence.hu\/index.php\/wp-json\/wp\/v2\/posts\/19315","targetHints":{"allow":["GET"]}}],"collection":[{"href":"https:\/\/dorogimedence.hu\/index.php\/wp-json\/wp\/v2\/posts"}],"about":[{"href":"https:\/\/dorogimedence.hu\/index.php\/wp-json\/wp\/v2\/types\/post"}],"author":[{"embeddable":true,"href":"https:\/\/dorogimedence.hu\/index.php\/wp-json\/wp\/v2\/users\/1"}],"replies":[{"embeddable":true,"href":"https:\/\/dorogimedence.hu\/index.php\/wp-json\/wp\/v2\/comments?post=19315"}],"version-history":[{"count":0,"href":"https:\/\/dorogimedence.hu\/index.php\/wp-json\/wp\/v2\/posts\/19315\/revisions"}],"wp:featuredmedia":[{"embeddable":true,"href":"https:\/\/dorogimedence.hu\/index.php\/wp-json\/wp\/v2\/media\/19316"}],"wp:attachment":[{"href":"https:\/\/dorogimedence.hu\/index.php\/wp-json\/wp\/v2\/media?parent=19315"}],"wp:term":[{"taxonomy":"category","embeddable":true,"href":"https:\/\/dorogimedence.hu\/index.php\/wp-json\/wp\/v2\/categories?post=19315"},{"taxonomy":"post_tag","embeddable":true,"href":"https:\/\/dorogimedence.hu\/index.php\/wp-json\/wp\/v2\/tags?post=19315"}],"curies":[{"name":"wp","href":"https:\/\/api.w.org\/{rel}","templated":true}]}}