{"id":19285,"date":"2019-09-07T11:01:32","date_gmt":"2019-09-07T09:01:32","guid":{"rendered":"http:\/\/dorogimedence.hu\/?p=19285"},"modified":"2019-09-07T11:13:55","modified_gmt":"2019-09-07T09:13:55","slug":"bajban-van-toltse-le-az-eszterggombot","status":"publish","type":"post","link":"https:\/\/dorogimedence.hu\/index.php\/2019\/09\/07\/bajban-van-toltse-le-az-eszterggombot\/","title":{"rendered":"Bajban van? T\u00f6ltse le az EsztergGOMBot!"},"content":{"rendered":"<p><strong>Egy \u00faj k\u00f6zbiztons\u00e1gi alkalmaz\u00e1ssal gazdagodtak az esztergomi polg\u00e1r\u0151r\u00f6k \u00e9s a lakosok, amelyet \u00d6n is let\u00f6lthet, ha bajba ker\u00fcl az utc\u00e1n. Ny\u00edr\u0151 Andr\u00e1ssal az Appsters Kft. \u00fcgyvezet\u0151j\u00e9vel \u00e9s Valent Tam\u00e1s polg\u00e1r\u0151rrel besz\u00e9lgett\u00fcnk.<\/strong><\/p>\n<p>Ny\u00edr\u0151 Andr\u00e1s elmondta, hogy ez egy nagyon hasznos alkalmaz\u00e1s, tulajdonk\u00e9ppen egy riaszt\u00f3. Ha valaki bajba ker\u00fcl, mind\u00f6ssze annyit kell tennie, hogy k\u00e9zbe veszi a telefonj\u00e1t, megnyom rajta egy gombot az alkalmaz\u00e1son kereszt\u00fcl pedig a polg\u00e1r\u0151rs\u00e9ghez befut a riaszt\u00e1s. Mindemellett egy nagyon pontos GPS koordin\u00e1t\u00e1t is k\u00fcld a rendszer nekik, ami alapj\u00e1n a polg\u00e1r\u0151r\u00f6k a keres\u00e9s\u00fcnkre indulhatnak. A riaszt\u00e1s ut\u00e1n pedig egy telefonsz\u00e1m is el\u00e9rhet\u0151v\u00e9 v\u00e1lik, melyet t\u00e1rcs\u00e1zva kapcsolatba is l\u00e9phet\u00fcnk vel\u00fck. Tov\u00e1bb\u00e1 m\u00e9g egy dolgot tud az alkalmaz\u00e1s: ha el\u0151re be\u00e1ll\u00edtjuk, akkor szir\u00e9na hangot adhat ki a telefonunk.<\/p>\n<p><img fetchpriority=\"high\" decoding=\"async\" class=\"alignnone size-full wp-image-19287\" src=\"https:\/\/dorogimedence.hu\/wp-content\/uploads\/2019\/09\/esztergomb-02.jpg\" alt=\"\" width=\"670\" height=\"365\" srcset=\"https:\/\/dorogimedence.hu\/wp-content\/uploads\/2019\/09\/esztergomb-02.jpg 670w, https:\/\/dorogimedence.hu\/wp-content\/uploads\/2019\/09\/esztergomb-02-300x163.jpg 300w\" sizes=\"(max-width: 670px) 100vw, 670px\" \/><\/p>\n<p>Valent Tam\u00e1s elmondta, hogy nagy sz\u00fcks\u00e9g van erre az applik\u00e1ci\u00f3ra, hiszen egyre t\u00f6bbsz\u00f6r \u00e9ri t\u00e1mad\u00e1s azokat a fiatalokat vagy id\u0151seket, akik egyed\u00fcl mennek haza a s\u00f6t\u00e9tben. Ha nem \u00e9rzik magukat biztons\u00e1gban, csak megnyomj\u00e1k a gombot \u00e9s a polg\u00e1r\u0151rs\u00e9g m\u00e1ris tud a holl\u00e9t\u00fckr\u0151l. A GPS koordin\u00e1t\u00e1k mellett a rendszer kimutatja az illet\u0151 nev\u00e9t, kor\u00e1t \u00e9s nem\u00e9t is, \u00edgy m\u00e9g k\u00f6nnyebb a felkutat\u00e1sa.<\/p>\n<p>Ny\u00edr\u0151 Andr\u00e1s hozz\u00e1tette, hogy ezt a rendszert m\u00e1r t\u00f6bb helyen is sikeresen alkalmazz\u00e1k az orsz\u00e1gban. Az applik\u00e1ci\u00f3 let\u00f6lthet\u0151 a Play \u00c1ruh\u00e1zb\u00f3l, illetve a Appstore-b\u00f3l is, amely EsztergGOMB n\u00e9ven tal\u00e1lhat\u00f3 meg! Az \u00fcgyvezet\u0151 kiemelte, hogy az alkalmaz\u00e1st ingyen k\u00e9sz\u00edtett\u00e9k el az esztergomi polg\u00e1r\u0151r\u00f6knek, mivel rengeteget seg\u00edtettek m\u00e1r a Vir\u00e1gz\u00f3 Keszt\u00f6lc Egyes\u00fcletnek, illetve vigy\u00e1zt\u00e1k a rendet Keszt\u00f6lc\u00f6n. T\u00f6bb rendezv\u00e9nyen, ker\u00e9kp\u00e1ros t\u00e1borban is kiemelt seg\u00edts\u00e9get ny\u00fajtottak, illetve szerepet v\u00e1llaltak az illeg\u00e1lis hullad\u00e9klerak\u00f3k felsz\u00e1mol\u00e1s\u00e1ban, hiszen a Dorog \u00e9s Keszt\u00f6lc k\u00f6z\u00f6tti erd\u0151ben t\u00f6bb szemetel\u0151t is siker\u00fclt elfogniuk.<\/p>\n<p><img decoding=\"async\" class=\"alignnone size-full wp-image-19288\" src=\"https:\/\/dorogimedence.hu\/wp-content\/uploads\/2019\/09\/esztergomb-03.jpg\" alt=\"\" width=\"670\" height=\"365\" srcset=\"https:\/\/dorogimedence.hu\/wp-content\/uploads\/2019\/09\/esztergomb-03.jpg 670w, https:\/\/dorogimedence.hu\/wp-content\/uploads\/2019\/09\/esztergomb-03-300x163.jpg 300w\" sizes=\"(max-width: 670px) 100vw, 670px\" \/><\/p>\n<p>Valent Tam\u00e1s abba is beavatott minket, hogy a polg\u00e1r\u0151rs\u00e9g szemsz\u00f6g\u00e9b\u0151l hogyan m\u0171k\u00f6dik a szoftver. Mindenkinek van egy \u00fcgyeleti sz\u00e1ma, a riaszt\u00e1s ut\u00e1n a k\u00f6zpontba \u00e9rkezik a jelz\u00e9s, majd az \u00e9ppen \u00fcgyeletes koll\u00e9g\u00e1nak tov\u00e1bb\u00edtja a rendszer az inform\u00e1ci\u00f3kat. \u0150 pedig m\u00e1r l\u00e1tja is a t\u00e9rk\u00e9pen, hogy hova kell indulnia.<\/p>\n<p><em><strong>A RTVE H\u00e1tt\u00e9r c\u00edm\u0171 m\u0171sor\u00e1ban 28 perc 10 m\u00e1sodperct\u0151l tekinthetj\u00fck meg a vel\u00fck k\u00e9sz\u00fclt riportot:<br \/>\n<\/strong><\/em><\/p>\n<p><video controls=\"controls\" width=\"670\" height=\"400\"><span style=\"display: inline-block; width: 0px; overflow: hidden; line-height: 0;\" data-mce-type=\"bookmark\" class=\"mce_SELRES_start\">\ufeff<\/span><source src=\"http:\/\/rtve.hu\/images\/video\/_new\/HATTER\/190906-HATTER-HD.mp4\" type=\"video\/mp4\">Az \u00d6n b\u00f6ng\u00e9sz\u0151je nem t\u00e1mogatja m\u00e9g ezt a funkci\u00f3t.<\/video><\/p>\n<p><em>Fot\u00f3k: Walczer Patrik<\/em><\/p>\n","protected":false},"excerpt":{"rendered":"<p>Egy \u00faj k\u00f6zbiztons\u00e1gi alkalmaz\u00e1ssal gazdagodtak az esztergomi polg\u00e1r\u0151r\u00f6k \u00e9s a lakosok, amelyet \u00d6n is let\u00f6lthet, ha bajba ker\u00fcl az utc\u00e1n. Ny\u00edr\u0151 Andr\u00e1ssal az Appsters Kft. \u00fcgyvezet\u0151j\u00e9vel \u00e9s Valent Tam\u00e1s polg\u00e1r\u0151rrel besz\u00e9lgett\u00fcnk. Ny\u00edr\u0151 Andr\u00e1s elmondta, hogy ez egy nagyon hasznos alkalmaz\u00e1s, tulajdonk\u00e9ppen egy riaszt\u00f3. Ha valaki bajba ker\u00fcl, mind\u00f6ssze annyit kell tennie, hogy k\u00e9zbe veszi a<\/p>\n","protected":false},"author":1,"featured_media":19286,"comment_status":"closed","ping_status":"closed","sticky":false,"template":"","format":"standard","meta":{"ngg_post_thumbnail":0,"footnotes":""},"categories":[38,3],"tags":[4038,3889,4226,42,1340],"class_list":{"0":"post-19285","1":"post","2":"type-post","3":"status-publish","4":"format-standard","5":"has-post-thumbnail","7":"category-esztergom","8":"category-hirek","9":"tag-alkalmazas","10":"tag-applikacio","11":"tag-eszterggomb","12":"tag-esztergom","13":"tag-polgarorseg"},"yoast_head":"<!-- This site is optimized with the Yoast SEO plugin v27.4 - https:\/\/yoast.com\/product\/yoast-seo-wordpress\/ -->\n<title>Bajban van? T\u00f6ltse le az EsztergGOMBot!<\/title>\n<meta name=\"robots\" content=\"index, follow, max-snippet:-1, max-image-preview:large, max-video-preview:-1\" \/>\n<link rel=\"canonical\" href=\"https:\/\/dorogimedence.hu\/index.php\/2019\/09\/07\/bajban-van-toltse-le-az-eszterggombot\/\" class=\"yoast-seo-meta-tag\" \/>\n<meta property=\"og:locale\" content=\"hu_HU\" class=\"yoast-seo-meta-tag\" \/>\n<meta property=\"og:type\" content=\"article\" class=\"yoast-seo-meta-tag\" \/>\n<meta property=\"og:title\" content=\"Bajban van? T\u00f6ltse le az EsztergGOMBot!\" class=\"yoast-seo-meta-tag\" \/>\n<meta property=\"og:description\" content=\"Egy \u00faj k\u00f6zbiztons\u00e1gi alkalmaz\u00e1ssal gazdagodtak az esztergomi polg\u00e1r\u0151r\u00f6k \u00e9s a lakosok, amelyet \u00d6n is let\u00f6lthet, ha bajba ker\u00fcl az utc\u00e1n. Ny\u00edr\u0151 Andr\u00e1ssal az Appsters Kft. \u00fcgyvezet\u0151j\u00e9vel \u00e9s Valent Tam\u00e1s polg\u00e1r\u0151rrel besz\u00e9lgett\u00fcnk. Ny\u00edr\u0151 Andr\u00e1s elmondta, hogy ez egy nagyon hasznos alkalmaz\u00e1s, tulajdonk\u00e9ppen egy riaszt\u00f3. Ha valaki bajba ker\u00fcl, mind\u00f6ssze annyit kell tennie, hogy k\u00e9zbe veszi a\" class=\"yoast-seo-meta-tag\" \/>\n<meta property=\"og:url\" content=\"https:\/\/dorogimedence.hu\/index.php\/2019\/09\/07\/bajban-van-toltse-le-az-eszterggombot\/\" class=\"yoast-seo-meta-tag\" \/>\n<meta property=\"og:site_name\" content=\"Dorogi-medence Region\u00e1lis H\u00edrport\u00e1l\" class=\"yoast-seo-meta-tag\" \/>\n<meta property=\"article:publisher\" content=\"https:\/\/www.facebook.com\/dorogimedence\/\" class=\"yoast-seo-meta-tag\" \/>\n<meta property=\"article:published_time\" content=\"2019-09-07T09:01:32+00:00\" class=\"yoast-seo-meta-tag\" \/>\n<meta property=\"article:modified_time\" content=\"2019-09-07T09:13:55+00:00\" class=\"yoast-seo-meta-tag\" \/>\n<meta property=\"og:image\" content=\"https:\/\/i0.wp.com\/dorogimedence.hu\/wp-content\/uploads\/2019\/09\/esztergomb-01.jpg?fit=670%2C365&ssl=1\" class=\"yoast-seo-meta-tag\" \/>\n\t<meta property=\"og:image:width\" content=\"670\" class=\"yoast-seo-meta-tag\" \/>\n\t<meta property=\"og:image:height\" content=\"365\" class=\"yoast-seo-meta-tag\" \/>\n\t<meta property=\"og:image:type\" content=\"image\/jpeg\" class=\"yoast-seo-meta-tag\" \/>\n<meta name=\"author\" content=\"dorogimedence.hu\" class=\"yoast-seo-meta-tag\" \/>\n<meta name=\"twitter:card\" content=\"summary_large_image\" class=\"yoast-seo-meta-tag\" \/>\n<meta name=\"twitter:label1\" content=\"Szerz\u0151:\" class=\"yoast-seo-meta-tag\" \/>\n\t<meta name=\"twitter:data1\" content=\"dorogimedence.hu\" class=\"yoast-seo-meta-tag\" \/>\n\t<meta name=\"twitter:label2\" content=\"Becs\u00fclt olvas\u00e1si id\u0151\" class=\"yoast-seo-meta-tag\" \/>\n\t<meta name=\"twitter:data2\" content=\"3 perc\" class=\"yoast-seo-meta-tag\" \/>\n<script type=\"application\/ld+json\" class=\"yoast-schema-graph\">{\"@context\":\"https:\\\/\\\/schema.org\",\"@graph\":[{\"@type\":\"Article\",\"@id\":\"https:\\\/\\\/dorogimedence.hu\\\/index.php\\\/2019\\\/09\\\/07\\\/bajban-van-toltse-le-az-eszterggombot\\\/#article\",\"isPartOf\":{\"@id\":\"https:\\\/\\\/dorogimedence.hu\\\/index.php\\\/2019\\\/09\\\/07\\\/bajban-van-toltse-le-az-eszterggombot\\\/\"},\"author\":{\"name\":\"dorogimedence.hu\",\"@id\":\"https:\\\/\\\/dorogimedence.hu\\\/#\\\/schema\\\/person\\\/ce6091eeb7e95ecdc87890d6aa8e0fd4\"},\"headline\":\"Bajban van? T\u00f6ltse le az EsztergGOMBot!\",\"datePublished\":\"2019-09-07T09:01:32+00:00\",\"dateModified\":\"2019-09-07T09:13:55+00:00\",\"mainEntityOfPage\":{\"@id\":\"https:\\\/\\\/dorogimedence.hu\\\/index.php\\\/2019\\\/09\\\/07\\\/bajban-van-toltse-le-az-eszterggombot\\\/\"},\"wordCount\":524,\"publisher\":{\"@id\":\"https:\\\/\\\/dorogimedence.hu\\\/#organization\"},\"image\":{\"@id\":\"https:\\\/\\\/dorogimedence.hu\\\/index.php\\\/2019\\\/09\\\/07\\\/bajban-van-toltse-le-az-eszterggombot\\\/#primaryimage\"},\"thumbnailUrl\":\"https:\\\/\\\/dorogimedence.hu\\\/wp-content\\\/uploads\\\/2019\\\/09\\\/esztergomb-01.jpg\",\"keywords\":[\"alkalmaz\u00e1s\",\"applik\u00e1ci\u00f3\",\"EsztergGOMB\",\"esztergom\",\"polg\u00e1r\u0151rs\u00e9g\"],\"articleSection\":[\"Esztergom\",\"H\u00edrek\"],\"inLanguage\":\"hu\"},{\"@type\":\"WebPage\",\"@id\":\"https:\\\/\\\/dorogimedence.hu\\\/index.php\\\/2019\\\/09\\\/07\\\/bajban-van-toltse-le-az-eszterggombot\\\/\",\"url\":\"https:\\\/\\\/dorogimedence.hu\\\/index.php\\\/2019\\\/09\\\/07\\\/bajban-van-toltse-le-az-eszterggombot\\\/\",\"name\":\"Bajban van? T\u00f6ltse le az EsztergGOMBot!\",\"isPartOf\":{\"@id\":\"https:\\\/\\\/dorogimedence.hu\\\/#website\"},\"primaryImageOfPage\":{\"@id\":\"https:\\\/\\\/dorogimedence.hu\\\/index.php\\\/2019\\\/09\\\/07\\\/bajban-van-toltse-le-az-eszterggombot\\\/#primaryimage\"},\"image\":{\"@id\":\"https:\\\/\\\/dorogimedence.hu\\\/index.php\\\/2019\\\/09\\\/07\\\/bajban-van-toltse-le-az-eszterggombot\\\/#primaryimage\"},\"thumbnailUrl\":\"https:\\\/\\\/dorogimedence.hu\\\/wp-content\\\/uploads\\\/2019\\\/09\\\/esztergomb-01.jpg\",\"datePublished\":\"2019-09-07T09:01:32+00:00\",\"dateModified\":\"2019-09-07T09:13:55+00:00\",\"breadcrumb\":{\"@id\":\"https:\\\/\\\/dorogimedence.hu\\\/index.php\\\/2019\\\/09\\\/07\\\/bajban-van-toltse-le-az-eszterggombot\\\/#breadcrumb\"},\"inLanguage\":\"hu\",\"potentialAction\":[{\"@type\":\"ReadAction\",\"target\":[\"https:\\\/\\\/dorogimedence.hu\\\/index.php\\\/2019\\\/09\\\/07\\\/bajban-van-toltse-le-az-eszterggombot\\\/\"]}]},{\"@type\":\"ImageObject\",\"inLanguage\":\"hu\",\"@id\":\"https:\\\/\\\/dorogimedence.hu\\\/index.php\\\/2019\\\/09\\\/07\\\/bajban-van-toltse-le-az-eszterggombot\\\/#primaryimage\",\"url\":\"https:\\\/\\\/dorogimedence.hu\\\/wp-content\\\/uploads\\\/2019\\\/09\\\/esztergomb-01.jpg\",\"contentUrl\":\"https:\\\/\\\/dorogimedence.hu\\\/wp-content\\\/uploads\\\/2019\\\/09\\\/esztergomb-01.jpg\",\"width\":670,\"height\":365},{\"@type\":\"BreadcrumbList\",\"@id\":\"https:\\\/\\\/dorogimedence.hu\\\/index.php\\\/2019\\\/09\\\/07\\\/bajban-van-toltse-le-az-eszterggombot\\\/#breadcrumb\",\"itemListElement\":[{\"@type\":\"ListItem\",\"position\":1,\"name\":\"Kezd\u0151lap\",\"item\":\"https:\\\/\\\/dorogimedence.hu\\\/\"},{\"@type\":\"ListItem\",\"position\":2,\"name\":\"Bajban van? T\u00f6ltse le az EsztergGOMBot!\"}]},{\"@type\":\"WebSite\",\"@id\":\"https:\\\/\\\/dorogimedence.hu\\\/#website\",\"url\":\"https:\\\/\\\/dorogimedence.hu\\\/\",\"name\":\"Dorogi-medence Region\u00e1lis H\u00edrport\u00e1l\",\"description\":\"Dorog, Keszt\u00f6lc, Le\u00e1nyv\u00e1r, Piliscs\u00e9v, Tokod, Tokodalt\u00e1r\u00f3, Csolnok, Esztergom-kertv\u00e1ros: h\u00edrek, programok\",\"publisher\":{\"@id\":\"https:\\\/\\\/dorogimedence.hu\\\/#organization\"},\"potentialAction\":[{\"@type\":\"SearchAction\",\"target\":{\"@type\":\"EntryPoint\",\"urlTemplate\":\"https:\\\/\\\/dorogimedence.hu\\\/?s={search_term_string}\"},\"query-input\":{\"@type\":\"PropertyValueSpecification\",\"valueRequired\":true,\"valueName\":\"search_term_string\"}}],\"inLanguage\":\"hu\"},{\"@type\":\"Organization\",\"@id\":\"https:\\\/\\\/dorogimedence.hu\\\/#organization\",\"name\":\"Dorogi-medence Region\u00e1lis H\u00edrport\u00e1l\",\"url\":\"https:\\\/\\\/dorogimedence.hu\\\/\",\"logo\":{\"@type\":\"ImageObject\",\"inLanguage\":\"hu\",\"@id\":\"https:\\\/\\\/dorogimedence.hu\\\/#\\\/schema\\\/logo\\\/image\\\/\",\"url\":\"https:\\\/\\\/dorogimedence.hu\\\/wp-content\\\/uploads\\\/2021\\\/04\\\/logo-feher-600.png\",\"contentUrl\":\"https:\\\/\\\/dorogimedence.hu\\\/wp-content\\\/uploads\\\/2021\\\/04\\\/logo-feher-600.png\",\"width\":600,\"height\":100,\"caption\":\"Dorogi-medence Region\u00e1lis H\u00edrport\u00e1l\"},\"image\":{\"@id\":\"https:\\\/\\\/dorogimedence.hu\\\/#\\\/schema\\\/logo\\\/image\\\/\"},\"sameAs\":[\"https:\\\/\\\/www.facebook.com\\\/dorogimedence\\\/\"]},{\"@type\":\"Person\",\"@id\":\"https:\\\/\\\/dorogimedence.hu\\\/#\\\/schema\\\/person\\\/ce6091eeb7e95ecdc87890d6aa8e0fd4\",\"name\":\"dorogimedence.hu\",\"image\":{\"@type\":\"ImageObject\",\"inLanguage\":\"hu\",\"@id\":\"\\\/\\\/www.gravatar.com\\\/avatar\\\/d8d45f8901aadff40a4af72c0b826f1d?s=96&#038;r=g&#038;d=mm\",\"url\":\"\\\/\\\/www.gravatar.com\\\/avatar\\\/d8d45f8901aadff40a4af72c0b826f1d?s=96&#038;r=g&#038;d=mm\",\"contentUrl\":\"\\\/\\\/www.gravatar.com\\\/avatar\\\/d8d45f8901aadff40a4af72c0b826f1d?s=96&#038;r=g&#038;d=mm\",\"caption\":\"dorogimedence.hu\"}}]}<\/script>\n<!-- \/ Yoast SEO plugin. -->","yoast_head_json":{"title":"Bajban van? T\u00f6ltse le az EsztergGOMBot!","robots":{"index":"index","follow":"follow","max-snippet":"max-snippet:-1","max-image-preview":"max-image-preview:large","max-video-preview":"max-video-preview:-1"},"canonical":"https:\/\/dorogimedence.hu\/index.php\/2019\/09\/07\/bajban-van-toltse-le-az-eszterggombot\/","og_locale":"hu_HU","og_type":"article","og_title":"Bajban van? T\u00f6ltse le az EsztergGOMBot!","og_description":"Egy \u00faj k\u00f6zbiztons\u00e1gi alkalmaz\u00e1ssal gazdagodtak az esztergomi polg\u00e1r\u0151r\u00f6k \u00e9s a lakosok, amelyet \u00d6n is let\u00f6lthet, ha bajba ker\u00fcl az utc\u00e1n. Ny\u00edr\u0151 Andr\u00e1ssal az Appsters Kft. \u00fcgyvezet\u0151j\u00e9vel \u00e9s Valent Tam\u00e1s polg\u00e1r\u0151rrel besz\u00e9lgett\u00fcnk. Ny\u00edr\u0151 Andr\u00e1s elmondta, hogy ez egy nagyon hasznos alkalmaz\u00e1s, tulajdonk\u00e9ppen egy riaszt\u00f3. Ha valaki bajba ker\u00fcl, mind\u00f6ssze annyit kell tennie, hogy k\u00e9zbe veszi a","og_url":"https:\/\/dorogimedence.hu\/index.php\/2019\/09\/07\/bajban-van-toltse-le-az-eszterggombot\/","og_site_name":"Dorogi-medence Region\u00e1lis H\u00edrport\u00e1l","article_publisher":"https:\/\/www.facebook.com\/dorogimedence\/","article_published_time":"2019-09-07T09:01:32+00:00","article_modified_time":"2019-09-07T09:13:55+00:00","og_image":[{"width":670,"height":365,"url":"https:\/\/i0.wp.com\/dorogimedence.hu\/wp-content\/uploads\/2019\/09\/esztergomb-01.jpg?fit=670%2C365&ssl=1","type":"image\/jpeg"}],"author":"dorogimedence.hu","twitter_card":"summary_large_image","twitter_misc":{"Szerz\u0151:":"dorogimedence.hu","Becs\u00fclt olvas\u00e1si id\u0151":"3 perc"},"schema":{"@context":"https:\/\/schema.org","@graph":[{"@type":"Article","@id":"https:\/\/dorogimedence.hu\/index.php\/2019\/09\/07\/bajban-van-toltse-le-az-eszterggombot\/#article","isPartOf":{"@id":"https:\/\/dorogimedence.hu\/index.php\/2019\/09\/07\/bajban-van-toltse-le-az-eszterggombot\/"},"author":{"name":"dorogimedence.hu","@id":"https:\/\/dorogimedence.hu\/#\/schema\/person\/ce6091eeb7e95ecdc87890d6aa8e0fd4"},"headline":"Bajban van? T\u00f6ltse le az EsztergGOMBot!","datePublished":"2019-09-07T09:01:32+00:00","dateModified":"2019-09-07T09:13:55+00:00","mainEntityOfPage":{"@id":"https:\/\/dorogimedence.hu\/index.php\/2019\/09\/07\/bajban-van-toltse-le-az-eszterggombot\/"},"wordCount":524,"publisher":{"@id":"https:\/\/dorogimedence.hu\/#organization"},"image":{"@id":"https:\/\/dorogimedence.hu\/index.php\/2019\/09\/07\/bajban-van-toltse-le-az-eszterggombot\/#primaryimage"},"thumbnailUrl":"https:\/\/dorogimedence.hu\/wp-content\/uploads\/2019\/09\/esztergomb-01.jpg","keywords":["alkalmaz\u00e1s","applik\u00e1ci\u00f3","EsztergGOMB","esztergom","polg\u00e1r\u0151rs\u00e9g"],"articleSection":["Esztergom","H\u00edrek"],"inLanguage":"hu"},{"@type":"WebPage","@id":"https:\/\/dorogimedence.hu\/index.php\/2019\/09\/07\/bajban-van-toltse-le-az-eszterggombot\/","url":"https:\/\/dorogimedence.hu\/index.php\/2019\/09\/07\/bajban-van-toltse-le-az-eszterggombot\/","name":"Bajban van? T\u00f6ltse le az EsztergGOMBot!","isPartOf":{"@id":"https:\/\/dorogimedence.hu\/#website"},"primaryImageOfPage":{"@id":"https:\/\/dorogimedence.hu\/index.php\/2019\/09\/07\/bajban-van-toltse-le-az-eszterggombot\/#primaryimage"},"image":{"@id":"https:\/\/dorogimedence.hu\/index.php\/2019\/09\/07\/bajban-van-toltse-le-az-eszterggombot\/#primaryimage"},"thumbnailUrl":"https:\/\/dorogimedence.hu\/wp-content\/uploads\/2019\/09\/esztergomb-01.jpg","datePublished":"2019-09-07T09:01:32+00:00","dateModified":"2019-09-07T09:13:55+00:00","breadcrumb":{"@id":"https:\/\/dorogimedence.hu\/index.php\/2019\/09\/07\/bajban-van-toltse-le-az-eszterggombot\/#breadcrumb"},"inLanguage":"hu","potentialAction":[{"@type":"ReadAction","target":["https:\/\/dorogimedence.hu\/index.php\/2019\/09\/07\/bajban-van-toltse-le-az-eszterggombot\/"]}]},{"@type":"ImageObject","inLanguage":"hu","@id":"https:\/\/dorogimedence.hu\/index.php\/2019\/09\/07\/bajban-van-toltse-le-az-eszterggombot\/#primaryimage","url":"https:\/\/dorogimedence.hu\/wp-content\/uploads\/2019\/09\/esztergomb-01.jpg","contentUrl":"https:\/\/dorogimedence.hu\/wp-content\/uploads\/2019\/09\/esztergomb-01.jpg","width":670,"height":365},{"@type":"BreadcrumbList","@id":"https:\/\/dorogimedence.hu\/index.php\/2019\/09\/07\/bajban-van-toltse-le-az-eszterggombot\/#breadcrumb","itemListElement":[{"@type":"ListItem","position":1,"name":"Kezd\u0151lap","item":"https:\/\/dorogimedence.hu\/"},{"@type":"ListItem","position":2,"name":"Bajban van? T\u00f6ltse le az EsztergGOMBot!"}]},{"@type":"WebSite","@id":"https:\/\/dorogimedence.hu\/#website","url":"https:\/\/dorogimedence.hu\/","name":"Dorogi-medence Region\u00e1lis H\u00edrport\u00e1l","description":"Dorog, Keszt\u00f6lc, Le\u00e1nyv\u00e1r, Piliscs\u00e9v, Tokod, Tokodalt\u00e1r\u00f3, Csolnok, Esztergom-kertv\u00e1ros: h\u00edrek, programok","publisher":{"@id":"https:\/\/dorogimedence.hu\/#organization"},"potentialAction":[{"@type":"SearchAction","target":{"@type":"EntryPoint","urlTemplate":"https:\/\/dorogimedence.hu\/?s={search_term_string}"},"query-input":{"@type":"PropertyValueSpecification","valueRequired":true,"valueName":"search_term_string"}}],"inLanguage":"hu"},{"@type":"Organization","@id":"https:\/\/dorogimedence.hu\/#organization","name":"Dorogi-medence Region\u00e1lis H\u00edrport\u00e1l","url":"https:\/\/dorogimedence.hu\/","logo":{"@type":"ImageObject","inLanguage":"hu","@id":"https:\/\/dorogimedence.hu\/#\/schema\/logo\/image\/","url":"https:\/\/dorogimedence.hu\/wp-content\/uploads\/2021\/04\/logo-feher-600.png","contentUrl":"https:\/\/dorogimedence.hu\/wp-content\/uploads\/2021\/04\/logo-feher-600.png","width":600,"height":100,"caption":"Dorogi-medence Region\u00e1lis H\u00edrport\u00e1l"},"image":{"@id":"https:\/\/dorogimedence.hu\/#\/schema\/logo\/image\/"},"sameAs":["https:\/\/www.facebook.com\/dorogimedence\/"]},{"@type":"Person","@id":"https:\/\/dorogimedence.hu\/#\/schema\/person\/ce6091eeb7e95ecdc87890d6aa8e0fd4","name":"dorogimedence.hu","image":{"@type":"ImageObject","inLanguage":"hu","@id":"\/\/www.gravatar.com\/avatar\/d8d45f8901aadff40a4af72c0b826f1d?s=96&#038;r=g&#038;d=mm","url":"\/\/www.gravatar.com\/avatar\/d8d45f8901aadff40a4af72c0b826f1d?s=96&#038;r=g&#038;d=mm","contentUrl":"\/\/www.gravatar.com\/avatar\/d8d45f8901aadff40a4af72c0b826f1d?s=96&#038;r=g&#038;d=mm","caption":"dorogimedence.hu"}}]}},"_links":{"self":[{"href":"https:\/\/dorogimedence.hu\/index.php\/wp-json\/wp\/v2\/posts\/19285","targetHints":{"allow":["GET"]}}],"collection":[{"href":"https:\/\/dorogimedence.hu\/index.php\/wp-json\/wp\/v2\/posts"}],"about":[{"href":"https:\/\/dorogimedence.hu\/index.php\/wp-json\/wp\/v2\/types\/post"}],"author":[{"embeddable":true,"href":"https:\/\/dorogimedence.hu\/index.php\/wp-json\/wp\/v2\/users\/1"}],"replies":[{"embeddable":true,"href":"https:\/\/dorogimedence.hu\/index.php\/wp-json\/wp\/v2\/comments?post=19285"}],"version-history":[{"count":0,"href":"https:\/\/dorogimedence.hu\/index.php\/wp-json\/wp\/v2\/posts\/19285\/revisions"}],"wp:featuredmedia":[{"embeddable":true,"href":"https:\/\/dorogimedence.hu\/index.php\/wp-json\/wp\/v2\/media\/19286"}],"wp:attachment":[{"href":"https:\/\/dorogimedence.hu\/index.php\/wp-json\/wp\/v2\/media?parent=19285"}],"wp:term":[{"taxonomy":"category","embeddable":true,"href":"https:\/\/dorogimedence.hu\/index.php\/wp-json\/wp\/v2\/categories?post=19285"},{"taxonomy":"post_tag","embeddable":true,"href":"https:\/\/dorogimedence.hu\/index.php\/wp-json\/wp\/v2\/tags?post=19285"}],"curies":[{"name":"wp","href":"https:\/\/api.w.org\/{rel}","templated":true}]}}