{"id":19260,"date":"2019-09-06T11:40:49","date_gmt":"2019-09-06T09:40:49","guid":{"rendered":"http:\/\/dorogimedence.hu\/?p=19260"},"modified":"2019-09-06T11:40:49","modified_gmt":"2019-09-06T09:40:49","slug":"felavattak-az-esztergomi-jozsef-attila-altalanos-iskola-megujult-tornatermet","status":"publish","type":"post","link":"https:\/\/dorogimedence.hu\/index.php\/2019\/09\/06\/felavattak-az-esztergomi-jozsef-attila-altalanos-iskola-megujult-tornatermet\/","title":{"rendered":"Felavatt\u00e1k az esztergomi J\u00f3zsef Attila \u00c1ltal\u00e1nos Iskola meg\u00fajult tornaterm\u00e9t"},"content":{"rendered":"<p><strong>Szeptember 5-\u00e9n, cs\u00fct\u00f6rt\u00f6k\u00f6n avatt\u00e1k fel a Magyar K\u00e9zilabda Sz\u00f6vets\u00e9g (MKSZ) \u00e9s az esztergomi \u00f6nkorm\u00e1nyzat t\u00e1mogat\u00e1s\u00e1b\u00f3l fel\u00faj\u00edtott J\u00f3zsef Attila \u00c1ltal\u00e1nos Iskola tornaterm\u00e9t \u00e9s \u00f6lt\u00f6z\u0151it.<\/strong><\/p>\n<p>A rendezv\u00e9nyen k\u00f6sz\u00f6nt\u00f6tt\u00e9k Romanek Etelka polg\u00e1rmester asszonyt, dr. V\u00f6lner P\u00e1lt, a t\u00e9rs\u00e9g orsz\u00e1ggy\u0171l\u00e9si k\u00e9pvisel\u0151j\u00e9t, Hern\u00e1di \u00c1d\u00e1mot, a v\u00e1ros turizmus\u00e1\u00e9rt felel\u0151s miniszteri biztost, Popovics Gy\u00f6rgy\u00f6t, a megyei k\u00f6zgy\u0171l\u00e9s eln\u00f6k\u00e9t, dr. Endre Szabolcs jegyz\u0151t, Muszela Szabolcsot, az Esztergomi Tanker\u00fcleti K\u00f6zpont ter\u00fcleti igazgat\u00f3j\u00e1t, tov\u00e1bb\u00e1 a k\u00e9pvisel\u0151-test\u00fclet \u00e9s a polg\u00e1rmesteri hivatal megjelent munkat\u00e1rsait, a kivitelez\u0151 c\u00e9g k\u00e9pvisel\u0151it, a di\u00e1kokat \u00e9s a sz\u00fcl\u0151ket.<\/p>\n<p><img fetchpriority=\"high\" decoding=\"async\" class=\"alignnone size-full wp-image-19262\" src=\"https:\/\/dorogimedence.hu\/wp-content\/uploads\/2019\/09\/iskolaatado-04.jpg\" alt=\"\" width=\"670\" height=\"365\" srcset=\"https:\/\/dorogimedence.hu\/wp-content\/uploads\/2019\/09\/iskolaatado-04.jpg 670w, https:\/\/dorogimedence.hu\/wp-content\/uploads\/2019\/09\/iskolaatado-04-300x163.jpg 300w\" sizes=\"(max-width: 670px) 100vw, 670px\" \/><\/p>\n<p>A k\u00f6sz\u00f6nt\u0151k ut\u00e1n h\u00e1rom di\u00e1k elszavalta az \u201e\u00d3da a sporthoz\u201d c\u00edm\u0171 verset, majd Ma\u00e1rn\u00e9 Harcsa Szilvia int\u00e9zm\u00e9nyvezet\u0151 j\u00e1rult a mikrofonhoz, aki \u00f6r\u00f6mmel jelentette be, hogy a di\u00e1kok h\u00e1rom nappal ezel\u0151tt \u00fajra birtokukba vehett\u00e9k a tornatermet. A meg\u00fajult csarnok \u00faj aljzatot, sportpadl\u00f3 burkolatot kapott \u00e9s \u00faj t\u00e9relv\u00e1laszt\u00f3 f\u00fcgg\u00f6nnyel b\u0151v\u00fclt. A helyis\u00e9gben \u00fajrafestett\u00e9k a falakat \u00e9s az ac\u00e9lszerkezetet, valamint korszer\u0171s\u00edtett\u00e9k a vil\u00e1g\u00edt\u00e1st is, mindemellett a projekt keret\u00e9ben az \u00f6lt\u00f6z\u0151k is meg\u00fajultak.<\/p>\n<p>Az esem\u00e9nyen <strong>Romanek Etelka<\/strong> polg\u00e1rmester asszony kijelentette, hogy \u201eism\u00e9t gyarapodott Esztergom\u201d, hiszen \u00fcnnep\u00e9lyesen \u00e1tadhatjuk azt a csarnokot, amely a sz\u00f6vets\u00e9g 80 milli\u00f3 forintnyi t\u00e1mogat\u00e1s\u00e1b\u00f3l \u00e9s az \u00f6nkorm\u00e1nyzat 34 milli\u00f3 forintnyi hozz\u00e1j\u00e1rul\u00e1s\u00e1b\u00f3l \u00fajult meg.<\/p>\n<p><img decoding=\"async\" class=\"alignnone size-full wp-image-19263\" src=\"https:\/\/dorogimedence.hu\/wp-content\/uploads\/2019\/09\/iskolaatado-02.jpg\" alt=\"\" width=\"670\" height=\"365\" srcset=\"https:\/\/dorogimedence.hu\/wp-content\/uploads\/2019\/09\/iskolaatado-02.jpg 670w, https:\/\/dorogimedence.hu\/wp-content\/uploads\/2019\/09\/iskolaatado-02-300x163.jpg 300w\" sizes=\"(max-width: 670px) 100vw, 670px\" \/><\/p>\n<p><strong>Dr. V\u00f6lner P\u00e1l<\/strong> v\u00e9lem\u00e9nye szerint az\u00e9rt is fontosak az ehhez hasonl\u00f3 beruh\u00e1z\u00e1sok, mert annak a gener\u00e1ci\u00f3nak az \u00e9rdemeit szolg\u00e1lj\u00e1k, amelynek legink\u00e1bb sz\u00fcks\u00e9ge van a mindennapos testmozg\u00e1sra. Mindemellett rem\u00e9li, hogy a j\u00f6v\u0151ben is a t\u00f6rekv\u00e9s \u00e9s igyekezet jellemzi majd a v\u00e1rost, v\u00e9gezet\u00fcl pedig boldog, iskol\u00e1ban elt\u00f6lt\u00f6tt \u00e9veket k\u00edv\u00e1nt a fiataloknak.<\/p>\n<p><img decoding=\"async\" class=\"alignnone size-full wp-image-19264\" src=\"https:\/\/dorogimedence.hu\/wp-content\/uploads\/2019\/09\/iskolaatado-03.jpg\" alt=\"\" width=\"670\" height=\"365\" srcset=\"https:\/\/dorogimedence.hu\/wp-content\/uploads\/2019\/09\/iskolaatado-03.jpg 670w, https:\/\/dorogimedence.hu\/wp-content\/uploads\/2019\/09\/iskolaatado-03-300x163.jpg 300w\" sizes=\"(max-width: 670px) 100vw, 670px\" \/><\/p>\n<p><strong>Hern\u00e1di \u00c1d\u00e1m<\/strong> korm\u00e1nybiztos, az \u00f6sszefog\u00e1ssal megval\u00f3sult beruh\u00e1z\u00e1ssal kapcsolatban megjegyezte, hogy az iskola di\u00e1kjai sz\u00e1m\u00e1ra id\u00e9n val\u00f3ban \u00faj tan\u00e9v kezd\u0151d\u00f6tt. Megjegyezte, hogy a v\u00e1rosfejleszt\u00e9st nem csak a feln\u0151ttek, hanem a gyermekek \u00e9rdek\u00e9ben is v\u00e9gezz\u00fck, hiszen a fiatalabbak az id\u0151sebbekhez hasonl\u00f3an fontos szerepet t\u00f6ltenek be a telep\u00fcl\u00e9s \u00e9let\u00e9ben.<\/p>\n<p><img loading=\"lazy\" decoding=\"async\" class=\"alignnone size-full wp-image-19265\" src=\"https:\/\/dorogimedence.hu\/wp-content\/uploads\/2019\/09\/iskolaatado-05.jpg\" alt=\"\" width=\"670\" height=\"365\" srcset=\"https:\/\/dorogimedence.hu\/wp-content\/uploads\/2019\/09\/iskolaatado-05.jpg 670w, https:\/\/dorogimedence.hu\/wp-content\/uploads\/2019\/09\/iskolaatado-05-300x163.jpg 300w\" sizes=\"(max-width: 670px) 100vw, 670px\" \/><\/p>\n<p>A besz\u00e9dek ut\u00e1n dr. V\u00f6lner P\u00e1l, Hern\u00e1di \u00c1d\u00e1m, Romanek Etelka \u00e9s Ma\u00e1rn\u00e9 Harcsa Szilvia szalag\u00e1tv\u00e1g\u00e1ssal avatta fel a tornatermet. Az \u00fcnneps\u00e9g z\u00e1r\u00e1sak\u00e9nt a Ciklon Sportt\u00e1nc Egyes\u00fclet r\u00f6vid produkci\u00f3j\u00e1t, valamint az iskola sportbemutat\u00f3j\u00e1t tekinthett\u00e9k meg a jelenl\u00e9v\u0151k.<\/p>\n<p><img loading=\"lazy\" decoding=\"async\" class=\"alignnone size-full wp-image-19266\" src=\"https:\/\/dorogimedence.hu\/wp-content\/uploads\/2019\/09\/iskolaatado-06.jpg\" alt=\"\" width=\"670\" height=\"365\" srcset=\"https:\/\/dorogimedence.hu\/wp-content\/uploads\/2019\/09\/iskolaatado-06.jpg 670w, https:\/\/dorogimedence.hu\/wp-content\/uploads\/2019\/09\/iskolaatado-06-300x163.jpg 300w\" sizes=\"(max-width: 670px) 100vw, 670px\" \/><\/p>\n","protected":false},"excerpt":{"rendered":"<p>Szeptember 5-\u00e9n, cs\u00fct\u00f6rt\u00f6k\u00f6n avatt\u00e1k fel a Magyar K\u00e9zilabda Sz\u00f6vets\u00e9g (MKSZ) \u00e9s az esztergomi \u00f6nkorm\u00e1nyzat t\u00e1mogat\u00e1s\u00e1b\u00f3l fel\u00faj\u00edtott J\u00f3zsef Attila \u00c1ltal\u00e1nos Iskola tornaterm\u00e9t \u00e9s \u00f6lt\u00f6z\u0151it. A rendezv\u00e9nyen k\u00f6sz\u00f6nt\u00f6tt\u00e9k Romanek Etelka polg\u00e1rmester asszonyt, dr. V\u00f6lner P\u00e1lt, a t\u00e9rs\u00e9g orsz\u00e1ggy\u0171l\u00e9si k\u00e9pvisel\u0151j\u00e9t, Hern\u00e1di \u00c1d\u00e1mot, a v\u00e1ros turizmus\u00e1\u00e9rt felel\u0151s miniszteri biztost, Popovics Gy\u00f6rgy\u00f6t, a megyei k\u00f6zgy\u0171l\u00e9s eln\u00f6k\u00e9t, dr. Endre Szabolcs jegyz\u0151t,<\/p>\n","protected":false},"author":1,"featured_media":19261,"comment_status":"closed","ping_status":"closed","sticky":false,"template":"","format":"standard","meta":{"ngg_post_thumbnail":0,"footnotes":""},"categories":[38,3],"tags":[42,4222,4223],"class_list":{"0":"post-19260","1":"post","2":"type-post","3":"status-publish","4":"format-standard","5":"has-post-thumbnail","7":"category-esztergom","8":"category-hirek","9":"tag-esztergom","10":"tag-iskolaatado","11":"tag-jozsef-attila-iskola"},"yoast_head":"<!-- This site is optimized with the Yoast SEO plugin v27.5 - https:\/\/yoast.com\/product\/yoast-seo-wordpress\/ -->\n<title>Felavatt\u00e1k az esztergomi J\u00f3zsef Attila \u00c1ltal\u00e1nos Iskola meg\u00fajult tornaterm\u00e9t<\/title>\n<meta name=\"robots\" content=\"index, follow, max-snippet:-1, max-image-preview:large, max-video-preview:-1\" \/>\n<link rel=\"canonical\" href=\"https:\/\/dorogimedence.hu\/index.php\/2019\/09\/06\/felavattak-az-esztergomi-jozsef-attila-altalanos-iskola-megujult-tornatermet\/\" class=\"yoast-seo-meta-tag\" \/>\n<meta property=\"og:locale\" content=\"hu_HU\" class=\"yoast-seo-meta-tag\" \/>\n<meta property=\"og:type\" content=\"article\" class=\"yoast-seo-meta-tag\" \/>\n<meta property=\"og:title\" content=\"Felavatt\u00e1k az esztergomi J\u00f3zsef Attila \u00c1ltal\u00e1nos Iskola meg\u00fajult tornaterm\u00e9t\" class=\"yoast-seo-meta-tag\" \/>\n<meta property=\"og:description\" content=\"Szeptember 5-\u00e9n, cs\u00fct\u00f6rt\u00f6k\u00f6n avatt\u00e1k fel a Magyar K\u00e9zilabda Sz\u00f6vets\u00e9g (MKSZ) \u00e9s az esztergomi \u00f6nkorm\u00e1nyzat t\u00e1mogat\u00e1s\u00e1b\u00f3l fel\u00faj\u00edtott J\u00f3zsef Attila \u00c1ltal\u00e1nos Iskola tornaterm\u00e9t \u00e9s \u00f6lt\u00f6z\u0151it. A rendezv\u00e9nyen k\u00f6sz\u00f6nt\u00f6tt\u00e9k Romanek Etelka polg\u00e1rmester asszonyt, dr. V\u00f6lner P\u00e1lt, a t\u00e9rs\u00e9g orsz\u00e1ggy\u0171l\u00e9si k\u00e9pvisel\u0151j\u00e9t, Hern\u00e1di \u00c1d\u00e1mot, a v\u00e1ros turizmus\u00e1\u00e9rt felel\u0151s miniszteri biztost, Popovics Gy\u00f6rgy\u00f6t, a megyei k\u00f6zgy\u0171l\u00e9s eln\u00f6k\u00e9t, dr. Endre Szabolcs jegyz\u0151t,\" class=\"yoast-seo-meta-tag\" \/>\n<meta property=\"og:url\" content=\"https:\/\/dorogimedence.hu\/index.php\/2019\/09\/06\/felavattak-az-esztergomi-jozsef-attila-altalanos-iskola-megujult-tornatermet\/\" class=\"yoast-seo-meta-tag\" \/>\n<meta property=\"og:site_name\" content=\"Dorogi-medence Region\u00e1lis H\u00edrport\u00e1l\" class=\"yoast-seo-meta-tag\" \/>\n<meta property=\"article:publisher\" content=\"https:\/\/www.facebook.com\/dorogimedence\/\" class=\"yoast-seo-meta-tag\" \/>\n<meta property=\"article:published_time\" content=\"2019-09-06T09:40:49+00:00\" class=\"yoast-seo-meta-tag\" \/>\n<meta property=\"og:image\" content=\"https:\/\/i0.wp.com\/dorogimedence.hu\/wp-content\/uploads\/2019\/09\/iskolaatado-01.jpg?fit=670%2C365&ssl=1\" class=\"yoast-seo-meta-tag\" \/>\n\t<meta property=\"og:image:width\" content=\"670\" class=\"yoast-seo-meta-tag\" \/>\n\t<meta property=\"og:image:height\" content=\"365\" class=\"yoast-seo-meta-tag\" \/>\n\t<meta property=\"og:image:type\" content=\"image\/jpeg\" class=\"yoast-seo-meta-tag\" \/>\n<meta name=\"author\" content=\"dorogimedence.hu\" class=\"yoast-seo-meta-tag\" \/>\n<meta name=\"twitter:card\" content=\"summary_large_image\" class=\"yoast-seo-meta-tag\" \/>\n<meta name=\"twitter:label1\" content=\"Szerz\u0151:\" class=\"yoast-seo-meta-tag\" \/>\n\t<meta name=\"twitter:data1\" content=\"dorogimedence.hu\" class=\"yoast-seo-meta-tag\" \/>\n\t<meta name=\"twitter:label2\" content=\"Becs\u00fclt olvas\u00e1si id\u0151\" class=\"yoast-seo-meta-tag\" \/>\n\t<meta name=\"twitter:data2\" content=\"3 perc\" class=\"yoast-seo-meta-tag\" \/>\n<script type=\"application\/ld+json\" class=\"yoast-schema-graph\">{\"@context\":\"https:\\\/\\\/schema.org\",\"@graph\":[{\"@type\":\"Article\",\"@id\":\"https:\\\/\\\/dorogimedence.hu\\\/index.php\\\/2019\\\/09\\\/06\\\/felavattak-az-esztergomi-jozsef-attila-altalanos-iskola-megujult-tornatermet\\\/#article\",\"isPartOf\":{\"@id\":\"https:\\\/\\\/dorogimedence.hu\\\/index.php\\\/2019\\\/09\\\/06\\\/felavattak-az-esztergomi-jozsef-attila-altalanos-iskola-megujult-tornatermet\\\/\"},\"author\":{\"name\":\"dorogimedence.hu\",\"@id\":\"https:\\\/\\\/dorogimedence.hu\\\/#\\\/schema\\\/person\\\/ce6091eeb7e95ecdc87890d6aa8e0fd4\"},\"headline\":\"Felavatt\u00e1k az esztergomi J\u00f3zsef Attila \u00c1ltal\u00e1nos Iskola meg\u00fajult tornaterm\u00e9t\",\"datePublished\":\"2019-09-06T09:40:49+00:00\",\"mainEntityOfPage\":{\"@id\":\"https:\\\/\\\/dorogimedence.hu\\\/index.php\\\/2019\\\/09\\\/06\\\/felavattak-az-esztergomi-jozsef-attila-altalanos-iskola-megujult-tornatermet\\\/\"},\"wordCount\":524,\"publisher\":{\"@id\":\"https:\\\/\\\/dorogimedence.hu\\\/#organization\"},\"image\":{\"@id\":\"https:\\\/\\\/dorogimedence.hu\\\/index.php\\\/2019\\\/09\\\/06\\\/felavattak-az-esztergomi-jozsef-attila-altalanos-iskola-megujult-tornatermet\\\/#primaryimage\"},\"thumbnailUrl\":\"https:\\\/\\\/dorogimedence.hu\\\/wp-content\\\/uploads\\\/2019\\\/09\\\/iskolaatado-01.jpg\",\"keywords\":[\"esztergom\",\"iskola\u00e1tad\u00f3\",\"J\u00f3zsef Attila iskola\"],\"articleSection\":[\"Esztergom\",\"H\u00edrek\"],\"inLanguage\":\"hu\"},{\"@type\":\"WebPage\",\"@id\":\"https:\\\/\\\/dorogimedence.hu\\\/index.php\\\/2019\\\/09\\\/06\\\/felavattak-az-esztergomi-jozsef-attila-altalanos-iskola-megujult-tornatermet\\\/\",\"url\":\"https:\\\/\\\/dorogimedence.hu\\\/index.php\\\/2019\\\/09\\\/06\\\/felavattak-az-esztergomi-jozsef-attila-altalanos-iskola-megujult-tornatermet\\\/\",\"name\":\"Felavatt\u00e1k az esztergomi J\u00f3zsef Attila \u00c1ltal\u00e1nos Iskola meg\u00fajult tornaterm\u00e9t\",\"isPartOf\":{\"@id\":\"https:\\\/\\\/dorogimedence.hu\\\/#website\"},\"primaryImageOfPage\":{\"@id\":\"https:\\\/\\\/dorogimedence.hu\\\/index.php\\\/2019\\\/09\\\/06\\\/felavattak-az-esztergomi-jozsef-attila-altalanos-iskola-megujult-tornatermet\\\/#primaryimage\"},\"image\":{\"@id\":\"https:\\\/\\\/dorogimedence.hu\\\/index.php\\\/2019\\\/09\\\/06\\\/felavattak-az-esztergomi-jozsef-attila-altalanos-iskola-megujult-tornatermet\\\/#primaryimage\"},\"thumbnailUrl\":\"https:\\\/\\\/dorogimedence.hu\\\/wp-content\\\/uploads\\\/2019\\\/09\\\/iskolaatado-01.jpg\",\"datePublished\":\"2019-09-06T09:40:49+00:00\",\"breadcrumb\":{\"@id\":\"https:\\\/\\\/dorogimedence.hu\\\/index.php\\\/2019\\\/09\\\/06\\\/felavattak-az-esztergomi-jozsef-attila-altalanos-iskola-megujult-tornatermet\\\/#breadcrumb\"},\"inLanguage\":\"hu\",\"potentialAction\":[{\"@type\":\"ReadAction\",\"target\":[\"https:\\\/\\\/dorogimedence.hu\\\/index.php\\\/2019\\\/09\\\/06\\\/felavattak-az-esztergomi-jozsef-attila-altalanos-iskola-megujult-tornatermet\\\/\"]}]},{\"@type\":\"ImageObject\",\"inLanguage\":\"hu\",\"@id\":\"https:\\\/\\\/dorogimedence.hu\\\/index.php\\\/2019\\\/09\\\/06\\\/felavattak-az-esztergomi-jozsef-attila-altalanos-iskola-megujult-tornatermet\\\/#primaryimage\",\"url\":\"https:\\\/\\\/dorogimedence.hu\\\/wp-content\\\/uploads\\\/2019\\\/09\\\/iskolaatado-01.jpg\",\"contentUrl\":\"https:\\\/\\\/dorogimedence.hu\\\/wp-content\\\/uploads\\\/2019\\\/09\\\/iskolaatado-01.jpg\",\"width\":670,\"height\":365},{\"@type\":\"BreadcrumbList\",\"@id\":\"https:\\\/\\\/dorogimedence.hu\\\/index.php\\\/2019\\\/09\\\/06\\\/felavattak-az-esztergomi-jozsef-attila-altalanos-iskola-megujult-tornatermet\\\/#breadcrumb\",\"itemListElement\":[{\"@type\":\"ListItem\",\"position\":1,\"name\":\"Kezd\u0151lap\",\"item\":\"https:\\\/\\\/dorogimedence.hu\\\/\"},{\"@type\":\"ListItem\",\"position\":2,\"name\":\"Felavatt\u00e1k az esztergomi J\u00f3zsef Attila \u00c1ltal\u00e1nos Iskola meg\u00fajult tornaterm\u00e9t\"}]},{\"@type\":\"WebSite\",\"@id\":\"https:\\\/\\\/dorogimedence.hu\\\/#website\",\"url\":\"https:\\\/\\\/dorogimedence.hu\\\/\",\"name\":\"Dorogi-medence Region\u00e1lis H\u00edrport\u00e1l\",\"description\":\"Dorog, Keszt\u00f6lc, Le\u00e1nyv\u00e1r, Piliscs\u00e9v, Tokod, Tokodalt\u00e1r\u00f3, Csolnok, Esztergom-kertv\u00e1ros: h\u00edrek, programok\",\"publisher\":{\"@id\":\"https:\\\/\\\/dorogimedence.hu\\\/#organization\"},\"potentialAction\":[{\"@type\":\"SearchAction\",\"target\":{\"@type\":\"EntryPoint\",\"urlTemplate\":\"https:\\\/\\\/dorogimedence.hu\\\/?s={search_term_string}\"},\"query-input\":{\"@type\":\"PropertyValueSpecification\",\"valueRequired\":true,\"valueName\":\"search_term_string\"}}],\"inLanguage\":\"hu\"},{\"@type\":\"Organization\",\"@id\":\"https:\\\/\\\/dorogimedence.hu\\\/#organization\",\"name\":\"Dorogi-medence Region\u00e1lis H\u00edrport\u00e1l\",\"url\":\"https:\\\/\\\/dorogimedence.hu\\\/\",\"logo\":{\"@type\":\"ImageObject\",\"inLanguage\":\"hu\",\"@id\":\"https:\\\/\\\/dorogimedence.hu\\\/#\\\/schema\\\/logo\\\/image\\\/\",\"url\":\"https:\\\/\\\/dorogimedence.hu\\\/wp-content\\\/uploads\\\/2021\\\/04\\\/logo-feher-600.png\",\"contentUrl\":\"https:\\\/\\\/dorogimedence.hu\\\/wp-content\\\/uploads\\\/2021\\\/04\\\/logo-feher-600.png\",\"width\":600,\"height\":100,\"caption\":\"Dorogi-medence Region\u00e1lis H\u00edrport\u00e1l\"},\"image\":{\"@id\":\"https:\\\/\\\/dorogimedence.hu\\\/#\\\/schema\\\/logo\\\/image\\\/\"},\"sameAs\":[\"https:\\\/\\\/www.facebook.com\\\/dorogimedence\\\/\"]},{\"@type\":\"Person\",\"@id\":\"https:\\\/\\\/dorogimedence.hu\\\/#\\\/schema\\\/person\\\/ce6091eeb7e95ecdc87890d6aa8e0fd4\",\"name\":\"dorogimedence.hu\",\"image\":{\"@type\":\"ImageObject\",\"inLanguage\":\"hu\",\"@id\":\"\\\/\\\/www.gravatar.com\\\/avatar\\\/d8d45f8901aadff40a4af72c0b826f1d?s=96&#038;r=g&#038;d=mm\",\"url\":\"\\\/\\\/www.gravatar.com\\\/avatar\\\/d8d45f8901aadff40a4af72c0b826f1d?s=96&#038;r=g&#038;d=mm\",\"contentUrl\":\"\\\/\\\/www.gravatar.com\\\/avatar\\\/d8d45f8901aadff40a4af72c0b826f1d?s=96&#038;r=g&#038;d=mm\",\"caption\":\"dorogimedence.hu\"}}]}<\/script>\n<!-- \/ Yoast SEO plugin. -->","yoast_head_json":{"title":"Felavatt\u00e1k az esztergomi J\u00f3zsef Attila \u00c1ltal\u00e1nos Iskola meg\u00fajult tornaterm\u00e9t","robots":{"index":"index","follow":"follow","max-snippet":"max-snippet:-1","max-image-preview":"max-image-preview:large","max-video-preview":"max-video-preview:-1"},"canonical":"https:\/\/dorogimedence.hu\/index.php\/2019\/09\/06\/felavattak-az-esztergomi-jozsef-attila-altalanos-iskola-megujult-tornatermet\/","og_locale":"hu_HU","og_type":"article","og_title":"Felavatt\u00e1k az esztergomi J\u00f3zsef Attila \u00c1ltal\u00e1nos Iskola meg\u00fajult tornaterm\u00e9t","og_description":"Szeptember 5-\u00e9n, cs\u00fct\u00f6rt\u00f6k\u00f6n avatt\u00e1k fel a Magyar K\u00e9zilabda Sz\u00f6vets\u00e9g (MKSZ) \u00e9s az esztergomi \u00f6nkorm\u00e1nyzat t\u00e1mogat\u00e1s\u00e1b\u00f3l fel\u00faj\u00edtott J\u00f3zsef Attila \u00c1ltal\u00e1nos Iskola tornaterm\u00e9t \u00e9s \u00f6lt\u00f6z\u0151it. A rendezv\u00e9nyen k\u00f6sz\u00f6nt\u00f6tt\u00e9k Romanek Etelka polg\u00e1rmester asszonyt, dr. V\u00f6lner P\u00e1lt, a t\u00e9rs\u00e9g orsz\u00e1ggy\u0171l\u00e9si k\u00e9pvisel\u0151j\u00e9t, Hern\u00e1di \u00c1d\u00e1mot, a v\u00e1ros turizmus\u00e1\u00e9rt felel\u0151s miniszteri biztost, Popovics Gy\u00f6rgy\u00f6t, a megyei k\u00f6zgy\u0171l\u00e9s eln\u00f6k\u00e9t, dr. Endre Szabolcs jegyz\u0151t,","og_url":"https:\/\/dorogimedence.hu\/index.php\/2019\/09\/06\/felavattak-az-esztergomi-jozsef-attila-altalanos-iskola-megujult-tornatermet\/","og_site_name":"Dorogi-medence Region\u00e1lis H\u00edrport\u00e1l","article_publisher":"https:\/\/www.facebook.com\/dorogimedence\/","article_published_time":"2019-09-06T09:40:49+00:00","og_image":[{"width":670,"height":365,"url":"https:\/\/i0.wp.com\/dorogimedence.hu\/wp-content\/uploads\/2019\/09\/iskolaatado-01.jpg?fit=670%2C365&ssl=1","type":"image\/jpeg"}],"author":"dorogimedence.hu","twitter_card":"summary_large_image","twitter_misc":{"Szerz\u0151:":"dorogimedence.hu","Becs\u00fclt olvas\u00e1si id\u0151":"3 perc"},"schema":{"@context":"https:\/\/schema.org","@graph":[{"@type":"Article","@id":"https:\/\/dorogimedence.hu\/index.php\/2019\/09\/06\/felavattak-az-esztergomi-jozsef-attila-altalanos-iskola-megujult-tornatermet\/#article","isPartOf":{"@id":"https:\/\/dorogimedence.hu\/index.php\/2019\/09\/06\/felavattak-az-esztergomi-jozsef-attila-altalanos-iskola-megujult-tornatermet\/"},"author":{"name":"dorogimedence.hu","@id":"https:\/\/dorogimedence.hu\/#\/schema\/person\/ce6091eeb7e95ecdc87890d6aa8e0fd4"},"headline":"Felavatt\u00e1k az esztergomi J\u00f3zsef Attila \u00c1ltal\u00e1nos Iskola meg\u00fajult tornaterm\u00e9t","datePublished":"2019-09-06T09:40:49+00:00","mainEntityOfPage":{"@id":"https:\/\/dorogimedence.hu\/index.php\/2019\/09\/06\/felavattak-az-esztergomi-jozsef-attila-altalanos-iskola-megujult-tornatermet\/"},"wordCount":524,"publisher":{"@id":"https:\/\/dorogimedence.hu\/#organization"},"image":{"@id":"https:\/\/dorogimedence.hu\/index.php\/2019\/09\/06\/felavattak-az-esztergomi-jozsef-attila-altalanos-iskola-megujult-tornatermet\/#primaryimage"},"thumbnailUrl":"https:\/\/dorogimedence.hu\/wp-content\/uploads\/2019\/09\/iskolaatado-01.jpg","keywords":["esztergom","iskola\u00e1tad\u00f3","J\u00f3zsef Attila iskola"],"articleSection":["Esztergom","H\u00edrek"],"inLanguage":"hu"},{"@type":"WebPage","@id":"https:\/\/dorogimedence.hu\/index.php\/2019\/09\/06\/felavattak-az-esztergomi-jozsef-attila-altalanos-iskola-megujult-tornatermet\/","url":"https:\/\/dorogimedence.hu\/index.php\/2019\/09\/06\/felavattak-az-esztergomi-jozsef-attila-altalanos-iskola-megujult-tornatermet\/","name":"Felavatt\u00e1k az esztergomi J\u00f3zsef Attila \u00c1ltal\u00e1nos Iskola meg\u00fajult tornaterm\u00e9t","isPartOf":{"@id":"https:\/\/dorogimedence.hu\/#website"},"primaryImageOfPage":{"@id":"https:\/\/dorogimedence.hu\/index.php\/2019\/09\/06\/felavattak-az-esztergomi-jozsef-attila-altalanos-iskola-megujult-tornatermet\/#primaryimage"},"image":{"@id":"https:\/\/dorogimedence.hu\/index.php\/2019\/09\/06\/felavattak-az-esztergomi-jozsef-attila-altalanos-iskola-megujult-tornatermet\/#primaryimage"},"thumbnailUrl":"https:\/\/dorogimedence.hu\/wp-content\/uploads\/2019\/09\/iskolaatado-01.jpg","datePublished":"2019-09-06T09:40:49+00:00","breadcrumb":{"@id":"https:\/\/dorogimedence.hu\/index.php\/2019\/09\/06\/felavattak-az-esztergomi-jozsef-attila-altalanos-iskola-megujult-tornatermet\/#breadcrumb"},"inLanguage":"hu","potentialAction":[{"@type":"ReadAction","target":["https:\/\/dorogimedence.hu\/index.php\/2019\/09\/06\/felavattak-az-esztergomi-jozsef-attila-altalanos-iskola-megujult-tornatermet\/"]}]},{"@type":"ImageObject","inLanguage":"hu","@id":"https:\/\/dorogimedence.hu\/index.php\/2019\/09\/06\/felavattak-az-esztergomi-jozsef-attila-altalanos-iskola-megujult-tornatermet\/#primaryimage","url":"https:\/\/dorogimedence.hu\/wp-content\/uploads\/2019\/09\/iskolaatado-01.jpg","contentUrl":"https:\/\/dorogimedence.hu\/wp-content\/uploads\/2019\/09\/iskolaatado-01.jpg","width":670,"height":365},{"@type":"BreadcrumbList","@id":"https:\/\/dorogimedence.hu\/index.php\/2019\/09\/06\/felavattak-az-esztergomi-jozsef-attila-altalanos-iskola-megujult-tornatermet\/#breadcrumb","itemListElement":[{"@type":"ListItem","position":1,"name":"Kezd\u0151lap","item":"https:\/\/dorogimedence.hu\/"},{"@type":"ListItem","position":2,"name":"Felavatt\u00e1k az esztergomi J\u00f3zsef Attila \u00c1ltal\u00e1nos Iskola meg\u00fajult tornaterm\u00e9t"}]},{"@type":"WebSite","@id":"https:\/\/dorogimedence.hu\/#website","url":"https:\/\/dorogimedence.hu\/","name":"Dorogi-medence Region\u00e1lis H\u00edrport\u00e1l","description":"Dorog, Keszt\u00f6lc, Le\u00e1nyv\u00e1r, Piliscs\u00e9v, Tokod, Tokodalt\u00e1r\u00f3, Csolnok, Esztergom-kertv\u00e1ros: h\u00edrek, programok","publisher":{"@id":"https:\/\/dorogimedence.hu\/#organization"},"potentialAction":[{"@type":"SearchAction","target":{"@type":"EntryPoint","urlTemplate":"https:\/\/dorogimedence.hu\/?s={search_term_string}"},"query-input":{"@type":"PropertyValueSpecification","valueRequired":true,"valueName":"search_term_string"}}],"inLanguage":"hu"},{"@type":"Organization","@id":"https:\/\/dorogimedence.hu\/#organization","name":"Dorogi-medence Region\u00e1lis H\u00edrport\u00e1l","url":"https:\/\/dorogimedence.hu\/","logo":{"@type":"ImageObject","inLanguage":"hu","@id":"https:\/\/dorogimedence.hu\/#\/schema\/logo\/image\/","url":"https:\/\/dorogimedence.hu\/wp-content\/uploads\/2021\/04\/logo-feher-600.png","contentUrl":"https:\/\/dorogimedence.hu\/wp-content\/uploads\/2021\/04\/logo-feher-600.png","width":600,"height":100,"caption":"Dorogi-medence Region\u00e1lis H\u00edrport\u00e1l"},"image":{"@id":"https:\/\/dorogimedence.hu\/#\/schema\/logo\/image\/"},"sameAs":["https:\/\/www.facebook.com\/dorogimedence\/"]},{"@type":"Person","@id":"https:\/\/dorogimedence.hu\/#\/schema\/person\/ce6091eeb7e95ecdc87890d6aa8e0fd4","name":"dorogimedence.hu","image":{"@type":"ImageObject","inLanguage":"hu","@id":"\/\/www.gravatar.com\/avatar\/d8d45f8901aadff40a4af72c0b826f1d?s=96&#038;r=g&#038;d=mm","url":"\/\/www.gravatar.com\/avatar\/d8d45f8901aadff40a4af72c0b826f1d?s=96&#038;r=g&#038;d=mm","contentUrl":"\/\/www.gravatar.com\/avatar\/d8d45f8901aadff40a4af72c0b826f1d?s=96&#038;r=g&#038;d=mm","caption":"dorogimedence.hu"}}]}},"_links":{"self":[{"href":"https:\/\/dorogimedence.hu\/index.php\/wp-json\/wp\/v2\/posts\/19260","targetHints":{"allow":["GET"]}}],"collection":[{"href":"https:\/\/dorogimedence.hu\/index.php\/wp-json\/wp\/v2\/posts"}],"about":[{"href":"https:\/\/dorogimedence.hu\/index.php\/wp-json\/wp\/v2\/types\/post"}],"author":[{"embeddable":true,"href":"https:\/\/dorogimedence.hu\/index.php\/wp-json\/wp\/v2\/users\/1"}],"replies":[{"embeddable":true,"href":"https:\/\/dorogimedence.hu\/index.php\/wp-json\/wp\/v2\/comments?post=19260"}],"version-history":[{"count":0,"href":"https:\/\/dorogimedence.hu\/index.php\/wp-json\/wp\/v2\/posts\/19260\/revisions"}],"wp:featuredmedia":[{"embeddable":true,"href":"https:\/\/dorogimedence.hu\/index.php\/wp-json\/wp\/v2\/media\/19261"}],"wp:attachment":[{"href":"https:\/\/dorogimedence.hu\/index.php\/wp-json\/wp\/v2\/media?parent=19260"}],"wp:term":[{"taxonomy":"category","embeddable":true,"href":"https:\/\/dorogimedence.hu\/index.php\/wp-json\/wp\/v2\/categories?post=19260"},{"taxonomy":"post_tag","embeddable":true,"href":"https:\/\/dorogimedence.hu\/index.php\/wp-json\/wp\/v2\/tags?post=19260"}],"curies":[{"name":"wp","href":"https:\/\/api.w.org\/{rel}","templated":true}]}}