{"id":19244,"date":"2019-09-05T12:51:59","date_gmt":"2019-09-05T10:51:59","guid":{"rendered":"http:\/\/dorogimedence.hu\/?p=19244"},"modified":"2019-09-05T12:55:54","modified_gmt":"2019-09-05T10:55:54","slug":"az-orszagban-az-elsok-kozott-indul-el-a-komarom-esztergom-megyei-virtualis-eromu-program","status":"publish","type":"post","link":"https:\/\/dorogimedence.hu\/index.php\/2019\/09\/05\/az-orszagban-az-elsok-kozott-indul-el-a-komarom-esztergom-megyei-virtualis-eromu-program\/","title":{"rendered":"Az orsz\u00e1gban az els\u0151k k\u00f6z\u00f6tt indul el a Kom\u00e1rom-Esztergom Megyei Virtu\u00e1lis Er\u0151m\u0171 Program"},"content":{"rendered":"<p><strong>A Kom\u00e1rom-Esztergom Megyei \u00d6nkorm\u00e1nyzat az orsz\u00e1gban a megy\u00e9k k\u00f6z\u00fcl els\u0151k\u00e9nt vette \u00e1t a Virtu\u00e1lis Er\u0151m\u0171 Program (VEP) alapk\u00f6v\u00e9t azzal a sz\u00e1nd\u00e9kkal, hogy a programot ter\u00fclet\u00e9n is fel\u00e9p\u00edti. A Megyei VEP megalap\u00edt\u00e1s\u00e1t szolg\u00e1l\u00f3 sz\u00e1nd\u00e9knyilatkozatot cs\u00fct\u00f6rt\u00f6k\u00f6n 18 megyei szervezet k\u00e9pvisel\u0151je \u00edrta al\u00e1, k\u00f6zt\u00fck az esztergomi k\u00f3rh\u00e1z \u00e9s az esztergomi tanker\u00fclet.<\/strong><\/p>\n<p>A Kom\u00e1rom-Esztergom Megyei \u00d6nkorm\u00e1nyzat a TOP-ban, \u00e9s azon t\u00fal is t\u00e1mogatja a k\u00f6rnyezetbar\u00e1t megold\u00e1sokat, m\u00e1r a kezdetekt\u0151l \u00e9lharcosa volt a kl\u00edmav\u00e1ltoz\u00e1s elleni k\u00fczdelemnek. Az \u00e9ghajlatv\u00e1ltoz\u00e1s ugyanis m\u00e1ra m\u00e1r nem egy t\u00e1voli probl\u00e9ma, ami el\u0151l kit\u00e9rhet\u00fcnk \u2013 mindennapaink r\u00e9sz\u00e9v\u00e9 v\u00e1lt, a gazdas\u00e1got \u00e9s a lakoss\u00e1got \u00e9rinti. M\u00e1r 2014-ben nekil\u00e1ttunk a munk\u00e1nak, a megy\u00e9k k\u00f6z\u00fcl els\u0151k\u00e9nt k\u00e9sz\u00edtett\u00fck el az \u00daj K\u00f6rnyezetv\u00e9delmi Programunkat. Az \u00faj program a 2014-2020-as id\u0151szak k\u00f6rnyezeti kih\u00edv\u00e1sainak k\u00edv\u00e1nt megfelelni, pontos helyzetfelt\u00e1r\u00e1son alapszik, amire egy mindenki sz\u00e1m\u00e1ra elfogadhat\u00f3 k\u00f6rnyezeti j\u00f6v\u0151k\u00e9pet is lehetett alapozni, \u00e9s aminek megval\u00f3s\u00edt\u00e1s\u00e1t a megyei \u00f6nkorm\u00e1nyzat hathat\u00f3s k\u00f6zrem\u0171k\u00f6d\u00e9s\u00e9n kereszt\u00fcl 12 akci\u00f3program szolg\u00e1lja. Csatlakoztunk az \u00c1der J\u00e1nos k\u00f6zt\u00e1rsas\u00e1gi eln\u00f6k \u00e1ltal t\u00e1mogatott \u201eKL\u00cdMAVOKS\u201d kl\u00edmav\u00e9delmi \u00f6sszefog\u00e1shoz. Sikeres KEHOP p\u00e1ly\u00e1zatunknak k\u00f6sz\u00f6nhet\u0151en eredm\u00e9nyes kl\u00edmav\u00e9delmi projektet val\u00f3s\u00edtottunk meg, melyben 32 f\u0151s tags\u00e1ggal \u00e9letre h\u00edvtuk a megye relev\u00e1ns k\u00f6rnyezetv\u00e9delmi szerepl\u0151it t\u00f6m\u00f6r\u00edt\u0151 megyei \u00e9ghajlat-v\u00e1ltoz\u00e1si platformot. Sz\u00e9lesk\u00f6r\u0171 partners\u00e9gi egy\u00fcttm\u0171k\u00f6d\u00e9s mellett megalkottuk a megyei kl\u00edmastrat\u00e9gi\u00e1t, szakmai konferenci\u00e1kat, workshopokat szervezt\u00fcnk, \u00e9s nem utols\u00f3 sorban k\u00f6zel 3000 embert siker\u00fclt megsz\u00f3l\u00edtanunk, feler\u0151s\u00edtve ezzel a t\u00e9ma ir\u00e1nt \u00e9rzett felel\u0151ss\u00e9g\u00e9rzet\u00fcket.<\/p>\n<p>A megyei \u00f6nkorm\u00e1nyzat ebben a k\u00e9rd\u00e9sben is a telep\u00fcl\u00e9sek rendelkez\u00e9s\u00e9re \u00e1llt. K\u00f6zrem\u0171k\u00f6dt\u00fcnk a telep\u00fcl\u00e9si kl\u00edmastrat\u00e9gi\u00e1k k\u00e9sz\u00edt\u00e9s\u00e9ben, \u00e9s emellett elk\u00e9sz\u00edtett\u00fck a megye ter\u00fclet\u00e9n m\u0171k\u00f6d\u0151 3 LEADER Helyi Akci\u00f3csoport telep\u00fcl\u00e9seire azokat a fenntarthat\u00f3 energia-\u00e9s kl\u00edma akci\u00f3terveket (SECAP), amelyek elengedhetetlen felt\u00e9telei lesznek a k\u00f6vetkez\u0151 uni\u00f3s ciklusban val\u00f3 forr\u00e1sok leh\u00edv\u00e1s\u00e1nak. A tervez\u00e9s a v\u00e1rosokon k\u00edv\u00fcl megy\u00e9nk szinte minden telep\u00fcl\u00e9s\u00e9t \u00e9rintette. A munka sor\u00e1n a megy\u00e9ben t\u00f6bb sz\u00e1z szervezettel ker\u00fclt\u00fcnk kapcsolatba, az elk\u00e9sz\u00fclt tartalmak pedig megfelelnek a legmagasabb uni\u00f3s szakmai szempontoknak is.<\/p>\n<p>\u201eC\u00e9lunk, hogy k\u00f6zponti t\u00e9m\u00e1v\u00e1 tegy\u00fck a kl\u00edmav\u00e1ltoz\u00e1s k\u00e9rd\u00e9s\u00e9t. \u00d6nk\u00e9nt v\u00e1llalt feladatunk ez, nagy \u00f6r\u00f6m, hogy a di\u00e1kok, az \u00f6nkorm\u00e1nyzatok ut\u00e1n a v\u00e1llalati szf\u00e9r\u00e1t is bekapcsolhatjuk, \u00e9s \u0151k is t\u00e1mogatj\u00e1k t\u00f6rekv\u00e9seinket\u201d \u2013 mondta el Popovics Gy\u00f6rgy, a megye k\u00f6zgy\u0171l\u00e9s eln\u00f6ke, utalva a Kom\u00e1rom-Esztergom Megyei Virtu\u00e1lis Er\u0151m\u0171 Program (KEVEP) megalap\u00edt\u00e1s\u00e1ra. A Kom\u00e1rom-Esztergom Megyei \u00d6nkorm\u00e1nyzat eln\u00f6ke 2018 szeptember\u00e9ben vette \u00e1t a Virtu\u00e1lis Er\u0151m\u0171 Program alapk\u00f6v\u00e9t azzal a c\u00e9llal, hogy a megy\u00e9ben is fel\u00e9p\u00edtj\u00fck \u00e9s megkeress\u00fck azokat a partnereket, akik ebben egy\u00fcttm\u0171k\u00f6dnek. A KEVEP megalap\u00edt\u00e1s\u00e1ban Tatab\u00e1nya Megyei Jog\u00fa V\u00e1ros \u00d6nkorm\u00e1nyzata, \u00e9s a Kom\u00e1rom-Esztergom Megyei Korm\u00e1nyhivatal mellett olyan gazdas\u00e1gi szervezetek, \u00e9rdekk\u00e9pviseletek, int\u00e9zm\u00e9nyek \u00e9s civil szervezetek csatlakoztak hozz\u00e1nk, amelyek szint\u00e9n maxim\u00e1lisan elk\u00f6telezettek a kl\u00edmav\u00e1ltoz\u00e1s elleni k\u00fczdelemben, \u00e9s mint sz\u00f6vets\u00e9gesek, nagyban seg\u00edthetik a megyei c\u00e9lkit\u0171z\u00e9sek eredm\u00e9nyes megval\u00f3s\u00edt\u00e1s\u00e1t.<\/p>\n<p><strong>A sz\u00e1nd\u00e9knyilatkozatot al\u00e1\u00edr\u00f3 szervezetek:<\/strong><\/p>\n<ul>\n<li>Magyar Innov\u00e1ci\u00f3 \u00e9s Hat\u00e9konys\u00e1g Nkft.<\/li>\n<li>Kom\u00e1rom-Esztergom Megyei \u00d6nkorm\u00e1nyzat<\/li>\n<li>Tatab\u00e1nya Megyei Jog\u00fa V\u00e1ros \u00d6nkorm\u00e1nyzata<\/li>\n<li>Kom\u00e1rom-Esztergom Megyei Korm\u00e1nyhivatal<\/li>\n<li>EDUTUS Egyetem<\/li>\n<li>Kom\u00e1rom-Esztergom Megyei Kereskedelmi \u00e9s Iparkamara<\/li>\n<li>Nemzeti Agr\u00e1rgazdas\u00e1gi Kamara Kom\u00e1rom-Esztergom Megyei Szervezete<\/li>\n<li>Tatab\u00e1nyai T\u00f6rv\u00e9nysz\u00e9k<\/li>\n<li>Tatab\u00e1nyai Er\u0151m\u0171 Kft.<\/li>\n<li>Bridgestone Tatab\u00e1nya Kft.<\/li>\n<li>Grundfos Magyarorsz\u00e1g Gy\u00e1rt\u00f3 Kft.<\/li>\n<li>Spar Magyarorsz\u00e1g Kereskedelmi Kft.<\/li>\n<li>Tatab\u00e1nyai Tanker\u00fcleti K\u00f6zpont<\/li>\n<li>Esztergomi Tanker\u00fcleti K\u00f6zpont<\/li>\n<li>Tatab\u00e1nyai Szakk\u00e9pz\u00e9si Centrum<\/li>\n<li>Magyary Zolt\u00e1n N\u00e9pf\u0151iskolai T\u00e1rsas\u00e1g<\/li>\n<li>Szent Borb\u00e1la K\u00f3rh\u00e1z Tatab\u00e1nya<\/li>\n<li>Vaszary Kolos K\u00f3rh\u00e1z Esztergom<\/li>\n<\/ul>\n","protected":false},"excerpt":{"rendered":"<p>A Kom\u00e1rom-Esztergom Megyei \u00d6nkorm\u00e1nyzat az orsz\u00e1gban a megy\u00e9k k\u00f6z\u00fcl els\u0151k\u00e9nt vette \u00e1t a Virtu\u00e1lis Er\u0151m\u0171 Program (VEP) alapk\u00f6v\u00e9t azzal a sz\u00e1nd\u00e9kkal, hogy a programot ter\u00fclet\u00e9n is fel\u00e9p\u00edti. A Megyei VEP megalap\u00edt\u00e1s\u00e1t szolg\u00e1l\u00f3 sz\u00e1nd\u00e9knyilatkozatot cs\u00fct\u00f6rt\u00f6k\u00f6n 18 megyei szervezet k\u00e9pvisel\u0151je \u00edrta al\u00e1, k\u00f6zt\u00fck az esztergomi k\u00f3rh\u00e1z \u00e9s az esztergomi tanker\u00fclet. A Kom\u00e1rom-Esztergom Megyei \u00d6nkorm\u00e1nyzat a TOP-ban, \u00e9s<\/p>\n","protected":false},"author":1,"featured_media":19245,"comment_status":"closed","ping_status":"closed","sticky":false,"template":"","format":"standard","meta":{"ngg_post_thumbnail":0,"footnotes":""},"categories":[3,56],"tags":[3799,4220],"class_list":{"0":"post-19244","1":"post","2":"type-post","3":"status-publish","4":"format-standard","5":"has-post-thumbnail","7":"category-hirek","8":"category-komarom-esztergom","9":"tag-komarom-esztergom-megye","10":"tag-virtualis-eromu-program"},"yoast_head":"<!-- This site is optimized with the Yoast SEO plugin v27.5 - https:\/\/yoast.com\/product\/yoast-seo-wordpress\/ -->\n<title>Az orsz\u00e1gban az els\u0151k k\u00f6z\u00f6tt indul el a Kom\u00e1rom-Esztergom Megyei Virtu\u00e1lis Er\u0151m\u0171 Program<\/title>\n<meta name=\"robots\" content=\"index, follow, max-snippet:-1, max-image-preview:large, max-video-preview:-1\" \/>\n<link rel=\"canonical\" href=\"https:\/\/dorogimedence.hu\/index.php\/2019\/09\/05\/az-orszagban-az-elsok-kozott-indul-el-a-komarom-esztergom-megyei-virtualis-eromu-program\/\" class=\"yoast-seo-meta-tag\" \/>\n<meta property=\"og:locale\" content=\"hu_HU\" class=\"yoast-seo-meta-tag\" \/>\n<meta property=\"og:type\" content=\"article\" class=\"yoast-seo-meta-tag\" \/>\n<meta property=\"og:title\" content=\"Az orsz\u00e1gban az els\u0151k k\u00f6z\u00f6tt indul el a Kom\u00e1rom-Esztergom Megyei Virtu\u00e1lis Er\u0151m\u0171 Program\" class=\"yoast-seo-meta-tag\" \/>\n<meta property=\"og:description\" content=\"A Kom\u00e1rom-Esztergom Megyei \u00d6nkorm\u00e1nyzat az orsz\u00e1gban a megy\u00e9k k\u00f6z\u00fcl els\u0151k\u00e9nt vette \u00e1t a Virtu\u00e1lis Er\u0151m\u0171 Program (VEP) alapk\u00f6v\u00e9t azzal a sz\u00e1nd\u00e9kkal, hogy a programot ter\u00fclet\u00e9n is fel\u00e9p\u00edti. A Megyei VEP megalap\u00edt\u00e1s\u00e1t szolg\u00e1l\u00f3 sz\u00e1nd\u00e9knyilatkozatot cs\u00fct\u00f6rt\u00f6k\u00f6n 18 megyei szervezet k\u00e9pvisel\u0151je \u00edrta al\u00e1, k\u00f6zt\u00fck az esztergomi k\u00f3rh\u00e1z \u00e9s az esztergomi tanker\u00fclet. A Kom\u00e1rom-Esztergom Megyei \u00d6nkorm\u00e1nyzat a TOP-ban, \u00e9s\" class=\"yoast-seo-meta-tag\" \/>\n<meta property=\"og:url\" content=\"https:\/\/dorogimedence.hu\/index.php\/2019\/09\/05\/az-orszagban-az-elsok-kozott-indul-el-a-komarom-esztergom-megyei-virtualis-eromu-program\/\" class=\"yoast-seo-meta-tag\" \/>\n<meta property=\"og:site_name\" content=\"Dorogi-medence Region\u00e1lis H\u00edrport\u00e1l\" class=\"yoast-seo-meta-tag\" \/>\n<meta property=\"article:publisher\" content=\"https:\/\/www.facebook.com\/dorogimedence\/\" class=\"yoast-seo-meta-tag\" \/>\n<meta property=\"article:published_time\" content=\"2019-09-05T10:51:59+00:00\" class=\"yoast-seo-meta-tag\" \/>\n<meta property=\"article:modified_time\" content=\"2019-09-05T10:55:54+00:00\" class=\"yoast-seo-meta-tag\" \/>\n<meta property=\"og:image\" content=\"https:\/\/i0.wp.com\/dorogimedence.hu\/wp-content\/uploads\/2019\/09\/virtualis-eromu-01.jpg?fit=670%2C365&ssl=1\" class=\"yoast-seo-meta-tag\" \/>\n\t<meta property=\"og:image:width\" content=\"670\" class=\"yoast-seo-meta-tag\" \/>\n\t<meta property=\"og:image:height\" content=\"365\" class=\"yoast-seo-meta-tag\" \/>\n\t<meta property=\"og:image:type\" content=\"image\/jpeg\" class=\"yoast-seo-meta-tag\" \/>\n<meta name=\"author\" content=\"dorogimedence.hu\" class=\"yoast-seo-meta-tag\" \/>\n<meta name=\"twitter:card\" content=\"summary_large_image\" class=\"yoast-seo-meta-tag\" \/>\n<meta name=\"twitter:label1\" content=\"Szerz\u0151:\" class=\"yoast-seo-meta-tag\" \/>\n\t<meta name=\"twitter:data1\" content=\"dorogimedence.hu\" class=\"yoast-seo-meta-tag\" \/>\n\t<meta name=\"twitter:label2\" content=\"Becs\u00fclt olvas\u00e1si id\u0151\" class=\"yoast-seo-meta-tag\" \/>\n\t<meta name=\"twitter:data2\" content=\"4 perc\" class=\"yoast-seo-meta-tag\" \/>\n<script type=\"application\/ld+json\" class=\"yoast-schema-graph\">{\"@context\":\"https:\\\/\\\/schema.org\",\"@graph\":[{\"@type\":\"Article\",\"@id\":\"https:\\\/\\\/dorogimedence.hu\\\/index.php\\\/2019\\\/09\\\/05\\\/az-orszagban-az-elsok-kozott-indul-el-a-komarom-esztergom-megyei-virtualis-eromu-program\\\/#article\",\"isPartOf\":{\"@id\":\"https:\\\/\\\/dorogimedence.hu\\\/index.php\\\/2019\\\/09\\\/05\\\/az-orszagban-az-elsok-kozott-indul-el-a-komarom-esztergom-megyei-virtualis-eromu-program\\\/\"},\"author\":{\"name\":\"dorogimedence.hu\",\"@id\":\"https:\\\/\\\/dorogimedence.hu\\\/#\\\/schema\\\/person\\\/ce6091eeb7e95ecdc87890d6aa8e0fd4\"},\"headline\":\"Az orsz\u00e1gban az els\u0151k k\u00f6z\u00f6tt indul el a Kom\u00e1rom-Esztergom Megyei Virtu\u00e1lis Er\u0151m\u0171 Program\",\"datePublished\":\"2019-09-05T10:51:59+00:00\",\"dateModified\":\"2019-09-05T10:55:54+00:00\",\"mainEntityOfPage\":{\"@id\":\"https:\\\/\\\/dorogimedence.hu\\\/index.php\\\/2019\\\/09\\\/05\\\/az-orszagban-az-elsok-kozott-indul-el-a-komarom-esztergom-megyei-virtualis-eromu-program\\\/\"},\"wordCount\":831,\"publisher\":{\"@id\":\"https:\\\/\\\/dorogimedence.hu\\\/#organization\"},\"image\":{\"@id\":\"https:\\\/\\\/dorogimedence.hu\\\/index.php\\\/2019\\\/09\\\/05\\\/az-orszagban-az-elsok-kozott-indul-el-a-komarom-esztergom-megyei-virtualis-eromu-program\\\/#primaryimage\"},\"thumbnailUrl\":\"https:\\\/\\\/dorogimedence.hu\\\/wp-content\\\/uploads\\\/2019\\\/09\\\/virtualis-eromu-01.jpg\",\"keywords\":[\"Kom\u00e1rom-Esztergom megye\",\"Virtu\u00e1lis Er\u0151m\u0171 program\"],\"articleSection\":[\"H\u00edrek\",\"Kom\u00e1rom-Esztergom\"],\"inLanguage\":\"hu\"},{\"@type\":\"WebPage\",\"@id\":\"https:\\\/\\\/dorogimedence.hu\\\/index.php\\\/2019\\\/09\\\/05\\\/az-orszagban-az-elsok-kozott-indul-el-a-komarom-esztergom-megyei-virtualis-eromu-program\\\/\",\"url\":\"https:\\\/\\\/dorogimedence.hu\\\/index.php\\\/2019\\\/09\\\/05\\\/az-orszagban-az-elsok-kozott-indul-el-a-komarom-esztergom-megyei-virtualis-eromu-program\\\/\",\"name\":\"Az orsz\u00e1gban az els\u0151k k\u00f6z\u00f6tt indul el a Kom\u00e1rom-Esztergom Megyei Virtu\u00e1lis Er\u0151m\u0171 Program\",\"isPartOf\":{\"@id\":\"https:\\\/\\\/dorogimedence.hu\\\/#website\"},\"primaryImageOfPage\":{\"@id\":\"https:\\\/\\\/dorogimedence.hu\\\/index.php\\\/2019\\\/09\\\/05\\\/az-orszagban-az-elsok-kozott-indul-el-a-komarom-esztergom-megyei-virtualis-eromu-program\\\/#primaryimage\"},\"image\":{\"@id\":\"https:\\\/\\\/dorogimedence.hu\\\/index.php\\\/2019\\\/09\\\/05\\\/az-orszagban-az-elsok-kozott-indul-el-a-komarom-esztergom-megyei-virtualis-eromu-program\\\/#primaryimage\"},\"thumbnailUrl\":\"https:\\\/\\\/dorogimedence.hu\\\/wp-content\\\/uploads\\\/2019\\\/09\\\/virtualis-eromu-01.jpg\",\"datePublished\":\"2019-09-05T10:51:59+00:00\",\"dateModified\":\"2019-09-05T10:55:54+00:00\",\"breadcrumb\":{\"@id\":\"https:\\\/\\\/dorogimedence.hu\\\/index.php\\\/2019\\\/09\\\/05\\\/az-orszagban-az-elsok-kozott-indul-el-a-komarom-esztergom-megyei-virtualis-eromu-program\\\/#breadcrumb\"},\"inLanguage\":\"hu\",\"potentialAction\":[{\"@type\":\"ReadAction\",\"target\":[\"https:\\\/\\\/dorogimedence.hu\\\/index.php\\\/2019\\\/09\\\/05\\\/az-orszagban-az-elsok-kozott-indul-el-a-komarom-esztergom-megyei-virtualis-eromu-program\\\/\"]}]},{\"@type\":\"ImageObject\",\"inLanguage\":\"hu\",\"@id\":\"https:\\\/\\\/dorogimedence.hu\\\/index.php\\\/2019\\\/09\\\/05\\\/az-orszagban-az-elsok-kozott-indul-el-a-komarom-esztergom-megyei-virtualis-eromu-program\\\/#primaryimage\",\"url\":\"https:\\\/\\\/dorogimedence.hu\\\/wp-content\\\/uploads\\\/2019\\\/09\\\/virtualis-eromu-01.jpg\",\"contentUrl\":\"https:\\\/\\\/dorogimedence.hu\\\/wp-content\\\/uploads\\\/2019\\\/09\\\/virtualis-eromu-01.jpg\",\"width\":670,\"height\":365},{\"@type\":\"BreadcrumbList\",\"@id\":\"https:\\\/\\\/dorogimedence.hu\\\/index.php\\\/2019\\\/09\\\/05\\\/az-orszagban-az-elsok-kozott-indul-el-a-komarom-esztergom-megyei-virtualis-eromu-program\\\/#breadcrumb\",\"itemListElement\":[{\"@type\":\"ListItem\",\"position\":1,\"name\":\"Kezd\u0151lap\",\"item\":\"https:\\\/\\\/dorogimedence.hu\\\/\"},{\"@type\":\"ListItem\",\"position\":2,\"name\":\"Az orsz\u00e1gban az els\u0151k k\u00f6z\u00f6tt indul el a Kom\u00e1rom-Esztergom Megyei Virtu\u00e1lis Er\u0151m\u0171 Program\"}]},{\"@type\":\"WebSite\",\"@id\":\"https:\\\/\\\/dorogimedence.hu\\\/#website\",\"url\":\"https:\\\/\\\/dorogimedence.hu\\\/\",\"name\":\"Dorogi-medence Region\u00e1lis H\u00edrport\u00e1l\",\"description\":\"Dorog, Keszt\u00f6lc, Le\u00e1nyv\u00e1r, Piliscs\u00e9v, Tokod, Tokodalt\u00e1r\u00f3, Csolnok, Esztergom-kertv\u00e1ros: h\u00edrek, programok\",\"publisher\":{\"@id\":\"https:\\\/\\\/dorogimedence.hu\\\/#organization\"},\"potentialAction\":[{\"@type\":\"SearchAction\",\"target\":{\"@type\":\"EntryPoint\",\"urlTemplate\":\"https:\\\/\\\/dorogimedence.hu\\\/?s={search_term_string}\"},\"query-input\":{\"@type\":\"PropertyValueSpecification\",\"valueRequired\":true,\"valueName\":\"search_term_string\"}}],\"inLanguage\":\"hu\"},{\"@type\":\"Organization\",\"@id\":\"https:\\\/\\\/dorogimedence.hu\\\/#organization\",\"name\":\"Dorogi-medence Region\u00e1lis H\u00edrport\u00e1l\",\"url\":\"https:\\\/\\\/dorogimedence.hu\\\/\",\"logo\":{\"@type\":\"ImageObject\",\"inLanguage\":\"hu\",\"@id\":\"https:\\\/\\\/dorogimedence.hu\\\/#\\\/schema\\\/logo\\\/image\\\/\",\"url\":\"https:\\\/\\\/dorogimedence.hu\\\/wp-content\\\/uploads\\\/2021\\\/04\\\/logo-feher-600.png\",\"contentUrl\":\"https:\\\/\\\/dorogimedence.hu\\\/wp-content\\\/uploads\\\/2021\\\/04\\\/logo-feher-600.png\",\"width\":600,\"height\":100,\"caption\":\"Dorogi-medence Region\u00e1lis H\u00edrport\u00e1l\"},\"image\":{\"@id\":\"https:\\\/\\\/dorogimedence.hu\\\/#\\\/schema\\\/logo\\\/image\\\/\"},\"sameAs\":[\"https:\\\/\\\/www.facebook.com\\\/dorogimedence\\\/\"]},{\"@type\":\"Person\",\"@id\":\"https:\\\/\\\/dorogimedence.hu\\\/#\\\/schema\\\/person\\\/ce6091eeb7e95ecdc87890d6aa8e0fd4\",\"name\":\"dorogimedence.hu\",\"image\":{\"@type\":\"ImageObject\",\"inLanguage\":\"hu\",\"@id\":\"\\\/\\\/www.gravatar.com\\\/avatar\\\/d8d45f8901aadff40a4af72c0b826f1d?s=96&#038;r=g&#038;d=mm\",\"url\":\"\\\/\\\/www.gravatar.com\\\/avatar\\\/d8d45f8901aadff40a4af72c0b826f1d?s=96&#038;r=g&#038;d=mm\",\"contentUrl\":\"\\\/\\\/www.gravatar.com\\\/avatar\\\/d8d45f8901aadff40a4af72c0b826f1d?s=96&#038;r=g&#038;d=mm\",\"caption\":\"dorogimedence.hu\"}}]}<\/script>\n<!-- \/ Yoast SEO plugin. -->","yoast_head_json":{"title":"Az orsz\u00e1gban az els\u0151k k\u00f6z\u00f6tt indul el a Kom\u00e1rom-Esztergom Megyei Virtu\u00e1lis Er\u0151m\u0171 Program","robots":{"index":"index","follow":"follow","max-snippet":"max-snippet:-1","max-image-preview":"max-image-preview:large","max-video-preview":"max-video-preview:-1"},"canonical":"https:\/\/dorogimedence.hu\/index.php\/2019\/09\/05\/az-orszagban-az-elsok-kozott-indul-el-a-komarom-esztergom-megyei-virtualis-eromu-program\/","og_locale":"hu_HU","og_type":"article","og_title":"Az orsz\u00e1gban az els\u0151k k\u00f6z\u00f6tt indul el a Kom\u00e1rom-Esztergom Megyei Virtu\u00e1lis Er\u0151m\u0171 Program","og_description":"A Kom\u00e1rom-Esztergom Megyei \u00d6nkorm\u00e1nyzat az orsz\u00e1gban a megy\u00e9k k\u00f6z\u00fcl els\u0151k\u00e9nt vette \u00e1t a Virtu\u00e1lis Er\u0151m\u0171 Program (VEP) alapk\u00f6v\u00e9t azzal a sz\u00e1nd\u00e9kkal, hogy a programot ter\u00fclet\u00e9n is fel\u00e9p\u00edti. A Megyei VEP megalap\u00edt\u00e1s\u00e1t szolg\u00e1l\u00f3 sz\u00e1nd\u00e9knyilatkozatot cs\u00fct\u00f6rt\u00f6k\u00f6n 18 megyei szervezet k\u00e9pvisel\u0151je \u00edrta al\u00e1, k\u00f6zt\u00fck az esztergomi k\u00f3rh\u00e1z \u00e9s az esztergomi tanker\u00fclet. A Kom\u00e1rom-Esztergom Megyei \u00d6nkorm\u00e1nyzat a TOP-ban, \u00e9s","og_url":"https:\/\/dorogimedence.hu\/index.php\/2019\/09\/05\/az-orszagban-az-elsok-kozott-indul-el-a-komarom-esztergom-megyei-virtualis-eromu-program\/","og_site_name":"Dorogi-medence Region\u00e1lis H\u00edrport\u00e1l","article_publisher":"https:\/\/www.facebook.com\/dorogimedence\/","article_published_time":"2019-09-05T10:51:59+00:00","article_modified_time":"2019-09-05T10:55:54+00:00","og_image":[{"width":670,"height":365,"url":"https:\/\/i0.wp.com\/dorogimedence.hu\/wp-content\/uploads\/2019\/09\/virtualis-eromu-01.jpg?fit=670%2C365&ssl=1","type":"image\/jpeg"}],"author":"dorogimedence.hu","twitter_card":"summary_large_image","twitter_misc":{"Szerz\u0151:":"dorogimedence.hu","Becs\u00fclt olvas\u00e1si id\u0151":"4 perc"},"schema":{"@context":"https:\/\/schema.org","@graph":[{"@type":"Article","@id":"https:\/\/dorogimedence.hu\/index.php\/2019\/09\/05\/az-orszagban-az-elsok-kozott-indul-el-a-komarom-esztergom-megyei-virtualis-eromu-program\/#article","isPartOf":{"@id":"https:\/\/dorogimedence.hu\/index.php\/2019\/09\/05\/az-orszagban-az-elsok-kozott-indul-el-a-komarom-esztergom-megyei-virtualis-eromu-program\/"},"author":{"name":"dorogimedence.hu","@id":"https:\/\/dorogimedence.hu\/#\/schema\/person\/ce6091eeb7e95ecdc87890d6aa8e0fd4"},"headline":"Az orsz\u00e1gban az els\u0151k k\u00f6z\u00f6tt indul el a Kom\u00e1rom-Esztergom Megyei Virtu\u00e1lis Er\u0151m\u0171 Program","datePublished":"2019-09-05T10:51:59+00:00","dateModified":"2019-09-05T10:55:54+00:00","mainEntityOfPage":{"@id":"https:\/\/dorogimedence.hu\/index.php\/2019\/09\/05\/az-orszagban-az-elsok-kozott-indul-el-a-komarom-esztergom-megyei-virtualis-eromu-program\/"},"wordCount":831,"publisher":{"@id":"https:\/\/dorogimedence.hu\/#organization"},"image":{"@id":"https:\/\/dorogimedence.hu\/index.php\/2019\/09\/05\/az-orszagban-az-elsok-kozott-indul-el-a-komarom-esztergom-megyei-virtualis-eromu-program\/#primaryimage"},"thumbnailUrl":"https:\/\/dorogimedence.hu\/wp-content\/uploads\/2019\/09\/virtualis-eromu-01.jpg","keywords":["Kom\u00e1rom-Esztergom megye","Virtu\u00e1lis Er\u0151m\u0171 program"],"articleSection":["H\u00edrek","Kom\u00e1rom-Esztergom"],"inLanguage":"hu"},{"@type":"WebPage","@id":"https:\/\/dorogimedence.hu\/index.php\/2019\/09\/05\/az-orszagban-az-elsok-kozott-indul-el-a-komarom-esztergom-megyei-virtualis-eromu-program\/","url":"https:\/\/dorogimedence.hu\/index.php\/2019\/09\/05\/az-orszagban-az-elsok-kozott-indul-el-a-komarom-esztergom-megyei-virtualis-eromu-program\/","name":"Az orsz\u00e1gban az els\u0151k k\u00f6z\u00f6tt indul el a Kom\u00e1rom-Esztergom Megyei Virtu\u00e1lis Er\u0151m\u0171 Program","isPartOf":{"@id":"https:\/\/dorogimedence.hu\/#website"},"primaryImageOfPage":{"@id":"https:\/\/dorogimedence.hu\/index.php\/2019\/09\/05\/az-orszagban-az-elsok-kozott-indul-el-a-komarom-esztergom-megyei-virtualis-eromu-program\/#primaryimage"},"image":{"@id":"https:\/\/dorogimedence.hu\/index.php\/2019\/09\/05\/az-orszagban-az-elsok-kozott-indul-el-a-komarom-esztergom-megyei-virtualis-eromu-program\/#primaryimage"},"thumbnailUrl":"https:\/\/dorogimedence.hu\/wp-content\/uploads\/2019\/09\/virtualis-eromu-01.jpg","datePublished":"2019-09-05T10:51:59+00:00","dateModified":"2019-09-05T10:55:54+00:00","breadcrumb":{"@id":"https:\/\/dorogimedence.hu\/index.php\/2019\/09\/05\/az-orszagban-az-elsok-kozott-indul-el-a-komarom-esztergom-megyei-virtualis-eromu-program\/#breadcrumb"},"inLanguage":"hu","potentialAction":[{"@type":"ReadAction","target":["https:\/\/dorogimedence.hu\/index.php\/2019\/09\/05\/az-orszagban-az-elsok-kozott-indul-el-a-komarom-esztergom-megyei-virtualis-eromu-program\/"]}]},{"@type":"ImageObject","inLanguage":"hu","@id":"https:\/\/dorogimedence.hu\/index.php\/2019\/09\/05\/az-orszagban-az-elsok-kozott-indul-el-a-komarom-esztergom-megyei-virtualis-eromu-program\/#primaryimage","url":"https:\/\/dorogimedence.hu\/wp-content\/uploads\/2019\/09\/virtualis-eromu-01.jpg","contentUrl":"https:\/\/dorogimedence.hu\/wp-content\/uploads\/2019\/09\/virtualis-eromu-01.jpg","width":670,"height":365},{"@type":"BreadcrumbList","@id":"https:\/\/dorogimedence.hu\/index.php\/2019\/09\/05\/az-orszagban-az-elsok-kozott-indul-el-a-komarom-esztergom-megyei-virtualis-eromu-program\/#breadcrumb","itemListElement":[{"@type":"ListItem","position":1,"name":"Kezd\u0151lap","item":"https:\/\/dorogimedence.hu\/"},{"@type":"ListItem","position":2,"name":"Az orsz\u00e1gban az els\u0151k k\u00f6z\u00f6tt indul el a Kom\u00e1rom-Esztergom Megyei Virtu\u00e1lis Er\u0151m\u0171 Program"}]},{"@type":"WebSite","@id":"https:\/\/dorogimedence.hu\/#website","url":"https:\/\/dorogimedence.hu\/","name":"Dorogi-medence Region\u00e1lis H\u00edrport\u00e1l","description":"Dorog, Keszt\u00f6lc, Le\u00e1nyv\u00e1r, Piliscs\u00e9v, Tokod, Tokodalt\u00e1r\u00f3, Csolnok, Esztergom-kertv\u00e1ros: h\u00edrek, programok","publisher":{"@id":"https:\/\/dorogimedence.hu\/#organization"},"potentialAction":[{"@type":"SearchAction","target":{"@type":"EntryPoint","urlTemplate":"https:\/\/dorogimedence.hu\/?s={search_term_string}"},"query-input":{"@type":"PropertyValueSpecification","valueRequired":true,"valueName":"search_term_string"}}],"inLanguage":"hu"},{"@type":"Organization","@id":"https:\/\/dorogimedence.hu\/#organization","name":"Dorogi-medence Region\u00e1lis H\u00edrport\u00e1l","url":"https:\/\/dorogimedence.hu\/","logo":{"@type":"ImageObject","inLanguage":"hu","@id":"https:\/\/dorogimedence.hu\/#\/schema\/logo\/image\/","url":"https:\/\/dorogimedence.hu\/wp-content\/uploads\/2021\/04\/logo-feher-600.png","contentUrl":"https:\/\/dorogimedence.hu\/wp-content\/uploads\/2021\/04\/logo-feher-600.png","width":600,"height":100,"caption":"Dorogi-medence Region\u00e1lis H\u00edrport\u00e1l"},"image":{"@id":"https:\/\/dorogimedence.hu\/#\/schema\/logo\/image\/"},"sameAs":["https:\/\/www.facebook.com\/dorogimedence\/"]},{"@type":"Person","@id":"https:\/\/dorogimedence.hu\/#\/schema\/person\/ce6091eeb7e95ecdc87890d6aa8e0fd4","name":"dorogimedence.hu","image":{"@type":"ImageObject","inLanguage":"hu","@id":"\/\/www.gravatar.com\/avatar\/d8d45f8901aadff40a4af72c0b826f1d?s=96&#038;r=g&#038;d=mm","url":"\/\/www.gravatar.com\/avatar\/d8d45f8901aadff40a4af72c0b826f1d?s=96&#038;r=g&#038;d=mm","contentUrl":"\/\/www.gravatar.com\/avatar\/d8d45f8901aadff40a4af72c0b826f1d?s=96&#038;r=g&#038;d=mm","caption":"dorogimedence.hu"}}]}},"_links":{"self":[{"href":"https:\/\/dorogimedence.hu\/index.php\/wp-json\/wp\/v2\/posts\/19244","targetHints":{"allow":["GET"]}}],"collection":[{"href":"https:\/\/dorogimedence.hu\/index.php\/wp-json\/wp\/v2\/posts"}],"about":[{"href":"https:\/\/dorogimedence.hu\/index.php\/wp-json\/wp\/v2\/types\/post"}],"author":[{"embeddable":true,"href":"https:\/\/dorogimedence.hu\/index.php\/wp-json\/wp\/v2\/users\/1"}],"replies":[{"embeddable":true,"href":"https:\/\/dorogimedence.hu\/index.php\/wp-json\/wp\/v2\/comments?post=19244"}],"version-history":[{"count":0,"href":"https:\/\/dorogimedence.hu\/index.php\/wp-json\/wp\/v2\/posts\/19244\/revisions"}],"wp:featuredmedia":[{"embeddable":true,"href":"https:\/\/dorogimedence.hu\/index.php\/wp-json\/wp\/v2\/media\/19245"}],"wp:attachment":[{"href":"https:\/\/dorogimedence.hu\/index.php\/wp-json\/wp\/v2\/media?parent=19244"}],"wp:term":[{"taxonomy":"category","embeddable":true,"href":"https:\/\/dorogimedence.hu\/index.php\/wp-json\/wp\/v2\/categories?post=19244"},{"taxonomy":"post_tag","embeddable":true,"href":"https:\/\/dorogimedence.hu\/index.php\/wp-json\/wp\/v2\/tags?post=19244"}],"curies":[{"name":"wp","href":"https:\/\/api.w.org\/{rel}","templated":true}]}}