{"id":19140,"date":"2019-09-01T19:03:16","date_gmt":"2019-09-01T17:03:16","guid":{"rendered":"http:\/\/dorogimedence.hu\/?p=19140"},"modified":"2019-09-01T19:03:16","modified_gmt":"2019-09-01T17:03:16","slug":"egy-meltatlanul-mellozott-banyaszmartir-emlekere","status":"publish","type":"post","link":"https:\/\/dorogimedence.hu\/index.php\/2019\/09\/01\/egy-meltatlanul-mellozott-banyaszmartir-emlekere\/","title":{"rendered":"Egy m\u00e9ltatlanul mell\u0151z\u00f6tt b\u00e1ny\u00e1szm\u00e1rt\u00edr eml\u00e9k\u00e9re"},"content":{"rendered":"<p><strong>A b\u00e1ny\u00e1szt\u00e1rsadalom \u00f6nmag\u00e1ban is tekint\u00e9lyparancsol\u00f3, tiszteletet \u00f6vez\u0151 \u00e9rzelmeket v\u00e1ltott ki nemzed\u00e9kek sz\u00e9les k\u00f6reiben is, a b\u00e1nyaszerencs\u00e9tlens\u00e9gek \u00e1ldozatai pedig osztatlan \u00e9s kiemelt egy\u00fctt\u00e9rz\u00e9st minden emberben. P\u00e9ld\u00e1juk \u00e9s eml\u00e9k\u00fck \u00f6r\u00f6k marad, amelyet mind a mai napig h\u00edven \u00e1pol az ut\u00f3kor. A b\u00e1nyav\u00e1llalatok minden egyes \u00fczemi balesetet szenvedett dolgoz\u00f3jukat kit\u00fcntetett figyelemben \u00e9s megk\u00fcl\u00f6nb\u00f6ztetett kegyeletben r\u00e9szes\u00edtett\u00e9k. A Sors mostoha ir\u00f3ni\u00e1jak\u00e9nt azonban a dorogi b\u00e1nya egykori \u00e1ldozat\u00e1t, MAKAI GY\u00d6RGY\u00d6T megmagyar\u00e1zhatatlan okokb\u00f3l mindezid\u00e1ig sz\u00e1m\u0171zt\u00e9k a m\u00e1rt\u00edr b\u00e1ny\u00e1szok panteonj\u00e1b\u00f3l. Az idei B\u00e1ny\u00e1sznaphoz kapcsol\u00f3dan ez\u00faton szeretn\u00e9m megtenni az els\u0151 l\u00e9p\u00e9st a fent eml\u00edtett egykori dorogi b\u00e1ny\u00e1sz rehabilit\u00e1s\u00e1\u00e9rt<\/strong> <em>&#8211; Szab\u00f3 Gyula cikke.<\/em><\/p>\n<p>Sz\u00e1mtalan n\u00e9vtelen, vagy ahogy hivatalos sz\u00f3haszn\u00e1lattal illetik, ismeretlen katona eml\u00e9ke kall\u00f3dik a k\u00fcl\u00f6nb\u00f6z\u0151 korok, k\u00fcl\u00f6nb\u00f6z\u0151 harcmezein, azonban soha sem mer\u00fclt volna fel bennem, hogy a b\u00e1ny\u00e1szok soraiban valaha is el\u0151forduljon olyan eset, amelyben b\u00e1rmely b\u00e1nyaszerencs\u00e9tlens\u00e9gben elhunyt b\u00e1ny\u00e1szt a feled\u00e9s hom\u00e1lya takarjon. Sajn\u00e1latos, egyben eddig p\u00e9ld\u00e1tlan m\u00f3don m\u00e9gis akadt a dorogi b\u00e1ny\u00e1szat k\u00e9t \u00e9s negyed \u00e9vsz\u00e1zados t\u00f6rt\u00e9net\u00e9ben egy ilyen rendk\u00edv\u00fcli, mondhatni rendhagy\u00f3 eset. Egyetlen sz\u00e1l \u00e9s kapaszkod\u00f3, az egykori \u00e1ldozat lesz\u00e1rmazottai, akik sz\u00edv\u00fckben meg\u0151rizt\u00e9k csal\u00e1dtagjuk tragikus eml\u00e9k\u00e9t. K\u00f6z\u00fcl\u00fck az egyik, a n\u00e9hai Makai Gy\u00f6rgy unok\u00e1ja, Kov\u00e1cs J\u00e1nos. T\u0151le \u00e9rtes\u00fcltem magam is err\u0151l az \u00e9rthetetlen esetr\u0151l. Kov\u00e1cs J\u00e1nost tal\u00e1n sokaknak be sem kell mutatni, hiszen k\u00f6ztiszteletben \u00e1ll\u00f3 dorogi, aki a v\u00e1ros \u00e9s annak vonz\u00e1sk\u00f6rzet\u00e9ben sz\u00e1mtalan \u00e9p\u00fcletes munk\u00e1ss\u00e1got fejtett ki, els\u0151sorban a helyi r\u00e1di\u00f3s- \u00e9s telev\u00edzi\u00f3s tev\u00e9kenys\u00e9g\u00e9vel. T\u00f6bbek k\u00f6z\u00f6tt az egykori PKTV, valamint a K\u00e9k-Duna R\u00e1di\u00f3 riportere is volt, de megbecs\u00fclten tev\u00e9kenykedett a Dorogi B\u00e1ny\u00e1sz SC, majd Dorogi FC st\u00fadi\u00f3s m\u0171sork\u00f6zl\u0151jek\u00e9nt, hangos\u00edt\u00f3jak\u00e9nt egyar\u00e1nt. Jancsi szem\u00e9lyes j\u00f3 bar\u00e1tom, kedves csal\u00e1dj\u00e1val egyetemben. Hossz\u00fa \u00e9s k\u00f6zvetlen bar\u00e1ti kapcsolatunk ellen\u00e9re csak most inform\u00e1lt el\u0151sz\u00f6r err\u0151l az esetr\u0151l. Term\u00e9szetesen nem kiz\u00e1r\u00f3lag a bar\u00e1ts\u00e1gunk miatt azonosultam a felvetett \u00fcggyel, ugyanis az igazs\u00e1g \u00e9s a kegyeletteljes v\u00e9gtisztess\u00e9g mindenkit egyform\u00e1n megillet, s ha t\u00f6rt\u00e9netesen egy teljesen ismeretlen emberr\u0151l lenne sz\u00f3, akkor is hasonl\u00f3an \u00e1lln\u00e9k a t\u00e9m\u00e1hoz.<\/p>\n<p>N\u00e9hai Makai Gy\u00f6rgy csill\u00e9sk\u00e9nt dolgozott a dorogi b\u00e1nyat\u00e1rsas\u00e1g csolnoki \u00fczem\u00e9ben. Azon a sz\u00e1m\u00e1ra v\u00e9gzetes, egyben utols\u00f3 munkanapj\u00e1n, 1942. december 26-\u00e1n, Kar\u00e1csony m\u00e1sodik napj\u00e1n d\u00e9lut\u00e1nos m\u0171szakban teljes\u00edtett szolg\u00e1latot az Auguszta akna &#8222;D&#8221; b\u00e1nyamezej\u00e9n. D\u00e9lut\u00e1n f\u00e9l \u00f6tkor rendelleness\u00e9get \u00e9szleltek, amelyre a leveg\u0151ben terjeng\u0151 m\u00e9rgesg\u00e1zok h\u00edvt\u00e1k fel a figyelm\u00fcket. A m\u0171szak felvigy\u00e1z\u00f3ja, Sz\u00f3h J\u00f3zsef mag\u00e1hoz vette Makai Gy\u00f6rgy\u00f6t \u00e9s egy\u00fctt indultak az ok felder\u00edt\u00e9s\u00e9re. A b\u00e1nyafelvigy\u00e1z\u00f3 hamarosan meg\u00e1llap\u00edtotta, hogy a szomsz\u00e9d mez\u0151n t\u0171z \u00fct\u00f6tt ki \u00e9s halad\u00e9ktalanul a b\u00e1nya t\u00e1vbesz\u00e9l\u0151rendszer\u00e9n kereszt\u00fcl \u00e9rtes\u00edtette, egyben riasztotta az ott dolgoz\u00f3kat, tov\u00e1bb\u00e1 utas\u00edt\u00e1st adott a t\u0171z g\u00f3cpontj\u00e1nak felt\u00e1r\u00e1s\u00e1ra \u00e9s annak elolt\u00e1s\u00e1ra. Ezek ut\u00e1n a mellette \u00e1ll\u00f3 Makai Gy\u00f6rgy\u00f6t utas\u00edtotta az \u00e9rintett szektorban l\u00e9v\u0151k figyelmeztet\u00e9s\u00e9re, k\u00fcl\u00f6n\u00f6s tekintettel az egyik mell\u00e9k\u00e9g\u00e1rmaban dolgoz\u00f3k \u00e9rtes\u00edt\u00e9s\u00e9re. Makai ennek eleget is tett \u00e9s k\u00f6zbenj\u00e1r\u00e1s\u00e1nak k\u00f6sz\u00f6nhet\u0151en az ott tart\u00f3zkod\u00f3 k\u00e9t b\u00e1ny\u00e1sz sikeresen el is hagyta a vesz\u00e9lyeztetett ter\u00fcletet \u00e9s siker\u00fclt biztons\u00e1gos helyre menni\u00fck. Felt\u00e9telezhet\u0151, hogy Makai esetleg tov\u00e1bbi t\u00e1rsakat is pr\u00f3b\u00e1lt keresni, vagy legal\u00e1bbis meggy\u0151z\u0151dni arr\u00f3l, hogy senki sem tart\u00f3zkodik a vesz\u00e9lyz\u00f3n\u00e1ban, majd maga is halad\u00e9ktalanul igyekezett a legk\u00f6zelebbi biztosns\u00e1gos ereszk\u00e9be. Azonban oda m\u00e1r soha sem \u00e9rt el, mert a bel\u00e9legzett m\u00e9rgez\u0151 g\u00e1zok leter\u00edtett\u00e9k. T\u00e1rsai k\u00f6z\u00fcl t\u00f6bben is keres\u00e9s\u00e9re indultak, de m\u00e1r csak a tetem\u00e9t tal\u00e1lt\u00e1k meg. Azonnal \u00fajra\u00e9leszt\u00e9ssel is pr\u00f3b\u00e1lkoztak, azonban m\u00e1r nem tudtak seg\u00edteni rajta.<\/p>\n<p>Makai Gy\u00f6rgy \u00e9let\u00e9t adta cser\u00e9be, hogy k\u00e9t m\u00e1sik t\u00e1rsa megmenek\u00fclhessen. Az eset b\u00e1r szomor\u00fa, azonban teljesen egy\u00e9rtelm\u0171: Makai Gy\u00f6rgy \u00fczemi baleset \u00e1ldozata lett. \u0150 lett a t\u0171zeset miatt kialakult g\u00e1zm\u00e9rgez\u00e9s egyetlen hal\u00e1los \u00e1ldozata, \u00e1m ha el\u0151lj\u00e1r\u00f3j\u00e1val nem v\u00e9geznek gyors \u00e9s szakszer\u0171 riaszt\u00e1st, akkor j\u00f3p\u00e1r ember\u00e9let maradt volna odabent. Makai Gy\u00f6rgy azonban nem csak egyszer\u0171en egy \u00fczemi baleset k\u00f6vetkezt\u00e9ben elhunyt \u00e1ldozat, hanem egyben h\u0151s is, hiszen neki k\u00f6sz\u00f6nhet\u0151 legal\u00e1bb k\u00e9t ember \u00e9letben marad\u00e1sa. Ennek pedig a saj\u00e1t \u00e9lete, k\u00f6zvetve pedig az eg\u00e9sz csal\u00e1dja&nbsp; &#8211; feles\u00e9ge \u00e9s h\u00e1rom gyermeke &#8211; is \u00e1ldozat\u00e1t k\u00f6vetelte. Ugyanis a szerencs\u00e9tlens\u00e9g kivizsg\u00e1l\u00e1sa alapj\u00e1n a balesetet a v\u00e9tlen szerencs\u00e9tlens\u00e9g sz\u00e1ml\u00e1j\u00e1ra \u00edrt\u00e1k, pontosabban \u00f6ngyullad\u00e1sk\u00e9nt \u00e1llap\u00edtott\u00e1k meg, s mint ilyen eset, felel\u0151s hi\u00e1ny\u00e1ban az \u00fcgyet lez\u00e1rtnak tekintett\u00e9k. A kivizsg\u00e1l\u00e1s eredm\u00e9ny\u00e9nek t\u00fckr\u00e9ben az illet\u00e9kesek \u00fagy hat\u00e1roztak, hogy az \u00e1ldozat csal\u00e1dja semmi nem\u0171 k\u00e1rt\u00e9r\u00edt\u00e9sre \u00e9s seg\u00e9lyre nem jogosult. Ez eddig p\u00e9ld\u00e1tlan esetnek hat, legal\u00e1bbis messzemen\u0151kig elt\u00e9r a mekszokott gyakorlatt\u00f3l. A meg\u00f6zvegy\u00fclt feles\u00e9g \u00e9s a h\u00e1rom f\u00e9l\u00e1rva ott maradt keny\u00e9rkeres\u0151, egyben szeret\u0151 f\u00e9rj \u00e9s apa n\u00e9lk\u00fcl. Mindez, a II. vil\u00e1gh\u00e1bor\u00fa idej\u00e9nek kell\u0151s k\u00f6zep\u00e9n.<\/p>\n<p>A csal\u00e1d jobb h\u00edj\u00e1n belet\u00f6r\u0151d\u00f6tt sanyar\u00fa sors\u00e1ban, azonban a lesz\u00e1rmazottak legal\u00e1bb m\u00e9lt\u00f3 eml\u00e9ket szerettek volna \u00e1ll\u00edtani az egykori csal\u00e1df\u0151nek. Erre t\u00f6bb alaklmat is igyekeztek megragadni, nem t\u00f6bbet k\u00e9rve, csak hogy Makai Gy\u00f6rgy nev\u00e9t tegy\u00e9k a b\u00e1nyaszerencs\u00e9tlens\u00e9g \u00e1ldozatainak list\u00e1j\u00e1hoz. N\u00e9h\u00e1ny \u00e9ve, amikor Dorogon, az Otthon t\u00e9ren fel\u00e1ll\u00edtott\u00e1k a b\u00e1ny\u00e1szok eml\u00e9km\u0171v\u00e9t, rajta valamennyi b\u00e1ny\u00e1szm\u00e1rt\u00edrt felt\u00fcntetve, a csal\u00e1d a lehet\u0151 legjobb, egyben az utols\u00f3 alkalmat l\u00e1tta, hogy szerett\u00fck neve m\u00e9lt\u00f3n felker\u00fclhessen b\u00e1ny\u00e1sz-, egyben sorst\u00e1rsai k\u00f6z\u00e9. Meglep\u0151 m\u00f3don azonban minden ir\u00e1nyb\u00f3l elutas\u00edt\u00e1st kaptak. K\u00e9relm\u00fckre ugyanis mind a B\u00e1nya-, Energia- \u00e9s Ipari Dolgoz\u00f3k Szakszervezete, mind annak dorogi alapszervezete \u00e9s a Dorogi Sz\u00e9nmedence Kult\u00far\u00e1j\u00e1\u00e9rt Alap\u00edtv\u00e1ny eln\u00f6ks\u00e9ge nemleges d\u00f6nt\u00e9st hoztak. A hivatalos indokl\u00e1s semmi m\u00e1sra nem alapoz, csakis az 1943 janu\u00e1rj\u00e1ban keltezett Magyar Kir\u00e1lyi B\u00e1nyakapit\u00e1nys\u00e1g Hat\u00e1rozat\u00e1ra. Ez volt az illet\u00e9kes szerv, amely Makai Gy\u00f6rgy hal\u00e1l\u00e1val kapcsolatos \u00fczemi balesetet kivizsg\u00e1lta, \u00e1m tekintve, hogy v\u00e9letlen balesetnek v\u00e9lem\u00e9nyezt\u00e9k, ezzel automatikusan az elhunytat is valamennyi lehets\u00e9ges kedvezm\u00e9nyt\u0151l megfosztott\u00e1k.<\/p>\n<p><img fetchpriority=\"high\" decoding=\"async\" class=\"alignnone size-full wp-image-19141\" src=\"https:\/\/dorogimedence.hu\/wp-content\/uploads\/2019\/09\/okirat-01.jpg\" alt=\"\" width=\"670\" height=\"628\" srcset=\"https:\/\/dorogimedence.hu\/wp-content\/uploads\/2019\/09\/okirat-01.jpg 670w, https:\/\/dorogimedence.hu\/wp-content\/uploads\/2019\/09\/okirat-01-300x281.jpg 300w\" sizes=\"(max-width: 670px) 100vw, 670px\" \/><\/p>\n<p><img decoding=\"async\" class=\"alignnone size-full wp-image-19142\" src=\"https:\/\/dorogimedence.hu\/wp-content\/uploads\/2019\/09\/okirat-02.jpg\" alt=\"\" width=\"670\" height=\"922\" srcset=\"https:\/\/dorogimedence.hu\/wp-content\/uploads\/2019\/09\/okirat-02.jpg 670w, https:\/\/dorogimedence.hu\/wp-content\/uploads\/2019\/09\/okirat-02-218x300.jpg 218w\" sizes=\"(max-width: 670px) 100vw, 670px\" \/><\/p>\n<p>B\u00e1rmerr\u0151l is n\u00e9zni az ember a helyzetet, ezt nem lehet m\u00e1sk\u00e9nt \u00e9rtelmezni, mint igazs\u00e1gtalans\u00e1g \u00e9s nagyfok\u00fa r\u00f6vidl\u00e1t\u00f3s\u00e1g. Egy \u00fczemi baleset akkor nem is min\u0151s\u00fcl balesetnek, ha annak oka \u00fagymond a vak v\u00e9letlen? Ez elk\u00e9pszet\u0151 \u00e9s elfogadhatatlan. Neh\u00e9z volna az illet\u00e9kesek fej\u00e9vel gondolkodni, de elk\u00e9pzelhetetlen,&nbsp; hogy b\u00e1rmilyenek is voltak a k\u00f6r\u00fclm\u00e9nyek, az elhunyt se kell\u0151 tiszteletet, csal\u00e1dja pedig semminem\u0171 k\u00e1rp\u00f3tl\u00e1st ne kapjon. Az is bizonyos, hogy az ilyen esetekben kifizet\u00e9sre ker\u00fcl\u0151 seg\u00e9ly, vagy k\u00e1rp\u00f3tl\u00e1s a b\u00e1nyat\u00e1rsas\u00e1gnak akkora \u00e9rv\u00e1g\u00e1st nem jelentett volna, k\u00fcl\u00f6n\u00f6sen egyetlen szem\u00e9ly eset\u00e9n. Furcsa, egyben nagyon szomor\u00fa t\u00f6rt\u00e9nelmi h\u00e1tt\u00e9r is kapcsol\u00f3dik az \u00fcgyh\u00f6z, hiszen az eml\u00edtett k\u00f6zponti b\u00e1nyakapit\u00e1nys\u00e1g hat\u00e1rozat\u00e1nak ki\u00e1ll\u00edt\u00e1sa idej\u00e9n sorsford\u00edt\u00f3 id\u0151ket \u00e9lt a vil\u00e1g \u00e9s vele egyetemben haz\u00e1nk is. \u00c9ppen ekkor sokkolta a nemzetet a II. magyar hadsereg doni katasztr\u00f3f\u00e1ja \u00e9s a szt\u00e1lingr\u00e1di pokol is v\u00e9gnapjai tomboltak. Sokkal k\u00f6zvetlenebb \u00e9s legal\u00e1bb akkora sokk volt az 1942 j\u00fanius utols\u00f3 napj\u00e1n t\u00f6rt\u00e9nt hatalmas b\u00e1nyaszerencs\u00e9tlens\u00e9g a dorogi b\u00e1nya tokodi \u00fczem\u00e9ben. Minden id\u0151k egyik legnagyobb b\u00e1nyatrag\u00e9di\u00e1ja volt a s\u00fajt\u00f3l\u00e9grobban\u00e1s miatt bek\u00f6vetkezett \u00e9s 54 b\u00e1ny\u00e1sz \u00e9let\u00e9t k\u00f6vetel\u0151 szerencs\u00e9tlens\u00e9g. Mindez Makai Gy\u00f6rgy trag\u00e9di\u00e1ja el\u0151tt f\u00e9l \u00e9vvel. Nehezen k\u00e9pzelhet\u0151 el, hogy a k\u00e9t \u00fczemi baleset k\u00f6zels\u00e9ge miatt esetleges anyagi megfontol\u00e1s, megszor\u00edt\u00e1s miatt ejtett\u00e9k volna Makai \u00fcgy\u00e9t. A b\u00e1nya sosem volt ilyen kicsinyes, ennyire piti\u00e1ner. Nem tudni v\u00e9g\u00fcl is ki, vagy kik hozt\u00e1k meg akkoriban a csal\u00e1dot s\u00falyosan \u00e9rint\u0151 d\u00f6nt\u00e9st, ezt csak a t\u00e9nyek miatt \u00edrom le. Sokkal ink\u00e1bb azon van a hangs\u00faly, hogy Makai Gy\u00f6rgy\u00f6t mi\u00e9rt akarj\u00e1k ennyire kirekeszteni abb\u00f3l a k\u00f6zegb\u0151l, amely m\u00e9lt\u00e1n megilletn\u00e9? Mint b\u00e1nyaszerencs\u00e9tlens\u00e9g \u00e1ldozata is soha el nem m\u00fal\u00f3an ott lenne neve \u00e9s eml\u00e9ke t\u00e1rsai mellett, de \u0150 egyben h\u0151s is volt, aki \u00e9letet mentett.<\/p>\n<p>M\u00e9g 76 \u00e9vvel az esetet k\u00f6vet\u0151en m\u00e9g sem lehet m\u00e9lt\u00f3 eml\u00e9ke, az igaz\u00e1n \u00e9rthetetlen, mint amilyen \u00e9rthetetlen\u00fcl olvasom \u00fajra \u00e9s \u00fajra a dokumentumokban szerepl\u0151 elutas\u00edt\u00e1s indokl\u00e1s\u00e1t, mely szerint az\u00e9rt nem veszik fel nev\u00e9t a m\u00e1rt\u00edrok k\u00f6z\u00e9, mert 1943-ban meg\u00e1llap\u00edt\u00e1st nyert, hogy a hal\u00e1l\u00e1t okoz\u00f3 \u00fczemi baleset a v\u00e9letlen m\u0171ve volt. M\u00f3domban \u00e1ll a dorogi b\u00e1nyaszerencs\u00e9tlens\u00e9gek elhunytainak list\u00e1j\u00e1t tanulm\u00e1nyozni. A lista id\u0151rendben, \u00e9vekre lebontva, pontos d\u00e1tumokkal \u00e9s a katasztr\u00f3f\u00e1k szint\u00e9n pontos helyeinek \u00e9s azok ok\u00e1nak felt\u00fcntes\u00e9vel valamennyi \u00e1ldozat neve \u00e9s lakhelye ott sorakozik. A fentebb eml\u00edtett 1942-es p\u00e9ld\u00e1tlan katasztr\u00f3fa is k\u00e9t teljes oldalt \u00f6lel fel, \u00e1m \u00e9ppen ut\u00e1na kellene k\u00f6vetkeznie ugyan ebben az esztend\u0151ben, december 26-i d\u00e1tumoz\u00e1ssal Makai Gy\u00f6rgy eset\u00e9nek is, \u00e1m a soronk\u00f6vetkez\u0151 szerencs\u00e9tlens\u00e9g 1944-es keltez\u00e9s\u0171. Sajn\u00e1latos, hogy a k\u00f6zelm\u00faltban elhunyt W\u00e1gner Ferenc &#8211; a b\u00e1ny\u00e1ssz szakszervezet helyi eln\u00f6ke \u00e9s fentebb m\u00e1r szint\u00e9n eml\u00edt\u00e9sre ker\u00fclt kult\u00far\u00e1lis alap\u00edtv\u00e1ny eln\u00f6ke -, aki rendk\u00edv\u00fcl sokat tehetett volna ez \u00fcgyben \u00e9rthetetlen m\u00f3don az egyik legnagyobb ker\u00e9kk\u00f6t\u0151nek bizonyult, s vele egyetemben a kurat\u00f3rium valamennyi akkori tagja is nemleges \u00e1ll\u00e1sfoglal\u00e1sra helyezkedett. Egyed\u00fcl Dr. Csuha J\u00f3zsef, Dorog egykori tan\u00e1cseln\u00f6ke \u00e9s v\u00e1rosunk k\u00f6z\u00e9leti szem\u00e9lyis\u00e9ge, \u00fcgyv\u00e9d hat\u00e1rol\u00f3dott el a nemet szavaz\u00f3kt\u00f3l.<\/p>\n<p>Ha csak egy csal\u00e1d trag\u00e9di\u00e1j\u00e1r\u00f3l lenne sz\u00f3, vagy maga az \u00e1ldozat eml\u00e9k\u00e9nek m\u00e9lt\u00f3s\u00e1gt\u00e9tele lenne a t\u00e9t, abban az esetben sem lehetne m\u00e1s a c\u00e9l \u00e9s az egyetlen tisztess\u00e9gesen j\u00e1rhat\u00f3 \u00fat, mint Makai Gy\u00f6rgy \u00e9s lesz\u00e1rmazottainak megk\u00f6vet\u00e9se \u00e9s a b\u00e1ny\u00e1szm\u00e1rt\u00edr rehabilit\u00e1l\u00e1sa. Azonban ez ann\u00e1l a bens\u0151s\u00e9gesebb hat\u00e1ron is messze t\u00falmutat, hiszen mindez egyben k\u00f6z\u00fcgy. Dorog v\u00e1ros t\u00f6rt\u00e9neti m\u00faltj\u00e1nak, monogr\u00e1fi\u00e1j\u00e1nak, tov\u00e1bb\u00e1 a dorogi b\u00e1ny\u00e1szkod\u00e1s t\u00f6rt\u00e9net\u00e9nek hiteles \u00e9s teljesk\u00f6r\u0171 feldolgoz\u00e1s\u00e1nak is alapt\u00e9tele.<\/p>\n<p>Makai Gy\u00f6rgy 1890-ben sz\u00fcletett L\u00e1batlanon. \u00c9desanyja neve Kraszl\u00e1n Borb\u00e1la. 1939 szeptember 3-\u00e1n ker\u00fclt csill\u00e9s beoszt\u00e1sba a dorogi b\u00e1nyav\u00e1llalat Aguszta telepi \u00fczem\u00e9be. Nyilv\u00e1tart\u00e1si jegyz\u00e9ksz\u00e1ma 7006, m\u00edg Azonoss\u00e1gi sz\u00e1ma 2462 volt. N\u0151s, h\u00e1rom gyermek \u00e9desapja volt. Feles\u00e9ge, T\u00f6r\u00f6k Anna. A csal\u00e1ddal Csolnokon telepedett le. Egyetlen meg\u00e9rt\u0151 f\u00e9l bizonyult eddig az \u00fcgyben, nevezetesen a dorogi Szent Borb\u00e1la b\u00e1nyatemplom \u00e9s annak lelk\u00e9sze. A templomban helyeztek el egy kegyeleti n\u00e9vt\u00e1bl\u00e1t az eml\u00e9k\u00e9re.<\/p>\n<p>Minden t\u0151lem telhet\u0151 m\u00f3don igyekezni fogok, hogy Makai Gy\u00f6rgy elfoglalhassa m\u00e9lt\u00f3 hely\u00e9t \u00e9s rangj\u00e1t a telep\u00fcl\u00e9s- \u00e9s b\u00e1nyat\u00f6rt\u00e9net oldalain. Ennek szellem\u00e9ben aj\u00e1nlom szem\u00e9ly\u00e9t \u00e9s t\u00f6rt\u00e9net\u00e9t, valamint az \u00e9let\u00e9t k\u00f6vet\u0151 k\u00e1lv\u00e1ri\u00e1t az idei B\u00e1ny\u00e1sznap m\u00e9lt\u00f3s\u00e1g\u00e1hoz, teljess\u00e9g\u00e9hez.<\/p>\n<p>\u00c1ldott legyen eml\u00e9ke!<\/p>\n","protected":false},"excerpt":{"rendered":"<p>A b\u00e1ny\u00e1szt\u00e1rsadalom \u00f6nmag\u00e1ban is tekint\u00e9lyparancsol\u00f3, tiszteletet \u00f6vez\u0151 \u00e9rzelmeket v\u00e1ltott ki nemzed\u00e9kek sz\u00e9les k\u00f6reiben is, a b\u00e1nyaszerencs\u00e9tlens\u00e9gek \u00e1ldozatai pedig osztatlan \u00e9s kiemelt egy\u00fctt\u00e9rz\u00e9st minden emberben. P\u00e9ld\u00e1juk \u00e9s eml\u00e9k\u00fck \u00f6r\u00f6k marad, amelyet mind a mai napig h\u00edven \u00e1pol az ut\u00f3kor. A b\u00e1nyav\u00e1llalatok minden egyes \u00fczemi balesetet szenvedett dolgoz\u00f3jukat kit\u00fcntetett figyelemben \u00e9s megk\u00fcl\u00f6nb\u00f6ztetett kegyeletben r\u00e9szes\u00edtett\u00e9k. A Sors mostoha<\/p>\n","protected":false},"author":1,"featured_media":19143,"comment_status":"closed","ping_status":"closed","sticky":false,"template":"","format":"standard","meta":{"ngg_post_thumbnail":0,"footnotes":""},"categories":[2,3],"tags":[729,4208,1242,15,4207],"class_list":{"0":"post-19140","1":"post","2":"type-post","3":"status-publish","4":"format-standard","5":"has-post-thumbnail","7":"category-dorog","8":"category-hirek","9":"tag-banyaszat","10":"tag-banyaszmartir","11":"tag-banyasznap","12":"tag-dorog","13":"tag-makai-gyorgy"},"yoast_head":"<!-- This site is optimized with the Yoast SEO plugin v27.4 - https:\/\/yoast.com\/product\/yoast-seo-wordpress\/ -->\n<title>Egy m\u00e9ltatlanul mell\u0151z\u00f6tt b\u00e1ny\u00e1szm\u00e1rt\u00edr eml\u00e9k\u00e9re<\/title>\n<meta name=\"robots\" content=\"index, follow, max-snippet:-1, max-image-preview:large, max-video-preview:-1\" \/>\n<link rel=\"canonical\" href=\"https:\/\/dorogimedence.hu\/index.php\/2019\/09\/01\/egy-meltatlanul-mellozott-banyaszmartir-emlekere\/\" class=\"yoast-seo-meta-tag\" \/>\n<meta property=\"og:locale\" content=\"hu_HU\" class=\"yoast-seo-meta-tag\" \/>\n<meta property=\"og:type\" content=\"article\" class=\"yoast-seo-meta-tag\" \/>\n<meta property=\"og:title\" content=\"Egy m\u00e9ltatlanul mell\u0151z\u00f6tt b\u00e1ny\u00e1szm\u00e1rt\u00edr eml\u00e9k\u00e9re\" class=\"yoast-seo-meta-tag\" \/>\n<meta property=\"og:description\" content=\"A b\u00e1ny\u00e1szt\u00e1rsadalom \u00f6nmag\u00e1ban is tekint\u00e9lyparancsol\u00f3, tiszteletet \u00f6vez\u0151 \u00e9rzelmeket v\u00e1ltott ki nemzed\u00e9kek sz\u00e9les k\u00f6reiben is, a b\u00e1nyaszerencs\u00e9tlens\u00e9gek \u00e1ldozatai pedig osztatlan \u00e9s kiemelt egy\u00fctt\u00e9rz\u00e9st minden emberben. P\u00e9ld\u00e1juk \u00e9s eml\u00e9k\u00fck \u00f6r\u00f6k marad, amelyet mind a mai napig h\u00edven \u00e1pol az ut\u00f3kor. A b\u00e1nyav\u00e1llalatok minden egyes \u00fczemi balesetet szenvedett dolgoz\u00f3jukat kit\u00fcntetett figyelemben \u00e9s megk\u00fcl\u00f6nb\u00f6ztetett kegyeletben r\u00e9szes\u00edtett\u00e9k. A Sors mostoha\" class=\"yoast-seo-meta-tag\" \/>\n<meta property=\"og:url\" content=\"https:\/\/dorogimedence.hu\/index.php\/2019\/09\/01\/egy-meltatlanul-mellozott-banyaszmartir-emlekere\/\" class=\"yoast-seo-meta-tag\" \/>\n<meta property=\"og:site_name\" content=\"Dorogi-medence Region\u00e1lis H\u00edrport\u00e1l\" class=\"yoast-seo-meta-tag\" \/>\n<meta property=\"article:publisher\" content=\"https:\/\/www.facebook.com\/dorogimedence\/\" class=\"yoast-seo-meta-tag\" \/>\n<meta property=\"article:published_time\" content=\"2019-09-01T17:03:16+00:00\" class=\"yoast-seo-meta-tag\" \/>\n<meta property=\"og:image\" content=\"https:\/\/i0.wp.com\/dorogimedence.hu\/wp-content\/uploads\/2019\/09\/banyaszmartir.jpg?fit=670%2C365&ssl=1\" class=\"yoast-seo-meta-tag\" \/>\n\t<meta property=\"og:image:width\" content=\"670\" class=\"yoast-seo-meta-tag\" \/>\n\t<meta property=\"og:image:height\" content=\"365\" class=\"yoast-seo-meta-tag\" \/>\n\t<meta property=\"og:image:type\" content=\"image\/jpeg\" class=\"yoast-seo-meta-tag\" \/>\n<meta name=\"author\" content=\"dorogimedence.hu\" class=\"yoast-seo-meta-tag\" \/>\n<meta name=\"twitter:card\" content=\"summary_large_image\" class=\"yoast-seo-meta-tag\" \/>\n<meta name=\"twitter:label1\" content=\"Szerz\u0151:\" class=\"yoast-seo-meta-tag\" \/>\n\t<meta name=\"twitter:data1\" content=\"dorogimedence.hu\" class=\"yoast-seo-meta-tag\" \/>\n\t<meta name=\"twitter:label2\" content=\"Becs\u00fclt olvas\u00e1si id\u0151\" class=\"yoast-seo-meta-tag\" \/>\n\t<meta name=\"twitter:data2\" content=\"12 perc\" class=\"yoast-seo-meta-tag\" \/>\n<script type=\"application\/ld+json\" class=\"yoast-schema-graph\">{\"@context\":\"https:\\\/\\\/schema.org\",\"@graph\":[{\"@type\":\"Article\",\"@id\":\"https:\\\/\\\/dorogimedence.hu\\\/index.php\\\/2019\\\/09\\\/01\\\/egy-meltatlanul-mellozott-banyaszmartir-emlekere\\\/#article\",\"isPartOf\":{\"@id\":\"https:\\\/\\\/dorogimedence.hu\\\/index.php\\\/2019\\\/09\\\/01\\\/egy-meltatlanul-mellozott-banyaszmartir-emlekere\\\/\"},\"author\":{\"name\":\"dorogimedence.hu\",\"@id\":\"https:\\\/\\\/dorogimedence.hu\\\/#\\\/schema\\\/person\\\/ce6091eeb7e95ecdc87890d6aa8e0fd4\"},\"headline\":\"Egy m\u00e9ltatlanul mell\u0151z\u00f6tt b\u00e1ny\u00e1szm\u00e1rt\u00edr eml\u00e9k\u00e9re\",\"datePublished\":\"2019-09-01T17:03:16+00:00\",\"mainEntityOfPage\":{\"@id\":\"https:\\\/\\\/dorogimedence.hu\\\/index.php\\\/2019\\\/09\\\/01\\\/egy-meltatlanul-mellozott-banyaszmartir-emlekere\\\/\"},\"wordCount\":2324,\"publisher\":{\"@id\":\"https:\\\/\\\/dorogimedence.hu\\\/#organization\"},\"image\":{\"@id\":\"https:\\\/\\\/dorogimedence.hu\\\/index.php\\\/2019\\\/09\\\/01\\\/egy-meltatlanul-mellozott-banyaszmartir-emlekere\\\/#primaryimage\"},\"thumbnailUrl\":\"https:\\\/\\\/dorogimedence.hu\\\/wp-content\\\/uploads\\\/2019\\\/09\\\/banyaszmartir.jpg\",\"keywords\":[\"b\u00e1ny\u00e1szat\",\"b\u00e1ny\u00e1szm\u00e1rt\u00edr\",\"B\u00e1ny\u00e1sznap\",\"Dorog\",\"Makai Gy\u00f6rgy\"],\"articleSection\":[\"Dorog\",\"H\u00edrek\"],\"inLanguage\":\"hu\"},{\"@type\":\"WebPage\",\"@id\":\"https:\\\/\\\/dorogimedence.hu\\\/index.php\\\/2019\\\/09\\\/01\\\/egy-meltatlanul-mellozott-banyaszmartir-emlekere\\\/\",\"url\":\"https:\\\/\\\/dorogimedence.hu\\\/index.php\\\/2019\\\/09\\\/01\\\/egy-meltatlanul-mellozott-banyaszmartir-emlekere\\\/\",\"name\":\"Egy m\u00e9ltatlanul mell\u0151z\u00f6tt b\u00e1ny\u00e1szm\u00e1rt\u00edr eml\u00e9k\u00e9re\",\"isPartOf\":{\"@id\":\"https:\\\/\\\/dorogimedence.hu\\\/#website\"},\"primaryImageOfPage\":{\"@id\":\"https:\\\/\\\/dorogimedence.hu\\\/index.php\\\/2019\\\/09\\\/01\\\/egy-meltatlanul-mellozott-banyaszmartir-emlekere\\\/#primaryimage\"},\"image\":{\"@id\":\"https:\\\/\\\/dorogimedence.hu\\\/index.php\\\/2019\\\/09\\\/01\\\/egy-meltatlanul-mellozott-banyaszmartir-emlekere\\\/#primaryimage\"},\"thumbnailUrl\":\"https:\\\/\\\/dorogimedence.hu\\\/wp-content\\\/uploads\\\/2019\\\/09\\\/banyaszmartir.jpg\",\"datePublished\":\"2019-09-01T17:03:16+00:00\",\"breadcrumb\":{\"@id\":\"https:\\\/\\\/dorogimedence.hu\\\/index.php\\\/2019\\\/09\\\/01\\\/egy-meltatlanul-mellozott-banyaszmartir-emlekere\\\/#breadcrumb\"},\"inLanguage\":\"hu\",\"potentialAction\":[{\"@type\":\"ReadAction\",\"target\":[\"https:\\\/\\\/dorogimedence.hu\\\/index.php\\\/2019\\\/09\\\/01\\\/egy-meltatlanul-mellozott-banyaszmartir-emlekere\\\/\"]}]},{\"@type\":\"ImageObject\",\"inLanguage\":\"hu\",\"@id\":\"https:\\\/\\\/dorogimedence.hu\\\/index.php\\\/2019\\\/09\\\/01\\\/egy-meltatlanul-mellozott-banyaszmartir-emlekere\\\/#primaryimage\",\"url\":\"https:\\\/\\\/dorogimedence.hu\\\/wp-content\\\/uploads\\\/2019\\\/09\\\/banyaszmartir.jpg\",\"contentUrl\":\"https:\\\/\\\/dorogimedence.hu\\\/wp-content\\\/uploads\\\/2019\\\/09\\\/banyaszmartir.jpg\",\"width\":670,\"height\":365},{\"@type\":\"BreadcrumbList\",\"@id\":\"https:\\\/\\\/dorogimedence.hu\\\/index.php\\\/2019\\\/09\\\/01\\\/egy-meltatlanul-mellozott-banyaszmartir-emlekere\\\/#breadcrumb\",\"itemListElement\":[{\"@type\":\"ListItem\",\"position\":1,\"name\":\"Kezd\u0151lap\",\"item\":\"https:\\\/\\\/dorogimedence.hu\\\/\"},{\"@type\":\"ListItem\",\"position\":2,\"name\":\"Egy m\u00e9ltatlanul mell\u0151z\u00f6tt b\u00e1ny\u00e1szm\u00e1rt\u00edr eml\u00e9k\u00e9re\"}]},{\"@type\":\"WebSite\",\"@id\":\"https:\\\/\\\/dorogimedence.hu\\\/#website\",\"url\":\"https:\\\/\\\/dorogimedence.hu\\\/\",\"name\":\"Dorogi-medence Region\u00e1lis H\u00edrport\u00e1l\",\"description\":\"Dorog, Keszt\u00f6lc, Le\u00e1nyv\u00e1r, Piliscs\u00e9v, Tokod, Tokodalt\u00e1r\u00f3, Csolnok, Esztergom-kertv\u00e1ros: h\u00edrek, programok\",\"publisher\":{\"@id\":\"https:\\\/\\\/dorogimedence.hu\\\/#organization\"},\"potentialAction\":[{\"@type\":\"SearchAction\",\"target\":{\"@type\":\"EntryPoint\",\"urlTemplate\":\"https:\\\/\\\/dorogimedence.hu\\\/?s={search_term_string}\"},\"query-input\":{\"@type\":\"PropertyValueSpecification\",\"valueRequired\":true,\"valueName\":\"search_term_string\"}}],\"inLanguage\":\"hu\"},{\"@type\":\"Organization\",\"@id\":\"https:\\\/\\\/dorogimedence.hu\\\/#organization\",\"name\":\"Dorogi-medence Region\u00e1lis H\u00edrport\u00e1l\",\"url\":\"https:\\\/\\\/dorogimedence.hu\\\/\",\"logo\":{\"@type\":\"ImageObject\",\"inLanguage\":\"hu\",\"@id\":\"https:\\\/\\\/dorogimedence.hu\\\/#\\\/schema\\\/logo\\\/image\\\/\",\"url\":\"https:\\\/\\\/dorogimedence.hu\\\/wp-content\\\/uploads\\\/2021\\\/04\\\/logo-feher-600.png\",\"contentUrl\":\"https:\\\/\\\/dorogimedence.hu\\\/wp-content\\\/uploads\\\/2021\\\/04\\\/logo-feher-600.png\",\"width\":600,\"height\":100,\"caption\":\"Dorogi-medence Region\u00e1lis H\u00edrport\u00e1l\"},\"image\":{\"@id\":\"https:\\\/\\\/dorogimedence.hu\\\/#\\\/schema\\\/logo\\\/image\\\/\"},\"sameAs\":[\"https:\\\/\\\/www.facebook.com\\\/dorogimedence\\\/\"]},{\"@type\":\"Person\",\"@id\":\"https:\\\/\\\/dorogimedence.hu\\\/#\\\/schema\\\/person\\\/ce6091eeb7e95ecdc87890d6aa8e0fd4\",\"name\":\"dorogimedence.hu\",\"image\":{\"@type\":\"ImageObject\",\"inLanguage\":\"hu\",\"@id\":\"\\\/\\\/www.gravatar.com\\\/avatar\\\/d8d45f8901aadff40a4af72c0b826f1d?s=96&#038;r=g&#038;d=mm\",\"url\":\"\\\/\\\/www.gravatar.com\\\/avatar\\\/d8d45f8901aadff40a4af72c0b826f1d?s=96&#038;r=g&#038;d=mm\",\"contentUrl\":\"\\\/\\\/www.gravatar.com\\\/avatar\\\/d8d45f8901aadff40a4af72c0b826f1d?s=96&#038;r=g&#038;d=mm\",\"caption\":\"dorogimedence.hu\"}}]}<\/script>\n<!-- \/ Yoast SEO plugin. -->","yoast_head_json":{"title":"Egy m\u00e9ltatlanul mell\u0151z\u00f6tt b\u00e1ny\u00e1szm\u00e1rt\u00edr eml\u00e9k\u00e9re","robots":{"index":"index","follow":"follow","max-snippet":"max-snippet:-1","max-image-preview":"max-image-preview:large","max-video-preview":"max-video-preview:-1"},"canonical":"https:\/\/dorogimedence.hu\/index.php\/2019\/09\/01\/egy-meltatlanul-mellozott-banyaszmartir-emlekere\/","og_locale":"hu_HU","og_type":"article","og_title":"Egy m\u00e9ltatlanul mell\u0151z\u00f6tt b\u00e1ny\u00e1szm\u00e1rt\u00edr eml\u00e9k\u00e9re","og_description":"A b\u00e1ny\u00e1szt\u00e1rsadalom \u00f6nmag\u00e1ban is tekint\u00e9lyparancsol\u00f3, tiszteletet \u00f6vez\u0151 \u00e9rzelmeket v\u00e1ltott ki nemzed\u00e9kek sz\u00e9les k\u00f6reiben is, a b\u00e1nyaszerencs\u00e9tlens\u00e9gek \u00e1ldozatai pedig osztatlan \u00e9s kiemelt egy\u00fctt\u00e9rz\u00e9st minden emberben. P\u00e9ld\u00e1juk \u00e9s eml\u00e9k\u00fck \u00f6r\u00f6k marad, amelyet mind a mai napig h\u00edven \u00e1pol az ut\u00f3kor. A b\u00e1nyav\u00e1llalatok minden egyes \u00fczemi balesetet szenvedett dolgoz\u00f3jukat kit\u00fcntetett figyelemben \u00e9s megk\u00fcl\u00f6nb\u00f6ztetett kegyeletben r\u00e9szes\u00edtett\u00e9k. A Sors mostoha","og_url":"https:\/\/dorogimedence.hu\/index.php\/2019\/09\/01\/egy-meltatlanul-mellozott-banyaszmartir-emlekere\/","og_site_name":"Dorogi-medence Region\u00e1lis H\u00edrport\u00e1l","article_publisher":"https:\/\/www.facebook.com\/dorogimedence\/","article_published_time":"2019-09-01T17:03:16+00:00","og_image":[{"width":670,"height":365,"url":"https:\/\/i0.wp.com\/dorogimedence.hu\/wp-content\/uploads\/2019\/09\/banyaszmartir.jpg?fit=670%2C365&ssl=1","type":"image\/jpeg"}],"author":"dorogimedence.hu","twitter_card":"summary_large_image","twitter_misc":{"Szerz\u0151:":"dorogimedence.hu","Becs\u00fclt olvas\u00e1si id\u0151":"12 perc"},"schema":{"@context":"https:\/\/schema.org","@graph":[{"@type":"Article","@id":"https:\/\/dorogimedence.hu\/index.php\/2019\/09\/01\/egy-meltatlanul-mellozott-banyaszmartir-emlekere\/#article","isPartOf":{"@id":"https:\/\/dorogimedence.hu\/index.php\/2019\/09\/01\/egy-meltatlanul-mellozott-banyaszmartir-emlekere\/"},"author":{"name":"dorogimedence.hu","@id":"https:\/\/dorogimedence.hu\/#\/schema\/person\/ce6091eeb7e95ecdc87890d6aa8e0fd4"},"headline":"Egy m\u00e9ltatlanul mell\u0151z\u00f6tt b\u00e1ny\u00e1szm\u00e1rt\u00edr eml\u00e9k\u00e9re","datePublished":"2019-09-01T17:03:16+00:00","mainEntityOfPage":{"@id":"https:\/\/dorogimedence.hu\/index.php\/2019\/09\/01\/egy-meltatlanul-mellozott-banyaszmartir-emlekere\/"},"wordCount":2324,"publisher":{"@id":"https:\/\/dorogimedence.hu\/#organization"},"image":{"@id":"https:\/\/dorogimedence.hu\/index.php\/2019\/09\/01\/egy-meltatlanul-mellozott-banyaszmartir-emlekere\/#primaryimage"},"thumbnailUrl":"https:\/\/dorogimedence.hu\/wp-content\/uploads\/2019\/09\/banyaszmartir.jpg","keywords":["b\u00e1ny\u00e1szat","b\u00e1ny\u00e1szm\u00e1rt\u00edr","B\u00e1ny\u00e1sznap","Dorog","Makai Gy\u00f6rgy"],"articleSection":["Dorog","H\u00edrek"],"inLanguage":"hu"},{"@type":"WebPage","@id":"https:\/\/dorogimedence.hu\/index.php\/2019\/09\/01\/egy-meltatlanul-mellozott-banyaszmartir-emlekere\/","url":"https:\/\/dorogimedence.hu\/index.php\/2019\/09\/01\/egy-meltatlanul-mellozott-banyaszmartir-emlekere\/","name":"Egy m\u00e9ltatlanul mell\u0151z\u00f6tt b\u00e1ny\u00e1szm\u00e1rt\u00edr eml\u00e9k\u00e9re","isPartOf":{"@id":"https:\/\/dorogimedence.hu\/#website"},"primaryImageOfPage":{"@id":"https:\/\/dorogimedence.hu\/index.php\/2019\/09\/01\/egy-meltatlanul-mellozott-banyaszmartir-emlekere\/#primaryimage"},"image":{"@id":"https:\/\/dorogimedence.hu\/index.php\/2019\/09\/01\/egy-meltatlanul-mellozott-banyaszmartir-emlekere\/#primaryimage"},"thumbnailUrl":"https:\/\/dorogimedence.hu\/wp-content\/uploads\/2019\/09\/banyaszmartir.jpg","datePublished":"2019-09-01T17:03:16+00:00","breadcrumb":{"@id":"https:\/\/dorogimedence.hu\/index.php\/2019\/09\/01\/egy-meltatlanul-mellozott-banyaszmartir-emlekere\/#breadcrumb"},"inLanguage":"hu","potentialAction":[{"@type":"ReadAction","target":["https:\/\/dorogimedence.hu\/index.php\/2019\/09\/01\/egy-meltatlanul-mellozott-banyaszmartir-emlekere\/"]}]},{"@type":"ImageObject","inLanguage":"hu","@id":"https:\/\/dorogimedence.hu\/index.php\/2019\/09\/01\/egy-meltatlanul-mellozott-banyaszmartir-emlekere\/#primaryimage","url":"https:\/\/dorogimedence.hu\/wp-content\/uploads\/2019\/09\/banyaszmartir.jpg","contentUrl":"https:\/\/dorogimedence.hu\/wp-content\/uploads\/2019\/09\/banyaszmartir.jpg","width":670,"height":365},{"@type":"BreadcrumbList","@id":"https:\/\/dorogimedence.hu\/index.php\/2019\/09\/01\/egy-meltatlanul-mellozott-banyaszmartir-emlekere\/#breadcrumb","itemListElement":[{"@type":"ListItem","position":1,"name":"Kezd\u0151lap","item":"https:\/\/dorogimedence.hu\/"},{"@type":"ListItem","position":2,"name":"Egy m\u00e9ltatlanul mell\u0151z\u00f6tt b\u00e1ny\u00e1szm\u00e1rt\u00edr eml\u00e9k\u00e9re"}]},{"@type":"WebSite","@id":"https:\/\/dorogimedence.hu\/#website","url":"https:\/\/dorogimedence.hu\/","name":"Dorogi-medence Region\u00e1lis H\u00edrport\u00e1l","description":"Dorog, Keszt\u00f6lc, Le\u00e1nyv\u00e1r, Piliscs\u00e9v, Tokod, Tokodalt\u00e1r\u00f3, Csolnok, Esztergom-kertv\u00e1ros: h\u00edrek, programok","publisher":{"@id":"https:\/\/dorogimedence.hu\/#organization"},"potentialAction":[{"@type":"SearchAction","target":{"@type":"EntryPoint","urlTemplate":"https:\/\/dorogimedence.hu\/?s={search_term_string}"},"query-input":{"@type":"PropertyValueSpecification","valueRequired":true,"valueName":"search_term_string"}}],"inLanguage":"hu"},{"@type":"Organization","@id":"https:\/\/dorogimedence.hu\/#organization","name":"Dorogi-medence Region\u00e1lis H\u00edrport\u00e1l","url":"https:\/\/dorogimedence.hu\/","logo":{"@type":"ImageObject","inLanguage":"hu","@id":"https:\/\/dorogimedence.hu\/#\/schema\/logo\/image\/","url":"https:\/\/dorogimedence.hu\/wp-content\/uploads\/2021\/04\/logo-feher-600.png","contentUrl":"https:\/\/dorogimedence.hu\/wp-content\/uploads\/2021\/04\/logo-feher-600.png","width":600,"height":100,"caption":"Dorogi-medence Region\u00e1lis H\u00edrport\u00e1l"},"image":{"@id":"https:\/\/dorogimedence.hu\/#\/schema\/logo\/image\/"},"sameAs":["https:\/\/www.facebook.com\/dorogimedence\/"]},{"@type":"Person","@id":"https:\/\/dorogimedence.hu\/#\/schema\/person\/ce6091eeb7e95ecdc87890d6aa8e0fd4","name":"dorogimedence.hu","image":{"@type":"ImageObject","inLanguage":"hu","@id":"\/\/www.gravatar.com\/avatar\/d8d45f8901aadff40a4af72c0b826f1d?s=96&#038;r=g&#038;d=mm","url":"\/\/www.gravatar.com\/avatar\/d8d45f8901aadff40a4af72c0b826f1d?s=96&#038;r=g&#038;d=mm","contentUrl":"\/\/www.gravatar.com\/avatar\/d8d45f8901aadff40a4af72c0b826f1d?s=96&#038;r=g&#038;d=mm","caption":"dorogimedence.hu"}}]}},"_links":{"self":[{"href":"https:\/\/dorogimedence.hu\/index.php\/wp-json\/wp\/v2\/posts\/19140","targetHints":{"allow":["GET"]}}],"collection":[{"href":"https:\/\/dorogimedence.hu\/index.php\/wp-json\/wp\/v2\/posts"}],"about":[{"href":"https:\/\/dorogimedence.hu\/index.php\/wp-json\/wp\/v2\/types\/post"}],"author":[{"embeddable":true,"href":"https:\/\/dorogimedence.hu\/index.php\/wp-json\/wp\/v2\/users\/1"}],"replies":[{"embeddable":true,"href":"https:\/\/dorogimedence.hu\/index.php\/wp-json\/wp\/v2\/comments?post=19140"}],"version-history":[{"count":0,"href":"https:\/\/dorogimedence.hu\/index.php\/wp-json\/wp\/v2\/posts\/19140\/revisions"}],"wp:featuredmedia":[{"embeddable":true,"href":"https:\/\/dorogimedence.hu\/index.php\/wp-json\/wp\/v2\/media\/19143"}],"wp:attachment":[{"href":"https:\/\/dorogimedence.hu\/index.php\/wp-json\/wp\/v2\/media?parent=19140"}],"wp:term":[{"taxonomy":"category","embeddable":true,"href":"https:\/\/dorogimedence.hu\/index.php\/wp-json\/wp\/v2\/categories?post=19140"},{"taxonomy":"post_tag","embeddable":true,"href":"https:\/\/dorogimedence.hu\/index.php\/wp-json\/wp\/v2\/tags?post=19140"}],"curies":[{"name":"wp","href":"https:\/\/api.w.org\/{rel}","templated":true}]}}