{"id":1909,"date":"2017-03-29T17:06:52","date_gmt":"2017-03-29T16:06:52","guid":{"rendered":"http:\/\/dorogimedence.hu\/?p=1909"},"modified":"2017-03-29T17:06:52","modified_gmt":"2017-03-29T16:06:52","slug":"katasztrofavedelmi-vetelkedo-a-palatinus-to-partjan","status":"publish","type":"post","link":"https:\/\/dorogimedence.hu\/index.php\/2017\/03\/29\/katasztrofavedelmi-vetelkedo-a-palatinus-to-partjan\/","title":{"rendered":"Katasztr\u00f3fav\u00e9delmi vet\u00e9lked\u0151 a Palatinus-t\u00f3 partj\u00e1n"},"content":{"rendered":"<p><strong>Az id\u00e9n is megrendezte az Esztergomi Katasztr\u00f3fav\u00e9delmi Kirendelts\u00e9g a hagyom\u00e1nyos, felmen\u0151 rendszer\u0171 ifj\u00fas\u00e1gi katasztr\u00f3fav\u00e9delmi vet\u00e9lked\u0151j\u00e9t. A Palatinus-t\u00f3 partj\u00e1n 115 di\u00e1k m\u00e9rte \u00f6ssze tud\u00e1s\u00e1t.<\/strong><\/p>\n<p>A csapatvet\u00e9lked\u0151k el\u0151tt Stolczenberger Tibor t\u0171zolt\u00f3ezredes \u00e9s Dank\u00f3 J\u00f3zsef Dorog alpolg\u00e1rmestere k\u00f6sz\u00f6nt\u00f6tte a r\u00e9sztvev\u0151ket &#8211; <span style=\"text-decoration: underline;\"><a href=\"http:\/\/dorog.hu\/index.php?oldal=65&amp;hir=2433\" target=\"_blank\"><span style=\"color: #000080;\"><em>\u00edrja Dorog V\u00e1ros a honlapj\u00e1n<\/em><\/span><\/a><\/span>.<\/p>\n<p><img fetchpriority=\"high\" decoding=\"async\" class=\"alignnone size-full wp-image-1914\" src=\"https:\/\/dorogimedence.hu\/wp-content\/uploads\/2017\/03\/kat-vet-04.jpg\" alt=\"\" width=\"670\" height=\"365\" srcset=\"https:\/\/dorogimedence.hu\/wp-content\/uploads\/2017\/03\/kat-vet-04.jpg 670w, https:\/\/dorogimedence.hu\/wp-content\/uploads\/2017\/03\/kat-vet-04-300x163.jpg 300w\" sizes=\"(max-width: 670px) 100vw, 670px\" \/><\/p>\n<p>A vet\u00e9lked\u0151 kezdet\u00e9n a t\u0171zolt\u00f3 eszk\u00f6z\u00f6k felismer\u00e9s\u00e9t a vesz\u00e9lyes anyagot sz\u00e1ll\u00edt\u00f3 j\u00e1rm\u0171 balesete k\u00f6vette, majd els\u0151seg\u00e9lyny\u00fajt\u00e1sb\u00f3l adtak sz\u00e1mot a di\u00e1kok. A rend\u0151rs\u00e9g egy k\u00f6z\u00fati baleset sor\u00e1n v\u00e9grehajtand\u00f3 szab\u00e1lyokat ismertette meg r\u00e9sztvev\u0151kkel. A vet\u00e9lked\u0151n az \u00e1rv\u00edzi ismeretek is helyet kaptak, ahol v\u00e9dm\u0171 \u00e9p\u00edt\u00e9se volt a feladat, majd a katasztr\u00f3fa helyzetek sor\u00e1n v\u00e9grehajtand\u00f3 magatart\u00e1si szab\u00e1lyokb\u00f3l adtak sz\u00e1mot a gyerekek.<\/p>\n<p>Hatalmas sikert aratott a f\u00fcsts\u00e1tor, ahol val\u00f3s helyzetet szimul\u00e1l\u00f3 korl\u00e1tozott l\u00e1t\u00e1si viszonyok k\u00f6z\u00f6tt kellett v\u00e9grehajtani s\u00e9r\u00fclt szem\u00e9ly \u00e9s t\u00e1rgy kiment\u00e9s\u00e9t. A teszt \u00e1llom\u00e1son pedig &#8211; t\u0171zolt\u00f3s\u00e1gi, iparbiztons\u00e1gi \u00e9s polg\u00e1ri v\u00e9delmi tot\u00f3, valamint Dorog v\u00e1ros helyt\u00f6rt\u00e9nete v\u00e1rta a r\u00e9sztvev\u0151ket.<\/p>\n<p><img decoding=\"async\" class=\"alignnone size-full wp-image-1915\" src=\"https:\/\/dorogimedence.hu\/wp-content\/uploads\/2017\/03\/kat-vet-05.jpg\" alt=\"\" width=\"670\" height=\"365\" srcset=\"https:\/\/dorogimedence.hu\/wp-content\/uploads\/2017\/03\/kat-vet-05.jpg 670w, https:\/\/dorogimedence.hu\/wp-content\/uploads\/2017\/03\/kat-vet-05-300x163.jpg 300w\" sizes=\"(max-width: 670px) 100vw, 670px\" \/><\/p>\n<p>Az eredm\u00e9nyhirdet\u00e9st k\u00f6vet\u0151en a legjobban teljes\u00edt\u0151 csapatok tov\u00e1bb jutottak a megyei d\u00f6nt\u0151be.<\/p>\n<p><strong>A 2017. \u00e1prilis 11-\u00e9n, Esztergomban tartand\u00f3 megyei d\u00f6nt\u0151re a k\u00f6vetkez\u0151 csapatok jutottak tov\u00e1bb:<\/strong><\/p>\n<p><strong>\u00c1ltal\u00e1nos iskol\u00e1s kateg\u00f3ri\u00e1ban:<\/strong><br \/>\n1. Dob\u00f3 Katalin Gimn\u00e1zium 3-as csapata, Esztergom<br \/>\n2. Arany J\u00e1nos \u00c1ltal\u00e1nos Iskola, L\u00e1batlan<br \/>\n3. SKK\u00c1I Cser Simon Tagiskola, Annav\u00f6lgy<\/p>\n<p><strong>K\u00f6z\u00e9piskol\u00e1s kateg\u00f3ri\u00e1ban:\u00a0<\/strong><br \/>\n1. Dob\u00f3 Katalin Gimn\u00e1zium 1-es csapata, Esztergom<br \/>\n2. Zsigmondy Vilmos Gimn\u00e1zium \u00e9s Informatikai \u00e9s Eg\u00e9szs\u00e9g\u00fcgyi Szakk\u00f6z\u00e9piskola 1-es csapata, Dorog<br \/>\n3. Dob\u00f3 Katalin Gimn\u00e1zium 2-es csapata, Esztergom<\/p>\n<p><strong>A vet\u00e9lked\u0151t t\u00e1mogatta:<\/strong> Dorog V\u00e1ros \u00d6nkorm\u00e1nyzata, Szal\u00e1nczay P\u00e9ter &#8211; \u00d6b\u00f6l Music Beach, Baumit Kft. &#8211; Dorog, Sarpi Dorog Kft. &#8211; Dorog, Richter Gedeon Vegy\u00e9szeti Gy\u00e1r Nyrt. &#8211; Dorog, Farkas Transz &#8211; Tokod, Start Kft &#8211; S\u00e1ris\u00e1p.<\/p>\n<p><em>Forr\u00e1s: dorog.hu<br \/>\nFot\u00f3k: Madar\u00e1sz T\u00edmea<\/em><\/p>\n","protected":false},"excerpt":{"rendered":"<p>Az id\u00e9n is megrendezte az Esztergomi Katasztr\u00f3fav\u00e9delmi Kirendelts\u00e9g a hagyom\u00e1nyos, felmen\u0151 rendszer\u0171 ifj\u00fas\u00e1gi katasztr\u00f3fav\u00e9delmi vet\u00e9lked\u0151j\u00e9t. A Palatinus-t\u00f3 partj\u00e1n 115 di\u00e1k m\u00e9rte \u00f6ssze tud\u00e1s\u00e1t. A csapatvet\u00e9lked\u0151k el\u0151tt Stolczenberger Tibor t\u0171zolt\u00f3ezredes \u00e9s Dank\u00f3 J\u00f3zsef Dorog alpolg\u00e1rmestere k\u00f6sz\u00f6nt\u00f6tte a r\u00e9sztvev\u0151ket &#8211; \u00edrja Dorog V\u00e1ros a honlapj\u00e1n. A vet\u00e9lked\u0151 kezdet\u00e9n a t\u0171zolt\u00f3 eszk\u00f6z\u00f6k felismer\u00e9s\u00e9t a vesz\u00e9lyes anyagot sz\u00e1ll\u00edt\u00f3 j\u00e1rm\u0171<\/p>\n","protected":false},"author":1,"featured_media":1913,"comment_status":"closed","ping_status":"closed","sticky":false,"template":"","format":"standard","meta":{"ngg_post_thumbnail":0,"footnotes":""},"categories":[2,38,3],"tags":[15,42,175,661,36,507],"class_list":{"0":"post-1909","1":"post","2":"type-post","3":"status-publish","4":"format-standard","5":"has-post-thumbnail","7":"category-dorog","8":"category-esztergom","9":"category-hirek","10":"tag-dorog","11":"tag-esztergom","12":"tag-katasztrofavedelem","13":"tag-katasztrofavedelmi-vetelkedo","14":"tag-palatinus-to","15":"tag-vetelkedo"},"yoast_head":"<!-- This site is optimized with the Yoast SEO plugin v27.4 - https:\/\/yoast.com\/product\/yoast-seo-wordpress\/ -->\n<title>Katasztr\u00f3fav\u00e9delmi vet\u00e9lked\u0151 a Palatinus-t\u00f3 partj\u00e1n<\/title>\n<meta name=\"robots\" content=\"index, follow, max-snippet:-1, max-image-preview:large, max-video-preview:-1\" \/>\n<link rel=\"canonical\" href=\"https:\/\/dorogimedence.hu\/index.php\/2017\/03\/29\/katasztrofavedelmi-vetelkedo-a-palatinus-to-partjan\/\" class=\"yoast-seo-meta-tag\" \/>\n<meta property=\"og:locale\" content=\"hu_HU\" class=\"yoast-seo-meta-tag\" \/>\n<meta property=\"og:type\" content=\"article\" class=\"yoast-seo-meta-tag\" \/>\n<meta property=\"og:title\" content=\"Katasztr\u00f3fav\u00e9delmi vet\u00e9lked\u0151 a Palatinus-t\u00f3 partj\u00e1n\" class=\"yoast-seo-meta-tag\" \/>\n<meta property=\"og:description\" content=\"Az id\u00e9n is megrendezte az Esztergomi Katasztr\u00f3fav\u00e9delmi Kirendelts\u00e9g a hagyom\u00e1nyos, felmen\u0151 rendszer\u0171 ifj\u00fas\u00e1gi katasztr\u00f3fav\u00e9delmi vet\u00e9lked\u0151j\u00e9t. A Palatinus-t\u00f3 partj\u00e1n 115 di\u00e1k m\u00e9rte \u00f6ssze tud\u00e1s\u00e1t. A csapatvet\u00e9lked\u0151k el\u0151tt Stolczenberger Tibor t\u0171zolt\u00f3ezredes \u00e9s Dank\u00f3 J\u00f3zsef Dorog alpolg\u00e1rmestere k\u00f6sz\u00f6nt\u00f6tte a r\u00e9sztvev\u0151ket &#8211; \u00edrja Dorog V\u00e1ros a honlapj\u00e1n. A vet\u00e9lked\u0151 kezdet\u00e9n a t\u0171zolt\u00f3 eszk\u00f6z\u00f6k felismer\u00e9s\u00e9t a vesz\u00e9lyes anyagot sz\u00e1ll\u00edt\u00f3 j\u00e1rm\u0171\" class=\"yoast-seo-meta-tag\" \/>\n<meta property=\"og:url\" content=\"https:\/\/dorogimedence.hu\/index.php\/2017\/03\/29\/katasztrofavedelmi-vetelkedo-a-palatinus-to-partjan\/\" class=\"yoast-seo-meta-tag\" \/>\n<meta property=\"og:site_name\" content=\"Dorogi-medence Region\u00e1lis H\u00edrport\u00e1l\" class=\"yoast-seo-meta-tag\" \/>\n<meta property=\"article:publisher\" content=\"https:\/\/www.facebook.com\/dorogimedence\/\" class=\"yoast-seo-meta-tag\" \/>\n<meta property=\"article:published_time\" content=\"2017-03-29T16:06:52+00:00\" class=\"yoast-seo-meta-tag\" \/>\n<meta property=\"og:image\" content=\"https:\/\/i0.wp.com\/dorogimedence.hu\/wp-content\/uploads\/2017\/03\/kat-vet-03.jpg?fit=670%2C365&ssl=1\" class=\"yoast-seo-meta-tag\" \/>\n\t<meta property=\"og:image:width\" content=\"670\" class=\"yoast-seo-meta-tag\" \/>\n\t<meta property=\"og:image:height\" content=\"365\" class=\"yoast-seo-meta-tag\" \/>\n\t<meta property=\"og:image:type\" content=\"image\/jpeg\" class=\"yoast-seo-meta-tag\" \/>\n<meta name=\"author\" content=\"dorogimedence.hu\" class=\"yoast-seo-meta-tag\" \/>\n<meta name=\"twitter:card\" content=\"summary_large_image\" class=\"yoast-seo-meta-tag\" \/>\n<meta name=\"twitter:label1\" content=\"Szerz\u0151:\" class=\"yoast-seo-meta-tag\" \/>\n\t<meta name=\"twitter:data1\" content=\"dorogimedence.hu\" class=\"yoast-seo-meta-tag\" \/>\n\t<meta name=\"twitter:label2\" content=\"Becs\u00fclt olvas\u00e1si id\u0151\" class=\"yoast-seo-meta-tag\" \/>\n\t<meta name=\"twitter:data2\" content=\"2 perc\" class=\"yoast-seo-meta-tag\" \/>\n<script type=\"application\/ld+json\" class=\"yoast-schema-graph\">{\"@context\":\"https:\\\/\\\/schema.org\",\"@graph\":[{\"@type\":\"Article\",\"@id\":\"https:\\\/\\\/dorogimedence.hu\\\/index.php\\\/2017\\\/03\\\/29\\\/katasztrofavedelmi-vetelkedo-a-palatinus-to-partjan\\\/#article\",\"isPartOf\":{\"@id\":\"https:\\\/\\\/dorogimedence.hu\\\/index.php\\\/2017\\\/03\\\/29\\\/katasztrofavedelmi-vetelkedo-a-palatinus-to-partjan\\\/\"},\"author\":{\"name\":\"dorogimedence.hu\",\"@id\":\"https:\\\/\\\/dorogimedence.hu\\\/#\\\/schema\\\/person\\\/ce6091eeb7e95ecdc87890d6aa8e0fd4\"},\"headline\":\"Katasztr\u00f3fav\u00e9delmi vet\u00e9lked\u0151 a Palatinus-t\u00f3 partj\u00e1n\",\"datePublished\":\"2017-03-29T16:06:52+00:00\",\"mainEntityOfPage\":{\"@id\":\"https:\\\/\\\/dorogimedence.hu\\\/index.php\\\/2017\\\/03\\\/29\\\/katasztrofavedelmi-vetelkedo-a-palatinus-to-partjan\\\/\"},\"wordCount\":409,\"publisher\":{\"@id\":\"https:\\\/\\\/dorogimedence.hu\\\/#organization\"},\"image\":{\"@id\":\"https:\\\/\\\/dorogimedence.hu\\\/index.php\\\/2017\\\/03\\\/29\\\/katasztrofavedelmi-vetelkedo-a-palatinus-to-partjan\\\/#primaryimage\"},\"thumbnailUrl\":\"https:\\\/\\\/dorogimedence.hu\\\/wp-content\\\/uploads\\\/2017\\\/03\\\/kat-vet-03.jpg\",\"keywords\":[\"Dorog\",\"esztergom\",\"katasztr\u00f3fav\u00e9delem\",\"katasztr\u00f3fav\u00e9delmi vet\u00e9lked\u0151\",\"Palatinus-t\u00f3\",\"vet\u00e9lked\u0151\"],\"articleSection\":[\"Dorog\",\"Esztergom\",\"H\u00edrek\"],\"inLanguage\":\"hu\"},{\"@type\":\"WebPage\",\"@id\":\"https:\\\/\\\/dorogimedence.hu\\\/index.php\\\/2017\\\/03\\\/29\\\/katasztrofavedelmi-vetelkedo-a-palatinus-to-partjan\\\/\",\"url\":\"https:\\\/\\\/dorogimedence.hu\\\/index.php\\\/2017\\\/03\\\/29\\\/katasztrofavedelmi-vetelkedo-a-palatinus-to-partjan\\\/\",\"name\":\"Katasztr\u00f3fav\u00e9delmi vet\u00e9lked\u0151 a Palatinus-t\u00f3 partj\u00e1n\",\"isPartOf\":{\"@id\":\"https:\\\/\\\/dorogimedence.hu\\\/#website\"},\"primaryImageOfPage\":{\"@id\":\"https:\\\/\\\/dorogimedence.hu\\\/index.php\\\/2017\\\/03\\\/29\\\/katasztrofavedelmi-vetelkedo-a-palatinus-to-partjan\\\/#primaryimage\"},\"image\":{\"@id\":\"https:\\\/\\\/dorogimedence.hu\\\/index.php\\\/2017\\\/03\\\/29\\\/katasztrofavedelmi-vetelkedo-a-palatinus-to-partjan\\\/#primaryimage\"},\"thumbnailUrl\":\"https:\\\/\\\/dorogimedence.hu\\\/wp-content\\\/uploads\\\/2017\\\/03\\\/kat-vet-03.jpg\",\"datePublished\":\"2017-03-29T16:06:52+00:00\",\"breadcrumb\":{\"@id\":\"https:\\\/\\\/dorogimedence.hu\\\/index.php\\\/2017\\\/03\\\/29\\\/katasztrofavedelmi-vetelkedo-a-palatinus-to-partjan\\\/#breadcrumb\"},\"inLanguage\":\"hu\",\"potentialAction\":[{\"@type\":\"ReadAction\",\"target\":[\"https:\\\/\\\/dorogimedence.hu\\\/index.php\\\/2017\\\/03\\\/29\\\/katasztrofavedelmi-vetelkedo-a-palatinus-to-partjan\\\/\"]}]},{\"@type\":\"ImageObject\",\"inLanguage\":\"hu\",\"@id\":\"https:\\\/\\\/dorogimedence.hu\\\/index.php\\\/2017\\\/03\\\/29\\\/katasztrofavedelmi-vetelkedo-a-palatinus-to-partjan\\\/#primaryimage\",\"url\":\"https:\\\/\\\/dorogimedence.hu\\\/wp-content\\\/uploads\\\/2017\\\/03\\\/kat-vet-03.jpg\",\"contentUrl\":\"https:\\\/\\\/dorogimedence.hu\\\/wp-content\\\/uploads\\\/2017\\\/03\\\/kat-vet-03.jpg\",\"width\":670,\"height\":365},{\"@type\":\"BreadcrumbList\",\"@id\":\"https:\\\/\\\/dorogimedence.hu\\\/index.php\\\/2017\\\/03\\\/29\\\/katasztrofavedelmi-vetelkedo-a-palatinus-to-partjan\\\/#breadcrumb\",\"itemListElement\":[{\"@type\":\"ListItem\",\"position\":1,\"name\":\"Kezd\u0151lap\",\"item\":\"https:\\\/\\\/dorogimedence.hu\\\/\"},{\"@type\":\"ListItem\",\"position\":2,\"name\":\"Katasztr\u00f3fav\u00e9delmi vet\u00e9lked\u0151 a Palatinus-t\u00f3 partj\u00e1n\"}]},{\"@type\":\"WebSite\",\"@id\":\"https:\\\/\\\/dorogimedence.hu\\\/#website\",\"url\":\"https:\\\/\\\/dorogimedence.hu\\\/\",\"name\":\"Dorogi-medence Region\u00e1lis H\u00edrport\u00e1l\",\"description\":\"Dorog, Keszt\u00f6lc, Le\u00e1nyv\u00e1r, Piliscs\u00e9v, Tokod, Tokodalt\u00e1r\u00f3, Csolnok, Esztergom-kertv\u00e1ros: h\u00edrek, programok\",\"publisher\":{\"@id\":\"https:\\\/\\\/dorogimedence.hu\\\/#organization\"},\"potentialAction\":[{\"@type\":\"SearchAction\",\"target\":{\"@type\":\"EntryPoint\",\"urlTemplate\":\"https:\\\/\\\/dorogimedence.hu\\\/?s={search_term_string}\"},\"query-input\":{\"@type\":\"PropertyValueSpecification\",\"valueRequired\":true,\"valueName\":\"search_term_string\"}}],\"inLanguage\":\"hu\"},{\"@type\":\"Organization\",\"@id\":\"https:\\\/\\\/dorogimedence.hu\\\/#organization\",\"name\":\"Dorogi-medence Region\u00e1lis H\u00edrport\u00e1l\",\"url\":\"https:\\\/\\\/dorogimedence.hu\\\/\",\"logo\":{\"@type\":\"ImageObject\",\"inLanguage\":\"hu\",\"@id\":\"https:\\\/\\\/dorogimedence.hu\\\/#\\\/schema\\\/logo\\\/image\\\/\",\"url\":\"https:\\\/\\\/dorogimedence.hu\\\/wp-content\\\/uploads\\\/2021\\\/04\\\/logo-feher-600.png\",\"contentUrl\":\"https:\\\/\\\/dorogimedence.hu\\\/wp-content\\\/uploads\\\/2021\\\/04\\\/logo-feher-600.png\",\"width\":600,\"height\":100,\"caption\":\"Dorogi-medence Region\u00e1lis H\u00edrport\u00e1l\"},\"image\":{\"@id\":\"https:\\\/\\\/dorogimedence.hu\\\/#\\\/schema\\\/logo\\\/image\\\/\"},\"sameAs\":[\"https:\\\/\\\/www.facebook.com\\\/dorogimedence\\\/\"]},{\"@type\":\"Person\",\"@id\":\"https:\\\/\\\/dorogimedence.hu\\\/#\\\/schema\\\/person\\\/ce6091eeb7e95ecdc87890d6aa8e0fd4\",\"name\":\"dorogimedence.hu\",\"image\":{\"@type\":\"ImageObject\",\"inLanguage\":\"hu\",\"@id\":\"\\\/\\\/www.gravatar.com\\\/avatar\\\/d8d45f8901aadff40a4af72c0b826f1d?s=96&#038;r=g&#038;d=mm\",\"url\":\"\\\/\\\/www.gravatar.com\\\/avatar\\\/d8d45f8901aadff40a4af72c0b826f1d?s=96&#038;r=g&#038;d=mm\",\"contentUrl\":\"\\\/\\\/www.gravatar.com\\\/avatar\\\/d8d45f8901aadff40a4af72c0b826f1d?s=96&#038;r=g&#038;d=mm\",\"caption\":\"dorogimedence.hu\"}}]}<\/script>\n<!-- \/ Yoast SEO plugin. -->","yoast_head_json":{"title":"Katasztr\u00f3fav\u00e9delmi vet\u00e9lked\u0151 a Palatinus-t\u00f3 partj\u00e1n","robots":{"index":"index","follow":"follow","max-snippet":"max-snippet:-1","max-image-preview":"max-image-preview:large","max-video-preview":"max-video-preview:-1"},"canonical":"https:\/\/dorogimedence.hu\/index.php\/2017\/03\/29\/katasztrofavedelmi-vetelkedo-a-palatinus-to-partjan\/","og_locale":"hu_HU","og_type":"article","og_title":"Katasztr\u00f3fav\u00e9delmi vet\u00e9lked\u0151 a Palatinus-t\u00f3 partj\u00e1n","og_description":"Az id\u00e9n is megrendezte az Esztergomi Katasztr\u00f3fav\u00e9delmi Kirendelts\u00e9g a hagyom\u00e1nyos, felmen\u0151 rendszer\u0171 ifj\u00fas\u00e1gi katasztr\u00f3fav\u00e9delmi vet\u00e9lked\u0151j\u00e9t. A Palatinus-t\u00f3 partj\u00e1n 115 di\u00e1k m\u00e9rte \u00f6ssze tud\u00e1s\u00e1t. A csapatvet\u00e9lked\u0151k el\u0151tt Stolczenberger Tibor t\u0171zolt\u00f3ezredes \u00e9s Dank\u00f3 J\u00f3zsef Dorog alpolg\u00e1rmestere k\u00f6sz\u00f6nt\u00f6tte a r\u00e9sztvev\u0151ket &#8211; \u00edrja Dorog V\u00e1ros a honlapj\u00e1n. A vet\u00e9lked\u0151 kezdet\u00e9n a t\u0171zolt\u00f3 eszk\u00f6z\u00f6k felismer\u00e9s\u00e9t a vesz\u00e9lyes anyagot sz\u00e1ll\u00edt\u00f3 j\u00e1rm\u0171","og_url":"https:\/\/dorogimedence.hu\/index.php\/2017\/03\/29\/katasztrofavedelmi-vetelkedo-a-palatinus-to-partjan\/","og_site_name":"Dorogi-medence Region\u00e1lis H\u00edrport\u00e1l","article_publisher":"https:\/\/www.facebook.com\/dorogimedence\/","article_published_time":"2017-03-29T16:06:52+00:00","og_image":[{"width":670,"height":365,"url":"https:\/\/i0.wp.com\/dorogimedence.hu\/wp-content\/uploads\/2017\/03\/kat-vet-03.jpg?fit=670%2C365&ssl=1","type":"image\/jpeg"}],"author":"dorogimedence.hu","twitter_card":"summary_large_image","twitter_misc":{"Szerz\u0151:":"dorogimedence.hu","Becs\u00fclt olvas\u00e1si id\u0151":"2 perc"},"schema":{"@context":"https:\/\/schema.org","@graph":[{"@type":"Article","@id":"https:\/\/dorogimedence.hu\/index.php\/2017\/03\/29\/katasztrofavedelmi-vetelkedo-a-palatinus-to-partjan\/#article","isPartOf":{"@id":"https:\/\/dorogimedence.hu\/index.php\/2017\/03\/29\/katasztrofavedelmi-vetelkedo-a-palatinus-to-partjan\/"},"author":{"name":"dorogimedence.hu","@id":"https:\/\/dorogimedence.hu\/#\/schema\/person\/ce6091eeb7e95ecdc87890d6aa8e0fd4"},"headline":"Katasztr\u00f3fav\u00e9delmi vet\u00e9lked\u0151 a Palatinus-t\u00f3 partj\u00e1n","datePublished":"2017-03-29T16:06:52+00:00","mainEntityOfPage":{"@id":"https:\/\/dorogimedence.hu\/index.php\/2017\/03\/29\/katasztrofavedelmi-vetelkedo-a-palatinus-to-partjan\/"},"wordCount":409,"publisher":{"@id":"https:\/\/dorogimedence.hu\/#organization"},"image":{"@id":"https:\/\/dorogimedence.hu\/index.php\/2017\/03\/29\/katasztrofavedelmi-vetelkedo-a-palatinus-to-partjan\/#primaryimage"},"thumbnailUrl":"https:\/\/dorogimedence.hu\/wp-content\/uploads\/2017\/03\/kat-vet-03.jpg","keywords":["Dorog","esztergom","katasztr\u00f3fav\u00e9delem","katasztr\u00f3fav\u00e9delmi vet\u00e9lked\u0151","Palatinus-t\u00f3","vet\u00e9lked\u0151"],"articleSection":["Dorog","Esztergom","H\u00edrek"],"inLanguage":"hu"},{"@type":"WebPage","@id":"https:\/\/dorogimedence.hu\/index.php\/2017\/03\/29\/katasztrofavedelmi-vetelkedo-a-palatinus-to-partjan\/","url":"https:\/\/dorogimedence.hu\/index.php\/2017\/03\/29\/katasztrofavedelmi-vetelkedo-a-palatinus-to-partjan\/","name":"Katasztr\u00f3fav\u00e9delmi vet\u00e9lked\u0151 a Palatinus-t\u00f3 partj\u00e1n","isPartOf":{"@id":"https:\/\/dorogimedence.hu\/#website"},"primaryImageOfPage":{"@id":"https:\/\/dorogimedence.hu\/index.php\/2017\/03\/29\/katasztrofavedelmi-vetelkedo-a-palatinus-to-partjan\/#primaryimage"},"image":{"@id":"https:\/\/dorogimedence.hu\/index.php\/2017\/03\/29\/katasztrofavedelmi-vetelkedo-a-palatinus-to-partjan\/#primaryimage"},"thumbnailUrl":"https:\/\/dorogimedence.hu\/wp-content\/uploads\/2017\/03\/kat-vet-03.jpg","datePublished":"2017-03-29T16:06:52+00:00","breadcrumb":{"@id":"https:\/\/dorogimedence.hu\/index.php\/2017\/03\/29\/katasztrofavedelmi-vetelkedo-a-palatinus-to-partjan\/#breadcrumb"},"inLanguage":"hu","potentialAction":[{"@type":"ReadAction","target":["https:\/\/dorogimedence.hu\/index.php\/2017\/03\/29\/katasztrofavedelmi-vetelkedo-a-palatinus-to-partjan\/"]}]},{"@type":"ImageObject","inLanguage":"hu","@id":"https:\/\/dorogimedence.hu\/index.php\/2017\/03\/29\/katasztrofavedelmi-vetelkedo-a-palatinus-to-partjan\/#primaryimage","url":"https:\/\/dorogimedence.hu\/wp-content\/uploads\/2017\/03\/kat-vet-03.jpg","contentUrl":"https:\/\/dorogimedence.hu\/wp-content\/uploads\/2017\/03\/kat-vet-03.jpg","width":670,"height":365},{"@type":"BreadcrumbList","@id":"https:\/\/dorogimedence.hu\/index.php\/2017\/03\/29\/katasztrofavedelmi-vetelkedo-a-palatinus-to-partjan\/#breadcrumb","itemListElement":[{"@type":"ListItem","position":1,"name":"Kezd\u0151lap","item":"https:\/\/dorogimedence.hu\/"},{"@type":"ListItem","position":2,"name":"Katasztr\u00f3fav\u00e9delmi vet\u00e9lked\u0151 a Palatinus-t\u00f3 partj\u00e1n"}]},{"@type":"WebSite","@id":"https:\/\/dorogimedence.hu\/#website","url":"https:\/\/dorogimedence.hu\/","name":"Dorogi-medence Region\u00e1lis H\u00edrport\u00e1l","description":"Dorog, Keszt\u00f6lc, Le\u00e1nyv\u00e1r, Piliscs\u00e9v, Tokod, Tokodalt\u00e1r\u00f3, Csolnok, Esztergom-kertv\u00e1ros: h\u00edrek, programok","publisher":{"@id":"https:\/\/dorogimedence.hu\/#organization"},"potentialAction":[{"@type":"SearchAction","target":{"@type":"EntryPoint","urlTemplate":"https:\/\/dorogimedence.hu\/?s={search_term_string}"},"query-input":{"@type":"PropertyValueSpecification","valueRequired":true,"valueName":"search_term_string"}}],"inLanguage":"hu"},{"@type":"Organization","@id":"https:\/\/dorogimedence.hu\/#organization","name":"Dorogi-medence Region\u00e1lis H\u00edrport\u00e1l","url":"https:\/\/dorogimedence.hu\/","logo":{"@type":"ImageObject","inLanguage":"hu","@id":"https:\/\/dorogimedence.hu\/#\/schema\/logo\/image\/","url":"https:\/\/dorogimedence.hu\/wp-content\/uploads\/2021\/04\/logo-feher-600.png","contentUrl":"https:\/\/dorogimedence.hu\/wp-content\/uploads\/2021\/04\/logo-feher-600.png","width":600,"height":100,"caption":"Dorogi-medence Region\u00e1lis H\u00edrport\u00e1l"},"image":{"@id":"https:\/\/dorogimedence.hu\/#\/schema\/logo\/image\/"},"sameAs":["https:\/\/www.facebook.com\/dorogimedence\/"]},{"@type":"Person","@id":"https:\/\/dorogimedence.hu\/#\/schema\/person\/ce6091eeb7e95ecdc87890d6aa8e0fd4","name":"dorogimedence.hu","image":{"@type":"ImageObject","inLanguage":"hu","@id":"\/\/www.gravatar.com\/avatar\/d8d45f8901aadff40a4af72c0b826f1d?s=96&#038;r=g&#038;d=mm","url":"\/\/www.gravatar.com\/avatar\/d8d45f8901aadff40a4af72c0b826f1d?s=96&#038;r=g&#038;d=mm","contentUrl":"\/\/www.gravatar.com\/avatar\/d8d45f8901aadff40a4af72c0b826f1d?s=96&#038;r=g&#038;d=mm","caption":"dorogimedence.hu"}}]}},"_links":{"self":[{"href":"https:\/\/dorogimedence.hu\/index.php\/wp-json\/wp\/v2\/posts\/1909","targetHints":{"allow":["GET"]}}],"collection":[{"href":"https:\/\/dorogimedence.hu\/index.php\/wp-json\/wp\/v2\/posts"}],"about":[{"href":"https:\/\/dorogimedence.hu\/index.php\/wp-json\/wp\/v2\/types\/post"}],"author":[{"embeddable":true,"href":"https:\/\/dorogimedence.hu\/index.php\/wp-json\/wp\/v2\/users\/1"}],"replies":[{"embeddable":true,"href":"https:\/\/dorogimedence.hu\/index.php\/wp-json\/wp\/v2\/comments?post=1909"}],"version-history":[{"count":0,"href":"https:\/\/dorogimedence.hu\/index.php\/wp-json\/wp\/v2\/posts\/1909\/revisions"}],"wp:featuredmedia":[{"embeddable":true,"href":"https:\/\/dorogimedence.hu\/index.php\/wp-json\/wp\/v2\/media\/1913"}],"wp:attachment":[{"href":"https:\/\/dorogimedence.hu\/index.php\/wp-json\/wp\/v2\/media?parent=1909"}],"wp:term":[{"taxonomy":"category","embeddable":true,"href":"https:\/\/dorogimedence.hu\/index.php\/wp-json\/wp\/v2\/categories?post=1909"},{"taxonomy":"post_tag","embeddable":true,"href":"https:\/\/dorogimedence.hu\/index.php\/wp-json\/wp\/v2\/tags?post=1909"}],"curies":[{"name":"wp","href":"https:\/\/api.w.org\/{rel}","templated":true}]}}