{"id":19010,"date":"2019-08-28T17:50:02","date_gmt":"2019-08-28T15:50:02","guid":{"rendered":"http:\/\/dorogimedence.hu\/?p=19010"},"modified":"2019-08-28T18:07:29","modified_gmt":"2019-08-28T16:07:29","slug":"felavattak-dr-schmidt-sandor-szobrat","status":"publish","type":"post","link":"https:\/\/dorogimedence.hu\/index.php\/2019\/08\/28\/felavattak-dr-schmidt-sandor-szobrat\/","title":{"rendered":"Felavatt\u00e1k Dr. Schmidt S\u00e1ndor szobr\u00e1t"},"content":{"rendered":"<p><strong>Augusztus 28-\u00e1n, szerda d\u00e9lut\u00e1n, Dr. Schmidt S\u00e1ndor szobr\u00e1nak felavat\u00e1s\u00e1val kezd\u0151d\u00f6tt meg a 69. B\u00e1ny\u00e1sznap Dorogon.<\/strong><\/p>\n<p>14 \u00f3rakor \u00fcnnepi szentmis\u00e9t mutattak be Dr. Schmidt S\u00e1ndor eml\u00e9k\u00e9re a Dorogi Szent Borb\u00e1la templomban. A szentmise ut\u00e1n Glevitzky Istv\u00e1n, az <span class=\"st\">Orsz\u00e1gos Magyar B\u00e1ny\u00e1szati \u00e9s Koh\u00e1szati Egyes\u00fclet<\/span> (OMBKE) Dorog eln\u00f6ke \u00e9s Sz\u00e9kely Ferenc G\u00e9za, az \u00c9DV Zrt. vez\u00e9rigazgat\u00f3ja leleplezt\u00e9k a Dienes Szil\u00e1rd szobr\u00e1szm\u0171v\u00e9sz \u00e1ltal k\u00e9sz\u00edtett szobrot a Schmidt-villa kertj\u00e9ben.<\/p>\n<p><img fetchpriority=\"high\" decoding=\"async\" class=\"alignnone size-full wp-image-19012\" src=\"https:\/\/dorogimedence.hu\/wp-content\/uploads\/2019\/08\/schmidt-szobor-02.jpg\" alt=\"\" width=\"670\" height=\"365\" srcset=\"https:\/\/dorogimedence.hu\/wp-content\/uploads\/2019\/08\/schmidt-szobor-02.jpg 670w, https:\/\/dorogimedence.hu\/wp-content\/uploads\/2019\/08\/schmidt-szobor-02-300x163.jpg 300w\" sizes=\"(max-width: 670px) 100vw, 670px\" \/><\/p>\n<p>A szobor felavat\u00e1s\u00e1t k\u00f6vet\u0151en koszor\u00fat helyezett el az eml\u00e9km\u0171n\u00e9l az \u00c9DV Zrt. nev\u00e9ben Sz\u00e9kely Ferenc G\u00e9za vez\u00e9rigazgat\u00f3, Dorog V\u00e1ros \u00d6nkorm\u00e1nyzat\u00e1nak nev\u00e9ben Dr. Tittmann J\u00e1nos polg\u00e1rmester, De\u00e1k Ferenc alpolg\u00e1rmester \u00e9s Kecsk\u00e9sn\u00e9 Patos Szilvia jegyz\u0151, az OMBKE dorogi \u00e9s tatab\u00e1nyai szervezet\u00e9nek k\u00e9pvisel\u0151i, a Schmidt csal\u00e1d lesz\u00e1rmazottjai, az erd\u00e9lyi Fels\u0151b\u00e1nya deleg\u00e1ltjai \u00e9s a zalaegerszegi Magyar Olaj- \u00e9s G\u00e1zipari M\u00fazeum nev\u00e9ben T\u00f3th J\u00e1nos \u00e9s feles\u00e9ge.<\/p>\n<p><img decoding=\"async\" class=\"alignnone size-full wp-image-19014\" src=\"https:\/\/dorogimedence.hu\/wp-content\/uploads\/2019\/08\/schmidt-szobor-04.jpg\" alt=\"\" width=\"670\" height=\"365\" srcset=\"https:\/\/dorogimedence.hu\/wp-content\/uploads\/2019\/08\/schmidt-szobor-04.jpg 670w, https:\/\/dorogimedence.hu\/wp-content\/uploads\/2019\/08\/schmidt-szobor-04-300x163.jpg 300w\" sizes=\"(max-width: 670px) 100vw, 670px\" \/><\/p>\n<p>A koszor\u00faz\u00e1s ut\u00e1n Glevitzky Istv\u00e1n, Dorog \u201eatyj\u00e1t\u201d Schmidt S\u00e1ndort m\u00e9ltatta, majd elmondta, hogy a most felavatott eml\u00e9km\u0171nek a l\u00e9trehoz\u00e1s\u00e1ban d\u00f6nt\u0151 szerepet v\u00e1llalt Sz\u00e9kely Ferenc G\u00e9za, aki a b\u00e1ny\u00e1sz hagyom\u00e1ny\u00e1pol\u00e1s ter\u00fclet\u00e9n is kimagasl\u00f3 munk\u00e1t v\u00e9gzett, ez\u00e9rt az OMBKE dorogi vezet\u00e9se Schmidt-eml\u00e9kplakettet adom\u00e1nyozott neki.<\/p>\n<p><img decoding=\"async\" class=\"alignnone size-full wp-image-19013\" src=\"https:\/\/dorogimedence.hu\/wp-content\/uploads\/2019\/08\/schmidt-szobor-03.jpg\" alt=\"\" width=\"670\" height=\"365\" srcset=\"https:\/\/dorogimedence.hu\/wp-content\/uploads\/2019\/08\/schmidt-szobor-03.jpg 670w, https:\/\/dorogimedence.hu\/wp-content\/uploads\/2019\/08\/schmidt-szobor-03-300x163.jpg 300w\" sizes=\"(max-width: 670px) 100vw, 670px\" \/><\/p>\n<p>Dr. V\u00f6lner P\u00e1l, orsz\u00e1ggy\u0171l\u00e9si k\u00e9pvisel\u0151, besz\u00e9d\u00e9ben elmondta, hogy eml\u00e9ket \u00e1ll\u00edtottunk szobor form\u00e1j\u00e1ban Dorog v\u00e1ros \u00fagynevezett fel\u00e9p\u00edt\u0151j\u00e9nek, hiszen hallhattuk a m\u00e9ltat\u00e1sban, hogy mi minden \u00e9p\u00fclt azokban az \u00e9vtizedekben, hogyan p\u00e1rtolta a kult\u00far\u00e1t, a sportot \u00e9s mennyi figyelmet ford\u00edtott a szoci\u00e1lis ell\u00e1t\u00e1sokra. Hozz\u00e1tette, hogy egy olyan korban, amikor a kapitalizmusr\u00f3l \u00e9s a t\u0151k\u00e9r\u0151l besz\u00e9lt\u00fcnk, volt itt egy olyan v\u00e1llalatvezet\u0151, aki a t\u0151ke \u00e9s a munk\u00e1sok \u00e9rdek\u00e9t \u00f6ssze tudta hangolni, akin\u00e9l a rokkantak, az \u00f6zvegyek, vagy \u00e9ppen a 30 \u00e9ves b\u00e1ny\u00e1szati m\u00falttal rendelkez\u0151 munkav\u00e1llal\u00f3k 5000 peng\u0151t, vagy egy lak\u00e1st kaphattak, ez p\u00e9ld\u00e1tlan volt nem csak Magyarorsz\u00e1gon, hanem az eg\u00e9sz vil\u00e1gon is.<\/p>\n<p><img loading=\"lazy\" decoding=\"async\" class=\"alignnone size-full wp-image-19015\" src=\"https:\/\/dorogimedence.hu\/wp-content\/uploads\/2019\/08\/schmidt-szobor-05.jpg\" alt=\"\" width=\"670\" height=\"365\" srcset=\"https:\/\/dorogimedence.hu\/wp-content\/uploads\/2019\/08\/schmidt-szobor-05.jpg 670w, https:\/\/dorogimedence.hu\/wp-content\/uploads\/2019\/08\/schmidt-szobor-05-300x163.jpg 300w\" sizes=\"(max-width: 670px) 100vw, 670px\" \/><\/p>\n<p>V\u00e9gezet\u00fcl Sz\u00e9kely Ferenc G\u00e9za ismertette Schmidt S\u00e1ndor \u00e9let\u00fatj\u00e1t, valamint bemutatta a b\u00e1ny\u00e1szatban \u00e9s a b\u00e1ny\u00e1szati v\u00edzv\u00e9dekez\u00e9sben el\u00e9rt sikereit. A besz\u00e9dek ut\u00e1n az \u00f6sszegy\u0171ltek k\u00f6z\u00f6sen el\u00e9nekelt\u00e9k a b\u00e1ny\u00e1szhimnuszt a Dorogi B\u00e1ny\u00e1sz Zenekar k\u00f6zrem\u0171k\u00f6d\u00e9s\u00e9vel. A rendezv\u00e9ny v\u00e9g\u00e9n pedig a vend\u00e9geket \u00e1ll\u00f3fogad\u00e1ssal v\u00e1rt\u00e1k.<\/p>\n<p><img loading=\"lazy\" decoding=\"async\" class=\"alignnone size-full wp-image-19019\" src=\"https:\/\/dorogimedence.hu\/wp-content\/uploads\/2019\/08\/schmidt-szobor-08.jpg\" alt=\"\" width=\"670\" height=\"365\" srcset=\"https:\/\/dorogimedence.hu\/wp-content\/uploads\/2019\/08\/schmidt-szobor-08.jpg 670w, https:\/\/dorogimedence.hu\/wp-content\/uploads\/2019\/08\/schmidt-szobor-08-300x163.jpg 300w\" sizes=\"(max-width: 670px) 100vw, 670px\" \/><\/p>\n<p><img loading=\"lazy\" decoding=\"async\" class=\"alignnone size-full wp-image-19016\" src=\"https:\/\/dorogimedence.hu\/wp-content\/uploads\/2019\/08\/schmidt-szobor-06.jpg\" alt=\"\" width=\"670\" height=\"365\" srcset=\"https:\/\/dorogimedence.hu\/wp-content\/uploads\/2019\/08\/schmidt-szobor-06.jpg 670w, https:\/\/dorogimedence.hu\/wp-content\/uploads\/2019\/08\/schmidt-szobor-06-300x163.jpg 300w\" sizes=\"(max-width: 670px) 100vw, 670px\" \/><\/p>\n<p><img loading=\"lazy\" decoding=\"async\" class=\"alignnone size-full wp-image-19017\" src=\"https:\/\/dorogimedence.hu\/wp-content\/uploads\/2019\/08\/schmidt-szobor-07.jpg\" alt=\"\" width=\"670\" height=\"365\" srcset=\"https:\/\/dorogimedence.hu\/wp-content\/uploads\/2019\/08\/schmidt-szobor-07.jpg 670w, https:\/\/dorogimedence.hu\/wp-content\/uploads\/2019\/08\/schmidt-szobor-07-300x163.jpg 300w\" sizes=\"(max-width: 670px) 100vw, 670px\" \/><\/p>\n<p><em><strong>Lehoczki D\u00e1vid<\/strong><\/em><\/p>\n","protected":false},"excerpt":{"rendered":"<p>Augusztus 28-\u00e1n, szerda d\u00e9lut\u00e1n, Dr. Schmidt S\u00e1ndor szobr\u00e1nak felavat\u00e1s\u00e1val kezd\u0151d\u00f6tt meg a 69. B\u00e1ny\u00e1sznap Dorogon. 14 \u00f3rakor \u00fcnnepi szentmis\u00e9t mutattak be Dr. Schmidt S\u00e1ndor eml\u00e9k\u00e9re a Dorogi Szent Borb\u00e1la templomban. A szentmise ut\u00e1n Glevitzky Istv\u00e1n, az Orsz\u00e1gos Magyar B\u00e1ny\u00e1szati \u00e9s Koh\u00e1szati Egyes\u00fclet (OMBKE) Dorog eln\u00f6ke \u00e9s Sz\u00e9kely Ferenc G\u00e9za, az \u00c9DV Zrt. vez\u00e9rigazgat\u00f3ja leleplezt\u00e9k a<\/p>\n","protected":false},"author":1,"featured_media":19011,"comment_status":"closed","ping_status":"closed","sticky":false,"template":"","format":"standard","meta":{"ngg_post_thumbnail":0,"footnotes":""},"categories":[2,3],"tags":[729,1242,15,4120,1361,3119,604],"class_list":{"0":"post-19010","1":"post","2":"type-post","3":"status-publish","4":"format-standard","5":"has-post-thumbnail","7":"category-dorog","8":"category-hirek","9":"tag-banyaszat","10":"tag-banyasznap","11":"tag-dorog","12":"tag-dr-schmidt-sandor","13":"tag-emlekmu","14":"tag-schmidt-sandor","15":"tag-schmidt-villa"},"yoast_head":"<!-- This site is optimized with the Yoast SEO plugin v27.4 - https:\/\/yoast.com\/product\/yoast-seo-wordpress\/ -->\n<title>Felavatt\u00e1k Dr. Schmidt S\u00e1ndor szobr\u00e1t<\/title>\n<meta name=\"robots\" content=\"index, follow, max-snippet:-1, max-image-preview:large, max-video-preview:-1\" \/>\n<link rel=\"canonical\" href=\"https:\/\/dorogimedence.hu\/index.php\/2019\/08\/28\/felavattak-dr-schmidt-sandor-szobrat\/\" class=\"yoast-seo-meta-tag\" \/>\n<meta property=\"og:locale\" content=\"hu_HU\" class=\"yoast-seo-meta-tag\" \/>\n<meta property=\"og:type\" content=\"article\" class=\"yoast-seo-meta-tag\" \/>\n<meta property=\"og:title\" content=\"Felavatt\u00e1k Dr. Schmidt S\u00e1ndor szobr\u00e1t\" class=\"yoast-seo-meta-tag\" \/>\n<meta property=\"og:description\" content=\"Augusztus 28-\u00e1n, szerda d\u00e9lut\u00e1n, Dr. Schmidt S\u00e1ndor szobr\u00e1nak felavat\u00e1s\u00e1val kezd\u0151d\u00f6tt meg a 69. B\u00e1ny\u00e1sznap Dorogon. 14 \u00f3rakor \u00fcnnepi szentmis\u00e9t mutattak be Dr. Schmidt S\u00e1ndor eml\u00e9k\u00e9re a Dorogi Szent Borb\u00e1la templomban. A szentmise ut\u00e1n Glevitzky Istv\u00e1n, az Orsz\u00e1gos Magyar B\u00e1ny\u00e1szati \u00e9s Koh\u00e1szati Egyes\u00fclet (OMBKE) Dorog eln\u00f6ke \u00e9s Sz\u00e9kely Ferenc G\u00e9za, az \u00c9DV Zrt. vez\u00e9rigazgat\u00f3ja leleplezt\u00e9k a\" class=\"yoast-seo-meta-tag\" \/>\n<meta property=\"og:url\" content=\"https:\/\/dorogimedence.hu\/index.php\/2019\/08\/28\/felavattak-dr-schmidt-sandor-szobrat\/\" class=\"yoast-seo-meta-tag\" \/>\n<meta property=\"og:site_name\" content=\"Dorogi-medence Region\u00e1lis H\u00edrport\u00e1l\" class=\"yoast-seo-meta-tag\" \/>\n<meta property=\"article:publisher\" content=\"https:\/\/www.facebook.com\/dorogimedence\/\" class=\"yoast-seo-meta-tag\" \/>\n<meta property=\"article:published_time\" content=\"2019-08-28T15:50:02+00:00\" class=\"yoast-seo-meta-tag\" \/>\n<meta property=\"article:modified_time\" content=\"2019-08-28T16:07:29+00:00\" class=\"yoast-seo-meta-tag\" \/>\n<meta property=\"og:image\" content=\"https:\/\/i0.wp.com\/dorogimedence.hu\/wp-content\/uploads\/2019\/08\/schmidt-szobor.jpg?fit=670%2C365&ssl=1\" class=\"yoast-seo-meta-tag\" \/>\n\t<meta property=\"og:image:width\" content=\"670\" class=\"yoast-seo-meta-tag\" \/>\n\t<meta property=\"og:image:height\" content=\"365\" class=\"yoast-seo-meta-tag\" \/>\n\t<meta property=\"og:image:type\" content=\"image\/jpeg\" class=\"yoast-seo-meta-tag\" \/>\n<meta name=\"author\" content=\"dorogimedence.hu\" class=\"yoast-seo-meta-tag\" \/>\n<meta name=\"twitter:card\" content=\"summary_large_image\" class=\"yoast-seo-meta-tag\" \/>\n<meta name=\"twitter:label1\" content=\"Szerz\u0151:\" class=\"yoast-seo-meta-tag\" \/>\n\t<meta name=\"twitter:data1\" content=\"dorogimedence.hu\" class=\"yoast-seo-meta-tag\" \/>\n\t<meta name=\"twitter:label2\" content=\"Becs\u00fclt olvas\u00e1si id\u0151\" class=\"yoast-seo-meta-tag\" \/>\n\t<meta name=\"twitter:data2\" content=\"2 perc\" class=\"yoast-seo-meta-tag\" \/>\n<script type=\"application\/ld+json\" class=\"yoast-schema-graph\">{\"@context\":\"https:\\\/\\\/schema.org\",\"@graph\":[{\"@type\":\"Article\",\"@id\":\"https:\\\/\\\/dorogimedence.hu\\\/index.php\\\/2019\\\/08\\\/28\\\/felavattak-dr-schmidt-sandor-szobrat\\\/#article\",\"isPartOf\":{\"@id\":\"https:\\\/\\\/dorogimedence.hu\\\/index.php\\\/2019\\\/08\\\/28\\\/felavattak-dr-schmidt-sandor-szobrat\\\/\"},\"author\":{\"name\":\"dorogimedence.hu\",\"@id\":\"https:\\\/\\\/dorogimedence.hu\\\/#\\\/schema\\\/person\\\/ce6091eeb7e95ecdc87890d6aa8e0fd4\"},\"headline\":\"Felavatt\u00e1k Dr. Schmidt S\u00e1ndor szobr\u00e1t\",\"datePublished\":\"2019-08-28T15:50:02+00:00\",\"dateModified\":\"2019-08-28T16:07:29+00:00\",\"mainEntityOfPage\":{\"@id\":\"https:\\\/\\\/dorogimedence.hu\\\/index.php\\\/2019\\\/08\\\/28\\\/felavattak-dr-schmidt-sandor-szobrat\\\/\"},\"wordCount\":504,\"publisher\":{\"@id\":\"https:\\\/\\\/dorogimedence.hu\\\/#organization\"},\"image\":{\"@id\":\"https:\\\/\\\/dorogimedence.hu\\\/index.php\\\/2019\\\/08\\\/28\\\/felavattak-dr-schmidt-sandor-szobrat\\\/#primaryimage\"},\"thumbnailUrl\":\"https:\\\/\\\/dorogimedence.hu\\\/wp-content\\\/uploads\\\/2019\\\/08\\\/schmidt-szobor.jpg\",\"keywords\":[\"b\u00e1ny\u00e1szat\",\"B\u00e1ny\u00e1sznap\",\"Dorog\",\"Dr. Schmidt S\u00e1ndor\",\"eml\u00e9km\u0171\",\"Schmidt S\u00e1ndor\",\"Schmidt-villa\"],\"articleSection\":[\"Dorog\",\"H\u00edrek\"],\"inLanguage\":\"hu\"},{\"@type\":\"WebPage\",\"@id\":\"https:\\\/\\\/dorogimedence.hu\\\/index.php\\\/2019\\\/08\\\/28\\\/felavattak-dr-schmidt-sandor-szobrat\\\/\",\"url\":\"https:\\\/\\\/dorogimedence.hu\\\/index.php\\\/2019\\\/08\\\/28\\\/felavattak-dr-schmidt-sandor-szobrat\\\/\",\"name\":\"Felavatt\u00e1k Dr. Schmidt S\u00e1ndor szobr\u00e1t\",\"isPartOf\":{\"@id\":\"https:\\\/\\\/dorogimedence.hu\\\/#website\"},\"primaryImageOfPage\":{\"@id\":\"https:\\\/\\\/dorogimedence.hu\\\/index.php\\\/2019\\\/08\\\/28\\\/felavattak-dr-schmidt-sandor-szobrat\\\/#primaryimage\"},\"image\":{\"@id\":\"https:\\\/\\\/dorogimedence.hu\\\/index.php\\\/2019\\\/08\\\/28\\\/felavattak-dr-schmidt-sandor-szobrat\\\/#primaryimage\"},\"thumbnailUrl\":\"https:\\\/\\\/dorogimedence.hu\\\/wp-content\\\/uploads\\\/2019\\\/08\\\/schmidt-szobor.jpg\",\"datePublished\":\"2019-08-28T15:50:02+00:00\",\"dateModified\":\"2019-08-28T16:07:29+00:00\",\"breadcrumb\":{\"@id\":\"https:\\\/\\\/dorogimedence.hu\\\/index.php\\\/2019\\\/08\\\/28\\\/felavattak-dr-schmidt-sandor-szobrat\\\/#breadcrumb\"},\"inLanguage\":\"hu\",\"potentialAction\":[{\"@type\":\"ReadAction\",\"target\":[\"https:\\\/\\\/dorogimedence.hu\\\/index.php\\\/2019\\\/08\\\/28\\\/felavattak-dr-schmidt-sandor-szobrat\\\/\"]}]},{\"@type\":\"ImageObject\",\"inLanguage\":\"hu\",\"@id\":\"https:\\\/\\\/dorogimedence.hu\\\/index.php\\\/2019\\\/08\\\/28\\\/felavattak-dr-schmidt-sandor-szobrat\\\/#primaryimage\",\"url\":\"https:\\\/\\\/dorogimedence.hu\\\/wp-content\\\/uploads\\\/2019\\\/08\\\/schmidt-szobor.jpg\",\"contentUrl\":\"https:\\\/\\\/dorogimedence.hu\\\/wp-content\\\/uploads\\\/2019\\\/08\\\/schmidt-szobor.jpg\",\"width\":670,\"height\":365},{\"@type\":\"BreadcrumbList\",\"@id\":\"https:\\\/\\\/dorogimedence.hu\\\/index.php\\\/2019\\\/08\\\/28\\\/felavattak-dr-schmidt-sandor-szobrat\\\/#breadcrumb\",\"itemListElement\":[{\"@type\":\"ListItem\",\"position\":1,\"name\":\"Kezd\u0151lap\",\"item\":\"https:\\\/\\\/dorogimedence.hu\\\/\"},{\"@type\":\"ListItem\",\"position\":2,\"name\":\"Felavatt\u00e1k Dr. Schmidt S\u00e1ndor szobr\u00e1t\"}]},{\"@type\":\"WebSite\",\"@id\":\"https:\\\/\\\/dorogimedence.hu\\\/#website\",\"url\":\"https:\\\/\\\/dorogimedence.hu\\\/\",\"name\":\"Dorogi-medence Region\u00e1lis H\u00edrport\u00e1l\",\"description\":\"Dorog, Keszt\u00f6lc, Le\u00e1nyv\u00e1r, Piliscs\u00e9v, Tokod, Tokodalt\u00e1r\u00f3, Csolnok, Esztergom-kertv\u00e1ros: h\u00edrek, programok\",\"publisher\":{\"@id\":\"https:\\\/\\\/dorogimedence.hu\\\/#organization\"},\"potentialAction\":[{\"@type\":\"SearchAction\",\"target\":{\"@type\":\"EntryPoint\",\"urlTemplate\":\"https:\\\/\\\/dorogimedence.hu\\\/?s={search_term_string}\"},\"query-input\":{\"@type\":\"PropertyValueSpecification\",\"valueRequired\":true,\"valueName\":\"search_term_string\"}}],\"inLanguage\":\"hu\"},{\"@type\":\"Organization\",\"@id\":\"https:\\\/\\\/dorogimedence.hu\\\/#organization\",\"name\":\"Dorogi-medence Region\u00e1lis H\u00edrport\u00e1l\",\"url\":\"https:\\\/\\\/dorogimedence.hu\\\/\",\"logo\":{\"@type\":\"ImageObject\",\"inLanguage\":\"hu\",\"@id\":\"https:\\\/\\\/dorogimedence.hu\\\/#\\\/schema\\\/logo\\\/image\\\/\",\"url\":\"https:\\\/\\\/dorogimedence.hu\\\/wp-content\\\/uploads\\\/2021\\\/04\\\/logo-feher-600.png\",\"contentUrl\":\"https:\\\/\\\/dorogimedence.hu\\\/wp-content\\\/uploads\\\/2021\\\/04\\\/logo-feher-600.png\",\"width\":600,\"height\":100,\"caption\":\"Dorogi-medence Region\u00e1lis H\u00edrport\u00e1l\"},\"image\":{\"@id\":\"https:\\\/\\\/dorogimedence.hu\\\/#\\\/schema\\\/logo\\\/image\\\/\"},\"sameAs\":[\"https:\\\/\\\/www.facebook.com\\\/dorogimedence\\\/\"]},{\"@type\":\"Person\",\"@id\":\"https:\\\/\\\/dorogimedence.hu\\\/#\\\/schema\\\/person\\\/ce6091eeb7e95ecdc87890d6aa8e0fd4\",\"name\":\"dorogimedence.hu\",\"image\":{\"@type\":\"ImageObject\",\"inLanguage\":\"hu\",\"@id\":\"\\\/\\\/www.gravatar.com\\\/avatar\\\/d8d45f8901aadff40a4af72c0b826f1d?s=96&#038;r=g&#038;d=mm\",\"url\":\"\\\/\\\/www.gravatar.com\\\/avatar\\\/d8d45f8901aadff40a4af72c0b826f1d?s=96&#038;r=g&#038;d=mm\",\"contentUrl\":\"\\\/\\\/www.gravatar.com\\\/avatar\\\/d8d45f8901aadff40a4af72c0b826f1d?s=96&#038;r=g&#038;d=mm\",\"caption\":\"dorogimedence.hu\"}}]}<\/script>\n<!-- \/ Yoast SEO plugin. -->","yoast_head_json":{"title":"Felavatt\u00e1k Dr. Schmidt S\u00e1ndor szobr\u00e1t","robots":{"index":"index","follow":"follow","max-snippet":"max-snippet:-1","max-image-preview":"max-image-preview:large","max-video-preview":"max-video-preview:-1"},"canonical":"https:\/\/dorogimedence.hu\/index.php\/2019\/08\/28\/felavattak-dr-schmidt-sandor-szobrat\/","og_locale":"hu_HU","og_type":"article","og_title":"Felavatt\u00e1k Dr. Schmidt S\u00e1ndor szobr\u00e1t","og_description":"Augusztus 28-\u00e1n, szerda d\u00e9lut\u00e1n, Dr. Schmidt S\u00e1ndor szobr\u00e1nak felavat\u00e1s\u00e1val kezd\u0151d\u00f6tt meg a 69. B\u00e1ny\u00e1sznap Dorogon. 14 \u00f3rakor \u00fcnnepi szentmis\u00e9t mutattak be Dr. Schmidt S\u00e1ndor eml\u00e9k\u00e9re a Dorogi Szent Borb\u00e1la templomban. A szentmise ut\u00e1n Glevitzky Istv\u00e1n, az Orsz\u00e1gos Magyar B\u00e1ny\u00e1szati \u00e9s Koh\u00e1szati Egyes\u00fclet (OMBKE) Dorog eln\u00f6ke \u00e9s Sz\u00e9kely Ferenc G\u00e9za, az \u00c9DV Zrt. vez\u00e9rigazgat\u00f3ja leleplezt\u00e9k a","og_url":"https:\/\/dorogimedence.hu\/index.php\/2019\/08\/28\/felavattak-dr-schmidt-sandor-szobrat\/","og_site_name":"Dorogi-medence Region\u00e1lis H\u00edrport\u00e1l","article_publisher":"https:\/\/www.facebook.com\/dorogimedence\/","article_published_time":"2019-08-28T15:50:02+00:00","article_modified_time":"2019-08-28T16:07:29+00:00","og_image":[{"width":670,"height":365,"url":"https:\/\/i0.wp.com\/dorogimedence.hu\/wp-content\/uploads\/2019\/08\/schmidt-szobor.jpg?fit=670%2C365&ssl=1","type":"image\/jpeg"}],"author":"dorogimedence.hu","twitter_card":"summary_large_image","twitter_misc":{"Szerz\u0151:":"dorogimedence.hu","Becs\u00fclt olvas\u00e1si id\u0151":"2 perc"},"schema":{"@context":"https:\/\/schema.org","@graph":[{"@type":"Article","@id":"https:\/\/dorogimedence.hu\/index.php\/2019\/08\/28\/felavattak-dr-schmidt-sandor-szobrat\/#article","isPartOf":{"@id":"https:\/\/dorogimedence.hu\/index.php\/2019\/08\/28\/felavattak-dr-schmidt-sandor-szobrat\/"},"author":{"name":"dorogimedence.hu","@id":"https:\/\/dorogimedence.hu\/#\/schema\/person\/ce6091eeb7e95ecdc87890d6aa8e0fd4"},"headline":"Felavatt\u00e1k Dr. Schmidt S\u00e1ndor szobr\u00e1t","datePublished":"2019-08-28T15:50:02+00:00","dateModified":"2019-08-28T16:07:29+00:00","mainEntityOfPage":{"@id":"https:\/\/dorogimedence.hu\/index.php\/2019\/08\/28\/felavattak-dr-schmidt-sandor-szobrat\/"},"wordCount":504,"publisher":{"@id":"https:\/\/dorogimedence.hu\/#organization"},"image":{"@id":"https:\/\/dorogimedence.hu\/index.php\/2019\/08\/28\/felavattak-dr-schmidt-sandor-szobrat\/#primaryimage"},"thumbnailUrl":"https:\/\/dorogimedence.hu\/wp-content\/uploads\/2019\/08\/schmidt-szobor.jpg","keywords":["b\u00e1ny\u00e1szat","B\u00e1ny\u00e1sznap","Dorog","Dr. Schmidt S\u00e1ndor","eml\u00e9km\u0171","Schmidt S\u00e1ndor","Schmidt-villa"],"articleSection":["Dorog","H\u00edrek"],"inLanguage":"hu"},{"@type":"WebPage","@id":"https:\/\/dorogimedence.hu\/index.php\/2019\/08\/28\/felavattak-dr-schmidt-sandor-szobrat\/","url":"https:\/\/dorogimedence.hu\/index.php\/2019\/08\/28\/felavattak-dr-schmidt-sandor-szobrat\/","name":"Felavatt\u00e1k Dr. Schmidt S\u00e1ndor szobr\u00e1t","isPartOf":{"@id":"https:\/\/dorogimedence.hu\/#website"},"primaryImageOfPage":{"@id":"https:\/\/dorogimedence.hu\/index.php\/2019\/08\/28\/felavattak-dr-schmidt-sandor-szobrat\/#primaryimage"},"image":{"@id":"https:\/\/dorogimedence.hu\/index.php\/2019\/08\/28\/felavattak-dr-schmidt-sandor-szobrat\/#primaryimage"},"thumbnailUrl":"https:\/\/dorogimedence.hu\/wp-content\/uploads\/2019\/08\/schmidt-szobor.jpg","datePublished":"2019-08-28T15:50:02+00:00","dateModified":"2019-08-28T16:07:29+00:00","breadcrumb":{"@id":"https:\/\/dorogimedence.hu\/index.php\/2019\/08\/28\/felavattak-dr-schmidt-sandor-szobrat\/#breadcrumb"},"inLanguage":"hu","potentialAction":[{"@type":"ReadAction","target":["https:\/\/dorogimedence.hu\/index.php\/2019\/08\/28\/felavattak-dr-schmidt-sandor-szobrat\/"]}]},{"@type":"ImageObject","inLanguage":"hu","@id":"https:\/\/dorogimedence.hu\/index.php\/2019\/08\/28\/felavattak-dr-schmidt-sandor-szobrat\/#primaryimage","url":"https:\/\/dorogimedence.hu\/wp-content\/uploads\/2019\/08\/schmidt-szobor.jpg","contentUrl":"https:\/\/dorogimedence.hu\/wp-content\/uploads\/2019\/08\/schmidt-szobor.jpg","width":670,"height":365},{"@type":"BreadcrumbList","@id":"https:\/\/dorogimedence.hu\/index.php\/2019\/08\/28\/felavattak-dr-schmidt-sandor-szobrat\/#breadcrumb","itemListElement":[{"@type":"ListItem","position":1,"name":"Kezd\u0151lap","item":"https:\/\/dorogimedence.hu\/"},{"@type":"ListItem","position":2,"name":"Felavatt\u00e1k Dr. Schmidt S\u00e1ndor szobr\u00e1t"}]},{"@type":"WebSite","@id":"https:\/\/dorogimedence.hu\/#website","url":"https:\/\/dorogimedence.hu\/","name":"Dorogi-medence Region\u00e1lis H\u00edrport\u00e1l","description":"Dorog, Keszt\u00f6lc, Le\u00e1nyv\u00e1r, Piliscs\u00e9v, Tokod, Tokodalt\u00e1r\u00f3, Csolnok, Esztergom-kertv\u00e1ros: h\u00edrek, programok","publisher":{"@id":"https:\/\/dorogimedence.hu\/#organization"},"potentialAction":[{"@type":"SearchAction","target":{"@type":"EntryPoint","urlTemplate":"https:\/\/dorogimedence.hu\/?s={search_term_string}"},"query-input":{"@type":"PropertyValueSpecification","valueRequired":true,"valueName":"search_term_string"}}],"inLanguage":"hu"},{"@type":"Organization","@id":"https:\/\/dorogimedence.hu\/#organization","name":"Dorogi-medence Region\u00e1lis H\u00edrport\u00e1l","url":"https:\/\/dorogimedence.hu\/","logo":{"@type":"ImageObject","inLanguage":"hu","@id":"https:\/\/dorogimedence.hu\/#\/schema\/logo\/image\/","url":"https:\/\/dorogimedence.hu\/wp-content\/uploads\/2021\/04\/logo-feher-600.png","contentUrl":"https:\/\/dorogimedence.hu\/wp-content\/uploads\/2021\/04\/logo-feher-600.png","width":600,"height":100,"caption":"Dorogi-medence Region\u00e1lis H\u00edrport\u00e1l"},"image":{"@id":"https:\/\/dorogimedence.hu\/#\/schema\/logo\/image\/"},"sameAs":["https:\/\/www.facebook.com\/dorogimedence\/"]},{"@type":"Person","@id":"https:\/\/dorogimedence.hu\/#\/schema\/person\/ce6091eeb7e95ecdc87890d6aa8e0fd4","name":"dorogimedence.hu","image":{"@type":"ImageObject","inLanguage":"hu","@id":"\/\/www.gravatar.com\/avatar\/d8d45f8901aadff40a4af72c0b826f1d?s=96&#038;r=g&#038;d=mm","url":"\/\/www.gravatar.com\/avatar\/d8d45f8901aadff40a4af72c0b826f1d?s=96&#038;r=g&#038;d=mm","contentUrl":"\/\/www.gravatar.com\/avatar\/d8d45f8901aadff40a4af72c0b826f1d?s=96&#038;r=g&#038;d=mm","caption":"dorogimedence.hu"}}]}},"_links":{"self":[{"href":"https:\/\/dorogimedence.hu\/index.php\/wp-json\/wp\/v2\/posts\/19010","targetHints":{"allow":["GET"]}}],"collection":[{"href":"https:\/\/dorogimedence.hu\/index.php\/wp-json\/wp\/v2\/posts"}],"about":[{"href":"https:\/\/dorogimedence.hu\/index.php\/wp-json\/wp\/v2\/types\/post"}],"author":[{"embeddable":true,"href":"https:\/\/dorogimedence.hu\/index.php\/wp-json\/wp\/v2\/users\/1"}],"replies":[{"embeddable":true,"href":"https:\/\/dorogimedence.hu\/index.php\/wp-json\/wp\/v2\/comments?post=19010"}],"version-history":[{"count":0,"href":"https:\/\/dorogimedence.hu\/index.php\/wp-json\/wp\/v2\/posts\/19010\/revisions"}],"wp:featuredmedia":[{"embeddable":true,"href":"https:\/\/dorogimedence.hu\/index.php\/wp-json\/wp\/v2\/media\/19011"}],"wp:attachment":[{"href":"https:\/\/dorogimedence.hu\/index.php\/wp-json\/wp\/v2\/media?parent=19010"}],"wp:term":[{"taxonomy":"category","embeddable":true,"href":"https:\/\/dorogimedence.hu\/index.php\/wp-json\/wp\/v2\/categories?post=19010"},{"taxonomy":"post_tag","embeddable":true,"href":"https:\/\/dorogimedence.hu\/index.php\/wp-json\/wp\/v2\/tags?post=19010"}],"curies":[{"name":"wp","href":"https:\/\/api.w.org\/{rel}","templated":true}]}}