{"id":18964,"date":"2019-08-26T09:54:51","date_gmt":"2019-08-26T07:54:51","guid":{"rendered":"http:\/\/dorogimedence.hu\/?p=18964"},"modified":"2019-08-26T09:54:51","modified_gmt":"2019-08-26T07:54:51","slug":"piasan-belekotott-egy-kiskoruba-majd-kovette-es-okollel-utotte","status":"publish","type":"post","link":"https:\/\/dorogimedence.hu\/index.php\/2019\/08\/26\/piasan-belekotott-egy-kiskoruba-majd-kovette-es-okollel-utotte\/","title":{"rendered":"Pi\u00e1san belek\u00f6t\u00f6tt egy kiskor\u00faba, majd k\u00f6vette \u00e9s \u00f6k\u00f6llel \u00fct\u00f6tte"},"content":{"rendered":"<p><strong>Az Esztergomi J\u00e1r\u00e1si \u00dcgy\u00e9szs\u00e9g gar\u00e1zdas\u00e1g v\u00e9ts\u00e9ge miatt emelt v\u00e1dat egy ittasan korcsoly\u00e1z\u00f3 fiatal feln\u0151tt f\u00e9rfival szemben, aki korcsoly\u00e1z\u00e1s k\u00f6zben kezdett ki a kiskor\u00fa s\u00e9rtettel, majd az esztergomi korcsolyap\u00e1ly\u00e1r\u00f3l t\u00e1voz\u00f3 s\u00e9rtettet k\u00f6vette \u00e9s Esztergom v\u00e1ros k\u00f6zter\u00fclet\u00e9n k\u00e9t alkalommal, \u00f6k\u00f6llel meg\u00fct\u00f6tte.<\/strong><\/p>\n<p>Az ittas \u00e1llapotban l\u00e9v\u0151 v\u00e1dlott 2018. december 14. napj\u00e1n az esti \u00f3r\u00e1kban az Esztergomban tal\u00e1lhat\u00f3 korcsolyap\u00e1ly\u00e1n, minden el\u0151zm\u00e9ny n\u00e9lk\u00fcl a mellette elhalad\u00f3 kk. s\u00e9rtettet jobb v\u00e1ll\u00e1val \u201ek\u00f6teked\u0151 m\u00f3don\u201d sz\u00e1nd\u00e9kosan meg\u00fct\u00f6tte, majd hangosan szidalmaz\u00e1s k\u00f6zben l\u00f6kd\u00f6sni kezdte. A v\u00e1dlott a s\u00e9rtettet legal\u00e1bb 10 alkalommal, k\u00e9t kez\u00e9vel a mellkas r\u00e9szen megl\u00f6kte, akit a k\u00f6zelben l\u00e9v\u0151 bar\u00e1tai a tov\u00e1bbi b\u00e1ntalmaz\u00e1s megakad\u00e1lyoz\u00e1sa v\u00e9gett a helysz\u00ednr\u0151l elk\u00eds\u00e9rtek. A v\u00e1dlott a s\u00e9rtettet tov\u00e1bbi hangos szidalmaz\u00e1ssal k\u00f6vetni kezdte, majd amikor utol\u00e9rte a bal f\u00fcle m\u00f6g\u00f6tti r\u00e9szen \u00f6k\u00f6llel meg\u00fct\u00f6tte. A s\u00e9rtett ezt k\u00f6vet\u0151en tov\u00e1bb indult, azonban a v\u00e1dlott m\u00e9g mindig k\u00f6vette \u00e9s folyamatosan, emelt hangon provok\u00e1lta, vereked\u00e9sre sz\u00f3l\u00edtotta fel. A s\u00e9rtett kinevette a v\u00e1dlottat, emiatt a v\u00e1dlott m\u00e9g idegesebb lett \u00e9s \u00fajb\u00f3l, a s\u00e9rtett bal f\u00fcle m\u00f6g\u00f6tti r\u00e9szt \u00f6k\u00f6llel, olyan er\u0151vel meg\u00fct\u00f6tte, hogy a s\u00e9rtett megsz\u00e9d\u00fclt.<\/p>\n<p>A s\u00e9rtettnek a b\u00e1ntalmaz\u00e1ssal \u00f6sszef\u00fcgg\u00e9sben s\u00e9r\u00fcl\u00e9se nem keletkezett, azonban a v\u00e1dlottnak a t\u00e1rsadalmi egy\u00fctt\u00e9l\u00e9si szab\u00e1lyokkal ny\u00edltan szembe helyezked\u0151, huzamos ideig, t\u00f6bb helysz\u00ednen tan\u00fas\u00edtott k\u00f6teked\u0151, minden el\u0151zm\u00e9ny n\u00e9lk\u00fcli provok\u00e1l\u00f3, er\u0151szakos magatart\u00e1sa az azt \u00e9szlel\u0151kben megbotr\u00e1nkoz\u00e1st \u00e9s riadalmat keltett.<\/p>\n<p>Az \u00fcgy\u00e9szs\u00e9g a v\u00e1diratban ind\u00edtv\u00e1nyt tett arra, hogy a j\u00e1r\u00e1sb\u00edr\u00f3s\u00e1g a b\u00fcntetlen el\u0151\u00e9let\u0171, a b\u0171ncselekm\u00e9nyt beismer\u0151 v\u00e1dlottal szemben t\u00e1rgyal\u00e1s mell\u0151z\u00e9s\u00e9vel, b\u00fcntet\u0151v\u00e9gz\u00e9sben <strong>p\u00e9nzb\u00fcntet\u00e9st szabjon ki.<\/strong><\/p>\n<p><em>Kom\u00e1rom-Esztergom Megyei F\u0151\u00fcgy\u00e9szs\u00e9g Sajt\u00f3<\/em><\/p>\n","protected":false},"excerpt":{"rendered":"<p>Az Esztergomi J\u00e1r\u00e1si \u00dcgy\u00e9szs\u00e9g gar\u00e1zdas\u00e1g v\u00e9ts\u00e9ge miatt emelt v\u00e1dat egy ittasan korcsoly\u00e1z\u00f3 fiatal feln\u0151tt f\u00e9rfival szemben, aki korcsoly\u00e1z\u00e1s k\u00f6zben kezdett ki a kiskor\u00fa s\u00e9rtettel, majd az esztergomi korcsolyap\u00e1ly\u00e1r\u00f3l t\u00e1voz\u00f3 s\u00e9rtettet k\u00f6vette \u00e9s Esztergom v\u00e1ros k\u00f6zter\u00fclet\u00e9n k\u00e9t alkalommal, \u00f6k\u00f6llel meg\u00fct\u00f6tte. Az ittas \u00e1llapotban l\u00e9v\u0151 v\u00e1dlott 2018. december 14. napj\u00e1n az esti \u00f3r\u00e1kban az Esztergomban tal\u00e1lhat\u00f3 korcsolyap\u00e1ly\u00e1n,<\/p>\n","protected":false},"author":1,"featured_media":4505,"comment_status":"closed","ping_status":"closed","sticky":false,"template":"","format":"standard","meta":{"ngg_post_thumbnail":0,"footnotes":""},"categories":[38,3,39],"tags":[712,1042,42,326],"class_list":{"0":"post-18964","1":"post","2":"type-post","3":"status-publish","4":"format-standard","5":"has-post-thumbnail","7":"category-esztergom","8":"category-hirek","9":"category-kek-hirek","10":"tag-bantalmazas","11":"tag-birosag","12":"tag-esztergom","13":"tag-ugyeszseg"},"yoast_head":"<!-- This site is optimized with the Yoast SEO plugin v27.4 - https:\/\/yoast.com\/product\/yoast-seo-wordpress\/ -->\n<title>Pi\u00e1san belek\u00f6t\u00f6tt egy kiskor\u00faba, majd k\u00f6vette \u00e9s \u00f6k\u00f6llel \u00fct\u00f6tte<\/title>\n<meta name=\"robots\" content=\"index, follow, max-snippet:-1, max-image-preview:large, max-video-preview:-1\" \/>\n<link rel=\"canonical\" href=\"https:\/\/dorogimedence.hu\/index.php\/2019\/08\/26\/piasan-belekotott-egy-kiskoruba-majd-kovette-es-okollel-utotte\/\" class=\"yoast-seo-meta-tag\" \/>\n<meta property=\"og:locale\" content=\"hu_HU\" class=\"yoast-seo-meta-tag\" \/>\n<meta property=\"og:type\" content=\"article\" class=\"yoast-seo-meta-tag\" \/>\n<meta property=\"og:title\" content=\"Pi\u00e1san belek\u00f6t\u00f6tt egy kiskor\u00faba, majd k\u00f6vette \u00e9s \u00f6k\u00f6llel \u00fct\u00f6tte\" class=\"yoast-seo-meta-tag\" \/>\n<meta property=\"og:description\" content=\"Az Esztergomi J\u00e1r\u00e1si \u00dcgy\u00e9szs\u00e9g gar\u00e1zdas\u00e1g v\u00e9ts\u00e9ge miatt emelt v\u00e1dat egy ittasan korcsoly\u00e1z\u00f3 fiatal feln\u0151tt f\u00e9rfival szemben, aki korcsoly\u00e1z\u00e1s k\u00f6zben kezdett ki a kiskor\u00fa s\u00e9rtettel, majd az esztergomi korcsolyap\u00e1ly\u00e1r\u00f3l t\u00e1voz\u00f3 s\u00e9rtettet k\u00f6vette \u00e9s Esztergom v\u00e1ros k\u00f6zter\u00fclet\u00e9n k\u00e9t alkalommal, \u00f6k\u00f6llel meg\u00fct\u00f6tte. Az ittas \u00e1llapotban l\u00e9v\u0151 v\u00e1dlott 2018. december 14. napj\u00e1n az esti \u00f3r\u00e1kban az Esztergomban tal\u00e1lhat\u00f3 korcsolyap\u00e1ly\u00e1n,\" class=\"yoast-seo-meta-tag\" \/>\n<meta property=\"og:url\" content=\"https:\/\/dorogimedence.hu\/index.php\/2019\/08\/26\/piasan-belekotott-egy-kiskoruba-majd-kovette-es-okollel-utotte\/\" class=\"yoast-seo-meta-tag\" \/>\n<meta property=\"og:site_name\" content=\"Dorogi-medence Region\u00e1lis H\u00edrport\u00e1l\" class=\"yoast-seo-meta-tag\" \/>\n<meta property=\"article:publisher\" content=\"https:\/\/www.facebook.com\/dorogimedence\/\" class=\"yoast-seo-meta-tag\" \/>\n<meta property=\"article:published_time\" content=\"2019-08-26T07:54:51+00:00\" class=\"yoast-seo-meta-tag\" \/>\n<meta property=\"og:image\" content=\"https:\/\/i0.wp.com\/dorogimedence.hu\/wp-content\/uploads\/2017\/07\/bantalmazas-02.jpg?fit=670%2C365&ssl=1\" class=\"yoast-seo-meta-tag\" \/>\n\t<meta property=\"og:image:width\" content=\"670\" class=\"yoast-seo-meta-tag\" \/>\n\t<meta property=\"og:image:height\" content=\"365\" class=\"yoast-seo-meta-tag\" \/>\n\t<meta property=\"og:image:type\" content=\"image\/jpeg\" class=\"yoast-seo-meta-tag\" \/>\n<meta name=\"author\" content=\"dorogimedence.hu\" class=\"yoast-seo-meta-tag\" \/>\n<meta name=\"twitter:card\" content=\"summary_large_image\" class=\"yoast-seo-meta-tag\" \/>\n<meta name=\"twitter:label1\" content=\"Szerz\u0151:\" class=\"yoast-seo-meta-tag\" \/>\n\t<meta name=\"twitter:data1\" content=\"dorogimedence.hu\" class=\"yoast-seo-meta-tag\" \/>\n\t<meta name=\"twitter:label2\" content=\"Becs\u00fclt olvas\u00e1si id\u0151\" class=\"yoast-seo-meta-tag\" \/>\n\t<meta name=\"twitter:data2\" content=\"2 perc\" class=\"yoast-seo-meta-tag\" \/>\n<script type=\"application\/ld+json\" class=\"yoast-schema-graph\">{\"@context\":\"https:\\\/\\\/schema.org\",\"@graph\":[{\"@type\":\"Article\",\"@id\":\"https:\\\/\\\/dorogimedence.hu\\\/index.php\\\/2019\\\/08\\\/26\\\/piasan-belekotott-egy-kiskoruba-majd-kovette-es-okollel-utotte\\\/#article\",\"isPartOf\":{\"@id\":\"https:\\\/\\\/dorogimedence.hu\\\/index.php\\\/2019\\\/08\\\/26\\\/piasan-belekotott-egy-kiskoruba-majd-kovette-es-okollel-utotte\\\/\"},\"author\":{\"name\":\"dorogimedence.hu\",\"@id\":\"https:\\\/\\\/dorogimedence.hu\\\/#\\\/schema\\\/person\\\/ce6091eeb7e95ecdc87890d6aa8e0fd4\"},\"headline\":\"Pi\u00e1san belek\u00f6t\u00f6tt egy kiskor\u00faba, majd k\u00f6vette \u00e9s \u00f6k\u00f6llel \u00fct\u00f6tte\",\"datePublished\":\"2019-08-26T07:54:51+00:00\",\"mainEntityOfPage\":{\"@id\":\"https:\\\/\\\/dorogimedence.hu\\\/index.php\\\/2019\\\/08\\\/26\\\/piasan-belekotott-egy-kiskoruba-majd-kovette-es-okollel-utotte\\\/\"},\"wordCount\":421,\"publisher\":{\"@id\":\"https:\\\/\\\/dorogimedence.hu\\\/#organization\"},\"image\":{\"@id\":\"https:\\\/\\\/dorogimedence.hu\\\/index.php\\\/2019\\\/08\\\/26\\\/piasan-belekotott-egy-kiskoruba-majd-kovette-es-okollel-utotte\\\/#primaryimage\"},\"thumbnailUrl\":\"https:\\\/\\\/dorogimedence.hu\\\/wp-content\\\/uploads\\\/2017\\\/07\\\/bantalmazas-02.jpg\",\"keywords\":[\"b\u00e1ntalmaz\u00e1s\",\"b\u00edr\u00f3s\u00e1g\",\"esztergom\",\"\u00fcgy\u00e9szs\u00e9g\"],\"articleSection\":[\"Esztergom\",\"H\u00edrek\",\"K\u00e9k h\u00edrek\"],\"inLanguage\":\"hu\"},{\"@type\":\"WebPage\",\"@id\":\"https:\\\/\\\/dorogimedence.hu\\\/index.php\\\/2019\\\/08\\\/26\\\/piasan-belekotott-egy-kiskoruba-majd-kovette-es-okollel-utotte\\\/\",\"url\":\"https:\\\/\\\/dorogimedence.hu\\\/index.php\\\/2019\\\/08\\\/26\\\/piasan-belekotott-egy-kiskoruba-majd-kovette-es-okollel-utotte\\\/\",\"name\":\"Pi\u00e1san belek\u00f6t\u00f6tt egy kiskor\u00faba, majd k\u00f6vette \u00e9s \u00f6k\u00f6llel \u00fct\u00f6tte\",\"isPartOf\":{\"@id\":\"https:\\\/\\\/dorogimedence.hu\\\/#website\"},\"primaryImageOfPage\":{\"@id\":\"https:\\\/\\\/dorogimedence.hu\\\/index.php\\\/2019\\\/08\\\/26\\\/piasan-belekotott-egy-kiskoruba-majd-kovette-es-okollel-utotte\\\/#primaryimage\"},\"image\":{\"@id\":\"https:\\\/\\\/dorogimedence.hu\\\/index.php\\\/2019\\\/08\\\/26\\\/piasan-belekotott-egy-kiskoruba-majd-kovette-es-okollel-utotte\\\/#primaryimage\"},\"thumbnailUrl\":\"https:\\\/\\\/dorogimedence.hu\\\/wp-content\\\/uploads\\\/2017\\\/07\\\/bantalmazas-02.jpg\",\"datePublished\":\"2019-08-26T07:54:51+00:00\",\"breadcrumb\":{\"@id\":\"https:\\\/\\\/dorogimedence.hu\\\/index.php\\\/2019\\\/08\\\/26\\\/piasan-belekotott-egy-kiskoruba-majd-kovette-es-okollel-utotte\\\/#breadcrumb\"},\"inLanguage\":\"hu\",\"potentialAction\":[{\"@type\":\"ReadAction\",\"target\":[\"https:\\\/\\\/dorogimedence.hu\\\/index.php\\\/2019\\\/08\\\/26\\\/piasan-belekotott-egy-kiskoruba-majd-kovette-es-okollel-utotte\\\/\"]}]},{\"@type\":\"ImageObject\",\"inLanguage\":\"hu\",\"@id\":\"https:\\\/\\\/dorogimedence.hu\\\/index.php\\\/2019\\\/08\\\/26\\\/piasan-belekotott-egy-kiskoruba-majd-kovette-es-okollel-utotte\\\/#primaryimage\",\"url\":\"https:\\\/\\\/dorogimedence.hu\\\/wp-content\\\/uploads\\\/2017\\\/07\\\/bantalmazas-02.jpg\",\"contentUrl\":\"https:\\\/\\\/dorogimedence.hu\\\/wp-content\\\/uploads\\\/2017\\\/07\\\/bantalmazas-02.jpg\",\"width\":670,\"height\":365},{\"@type\":\"BreadcrumbList\",\"@id\":\"https:\\\/\\\/dorogimedence.hu\\\/index.php\\\/2019\\\/08\\\/26\\\/piasan-belekotott-egy-kiskoruba-majd-kovette-es-okollel-utotte\\\/#breadcrumb\",\"itemListElement\":[{\"@type\":\"ListItem\",\"position\":1,\"name\":\"Kezd\u0151lap\",\"item\":\"https:\\\/\\\/dorogimedence.hu\\\/\"},{\"@type\":\"ListItem\",\"position\":2,\"name\":\"Pi\u00e1san belek\u00f6t\u00f6tt egy kiskor\u00faba, majd k\u00f6vette \u00e9s \u00f6k\u00f6llel \u00fct\u00f6tte\"}]},{\"@type\":\"WebSite\",\"@id\":\"https:\\\/\\\/dorogimedence.hu\\\/#website\",\"url\":\"https:\\\/\\\/dorogimedence.hu\\\/\",\"name\":\"Dorogi-medence Region\u00e1lis H\u00edrport\u00e1l\",\"description\":\"Dorog, Keszt\u00f6lc, Le\u00e1nyv\u00e1r, Piliscs\u00e9v, Tokod, Tokodalt\u00e1r\u00f3, Csolnok, Esztergom-kertv\u00e1ros: h\u00edrek, programok\",\"publisher\":{\"@id\":\"https:\\\/\\\/dorogimedence.hu\\\/#organization\"},\"potentialAction\":[{\"@type\":\"SearchAction\",\"target\":{\"@type\":\"EntryPoint\",\"urlTemplate\":\"https:\\\/\\\/dorogimedence.hu\\\/?s={search_term_string}\"},\"query-input\":{\"@type\":\"PropertyValueSpecification\",\"valueRequired\":true,\"valueName\":\"search_term_string\"}}],\"inLanguage\":\"hu\"},{\"@type\":\"Organization\",\"@id\":\"https:\\\/\\\/dorogimedence.hu\\\/#organization\",\"name\":\"Dorogi-medence Region\u00e1lis H\u00edrport\u00e1l\",\"url\":\"https:\\\/\\\/dorogimedence.hu\\\/\",\"logo\":{\"@type\":\"ImageObject\",\"inLanguage\":\"hu\",\"@id\":\"https:\\\/\\\/dorogimedence.hu\\\/#\\\/schema\\\/logo\\\/image\\\/\",\"url\":\"https:\\\/\\\/dorogimedence.hu\\\/wp-content\\\/uploads\\\/2021\\\/04\\\/logo-feher-600.png\",\"contentUrl\":\"https:\\\/\\\/dorogimedence.hu\\\/wp-content\\\/uploads\\\/2021\\\/04\\\/logo-feher-600.png\",\"width\":600,\"height\":100,\"caption\":\"Dorogi-medence Region\u00e1lis H\u00edrport\u00e1l\"},\"image\":{\"@id\":\"https:\\\/\\\/dorogimedence.hu\\\/#\\\/schema\\\/logo\\\/image\\\/\"},\"sameAs\":[\"https:\\\/\\\/www.facebook.com\\\/dorogimedence\\\/\"]},{\"@type\":\"Person\",\"@id\":\"https:\\\/\\\/dorogimedence.hu\\\/#\\\/schema\\\/person\\\/ce6091eeb7e95ecdc87890d6aa8e0fd4\",\"name\":\"dorogimedence.hu\",\"image\":{\"@type\":\"ImageObject\",\"inLanguage\":\"hu\",\"@id\":\"\\\/\\\/www.gravatar.com\\\/avatar\\\/d8d45f8901aadff40a4af72c0b826f1d?s=96&#038;r=g&#038;d=mm\",\"url\":\"\\\/\\\/www.gravatar.com\\\/avatar\\\/d8d45f8901aadff40a4af72c0b826f1d?s=96&#038;r=g&#038;d=mm\",\"contentUrl\":\"\\\/\\\/www.gravatar.com\\\/avatar\\\/d8d45f8901aadff40a4af72c0b826f1d?s=96&#038;r=g&#038;d=mm\",\"caption\":\"dorogimedence.hu\"}}]}<\/script>\n<!-- \/ Yoast SEO plugin. -->","yoast_head_json":{"title":"Pi\u00e1san belek\u00f6t\u00f6tt egy kiskor\u00faba, majd k\u00f6vette \u00e9s \u00f6k\u00f6llel \u00fct\u00f6tte","robots":{"index":"index","follow":"follow","max-snippet":"max-snippet:-1","max-image-preview":"max-image-preview:large","max-video-preview":"max-video-preview:-1"},"canonical":"https:\/\/dorogimedence.hu\/index.php\/2019\/08\/26\/piasan-belekotott-egy-kiskoruba-majd-kovette-es-okollel-utotte\/","og_locale":"hu_HU","og_type":"article","og_title":"Pi\u00e1san belek\u00f6t\u00f6tt egy kiskor\u00faba, majd k\u00f6vette \u00e9s \u00f6k\u00f6llel \u00fct\u00f6tte","og_description":"Az Esztergomi J\u00e1r\u00e1si \u00dcgy\u00e9szs\u00e9g gar\u00e1zdas\u00e1g v\u00e9ts\u00e9ge miatt emelt v\u00e1dat egy ittasan korcsoly\u00e1z\u00f3 fiatal feln\u0151tt f\u00e9rfival szemben, aki korcsoly\u00e1z\u00e1s k\u00f6zben kezdett ki a kiskor\u00fa s\u00e9rtettel, majd az esztergomi korcsolyap\u00e1ly\u00e1r\u00f3l t\u00e1voz\u00f3 s\u00e9rtettet k\u00f6vette \u00e9s Esztergom v\u00e1ros k\u00f6zter\u00fclet\u00e9n k\u00e9t alkalommal, \u00f6k\u00f6llel meg\u00fct\u00f6tte. Az ittas \u00e1llapotban l\u00e9v\u0151 v\u00e1dlott 2018. december 14. napj\u00e1n az esti \u00f3r\u00e1kban az Esztergomban tal\u00e1lhat\u00f3 korcsolyap\u00e1ly\u00e1n,","og_url":"https:\/\/dorogimedence.hu\/index.php\/2019\/08\/26\/piasan-belekotott-egy-kiskoruba-majd-kovette-es-okollel-utotte\/","og_site_name":"Dorogi-medence Region\u00e1lis H\u00edrport\u00e1l","article_publisher":"https:\/\/www.facebook.com\/dorogimedence\/","article_published_time":"2019-08-26T07:54:51+00:00","og_image":[{"width":670,"height":365,"url":"https:\/\/i0.wp.com\/dorogimedence.hu\/wp-content\/uploads\/2017\/07\/bantalmazas-02.jpg?fit=670%2C365&ssl=1","type":"image\/jpeg"}],"author":"dorogimedence.hu","twitter_card":"summary_large_image","twitter_misc":{"Szerz\u0151:":"dorogimedence.hu","Becs\u00fclt olvas\u00e1si id\u0151":"2 perc"},"schema":{"@context":"https:\/\/schema.org","@graph":[{"@type":"Article","@id":"https:\/\/dorogimedence.hu\/index.php\/2019\/08\/26\/piasan-belekotott-egy-kiskoruba-majd-kovette-es-okollel-utotte\/#article","isPartOf":{"@id":"https:\/\/dorogimedence.hu\/index.php\/2019\/08\/26\/piasan-belekotott-egy-kiskoruba-majd-kovette-es-okollel-utotte\/"},"author":{"name":"dorogimedence.hu","@id":"https:\/\/dorogimedence.hu\/#\/schema\/person\/ce6091eeb7e95ecdc87890d6aa8e0fd4"},"headline":"Pi\u00e1san belek\u00f6t\u00f6tt egy kiskor\u00faba, majd k\u00f6vette \u00e9s \u00f6k\u00f6llel \u00fct\u00f6tte","datePublished":"2019-08-26T07:54:51+00:00","mainEntityOfPage":{"@id":"https:\/\/dorogimedence.hu\/index.php\/2019\/08\/26\/piasan-belekotott-egy-kiskoruba-majd-kovette-es-okollel-utotte\/"},"wordCount":421,"publisher":{"@id":"https:\/\/dorogimedence.hu\/#organization"},"image":{"@id":"https:\/\/dorogimedence.hu\/index.php\/2019\/08\/26\/piasan-belekotott-egy-kiskoruba-majd-kovette-es-okollel-utotte\/#primaryimage"},"thumbnailUrl":"https:\/\/dorogimedence.hu\/wp-content\/uploads\/2017\/07\/bantalmazas-02.jpg","keywords":["b\u00e1ntalmaz\u00e1s","b\u00edr\u00f3s\u00e1g","esztergom","\u00fcgy\u00e9szs\u00e9g"],"articleSection":["Esztergom","H\u00edrek","K\u00e9k h\u00edrek"],"inLanguage":"hu"},{"@type":"WebPage","@id":"https:\/\/dorogimedence.hu\/index.php\/2019\/08\/26\/piasan-belekotott-egy-kiskoruba-majd-kovette-es-okollel-utotte\/","url":"https:\/\/dorogimedence.hu\/index.php\/2019\/08\/26\/piasan-belekotott-egy-kiskoruba-majd-kovette-es-okollel-utotte\/","name":"Pi\u00e1san belek\u00f6t\u00f6tt egy kiskor\u00faba, majd k\u00f6vette \u00e9s \u00f6k\u00f6llel \u00fct\u00f6tte","isPartOf":{"@id":"https:\/\/dorogimedence.hu\/#website"},"primaryImageOfPage":{"@id":"https:\/\/dorogimedence.hu\/index.php\/2019\/08\/26\/piasan-belekotott-egy-kiskoruba-majd-kovette-es-okollel-utotte\/#primaryimage"},"image":{"@id":"https:\/\/dorogimedence.hu\/index.php\/2019\/08\/26\/piasan-belekotott-egy-kiskoruba-majd-kovette-es-okollel-utotte\/#primaryimage"},"thumbnailUrl":"https:\/\/dorogimedence.hu\/wp-content\/uploads\/2017\/07\/bantalmazas-02.jpg","datePublished":"2019-08-26T07:54:51+00:00","breadcrumb":{"@id":"https:\/\/dorogimedence.hu\/index.php\/2019\/08\/26\/piasan-belekotott-egy-kiskoruba-majd-kovette-es-okollel-utotte\/#breadcrumb"},"inLanguage":"hu","potentialAction":[{"@type":"ReadAction","target":["https:\/\/dorogimedence.hu\/index.php\/2019\/08\/26\/piasan-belekotott-egy-kiskoruba-majd-kovette-es-okollel-utotte\/"]}]},{"@type":"ImageObject","inLanguage":"hu","@id":"https:\/\/dorogimedence.hu\/index.php\/2019\/08\/26\/piasan-belekotott-egy-kiskoruba-majd-kovette-es-okollel-utotte\/#primaryimage","url":"https:\/\/dorogimedence.hu\/wp-content\/uploads\/2017\/07\/bantalmazas-02.jpg","contentUrl":"https:\/\/dorogimedence.hu\/wp-content\/uploads\/2017\/07\/bantalmazas-02.jpg","width":670,"height":365},{"@type":"BreadcrumbList","@id":"https:\/\/dorogimedence.hu\/index.php\/2019\/08\/26\/piasan-belekotott-egy-kiskoruba-majd-kovette-es-okollel-utotte\/#breadcrumb","itemListElement":[{"@type":"ListItem","position":1,"name":"Kezd\u0151lap","item":"https:\/\/dorogimedence.hu\/"},{"@type":"ListItem","position":2,"name":"Pi\u00e1san belek\u00f6t\u00f6tt egy kiskor\u00faba, majd k\u00f6vette \u00e9s \u00f6k\u00f6llel \u00fct\u00f6tte"}]},{"@type":"WebSite","@id":"https:\/\/dorogimedence.hu\/#website","url":"https:\/\/dorogimedence.hu\/","name":"Dorogi-medence Region\u00e1lis H\u00edrport\u00e1l","description":"Dorog, Keszt\u00f6lc, Le\u00e1nyv\u00e1r, Piliscs\u00e9v, Tokod, Tokodalt\u00e1r\u00f3, Csolnok, Esztergom-kertv\u00e1ros: h\u00edrek, programok","publisher":{"@id":"https:\/\/dorogimedence.hu\/#organization"},"potentialAction":[{"@type":"SearchAction","target":{"@type":"EntryPoint","urlTemplate":"https:\/\/dorogimedence.hu\/?s={search_term_string}"},"query-input":{"@type":"PropertyValueSpecification","valueRequired":true,"valueName":"search_term_string"}}],"inLanguage":"hu"},{"@type":"Organization","@id":"https:\/\/dorogimedence.hu\/#organization","name":"Dorogi-medence Region\u00e1lis H\u00edrport\u00e1l","url":"https:\/\/dorogimedence.hu\/","logo":{"@type":"ImageObject","inLanguage":"hu","@id":"https:\/\/dorogimedence.hu\/#\/schema\/logo\/image\/","url":"https:\/\/dorogimedence.hu\/wp-content\/uploads\/2021\/04\/logo-feher-600.png","contentUrl":"https:\/\/dorogimedence.hu\/wp-content\/uploads\/2021\/04\/logo-feher-600.png","width":600,"height":100,"caption":"Dorogi-medence Region\u00e1lis H\u00edrport\u00e1l"},"image":{"@id":"https:\/\/dorogimedence.hu\/#\/schema\/logo\/image\/"},"sameAs":["https:\/\/www.facebook.com\/dorogimedence\/"]},{"@type":"Person","@id":"https:\/\/dorogimedence.hu\/#\/schema\/person\/ce6091eeb7e95ecdc87890d6aa8e0fd4","name":"dorogimedence.hu","image":{"@type":"ImageObject","inLanguage":"hu","@id":"\/\/www.gravatar.com\/avatar\/d8d45f8901aadff40a4af72c0b826f1d?s=96&#038;r=g&#038;d=mm","url":"\/\/www.gravatar.com\/avatar\/d8d45f8901aadff40a4af72c0b826f1d?s=96&#038;r=g&#038;d=mm","contentUrl":"\/\/www.gravatar.com\/avatar\/d8d45f8901aadff40a4af72c0b826f1d?s=96&#038;r=g&#038;d=mm","caption":"dorogimedence.hu"}}]}},"_links":{"self":[{"href":"https:\/\/dorogimedence.hu\/index.php\/wp-json\/wp\/v2\/posts\/18964","targetHints":{"allow":["GET"]}}],"collection":[{"href":"https:\/\/dorogimedence.hu\/index.php\/wp-json\/wp\/v2\/posts"}],"about":[{"href":"https:\/\/dorogimedence.hu\/index.php\/wp-json\/wp\/v2\/types\/post"}],"author":[{"embeddable":true,"href":"https:\/\/dorogimedence.hu\/index.php\/wp-json\/wp\/v2\/users\/1"}],"replies":[{"embeddable":true,"href":"https:\/\/dorogimedence.hu\/index.php\/wp-json\/wp\/v2\/comments?post=18964"}],"version-history":[{"count":0,"href":"https:\/\/dorogimedence.hu\/index.php\/wp-json\/wp\/v2\/posts\/18964\/revisions"}],"wp:featuredmedia":[{"embeddable":true,"href":"https:\/\/dorogimedence.hu\/index.php\/wp-json\/wp\/v2\/media\/4505"}],"wp:attachment":[{"href":"https:\/\/dorogimedence.hu\/index.php\/wp-json\/wp\/v2\/media?parent=18964"}],"wp:term":[{"taxonomy":"category","embeddable":true,"href":"https:\/\/dorogimedence.hu\/index.php\/wp-json\/wp\/v2\/categories?post=18964"},{"taxonomy":"post_tag","embeddable":true,"href":"https:\/\/dorogimedence.hu\/index.php\/wp-json\/wp\/v2\/tags?post=18964"}],"curies":[{"name":"wp","href":"https:\/\/api.w.org\/{rel}","templated":true}]}}