{"id":18914,"date":"2019-08-24T11:11:31","date_gmt":"2019-08-24T09:11:31","guid":{"rendered":"http:\/\/dorogimedence.hu\/?p=18914"},"modified":"2019-08-24T11:11:31","modified_gmt":"2019-08-24T09:11:31","slug":"hatvanadszor-egymas-ellen","status":"publish","type":"post","link":"https:\/\/dorogimedence.hu\/index.php\/2019\/08\/24\/hatvanadszor-egymas-ellen\/","title":{"rendered":"Hatvanadszor egym\u00e1s ellen"},"content":{"rendered":"<p><strong>Csapatunk 50%-os teljes\u00edtm\u00e9ny\u00e9vel a tabella 12. hely\u00e9r\u0151l v\u00e1rja az 5. fordul\u00f3t, amelyen szint\u00e9n egy r\u00e9gi vet\u00e9lyt\u00e1rs\u00e1t, a Budafokot fogadja. Vend\u00e9gei hasonl\u00f3 mutat\u00f3val rendelkeznek az eddig eltelt n\u00e9gy m\u00e9rk\u0151z\u00e9sen, viszont jobb g\u00f3lar\u00e1nyuknak k\u00f6sz\u00f6nhet\u0151en, a pontazonoss\u00e1g ellen\u00e9re is a 7. helyet foglalj\u00e1k el<\/strong> <em>&#8211; Szab\u00f3 Gyula cikke.<\/em><\/p>\n<p>A dorogiak a remek bajnoki rajtot k\u00f6vet\u0151en kiss\u00e9 megtorpantak \u00e9s m\u00e1sodik veres\u00e9g\u00fcket szenvedt\u00e9k el az elm\u00falt fordul\u00f3ban az addig m\u00e9g pontot sem szerzett V\u00e1c ellen. A kor\u00e1n bekapott g\u00f3l meghat\u00e1rozta az eg\u00e9sz m\u00e9rk\u0151z\u00e9s alakul\u00e1s\u00e1t \u00e9s sajnos annak kimenetel\u00e9t is. A mieink v\u00e9gig az eredm\u00e9ny ut\u00e1n futhattak, de nem csak egyenl\u00edteni nem siker\u00fclt, de az utols\u00f3 percben az ellenf\u00e9l \u00fajabb g\u00f3lj\u00e1val be is biztos\u00edtotta a gy\u0151zelm\u00e9t. A budafokiak teljesen a dorogiakat k\u00f6vett\u00e9k eddigi szerepl\u00e9s\u00fckkel. Szint\u00e9n k\u00e9t ragyog\u00f3 gy\u0151zelmet k\u00f6vet\u0151en k\u00e9t veres\u00e9g k\u00f6vetkezett. A nyit\u00e1nyt k\u00e9t \u00fajonc csapat, a Szeged \u00e9s a Szolnok ellen kezdt\u00e9k \u00e9s mindk\u00e9tszer magabiztos 3-0-\u00e1s gy\u0151zelemmel szerezt\u00e9k meg a bajnoki pontokat, majd a listavezet\u0151 Cs\u00e1kv\u00e1r otthon\u00e1ban 2:1 ar\u00e1nyban alulmaradtak, legut\u00f3bb pedig hazai p\u00e1ly\u00e1n vesz\u00edtettek 3-2-re a Buda\u00f6rs ellen. A k\u00f6z\u00e9pmez\u0151ny alaposan feltorl\u00f3dott, hat csapatnak is 6 pontja van, s k\u00f6z\u00fcl\u00fck a Budafok plusz n\u00e9gyes g\u00f3lar\u00e1ny\u00e1val vezeti ezt a hatosfogatot a hetedik helyen tany\u00e1zva, m\u00edg a mienknek \u00e9ppen ford\u00edtottan, m\u00ednusz n\u00e9gyben van a g\u00f3lk\u00fcl\u00f6nbs\u00e9ge, amely pillanatnyilag csak a 12. helyre elegend\u0151.<\/p>\n<p>Ez id\u00e1ig csupa r\u00e9gi, j\u00f3nev\u0171 egyes\u00fclet j\u00f6tt fordul\u00f3r\u00f3l fordul\u00f3ra \u00e9s ez\u00fattal sem lesz m\u00e1sk\u00e9nt. A Budafok ellen is a r\u00e9gm\u00faltba ny\u00falik vissza az egym\u00e1s elleni vet\u00e9lked\u00e9s, amely rendszerint ki\u00e9lezett, izgalmas \u00e9s szoros \u00f6sszecsap\u00e1sokat hozott. Ez \u00edzben \u00e9ppen a <strong>kerek, hatvanadik egym\u00e1s elleni t\u00e9tm\u00e9rk\u0151z\u00e9s\u00fckre ker\u00fcl sor.<\/strong><\/p>\n<p><strong><a href=\"https:\/\/dorogimedence.hu\/index.php\/2019\/02\/02\/otvenedik-jubileumi-bajnoki-merkozes-a-ket-csapat-kozott\/\" target=\"_blank\" rel=\"noopener noreferrer\"><span style=\"color: #0000ff;\"><span style=\"text-decoration: underline;\">A k\u00e9t csapat m\u00e9rlege&gt;&gt;<\/span><\/span><\/a><\/strong><\/p>\n<p><strong><a href=\"https:\/\/dorogimedence.hu\/index.php\/2019\/02\/08\/kiegeszito-es-korrekcio-a-dorog-budafok-merkozesek-orok-merlegehez\/\" target=\"_blank\" rel=\"noopener noreferrer\"><span style=\"text-decoration: underline; color: #0000ff;\">A k\u00e9t csapat r\u00e9szletes m\u00e9rlege&gt;&gt;<\/span><\/a><\/strong><\/p>\n<p>A Budafok k\u00e9t \u00e9vvel kor\u00e1bbi alap\u00edt\u00e1s\u00fa egyes\u00fclet, mint a dorogi, \u00e1m a labdar\u00fag\u00f3 szakoszt\u00e1lya csak k\u00e9s\u0151bb kezdett \u00e9ledni \u00e9s csapatuk is ennek megfelel\u0151en csak a dorogiak bajnoki rajtj\u00e1t k\u00f6vet\u0151 \u00e9vekben kapcsol\u00f3dott be a szervezett bajnoki k\u00fczdelmekbe. \u00cdgy sz\u00e1mban&nbsp;kicsivel elmaradnak a Dorog\u00e9t\u00f3l. Eddig ugyanis 103 bajnoki \u00e9vadban szerepeltek, amely sor\u00e1n egy izmos m\u00e1sodoszt\u00e1ly\u00fa csapat k\u00e9p\u00e9t testes\u00edtik meg, n\u00e9h\u00e1ny elt\u00e9r\u00e9st\u0151l eltekintve. 58 \u00e9vadot t\u00f6lt\u00f6ttek az NB II-ben, tov\u00e1bb\u00e1 37 \u00e9vadot a harmadoszt\u00e1lyban. Egyetlen \u00e9v erej\u00e9ig az els\u0151 oszt\u00e1lyba is feltorn\u00e1szt\u00e1k magukat, az 1945-46-os \u00e9vadban, de azzal a lend\u00fclettel ki is estek. Ugyanakkor 7 \u00e9vadon kereszt\u00fcl a negyedoszt\u00e1lyban is megfordultak. Az idei m\u00e1r a&nbsp;104. \u00e9vadjuk a sorban \u00e9s az 59. NB II-es \u00e9v\u00fck. Legnagyobb sikerei a m\u00e1sodoszt\u00e1lyban szerzett 4 bajnoki c\u00edm. Ezen fel\u00fcl 3 bajnoki ez\u00fcst \u00e9s ugyancsak 3 bajnoki brozn\u00e9rmet nyertek ebben az oszt\u00e1lyban. Egy\u00e9b, m\u00e1s kiugr\u00f3 teljes\u00edtm\u00e9nnyel nem rendelkeznek, \u00e1m soraikban is akadtak sz\u00e9psz\u00e1mmal h\u00edres labdar\u00fag\u00f3k az id\u0151k sor\u00e1n, mint t\u00f6bbek k\u00f6z\u00f6tt Zakari\u00e1s J\u00f3zsef, Nosk\u00f3 Ern\u0151, Mezey Gy\u00f6rgy, Eszterh\u00e1zy M\u00e1rton, Tepszics Ign\u00e1c, Drag\u00f3ner Attila,&nbsp;vagy \u00e9ppen M\u00f6rtel B\u00e9la.<\/p>\n<p>A k\u00e9t csapat legut\u00f3bb id\u00e9n febru\u00e1r 3-\u00e1n, Dorogon tal\u00e1lkozott a tavaszi szezon 3. fordul\u00f3ja jegy\u00e9ben, ahol a mieinknek siker\u00fclt 2-1-re gy\u0151zni. A febru\u00e1r elej\u00e9n k\u00f6zreadott \u00f6sszefoglal\u00f3 nem sokkal ut\u00e1na m\u00f3dosult, ugyanis tov\u00e1bbi h\u00e1rom bajnoki \u00e9vad \u00e9s vonzatak\u00e9nt 6 m\u00e9rk\u0151z\u00e9s nyom\u00e1ra bukkantam, amelyet egy kieg\u00e9sz\u00edt\u0151 cikkben k\u00f6zz\u00e9 is tettem (lsd. a fentiekben csatolt linkekn\u00e9l). Most m\u00e1r \u00fagy n\u00e9z ki, hogy t\u00e9nylegesen siker\u00fclt pontos k\u00e9pet&nbsp;adni a teljes m\u00faltb\u00e9li szerepl\u00e9s tekintet\u00e9ben. Ennek megfelel\u0151en 28 bajnoki \u00e9vadban szerepelt egy\u00fctt a k\u00e9t csapat, s id\u0151k\u00f6zben h\u00e1rom Magyar Kupameccset&nbsp; is tal\u00e1ltam, amely&nbsp;biztos forr\u00e1ssal is igazolhat\u00f3. 1976-ban a legjobb 16-k\u00f6z\u00e9 jut\u00e1s\u00e9rt oda-visszav\u00e1g\u00f3val ki\u00edrt tov\u00e1bbjut\u00e1s alkalm\u00e1n mind a k\u00e9t tal\u00e1lkoz\u00f3t siker\u00fclt megnyerni. Otthon 3-1-re, Budafokon pedig 2-1-es dorogi gy\u0151zelemmel, egyben biztos tov\u00e1bbjut\u00e1ssal z\u00e1rult a k\u00e9t meccs. 1986-ban a legjobb 32-k\u00f6z\u00e9 Dorogon nyert\u00fcnk 2:0 ar\u00e1nyban. Ezzel a h\u00e1rom kupameccsel lett 59 a teljes m\u00e9rk\u0151z\u00e9ssz\u00e1m.<\/p>\n<p>Eddigi m\u00e9rleg\u00fcnk a Budafok ellen: 59 meccsb\u0151l 26 gy\u0151zelem, 11 d\u00f6ntetlen \u00e9s 22 veres\u00e9g, 84:83-as g\u00f3lar\u00e1ny. Csak a bajnokik tekintet\u00e9ben pedig 56 m\u00e9rk\u0151z\u00e9sen 23 gy\u0151zelem, 11 d\u00f6ntetlen, 22 veres\u00e9g, 77:81-es g\u00f3lar\u00e1nnyal.<\/p>\n<p>A hazai m\u00e9rleg 30 tal\u00e1lkoz\u00f3b\u00f3l; 21 gy\u0151zelem, 2 d\u00f6ntetlen, 7 veres\u00e9g, 47:27-es g\u00f3lar\u00e1ny, m\u00edg csak a bajnokit figyelembe v\u00e9ve, 28 meccsen 19 gy\u0151zelem, 2 d\u00f6ntetlen, 7 veres\u00e9g, 42-26-os g\u00f3lar\u00e1ny.<\/p>\n<p><img fetchpriority=\"high\" decoding=\"async\" class=\"alignnone size-full wp-image-18915\" src=\"https:\/\/dorogimedence.hu\/wp-content\/uploads\/2019\/08\/foto-01.jpg\" alt=\"\" width=\"555\" height=\"948\" srcset=\"https:\/\/dorogimedence.hu\/wp-content\/uploads\/2019\/08\/foto-01.jpg 555w, https:\/\/dorogimedence.hu\/wp-content\/uploads\/2019\/08\/foto-01-176x300.jpg 176w\" sizes=\"(max-width: 555px) 100vw, 555px\" \/><\/p>\n<p>A Budafok meglehet\u0151sen g\u00f3ler\u0151s csapat volt mindig is, amelyet az eddigi 4 fordul\u00f3ban is igazolt, hiszen minden meccs\u00e9n betal\u00e1lt \u00e9s a g\u00f3l\u00e1tlag b\u0151 k\u00e9t tal\u00e1lat meccsenk\u00e9nt. A k\u00e9t veres\u00e9ge is csak minim\u00e1lis egy g\u00f3los volt. A mieink viszont a legut\u00f3bbi k\u00e9t vesztes tal\u00e1lkoz\u00f3n g\u00f3lk\u00e9ptelenek voltak, r\u00e1ad\u00e1sul 0-6-os g\u00f3lar\u00e1ny t\u00e1rsul a k\u00e9t veres\u00e9ghez. Minden el\u0151zetes v\u00e1rakoz\u00e1s szerint ez\u00fattal is kem\u00e9ny \u00e9s kisz\u00e1m\u00edthatatlan kimenetel\u0171 m\u00e9rk\u0151z\u00e9sre van kil\u00e1t\u00e1s. Az eredm\u00e9ny teljes m\u00e9rt\u00e9kben h\u00e1romes\u00e9lyes. Amelyik csapat nyerni tud, az m\u00e1ris h\u00e1rom pontos el\u0151nyt \u00e9lvezhetne a m\u00e1sikkal szemben, amely egyr\u00e9szt meger\u0151s\u00edten\u00e9 a k\u00f6z\u00e9pmez\u0151nyben elfoglalt pozic\u00ed\u00f3j\u00e1t, valamint ha a t\u00f6bbi eredm\u00e9ny is \u00fagy alakul, ak\u00e1r az \u00e9lmez\u0151nyh\u00f6z is felz\u00e1rk\u00f3zhat.<\/p>\n<p>Mint az v\u00e1rhat\u00f3 volt, kiegyens\u00falyozott a mez\u0151ny \u00e9s nincs el\u0151re lefutott meccs. Az egyetlen dolog ami n\u00e9mi meglepet\u00e9st hozott, hogy az el\u0151zetesen bajnok- \u00e9s feljut\u00e1sra legink\u00e1bb es\u00e9lyes csapatok k\u00f6z\u00fcl csak a Gy\u0151ri ETO szerepelt ennek megfelel\u0151en, \u00e1m \u00e9ppen a legut\u00f3bbi fodul\u00f3ban c\u00e1folt r\u00e1 erre, miut\u00e1n Si\u00f3fokon kikapott. Az MTK ellen\u00fck szerzett gy\u0151zelm\u00e9vel \u00fagy t\u0171nt, hogy mag\u00e1ra tal\u00e1l \u00e9s a soronk\u00f6vetkez\u0151 hazai meccs\u00e9t ugyan beh\u00fazta, \u00e1m rabsz\u00f3dikus m\u00e1sodik f\u00e9lidei produkci\u00f3j\u00e1val nem volt t\u00fal meggy\u0151z\u0151. Saj\u00e1t bevall\u00e1suk szerint is, ha m\u00e9g lett volna negyed\u00f3ra a meccsb\u0151l, m\u00e9g ki is kapnak a Soroks\u00e1rt\u00f3l. A Halad\u00e1snak n\u00e9gy meccs kellett ahhoz, hogy legels\u0151 gy\u0151zelm\u00e9t elk\u00f6nyvelje, igaz, legal\u00e1bb m\u00e9g veretlen. A Vasas m\u00e9lyen a v\u00e1rakoz\u00e1s alatt szerepel. Mindk\u00e9t idegenbeli meccs\u00e9t elvesztette, a Soroks\u00e1r ellen otthon csak a II. f\u00e9lidei hajr\u00e1val tudod k\u00e9t g\u00f3los h\u00e1tr\u00e1ny\u00e1t megford\u00edtania, viszont legut\u00f3bb az eddig pont n\u00e9lk\u00fcl \u00e1ll\u00f3 Ajka ellen csak egy d\u00f6ntetlenre volt k\u00e9pes, r\u00e1ad\u00e1sul \u00fagy, hogy vesztett poz\u00edci\u00f3b\u00f3l siker\u00fclt egaliz\u00e1lnia. Az \u00fajoncok k\u00f6z\u00fcl a Szolnok \u00e9s a Szeged is eddig derekasan helyt\u00e1llt, viszont a tavaly az NB III-ban f\u00f6l\u00e9nyesen szerepl\u0151 Ajka egyel\u0151re szenved. Igaz, legut\u00f3bb a Vasas otthon\u00e1ban megszerette els\u0151 pontj\u00e1t. A tabell\u00e1t n\u00e9mi meglepet\u00e9sre a Cs\u00e1kv\u00e1r vezeti eddigi hib\u00e1tlan teljes\u00edtm\u00e9nnyel. Rajtuk k\u00edv\u00fcl m\u00e1r csak az eml\u00edtett Halad\u00e1s m\u00e9g, amely veretlen. H\u00e1rom csapat &#8211; Ajka, Balmaz\u00fajv\u00e1ros \u00e9s a Gyirm\u00f3t &#8211; egyel\u0151re nyeretlen. Ut\u00f3bbi szerepl\u00e9se tal\u00e1n az eddigi legnagyobb negat\u00edv szenz\u00e1ci\u00f3 a mez\u0151nyb\u0151l, ugyanis az egyik olyan csapatk\u00e9nt ismeretes, mint akinek feltett sz\u00e1nd\u00e9ka a feljut\u00e1s, \u00e1m jelenleg k\u00e9t pontot gy\u0171jtve kies\u0151 helyen \u00e1ll. R\u00e1ad\u00e1sul a legut\u00f3bbi fordul\u00f3ban legjobbjukat, Szark\u00e1t ki is \u00e1ll\u00edtott\u00e1k.<\/p>\n<p>Alapj\u00e1ban v\u00e9ve elmondhat\u00f3, hogy az idei NB II-es bajnoks\u00e1g is \u00e9rdekes, sok kisz\u00e1m\u00edthatatlan meglepet\u00e9ssel. A futball\u00ednyenceknek mindenk\u00e9ppen \u00f6r\u00f6mteli, \u00e1m minden val\u00f3sz\u00edn\u0171s\u00e9g szerint a Dorog h\u00edvei vas\u00e1rnap roppant \u00f6r\u00fcln\u00e9nek ak\u00e1r csak egy sz\u00fcrke kis gy\u0151zelemnek is.&nbsp;<\/p>\n<p><strong><em>Fot\u00f3mell\u00e9klet:&nbsp;<\/em><\/strong><em>Majd&#8217; napra pontosan egy 17 \u00e9vvel ezel\u0151tti Dorog<\/em><em>\u2013<\/em><em>Budafok m\u00e9rk\u0151z\u00e9sen k\u00e9sz\u00fclt felv\u00e9tel. 2002. augusztus 24-\u00e9n, Papp Andr\u00e1s g\u00f3lj\u00e1val az 1-0-ra megnyert meccsen, az agilis Czipper Zsolt lend\u00fcl \u00e9ppen t\u00e1mad\u00e1sba.<\/em><\/p>\n","protected":false},"excerpt":{"rendered":"<p>Csapatunk 50%-os teljes\u00edtm\u00e9ny\u00e9vel a tabella 12. hely\u00e9r\u0151l v\u00e1rja az 5. fordul\u00f3t, amelyen szint\u00e9n egy r\u00e9gi vet\u00e9lyt\u00e1rs\u00e1t, a Budafokot fogadja. Vend\u00e9gei hasonl\u00f3 mutat\u00f3val rendelkeznek az eddig eltelt n\u00e9gy m\u00e9rk\u0151z\u00e9sen, viszont jobb g\u00f3lar\u00e1nyuknak k\u00f6sz\u00f6nhet\u0151en, a pontazonoss\u00e1g ellen\u00e9re is a 7. helyet foglalj\u00e1k el &#8211; Szab\u00f3 Gyula cikke. A dorogiak a remek bajnoki rajtot k\u00f6vet\u0151en kiss\u00e9 megtorpantak \u00e9s<\/p>\n","protected":false},"author":1,"featured_media":18916,"comment_status":"closed","ping_status":"closed","sticky":false,"template":"","format":"standard","meta":{"ngg_post_thumbnail":0,"footnotes":""},"categories":[2,3,5],"tags":[1952,15,37,70,69,72,263,16],"class_list":{"0":"post-18914","1":"post","2":"type-post","3":"status-publish","4":"format-standard","5":"has-post-thumbnail","7":"category-dorog","8":"category-hirek","9":"category-sport","10":"tag-budafok","11":"tag-dorog","12":"tag-dorogi-fc","13":"tag-foci","14":"tag-futball","15":"tag-labdarugas","16":"tag-nb-ii","17":"tag-sport"},"yoast_head":"<!-- This site is optimized with the Yoast SEO plugin v27.5 - https:\/\/yoast.com\/product\/yoast-seo-wordpress\/ -->\n<title>Hatvanadszor egym\u00e1s ellen<\/title>\n<meta name=\"robots\" content=\"index, follow, max-snippet:-1, max-image-preview:large, max-video-preview:-1\" \/>\n<link rel=\"canonical\" href=\"https:\/\/dorogimedence.hu\/index.php\/2019\/08\/24\/hatvanadszor-egymas-ellen\/\" class=\"yoast-seo-meta-tag\" \/>\n<meta property=\"og:locale\" content=\"hu_HU\" class=\"yoast-seo-meta-tag\" \/>\n<meta property=\"og:type\" content=\"article\" class=\"yoast-seo-meta-tag\" \/>\n<meta property=\"og:title\" content=\"Hatvanadszor egym\u00e1s ellen\" class=\"yoast-seo-meta-tag\" \/>\n<meta property=\"og:description\" content=\"Csapatunk 50%-os teljes\u00edtm\u00e9ny\u00e9vel a tabella 12. hely\u00e9r\u0151l v\u00e1rja az 5. fordul\u00f3t, amelyen szint\u00e9n egy r\u00e9gi vet\u00e9lyt\u00e1rs\u00e1t, a Budafokot fogadja. Vend\u00e9gei hasonl\u00f3 mutat\u00f3val rendelkeznek az eddig eltelt n\u00e9gy m\u00e9rk\u0151z\u00e9sen, viszont jobb g\u00f3lar\u00e1nyuknak k\u00f6sz\u00f6nhet\u0151en, a pontazonoss\u00e1g ellen\u00e9re is a 7. helyet foglalj\u00e1k el &#8211; Szab\u00f3 Gyula cikke. A dorogiak a remek bajnoki rajtot k\u00f6vet\u0151en kiss\u00e9 megtorpantak \u00e9s\" class=\"yoast-seo-meta-tag\" \/>\n<meta property=\"og:url\" content=\"https:\/\/dorogimedence.hu\/index.php\/2019\/08\/24\/hatvanadszor-egymas-ellen\/\" class=\"yoast-seo-meta-tag\" \/>\n<meta property=\"og:site_name\" content=\"Dorogi-medence Region\u00e1lis H\u00edrport\u00e1l\" class=\"yoast-seo-meta-tag\" \/>\n<meta property=\"article:publisher\" content=\"https:\/\/www.facebook.com\/dorogimedence\/\" class=\"yoast-seo-meta-tag\" \/>\n<meta property=\"article:published_time\" content=\"2019-08-24T09:11:31+00:00\" class=\"yoast-seo-meta-tag\" \/>\n<meta property=\"og:image\" content=\"https:\/\/i0.wp.com\/dorogimedence.hu\/wp-content\/uploads\/2019\/08\/dorog-bmte.jpg?fit=670%2C365&ssl=1\" class=\"yoast-seo-meta-tag\" \/>\n\t<meta property=\"og:image:width\" content=\"670\" class=\"yoast-seo-meta-tag\" \/>\n\t<meta property=\"og:image:height\" content=\"365\" class=\"yoast-seo-meta-tag\" \/>\n\t<meta property=\"og:image:type\" content=\"image\/jpeg\" class=\"yoast-seo-meta-tag\" \/>\n<meta name=\"author\" content=\"dorogimedence.hu\" class=\"yoast-seo-meta-tag\" \/>\n<meta name=\"twitter:card\" content=\"summary_large_image\" class=\"yoast-seo-meta-tag\" \/>\n<meta name=\"twitter:label1\" content=\"Szerz\u0151:\" class=\"yoast-seo-meta-tag\" \/>\n\t<meta name=\"twitter:data1\" content=\"dorogimedence.hu\" class=\"yoast-seo-meta-tag\" \/>\n\t<meta name=\"twitter:label2\" content=\"Becs\u00fclt olvas\u00e1si id\u0151\" class=\"yoast-seo-meta-tag\" \/>\n\t<meta name=\"twitter:data2\" content=\"8 perc\" class=\"yoast-seo-meta-tag\" \/>\n<script type=\"application\/ld+json\" class=\"yoast-schema-graph\">{\"@context\":\"https:\\\/\\\/schema.org\",\"@graph\":[{\"@type\":\"Article\",\"@id\":\"https:\\\/\\\/dorogimedence.hu\\\/index.php\\\/2019\\\/08\\\/24\\\/hatvanadszor-egymas-ellen\\\/#article\",\"isPartOf\":{\"@id\":\"https:\\\/\\\/dorogimedence.hu\\\/index.php\\\/2019\\\/08\\\/24\\\/hatvanadszor-egymas-ellen\\\/\"},\"author\":{\"name\":\"dorogimedence.hu\",\"@id\":\"https:\\\/\\\/dorogimedence.hu\\\/#\\\/schema\\\/person\\\/ce6091eeb7e95ecdc87890d6aa8e0fd4\"},\"headline\":\"Hatvanadszor egym\u00e1s ellen\",\"datePublished\":\"2019-08-24T09:11:31+00:00\",\"mainEntityOfPage\":{\"@id\":\"https:\\\/\\\/dorogimedence.hu\\\/index.php\\\/2019\\\/08\\\/24\\\/hatvanadszor-egymas-ellen\\\/\"},\"wordCount\":1565,\"publisher\":{\"@id\":\"https:\\\/\\\/dorogimedence.hu\\\/#organization\"},\"image\":{\"@id\":\"https:\\\/\\\/dorogimedence.hu\\\/index.php\\\/2019\\\/08\\\/24\\\/hatvanadszor-egymas-ellen\\\/#primaryimage\"},\"thumbnailUrl\":\"https:\\\/\\\/dorogimedence.hu\\\/wp-content\\\/uploads\\\/2019\\\/08\\\/dorog-bmte.jpg\",\"keywords\":[\"Budafok\",\"Dorog\",\"Dorogi FC\",\"foci\",\"futball\",\"labdar\u00fag\u00e1s\",\"NB II\",\"sport\"],\"articleSection\":[\"Dorog\",\"H\u00edrek\",\"Sport\"],\"inLanguage\":\"hu\"},{\"@type\":\"WebPage\",\"@id\":\"https:\\\/\\\/dorogimedence.hu\\\/index.php\\\/2019\\\/08\\\/24\\\/hatvanadszor-egymas-ellen\\\/\",\"url\":\"https:\\\/\\\/dorogimedence.hu\\\/index.php\\\/2019\\\/08\\\/24\\\/hatvanadszor-egymas-ellen\\\/\",\"name\":\"Hatvanadszor egym\u00e1s ellen\",\"isPartOf\":{\"@id\":\"https:\\\/\\\/dorogimedence.hu\\\/#website\"},\"primaryImageOfPage\":{\"@id\":\"https:\\\/\\\/dorogimedence.hu\\\/index.php\\\/2019\\\/08\\\/24\\\/hatvanadszor-egymas-ellen\\\/#primaryimage\"},\"image\":{\"@id\":\"https:\\\/\\\/dorogimedence.hu\\\/index.php\\\/2019\\\/08\\\/24\\\/hatvanadszor-egymas-ellen\\\/#primaryimage\"},\"thumbnailUrl\":\"https:\\\/\\\/dorogimedence.hu\\\/wp-content\\\/uploads\\\/2019\\\/08\\\/dorog-bmte.jpg\",\"datePublished\":\"2019-08-24T09:11:31+00:00\",\"breadcrumb\":{\"@id\":\"https:\\\/\\\/dorogimedence.hu\\\/index.php\\\/2019\\\/08\\\/24\\\/hatvanadszor-egymas-ellen\\\/#breadcrumb\"},\"inLanguage\":\"hu\",\"potentialAction\":[{\"@type\":\"ReadAction\",\"target\":[\"https:\\\/\\\/dorogimedence.hu\\\/index.php\\\/2019\\\/08\\\/24\\\/hatvanadszor-egymas-ellen\\\/\"]}]},{\"@type\":\"ImageObject\",\"inLanguage\":\"hu\",\"@id\":\"https:\\\/\\\/dorogimedence.hu\\\/index.php\\\/2019\\\/08\\\/24\\\/hatvanadszor-egymas-ellen\\\/#primaryimage\",\"url\":\"https:\\\/\\\/dorogimedence.hu\\\/wp-content\\\/uploads\\\/2019\\\/08\\\/dorog-bmte.jpg\",\"contentUrl\":\"https:\\\/\\\/dorogimedence.hu\\\/wp-content\\\/uploads\\\/2019\\\/08\\\/dorog-bmte.jpg\",\"width\":670,\"height\":365},{\"@type\":\"BreadcrumbList\",\"@id\":\"https:\\\/\\\/dorogimedence.hu\\\/index.php\\\/2019\\\/08\\\/24\\\/hatvanadszor-egymas-ellen\\\/#breadcrumb\",\"itemListElement\":[{\"@type\":\"ListItem\",\"position\":1,\"name\":\"Kezd\u0151lap\",\"item\":\"https:\\\/\\\/dorogimedence.hu\\\/\"},{\"@type\":\"ListItem\",\"position\":2,\"name\":\"Hatvanadszor egym\u00e1s ellen\"}]},{\"@type\":\"WebSite\",\"@id\":\"https:\\\/\\\/dorogimedence.hu\\\/#website\",\"url\":\"https:\\\/\\\/dorogimedence.hu\\\/\",\"name\":\"Dorogi-medence Region\u00e1lis H\u00edrport\u00e1l\",\"description\":\"Dorog, Keszt\u00f6lc, Le\u00e1nyv\u00e1r, Piliscs\u00e9v, Tokod, Tokodalt\u00e1r\u00f3, Csolnok, Esztergom-kertv\u00e1ros: h\u00edrek, programok\",\"publisher\":{\"@id\":\"https:\\\/\\\/dorogimedence.hu\\\/#organization\"},\"potentialAction\":[{\"@type\":\"SearchAction\",\"target\":{\"@type\":\"EntryPoint\",\"urlTemplate\":\"https:\\\/\\\/dorogimedence.hu\\\/?s={search_term_string}\"},\"query-input\":{\"@type\":\"PropertyValueSpecification\",\"valueRequired\":true,\"valueName\":\"search_term_string\"}}],\"inLanguage\":\"hu\"},{\"@type\":\"Organization\",\"@id\":\"https:\\\/\\\/dorogimedence.hu\\\/#organization\",\"name\":\"Dorogi-medence Region\u00e1lis H\u00edrport\u00e1l\",\"url\":\"https:\\\/\\\/dorogimedence.hu\\\/\",\"logo\":{\"@type\":\"ImageObject\",\"inLanguage\":\"hu\",\"@id\":\"https:\\\/\\\/dorogimedence.hu\\\/#\\\/schema\\\/logo\\\/image\\\/\",\"url\":\"https:\\\/\\\/dorogimedence.hu\\\/wp-content\\\/uploads\\\/2021\\\/04\\\/logo-feher-600.png\",\"contentUrl\":\"https:\\\/\\\/dorogimedence.hu\\\/wp-content\\\/uploads\\\/2021\\\/04\\\/logo-feher-600.png\",\"width\":600,\"height\":100,\"caption\":\"Dorogi-medence Region\u00e1lis H\u00edrport\u00e1l\"},\"image\":{\"@id\":\"https:\\\/\\\/dorogimedence.hu\\\/#\\\/schema\\\/logo\\\/image\\\/\"},\"sameAs\":[\"https:\\\/\\\/www.facebook.com\\\/dorogimedence\\\/\"]},{\"@type\":\"Person\",\"@id\":\"https:\\\/\\\/dorogimedence.hu\\\/#\\\/schema\\\/person\\\/ce6091eeb7e95ecdc87890d6aa8e0fd4\",\"name\":\"dorogimedence.hu\",\"image\":{\"@type\":\"ImageObject\",\"inLanguage\":\"hu\",\"@id\":\"\\\/\\\/www.gravatar.com\\\/avatar\\\/d8d45f8901aadff40a4af72c0b826f1d?s=96&#038;r=g&#038;d=mm\",\"url\":\"\\\/\\\/www.gravatar.com\\\/avatar\\\/d8d45f8901aadff40a4af72c0b826f1d?s=96&#038;r=g&#038;d=mm\",\"contentUrl\":\"\\\/\\\/www.gravatar.com\\\/avatar\\\/d8d45f8901aadff40a4af72c0b826f1d?s=96&#038;r=g&#038;d=mm\",\"caption\":\"dorogimedence.hu\"}}]}<\/script>\n<!-- \/ Yoast SEO plugin. -->","yoast_head_json":{"title":"Hatvanadszor egym\u00e1s ellen","robots":{"index":"index","follow":"follow","max-snippet":"max-snippet:-1","max-image-preview":"max-image-preview:large","max-video-preview":"max-video-preview:-1"},"canonical":"https:\/\/dorogimedence.hu\/index.php\/2019\/08\/24\/hatvanadszor-egymas-ellen\/","og_locale":"hu_HU","og_type":"article","og_title":"Hatvanadszor egym\u00e1s ellen","og_description":"Csapatunk 50%-os teljes\u00edtm\u00e9ny\u00e9vel a tabella 12. hely\u00e9r\u0151l v\u00e1rja az 5. fordul\u00f3t, amelyen szint\u00e9n egy r\u00e9gi vet\u00e9lyt\u00e1rs\u00e1t, a Budafokot fogadja. Vend\u00e9gei hasonl\u00f3 mutat\u00f3val rendelkeznek az eddig eltelt n\u00e9gy m\u00e9rk\u0151z\u00e9sen, viszont jobb g\u00f3lar\u00e1nyuknak k\u00f6sz\u00f6nhet\u0151en, a pontazonoss\u00e1g ellen\u00e9re is a 7. helyet foglalj\u00e1k el &#8211; Szab\u00f3 Gyula cikke. A dorogiak a remek bajnoki rajtot k\u00f6vet\u0151en kiss\u00e9 megtorpantak \u00e9s","og_url":"https:\/\/dorogimedence.hu\/index.php\/2019\/08\/24\/hatvanadszor-egymas-ellen\/","og_site_name":"Dorogi-medence Region\u00e1lis H\u00edrport\u00e1l","article_publisher":"https:\/\/www.facebook.com\/dorogimedence\/","article_published_time":"2019-08-24T09:11:31+00:00","og_image":[{"width":670,"height":365,"url":"https:\/\/i0.wp.com\/dorogimedence.hu\/wp-content\/uploads\/2019\/08\/dorog-bmte.jpg?fit=670%2C365&ssl=1","type":"image\/jpeg"}],"author":"dorogimedence.hu","twitter_card":"summary_large_image","twitter_misc":{"Szerz\u0151:":"dorogimedence.hu","Becs\u00fclt olvas\u00e1si id\u0151":"8 perc"},"schema":{"@context":"https:\/\/schema.org","@graph":[{"@type":"Article","@id":"https:\/\/dorogimedence.hu\/index.php\/2019\/08\/24\/hatvanadszor-egymas-ellen\/#article","isPartOf":{"@id":"https:\/\/dorogimedence.hu\/index.php\/2019\/08\/24\/hatvanadszor-egymas-ellen\/"},"author":{"name":"dorogimedence.hu","@id":"https:\/\/dorogimedence.hu\/#\/schema\/person\/ce6091eeb7e95ecdc87890d6aa8e0fd4"},"headline":"Hatvanadszor egym\u00e1s ellen","datePublished":"2019-08-24T09:11:31+00:00","mainEntityOfPage":{"@id":"https:\/\/dorogimedence.hu\/index.php\/2019\/08\/24\/hatvanadszor-egymas-ellen\/"},"wordCount":1565,"publisher":{"@id":"https:\/\/dorogimedence.hu\/#organization"},"image":{"@id":"https:\/\/dorogimedence.hu\/index.php\/2019\/08\/24\/hatvanadszor-egymas-ellen\/#primaryimage"},"thumbnailUrl":"https:\/\/dorogimedence.hu\/wp-content\/uploads\/2019\/08\/dorog-bmte.jpg","keywords":["Budafok","Dorog","Dorogi FC","foci","futball","labdar\u00fag\u00e1s","NB II","sport"],"articleSection":["Dorog","H\u00edrek","Sport"],"inLanguage":"hu"},{"@type":"WebPage","@id":"https:\/\/dorogimedence.hu\/index.php\/2019\/08\/24\/hatvanadszor-egymas-ellen\/","url":"https:\/\/dorogimedence.hu\/index.php\/2019\/08\/24\/hatvanadszor-egymas-ellen\/","name":"Hatvanadszor egym\u00e1s ellen","isPartOf":{"@id":"https:\/\/dorogimedence.hu\/#website"},"primaryImageOfPage":{"@id":"https:\/\/dorogimedence.hu\/index.php\/2019\/08\/24\/hatvanadszor-egymas-ellen\/#primaryimage"},"image":{"@id":"https:\/\/dorogimedence.hu\/index.php\/2019\/08\/24\/hatvanadszor-egymas-ellen\/#primaryimage"},"thumbnailUrl":"https:\/\/dorogimedence.hu\/wp-content\/uploads\/2019\/08\/dorog-bmte.jpg","datePublished":"2019-08-24T09:11:31+00:00","breadcrumb":{"@id":"https:\/\/dorogimedence.hu\/index.php\/2019\/08\/24\/hatvanadszor-egymas-ellen\/#breadcrumb"},"inLanguage":"hu","potentialAction":[{"@type":"ReadAction","target":["https:\/\/dorogimedence.hu\/index.php\/2019\/08\/24\/hatvanadszor-egymas-ellen\/"]}]},{"@type":"ImageObject","inLanguage":"hu","@id":"https:\/\/dorogimedence.hu\/index.php\/2019\/08\/24\/hatvanadszor-egymas-ellen\/#primaryimage","url":"https:\/\/dorogimedence.hu\/wp-content\/uploads\/2019\/08\/dorog-bmte.jpg","contentUrl":"https:\/\/dorogimedence.hu\/wp-content\/uploads\/2019\/08\/dorog-bmte.jpg","width":670,"height":365},{"@type":"BreadcrumbList","@id":"https:\/\/dorogimedence.hu\/index.php\/2019\/08\/24\/hatvanadszor-egymas-ellen\/#breadcrumb","itemListElement":[{"@type":"ListItem","position":1,"name":"Kezd\u0151lap","item":"https:\/\/dorogimedence.hu\/"},{"@type":"ListItem","position":2,"name":"Hatvanadszor egym\u00e1s ellen"}]},{"@type":"WebSite","@id":"https:\/\/dorogimedence.hu\/#website","url":"https:\/\/dorogimedence.hu\/","name":"Dorogi-medence Region\u00e1lis H\u00edrport\u00e1l","description":"Dorog, Keszt\u00f6lc, Le\u00e1nyv\u00e1r, Piliscs\u00e9v, Tokod, Tokodalt\u00e1r\u00f3, Csolnok, Esztergom-kertv\u00e1ros: h\u00edrek, programok","publisher":{"@id":"https:\/\/dorogimedence.hu\/#organization"},"potentialAction":[{"@type":"SearchAction","target":{"@type":"EntryPoint","urlTemplate":"https:\/\/dorogimedence.hu\/?s={search_term_string}"},"query-input":{"@type":"PropertyValueSpecification","valueRequired":true,"valueName":"search_term_string"}}],"inLanguage":"hu"},{"@type":"Organization","@id":"https:\/\/dorogimedence.hu\/#organization","name":"Dorogi-medence Region\u00e1lis H\u00edrport\u00e1l","url":"https:\/\/dorogimedence.hu\/","logo":{"@type":"ImageObject","inLanguage":"hu","@id":"https:\/\/dorogimedence.hu\/#\/schema\/logo\/image\/","url":"https:\/\/dorogimedence.hu\/wp-content\/uploads\/2021\/04\/logo-feher-600.png","contentUrl":"https:\/\/dorogimedence.hu\/wp-content\/uploads\/2021\/04\/logo-feher-600.png","width":600,"height":100,"caption":"Dorogi-medence Region\u00e1lis H\u00edrport\u00e1l"},"image":{"@id":"https:\/\/dorogimedence.hu\/#\/schema\/logo\/image\/"},"sameAs":["https:\/\/www.facebook.com\/dorogimedence\/"]},{"@type":"Person","@id":"https:\/\/dorogimedence.hu\/#\/schema\/person\/ce6091eeb7e95ecdc87890d6aa8e0fd4","name":"dorogimedence.hu","image":{"@type":"ImageObject","inLanguage":"hu","@id":"\/\/www.gravatar.com\/avatar\/d8d45f8901aadff40a4af72c0b826f1d?s=96&#038;r=g&#038;d=mm","url":"\/\/www.gravatar.com\/avatar\/d8d45f8901aadff40a4af72c0b826f1d?s=96&#038;r=g&#038;d=mm","contentUrl":"\/\/www.gravatar.com\/avatar\/d8d45f8901aadff40a4af72c0b826f1d?s=96&#038;r=g&#038;d=mm","caption":"dorogimedence.hu"}}]}},"_links":{"self":[{"href":"https:\/\/dorogimedence.hu\/index.php\/wp-json\/wp\/v2\/posts\/18914","targetHints":{"allow":["GET"]}}],"collection":[{"href":"https:\/\/dorogimedence.hu\/index.php\/wp-json\/wp\/v2\/posts"}],"about":[{"href":"https:\/\/dorogimedence.hu\/index.php\/wp-json\/wp\/v2\/types\/post"}],"author":[{"embeddable":true,"href":"https:\/\/dorogimedence.hu\/index.php\/wp-json\/wp\/v2\/users\/1"}],"replies":[{"embeddable":true,"href":"https:\/\/dorogimedence.hu\/index.php\/wp-json\/wp\/v2\/comments?post=18914"}],"version-history":[{"count":0,"href":"https:\/\/dorogimedence.hu\/index.php\/wp-json\/wp\/v2\/posts\/18914\/revisions"}],"wp:featuredmedia":[{"embeddable":true,"href":"https:\/\/dorogimedence.hu\/index.php\/wp-json\/wp\/v2\/media\/18916"}],"wp:attachment":[{"href":"https:\/\/dorogimedence.hu\/index.php\/wp-json\/wp\/v2\/media?parent=18914"}],"wp:term":[{"taxonomy":"category","embeddable":true,"href":"https:\/\/dorogimedence.hu\/index.php\/wp-json\/wp\/v2\/categories?post=18914"},{"taxonomy":"post_tag","embeddable":true,"href":"https:\/\/dorogimedence.hu\/index.php\/wp-json\/wp\/v2\/tags?post=18914"}],"curies":[{"name":"wp","href":"https:\/\/api.w.org\/{rel}","templated":true}]}}