{"id":18826,"date":"2019-08-18T12:19:04","date_gmt":"2019-08-18T10:19:04","guid":{"rendered":"http:\/\/dorogimedence.hu\/?p=18826"},"modified":"2019-08-18T12:19:04","modified_gmt":"2019-08-18T10:19:04","slug":"szent-istvan-napi-unnepseget-tartottak-tokodon","status":"publish","type":"post","link":"https:\/\/dorogimedence.hu\/index.php\/2019\/08\/18\/szent-istvan-napi-unnepseget-tartottak-tokodon\/","title":{"rendered":"Szent Istv\u00e1n napi \u00fcnneps\u00e9get tartottak Tokodon"},"content":{"rendered":"<p><strong>A Tokodi Alkot\u00f3h\u00e1zban tartott\u00e1k meg az idei Szent Istv\u00e1n napi \u00fcnneps\u00e9get, melynek keret\u00e9n bel\u00fcl \u00e1tadt\u00e1k a Tokod\u00e9rt kit\u00fcntet\u00e9st is. A rendezv\u00e9nyen felszentelt\u00e9k, majd megszent\u00e9k az \u00faj kenyeret, majd az \u00c1ld\u00e1s Egy\u00fcttes eleven\u00edtette fel az Istv\u00e1n, a kir\u00e1ly c\u00edm\u0171 rockoper\u00e1t<\/strong> &#8211; \u00edrja a <a href=\"http:\/\/hidlap.hu\/2019\/08\/17\/szent-istvan-napi-unnepseget-tartottak-tokodon\/\" target=\"_blank\" rel=\"noopener noreferrer\"><span style=\"text-decoration: underline; color: #0000ff;\">h\u00eddlap.hu<\/span><\/a><\/p>\n<p>Az \u00fcnneps\u00e9gen T\u00f3th Tivadar polg\u00e1rmester k\u00f6sz\u00f6nt\u00f6tte a jelenl\u00e9v\u0151ket, majd Robotka D\u00e9nes k\u00e9pvisel\u0151 j\u00e1rult a mikrofon m\u00f6g\u00e9, aki besz\u00e9d\u00e9ben felid\u00e9zte Szent Istv\u00e1n \u00e9let\u00e9t, a hal\u00e1lat ut\u00e1ni \u00e9vtizedeket \u00e9s megosztotta az \u00fcnneppel kapcsolatos gondolatait. A besz\u00e9d ut\u00e1n \u00e1tadt\u00e1k a Tokod\u00e9rt kit\u00fcntet\u00e9st, mellyel annak a szem\u00e9lynek vagy k\u00f6z\u00f6ss\u00e9gnek a munk\u00e1j\u00e1t ismerik el, amelyek kimagasl\u00f3 teljes\u00edtm\u00e9nyt ny\u00fajtottak \u00e9s messze f\u00f6ldre elvitt\u00e9k Tokod h\u00edrnev\u00e9t.<\/p>\n<p>Az elismer\u00e9st id\u00e9n Veres K\u00e1rolyn\u00e9 \u00e9s Veres K\u00e1roly, a Tokodi Csillagf\u00e9ny Mazsorett Csoport alap\u00edt\u00f3i vehett\u00e9k \u00e1t: vezet\u00e9s\u00fckkel sz\u00e1mtalan sikert \u00e9rt el a csapat \u00e9s jelent\u0151sen hozz\u00e1j\u00e1rultak ahhoz is, hogy orsz\u00e1gszerte \u00e9s k\u00fclf\u00f6ld\u00f6n is ismertt\u00e9 v\u00e1ljon a telep\u00fcl\u00e9s.<\/p>\n<p><img fetchpriority=\"high\" decoding=\"async\" class=\"alignnone size-full wp-image-18828\" src=\"https:\/\/dorogimedence.hu\/wp-content\/uploads\/2019\/08\/tokod-aug20-02.jpg\" alt=\"\" width=\"670\" height=\"365\" srcset=\"https:\/\/dorogimedence.hu\/wp-content\/uploads\/2019\/08\/tokod-aug20-02.jpg 670w, https:\/\/dorogimedence.hu\/wp-content\/uploads\/2019\/08\/tokod-aug20-02-300x163.jpg 300w\" sizes=\"(max-width: 670px) 100vw, 670px\" \/><\/p>\n<p>A mazsorettek a m\u00e9ltat\u00e1s ut\u00e1n \u00fcnnepi m\u0171sort adtak el\u0151, melyben fontos szerepet j\u00e1tszott a nemzeti sz\u00edn\u0171 trikol\u00f3r is. Az \u00fcnneps\u00e9gen tov\u00e1bb Tiszta udvar, rendes h\u00e1z c\u00edmet adom\u00e1nyoztak Havrancsik G\u00e1born\u00e9, Juh\u00e1sz Ferencn\u00e9, valamint Vir\u00e1gos Kis Lajos r\u00e9sz\u00e9re, majd Kardos Mih\u00e1ly atya megszentelte az \u00fcnnepi kenyeret.<\/p>\n<p>A nemzeti sz\u00edn\u0171 szalaggal \u00e1tk\u00f6t\u00f6tt cip\u00f3kat T\u00f3th Tivadar polg\u00e1rmester, valamint Horv\u00e1th Mih\u00e1ly alpolg\u00e1rmester szegte meg \u00e9s k\u00edn\u00e1lta fel a lakosoknak.<\/p>\n<p>Z\u00e1r\u00e1sk\u00e9nt az \u00c1ld\u00e1s Egy\u00fcttes koncertje k\u00f6vetkezett, melynek tagjai a hagyom\u00e1ny\u0151rz\u00e9s jegy\u00e9ben \u00e9rzelemben gazdag, l\u00e9lekemel\u0151 magyar zen\u00e9t adtak el\u0151.<\/p>\n<p><em>Forr\u00e1s: hidlap.hu<\/em><\/p>\n","protected":false},"excerpt":{"rendered":"<p>A Tokodi Alkot\u00f3h\u00e1zban tartott\u00e1k meg az idei Szent Istv\u00e1n napi \u00fcnneps\u00e9get, melynek keret\u00e9n bel\u00fcl \u00e1tadt\u00e1k a Tokod\u00e9rt kit\u00fcntet\u00e9st is. A rendezv\u00e9nyen felszentelt\u00e9k, majd megszent\u00e9k az \u00faj kenyeret, majd az \u00c1ld\u00e1s Egy\u00fcttes eleven\u00edtette fel az Istv\u00e1n, a kir\u00e1ly c\u00edm\u0171 rockoper\u00e1t &#8211; \u00edrja a h\u00eddlap.hu Az \u00fcnneps\u00e9gen T\u00f3th Tivadar polg\u00e1rmester k\u00f6sz\u00f6nt\u00f6tte a jelenl\u00e9v\u0151ket, majd Robotka D\u00e9nes k\u00e9pvisel\u0151<\/p>\n","protected":false},"author":1,"featured_media":18827,"comment_status":"closed","ping_status":"closed","sticky":false,"template":"","format":"standard","meta":{"ngg_post_thumbnail":0,"footnotes":""},"categories":[3,6],"tags":[2921,1260,518,12,1045],"class_list":{"0":"post-18826","1":"post","2":"type-post","3":"status-publish","4":"format-standard","5":"has-post-thumbnail","7":"category-hirek","8":"category-tokod","9":"tag-allamalapitas-unnepe","10":"tag-augusztus-20","11":"tag-nemzeti-unnep","12":"tag-tokod","13":"tag-unnepseg"},"yoast_head":"<!-- This site is optimized with the Yoast SEO plugin v27.4 - https:\/\/yoast.com\/product\/yoast-seo-wordpress\/ -->\n<title>Szent Istv\u00e1n napi \u00fcnneps\u00e9get tartottak Tokodon<\/title>\n<meta name=\"robots\" content=\"index, follow, max-snippet:-1, max-image-preview:large, max-video-preview:-1\" \/>\n<link rel=\"canonical\" href=\"https:\/\/dorogimedence.hu\/index.php\/2019\/08\/18\/szent-istvan-napi-unnepseget-tartottak-tokodon\/\" class=\"yoast-seo-meta-tag\" \/>\n<meta property=\"og:locale\" content=\"hu_HU\" class=\"yoast-seo-meta-tag\" \/>\n<meta property=\"og:type\" content=\"article\" class=\"yoast-seo-meta-tag\" \/>\n<meta property=\"og:title\" content=\"Szent Istv\u00e1n napi \u00fcnneps\u00e9get tartottak Tokodon\" class=\"yoast-seo-meta-tag\" \/>\n<meta property=\"og:description\" content=\"A Tokodi Alkot\u00f3h\u00e1zban tartott\u00e1k meg az idei Szent Istv\u00e1n napi \u00fcnneps\u00e9get, melynek keret\u00e9n bel\u00fcl \u00e1tadt\u00e1k a Tokod\u00e9rt kit\u00fcntet\u00e9st is. A rendezv\u00e9nyen felszentelt\u00e9k, majd megszent\u00e9k az \u00faj kenyeret, majd az \u00c1ld\u00e1s Egy\u00fcttes eleven\u00edtette fel az Istv\u00e1n, a kir\u00e1ly c\u00edm\u0171 rockoper\u00e1t &#8211; \u00edrja a h\u00eddlap.hu Az \u00fcnneps\u00e9gen T\u00f3th Tivadar polg\u00e1rmester k\u00f6sz\u00f6nt\u00f6tte a jelenl\u00e9v\u0151ket, majd Robotka D\u00e9nes k\u00e9pvisel\u0151\" class=\"yoast-seo-meta-tag\" \/>\n<meta property=\"og:url\" content=\"https:\/\/dorogimedence.hu\/index.php\/2019\/08\/18\/szent-istvan-napi-unnepseget-tartottak-tokodon\/\" class=\"yoast-seo-meta-tag\" \/>\n<meta property=\"og:site_name\" content=\"Dorogi-medence Region\u00e1lis H\u00edrport\u00e1l\" class=\"yoast-seo-meta-tag\" \/>\n<meta property=\"article:publisher\" content=\"https:\/\/www.facebook.com\/dorogimedence\/\" class=\"yoast-seo-meta-tag\" \/>\n<meta property=\"article:published_time\" content=\"2019-08-18T10:19:04+00:00\" class=\"yoast-seo-meta-tag\" \/>\n<meta property=\"og:image\" content=\"https:\/\/i0.wp.com\/dorogimedence.hu\/wp-content\/uploads\/2019\/08\/tokod-aug20-01.jpg?fit=670%2C365&ssl=1\" class=\"yoast-seo-meta-tag\" \/>\n\t<meta property=\"og:image:width\" content=\"670\" class=\"yoast-seo-meta-tag\" \/>\n\t<meta property=\"og:image:height\" content=\"365\" class=\"yoast-seo-meta-tag\" \/>\n\t<meta property=\"og:image:type\" content=\"image\/jpeg\" class=\"yoast-seo-meta-tag\" \/>\n<meta name=\"author\" content=\"dorogimedence.hu\" class=\"yoast-seo-meta-tag\" \/>\n<meta name=\"twitter:card\" content=\"summary_large_image\" class=\"yoast-seo-meta-tag\" \/>\n<meta name=\"twitter:label1\" content=\"Szerz\u0151:\" class=\"yoast-seo-meta-tag\" \/>\n\t<meta name=\"twitter:data1\" content=\"dorogimedence.hu\" class=\"yoast-seo-meta-tag\" \/>\n\t<meta name=\"twitter:label2\" content=\"Becs\u00fclt olvas\u00e1si id\u0151\" class=\"yoast-seo-meta-tag\" \/>\n\t<meta name=\"twitter:data2\" content=\"2 perc\" class=\"yoast-seo-meta-tag\" \/>\n<script type=\"application\/ld+json\" class=\"yoast-schema-graph\">{\"@context\":\"https:\\\/\\\/schema.org\",\"@graph\":[{\"@type\":\"Article\",\"@id\":\"https:\\\/\\\/dorogimedence.hu\\\/index.php\\\/2019\\\/08\\\/18\\\/szent-istvan-napi-unnepseget-tartottak-tokodon\\\/#article\",\"isPartOf\":{\"@id\":\"https:\\\/\\\/dorogimedence.hu\\\/index.php\\\/2019\\\/08\\\/18\\\/szent-istvan-napi-unnepseget-tartottak-tokodon\\\/\"},\"author\":{\"name\":\"dorogimedence.hu\",\"@id\":\"https:\\\/\\\/dorogimedence.hu\\\/#\\\/schema\\\/person\\\/ce6091eeb7e95ecdc87890d6aa8e0fd4\"},\"headline\":\"Szent Istv\u00e1n napi \u00fcnneps\u00e9get tartottak Tokodon\",\"datePublished\":\"2019-08-18T10:19:04+00:00\",\"mainEntityOfPage\":{\"@id\":\"https:\\\/\\\/dorogimedence.hu\\\/index.php\\\/2019\\\/08\\\/18\\\/szent-istvan-napi-unnepseget-tartottak-tokodon\\\/\"},\"wordCount\":356,\"publisher\":{\"@id\":\"https:\\\/\\\/dorogimedence.hu\\\/#organization\"},\"image\":{\"@id\":\"https:\\\/\\\/dorogimedence.hu\\\/index.php\\\/2019\\\/08\\\/18\\\/szent-istvan-napi-unnepseget-tartottak-tokodon\\\/#primaryimage\"},\"thumbnailUrl\":\"https:\\\/\\\/dorogimedence.hu\\\/wp-content\\\/uploads\\\/2019\\\/08\\\/tokod-aug20-01.jpg\",\"keywords\":[\"\u00e1llamalap\u00edt\u00e1s \u00fcnnepe\",\"augusztus 20.\",\"nemzeti \u00fcnnep\",\"Tokod\",\"\u00fcnneps\u00e9g\"],\"articleSection\":[\"H\u00edrek\",\"Tokod\"],\"inLanguage\":\"hu\"},{\"@type\":\"WebPage\",\"@id\":\"https:\\\/\\\/dorogimedence.hu\\\/index.php\\\/2019\\\/08\\\/18\\\/szent-istvan-napi-unnepseget-tartottak-tokodon\\\/\",\"url\":\"https:\\\/\\\/dorogimedence.hu\\\/index.php\\\/2019\\\/08\\\/18\\\/szent-istvan-napi-unnepseget-tartottak-tokodon\\\/\",\"name\":\"Szent Istv\u00e1n napi \u00fcnneps\u00e9get tartottak Tokodon\",\"isPartOf\":{\"@id\":\"https:\\\/\\\/dorogimedence.hu\\\/#website\"},\"primaryImageOfPage\":{\"@id\":\"https:\\\/\\\/dorogimedence.hu\\\/index.php\\\/2019\\\/08\\\/18\\\/szent-istvan-napi-unnepseget-tartottak-tokodon\\\/#primaryimage\"},\"image\":{\"@id\":\"https:\\\/\\\/dorogimedence.hu\\\/index.php\\\/2019\\\/08\\\/18\\\/szent-istvan-napi-unnepseget-tartottak-tokodon\\\/#primaryimage\"},\"thumbnailUrl\":\"https:\\\/\\\/dorogimedence.hu\\\/wp-content\\\/uploads\\\/2019\\\/08\\\/tokod-aug20-01.jpg\",\"datePublished\":\"2019-08-18T10:19:04+00:00\",\"breadcrumb\":{\"@id\":\"https:\\\/\\\/dorogimedence.hu\\\/index.php\\\/2019\\\/08\\\/18\\\/szent-istvan-napi-unnepseget-tartottak-tokodon\\\/#breadcrumb\"},\"inLanguage\":\"hu\",\"potentialAction\":[{\"@type\":\"ReadAction\",\"target\":[\"https:\\\/\\\/dorogimedence.hu\\\/index.php\\\/2019\\\/08\\\/18\\\/szent-istvan-napi-unnepseget-tartottak-tokodon\\\/\"]}]},{\"@type\":\"ImageObject\",\"inLanguage\":\"hu\",\"@id\":\"https:\\\/\\\/dorogimedence.hu\\\/index.php\\\/2019\\\/08\\\/18\\\/szent-istvan-napi-unnepseget-tartottak-tokodon\\\/#primaryimage\",\"url\":\"https:\\\/\\\/dorogimedence.hu\\\/wp-content\\\/uploads\\\/2019\\\/08\\\/tokod-aug20-01.jpg\",\"contentUrl\":\"https:\\\/\\\/dorogimedence.hu\\\/wp-content\\\/uploads\\\/2019\\\/08\\\/tokod-aug20-01.jpg\",\"width\":670,\"height\":365},{\"@type\":\"BreadcrumbList\",\"@id\":\"https:\\\/\\\/dorogimedence.hu\\\/index.php\\\/2019\\\/08\\\/18\\\/szent-istvan-napi-unnepseget-tartottak-tokodon\\\/#breadcrumb\",\"itemListElement\":[{\"@type\":\"ListItem\",\"position\":1,\"name\":\"Kezd\u0151lap\",\"item\":\"https:\\\/\\\/dorogimedence.hu\\\/\"},{\"@type\":\"ListItem\",\"position\":2,\"name\":\"Szent Istv\u00e1n napi \u00fcnneps\u00e9get tartottak Tokodon\"}]},{\"@type\":\"WebSite\",\"@id\":\"https:\\\/\\\/dorogimedence.hu\\\/#website\",\"url\":\"https:\\\/\\\/dorogimedence.hu\\\/\",\"name\":\"Dorogi-medence Region\u00e1lis H\u00edrport\u00e1l\",\"description\":\"Dorog, Keszt\u00f6lc, Le\u00e1nyv\u00e1r, Piliscs\u00e9v, Tokod, Tokodalt\u00e1r\u00f3, Csolnok, Esztergom-kertv\u00e1ros: h\u00edrek, programok\",\"publisher\":{\"@id\":\"https:\\\/\\\/dorogimedence.hu\\\/#organization\"},\"potentialAction\":[{\"@type\":\"SearchAction\",\"target\":{\"@type\":\"EntryPoint\",\"urlTemplate\":\"https:\\\/\\\/dorogimedence.hu\\\/?s={search_term_string}\"},\"query-input\":{\"@type\":\"PropertyValueSpecification\",\"valueRequired\":true,\"valueName\":\"search_term_string\"}}],\"inLanguage\":\"hu\"},{\"@type\":\"Organization\",\"@id\":\"https:\\\/\\\/dorogimedence.hu\\\/#organization\",\"name\":\"Dorogi-medence Region\u00e1lis H\u00edrport\u00e1l\",\"url\":\"https:\\\/\\\/dorogimedence.hu\\\/\",\"logo\":{\"@type\":\"ImageObject\",\"inLanguage\":\"hu\",\"@id\":\"https:\\\/\\\/dorogimedence.hu\\\/#\\\/schema\\\/logo\\\/image\\\/\",\"url\":\"https:\\\/\\\/dorogimedence.hu\\\/wp-content\\\/uploads\\\/2021\\\/04\\\/logo-feher-600.png\",\"contentUrl\":\"https:\\\/\\\/dorogimedence.hu\\\/wp-content\\\/uploads\\\/2021\\\/04\\\/logo-feher-600.png\",\"width\":600,\"height\":100,\"caption\":\"Dorogi-medence Region\u00e1lis H\u00edrport\u00e1l\"},\"image\":{\"@id\":\"https:\\\/\\\/dorogimedence.hu\\\/#\\\/schema\\\/logo\\\/image\\\/\"},\"sameAs\":[\"https:\\\/\\\/www.facebook.com\\\/dorogimedence\\\/\"]},{\"@type\":\"Person\",\"@id\":\"https:\\\/\\\/dorogimedence.hu\\\/#\\\/schema\\\/person\\\/ce6091eeb7e95ecdc87890d6aa8e0fd4\",\"name\":\"dorogimedence.hu\",\"image\":{\"@type\":\"ImageObject\",\"inLanguage\":\"hu\",\"@id\":\"\\\/\\\/www.gravatar.com\\\/avatar\\\/d8d45f8901aadff40a4af72c0b826f1d?s=96&#038;r=g&#038;d=mm\",\"url\":\"\\\/\\\/www.gravatar.com\\\/avatar\\\/d8d45f8901aadff40a4af72c0b826f1d?s=96&#038;r=g&#038;d=mm\",\"contentUrl\":\"\\\/\\\/www.gravatar.com\\\/avatar\\\/d8d45f8901aadff40a4af72c0b826f1d?s=96&#038;r=g&#038;d=mm\",\"caption\":\"dorogimedence.hu\"}}]}<\/script>\n<!-- \/ Yoast SEO plugin. -->","yoast_head_json":{"title":"Szent Istv\u00e1n napi \u00fcnneps\u00e9get tartottak Tokodon","robots":{"index":"index","follow":"follow","max-snippet":"max-snippet:-1","max-image-preview":"max-image-preview:large","max-video-preview":"max-video-preview:-1"},"canonical":"https:\/\/dorogimedence.hu\/index.php\/2019\/08\/18\/szent-istvan-napi-unnepseget-tartottak-tokodon\/","og_locale":"hu_HU","og_type":"article","og_title":"Szent Istv\u00e1n napi \u00fcnneps\u00e9get tartottak Tokodon","og_description":"A Tokodi Alkot\u00f3h\u00e1zban tartott\u00e1k meg az idei Szent Istv\u00e1n napi \u00fcnneps\u00e9get, melynek keret\u00e9n bel\u00fcl \u00e1tadt\u00e1k a Tokod\u00e9rt kit\u00fcntet\u00e9st is. A rendezv\u00e9nyen felszentelt\u00e9k, majd megszent\u00e9k az \u00faj kenyeret, majd az \u00c1ld\u00e1s Egy\u00fcttes eleven\u00edtette fel az Istv\u00e1n, a kir\u00e1ly c\u00edm\u0171 rockoper\u00e1t &#8211; \u00edrja a h\u00eddlap.hu Az \u00fcnneps\u00e9gen T\u00f3th Tivadar polg\u00e1rmester k\u00f6sz\u00f6nt\u00f6tte a jelenl\u00e9v\u0151ket, majd Robotka D\u00e9nes k\u00e9pvisel\u0151","og_url":"https:\/\/dorogimedence.hu\/index.php\/2019\/08\/18\/szent-istvan-napi-unnepseget-tartottak-tokodon\/","og_site_name":"Dorogi-medence Region\u00e1lis H\u00edrport\u00e1l","article_publisher":"https:\/\/www.facebook.com\/dorogimedence\/","article_published_time":"2019-08-18T10:19:04+00:00","og_image":[{"width":670,"height":365,"url":"https:\/\/i0.wp.com\/dorogimedence.hu\/wp-content\/uploads\/2019\/08\/tokod-aug20-01.jpg?fit=670%2C365&ssl=1","type":"image\/jpeg"}],"author":"dorogimedence.hu","twitter_card":"summary_large_image","twitter_misc":{"Szerz\u0151:":"dorogimedence.hu","Becs\u00fclt olvas\u00e1si id\u0151":"2 perc"},"schema":{"@context":"https:\/\/schema.org","@graph":[{"@type":"Article","@id":"https:\/\/dorogimedence.hu\/index.php\/2019\/08\/18\/szent-istvan-napi-unnepseget-tartottak-tokodon\/#article","isPartOf":{"@id":"https:\/\/dorogimedence.hu\/index.php\/2019\/08\/18\/szent-istvan-napi-unnepseget-tartottak-tokodon\/"},"author":{"name":"dorogimedence.hu","@id":"https:\/\/dorogimedence.hu\/#\/schema\/person\/ce6091eeb7e95ecdc87890d6aa8e0fd4"},"headline":"Szent Istv\u00e1n napi \u00fcnneps\u00e9get tartottak Tokodon","datePublished":"2019-08-18T10:19:04+00:00","mainEntityOfPage":{"@id":"https:\/\/dorogimedence.hu\/index.php\/2019\/08\/18\/szent-istvan-napi-unnepseget-tartottak-tokodon\/"},"wordCount":356,"publisher":{"@id":"https:\/\/dorogimedence.hu\/#organization"},"image":{"@id":"https:\/\/dorogimedence.hu\/index.php\/2019\/08\/18\/szent-istvan-napi-unnepseget-tartottak-tokodon\/#primaryimage"},"thumbnailUrl":"https:\/\/dorogimedence.hu\/wp-content\/uploads\/2019\/08\/tokod-aug20-01.jpg","keywords":["\u00e1llamalap\u00edt\u00e1s \u00fcnnepe","augusztus 20.","nemzeti \u00fcnnep","Tokod","\u00fcnneps\u00e9g"],"articleSection":["H\u00edrek","Tokod"],"inLanguage":"hu"},{"@type":"WebPage","@id":"https:\/\/dorogimedence.hu\/index.php\/2019\/08\/18\/szent-istvan-napi-unnepseget-tartottak-tokodon\/","url":"https:\/\/dorogimedence.hu\/index.php\/2019\/08\/18\/szent-istvan-napi-unnepseget-tartottak-tokodon\/","name":"Szent Istv\u00e1n napi \u00fcnneps\u00e9get tartottak Tokodon","isPartOf":{"@id":"https:\/\/dorogimedence.hu\/#website"},"primaryImageOfPage":{"@id":"https:\/\/dorogimedence.hu\/index.php\/2019\/08\/18\/szent-istvan-napi-unnepseget-tartottak-tokodon\/#primaryimage"},"image":{"@id":"https:\/\/dorogimedence.hu\/index.php\/2019\/08\/18\/szent-istvan-napi-unnepseget-tartottak-tokodon\/#primaryimage"},"thumbnailUrl":"https:\/\/dorogimedence.hu\/wp-content\/uploads\/2019\/08\/tokod-aug20-01.jpg","datePublished":"2019-08-18T10:19:04+00:00","breadcrumb":{"@id":"https:\/\/dorogimedence.hu\/index.php\/2019\/08\/18\/szent-istvan-napi-unnepseget-tartottak-tokodon\/#breadcrumb"},"inLanguage":"hu","potentialAction":[{"@type":"ReadAction","target":["https:\/\/dorogimedence.hu\/index.php\/2019\/08\/18\/szent-istvan-napi-unnepseget-tartottak-tokodon\/"]}]},{"@type":"ImageObject","inLanguage":"hu","@id":"https:\/\/dorogimedence.hu\/index.php\/2019\/08\/18\/szent-istvan-napi-unnepseget-tartottak-tokodon\/#primaryimage","url":"https:\/\/dorogimedence.hu\/wp-content\/uploads\/2019\/08\/tokod-aug20-01.jpg","contentUrl":"https:\/\/dorogimedence.hu\/wp-content\/uploads\/2019\/08\/tokod-aug20-01.jpg","width":670,"height":365},{"@type":"BreadcrumbList","@id":"https:\/\/dorogimedence.hu\/index.php\/2019\/08\/18\/szent-istvan-napi-unnepseget-tartottak-tokodon\/#breadcrumb","itemListElement":[{"@type":"ListItem","position":1,"name":"Kezd\u0151lap","item":"https:\/\/dorogimedence.hu\/"},{"@type":"ListItem","position":2,"name":"Szent Istv\u00e1n napi \u00fcnneps\u00e9get tartottak Tokodon"}]},{"@type":"WebSite","@id":"https:\/\/dorogimedence.hu\/#website","url":"https:\/\/dorogimedence.hu\/","name":"Dorogi-medence Region\u00e1lis H\u00edrport\u00e1l","description":"Dorog, Keszt\u00f6lc, Le\u00e1nyv\u00e1r, Piliscs\u00e9v, Tokod, Tokodalt\u00e1r\u00f3, Csolnok, Esztergom-kertv\u00e1ros: h\u00edrek, programok","publisher":{"@id":"https:\/\/dorogimedence.hu\/#organization"},"potentialAction":[{"@type":"SearchAction","target":{"@type":"EntryPoint","urlTemplate":"https:\/\/dorogimedence.hu\/?s={search_term_string}"},"query-input":{"@type":"PropertyValueSpecification","valueRequired":true,"valueName":"search_term_string"}}],"inLanguage":"hu"},{"@type":"Organization","@id":"https:\/\/dorogimedence.hu\/#organization","name":"Dorogi-medence Region\u00e1lis H\u00edrport\u00e1l","url":"https:\/\/dorogimedence.hu\/","logo":{"@type":"ImageObject","inLanguage":"hu","@id":"https:\/\/dorogimedence.hu\/#\/schema\/logo\/image\/","url":"https:\/\/dorogimedence.hu\/wp-content\/uploads\/2021\/04\/logo-feher-600.png","contentUrl":"https:\/\/dorogimedence.hu\/wp-content\/uploads\/2021\/04\/logo-feher-600.png","width":600,"height":100,"caption":"Dorogi-medence Region\u00e1lis H\u00edrport\u00e1l"},"image":{"@id":"https:\/\/dorogimedence.hu\/#\/schema\/logo\/image\/"},"sameAs":["https:\/\/www.facebook.com\/dorogimedence\/"]},{"@type":"Person","@id":"https:\/\/dorogimedence.hu\/#\/schema\/person\/ce6091eeb7e95ecdc87890d6aa8e0fd4","name":"dorogimedence.hu","image":{"@type":"ImageObject","inLanguage":"hu","@id":"\/\/www.gravatar.com\/avatar\/d8d45f8901aadff40a4af72c0b826f1d?s=96&#038;r=g&#038;d=mm","url":"\/\/www.gravatar.com\/avatar\/d8d45f8901aadff40a4af72c0b826f1d?s=96&#038;r=g&#038;d=mm","contentUrl":"\/\/www.gravatar.com\/avatar\/d8d45f8901aadff40a4af72c0b826f1d?s=96&#038;r=g&#038;d=mm","caption":"dorogimedence.hu"}}]}},"_links":{"self":[{"href":"https:\/\/dorogimedence.hu\/index.php\/wp-json\/wp\/v2\/posts\/18826","targetHints":{"allow":["GET"]}}],"collection":[{"href":"https:\/\/dorogimedence.hu\/index.php\/wp-json\/wp\/v2\/posts"}],"about":[{"href":"https:\/\/dorogimedence.hu\/index.php\/wp-json\/wp\/v2\/types\/post"}],"author":[{"embeddable":true,"href":"https:\/\/dorogimedence.hu\/index.php\/wp-json\/wp\/v2\/users\/1"}],"replies":[{"embeddable":true,"href":"https:\/\/dorogimedence.hu\/index.php\/wp-json\/wp\/v2\/comments?post=18826"}],"version-history":[{"count":0,"href":"https:\/\/dorogimedence.hu\/index.php\/wp-json\/wp\/v2\/posts\/18826\/revisions"}],"wp:featuredmedia":[{"embeddable":true,"href":"https:\/\/dorogimedence.hu\/index.php\/wp-json\/wp\/v2\/media\/18827"}],"wp:attachment":[{"href":"https:\/\/dorogimedence.hu\/index.php\/wp-json\/wp\/v2\/media?parent=18826"}],"wp:term":[{"taxonomy":"category","embeddable":true,"href":"https:\/\/dorogimedence.hu\/index.php\/wp-json\/wp\/v2\/categories?post=18826"},{"taxonomy":"post_tag","embeddable":true,"href":"https:\/\/dorogimedence.hu\/index.php\/wp-json\/wp\/v2\/tags?post=18826"}],"curies":[{"name":"wp","href":"https:\/\/api.w.org\/{rel}","templated":true}]}}