{"id":18749,"date":"2019-08-14T17:35:43","date_gmt":"2019-08-14T15:35:43","guid":{"rendered":"http:\/\/dorogimedence.hu\/?p=18749"},"modified":"2019-08-14T17:35:43","modified_gmt":"2019-08-14T15:35:43","slug":"szovjet-szennyezodesektol-tisztitjak-meg-az-esztergomi-strazsa-hegyet","status":"publish","type":"post","link":"https:\/\/dorogimedence.hu\/index.php\/2019\/08\/14\/szovjet-szennyezodesektol-tisztitjak-meg-az-esztergomi-strazsa-hegyet\/","title":{"rendered":"Szovjet szennyez\u0151d\u00e9sekt\u0151l tiszt\u00edtj\u00e1k meg az esztergomi Str\u00e1zsa-hegyet"},"content":{"rendered":"<p><strong>A Duna-Ipoly Nemzeti Park Igazgat\u00f3s\u00e1g (DINPI) 591 milli\u00f3 forintos k\u00f6lts\u00e9ggel megtiszt\u00edtja a kor\u00e1bban itt \u00e1llom\u00e1soz\u00f3 szovjet harckocsiz\u00f3k \u00fczemanyag- \u00e9s neh\u00e9zf\u00e9m szennyez\u0151d\u00e9s\u00e9t\u0151l az esztergomi Str\u00e1zsa-hegyet<\/strong> <em>&#8211; mondta az Agr\u00e1rminiszt\u00e9rium k\u00f6rnyezet\u00fcgy\u00e9rt felel\u0151s \u00e1llamtitk\u00e1ra kedden esztergomi sajt\u00f3t\u00e1j\u00e9koztat\u00f3j\u00e1n.<\/em><\/p>\n<p>R\u00e1cz Andr\u00e1s kiemelte, az orsz\u00e1gos k\u00f6rnyezeti k\u00e1rmentes\u00edt\u00e9si programban 1996-ban 30 ezer szennyezett helysz\u00ednt azonos\u00edtottak. Az \u00e1rtalmatlan\u00edt\u00e1s k\u00f6lts\u00e9g\u00e9t ezer milli\u00e1rd forintra becs\u00fclt\u00e9k \u00e9s harminc \u00e9ves id\u0151tartammal sz\u00e1moltak.<\/p>\n<p>Az \u00e1llamtitk\u00e1r hozz\u00e1tette, az \u00e1llami felel\u0151ss\u00e9gv\u00e1llal\u00e1si k\u00f6rben eddig 582 helysz\u00ednt tiszt\u00edtottak meg. A korm\u00e1ny a feladatra \u00e9vente 10 \u00e9s 20 milli\u00e1rd forint k\u00f6z\u00f6tti \u00f6sszeget k\u00f6lt, a forr\u00e1s 2010 \u00f3ta k\u00e9tszeres\u00e9re b\u0151v\u00fclt.<\/p>\n<p>A 2,7 hekt\u00e1ros most megtiszt\u00edtand\u00f3 ter\u00fclet iv\u00f3v\u00edzb\u00e1zisok k\u00f6zel\u00e9ben, kiemelten \u00e9rz\u00e9keny ter\u00fcleten tal\u00e1lhat\u00f3. A DINPI str\u00e1zsa-hegyi bemutat\u00f3k\u00f6zpontja melletti n\u00e9gy tavat harckocsi\u00fasztat\u00f3nak haszn\u00e1lt\u00e1k, ott az iszapban f\u00e9meket is kimutattak &#8211; ismertette F\u00fcri Andr\u00e1s, a nemzeti park igazgat\u00f3ja.<\/p>\n<p><img fetchpriority=\"high\" decoding=\"async\" class=\"alignnone size-full wp-image-18751\" src=\"https:\/\/dorogimedence.hu\/wp-content\/uploads\/2019\/08\/karmentesites-02.jpg\" alt=\"\" width=\"670\" height=\"365\" srcset=\"https:\/\/dorogimedence.hu\/wp-content\/uploads\/2019\/08\/karmentesites-02.jpg 670w, https:\/\/dorogimedence.hu\/wp-content\/uploads\/2019\/08\/karmentesites-02-300x163.jpg 300w\" sizes=\"(max-width: 670px) 100vw, 670px\" \/><\/p>\n<p>A munk\u00e1latokban az \u00fczemanyag-t\u00e1rol\u00f3n\u00e1l a szennyezett f\u00f6ldet kitermelik, a tavakban l\u00e9v\u0151 szennyezett iszapot pedig szikkaszt\u00e1s ut\u00e1n \u00e1rtalmatlan\u00edtj\u00e1k. A beavatkoz\u00e1s el\u0151tt a halakat, k\u00e9t\u00e9lt\u0171eket, h\u00fcll\u0151ket ideiglenes \u00e9l\u0151helyre telep\u00edtik \u00e1t.<\/p>\n<p>A tavak k\u00e1rmentes\u00edt\u00e9s\u00e9vel \u00e9s az \u00e9l\u0151l\u00e9nyek visszatelep\u00edt\u00e9s\u00e9vel \u0151szre v\u00e9geznek. A volt \u00fczemanyag-t\u00e1rol\u00f3n\u00e1l a betonl\u00e9tes\u00edtm\u00e9nyek bont\u00e1s\u00e1t is elv\u00e9gzik, itt 2021 augusztus\u00e1ra \u00e1llhat helyre a term\u00e9szetes \u00e1llapot.<\/p>\n<p>A ter\u00fcletet m\u00e1r a monarchia idej\u00e9n katonai gyakorlatokra haszn\u00e1lt\u00e1k. Az els\u0151 vil\u00e1gh\u00e1bor\u00fa ut\u00e1n Esztergom hat\u00e1rv\u00e1ross\u00e1 v\u00e1lt, ezzel megn\u0151tt katonai szerepe. A m\u00e1sodik vil\u00e1gh\u00e1bor\u00fa ut\u00e1n 1956-ig a Str\u00e1zsa-hegy a magyar honv\u00e9ds\u00e9g gyakorl\u00f3tere volt, 1956-t\u00f3l a szovjet d\u00e9li hadseregcsoport harckocsiz\u00f3 \u00e9s vegyv\u00e9delmi alakulatai haszn\u00e1lt\u00e1k.<\/p>\n<p>Az 1997-ben alap\u00edtott Duna-Ipoly Nemzeti Park Magyarorsz\u00e1g leggazdagabb \u00e9l\u0151vil\u00e1g\u00fa nemzeti parkjainak egyike, a f\u0151v\u00e1rost\u00f3l \u00e9szakra 60 ezer hekt\u00e1rnyi ter\u00fcleten, a Pilis \u00e9s a B\u00f6rzs\u00f6ny hegys\u00e9g nagyobb r\u00e9sz\u00e9n, a Duna \u00e9s az Ipoly foly\u00f3k k\u00f6z\u00f6tt helyezkedik el.<\/p>\n<p><em>Forr\u00e1s: MTI<\/em><br \/>\n<em>MTI fot\u00f3k: Kov\u00e1cs Attila<\/em><\/p>\n","protected":false},"excerpt":{"rendered":"<p>A Duna-Ipoly Nemzeti Park Igazgat\u00f3s\u00e1g (DINPI) 591 milli\u00f3 forintos k\u00f6lts\u00e9ggel megtiszt\u00edtja a kor\u00e1bban itt \u00e1llom\u00e1soz\u00f3 szovjet harckocsiz\u00f3k \u00fczemanyag- \u00e9s neh\u00e9zf\u00e9m szennyez\u0151d\u00e9s\u00e9t\u0151l az esztergomi Str\u00e1zsa-hegyet &#8211; mondta az Agr\u00e1rminiszt\u00e9rium k\u00f6rnyezet\u00fcgy\u00e9rt felel\u0151s \u00e1llamtitk\u00e1ra kedden esztergomi sajt\u00f3t\u00e1j\u00e9koztat\u00f3j\u00e1n. R\u00e1cz Andr\u00e1s kiemelte, az orsz\u00e1gos k\u00f6rnyezeti k\u00e1rmentes\u00edt\u00e9si programban 1996-ban 30 ezer szennyezett helysz\u00ednt azonos\u00edtottak. Az \u00e1rtalmatlan\u00edt\u00e1s k\u00f6lts\u00e9g\u00e9t ezer milli\u00e1rd forintra becs\u00fclt\u00e9k<\/p>\n","protected":false},"author":1,"featured_media":18750,"comment_status":"closed","ping_status":"closed","sticky":false,"template":"","format":"standard","meta":{"ngg_post_thumbnail":0,"footnotes":""},"categories":[38,7,3],"tags":[42,169,4160,4161],"class_list":{"0":"post-18749","1":"post","2":"type-post","3":"status-publish","4":"format-standard","5":"has-post-thumbnail","7":"category-esztergom","8":"category-esztergom_kertvaros","9":"category-hirek","10":"tag-esztergom","11":"tag-esztergom-kertvaros","12":"tag-karmentesites","13":"tag-strazsa"},"yoast_head":"<!-- This site is optimized with the Yoast SEO plugin v27.4 - https:\/\/yoast.com\/product\/yoast-seo-wordpress\/ -->\n<title>Szovjet szennyez\u0151d\u00e9sekt\u0151l tiszt\u00edtj\u00e1k meg az esztergomi Str\u00e1zsa-hegyet<\/title>\n<meta name=\"robots\" content=\"index, follow, max-snippet:-1, max-image-preview:large, max-video-preview:-1\" \/>\n<link rel=\"canonical\" href=\"https:\/\/dorogimedence.hu\/index.php\/2019\/08\/14\/szovjet-szennyezodesektol-tisztitjak-meg-az-esztergomi-strazsa-hegyet\/\" class=\"yoast-seo-meta-tag\" \/>\n<meta property=\"og:locale\" content=\"hu_HU\" class=\"yoast-seo-meta-tag\" \/>\n<meta property=\"og:type\" content=\"article\" class=\"yoast-seo-meta-tag\" \/>\n<meta property=\"og:title\" content=\"Szovjet szennyez\u0151d\u00e9sekt\u0151l tiszt\u00edtj\u00e1k meg az esztergomi Str\u00e1zsa-hegyet\" class=\"yoast-seo-meta-tag\" \/>\n<meta property=\"og:description\" content=\"A Duna-Ipoly Nemzeti Park Igazgat\u00f3s\u00e1g (DINPI) 591 milli\u00f3 forintos k\u00f6lts\u00e9ggel megtiszt\u00edtja a kor\u00e1bban itt \u00e1llom\u00e1soz\u00f3 szovjet harckocsiz\u00f3k \u00fczemanyag- \u00e9s neh\u00e9zf\u00e9m szennyez\u0151d\u00e9s\u00e9t\u0151l az esztergomi Str\u00e1zsa-hegyet &#8211; mondta az Agr\u00e1rminiszt\u00e9rium k\u00f6rnyezet\u00fcgy\u00e9rt felel\u0151s \u00e1llamtitk\u00e1ra kedden esztergomi sajt\u00f3t\u00e1j\u00e9koztat\u00f3j\u00e1n. R\u00e1cz Andr\u00e1s kiemelte, az orsz\u00e1gos k\u00f6rnyezeti k\u00e1rmentes\u00edt\u00e9si programban 1996-ban 30 ezer szennyezett helysz\u00ednt azonos\u00edtottak. Az \u00e1rtalmatlan\u00edt\u00e1s k\u00f6lts\u00e9g\u00e9t ezer milli\u00e1rd forintra becs\u00fclt\u00e9k\" class=\"yoast-seo-meta-tag\" \/>\n<meta property=\"og:url\" content=\"https:\/\/dorogimedence.hu\/index.php\/2019\/08\/14\/szovjet-szennyezodesektol-tisztitjak-meg-az-esztergomi-strazsa-hegyet\/\" class=\"yoast-seo-meta-tag\" \/>\n<meta property=\"og:site_name\" content=\"Dorogi-medence Region\u00e1lis H\u00edrport\u00e1l\" class=\"yoast-seo-meta-tag\" \/>\n<meta property=\"article:publisher\" content=\"https:\/\/www.facebook.com\/dorogimedence\/\" class=\"yoast-seo-meta-tag\" \/>\n<meta property=\"article:published_time\" content=\"2019-08-14T15:35:43+00:00\" class=\"yoast-seo-meta-tag\" \/>\n<meta property=\"og:image\" content=\"https:\/\/i0.wp.com\/dorogimedence.hu\/wp-content\/uploads\/2019\/08\/karmentesites-01.jpg?fit=670%2C365&ssl=1\" class=\"yoast-seo-meta-tag\" \/>\n\t<meta property=\"og:image:width\" content=\"670\" class=\"yoast-seo-meta-tag\" \/>\n\t<meta property=\"og:image:height\" content=\"365\" class=\"yoast-seo-meta-tag\" \/>\n\t<meta property=\"og:image:type\" content=\"image\/jpeg\" class=\"yoast-seo-meta-tag\" \/>\n<meta name=\"author\" content=\"dorogimedence.hu\" class=\"yoast-seo-meta-tag\" \/>\n<meta name=\"twitter:card\" content=\"summary_large_image\" class=\"yoast-seo-meta-tag\" \/>\n<meta name=\"twitter:label1\" content=\"Szerz\u0151:\" class=\"yoast-seo-meta-tag\" \/>\n\t<meta name=\"twitter:data1\" content=\"dorogimedence.hu\" class=\"yoast-seo-meta-tag\" \/>\n\t<meta name=\"twitter:label2\" content=\"Becs\u00fclt olvas\u00e1si id\u0151\" class=\"yoast-seo-meta-tag\" \/>\n\t<meta name=\"twitter:data2\" content=\"2 perc\" class=\"yoast-seo-meta-tag\" \/>\n<script type=\"application\/ld+json\" class=\"yoast-schema-graph\">{\"@context\":\"https:\\\/\\\/schema.org\",\"@graph\":[{\"@type\":\"Article\",\"@id\":\"https:\\\/\\\/dorogimedence.hu\\\/index.php\\\/2019\\\/08\\\/14\\\/szovjet-szennyezodesektol-tisztitjak-meg-az-esztergomi-strazsa-hegyet\\\/#article\",\"isPartOf\":{\"@id\":\"https:\\\/\\\/dorogimedence.hu\\\/index.php\\\/2019\\\/08\\\/14\\\/szovjet-szennyezodesektol-tisztitjak-meg-az-esztergomi-strazsa-hegyet\\\/\"},\"author\":{\"name\":\"dorogimedence.hu\",\"@id\":\"https:\\\/\\\/dorogimedence.hu\\\/#\\\/schema\\\/person\\\/ce6091eeb7e95ecdc87890d6aa8e0fd4\"},\"headline\":\"Szovjet szennyez\u0151d\u00e9sekt\u0151l tiszt\u00edtj\u00e1k meg az esztergomi Str\u00e1zsa-hegyet\",\"datePublished\":\"2019-08-14T15:35:43+00:00\",\"mainEntityOfPage\":{\"@id\":\"https:\\\/\\\/dorogimedence.hu\\\/index.php\\\/2019\\\/08\\\/14\\\/szovjet-szennyezodesektol-tisztitjak-meg-az-esztergomi-strazsa-hegyet\\\/\"},\"wordCount\":440,\"publisher\":{\"@id\":\"https:\\\/\\\/dorogimedence.hu\\\/#organization\"},\"image\":{\"@id\":\"https:\\\/\\\/dorogimedence.hu\\\/index.php\\\/2019\\\/08\\\/14\\\/szovjet-szennyezodesektol-tisztitjak-meg-az-esztergomi-strazsa-hegyet\\\/#primaryimage\"},\"thumbnailUrl\":\"https:\\\/\\\/dorogimedence.hu\\\/wp-content\\\/uploads\\\/2019\\\/08\\\/karmentesites-01.jpg\",\"keywords\":[\"esztergom\",\"Esztergom-kertv\u00e1ros\",\"k\u00e1rmentes\u00edt\u00e9s\",\"Str\u00e1zsa\"],\"articleSection\":[\"Esztergom\",\"Esztergom-kertv\u00e1ros\",\"H\u00edrek\"],\"inLanguage\":\"hu\"},{\"@type\":\"WebPage\",\"@id\":\"https:\\\/\\\/dorogimedence.hu\\\/index.php\\\/2019\\\/08\\\/14\\\/szovjet-szennyezodesektol-tisztitjak-meg-az-esztergomi-strazsa-hegyet\\\/\",\"url\":\"https:\\\/\\\/dorogimedence.hu\\\/index.php\\\/2019\\\/08\\\/14\\\/szovjet-szennyezodesektol-tisztitjak-meg-az-esztergomi-strazsa-hegyet\\\/\",\"name\":\"Szovjet szennyez\u0151d\u00e9sekt\u0151l tiszt\u00edtj\u00e1k meg az esztergomi Str\u00e1zsa-hegyet\",\"isPartOf\":{\"@id\":\"https:\\\/\\\/dorogimedence.hu\\\/#website\"},\"primaryImageOfPage\":{\"@id\":\"https:\\\/\\\/dorogimedence.hu\\\/index.php\\\/2019\\\/08\\\/14\\\/szovjet-szennyezodesektol-tisztitjak-meg-az-esztergomi-strazsa-hegyet\\\/#primaryimage\"},\"image\":{\"@id\":\"https:\\\/\\\/dorogimedence.hu\\\/index.php\\\/2019\\\/08\\\/14\\\/szovjet-szennyezodesektol-tisztitjak-meg-az-esztergomi-strazsa-hegyet\\\/#primaryimage\"},\"thumbnailUrl\":\"https:\\\/\\\/dorogimedence.hu\\\/wp-content\\\/uploads\\\/2019\\\/08\\\/karmentesites-01.jpg\",\"datePublished\":\"2019-08-14T15:35:43+00:00\",\"breadcrumb\":{\"@id\":\"https:\\\/\\\/dorogimedence.hu\\\/index.php\\\/2019\\\/08\\\/14\\\/szovjet-szennyezodesektol-tisztitjak-meg-az-esztergomi-strazsa-hegyet\\\/#breadcrumb\"},\"inLanguage\":\"hu\",\"potentialAction\":[{\"@type\":\"ReadAction\",\"target\":[\"https:\\\/\\\/dorogimedence.hu\\\/index.php\\\/2019\\\/08\\\/14\\\/szovjet-szennyezodesektol-tisztitjak-meg-az-esztergomi-strazsa-hegyet\\\/\"]}]},{\"@type\":\"ImageObject\",\"inLanguage\":\"hu\",\"@id\":\"https:\\\/\\\/dorogimedence.hu\\\/index.php\\\/2019\\\/08\\\/14\\\/szovjet-szennyezodesektol-tisztitjak-meg-az-esztergomi-strazsa-hegyet\\\/#primaryimage\",\"url\":\"https:\\\/\\\/dorogimedence.hu\\\/wp-content\\\/uploads\\\/2019\\\/08\\\/karmentesites-01.jpg\",\"contentUrl\":\"https:\\\/\\\/dorogimedence.hu\\\/wp-content\\\/uploads\\\/2019\\\/08\\\/karmentesites-01.jpg\",\"width\":670,\"height\":365},{\"@type\":\"BreadcrumbList\",\"@id\":\"https:\\\/\\\/dorogimedence.hu\\\/index.php\\\/2019\\\/08\\\/14\\\/szovjet-szennyezodesektol-tisztitjak-meg-az-esztergomi-strazsa-hegyet\\\/#breadcrumb\",\"itemListElement\":[{\"@type\":\"ListItem\",\"position\":1,\"name\":\"Kezd\u0151lap\",\"item\":\"https:\\\/\\\/dorogimedence.hu\\\/\"},{\"@type\":\"ListItem\",\"position\":2,\"name\":\"Szovjet szennyez\u0151d\u00e9sekt\u0151l tiszt\u00edtj\u00e1k meg az esztergomi Str\u00e1zsa-hegyet\"}]},{\"@type\":\"WebSite\",\"@id\":\"https:\\\/\\\/dorogimedence.hu\\\/#website\",\"url\":\"https:\\\/\\\/dorogimedence.hu\\\/\",\"name\":\"Dorogi-medence Region\u00e1lis H\u00edrport\u00e1l\",\"description\":\"Dorog, Keszt\u00f6lc, Le\u00e1nyv\u00e1r, Piliscs\u00e9v, Tokod, Tokodalt\u00e1r\u00f3, Csolnok, Esztergom-kertv\u00e1ros: h\u00edrek, programok\",\"publisher\":{\"@id\":\"https:\\\/\\\/dorogimedence.hu\\\/#organization\"},\"potentialAction\":[{\"@type\":\"SearchAction\",\"target\":{\"@type\":\"EntryPoint\",\"urlTemplate\":\"https:\\\/\\\/dorogimedence.hu\\\/?s={search_term_string}\"},\"query-input\":{\"@type\":\"PropertyValueSpecification\",\"valueRequired\":true,\"valueName\":\"search_term_string\"}}],\"inLanguage\":\"hu\"},{\"@type\":\"Organization\",\"@id\":\"https:\\\/\\\/dorogimedence.hu\\\/#organization\",\"name\":\"Dorogi-medence Region\u00e1lis H\u00edrport\u00e1l\",\"url\":\"https:\\\/\\\/dorogimedence.hu\\\/\",\"logo\":{\"@type\":\"ImageObject\",\"inLanguage\":\"hu\",\"@id\":\"https:\\\/\\\/dorogimedence.hu\\\/#\\\/schema\\\/logo\\\/image\\\/\",\"url\":\"https:\\\/\\\/dorogimedence.hu\\\/wp-content\\\/uploads\\\/2021\\\/04\\\/logo-feher-600.png\",\"contentUrl\":\"https:\\\/\\\/dorogimedence.hu\\\/wp-content\\\/uploads\\\/2021\\\/04\\\/logo-feher-600.png\",\"width\":600,\"height\":100,\"caption\":\"Dorogi-medence Region\u00e1lis H\u00edrport\u00e1l\"},\"image\":{\"@id\":\"https:\\\/\\\/dorogimedence.hu\\\/#\\\/schema\\\/logo\\\/image\\\/\"},\"sameAs\":[\"https:\\\/\\\/www.facebook.com\\\/dorogimedence\\\/\"]},{\"@type\":\"Person\",\"@id\":\"https:\\\/\\\/dorogimedence.hu\\\/#\\\/schema\\\/person\\\/ce6091eeb7e95ecdc87890d6aa8e0fd4\",\"name\":\"dorogimedence.hu\",\"image\":{\"@type\":\"ImageObject\",\"inLanguage\":\"hu\",\"@id\":\"\\\/\\\/www.gravatar.com\\\/avatar\\\/d8d45f8901aadff40a4af72c0b826f1d?s=96&#038;r=g&#038;d=mm\",\"url\":\"\\\/\\\/www.gravatar.com\\\/avatar\\\/d8d45f8901aadff40a4af72c0b826f1d?s=96&#038;r=g&#038;d=mm\",\"contentUrl\":\"\\\/\\\/www.gravatar.com\\\/avatar\\\/d8d45f8901aadff40a4af72c0b826f1d?s=96&#038;r=g&#038;d=mm\",\"caption\":\"dorogimedence.hu\"}}]}<\/script>\n<!-- \/ Yoast SEO plugin. -->","yoast_head_json":{"title":"Szovjet szennyez\u0151d\u00e9sekt\u0151l tiszt\u00edtj\u00e1k meg az esztergomi Str\u00e1zsa-hegyet","robots":{"index":"index","follow":"follow","max-snippet":"max-snippet:-1","max-image-preview":"max-image-preview:large","max-video-preview":"max-video-preview:-1"},"canonical":"https:\/\/dorogimedence.hu\/index.php\/2019\/08\/14\/szovjet-szennyezodesektol-tisztitjak-meg-az-esztergomi-strazsa-hegyet\/","og_locale":"hu_HU","og_type":"article","og_title":"Szovjet szennyez\u0151d\u00e9sekt\u0151l tiszt\u00edtj\u00e1k meg az esztergomi Str\u00e1zsa-hegyet","og_description":"A Duna-Ipoly Nemzeti Park Igazgat\u00f3s\u00e1g (DINPI) 591 milli\u00f3 forintos k\u00f6lts\u00e9ggel megtiszt\u00edtja a kor\u00e1bban itt \u00e1llom\u00e1soz\u00f3 szovjet harckocsiz\u00f3k \u00fczemanyag- \u00e9s neh\u00e9zf\u00e9m szennyez\u0151d\u00e9s\u00e9t\u0151l az esztergomi Str\u00e1zsa-hegyet &#8211; mondta az Agr\u00e1rminiszt\u00e9rium k\u00f6rnyezet\u00fcgy\u00e9rt felel\u0151s \u00e1llamtitk\u00e1ra kedden esztergomi sajt\u00f3t\u00e1j\u00e9koztat\u00f3j\u00e1n. R\u00e1cz Andr\u00e1s kiemelte, az orsz\u00e1gos k\u00f6rnyezeti k\u00e1rmentes\u00edt\u00e9si programban 1996-ban 30 ezer szennyezett helysz\u00ednt azonos\u00edtottak. Az \u00e1rtalmatlan\u00edt\u00e1s k\u00f6lts\u00e9g\u00e9t ezer milli\u00e1rd forintra becs\u00fclt\u00e9k","og_url":"https:\/\/dorogimedence.hu\/index.php\/2019\/08\/14\/szovjet-szennyezodesektol-tisztitjak-meg-az-esztergomi-strazsa-hegyet\/","og_site_name":"Dorogi-medence Region\u00e1lis H\u00edrport\u00e1l","article_publisher":"https:\/\/www.facebook.com\/dorogimedence\/","article_published_time":"2019-08-14T15:35:43+00:00","og_image":[{"width":670,"height":365,"url":"https:\/\/i0.wp.com\/dorogimedence.hu\/wp-content\/uploads\/2019\/08\/karmentesites-01.jpg?fit=670%2C365&ssl=1","type":"image\/jpeg"}],"author":"dorogimedence.hu","twitter_card":"summary_large_image","twitter_misc":{"Szerz\u0151:":"dorogimedence.hu","Becs\u00fclt olvas\u00e1si id\u0151":"2 perc"},"schema":{"@context":"https:\/\/schema.org","@graph":[{"@type":"Article","@id":"https:\/\/dorogimedence.hu\/index.php\/2019\/08\/14\/szovjet-szennyezodesektol-tisztitjak-meg-az-esztergomi-strazsa-hegyet\/#article","isPartOf":{"@id":"https:\/\/dorogimedence.hu\/index.php\/2019\/08\/14\/szovjet-szennyezodesektol-tisztitjak-meg-az-esztergomi-strazsa-hegyet\/"},"author":{"name":"dorogimedence.hu","@id":"https:\/\/dorogimedence.hu\/#\/schema\/person\/ce6091eeb7e95ecdc87890d6aa8e0fd4"},"headline":"Szovjet szennyez\u0151d\u00e9sekt\u0151l tiszt\u00edtj\u00e1k meg az esztergomi Str\u00e1zsa-hegyet","datePublished":"2019-08-14T15:35:43+00:00","mainEntityOfPage":{"@id":"https:\/\/dorogimedence.hu\/index.php\/2019\/08\/14\/szovjet-szennyezodesektol-tisztitjak-meg-az-esztergomi-strazsa-hegyet\/"},"wordCount":440,"publisher":{"@id":"https:\/\/dorogimedence.hu\/#organization"},"image":{"@id":"https:\/\/dorogimedence.hu\/index.php\/2019\/08\/14\/szovjet-szennyezodesektol-tisztitjak-meg-az-esztergomi-strazsa-hegyet\/#primaryimage"},"thumbnailUrl":"https:\/\/dorogimedence.hu\/wp-content\/uploads\/2019\/08\/karmentesites-01.jpg","keywords":["esztergom","Esztergom-kertv\u00e1ros","k\u00e1rmentes\u00edt\u00e9s","Str\u00e1zsa"],"articleSection":["Esztergom","Esztergom-kertv\u00e1ros","H\u00edrek"],"inLanguage":"hu"},{"@type":"WebPage","@id":"https:\/\/dorogimedence.hu\/index.php\/2019\/08\/14\/szovjet-szennyezodesektol-tisztitjak-meg-az-esztergomi-strazsa-hegyet\/","url":"https:\/\/dorogimedence.hu\/index.php\/2019\/08\/14\/szovjet-szennyezodesektol-tisztitjak-meg-az-esztergomi-strazsa-hegyet\/","name":"Szovjet szennyez\u0151d\u00e9sekt\u0151l tiszt\u00edtj\u00e1k meg az esztergomi Str\u00e1zsa-hegyet","isPartOf":{"@id":"https:\/\/dorogimedence.hu\/#website"},"primaryImageOfPage":{"@id":"https:\/\/dorogimedence.hu\/index.php\/2019\/08\/14\/szovjet-szennyezodesektol-tisztitjak-meg-az-esztergomi-strazsa-hegyet\/#primaryimage"},"image":{"@id":"https:\/\/dorogimedence.hu\/index.php\/2019\/08\/14\/szovjet-szennyezodesektol-tisztitjak-meg-az-esztergomi-strazsa-hegyet\/#primaryimage"},"thumbnailUrl":"https:\/\/dorogimedence.hu\/wp-content\/uploads\/2019\/08\/karmentesites-01.jpg","datePublished":"2019-08-14T15:35:43+00:00","breadcrumb":{"@id":"https:\/\/dorogimedence.hu\/index.php\/2019\/08\/14\/szovjet-szennyezodesektol-tisztitjak-meg-az-esztergomi-strazsa-hegyet\/#breadcrumb"},"inLanguage":"hu","potentialAction":[{"@type":"ReadAction","target":["https:\/\/dorogimedence.hu\/index.php\/2019\/08\/14\/szovjet-szennyezodesektol-tisztitjak-meg-az-esztergomi-strazsa-hegyet\/"]}]},{"@type":"ImageObject","inLanguage":"hu","@id":"https:\/\/dorogimedence.hu\/index.php\/2019\/08\/14\/szovjet-szennyezodesektol-tisztitjak-meg-az-esztergomi-strazsa-hegyet\/#primaryimage","url":"https:\/\/dorogimedence.hu\/wp-content\/uploads\/2019\/08\/karmentesites-01.jpg","contentUrl":"https:\/\/dorogimedence.hu\/wp-content\/uploads\/2019\/08\/karmentesites-01.jpg","width":670,"height":365},{"@type":"BreadcrumbList","@id":"https:\/\/dorogimedence.hu\/index.php\/2019\/08\/14\/szovjet-szennyezodesektol-tisztitjak-meg-az-esztergomi-strazsa-hegyet\/#breadcrumb","itemListElement":[{"@type":"ListItem","position":1,"name":"Kezd\u0151lap","item":"https:\/\/dorogimedence.hu\/"},{"@type":"ListItem","position":2,"name":"Szovjet szennyez\u0151d\u00e9sekt\u0151l tiszt\u00edtj\u00e1k meg az esztergomi Str\u00e1zsa-hegyet"}]},{"@type":"WebSite","@id":"https:\/\/dorogimedence.hu\/#website","url":"https:\/\/dorogimedence.hu\/","name":"Dorogi-medence Region\u00e1lis H\u00edrport\u00e1l","description":"Dorog, Keszt\u00f6lc, Le\u00e1nyv\u00e1r, Piliscs\u00e9v, Tokod, Tokodalt\u00e1r\u00f3, Csolnok, Esztergom-kertv\u00e1ros: h\u00edrek, programok","publisher":{"@id":"https:\/\/dorogimedence.hu\/#organization"},"potentialAction":[{"@type":"SearchAction","target":{"@type":"EntryPoint","urlTemplate":"https:\/\/dorogimedence.hu\/?s={search_term_string}"},"query-input":{"@type":"PropertyValueSpecification","valueRequired":true,"valueName":"search_term_string"}}],"inLanguage":"hu"},{"@type":"Organization","@id":"https:\/\/dorogimedence.hu\/#organization","name":"Dorogi-medence Region\u00e1lis H\u00edrport\u00e1l","url":"https:\/\/dorogimedence.hu\/","logo":{"@type":"ImageObject","inLanguage":"hu","@id":"https:\/\/dorogimedence.hu\/#\/schema\/logo\/image\/","url":"https:\/\/dorogimedence.hu\/wp-content\/uploads\/2021\/04\/logo-feher-600.png","contentUrl":"https:\/\/dorogimedence.hu\/wp-content\/uploads\/2021\/04\/logo-feher-600.png","width":600,"height":100,"caption":"Dorogi-medence Region\u00e1lis H\u00edrport\u00e1l"},"image":{"@id":"https:\/\/dorogimedence.hu\/#\/schema\/logo\/image\/"},"sameAs":["https:\/\/www.facebook.com\/dorogimedence\/"]},{"@type":"Person","@id":"https:\/\/dorogimedence.hu\/#\/schema\/person\/ce6091eeb7e95ecdc87890d6aa8e0fd4","name":"dorogimedence.hu","image":{"@type":"ImageObject","inLanguage":"hu","@id":"\/\/www.gravatar.com\/avatar\/d8d45f8901aadff40a4af72c0b826f1d?s=96&#038;r=g&#038;d=mm","url":"\/\/www.gravatar.com\/avatar\/d8d45f8901aadff40a4af72c0b826f1d?s=96&#038;r=g&#038;d=mm","contentUrl":"\/\/www.gravatar.com\/avatar\/d8d45f8901aadff40a4af72c0b826f1d?s=96&#038;r=g&#038;d=mm","caption":"dorogimedence.hu"}}]}},"_links":{"self":[{"href":"https:\/\/dorogimedence.hu\/index.php\/wp-json\/wp\/v2\/posts\/18749","targetHints":{"allow":["GET"]}}],"collection":[{"href":"https:\/\/dorogimedence.hu\/index.php\/wp-json\/wp\/v2\/posts"}],"about":[{"href":"https:\/\/dorogimedence.hu\/index.php\/wp-json\/wp\/v2\/types\/post"}],"author":[{"embeddable":true,"href":"https:\/\/dorogimedence.hu\/index.php\/wp-json\/wp\/v2\/users\/1"}],"replies":[{"embeddable":true,"href":"https:\/\/dorogimedence.hu\/index.php\/wp-json\/wp\/v2\/comments?post=18749"}],"version-history":[{"count":0,"href":"https:\/\/dorogimedence.hu\/index.php\/wp-json\/wp\/v2\/posts\/18749\/revisions"}],"wp:featuredmedia":[{"embeddable":true,"href":"https:\/\/dorogimedence.hu\/index.php\/wp-json\/wp\/v2\/media\/18750"}],"wp:attachment":[{"href":"https:\/\/dorogimedence.hu\/index.php\/wp-json\/wp\/v2\/media?parent=18749"}],"wp:term":[{"taxonomy":"category","embeddable":true,"href":"https:\/\/dorogimedence.hu\/index.php\/wp-json\/wp\/v2\/categories?post=18749"},{"taxonomy":"post_tag","embeddable":true,"href":"https:\/\/dorogimedence.hu\/index.php\/wp-json\/wp\/v2\/tags?post=18749"}],"curies":[{"name":"wp","href":"https:\/\/api.w.org\/{rel}","templated":true}]}}