{"id":18678,"date":"2019-08-11T12:12:30","date_gmt":"2019-08-11T10:12:30","guid":{"rendered":"http:\/\/dorogimedence.hu\/?p=18678"},"modified":"2019-08-11T12:12:30","modified_gmt":"2019-08-11T10:12:30","slug":"buborek-gofrizo-nyilik-dorogon","status":"publish","type":"post","link":"https:\/\/dorogimedence.hu\/index.php\/2019\/08\/11\/buborek-gofrizo-nyilik-dorogon\/","title":{"rendered":"Bubor\u00e9k gofriz\u00f3 ny\u00edlik Dorogon"},"content":{"rendered":"<p><strong>Szeptember els\u0151 fel\u00e9ben Dorogon, a M\u00e1ria utca sz\u00edv\u00e9ben, a 9-es sz\u00e1m alatt ny\u00edlik meg a bubor\u00e9k gofriz\u00f3!<\/strong><\/p>\n<p>A vend\u00e9gl\u00e1t\u00f3helyen k\u00fcl\u00f6nleges \u00edzekkel megt\u00f6lt\u00f6tt gofri-k\u00fcl\u00f6nlegess\u00e9geket k\u00f3stolthatunk majd meg. A bubor\u00e9k gofri k\u00edv\u00fcl ostyaszer\u0171 \u00e9s ropog\u00f3s, bel\u00fcl pedig puha \u00e9s \u00edzletes. Az \u00e9dess\u00e9get nutella pudinggal, illetve masarcpone sajttal \u00f6ntik nyakon. Mindemellett sz\u00e1mtalan plusz felt\u00e9t is k\u00e9rhet\u0151 r\u00e1, mint p\u00e9ld\u00e1ul friss gy\u00fcm\u00f6lcs\u00f6k, k\u00f3kusz, gumicukor, keksz, di\u00f3 \u00e9s mogyor\u00f3. Mindezeket helyben, vagy elvitelben is elfogyaszthatjuk! A gofri mellett \u00fcd\u00edt\u0151kkel \u00e9s k\u00e1v\u00e9k\u00fcl\u00f6nlegess\u00e9gekkel is v\u00e1rj\u00e1k majd a vend\u00e9geket.<\/p>\n<p><img fetchpriority=\"high\" decoding=\"async\" class=\"alignnone size-full wp-image-18679\" src=\"https:\/\/dorogimedence.hu\/wp-content\/uploads\/2019\/08\/buborek-gofri.jpg\" alt=\"\" width=\"480\" height=\"590\" srcset=\"https:\/\/dorogimedence.hu\/wp-content\/uploads\/2019\/08\/buborek-gofri.jpg 480w, https:\/\/dorogimedence.hu\/wp-content\/uploads\/2019\/08\/buborek-gofri-244x300.jpg 244w\" sizes=\"(max-width: 480px) 100vw, 480px\" \/><\/p>\n","protected":false},"excerpt":{"rendered":"<p>Szeptember els\u0151 fel\u00e9ben Dorogon, a M\u00e1ria utca sz\u00edv\u00e9ben, a 9-es sz\u00e1m alatt ny\u00edlik meg a bubor\u00e9k gofriz\u00f3! A vend\u00e9gl\u00e1t\u00f3helyen k\u00fcl\u00f6nleges \u00edzekkel megt\u00f6lt\u00f6tt gofri-k\u00fcl\u00f6nlegess\u00e9geket k\u00f3stolthatunk majd meg. A bubor\u00e9k gofri k\u00edv\u00fcl ostyaszer\u0171 \u00e9s ropog\u00f3s, bel\u00fcl pedig puha \u00e9s \u00edzletes. Az \u00e9dess\u00e9get nutella pudinggal, illetve masarcpone sajttal \u00f6ntik nyakon. Mindemellett sz\u00e1mtalan plusz felt\u00e9t is k\u00e9rhet\u0151 r\u00e1, mint<\/p>\n","protected":false},"author":1,"featured_media":18680,"comment_status":"closed","ping_status":"closed","sticky":false,"template":"","format":"standard","meta":{"ngg_post_thumbnail":0,"footnotes":""},"categories":[2,3],"tags":[4148,15,3122,4147,3126,160],"class_list":{"0":"post-18678","1":"post","2":"type-post","3":"status-publish","4":"format-standard","5":"has-post-thumbnail","7":"category-dorog","8":"category-hirek","9":"tag-buborek-gofri","10":"tag-dorog","11":"tag-edesseg","12":"tag-gofri","13":"tag-uzlet","14":"tag-vendeglatas"},"yoast_head":"<!-- This site is optimized with the Yoast SEO plugin v27.4 - https:\/\/yoast.com\/product\/yoast-seo-wordpress\/ -->\n<title>Bubor\u00e9k gofriz\u00f3 ny\u00edlik Dorogon<\/title>\n<meta name=\"robots\" content=\"index, follow, max-snippet:-1, max-image-preview:large, max-video-preview:-1\" \/>\n<link rel=\"canonical\" href=\"https:\/\/dorogimedence.hu\/index.php\/2019\/08\/11\/buborek-gofrizo-nyilik-dorogon\/\" class=\"yoast-seo-meta-tag\" \/>\n<meta property=\"og:locale\" content=\"hu_HU\" class=\"yoast-seo-meta-tag\" \/>\n<meta property=\"og:type\" content=\"article\" class=\"yoast-seo-meta-tag\" \/>\n<meta property=\"og:title\" content=\"Bubor\u00e9k gofriz\u00f3 ny\u00edlik Dorogon\" class=\"yoast-seo-meta-tag\" \/>\n<meta property=\"og:description\" content=\"Szeptember els\u0151 fel\u00e9ben Dorogon, a M\u00e1ria utca sz\u00edv\u00e9ben, a 9-es sz\u00e1m alatt ny\u00edlik meg a bubor\u00e9k gofriz\u00f3! A vend\u00e9gl\u00e1t\u00f3helyen k\u00fcl\u00f6nleges \u00edzekkel megt\u00f6lt\u00f6tt gofri-k\u00fcl\u00f6nlegess\u00e9geket k\u00f3stolthatunk majd meg. A bubor\u00e9k gofri k\u00edv\u00fcl ostyaszer\u0171 \u00e9s ropog\u00f3s, bel\u00fcl pedig puha \u00e9s \u00edzletes. Az \u00e9dess\u00e9get nutella pudinggal, illetve masarcpone sajttal \u00f6ntik nyakon. Mindemellett sz\u00e1mtalan plusz felt\u00e9t is k\u00e9rhet\u0151 r\u00e1, mint\" class=\"yoast-seo-meta-tag\" \/>\n<meta property=\"og:url\" content=\"https:\/\/dorogimedence.hu\/index.php\/2019\/08\/11\/buborek-gofrizo-nyilik-dorogon\/\" class=\"yoast-seo-meta-tag\" \/>\n<meta property=\"og:site_name\" content=\"Dorogi-medence Region\u00e1lis H\u00edrport\u00e1l\" class=\"yoast-seo-meta-tag\" \/>\n<meta property=\"article:publisher\" content=\"https:\/\/www.facebook.com\/dorogimedence\/\" class=\"yoast-seo-meta-tag\" \/>\n<meta property=\"article:published_time\" content=\"2019-08-11T10:12:30+00:00\" class=\"yoast-seo-meta-tag\" \/>\n<meta property=\"og:image\" content=\"https:\/\/i0.wp.com\/dorogimedence.hu\/wp-content\/uploads\/2019\/08\/buborek-gofri-2.jpg?fit=670%2C365&ssl=1\" class=\"yoast-seo-meta-tag\" \/>\n\t<meta property=\"og:image:width\" content=\"670\" class=\"yoast-seo-meta-tag\" \/>\n\t<meta property=\"og:image:height\" content=\"365\" class=\"yoast-seo-meta-tag\" \/>\n\t<meta property=\"og:image:type\" content=\"image\/jpeg\" class=\"yoast-seo-meta-tag\" \/>\n<meta name=\"author\" content=\"dorogimedence.hu\" class=\"yoast-seo-meta-tag\" \/>\n<meta name=\"twitter:card\" content=\"summary_large_image\" class=\"yoast-seo-meta-tag\" \/>\n<meta name=\"twitter:label1\" content=\"Szerz\u0151:\" class=\"yoast-seo-meta-tag\" \/>\n\t<meta name=\"twitter:data1\" content=\"dorogimedence.hu\" class=\"yoast-seo-meta-tag\" \/>\n\t<meta name=\"twitter:label2\" content=\"Becs\u00fclt olvas\u00e1si id\u0151\" class=\"yoast-seo-meta-tag\" \/>\n\t<meta name=\"twitter:data2\" content=\"1 perc\" class=\"yoast-seo-meta-tag\" \/>\n<script type=\"application\/ld+json\" class=\"yoast-schema-graph\">{\"@context\":\"https:\\\/\\\/schema.org\",\"@graph\":[{\"@type\":\"Article\",\"@id\":\"https:\\\/\\\/dorogimedence.hu\\\/index.php\\\/2019\\\/08\\\/11\\\/buborek-gofrizo-nyilik-dorogon\\\/#article\",\"isPartOf\":{\"@id\":\"https:\\\/\\\/dorogimedence.hu\\\/index.php\\\/2019\\\/08\\\/11\\\/buborek-gofrizo-nyilik-dorogon\\\/\"},\"author\":{\"name\":\"dorogimedence.hu\",\"@id\":\"https:\\\/\\\/dorogimedence.hu\\\/#\\\/schema\\\/person\\\/ce6091eeb7e95ecdc87890d6aa8e0fd4\"},\"headline\":\"Bubor\u00e9k gofriz\u00f3 ny\u00edlik Dorogon\",\"datePublished\":\"2019-08-11T10:12:30+00:00\",\"mainEntityOfPage\":{\"@id\":\"https:\\\/\\\/dorogimedence.hu\\\/index.php\\\/2019\\\/08\\\/11\\\/buborek-gofrizo-nyilik-dorogon\\\/\"},\"wordCount\":130,\"publisher\":{\"@id\":\"https:\\\/\\\/dorogimedence.hu\\\/#organization\"},\"image\":{\"@id\":\"https:\\\/\\\/dorogimedence.hu\\\/index.php\\\/2019\\\/08\\\/11\\\/buborek-gofrizo-nyilik-dorogon\\\/#primaryimage\"},\"thumbnailUrl\":\"https:\\\/\\\/dorogimedence.hu\\\/wp-content\\\/uploads\\\/2019\\\/08\\\/buborek-gofri-2.jpg\",\"keywords\":[\"bubor\u00e9k gofri\",\"Dorog\",\"\u00e9dess\u00e9g\",\"gofri\",\"\u00fczlet\",\"vend\u00e9gl\u00e1t\u00e1s\"],\"articleSection\":[\"Dorog\",\"H\u00edrek\"],\"inLanguage\":\"hu\"},{\"@type\":\"WebPage\",\"@id\":\"https:\\\/\\\/dorogimedence.hu\\\/index.php\\\/2019\\\/08\\\/11\\\/buborek-gofrizo-nyilik-dorogon\\\/\",\"url\":\"https:\\\/\\\/dorogimedence.hu\\\/index.php\\\/2019\\\/08\\\/11\\\/buborek-gofrizo-nyilik-dorogon\\\/\",\"name\":\"Bubor\u00e9k gofriz\u00f3 ny\u00edlik Dorogon\",\"isPartOf\":{\"@id\":\"https:\\\/\\\/dorogimedence.hu\\\/#website\"},\"primaryImageOfPage\":{\"@id\":\"https:\\\/\\\/dorogimedence.hu\\\/index.php\\\/2019\\\/08\\\/11\\\/buborek-gofrizo-nyilik-dorogon\\\/#primaryimage\"},\"image\":{\"@id\":\"https:\\\/\\\/dorogimedence.hu\\\/index.php\\\/2019\\\/08\\\/11\\\/buborek-gofrizo-nyilik-dorogon\\\/#primaryimage\"},\"thumbnailUrl\":\"https:\\\/\\\/dorogimedence.hu\\\/wp-content\\\/uploads\\\/2019\\\/08\\\/buborek-gofri-2.jpg\",\"datePublished\":\"2019-08-11T10:12:30+00:00\",\"breadcrumb\":{\"@id\":\"https:\\\/\\\/dorogimedence.hu\\\/index.php\\\/2019\\\/08\\\/11\\\/buborek-gofrizo-nyilik-dorogon\\\/#breadcrumb\"},\"inLanguage\":\"hu\",\"potentialAction\":[{\"@type\":\"ReadAction\",\"target\":[\"https:\\\/\\\/dorogimedence.hu\\\/index.php\\\/2019\\\/08\\\/11\\\/buborek-gofrizo-nyilik-dorogon\\\/\"]}]},{\"@type\":\"ImageObject\",\"inLanguage\":\"hu\",\"@id\":\"https:\\\/\\\/dorogimedence.hu\\\/index.php\\\/2019\\\/08\\\/11\\\/buborek-gofrizo-nyilik-dorogon\\\/#primaryimage\",\"url\":\"https:\\\/\\\/dorogimedence.hu\\\/wp-content\\\/uploads\\\/2019\\\/08\\\/buborek-gofri-2.jpg\",\"contentUrl\":\"https:\\\/\\\/dorogimedence.hu\\\/wp-content\\\/uploads\\\/2019\\\/08\\\/buborek-gofri-2.jpg\",\"width\":670,\"height\":365},{\"@type\":\"BreadcrumbList\",\"@id\":\"https:\\\/\\\/dorogimedence.hu\\\/index.php\\\/2019\\\/08\\\/11\\\/buborek-gofrizo-nyilik-dorogon\\\/#breadcrumb\",\"itemListElement\":[{\"@type\":\"ListItem\",\"position\":1,\"name\":\"Kezd\u0151lap\",\"item\":\"https:\\\/\\\/dorogimedence.hu\\\/\"},{\"@type\":\"ListItem\",\"position\":2,\"name\":\"Bubor\u00e9k gofriz\u00f3 ny\u00edlik Dorogon\"}]},{\"@type\":\"WebSite\",\"@id\":\"https:\\\/\\\/dorogimedence.hu\\\/#website\",\"url\":\"https:\\\/\\\/dorogimedence.hu\\\/\",\"name\":\"Dorogi-medence Region\u00e1lis H\u00edrport\u00e1l\",\"description\":\"Dorog, Keszt\u00f6lc, Le\u00e1nyv\u00e1r, Piliscs\u00e9v, Tokod, Tokodalt\u00e1r\u00f3, Csolnok, Esztergom-kertv\u00e1ros: h\u00edrek, programok\",\"publisher\":{\"@id\":\"https:\\\/\\\/dorogimedence.hu\\\/#organization\"},\"potentialAction\":[{\"@type\":\"SearchAction\",\"target\":{\"@type\":\"EntryPoint\",\"urlTemplate\":\"https:\\\/\\\/dorogimedence.hu\\\/?s={search_term_string}\"},\"query-input\":{\"@type\":\"PropertyValueSpecification\",\"valueRequired\":true,\"valueName\":\"search_term_string\"}}],\"inLanguage\":\"hu\"},{\"@type\":\"Organization\",\"@id\":\"https:\\\/\\\/dorogimedence.hu\\\/#organization\",\"name\":\"Dorogi-medence Region\u00e1lis H\u00edrport\u00e1l\",\"url\":\"https:\\\/\\\/dorogimedence.hu\\\/\",\"logo\":{\"@type\":\"ImageObject\",\"inLanguage\":\"hu\",\"@id\":\"https:\\\/\\\/dorogimedence.hu\\\/#\\\/schema\\\/logo\\\/image\\\/\",\"url\":\"https:\\\/\\\/dorogimedence.hu\\\/wp-content\\\/uploads\\\/2021\\\/04\\\/logo-feher-600.png\",\"contentUrl\":\"https:\\\/\\\/dorogimedence.hu\\\/wp-content\\\/uploads\\\/2021\\\/04\\\/logo-feher-600.png\",\"width\":600,\"height\":100,\"caption\":\"Dorogi-medence Region\u00e1lis H\u00edrport\u00e1l\"},\"image\":{\"@id\":\"https:\\\/\\\/dorogimedence.hu\\\/#\\\/schema\\\/logo\\\/image\\\/\"},\"sameAs\":[\"https:\\\/\\\/www.facebook.com\\\/dorogimedence\\\/\"]},{\"@type\":\"Person\",\"@id\":\"https:\\\/\\\/dorogimedence.hu\\\/#\\\/schema\\\/person\\\/ce6091eeb7e95ecdc87890d6aa8e0fd4\",\"name\":\"dorogimedence.hu\",\"image\":{\"@type\":\"ImageObject\",\"inLanguage\":\"hu\",\"@id\":\"\\\/\\\/www.gravatar.com\\\/avatar\\\/d8d45f8901aadff40a4af72c0b826f1d?s=96&#038;r=g&#038;d=mm\",\"url\":\"\\\/\\\/www.gravatar.com\\\/avatar\\\/d8d45f8901aadff40a4af72c0b826f1d?s=96&#038;r=g&#038;d=mm\",\"contentUrl\":\"\\\/\\\/www.gravatar.com\\\/avatar\\\/d8d45f8901aadff40a4af72c0b826f1d?s=96&#038;r=g&#038;d=mm\",\"caption\":\"dorogimedence.hu\"}}]}<\/script>\n<!-- \/ Yoast SEO plugin. -->","yoast_head_json":{"title":"Bubor\u00e9k gofriz\u00f3 ny\u00edlik Dorogon","robots":{"index":"index","follow":"follow","max-snippet":"max-snippet:-1","max-image-preview":"max-image-preview:large","max-video-preview":"max-video-preview:-1"},"canonical":"https:\/\/dorogimedence.hu\/index.php\/2019\/08\/11\/buborek-gofrizo-nyilik-dorogon\/","og_locale":"hu_HU","og_type":"article","og_title":"Bubor\u00e9k gofriz\u00f3 ny\u00edlik Dorogon","og_description":"Szeptember els\u0151 fel\u00e9ben Dorogon, a M\u00e1ria utca sz\u00edv\u00e9ben, a 9-es sz\u00e1m alatt ny\u00edlik meg a bubor\u00e9k gofriz\u00f3! A vend\u00e9gl\u00e1t\u00f3helyen k\u00fcl\u00f6nleges \u00edzekkel megt\u00f6lt\u00f6tt gofri-k\u00fcl\u00f6nlegess\u00e9geket k\u00f3stolthatunk majd meg. A bubor\u00e9k gofri k\u00edv\u00fcl ostyaszer\u0171 \u00e9s ropog\u00f3s, bel\u00fcl pedig puha \u00e9s \u00edzletes. Az \u00e9dess\u00e9get nutella pudinggal, illetve masarcpone sajttal \u00f6ntik nyakon. Mindemellett sz\u00e1mtalan plusz felt\u00e9t is k\u00e9rhet\u0151 r\u00e1, mint","og_url":"https:\/\/dorogimedence.hu\/index.php\/2019\/08\/11\/buborek-gofrizo-nyilik-dorogon\/","og_site_name":"Dorogi-medence Region\u00e1lis H\u00edrport\u00e1l","article_publisher":"https:\/\/www.facebook.com\/dorogimedence\/","article_published_time":"2019-08-11T10:12:30+00:00","og_image":[{"width":670,"height":365,"url":"https:\/\/i0.wp.com\/dorogimedence.hu\/wp-content\/uploads\/2019\/08\/buborek-gofri-2.jpg?fit=670%2C365&ssl=1","type":"image\/jpeg"}],"author":"dorogimedence.hu","twitter_card":"summary_large_image","twitter_misc":{"Szerz\u0151:":"dorogimedence.hu","Becs\u00fclt olvas\u00e1si id\u0151":"1 perc"},"schema":{"@context":"https:\/\/schema.org","@graph":[{"@type":"Article","@id":"https:\/\/dorogimedence.hu\/index.php\/2019\/08\/11\/buborek-gofrizo-nyilik-dorogon\/#article","isPartOf":{"@id":"https:\/\/dorogimedence.hu\/index.php\/2019\/08\/11\/buborek-gofrizo-nyilik-dorogon\/"},"author":{"name":"dorogimedence.hu","@id":"https:\/\/dorogimedence.hu\/#\/schema\/person\/ce6091eeb7e95ecdc87890d6aa8e0fd4"},"headline":"Bubor\u00e9k gofriz\u00f3 ny\u00edlik Dorogon","datePublished":"2019-08-11T10:12:30+00:00","mainEntityOfPage":{"@id":"https:\/\/dorogimedence.hu\/index.php\/2019\/08\/11\/buborek-gofrizo-nyilik-dorogon\/"},"wordCount":130,"publisher":{"@id":"https:\/\/dorogimedence.hu\/#organization"},"image":{"@id":"https:\/\/dorogimedence.hu\/index.php\/2019\/08\/11\/buborek-gofrizo-nyilik-dorogon\/#primaryimage"},"thumbnailUrl":"https:\/\/dorogimedence.hu\/wp-content\/uploads\/2019\/08\/buborek-gofri-2.jpg","keywords":["bubor\u00e9k gofri","Dorog","\u00e9dess\u00e9g","gofri","\u00fczlet","vend\u00e9gl\u00e1t\u00e1s"],"articleSection":["Dorog","H\u00edrek"],"inLanguage":"hu"},{"@type":"WebPage","@id":"https:\/\/dorogimedence.hu\/index.php\/2019\/08\/11\/buborek-gofrizo-nyilik-dorogon\/","url":"https:\/\/dorogimedence.hu\/index.php\/2019\/08\/11\/buborek-gofrizo-nyilik-dorogon\/","name":"Bubor\u00e9k gofriz\u00f3 ny\u00edlik Dorogon","isPartOf":{"@id":"https:\/\/dorogimedence.hu\/#website"},"primaryImageOfPage":{"@id":"https:\/\/dorogimedence.hu\/index.php\/2019\/08\/11\/buborek-gofrizo-nyilik-dorogon\/#primaryimage"},"image":{"@id":"https:\/\/dorogimedence.hu\/index.php\/2019\/08\/11\/buborek-gofrizo-nyilik-dorogon\/#primaryimage"},"thumbnailUrl":"https:\/\/dorogimedence.hu\/wp-content\/uploads\/2019\/08\/buborek-gofri-2.jpg","datePublished":"2019-08-11T10:12:30+00:00","breadcrumb":{"@id":"https:\/\/dorogimedence.hu\/index.php\/2019\/08\/11\/buborek-gofrizo-nyilik-dorogon\/#breadcrumb"},"inLanguage":"hu","potentialAction":[{"@type":"ReadAction","target":["https:\/\/dorogimedence.hu\/index.php\/2019\/08\/11\/buborek-gofrizo-nyilik-dorogon\/"]}]},{"@type":"ImageObject","inLanguage":"hu","@id":"https:\/\/dorogimedence.hu\/index.php\/2019\/08\/11\/buborek-gofrizo-nyilik-dorogon\/#primaryimage","url":"https:\/\/dorogimedence.hu\/wp-content\/uploads\/2019\/08\/buborek-gofri-2.jpg","contentUrl":"https:\/\/dorogimedence.hu\/wp-content\/uploads\/2019\/08\/buborek-gofri-2.jpg","width":670,"height":365},{"@type":"BreadcrumbList","@id":"https:\/\/dorogimedence.hu\/index.php\/2019\/08\/11\/buborek-gofrizo-nyilik-dorogon\/#breadcrumb","itemListElement":[{"@type":"ListItem","position":1,"name":"Kezd\u0151lap","item":"https:\/\/dorogimedence.hu\/"},{"@type":"ListItem","position":2,"name":"Bubor\u00e9k gofriz\u00f3 ny\u00edlik Dorogon"}]},{"@type":"WebSite","@id":"https:\/\/dorogimedence.hu\/#website","url":"https:\/\/dorogimedence.hu\/","name":"Dorogi-medence Region\u00e1lis H\u00edrport\u00e1l","description":"Dorog, Keszt\u00f6lc, Le\u00e1nyv\u00e1r, Piliscs\u00e9v, Tokod, Tokodalt\u00e1r\u00f3, Csolnok, Esztergom-kertv\u00e1ros: h\u00edrek, programok","publisher":{"@id":"https:\/\/dorogimedence.hu\/#organization"},"potentialAction":[{"@type":"SearchAction","target":{"@type":"EntryPoint","urlTemplate":"https:\/\/dorogimedence.hu\/?s={search_term_string}"},"query-input":{"@type":"PropertyValueSpecification","valueRequired":true,"valueName":"search_term_string"}}],"inLanguage":"hu"},{"@type":"Organization","@id":"https:\/\/dorogimedence.hu\/#organization","name":"Dorogi-medence Region\u00e1lis H\u00edrport\u00e1l","url":"https:\/\/dorogimedence.hu\/","logo":{"@type":"ImageObject","inLanguage":"hu","@id":"https:\/\/dorogimedence.hu\/#\/schema\/logo\/image\/","url":"https:\/\/dorogimedence.hu\/wp-content\/uploads\/2021\/04\/logo-feher-600.png","contentUrl":"https:\/\/dorogimedence.hu\/wp-content\/uploads\/2021\/04\/logo-feher-600.png","width":600,"height":100,"caption":"Dorogi-medence Region\u00e1lis H\u00edrport\u00e1l"},"image":{"@id":"https:\/\/dorogimedence.hu\/#\/schema\/logo\/image\/"},"sameAs":["https:\/\/www.facebook.com\/dorogimedence\/"]},{"@type":"Person","@id":"https:\/\/dorogimedence.hu\/#\/schema\/person\/ce6091eeb7e95ecdc87890d6aa8e0fd4","name":"dorogimedence.hu","image":{"@type":"ImageObject","inLanguage":"hu","@id":"\/\/www.gravatar.com\/avatar\/d8d45f8901aadff40a4af72c0b826f1d?s=96&#038;r=g&#038;d=mm","url":"\/\/www.gravatar.com\/avatar\/d8d45f8901aadff40a4af72c0b826f1d?s=96&#038;r=g&#038;d=mm","contentUrl":"\/\/www.gravatar.com\/avatar\/d8d45f8901aadff40a4af72c0b826f1d?s=96&#038;r=g&#038;d=mm","caption":"dorogimedence.hu"}}]}},"_links":{"self":[{"href":"https:\/\/dorogimedence.hu\/index.php\/wp-json\/wp\/v2\/posts\/18678","targetHints":{"allow":["GET"]}}],"collection":[{"href":"https:\/\/dorogimedence.hu\/index.php\/wp-json\/wp\/v2\/posts"}],"about":[{"href":"https:\/\/dorogimedence.hu\/index.php\/wp-json\/wp\/v2\/types\/post"}],"author":[{"embeddable":true,"href":"https:\/\/dorogimedence.hu\/index.php\/wp-json\/wp\/v2\/users\/1"}],"replies":[{"embeddable":true,"href":"https:\/\/dorogimedence.hu\/index.php\/wp-json\/wp\/v2\/comments?post=18678"}],"version-history":[{"count":0,"href":"https:\/\/dorogimedence.hu\/index.php\/wp-json\/wp\/v2\/posts\/18678\/revisions"}],"wp:featuredmedia":[{"embeddable":true,"href":"https:\/\/dorogimedence.hu\/index.php\/wp-json\/wp\/v2\/media\/18680"}],"wp:attachment":[{"href":"https:\/\/dorogimedence.hu\/index.php\/wp-json\/wp\/v2\/media?parent=18678"}],"wp:term":[{"taxonomy":"category","embeddable":true,"href":"https:\/\/dorogimedence.hu\/index.php\/wp-json\/wp\/v2\/categories?post=18678"},{"taxonomy":"post_tag","embeddable":true,"href":"https:\/\/dorogimedence.hu\/index.php\/wp-json\/wp\/v2\/tags?post=18678"}],"curies":[{"name":"wp","href":"https:\/\/api.w.org\/{rel}","templated":true}]}}