{"id":18667,"date":"2019-08-10T13:07:52","date_gmt":"2019-08-10T11:07:52","guid":{"rendered":"http:\/\/dorogimedence.hu\/?p=18667"},"modified":"2019-08-10T13:08:01","modified_gmt":"2019-08-10T11:08:01","slug":"kiallitas-megnyitoval-zarult-az-alkototabor-tokodon","status":"publish","type":"post","link":"https:\/\/dorogimedence.hu\/index.php\/2019\/08\/10\/kiallitas-megnyitoval-zarult-az-alkototabor-tokodon\/","title":{"rendered":"Ki\u00e1ll\u00edt\u00e1s megnyit\u00f3val z\u00e1rult az alkot\u00f3t\u00e1bor Tokodon"},"content":{"rendered":"<p><strong>Augusztus 9-\u00e9n, p\u00e9ntek d\u00e9lut\u00e1n \u00f6sszegy\u0171ltek az alkot\u00f3k \u00e9s a m\u0171v\u00e9szet kedvel\u0151i a tokodi Alkot\u00f3h\u00e1zban. Az alkot\u00f3t\u00e1bor sor\u00e1n k\u00e9sz\u00edtett m\u0171veket tekinthett\u00fck meg.<\/strong><\/p>\n<p>Az \u00e9rdekl\u0151d\u0151ket T\u00f3th Tivadar polg\u00e1rmester k\u00f6sz\u00f6nt\u00f6tte, majd V\u00e9gh \u00c9va fest\u0151m\u0171v\u00e9sz, a t\u00e1bor szervez\u0151je mes\u00e9lte el a t\u00e1borok mindennapjait, illetve bemutatta az alkot\u00f3kat.<\/p>\n<p>T\u00f3th Tivadar polg\u00e1rmester elmondta, hogy sok helyr\u0151l \u00e9rkeztek m\u0171v\u00e9szek a negyedik Nemzetk\u00f6zi Alkot\u00f3t\u00e1borba. Hozz\u00e1tette, hogy j\u00f3 l\u00e1tni a m\u0171v\u00e9szeken, hogy szeretnek Tokodon alkotni \u00e9s ez\u00e9rt b\u00fcszk\u00e9k is vagyunk, hogy ilyen sz\u00e9p term\u00e9szeti k\u00f6rnyezetben fekszik a falunk.<\/p>\n<p><img fetchpriority=\"high\" decoding=\"async\" class=\"alignnone size-full wp-image-18671\" src=\"https:\/\/dorogimedence.hu\/wp-content\/uploads\/2019\/08\/alkototabor-04.jpg\" alt=\"\" width=\"670\" height=\"365\" srcset=\"https:\/\/dorogimedence.hu\/wp-content\/uploads\/2019\/08\/alkototabor-04.jpg 670w, https:\/\/dorogimedence.hu\/wp-content\/uploads\/2019\/08\/alkototabor-04-300x163.jpg 300w\" sizes=\"(max-width: 670px) 100vw, 670px\" \/><\/p>\n<p>V\u00e9gh \u00c9va elmondta, hogy \u00f6r\u00f6mmel szervezik meg imm\u00e1ron n\u00e9gy \u00e9ve a t\u00e1bort \u00e9s j\u00f3 l\u00e1tni, hogy mindig vannak visszat\u00e9r\u0151 \u00e9s \u00faj alkot\u00f3k is. Hozz\u00e1tette, hogy k\u00f6sz\u00f6nik a telep\u00fcl\u00e9snek a t\u00e1mogat\u00e1st \u00e9s a seg\u00edts\u00e9get, amelyekkel olyan k\u00f6r\u00fclm\u00e9nyeket teremtettek, hogy nyugodtan tudt\u00e1k v\u00e9gezni a munk\u00e1jukat. Mi akik itt alkottunk, val\u00f3ban egy \u00f6sszeszokott k\u00f6z\u00f6ss\u00e9g, illetve \u00fagymond egy nagy csal\u00e1d voltunk, rem\u00e9lj\u00fck a j\u00f6v\u0151ben is ugyan\u00edgy lesz majd.<\/p>\n<p><img decoding=\"async\" class=\"alignnone size-large wp-image-18669\" src=\"https:\/\/dorogimedence.hu\/wp-content\/uploads\/2019\/08\/alkototabor-02.jpg\" alt=\"\" width=\"665\" height=\"362\" srcset=\"https:\/\/dorogimedence.hu\/wp-content\/uploads\/2019\/08\/alkototabor-02.jpg 670w, https:\/\/dorogimedence.hu\/wp-content\/uploads\/2019\/08\/alkototabor-02-300x163.jpg 300w\" sizes=\"(max-width: 665px) 100vw, 665px\" \/><\/p>\n<p>Id\u00e9n 13 alkot\u00f3ja volt a t\u00e1bornak, mindemellett voltak olyanok is, akik nem tudtak elj\u00f6nni, de k\u00fcldtek k\u00e9pet a ki\u00e1ll\u00edt\u00e1sra. Buj\u00e1k \u00c1gnes Pozsony mell\u0151l Gal\u00e1nt\u00e1r\u00f3l \u00e9rkezett a t\u00e1borba, az esztergomi Cserni P\u00e9tern\u00e9 Korka Zsuzsanna vakolatfest\u00e9kkel alkotott, Gergely Judit pedig t\u0171zzom\u00e1nccal dolgozott.<\/p>\n<p><img decoding=\"async\" class=\"alignnone size-full wp-image-18670\" src=\"https:\/\/dorogimedence.hu\/wp-content\/uploads\/2019\/08\/alkototabor-03.jpg\" alt=\"\" width=\"670\" height=\"365\" srcset=\"https:\/\/dorogimedence.hu\/wp-content\/uploads\/2019\/08\/alkototabor-03.jpg 670w, https:\/\/dorogimedence.hu\/wp-content\/uploads\/2019\/08\/alkototabor-03-300x163.jpg 300w\" sizes=\"(max-width: 670px) 100vw, 670px\" \/><\/p>\n<p>A t\u00e1borban r\u00e9szt vett Kapa Melinda aki Dorogon tan\u00edt \u00e9s Palk\u00f3n\u00e9 Keszthelyi Kl\u00e1ra, aki szint\u00e9n Dorogon tan\u00edtott. A mez\u0151sasi K\u0151r\u00f6ssy Klaudia a debreceni Nyilas \u00c1gnessel alkotott egy\u00fctt. Krokker Krisztina is r\u00e9szt vett a t\u00e1borban, \u0151 egy francia kolostorban tanult. De k\u00e1rp\u00e1taljai sz\u00e1rmaz\u00e1s\u00fa m\u0171v\u00e9sz, Medveczky \u00c1gnes is hozz\u00e1j\u00e1rult alkot\u00e1s\u00e1val a ki\u00e1ll\u00edt\u00e1shoz. A t\u00e1borban r\u00e9szt vett m\u00e9g Papp Norbert, V\u00f6r\u00f6s Henriette, V\u00e9gh Lajos \u00e9s V\u00e1rosi Gabriella is.<\/p>\n<p>A bemutatkoz\u00f3k ut\u00e1n V\u00e9gh Lajos homokanim\u00e1ci\u00f3val k\u00e1pr\u00e1ztatta el a k\u00f6z\u00f6ns\u00e9get, majd a r\u00e9sztvev\u0151ket k\u00f6nnyed hangulat\u00fa besz\u00e9lget\u00e9ssel \u00e9s agap\u00e9val v\u00e1rt\u00e1k.<\/p>\n<p><img loading=\"lazy\" decoding=\"async\" class=\"alignnone size-full wp-image-18672\" src=\"https:\/\/dorogimedence.hu\/wp-content\/uploads\/2019\/08\/alkototabor-05.jpg\" alt=\"\" width=\"670\" height=\"365\" srcset=\"https:\/\/dorogimedence.hu\/wp-content\/uploads\/2019\/08\/alkototabor-05.jpg 670w, https:\/\/dorogimedence.hu\/wp-content\/uploads\/2019\/08\/alkototabor-05-300x163.jpg 300w\" sizes=\"(max-width: 670px) 100vw, 670px\" \/><\/p>\n<p><img loading=\"lazy\" decoding=\"async\" class=\"alignnone size-large wp-image-18673\" src=\"https:\/\/dorogimedence.hu\/wp-content\/uploads\/2019\/08\/alkototabor-06.jpg\" alt=\"\" width=\"665\" height=\"362\" srcset=\"https:\/\/dorogimedence.hu\/wp-content\/uploads\/2019\/08\/alkototabor-06.jpg 670w, https:\/\/dorogimedence.hu\/wp-content\/uploads\/2019\/08\/alkototabor-06-300x163.jpg 300w\" sizes=\"(max-width: 665px) 100vw, 665px\" \/><\/p>\n","protected":false},"excerpt":{"rendered":"<p>Augusztus 9-\u00e9n, p\u00e9ntek d\u00e9lut\u00e1n \u00f6sszegy\u0171ltek az alkot\u00f3k \u00e9s a m\u0171v\u00e9szet kedvel\u0151i a tokodi Alkot\u00f3h\u00e1zban. Az alkot\u00f3t\u00e1bor sor\u00e1n k\u00e9sz\u00edtett m\u0171veket tekinthett\u00fck meg. Az \u00e9rdekl\u0151d\u0151ket T\u00f3th Tivadar polg\u00e1rmester k\u00f6sz\u00f6nt\u00f6tte, majd V\u00e9gh \u00c9va fest\u0151m\u0171v\u00e9sz, a t\u00e1bor szervez\u0151je mes\u00e9lte el a t\u00e1borok mindennapjait, illetve bemutatta az alkot\u00f3kat. T\u00f3th Tivadar polg\u00e1rmester elmondta, hogy sok helyr\u0151l \u00e9rkeztek m\u0171v\u00e9szek a negyedik Nemzetk\u00f6zi<\/p>\n","protected":false},"author":1,"featured_media":18668,"comment_status":"closed","ping_status":"closed","sticky":false,"template":"","format":"standard","meta":{"ngg_post_thumbnail":0,"footnotes":""},"categories":[3,6],"tags":[1648,4145,228,299,4146,12],"class_list":{"0":"post-18667","1":"post","2":"type-post","3":"status-publish","4":"format-standard","5":"has-post-thumbnail","7":"category-hirek","8":"category-tokod","9":"tag-alkotas","10":"tag-alkototabor","11":"tag-festeszet","12":"tag-muveszet","13":"tag-nemzetkozi-alkototabor","14":"tag-tokod"},"yoast_head":"<!-- This site is optimized with the Yoast SEO plugin v27.4 - https:\/\/yoast.com\/product\/yoast-seo-wordpress\/ -->\n<title>Ki\u00e1ll\u00edt\u00e1s megnyit\u00f3val z\u00e1rult az alkot\u00f3t\u00e1bor Tokodon<\/title>\n<meta name=\"robots\" content=\"index, follow, max-snippet:-1, max-image-preview:large, max-video-preview:-1\" \/>\n<link rel=\"canonical\" href=\"https:\/\/dorogimedence.hu\/index.php\/2019\/08\/10\/kiallitas-megnyitoval-zarult-az-alkototabor-tokodon\/\" class=\"yoast-seo-meta-tag\" \/>\n<meta property=\"og:locale\" content=\"hu_HU\" class=\"yoast-seo-meta-tag\" \/>\n<meta property=\"og:type\" content=\"article\" class=\"yoast-seo-meta-tag\" \/>\n<meta property=\"og:title\" content=\"Ki\u00e1ll\u00edt\u00e1s megnyit\u00f3val z\u00e1rult az alkot\u00f3t\u00e1bor Tokodon\" class=\"yoast-seo-meta-tag\" \/>\n<meta property=\"og:description\" content=\"Augusztus 9-\u00e9n, p\u00e9ntek d\u00e9lut\u00e1n \u00f6sszegy\u0171ltek az alkot\u00f3k \u00e9s a m\u0171v\u00e9szet kedvel\u0151i a tokodi Alkot\u00f3h\u00e1zban. Az alkot\u00f3t\u00e1bor sor\u00e1n k\u00e9sz\u00edtett m\u0171veket tekinthett\u00fck meg. Az \u00e9rdekl\u0151d\u0151ket T\u00f3th Tivadar polg\u00e1rmester k\u00f6sz\u00f6nt\u00f6tte, majd V\u00e9gh \u00c9va fest\u0151m\u0171v\u00e9sz, a t\u00e1bor szervez\u0151je mes\u00e9lte el a t\u00e1borok mindennapjait, illetve bemutatta az alkot\u00f3kat. T\u00f3th Tivadar polg\u00e1rmester elmondta, hogy sok helyr\u0151l \u00e9rkeztek m\u0171v\u00e9szek a negyedik Nemzetk\u00f6zi\" class=\"yoast-seo-meta-tag\" \/>\n<meta property=\"og:url\" content=\"https:\/\/dorogimedence.hu\/index.php\/2019\/08\/10\/kiallitas-megnyitoval-zarult-az-alkototabor-tokodon\/\" class=\"yoast-seo-meta-tag\" \/>\n<meta property=\"og:site_name\" content=\"Dorogi-medence Region\u00e1lis H\u00edrport\u00e1l\" class=\"yoast-seo-meta-tag\" \/>\n<meta property=\"article:publisher\" content=\"https:\/\/www.facebook.com\/dorogimedence\/\" class=\"yoast-seo-meta-tag\" \/>\n<meta property=\"article:published_time\" content=\"2019-08-10T11:07:52+00:00\" class=\"yoast-seo-meta-tag\" \/>\n<meta property=\"article:modified_time\" content=\"2019-08-10T11:08:01+00:00\" class=\"yoast-seo-meta-tag\" \/>\n<meta property=\"og:image\" content=\"https:\/\/i0.wp.com\/dorogimedence.hu\/wp-content\/uploads\/2019\/08\/alkototabor-01.jpg?fit=670%2C365&ssl=1\" class=\"yoast-seo-meta-tag\" \/>\n\t<meta property=\"og:image:width\" content=\"670\" class=\"yoast-seo-meta-tag\" \/>\n\t<meta property=\"og:image:height\" content=\"365\" class=\"yoast-seo-meta-tag\" \/>\n\t<meta property=\"og:image:type\" content=\"image\/jpeg\" class=\"yoast-seo-meta-tag\" \/>\n<meta name=\"author\" content=\"dorogimedence.hu\" class=\"yoast-seo-meta-tag\" \/>\n<meta name=\"twitter:card\" content=\"summary_large_image\" class=\"yoast-seo-meta-tag\" \/>\n<meta name=\"twitter:label1\" content=\"Szerz\u0151:\" class=\"yoast-seo-meta-tag\" \/>\n\t<meta name=\"twitter:data1\" content=\"dorogimedence.hu\" class=\"yoast-seo-meta-tag\" \/>\n\t<meta name=\"twitter:label2\" content=\"Becs\u00fclt olvas\u00e1si id\u0151\" class=\"yoast-seo-meta-tag\" \/>\n\t<meta name=\"twitter:data2\" content=\"2 perc\" class=\"yoast-seo-meta-tag\" \/>\n<script type=\"application\/ld+json\" class=\"yoast-schema-graph\">{\"@context\":\"https:\\\/\\\/schema.org\",\"@graph\":[{\"@type\":\"Article\",\"@id\":\"https:\\\/\\\/dorogimedence.hu\\\/index.php\\\/2019\\\/08\\\/10\\\/kiallitas-megnyitoval-zarult-az-alkototabor-tokodon\\\/#article\",\"isPartOf\":{\"@id\":\"https:\\\/\\\/dorogimedence.hu\\\/index.php\\\/2019\\\/08\\\/10\\\/kiallitas-megnyitoval-zarult-az-alkototabor-tokodon\\\/\"},\"author\":{\"name\":\"dorogimedence.hu\",\"@id\":\"https:\\\/\\\/dorogimedence.hu\\\/#\\\/schema\\\/person\\\/ce6091eeb7e95ecdc87890d6aa8e0fd4\"},\"headline\":\"Ki\u00e1ll\u00edt\u00e1s megnyit\u00f3val z\u00e1rult az alkot\u00f3t\u00e1bor Tokodon\",\"datePublished\":\"2019-08-10T11:07:52+00:00\",\"dateModified\":\"2019-08-10T11:08:01+00:00\",\"mainEntityOfPage\":{\"@id\":\"https:\\\/\\\/dorogimedence.hu\\\/index.php\\\/2019\\\/08\\\/10\\\/kiallitas-megnyitoval-zarult-az-alkototabor-tokodon\\\/\"},\"wordCount\":433,\"publisher\":{\"@id\":\"https:\\\/\\\/dorogimedence.hu\\\/#organization\"},\"image\":{\"@id\":\"https:\\\/\\\/dorogimedence.hu\\\/index.php\\\/2019\\\/08\\\/10\\\/kiallitas-megnyitoval-zarult-az-alkototabor-tokodon\\\/#primaryimage\"},\"thumbnailUrl\":\"https:\\\/\\\/dorogimedence.hu\\\/wp-content\\\/uploads\\\/2019\\\/08\\\/alkototabor-01.jpg\",\"keywords\":[\"alkot\u00e1s\",\"alkot\u00f3t\u00e1bor\",\"fest\u00e9szet\",\"m\u0171v\u00e9szet\",\"nemzetk\u00f6zi alkot\u00f3t\u00e1bor\",\"Tokod\"],\"articleSection\":[\"H\u00edrek\",\"Tokod\"],\"inLanguage\":\"hu\"},{\"@type\":\"WebPage\",\"@id\":\"https:\\\/\\\/dorogimedence.hu\\\/index.php\\\/2019\\\/08\\\/10\\\/kiallitas-megnyitoval-zarult-az-alkototabor-tokodon\\\/\",\"url\":\"https:\\\/\\\/dorogimedence.hu\\\/index.php\\\/2019\\\/08\\\/10\\\/kiallitas-megnyitoval-zarult-az-alkototabor-tokodon\\\/\",\"name\":\"Ki\u00e1ll\u00edt\u00e1s megnyit\u00f3val z\u00e1rult az alkot\u00f3t\u00e1bor Tokodon\",\"isPartOf\":{\"@id\":\"https:\\\/\\\/dorogimedence.hu\\\/#website\"},\"primaryImageOfPage\":{\"@id\":\"https:\\\/\\\/dorogimedence.hu\\\/index.php\\\/2019\\\/08\\\/10\\\/kiallitas-megnyitoval-zarult-az-alkototabor-tokodon\\\/#primaryimage\"},\"image\":{\"@id\":\"https:\\\/\\\/dorogimedence.hu\\\/index.php\\\/2019\\\/08\\\/10\\\/kiallitas-megnyitoval-zarult-az-alkototabor-tokodon\\\/#primaryimage\"},\"thumbnailUrl\":\"https:\\\/\\\/dorogimedence.hu\\\/wp-content\\\/uploads\\\/2019\\\/08\\\/alkototabor-01.jpg\",\"datePublished\":\"2019-08-10T11:07:52+00:00\",\"dateModified\":\"2019-08-10T11:08:01+00:00\",\"breadcrumb\":{\"@id\":\"https:\\\/\\\/dorogimedence.hu\\\/index.php\\\/2019\\\/08\\\/10\\\/kiallitas-megnyitoval-zarult-az-alkototabor-tokodon\\\/#breadcrumb\"},\"inLanguage\":\"hu\",\"potentialAction\":[{\"@type\":\"ReadAction\",\"target\":[\"https:\\\/\\\/dorogimedence.hu\\\/index.php\\\/2019\\\/08\\\/10\\\/kiallitas-megnyitoval-zarult-az-alkototabor-tokodon\\\/\"]}]},{\"@type\":\"ImageObject\",\"inLanguage\":\"hu\",\"@id\":\"https:\\\/\\\/dorogimedence.hu\\\/index.php\\\/2019\\\/08\\\/10\\\/kiallitas-megnyitoval-zarult-az-alkototabor-tokodon\\\/#primaryimage\",\"url\":\"https:\\\/\\\/dorogimedence.hu\\\/wp-content\\\/uploads\\\/2019\\\/08\\\/alkototabor-01.jpg\",\"contentUrl\":\"https:\\\/\\\/dorogimedence.hu\\\/wp-content\\\/uploads\\\/2019\\\/08\\\/alkototabor-01.jpg\",\"width\":670,\"height\":365},{\"@type\":\"BreadcrumbList\",\"@id\":\"https:\\\/\\\/dorogimedence.hu\\\/index.php\\\/2019\\\/08\\\/10\\\/kiallitas-megnyitoval-zarult-az-alkototabor-tokodon\\\/#breadcrumb\",\"itemListElement\":[{\"@type\":\"ListItem\",\"position\":1,\"name\":\"Kezd\u0151lap\",\"item\":\"https:\\\/\\\/dorogimedence.hu\\\/\"},{\"@type\":\"ListItem\",\"position\":2,\"name\":\"Ki\u00e1ll\u00edt\u00e1s megnyit\u00f3val z\u00e1rult az alkot\u00f3t\u00e1bor Tokodon\"}]},{\"@type\":\"WebSite\",\"@id\":\"https:\\\/\\\/dorogimedence.hu\\\/#website\",\"url\":\"https:\\\/\\\/dorogimedence.hu\\\/\",\"name\":\"Dorogi-medence Region\u00e1lis H\u00edrport\u00e1l\",\"description\":\"Dorog, Keszt\u00f6lc, Le\u00e1nyv\u00e1r, Piliscs\u00e9v, Tokod, Tokodalt\u00e1r\u00f3, Csolnok, Esztergom-kertv\u00e1ros: h\u00edrek, programok\",\"publisher\":{\"@id\":\"https:\\\/\\\/dorogimedence.hu\\\/#organization\"},\"potentialAction\":[{\"@type\":\"SearchAction\",\"target\":{\"@type\":\"EntryPoint\",\"urlTemplate\":\"https:\\\/\\\/dorogimedence.hu\\\/?s={search_term_string}\"},\"query-input\":{\"@type\":\"PropertyValueSpecification\",\"valueRequired\":true,\"valueName\":\"search_term_string\"}}],\"inLanguage\":\"hu\"},{\"@type\":\"Organization\",\"@id\":\"https:\\\/\\\/dorogimedence.hu\\\/#organization\",\"name\":\"Dorogi-medence Region\u00e1lis H\u00edrport\u00e1l\",\"url\":\"https:\\\/\\\/dorogimedence.hu\\\/\",\"logo\":{\"@type\":\"ImageObject\",\"inLanguage\":\"hu\",\"@id\":\"https:\\\/\\\/dorogimedence.hu\\\/#\\\/schema\\\/logo\\\/image\\\/\",\"url\":\"https:\\\/\\\/dorogimedence.hu\\\/wp-content\\\/uploads\\\/2021\\\/04\\\/logo-feher-600.png\",\"contentUrl\":\"https:\\\/\\\/dorogimedence.hu\\\/wp-content\\\/uploads\\\/2021\\\/04\\\/logo-feher-600.png\",\"width\":600,\"height\":100,\"caption\":\"Dorogi-medence Region\u00e1lis H\u00edrport\u00e1l\"},\"image\":{\"@id\":\"https:\\\/\\\/dorogimedence.hu\\\/#\\\/schema\\\/logo\\\/image\\\/\"},\"sameAs\":[\"https:\\\/\\\/www.facebook.com\\\/dorogimedence\\\/\"]},{\"@type\":\"Person\",\"@id\":\"https:\\\/\\\/dorogimedence.hu\\\/#\\\/schema\\\/person\\\/ce6091eeb7e95ecdc87890d6aa8e0fd4\",\"name\":\"dorogimedence.hu\",\"image\":{\"@type\":\"ImageObject\",\"inLanguage\":\"hu\",\"@id\":\"\\\/\\\/www.gravatar.com\\\/avatar\\\/d8d45f8901aadff40a4af72c0b826f1d?s=96&#038;r=g&#038;d=mm\",\"url\":\"\\\/\\\/www.gravatar.com\\\/avatar\\\/d8d45f8901aadff40a4af72c0b826f1d?s=96&#038;r=g&#038;d=mm\",\"contentUrl\":\"\\\/\\\/www.gravatar.com\\\/avatar\\\/d8d45f8901aadff40a4af72c0b826f1d?s=96&#038;r=g&#038;d=mm\",\"caption\":\"dorogimedence.hu\"}}]}<\/script>\n<!-- \/ Yoast SEO plugin. -->","yoast_head_json":{"title":"Ki\u00e1ll\u00edt\u00e1s megnyit\u00f3val z\u00e1rult az alkot\u00f3t\u00e1bor Tokodon","robots":{"index":"index","follow":"follow","max-snippet":"max-snippet:-1","max-image-preview":"max-image-preview:large","max-video-preview":"max-video-preview:-1"},"canonical":"https:\/\/dorogimedence.hu\/index.php\/2019\/08\/10\/kiallitas-megnyitoval-zarult-az-alkototabor-tokodon\/","og_locale":"hu_HU","og_type":"article","og_title":"Ki\u00e1ll\u00edt\u00e1s megnyit\u00f3val z\u00e1rult az alkot\u00f3t\u00e1bor Tokodon","og_description":"Augusztus 9-\u00e9n, p\u00e9ntek d\u00e9lut\u00e1n \u00f6sszegy\u0171ltek az alkot\u00f3k \u00e9s a m\u0171v\u00e9szet kedvel\u0151i a tokodi Alkot\u00f3h\u00e1zban. Az alkot\u00f3t\u00e1bor sor\u00e1n k\u00e9sz\u00edtett m\u0171veket tekinthett\u00fck meg. Az \u00e9rdekl\u0151d\u0151ket T\u00f3th Tivadar polg\u00e1rmester k\u00f6sz\u00f6nt\u00f6tte, majd V\u00e9gh \u00c9va fest\u0151m\u0171v\u00e9sz, a t\u00e1bor szervez\u0151je mes\u00e9lte el a t\u00e1borok mindennapjait, illetve bemutatta az alkot\u00f3kat. T\u00f3th Tivadar polg\u00e1rmester elmondta, hogy sok helyr\u0151l \u00e9rkeztek m\u0171v\u00e9szek a negyedik Nemzetk\u00f6zi","og_url":"https:\/\/dorogimedence.hu\/index.php\/2019\/08\/10\/kiallitas-megnyitoval-zarult-az-alkototabor-tokodon\/","og_site_name":"Dorogi-medence Region\u00e1lis H\u00edrport\u00e1l","article_publisher":"https:\/\/www.facebook.com\/dorogimedence\/","article_published_time":"2019-08-10T11:07:52+00:00","article_modified_time":"2019-08-10T11:08:01+00:00","og_image":[{"width":670,"height":365,"url":"https:\/\/i0.wp.com\/dorogimedence.hu\/wp-content\/uploads\/2019\/08\/alkototabor-01.jpg?fit=670%2C365&ssl=1","type":"image\/jpeg"}],"author":"dorogimedence.hu","twitter_card":"summary_large_image","twitter_misc":{"Szerz\u0151:":"dorogimedence.hu","Becs\u00fclt olvas\u00e1si id\u0151":"2 perc"},"schema":{"@context":"https:\/\/schema.org","@graph":[{"@type":"Article","@id":"https:\/\/dorogimedence.hu\/index.php\/2019\/08\/10\/kiallitas-megnyitoval-zarult-az-alkototabor-tokodon\/#article","isPartOf":{"@id":"https:\/\/dorogimedence.hu\/index.php\/2019\/08\/10\/kiallitas-megnyitoval-zarult-az-alkototabor-tokodon\/"},"author":{"name":"dorogimedence.hu","@id":"https:\/\/dorogimedence.hu\/#\/schema\/person\/ce6091eeb7e95ecdc87890d6aa8e0fd4"},"headline":"Ki\u00e1ll\u00edt\u00e1s megnyit\u00f3val z\u00e1rult az alkot\u00f3t\u00e1bor Tokodon","datePublished":"2019-08-10T11:07:52+00:00","dateModified":"2019-08-10T11:08:01+00:00","mainEntityOfPage":{"@id":"https:\/\/dorogimedence.hu\/index.php\/2019\/08\/10\/kiallitas-megnyitoval-zarult-az-alkototabor-tokodon\/"},"wordCount":433,"publisher":{"@id":"https:\/\/dorogimedence.hu\/#organization"},"image":{"@id":"https:\/\/dorogimedence.hu\/index.php\/2019\/08\/10\/kiallitas-megnyitoval-zarult-az-alkototabor-tokodon\/#primaryimage"},"thumbnailUrl":"https:\/\/dorogimedence.hu\/wp-content\/uploads\/2019\/08\/alkototabor-01.jpg","keywords":["alkot\u00e1s","alkot\u00f3t\u00e1bor","fest\u00e9szet","m\u0171v\u00e9szet","nemzetk\u00f6zi alkot\u00f3t\u00e1bor","Tokod"],"articleSection":["H\u00edrek","Tokod"],"inLanguage":"hu"},{"@type":"WebPage","@id":"https:\/\/dorogimedence.hu\/index.php\/2019\/08\/10\/kiallitas-megnyitoval-zarult-az-alkototabor-tokodon\/","url":"https:\/\/dorogimedence.hu\/index.php\/2019\/08\/10\/kiallitas-megnyitoval-zarult-az-alkototabor-tokodon\/","name":"Ki\u00e1ll\u00edt\u00e1s megnyit\u00f3val z\u00e1rult az alkot\u00f3t\u00e1bor Tokodon","isPartOf":{"@id":"https:\/\/dorogimedence.hu\/#website"},"primaryImageOfPage":{"@id":"https:\/\/dorogimedence.hu\/index.php\/2019\/08\/10\/kiallitas-megnyitoval-zarult-az-alkototabor-tokodon\/#primaryimage"},"image":{"@id":"https:\/\/dorogimedence.hu\/index.php\/2019\/08\/10\/kiallitas-megnyitoval-zarult-az-alkototabor-tokodon\/#primaryimage"},"thumbnailUrl":"https:\/\/dorogimedence.hu\/wp-content\/uploads\/2019\/08\/alkototabor-01.jpg","datePublished":"2019-08-10T11:07:52+00:00","dateModified":"2019-08-10T11:08:01+00:00","breadcrumb":{"@id":"https:\/\/dorogimedence.hu\/index.php\/2019\/08\/10\/kiallitas-megnyitoval-zarult-az-alkototabor-tokodon\/#breadcrumb"},"inLanguage":"hu","potentialAction":[{"@type":"ReadAction","target":["https:\/\/dorogimedence.hu\/index.php\/2019\/08\/10\/kiallitas-megnyitoval-zarult-az-alkototabor-tokodon\/"]}]},{"@type":"ImageObject","inLanguage":"hu","@id":"https:\/\/dorogimedence.hu\/index.php\/2019\/08\/10\/kiallitas-megnyitoval-zarult-az-alkototabor-tokodon\/#primaryimage","url":"https:\/\/dorogimedence.hu\/wp-content\/uploads\/2019\/08\/alkototabor-01.jpg","contentUrl":"https:\/\/dorogimedence.hu\/wp-content\/uploads\/2019\/08\/alkototabor-01.jpg","width":670,"height":365},{"@type":"BreadcrumbList","@id":"https:\/\/dorogimedence.hu\/index.php\/2019\/08\/10\/kiallitas-megnyitoval-zarult-az-alkototabor-tokodon\/#breadcrumb","itemListElement":[{"@type":"ListItem","position":1,"name":"Kezd\u0151lap","item":"https:\/\/dorogimedence.hu\/"},{"@type":"ListItem","position":2,"name":"Ki\u00e1ll\u00edt\u00e1s megnyit\u00f3val z\u00e1rult az alkot\u00f3t\u00e1bor Tokodon"}]},{"@type":"WebSite","@id":"https:\/\/dorogimedence.hu\/#website","url":"https:\/\/dorogimedence.hu\/","name":"Dorogi-medence Region\u00e1lis H\u00edrport\u00e1l","description":"Dorog, Keszt\u00f6lc, Le\u00e1nyv\u00e1r, Piliscs\u00e9v, Tokod, Tokodalt\u00e1r\u00f3, Csolnok, Esztergom-kertv\u00e1ros: h\u00edrek, programok","publisher":{"@id":"https:\/\/dorogimedence.hu\/#organization"},"potentialAction":[{"@type":"SearchAction","target":{"@type":"EntryPoint","urlTemplate":"https:\/\/dorogimedence.hu\/?s={search_term_string}"},"query-input":{"@type":"PropertyValueSpecification","valueRequired":true,"valueName":"search_term_string"}}],"inLanguage":"hu"},{"@type":"Organization","@id":"https:\/\/dorogimedence.hu\/#organization","name":"Dorogi-medence Region\u00e1lis H\u00edrport\u00e1l","url":"https:\/\/dorogimedence.hu\/","logo":{"@type":"ImageObject","inLanguage":"hu","@id":"https:\/\/dorogimedence.hu\/#\/schema\/logo\/image\/","url":"https:\/\/dorogimedence.hu\/wp-content\/uploads\/2021\/04\/logo-feher-600.png","contentUrl":"https:\/\/dorogimedence.hu\/wp-content\/uploads\/2021\/04\/logo-feher-600.png","width":600,"height":100,"caption":"Dorogi-medence Region\u00e1lis H\u00edrport\u00e1l"},"image":{"@id":"https:\/\/dorogimedence.hu\/#\/schema\/logo\/image\/"},"sameAs":["https:\/\/www.facebook.com\/dorogimedence\/"]},{"@type":"Person","@id":"https:\/\/dorogimedence.hu\/#\/schema\/person\/ce6091eeb7e95ecdc87890d6aa8e0fd4","name":"dorogimedence.hu","image":{"@type":"ImageObject","inLanguage":"hu","@id":"\/\/www.gravatar.com\/avatar\/d8d45f8901aadff40a4af72c0b826f1d?s=96&#038;r=g&#038;d=mm","url":"\/\/www.gravatar.com\/avatar\/d8d45f8901aadff40a4af72c0b826f1d?s=96&#038;r=g&#038;d=mm","contentUrl":"\/\/www.gravatar.com\/avatar\/d8d45f8901aadff40a4af72c0b826f1d?s=96&#038;r=g&#038;d=mm","caption":"dorogimedence.hu"}}]}},"_links":{"self":[{"href":"https:\/\/dorogimedence.hu\/index.php\/wp-json\/wp\/v2\/posts\/18667","targetHints":{"allow":["GET"]}}],"collection":[{"href":"https:\/\/dorogimedence.hu\/index.php\/wp-json\/wp\/v2\/posts"}],"about":[{"href":"https:\/\/dorogimedence.hu\/index.php\/wp-json\/wp\/v2\/types\/post"}],"author":[{"embeddable":true,"href":"https:\/\/dorogimedence.hu\/index.php\/wp-json\/wp\/v2\/users\/1"}],"replies":[{"embeddable":true,"href":"https:\/\/dorogimedence.hu\/index.php\/wp-json\/wp\/v2\/comments?post=18667"}],"version-history":[{"count":0,"href":"https:\/\/dorogimedence.hu\/index.php\/wp-json\/wp\/v2\/posts\/18667\/revisions"}],"wp:featuredmedia":[{"embeddable":true,"href":"https:\/\/dorogimedence.hu\/index.php\/wp-json\/wp\/v2\/media\/18668"}],"wp:attachment":[{"href":"https:\/\/dorogimedence.hu\/index.php\/wp-json\/wp\/v2\/media?parent=18667"}],"wp:term":[{"taxonomy":"category","embeddable":true,"href":"https:\/\/dorogimedence.hu\/index.php\/wp-json\/wp\/v2\/categories?post=18667"},{"taxonomy":"post_tag","embeddable":true,"href":"https:\/\/dorogimedence.hu\/index.php\/wp-json\/wp\/v2\/tags?post=18667"}],"curies":[{"name":"wp","href":"https:\/\/api.w.org\/{rel}","templated":true}]}}