{"id":18656,"date":"2019-08-09T11:21:20","date_gmt":"2019-08-09T09:21:20","guid":{"rendered":"http:\/\/dorogimedence.hu\/?p=18656"},"modified":"2019-08-09T11:21:20","modified_gmt":"2019-08-09T09:21:20","slug":"hoseg-kanikula-megelozes-katasztrofavedelem-tanacsai","status":"publish","type":"post","link":"https:\/\/dorogimedence.hu\/index.php\/2019\/08\/09\/hoseg-kanikula-megelozes-katasztrofavedelem-tanacsai\/","title":{"rendered":"H\u0151s\u00e9g, k\u00e1nikula, megel\u0151z\u00e9s &#8211; Katasztr\u00f3fav\u00e9delem tan\u00e1csai"},"content":{"rendered":"<p><b>Magyarorsz\u00e1gon a meteorol\u00f3giai ny\u00e1r j\u00fanius 1-j\u00e9t\u0151l augusztus 31-ig tart, m\u00edg az \u00fagynevezett csillag\u00e1szati ny\u00e1r a ny\u00e1ri napfordul\u00f3t\u00f3l eg\u00e9szen az \u0151szi nap\u00e9jegyenl\u0151s\u00e9gig, teh\u00e1t szeptember 23-ig.<\/b><\/p>\n<p>Tavasszal \u00e9s ny\u00e1ron t\u00f6bben dolgozunk vagy pihen\u00fcnk a szabadban. A hosszabb \u00e9s melegebb nappalok sokunk sz\u00e1m\u00e1ra a szabads\u00e1got, a felh\u0151tlen sz\u00f3rakoz\u00e1st jelentik. Ehhez viszont tudnunk kell azt is, hogy ny\u00e1ron gyakran fordulhat el\u0151 heves zivatar, viharos sz\u00e9l, felh\u0151szakad\u00e1s vagy \u00e9ppen j\u00e9ges\u0151, m\u00e1skor pedig rendk\u00edv\u00fcli h\u0151hull\u00e1mok tehetik pr\u00f3b\u00e1ra t\u0171r\u0151k\u00e9pess\u00e9g\u00fcnket.<\/p>\n<p>A tart\u00f3s h\u0151s\u00e9g miatt, az \u00e1tlagosn\u00e1l melegebb id\u0151ben az eg\u00e9szs\u00e9ges szervezetet is extr\u00e9m ig\u00e9nybev\u00e9tel \u00e9ri. A sz\u00edv- \u00e9s a kering\u00e9si betegs\u00e9gben szenved\u0151k\u00f6n t\u00fal ilyenkor b\u00e1rkin\u00e9l el\u0151fordulhatnak eg\u00e9szs\u00e9g\u00fcgyi panaszok. Akik a h\u0151s\u00e9g ellen\u00e9re g\u00e9pj\u00e1rm\u0171be k\u00e9nyszer\u00fclnek, fokozott \u00f3vatoss\u00e1ggal vezessenek, hiszen a koncentr\u00e1ci\u00f3t negat\u00edvan befoly\u00e1solhatja a meleg.<\/p>\n<p>A k\u00e1nikul\u00e1t nem csak az emberek, hanem az \u00e1llatok is nehezen viselik. A h\u00e1zi kedvenceket m\u00e9g n\u00e9h\u00e1ny percre se hagyjuk a parkol\u00f3 aut\u00f3ban, mert k\u00f6nnyen felforr\u00f3sodik a leveg\u0151. Ny\u00e1ri id\u0151szakban a k\u00fcls\u0151 h\u0151m\u00e9rs\u00e9klett\u0151l f\u00fcgg\u0151en az aut\u00f3 bels\u0151 h\u0151m\u00e9rs\u00e9klete ak\u00e1r az 50 C fokot is meghaladhatja. Ilyenkor kisgyermekeket \u00e9s h\u00e1zi\u00e1llatokat percekre se hagyjunk a g\u00e9pj\u00e1rm\u0171ben, a r\u00e9snyire hagyott ablak pedig nem jelent megold\u00e1st a h\u0151s\u00e9g ellen. Amennyiben g\u00e9pj\u00e1rm\u0171be z\u00e1rt kisgyermeket, vagy h\u00e1zi\u00e1llatot l\u00e1t, azonnal h\u00edvja a 112 \u2013es seg\u00e9lyh\u00edv\u00f3 sz\u00e1mot \u00e9s k\u00e9rje a t\u0171zolt\u00f3k seg\u00edts\u00e9g\u00e9t.&nbsp;<\/p>\n<p>A Kom\u00e1rom-Esztergom Megyei Katasztr\u00f3fav\u00e9delmi Igazgat\u00f3s\u00e1g az al\u00e1bbi hasznos tan\u00e1csokat javasolja a h\u0151s\u00e9g idej\u00e9re:<\/p>\n<p><strong>\u00c1ltal\u00e1nos tudnival\u00f3k<\/strong><\/p>\n<ol>\n<li>K\u00e1nikulai napokon a k\u00fcl\u00f6n\u00f6sen meleg d\u00e9l k\u00f6r\u00fcli, kora d\u00e9lut\u00e1ni \u00f3r\u00e1kat lehet\u0151s\u00e9g szerint t\u00f6ltse viszonylag h\u0171v\u00f6sben, bes\u00f6t\u00e9t\u00edtett helyis\u00e9gben!<\/li>\n<li>V\u00e9dj\u00e9k b\u0151r\u00fcket a le\u00e9g\u00e9s ellen megfelel\u0151 \u00f6lt\u00f6zk\u00f6d\u00e9ssel, napv\u00e9d\u0151 k\u00e9sz\u00edtm\u00e9nyekkel, valamint vegy\u00e9k ig\u00e9nybe a klimatiz\u00e1lt helyis\u00e9geket, \u00e9p\u00fcleteket.<\/li>\n<li>Nagy melegben zuhanyozzon langyos vagy hideg v\u00edzzel naponta t\u00f6bbsz\u00f6r is! Arcunk \u00e9s karjaink felfriss\u00edt\u00e9s\u00e9re alkalmazzunk mentolos t\u00f6rl\u0151kend\u0151t.<\/li>\n<li>Forr\u00f3 ny\u00e1ri napokon ne a legmelegebb \u00f3r\u00e1kra id\u0151z\u00edts\u00e9k a bev\u00e1s\u00e1rl\u00e1st!<\/li>\n<li>Lehet\u0151leg \u00e9jjel szell\u0151ztessenek!<\/li>\n<li>Sose hagyjanak gyermekeket, \u00e1llatokat (p\u00e9ld\u00e1ul kuty\u00e1t) z\u00e1rt, szell\u0151z\u00e9s n\u00e9lk\u00fcli parkol\u00f3 aut\u00f3ban! A kocsi belseje ugyanis r\u00f6vid id\u0151n bel\u00fcl extr\u00e9m m\u00f3don felmelegedhet, ez pedig sajnos k\u00f6nnyen trag\u00e9di\u00e1hoz vezethet!<\/li>\n<li>\u00c1llataiknak is biztos\u00edtsanak \u00e1rny\u00e9kot, ahova beh\u00faz\u00f3dhatnak, legyen mindig friss viz\u00fck, \u00e9s id\u0151nk\u00e9nt vizezz\u00e9k is be \u0151ket (a k\u00f6zvetlen locsolgat\u00e1st sok h\u00e1zi kedvenc nem szereti, de egy nyirkos t\u00f6r\u00fclk\u00f6z\u0151vel is \u00e1tt\u00f6r\u00f6lhetik \u0151ket).<\/li>\n<li>Ne hagyjanak az aut\u00f3ban naps\u00fct\u00e9snek kitett helyen hajt\u00f3g\u00e1zzal m\u0171k\u00f6d\u0151 sprayt \u00e9s g\u00e1zgy\u00fajt\u00f3t, mert ezek t\u00fczet okozhatnak!<\/li>\n<li>Lehet\u0151leg d\u00e9lel\u0151tt 11 \u00e9s d\u00e9lut\u00e1n h\u00e1rom \u00f3ra k\u00f6z\u00f6tt ne tart\u00f3zkodjanak a t\u0171z\u0151 napon. \u00c1rny\u00e9kos helyen pr\u00f3b\u00e1ljanak tart\u00f3zkodni napk\u00f6zben! Ha t\u00fal sok\u00e1ig tart\u00f3zkodtak szabadban, akkor pr\u00f3b\u00e1ljanak legal\u00e1bb 1-2 \u00f3r\u00e1t l\u00e9gkondicion\u00e1lt k\u00f6rnyezetben elt\u00f6lteni, m\u00edg a szervezet leh\u0171l.<\/li>\n<li>A hajzuhataggal rendelkez\u0151k fonj\u00e1k be, vagy k\u00f6ss\u00e9k copfba, kontyba hajukat, \u00edgy nem fog beizzadni, \u00e9s a h\u00e1t is szell\u0151zhet.<\/li>\n<li>Fagyiz\u00e1skor lehet\u0151leg a gy\u00fcm\u00f6lcsfagylaltokat v\u00e1lassz\u00e1k (pl.:citrom). Fanyar, savanyk\u00e1s \u00edz\u00fck kellemesen h\u0171s\u00edt\u0151 hat\u00e1s\u00fa.<\/li>\n<\/ol>\n<div class=\"video-container\"><iframe src=\"https:\/\/www.youtube.com\/embed\/6yOogLgVoic\" allowfullscreen=\"allowfullscreen\" width=\"560\" height=\"315\" frameborder=\"0\"><\/iframe><\/div>\n","protected":false},"excerpt":{"rendered":"<p>Magyarorsz\u00e1gon a meteorol\u00f3giai ny\u00e1r j\u00fanius 1-j\u00e9t\u0151l augusztus 31-ig tart, m\u00edg az \u00fagynevezett csillag\u00e1szati ny\u00e1r a ny\u00e1ri napfordul\u00f3t\u00f3l eg\u00e9szen az \u0151szi nap\u00e9jegyenl\u0151s\u00e9gig, teh\u00e1t szeptember 23-ig. Tavasszal \u00e9s ny\u00e1ron t\u00f6bben dolgozunk vagy pihen\u00fcnk a szabadban. A hosszabb \u00e9s melegebb nappalok sokunk sz\u00e1m\u00e1ra a szabads\u00e1got, a felh\u0151tlen sz\u00f3rakoz\u00e1st jelentik. Ehhez viszont tudnunk kell azt is, hogy ny\u00e1ron gyakran<\/p>\n","protected":false},"author":1,"featured_media":4074,"comment_status":"closed","ping_status":"closed","sticky":false,"template":"","format":"standard","meta":{"ngg_post_thumbnail":0,"footnotes":""},"categories":[3],"tags":[1173,58,1349,1203],"class_list":{"0":"post-18656","1":"post","2":"type-post","3":"status-publish","4":"format-standard","5":"has-post-thumbnail","7":"category-hirek","8":"tag-hoseg","9":"tag-idojaras","10":"tag-kanikula","11":"tag-meteorologia"},"yoast_head":"<!-- This site is optimized with the Yoast SEO plugin v27.5 - https:\/\/yoast.com\/product\/yoast-seo-wordpress\/ -->\n<title>H\u0151s\u00e9g, k\u00e1nikula, megel\u0151z\u00e9s - Katasztr\u00f3fav\u00e9delem tan\u00e1csai<\/title>\n<meta name=\"robots\" content=\"index, follow, max-snippet:-1, max-image-preview:large, max-video-preview:-1\" \/>\n<link rel=\"canonical\" href=\"https:\/\/dorogimedence.hu\/index.php\/2019\/08\/09\/hoseg-kanikula-megelozes-katasztrofavedelem-tanacsai\/\" class=\"yoast-seo-meta-tag\" \/>\n<meta property=\"og:locale\" content=\"hu_HU\" class=\"yoast-seo-meta-tag\" \/>\n<meta property=\"og:type\" content=\"article\" class=\"yoast-seo-meta-tag\" \/>\n<meta property=\"og:title\" content=\"H\u0151s\u00e9g, k\u00e1nikula, megel\u0151z\u00e9s - Katasztr\u00f3fav\u00e9delem tan\u00e1csai\" class=\"yoast-seo-meta-tag\" \/>\n<meta property=\"og:description\" content=\"Magyarorsz\u00e1gon a meteorol\u00f3giai ny\u00e1r j\u00fanius 1-j\u00e9t\u0151l augusztus 31-ig tart, m\u00edg az \u00fagynevezett csillag\u00e1szati ny\u00e1r a ny\u00e1ri napfordul\u00f3t\u00f3l eg\u00e9szen az \u0151szi nap\u00e9jegyenl\u0151s\u00e9gig, teh\u00e1t szeptember 23-ig. Tavasszal \u00e9s ny\u00e1ron t\u00f6bben dolgozunk vagy pihen\u00fcnk a szabadban. A hosszabb \u00e9s melegebb nappalok sokunk sz\u00e1m\u00e1ra a szabads\u00e1got, a felh\u0151tlen sz\u00f3rakoz\u00e1st jelentik. Ehhez viszont tudnunk kell azt is, hogy ny\u00e1ron gyakran\" class=\"yoast-seo-meta-tag\" \/>\n<meta property=\"og:url\" content=\"https:\/\/dorogimedence.hu\/index.php\/2019\/08\/09\/hoseg-kanikula-megelozes-katasztrofavedelem-tanacsai\/\" class=\"yoast-seo-meta-tag\" \/>\n<meta property=\"og:site_name\" content=\"Dorogi-medence Region\u00e1lis H\u00edrport\u00e1l\" class=\"yoast-seo-meta-tag\" \/>\n<meta property=\"article:publisher\" content=\"https:\/\/www.facebook.com\/dorogimedence\/\" class=\"yoast-seo-meta-tag\" \/>\n<meta property=\"article:published_time\" content=\"2019-08-09T09:21:20+00:00\" class=\"yoast-seo-meta-tag\" \/>\n<meta property=\"og:image\" content=\"https:\/\/i0.wp.com\/dorogimedence.hu\/wp-content\/uploads\/2017\/06\/hoseg-03.jpg?fit=670%2C365&ssl=1\" class=\"yoast-seo-meta-tag\" \/>\n\t<meta property=\"og:image:width\" content=\"670\" class=\"yoast-seo-meta-tag\" \/>\n\t<meta property=\"og:image:height\" content=\"365\" class=\"yoast-seo-meta-tag\" \/>\n\t<meta property=\"og:image:type\" content=\"image\/jpeg\" class=\"yoast-seo-meta-tag\" \/>\n<meta name=\"author\" content=\"dorogimedence.hu\" class=\"yoast-seo-meta-tag\" \/>\n<meta name=\"twitter:card\" content=\"summary_large_image\" class=\"yoast-seo-meta-tag\" \/>\n<meta name=\"twitter:label1\" content=\"Szerz\u0151:\" class=\"yoast-seo-meta-tag\" \/>\n\t<meta name=\"twitter:data1\" content=\"dorogimedence.hu\" class=\"yoast-seo-meta-tag\" \/>\n\t<meta name=\"twitter:label2\" content=\"Becs\u00fclt olvas\u00e1si id\u0151\" class=\"yoast-seo-meta-tag\" \/>\n\t<meta name=\"twitter:data2\" content=\"4 perc\" class=\"yoast-seo-meta-tag\" \/>\n<script type=\"application\/ld+json\" class=\"yoast-schema-graph\">{\"@context\":\"https:\\\/\\\/schema.org\",\"@graph\":[{\"@type\":\"Article\",\"@id\":\"https:\\\/\\\/dorogimedence.hu\\\/index.php\\\/2019\\\/08\\\/09\\\/hoseg-kanikula-megelozes-katasztrofavedelem-tanacsai\\\/#article\",\"isPartOf\":{\"@id\":\"https:\\\/\\\/dorogimedence.hu\\\/index.php\\\/2019\\\/08\\\/09\\\/hoseg-kanikula-megelozes-katasztrofavedelem-tanacsai\\\/\"},\"author\":{\"name\":\"dorogimedence.hu\",\"@id\":\"https:\\\/\\\/dorogimedence.hu\\\/#\\\/schema\\\/person\\\/ce6091eeb7e95ecdc87890d6aa8e0fd4\"},\"headline\":\"H\u0151s\u00e9g, k\u00e1nikula, megel\u0151z\u00e9s &#8211; Katasztr\u00f3fav\u00e9delem tan\u00e1csai\",\"datePublished\":\"2019-08-09T09:21:20+00:00\",\"mainEntityOfPage\":{\"@id\":\"https:\\\/\\\/dorogimedence.hu\\\/index.php\\\/2019\\\/08\\\/09\\\/hoseg-kanikula-megelozes-katasztrofavedelem-tanacsai\\\/\"},\"wordCount\":715,\"publisher\":{\"@id\":\"https:\\\/\\\/dorogimedence.hu\\\/#organization\"},\"image\":{\"@id\":\"https:\\\/\\\/dorogimedence.hu\\\/index.php\\\/2019\\\/08\\\/09\\\/hoseg-kanikula-megelozes-katasztrofavedelem-tanacsai\\\/#primaryimage\"},\"thumbnailUrl\":\"https:\\\/\\\/dorogimedence.hu\\\/wp-content\\\/uploads\\\/2017\\\/06\\\/hoseg-03.jpg\",\"keywords\":[\"h\u0151s\u00e9g\",\"id\u0151j\u00e1r\u00e1s\",\"k\u00e1nikula\",\"meteorol\u00f3gia\"],\"articleSection\":[\"H\u00edrek\"],\"inLanguage\":\"hu\"},{\"@type\":\"WebPage\",\"@id\":\"https:\\\/\\\/dorogimedence.hu\\\/index.php\\\/2019\\\/08\\\/09\\\/hoseg-kanikula-megelozes-katasztrofavedelem-tanacsai\\\/\",\"url\":\"https:\\\/\\\/dorogimedence.hu\\\/index.php\\\/2019\\\/08\\\/09\\\/hoseg-kanikula-megelozes-katasztrofavedelem-tanacsai\\\/\",\"name\":\"H\u0151s\u00e9g, k\u00e1nikula, megel\u0151z\u00e9s - Katasztr\u00f3fav\u00e9delem tan\u00e1csai\",\"isPartOf\":{\"@id\":\"https:\\\/\\\/dorogimedence.hu\\\/#website\"},\"primaryImageOfPage\":{\"@id\":\"https:\\\/\\\/dorogimedence.hu\\\/index.php\\\/2019\\\/08\\\/09\\\/hoseg-kanikula-megelozes-katasztrofavedelem-tanacsai\\\/#primaryimage\"},\"image\":{\"@id\":\"https:\\\/\\\/dorogimedence.hu\\\/index.php\\\/2019\\\/08\\\/09\\\/hoseg-kanikula-megelozes-katasztrofavedelem-tanacsai\\\/#primaryimage\"},\"thumbnailUrl\":\"https:\\\/\\\/dorogimedence.hu\\\/wp-content\\\/uploads\\\/2017\\\/06\\\/hoseg-03.jpg\",\"datePublished\":\"2019-08-09T09:21:20+00:00\",\"breadcrumb\":{\"@id\":\"https:\\\/\\\/dorogimedence.hu\\\/index.php\\\/2019\\\/08\\\/09\\\/hoseg-kanikula-megelozes-katasztrofavedelem-tanacsai\\\/#breadcrumb\"},\"inLanguage\":\"hu\",\"potentialAction\":[{\"@type\":\"ReadAction\",\"target\":[\"https:\\\/\\\/dorogimedence.hu\\\/index.php\\\/2019\\\/08\\\/09\\\/hoseg-kanikula-megelozes-katasztrofavedelem-tanacsai\\\/\"]}]},{\"@type\":\"ImageObject\",\"inLanguage\":\"hu\",\"@id\":\"https:\\\/\\\/dorogimedence.hu\\\/index.php\\\/2019\\\/08\\\/09\\\/hoseg-kanikula-megelozes-katasztrofavedelem-tanacsai\\\/#primaryimage\",\"url\":\"https:\\\/\\\/dorogimedence.hu\\\/wp-content\\\/uploads\\\/2017\\\/06\\\/hoseg-03.jpg\",\"contentUrl\":\"https:\\\/\\\/dorogimedence.hu\\\/wp-content\\\/uploads\\\/2017\\\/06\\\/hoseg-03.jpg\",\"width\":670,\"height\":365},{\"@type\":\"BreadcrumbList\",\"@id\":\"https:\\\/\\\/dorogimedence.hu\\\/index.php\\\/2019\\\/08\\\/09\\\/hoseg-kanikula-megelozes-katasztrofavedelem-tanacsai\\\/#breadcrumb\",\"itemListElement\":[{\"@type\":\"ListItem\",\"position\":1,\"name\":\"Kezd\u0151lap\",\"item\":\"https:\\\/\\\/dorogimedence.hu\\\/\"},{\"@type\":\"ListItem\",\"position\":2,\"name\":\"H\u0151s\u00e9g, k\u00e1nikula, megel\u0151z\u00e9s &#8211; Katasztr\u00f3fav\u00e9delem tan\u00e1csai\"}]},{\"@type\":\"WebSite\",\"@id\":\"https:\\\/\\\/dorogimedence.hu\\\/#website\",\"url\":\"https:\\\/\\\/dorogimedence.hu\\\/\",\"name\":\"Dorogi-medence Region\u00e1lis H\u00edrport\u00e1l\",\"description\":\"Dorog, Keszt\u00f6lc, Le\u00e1nyv\u00e1r, Piliscs\u00e9v, Tokod, Tokodalt\u00e1r\u00f3, Csolnok, Esztergom-kertv\u00e1ros: h\u00edrek, programok\",\"publisher\":{\"@id\":\"https:\\\/\\\/dorogimedence.hu\\\/#organization\"},\"potentialAction\":[{\"@type\":\"SearchAction\",\"target\":{\"@type\":\"EntryPoint\",\"urlTemplate\":\"https:\\\/\\\/dorogimedence.hu\\\/?s={search_term_string}\"},\"query-input\":{\"@type\":\"PropertyValueSpecification\",\"valueRequired\":true,\"valueName\":\"search_term_string\"}}],\"inLanguage\":\"hu\"},{\"@type\":\"Organization\",\"@id\":\"https:\\\/\\\/dorogimedence.hu\\\/#organization\",\"name\":\"Dorogi-medence Region\u00e1lis H\u00edrport\u00e1l\",\"url\":\"https:\\\/\\\/dorogimedence.hu\\\/\",\"logo\":{\"@type\":\"ImageObject\",\"inLanguage\":\"hu\",\"@id\":\"https:\\\/\\\/dorogimedence.hu\\\/#\\\/schema\\\/logo\\\/image\\\/\",\"url\":\"https:\\\/\\\/dorogimedence.hu\\\/wp-content\\\/uploads\\\/2021\\\/04\\\/logo-feher-600.png\",\"contentUrl\":\"https:\\\/\\\/dorogimedence.hu\\\/wp-content\\\/uploads\\\/2021\\\/04\\\/logo-feher-600.png\",\"width\":600,\"height\":100,\"caption\":\"Dorogi-medence Region\u00e1lis H\u00edrport\u00e1l\"},\"image\":{\"@id\":\"https:\\\/\\\/dorogimedence.hu\\\/#\\\/schema\\\/logo\\\/image\\\/\"},\"sameAs\":[\"https:\\\/\\\/www.facebook.com\\\/dorogimedence\\\/\"]},{\"@type\":\"Person\",\"@id\":\"https:\\\/\\\/dorogimedence.hu\\\/#\\\/schema\\\/person\\\/ce6091eeb7e95ecdc87890d6aa8e0fd4\",\"name\":\"dorogimedence.hu\",\"image\":{\"@type\":\"ImageObject\",\"inLanguage\":\"hu\",\"@id\":\"\\\/\\\/www.gravatar.com\\\/avatar\\\/d8d45f8901aadff40a4af72c0b826f1d?s=96&#038;r=g&#038;d=mm\",\"url\":\"\\\/\\\/www.gravatar.com\\\/avatar\\\/d8d45f8901aadff40a4af72c0b826f1d?s=96&#038;r=g&#038;d=mm\",\"contentUrl\":\"\\\/\\\/www.gravatar.com\\\/avatar\\\/d8d45f8901aadff40a4af72c0b826f1d?s=96&#038;r=g&#038;d=mm\",\"caption\":\"dorogimedence.hu\"}}]}<\/script>\n<!-- \/ Yoast SEO plugin. -->","yoast_head_json":{"title":"H\u0151s\u00e9g, k\u00e1nikula, megel\u0151z\u00e9s - Katasztr\u00f3fav\u00e9delem tan\u00e1csai","robots":{"index":"index","follow":"follow","max-snippet":"max-snippet:-1","max-image-preview":"max-image-preview:large","max-video-preview":"max-video-preview:-1"},"canonical":"https:\/\/dorogimedence.hu\/index.php\/2019\/08\/09\/hoseg-kanikula-megelozes-katasztrofavedelem-tanacsai\/","og_locale":"hu_HU","og_type":"article","og_title":"H\u0151s\u00e9g, k\u00e1nikula, megel\u0151z\u00e9s - Katasztr\u00f3fav\u00e9delem tan\u00e1csai","og_description":"Magyarorsz\u00e1gon a meteorol\u00f3giai ny\u00e1r j\u00fanius 1-j\u00e9t\u0151l augusztus 31-ig tart, m\u00edg az \u00fagynevezett csillag\u00e1szati ny\u00e1r a ny\u00e1ri napfordul\u00f3t\u00f3l eg\u00e9szen az \u0151szi nap\u00e9jegyenl\u0151s\u00e9gig, teh\u00e1t szeptember 23-ig. Tavasszal \u00e9s ny\u00e1ron t\u00f6bben dolgozunk vagy pihen\u00fcnk a szabadban. A hosszabb \u00e9s melegebb nappalok sokunk sz\u00e1m\u00e1ra a szabads\u00e1got, a felh\u0151tlen sz\u00f3rakoz\u00e1st jelentik. Ehhez viszont tudnunk kell azt is, hogy ny\u00e1ron gyakran","og_url":"https:\/\/dorogimedence.hu\/index.php\/2019\/08\/09\/hoseg-kanikula-megelozes-katasztrofavedelem-tanacsai\/","og_site_name":"Dorogi-medence Region\u00e1lis H\u00edrport\u00e1l","article_publisher":"https:\/\/www.facebook.com\/dorogimedence\/","article_published_time":"2019-08-09T09:21:20+00:00","og_image":[{"width":670,"height":365,"url":"https:\/\/i0.wp.com\/dorogimedence.hu\/wp-content\/uploads\/2017\/06\/hoseg-03.jpg?fit=670%2C365&ssl=1","type":"image\/jpeg"}],"author":"dorogimedence.hu","twitter_card":"summary_large_image","twitter_misc":{"Szerz\u0151:":"dorogimedence.hu","Becs\u00fclt olvas\u00e1si id\u0151":"4 perc"},"schema":{"@context":"https:\/\/schema.org","@graph":[{"@type":"Article","@id":"https:\/\/dorogimedence.hu\/index.php\/2019\/08\/09\/hoseg-kanikula-megelozes-katasztrofavedelem-tanacsai\/#article","isPartOf":{"@id":"https:\/\/dorogimedence.hu\/index.php\/2019\/08\/09\/hoseg-kanikula-megelozes-katasztrofavedelem-tanacsai\/"},"author":{"name":"dorogimedence.hu","@id":"https:\/\/dorogimedence.hu\/#\/schema\/person\/ce6091eeb7e95ecdc87890d6aa8e0fd4"},"headline":"H\u0151s\u00e9g, k\u00e1nikula, megel\u0151z\u00e9s &#8211; Katasztr\u00f3fav\u00e9delem tan\u00e1csai","datePublished":"2019-08-09T09:21:20+00:00","mainEntityOfPage":{"@id":"https:\/\/dorogimedence.hu\/index.php\/2019\/08\/09\/hoseg-kanikula-megelozes-katasztrofavedelem-tanacsai\/"},"wordCount":715,"publisher":{"@id":"https:\/\/dorogimedence.hu\/#organization"},"image":{"@id":"https:\/\/dorogimedence.hu\/index.php\/2019\/08\/09\/hoseg-kanikula-megelozes-katasztrofavedelem-tanacsai\/#primaryimage"},"thumbnailUrl":"https:\/\/dorogimedence.hu\/wp-content\/uploads\/2017\/06\/hoseg-03.jpg","keywords":["h\u0151s\u00e9g","id\u0151j\u00e1r\u00e1s","k\u00e1nikula","meteorol\u00f3gia"],"articleSection":["H\u00edrek"],"inLanguage":"hu"},{"@type":"WebPage","@id":"https:\/\/dorogimedence.hu\/index.php\/2019\/08\/09\/hoseg-kanikula-megelozes-katasztrofavedelem-tanacsai\/","url":"https:\/\/dorogimedence.hu\/index.php\/2019\/08\/09\/hoseg-kanikula-megelozes-katasztrofavedelem-tanacsai\/","name":"H\u0151s\u00e9g, k\u00e1nikula, megel\u0151z\u00e9s - Katasztr\u00f3fav\u00e9delem tan\u00e1csai","isPartOf":{"@id":"https:\/\/dorogimedence.hu\/#website"},"primaryImageOfPage":{"@id":"https:\/\/dorogimedence.hu\/index.php\/2019\/08\/09\/hoseg-kanikula-megelozes-katasztrofavedelem-tanacsai\/#primaryimage"},"image":{"@id":"https:\/\/dorogimedence.hu\/index.php\/2019\/08\/09\/hoseg-kanikula-megelozes-katasztrofavedelem-tanacsai\/#primaryimage"},"thumbnailUrl":"https:\/\/dorogimedence.hu\/wp-content\/uploads\/2017\/06\/hoseg-03.jpg","datePublished":"2019-08-09T09:21:20+00:00","breadcrumb":{"@id":"https:\/\/dorogimedence.hu\/index.php\/2019\/08\/09\/hoseg-kanikula-megelozes-katasztrofavedelem-tanacsai\/#breadcrumb"},"inLanguage":"hu","potentialAction":[{"@type":"ReadAction","target":["https:\/\/dorogimedence.hu\/index.php\/2019\/08\/09\/hoseg-kanikula-megelozes-katasztrofavedelem-tanacsai\/"]}]},{"@type":"ImageObject","inLanguage":"hu","@id":"https:\/\/dorogimedence.hu\/index.php\/2019\/08\/09\/hoseg-kanikula-megelozes-katasztrofavedelem-tanacsai\/#primaryimage","url":"https:\/\/dorogimedence.hu\/wp-content\/uploads\/2017\/06\/hoseg-03.jpg","contentUrl":"https:\/\/dorogimedence.hu\/wp-content\/uploads\/2017\/06\/hoseg-03.jpg","width":670,"height":365},{"@type":"BreadcrumbList","@id":"https:\/\/dorogimedence.hu\/index.php\/2019\/08\/09\/hoseg-kanikula-megelozes-katasztrofavedelem-tanacsai\/#breadcrumb","itemListElement":[{"@type":"ListItem","position":1,"name":"Kezd\u0151lap","item":"https:\/\/dorogimedence.hu\/"},{"@type":"ListItem","position":2,"name":"H\u0151s\u00e9g, k\u00e1nikula, megel\u0151z\u00e9s &#8211; Katasztr\u00f3fav\u00e9delem tan\u00e1csai"}]},{"@type":"WebSite","@id":"https:\/\/dorogimedence.hu\/#website","url":"https:\/\/dorogimedence.hu\/","name":"Dorogi-medence Region\u00e1lis H\u00edrport\u00e1l","description":"Dorog, Keszt\u00f6lc, Le\u00e1nyv\u00e1r, Piliscs\u00e9v, Tokod, Tokodalt\u00e1r\u00f3, Csolnok, Esztergom-kertv\u00e1ros: h\u00edrek, programok","publisher":{"@id":"https:\/\/dorogimedence.hu\/#organization"},"potentialAction":[{"@type":"SearchAction","target":{"@type":"EntryPoint","urlTemplate":"https:\/\/dorogimedence.hu\/?s={search_term_string}"},"query-input":{"@type":"PropertyValueSpecification","valueRequired":true,"valueName":"search_term_string"}}],"inLanguage":"hu"},{"@type":"Organization","@id":"https:\/\/dorogimedence.hu\/#organization","name":"Dorogi-medence Region\u00e1lis H\u00edrport\u00e1l","url":"https:\/\/dorogimedence.hu\/","logo":{"@type":"ImageObject","inLanguage":"hu","@id":"https:\/\/dorogimedence.hu\/#\/schema\/logo\/image\/","url":"https:\/\/dorogimedence.hu\/wp-content\/uploads\/2021\/04\/logo-feher-600.png","contentUrl":"https:\/\/dorogimedence.hu\/wp-content\/uploads\/2021\/04\/logo-feher-600.png","width":600,"height":100,"caption":"Dorogi-medence Region\u00e1lis H\u00edrport\u00e1l"},"image":{"@id":"https:\/\/dorogimedence.hu\/#\/schema\/logo\/image\/"},"sameAs":["https:\/\/www.facebook.com\/dorogimedence\/"]},{"@type":"Person","@id":"https:\/\/dorogimedence.hu\/#\/schema\/person\/ce6091eeb7e95ecdc87890d6aa8e0fd4","name":"dorogimedence.hu","image":{"@type":"ImageObject","inLanguage":"hu","@id":"\/\/www.gravatar.com\/avatar\/d8d45f8901aadff40a4af72c0b826f1d?s=96&#038;r=g&#038;d=mm","url":"\/\/www.gravatar.com\/avatar\/d8d45f8901aadff40a4af72c0b826f1d?s=96&#038;r=g&#038;d=mm","contentUrl":"\/\/www.gravatar.com\/avatar\/d8d45f8901aadff40a4af72c0b826f1d?s=96&#038;r=g&#038;d=mm","caption":"dorogimedence.hu"}}]}},"_links":{"self":[{"href":"https:\/\/dorogimedence.hu\/index.php\/wp-json\/wp\/v2\/posts\/18656","targetHints":{"allow":["GET"]}}],"collection":[{"href":"https:\/\/dorogimedence.hu\/index.php\/wp-json\/wp\/v2\/posts"}],"about":[{"href":"https:\/\/dorogimedence.hu\/index.php\/wp-json\/wp\/v2\/types\/post"}],"author":[{"embeddable":true,"href":"https:\/\/dorogimedence.hu\/index.php\/wp-json\/wp\/v2\/users\/1"}],"replies":[{"embeddable":true,"href":"https:\/\/dorogimedence.hu\/index.php\/wp-json\/wp\/v2\/comments?post=18656"}],"version-history":[{"count":0,"href":"https:\/\/dorogimedence.hu\/index.php\/wp-json\/wp\/v2\/posts\/18656\/revisions"}],"wp:featuredmedia":[{"embeddable":true,"href":"https:\/\/dorogimedence.hu\/index.php\/wp-json\/wp\/v2\/media\/4074"}],"wp:attachment":[{"href":"https:\/\/dorogimedence.hu\/index.php\/wp-json\/wp\/v2\/media?parent=18656"}],"wp:term":[{"taxonomy":"category","embeddable":true,"href":"https:\/\/dorogimedence.hu\/index.php\/wp-json\/wp\/v2\/categories?post=18656"},{"taxonomy":"post_tag","embeddable":true,"href":"https:\/\/dorogimedence.hu\/index.php\/wp-json\/wp\/v2\/tags?post=18656"}],"curies":[{"name":"wp","href":"https:\/\/api.w.org\/{rel}","templated":true}]}}