{"id":18614,"date":"2019-08-07T07:09:04","date_gmt":"2019-08-07T05:09:04","guid":{"rendered":"http:\/\/dorogimedence.hu\/?p=18614"},"modified":"2019-08-07T07:09:04","modified_gmt":"2019-08-07T05:09:04","slug":"megyejaro-hodito-turak-kesztolc","status":"publish","type":"post","link":"https:\/\/dorogimedence.hu\/index.php\/2019\/08\/07\/megyejaro-hodito-turak-kesztolc\/","title":{"rendered":"Megyej\u00e1r\u00f3 H\u00f3d\u00edt\u00f3 T\u00far\u00e1k: Keszt\u00f6lc"},"content":{"rendered":"<div class=\"page__content article__content\">\n<div class=\"page__lead\">\n<p><strong>Augusztus 31-\u00e9n, szombaton, Pilisi Barangol\u00e1sra v\u00e1rnak minden t\u00far\u00e1z\u00f3t Keszt\u00f6lcre a Megyej\u00e1r\u00f3 H\u00f3d\u00edt\u00f3 T\u00far\u00e1k k\u00f6vetkez\u0151 \u00e1llom\u00e1s\u00e1ra.<\/strong><\/p>\n<\/div>\n<div class=\"article__body\">\n<p>A t\u00fara sor\u00e1n k\u00e9t t\u00e1v k\u00f6z\u00fcl lehet v\u00e1lasztani. A <strong>4 km<\/strong>-es k\u00f6nnyed, babakocsival is kellemesen teljes\u00edthet\u0151 t\u00fara sor\u00e1n felfedezhetik a kedves telep\u00fcl\u00e9s l\u00e1tnival\u00f3it \u00e9s \u00e9rt\u00e9keit. A <strong>13 km<\/strong>-es t\u00e1vra a nagyobb kih\u00edv\u00e1sokat keres\u0151ket v\u00e1rj\u00e1k, akik az 1980-as \u00e9vekig haszn\u00e1lt Post\u00e1s \u00faton tehetik pr\u00f3b\u00e1ra \u00fcgyess\u00e9g\u00fcket B\u00e1rmelyik t\u00e1vot is v\u00e1lasztod, az Erd\u00e9szh\u00e1z Turistasz\u00e1ll\u00f3ban felfriss\u00fclhetsz a kir\u00e1ndul\u00e1s v\u00e9g\u00e9n.<\/p>\n<p>A program a Kom\u00e1rom-Esztergom Megyei \u00d6nkorm\u00e1nyzat TOP-5.3.2-17-KO1-2018-00001 \u201cMegy\u00e9nk k\u00f6r\u00fcl megy\u00fcnk k\u00f6r\u00fcl\u201d projektj\u00e9b\u0151l ker\u00fcl finansz\u00edroz\u00e1sra. A t\u00faraszervez\u00e9s, t\u00faravezet\u00e9s k\u00f6lts\u00e9gei a Kom\u00e1rom-Esztergom Megyei \u00d6nkorm\u00e1nyzat TOP-5.3.2-17-KO1-2018-00001 \u201eMegy\u00e9nk k\u00f6r\u00fcl megy\u00fcnk k\u00f6r\u00fcl\u201d projektb\u0151l ker\u00fclnek finansz\u00edroz\u00e1sra.<\/p>\n<p>A H\u00f3d\u00edt\u00f3 T\u00far\u00e1n a Kom\u00e1rom-Esztergom megyei lakosok ingyen vehetnek r\u00e9szt. Az ingyenes r\u00e9szv\u00e9tel nem tartalmaz ell\u00e1t\u00e1st.<\/p>\n<p>A V\u00c1GJUNK NEKI! csomag az al\u00e1bbiakat tartalmazza: szendvics, alma, v\u00edz, el\u0151re csomagolva, amelyet indul\u00e1skor vehetsz \u00e1t. \u00c1ra: 800 Ft.<\/p>\n<p>A BEFUT\u00d3K JUTALMA csomag minden t\u00fara ut\u00e1n a helysz\u00ednen el\u00e9rhet\u0151 meleg \u00e9telt tartalmazza. \u00c1ra: 1.400 Ft.<\/p>\n<p>A MINDENT BELE! csomag a V\u00c1GJUNK NEKI! \u00e9s a BEFUT\u00d3K JUTALMA csomagokat egyar\u00e1nt tartalmazza. \u00c1ra: 2.000 Ft. A hideget indul\u00e1skor, a meleget be\u00e9rkez\u00e9skor kapod meg.<\/p>\n<p>Ezek mindegyike finom, t\u00e1pl\u00e1l\u00f3 \u00e9s min\u0151s\u00e9gi \u00e9teleket tartalmaz, amelyekkel garant\u00e1ltan vissza tudj\u00e1tok p\u00f3tolni a t\u00fara sor\u00e1n elvesztett kal\u00f3ri\u00e1kat.<\/p>\n<p><strong>JELENTKEZNI A T\u00daR\u00c1RA <a href=\"https:\/\/hoditoturak.hu\/termek\/2019-08-31-kesztolc-pilisi-panoramatura\/\" target=\"_blank\" rel=\"noopener noreferrer\"><span style=\"text-decoration: underline; color: #0000ff;\">IDE KATTINTVA<\/span><\/a> LEHET!<\/strong><\/p>\n<p><em>Ha nem tudsz m\u00e9gsem elj\u00f6nni a t\u00far\u00e1ra, akkor a rendezv\u00e9ny el\u0151tt egy h\u00e9ttel m\u00e9g lemondhatod a r\u00e9szv\u00e9telt (augusztus 24.). Ekkor visszautalj\u00e1k a befizetett \u00f6sszeget. Ha k\u00e9s\u0151bb jelzed, m\u00e1r nem tudj\u00e1k visszautalni regisztr\u00e1ci\u00f3s d\u00edjad, ebben az esetben v\u00e1laszthatsz helyette egy m\u00e1sik t\u00far\u00e1t vagy \u00e1truh\u00e1zhatod m\u00e1sra a jelentkez\u00e9sedet.<\/em><\/p>\n<p><em>Bor\u00edt\u00f3k\u00e9p: kesztolc.hu (tavalyi H\u00f3d\u00edt\u00f3 T\u00far\u00e1k Keszt\u00f6lc\u00f6n)<\/em><\/p>\n<\/div>\n<\/div>\n","protected":false},"excerpt":{"rendered":"<p>Augusztus 31-\u00e9n, szombaton, Pilisi Barangol\u00e1sra v\u00e1rnak minden t\u00far\u00e1z\u00f3t Keszt\u00f6lcre a Megyej\u00e1r\u00f3 H\u00f3d\u00edt\u00f3 T\u00far\u00e1k k\u00f6vetkez\u0151 \u00e1llom\u00e1s\u00e1ra. A t\u00fara sor\u00e1n k\u00e9t t\u00e1v k\u00f6z\u00fcl lehet v\u00e1lasztani. A 4 km-es k\u00f6nnyed, babakocsival is kellemesen teljes\u00edthet\u0151 t\u00fara sor\u00e1n felfedezhetik a kedves telep\u00fcl\u00e9s l\u00e1tnival\u00f3it \u00e9s \u00e9rt\u00e9keit. A 13 km-es t\u00e1vra a nagyobb kih\u00edv\u00e1sokat keres\u0151ket v\u00e1rj\u00e1k, akik az 1980-as \u00e9vekig haszn\u00e1lt Post\u00e1s<\/p>\n","protected":false},"author":1,"featured_media":18615,"comment_status":"closed","ping_status":"closed","sticky":false,"template":"","format":"standard","meta":{"ngg_post_thumbnail":0,"footnotes":""},"categories":[3,8,3561,5],"tags":[851,129,121,3675,16,308],"class_list":{"0":"post-18614","1":"post","2":"type-post","3":"status-publish","4":"format-standard","5":"has-post-thumbnail","7":"category-hirek","8":"category-kesztolc","9":"category-programok","10":"category-sport","11":"tag-hodito-turak","12":"tag-kesztolc","13":"tag-kirandulas","14":"tag-megyejaro-hodito-turak","15":"tag-sport","16":"tag-tura"},"yoast_head":"<!-- This site is optimized with the Yoast SEO plugin v27.5 - https:\/\/yoast.com\/product\/yoast-seo-wordpress\/ -->\n<title>Megyej\u00e1r\u00f3 H\u00f3d\u00edt\u00f3 T\u00far\u00e1k: Keszt\u00f6lc<\/title>\n<meta name=\"robots\" content=\"index, follow, max-snippet:-1, max-image-preview:large, max-video-preview:-1\" \/>\n<link rel=\"canonical\" href=\"https:\/\/dorogimedence.hu\/index.php\/2019\/08\/07\/megyejaro-hodito-turak-kesztolc\/\" class=\"yoast-seo-meta-tag\" \/>\n<meta property=\"og:locale\" content=\"hu_HU\" class=\"yoast-seo-meta-tag\" \/>\n<meta property=\"og:type\" content=\"article\" class=\"yoast-seo-meta-tag\" \/>\n<meta property=\"og:title\" content=\"Megyej\u00e1r\u00f3 H\u00f3d\u00edt\u00f3 T\u00far\u00e1k: Keszt\u00f6lc\" class=\"yoast-seo-meta-tag\" \/>\n<meta property=\"og:description\" content=\"Augusztus 31-\u00e9n, szombaton, Pilisi Barangol\u00e1sra v\u00e1rnak minden t\u00far\u00e1z\u00f3t Keszt\u00f6lcre a Megyej\u00e1r\u00f3 H\u00f3d\u00edt\u00f3 T\u00far\u00e1k k\u00f6vetkez\u0151 \u00e1llom\u00e1s\u00e1ra. A t\u00fara sor\u00e1n k\u00e9t t\u00e1v k\u00f6z\u00fcl lehet v\u00e1lasztani. A 4 km-es k\u00f6nnyed, babakocsival is kellemesen teljes\u00edthet\u0151 t\u00fara sor\u00e1n felfedezhetik a kedves telep\u00fcl\u00e9s l\u00e1tnival\u00f3it \u00e9s \u00e9rt\u00e9keit. A 13 km-es t\u00e1vra a nagyobb kih\u00edv\u00e1sokat keres\u0151ket v\u00e1rj\u00e1k, akik az 1980-as \u00e9vekig haszn\u00e1lt Post\u00e1s\" class=\"yoast-seo-meta-tag\" \/>\n<meta property=\"og:url\" content=\"https:\/\/dorogimedence.hu\/index.php\/2019\/08\/07\/megyejaro-hodito-turak-kesztolc\/\" class=\"yoast-seo-meta-tag\" \/>\n<meta property=\"og:site_name\" content=\"Dorogi-medence Region\u00e1lis H\u00edrport\u00e1l\" class=\"yoast-seo-meta-tag\" \/>\n<meta property=\"article:publisher\" content=\"https:\/\/www.facebook.com\/dorogimedence\/\" class=\"yoast-seo-meta-tag\" \/>\n<meta property=\"article:published_time\" content=\"2019-08-07T05:09:04+00:00\" class=\"yoast-seo-meta-tag\" \/>\n<meta property=\"og:image\" content=\"https:\/\/i0.wp.com\/dorogimedence.hu\/wp-content\/uploads\/2019\/08\/hodito.jpg?fit=670%2C365&ssl=1\" class=\"yoast-seo-meta-tag\" \/>\n\t<meta property=\"og:image:width\" content=\"670\" class=\"yoast-seo-meta-tag\" \/>\n\t<meta property=\"og:image:height\" content=\"365\" class=\"yoast-seo-meta-tag\" \/>\n\t<meta property=\"og:image:type\" content=\"image\/jpeg\" class=\"yoast-seo-meta-tag\" \/>\n<meta name=\"author\" content=\"dorogimedence.hu\" class=\"yoast-seo-meta-tag\" \/>\n<meta name=\"twitter:card\" content=\"summary_large_image\" class=\"yoast-seo-meta-tag\" \/>\n<meta name=\"twitter:label1\" content=\"Szerz\u0151:\" class=\"yoast-seo-meta-tag\" \/>\n\t<meta name=\"twitter:data1\" content=\"dorogimedence.hu\" class=\"yoast-seo-meta-tag\" \/>\n\t<meta name=\"twitter:label2\" content=\"Becs\u00fclt olvas\u00e1si id\u0151\" class=\"yoast-seo-meta-tag\" \/>\n\t<meta name=\"twitter:data2\" content=\"2 perc\" class=\"yoast-seo-meta-tag\" \/>\n<script type=\"application\/ld+json\" class=\"yoast-schema-graph\">{\"@context\":\"https:\\\/\\\/schema.org\",\"@graph\":[{\"@type\":\"Article\",\"@id\":\"https:\\\/\\\/dorogimedence.hu\\\/index.php\\\/2019\\\/08\\\/07\\\/megyejaro-hodito-turak-kesztolc\\\/#article\",\"isPartOf\":{\"@id\":\"https:\\\/\\\/dorogimedence.hu\\\/index.php\\\/2019\\\/08\\\/07\\\/megyejaro-hodito-turak-kesztolc\\\/\"},\"author\":{\"name\":\"dorogimedence.hu\",\"@id\":\"https:\\\/\\\/dorogimedence.hu\\\/#\\\/schema\\\/person\\\/ce6091eeb7e95ecdc87890d6aa8e0fd4\"},\"headline\":\"Megyej\u00e1r\u00f3 H\u00f3d\u00edt\u00f3 T\u00far\u00e1k: Keszt\u00f6lc\",\"datePublished\":\"2019-08-07T05:09:04+00:00\",\"mainEntityOfPage\":{\"@id\":\"https:\\\/\\\/dorogimedence.hu\\\/index.php\\\/2019\\\/08\\\/07\\\/megyejaro-hodito-turak-kesztolc\\\/\"},\"wordCount\":424,\"publisher\":{\"@id\":\"https:\\\/\\\/dorogimedence.hu\\\/#organization\"},\"image\":{\"@id\":\"https:\\\/\\\/dorogimedence.hu\\\/index.php\\\/2019\\\/08\\\/07\\\/megyejaro-hodito-turak-kesztolc\\\/#primaryimage\"},\"thumbnailUrl\":\"https:\\\/\\\/dorogimedence.hu\\\/wp-content\\\/uploads\\\/2019\\\/08\\\/hodito.jpg\",\"keywords\":[\"h\u00f3d\u00edt\u00f3 t\u00far\u00e1k\",\"Keszt\u00f6lc\",\"kir\u00e1ndul\u00e1s\",\"Megyej\u00e1r\u00f3 H\u00f3d\u00edt\u00f3 T\u00far\u00e1k\",\"sport\",\"t\u00fara\"],\"articleSection\":[\"H\u00edrek\",\"Keszt\u00f6lc\",\"Programok\",\"Sport\"],\"inLanguage\":\"hu\"},{\"@type\":\"WebPage\",\"@id\":\"https:\\\/\\\/dorogimedence.hu\\\/index.php\\\/2019\\\/08\\\/07\\\/megyejaro-hodito-turak-kesztolc\\\/\",\"url\":\"https:\\\/\\\/dorogimedence.hu\\\/index.php\\\/2019\\\/08\\\/07\\\/megyejaro-hodito-turak-kesztolc\\\/\",\"name\":\"Megyej\u00e1r\u00f3 H\u00f3d\u00edt\u00f3 T\u00far\u00e1k: Keszt\u00f6lc\",\"isPartOf\":{\"@id\":\"https:\\\/\\\/dorogimedence.hu\\\/#website\"},\"primaryImageOfPage\":{\"@id\":\"https:\\\/\\\/dorogimedence.hu\\\/index.php\\\/2019\\\/08\\\/07\\\/megyejaro-hodito-turak-kesztolc\\\/#primaryimage\"},\"image\":{\"@id\":\"https:\\\/\\\/dorogimedence.hu\\\/index.php\\\/2019\\\/08\\\/07\\\/megyejaro-hodito-turak-kesztolc\\\/#primaryimage\"},\"thumbnailUrl\":\"https:\\\/\\\/dorogimedence.hu\\\/wp-content\\\/uploads\\\/2019\\\/08\\\/hodito.jpg\",\"datePublished\":\"2019-08-07T05:09:04+00:00\",\"breadcrumb\":{\"@id\":\"https:\\\/\\\/dorogimedence.hu\\\/index.php\\\/2019\\\/08\\\/07\\\/megyejaro-hodito-turak-kesztolc\\\/#breadcrumb\"},\"inLanguage\":\"hu\",\"potentialAction\":[{\"@type\":\"ReadAction\",\"target\":[\"https:\\\/\\\/dorogimedence.hu\\\/index.php\\\/2019\\\/08\\\/07\\\/megyejaro-hodito-turak-kesztolc\\\/\"]}]},{\"@type\":\"ImageObject\",\"inLanguage\":\"hu\",\"@id\":\"https:\\\/\\\/dorogimedence.hu\\\/index.php\\\/2019\\\/08\\\/07\\\/megyejaro-hodito-turak-kesztolc\\\/#primaryimage\",\"url\":\"https:\\\/\\\/dorogimedence.hu\\\/wp-content\\\/uploads\\\/2019\\\/08\\\/hodito.jpg\",\"contentUrl\":\"https:\\\/\\\/dorogimedence.hu\\\/wp-content\\\/uploads\\\/2019\\\/08\\\/hodito.jpg\",\"width\":670,\"height\":365},{\"@type\":\"BreadcrumbList\",\"@id\":\"https:\\\/\\\/dorogimedence.hu\\\/index.php\\\/2019\\\/08\\\/07\\\/megyejaro-hodito-turak-kesztolc\\\/#breadcrumb\",\"itemListElement\":[{\"@type\":\"ListItem\",\"position\":1,\"name\":\"Kezd\u0151lap\",\"item\":\"https:\\\/\\\/dorogimedence.hu\\\/\"},{\"@type\":\"ListItem\",\"position\":2,\"name\":\"Megyej\u00e1r\u00f3 H\u00f3d\u00edt\u00f3 T\u00far\u00e1k: Keszt\u00f6lc\"}]},{\"@type\":\"WebSite\",\"@id\":\"https:\\\/\\\/dorogimedence.hu\\\/#website\",\"url\":\"https:\\\/\\\/dorogimedence.hu\\\/\",\"name\":\"Dorogi-medence Region\u00e1lis H\u00edrport\u00e1l\",\"description\":\"Dorog, Keszt\u00f6lc, Le\u00e1nyv\u00e1r, Piliscs\u00e9v, Tokod, Tokodalt\u00e1r\u00f3, Csolnok, Esztergom-kertv\u00e1ros: h\u00edrek, programok\",\"publisher\":{\"@id\":\"https:\\\/\\\/dorogimedence.hu\\\/#organization\"},\"potentialAction\":[{\"@type\":\"SearchAction\",\"target\":{\"@type\":\"EntryPoint\",\"urlTemplate\":\"https:\\\/\\\/dorogimedence.hu\\\/?s={search_term_string}\"},\"query-input\":{\"@type\":\"PropertyValueSpecification\",\"valueRequired\":true,\"valueName\":\"search_term_string\"}}],\"inLanguage\":\"hu\"},{\"@type\":\"Organization\",\"@id\":\"https:\\\/\\\/dorogimedence.hu\\\/#organization\",\"name\":\"Dorogi-medence Region\u00e1lis H\u00edrport\u00e1l\",\"url\":\"https:\\\/\\\/dorogimedence.hu\\\/\",\"logo\":{\"@type\":\"ImageObject\",\"inLanguage\":\"hu\",\"@id\":\"https:\\\/\\\/dorogimedence.hu\\\/#\\\/schema\\\/logo\\\/image\\\/\",\"url\":\"https:\\\/\\\/dorogimedence.hu\\\/wp-content\\\/uploads\\\/2021\\\/04\\\/logo-feher-600.png\",\"contentUrl\":\"https:\\\/\\\/dorogimedence.hu\\\/wp-content\\\/uploads\\\/2021\\\/04\\\/logo-feher-600.png\",\"width\":600,\"height\":100,\"caption\":\"Dorogi-medence Region\u00e1lis H\u00edrport\u00e1l\"},\"image\":{\"@id\":\"https:\\\/\\\/dorogimedence.hu\\\/#\\\/schema\\\/logo\\\/image\\\/\"},\"sameAs\":[\"https:\\\/\\\/www.facebook.com\\\/dorogimedence\\\/\"]},{\"@type\":\"Person\",\"@id\":\"https:\\\/\\\/dorogimedence.hu\\\/#\\\/schema\\\/person\\\/ce6091eeb7e95ecdc87890d6aa8e0fd4\",\"name\":\"dorogimedence.hu\",\"image\":{\"@type\":\"ImageObject\",\"inLanguage\":\"hu\",\"@id\":\"\\\/\\\/www.gravatar.com\\\/avatar\\\/d8d45f8901aadff40a4af72c0b826f1d?s=96&#038;r=g&#038;d=mm\",\"url\":\"\\\/\\\/www.gravatar.com\\\/avatar\\\/d8d45f8901aadff40a4af72c0b826f1d?s=96&#038;r=g&#038;d=mm\",\"contentUrl\":\"\\\/\\\/www.gravatar.com\\\/avatar\\\/d8d45f8901aadff40a4af72c0b826f1d?s=96&#038;r=g&#038;d=mm\",\"caption\":\"dorogimedence.hu\"}}]}<\/script>\n<!-- \/ Yoast SEO plugin. -->","yoast_head_json":{"title":"Megyej\u00e1r\u00f3 H\u00f3d\u00edt\u00f3 T\u00far\u00e1k: Keszt\u00f6lc","robots":{"index":"index","follow":"follow","max-snippet":"max-snippet:-1","max-image-preview":"max-image-preview:large","max-video-preview":"max-video-preview:-1"},"canonical":"https:\/\/dorogimedence.hu\/index.php\/2019\/08\/07\/megyejaro-hodito-turak-kesztolc\/","og_locale":"hu_HU","og_type":"article","og_title":"Megyej\u00e1r\u00f3 H\u00f3d\u00edt\u00f3 T\u00far\u00e1k: Keszt\u00f6lc","og_description":"Augusztus 31-\u00e9n, szombaton, Pilisi Barangol\u00e1sra v\u00e1rnak minden t\u00far\u00e1z\u00f3t Keszt\u00f6lcre a Megyej\u00e1r\u00f3 H\u00f3d\u00edt\u00f3 T\u00far\u00e1k k\u00f6vetkez\u0151 \u00e1llom\u00e1s\u00e1ra. A t\u00fara sor\u00e1n k\u00e9t t\u00e1v k\u00f6z\u00fcl lehet v\u00e1lasztani. A 4 km-es k\u00f6nnyed, babakocsival is kellemesen teljes\u00edthet\u0151 t\u00fara sor\u00e1n felfedezhetik a kedves telep\u00fcl\u00e9s l\u00e1tnival\u00f3it \u00e9s \u00e9rt\u00e9keit. A 13 km-es t\u00e1vra a nagyobb kih\u00edv\u00e1sokat keres\u0151ket v\u00e1rj\u00e1k, akik az 1980-as \u00e9vekig haszn\u00e1lt Post\u00e1s","og_url":"https:\/\/dorogimedence.hu\/index.php\/2019\/08\/07\/megyejaro-hodito-turak-kesztolc\/","og_site_name":"Dorogi-medence Region\u00e1lis H\u00edrport\u00e1l","article_publisher":"https:\/\/www.facebook.com\/dorogimedence\/","article_published_time":"2019-08-07T05:09:04+00:00","og_image":[{"width":670,"height":365,"url":"https:\/\/i0.wp.com\/dorogimedence.hu\/wp-content\/uploads\/2019\/08\/hodito.jpg?fit=670%2C365&ssl=1","type":"image\/jpeg"}],"author":"dorogimedence.hu","twitter_card":"summary_large_image","twitter_misc":{"Szerz\u0151:":"dorogimedence.hu","Becs\u00fclt olvas\u00e1si id\u0151":"2 perc"},"schema":{"@context":"https:\/\/schema.org","@graph":[{"@type":"Article","@id":"https:\/\/dorogimedence.hu\/index.php\/2019\/08\/07\/megyejaro-hodito-turak-kesztolc\/#article","isPartOf":{"@id":"https:\/\/dorogimedence.hu\/index.php\/2019\/08\/07\/megyejaro-hodito-turak-kesztolc\/"},"author":{"name":"dorogimedence.hu","@id":"https:\/\/dorogimedence.hu\/#\/schema\/person\/ce6091eeb7e95ecdc87890d6aa8e0fd4"},"headline":"Megyej\u00e1r\u00f3 H\u00f3d\u00edt\u00f3 T\u00far\u00e1k: Keszt\u00f6lc","datePublished":"2019-08-07T05:09:04+00:00","mainEntityOfPage":{"@id":"https:\/\/dorogimedence.hu\/index.php\/2019\/08\/07\/megyejaro-hodito-turak-kesztolc\/"},"wordCount":424,"publisher":{"@id":"https:\/\/dorogimedence.hu\/#organization"},"image":{"@id":"https:\/\/dorogimedence.hu\/index.php\/2019\/08\/07\/megyejaro-hodito-turak-kesztolc\/#primaryimage"},"thumbnailUrl":"https:\/\/dorogimedence.hu\/wp-content\/uploads\/2019\/08\/hodito.jpg","keywords":["h\u00f3d\u00edt\u00f3 t\u00far\u00e1k","Keszt\u00f6lc","kir\u00e1ndul\u00e1s","Megyej\u00e1r\u00f3 H\u00f3d\u00edt\u00f3 T\u00far\u00e1k","sport","t\u00fara"],"articleSection":["H\u00edrek","Keszt\u00f6lc","Programok","Sport"],"inLanguage":"hu"},{"@type":"WebPage","@id":"https:\/\/dorogimedence.hu\/index.php\/2019\/08\/07\/megyejaro-hodito-turak-kesztolc\/","url":"https:\/\/dorogimedence.hu\/index.php\/2019\/08\/07\/megyejaro-hodito-turak-kesztolc\/","name":"Megyej\u00e1r\u00f3 H\u00f3d\u00edt\u00f3 T\u00far\u00e1k: Keszt\u00f6lc","isPartOf":{"@id":"https:\/\/dorogimedence.hu\/#website"},"primaryImageOfPage":{"@id":"https:\/\/dorogimedence.hu\/index.php\/2019\/08\/07\/megyejaro-hodito-turak-kesztolc\/#primaryimage"},"image":{"@id":"https:\/\/dorogimedence.hu\/index.php\/2019\/08\/07\/megyejaro-hodito-turak-kesztolc\/#primaryimage"},"thumbnailUrl":"https:\/\/dorogimedence.hu\/wp-content\/uploads\/2019\/08\/hodito.jpg","datePublished":"2019-08-07T05:09:04+00:00","breadcrumb":{"@id":"https:\/\/dorogimedence.hu\/index.php\/2019\/08\/07\/megyejaro-hodito-turak-kesztolc\/#breadcrumb"},"inLanguage":"hu","potentialAction":[{"@type":"ReadAction","target":["https:\/\/dorogimedence.hu\/index.php\/2019\/08\/07\/megyejaro-hodito-turak-kesztolc\/"]}]},{"@type":"ImageObject","inLanguage":"hu","@id":"https:\/\/dorogimedence.hu\/index.php\/2019\/08\/07\/megyejaro-hodito-turak-kesztolc\/#primaryimage","url":"https:\/\/dorogimedence.hu\/wp-content\/uploads\/2019\/08\/hodito.jpg","contentUrl":"https:\/\/dorogimedence.hu\/wp-content\/uploads\/2019\/08\/hodito.jpg","width":670,"height":365},{"@type":"BreadcrumbList","@id":"https:\/\/dorogimedence.hu\/index.php\/2019\/08\/07\/megyejaro-hodito-turak-kesztolc\/#breadcrumb","itemListElement":[{"@type":"ListItem","position":1,"name":"Kezd\u0151lap","item":"https:\/\/dorogimedence.hu\/"},{"@type":"ListItem","position":2,"name":"Megyej\u00e1r\u00f3 H\u00f3d\u00edt\u00f3 T\u00far\u00e1k: Keszt\u00f6lc"}]},{"@type":"WebSite","@id":"https:\/\/dorogimedence.hu\/#website","url":"https:\/\/dorogimedence.hu\/","name":"Dorogi-medence Region\u00e1lis H\u00edrport\u00e1l","description":"Dorog, Keszt\u00f6lc, Le\u00e1nyv\u00e1r, Piliscs\u00e9v, Tokod, Tokodalt\u00e1r\u00f3, Csolnok, Esztergom-kertv\u00e1ros: h\u00edrek, programok","publisher":{"@id":"https:\/\/dorogimedence.hu\/#organization"},"potentialAction":[{"@type":"SearchAction","target":{"@type":"EntryPoint","urlTemplate":"https:\/\/dorogimedence.hu\/?s={search_term_string}"},"query-input":{"@type":"PropertyValueSpecification","valueRequired":true,"valueName":"search_term_string"}}],"inLanguage":"hu"},{"@type":"Organization","@id":"https:\/\/dorogimedence.hu\/#organization","name":"Dorogi-medence Region\u00e1lis H\u00edrport\u00e1l","url":"https:\/\/dorogimedence.hu\/","logo":{"@type":"ImageObject","inLanguage":"hu","@id":"https:\/\/dorogimedence.hu\/#\/schema\/logo\/image\/","url":"https:\/\/dorogimedence.hu\/wp-content\/uploads\/2021\/04\/logo-feher-600.png","contentUrl":"https:\/\/dorogimedence.hu\/wp-content\/uploads\/2021\/04\/logo-feher-600.png","width":600,"height":100,"caption":"Dorogi-medence Region\u00e1lis H\u00edrport\u00e1l"},"image":{"@id":"https:\/\/dorogimedence.hu\/#\/schema\/logo\/image\/"},"sameAs":["https:\/\/www.facebook.com\/dorogimedence\/"]},{"@type":"Person","@id":"https:\/\/dorogimedence.hu\/#\/schema\/person\/ce6091eeb7e95ecdc87890d6aa8e0fd4","name":"dorogimedence.hu","image":{"@type":"ImageObject","inLanguage":"hu","@id":"\/\/www.gravatar.com\/avatar\/d8d45f8901aadff40a4af72c0b826f1d?s=96&#038;r=g&#038;d=mm","url":"\/\/www.gravatar.com\/avatar\/d8d45f8901aadff40a4af72c0b826f1d?s=96&#038;r=g&#038;d=mm","contentUrl":"\/\/www.gravatar.com\/avatar\/d8d45f8901aadff40a4af72c0b826f1d?s=96&#038;r=g&#038;d=mm","caption":"dorogimedence.hu"}}]}},"_links":{"self":[{"href":"https:\/\/dorogimedence.hu\/index.php\/wp-json\/wp\/v2\/posts\/18614","targetHints":{"allow":["GET"]}}],"collection":[{"href":"https:\/\/dorogimedence.hu\/index.php\/wp-json\/wp\/v2\/posts"}],"about":[{"href":"https:\/\/dorogimedence.hu\/index.php\/wp-json\/wp\/v2\/types\/post"}],"author":[{"embeddable":true,"href":"https:\/\/dorogimedence.hu\/index.php\/wp-json\/wp\/v2\/users\/1"}],"replies":[{"embeddable":true,"href":"https:\/\/dorogimedence.hu\/index.php\/wp-json\/wp\/v2\/comments?post=18614"}],"version-history":[{"count":0,"href":"https:\/\/dorogimedence.hu\/index.php\/wp-json\/wp\/v2\/posts\/18614\/revisions"}],"wp:featuredmedia":[{"embeddable":true,"href":"https:\/\/dorogimedence.hu\/index.php\/wp-json\/wp\/v2\/media\/18615"}],"wp:attachment":[{"href":"https:\/\/dorogimedence.hu\/index.php\/wp-json\/wp\/v2\/media?parent=18614"}],"wp:term":[{"taxonomy":"category","embeddable":true,"href":"https:\/\/dorogimedence.hu\/index.php\/wp-json\/wp\/v2\/categories?post=18614"},{"taxonomy":"post_tag","embeddable":true,"href":"https:\/\/dorogimedence.hu\/index.php\/wp-json\/wp\/v2\/tags?post=18614"}],"curies":[{"name":"wp","href":"https:\/\/api.w.org\/{rel}","templated":true}]}}