{"id":18591,"date":"2019-08-06T14:08:18","date_gmt":"2019-08-06T12:08:18","guid":{"rendered":"http:\/\/dorogimedence.hu\/?p=18591"},"modified":"2019-08-06T14:10:06","modified_gmt":"2019-08-06T12:10:06","slug":"ozet-gazoltak-a-dobogokoi-uton","status":"publish","type":"post","link":"https:\/\/dorogimedence.hu\/index.php\/2019\/08\/06\/ozet-gazoltak-a-dobogokoi-uton\/","title":{"rendered":"\u0150zet g\u00e1zoltak a Dobog\u00f3k\u0151i \u00faton"},"content":{"rendered":"<p><strong>\u0150zet \u00fct\u00f6ttek el augusztus 6-\u00e1n, kedden reggel Esztergomban a 1111-es \u00fat, 29. kilom\u00e9terszelv\u00e9ny\u00e9ben.<\/strong><\/p>\n<p>Az \u00fctk\u00f6z\u00e9s k\u00f6vetkezt\u00e9ben az aut\u00f3 eleje \u00f6sszet\u00f6rt, a j\u00e1rm\u0171 vezet\u0151je ugyanakkor s\u00e9r\u00fcl\u00e9sek n\u00e9lk\u00fcl meg\u00faszta a balesetet.<\/p>\n<p>A Waze live t\u00e9rk\u00e9pe szerint augusztus 5-\u00e9n, d\u00e9lut\u00e1n 16 \u00f3ra k\u00f6r\u00fcl egy m\u00e1sik kisebb baleset is t\u00f6rt\u00e9nt. A hidlap.hu \u00fagy tudja, hogy az \u00e1ldozat egy ker\u00e9kp\u00e1ros volt, aki a kellett\u00e9n\u00e9l nagyobb sebess\u00e9ggel akarta bevenni a Szentl\u00e9leki-patak k\u00f6z\u00fati h\u00eddj\u00e1n\u00e1l tal\u00e1lhat\u00f3 kanyart. A bring\u00e1s megs\u00e9r\u00fclt, \u00e1llapot\u00e1r\u00f3l nincsenek tov\u00e1bbi inform\u00e1ci\u00f3ink.<\/p>\n","protected":false},"excerpt":{"rendered":"<p>\u0150zet \u00fct\u00f6ttek el augusztus 6-\u00e1n, kedden reggel Esztergomban a 1111-es \u00fat, 29. kilom\u00e9terszelv\u00e9ny\u00e9ben. Az \u00fctk\u00f6z\u00e9s k\u00f6vetkezt\u00e9ben az aut\u00f3 eleje \u00f6sszet\u00f6rt, a j\u00e1rm\u0171 vezet\u0151je ugyanakkor s\u00e9r\u00fcl\u00e9sek n\u00e9lk\u00fcl meg\u00faszta a balesetet. A Waze live t\u00e9rk\u00e9pe szerint augusztus 5-\u00e9n, d\u00e9lut\u00e1n 16 \u00f3ra k\u00f6r\u00fcl egy m\u00e1sik kisebb baleset is t\u00f6rt\u00e9nt. A hidlap.hu \u00fagy tudja, hogy az \u00e1ldozat egy ker\u00e9kp\u00e1ros<\/p>\n","protected":false},"author":1,"featured_media":0,"comment_status":"closed","ping_status":"closed","sticky":false,"template":"","format":"standard","meta":{"ngg_post_thumbnail":0,"footnotes":""},"categories":[38,3,39],"tags":[44,2931,42,61],"class_list":{"0":"post-18591","1":"post","2":"type-post","3":"status-publish","4":"format-standard","6":"category-esztergom","7":"category-hirek","8":"category-kek-hirek","9":"tag-baleset","10":"tag-dobogokoi-ut","11":"tag-esztergom","12":"tag-rendorsegi-hirek"},"yoast_head":"<!-- This site is optimized with the Yoast SEO plugin v27.4 - https:\/\/yoast.com\/product\/yoast-seo-wordpress\/ -->\n<title>\u0150zet g\u00e1zoltak a Dobog\u00f3k\u0151i \u00faton<\/title>\n<meta name=\"robots\" content=\"index, follow, max-snippet:-1, max-image-preview:large, max-video-preview:-1\" \/>\n<link rel=\"canonical\" href=\"https:\/\/dorogimedence.hu\/index.php\/2019\/08\/06\/ozet-gazoltak-a-dobogokoi-uton\/\" class=\"yoast-seo-meta-tag\" \/>\n<meta property=\"og:locale\" content=\"hu_HU\" class=\"yoast-seo-meta-tag\" \/>\n<meta property=\"og:type\" content=\"article\" class=\"yoast-seo-meta-tag\" \/>\n<meta property=\"og:title\" content=\"\u0150zet g\u00e1zoltak a Dobog\u00f3k\u0151i \u00faton\" class=\"yoast-seo-meta-tag\" \/>\n<meta property=\"og:description\" content=\"\u0150zet \u00fct\u00f6ttek el augusztus 6-\u00e1n, kedden reggel Esztergomban a 1111-es \u00fat, 29. kilom\u00e9terszelv\u00e9ny\u00e9ben. Az \u00fctk\u00f6z\u00e9s k\u00f6vetkezt\u00e9ben az aut\u00f3 eleje \u00f6sszet\u00f6rt, a j\u00e1rm\u0171 vezet\u0151je ugyanakkor s\u00e9r\u00fcl\u00e9sek n\u00e9lk\u00fcl meg\u00faszta a balesetet. A Waze live t\u00e9rk\u00e9pe szerint augusztus 5-\u00e9n, d\u00e9lut\u00e1n 16 \u00f3ra k\u00f6r\u00fcl egy m\u00e1sik kisebb baleset is t\u00f6rt\u00e9nt. A hidlap.hu \u00fagy tudja, hogy az \u00e1ldozat egy ker\u00e9kp\u00e1ros\" class=\"yoast-seo-meta-tag\" \/>\n<meta property=\"og:url\" content=\"https:\/\/dorogimedence.hu\/index.php\/2019\/08\/06\/ozet-gazoltak-a-dobogokoi-uton\/\" class=\"yoast-seo-meta-tag\" \/>\n<meta property=\"og:site_name\" content=\"Dorogi-medence Region\u00e1lis H\u00edrport\u00e1l\" class=\"yoast-seo-meta-tag\" \/>\n<meta property=\"article:publisher\" content=\"https:\/\/www.facebook.com\/dorogimedence\/\" class=\"yoast-seo-meta-tag\" \/>\n<meta property=\"article:published_time\" content=\"2019-08-06T12:08:18+00:00\" class=\"yoast-seo-meta-tag\" \/>\n<meta property=\"article:modified_time\" content=\"2019-08-06T12:10:06+00:00\" class=\"yoast-seo-meta-tag\" \/>\n<meta property=\"og:image\" content=\"https:\/\/i0.wp.com\/dorogimedence.hu\/wp-content\/uploads\/2017\/06\/szirena-02-1.jpg?fit=670%2C365&ssl=1\" class=\"yoast-seo-meta-tag\" \/>\n\t<meta property=\"og:image:width\" content=\"670\" class=\"yoast-seo-meta-tag\" \/>\n\t<meta property=\"og:image:height\" content=\"365\" class=\"yoast-seo-meta-tag\" \/>\n\t<meta property=\"og:image:type\" content=\"image\/jpeg\" class=\"yoast-seo-meta-tag\" \/>\n<meta name=\"author\" content=\"dorogimedence.hu\" class=\"yoast-seo-meta-tag\" \/>\n<meta name=\"twitter:card\" content=\"summary_large_image\" class=\"yoast-seo-meta-tag\" \/>\n<meta name=\"twitter:label1\" content=\"Szerz\u0151:\" class=\"yoast-seo-meta-tag\" \/>\n\t<meta name=\"twitter:data1\" content=\"dorogimedence.hu\" class=\"yoast-seo-meta-tag\" \/>\n\t<meta name=\"twitter:label2\" content=\"Becs\u00fclt olvas\u00e1si id\u0151\" class=\"yoast-seo-meta-tag\" \/>\n\t<meta name=\"twitter:data2\" content=\"1 perc\" class=\"yoast-seo-meta-tag\" \/>\n<script type=\"application\/ld+json\" class=\"yoast-schema-graph\">{\"@context\":\"https:\\\/\\\/schema.org\",\"@graph\":[{\"@type\":\"Article\",\"@id\":\"https:\\\/\\\/dorogimedence.hu\\\/index.php\\\/2019\\\/08\\\/06\\\/ozet-gazoltak-a-dobogokoi-uton\\\/#article\",\"isPartOf\":{\"@id\":\"https:\\\/\\\/dorogimedence.hu\\\/index.php\\\/2019\\\/08\\\/06\\\/ozet-gazoltak-a-dobogokoi-uton\\\/\"},\"author\":{\"name\":\"dorogimedence.hu\",\"@id\":\"https:\\\/\\\/dorogimedence.hu\\\/#\\\/schema\\\/person\\\/ce6091eeb7e95ecdc87890d6aa8e0fd4\"},\"headline\":\"\u0150zet g\u00e1zoltak a Dobog\u00f3k\u0151i \u00faton\",\"datePublished\":\"2019-08-06T12:08:18+00:00\",\"dateModified\":\"2019-08-06T12:10:06+00:00\",\"mainEntityOfPage\":{\"@id\":\"https:\\\/\\\/dorogimedence.hu\\\/index.php\\\/2019\\\/08\\\/06\\\/ozet-gazoltak-a-dobogokoi-uton\\\/\"},\"wordCount\":131,\"publisher\":{\"@id\":\"https:\\\/\\\/dorogimedence.hu\\\/#organization\"},\"keywords\":[\"baleset\",\"Dobog\u00f3k\u0151i \u00fat\",\"esztergom\",\"rend\u0151rs\u00e9gi h\u00edrek\"],\"articleSection\":[\"Esztergom\",\"H\u00edrek\",\"K\u00e9k h\u00edrek\"],\"inLanguage\":\"hu\"},{\"@type\":\"WebPage\",\"@id\":\"https:\\\/\\\/dorogimedence.hu\\\/index.php\\\/2019\\\/08\\\/06\\\/ozet-gazoltak-a-dobogokoi-uton\\\/\",\"url\":\"https:\\\/\\\/dorogimedence.hu\\\/index.php\\\/2019\\\/08\\\/06\\\/ozet-gazoltak-a-dobogokoi-uton\\\/\",\"name\":\"\u0150zet g\u00e1zoltak a Dobog\u00f3k\u0151i \u00faton\",\"isPartOf\":{\"@id\":\"https:\\\/\\\/dorogimedence.hu\\\/#website\"},\"datePublished\":\"2019-08-06T12:08:18+00:00\",\"dateModified\":\"2019-08-06T12:10:06+00:00\",\"breadcrumb\":{\"@id\":\"https:\\\/\\\/dorogimedence.hu\\\/index.php\\\/2019\\\/08\\\/06\\\/ozet-gazoltak-a-dobogokoi-uton\\\/#breadcrumb\"},\"inLanguage\":\"hu\",\"potentialAction\":[{\"@type\":\"ReadAction\",\"target\":[\"https:\\\/\\\/dorogimedence.hu\\\/index.php\\\/2019\\\/08\\\/06\\\/ozet-gazoltak-a-dobogokoi-uton\\\/\"]}]},{\"@type\":\"BreadcrumbList\",\"@id\":\"https:\\\/\\\/dorogimedence.hu\\\/index.php\\\/2019\\\/08\\\/06\\\/ozet-gazoltak-a-dobogokoi-uton\\\/#breadcrumb\",\"itemListElement\":[{\"@type\":\"ListItem\",\"position\":1,\"name\":\"Kezd\u0151lap\",\"item\":\"https:\\\/\\\/dorogimedence.hu\\\/\"},{\"@type\":\"ListItem\",\"position\":2,\"name\":\"\u0150zet g\u00e1zoltak a Dobog\u00f3k\u0151i \u00faton\"}]},{\"@type\":\"WebSite\",\"@id\":\"https:\\\/\\\/dorogimedence.hu\\\/#website\",\"url\":\"https:\\\/\\\/dorogimedence.hu\\\/\",\"name\":\"Dorogi-medence Region\u00e1lis H\u00edrport\u00e1l\",\"description\":\"Dorog, Keszt\u00f6lc, Le\u00e1nyv\u00e1r, Piliscs\u00e9v, Tokod, Tokodalt\u00e1r\u00f3, Csolnok, Esztergom-kertv\u00e1ros: h\u00edrek, programok\",\"publisher\":{\"@id\":\"https:\\\/\\\/dorogimedence.hu\\\/#organization\"},\"potentialAction\":[{\"@type\":\"SearchAction\",\"target\":{\"@type\":\"EntryPoint\",\"urlTemplate\":\"https:\\\/\\\/dorogimedence.hu\\\/?s={search_term_string}\"},\"query-input\":{\"@type\":\"PropertyValueSpecification\",\"valueRequired\":true,\"valueName\":\"search_term_string\"}}],\"inLanguage\":\"hu\"},{\"@type\":\"Organization\",\"@id\":\"https:\\\/\\\/dorogimedence.hu\\\/#organization\",\"name\":\"Dorogi-medence Region\u00e1lis H\u00edrport\u00e1l\",\"url\":\"https:\\\/\\\/dorogimedence.hu\\\/\",\"logo\":{\"@type\":\"ImageObject\",\"inLanguage\":\"hu\",\"@id\":\"https:\\\/\\\/dorogimedence.hu\\\/#\\\/schema\\\/logo\\\/image\\\/\",\"url\":\"https:\\\/\\\/dorogimedence.hu\\\/wp-content\\\/uploads\\\/2021\\\/04\\\/logo-feher-600.png\",\"contentUrl\":\"https:\\\/\\\/dorogimedence.hu\\\/wp-content\\\/uploads\\\/2021\\\/04\\\/logo-feher-600.png\",\"width\":600,\"height\":100,\"caption\":\"Dorogi-medence Region\u00e1lis H\u00edrport\u00e1l\"},\"image\":{\"@id\":\"https:\\\/\\\/dorogimedence.hu\\\/#\\\/schema\\\/logo\\\/image\\\/\"},\"sameAs\":[\"https:\\\/\\\/www.facebook.com\\\/dorogimedence\\\/\"]},{\"@type\":\"Person\",\"@id\":\"https:\\\/\\\/dorogimedence.hu\\\/#\\\/schema\\\/person\\\/ce6091eeb7e95ecdc87890d6aa8e0fd4\",\"name\":\"dorogimedence.hu\",\"image\":{\"@type\":\"ImageObject\",\"inLanguage\":\"hu\",\"@id\":\"\\\/\\\/www.gravatar.com\\\/avatar\\\/d8d45f8901aadff40a4af72c0b826f1d?s=96&#038;r=g&#038;d=mm\",\"url\":\"\\\/\\\/www.gravatar.com\\\/avatar\\\/d8d45f8901aadff40a4af72c0b826f1d?s=96&#038;r=g&#038;d=mm\",\"contentUrl\":\"\\\/\\\/www.gravatar.com\\\/avatar\\\/d8d45f8901aadff40a4af72c0b826f1d?s=96&#038;r=g&#038;d=mm\",\"caption\":\"dorogimedence.hu\"}}]}<\/script>\n<!-- \/ Yoast SEO plugin. -->","yoast_head_json":{"title":"\u0150zet g\u00e1zoltak a Dobog\u00f3k\u0151i \u00faton","robots":{"index":"index","follow":"follow","max-snippet":"max-snippet:-1","max-image-preview":"max-image-preview:large","max-video-preview":"max-video-preview:-1"},"canonical":"https:\/\/dorogimedence.hu\/index.php\/2019\/08\/06\/ozet-gazoltak-a-dobogokoi-uton\/","og_locale":"hu_HU","og_type":"article","og_title":"\u0150zet g\u00e1zoltak a Dobog\u00f3k\u0151i \u00faton","og_description":"\u0150zet \u00fct\u00f6ttek el augusztus 6-\u00e1n, kedden reggel Esztergomban a 1111-es \u00fat, 29. kilom\u00e9terszelv\u00e9ny\u00e9ben. Az \u00fctk\u00f6z\u00e9s k\u00f6vetkezt\u00e9ben az aut\u00f3 eleje \u00f6sszet\u00f6rt, a j\u00e1rm\u0171 vezet\u0151je ugyanakkor s\u00e9r\u00fcl\u00e9sek n\u00e9lk\u00fcl meg\u00faszta a balesetet. A Waze live t\u00e9rk\u00e9pe szerint augusztus 5-\u00e9n, d\u00e9lut\u00e1n 16 \u00f3ra k\u00f6r\u00fcl egy m\u00e1sik kisebb baleset is t\u00f6rt\u00e9nt. A hidlap.hu \u00fagy tudja, hogy az \u00e1ldozat egy ker\u00e9kp\u00e1ros","og_url":"https:\/\/dorogimedence.hu\/index.php\/2019\/08\/06\/ozet-gazoltak-a-dobogokoi-uton\/","og_site_name":"Dorogi-medence Region\u00e1lis H\u00edrport\u00e1l","article_publisher":"https:\/\/www.facebook.com\/dorogimedence\/","article_published_time":"2019-08-06T12:08:18+00:00","article_modified_time":"2019-08-06T12:10:06+00:00","og_image":[{"width":670,"height":365,"url":"https:\/\/i0.wp.com\/dorogimedence.hu\/wp-content\/uploads\/2017\/06\/szirena-02-1.jpg?fit=670%2C365&ssl=1","type":"image\/jpeg"}],"author":"dorogimedence.hu","twitter_card":"summary_large_image","twitter_misc":{"Szerz\u0151:":"dorogimedence.hu","Becs\u00fclt olvas\u00e1si id\u0151":"1 perc"},"schema":{"@context":"https:\/\/schema.org","@graph":[{"@type":"Article","@id":"https:\/\/dorogimedence.hu\/index.php\/2019\/08\/06\/ozet-gazoltak-a-dobogokoi-uton\/#article","isPartOf":{"@id":"https:\/\/dorogimedence.hu\/index.php\/2019\/08\/06\/ozet-gazoltak-a-dobogokoi-uton\/"},"author":{"name":"dorogimedence.hu","@id":"https:\/\/dorogimedence.hu\/#\/schema\/person\/ce6091eeb7e95ecdc87890d6aa8e0fd4"},"headline":"\u0150zet g\u00e1zoltak a Dobog\u00f3k\u0151i \u00faton","datePublished":"2019-08-06T12:08:18+00:00","dateModified":"2019-08-06T12:10:06+00:00","mainEntityOfPage":{"@id":"https:\/\/dorogimedence.hu\/index.php\/2019\/08\/06\/ozet-gazoltak-a-dobogokoi-uton\/"},"wordCount":131,"publisher":{"@id":"https:\/\/dorogimedence.hu\/#organization"},"keywords":["baleset","Dobog\u00f3k\u0151i \u00fat","esztergom","rend\u0151rs\u00e9gi h\u00edrek"],"articleSection":["Esztergom","H\u00edrek","K\u00e9k h\u00edrek"],"inLanguage":"hu"},{"@type":"WebPage","@id":"https:\/\/dorogimedence.hu\/index.php\/2019\/08\/06\/ozet-gazoltak-a-dobogokoi-uton\/","url":"https:\/\/dorogimedence.hu\/index.php\/2019\/08\/06\/ozet-gazoltak-a-dobogokoi-uton\/","name":"\u0150zet g\u00e1zoltak a Dobog\u00f3k\u0151i \u00faton","isPartOf":{"@id":"https:\/\/dorogimedence.hu\/#website"},"datePublished":"2019-08-06T12:08:18+00:00","dateModified":"2019-08-06T12:10:06+00:00","breadcrumb":{"@id":"https:\/\/dorogimedence.hu\/index.php\/2019\/08\/06\/ozet-gazoltak-a-dobogokoi-uton\/#breadcrumb"},"inLanguage":"hu","potentialAction":[{"@type":"ReadAction","target":["https:\/\/dorogimedence.hu\/index.php\/2019\/08\/06\/ozet-gazoltak-a-dobogokoi-uton\/"]}]},{"@type":"BreadcrumbList","@id":"https:\/\/dorogimedence.hu\/index.php\/2019\/08\/06\/ozet-gazoltak-a-dobogokoi-uton\/#breadcrumb","itemListElement":[{"@type":"ListItem","position":1,"name":"Kezd\u0151lap","item":"https:\/\/dorogimedence.hu\/"},{"@type":"ListItem","position":2,"name":"\u0150zet g\u00e1zoltak a Dobog\u00f3k\u0151i \u00faton"}]},{"@type":"WebSite","@id":"https:\/\/dorogimedence.hu\/#website","url":"https:\/\/dorogimedence.hu\/","name":"Dorogi-medence Region\u00e1lis H\u00edrport\u00e1l","description":"Dorog, Keszt\u00f6lc, Le\u00e1nyv\u00e1r, Piliscs\u00e9v, Tokod, Tokodalt\u00e1r\u00f3, Csolnok, Esztergom-kertv\u00e1ros: h\u00edrek, programok","publisher":{"@id":"https:\/\/dorogimedence.hu\/#organization"},"potentialAction":[{"@type":"SearchAction","target":{"@type":"EntryPoint","urlTemplate":"https:\/\/dorogimedence.hu\/?s={search_term_string}"},"query-input":{"@type":"PropertyValueSpecification","valueRequired":true,"valueName":"search_term_string"}}],"inLanguage":"hu"},{"@type":"Organization","@id":"https:\/\/dorogimedence.hu\/#organization","name":"Dorogi-medence Region\u00e1lis H\u00edrport\u00e1l","url":"https:\/\/dorogimedence.hu\/","logo":{"@type":"ImageObject","inLanguage":"hu","@id":"https:\/\/dorogimedence.hu\/#\/schema\/logo\/image\/","url":"https:\/\/dorogimedence.hu\/wp-content\/uploads\/2021\/04\/logo-feher-600.png","contentUrl":"https:\/\/dorogimedence.hu\/wp-content\/uploads\/2021\/04\/logo-feher-600.png","width":600,"height":100,"caption":"Dorogi-medence Region\u00e1lis H\u00edrport\u00e1l"},"image":{"@id":"https:\/\/dorogimedence.hu\/#\/schema\/logo\/image\/"},"sameAs":["https:\/\/www.facebook.com\/dorogimedence\/"]},{"@type":"Person","@id":"https:\/\/dorogimedence.hu\/#\/schema\/person\/ce6091eeb7e95ecdc87890d6aa8e0fd4","name":"dorogimedence.hu","image":{"@type":"ImageObject","inLanguage":"hu","@id":"\/\/www.gravatar.com\/avatar\/d8d45f8901aadff40a4af72c0b826f1d?s=96&#038;r=g&#038;d=mm","url":"\/\/www.gravatar.com\/avatar\/d8d45f8901aadff40a4af72c0b826f1d?s=96&#038;r=g&#038;d=mm","contentUrl":"\/\/www.gravatar.com\/avatar\/d8d45f8901aadff40a4af72c0b826f1d?s=96&#038;r=g&#038;d=mm","caption":"dorogimedence.hu"}}]}},"_links":{"self":[{"href":"https:\/\/dorogimedence.hu\/index.php\/wp-json\/wp\/v2\/posts\/18591","targetHints":{"allow":["GET"]}}],"collection":[{"href":"https:\/\/dorogimedence.hu\/index.php\/wp-json\/wp\/v2\/posts"}],"about":[{"href":"https:\/\/dorogimedence.hu\/index.php\/wp-json\/wp\/v2\/types\/post"}],"author":[{"embeddable":true,"href":"https:\/\/dorogimedence.hu\/index.php\/wp-json\/wp\/v2\/users\/1"}],"replies":[{"embeddable":true,"href":"https:\/\/dorogimedence.hu\/index.php\/wp-json\/wp\/v2\/comments?post=18591"}],"version-history":[{"count":0,"href":"https:\/\/dorogimedence.hu\/index.php\/wp-json\/wp\/v2\/posts\/18591\/revisions"}],"wp:attachment":[{"href":"https:\/\/dorogimedence.hu\/index.php\/wp-json\/wp\/v2\/media?parent=18591"}],"wp:term":[{"taxonomy":"category","embeddable":true,"href":"https:\/\/dorogimedence.hu\/index.php\/wp-json\/wp\/v2\/categories?post=18591"},{"taxonomy":"post_tag","embeddable":true,"href":"https:\/\/dorogimedence.hu\/index.php\/wp-json\/wp\/v2\/tags?post=18591"}],"curies":[{"name":"wp","href":"https:\/\/api.w.org\/{rel}","templated":true}]}}