{"id":18541,"date":"2019-08-04T16:16:38","date_gmt":"2019-08-04T14:16:38","guid":{"rendered":"http:\/\/dorogimedence.hu\/?p=18541"},"modified":"2019-08-04T16:16:38","modified_gmt":"2019-08-04T14:16:38","slug":"dorogon-folytatja-az-mtk-tol-tavozo-tamado","status":"publish","type":"post","link":"https:\/\/dorogimedence.hu\/index.php\/2019\/08\/04\/dorogon-folytatja-az-mtk-tol-tavozo-tamado\/","title":{"rendered":"Dorogon folytatja az MTK-t\u00f3l t\u00e1voz\u00f3 t\u00e1mad\u00f3"},"content":{"rendered":"<p><strong>A Dorogi FC j\u00e1t\u00e9kosa lett N\u00e9meth \u00c1d\u00e1m<\/strong> <em>\u2013 olvashat\u00f3 a t\u00e1mad\u00f3t k\u00e9pvisel\u0151 Center Sport menedzseriroda Facebook-oldal\u00e1n.<br \/>\n<\/em><\/p>\n<p>A 19 \u00e9ves futballista Ny\u00edregyh\u00e1z\u00e1n nevelkedett, 2016-ban szerz\u0151d\u00f6tt az MTK Budapest koroszt\u00e1lyos csapat\u00e1ba. Az el\u0151z\u0151 id\u00e9nyben 25 U19-es m\u00e9rk\u0151z\u00e9sen l\u00e9pett p\u00e1ly\u00e1ra, 15 g\u00f3lt szerzett.<\/p>\n<p>Az NB II ma rajtol, 17.30-kor a Dorogi FC a Vasast fogadja.<\/p>\n<p><img fetchpriority=\"high\" decoding=\"async\" class=\"alignnone size-full wp-image-18542\" src=\"https:\/\/dorogimedence.hu\/wp-content\/uploads\/2019\/08\/dorog-vasas.jpg\" alt=\"\" width=\"670\" height=\"315\" srcset=\"https:\/\/dorogimedence.hu\/wp-content\/uploads\/2019\/08\/dorog-vasas.jpg 670w, https:\/\/dorogimedence.hu\/wp-content\/uploads\/2019\/08\/dorog-vasas-300x141.jpg 300w\" sizes=\"(max-width: 670px) 100vw, 670px\" \/><\/p>\n<p><strong><span style=\"color: #ff0000;\">NY\u00c1RI J\u00c1T\u00c9KOSMOZG\u00c1S A DOROGN\u00c1L<\/span><br \/>\n<\/strong><u><strong>\u00c9rkez\u0151k:<\/strong><\/u> <strong>Albert \u00c1d\u00e1m <\/strong>(J\u00e1szber\u00e9ny),<strong> Csillag D\u00e1rius <\/strong>(V\u00e1c), <strong>D\u00e9lczeg Gergely<\/strong> (Kisv\u00e1rda), <strong>Forr\u00f3 Gyula<\/strong> (Ny\u00edregyh\u00e1za, szabadon igazolhat\u00f3k\u00e9nt), <strong>F\u00f6ldi Botond <\/strong>(Mez\u0151k\u00f6vesd \u2013 k\u00f6lcs\u00f6nbe, legut\u00f3bb Cegl\u00e9d, k\u00f6lcs\u00f6nben), <strong>Lencs\u00e9s Bal\u00e1zs <\/strong>(Mol Feh\u00e9rv\u00e1r II),<strong> Mursits Roland<\/strong> (Cegl\u00e9d), <strong>Tak\u00e1cs P\u00e9ter <\/strong>(Kazincbarcika), <strong>N\u00e9meth \u00c1d\u00e1m<\/strong> (MTK Budapest U19)<u><strong><br \/>\n<\/strong><\/u><u><strong>T\u00e1voz\u00f3k:<\/strong><\/u><strong> Csat\u00f3 Martin<\/strong> (Cs\u00e1kv\u00e1r),<strong> Erd\u00e9lyi Botond <\/strong>(Bp. Honv\u00e9d-MFA \u2013 k\u00f6lcs\u00f6nb\u0151l vissza, onnan Tiszak\u00e9cske), <strong>Farag\u00f3 Tom\u00e1s<\/strong> (szlov\u00e1kiai, B\u00e9k\u00e9scsaba),<strong> Fodor \u00c1kos <\/strong>(FK Miercurea Ciuc\/FK Cs\u00edkszereda \u2013 Rom\u00e1nia), <strong>Heged\u0171s M\u00e1rk<\/strong> (Bp. Honv\u00e9d-MFA \u2013 k\u00f6lcs\u00f6nb\u0151l vissza),<strong> Horv\u00e1th G\u00e1bo<\/strong>r (BVSC-Zugl\u00f3), <strong>Nagy Zsombor <\/strong>(MTK \u2013 k\u00f6lcs\u00f6nb\u0151l vissza), <strong>Szedl\u00e1r Zolt\u00e1n <\/strong>(Vasas),<strong> Szentp\u00e9teri Viktor<\/strong> (?)<\/p>\n","protected":false},"excerpt":{"rendered":"<p>A Dorogi FC j\u00e1t\u00e9kosa lett N\u00e9meth \u00c1d\u00e1m \u2013 olvashat\u00f3 a t\u00e1mad\u00f3t k\u00e9pvisel\u0151 Center Sport menedzseriroda Facebook-oldal\u00e1n. A 19 \u00e9ves futballista Ny\u00edregyh\u00e1z\u00e1n nevelkedett, 2016-ban szerz\u0151d\u00f6tt az MTK Budapest koroszt\u00e1lyos csapat\u00e1ba. Az el\u0151z\u0151 id\u00e9nyben 25 U19-es m\u00e9rk\u0151z\u00e9sen l\u00e9pett p\u00e1ly\u00e1ra, 15 g\u00f3lt szerzett. Az NB II ma rajtol, 17.30-kor a Dorogi FC a Vasast fogadja. NY\u00c1RI J\u00c1T\u00c9KOSMOZG\u00c1S A<\/p>\n","protected":false},"author":1,"featured_media":18543,"comment_status":"closed","ping_status":"closed","sticky":false,"template":"","format":"standard","meta":{"ngg_post_thumbnail":0,"footnotes":""},"categories":[2,3,5],"tags":[15,37,70,69,72,263,16],"class_list":{"0":"post-18541","1":"post","2":"type-post","3":"status-publish","4":"format-standard","5":"has-post-thumbnail","7":"category-dorog","8":"category-hirek","9":"category-sport","10":"tag-dorog","11":"tag-dorogi-fc","12":"tag-foci","13":"tag-futball","14":"tag-labdarugas","15":"tag-nb-ii","16":"tag-sport"},"yoast_head":"<!-- This site is optimized with the Yoast SEO plugin v27.4 - https:\/\/yoast.com\/product\/yoast-seo-wordpress\/ -->\n<title>Dorogon folytatja az MTK-t\u00f3l t\u00e1voz\u00f3 t\u00e1mad\u00f3<\/title>\n<meta name=\"robots\" content=\"index, follow, max-snippet:-1, max-image-preview:large, max-video-preview:-1\" \/>\n<link rel=\"canonical\" href=\"https:\/\/dorogimedence.hu\/index.php\/2019\/08\/04\/dorogon-folytatja-az-mtk-tol-tavozo-tamado\/\" class=\"yoast-seo-meta-tag\" \/>\n<meta property=\"og:locale\" content=\"hu_HU\" class=\"yoast-seo-meta-tag\" \/>\n<meta property=\"og:type\" content=\"article\" class=\"yoast-seo-meta-tag\" \/>\n<meta property=\"og:title\" content=\"Dorogon folytatja az MTK-t\u00f3l t\u00e1voz\u00f3 t\u00e1mad\u00f3\" class=\"yoast-seo-meta-tag\" \/>\n<meta property=\"og:description\" content=\"A Dorogi FC j\u00e1t\u00e9kosa lett N\u00e9meth \u00c1d\u00e1m \u2013 olvashat\u00f3 a t\u00e1mad\u00f3t k\u00e9pvisel\u0151 Center Sport menedzseriroda Facebook-oldal\u00e1n. A 19 \u00e9ves futballista Ny\u00edregyh\u00e1z\u00e1n nevelkedett, 2016-ban szerz\u0151d\u00f6tt az MTK Budapest koroszt\u00e1lyos csapat\u00e1ba. Az el\u0151z\u0151 id\u00e9nyben 25 U19-es m\u00e9rk\u0151z\u00e9sen l\u00e9pett p\u00e1ly\u00e1ra, 15 g\u00f3lt szerzett. Az NB II ma rajtol, 17.30-kor a Dorogi FC a Vasast fogadja. NY\u00c1RI J\u00c1T\u00c9KOSMOZG\u00c1S A\" class=\"yoast-seo-meta-tag\" \/>\n<meta property=\"og:url\" content=\"https:\/\/dorogimedence.hu\/index.php\/2019\/08\/04\/dorogon-folytatja-az-mtk-tol-tavozo-tamado\/\" class=\"yoast-seo-meta-tag\" \/>\n<meta property=\"og:site_name\" content=\"Dorogi-medence Region\u00e1lis H\u00edrport\u00e1l\" class=\"yoast-seo-meta-tag\" \/>\n<meta property=\"article:publisher\" content=\"https:\/\/www.facebook.com\/dorogimedence\/\" class=\"yoast-seo-meta-tag\" \/>\n<meta property=\"article:published_time\" content=\"2019-08-04T14:16:38+00:00\" class=\"yoast-seo-meta-tag\" \/>\n<meta property=\"og:image\" content=\"https:\/\/i0.wp.com\/dorogimedence.hu\/wp-content\/uploads\/2019\/08\/nemeth.jpg?fit=670%2C365&ssl=1\" class=\"yoast-seo-meta-tag\" \/>\n\t<meta property=\"og:image:width\" content=\"670\" class=\"yoast-seo-meta-tag\" \/>\n\t<meta property=\"og:image:height\" content=\"365\" class=\"yoast-seo-meta-tag\" \/>\n\t<meta property=\"og:image:type\" content=\"image\/jpeg\" class=\"yoast-seo-meta-tag\" \/>\n<meta name=\"author\" content=\"dorogimedence.hu\" class=\"yoast-seo-meta-tag\" \/>\n<meta name=\"twitter:card\" content=\"summary_large_image\" class=\"yoast-seo-meta-tag\" \/>\n<meta name=\"twitter:label1\" content=\"Szerz\u0151:\" class=\"yoast-seo-meta-tag\" \/>\n\t<meta name=\"twitter:data1\" content=\"dorogimedence.hu\" class=\"yoast-seo-meta-tag\" \/>\n\t<meta name=\"twitter:label2\" content=\"Becs\u00fclt olvas\u00e1si id\u0151\" class=\"yoast-seo-meta-tag\" \/>\n\t<meta name=\"twitter:data2\" content=\"1 perc\" class=\"yoast-seo-meta-tag\" \/>\n<script type=\"application\/ld+json\" class=\"yoast-schema-graph\">{\"@context\":\"https:\\\/\\\/schema.org\",\"@graph\":[{\"@type\":\"Article\",\"@id\":\"https:\\\/\\\/dorogimedence.hu\\\/index.php\\\/2019\\\/08\\\/04\\\/dorogon-folytatja-az-mtk-tol-tavozo-tamado\\\/#article\",\"isPartOf\":{\"@id\":\"https:\\\/\\\/dorogimedence.hu\\\/index.php\\\/2019\\\/08\\\/04\\\/dorogon-folytatja-az-mtk-tol-tavozo-tamado\\\/\"},\"author\":{\"name\":\"dorogimedence.hu\",\"@id\":\"https:\\\/\\\/dorogimedence.hu\\\/#\\\/schema\\\/person\\\/ce6091eeb7e95ecdc87890d6aa8e0fd4\"},\"headline\":\"Dorogon folytatja az MTK-t\u00f3l t\u00e1voz\u00f3 t\u00e1mad\u00f3\",\"datePublished\":\"2019-08-04T14:16:38+00:00\",\"mainEntityOfPage\":{\"@id\":\"https:\\\/\\\/dorogimedence.hu\\\/index.php\\\/2019\\\/08\\\/04\\\/dorogon-folytatja-az-mtk-tol-tavozo-tamado\\\/\"},\"wordCount\":232,\"publisher\":{\"@id\":\"https:\\\/\\\/dorogimedence.hu\\\/#organization\"},\"image\":{\"@id\":\"https:\\\/\\\/dorogimedence.hu\\\/index.php\\\/2019\\\/08\\\/04\\\/dorogon-folytatja-az-mtk-tol-tavozo-tamado\\\/#primaryimage\"},\"thumbnailUrl\":\"https:\\\/\\\/dorogimedence.hu\\\/wp-content\\\/uploads\\\/2019\\\/08\\\/nemeth.jpg\",\"keywords\":[\"Dorog\",\"Dorogi FC\",\"foci\",\"futball\",\"labdar\u00fag\u00e1s\",\"NB II\",\"sport\"],\"articleSection\":[\"Dorog\",\"H\u00edrek\",\"Sport\"],\"inLanguage\":\"hu\"},{\"@type\":\"WebPage\",\"@id\":\"https:\\\/\\\/dorogimedence.hu\\\/index.php\\\/2019\\\/08\\\/04\\\/dorogon-folytatja-az-mtk-tol-tavozo-tamado\\\/\",\"url\":\"https:\\\/\\\/dorogimedence.hu\\\/index.php\\\/2019\\\/08\\\/04\\\/dorogon-folytatja-az-mtk-tol-tavozo-tamado\\\/\",\"name\":\"Dorogon folytatja az MTK-t\u00f3l t\u00e1voz\u00f3 t\u00e1mad\u00f3\",\"isPartOf\":{\"@id\":\"https:\\\/\\\/dorogimedence.hu\\\/#website\"},\"primaryImageOfPage\":{\"@id\":\"https:\\\/\\\/dorogimedence.hu\\\/index.php\\\/2019\\\/08\\\/04\\\/dorogon-folytatja-az-mtk-tol-tavozo-tamado\\\/#primaryimage\"},\"image\":{\"@id\":\"https:\\\/\\\/dorogimedence.hu\\\/index.php\\\/2019\\\/08\\\/04\\\/dorogon-folytatja-az-mtk-tol-tavozo-tamado\\\/#primaryimage\"},\"thumbnailUrl\":\"https:\\\/\\\/dorogimedence.hu\\\/wp-content\\\/uploads\\\/2019\\\/08\\\/nemeth.jpg\",\"datePublished\":\"2019-08-04T14:16:38+00:00\",\"breadcrumb\":{\"@id\":\"https:\\\/\\\/dorogimedence.hu\\\/index.php\\\/2019\\\/08\\\/04\\\/dorogon-folytatja-az-mtk-tol-tavozo-tamado\\\/#breadcrumb\"},\"inLanguage\":\"hu\",\"potentialAction\":[{\"@type\":\"ReadAction\",\"target\":[\"https:\\\/\\\/dorogimedence.hu\\\/index.php\\\/2019\\\/08\\\/04\\\/dorogon-folytatja-az-mtk-tol-tavozo-tamado\\\/\"]}]},{\"@type\":\"ImageObject\",\"inLanguage\":\"hu\",\"@id\":\"https:\\\/\\\/dorogimedence.hu\\\/index.php\\\/2019\\\/08\\\/04\\\/dorogon-folytatja-az-mtk-tol-tavozo-tamado\\\/#primaryimage\",\"url\":\"https:\\\/\\\/dorogimedence.hu\\\/wp-content\\\/uploads\\\/2019\\\/08\\\/nemeth.jpg\",\"contentUrl\":\"https:\\\/\\\/dorogimedence.hu\\\/wp-content\\\/uploads\\\/2019\\\/08\\\/nemeth.jpg\",\"width\":670,\"height\":365},{\"@type\":\"BreadcrumbList\",\"@id\":\"https:\\\/\\\/dorogimedence.hu\\\/index.php\\\/2019\\\/08\\\/04\\\/dorogon-folytatja-az-mtk-tol-tavozo-tamado\\\/#breadcrumb\",\"itemListElement\":[{\"@type\":\"ListItem\",\"position\":1,\"name\":\"Kezd\u0151lap\",\"item\":\"https:\\\/\\\/dorogimedence.hu\\\/\"},{\"@type\":\"ListItem\",\"position\":2,\"name\":\"Dorogon folytatja az MTK-t\u00f3l t\u00e1voz\u00f3 t\u00e1mad\u00f3\"}]},{\"@type\":\"WebSite\",\"@id\":\"https:\\\/\\\/dorogimedence.hu\\\/#website\",\"url\":\"https:\\\/\\\/dorogimedence.hu\\\/\",\"name\":\"Dorogi-medence Region\u00e1lis H\u00edrport\u00e1l\",\"description\":\"Dorog, Keszt\u00f6lc, Le\u00e1nyv\u00e1r, Piliscs\u00e9v, Tokod, Tokodalt\u00e1r\u00f3, Csolnok, Esztergom-kertv\u00e1ros: h\u00edrek, programok\",\"publisher\":{\"@id\":\"https:\\\/\\\/dorogimedence.hu\\\/#organization\"},\"potentialAction\":[{\"@type\":\"SearchAction\",\"target\":{\"@type\":\"EntryPoint\",\"urlTemplate\":\"https:\\\/\\\/dorogimedence.hu\\\/?s={search_term_string}\"},\"query-input\":{\"@type\":\"PropertyValueSpecification\",\"valueRequired\":true,\"valueName\":\"search_term_string\"}}],\"inLanguage\":\"hu\"},{\"@type\":\"Organization\",\"@id\":\"https:\\\/\\\/dorogimedence.hu\\\/#organization\",\"name\":\"Dorogi-medence Region\u00e1lis H\u00edrport\u00e1l\",\"url\":\"https:\\\/\\\/dorogimedence.hu\\\/\",\"logo\":{\"@type\":\"ImageObject\",\"inLanguage\":\"hu\",\"@id\":\"https:\\\/\\\/dorogimedence.hu\\\/#\\\/schema\\\/logo\\\/image\\\/\",\"url\":\"https:\\\/\\\/dorogimedence.hu\\\/wp-content\\\/uploads\\\/2021\\\/04\\\/logo-feher-600.png\",\"contentUrl\":\"https:\\\/\\\/dorogimedence.hu\\\/wp-content\\\/uploads\\\/2021\\\/04\\\/logo-feher-600.png\",\"width\":600,\"height\":100,\"caption\":\"Dorogi-medence Region\u00e1lis H\u00edrport\u00e1l\"},\"image\":{\"@id\":\"https:\\\/\\\/dorogimedence.hu\\\/#\\\/schema\\\/logo\\\/image\\\/\"},\"sameAs\":[\"https:\\\/\\\/www.facebook.com\\\/dorogimedence\\\/\"]},{\"@type\":\"Person\",\"@id\":\"https:\\\/\\\/dorogimedence.hu\\\/#\\\/schema\\\/person\\\/ce6091eeb7e95ecdc87890d6aa8e0fd4\",\"name\":\"dorogimedence.hu\",\"image\":{\"@type\":\"ImageObject\",\"inLanguage\":\"hu\",\"@id\":\"\\\/\\\/www.gravatar.com\\\/avatar\\\/d8d45f8901aadff40a4af72c0b826f1d?s=96&#038;r=g&#038;d=mm\",\"url\":\"\\\/\\\/www.gravatar.com\\\/avatar\\\/d8d45f8901aadff40a4af72c0b826f1d?s=96&#038;r=g&#038;d=mm\",\"contentUrl\":\"\\\/\\\/www.gravatar.com\\\/avatar\\\/d8d45f8901aadff40a4af72c0b826f1d?s=96&#038;r=g&#038;d=mm\",\"caption\":\"dorogimedence.hu\"}}]}<\/script>\n<!-- \/ Yoast SEO plugin. -->","yoast_head_json":{"title":"Dorogon folytatja az MTK-t\u00f3l t\u00e1voz\u00f3 t\u00e1mad\u00f3","robots":{"index":"index","follow":"follow","max-snippet":"max-snippet:-1","max-image-preview":"max-image-preview:large","max-video-preview":"max-video-preview:-1"},"canonical":"https:\/\/dorogimedence.hu\/index.php\/2019\/08\/04\/dorogon-folytatja-az-mtk-tol-tavozo-tamado\/","og_locale":"hu_HU","og_type":"article","og_title":"Dorogon folytatja az MTK-t\u00f3l t\u00e1voz\u00f3 t\u00e1mad\u00f3","og_description":"A Dorogi FC j\u00e1t\u00e9kosa lett N\u00e9meth \u00c1d\u00e1m \u2013 olvashat\u00f3 a t\u00e1mad\u00f3t k\u00e9pvisel\u0151 Center Sport menedzseriroda Facebook-oldal\u00e1n. A 19 \u00e9ves futballista Ny\u00edregyh\u00e1z\u00e1n nevelkedett, 2016-ban szerz\u0151d\u00f6tt az MTK Budapest koroszt\u00e1lyos csapat\u00e1ba. Az el\u0151z\u0151 id\u00e9nyben 25 U19-es m\u00e9rk\u0151z\u00e9sen l\u00e9pett p\u00e1ly\u00e1ra, 15 g\u00f3lt szerzett. Az NB II ma rajtol, 17.30-kor a Dorogi FC a Vasast fogadja. NY\u00c1RI J\u00c1T\u00c9KOSMOZG\u00c1S A","og_url":"https:\/\/dorogimedence.hu\/index.php\/2019\/08\/04\/dorogon-folytatja-az-mtk-tol-tavozo-tamado\/","og_site_name":"Dorogi-medence Region\u00e1lis H\u00edrport\u00e1l","article_publisher":"https:\/\/www.facebook.com\/dorogimedence\/","article_published_time":"2019-08-04T14:16:38+00:00","og_image":[{"width":670,"height":365,"url":"https:\/\/i0.wp.com\/dorogimedence.hu\/wp-content\/uploads\/2019\/08\/nemeth.jpg?fit=670%2C365&ssl=1","type":"image\/jpeg"}],"author":"dorogimedence.hu","twitter_card":"summary_large_image","twitter_misc":{"Szerz\u0151:":"dorogimedence.hu","Becs\u00fclt olvas\u00e1si id\u0151":"1 perc"},"schema":{"@context":"https:\/\/schema.org","@graph":[{"@type":"Article","@id":"https:\/\/dorogimedence.hu\/index.php\/2019\/08\/04\/dorogon-folytatja-az-mtk-tol-tavozo-tamado\/#article","isPartOf":{"@id":"https:\/\/dorogimedence.hu\/index.php\/2019\/08\/04\/dorogon-folytatja-az-mtk-tol-tavozo-tamado\/"},"author":{"name":"dorogimedence.hu","@id":"https:\/\/dorogimedence.hu\/#\/schema\/person\/ce6091eeb7e95ecdc87890d6aa8e0fd4"},"headline":"Dorogon folytatja az MTK-t\u00f3l t\u00e1voz\u00f3 t\u00e1mad\u00f3","datePublished":"2019-08-04T14:16:38+00:00","mainEntityOfPage":{"@id":"https:\/\/dorogimedence.hu\/index.php\/2019\/08\/04\/dorogon-folytatja-az-mtk-tol-tavozo-tamado\/"},"wordCount":232,"publisher":{"@id":"https:\/\/dorogimedence.hu\/#organization"},"image":{"@id":"https:\/\/dorogimedence.hu\/index.php\/2019\/08\/04\/dorogon-folytatja-az-mtk-tol-tavozo-tamado\/#primaryimage"},"thumbnailUrl":"https:\/\/dorogimedence.hu\/wp-content\/uploads\/2019\/08\/nemeth.jpg","keywords":["Dorog","Dorogi FC","foci","futball","labdar\u00fag\u00e1s","NB II","sport"],"articleSection":["Dorog","H\u00edrek","Sport"],"inLanguage":"hu"},{"@type":"WebPage","@id":"https:\/\/dorogimedence.hu\/index.php\/2019\/08\/04\/dorogon-folytatja-az-mtk-tol-tavozo-tamado\/","url":"https:\/\/dorogimedence.hu\/index.php\/2019\/08\/04\/dorogon-folytatja-az-mtk-tol-tavozo-tamado\/","name":"Dorogon folytatja az MTK-t\u00f3l t\u00e1voz\u00f3 t\u00e1mad\u00f3","isPartOf":{"@id":"https:\/\/dorogimedence.hu\/#website"},"primaryImageOfPage":{"@id":"https:\/\/dorogimedence.hu\/index.php\/2019\/08\/04\/dorogon-folytatja-az-mtk-tol-tavozo-tamado\/#primaryimage"},"image":{"@id":"https:\/\/dorogimedence.hu\/index.php\/2019\/08\/04\/dorogon-folytatja-az-mtk-tol-tavozo-tamado\/#primaryimage"},"thumbnailUrl":"https:\/\/dorogimedence.hu\/wp-content\/uploads\/2019\/08\/nemeth.jpg","datePublished":"2019-08-04T14:16:38+00:00","breadcrumb":{"@id":"https:\/\/dorogimedence.hu\/index.php\/2019\/08\/04\/dorogon-folytatja-az-mtk-tol-tavozo-tamado\/#breadcrumb"},"inLanguage":"hu","potentialAction":[{"@type":"ReadAction","target":["https:\/\/dorogimedence.hu\/index.php\/2019\/08\/04\/dorogon-folytatja-az-mtk-tol-tavozo-tamado\/"]}]},{"@type":"ImageObject","inLanguage":"hu","@id":"https:\/\/dorogimedence.hu\/index.php\/2019\/08\/04\/dorogon-folytatja-az-mtk-tol-tavozo-tamado\/#primaryimage","url":"https:\/\/dorogimedence.hu\/wp-content\/uploads\/2019\/08\/nemeth.jpg","contentUrl":"https:\/\/dorogimedence.hu\/wp-content\/uploads\/2019\/08\/nemeth.jpg","width":670,"height":365},{"@type":"BreadcrumbList","@id":"https:\/\/dorogimedence.hu\/index.php\/2019\/08\/04\/dorogon-folytatja-az-mtk-tol-tavozo-tamado\/#breadcrumb","itemListElement":[{"@type":"ListItem","position":1,"name":"Kezd\u0151lap","item":"https:\/\/dorogimedence.hu\/"},{"@type":"ListItem","position":2,"name":"Dorogon folytatja az MTK-t\u00f3l t\u00e1voz\u00f3 t\u00e1mad\u00f3"}]},{"@type":"WebSite","@id":"https:\/\/dorogimedence.hu\/#website","url":"https:\/\/dorogimedence.hu\/","name":"Dorogi-medence Region\u00e1lis H\u00edrport\u00e1l","description":"Dorog, Keszt\u00f6lc, Le\u00e1nyv\u00e1r, Piliscs\u00e9v, Tokod, Tokodalt\u00e1r\u00f3, Csolnok, Esztergom-kertv\u00e1ros: h\u00edrek, programok","publisher":{"@id":"https:\/\/dorogimedence.hu\/#organization"},"potentialAction":[{"@type":"SearchAction","target":{"@type":"EntryPoint","urlTemplate":"https:\/\/dorogimedence.hu\/?s={search_term_string}"},"query-input":{"@type":"PropertyValueSpecification","valueRequired":true,"valueName":"search_term_string"}}],"inLanguage":"hu"},{"@type":"Organization","@id":"https:\/\/dorogimedence.hu\/#organization","name":"Dorogi-medence Region\u00e1lis H\u00edrport\u00e1l","url":"https:\/\/dorogimedence.hu\/","logo":{"@type":"ImageObject","inLanguage":"hu","@id":"https:\/\/dorogimedence.hu\/#\/schema\/logo\/image\/","url":"https:\/\/dorogimedence.hu\/wp-content\/uploads\/2021\/04\/logo-feher-600.png","contentUrl":"https:\/\/dorogimedence.hu\/wp-content\/uploads\/2021\/04\/logo-feher-600.png","width":600,"height":100,"caption":"Dorogi-medence Region\u00e1lis H\u00edrport\u00e1l"},"image":{"@id":"https:\/\/dorogimedence.hu\/#\/schema\/logo\/image\/"},"sameAs":["https:\/\/www.facebook.com\/dorogimedence\/"]},{"@type":"Person","@id":"https:\/\/dorogimedence.hu\/#\/schema\/person\/ce6091eeb7e95ecdc87890d6aa8e0fd4","name":"dorogimedence.hu","image":{"@type":"ImageObject","inLanguage":"hu","@id":"\/\/www.gravatar.com\/avatar\/d8d45f8901aadff40a4af72c0b826f1d?s=96&#038;r=g&#038;d=mm","url":"\/\/www.gravatar.com\/avatar\/d8d45f8901aadff40a4af72c0b826f1d?s=96&#038;r=g&#038;d=mm","contentUrl":"\/\/www.gravatar.com\/avatar\/d8d45f8901aadff40a4af72c0b826f1d?s=96&#038;r=g&#038;d=mm","caption":"dorogimedence.hu"}}]}},"_links":{"self":[{"href":"https:\/\/dorogimedence.hu\/index.php\/wp-json\/wp\/v2\/posts\/18541","targetHints":{"allow":["GET"]}}],"collection":[{"href":"https:\/\/dorogimedence.hu\/index.php\/wp-json\/wp\/v2\/posts"}],"about":[{"href":"https:\/\/dorogimedence.hu\/index.php\/wp-json\/wp\/v2\/types\/post"}],"author":[{"embeddable":true,"href":"https:\/\/dorogimedence.hu\/index.php\/wp-json\/wp\/v2\/users\/1"}],"replies":[{"embeddable":true,"href":"https:\/\/dorogimedence.hu\/index.php\/wp-json\/wp\/v2\/comments?post=18541"}],"version-history":[{"count":0,"href":"https:\/\/dorogimedence.hu\/index.php\/wp-json\/wp\/v2\/posts\/18541\/revisions"}],"wp:featuredmedia":[{"embeddable":true,"href":"https:\/\/dorogimedence.hu\/index.php\/wp-json\/wp\/v2\/media\/18543"}],"wp:attachment":[{"href":"https:\/\/dorogimedence.hu\/index.php\/wp-json\/wp\/v2\/media?parent=18541"}],"wp:term":[{"taxonomy":"category","embeddable":true,"href":"https:\/\/dorogimedence.hu\/index.php\/wp-json\/wp\/v2\/categories?post=18541"},{"taxonomy":"post_tag","embeddable":true,"href":"https:\/\/dorogimedence.hu\/index.php\/wp-json\/wp\/v2\/tags?post=18541"}],"curies":[{"name":"wp","href":"https:\/\/api.w.org\/{rel}","templated":true}]}}