{"id":18466,"date":"2019-08-01T07:12:31","date_gmt":"2019-08-01T05:12:31","guid":{"rendered":"http:\/\/dorogimedence.hu\/?p=18466"},"modified":"2019-08-01T08:19:54","modified_gmt":"2019-08-01T06:19:54","slug":"centenariumi-bajnoki-evadkezdes-1919-2019","status":"publish","type":"post","link":"https:\/\/dorogimedence.hu\/index.php\/2019\/08\/01\/centenariumi-bajnoki-evadkezdes-1919-2019\/","title":{"rendered":"Centen\u00e1riumi bajnoki \u00e9vadkezd\u00e9s 1919 \u2013 2019"},"content":{"rendered":"<p><strong>\u00c9ppen kerek&nbsp;100 \u00e9ve indult el\u0151sz\u00f6r a Dorog labdar\u00fag\u00f3 csapata a szervezett magyar bajnoks\u00e1gban \u00e9s az\u00f3ta folyamatosan, megszak\u00edt\u00e1s n\u00e9lk\u00fcl szerepel a Magyar Labdar\u00fag\u00f3 Sz\u00f6vets\u00e9g \u00e1ltal organiz\u00e1lt Nemzeti Labdar\u00fag\u00f3 Bajnoks\u00e1g k\u00fczdelmeiben. A k\u00f6zponti&nbsp;szervezet \u00e1ltali k\u00fcl\u00f6nb\u00f6z\u0151 ir\u00e1nyzott&nbsp;\u00e1t\u00e1ll\u00e1sok \u00e9s \u00e1tszervez\u00e9sek miatt a jelenleg kezd\u0151d\u0151 bajnoki r\u00e9sztv\u00e9tel imm\u00e1r a 106. bajnoki \u00e9vadja lesz a Dorogi FC&nbsp;105 \u00e9ves&nbsp;t\u00f6rt\u00e9net\u00e9nek. Ennek megfelel\u0151en a 2019. augusztus 4-\u00e9n&nbsp;rajtol\u00f3 bajnoki k\u00fczdelem rendhagy\u00f3 \u00e9vfordul\u00f3s bajnoki \u00e9vad is egyben&nbsp;egyes\u00fclet\u00fcnk \u00e9let\u00e9ben. A sorsol\u00e1s is \u00fagy hozta, hogy a bajnoki nyit\u00f3fordul\u00f3ra&nbsp;a Vasas FC-t,&nbsp;egy szint\u00e9n&nbsp;igaz\u00e1n patin\u00e1s klubot rendeltetett ellenfel\u00fcl, akikkel igen gazdag bajnoki&nbsp;m\u00faltra tekintenek vissza k\u00fczdelmeink. A mostani id\u00e9nyt is belesz\u00e1m\u00edtva, a dorogiak&nbsp;az eddigi 106 \u00e9vad sor\u00e1n&nbsp;24 alkalommal az NB I-ben, 48-szor az NB II-ben, 32-szer az NB III-ban, m\u00edg k\u00e9t \u00edzben a negyedoszt\u00e1lyban&nbsp;szerepeltek. A bajnoks\u00e1gban val\u00f3 teljes \u00e9vsz\u00e1zadnyi verseng\u00e9s \u00f6nmag\u00e1ban is igen kiemelked\u0151 fegyvert\u00e9ny, azonban ezt siker\u00fclt igaz\u00e1n sikeres \u00e9s eredm\u00e9nyes tartalommal megt\u00f6lteni. Ennek is k\u00f6sz\u00f6nhet\u0151, hogy a Dorog a magyar labdar\u00fag\u00f3 csapatok \u00f6r\u00f6k ranglist\u00e1j\u00e1n jelenleg is a huszadik helyet foglalja el<\/strong> &#8211;<em> Szab\u00f3 Gyula cikke.<\/em><\/p>\n<p>A labdar\u00fag\u00f3 bajnoks\u00e1got koordin\u00e1l\u00f3 szervezet, a Magyar Labdar\u00fag\u00f3 Sz\u00f6vets\u00e9g \u00e9s vele egy\u00fctt a Magyar Labdar\u00fag\u00f3 Bajnoks\u00e1g is mind\u00f6ssze 13 \u00e9ves volt, amikor a dorogi klub megalakult.&nbsp; Az 1914-ben alkult Dorogi Atl\u00e9tikai \u00e9s Futball klub \u00edgy a r\u00e9gebben alap\u00edtotott egyes\u00fcletek k\u00f6z\u00e9 tartozik, amely miel\u0151bb szeretett volna bekapcsol\u00f3dni a honi futball v\u00e9rkering\u00e9s\u00e9be \u00e9s az els\u0151 adand\u00f3 alkalommal r\u00e9szt venni a bajnoki k\u00fczdelmekben. Ehhez bizonyos k\u00f6vetelm\u00e9ny- \u00e9s felt\u00e9telrendszernek meg kellett felelni, amely szigor\u00fa volt, teh\u00e1t nem vettek be ak\u00e1rkit a bajnoks\u00e1gba. A frissen alakult csapatoknak megfelel\u0151 h\u00e1tt\u00e9r mellett bemutatkoz\u00f3 m\u00e9rk\u0151z\u00e9seket kellett j\u00e1tszania. Dorogon minden adott volt ahhoz, hogy ak\u00e1r m\u00e1r az 1914-15-\u00f6s \u00e9vadban elindulhasson, azonban az I. vil\u00e1gh\u00e1bor\u00fa t\u00f6rt\u00e9n\u00e9sei \u00e9s annak kedvez\u0151tlen kihat\u00e1sai miatt erre csak 1919-ben ker\u00fclhetett sor. Ennek ell\u00e9nere is igen sikeresnek mondhat\u00f3, hogy a klub fenn\u00e1ll\u00e1s\u00e1nak 5. \u00e9v\u00e9ben megkapta az engedely\u00e9t \u00e9s a m\u00e9lt\u00f3 besorol\u00e1st a hivatalos bajnoki rendszerbe, \u00edgy az 1919-20-as \u00e9vadban \u00fajonck\u00e9nt rajthoz \u00e1llhatott. A legels\u0151 oszt\u00e1lybesorol\u00e1s alapj\u00e1n a Pestvid\u00e9ki ker\u00fclet V\u00e1ci aloszt\u00e1lyba ker\u00fclt, ahol t\u00f6bbek k\u00f6z\u00f6tt h\u00e1rom v\u00e1ci csapat is csoportt\u00e1rsa volt, mint a V\u00e1ci AC, a V\u00e1ci SE \u00e9s a V\u00e1ci Vasas SC. Valmennyien igen j\u00f3 er\u0151t k\u00e9pviseltek, ak\u00e1rcsak az Alagi SC, amely&nbsp; a Dunakeszi SE jogel\u0151dje \u00e9s nem t\u00e9vesztend\u0151 \u00f6ssze a Dunakeszi Magyars\u00e1ggal, a k\u00e9s\u0151bbi Dunakeszi Vasutassal. Alag Duna-menti \u0151si telep\u00fcl\u00e9s, amely 1950-ig \u00f6n\u00e1ll\u00f3 volt, ekkor azonban Dunakeszihez csatolt\u00e1k. A csoport tov\u00e1bbi tagjai voltak a Nagyt\u00e9t\u00e9nyi MTE a Dunaharaszti MTK, a Csepeli MSE, \u00e9s k\u00e9t szomsz\u00e9dv\u00e1ri egyes\u00fclet is, nevezetesen a Tokodi SC \u00e9s az Esztergomi TK. A dorogiak a 6. helyen v\u00e9geztek, amely igaz\u00e1n \u00f6r\u00f6mtelinek bizonyult \u00e9s rem\u00e9nyteljes folytat\u00e1sra is okot adott. \u00c9rdemes n\u00e9h\u00e1ny gondolat erej\u00e9ig sz\u00f3t ejteni a legels\u0151 bajnoki id\u00e9nnyel kapcsolatban arr\u00f3l, hogy egykori ellenfeleink k\u00f6z\u00fcl m\u00e1ra csak a Nagyt\u00e9t\u00e9ny (jelenleg a 6. oszt\u00e1lyban szerepel), a Dunaharaszti (az NB III. tagja), valamint a V\u00e1ci SE l\u00e9teznek. Ezzel a V\u00e1ccal jelenleg is egy bajnoks\u00e1gban szerepel a Dorog! Nem neh\u00e9z kital\u00e1lni ebb\u0151l, hogy a jelenlegi NB II-es bajnoki mez\u0151nyb\u0151l az az\u00f3ta sz\u00e1mos n\u00e9vv\u00e1ltozat\u00e1son \u00e1tesett V\u00e1c FC a leg\u0151sibb ellenfel\u00fcnk. A klub 15 \u00e9vvel id\u0151sebb a dorogin\u00e1l, \u00e1m a bajnoks\u00e1gban csak 7 \u00e9vvel t\u00f6bb a bajnoki tapasztalatuk, ugyanis a kezdetekben nem rendelkeztek nem hogy labdar\u00fag\u00f3 szakoszt\u00e1llyal, de m\u00e9g&nbsp; focicsapattal sem. A t\u00f6bbi v\u00e1ci egyes\u00fclet id\u0151vel megsz\u0171nt, \u00edgy a V\u00e1ci AC 1948-ban, m\u00edg a V\u00e1ci Vasas 1958-ban. Mindk\u00e9t szomsz\u00e9d telep\u00fcl\u00e9s csapata is m\u00e1r r\u00e9gen a m\u00falt\u00e9. S\u0151t, a Tokodi SC-nek ez volt az els\u0151, egyben utols\u00f3 bajnoki szerepl\u00e9se. Az esztergomiak &#8211; akik 1913-ban alakultak &#8211; sem sokkal tov\u00e1bb maradtak \u00e1llva, \u0151k 1920-ban beleolvadtak az Esztergomi MOVE SC-be, de csak \u00f6t \u00e9vvel k\u00e9s\u0151bb tudtak elindulni a bajnoks\u00e1gban. Ennek ellenn\u00e9re m\u00e9gis jelent\u0151s a dorogi sportt\u00f6rt\u00e9net szempontj\u00e1b\u00f3l, ugyanis a Dorog legels\u0151 hivatalos m\u00e9rk\u0151z\u00e9s\u00e9t az Esztergomi TK ellen j\u00e1tszotta 1914-ben, ahol magabiztosan 2-0-ra nyertek a mieink. Az Esztergomi TK 1932-ben \u00fajra alakult, de ez\u00fattal is csak tiszavir\u00e1g \u00e9let\u0171nek bizonyult a talponmarad\u00e1suk, m\u00edg Esztergom m\u00e1sik eml\u00edtett csapata 1946-ban dobta be v\u00e9gleg a t\u00f6r\u00f6lk\u00f6z\u0151t \u00e9s t\u0171nt el a honi klubok palett\u00e1j\u00e1r\u00f3l.&nbsp;<\/p>\n<p><img fetchpriority=\"high\" decoding=\"async\" class=\"alignnone size-full wp-image-18468\" src=\"https:\/\/dorogimedence.hu\/wp-content\/uploads\/2019\/08\/centenarium-02.jpg\" alt=\"\" width=\"670\" height=\"303\" srcset=\"https:\/\/dorogimedence.hu\/wp-content\/uploads\/2019\/08\/centenarium-02.jpg 670w, https:\/\/dorogimedence.hu\/wp-content\/uploads\/2019\/08\/centenarium-02-300x136.jpg 300w\" sizes=\"(max-width: 670px) 100vw, 670px\" \/><\/p>\n<p>A dorogi egyes\u00fclet viszont f\u00e9nyes j\u00f6v\u0151 el\u0151tt \u00e1llt \u00e9s 1923-ban, bajnoki szerepl\u00e9s\u00e9nek 4. \u00e9v\u00e9ben megsz\u00fcletett az els\u0151 bajnoki c\u00edme is. Innent\u0151l kezdve kifejezetten komoly t\u00e9nyez\u0151v\u00e9 v\u00e1ltak a magyar labdar\u00fag\u00e1s m\u00e1sodoszt\u00e1ly\u00e1ban, ahol 1926 \u00e9s 1929 k\u00f6z\u00f6tt p\u00e1ratlan sorozattal rukkoltak el\u0151. El\u0151bb bajnoki bronz\u00e9rmet nyertek, majd egym\u00e1st k\u00f6vet\u0151 h\u00e1rom \u00e9vben is bajnokok lettek. Mint csapat is egy nagyon rokonszenves, egyedi st\u00edlus\u00fa, remek k\u00f6z\u00f6ss\u00e9g, soraiban pedig nagyszer\u0171 j\u00e1t\u00e9kosok sora nevelkedett. 1944-re m\u00e1r az NB I kapuj\u00e1t d\u00f6ngett\u00e9k. Az els\u0151 oszt\u00e1ly\u00fa \u00e1lmokat ugyan a II. vil\u00e1gh\u00e1bor\u00fa n\u00e9mileg k\u00e9sleltette, de m\u00e1r senki \u00e9s semmi sem tudott a csapat \u00fatj\u00e1ba \u00e1llni \u00e9s 1945-ben els\u0151 \u00edzben jutott a legmagasabb oszt\u00e1lyba, ahol k\u00e9t \u00e9ves r\u00f6vid&nbsp;megszak\u00edt\u00e1st lesz\u00e1m\u00edtva 1966-ig kib\u00e9relt helye volt.&nbsp; A sz\u00e1z esztend\u0151 105 bajnoki \u00e9vadja sor\u00e1n 12 alkalommal nyert bajnoki c\u00edmet, tov\u00e1bb\u00e1&nbsp;\u00f6tsz\u00f6r\u00f6s bajnoki ez\u00fcst\u00e9rmes \u00e9s&nbsp;12-szeres bronz\u00e9rmes.&nbsp;Amennyiben leosztjuk ezt az eddigi r\u00e9szv\u00e9telre, ar\u00e1nyaiban 3 \u00e9s f\u00e9l \u00e9vente jut egy bajnoki \u00e9rem.&nbsp;Ezen fel\u00fcl h\u00e1romszor nyert\u00e9k a K\u00f6z\u00e9pmagyarorsz\u00e1g&nbsp;bajnoka c\u00edmet \u00e9s \u00f6tsz\u00f6r a Vid\u00e9k legjobbja c\u00edmet, valamint&nbsp;a Bajnokok bajnoka c\u00edmet \u00e9s n\u00e9gy alkalommal a Fair Play d\u00edjat. A valaha el\u00e9rt legjobb bajnoki helyez\u00e9s az NB I. 4. helye, m\u00e9gpedig pontazonoss\u00e1ggal a 3. \u00dajpest \u00e9s egy pont k\u00fcl\u00f6nbs\u00e9ggel a 2. helyezett MTK m\u00f6g\u00f6tt. K\u00e9t bajnoki&nbsp;\u00e9vadban &#8211; 1922-23 \u00e9s 1945 &#8211; veretlenek maradtak, s\u0151t&nbsp; az&nbsp;1922-23-as bajnoks\u00e1gban egyetlen d\u00f6ntetlen volt csak, m\u00e1sk\u00fcl\u00f6nben majdhogynem 100%-os teljes\u00edtm\u00e9nnyel lettek bajnokok.<\/p>\n<p>A sz\u00e1z \u00e9v sor\u00e1n gyakorlatilag minden valamire val\u00f3 hazai csapattal megm\u00e9rk\u0151z\u00f6tt m\u00e1r. Sikereinek jelent\u0151ss\u00e9g\u00e9t emeli, hogy a legkimagasl\u00f3bb szerepl\u00e9sei a magyar labdar\u00fag\u00e1s legdiscs\u0151s\u00e9gesebb korszak\u00e1ra esett. Az egy \u00e9vsz\u00e1zad alatt 42 vezet\u0151edz\u0151je volt a csapatnak, k\u00f6zt\u00fck Buz\u00e1nszky Jen\u0151 bizonyult a legsikeresebbnek, egyben a leghosszabb id\u0151szak is hozz\u00e1 f\u0171z\u0151dik. Mellette tov\u00e1bbi hosszabb id\u0151szakot mag\u00e1\u00e9nak tudhat\u00f3, egyben sikeres edz\u0151k Nagy S\u00e1ndor, M\u00e9zner Istv\u00e1n, Ivanics Tibor \u00e9s Honti J\u00f3zsef voltak. Nagy vezet\u00e9s\u00e9vel az els\u0151 h\u00e1rom bajnoki c\u00edmet szerezte a csapat, M\u00e9znerrel k\u00e9tszer, m\u00edg Hontival egyszer, Ivanics edz\u0151vel pedig feljutottak az NB I-be. A 42 edz\u0151 k\u00f6z\u00fcl 16 edz\u0151 egykor a Dorog labdar\u00fag\u00f3ja is volt \u00e9s tov\u00e1bbi 27 egykori labdar\u00fag\u00f3nk, akik p\u00e1lyaedz\u0151k \u00e9s\/vagy ut\u00e1np\u00f3tl\u00e1s edz\u0151k lettek a k\u00e9s\u0151bbiek sor\u00e1n a dorogi klubn\u00e1l.&nbsp;&nbsp;A j\u00e1t\u00e9kos\u00e1llom\u00e1nyb\u00f3l t\u00f6bb sz\u00e1z labdar\u00fag\u00f3 \u00f6lthette mag\u00e1ra a Dorog mez\u00e9t. Ilku Istv\u00e1n a rekorder 404 bajnoki meccsel, valamint 1952 \u00e9s 1968 k\u00f6z\u00f6tti id\u0151szakban biztos pontja \u00e9s alapembere volt a csapatnak, m\u00edg Moln\u00e1r J\u00f3zsef a legt\u00f6bb bajnoki g\u00f3l szerz\u0151je, aki 232 m\u00e9rk\u0151z\u00e9s\u00e9n \u00e9rt el 153 g\u00f3lt. Felsorolni is sok volna a kiemelked\u0151 j\u00e1t\u00e9kosokat, azonban a 12 bajnoki c\u00edm megszerz\u00e9sben szerepelt labdar\u00fag\u00f3kat az edz\u0151kkel egy\u00fctt felid\u00e9zem.<\/p>\n<p><img decoding=\"async\" class=\"alignnone size-full wp-image-18469\" src=\"https:\/\/dorogimedence.hu\/wp-content\/uploads\/2019\/08\/centenarium-03.jpg\" alt=\"\" width=\"670\" height=\"675\" srcset=\"https:\/\/dorogimedence.hu\/wp-content\/uploads\/2019\/08\/centenarium-03.jpg 670w, https:\/\/dorogimedence.hu\/wp-content\/uploads\/2019\/08\/centenarium-03-150x150.jpg 150w, https:\/\/dorogimedence.hu\/wp-content\/uploads\/2019\/08\/centenarium-03-298x300.jpg 298w, https:\/\/dorogimedence.hu\/wp-content\/uploads\/2019\/08\/centenarium-03-53x53.jpg 53w\" sizes=\"(max-width: 670px) 100vw, 670px\" \/><\/p>\n<p><strong>1922-23:&nbsp;<\/strong><em>B\u00e1n, B\u00e1rdos, D\u00e9va, Drexler,&nbsp;Frayt, Holl\u00f3, Horv\u00e1th, Kartenacker, K\u00e1los, Kert\u00e9sz, Kov\u00e1cs, Klotz, Moln\u00e1r,&nbsp;S\u00e1rai, Stolla,&nbsp;Szilas, Szloboda, Szoll\u00e1r,&nbsp;Tonnhauser, Varga. Edz\u0151: Nagy S\u00e1ndor.<\/em><\/p>\n<p><strong>1926-27:&nbsp;<\/strong><em>B\u00e1n, B\u00e1rdos, Ber\u00e9nyi, Czanik, Glatzner, Gullogi, Frayt, Horv\u00e1th, H\u00f6fflinger, Klausz, Klotz, K\u00f6rmendi, K\u00f6vesdy, Reizinger, Szedlacsek, Szloboda, Urb\u00e1n, Varga.&nbsp;Edz\u0151: Nagy S\u00e1ndor.<\/em><\/p>\n<p><strong>1927-28<\/strong><em><strong>:<\/strong>&nbsp;<\/em><em>B\u00e1n, B\u00e1rdos, Ber\u00e9nyi, Glatzner, Gullogi, Frayt, Horv\u00e1th I, Horv\u00e1th II.,&nbsp;H\u00f6fflinger, Klausz, Klotz, K\u00f6rmendi, K\u00f6vesdy, Reizinger, Szedlacsek, Szloboda,&nbsp;Urb\u00e1n,&nbsp;Varga.&nbsp;Edz\u0151: Nagy S\u00e1ndor.<\/em><\/p>\n<p><strong>1928-29<\/strong><em><strong>:<\/strong> B\u00e1n, B\u00e1rdos, Ber\u00e9nyi, Glatzner, Gullogi, Frayt, Horv\u00e1th I, Horv\u00e1th II., H\u00f6fflinger, Klausz, Klotz, K\u00f6rmendi, K\u00f6vesdy, Krempf, Lichner, Reizinger, Szedlacsek, Szloboda, Urb\u00e1n, Varga, Vass. Edz\u0151: Solym\u00e1r K\u00e1roly.<br \/>\n<\/em><\/p>\n<p><strong>1931-32<\/strong><em><strong>:&nbsp;<\/strong>B\u00e1n, B\u00e1rdos, Ber\u00e9nyi, Cz\u00e9h, Fekete, Glatzner, H\u00f6fflinger, Kopp\u00e1nyi, Lichtner, Nerulda, Pechlov, Proh\u00e1szka, Szakaczer, Szedlacsek, Szeidl, Sz\u00fcle, Varga. Edz\u0151: Solym\u00e1r K\u00e1roly.<\/em><\/p>\n<p><strong>1938-39<\/strong><em><strong>:<\/strong> Bencze, Budav\u00e1ri, Cserm\u00e1k, Dunai, G\u00e1rdos, Gregorovics, Gyarmati, Gy\u00f6mb\u00e9r, Klausz, K\u00f6vecses, Lampert, Nagy, Nagyfej\u0151, Perl, Pfluger, Pick, Proh\u00e1szka, Turai, V\u00e1zsonyi. <\/em><em>Edz\u0151: M\u00e9zner Istv\u00e1n.<\/em><\/p>\n<p><strong>1943-44:<\/strong><em> Bartos, Baumann, B\u00e1ns\u00e1gi, B\u00e1nyai, Cserm\u00e1k, Csizmadia, Dunai, Farkas, Grosics, Janetka, Meszes, Mocsnik, Klausz, Pfluger, Seb\u0151k, Spielmann, Tak\u00e1cs, T\u00f3th, Turai, Uitz, V\u00e1zsonyi I., V\u00e1zsonyi II. Edz\u0151: M\u00e9zner Istv\u00e1n.<\/em><\/p>\n<p><strong>1945:<\/strong> <em>Aub\u00e9li J\u00f3zsef, Barak J\u00f3zsef, B\u00e1nfalvi Gy\u00f6rgy, Cserm\u00e1k J\u00e1nos, Csizmadia Istv\u00e1n, Dunai J\u00e1nos, Farkas Imre, Garai J\u00f3zsef, Grosics Gyula, Hevesi S\u00e1ndor, Horv\u00e1th Istv\u00e1n, Janetka J\u00f3zsef, Kert\u00e9sz L\u00e1szl\u00f3, Kinczel L\u00e1szl\u00f3, Klausz J\u00f3zsef, Lampert M\u00e1ty\u00e1s, Marosi Ott\u00f3, Meszes Lajos, Pfluger Dezs\u0151, Rozgonyi Mikl\u00f3s, S\u00e1gi Gyula, Turai Lajos, Uitz J\u00f3zsef, V\u00e1zsonyi J\u00e1nos. <\/em><em>Edz\u0151:&nbsp; B\u00e1rdos S\u00e1ndor.<\/em><\/p>\n<p><strong>1948-49<\/strong><em><strong>:&nbsp;<\/strong>Aub\u00e9li J\u00f3zsef, Bakonyi Istv\u00e1n, Bank\u00f3 Zsigmond, Bartos Dezs\u0151, Buz\u00e1nszky Jen\u0151, Cserm\u00e1k J\u00e1nos, Csizmadia Istv\u00e1n, Farkas Imre, Horv\u00e1th Istv\u00e1n, Keszeli K\u00e1roly, Kinczel L\u00e1szl\u00f3, Klausz J\u00f3zsef, Laczk\u00f3 Istv\u00e1n, Magyar J\u00f3zsef, Meszes Lajos, Moln\u00e1r J\u00f3zsef, Perj\u00e9si Ferenc, Pfluger Dezs\u0151, Pozsonyi Ign\u00e1c, Szil\u00e1gyi Mih\u00e1ly. Edz\u0151: W\u00e9ber Lajos.<\/em><\/p>\n<p><strong>1970-71<\/strong><em><strong>:<\/strong> Aspir\u00e1ny Ferenc, Bartalos J\u00f3zsef, Berecz J\u00f3zsef, Bred\u00e1n Viktor, Cs\u00f3ri L\u00e1szl\u00f3, Gabala Ferenc, Halm\u00e1gyi P\u00e9ter, Horv\u00e1th Istv\u00e1n, Horv\u00e1th P\u00e9ter, Kiss Rudolf, Peszeki Jen\u0151, Pusztai Ede, R\u00e1tvai Istv\u00e1n, So\u00f3s L\u00e1szl\u00f3, Tak\u00e1cs Tibor, T\u00f3th Gyula, Vir\u00e1g P\u00e1l. Edz\u0151: H\u00e1ri L\u00e1szl\u00f3.<\/em><\/p>\n<p><strong>1996-97<\/strong><em><strong>:<\/strong> Altrichter Tam\u00e1s, Bajor Tibor, Bel\u00e1nyi Istv\u00e1n, Bod\u00f3 L\u00e1szl\u00f3, Bohner Zolt\u00e1n, Borsos Zsolt, Brandhuber Barna, Czifferi Tam\u00e1s, Farag\u00f3 Szabolcs, Harmat J\u00f3zsef, Haselbach Zsolt, Horv\u00e1th Gell\u00e9rt, Kneiszel Kriszti\u00e1n, Marczink\u00f3 Zolt\u00e1n, Mezei J\u00e1nos, Mucha B\u00e1lint, Sabj\u00e1n Istv\u00e1n, Simon L\u00e1szl\u00f3, Sz\u00e9pv\u00f6lgyi Zolt\u00e1n, Tak\u00e1cs G\u00e1bor, Toronyi Imre, Vanicsek Zolt\u00e1n. <\/em><em>Edz\u0151: Honti J\u00f3zsef.<\/em><\/p>\n<p><strong>2012-13<\/strong><em><strong>:&nbsp;<\/strong>Ambrus Tam\u00e1s, Bakos Bence, Bed\u0151 B\u00e9la, Bula Benjamin, Gr\u00f3sz Gergely, Farag\u00f3 Szabolcs, Frank Tam\u00e1s, F\u00fcrjes \u00c1d\u00e1m, Hauser D\u00e1niel, Janetka Zolt\u00e1n, Kinyik \u00c1d\u00e1m, Kop\u00e1nyi \u00c1d\u00e1m, Lajer G\u00e1bor, M\u00e1j G\u00e1bor, Papes Ferenc, S\u00e1ndor P\u00e9ter, Schultz Levente, Sebesty\u00e9n D\u00e1vid, Skita Tam\u00e1s, Szab\u00f3 P\u00e1l, T\u00f3th \u00c1d\u00e1m, T\u00f3th Zolt\u00e1n, Vigh \u00c1d\u00e1m. Edz\u0151: Miskei Attila.<\/em><\/p>\n<p><img decoding=\"async\" class=\"alignnone size-full wp-image-18470\" src=\"https:\/\/dorogimedence.hu\/wp-content\/uploads\/2019\/08\/centenarium-04.jpg\" alt=\"\" width=\"670\" height=\"224\" srcset=\"https:\/\/dorogimedence.hu\/wp-content\/uploads\/2019\/08\/centenarium-04.jpg 670w, https:\/\/dorogimedence.hu\/wp-content\/uploads\/2019\/08\/centenarium-04-300x100.jpg 300w\" sizes=\"(max-width: 670px) 100vw, 670px\" \/><\/p>\n<p>Term\u00e9szetesen \u00e9s t\u00f6rv\u00e9nyszer\u0171en a dorogi csapat t\u00f6rt\u00e9net\u00e9ben is voltak kev\u00e9sb\u00e9 sikeres id\u0151szakok, hull\u00e1mv\u00f6lgyek, azonban szerencs\u00e9re nem ezek jellemezt\u00e9k az elm\u00falt egy \u00e9vsz\u00e1zadot. Kiemelten csak k\u00e9t-h\u00e1rom ilyen kudarcos peri\u00f3dust eml\u00edthet\u00fcnk. 1966-ig mondhatni val\u00f3di sikert\u00f6rt\u00e9net&nbsp;volt az egyes\u00fclet szerepl\u00e9se, \u00e1m 1966-ban az NB I-b\u0151l val\u00f3 kies\u00e9s a kor\u00e1bbiakhoz k\u00e9pest felt\u00e9tlen\u00fcl kudarcnak sz\u00e1m\u00edtott. R\u00e1ad\u00e1sul m\u00e9g ez a t\u00f6r\u00e9s is meglehet\u0151sen nehezen ment v\u00e9gbe, ugyanis a dorogiak oszt\u00e1lyoz\u00f3 j\u00e1tsz\u00e1s\u00e1t k\u00f6vet\u0151en voltak k\u00e9nytelenek b\u00facs\u00fazni a legjobbak mez\u0151ny\u00e9b\u0151l \u00e9s mindez csak n\u00fcanszokon m\u00falott. Az oszt\u00e1lyoz\u00f3t n\u00e9gy csapat egym\u00e1s elleni semleges p\u00e1ly\u00e1kon lej\u00e1tszott k\u00f6rm\u00e9rk\u0151z\u00e9se d\u00f6nt\u00f6tte el. El\u0151sz\u00f6r az \u00d3zdot 3-2-re vert\u00e9k a mieink, majd a Halad\u00e1s elleni 1-1-es d\u00f6tetlent k\u00f6vet\u0151en egyetelen pont is el\u00e9g lett volna az NB I-es tags\u00e1g biztos\u00edt\u00e1s\u00e1hoz a Koml\u00f3 ellen. Tal\u00e1n m\u00e1r mindenki el is k\u00f6nyvelte a dorogi szemsz\u00f6gb\u0151l igen kedvez\u0151 g\u00f3ln\u00e9lk\u00fcli d\u00f6ntetlent, amikor a mecsekiek 5 perccel a lef\u00faj\u00e1s el\u0151tt, egy kapu el\u0151tti kavarod\u00e1st k\u00f6vet\u0151en betal\u00e1ltak \u00e9s nyertek 1-0-ra. Az igazi pofon viszont a folytat\u00e1sban csattant, amikor egy \u00e9vre r\u00e1 a NB I\/B-b\u0151l is kiesett a csapat. Igaz, ez is roppant szerencs\u00e9tlen\u00fcl k\u00f6vetkezett be. Ha csak egy ponttal t\u00f6bbet szerzetek volna, nem hogy ki sem esnek, de a 18-as mez\u0151nyben a 13. helyen v\u00e9geztek volna. 1971-re viszont m\u00e1r \u00fajfent a m\u00e1sodvonalba verekedt\u00e9k vissza magukat \u00e9s j\u00f6tt k\u00e9t NB I-es \u00e9vad is. 1977-ben viszont v\u00e9gleg elb\u00facs\u00faztak az els\u0151 oszt\u00e1lyt\u00f3l, de stabil m\u00e1sodoszt\u00e1ly\u00fa csapatk\u00e9nt szerepeltek 6 \u00e9ven \u00e1t \u00fagy, hogy k\u00f6zben&nbsp; az&nbsp;1981-82-es \u00e9vadban feljut\u00e1si es\u00e9lyei voltak, s v\u00e9g\u00fcl dobog\u00f3n v\u00e9geztek. A m\u00e1sodik hull\u00e1mv\u00f6lgy \u00e9ppen ezt k\u00f6vet\u0151en k\u00f6vetkezett, miut\u00e1n 1983-ban kiestek \u00e9s 5 \u00e9ven kereszt\u00fcl a harmadoszt\u00e1lyba k\u00e9nyszer\u00fcltek. Ez\u00fattal sem ment&nbsp;egyszer\u0171en a b\u00facs\u00fa \u00e9s a mai napig is vitat\u00e9ma az akkori z\u00e1r\u00f3furdul\u00f3n t\u00f6rt\u00e9ntek. A Dorog biztosan verte odahaza a Debreceni Kinizsit 4-1-re, m\u00edg a nagy ellenl\u00e1bas Ganz M\u00e1vag a m\u00e1r biztos feljut\u00f3 Szegedi EOL otthon\u00e1ban l\u00e9pett p\u00e1ly\u00e1ra. A pap\u00edrform\u00e1nak megfelel\u0151en vezettek is a Tisza-parti hazaiak 2-0-ra, \u00e1m n\u00e1luk m\u00e9g majdnem negyed\u00f3ra h\u00e1tra volt a tal\u00e1lkoz\u00f3b\u00f3l, amikor Dorogon m\u00e1r befejez\u0151d\u00f6tt a meccs. A v\u00e9ge 2-2 lett Szegeden \u00e9s ezzel a Ganz M\u00e1vag maradt az NB II-ben. A hossz\u00fara ny\u00falt harmadoszt\u00e1ly\u00fa tags\u00e1got k\u00f6vet\u0151en voltak m\u00e9g NB I-es feljut\u00e1si lehet\u0151s\u00e9gek is, miut\u00e1n siker\u00fclt visszajutni a m\u00e1sodoszt\u00e1lyban \u00e9s ott meger\u0151s\u00f6dve a legjobbak egyik\u00e9v\u00e9 v\u00e1lni. Egy\u00e9rtelm\u0171en a klub anyagi probl\u00e9m\u00e1i okozt\u00e1k a harmadik igaz\u00e1n komoly t\u00f6r\u00e9st, amely egyben a dorogi labdar\u00fag\u00e1s m\u00e9lypontja is lett. Komolyabb t\u00e1mogat\u00f3k h\u00edj\u00e1n a klub maga mondott le 2002-ben&nbsp;a m\u00e1sodoszt\u00e1ly\u00fa, egy \u00e9vvel k\u00e9s\u0151bb pedig a harmadoszt\u00e1ly\u00fa tags\u00e1g\u00e1r\u00f3l, k\u00e9rve mag\u00e1t az alacsonyabb oszt\u00e1lyba t\u00f6rt\u00e9n\u0151 besorol\u00e1sra. A negyedoszt\u00e1lyban \u00edgy k\u00e9t \u00e9vet volt \u00f6nk\u00e9ntes sz\u00e1m\u00fczet\u00e9sben a csapat. 2011 nyar\u00e1n megintcsak a megyei szint hat\u00e1r\u00e1r\u00f3l azt\u00e1n elindult felfel\u00e9 ism\u00e9t a g\u00e1rda \u00e9s innen m\u00e1r egyenes \u00fat vezetetett el\u0151bb a h\u00e1rom \u00e9vvel ezel\u0151tti NB II-es feljut\u00e1shoz, majd a m\u00e1sodoszt\u00e1lyban val\u00f3 megkapaszkod\u00e1shoz.&nbsp;<\/p>\n<p><span style=\"color: #ff0000;\"><strong><em><u>A 2019-2020-as bajnoki \u00e9vad rajtja<\/u><\/em><\/strong><\/span><\/p>\n<p>Csapatunk bizakodva \u00e9s optimist\u00e1n k\u00e9sz\u00fclt a soronk\u00f6vetkez\u0151 szezonra. A szakmai st\u00e1b \u00e9s a vezet\u0151s\u00e9g ter\u00e9n egyetlen v\u00e1ltoz\u00e1s t\u00f6rt\u00e9nt, nevezetesen a vezet\u0151edz\u0151i poszton. A tavasz folyam\u00e1n felmentett Miskei Attila ut\u00e1n, k\u00e9t \u00e9v eltelt\u00e9vel ism\u00e9t N\u00e9meth Szabolcs dirig\u00e1lja a labdar\u00fag\u00f3 csapatunkat.&nbsp;<\/p>\n<p><img loading=\"lazy\" decoding=\"async\" class=\"alignnone size-full wp-image-18471\" src=\"https:\/\/dorogimedence.hu\/wp-content\/uploads\/2019\/08\/centenarium-05.jpg\" alt=\"\" width=\"670\" height=\"373\" srcset=\"https:\/\/dorogimedence.hu\/wp-content\/uploads\/2019\/08\/centenarium-05.jpg 670w, https:\/\/dorogimedence.hu\/wp-content\/uploads\/2019\/08\/centenarium-05-300x167.jpg 300w\" sizes=\"(max-width: 670px) 100vw, 670px\" \/><\/p>\n<p><strong>A jelenlegi j\u00e1t\u00e9kos keret\u00fcnk a k\u00f6vetkez\u0151:<\/strong> Albert \u00c1d\u00e1m, Barna Gerg\u0151, Beke P\u00e9ter, Berk\u00f3 \u00c1d\u00e1m, Borsos Vilmos, Csillag D\u00e1rius, D\u00e9lczeg Gergely, Dlusztus Andr\u00e1s, Forr\u00f3 Gyula, F\u00f6ldi Botond, F\u00fcrjes \u00c1d\u00e1m, Izs\u00f3 Bence, Kitl Mikl\u00f3s, Lencs\u00e9s Bal\u00e1zs, L\u00e9n\u00e1rth Tam\u00e1s, M\u00e9sz\u00e1ros \u00c1ron, Mursits Roland, Nagyh\u00e1zi D\u00e1vid, N\u00e9meth \u00c1d\u00e1m, Papp M\u00e1t\u00e9, Sitku Ill\u00e9s, Tak\u00e1cs P\u00e9ter, Ungv\u00e1ri M\u00e1t\u00e9, Vajda Gell\u00e9rt, V\u00e1rosi Viktor \u00e9s Vigh \u00c1d\u00e1m.<\/p>\n<p>Ebben az \u00e9vadban sem v\u00e1ltozik a lebonyol\u00edt\u00e1si \u00e9s ki\u00edr\u00e1si rendszer, \u00edgy v\u00e1ltozatlanul egy csoportos, h\u00fasz csapatb\u00f3l \u00e1ll az NB II mez\u0151nye, amely a k\u00f6vetkez\u0151: Ajka, Balmaz\u00fajv\u00e1sos, B\u00e9k\u00e9scsaba, Budafok, Buda\u00f6rs,&nbsp; Cs\u00e1kv\u00e1r, Dorog, Gyirm\u00f3t, Gy\u0151ri ETO, Kazincbarcika, MTK, Ny\u00edregyh\u00e1za, Si\u00f3fok, Soroks\u00e1r, Szeged, Szolnok, Szombathelyi Halad\u00e1s, Tiszak\u00e9cske, Vasas, V\u00e1c. A legfrissebb h\u00edrek szerint viszont a Sz\u00f6vets\u00e9g visszavonta a m\u00e1sodosz\u00e1ly\u00fa liszenszet a Balmaz\u00fajv\u00e1rost\u00f3l, \u00edgy a szab\u00e1lyok \u00e9rtelm\u00e9ben nem indulhatnak a bajnoks\u00e1gban. A mez\u0151nyt szemegeztve k\u00f6nnyen meg\u00e1llap\u00edthat\u00f3, hogy a jelenlegi m\u00e1sodoszt\u00e1lyban t\u00f6bb az egykor az els\u0151 oszt\u00e1lyban szerepelt igazi \u00e9s er\u0151s gy\u00f6kerekkel rendelkez\u0151 csapat, mint mag\u00e1ban az NB I-ben. A huszas mez\u0151nyb\u0151l csak \u00f6t olyan egyes\u00fclet van (Ajka, Buda\u00f6rs, Cs\u00e1kv\u00e1r, Kazincbarcika, Soroks\u00e1r), amely nem volt soha NB I-es, illetve hatodikk\u00e9nt a szegediek hat\u00e1resetet k\u00e9peznek, ugyanis val\u00f3j\u00e1ban azon egykori szegedi csapatok, amelyek megfordultak a bajnoks\u00e1g legfels\u0151bb h\u00e1z\u00e1ban, azok k\u00f6z\u00fcl egy sem vegy\u00edthet\u0151 ezzel a Szegeddel, noha a klub azon f\u00e1radozik, hogy a r\u00e9gi dics\u0151 el\u0151d\u00f6k eredm\u00e9nyeit hivatalosan mag\u00e1\u00e9nak vallhassa. Bizonyos szempontb\u00f3l hasonl\u00f3 helyzet mer\u00fclhetne fel a Soroks\u00e1r eset\u00e9ben is, azonban a jelenlegi Soroks\u00e1r SC semmilyen form\u00e1ban nem jogut\u00f3dja a legend\u00e1s \u00e9s patin\u00e1s Soroks\u00e1ri AC csapat\u00e1nak, amely 1968-ban megsz\u0171nt. Egyetlen k\u00f6z\u00f6s pont, hogy a jelenlegi csapat az egykori klub p\u00e1ly\u00e1j\u00e1t haszn\u00e1lja.<\/p>\n<p>A vas\u00e1rnapi sportt\u00f6rt\u00e9neti bajnoki nyit\u00f3fordul\u00f3ban a Vasas csapat\u00e1t fogadjuk. A dorogiaknak ez lesz a 2835. bajnoki m\u00e9rk\u0151z\u00e9s\u00fck, m\u00edg a Vasas ellen pedig az 53. t\u00e9tm\u00e9rk\u0151z\u00e9se. Az eddigi 52 tal\u00e1lkoz\u00f3n 8 dorogi gy\u0151zelem, 10 d\u00f6ntetlen \u00e9s 34 veres\u00e9g sz\u00fcletett, 58:121-es g\u00f3lar\u00e1nnyal. A Vasas elleni hazai m\u00e9rleg\u00fcnk: 24 m\u00e9rk\u0151z\u00e9sen, 7 gy\u0151zelem, 4 d\u00f6ntetlen, 13 veres\u00e9g, 30:43-as g\u00f3lar\u00e1ny. <a href=\"https:\/\/dorogimedence.hu\/index.php\/2019\/04\/06\/orok-merlegen-dorog-vasas\/\" target=\"_blank\" rel=\"noopener noreferrer\"><span style=\"text-decoration: underline; color: #0000ff;\">A k\u00e9t csapat egy\u00e1s elleni m\u00e9rk\u0151z\u00e9seinek r\u00e9szletes m\u00e9rlege megtekinthet\u0151 itt&gt;&gt;<\/span><\/a><\/p>\n<p>Legut\u00f3bb id\u00e9n \u00e1prilis 7-\u00e9n, Dorogon csaptak \u00f6ssze, ahol 2-1-re nyert a Vasas. Az angyalf\u00f6ldiek nem tudtak \u00e9lb\u0151l visszajutni az NB I-be, \u00edgy imm\u00e1r m\u00e1sodik egym\u00e1st k\u00f6vet\u0151 \u00e9vadban szerepelnek a dorogiakkal egy csoportban. A k\u00e9t g\u00e1rda k\u00f6z\u00f6tt nem mutatkozott jelent\u0151sebb k\u00fcl\u00f6nbs\u00e9g a lej\u00e1tszott k\u00e9t bajnoki alapj\u00e1n. Nagyj\u00e1b\u00f3l azonos er\u0151t k\u00e9pviletek. Az \u0151szi m\u00e9rk\u0151z\u00e9s 1-1-re v\u00e9gz\u0151d\u00f6tt idegenben \u00e9s a tavaszi visszav\u00e1g\u00f3 is minden val\u00f3sz\u00edn\u0171s\u00e9g szerint hasonl\u00f3 eredm\u00e9nnyel z\u00e1rult volna, ha a m\u00e1sodik f\u00e9lid\u0151 derek\u00e1n, 1-1-es \u00e1ll\u00e1sn\u00e1l egy meglehet\u0151sen v\u00e9lem\u00e9nyes 11-est nem kapnak a vend\u00e9gek, amelyet \u00e9rt\u00e9kes\u00edtve tudtak csak gy\u0151zni. \u00c9rdekess\u00e9g, hogy a tavaly m\u00e9g a dorogiak sorait er\u0151s\u00edt\u0151 Szedl\u00e1r Zolt\u00e1n a ny\u00e1ri id\u0151szakban a Vasashoz igazolt, \u00edgy ez\u00fattal ellenf\u00e9lk\u00e9nt t\u00e9r vissza Dorogra (<a href=\"http:\/\/www.vasasfc.hu\/hirek\/szedlar_lesz_bennem_plusz_motivacio_a_dorog_ellen-3832\" target=\"_blank\" rel=\"noopener noreferrer\"><span style=\"text-decoration: underline; color: #0000ff;\">aj\u00e1nlott cikk&gt;&gt;<\/span><\/a>). Az Angyalf\u00f6ldi k\u00fcl\u00f6n\u00edtm\u00e9ny ez\u00fattal is az egyik feljut\u00e1sra es\u00e9lyes csapat \u00e9s ennek jegy\u00e9ben is k\u00e9sz\u00fcl\u0151dtek az \u00faj \u00e9vadra.<\/p>\n<p>A Dorogi FC neve \u00e9s m\u00faltja k\u00f6telez. A jelenlegi keret mintegy harmada m\u00e1r 6-8 \u00e9ve egy\u00fctt van. A csapatn\u00e1l elt\u00f6lt\u00f6tt \u00e9vek alapj\u00e1n Vigh \u00c1d\u00e1m sz\u00e1m\u00edt az abszol\u00fat veter\u00e1nnak, aki m\u00e1r 2006-ban is a Dorog j\u00e1t\u00e9kosa volt. N\u00e9h\u00e1ny \u00e9ves k\u00fclf\u00f6ldi&nbsp;l\u00e9gi\u00f3skod\u00e1st k\u00f6vet\u0151en pedig 2012 tavasza \u00f3ta folyamatosan tagja a csapatnak \u00e9s ez a kerek tizedik bajnoki \u00e9vadja Dorogon, t\u00fal a k\u00e9tsz\u00e1zadik bajnoki meccs\u00e9n. A csapat legut\u00f3bbi h\u00e1rom \u00e9remnyer\u00e9s\u00e9nek is r\u00e9szese volt: 2012-ben ez\u00fcst\u00e9rmes,&nbsp;2013-ban bajnok, m\u00edg&nbsp;2016-ban bronz\u00e9rmes, egyben m\u00e1sodoszt\u00e1ly\u00fa feljut\u00f3. Tov\u00e1bb\u00e1 eddig 72 g\u00f3lj\u00e1val is hozz\u00e1j\u00e1rult a sikerekhez.&nbsp; \u00c9let\u00e9vei alapj\u00e1n pedig egy igazi rangid\u0151ssel, Sitku Ill\u00e9ssel is b\u00fcszk\u00e9lkedhet az egyes\u00fclet, aki minden bizonnyal magyar rekorder is, hiszen t\u00fal a negyedik X-en, m\u00e9g mindig akt\u00edv j\u00e1t\u00e9kos \u00e9s b\u00e1rmikor bevethet\u0151. Ezen fel\u00fcl pedig&nbsp;Ill\u00e9s a Dorogon t\u00f6lt\u00f6tt \u00e9vei alapj\u00e1n is a tart\u00f3s magot er\u0151s\u00edti, ugyanis 2014 \u00e9v eleje \u00f3ta dorogi labdar\u00fag\u00f3 \u00e9s imm\u00e1r a hetedik bajnoki \u00e9vadj\u00e1t jegyzi a csapatunkban, ahol eddig&nbsp;136 m\u00e9rk\u0151z\u00e9sen l\u00e9pett p\u00e1ly\u00e1ra \u00e9s 32 alkalommal szerzett g\u00f3lt. Az eml\u00edtett k\u00e9t j\u00e1t\u00e9kos mellett a csapat gerinc\u00e9t alkot\u00f3 tov\u00e1bbi \u00f6t labdar\u00fag\u00f3 gyakorlatilag 2013 \u00f3ta egy\u00fctt j\u00e1tszik a Dorog-sz\u00edneiben. T\u0151l\u00fck a megszokott lelkes hozz\u00e1 \u00e1ll\u00e1s \u00e9s k\u00fczdeni tud\u00e1s minimum elv\u00e1rhat\u00f3, ak\u00e1rcsak az elm\u00falt n\u00e9h\u00e1ny szezonban \u00e9rkez\u0151kt\u0151l. Az \u00fajjonan igazolt csapattagokat szeretettel k\u00f6sz\u00f6ntj\u00fck 105 esztend\u0151s egyes\u00fclet\u00fcnk csapat\u00e1ban, egyben a nagy dorogi sportcsal\u00e1dban! Legyenek b\u00fcszk\u00e9k valamennyien arra, hogy a Dorog j\u00e1t\u00e9kosai, \u00e9rezz\u00e9k j\u00f3l magukat k\u00f6reinkben \u00e9s tegyenek meg mindent az edz\u00e9seken \u00e9s a m\u00e9rk\u0151z\u00e9seken, valamint a p\u00e1ly\u00e1n k\u00edv\u00fcl is, hogy a Dorogi FC c\u00edmer\u00e9hez \u00e9s a klub sz\u00edneihez m\u00e9lt\u00f3 m\u00f3don tud\u00e1sukat, ambici\u00f3jukat maxim\u00e1lisan kamatoztass\u00e1k e nagyszer\u0171 k\u00f6z\u00f6ss\u00e9g\u00e9rt! Nem csak egy patin\u00e1s,&nbsp;hatalmas m\u00falt\u00fa, nagynev\u0171 csapatnak lehetnek tagjai, de egyben&nbsp;az egyik legsportszer\u0171bb szellem\u0171 k\u00f6z\u00f6ss\u00e9gnek is.<\/p>\n<p><img loading=\"lazy\" decoding=\"async\" class=\"alignnone size-full wp-image-18474\" src=\"https:\/\/dorogimedence.hu\/wp-content\/uploads\/2019\/08\/centenarium-06.jpg\" alt=\"\" width=\"670\" height=\"80\" srcset=\"https:\/\/dorogimedence.hu\/wp-content\/uploads\/2019\/08\/centenarium-06.jpg 670w, https:\/\/dorogimedence.hu\/wp-content\/uploads\/2019\/08\/centenarium-06-300x36.jpg 300w\" sizes=\"(max-width: 670px) 100vw, 670px\" \/><\/p>\n","protected":false},"excerpt":{"rendered":"<p>\u00c9ppen kerek&nbsp;100 \u00e9ve indult el\u0151sz\u00f6r a Dorog labdar\u00fag\u00f3 csapata a szervezett magyar bajnoks\u00e1gban \u00e9s az\u00f3ta folyamatosan, megszak\u00edt\u00e1s n\u00e9lk\u00fcl szerepel a Magyar Labdar\u00fag\u00f3 Sz\u00f6vets\u00e9g \u00e1ltal organiz\u00e1lt Nemzeti Labdar\u00fag\u00f3 Bajnoks\u00e1g k\u00fczdelmeiben. A k\u00f6zponti&nbsp;szervezet \u00e1ltali k\u00fcl\u00f6nb\u00f6z\u0151 ir\u00e1nyzott&nbsp;\u00e1t\u00e1ll\u00e1sok \u00e9s \u00e1tszervez\u00e9sek miatt a jelenleg kezd\u0151d\u0151 bajnoki r\u00e9sztv\u00e9tel imm\u00e1r a 106. bajnoki \u00e9vadja lesz a Dorogi FC&nbsp;105 \u00e9ves&nbsp;t\u00f6rt\u00e9net\u00e9nek. Ennek megfelel\u0151en a<\/p>\n","protected":false},"author":1,"featured_media":18467,"comment_status":"closed","ping_status":"closed","sticky":false,"template":"","format":"standard","meta":{"ngg_post_thumbnail":0,"footnotes":""},"categories":[2,3,5],"tags":[15,37,70,69,72,263,16,3563,3969],"class_list":{"0":"post-18466","1":"post","2":"type-post","3":"status-publish","4":"format-standard","5":"has-post-thumbnail","7":"category-dorog","8":"category-hirek","9":"category-sport","10":"tag-dorog","11":"tag-dorogi-fc","12":"tag-foci","13":"tag-futball","14":"tag-labdarugas","15":"tag-nb-ii","16":"tag-sport","17":"tag-sporttortenelem","18":"tag-szabo-gyula"},"yoast_head":"<!-- This site is optimized with the Yoast SEO plugin v27.4 - https:\/\/yoast.com\/product\/yoast-seo-wordpress\/ -->\n<title>Centen\u00e1riumi bajnoki \u00e9vadkezd\u00e9s 1919 \u2013 2019<\/title>\n<meta name=\"robots\" content=\"index, follow, max-snippet:-1, max-image-preview:large, max-video-preview:-1\" \/>\n<link rel=\"canonical\" href=\"https:\/\/dorogimedence.hu\/index.php\/2019\/08\/01\/centenariumi-bajnoki-evadkezdes-1919-2019\/\" class=\"yoast-seo-meta-tag\" \/>\n<meta property=\"og:locale\" content=\"hu_HU\" class=\"yoast-seo-meta-tag\" \/>\n<meta property=\"og:type\" content=\"article\" class=\"yoast-seo-meta-tag\" \/>\n<meta property=\"og:title\" content=\"Centen\u00e1riumi bajnoki \u00e9vadkezd\u00e9s 1919 \u2013 2019\" class=\"yoast-seo-meta-tag\" \/>\n<meta property=\"og:description\" content=\"\u00c9ppen kerek&nbsp;100 \u00e9ve indult el\u0151sz\u00f6r a Dorog labdar\u00fag\u00f3 csapata a szervezett magyar bajnoks\u00e1gban \u00e9s az\u00f3ta folyamatosan, megszak\u00edt\u00e1s n\u00e9lk\u00fcl szerepel a Magyar Labdar\u00fag\u00f3 Sz\u00f6vets\u00e9g \u00e1ltal organiz\u00e1lt Nemzeti Labdar\u00fag\u00f3 Bajnoks\u00e1g k\u00fczdelmeiben. A k\u00f6zponti&nbsp;szervezet \u00e1ltali k\u00fcl\u00f6nb\u00f6z\u0151 ir\u00e1nyzott&nbsp;\u00e1t\u00e1ll\u00e1sok \u00e9s \u00e1tszervez\u00e9sek miatt a jelenleg kezd\u0151d\u0151 bajnoki r\u00e9sztv\u00e9tel imm\u00e1r a 106. bajnoki \u00e9vadja lesz a Dorogi FC&nbsp;105 \u00e9ves&nbsp;t\u00f6rt\u00e9net\u00e9nek. Ennek megfelel\u0151en a\" class=\"yoast-seo-meta-tag\" \/>\n<meta property=\"og:url\" content=\"https:\/\/dorogimedence.hu\/index.php\/2019\/08\/01\/centenariumi-bajnoki-evadkezdes-1919-2019\/\" class=\"yoast-seo-meta-tag\" \/>\n<meta property=\"og:site_name\" content=\"Dorogi-medence Region\u00e1lis H\u00edrport\u00e1l\" class=\"yoast-seo-meta-tag\" \/>\n<meta property=\"article:publisher\" content=\"https:\/\/www.facebook.com\/dorogimedence\/\" class=\"yoast-seo-meta-tag\" \/>\n<meta property=\"article:published_time\" content=\"2019-08-01T05:12:31+00:00\" class=\"yoast-seo-meta-tag\" \/>\n<meta property=\"article:modified_time\" content=\"2019-08-01T06:19:54+00:00\" class=\"yoast-seo-meta-tag\" \/>\n<meta property=\"og:image\" content=\"https:\/\/dorogimedence.hu\/wp-content\/uploads\/2019\/08\/centenarium-01.jpg\" class=\"yoast-seo-meta-tag\" \/>\n\t<meta property=\"og:image:width\" content=\"670\" class=\"yoast-seo-meta-tag\" \/>\n\t<meta property=\"og:image:height\" content=\"365\" class=\"yoast-seo-meta-tag\" \/>\n\t<meta property=\"og:image:type\" content=\"image\/jpeg\" class=\"yoast-seo-meta-tag\" \/>\n<meta name=\"author\" content=\"dorogimedence.hu\" class=\"yoast-seo-meta-tag\" \/>\n<meta name=\"twitter:card\" content=\"summary_large_image\" class=\"yoast-seo-meta-tag\" \/>\n<meta name=\"twitter:label1\" content=\"Szerz\u0151:\" class=\"yoast-seo-meta-tag\" \/>\n\t<meta name=\"twitter:data1\" content=\"dorogimedence.hu\" class=\"yoast-seo-meta-tag\" \/>\n\t<meta name=\"twitter:label2\" content=\"Becs\u00fclt olvas\u00e1si id\u0151\" class=\"yoast-seo-meta-tag\" \/>\n\t<meta name=\"twitter:data2\" content=\"20 perc\" class=\"yoast-seo-meta-tag\" \/>\n<script type=\"application\/ld+json\" class=\"yoast-schema-graph\">{\"@context\":\"https:\\\/\\\/schema.org\",\"@graph\":[{\"@type\":\"Article\",\"@id\":\"https:\\\/\\\/dorogimedence.hu\\\/index.php\\\/2019\\\/08\\\/01\\\/centenariumi-bajnoki-evadkezdes-1919-2019\\\/#article\",\"isPartOf\":{\"@id\":\"https:\\\/\\\/dorogimedence.hu\\\/index.php\\\/2019\\\/08\\\/01\\\/centenariumi-bajnoki-evadkezdes-1919-2019\\\/\"},\"author\":{\"name\":\"dorogimedence.hu\",\"@id\":\"https:\\\/\\\/dorogimedence.hu\\\/#\\\/schema\\\/person\\\/ce6091eeb7e95ecdc87890d6aa8e0fd4\"},\"headline\":\"Centen\u00e1riumi bajnoki \u00e9vadkezd\u00e9s 1919 \u2013 2019\",\"datePublished\":\"2019-08-01T05:12:31+00:00\",\"dateModified\":\"2019-08-01T06:19:54+00:00\",\"mainEntityOfPage\":{\"@id\":\"https:\\\/\\\/dorogimedence.hu\\\/index.php\\\/2019\\\/08\\\/01\\\/centenariumi-bajnoki-evadkezdes-1919-2019\\\/\"},\"wordCount\":3959,\"publisher\":{\"@id\":\"https:\\\/\\\/dorogimedence.hu\\\/#organization\"},\"image\":{\"@id\":\"https:\\\/\\\/dorogimedence.hu\\\/index.php\\\/2019\\\/08\\\/01\\\/centenariumi-bajnoki-evadkezdes-1919-2019\\\/#primaryimage\"},\"thumbnailUrl\":\"https:\\\/\\\/dorogimedence.hu\\\/wp-content\\\/uploads\\\/2019\\\/08\\\/centenarium-01.jpg\",\"keywords\":[\"Dorog\",\"Dorogi FC\",\"foci\",\"futball\",\"labdar\u00fag\u00e1s\",\"NB II\",\"sport\",\"sportt\u00f6rt\u00e9nelem\",\"Szab\u00f3 Gyula\"],\"articleSection\":[\"Dorog\",\"H\u00edrek\",\"Sport\"],\"inLanguage\":\"hu\"},{\"@type\":\"WebPage\",\"@id\":\"https:\\\/\\\/dorogimedence.hu\\\/index.php\\\/2019\\\/08\\\/01\\\/centenariumi-bajnoki-evadkezdes-1919-2019\\\/\",\"url\":\"https:\\\/\\\/dorogimedence.hu\\\/index.php\\\/2019\\\/08\\\/01\\\/centenariumi-bajnoki-evadkezdes-1919-2019\\\/\",\"name\":\"Centen\u00e1riumi bajnoki \u00e9vadkezd\u00e9s 1919 \u2013 2019\",\"isPartOf\":{\"@id\":\"https:\\\/\\\/dorogimedence.hu\\\/#website\"},\"primaryImageOfPage\":{\"@id\":\"https:\\\/\\\/dorogimedence.hu\\\/index.php\\\/2019\\\/08\\\/01\\\/centenariumi-bajnoki-evadkezdes-1919-2019\\\/#primaryimage\"},\"image\":{\"@id\":\"https:\\\/\\\/dorogimedence.hu\\\/index.php\\\/2019\\\/08\\\/01\\\/centenariumi-bajnoki-evadkezdes-1919-2019\\\/#primaryimage\"},\"thumbnailUrl\":\"https:\\\/\\\/dorogimedence.hu\\\/wp-content\\\/uploads\\\/2019\\\/08\\\/centenarium-01.jpg\",\"datePublished\":\"2019-08-01T05:12:31+00:00\",\"dateModified\":\"2019-08-01T06:19:54+00:00\",\"breadcrumb\":{\"@id\":\"https:\\\/\\\/dorogimedence.hu\\\/index.php\\\/2019\\\/08\\\/01\\\/centenariumi-bajnoki-evadkezdes-1919-2019\\\/#breadcrumb\"},\"inLanguage\":\"hu\",\"potentialAction\":[{\"@type\":\"ReadAction\",\"target\":[\"https:\\\/\\\/dorogimedence.hu\\\/index.php\\\/2019\\\/08\\\/01\\\/centenariumi-bajnoki-evadkezdes-1919-2019\\\/\"]}]},{\"@type\":\"ImageObject\",\"inLanguage\":\"hu\",\"@id\":\"https:\\\/\\\/dorogimedence.hu\\\/index.php\\\/2019\\\/08\\\/01\\\/centenariumi-bajnoki-evadkezdes-1919-2019\\\/#primaryimage\",\"url\":\"https:\\\/\\\/dorogimedence.hu\\\/wp-content\\\/uploads\\\/2019\\\/08\\\/centenarium-01.jpg\",\"contentUrl\":\"https:\\\/\\\/dorogimedence.hu\\\/wp-content\\\/uploads\\\/2019\\\/08\\\/centenarium-01.jpg\",\"width\":670,\"height\":365},{\"@type\":\"BreadcrumbList\",\"@id\":\"https:\\\/\\\/dorogimedence.hu\\\/index.php\\\/2019\\\/08\\\/01\\\/centenariumi-bajnoki-evadkezdes-1919-2019\\\/#breadcrumb\",\"itemListElement\":[{\"@type\":\"ListItem\",\"position\":1,\"name\":\"Kezd\u0151lap\",\"item\":\"https:\\\/\\\/dorogimedence.hu\\\/\"},{\"@type\":\"ListItem\",\"position\":2,\"name\":\"Centen\u00e1riumi bajnoki \u00e9vadkezd\u00e9s 1919 \u2013 2019\"}]},{\"@type\":\"WebSite\",\"@id\":\"https:\\\/\\\/dorogimedence.hu\\\/#website\",\"url\":\"https:\\\/\\\/dorogimedence.hu\\\/\",\"name\":\"Dorogi-medence Region\u00e1lis H\u00edrport\u00e1l\",\"description\":\"Dorog, Keszt\u00f6lc, Le\u00e1nyv\u00e1r, Piliscs\u00e9v, Tokod, Tokodalt\u00e1r\u00f3, Csolnok, Esztergom-kertv\u00e1ros: h\u00edrek, programok\",\"publisher\":{\"@id\":\"https:\\\/\\\/dorogimedence.hu\\\/#organization\"},\"potentialAction\":[{\"@type\":\"SearchAction\",\"target\":{\"@type\":\"EntryPoint\",\"urlTemplate\":\"https:\\\/\\\/dorogimedence.hu\\\/?s={search_term_string}\"},\"query-input\":{\"@type\":\"PropertyValueSpecification\",\"valueRequired\":true,\"valueName\":\"search_term_string\"}}],\"inLanguage\":\"hu\"},{\"@type\":\"Organization\",\"@id\":\"https:\\\/\\\/dorogimedence.hu\\\/#organization\",\"name\":\"Dorogi-medence Region\u00e1lis H\u00edrport\u00e1l\",\"url\":\"https:\\\/\\\/dorogimedence.hu\\\/\",\"logo\":{\"@type\":\"ImageObject\",\"inLanguage\":\"hu\",\"@id\":\"https:\\\/\\\/dorogimedence.hu\\\/#\\\/schema\\\/logo\\\/image\\\/\",\"url\":\"https:\\\/\\\/dorogimedence.hu\\\/wp-content\\\/uploads\\\/2021\\\/04\\\/logo-feher-600.png\",\"contentUrl\":\"https:\\\/\\\/dorogimedence.hu\\\/wp-content\\\/uploads\\\/2021\\\/04\\\/logo-feher-600.png\",\"width\":600,\"height\":100,\"caption\":\"Dorogi-medence Region\u00e1lis H\u00edrport\u00e1l\"},\"image\":{\"@id\":\"https:\\\/\\\/dorogimedence.hu\\\/#\\\/schema\\\/logo\\\/image\\\/\"},\"sameAs\":[\"https:\\\/\\\/www.facebook.com\\\/dorogimedence\\\/\"]},{\"@type\":\"Person\",\"@id\":\"https:\\\/\\\/dorogimedence.hu\\\/#\\\/schema\\\/person\\\/ce6091eeb7e95ecdc87890d6aa8e0fd4\",\"name\":\"dorogimedence.hu\",\"image\":{\"@type\":\"ImageObject\",\"inLanguage\":\"hu\",\"@id\":\"\\\/\\\/www.gravatar.com\\\/avatar\\\/d8d45f8901aadff40a4af72c0b826f1d?s=96&#038;r=g&#038;d=mm\",\"url\":\"\\\/\\\/www.gravatar.com\\\/avatar\\\/d8d45f8901aadff40a4af72c0b826f1d?s=96&#038;r=g&#038;d=mm\",\"contentUrl\":\"\\\/\\\/www.gravatar.com\\\/avatar\\\/d8d45f8901aadff40a4af72c0b826f1d?s=96&#038;r=g&#038;d=mm\",\"caption\":\"dorogimedence.hu\"}}]}<\/script>\n<!-- \/ Yoast SEO plugin. -->","yoast_head_json":{"title":"Centen\u00e1riumi bajnoki \u00e9vadkezd\u00e9s 1919 \u2013 2019","robots":{"index":"index","follow":"follow","max-snippet":"max-snippet:-1","max-image-preview":"max-image-preview:large","max-video-preview":"max-video-preview:-1"},"canonical":"https:\/\/dorogimedence.hu\/index.php\/2019\/08\/01\/centenariumi-bajnoki-evadkezdes-1919-2019\/","og_locale":"hu_HU","og_type":"article","og_title":"Centen\u00e1riumi bajnoki \u00e9vadkezd\u00e9s 1919 \u2013 2019","og_description":"\u00c9ppen kerek&nbsp;100 \u00e9ve indult el\u0151sz\u00f6r a Dorog labdar\u00fag\u00f3 csapata a szervezett magyar bajnoks\u00e1gban \u00e9s az\u00f3ta folyamatosan, megszak\u00edt\u00e1s n\u00e9lk\u00fcl szerepel a Magyar Labdar\u00fag\u00f3 Sz\u00f6vets\u00e9g \u00e1ltal organiz\u00e1lt Nemzeti Labdar\u00fag\u00f3 Bajnoks\u00e1g k\u00fczdelmeiben. A k\u00f6zponti&nbsp;szervezet \u00e1ltali k\u00fcl\u00f6nb\u00f6z\u0151 ir\u00e1nyzott&nbsp;\u00e1t\u00e1ll\u00e1sok \u00e9s \u00e1tszervez\u00e9sek miatt a jelenleg kezd\u0151d\u0151 bajnoki r\u00e9sztv\u00e9tel imm\u00e1r a 106. bajnoki \u00e9vadja lesz a Dorogi FC&nbsp;105 \u00e9ves&nbsp;t\u00f6rt\u00e9net\u00e9nek. Ennek megfelel\u0151en a","og_url":"https:\/\/dorogimedence.hu\/index.php\/2019\/08\/01\/centenariumi-bajnoki-evadkezdes-1919-2019\/","og_site_name":"Dorogi-medence Region\u00e1lis H\u00edrport\u00e1l","article_publisher":"https:\/\/www.facebook.com\/dorogimedence\/","article_published_time":"2019-08-01T05:12:31+00:00","article_modified_time":"2019-08-01T06:19:54+00:00","og_image":[{"width":670,"height":365,"url":"https:\/\/dorogimedence.hu\/wp-content\/uploads\/2019\/08\/centenarium-01.jpg","type":"image\/jpeg"}],"author":"dorogimedence.hu","twitter_card":"summary_large_image","twitter_misc":{"Szerz\u0151:":"dorogimedence.hu","Becs\u00fclt olvas\u00e1si id\u0151":"20 perc"},"schema":{"@context":"https:\/\/schema.org","@graph":[{"@type":"Article","@id":"https:\/\/dorogimedence.hu\/index.php\/2019\/08\/01\/centenariumi-bajnoki-evadkezdes-1919-2019\/#article","isPartOf":{"@id":"https:\/\/dorogimedence.hu\/index.php\/2019\/08\/01\/centenariumi-bajnoki-evadkezdes-1919-2019\/"},"author":{"name":"dorogimedence.hu","@id":"https:\/\/dorogimedence.hu\/#\/schema\/person\/ce6091eeb7e95ecdc87890d6aa8e0fd4"},"headline":"Centen\u00e1riumi bajnoki \u00e9vadkezd\u00e9s 1919 \u2013 2019","datePublished":"2019-08-01T05:12:31+00:00","dateModified":"2019-08-01T06:19:54+00:00","mainEntityOfPage":{"@id":"https:\/\/dorogimedence.hu\/index.php\/2019\/08\/01\/centenariumi-bajnoki-evadkezdes-1919-2019\/"},"wordCount":3959,"publisher":{"@id":"https:\/\/dorogimedence.hu\/#organization"},"image":{"@id":"https:\/\/dorogimedence.hu\/index.php\/2019\/08\/01\/centenariumi-bajnoki-evadkezdes-1919-2019\/#primaryimage"},"thumbnailUrl":"https:\/\/dorogimedence.hu\/wp-content\/uploads\/2019\/08\/centenarium-01.jpg","keywords":["Dorog","Dorogi FC","foci","futball","labdar\u00fag\u00e1s","NB II","sport","sportt\u00f6rt\u00e9nelem","Szab\u00f3 Gyula"],"articleSection":["Dorog","H\u00edrek","Sport"],"inLanguage":"hu"},{"@type":"WebPage","@id":"https:\/\/dorogimedence.hu\/index.php\/2019\/08\/01\/centenariumi-bajnoki-evadkezdes-1919-2019\/","url":"https:\/\/dorogimedence.hu\/index.php\/2019\/08\/01\/centenariumi-bajnoki-evadkezdes-1919-2019\/","name":"Centen\u00e1riumi bajnoki \u00e9vadkezd\u00e9s 1919 \u2013 2019","isPartOf":{"@id":"https:\/\/dorogimedence.hu\/#website"},"primaryImageOfPage":{"@id":"https:\/\/dorogimedence.hu\/index.php\/2019\/08\/01\/centenariumi-bajnoki-evadkezdes-1919-2019\/#primaryimage"},"image":{"@id":"https:\/\/dorogimedence.hu\/index.php\/2019\/08\/01\/centenariumi-bajnoki-evadkezdes-1919-2019\/#primaryimage"},"thumbnailUrl":"https:\/\/dorogimedence.hu\/wp-content\/uploads\/2019\/08\/centenarium-01.jpg","datePublished":"2019-08-01T05:12:31+00:00","dateModified":"2019-08-01T06:19:54+00:00","breadcrumb":{"@id":"https:\/\/dorogimedence.hu\/index.php\/2019\/08\/01\/centenariumi-bajnoki-evadkezdes-1919-2019\/#breadcrumb"},"inLanguage":"hu","potentialAction":[{"@type":"ReadAction","target":["https:\/\/dorogimedence.hu\/index.php\/2019\/08\/01\/centenariumi-bajnoki-evadkezdes-1919-2019\/"]}]},{"@type":"ImageObject","inLanguage":"hu","@id":"https:\/\/dorogimedence.hu\/index.php\/2019\/08\/01\/centenariumi-bajnoki-evadkezdes-1919-2019\/#primaryimage","url":"https:\/\/dorogimedence.hu\/wp-content\/uploads\/2019\/08\/centenarium-01.jpg","contentUrl":"https:\/\/dorogimedence.hu\/wp-content\/uploads\/2019\/08\/centenarium-01.jpg","width":670,"height":365},{"@type":"BreadcrumbList","@id":"https:\/\/dorogimedence.hu\/index.php\/2019\/08\/01\/centenariumi-bajnoki-evadkezdes-1919-2019\/#breadcrumb","itemListElement":[{"@type":"ListItem","position":1,"name":"Kezd\u0151lap","item":"https:\/\/dorogimedence.hu\/"},{"@type":"ListItem","position":2,"name":"Centen\u00e1riumi bajnoki \u00e9vadkezd\u00e9s 1919 \u2013 2019"}]},{"@type":"WebSite","@id":"https:\/\/dorogimedence.hu\/#website","url":"https:\/\/dorogimedence.hu\/","name":"Dorogi-medence Region\u00e1lis H\u00edrport\u00e1l","description":"Dorog, Keszt\u00f6lc, Le\u00e1nyv\u00e1r, Piliscs\u00e9v, Tokod, Tokodalt\u00e1r\u00f3, Csolnok, Esztergom-kertv\u00e1ros: h\u00edrek, programok","publisher":{"@id":"https:\/\/dorogimedence.hu\/#organization"},"potentialAction":[{"@type":"SearchAction","target":{"@type":"EntryPoint","urlTemplate":"https:\/\/dorogimedence.hu\/?s={search_term_string}"},"query-input":{"@type":"PropertyValueSpecification","valueRequired":true,"valueName":"search_term_string"}}],"inLanguage":"hu"},{"@type":"Organization","@id":"https:\/\/dorogimedence.hu\/#organization","name":"Dorogi-medence Region\u00e1lis H\u00edrport\u00e1l","url":"https:\/\/dorogimedence.hu\/","logo":{"@type":"ImageObject","inLanguage":"hu","@id":"https:\/\/dorogimedence.hu\/#\/schema\/logo\/image\/","url":"https:\/\/dorogimedence.hu\/wp-content\/uploads\/2021\/04\/logo-feher-600.png","contentUrl":"https:\/\/dorogimedence.hu\/wp-content\/uploads\/2021\/04\/logo-feher-600.png","width":600,"height":100,"caption":"Dorogi-medence Region\u00e1lis H\u00edrport\u00e1l"},"image":{"@id":"https:\/\/dorogimedence.hu\/#\/schema\/logo\/image\/"},"sameAs":["https:\/\/www.facebook.com\/dorogimedence\/"]},{"@type":"Person","@id":"https:\/\/dorogimedence.hu\/#\/schema\/person\/ce6091eeb7e95ecdc87890d6aa8e0fd4","name":"dorogimedence.hu","image":{"@type":"ImageObject","inLanguage":"hu","@id":"\/\/www.gravatar.com\/avatar\/d8d45f8901aadff40a4af72c0b826f1d?s=96&#038;r=g&#038;d=mm","url":"\/\/www.gravatar.com\/avatar\/d8d45f8901aadff40a4af72c0b826f1d?s=96&#038;r=g&#038;d=mm","contentUrl":"\/\/www.gravatar.com\/avatar\/d8d45f8901aadff40a4af72c0b826f1d?s=96&#038;r=g&#038;d=mm","caption":"dorogimedence.hu"}}]}},"_links":{"self":[{"href":"https:\/\/dorogimedence.hu\/index.php\/wp-json\/wp\/v2\/posts\/18466","targetHints":{"allow":["GET"]}}],"collection":[{"href":"https:\/\/dorogimedence.hu\/index.php\/wp-json\/wp\/v2\/posts"}],"about":[{"href":"https:\/\/dorogimedence.hu\/index.php\/wp-json\/wp\/v2\/types\/post"}],"author":[{"embeddable":true,"href":"https:\/\/dorogimedence.hu\/index.php\/wp-json\/wp\/v2\/users\/1"}],"replies":[{"embeddable":true,"href":"https:\/\/dorogimedence.hu\/index.php\/wp-json\/wp\/v2\/comments?post=18466"}],"version-history":[{"count":0,"href":"https:\/\/dorogimedence.hu\/index.php\/wp-json\/wp\/v2\/posts\/18466\/revisions"}],"wp:featuredmedia":[{"embeddable":true,"href":"https:\/\/dorogimedence.hu\/index.php\/wp-json\/wp\/v2\/media\/18467"}],"wp:attachment":[{"href":"https:\/\/dorogimedence.hu\/index.php\/wp-json\/wp\/v2\/media?parent=18466"}],"wp:term":[{"taxonomy":"category","embeddable":true,"href":"https:\/\/dorogimedence.hu\/index.php\/wp-json\/wp\/v2\/categories?post=18466"},{"taxonomy":"post_tag","embeddable":true,"href":"https:\/\/dorogimedence.hu\/index.php\/wp-json\/wp\/v2\/tags?post=18466"}],"curies":[{"name":"wp","href":"https:\/\/api.w.org\/{rel}","templated":true}]}}