{"id":18456,"date":"2019-07-31T17:42:27","date_gmt":"2019-07-31T15:42:27","guid":{"rendered":"http:\/\/dorogimedence.hu\/?p=18456"},"modified":"2019-07-31T17:42:31","modified_gmt":"2019-07-31T15:42:31","slug":"anyatejes-vilagnapot-tartottak-dorogon","status":"publish","type":"post","link":"https:\/\/dorogimedence.hu\/index.php\/2019\/07\/31\/anyatejes-vilagnapot-tartottak-dorogon\/","title":{"rendered":"Anyatejes vil\u00e1gnapot tartottak Dorogon"},"content":{"rendered":"<div id=\"js_8ty\" class=\"_5pbx userContent _3576\" data-testid=\"post_message\" data-ft=\"{&quot;tn&quot;:&quot;K&quot;}\">\n<p><strong>J\u00falius 30-\u00e1n, kedden tartott\u00e1k meg a hagyom\u00e1nyos anyatejes vil\u00e1gnapi \u00fcnneps\u00e9get Dorogon.<\/strong><\/p>\n<p>Id\u00e9n a H\u00e9tsz\u00ednvir\u00e1g \u00d3voda adott otthont az esem\u00e9nynek. Riegel B\u00e9l\u00e1n\u00e9 vezet\u0151 v\u00e9d\u0151n\u0151 elmondta, hogy ennek a napnak a c\u00e9lja az, hogy felh\u00edvj\u00e1k a figyelmet a szoptat\u00e1s jelent\u0151s\u00e9g\u00e9re, mely nem csak biol\u00f3giai, hanem lelki szempontokb\u00f3l is rendk\u00edv\u00fcl fontos.<\/p>\n<p><img fetchpriority=\"high\" decoding=\"async\" class=\"alignnone size-full wp-image-18458\" src=\"https:\/\/dorogimedence.hu\/wp-content\/uploads\/2019\/07\/anyatejes-02.jpg\" alt=\"\" width=\"670\" height=\"365\" srcset=\"https:\/\/dorogimedence.hu\/wp-content\/uploads\/2019\/07\/anyatejes-02.jpg 670w, https:\/\/dorogimedence.hu\/wp-content\/uploads\/2019\/07\/anyatejes-02-300x163.jpg 300w\" sizes=\"(max-width: 670px) 100vw, 670px\" \/><\/p>\n<p>A v\u00e9d\u0151n\u0151k id\u00e9n is szeretettel v\u00e1rt\u00e1k a dorogi 0-6 \u00e9ves gondozottjaikat \u00e9s csal\u00e1dtagjaikat. A rendezv\u00e9nyen a gyerekek interakt\u00edv b\u00e1bel\u0151ad\u00e1son vehettek r\u00e9szt, mindemellett kisvas\u00fattal is \u00e1tszelhett\u00e9k a v\u00e1rost! A sz\u00fcl\u0151k sem unatkoztak, hiszen sz\u00e1mukra a v\u00e9d\u0151n\u0151k tot\u00f3t \u00e1ll\u00edtottak \u00f6ssze a t\u00e9m\u00e1val kapcsolatban.<\/p>\n<p><img decoding=\"async\" class=\"alignnone size-full wp-image-18459\" src=\"https:\/\/dorogimedence.hu\/wp-content\/uploads\/2019\/07\/anyatejes-03.jpg\" alt=\"\" width=\"670\" height=\"365\" srcset=\"https:\/\/dorogimedence.hu\/wp-content\/uploads\/2019\/07\/anyatejes-03.jpg 670w, https:\/\/dorogimedence.hu\/wp-content\/uploads\/2019\/07\/anyatejes-03-300x163.jpg 300w\" sizes=\"(max-width: 670px) 100vw, 670px\" \/><\/p>\n<p>Az esem\u00e9nyen az anyuk\u00e1k \u00e9s gyermekeik mellett apuk\u00e1k is r\u00e9szt vettek, \u00edgy a rendezv\u00e9ny igazi j\u00f3 hangulat\u00fa csal\u00e1di kikapcsol\u00f3d\u00e1sk\u00e9nt is szolg\u00e1lt.<\/p>\n<p><em>Fot\u00f3k: Dorog V\u00e1ros \u00d6nkorm\u00e1nyzata<\/em><\/p>\n<\/div>\n","protected":false},"excerpt":{"rendered":"<p>J\u00falius 30-\u00e1n, kedden tartott\u00e1k meg a hagyom\u00e1nyos anyatejes vil\u00e1gnapi \u00fcnneps\u00e9get Dorogon. Id\u00e9n a H\u00e9tsz\u00ednvir\u00e1g \u00d3voda adott otthont az esem\u00e9nynek. Riegel B\u00e9l\u00e1n\u00e9 vezet\u0151 v\u00e9d\u0151n\u0151 elmondta, hogy ennek a napnak a c\u00e9lja az, hogy felh\u00edvj\u00e1k a figyelmet a szoptat\u00e1s jelent\u0151s\u00e9g\u00e9re, mely nem csak biol\u00f3giai, hanem lelki szempontokb\u00f3l is rendk\u00edv\u00fcl fontos. A v\u00e9d\u0151n\u0151k id\u00e9n is szeretettel v\u00e1rt\u00e1k a<\/p>\n","protected":false},"author":1,"featured_media":18457,"comment_status":"closed","ping_status":"closed","sticky":false,"template":"","format":"standard","meta":{"ngg_post_thumbnail":0,"footnotes":""},"categories":[2,3],"tags":[1303,15,2338],"class_list":{"0":"post-18456","1":"post","2":"type-post","3":"status-publish","4":"format-standard","5":"has-post-thumbnail","7":"category-dorog","8":"category-hirek","9":"tag-anyatejes-vilagnap","10":"tag-dorog","11":"tag-hetszinvirag-ovoda"},"yoast_head":"<!-- This site is optimized with the Yoast SEO plugin v27.4 - https:\/\/yoast.com\/product\/yoast-seo-wordpress\/ -->\n<title>Anyatejes vil\u00e1gnapot tartottak Dorogon<\/title>\n<meta name=\"robots\" content=\"index, follow, max-snippet:-1, max-image-preview:large, max-video-preview:-1\" \/>\n<link rel=\"canonical\" href=\"https:\/\/dorogimedence.hu\/index.php\/2019\/07\/31\/anyatejes-vilagnapot-tartottak-dorogon\/\" class=\"yoast-seo-meta-tag\" \/>\n<meta property=\"og:locale\" content=\"hu_HU\" class=\"yoast-seo-meta-tag\" \/>\n<meta property=\"og:type\" content=\"article\" class=\"yoast-seo-meta-tag\" \/>\n<meta property=\"og:title\" content=\"Anyatejes vil\u00e1gnapot tartottak Dorogon\" class=\"yoast-seo-meta-tag\" \/>\n<meta property=\"og:description\" content=\"J\u00falius 30-\u00e1n, kedden tartott\u00e1k meg a hagyom\u00e1nyos anyatejes vil\u00e1gnapi \u00fcnneps\u00e9get Dorogon. Id\u00e9n a H\u00e9tsz\u00ednvir\u00e1g \u00d3voda adott otthont az esem\u00e9nynek. Riegel B\u00e9l\u00e1n\u00e9 vezet\u0151 v\u00e9d\u0151n\u0151 elmondta, hogy ennek a napnak a c\u00e9lja az, hogy felh\u00edvj\u00e1k a figyelmet a szoptat\u00e1s jelent\u0151s\u00e9g\u00e9re, mely nem csak biol\u00f3giai, hanem lelki szempontokb\u00f3l is rendk\u00edv\u00fcl fontos. A v\u00e9d\u0151n\u0151k id\u00e9n is szeretettel v\u00e1rt\u00e1k a\" class=\"yoast-seo-meta-tag\" \/>\n<meta property=\"og:url\" content=\"https:\/\/dorogimedence.hu\/index.php\/2019\/07\/31\/anyatejes-vilagnapot-tartottak-dorogon\/\" class=\"yoast-seo-meta-tag\" \/>\n<meta property=\"og:site_name\" content=\"Dorogi-medence Region\u00e1lis H\u00edrport\u00e1l\" class=\"yoast-seo-meta-tag\" \/>\n<meta property=\"article:publisher\" content=\"https:\/\/www.facebook.com\/dorogimedence\/\" class=\"yoast-seo-meta-tag\" \/>\n<meta property=\"article:published_time\" content=\"2019-07-31T15:42:27+00:00\" class=\"yoast-seo-meta-tag\" \/>\n<meta property=\"article:modified_time\" content=\"2019-07-31T15:42:31+00:00\" class=\"yoast-seo-meta-tag\" \/>\n<meta property=\"og:image\" content=\"https:\/\/i0.wp.com\/dorogimedence.hu\/wp-content\/uploads\/2019\/07\/anyatejes-01.jpg?fit=670%2C365&ssl=1\" class=\"yoast-seo-meta-tag\" \/>\n\t<meta property=\"og:image:width\" content=\"670\" class=\"yoast-seo-meta-tag\" \/>\n\t<meta property=\"og:image:height\" content=\"365\" class=\"yoast-seo-meta-tag\" \/>\n\t<meta property=\"og:image:type\" content=\"image\/jpeg\" class=\"yoast-seo-meta-tag\" \/>\n<meta name=\"author\" content=\"dorogimedence.hu\" class=\"yoast-seo-meta-tag\" \/>\n<meta name=\"twitter:card\" content=\"summary_large_image\" class=\"yoast-seo-meta-tag\" \/>\n<meta name=\"twitter:label1\" content=\"Szerz\u0151:\" class=\"yoast-seo-meta-tag\" \/>\n\t<meta name=\"twitter:data1\" content=\"dorogimedence.hu\" class=\"yoast-seo-meta-tag\" \/>\n\t<meta name=\"twitter:label2\" content=\"Becs\u00fclt olvas\u00e1si id\u0151\" class=\"yoast-seo-meta-tag\" \/>\n\t<meta name=\"twitter:data2\" content=\"1 perc\" class=\"yoast-seo-meta-tag\" \/>\n<script type=\"application\/ld+json\" class=\"yoast-schema-graph\">{\"@context\":\"https:\\\/\\\/schema.org\",\"@graph\":[{\"@type\":\"Article\",\"@id\":\"https:\\\/\\\/dorogimedence.hu\\\/index.php\\\/2019\\\/07\\\/31\\\/anyatejes-vilagnapot-tartottak-dorogon\\\/#article\",\"isPartOf\":{\"@id\":\"https:\\\/\\\/dorogimedence.hu\\\/index.php\\\/2019\\\/07\\\/31\\\/anyatejes-vilagnapot-tartottak-dorogon\\\/\"},\"author\":{\"name\":\"dorogimedence.hu\",\"@id\":\"https:\\\/\\\/dorogimedence.hu\\\/#\\\/schema\\\/person\\\/ce6091eeb7e95ecdc87890d6aa8e0fd4\"},\"headline\":\"Anyatejes vil\u00e1gnapot tartottak Dorogon\",\"datePublished\":\"2019-07-31T15:42:27+00:00\",\"dateModified\":\"2019-07-31T15:42:31+00:00\",\"mainEntityOfPage\":{\"@id\":\"https:\\\/\\\/dorogimedence.hu\\\/index.php\\\/2019\\\/07\\\/31\\\/anyatejes-vilagnapot-tartottak-dorogon\\\/\"},\"wordCount\":184,\"publisher\":{\"@id\":\"https:\\\/\\\/dorogimedence.hu\\\/#organization\"},\"image\":{\"@id\":\"https:\\\/\\\/dorogimedence.hu\\\/index.php\\\/2019\\\/07\\\/31\\\/anyatejes-vilagnapot-tartottak-dorogon\\\/#primaryimage\"},\"thumbnailUrl\":\"https:\\\/\\\/dorogimedence.hu\\\/wp-content\\\/uploads\\\/2019\\\/07\\\/anyatejes-01.jpg\",\"keywords\":[\"anyatejes vil\u00e1gnap\",\"Dorog\",\"H\u00e9tsz\u00ednvir\u00e1g \u00d3voda\"],\"articleSection\":[\"Dorog\",\"H\u00edrek\"],\"inLanguage\":\"hu\"},{\"@type\":\"WebPage\",\"@id\":\"https:\\\/\\\/dorogimedence.hu\\\/index.php\\\/2019\\\/07\\\/31\\\/anyatejes-vilagnapot-tartottak-dorogon\\\/\",\"url\":\"https:\\\/\\\/dorogimedence.hu\\\/index.php\\\/2019\\\/07\\\/31\\\/anyatejes-vilagnapot-tartottak-dorogon\\\/\",\"name\":\"Anyatejes vil\u00e1gnapot tartottak Dorogon\",\"isPartOf\":{\"@id\":\"https:\\\/\\\/dorogimedence.hu\\\/#website\"},\"primaryImageOfPage\":{\"@id\":\"https:\\\/\\\/dorogimedence.hu\\\/index.php\\\/2019\\\/07\\\/31\\\/anyatejes-vilagnapot-tartottak-dorogon\\\/#primaryimage\"},\"image\":{\"@id\":\"https:\\\/\\\/dorogimedence.hu\\\/index.php\\\/2019\\\/07\\\/31\\\/anyatejes-vilagnapot-tartottak-dorogon\\\/#primaryimage\"},\"thumbnailUrl\":\"https:\\\/\\\/dorogimedence.hu\\\/wp-content\\\/uploads\\\/2019\\\/07\\\/anyatejes-01.jpg\",\"datePublished\":\"2019-07-31T15:42:27+00:00\",\"dateModified\":\"2019-07-31T15:42:31+00:00\",\"breadcrumb\":{\"@id\":\"https:\\\/\\\/dorogimedence.hu\\\/index.php\\\/2019\\\/07\\\/31\\\/anyatejes-vilagnapot-tartottak-dorogon\\\/#breadcrumb\"},\"inLanguage\":\"hu\",\"potentialAction\":[{\"@type\":\"ReadAction\",\"target\":[\"https:\\\/\\\/dorogimedence.hu\\\/index.php\\\/2019\\\/07\\\/31\\\/anyatejes-vilagnapot-tartottak-dorogon\\\/\"]}]},{\"@type\":\"ImageObject\",\"inLanguage\":\"hu\",\"@id\":\"https:\\\/\\\/dorogimedence.hu\\\/index.php\\\/2019\\\/07\\\/31\\\/anyatejes-vilagnapot-tartottak-dorogon\\\/#primaryimage\",\"url\":\"https:\\\/\\\/dorogimedence.hu\\\/wp-content\\\/uploads\\\/2019\\\/07\\\/anyatejes-01.jpg\",\"contentUrl\":\"https:\\\/\\\/dorogimedence.hu\\\/wp-content\\\/uploads\\\/2019\\\/07\\\/anyatejes-01.jpg\",\"width\":670,\"height\":365},{\"@type\":\"BreadcrumbList\",\"@id\":\"https:\\\/\\\/dorogimedence.hu\\\/index.php\\\/2019\\\/07\\\/31\\\/anyatejes-vilagnapot-tartottak-dorogon\\\/#breadcrumb\",\"itemListElement\":[{\"@type\":\"ListItem\",\"position\":1,\"name\":\"Kezd\u0151lap\",\"item\":\"https:\\\/\\\/dorogimedence.hu\\\/\"},{\"@type\":\"ListItem\",\"position\":2,\"name\":\"Anyatejes vil\u00e1gnapot tartottak Dorogon\"}]},{\"@type\":\"WebSite\",\"@id\":\"https:\\\/\\\/dorogimedence.hu\\\/#website\",\"url\":\"https:\\\/\\\/dorogimedence.hu\\\/\",\"name\":\"Dorogi-medence Region\u00e1lis H\u00edrport\u00e1l\",\"description\":\"Dorog, Keszt\u00f6lc, Le\u00e1nyv\u00e1r, Piliscs\u00e9v, Tokod, Tokodalt\u00e1r\u00f3, Csolnok, Esztergom-kertv\u00e1ros: h\u00edrek, programok\",\"publisher\":{\"@id\":\"https:\\\/\\\/dorogimedence.hu\\\/#organization\"},\"potentialAction\":[{\"@type\":\"SearchAction\",\"target\":{\"@type\":\"EntryPoint\",\"urlTemplate\":\"https:\\\/\\\/dorogimedence.hu\\\/?s={search_term_string}\"},\"query-input\":{\"@type\":\"PropertyValueSpecification\",\"valueRequired\":true,\"valueName\":\"search_term_string\"}}],\"inLanguage\":\"hu\"},{\"@type\":\"Organization\",\"@id\":\"https:\\\/\\\/dorogimedence.hu\\\/#organization\",\"name\":\"Dorogi-medence Region\u00e1lis H\u00edrport\u00e1l\",\"url\":\"https:\\\/\\\/dorogimedence.hu\\\/\",\"logo\":{\"@type\":\"ImageObject\",\"inLanguage\":\"hu\",\"@id\":\"https:\\\/\\\/dorogimedence.hu\\\/#\\\/schema\\\/logo\\\/image\\\/\",\"url\":\"https:\\\/\\\/dorogimedence.hu\\\/wp-content\\\/uploads\\\/2021\\\/04\\\/logo-feher-600.png\",\"contentUrl\":\"https:\\\/\\\/dorogimedence.hu\\\/wp-content\\\/uploads\\\/2021\\\/04\\\/logo-feher-600.png\",\"width\":600,\"height\":100,\"caption\":\"Dorogi-medence Region\u00e1lis H\u00edrport\u00e1l\"},\"image\":{\"@id\":\"https:\\\/\\\/dorogimedence.hu\\\/#\\\/schema\\\/logo\\\/image\\\/\"},\"sameAs\":[\"https:\\\/\\\/www.facebook.com\\\/dorogimedence\\\/\"]},{\"@type\":\"Person\",\"@id\":\"https:\\\/\\\/dorogimedence.hu\\\/#\\\/schema\\\/person\\\/ce6091eeb7e95ecdc87890d6aa8e0fd4\",\"name\":\"dorogimedence.hu\",\"image\":{\"@type\":\"ImageObject\",\"inLanguage\":\"hu\",\"@id\":\"\\\/\\\/www.gravatar.com\\\/avatar\\\/d8d45f8901aadff40a4af72c0b826f1d?s=96&#038;r=g&#038;d=mm\",\"url\":\"\\\/\\\/www.gravatar.com\\\/avatar\\\/d8d45f8901aadff40a4af72c0b826f1d?s=96&#038;r=g&#038;d=mm\",\"contentUrl\":\"\\\/\\\/www.gravatar.com\\\/avatar\\\/d8d45f8901aadff40a4af72c0b826f1d?s=96&#038;r=g&#038;d=mm\",\"caption\":\"dorogimedence.hu\"}}]}<\/script>\n<!-- \/ Yoast SEO plugin. -->","yoast_head_json":{"title":"Anyatejes vil\u00e1gnapot tartottak Dorogon","robots":{"index":"index","follow":"follow","max-snippet":"max-snippet:-1","max-image-preview":"max-image-preview:large","max-video-preview":"max-video-preview:-1"},"canonical":"https:\/\/dorogimedence.hu\/index.php\/2019\/07\/31\/anyatejes-vilagnapot-tartottak-dorogon\/","og_locale":"hu_HU","og_type":"article","og_title":"Anyatejes vil\u00e1gnapot tartottak Dorogon","og_description":"J\u00falius 30-\u00e1n, kedden tartott\u00e1k meg a hagyom\u00e1nyos anyatejes vil\u00e1gnapi \u00fcnneps\u00e9get Dorogon. Id\u00e9n a H\u00e9tsz\u00ednvir\u00e1g \u00d3voda adott otthont az esem\u00e9nynek. Riegel B\u00e9l\u00e1n\u00e9 vezet\u0151 v\u00e9d\u0151n\u0151 elmondta, hogy ennek a napnak a c\u00e9lja az, hogy felh\u00edvj\u00e1k a figyelmet a szoptat\u00e1s jelent\u0151s\u00e9g\u00e9re, mely nem csak biol\u00f3giai, hanem lelki szempontokb\u00f3l is rendk\u00edv\u00fcl fontos. A v\u00e9d\u0151n\u0151k id\u00e9n is szeretettel v\u00e1rt\u00e1k a","og_url":"https:\/\/dorogimedence.hu\/index.php\/2019\/07\/31\/anyatejes-vilagnapot-tartottak-dorogon\/","og_site_name":"Dorogi-medence Region\u00e1lis H\u00edrport\u00e1l","article_publisher":"https:\/\/www.facebook.com\/dorogimedence\/","article_published_time":"2019-07-31T15:42:27+00:00","article_modified_time":"2019-07-31T15:42:31+00:00","og_image":[{"width":670,"height":365,"url":"https:\/\/i0.wp.com\/dorogimedence.hu\/wp-content\/uploads\/2019\/07\/anyatejes-01.jpg?fit=670%2C365&ssl=1","type":"image\/jpeg"}],"author":"dorogimedence.hu","twitter_card":"summary_large_image","twitter_misc":{"Szerz\u0151:":"dorogimedence.hu","Becs\u00fclt olvas\u00e1si id\u0151":"1 perc"},"schema":{"@context":"https:\/\/schema.org","@graph":[{"@type":"Article","@id":"https:\/\/dorogimedence.hu\/index.php\/2019\/07\/31\/anyatejes-vilagnapot-tartottak-dorogon\/#article","isPartOf":{"@id":"https:\/\/dorogimedence.hu\/index.php\/2019\/07\/31\/anyatejes-vilagnapot-tartottak-dorogon\/"},"author":{"name":"dorogimedence.hu","@id":"https:\/\/dorogimedence.hu\/#\/schema\/person\/ce6091eeb7e95ecdc87890d6aa8e0fd4"},"headline":"Anyatejes vil\u00e1gnapot tartottak Dorogon","datePublished":"2019-07-31T15:42:27+00:00","dateModified":"2019-07-31T15:42:31+00:00","mainEntityOfPage":{"@id":"https:\/\/dorogimedence.hu\/index.php\/2019\/07\/31\/anyatejes-vilagnapot-tartottak-dorogon\/"},"wordCount":184,"publisher":{"@id":"https:\/\/dorogimedence.hu\/#organization"},"image":{"@id":"https:\/\/dorogimedence.hu\/index.php\/2019\/07\/31\/anyatejes-vilagnapot-tartottak-dorogon\/#primaryimage"},"thumbnailUrl":"https:\/\/dorogimedence.hu\/wp-content\/uploads\/2019\/07\/anyatejes-01.jpg","keywords":["anyatejes vil\u00e1gnap","Dorog","H\u00e9tsz\u00ednvir\u00e1g \u00d3voda"],"articleSection":["Dorog","H\u00edrek"],"inLanguage":"hu"},{"@type":"WebPage","@id":"https:\/\/dorogimedence.hu\/index.php\/2019\/07\/31\/anyatejes-vilagnapot-tartottak-dorogon\/","url":"https:\/\/dorogimedence.hu\/index.php\/2019\/07\/31\/anyatejes-vilagnapot-tartottak-dorogon\/","name":"Anyatejes vil\u00e1gnapot tartottak Dorogon","isPartOf":{"@id":"https:\/\/dorogimedence.hu\/#website"},"primaryImageOfPage":{"@id":"https:\/\/dorogimedence.hu\/index.php\/2019\/07\/31\/anyatejes-vilagnapot-tartottak-dorogon\/#primaryimage"},"image":{"@id":"https:\/\/dorogimedence.hu\/index.php\/2019\/07\/31\/anyatejes-vilagnapot-tartottak-dorogon\/#primaryimage"},"thumbnailUrl":"https:\/\/dorogimedence.hu\/wp-content\/uploads\/2019\/07\/anyatejes-01.jpg","datePublished":"2019-07-31T15:42:27+00:00","dateModified":"2019-07-31T15:42:31+00:00","breadcrumb":{"@id":"https:\/\/dorogimedence.hu\/index.php\/2019\/07\/31\/anyatejes-vilagnapot-tartottak-dorogon\/#breadcrumb"},"inLanguage":"hu","potentialAction":[{"@type":"ReadAction","target":["https:\/\/dorogimedence.hu\/index.php\/2019\/07\/31\/anyatejes-vilagnapot-tartottak-dorogon\/"]}]},{"@type":"ImageObject","inLanguage":"hu","@id":"https:\/\/dorogimedence.hu\/index.php\/2019\/07\/31\/anyatejes-vilagnapot-tartottak-dorogon\/#primaryimage","url":"https:\/\/dorogimedence.hu\/wp-content\/uploads\/2019\/07\/anyatejes-01.jpg","contentUrl":"https:\/\/dorogimedence.hu\/wp-content\/uploads\/2019\/07\/anyatejes-01.jpg","width":670,"height":365},{"@type":"BreadcrumbList","@id":"https:\/\/dorogimedence.hu\/index.php\/2019\/07\/31\/anyatejes-vilagnapot-tartottak-dorogon\/#breadcrumb","itemListElement":[{"@type":"ListItem","position":1,"name":"Kezd\u0151lap","item":"https:\/\/dorogimedence.hu\/"},{"@type":"ListItem","position":2,"name":"Anyatejes vil\u00e1gnapot tartottak Dorogon"}]},{"@type":"WebSite","@id":"https:\/\/dorogimedence.hu\/#website","url":"https:\/\/dorogimedence.hu\/","name":"Dorogi-medence Region\u00e1lis H\u00edrport\u00e1l","description":"Dorog, Keszt\u00f6lc, Le\u00e1nyv\u00e1r, Piliscs\u00e9v, Tokod, Tokodalt\u00e1r\u00f3, Csolnok, Esztergom-kertv\u00e1ros: h\u00edrek, programok","publisher":{"@id":"https:\/\/dorogimedence.hu\/#organization"},"potentialAction":[{"@type":"SearchAction","target":{"@type":"EntryPoint","urlTemplate":"https:\/\/dorogimedence.hu\/?s={search_term_string}"},"query-input":{"@type":"PropertyValueSpecification","valueRequired":true,"valueName":"search_term_string"}}],"inLanguage":"hu"},{"@type":"Organization","@id":"https:\/\/dorogimedence.hu\/#organization","name":"Dorogi-medence Region\u00e1lis H\u00edrport\u00e1l","url":"https:\/\/dorogimedence.hu\/","logo":{"@type":"ImageObject","inLanguage":"hu","@id":"https:\/\/dorogimedence.hu\/#\/schema\/logo\/image\/","url":"https:\/\/dorogimedence.hu\/wp-content\/uploads\/2021\/04\/logo-feher-600.png","contentUrl":"https:\/\/dorogimedence.hu\/wp-content\/uploads\/2021\/04\/logo-feher-600.png","width":600,"height":100,"caption":"Dorogi-medence Region\u00e1lis H\u00edrport\u00e1l"},"image":{"@id":"https:\/\/dorogimedence.hu\/#\/schema\/logo\/image\/"},"sameAs":["https:\/\/www.facebook.com\/dorogimedence\/"]},{"@type":"Person","@id":"https:\/\/dorogimedence.hu\/#\/schema\/person\/ce6091eeb7e95ecdc87890d6aa8e0fd4","name":"dorogimedence.hu","image":{"@type":"ImageObject","inLanguage":"hu","@id":"\/\/www.gravatar.com\/avatar\/d8d45f8901aadff40a4af72c0b826f1d?s=96&#038;r=g&#038;d=mm","url":"\/\/www.gravatar.com\/avatar\/d8d45f8901aadff40a4af72c0b826f1d?s=96&#038;r=g&#038;d=mm","contentUrl":"\/\/www.gravatar.com\/avatar\/d8d45f8901aadff40a4af72c0b826f1d?s=96&#038;r=g&#038;d=mm","caption":"dorogimedence.hu"}}]}},"_links":{"self":[{"href":"https:\/\/dorogimedence.hu\/index.php\/wp-json\/wp\/v2\/posts\/18456","targetHints":{"allow":["GET"]}}],"collection":[{"href":"https:\/\/dorogimedence.hu\/index.php\/wp-json\/wp\/v2\/posts"}],"about":[{"href":"https:\/\/dorogimedence.hu\/index.php\/wp-json\/wp\/v2\/types\/post"}],"author":[{"embeddable":true,"href":"https:\/\/dorogimedence.hu\/index.php\/wp-json\/wp\/v2\/users\/1"}],"replies":[{"embeddable":true,"href":"https:\/\/dorogimedence.hu\/index.php\/wp-json\/wp\/v2\/comments?post=18456"}],"version-history":[{"count":0,"href":"https:\/\/dorogimedence.hu\/index.php\/wp-json\/wp\/v2\/posts\/18456\/revisions"}],"wp:featuredmedia":[{"embeddable":true,"href":"https:\/\/dorogimedence.hu\/index.php\/wp-json\/wp\/v2\/media\/18457"}],"wp:attachment":[{"href":"https:\/\/dorogimedence.hu\/index.php\/wp-json\/wp\/v2\/media?parent=18456"}],"wp:term":[{"taxonomy":"category","embeddable":true,"href":"https:\/\/dorogimedence.hu\/index.php\/wp-json\/wp\/v2\/categories?post=18456"},{"taxonomy":"post_tag","embeddable":true,"href":"https:\/\/dorogimedence.hu\/index.php\/wp-json\/wp\/v2\/tags?post=18456"}],"curies":[{"name":"wp","href":"https:\/\/api.w.org\/{rel}","templated":true}]}}