{"id":18196,"date":"2019-07-18T16:24:23","date_gmt":"2019-07-18T14:24:23","guid":{"rendered":"http:\/\/dorogimedence.hu\/?p=18196"},"modified":"2019-07-18T17:21:30","modified_gmt":"2019-07-18T15:21:30","slug":"bokretaunnepseget-tartottak-dorogon","status":"publish","type":"post","link":"https:\/\/dorogimedence.hu\/index.php\/2019\/07\/18\/bokretaunnepseget-tartottak-dorogon\/","title":{"rendered":"Bokr\u00e9ta\u00fcnneps\u00e9get tartottak Dorogon"},"content":{"rendered":"<p><strong>Az \u00e9p\u00fcl\u0151 Reimann B\u00e1ny\u00e1szatt\u00f6rt\u00e9neti Miniverzumn\u00e1l bokr\u00e9ta\u00fcnneps\u00e9get tartottak j\u00falius 18-\u00e1n, cs\u00fct\u00f6rt\u00f6k d\u00e9lel\u0151tt.<\/strong><\/p>\n<p>A hagyom\u00e1nyok szerint az \u00e9p\u00fclet tart\u00f3szerkezet\u00e9nek elk\u00e9sz\u00fcl\u00e9sekor a legmagasabb pontj\u00e1ra bokr\u00e9taf\u00e1t, vagy bokr\u00e9tacsokrot helyeztek el az \u00e9p\u00edt\u0151k \u00e9s az \u00e9p\u00edttet\u0151k k\u00f6z\u00f6sen. Ez \u00edgy t\u00f6rt\u00e9nt a minap Dorogon is, ahol az \u00e9p\u00fclet szerkezet\u00e9nek legmagasabb (14 m\u00e9teres) pontj\u00e1ra bokr\u00e9t\u00e1t helyeztek el.<\/p>\n<p><img fetchpriority=\"high\" decoding=\"async\" class=\"alignnone size-full wp-image-18198\" src=\"https:\/\/dorogimedence.hu\/wp-content\/uploads\/2019\/07\/bokreta-01.jpg\" alt=\"\" width=\"670\" height=\"365\" srcset=\"https:\/\/dorogimedence.hu\/wp-content\/uploads\/2019\/07\/bokreta-01.jpg 670w, https:\/\/dorogimedence.hu\/wp-content\/uploads\/2019\/07\/bokreta-01-300x163.jpg 300w\" sizes=\"(max-width: 670px) 100vw, 670px\" \/><\/p>\n<p>Az esem\u00e9nyen t\u00f6bbek k\u00f6z\u00f6tt r\u00e9szt vett Ercsey \u00c1ron, a kivitelez\u0151 Extreme-Park K\u00f6rnyezet\u00e9p\u00edt\u0151 Kft. \u00e9s az EP Konstrukt\u00edv Kft. \u00fcgyvezet\u0151je, Dr. Tittmann J\u00e1nos polg\u00e1rmester \u00e9s Popovics Gy\u00f6rgy, a megyei k\u00f6zgy\u0171l\u00e9s eln\u00f6ke.<\/p>\n<p>Ercsey \u00c1ron elmondta, hogy kedden az \u00e9p\u00edt\u0151k el\u00e9rt\u00e9k az \u00e9p\u00fclet szerkezet\u00e9nek legmagasabb pontj\u00e1t, \u00edgy id\u0151szer\u0171v\u00e9 v\u00e1lt a koszor\u00fa felhelyez\u00e9se. Ezzel a gesztussal k\u00f6sz\u00f6netet mondanak egym\u00e1snak az \u00e9p\u00edttet\u0151k \u00e9s az \u00e9p\u00edt\u0151k is.<\/p>\n<p><img decoding=\"async\" class=\"alignnone size-full wp-image-18199\" src=\"https:\/\/dorogimedence.hu\/wp-content\/uploads\/2019\/07\/bokreta-04.jpg\" alt=\"\" width=\"670\" height=\"365\" srcset=\"https:\/\/dorogimedence.hu\/wp-content\/uploads\/2019\/07\/bokreta-04.jpg 670w, https:\/\/dorogimedence.hu\/wp-content\/uploads\/2019\/07\/bokreta-04-300x163.jpg 300w\" sizes=\"(max-width: 670px) 100vw, 670px\" \/><\/p>\n<p>Dr. Tittmann J\u00e1nos polg\u00e1rmester kiemelte, hogy nagyon szoros az \u00e1tad\u00e1si hat\u00e1rid\u0151, ugyanakkor az avat\u00f3\u00fcnneps\u00e9g v\u00e9lem\u00e9nye szerint nem egy z\u00e1r\u00f3esem\u00e9ny, hanem egy hossz\u00fa folyamat nyit\u00e1nya lesz. Hozz\u00e1tette, hogy a Jaksics L\u00e1szl\u00f3 okleveles \u00e9p\u00edt\u00e9szm\u00e9rn\u00f6k \u00e1ltal tervezett \u00e9p\u00fcletben sz\u00e1m\u00edt\u00e1stechnikai interakt\u00edv eszk\u00f6z\u00f6ket ig\u00e9nybe vev\u0151 modell \u00e9s makettvil\u00e1g fogja bemutatni a Dorogi-sz\u00e9nmedence b\u00e1ny\u00e1szat\u00e1nak t\u00f6rt\u00e9nelm\u00e9t. Mindemellett az egy\u00e9ni gy\u0171jt\u0151k t\u00e1rgyait is kiv\u00e1logatj\u00e1k majd.<\/p>\n<p>Popovics Gy\u00f6rgy, a megyei k\u00f6zgy\u0171l\u00e9s eln\u00f6ke ismertette, hogy az \u00f6nkorm\u00e1nyzat a Ter\u00fclet- \u00e9s Telep\u00fcl\u00e9sfejleszt\u00e9si Operat\u00edv Program keret\u00e9ben 250 milli\u00f3 forint t\u00e1mogat\u00e1st nyert a miniverzum meg\u00e9p\u00edt\u00e9s\u00e9re. Mindemellett a megyei \u00f6nkorm\u00e1nyzat seg\u00edts\u00e9g\u00e9vel \u00f6sszesen 750 milli\u00f3 forintnyi fejleszt\u00e9s val\u00f3sul meg Dorogon. Egy\u00fattal \u00f6r\u00f6mtelinek nevezte, hogy a v\u00e1ros is bekapcsol\u00f3dik majd a turizmusba, amely a j\u00f6v\u0151ben a megye egyik legfontosabb fejl\u0151d\u00e9si ir\u00e1nya lehet. V\u00e9gezet\u00fcl elmondta, hogy az \u00e1tadand\u00f3 miniverzum nem csak a dorogiak\u00e9, hanem a b\u00e1ny\u00e1szati hagyom\u00e1nyait \u00e1pol\u00f3 kist\u00e9rs\u00e9g\u00e9 is.<\/p>\n<p><img decoding=\"async\" class=\"alignnone size-full wp-image-18200\" src=\"https:\/\/dorogimedence.hu\/wp-content\/uploads\/2019\/07\/bokreta-02.jpg\" alt=\"\" width=\"670\" height=\"365\" srcset=\"https:\/\/dorogimedence.hu\/wp-content\/uploads\/2019\/07\/bokreta-02.jpg 670w, https:\/\/dorogimedence.hu\/wp-content\/uploads\/2019\/07\/bokreta-02-300x163.jpg 300w\" sizes=\"(max-width: 670px) 100vw, 670px\" \/><\/p>\n<p><em><strong><u>Bokr\u00e9ta\u00fcnnep:<\/u><\/strong> a bokr\u00e9ta\u00fcnnep (r\u00e9gies nev\u00e9n, a n\u00e9met-osztr\u00e1k Gleichenfeier vagy Gleichenfest t\u00fck\u00f6rford\u00edt\u00e1s\u00e1val: falegyen\u00fcnnep) az \u00e9p\u00edt\u0151k \u00e9s \u00e9p\u00edttet\u0151k k\u00f6z\u00f6s \u00fcnnepe, amelyet az \u00e9p\u00fclet tart\u00f3szerkezet\u00e9nek elk\u00e9sz\u00fcl\u00e9sekor szoktak megtartani. A hagyom\u00e1nyok szerint az \u00e9p\u00fclet legmagasabb pontj\u00e1ra bokr\u00e9taf\u00e1t \u00e1ll\u00edtanak, vagy bokr\u00e9tacsokrot helyeznek el. A bokr\u00e9ta\u00fcnnep eredete eg\u00e9szen a 14. sz\u00e1zadig ny\u00falik vissza. Az egyes fontosabb munkaf\u00e1zisok ut\u00e1n \u00fcnnep\u00e9lyes \u00f6sszej\u00f6veteleket tartottak, ezeken tal\u00e1lkozhattak a vezet\u0151k \u00e9s beosztottak, \u00e9s hasonl\u00f3an az arat\u00e1s ut\u00e1ni h\u00e1laad\u00e1si \u00fcnneps\u00e9gekhez (arat\u00f3\u00fcnnep), meg\u00fcnnepelt\u00e9k a munka eredm\u00e9ny\u00e9t. Magyarorsz\u00e1gon n\u00e9met (osztr\u00e1k) hat\u00e1sra terjedt el.<br \/>\n<\/em><\/p>\n<p><img loading=\"lazy\" decoding=\"async\" class=\"alignnone size-full wp-image-18201\" src=\"https:\/\/dorogimedence.hu\/wp-content\/uploads\/2019\/07\/bokreta-05.jpg\" alt=\"\" width=\"670\" height=\"365\" srcset=\"https:\/\/dorogimedence.hu\/wp-content\/uploads\/2019\/07\/bokreta-05.jpg 670w, https:\/\/dorogimedence.hu\/wp-content\/uploads\/2019\/07\/bokreta-05-300x163.jpg 300w\" sizes=\"(max-width: 670px) 100vw, 670px\" \/><\/p>\n","protected":false},"excerpt":{"rendered":"<p>Az \u00e9p\u00fcl\u0151 Reimann B\u00e1ny\u00e1szatt\u00f6rt\u00e9neti Miniverzumn\u00e1l bokr\u00e9ta\u00fcnneps\u00e9get tartottak j\u00falius 18-\u00e1n, cs\u00fct\u00f6rt\u00f6k d\u00e9lel\u0151tt. A hagyom\u00e1nyok szerint az \u00e9p\u00fclet tart\u00f3szerkezet\u00e9nek elk\u00e9sz\u00fcl\u00e9sekor a legmagasabb pontj\u00e1ra bokr\u00e9taf\u00e1t, vagy bokr\u00e9tacsokrot helyeztek el az \u00e9p\u00edt\u0151k \u00e9s az \u00e9p\u00edttet\u0151k k\u00f6z\u00f6sen. Ez \u00edgy t\u00f6rt\u00e9nt a minap Dorogon is, ahol az \u00e9p\u00fclet szerkezet\u00e9nek legmagasabb (14 m\u00e9teres) pontj\u00e1ra bokr\u00e9t\u00e1t helyeztek el. Az esem\u00e9nyen t\u00f6bbek k\u00f6z\u00f6tt r\u00e9szt<\/p>\n","protected":false},"author":1,"featured_media":18197,"comment_status":"closed","ping_status":"closed","sticky":false,"template":"","format":"standard","meta":{"ngg_post_thumbnail":0,"footnotes":""},"categories":[2,3],"tags":[729,4086,4087,15,1305,3258],"class_list":{"0":"post-18196","1":"post","2":"type-post","3":"status-publish","4":"format-standard","5":"has-post-thumbnail","7":"category-dorog","8":"category-hirek","9":"tag-banyaszat","10":"tag-bokretaunnep","11":"tag-bokretaunnepseg","12":"tag-dorog","13":"tag-miniverzum","14":"tag-reimann-banyaszattorteneti-miniverzum"},"yoast_head":"<!-- This site is optimized with the Yoast SEO plugin v27.4 - https:\/\/yoast.com\/product\/yoast-seo-wordpress\/ -->\n<title>Bokr\u00e9ta\u00fcnneps\u00e9get tartottak Dorogon<\/title>\n<meta name=\"robots\" content=\"index, follow, max-snippet:-1, max-image-preview:large, max-video-preview:-1\" \/>\n<link rel=\"canonical\" href=\"https:\/\/dorogimedence.hu\/index.php\/2019\/07\/18\/bokretaunnepseget-tartottak-dorogon\/\" class=\"yoast-seo-meta-tag\" \/>\n<meta property=\"og:locale\" content=\"hu_HU\" class=\"yoast-seo-meta-tag\" \/>\n<meta property=\"og:type\" content=\"article\" class=\"yoast-seo-meta-tag\" \/>\n<meta property=\"og:title\" content=\"Bokr\u00e9ta\u00fcnneps\u00e9get tartottak Dorogon\" class=\"yoast-seo-meta-tag\" \/>\n<meta property=\"og:description\" content=\"Az \u00e9p\u00fcl\u0151 Reimann B\u00e1ny\u00e1szatt\u00f6rt\u00e9neti Miniverzumn\u00e1l bokr\u00e9ta\u00fcnneps\u00e9get tartottak j\u00falius 18-\u00e1n, cs\u00fct\u00f6rt\u00f6k d\u00e9lel\u0151tt. A hagyom\u00e1nyok szerint az \u00e9p\u00fclet tart\u00f3szerkezet\u00e9nek elk\u00e9sz\u00fcl\u00e9sekor a legmagasabb pontj\u00e1ra bokr\u00e9taf\u00e1t, vagy bokr\u00e9tacsokrot helyeztek el az \u00e9p\u00edt\u0151k \u00e9s az \u00e9p\u00edttet\u0151k k\u00f6z\u00f6sen. Ez \u00edgy t\u00f6rt\u00e9nt a minap Dorogon is, ahol az \u00e9p\u00fclet szerkezet\u00e9nek legmagasabb (14 m\u00e9teres) pontj\u00e1ra bokr\u00e9t\u00e1t helyeztek el. Az esem\u00e9nyen t\u00f6bbek k\u00f6z\u00f6tt r\u00e9szt\" class=\"yoast-seo-meta-tag\" \/>\n<meta property=\"og:url\" content=\"https:\/\/dorogimedence.hu\/index.php\/2019\/07\/18\/bokretaunnepseget-tartottak-dorogon\/\" class=\"yoast-seo-meta-tag\" \/>\n<meta property=\"og:site_name\" content=\"Dorogi-medence Region\u00e1lis H\u00edrport\u00e1l\" class=\"yoast-seo-meta-tag\" \/>\n<meta property=\"article:publisher\" content=\"https:\/\/www.facebook.com\/dorogimedence\/\" class=\"yoast-seo-meta-tag\" \/>\n<meta property=\"article:published_time\" content=\"2019-07-18T14:24:23+00:00\" class=\"yoast-seo-meta-tag\" \/>\n<meta property=\"article:modified_time\" content=\"2019-07-18T15:21:30+00:00\" class=\"yoast-seo-meta-tag\" \/>\n<meta property=\"og:image\" content=\"https:\/\/i0.wp.com\/dorogimedence.hu\/wp-content\/uploads\/2019\/07\/bokreta-03.jpg?fit=670%2C365&ssl=1\" class=\"yoast-seo-meta-tag\" \/>\n\t<meta property=\"og:image:width\" content=\"670\" class=\"yoast-seo-meta-tag\" \/>\n\t<meta property=\"og:image:height\" content=\"365\" class=\"yoast-seo-meta-tag\" \/>\n\t<meta property=\"og:image:type\" content=\"image\/jpeg\" class=\"yoast-seo-meta-tag\" \/>\n<meta name=\"author\" content=\"dorogimedence.hu\" class=\"yoast-seo-meta-tag\" \/>\n<meta name=\"twitter:card\" content=\"summary_large_image\" class=\"yoast-seo-meta-tag\" \/>\n<meta name=\"twitter:label1\" content=\"Szerz\u0151:\" class=\"yoast-seo-meta-tag\" \/>\n\t<meta name=\"twitter:data1\" content=\"dorogimedence.hu\" class=\"yoast-seo-meta-tag\" \/>\n\t<meta name=\"twitter:label2\" content=\"Becs\u00fclt olvas\u00e1si id\u0151\" class=\"yoast-seo-meta-tag\" \/>\n\t<meta name=\"twitter:data2\" content=\"3 perc\" class=\"yoast-seo-meta-tag\" \/>\n<script type=\"application\/ld+json\" class=\"yoast-schema-graph\">{\"@context\":\"https:\\\/\\\/schema.org\",\"@graph\":[{\"@type\":\"Article\",\"@id\":\"https:\\\/\\\/dorogimedence.hu\\\/index.php\\\/2019\\\/07\\\/18\\\/bokretaunnepseget-tartottak-dorogon\\\/#article\",\"isPartOf\":{\"@id\":\"https:\\\/\\\/dorogimedence.hu\\\/index.php\\\/2019\\\/07\\\/18\\\/bokretaunnepseget-tartottak-dorogon\\\/\"},\"author\":{\"name\":\"dorogimedence.hu\",\"@id\":\"https:\\\/\\\/dorogimedence.hu\\\/#\\\/schema\\\/person\\\/ce6091eeb7e95ecdc87890d6aa8e0fd4\"},\"headline\":\"Bokr\u00e9ta\u00fcnneps\u00e9get tartottak Dorogon\",\"datePublished\":\"2019-07-18T14:24:23+00:00\",\"dateModified\":\"2019-07-18T15:21:30+00:00\",\"mainEntityOfPage\":{\"@id\":\"https:\\\/\\\/dorogimedence.hu\\\/index.php\\\/2019\\\/07\\\/18\\\/bokretaunnepseget-tartottak-dorogon\\\/\"},\"wordCount\":540,\"publisher\":{\"@id\":\"https:\\\/\\\/dorogimedence.hu\\\/#organization\"},\"image\":{\"@id\":\"https:\\\/\\\/dorogimedence.hu\\\/index.php\\\/2019\\\/07\\\/18\\\/bokretaunnepseget-tartottak-dorogon\\\/#primaryimage\"},\"thumbnailUrl\":\"https:\\\/\\\/dorogimedence.hu\\\/wp-content\\\/uploads\\\/2019\\\/07\\\/bokreta-03.jpg\",\"keywords\":[\"b\u00e1ny\u00e1szat\",\"bokr\u00e9ta\u00fcnnep\",\"bokr\u00e9ta\u00fcnneps\u00e9g\",\"Dorog\",\"Miniverzum\",\"Reimann B\u00e1ny\u00e1szatt\u00f6rt\u00e9neti Miniverzum\"],\"articleSection\":[\"Dorog\",\"H\u00edrek\"],\"inLanguage\":\"hu\"},{\"@type\":\"WebPage\",\"@id\":\"https:\\\/\\\/dorogimedence.hu\\\/index.php\\\/2019\\\/07\\\/18\\\/bokretaunnepseget-tartottak-dorogon\\\/\",\"url\":\"https:\\\/\\\/dorogimedence.hu\\\/index.php\\\/2019\\\/07\\\/18\\\/bokretaunnepseget-tartottak-dorogon\\\/\",\"name\":\"Bokr\u00e9ta\u00fcnneps\u00e9get tartottak Dorogon\",\"isPartOf\":{\"@id\":\"https:\\\/\\\/dorogimedence.hu\\\/#website\"},\"primaryImageOfPage\":{\"@id\":\"https:\\\/\\\/dorogimedence.hu\\\/index.php\\\/2019\\\/07\\\/18\\\/bokretaunnepseget-tartottak-dorogon\\\/#primaryimage\"},\"image\":{\"@id\":\"https:\\\/\\\/dorogimedence.hu\\\/index.php\\\/2019\\\/07\\\/18\\\/bokretaunnepseget-tartottak-dorogon\\\/#primaryimage\"},\"thumbnailUrl\":\"https:\\\/\\\/dorogimedence.hu\\\/wp-content\\\/uploads\\\/2019\\\/07\\\/bokreta-03.jpg\",\"datePublished\":\"2019-07-18T14:24:23+00:00\",\"dateModified\":\"2019-07-18T15:21:30+00:00\",\"breadcrumb\":{\"@id\":\"https:\\\/\\\/dorogimedence.hu\\\/index.php\\\/2019\\\/07\\\/18\\\/bokretaunnepseget-tartottak-dorogon\\\/#breadcrumb\"},\"inLanguage\":\"hu\",\"potentialAction\":[{\"@type\":\"ReadAction\",\"target\":[\"https:\\\/\\\/dorogimedence.hu\\\/index.php\\\/2019\\\/07\\\/18\\\/bokretaunnepseget-tartottak-dorogon\\\/\"]}]},{\"@type\":\"ImageObject\",\"inLanguage\":\"hu\",\"@id\":\"https:\\\/\\\/dorogimedence.hu\\\/index.php\\\/2019\\\/07\\\/18\\\/bokretaunnepseget-tartottak-dorogon\\\/#primaryimage\",\"url\":\"https:\\\/\\\/dorogimedence.hu\\\/wp-content\\\/uploads\\\/2019\\\/07\\\/bokreta-03.jpg\",\"contentUrl\":\"https:\\\/\\\/dorogimedence.hu\\\/wp-content\\\/uploads\\\/2019\\\/07\\\/bokreta-03.jpg\",\"width\":670,\"height\":365},{\"@type\":\"BreadcrumbList\",\"@id\":\"https:\\\/\\\/dorogimedence.hu\\\/index.php\\\/2019\\\/07\\\/18\\\/bokretaunnepseget-tartottak-dorogon\\\/#breadcrumb\",\"itemListElement\":[{\"@type\":\"ListItem\",\"position\":1,\"name\":\"Kezd\u0151lap\",\"item\":\"https:\\\/\\\/dorogimedence.hu\\\/\"},{\"@type\":\"ListItem\",\"position\":2,\"name\":\"Bokr\u00e9ta\u00fcnneps\u00e9get tartottak Dorogon\"}]},{\"@type\":\"WebSite\",\"@id\":\"https:\\\/\\\/dorogimedence.hu\\\/#website\",\"url\":\"https:\\\/\\\/dorogimedence.hu\\\/\",\"name\":\"Dorogi-medence Region\u00e1lis H\u00edrport\u00e1l\",\"description\":\"Dorog, Keszt\u00f6lc, Le\u00e1nyv\u00e1r, Piliscs\u00e9v, Tokod, Tokodalt\u00e1r\u00f3, Csolnok, Esztergom-kertv\u00e1ros: h\u00edrek, programok\",\"publisher\":{\"@id\":\"https:\\\/\\\/dorogimedence.hu\\\/#organization\"},\"potentialAction\":[{\"@type\":\"SearchAction\",\"target\":{\"@type\":\"EntryPoint\",\"urlTemplate\":\"https:\\\/\\\/dorogimedence.hu\\\/?s={search_term_string}\"},\"query-input\":{\"@type\":\"PropertyValueSpecification\",\"valueRequired\":true,\"valueName\":\"search_term_string\"}}],\"inLanguage\":\"hu\"},{\"@type\":\"Organization\",\"@id\":\"https:\\\/\\\/dorogimedence.hu\\\/#organization\",\"name\":\"Dorogi-medence Region\u00e1lis H\u00edrport\u00e1l\",\"url\":\"https:\\\/\\\/dorogimedence.hu\\\/\",\"logo\":{\"@type\":\"ImageObject\",\"inLanguage\":\"hu\",\"@id\":\"https:\\\/\\\/dorogimedence.hu\\\/#\\\/schema\\\/logo\\\/image\\\/\",\"url\":\"https:\\\/\\\/dorogimedence.hu\\\/wp-content\\\/uploads\\\/2021\\\/04\\\/logo-feher-600.png\",\"contentUrl\":\"https:\\\/\\\/dorogimedence.hu\\\/wp-content\\\/uploads\\\/2021\\\/04\\\/logo-feher-600.png\",\"width\":600,\"height\":100,\"caption\":\"Dorogi-medence Region\u00e1lis H\u00edrport\u00e1l\"},\"image\":{\"@id\":\"https:\\\/\\\/dorogimedence.hu\\\/#\\\/schema\\\/logo\\\/image\\\/\"},\"sameAs\":[\"https:\\\/\\\/www.facebook.com\\\/dorogimedence\\\/\"]},{\"@type\":\"Person\",\"@id\":\"https:\\\/\\\/dorogimedence.hu\\\/#\\\/schema\\\/person\\\/ce6091eeb7e95ecdc87890d6aa8e0fd4\",\"name\":\"dorogimedence.hu\",\"image\":{\"@type\":\"ImageObject\",\"inLanguage\":\"hu\",\"@id\":\"\\\/\\\/www.gravatar.com\\\/avatar\\\/d8d45f8901aadff40a4af72c0b826f1d?s=96&#038;r=g&#038;d=mm\",\"url\":\"\\\/\\\/www.gravatar.com\\\/avatar\\\/d8d45f8901aadff40a4af72c0b826f1d?s=96&#038;r=g&#038;d=mm\",\"contentUrl\":\"\\\/\\\/www.gravatar.com\\\/avatar\\\/d8d45f8901aadff40a4af72c0b826f1d?s=96&#038;r=g&#038;d=mm\",\"caption\":\"dorogimedence.hu\"}}]}<\/script>\n<!-- \/ Yoast SEO plugin. -->","yoast_head_json":{"title":"Bokr\u00e9ta\u00fcnneps\u00e9get tartottak Dorogon","robots":{"index":"index","follow":"follow","max-snippet":"max-snippet:-1","max-image-preview":"max-image-preview:large","max-video-preview":"max-video-preview:-1"},"canonical":"https:\/\/dorogimedence.hu\/index.php\/2019\/07\/18\/bokretaunnepseget-tartottak-dorogon\/","og_locale":"hu_HU","og_type":"article","og_title":"Bokr\u00e9ta\u00fcnneps\u00e9get tartottak Dorogon","og_description":"Az \u00e9p\u00fcl\u0151 Reimann B\u00e1ny\u00e1szatt\u00f6rt\u00e9neti Miniverzumn\u00e1l bokr\u00e9ta\u00fcnneps\u00e9get tartottak j\u00falius 18-\u00e1n, cs\u00fct\u00f6rt\u00f6k d\u00e9lel\u0151tt. A hagyom\u00e1nyok szerint az \u00e9p\u00fclet tart\u00f3szerkezet\u00e9nek elk\u00e9sz\u00fcl\u00e9sekor a legmagasabb pontj\u00e1ra bokr\u00e9taf\u00e1t, vagy bokr\u00e9tacsokrot helyeztek el az \u00e9p\u00edt\u0151k \u00e9s az \u00e9p\u00edttet\u0151k k\u00f6z\u00f6sen. Ez \u00edgy t\u00f6rt\u00e9nt a minap Dorogon is, ahol az \u00e9p\u00fclet szerkezet\u00e9nek legmagasabb (14 m\u00e9teres) pontj\u00e1ra bokr\u00e9t\u00e1t helyeztek el. Az esem\u00e9nyen t\u00f6bbek k\u00f6z\u00f6tt r\u00e9szt","og_url":"https:\/\/dorogimedence.hu\/index.php\/2019\/07\/18\/bokretaunnepseget-tartottak-dorogon\/","og_site_name":"Dorogi-medence Region\u00e1lis H\u00edrport\u00e1l","article_publisher":"https:\/\/www.facebook.com\/dorogimedence\/","article_published_time":"2019-07-18T14:24:23+00:00","article_modified_time":"2019-07-18T15:21:30+00:00","og_image":[{"width":670,"height":365,"url":"https:\/\/i0.wp.com\/dorogimedence.hu\/wp-content\/uploads\/2019\/07\/bokreta-03.jpg?fit=670%2C365&ssl=1","type":"image\/jpeg"}],"author":"dorogimedence.hu","twitter_card":"summary_large_image","twitter_misc":{"Szerz\u0151:":"dorogimedence.hu","Becs\u00fclt olvas\u00e1si id\u0151":"3 perc"},"schema":{"@context":"https:\/\/schema.org","@graph":[{"@type":"Article","@id":"https:\/\/dorogimedence.hu\/index.php\/2019\/07\/18\/bokretaunnepseget-tartottak-dorogon\/#article","isPartOf":{"@id":"https:\/\/dorogimedence.hu\/index.php\/2019\/07\/18\/bokretaunnepseget-tartottak-dorogon\/"},"author":{"name":"dorogimedence.hu","@id":"https:\/\/dorogimedence.hu\/#\/schema\/person\/ce6091eeb7e95ecdc87890d6aa8e0fd4"},"headline":"Bokr\u00e9ta\u00fcnneps\u00e9get tartottak Dorogon","datePublished":"2019-07-18T14:24:23+00:00","dateModified":"2019-07-18T15:21:30+00:00","mainEntityOfPage":{"@id":"https:\/\/dorogimedence.hu\/index.php\/2019\/07\/18\/bokretaunnepseget-tartottak-dorogon\/"},"wordCount":540,"publisher":{"@id":"https:\/\/dorogimedence.hu\/#organization"},"image":{"@id":"https:\/\/dorogimedence.hu\/index.php\/2019\/07\/18\/bokretaunnepseget-tartottak-dorogon\/#primaryimage"},"thumbnailUrl":"https:\/\/dorogimedence.hu\/wp-content\/uploads\/2019\/07\/bokreta-03.jpg","keywords":["b\u00e1ny\u00e1szat","bokr\u00e9ta\u00fcnnep","bokr\u00e9ta\u00fcnneps\u00e9g","Dorog","Miniverzum","Reimann B\u00e1ny\u00e1szatt\u00f6rt\u00e9neti Miniverzum"],"articleSection":["Dorog","H\u00edrek"],"inLanguage":"hu"},{"@type":"WebPage","@id":"https:\/\/dorogimedence.hu\/index.php\/2019\/07\/18\/bokretaunnepseget-tartottak-dorogon\/","url":"https:\/\/dorogimedence.hu\/index.php\/2019\/07\/18\/bokretaunnepseget-tartottak-dorogon\/","name":"Bokr\u00e9ta\u00fcnneps\u00e9get tartottak Dorogon","isPartOf":{"@id":"https:\/\/dorogimedence.hu\/#website"},"primaryImageOfPage":{"@id":"https:\/\/dorogimedence.hu\/index.php\/2019\/07\/18\/bokretaunnepseget-tartottak-dorogon\/#primaryimage"},"image":{"@id":"https:\/\/dorogimedence.hu\/index.php\/2019\/07\/18\/bokretaunnepseget-tartottak-dorogon\/#primaryimage"},"thumbnailUrl":"https:\/\/dorogimedence.hu\/wp-content\/uploads\/2019\/07\/bokreta-03.jpg","datePublished":"2019-07-18T14:24:23+00:00","dateModified":"2019-07-18T15:21:30+00:00","breadcrumb":{"@id":"https:\/\/dorogimedence.hu\/index.php\/2019\/07\/18\/bokretaunnepseget-tartottak-dorogon\/#breadcrumb"},"inLanguage":"hu","potentialAction":[{"@type":"ReadAction","target":["https:\/\/dorogimedence.hu\/index.php\/2019\/07\/18\/bokretaunnepseget-tartottak-dorogon\/"]}]},{"@type":"ImageObject","inLanguage":"hu","@id":"https:\/\/dorogimedence.hu\/index.php\/2019\/07\/18\/bokretaunnepseget-tartottak-dorogon\/#primaryimage","url":"https:\/\/dorogimedence.hu\/wp-content\/uploads\/2019\/07\/bokreta-03.jpg","contentUrl":"https:\/\/dorogimedence.hu\/wp-content\/uploads\/2019\/07\/bokreta-03.jpg","width":670,"height":365},{"@type":"BreadcrumbList","@id":"https:\/\/dorogimedence.hu\/index.php\/2019\/07\/18\/bokretaunnepseget-tartottak-dorogon\/#breadcrumb","itemListElement":[{"@type":"ListItem","position":1,"name":"Kezd\u0151lap","item":"https:\/\/dorogimedence.hu\/"},{"@type":"ListItem","position":2,"name":"Bokr\u00e9ta\u00fcnneps\u00e9get tartottak Dorogon"}]},{"@type":"WebSite","@id":"https:\/\/dorogimedence.hu\/#website","url":"https:\/\/dorogimedence.hu\/","name":"Dorogi-medence Region\u00e1lis H\u00edrport\u00e1l","description":"Dorog, Keszt\u00f6lc, Le\u00e1nyv\u00e1r, Piliscs\u00e9v, Tokod, Tokodalt\u00e1r\u00f3, Csolnok, Esztergom-kertv\u00e1ros: h\u00edrek, programok","publisher":{"@id":"https:\/\/dorogimedence.hu\/#organization"},"potentialAction":[{"@type":"SearchAction","target":{"@type":"EntryPoint","urlTemplate":"https:\/\/dorogimedence.hu\/?s={search_term_string}"},"query-input":{"@type":"PropertyValueSpecification","valueRequired":true,"valueName":"search_term_string"}}],"inLanguage":"hu"},{"@type":"Organization","@id":"https:\/\/dorogimedence.hu\/#organization","name":"Dorogi-medence Region\u00e1lis H\u00edrport\u00e1l","url":"https:\/\/dorogimedence.hu\/","logo":{"@type":"ImageObject","inLanguage":"hu","@id":"https:\/\/dorogimedence.hu\/#\/schema\/logo\/image\/","url":"https:\/\/dorogimedence.hu\/wp-content\/uploads\/2021\/04\/logo-feher-600.png","contentUrl":"https:\/\/dorogimedence.hu\/wp-content\/uploads\/2021\/04\/logo-feher-600.png","width":600,"height":100,"caption":"Dorogi-medence Region\u00e1lis H\u00edrport\u00e1l"},"image":{"@id":"https:\/\/dorogimedence.hu\/#\/schema\/logo\/image\/"},"sameAs":["https:\/\/www.facebook.com\/dorogimedence\/"]},{"@type":"Person","@id":"https:\/\/dorogimedence.hu\/#\/schema\/person\/ce6091eeb7e95ecdc87890d6aa8e0fd4","name":"dorogimedence.hu","image":{"@type":"ImageObject","inLanguage":"hu","@id":"\/\/www.gravatar.com\/avatar\/d8d45f8901aadff40a4af72c0b826f1d?s=96&#038;r=g&#038;d=mm","url":"\/\/www.gravatar.com\/avatar\/d8d45f8901aadff40a4af72c0b826f1d?s=96&#038;r=g&#038;d=mm","contentUrl":"\/\/www.gravatar.com\/avatar\/d8d45f8901aadff40a4af72c0b826f1d?s=96&#038;r=g&#038;d=mm","caption":"dorogimedence.hu"}}]}},"_links":{"self":[{"href":"https:\/\/dorogimedence.hu\/index.php\/wp-json\/wp\/v2\/posts\/18196","targetHints":{"allow":["GET"]}}],"collection":[{"href":"https:\/\/dorogimedence.hu\/index.php\/wp-json\/wp\/v2\/posts"}],"about":[{"href":"https:\/\/dorogimedence.hu\/index.php\/wp-json\/wp\/v2\/types\/post"}],"author":[{"embeddable":true,"href":"https:\/\/dorogimedence.hu\/index.php\/wp-json\/wp\/v2\/users\/1"}],"replies":[{"embeddable":true,"href":"https:\/\/dorogimedence.hu\/index.php\/wp-json\/wp\/v2\/comments?post=18196"}],"version-history":[{"count":0,"href":"https:\/\/dorogimedence.hu\/index.php\/wp-json\/wp\/v2\/posts\/18196\/revisions"}],"wp:featuredmedia":[{"embeddable":true,"href":"https:\/\/dorogimedence.hu\/index.php\/wp-json\/wp\/v2\/media\/18197"}],"wp:attachment":[{"href":"https:\/\/dorogimedence.hu\/index.php\/wp-json\/wp\/v2\/media?parent=18196"}],"wp:term":[{"taxonomy":"category","embeddable":true,"href":"https:\/\/dorogimedence.hu\/index.php\/wp-json\/wp\/v2\/categories?post=18196"},{"taxonomy":"post_tag","embeddable":true,"href":"https:\/\/dorogimedence.hu\/index.php\/wp-json\/wp\/v2\/tags?post=18196"}],"curies":[{"name":"wp","href":"https:\/\/api.w.org\/{rel}","templated":true}]}}