{"id":17923,"date":"2019-07-08T18:08:35","date_gmt":"2019-07-08T16:08:35","guid":{"rendered":"http:\/\/dorogimedence.hu\/?p=17923"},"modified":"2019-07-08T18:08:50","modified_gmt":"2019-07-08T16:08:50","slug":"viharkarok-esztergomban","status":"publish","type":"post","link":"https:\/\/dorogimedence.hu\/index.php\/2019\/07\/08\/viharkarok-esztergomban\/","title":{"rendered":"Vihark\u00e1rok Esztergomban"},"content":{"rendered":"<p><strong>A t\u0171zolt\u00f3knak rengeteg dolguk akadt a h\u00e9tv\u00e9gi vihar miatt Esztergomban. A belv\u00e1rosi temet\u0151t is olyan s\u00falyos vihark\u00e1r \u00e9rte, hogy l\u00e1togat\u00e1si tilalmat rendeltek el.<\/strong><\/p>\n<p>&#8222;Az Esztergomi Kegyeleti Kft. t\u00e1j\u00e9koztatja a lakoss\u00e1got, hogy az esztergomi Belv\u00e1rosi temet\u0151ben l\u00e1togat\u00e1si tilalmat rendel el a temet\u0151 eg\u00e9sz ter\u00fclet\u00e9re a h\u00e9tv\u00e9gi vihark\u00e1rok miatt, ahol t\u00f6bb mint 10 \u00e9p fa d\u0151lt ki \u00e9s s\u00e9r\u00fclt meg. A temet\u0151 eg\u00e9sz ter\u00fclet\u00e9re a bel\u00e9p\u00e9s szigor\u00faan tilos \u00e9s \u00e9letvesz\u00e9lyes! A k\u00e1rok helyre\u00e1ll\u00edt\u00e1s\u00e1t megkezdt\u00fck \u00e9s a munk\u00e1latok el\u0151rel\u00e1that\u00f3lag 2019. 07. 11. (cs\u00fct\u00f6rt\u00f6k) estig tartanak. Ha a szakembereknek eddig az id\u0151pontig siker\u00fcl elh\u00e1r\u00edtani az \u00e9letvesz\u00e9lyt, akkor a temet\u0151t p\u00e9nteken reggel 07:00-kor \u00fajra nyitjuk. Meg\u00e9rt\u00e9s\u00fcket \u00e9s t\u00fcrelm\u00fcket el\u0151re is k\u00f6sz\u00f6nj\u00fck.&#8221; <em>&#8211; olvashat\u00f3 a temet\u0151fenntart\u00f3 nyilatkozat\u00e1ban.<\/em><\/p>\n<p><img fetchpriority=\"high\" decoding=\"async\" class=\"alignnone size-full wp-image-17926\" src=\"https:\/\/dorogimedence.hu\/wp-content\/uploads\/2019\/07\/viharkar-02.jpg\" alt=\"\" width=\"670\" height=\"503\" srcset=\"https:\/\/dorogimedence.hu\/wp-content\/uploads\/2019\/07\/viharkar-02.jpg 670w, https:\/\/dorogimedence.hu\/wp-content\/uploads\/2019\/07\/viharkar-02-300x225.jpg 300w\" sizes=\"(max-width: 670px) 100vw, 670px\" \/><\/p>\n<p>Esztergomban a Semmelweis utc\u00e1ban egy 2 szintes, t\u00e9gla \u00e9p\u00edt\u00e9s\u0171, lapos tet\u0151s h\u00e1z tet\u0151kib\u00fav\u00f3j\u00e1t az er\u0151s sz\u00e9l elmozd\u00edtotta, az es\u0151v\u00edz befolyt. Az esztergomi hivat\u00e1sos t\u0171zolt\u00f3k k\u00e9zier\u0151vel a kib\u00fav\u00f3t visszarakt\u00e1k, a v\u00edz befoly\u00e1s\u00e1t megsz\u00fcntett\u00e9k.<\/p>\n<p>A G\u0151zhaj\u00f3 utc\u00e1ban egy 15 m\u00e9ter magas fa az \u00fattestre d\u0151lt, forgalmi akad\u00e1lyt k\u00e9pezett. Az esztergomi hivat\u00e1sos t\u0171olt\u00f3k l\u00e1ncf\u0171r\u00e9sz \u00e9s k\u00e9zier\u0151 seg\u00edts\u00e9g\u00e9vel a f\u00e1t elt\u00e1vol\u00edtott\u00e1k, ezzel a forgalmi akad\u00e1lyt megsz\u00fcntett\u00e9k.<\/p>\n<p>A Gesztenye fasoron egy 15 m\u00e9teres fa vezet\u00e9kre d\u0151lt \u00e9s egy villanyoszlopot is kid\u00f6nt\u00f6tt. Az esztergomi hivat\u00e1sos t\u0171zolt\u00f3k h\u00e1rom motoros l\u00e1ncf\u0171r\u00e9sz seg\u00edts\u00e9g\u00e9vel sz\u00fcntett\u00e9k meg a vesz\u00e9lyeztet\u00e9st, a kid\u0151lt f\u00e1kat elt\u00e1vol\u00edtott\u00e1k<\/p>\n<p><img decoding=\"async\" class=\"alignnone size-full wp-image-17925\" src=\"https:\/\/dorogimedence.hu\/wp-content\/uploads\/2019\/07\/viharkar-01.jpg\" alt=\"\" width=\"670\" height=\"503\" srcset=\"https:\/\/dorogimedence.hu\/wp-content\/uploads\/2019\/07\/viharkar-01.jpg 670w, https:\/\/dorogimedence.hu\/wp-content\/uploads\/2019\/07\/viharkar-01-300x225.jpg 300w\" sizes=\"(max-width: 670px) 100vw, 670px\" \/><\/p>\n<p>A R\u00f3mai \u00faton egy 8 m\u00e9teres fa, a Babits Mih\u00e1ly utc\u00e1ban egy 4 m\u00e9teres fa d\u0151lt az \u00fatra. A Majer Istv\u00e1n \u00fatra t\u00f6bb fa\u00e1g d\u0151lt. Az Irinyi J\u00e1nos utc\u00e1ban szint\u00e9n egy 4 m\u00e9teres fa d\u0151lt az \u00fatra. A B\u00e1nomi lak\u00f3telepen egy 12 m\u00e9teres fa a j\u00e1rd\u00e1ra d\u0151lt. Az Erzs\u00e9bet parkban t\u00f6bb fa is a ker\u00e9kp\u00e1r \u00fatra d\u0151lt, ami a ker\u00e9kp\u00e1r forgalmat akad\u00e1lyozta. Az esztergomi \u00e9s nyerges\u00fajfalui hivat\u00e1sos t\u0171zolt\u00f3k motoros l\u00e1ncf\u0171r\u00e9sszel \u00e9s cs\u00e1klya haszn\u00e1lat\u00e1val avatkoztak be az esetekn\u00e9l, a forgalmi akad\u00e1lyt \u00e9s a vesz\u00e9lyeztet\u00e9st megsz\u00fcntett\u00e9k.<\/p>\n<p><em><strong>Steindl \u00c1bel vide\u00f3ja a vihark\u00e1rokr\u00f3l:<\/strong><\/em><\/p>\n<div class=\"video-container\"><iframe src=\"https:\/\/www.youtube.com\/embed\/lOm-L0XA8v8\" allowfullscreen=\"allowfullscreen\" width=\"560\" height=\"315\" frameborder=\"0\"><\/iframe><\/div>\n<p>&nbsp;<\/p>\n<p><em>Bor\u00edt\u00f3k\u00e9p: R\u00e9gi\u00f3 TV Esztergom. Tov\u00e1bbi fot\u00f3k: Esztergom Hivat\u00e1sos T\u0171zolt\u00f3-parancsnoks\u00e1g<\/em><\/p>\n","protected":false},"excerpt":{"rendered":"<p>A t\u0171zolt\u00f3knak rengeteg dolguk akadt a h\u00e9tv\u00e9gi vihar miatt Esztergomban. A belv\u00e1rosi temet\u0151t is olyan s\u00falyos vihark\u00e1r \u00e9rte, hogy l\u00e1togat\u00e1si tilalmat rendeltek el. &#8222;Az Esztergomi Kegyeleti Kft. t\u00e1j\u00e9koztatja a lakoss\u00e1got, hogy az esztergomi Belv\u00e1rosi temet\u0151ben l\u00e1togat\u00e1si tilalmat rendel el a temet\u0151 eg\u00e9sz ter\u00fclet\u00e9re a h\u00e9tv\u00e9gi vihark\u00e1rok miatt, ahol t\u00f6bb mint 10 \u00e9p fa d\u0151lt ki<\/p>\n","protected":false},"author":1,"featured_media":17924,"comment_status":"closed","ping_status":"closed","sticky":false,"template":"","format":"standard","meta":{"ngg_post_thumbnail":0,"footnotes":""},"categories":[38,3,39],"tags":[42,175,2197,2652,65,1317,1319],"class_list":{"0":"post-17923","1":"post","2":"type-post","3":"status-publish","4":"format-standard","5":"has-post-thumbnail","7":"category-esztergom","8":"category-hirek","9":"category-kek-hirek","10":"tag-esztergom","11":"tag-katasztrofavedelem","12":"tag-latogatasi-tilalom","13":"tag-temeto","14":"tag-tuzoltosag","15":"tag-vihar","16":"tag-viharkar"},"yoast_head":"<!-- This site is optimized with the Yoast SEO plugin v27.4 - https:\/\/yoast.com\/product\/yoast-seo-wordpress\/ -->\n<title>Vihark\u00e1rok Esztergomban<\/title>\n<meta name=\"robots\" content=\"index, follow, max-snippet:-1, max-image-preview:large, max-video-preview:-1\" \/>\n<link rel=\"canonical\" href=\"https:\/\/dorogimedence.hu\/index.php\/2019\/07\/08\/viharkarok-esztergomban\/\" class=\"yoast-seo-meta-tag\" \/>\n<meta property=\"og:locale\" content=\"hu_HU\" class=\"yoast-seo-meta-tag\" \/>\n<meta property=\"og:type\" content=\"article\" class=\"yoast-seo-meta-tag\" \/>\n<meta property=\"og:title\" content=\"Vihark\u00e1rok Esztergomban\" class=\"yoast-seo-meta-tag\" \/>\n<meta property=\"og:description\" content=\"A t\u0171zolt\u00f3knak rengeteg dolguk akadt a h\u00e9tv\u00e9gi vihar miatt Esztergomban. A belv\u00e1rosi temet\u0151t is olyan s\u00falyos vihark\u00e1r \u00e9rte, hogy l\u00e1togat\u00e1si tilalmat rendeltek el. &#8222;Az Esztergomi Kegyeleti Kft. t\u00e1j\u00e9koztatja a lakoss\u00e1got, hogy az esztergomi Belv\u00e1rosi temet\u0151ben l\u00e1togat\u00e1si tilalmat rendel el a temet\u0151 eg\u00e9sz ter\u00fclet\u00e9re a h\u00e9tv\u00e9gi vihark\u00e1rok miatt, ahol t\u00f6bb mint 10 \u00e9p fa d\u0151lt ki\" class=\"yoast-seo-meta-tag\" \/>\n<meta property=\"og:url\" content=\"https:\/\/dorogimedence.hu\/index.php\/2019\/07\/08\/viharkarok-esztergomban\/\" class=\"yoast-seo-meta-tag\" \/>\n<meta property=\"og:site_name\" content=\"Dorogi-medence Region\u00e1lis H\u00edrport\u00e1l\" class=\"yoast-seo-meta-tag\" \/>\n<meta property=\"article:publisher\" content=\"https:\/\/www.facebook.com\/dorogimedence\/\" class=\"yoast-seo-meta-tag\" \/>\n<meta property=\"article:published_time\" content=\"2019-07-08T16:08:35+00:00\" class=\"yoast-seo-meta-tag\" \/>\n<meta property=\"article:modified_time\" content=\"2019-07-08T16:08:50+00:00\" class=\"yoast-seo-meta-tag\" \/>\n<meta property=\"og:image\" content=\"https:\/\/i0.wp.com\/dorogimedence.hu\/wp-content\/uploads\/2019\/07\/temeto-egom.jpg?fit=670%2C365&ssl=1\" class=\"yoast-seo-meta-tag\" \/>\n\t<meta property=\"og:image:width\" content=\"670\" class=\"yoast-seo-meta-tag\" \/>\n\t<meta property=\"og:image:height\" content=\"365\" class=\"yoast-seo-meta-tag\" \/>\n\t<meta property=\"og:image:type\" content=\"image\/jpeg\" class=\"yoast-seo-meta-tag\" \/>\n<meta name=\"author\" content=\"dorogimedence.hu\" class=\"yoast-seo-meta-tag\" \/>\n<meta name=\"twitter:card\" content=\"summary_large_image\" class=\"yoast-seo-meta-tag\" \/>\n<meta name=\"twitter:label1\" content=\"Szerz\u0151:\" class=\"yoast-seo-meta-tag\" \/>\n\t<meta name=\"twitter:data1\" content=\"dorogimedence.hu\" class=\"yoast-seo-meta-tag\" \/>\n\t<meta name=\"twitter:label2\" content=\"Becs\u00fclt olvas\u00e1si id\u0151\" class=\"yoast-seo-meta-tag\" \/>\n\t<meta name=\"twitter:data2\" content=\"2 perc\" class=\"yoast-seo-meta-tag\" \/>\n<script type=\"application\/ld+json\" class=\"yoast-schema-graph\">{\"@context\":\"https:\\\/\\\/schema.org\",\"@graph\":[{\"@type\":\"Article\",\"@id\":\"https:\\\/\\\/dorogimedence.hu\\\/index.php\\\/2019\\\/07\\\/08\\\/viharkarok-esztergomban\\\/#article\",\"isPartOf\":{\"@id\":\"https:\\\/\\\/dorogimedence.hu\\\/index.php\\\/2019\\\/07\\\/08\\\/viharkarok-esztergomban\\\/\"},\"author\":{\"name\":\"dorogimedence.hu\",\"@id\":\"https:\\\/\\\/dorogimedence.hu\\\/#\\\/schema\\\/person\\\/ce6091eeb7e95ecdc87890d6aa8e0fd4\"},\"headline\":\"Vihark\u00e1rok Esztergomban\",\"datePublished\":\"2019-07-08T16:08:35+00:00\",\"dateModified\":\"2019-07-08T16:08:50+00:00\",\"mainEntityOfPage\":{\"@id\":\"https:\\\/\\\/dorogimedence.hu\\\/index.php\\\/2019\\\/07\\\/08\\\/viharkarok-esztergomban\\\/\"},\"wordCount\":492,\"publisher\":{\"@id\":\"https:\\\/\\\/dorogimedence.hu\\\/#organization\"},\"image\":{\"@id\":\"https:\\\/\\\/dorogimedence.hu\\\/index.php\\\/2019\\\/07\\\/08\\\/viharkarok-esztergomban\\\/#primaryimage\"},\"thumbnailUrl\":\"https:\\\/\\\/dorogimedence.hu\\\/wp-content\\\/uploads\\\/2019\\\/07\\\/temeto-egom.jpg\",\"keywords\":[\"esztergom\",\"katasztr\u00f3fav\u00e9delem\",\"l\u00e1togat\u00e1si tilalom\",\"temet\u0151\",\"t\u0171zolt\u00f3s\u00e1g\",\"vihar\",\"vihark\u00e1r\"],\"articleSection\":[\"Esztergom\",\"H\u00edrek\",\"K\u00e9k h\u00edrek\"],\"inLanguage\":\"hu\"},{\"@type\":\"WebPage\",\"@id\":\"https:\\\/\\\/dorogimedence.hu\\\/index.php\\\/2019\\\/07\\\/08\\\/viharkarok-esztergomban\\\/\",\"url\":\"https:\\\/\\\/dorogimedence.hu\\\/index.php\\\/2019\\\/07\\\/08\\\/viharkarok-esztergomban\\\/\",\"name\":\"Vihark\u00e1rok Esztergomban\",\"isPartOf\":{\"@id\":\"https:\\\/\\\/dorogimedence.hu\\\/#website\"},\"primaryImageOfPage\":{\"@id\":\"https:\\\/\\\/dorogimedence.hu\\\/index.php\\\/2019\\\/07\\\/08\\\/viharkarok-esztergomban\\\/#primaryimage\"},\"image\":{\"@id\":\"https:\\\/\\\/dorogimedence.hu\\\/index.php\\\/2019\\\/07\\\/08\\\/viharkarok-esztergomban\\\/#primaryimage\"},\"thumbnailUrl\":\"https:\\\/\\\/dorogimedence.hu\\\/wp-content\\\/uploads\\\/2019\\\/07\\\/temeto-egom.jpg\",\"datePublished\":\"2019-07-08T16:08:35+00:00\",\"dateModified\":\"2019-07-08T16:08:50+00:00\",\"breadcrumb\":{\"@id\":\"https:\\\/\\\/dorogimedence.hu\\\/index.php\\\/2019\\\/07\\\/08\\\/viharkarok-esztergomban\\\/#breadcrumb\"},\"inLanguage\":\"hu\",\"potentialAction\":[{\"@type\":\"ReadAction\",\"target\":[\"https:\\\/\\\/dorogimedence.hu\\\/index.php\\\/2019\\\/07\\\/08\\\/viharkarok-esztergomban\\\/\"]}]},{\"@type\":\"ImageObject\",\"inLanguage\":\"hu\",\"@id\":\"https:\\\/\\\/dorogimedence.hu\\\/index.php\\\/2019\\\/07\\\/08\\\/viharkarok-esztergomban\\\/#primaryimage\",\"url\":\"https:\\\/\\\/dorogimedence.hu\\\/wp-content\\\/uploads\\\/2019\\\/07\\\/temeto-egom.jpg\",\"contentUrl\":\"https:\\\/\\\/dorogimedence.hu\\\/wp-content\\\/uploads\\\/2019\\\/07\\\/temeto-egom.jpg\",\"width\":670,\"height\":365},{\"@type\":\"BreadcrumbList\",\"@id\":\"https:\\\/\\\/dorogimedence.hu\\\/index.php\\\/2019\\\/07\\\/08\\\/viharkarok-esztergomban\\\/#breadcrumb\",\"itemListElement\":[{\"@type\":\"ListItem\",\"position\":1,\"name\":\"Kezd\u0151lap\",\"item\":\"https:\\\/\\\/dorogimedence.hu\\\/\"},{\"@type\":\"ListItem\",\"position\":2,\"name\":\"Vihark\u00e1rok Esztergomban\"}]},{\"@type\":\"WebSite\",\"@id\":\"https:\\\/\\\/dorogimedence.hu\\\/#website\",\"url\":\"https:\\\/\\\/dorogimedence.hu\\\/\",\"name\":\"Dorogi-medence Region\u00e1lis H\u00edrport\u00e1l\",\"description\":\"Dorog, Keszt\u00f6lc, Le\u00e1nyv\u00e1r, Piliscs\u00e9v, Tokod, Tokodalt\u00e1r\u00f3, Csolnok, Esztergom-kertv\u00e1ros: h\u00edrek, programok\",\"publisher\":{\"@id\":\"https:\\\/\\\/dorogimedence.hu\\\/#organization\"},\"potentialAction\":[{\"@type\":\"SearchAction\",\"target\":{\"@type\":\"EntryPoint\",\"urlTemplate\":\"https:\\\/\\\/dorogimedence.hu\\\/?s={search_term_string}\"},\"query-input\":{\"@type\":\"PropertyValueSpecification\",\"valueRequired\":true,\"valueName\":\"search_term_string\"}}],\"inLanguage\":\"hu\"},{\"@type\":\"Organization\",\"@id\":\"https:\\\/\\\/dorogimedence.hu\\\/#organization\",\"name\":\"Dorogi-medence Region\u00e1lis H\u00edrport\u00e1l\",\"url\":\"https:\\\/\\\/dorogimedence.hu\\\/\",\"logo\":{\"@type\":\"ImageObject\",\"inLanguage\":\"hu\",\"@id\":\"https:\\\/\\\/dorogimedence.hu\\\/#\\\/schema\\\/logo\\\/image\\\/\",\"url\":\"https:\\\/\\\/dorogimedence.hu\\\/wp-content\\\/uploads\\\/2021\\\/04\\\/logo-feher-600.png\",\"contentUrl\":\"https:\\\/\\\/dorogimedence.hu\\\/wp-content\\\/uploads\\\/2021\\\/04\\\/logo-feher-600.png\",\"width\":600,\"height\":100,\"caption\":\"Dorogi-medence Region\u00e1lis H\u00edrport\u00e1l\"},\"image\":{\"@id\":\"https:\\\/\\\/dorogimedence.hu\\\/#\\\/schema\\\/logo\\\/image\\\/\"},\"sameAs\":[\"https:\\\/\\\/www.facebook.com\\\/dorogimedence\\\/\"]},{\"@type\":\"Person\",\"@id\":\"https:\\\/\\\/dorogimedence.hu\\\/#\\\/schema\\\/person\\\/ce6091eeb7e95ecdc87890d6aa8e0fd4\",\"name\":\"dorogimedence.hu\",\"image\":{\"@type\":\"ImageObject\",\"inLanguage\":\"hu\",\"@id\":\"\\\/\\\/www.gravatar.com\\\/avatar\\\/d8d45f8901aadff40a4af72c0b826f1d?s=96&#038;r=g&#038;d=mm\",\"url\":\"\\\/\\\/www.gravatar.com\\\/avatar\\\/d8d45f8901aadff40a4af72c0b826f1d?s=96&#038;r=g&#038;d=mm\",\"contentUrl\":\"\\\/\\\/www.gravatar.com\\\/avatar\\\/d8d45f8901aadff40a4af72c0b826f1d?s=96&#038;r=g&#038;d=mm\",\"caption\":\"dorogimedence.hu\"}}]}<\/script>\n<!-- \/ Yoast SEO plugin. -->","yoast_head_json":{"title":"Vihark\u00e1rok Esztergomban","robots":{"index":"index","follow":"follow","max-snippet":"max-snippet:-1","max-image-preview":"max-image-preview:large","max-video-preview":"max-video-preview:-1"},"canonical":"https:\/\/dorogimedence.hu\/index.php\/2019\/07\/08\/viharkarok-esztergomban\/","og_locale":"hu_HU","og_type":"article","og_title":"Vihark\u00e1rok Esztergomban","og_description":"A t\u0171zolt\u00f3knak rengeteg dolguk akadt a h\u00e9tv\u00e9gi vihar miatt Esztergomban. A belv\u00e1rosi temet\u0151t is olyan s\u00falyos vihark\u00e1r \u00e9rte, hogy l\u00e1togat\u00e1si tilalmat rendeltek el. &#8222;Az Esztergomi Kegyeleti Kft. t\u00e1j\u00e9koztatja a lakoss\u00e1got, hogy az esztergomi Belv\u00e1rosi temet\u0151ben l\u00e1togat\u00e1si tilalmat rendel el a temet\u0151 eg\u00e9sz ter\u00fclet\u00e9re a h\u00e9tv\u00e9gi vihark\u00e1rok miatt, ahol t\u00f6bb mint 10 \u00e9p fa d\u0151lt ki","og_url":"https:\/\/dorogimedence.hu\/index.php\/2019\/07\/08\/viharkarok-esztergomban\/","og_site_name":"Dorogi-medence Region\u00e1lis H\u00edrport\u00e1l","article_publisher":"https:\/\/www.facebook.com\/dorogimedence\/","article_published_time":"2019-07-08T16:08:35+00:00","article_modified_time":"2019-07-08T16:08:50+00:00","og_image":[{"width":670,"height":365,"url":"https:\/\/i0.wp.com\/dorogimedence.hu\/wp-content\/uploads\/2019\/07\/temeto-egom.jpg?fit=670%2C365&ssl=1","type":"image\/jpeg"}],"author":"dorogimedence.hu","twitter_card":"summary_large_image","twitter_misc":{"Szerz\u0151:":"dorogimedence.hu","Becs\u00fclt olvas\u00e1si id\u0151":"2 perc"},"schema":{"@context":"https:\/\/schema.org","@graph":[{"@type":"Article","@id":"https:\/\/dorogimedence.hu\/index.php\/2019\/07\/08\/viharkarok-esztergomban\/#article","isPartOf":{"@id":"https:\/\/dorogimedence.hu\/index.php\/2019\/07\/08\/viharkarok-esztergomban\/"},"author":{"name":"dorogimedence.hu","@id":"https:\/\/dorogimedence.hu\/#\/schema\/person\/ce6091eeb7e95ecdc87890d6aa8e0fd4"},"headline":"Vihark\u00e1rok Esztergomban","datePublished":"2019-07-08T16:08:35+00:00","dateModified":"2019-07-08T16:08:50+00:00","mainEntityOfPage":{"@id":"https:\/\/dorogimedence.hu\/index.php\/2019\/07\/08\/viharkarok-esztergomban\/"},"wordCount":492,"publisher":{"@id":"https:\/\/dorogimedence.hu\/#organization"},"image":{"@id":"https:\/\/dorogimedence.hu\/index.php\/2019\/07\/08\/viharkarok-esztergomban\/#primaryimage"},"thumbnailUrl":"https:\/\/dorogimedence.hu\/wp-content\/uploads\/2019\/07\/temeto-egom.jpg","keywords":["esztergom","katasztr\u00f3fav\u00e9delem","l\u00e1togat\u00e1si tilalom","temet\u0151","t\u0171zolt\u00f3s\u00e1g","vihar","vihark\u00e1r"],"articleSection":["Esztergom","H\u00edrek","K\u00e9k h\u00edrek"],"inLanguage":"hu"},{"@type":"WebPage","@id":"https:\/\/dorogimedence.hu\/index.php\/2019\/07\/08\/viharkarok-esztergomban\/","url":"https:\/\/dorogimedence.hu\/index.php\/2019\/07\/08\/viharkarok-esztergomban\/","name":"Vihark\u00e1rok Esztergomban","isPartOf":{"@id":"https:\/\/dorogimedence.hu\/#website"},"primaryImageOfPage":{"@id":"https:\/\/dorogimedence.hu\/index.php\/2019\/07\/08\/viharkarok-esztergomban\/#primaryimage"},"image":{"@id":"https:\/\/dorogimedence.hu\/index.php\/2019\/07\/08\/viharkarok-esztergomban\/#primaryimage"},"thumbnailUrl":"https:\/\/dorogimedence.hu\/wp-content\/uploads\/2019\/07\/temeto-egom.jpg","datePublished":"2019-07-08T16:08:35+00:00","dateModified":"2019-07-08T16:08:50+00:00","breadcrumb":{"@id":"https:\/\/dorogimedence.hu\/index.php\/2019\/07\/08\/viharkarok-esztergomban\/#breadcrumb"},"inLanguage":"hu","potentialAction":[{"@type":"ReadAction","target":["https:\/\/dorogimedence.hu\/index.php\/2019\/07\/08\/viharkarok-esztergomban\/"]}]},{"@type":"ImageObject","inLanguage":"hu","@id":"https:\/\/dorogimedence.hu\/index.php\/2019\/07\/08\/viharkarok-esztergomban\/#primaryimage","url":"https:\/\/dorogimedence.hu\/wp-content\/uploads\/2019\/07\/temeto-egom.jpg","contentUrl":"https:\/\/dorogimedence.hu\/wp-content\/uploads\/2019\/07\/temeto-egom.jpg","width":670,"height":365},{"@type":"BreadcrumbList","@id":"https:\/\/dorogimedence.hu\/index.php\/2019\/07\/08\/viharkarok-esztergomban\/#breadcrumb","itemListElement":[{"@type":"ListItem","position":1,"name":"Kezd\u0151lap","item":"https:\/\/dorogimedence.hu\/"},{"@type":"ListItem","position":2,"name":"Vihark\u00e1rok Esztergomban"}]},{"@type":"WebSite","@id":"https:\/\/dorogimedence.hu\/#website","url":"https:\/\/dorogimedence.hu\/","name":"Dorogi-medence Region\u00e1lis H\u00edrport\u00e1l","description":"Dorog, Keszt\u00f6lc, Le\u00e1nyv\u00e1r, Piliscs\u00e9v, Tokod, Tokodalt\u00e1r\u00f3, Csolnok, Esztergom-kertv\u00e1ros: h\u00edrek, programok","publisher":{"@id":"https:\/\/dorogimedence.hu\/#organization"},"potentialAction":[{"@type":"SearchAction","target":{"@type":"EntryPoint","urlTemplate":"https:\/\/dorogimedence.hu\/?s={search_term_string}"},"query-input":{"@type":"PropertyValueSpecification","valueRequired":true,"valueName":"search_term_string"}}],"inLanguage":"hu"},{"@type":"Organization","@id":"https:\/\/dorogimedence.hu\/#organization","name":"Dorogi-medence Region\u00e1lis H\u00edrport\u00e1l","url":"https:\/\/dorogimedence.hu\/","logo":{"@type":"ImageObject","inLanguage":"hu","@id":"https:\/\/dorogimedence.hu\/#\/schema\/logo\/image\/","url":"https:\/\/dorogimedence.hu\/wp-content\/uploads\/2021\/04\/logo-feher-600.png","contentUrl":"https:\/\/dorogimedence.hu\/wp-content\/uploads\/2021\/04\/logo-feher-600.png","width":600,"height":100,"caption":"Dorogi-medence Region\u00e1lis H\u00edrport\u00e1l"},"image":{"@id":"https:\/\/dorogimedence.hu\/#\/schema\/logo\/image\/"},"sameAs":["https:\/\/www.facebook.com\/dorogimedence\/"]},{"@type":"Person","@id":"https:\/\/dorogimedence.hu\/#\/schema\/person\/ce6091eeb7e95ecdc87890d6aa8e0fd4","name":"dorogimedence.hu","image":{"@type":"ImageObject","inLanguage":"hu","@id":"\/\/www.gravatar.com\/avatar\/d8d45f8901aadff40a4af72c0b826f1d?s=96&#038;r=g&#038;d=mm","url":"\/\/www.gravatar.com\/avatar\/d8d45f8901aadff40a4af72c0b826f1d?s=96&#038;r=g&#038;d=mm","contentUrl":"\/\/www.gravatar.com\/avatar\/d8d45f8901aadff40a4af72c0b826f1d?s=96&#038;r=g&#038;d=mm","caption":"dorogimedence.hu"}}]}},"_links":{"self":[{"href":"https:\/\/dorogimedence.hu\/index.php\/wp-json\/wp\/v2\/posts\/17923","targetHints":{"allow":["GET"]}}],"collection":[{"href":"https:\/\/dorogimedence.hu\/index.php\/wp-json\/wp\/v2\/posts"}],"about":[{"href":"https:\/\/dorogimedence.hu\/index.php\/wp-json\/wp\/v2\/types\/post"}],"author":[{"embeddable":true,"href":"https:\/\/dorogimedence.hu\/index.php\/wp-json\/wp\/v2\/users\/1"}],"replies":[{"embeddable":true,"href":"https:\/\/dorogimedence.hu\/index.php\/wp-json\/wp\/v2\/comments?post=17923"}],"version-history":[{"count":0,"href":"https:\/\/dorogimedence.hu\/index.php\/wp-json\/wp\/v2\/posts\/17923\/revisions"}],"wp:featuredmedia":[{"embeddable":true,"href":"https:\/\/dorogimedence.hu\/index.php\/wp-json\/wp\/v2\/media\/17924"}],"wp:attachment":[{"href":"https:\/\/dorogimedence.hu\/index.php\/wp-json\/wp\/v2\/media?parent=17923"}],"wp:term":[{"taxonomy":"category","embeddable":true,"href":"https:\/\/dorogimedence.hu\/index.php\/wp-json\/wp\/v2\/categories?post=17923"},{"taxonomy":"post_tag","embeddable":true,"href":"https:\/\/dorogimedence.hu\/index.php\/wp-json\/wp\/v2\/tags?post=17923"}],"curies":[{"name":"wp","href":"https:\/\/api.w.org\/{rel}","templated":true}]}}