{"id":17888,"date":"2019-07-05T17:03:55","date_gmt":"2019-07-05T15:03:55","guid":{"rendered":"http:\/\/dorogimedence.hu\/?p=17888"},"modified":"2019-07-05T17:07:05","modified_gmt":"2019-07-05T15:07:05","slug":"kenyermezoi-patak-zoldben","status":"publish","type":"post","link":"https:\/\/dorogimedence.hu\/index.php\/2019\/07\/05\/kenyermezoi-patak-zoldben\/","title":{"rendered":"Keny\u00e9rmez\u0151i-patak z\u00f6ldben"},"content":{"rendered":"<p><strong>T\u00f6bben panaszkodtak, hogy a Keny\u00e9rmez\u0151i-patakn\u00e1l t\u00f6bb m\u00e9teres n\u00f6v\u00e9nyzet burj\u00e1nzott el. Most v\u00e1laszt kaphatunk a probl\u00e9m\u00e1ra!<\/strong><\/p>\n<p>A dorogi \u00f6nkorm\u00e1nyzatot is megkerest\u00fck az \u00fcggyel kapcsolatban, \u0151k elmondt\u00e1k, hogy t\u00f6bb \u00edzben sz\u00f3ltak m\u00e1r a fenntart\u00f3nak, az \u00c9szak-dun\u00e1nt\u00fali V\u00edz\u00fcgyi Igazgat\u00f3s\u00e1gnak (\u00c9DUVIZIG). Megkerest\u00fck az \u0151ket is, akik elmondt\u00e1k, hogy tudnak a probl\u00e9m\u00e1r\u00f3l \u00e9s ki is fejtett\u00e9k, mi az oka ennek.<\/p>\n<p><img fetchpriority=\"high\" decoding=\"async\" class=\"alignnone size-full wp-image-17890\" src=\"https:\/\/dorogimedence.hu\/wp-content\/uploads\/2019\/07\/patak-03.jpg\" alt=\"\" width=\"670\" height=\"365\" srcset=\"https:\/\/dorogimedence.hu\/wp-content\/uploads\/2019\/07\/patak-03.jpg 670w, https:\/\/dorogimedence.hu\/wp-content\/uploads\/2019\/07\/patak-03-300x163.jpg 300w\" sizes=\"(max-width: 670px) 100vw, 670px\" \/><\/p>\n<p><em><strong>Megkeres\u00e9s\u00fcnkre a k\u00f6vetkez\u0151 v\u00e1laszt adt\u00e1k:<\/strong><\/em><\/p>\n<p><em>&#8222;Tudunk az \u00d6n \u00e1ltal eml\u00edtett probl\u00e9m\u00e1kr\u00f3l, melyek megold\u00e1s\u00e1val term\u00e9szetesen folyamatosan foglalkozunk. A belter\u00fcleti mederszakaszok fenntart\u00e1s\u00e1nak saj\u00e1toss\u00e1ga, hogy komoly k\u00e9tkezi munk\u00e1t ig\u00e9nyel. Ezeken a ter\u00fcleteken ugyanis a k\u00fclter\u00fcleti meder illetve t\u00f6lt\u00e9sszakaszokon haszn\u00e1lt fenntart\u00f3g\u00e9peink nem tudnak munk\u00e1t v\u00e9gezni. Ennek oka r\u00e9szben a patakmeder szerencs\u00e9tlen kialak\u00edt\u00e1sa (nagyon meredek r\u00e9zs\u0171k), r\u00e9szben pedig a fenntart\u00f3 s\u00e1v hi\u00e1nya.A 83\/2014. Korm\u00e1ny rendelet (a nagyv\u00edzi meder, parti s\u00e1v, fakad\u00f3vizek \u00e1ltal vesz\u00e9lyeztetett ter\u00fcletek haszn\u00e1lat\u00e1r\u00f3l, hasznos\u00edt\u00e1s\u00e1r\u00f3l,\u2026) a fenntart\u00f3 sz\u00e1m\u00e1ra biztos\u00edt mindk\u00e9t parton 3-6 m sz\u00e9les \u00fan. fenntart\u00f3 s\u00e1vot, melyet szabadon kell hagyni. Sok helyen azonban ez nincs meg, pl. a ker\u00edt\u00e9sek a patakig ki vannak engedve, illeg\u00e1lis hidak keresztezik a patakot, sok az illeg\u00e1lis csapad\u00e9kv\u00edz bek\u00f6t\u00e9s valamint a f\u00e1k, amik ugyan a v\u00e1ros \u00e9lhet\u0151s\u00e9g\u00e9t jav\u00edtj\u00e1k de a g\u00e9pi munkav\u00e9gz\u00e9st nagyban megnehez\u00edtik. A munkat\u00e1rsaink a fent eml\u00edtett szakaszon folyamatosan dolgoznak. A helyzetet nehez\u00edti egy \u00f6z\u00f6nfaj az \u00fan. <strong>jap\u00e1n keser\u0171f\u0171<\/strong> megjelen\u00e9se mely igen agressz\u00edven terjed \u00e9s n\u00f6veked\u00e9si \u00fcteme a n\u00e1d\u00e9nak sokszorosa. Sajnos a lakosok sem k\u00f6nny\u00edtik meg a fenntart\u00e1si munk\u00e1k elv\u00e9gz\u00e9s\u00e9t sokan a kerti z\u00f6ldhullad\u00e9kot a patakmederbe, patakpartra helyezik, ez a munkav\u00e9gz\u00e9st nehez\u00edti, elsz\u00e1ll\u00edt\u00e1sa mind a k\u00f6lts\u00e9gvet\u00e9s\u00fcnket mind pedig a kapacit\u00e1sunkat meghaladja. Sokszor ezeket a kupacokat t\u00e9vesen a v\u00edz\u00fcgy hullad\u00e9kak\u00e9nt azonos\u00edtj\u00e1k, holott az \u00e1ltalunk h\u00e1trahagyott kasz\u00e1l\u00e9kot annak \u00f6sszees\u00e9se ut\u00e1n z\u00f6ldhullad\u00e9k lerak\u00f3ba sz\u00e1ll\u00edtjuk. A helyzet jav\u00edt\u00e1sa \u00e9rdek\u00e9ben a Katasztr\u00f3fav\u00e9delmi hat\u00f3s\u00e1g k\u00e9pvisel\u0151j\u00e9vel a k\u00f6zelm\u00faltban k\u00f6z\u00f6s bej\u00e1r\u00e1son vett\u00fcnk r\u00e9szt. Az illeg\u00e1lisan lerakott kommun\u00e1lis hullad\u00e9k is probl\u00e9m\u00e1t jelent, sajnos nagy mennyis\u00e9g\u0171 hullad\u00e9kot helyeznek a patakmederbe, ebb\u0151l a szempontb\u00f3l a legfert\u0151z\u00f6ttebb hely a hidak k\u00f6rny\u00e9ke. \u00dcdv\u00f6z\u00f6lt\u00fck a Benedek Endre Barlangkutat\u00f3 \u00e9s Term\u00e9szetv\u00e9delmi Egyes\u00fclet szem\u00e9tszed\u00e9si akci\u00f3j\u00e1t melyen mi is r\u00e9szt vett\u00fcnk, munka- \u00e9s v\u00e9d\u0151-eszk\u00f6z\u00f6kkel seg\u00edtett\u00fck a megmozdul\u00e1st, tov\u00e1bb\u00e1 a k\u00f6vetkez\u0151 ilyen akci\u00f3 lebonyol\u00edt\u00e1s\u00e1t m\u00e1r k\u00f6z\u00f6s szervez\u00e9sben tervezz\u00fck.&#8221;<\/em><\/p>\n<p><em>\u00c9szak-dun\u00e1nt\u00fali V\u00edz\u00fcgyi Igazgat\u00f3s\u00e1g<\/em><\/p>\n<p><img decoding=\"async\" class=\"alignnone size-full wp-image-17891\" src=\"https:\/\/dorogimedence.hu\/wp-content\/uploads\/2019\/07\/patak-04.jpg\" alt=\"\" width=\"670\" height=\"365\" srcset=\"https:\/\/dorogimedence.hu\/wp-content\/uploads\/2019\/07\/patak-04.jpg 670w, https:\/\/dorogimedence.hu\/wp-content\/uploads\/2019\/07\/patak-04-300x163.jpg 300w\" sizes=\"(max-width: 670px) 100vw, 670px\" \/><\/p>\n","protected":false},"excerpt":{"rendered":"<p>T\u00f6bben panaszkodtak, hogy a Keny\u00e9rmez\u0151i-patakn\u00e1l t\u00f6bb m\u00e9teres n\u00f6v\u00e9nyzet burj\u00e1nzott el. Most v\u00e1laszt kaphatunk a probl\u00e9m\u00e1ra! A dorogi \u00f6nkorm\u00e1nyzatot is megkerest\u00fck az \u00fcggyel kapcsolatban, \u0151k elmondt\u00e1k, hogy t\u00f6bb \u00edzben sz\u00f3ltak m\u00e1r a fenntart\u00f3nak, az \u00c9szak-dun\u00e1nt\u00fali V\u00edz\u00fcgyi Igazgat\u00f3s\u00e1gnak (\u00c9DUVIZIG). Megkerest\u00fck az \u0151ket is, akik elmondt\u00e1k, hogy tudnak a probl\u00e9m\u00e1r\u00f3l \u00e9s ki is fejtett\u00e9k, mi az oka ennek.<\/p>\n","protected":false},"author":1,"featured_media":17889,"comment_status":"closed","ping_status":"closed","sticky":false,"template":"","format":"standard","meta":{"ngg_post_thumbnail":0,"footnotes":""},"categories":[2,7,3],"tags":[15,169,534],"class_list":{"0":"post-17888","1":"post","2":"type-post","3":"status-publish","4":"format-standard","5":"has-post-thumbnail","7":"category-dorog","8":"category-esztergom_kertvaros","9":"category-hirek","10":"tag-dorog","11":"tag-esztergom-kertvaros","12":"tag-kenyermezoi-patak"},"yoast_head":"<!-- This site is optimized with the Yoast SEO plugin v27.4 - https:\/\/yoast.com\/product\/yoast-seo-wordpress\/ -->\n<title>Keny\u00e9rmez\u0151i-patak z\u00f6ldben<\/title>\n<meta name=\"robots\" content=\"index, follow, max-snippet:-1, max-image-preview:large, max-video-preview:-1\" \/>\n<link rel=\"canonical\" href=\"https:\/\/dorogimedence.hu\/index.php\/2019\/07\/05\/kenyermezoi-patak-zoldben\/\" class=\"yoast-seo-meta-tag\" \/>\n<meta property=\"og:locale\" content=\"hu_HU\" class=\"yoast-seo-meta-tag\" \/>\n<meta property=\"og:type\" content=\"article\" class=\"yoast-seo-meta-tag\" \/>\n<meta property=\"og:title\" content=\"Keny\u00e9rmez\u0151i-patak z\u00f6ldben\" class=\"yoast-seo-meta-tag\" \/>\n<meta property=\"og:description\" content=\"T\u00f6bben panaszkodtak, hogy a Keny\u00e9rmez\u0151i-patakn\u00e1l t\u00f6bb m\u00e9teres n\u00f6v\u00e9nyzet burj\u00e1nzott el. Most v\u00e1laszt kaphatunk a probl\u00e9m\u00e1ra! A dorogi \u00f6nkorm\u00e1nyzatot is megkerest\u00fck az \u00fcggyel kapcsolatban, \u0151k elmondt\u00e1k, hogy t\u00f6bb \u00edzben sz\u00f3ltak m\u00e1r a fenntart\u00f3nak, az \u00c9szak-dun\u00e1nt\u00fali V\u00edz\u00fcgyi Igazgat\u00f3s\u00e1gnak (\u00c9DUVIZIG). Megkerest\u00fck az \u0151ket is, akik elmondt\u00e1k, hogy tudnak a probl\u00e9m\u00e1r\u00f3l \u00e9s ki is fejtett\u00e9k, mi az oka ennek.\" class=\"yoast-seo-meta-tag\" \/>\n<meta property=\"og:url\" content=\"https:\/\/dorogimedence.hu\/index.php\/2019\/07\/05\/kenyermezoi-patak-zoldben\/\" class=\"yoast-seo-meta-tag\" \/>\n<meta property=\"og:site_name\" content=\"Dorogi-medence Region\u00e1lis H\u00edrport\u00e1l\" class=\"yoast-seo-meta-tag\" \/>\n<meta property=\"article:publisher\" content=\"https:\/\/www.facebook.com\/dorogimedence\/\" class=\"yoast-seo-meta-tag\" \/>\n<meta property=\"article:published_time\" content=\"2019-07-05T15:03:55+00:00\" class=\"yoast-seo-meta-tag\" \/>\n<meta property=\"article:modified_time\" content=\"2019-07-05T15:07:05+00:00\" class=\"yoast-seo-meta-tag\" \/>\n<meta property=\"og:image\" content=\"https:\/\/i0.wp.com\/dorogimedence.hu\/wp-content\/uploads\/2019\/07\/patak-01.jpg?fit=670%2C365&ssl=1\" class=\"yoast-seo-meta-tag\" \/>\n\t<meta property=\"og:image:width\" content=\"670\" class=\"yoast-seo-meta-tag\" \/>\n\t<meta property=\"og:image:height\" content=\"365\" class=\"yoast-seo-meta-tag\" \/>\n\t<meta property=\"og:image:type\" content=\"image\/jpeg\" class=\"yoast-seo-meta-tag\" \/>\n<meta name=\"author\" content=\"dorogimedence.hu\" class=\"yoast-seo-meta-tag\" \/>\n<meta name=\"twitter:card\" content=\"summary_large_image\" class=\"yoast-seo-meta-tag\" \/>\n<meta name=\"twitter:label1\" content=\"Szerz\u0151:\" class=\"yoast-seo-meta-tag\" \/>\n\t<meta name=\"twitter:data1\" content=\"dorogimedence.hu\" class=\"yoast-seo-meta-tag\" \/>\n\t<meta name=\"twitter:label2\" content=\"Becs\u00fclt olvas\u00e1si id\u0151\" class=\"yoast-seo-meta-tag\" \/>\n\t<meta name=\"twitter:data2\" content=\"3 perc\" class=\"yoast-seo-meta-tag\" \/>\n<script type=\"application\/ld+json\" class=\"yoast-schema-graph\">{\"@context\":\"https:\\\/\\\/schema.org\",\"@graph\":[{\"@type\":\"Article\",\"@id\":\"https:\\\/\\\/dorogimedence.hu\\\/index.php\\\/2019\\\/07\\\/05\\\/kenyermezoi-patak-zoldben\\\/#article\",\"isPartOf\":{\"@id\":\"https:\\\/\\\/dorogimedence.hu\\\/index.php\\\/2019\\\/07\\\/05\\\/kenyermezoi-patak-zoldben\\\/\"},\"author\":{\"name\":\"dorogimedence.hu\",\"@id\":\"https:\\\/\\\/dorogimedence.hu\\\/#\\\/schema\\\/person\\\/ce6091eeb7e95ecdc87890d6aa8e0fd4\"},\"headline\":\"Keny\u00e9rmez\u0151i-patak z\u00f6ldben\",\"datePublished\":\"2019-07-05T15:03:55+00:00\",\"dateModified\":\"2019-07-05T15:07:05+00:00\",\"mainEntityOfPage\":{\"@id\":\"https:\\\/\\\/dorogimedence.hu\\\/index.php\\\/2019\\\/07\\\/05\\\/kenyermezoi-patak-zoldben\\\/\"},\"wordCount\":560,\"publisher\":{\"@id\":\"https:\\\/\\\/dorogimedence.hu\\\/#organization\"},\"image\":{\"@id\":\"https:\\\/\\\/dorogimedence.hu\\\/index.php\\\/2019\\\/07\\\/05\\\/kenyermezoi-patak-zoldben\\\/#primaryimage\"},\"thumbnailUrl\":\"https:\\\/\\\/dorogimedence.hu\\\/wp-content\\\/uploads\\\/2019\\\/07\\\/patak-01.jpg\",\"keywords\":[\"Dorog\",\"Esztergom-kertv\u00e1ros\",\"Keny\u00e9rmez\u0151i-patak\"],\"articleSection\":[\"Dorog\",\"Esztergom-kertv\u00e1ros\",\"H\u00edrek\"],\"inLanguage\":\"hu\"},{\"@type\":\"WebPage\",\"@id\":\"https:\\\/\\\/dorogimedence.hu\\\/index.php\\\/2019\\\/07\\\/05\\\/kenyermezoi-patak-zoldben\\\/\",\"url\":\"https:\\\/\\\/dorogimedence.hu\\\/index.php\\\/2019\\\/07\\\/05\\\/kenyermezoi-patak-zoldben\\\/\",\"name\":\"Keny\u00e9rmez\u0151i-patak z\u00f6ldben\",\"isPartOf\":{\"@id\":\"https:\\\/\\\/dorogimedence.hu\\\/#website\"},\"primaryImageOfPage\":{\"@id\":\"https:\\\/\\\/dorogimedence.hu\\\/index.php\\\/2019\\\/07\\\/05\\\/kenyermezoi-patak-zoldben\\\/#primaryimage\"},\"image\":{\"@id\":\"https:\\\/\\\/dorogimedence.hu\\\/index.php\\\/2019\\\/07\\\/05\\\/kenyermezoi-patak-zoldben\\\/#primaryimage\"},\"thumbnailUrl\":\"https:\\\/\\\/dorogimedence.hu\\\/wp-content\\\/uploads\\\/2019\\\/07\\\/patak-01.jpg\",\"datePublished\":\"2019-07-05T15:03:55+00:00\",\"dateModified\":\"2019-07-05T15:07:05+00:00\",\"breadcrumb\":{\"@id\":\"https:\\\/\\\/dorogimedence.hu\\\/index.php\\\/2019\\\/07\\\/05\\\/kenyermezoi-patak-zoldben\\\/#breadcrumb\"},\"inLanguage\":\"hu\",\"potentialAction\":[{\"@type\":\"ReadAction\",\"target\":[\"https:\\\/\\\/dorogimedence.hu\\\/index.php\\\/2019\\\/07\\\/05\\\/kenyermezoi-patak-zoldben\\\/\"]}]},{\"@type\":\"ImageObject\",\"inLanguage\":\"hu\",\"@id\":\"https:\\\/\\\/dorogimedence.hu\\\/index.php\\\/2019\\\/07\\\/05\\\/kenyermezoi-patak-zoldben\\\/#primaryimage\",\"url\":\"https:\\\/\\\/dorogimedence.hu\\\/wp-content\\\/uploads\\\/2019\\\/07\\\/patak-01.jpg\",\"contentUrl\":\"https:\\\/\\\/dorogimedence.hu\\\/wp-content\\\/uploads\\\/2019\\\/07\\\/patak-01.jpg\",\"width\":670,\"height\":365},{\"@type\":\"BreadcrumbList\",\"@id\":\"https:\\\/\\\/dorogimedence.hu\\\/index.php\\\/2019\\\/07\\\/05\\\/kenyermezoi-patak-zoldben\\\/#breadcrumb\",\"itemListElement\":[{\"@type\":\"ListItem\",\"position\":1,\"name\":\"Kezd\u0151lap\",\"item\":\"https:\\\/\\\/dorogimedence.hu\\\/\"},{\"@type\":\"ListItem\",\"position\":2,\"name\":\"Keny\u00e9rmez\u0151i-patak z\u00f6ldben\"}]},{\"@type\":\"WebSite\",\"@id\":\"https:\\\/\\\/dorogimedence.hu\\\/#website\",\"url\":\"https:\\\/\\\/dorogimedence.hu\\\/\",\"name\":\"Dorogi-medence Region\u00e1lis H\u00edrport\u00e1l\",\"description\":\"Dorog, Keszt\u00f6lc, Le\u00e1nyv\u00e1r, Piliscs\u00e9v, Tokod, Tokodalt\u00e1r\u00f3, Csolnok, Esztergom-kertv\u00e1ros: h\u00edrek, programok\",\"publisher\":{\"@id\":\"https:\\\/\\\/dorogimedence.hu\\\/#organization\"},\"potentialAction\":[{\"@type\":\"SearchAction\",\"target\":{\"@type\":\"EntryPoint\",\"urlTemplate\":\"https:\\\/\\\/dorogimedence.hu\\\/?s={search_term_string}\"},\"query-input\":{\"@type\":\"PropertyValueSpecification\",\"valueRequired\":true,\"valueName\":\"search_term_string\"}}],\"inLanguage\":\"hu\"},{\"@type\":\"Organization\",\"@id\":\"https:\\\/\\\/dorogimedence.hu\\\/#organization\",\"name\":\"Dorogi-medence Region\u00e1lis H\u00edrport\u00e1l\",\"url\":\"https:\\\/\\\/dorogimedence.hu\\\/\",\"logo\":{\"@type\":\"ImageObject\",\"inLanguage\":\"hu\",\"@id\":\"https:\\\/\\\/dorogimedence.hu\\\/#\\\/schema\\\/logo\\\/image\\\/\",\"url\":\"https:\\\/\\\/dorogimedence.hu\\\/wp-content\\\/uploads\\\/2021\\\/04\\\/logo-feher-600.png\",\"contentUrl\":\"https:\\\/\\\/dorogimedence.hu\\\/wp-content\\\/uploads\\\/2021\\\/04\\\/logo-feher-600.png\",\"width\":600,\"height\":100,\"caption\":\"Dorogi-medence Region\u00e1lis H\u00edrport\u00e1l\"},\"image\":{\"@id\":\"https:\\\/\\\/dorogimedence.hu\\\/#\\\/schema\\\/logo\\\/image\\\/\"},\"sameAs\":[\"https:\\\/\\\/www.facebook.com\\\/dorogimedence\\\/\"]},{\"@type\":\"Person\",\"@id\":\"https:\\\/\\\/dorogimedence.hu\\\/#\\\/schema\\\/person\\\/ce6091eeb7e95ecdc87890d6aa8e0fd4\",\"name\":\"dorogimedence.hu\",\"image\":{\"@type\":\"ImageObject\",\"inLanguage\":\"hu\",\"@id\":\"\\\/\\\/www.gravatar.com\\\/avatar\\\/d8d45f8901aadff40a4af72c0b826f1d?s=96&#038;r=g&#038;d=mm\",\"url\":\"\\\/\\\/www.gravatar.com\\\/avatar\\\/d8d45f8901aadff40a4af72c0b826f1d?s=96&#038;r=g&#038;d=mm\",\"contentUrl\":\"\\\/\\\/www.gravatar.com\\\/avatar\\\/d8d45f8901aadff40a4af72c0b826f1d?s=96&#038;r=g&#038;d=mm\",\"caption\":\"dorogimedence.hu\"}}]}<\/script>\n<!-- \/ Yoast SEO plugin. -->","yoast_head_json":{"title":"Keny\u00e9rmez\u0151i-patak z\u00f6ldben","robots":{"index":"index","follow":"follow","max-snippet":"max-snippet:-1","max-image-preview":"max-image-preview:large","max-video-preview":"max-video-preview:-1"},"canonical":"https:\/\/dorogimedence.hu\/index.php\/2019\/07\/05\/kenyermezoi-patak-zoldben\/","og_locale":"hu_HU","og_type":"article","og_title":"Keny\u00e9rmez\u0151i-patak z\u00f6ldben","og_description":"T\u00f6bben panaszkodtak, hogy a Keny\u00e9rmez\u0151i-patakn\u00e1l t\u00f6bb m\u00e9teres n\u00f6v\u00e9nyzet burj\u00e1nzott el. Most v\u00e1laszt kaphatunk a probl\u00e9m\u00e1ra! A dorogi \u00f6nkorm\u00e1nyzatot is megkerest\u00fck az \u00fcggyel kapcsolatban, \u0151k elmondt\u00e1k, hogy t\u00f6bb \u00edzben sz\u00f3ltak m\u00e1r a fenntart\u00f3nak, az \u00c9szak-dun\u00e1nt\u00fali V\u00edz\u00fcgyi Igazgat\u00f3s\u00e1gnak (\u00c9DUVIZIG). Megkerest\u00fck az \u0151ket is, akik elmondt\u00e1k, hogy tudnak a probl\u00e9m\u00e1r\u00f3l \u00e9s ki is fejtett\u00e9k, mi az oka ennek.","og_url":"https:\/\/dorogimedence.hu\/index.php\/2019\/07\/05\/kenyermezoi-patak-zoldben\/","og_site_name":"Dorogi-medence Region\u00e1lis H\u00edrport\u00e1l","article_publisher":"https:\/\/www.facebook.com\/dorogimedence\/","article_published_time":"2019-07-05T15:03:55+00:00","article_modified_time":"2019-07-05T15:07:05+00:00","og_image":[{"width":670,"height":365,"url":"https:\/\/i0.wp.com\/dorogimedence.hu\/wp-content\/uploads\/2019\/07\/patak-01.jpg?fit=670%2C365&ssl=1","type":"image\/jpeg"}],"author":"dorogimedence.hu","twitter_card":"summary_large_image","twitter_misc":{"Szerz\u0151:":"dorogimedence.hu","Becs\u00fclt olvas\u00e1si id\u0151":"3 perc"},"schema":{"@context":"https:\/\/schema.org","@graph":[{"@type":"Article","@id":"https:\/\/dorogimedence.hu\/index.php\/2019\/07\/05\/kenyermezoi-patak-zoldben\/#article","isPartOf":{"@id":"https:\/\/dorogimedence.hu\/index.php\/2019\/07\/05\/kenyermezoi-patak-zoldben\/"},"author":{"name":"dorogimedence.hu","@id":"https:\/\/dorogimedence.hu\/#\/schema\/person\/ce6091eeb7e95ecdc87890d6aa8e0fd4"},"headline":"Keny\u00e9rmez\u0151i-patak z\u00f6ldben","datePublished":"2019-07-05T15:03:55+00:00","dateModified":"2019-07-05T15:07:05+00:00","mainEntityOfPage":{"@id":"https:\/\/dorogimedence.hu\/index.php\/2019\/07\/05\/kenyermezoi-patak-zoldben\/"},"wordCount":560,"publisher":{"@id":"https:\/\/dorogimedence.hu\/#organization"},"image":{"@id":"https:\/\/dorogimedence.hu\/index.php\/2019\/07\/05\/kenyermezoi-patak-zoldben\/#primaryimage"},"thumbnailUrl":"https:\/\/dorogimedence.hu\/wp-content\/uploads\/2019\/07\/patak-01.jpg","keywords":["Dorog","Esztergom-kertv\u00e1ros","Keny\u00e9rmez\u0151i-patak"],"articleSection":["Dorog","Esztergom-kertv\u00e1ros","H\u00edrek"],"inLanguage":"hu"},{"@type":"WebPage","@id":"https:\/\/dorogimedence.hu\/index.php\/2019\/07\/05\/kenyermezoi-patak-zoldben\/","url":"https:\/\/dorogimedence.hu\/index.php\/2019\/07\/05\/kenyermezoi-patak-zoldben\/","name":"Keny\u00e9rmez\u0151i-patak z\u00f6ldben","isPartOf":{"@id":"https:\/\/dorogimedence.hu\/#website"},"primaryImageOfPage":{"@id":"https:\/\/dorogimedence.hu\/index.php\/2019\/07\/05\/kenyermezoi-patak-zoldben\/#primaryimage"},"image":{"@id":"https:\/\/dorogimedence.hu\/index.php\/2019\/07\/05\/kenyermezoi-patak-zoldben\/#primaryimage"},"thumbnailUrl":"https:\/\/dorogimedence.hu\/wp-content\/uploads\/2019\/07\/patak-01.jpg","datePublished":"2019-07-05T15:03:55+00:00","dateModified":"2019-07-05T15:07:05+00:00","breadcrumb":{"@id":"https:\/\/dorogimedence.hu\/index.php\/2019\/07\/05\/kenyermezoi-patak-zoldben\/#breadcrumb"},"inLanguage":"hu","potentialAction":[{"@type":"ReadAction","target":["https:\/\/dorogimedence.hu\/index.php\/2019\/07\/05\/kenyermezoi-patak-zoldben\/"]}]},{"@type":"ImageObject","inLanguage":"hu","@id":"https:\/\/dorogimedence.hu\/index.php\/2019\/07\/05\/kenyermezoi-patak-zoldben\/#primaryimage","url":"https:\/\/dorogimedence.hu\/wp-content\/uploads\/2019\/07\/patak-01.jpg","contentUrl":"https:\/\/dorogimedence.hu\/wp-content\/uploads\/2019\/07\/patak-01.jpg","width":670,"height":365},{"@type":"BreadcrumbList","@id":"https:\/\/dorogimedence.hu\/index.php\/2019\/07\/05\/kenyermezoi-patak-zoldben\/#breadcrumb","itemListElement":[{"@type":"ListItem","position":1,"name":"Kezd\u0151lap","item":"https:\/\/dorogimedence.hu\/"},{"@type":"ListItem","position":2,"name":"Keny\u00e9rmez\u0151i-patak z\u00f6ldben"}]},{"@type":"WebSite","@id":"https:\/\/dorogimedence.hu\/#website","url":"https:\/\/dorogimedence.hu\/","name":"Dorogi-medence Region\u00e1lis H\u00edrport\u00e1l","description":"Dorog, Keszt\u00f6lc, Le\u00e1nyv\u00e1r, Piliscs\u00e9v, Tokod, Tokodalt\u00e1r\u00f3, Csolnok, Esztergom-kertv\u00e1ros: h\u00edrek, programok","publisher":{"@id":"https:\/\/dorogimedence.hu\/#organization"},"potentialAction":[{"@type":"SearchAction","target":{"@type":"EntryPoint","urlTemplate":"https:\/\/dorogimedence.hu\/?s={search_term_string}"},"query-input":{"@type":"PropertyValueSpecification","valueRequired":true,"valueName":"search_term_string"}}],"inLanguage":"hu"},{"@type":"Organization","@id":"https:\/\/dorogimedence.hu\/#organization","name":"Dorogi-medence Region\u00e1lis H\u00edrport\u00e1l","url":"https:\/\/dorogimedence.hu\/","logo":{"@type":"ImageObject","inLanguage":"hu","@id":"https:\/\/dorogimedence.hu\/#\/schema\/logo\/image\/","url":"https:\/\/dorogimedence.hu\/wp-content\/uploads\/2021\/04\/logo-feher-600.png","contentUrl":"https:\/\/dorogimedence.hu\/wp-content\/uploads\/2021\/04\/logo-feher-600.png","width":600,"height":100,"caption":"Dorogi-medence Region\u00e1lis H\u00edrport\u00e1l"},"image":{"@id":"https:\/\/dorogimedence.hu\/#\/schema\/logo\/image\/"},"sameAs":["https:\/\/www.facebook.com\/dorogimedence\/"]},{"@type":"Person","@id":"https:\/\/dorogimedence.hu\/#\/schema\/person\/ce6091eeb7e95ecdc87890d6aa8e0fd4","name":"dorogimedence.hu","image":{"@type":"ImageObject","inLanguage":"hu","@id":"\/\/www.gravatar.com\/avatar\/d8d45f8901aadff40a4af72c0b826f1d?s=96&#038;r=g&#038;d=mm","url":"\/\/www.gravatar.com\/avatar\/d8d45f8901aadff40a4af72c0b826f1d?s=96&#038;r=g&#038;d=mm","contentUrl":"\/\/www.gravatar.com\/avatar\/d8d45f8901aadff40a4af72c0b826f1d?s=96&#038;r=g&#038;d=mm","caption":"dorogimedence.hu"}}]}},"_links":{"self":[{"href":"https:\/\/dorogimedence.hu\/index.php\/wp-json\/wp\/v2\/posts\/17888","targetHints":{"allow":["GET"]}}],"collection":[{"href":"https:\/\/dorogimedence.hu\/index.php\/wp-json\/wp\/v2\/posts"}],"about":[{"href":"https:\/\/dorogimedence.hu\/index.php\/wp-json\/wp\/v2\/types\/post"}],"author":[{"embeddable":true,"href":"https:\/\/dorogimedence.hu\/index.php\/wp-json\/wp\/v2\/users\/1"}],"replies":[{"embeddable":true,"href":"https:\/\/dorogimedence.hu\/index.php\/wp-json\/wp\/v2\/comments?post=17888"}],"version-history":[{"count":0,"href":"https:\/\/dorogimedence.hu\/index.php\/wp-json\/wp\/v2\/posts\/17888\/revisions"}],"wp:featuredmedia":[{"embeddable":true,"href":"https:\/\/dorogimedence.hu\/index.php\/wp-json\/wp\/v2\/media\/17889"}],"wp:attachment":[{"href":"https:\/\/dorogimedence.hu\/index.php\/wp-json\/wp\/v2\/media?parent=17888"}],"wp:term":[{"taxonomy":"category","embeddable":true,"href":"https:\/\/dorogimedence.hu\/index.php\/wp-json\/wp\/v2\/categories?post=17888"},{"taxonomy":"post_tag","embeddable":true,"href":"https:\/\/dorogimedence.hu\/index.php\/wp-json\/wp\/v2\/tags?post=17888"}],"curies":[{"name":"wp","href":"https:\/\/api.w.org\/{rel}","templated":true}]}}