{"id":17873,"date":"2019-07-05T07:39:36","date_gmt":"2019-07-05T05:39:36","guid":{"rendered":"http:\/\/dorogimedence.hu\/?p=17873"},"modified":"2019-07-05T07:39:36","modified_gmt":"2019-07-05T05:39:36","slug":"alkotoi-palyazat-35-eve-varos-dorog-2","status":"publish","type":"post","link":"https:\/\/dorogimedence.hu\/index.php\/2019\/07\/05\/alkotoi-palyazat-35-eve-varos-dorog-2\/","title":{"rendered":"Alkot\u00f3i p\u00e1ly\u00e1zat: 35 \u00e9ve v\u00e1ros Dorog"},"content":{"rendered":"<p><strong>Dorogot 1984. janu\u00e1r 1-j\u00e9n nyilv\u00e1n\u00edtott\u00e1k v\u00e1ross\u00e1. Ezen jeles alkalom 35. \u00e9vfordul\u00f3ja alkalm\u00e1b\u00f3l tematikus alkot\u00f3i p\u00e1ly\u00e1zatot hirdet a Dorogi J\u00f3zsef Attila M\u0171vel\u0151d\u00e9si H\u00e1z \u00e9s a G\u00e1thy Zolt\u00e1n V\u00e1rosi K\u00f6nyv\u00e1r. A p\u00e1ly\u00e1zatok bead\u00e1s\u00e1nak hat\u00e1ridej\u00e9t 2019. j\u00falius 31-ig meghosszabb\u00edtott\u00e1k!<br \/>\n<\/strong><\/p>\n<p>A p\u00e1ly\u00e1zati felh\u00edv\u00e1s dorogi \u00e9s\/vagy Dorogon alkot\u00f3 gyermekek \u00e9s feln\u0151ttek sz\u00e1m\u00e1ra ker\u00fcl meghirdet\u00e9sre, k\u00e9pz\u0151m\u0171v\u00e9szet, fot\u00f3m\u0171v\u00e9szet, \u00edr\u00e1sm\u0171v\u00e9szet ter\u00fclet\u00e9n.<\/p>\n<p><strong>A p\u00e1ly\u00e1zatok bead\u00e1s\u00e1nak id\u0151pontja: <span style=\"color: #ff0000;\">2019. j\u00falius 31.<\/span><\/strong> A p\u00e1ly\u00e1zatok elb\u00edr\u00e1l\u00e1s\u00e1t szakavatott zs\u0171ri v\u00e9gzi el.<\/p>\n<p><strong>Az elb\u00edr\u00e1l\u00e1s h\u00e1rom \u00e9letkori kateg\u00f3ri\u00e1ja van:<\/strong> 14 \u00e9ven aluliak, 15-18 \u00e9vesek \u00e9s 19 \u00e9vesek \u00e9s id\u0151sebbek.<\/p>\n<p><strong>Minden \u00e9letkori csoportban, mindh\u00e1rom kateg\u00f3ri\u00e1ban, az els\u0151 helyezett 100.000 Ft-os d\u00edjban r\u00e9szes\u00fcl.<\/strong> A korcsoportonk\u00e9nti \u00e9s kateg\u00f3ri\u00e1nk\u00e9nti els\u0151 h\u00e1rom helyezett alkot\u00e1sok 2019. augusztus 31-\u00e9n, a Reimann B\u00e1ny\u00e1szatt\u00f6rt\u00e9neti Miniverzum megnyit\u00f3j\u00e1n ker\u00fclnek bemutat\u00e1sra.<\/p>\n<p>Az alkot\u00f3m\u0171v\u00e9szeti p\u00e1ly\u00e1zatra technikai megk\u00f6t\u00e9s n\u00e9lk\u00fcl h\u00e1rom m\u0171v\u00e9szeti \u00e1gban ny\u00fajthat\u00f3 be p\u00e1ly\u00e1z\u00f3nk\u00e9nt egy p\u00e1lyam\u0171, illetve maximum 3 darabb\u00f3l \u00e1ll\u00f3 sorozat. &nbsp;<\/p>\n<p><strong>A p\u00e1ly\u00e1zatok bead\u00e1s\u00e1nak helye:<\/strong> G\u00e1thy Zolt\u00e1n V\u00e1rosi K\u00f6nyvt\u00e1r (kedd-cs\u00fct\u00f6rt\u00f6k 9-16 \u00f3ra k\u00f6z\u00f6tt)<\/p>\n<p>A zs\u0171ri d\u00f6nt\u00e9s\u00e9nek joga a d\u00edjak meg\u00edt\u00e9l\u00e9se, ki nem ad\u00e1sa. A nyertes p\u00e1lyam\u0171vek tulajdonjoga \u00e1tsz\u00e1ll Dorog V\u00e1ros \u00d6nkorm\u00e1nyzat\u00e1ra.<\/p>\n<p><strong>A p\u00e1ly\u00e1zat r\u00e9szletes ki\u00edr\u00e1sa: &nbsp;<\/strong><\/p>\n<p><strong>\u00cdr\u00e1sm\u0171v\u00e9szet<\/strong> \u2013 m\u0171faji megk\u00f6t\u00e9s n\u00e9lk\u00fcl, maximum 30 oldal dorogi t\u00e9m\u00e1ban.<\/p>\n<p><strong>K\u00e9pz\u0151m\u0171v\u00e9szet<\/strong> \u2013 technikai megk\u00f6t\u00e9s n\u00e9lk\u00fcl, 150 x 100 cm-es m\u00e9retkorl\u00e1toz\u00e1ssal dorogi t\u00e9m\u00e1ban, illetve maximum 80 cm-es kisplasztika dorogi t\u00e9m\u00e1ban.<\/p>\n<p><strong>Fot\u00f3m\u0171v\u00e9szet<\/strong> \u2013 150 x 100 cm-es m\u00e9retkorl\u00e1toz\u00e1s dorogi t\u00e9m\u00e1ban.<\/p>\n<p><em><strong>Kapcsolattart\u00f3:<\/strong> Madar\u00e1sz T\u00edmea (30\/431-1652)<\/em><\/p>\n<p><em>A p\u00e1ly\u00e1zat a Sz\u00e9chenyi 2020 Dorog, a dinamikus \u00e9s fenntarthat\u00f3 fejl\u0151d\u00e9s v\u00e1rosa c\u00edm\u0171 p\u00e1ly\u00e1zat t\u00e1mogat\u00e1s\u00e1val (Partners\u00e9gben a v\u00e1ros\u00e9rt \u2013 TOP-7.1.1-16-H-020-11), a Dorogi J\u00f3zsef Attila M\u0171vel\u0151d\u00e9si H\u00e1z el\u0151k\u00e9sz\u00edt\u00e9s\u00e9ben, bonyol\u00edt\u00e1s\u00e1ban ker\u00fcl megrendez\u00e9sre.<\/em><\/p>\n<p><img fetchpriority=\"high\" decoding=\"async\" class=\"alignnone size-full wp-image-16558\" src=\"https:\/\/i2.wp.com\/dorogimedence.hu\/wp-content\/uploads\/2019\/05\/dorog-35.jpg?resize=523%2C785\" sizes=\"(max-width: 523px) 100vw, 523px\" srcset=\"https:\/\/i2.wp.com\/dorogimedence.hu\/wp-content\/uploads\/2019\/05\/dorog-35.jpg?w=523 523w, https:\/\/i2.wp.com\/dorogimedence.hu\/wp-content\/uploads\/2019\/05\/dorog-35.jpg?resize=200%2C300 200w\" alt=\"\" data-attachment-id=\"16558\" data-permalink=\"https:\/\/dorogimedence.hu\/index.php\/2019\/05\/08\/alkotoi-palyazat-35-eve-varos-dorog\/dorog-35\/\" data-orig-file=\"https:\/\/i2.wp.com\/dorogimedence.hu\/wp-content\/uploads\/2019\/05\/dorog-35.jpg?fit=523%2C785\" data-orig-size=\"523,785\" data-comments-opened=\"0\" data-image-meta=\"{&quot;aperture&quot;:&quot;0&quot;,&quot;credit&quot;:&quot;&quot;,&quot;camera&quot;:&quot;&quot;,&quot;caption&quot;:&quot;&quot;,&quot;created_timestamp&quot;:&quot;0&quot;,&quot;copyright&quot;:&quot;&quot;,&quot;focal_length&quot;:&quot;0&quot;,&quot;iso&quot;:&quot;0&quot;,&quot;shutter_speed&quot;:&quot;0&quot;,&quot;title&quot;:&quot;&quot;,&quot;orientation&quot;:&quot;0&quot;}\" data-image-title=\"dorog-35\" data-image-description=\"\" data-medium-file=\"https:\/\/i2.wp.com\/dorogimedence.hu\/wp-content\/uploads\/2019\/05\/dorog-35.jpg?fit=200%2C300\" data-large-file=\"https:\/\/i2.wp.com\/dorogimedence.hu\/wp-content\/uploads\/2019\/05\/dorog-35.jpg?fit=523%2C785\" width=\"523\" height=\"785\"><\/p>\n","protected":false},"excerpt":{"rendered":"<p>Dorogot 1984. janu\u00e1r 1-j\u00e9n nyilv\u00e1n\u00edtott\u00e1k v\u00e1ross\u00e1. Ezen jeles alkalom 35. \u00e9vfordul\u00f3ja alkalm\u00e1b\u00f3l tematikus alkot\u00f3i p\u00e1ly\u00e1zatot hirdet a Dorogi J\u00f3zsef Attila M\u0171vel\u0151d\u00e9si H\u00e1z \u00e9s a G\u00e1thy Zolt\u00e1n V\u00e1rosi K\u00f6nyv\u00e1r. A p\u00e1ly\u00e1zatok bead\u00e1s\u00e1nak hat\u00e1ridej\u00e9t 2019. j\u00falius 31-ig meghosszabb\u00edtott\u00e1k! A p\u00e1ly\u00e1zati felh\u00edv\u00e1s dorogi \u00e9s\/vagy Dorogon alkot\u00f3 gyermekek \u00e9s feln\u0151ttek sz\u00e1m\u00e1ra ker\u00fcl meghirdet\u00e9sre, k\u00e9pz\u0151m\u0171v\u00e9szet, fot\u00f3m\u0171v\u00e9szet, \u00edr\u00e1sm\u0171v\u00e9szet ter\u00fclet\u00e9n. A p\u00e1ly\u00e1zatok<\/p>\n","protected":false},"author":1,"featured_media":16557,"comment_status":"closed","ping_status":"closed","sticky":false,"template":"","format":"standard","meta":{"ngg_post_thumbnail":0,"footnotes":""},"categories":[2,3],"tags":[2591,15,74],"class_list":{"0":"post-17873","1":"post","2":"type-post","3":"status-publish","4":"format-standard","5":"has-post-thumbnail","7":"category-dorog","8":"category-hirek","9":"tag-alkotoi-palyazat","10":"tag-dorog","11":"tag-palyazat"},"yoast_head":"<!-- This site is optimized with the Yoast SEO plugin v27.4 - https:\/\/yoast.com\/product\/yoast-seo-wordpress\/ -->\n<title>Alkot\u00f3i p\u00e1ly\u00e1zat: 35 \u00e9ve v\u00e1ros Dorog<\/title>\n<meta name=\"robots\" content=\"index, follow, max-snippet:-1, max-image-preview:large, max-video-preview:-1\" \/>\n<link rel=\"canonical\" href=\"https:\/\/dorogimedence.hu\/index.php\/2019\/07\/05\/alkotoi-palyazat-35-eve-varos-dorog-2\/\" class=\"yoast-seo-meta-tag\" \/>\n<meta property=\"og:locale\" content=\"hu_HU\" class=\"yoast-seo-meta-tag\" \/>\n<meta property=\"og:type\" content=\"article\" class=\"yoast-seo-meta-tag\" \/>\n<meta property=\"og:title\" content=\"Alkot\u00f3i p\u00e1ly\u00e1zat: 35 \u00e9ve v\u00e1ros Dorog\" class=\"yoast-seo-meta-tag\" \/>\n<meta property=\"og:description\" content=\"Dorogot 1984. janu\u00e1r 1-j\u00e9n nyilv\u00e1n\u00edtott\u00e1k v\u00e1ross\u00e1. Ezen jeles alkalom 35. \u00e9vfordul\u00f3ja alkalm\u00e1b\u00f3l tematikus alkot\u00f3i p\u00e1ly\u00e1zatot hirdet a Dorogi J\u00f3zsef Attila M\u0171vel\u0151d\u00e9si H\u00e1z \u00e9s a G\u00e1thy Zolt\u00e1n V\u00e1rosi K\u00f6nyv\u00e1r. A p\u00e1ly\u00e1zatok bead\u00e1s\u00e1nak hat\u00e1ridej\u00e9t 2019. j\u00falius 31-ig meghosszabb\u00edtott\u00e1k! A p\u00e1ly\u00e1zati felh\u00edv\u00e1s dorogi \u00e9s\/vagy Dorogon alkot\u00f3 gyermekek \u00e9s feln\u0151ttek sz\u00e1m\u00e1ra ker\u00fcl meghirdet\u00e9sre, k\u00e9pz\u0151m\u0171v\u00e9szet, fot\u00f3m\u0171v\u00e9szet, \u00edr\u00e1sm\u0171v\u00e9szet ter\u00fclet\u00e9n. A p\u00e1ly\u00e1zatok\" class=\"yoast-seo-meta-tag\" \/>\n<meta property=\"og:url\" content=\"https:\/\/dorogimedence.hu\/index.php\/2019\/07\/05\/alkotoi-palyazat-35-eve-varos-dorog-2\/\" class=\"yoast-seo-meta-tag\" \/>\n<meta property=\"og:site_name\" content=\"Dorogi-medence Region\u00e1lis H\u00edrport\u00e1l\" class=\"yoast-seo-meta-tag\" \/>\n<meta property=\"article:publisher\" content=\"https:\/\/www.facebook.com\/dorogimedence\/\" class=\"yoast-seo-meta-tag\" \/>\n<meta property=\"article:published_time\" content=\"2019-07-05T05:39:36+00:00\" class=\"yoast-seo-meta-tag\" \/>\n<meta property=\"og:image\" content=\"https:\/\/i0.wp.com\/dorogimedence.hu\/wp-content\/uploads\/2019\/05\/dorog-35-01.jpg?fit=670%2C365&ssl=1\" class=\"yoast-seo-meta-tag\" \/>\n\t<meta property=\"og:image:width\" content=\"670\" class=\"yoast-seo-meta-tag\" \/>\n\t<meta property=\"og:image:height\" content=\"365\" class=\"yoast-seo-meta-tag\" \/>\n\t<meta property=\"og:image:type\" content=\"image\/jpeg\" class=\"yoast-seo-meta-tag\" \/>\n<meta name=\"author\" content=\"dorogimedence.hu\" class=\"yoast-seo-meta-tag\" \/>\n<meta name=\"twitter:card\" content=\"summary_large_image\" class=\"yoast-seo-meta-tag\" \/>\n<meta name=\"twitter:label1\" content=\"Szerz\u0151:\" class=\"yoast-seo-meta-tag\" \/>\n\t<meta name=\"twitter:data1\" content=\"dorogimedence.hu\" class=\"yoast-seo-meta-tag\" \/>\n\t<meta name=\"twitter:label2\" content=\"Becs\u00fclt olvas\u00e1si id\u0151\" class=\"yoast-seo-meta-tag\" \/>\n\t<meta name=\"twitter:data2\" content=\"2 perc\" class=\"yoast-seo-meta-tag\" \/>\n<script type=\"application\/ld+json\" class=\"yoast-schema-graph\">{\"@context\":\"https:\\\/\\\/schema.org\",\"@graph\":[{\"@type\":\"Article\",\"@id\":\"https:\\\/\\\/dorogimedence.hu\\\/index.php\\\/2019\\\/07\\\/05\\\/alkotoi-palyazat-35-eve-varos-dorog-2\\\/#article\",\"isPartOf\":{\"@id\":\"https:\\\/\\\/dorogimedence.hu\\\/index.php\\\/2019\\\/07\\\/05\\\/alkotoi-palyazat-35-eve-varos-dorog-2\\\/\"},\"author\":{\"name\":\"dorogimedence.hu\",\"@id\":\"https:\\\/\\\/dorogimedence.hu\\\/#\\\/schema\\\/person\\\/ce6091eeb7e95ecdc87890d6aa8e0fd4\"},\"headline\":\"Alkot\u00f3i p\u00e1ly\u00e1zat: 35 \u00e9ve v\u00e1ros Dorog\",\"datePublished\":\"2019-07-05T05:39:36+00:00\",\"mainEntityOfPage\":{\"@id\":\"https:\\\/\\\/dorogimedence.hu\\\/index.php\\\/2019\\\/07\\\/05\\\/alkotoi-palyazat-35-eve-varos-dorog-2\\\/\"},\"wordCount\":445,\"publisher\":{\"@id\":\"https:\\\/\\\/dorogimedence.hu\\\/#organization\"},\"image\":{\"@id\":\"https:\\\/\\\/dorogimedence.hu\\\/index.php\\\/2019\\\/07\\\/05\\\/alkotoi-palyazat-35-eve-varos-dorog-2\\\/#primaryimage\"},\"thumbnailUrl\":\"https:\\\/\\\/dorogimedence.hu\\\/wp-content\\\/uploads\\\/2019\\\/05\\\/dorog-35-01.jpg\",\"keywords\":[\"alkot\u00f3i p\u00e1ly\u00e1zat\",\"Dorog\",\"p\u00e1ly\u00e1zat\"],\"articleSection\":[\"Dorog\",\"H\u00edrek\"],\"inLanguage\":\"hu\"},{\"@type\":\"WebPage\",\"@id\":\"https:\\\/\\\/dorogimedence.hu\\\/index.php\\\/2019\\\/07\\\/05\\\/alkotoi-palyazat-35-eve-varos-dorog-2\\\/\",\"url\":\"https:\\\/\\\/dorogimedence.hu\\\/index.php\\\/2019\\\/07\\\/05\\\/alkotoi-palyazat-35-eve-varos-dorog-2\\\/\",\"name\":\"Alkot\u00f3i p\u00e1ly\u00e1zat: 35 \u00e9ve v\u00e1ros Dorog\",\"isPartOf\":{\"@id\":\"https:\\\/\\\/dorogimedence.hu\\\/#website\"},\"primaryImageOfPage\":{\"@id\":\"https:\\\/\\\/dorogimedence.hu\\\/index.php\\\/2019\\\/07\\\/05\\\/alkotoi-palyazat-35-eve-varos-dorog-2\\\/#primaryimage\"},\"image\":{\"@id\":\"https:\\\/\\\/dorogimedence.hu\\\/index.php\\\/2019\\\/07\\\/05\\\/alkotoi-palyazat-35-eve-varos-dorog-2\\\/#primaryimage\"},\"thumbnailUrl\":\"https:\\\/\\\/dorogimedence.hu\\\/wp-content\\\/uploads\\\/2019\\\/05\\\/dorog-35-01.jpg\",\"datePublished\":\"2019-07-05T05:39:36+00:00\",\"breadcrumb\":{\"@id\":\"https:\\\/\\\/dorogimedence.hu\\\/index.php\\\/2019\\\/07\\\/05\\\/alkotoi-palyazat-35-eve-varos-dorog-2\\\/#breadcrumb\"},\"inLanguage\":\"hu\",\"potentialAction\":[{\"@type\":\"ReadAction\",\"target\":[\"https:\\\/\\\/dorogimedence.hu\\\/index.php\\\/2019\\\/07\\\/05\\\/alkotoi-palyazat-35-eve-varos-dorog-2\\\/\"]}]},{\"@type\":\"ImageObject\",\"inLanguage\":\"hu\",\"@id\":\"https:\\\/\\\/dorogimedence.hu\\\/index.php\\\/2019\\\/07\\\/05\\\/alkotoi-palyazat-35-eve-varos-dorog-2\\\/#primaryimage\",\"url\":\"https:\\\/\\\/dorogimedence.hu\\\/wp-content\\\/uploads\\\/2019\\\/05\\\/dorog-35-01.jpg\",\"contentUrl\":\"https:\\\/\\\/dorogimedence.hu\\\/wp-content\\\/uploads\\\/2019\\\/05\\\/dorog-35-01.jpg\",\"width\":670,\"height\":365},{\"@type\":\"BreadcrumbList\",\"@id\":\"https:\\\/\\\/dorogimedence.hu\\\/index.php\\\/2019\\\/07\\\/05\\\/alkotoi-palyazat-35-eve-varos-dorog-2\\\/#breadcrumb\",\"itemListElement\":[{\"@type\":\"ListItem\",\"position\":1,\"name\":\"Kezd\u0151lap\",\"item\":\"https:\\\/\\\/dorogimedence.hu\\\/\"},{\"@type\":\"ListItem\",\"position\":2,\"name\":\"Alkot\u00f3i p\u00e1ly\u00e1zat: 35 \u00e9ve v\u00e1ros Dorog\"}]},{\"@type\":\"WebSite\",\"@id\":\"https:\\\/\\\/dorogimedence.hu\\\/#website\",\"url\":\"https:\\\/\\\/dorogimedence.hu\\\/\",\"name\":\"Dorogi-medence Region\u00e1lis H\u00edrport\u00e1l\",\"description\":\"Dorog, Keszt\u00f6lc, Le\u00e1nyv\u00e1r, Piliscs\u00e9v, Tokod, Tokodalt\u00e1r\u00f3, Csolnok, Esztergom-kertv\u00e1ros: h\u00edrek, programok\",\"publisher\":{\"@id\":\"https:\\\/\\\/dorogimedence.hu\\\/#organization\"},\"potentialAction\":[{\"@type\":\"SearchAction\",\"target\":{\"@type\":\"EntryPoint\",\"urlTemplate\":\"https:\\\/\\\/dorogimedence.hu\\\/?s={search_term_string}\"},\"query-input\":{\"@type\":\"PropertyValueSpecification\",\"valueRequired\":true,\"valueName\":\"search_term_string\"}}],\"inLanguage\":\"hu\"},{\"@type\":\"Organization\",\"@id\":\"https:\\\/\\\/dorogimedence.hu\\\/#organization\",\"name\":\"Dorogi-medence Region\u00e1lis H\u00edrport\u00e1l\",\"url\":\"https:\\\/\\\/dorogimedence.hu\\\/\",\"logo\":{\"@type\":\"ImageObject\",\"inLanguage\":\"hu\",\"@id\":\"https:\\\/\\\/dorogimedence.hu\\\/#\\\/schema\\\/logo\\\/image\\\/\",\"url\":\"https:\\\/\\\/dorogimedence.hu\\\/wp-content\\\/uploads\\\/2021\\\/04\\\/logo-feher-600.png\",\"contentUrl\":\"https:\\\/\\\/dorogimedence.hu\\\/wp-content\\\/uploads\\\/2021\\\/04\\\/logo-feher-600.png\",\"width\":600,\"height\":100,\"caption\":\"Dorogi-medence Region\u00e1lis H\u00edrport\u00e1l\"},\"image\":{\"@id\":\"https:\\\/\\\/dorogimedence.hu\\\/#\\\/schema\\\/logo\\\/image\\\/\"},\"sameAs\":[\"https:\\\/\\\/www.facebook.com\\\/dorogimedence\\\/\"]},{\"@type\":\"Person\",\"@id\":\"https:\\\/\\\/dorogimedence.hu\\\/#\\\/schema\\\/person\\\/ce6091eeb7e95ecdc87890d6aa8e0fd4\",\"name\":\"dorogimedence.hu\",\"image\":{\"@type\":\"ImageObject\",\"inLanguage\":\"hu\",\"@id\":\"\\\/\\\/www.gravatar.com\\\/avatar\\\/d8d45f8901aadff40a4af72c0b826f1d?s=96&#038;r=g&#038;d=mm\",\"url\":\"\\\/\\\/www.gravatar.com\\\/avatar\\\/d8d45f8901aadff40a4af72c0b826f1d?s=96&#038;r=g&#038;d=mm\",\"contentUrl\":\"\\\/\\\/www.gravatar.com\\\/avatar\\\/d8d45f8901aadff40a4af72c0b826f1d?s=96&#038;r=g&#038;d=mm\",\"caption\":\"dorogimedence.hu\"}}]}<\/script>\n<!-- \/ Yoast SEO plugin. -->","yoast_head_json":{"title":"Alkot\u00f3i p\u00e1ly\u00e1zat: 35 \u00e9ve v\u00e1ros Dorog","robots":{"index":"index","follow":"follow","max-snippet":"max-snippet:-1","max-image-preview":"max-image-preview:large","max-video-preview":"max-video-preview:-1"},"canonical":"https:\/\/dorogimedence.hu\/index.php\/2019\/07\/05\/alkotoi-palyazat-35-eve-varos-dorog-2\/","og_locale":"hu_HU","og_type":"article","og_title":"Alkot\u00f3i p\u00e1ly\u00e1zat: 35 \u00e9ve v\u00e1ros Dorog","og_description":"Dorogot 1984. janu\u00e1r 1-j\u00e9n nyilv\u00e1n\u00edtott\u00e1k v\u00e1ross\u00e1. Ezen jeles alkalom 35. \u00e9vfordul\u00f3ja alkalm\u00e1b\u00f3l tematikus alkot\u00f3i p\u00e1ly\u00e1zatot hirdet a Dorogi J\u00f3zsef Attila M\u0171vel\u0151d\u00e9si H\u00e1z \u00e9s a G\u00e1thy Zolt\u00e1n V\u00e1rosi K\u00f6nyv\u00e1r. A p\u00e1ly\u00e1zatok bead\u00e1s\u00e1nak hat\u00e1ridej\u00e9t 2019. j\u00falius 31-ig meghosszabb\u00edtott\u00e1k! A p\u00e1ly\u00e1zati felh\u00edv\u00e1s dorogi \u00e9s\/vagy Dorogon alkot\u00f3 gyermekek \u00e9s feln\u0151ttek sz\u00e1m\u00e1ra ker\u00fcl meghirdet\u00e9sre, k\u00e9pz\u0151m\u0171v\u00e9szet, fot\u00f3m\u0171v\u00e9szet, \u00edr\u00e1sm\u0171v\u00e9szet ter\u00fclet\u00e9n. A p\u00e1ly\u00e1zatok","og_url":"https:\/\/dorogimedence.hu\/index.php\/2019\/07\/05\/alkotoi-palyazat-35-eve-varos-dorog-2\/","og_site_name":"Dorogi-medence Region\u00e1lis H\u00edrport\u00e1l","article_publisher":"https:\/\/www.facebook.com\/dorogimedence\/","article_published_time":"2019-07-05T05:39:36+00:00","og_image":[{"width":670,"height":365,"url":"https:\/\/i0.wp.com\/dorogimedence.hu\/wp-content\/uploads\/2019\/05\/dorog-35-01.jpg?fit=670%2C365&ssl=1","type":"image\/jpeg"}],"author":"dorogimedence.hu","twitter_card":"summary_large_image","twitter_misc":{"Szerz\u0151:":"dorogimedence.hu","Becs\u00fclt olvas\u00e1si id\u0151":"2 perc"},"schema":{"@context":"https:\/\/schema.org","@graph":[{"@type":"Article","@id":"https:\/\/dorogimedence.hu\/index.php\/2019\/07\/05\/alkotoi-palyazat-35-eve-varos-dorog-2\/#article","isPartOf":{"@id":"https:\/\/dorogimedence.hu\/index.php\/2019\/07\/05\/alkotoi-palyazat-35-eve-varos-dorog-2\/"},"author":{"name":"dorogimedence.hu","@id":"https:\/\/dorogimedence.hu\/#\/schema\/person\/ce6091eeb7e95ecdc87890d6aa8e0fd4"},"headline":"Alkot\u00f3i p\u00e1ly\u00e1zat: 35 \u00e9ve v\u00e1ros Dorog","datePublished":"2019-07-05T05:39:36+00:00","mainEntityOfPage":{"@id":"https:\/\/dorogimedence.hu\/index.php\/2019\/07\/05\/alkotoi-palyazat-35-eve-varos-dorog-2\/"},"wordCount":445,"publisher":{"@id":"https:\/\/dorogimedence.hu\/#organization"},"image":{"@id":"https:\/\/dorogimedence.hu\/index.php\/2019\/07\/05\/alkotoi-palyazat-35-eve-varos-dorog-2\/#primaryimage"},"thumbnailUrl":"https:\/\/dorogimedence.hu\/wp-content\/uploads\/2019\/05\/dorog-35-01.jpg","keywords":["alkot\u00f3i p\u00e1ly\u00e1zat","Dorog","p\u00e1ly\u00e1zat"],"articleSection":["Dorog","H\u00edrek"],"inLanguage":"hu"},{"@type":"WebPage","@id":"https:\/\/dorogimedence.hu\/index.php\/2019\/07\/05\/alkotoi-palyazat-35-eve-varos-dorog-2\/","url":"https:\/\/dorogimedence.hu\/index.php\/2019\/07\/05\/alkotoi-palyazat-35-eve-varos-dorog-2\/","name":"Alkot\u00f3i p\u00e1ly\u00e1zat: 35 \u00e9ve v\u00e1ros Dorog","isPartOf":{"@id":"https:\/\/dorogimedence.hu\/#website"},"primaryImageOfPage":{"@id":"https:\/\/dorogimedence.hu\/index.php\/2019\/07\/05\/alkotoi-palyazat-35-eve-varos-dorog-2\/#primaryimage"},"image":{"@id":"https:\/\/dorogimedence.hu\/index.php\/2019\/07\/05\/alkotoi-palyazat-35-eve-varos-dorog-2\/#primaryimage"},"thumbnailUrl":"https:\/\/dorogimedence.hu\/wp-content\/uploads\/2019\/05\/dorog-35-01.jpg","datePublished":"2019-07-05T05:39:36+00:00","breadcrumb":{"@id":"https:\/\/dorogimedence.hu\/index.php\/2019\/07\/05\/alkotoi-palyazat-35-eve-varos-dorog-2\/#breadcrumb"},"inLanguage":"hu","potentialAction":[{"@type":"ReadAction","target":["https:\/\/dorogimedence.hu\/index.php\/2019\/07\/05\/alkotoi-palyazat-35-eve-varos-dorog-2\/"]}]},{"@type":"ImageObject","inLanguage":"hu","@id":"https:\/\/dorogimedence.hu\/index.php\/2019\/07\/05\/alkotoi-palyazat-35-eve-varos-dorog-2\/#primaryimage","url":"https:\/\/dorogimedence.hu\/wp-content\/uploads\/2019\/05\/dorog-35-01.jpg","contentUrl":"https:\/\/dorogimedence.hu\/wp-content\/uploads\/2019\/05\/dorog-35-01.jpg","width":670,"height":365},{"@type":"BreadcrumbList","@id":"https:\/\/dorogimedence.hu\/index.php\/2019\/07\/05\/alkotoi-palyazat-35-eve-varos-dorog-2\/#breadcrumb","itemListElement":[{"@type":"ListItem","position":1,"name":"Kezd\u0151lap","item":"https:\/\/dorogimedence.hu\/"},{"@type":"ListItem","position":2,"name":"Alkot\u00f3i p\u00e1ly\u00e1zat: 35 \u00e9ve v\u00e1ros Dorog"}]},{"@type":"WebSite","@id":"https:\/\/dorogimedence.hu\/#website","url":"https:\/\/dorogimedence.hu\/","name":"Dorogi-medence Region\u00e1lis H\u00edrport\u00e1l","description":"Dorog, Keszt\u00f6lc, Le\u00e1nyv\u00e1r, Piliscs\u00e9v, Tokod, Tokodalt\u00e1r\u00f3, Csolnok, Esztergom-kertv\u00e1ros: h\u00edrek, programok","publisher":{"@id":"https:\/\/dorogimedence.hu\/#organization"},"potentialAction":[{"@type":"SearchAction","target":{"@type":"EntryPoint","urlTemplate":"https:\/\/dorogimedence.hu\/?s={search_term_string}"},"query-input":{"@type":"PropertyValueSpecification","valueRequired":true,"valueName":"search_term_string"}}],"inLanguage":"hu"},{"@type":"Organization","@id":"https:\/\/dorogimedence.hu\/#organization","name":"Dorogi-medence Region\u00e1lis H\u00edrport\u00e1l","url":"https:\/\/dorogimedence.hu\/","logo":{"@type":"ImageObject","inLanguage":"hu","@id":"https:\/\/dorogimedence.hu\/#\/schema\/logo\/image\/","url":"https:\/\/dorogimedence.hu\/wp-content\/uploads\/2021\/04\/logo-feher-600.png","contentUrl":"https:\/\/dorogimedence.hu\/wp-content\/uploads\/2021\/04\/logo-feher-600.png","width":600,"height":100,"caption":"Dorogi-medence Region\u00e1lis H\u00edrport\u00e1l"},"image":{"@id":"https:\/\/dorogimedence.hu\/#\/schema\/logo\/image\/"},"sameAs":["https:\/\/www.facebook.com\/dorogimedence\/"]},{"@type":"Person","@id":"https:\/\/dorogimedence.hu\/#\/schema\/person\/ce6091eeb7e95ecdc87890d6aa8e0fd4","name":"dorogimedence.hu","image":{"@type":"ImageObject","inLanguage":"hu","@id":"\/\/www.gravatar.com\/avatar\/d8d45f8901aadff40a4af72c0b826f1d?s=96&#038;r=g&#038;d=mm","url":"\/\/www.gravatar.com\/avatar\/d8d45f8901aadff40a4af72c0b826f1d?s=96&#038;r=g&#038;d=mm","contentUrl":"\/\/www.gravatar.com\/avatar\/d8d45f8901aadff40a4af72c0b826f1d?s=96&#038;r=g&#038;d=mm","caption":"dorogimedence.hu"}}]}},"_links":{"self":[{"href":"https:\/\/dorogimedence.hu\/index.php\/wp-json\/wp\/v2\/posts\/17873","targetHints":{"allow":["GET"]}}],"collection":[{"href":"https:\/\/dorogimedence.hu\/index.php\/wp-json\/wp\/v2\/posts"}],"about":[{"href":"https:\/\/dorogimedence.hu\/index.php\/wp-json\/wp\/v2\/types\/post"}],"author":[{"embeddable":true,"href":"https:\/\/dorogimedence.hu\/index.php\/wp-json\/wp\/v2\/users\/1"}],"replies":[{"embeddable":true,"href":"https:\/\/dorogimedence.hu\/index.php\/wp-json\/wp\/v2\/comments?post=17873"}],"version-history":[{"count":0,"href":"https:\/\/dorogimedence.hu\/index.php\/wp-json\/wp\/v2\/posts\/17873\/revisions"}],"wp:featuredmedia":[{"embeddable":true,"href":"https:\/\/dorogimedence.hu\/index.php\/wp-json\/wp\/v2\/media\/16557"}],"wp:attachment":[{"href":"https:\/\/dorogimedence.hu\/index.php\/wp-json\/wp\/v2\/media?parent=17873"}],"wp:term":[{"taxonomy":"category","embeddable":true,"href":"https:\/\/dorogimedence.hu\/index.php\/wp-json\/wp\/v2\/categories?post=17873"},{"taxonomy":"post_tag","embeddable":true,"href":"https:\/\/dorogimedence.hu\/index.php\/wp-json\/wp\/v2\/tags?post=17873"}],"curies":[{"name":"wp","href":"https:\/\/api.w.org\/{rel}","templated":true}]}}