{"id":17833,"date":"2019-07-03T07:17:45","date_gmt":"2019-07-03T05:17:45","guid":{"rendered":"http:\/\/dorogimedence.hu\/?p=17833"},"modified":"2019-07-03T07:21:58","modified_gmt":"2019-07-03T05:21:58","slug":"elismero-oklevelben-reszesult-az-esztergomi-korhaz","status":"publish","type":"post","link":"https:\/\/dorogimedence.hu\/index.php\/2019\/07\/03\/elismero-oklevelben-reszesult-az-esztergomi-korhaz\/","title":{"rendered":"Elismer\u0151 oklev\u00e9lben r\u00e9szes\u00fclt az esztergomi k\u00f3rh\u00e1z"},"content":{"rendered":"<p><strong>Kiemelked\u0151 szakmai tev\u00e9kenys\u00e9ge elismer\u00e9sek\u00e9nt miniszteri elismer\u0151 oklev\u00e9lben r\u00e9szes\u00fclt az esztergomi Vaszary Kolos K\u00f3rh\u00e1z Traumatol\u00f3giai Oszt\u00e1lya. A kit\u00fcntet\u00e9st Prof. Dr. K\u00e1sler Mikl\u00f3s, az Emberi Er\u0151forr\u00e1sok Miniszt\u00e9rium\u00e1nak minisztere adom\u00e1nyozta az int\u00e9zm\u00e9nynek.<\/strong><\/p>\n<p>A j\u00falius 1-j\u00e9n az Emberi Er\u0151forr\u00e1sok Miniszt\u00e9rium\u00e1ban megtartott Semmelweis-napi \u00fcnneps\u00e9gen a Sz\u00e9chenyi-d\u00edjas magyar onkol\u00f3gus elmondta, hogy ezen a jeles napon egy olyan emberre eml\u00e9kez\u00fcnk, akit az emberis\u00e9g j\u00f3tev\u0151jek\u00e9nt, az any\u00e1k megment\u0151jek\u00e9nt \u00e9s az orvostudom\u00e1ny Luther M\u00e1rtonjak\u00e9nt tartanak sz\u00e1mon.<\/p>\n<p>A besz\u00e9dek ut\u00e1n Prof. Dr. K\u00e1sler Mikl\u00f3s, az \u00fcnneps\u00e9gen Semmelweis-d\u00edjat adott \u00e1t Koll\u00e1r Lajosnak, a P\u00e9csi Tudom\u00e1nyegyetem K\u00f6zponti \u00c9rseb\u00e9szeti Klinika egyetemi tan\u00e1r\u00e1nak, professzor emeritus\u00e1nak. Batthy\u00e1ny-Strattmann L\u00e1szl\u00f3-d\u00edjban tizenn\u00e9gyen r\u00e9szes\u00fcltek, Pro Sanitate d\u00edjat egy orvos vehetett \u00e1t. A rendezv\u00e9nyen harminchat miniszteri elismer\u0151 oklevelet osztottak ki: a megy\u00e9b\u0151l az esztergomi int\u00e9zm\u00e9nyen k\u00edv\u00fcl a tatab\u00e1nyai Szent Borb\u00e1la K\u00f3rh\u00e1z Int\u00e9zm\u00e9nyi Gy\u00f3gyszert\u00e1r, valamint Haematol\u00f3giai Oszt\u00e1ly szakdolgoz\u00f3i munkacsoportj\u00e1nak tev\u00e9kenys\u00e9g\u00e9t ismert\u00e9k el.<\/p>\n<p><img fetchpriority=\"high\" decoding=\"async\" class=\"alignnone size-full wp-image-17836\" src=\"https:\/\/dorogimedence.hu\/wp-content\/uploads\/2019\/07\/oklevel-korhaz-uj.jpg\" alt=\"\" width=\"666\" height=\"949\" srcset=\"https:\/\/dorogimedence.hu\/wp-content\/uploads\/2019\/07\/oklevel-korhaz-uj.jpg 666w, https:\/\/dorogimedence.hu\/wp-content\/uploads\/2019\/07\/oklevel-korhaz-uj-211x300.jpg 211w\" sizes=\"(max-width: 666px) 100vw, 666px\" \/><\/p>\n<p>&#8222;Ez az elismer\u00e9s sz\u00f3l &#8211; a Traumatol\u00f3giai Oszt\u00e1ly Munkat\u00e1rsain t\u00fal &#8211; minden t\u00e1rsszakm\u00e1ban dolgoz\u00f3 Koll\u00e9g\u00e1nak is, akik n\u00e9lk\u00fcl ez a magas szint\u0171 ell\u00e1t\u00e1s nem val\u00f3sulhatna meg! Nagyon b\u00fcszk\u00e9k vagyunk a Vaszary Kolos K\u00f3rh\u00e1z valamennyi Munkat\u00e1rs\u00e1ra, akik a neh\u00e9zs\u00e9gek elle<span class=\"text_exposed_show\">n\u00e9re is odaad\u00e1ssal, lelkiismeretesen v\u00e9gzik munk\u00e1jukat! K\u00f6sz\u00f6nj\u00fck! <\/span>Sz\u00edvb\u0151l gratul\u00e1lunk valamennyi d\u00edjazottnak!&#8221; &#8211; \u00edgy k\u00f6sz\u00f6nte meg az elismer\u00e9st az esztergomi k\u00f3rh\u00e1z a <a href=\"https:\/\/www.facebook.com\/vaszarykoloskorhazhivatalos\/\" target=\"_blank\" rel=\"noopener noreferrer\"><span style=\"text-decoration: underline; color: #0000ff;\">Facebook oldal\u00e1n<\/span><\/a>.<\/p>\n<p><em>Forr\u00e1s: MTI\/Facebook<\/em><\/p>\n","protected":false},"excerpt":{"rendered":"<p>Kiemelked\u0151 szakmai tev\u00e9kenys\u00e9ge elismer\u00e9sek\u00e9nt miniszteri elismer\u0151 oklev\u00e9lben r\u00e9szes\u00fclt az esztergomi Vaszary Kolos K\u00f3rh\u00e1z Traumatol\u00f3giai Oszt\u00e1lya. A kit\u00fcntet\u00e9st Prof. Dr. K\u00e1sler Mikl\u00f3s, az Emberi Er\u0151forr\u00e1sok Miniszt\u00e9rium\u00e1nak minisztere adom\u00e1nyozta az int\u00e9zm\u00e9nynek. A j\u00falius 1-j\u00e9n az Emberi Er\u0151forr\u00e1sok Miniszt\u00e9rium\u00e1ban megtartott Semmelweis-napi \u00fcnneps\u00e9gen a Sz\u00e9chenyi-d\u00edjas magyar onkol\u00f3gus elmondta, hogy ezen a jeles napon egy olyan emberre eml\u00e9kez\u00fcnk, akit az<\/p>\n","protected":false},"author":1,"featured_media":5083,"comment_status":"closed","ping_status":"closed","sticky":false,"template":"","format":"standard","meta":{"ngg_post_thumbnail":0,"footnotes":""},"categories":[38,3],"tags":[419,42,4046,1434],"class_list":{"0":"post-17833","1":"post","2":"type-post","3":"status-publish","4":"format-standard","5":"has-post-thumbnail","7":"category-esztergom","8":"category-hirek","9":"tag-elismeres","10":"tag-esztergom","11":"tag-oklevel","12":"tag-vaszary-kolos-korhaz"},"yoast_head":"<!-- This site is optimized with the Yoast SEO plugin v27.5 - https:\/\/yoast.com\/product\/yoast-seo-wordpress\/ -->\n<title>Elismer\u0151 oklev\u00e9lben r\u00e9szes\u00fclt az esztergomi k\u00f3rh\u00e1z<\/title>\n<meta name=\"robots\" content=\"index, follow, max-snippet:-1, max-image-preview:large, max-video-preview:-1\" \/>\n<link rel=\"canonical\" href=\"https:\/\/dorogimedence.hu\/index.php\/2019\/07\/03\/elismero-oklevelben-reszesult-az-esztergomi-korhaz\/\" class=\"yoast-seo-meta-tag\" \/>\n<meta property=\"og:locale\" content=\"hu_HU\" class=\"yoast-seo-meta-tag\" \/>\n<meta property=\"og:type\" content=\"article\" class=\"yoast-seo-meta-tag\" \/>\n<meta property=\"og:title\" content=\"Elismer\u0151 oklev\u00e9lben r\u00e9szes\u00fclt az esztergomi k\u00f3rh\u00e1z\" class=\"yoast-seo-meta-tag\" \/>\n<meta property=\"og:description\" content=\"Kiemelked\u0151 szakmai tev\u00e9kenys\u00e9ge elismer\u00e9sek\u00e9nt miniszteri elismer\u0151 oklev\u00e9lben r\u00e9szes\u00fclt az esztergomi Vaszary Kolos K\u00f3rh\u00e1z Traumatol\u00f3giai Oszt\u00e1lya. A kit\u00fcntet\u00e9st Prof. Dr. K\u00e1sler Mikl\u00f3s, az Emberi Er\u0151forr\u00e1sok Miniszt\u00e9rium\u00e1nak minisztere adom\u00e1nyozta az int\u00e9zm\u00e9nynek. A j\u00falius 1-j\u00e9n az Emberi Er\u0151forr\u00e1sok Miniszt\u00e9rium\u00e1ban megtartott Semmelweis-napi \u00fcnneps\u00e9gen a Sz\u00e9chenyi-d\u00edjas magyar onkol\u00f3gus elmondta, hogy ezen a jeles napon egy olyan emberre eml\u00e9kez\u00fcnk, akit az\" class=\"yoast-seo-meta-tag\" \/>\n<meta property=\"og:url\" content=\"https:\/\/dorogimedence.hu\/index.php\/2019\/07\/03\/elismero-oklevelben-reszesult-az-esztergomi-korhaz\/\" class=\"yoast-seo-meta-tag\" \/>\n<meta property=\"og:site_name\" content=\"Dorogi-medence Region\u00e1lis H\u00edrport\u00e1l\" class=\"yoast-seo-meta-tag\" \/>\n<meta property=\"article:publisher\" content=\"https:\/\/www.facebook.com\/dorogimedence\/\" class=\"yoast-seo-meta-tag\" \/>\n<meta property=\"article:published_time\" content=\"2019-07-03T05:17:45+00:00\" class=\"yoast-seo-meta-tag\" \/>\n<meta property=\"article:modified_time\" content=\"2019-07-03T05:21:58+00:00\" class=\"yoast-seo-meta-tag\" \/>\n<meta property=\"og:image\" content=\"https:\/\/i0.wp.com\/dorogimedence.hu\/wp-content\/uploads\/2017\/08\/egom-korhaz-01.jpg?fit=670%2C365&ssl=1\" class=\"yoast-seo-meta-tag\" \/>\n\t<meta property=\"og:image:width\" content=\"670\" class=\"yoast-seo-meta-tag\" \/>\n\t<meta property=\"og:image:height\" content=\"365\" class=\"yoast-seo-meta-tag\" \/>\n\t<meta property=\"og:image:type\" content=\"image\/jpeg\" class=\"yoast-seo-meta-tag\" \/>\n<meta name=\"author\" content=\"dorogimedence.hu\" class=\"yoast-seo-meta-tag\" \/>\n<meta name=\"twitter:card\" content=\"summary_large_image\" class=\"yoast-seo-meta-tag\" \/>\n<meta name=\"twitter:label1\" content=\"Szerz\u0151:\" class=\"yoast-seo-meta-tag\" \/>\n\t<meta name=\"twitter:data1\" content=\"dorogimedence.hu\" class=\"yoast-seo-meta-tag\" \/>\n\t<meta name=\"twitter:label2\" content=\"Becs\u00fclt olvas\u00e1si id\u0151\" class=\"yoast-seo-meta-tag\" \/>\n\t<meta name=\"twitter:data2\" content=\"2 perc\" class=\"yoast-seo-meta-tag\" \/>\n<script type=\"application\/ld+json\" class=\"yoast-schema-graph\">{\"@context\":\"https:\\\/\\\/schema.org\",\"@graph\":[{\"@type\":\"Article\",\"@id\":\"https:\\\/\\\/dorogimedence.hu\\\/index.php\\\/2019\\\/07\\\/03\\\/elismero-oklevelben-reszesult-az-esztergomi-korhaz\\\/#article\",\"isPartOf\":{\"@id\":\"https:\\\/\\\/dorogimedence.hu\\\/index.php\\\/2019\\\/07\\\/03\\\/elismero-oklevelben-reszesult-az-esztergomi-korhaz\\\/\"},\"author\":{\"name\":\"dorogimedence.hu\",\"@id\":\"https:\\\/\\\/dorogimedence.hu\\\/#\\\/schema\\\/person\\\/ce6091eeb7e95ecdc87890d6aa8e0fd4\"},\"headline\":\"Elismer\u0151 oklev\u00e9lben r\u00e9szes\u00fclt az esztergomi k\u00f3rh\u00e1z\",\"datePublished\":\"2019-07-03T05:17:45+00:00\",\"dateModified\":\"2019-07-03T05:21:58+00:00\",\"mainEntityOfPage\":{\"@id\":\"https:\\\/\\\/dorogimedence.hu\\\/index.php\\\/2019\\\/07\\\/03\\\/elismero-oklevelben-reszesult-az-esztergomi-korhaz\\\/\"},\"wordCount\":337,\"publisher\":{\"@id\":\"https:\\\/\\\/dorogimedence.hu\\\/#organization\"},\"image\":{\"@id\":\"https:\\\/\\\/dorogimedence.hu\\\/index.php\\\/2019\\\/07\\\/03\\\/elismero-oklevelben-reszesult-az-esztergomi-korhaz\\\/#primaryimage\"},\"thumbnailUrl\":\"https:\\\/\\\/dorogimedence.hu\\\/wp-content\\\/uploads\\\/2017\\\/08\\\/egom-korhaz-01.jpg\",\"keywords\":[\"elismer\u00e9s\",\"esztergom\",\"oklev\u00e9l\",\"Vaszary Kolos K\u00f3rh\u00e1z\"],\"articleSection\":[\"Esztergom\",\"H\u00edrek\"],\"inLanguage\":\"hu\"},{\"@type\":\"WebPage\",\"@id\":\"https:\\\/\\\/dorogimedence.hu\\\/index.php\\\/2019\\\/07\\\/03\\\/elismero-oklevelben-reszesult-az-esztergomi-korhaz\\\/\",\"url\":\"https:\\\/\\\/dorogimedence.hu\\\/index.php\\\/2019\\\/07\\\/03\\\/elismero-oklevelben-reszesult-az-esztergomi-korhaz\\\/\",\"name\":\"Elismer\u0151 oklev\u00e9lben r\u00e9szes\u00fclt az esztergomi k\u00f3rh\u00e1z\",\"isPartOf\":{\"@id\":\"https:\\\/\\\/dorogimedence.hu\\\/#website\"},\"primaryImageOfPage\":{\"@id\":\"https:\\\/\\\/dorogimedence.hu\\\/index.php\\\/2019\\\/07\\\/03\\\/elismero-oklevelben-reszesult-az-esztergomi-korhaz\\\/#primaryimage\"},\"image\":{\"@id\":\"https:\\\/\\\/dorogimedence.hu\\\/index.php\\\/2019\\\/07\\\/03\\\/elismero-oklevelben-reszesult-az-esztergomi-korhaz\\\/#primaryimage\"},\"thumbnailUrl\":\"https:\\\/\\\/dorogimedence.hu\\\/wp-content\\\/uploads\\\/2017\\\/08\\\/egom-korhaz-01.jpg\",\"datePublished\":\"2019-07-03T05:17:45+00:00\",\"dateModified\":\"2019-07-03T05:21:58+00:00\",\"breadcrumb\":{\"@id\":\"https:\\\/\\\/dorogimedence.hu\\\/index.php\\\/2019\\\/07\\\/03\\\/elismero-oklevelben-reszesult-az-esztergomi-korhaz\\\/#breadcrumb\"},\"inLanguage\":\"hu\",\"potentialAction\":[{\"@type\":\"ReadAction\",\"target\":[\"https:\\\/\\\/dorogimedence.hu\\\/index.php\\\/2019\\\/07\\\/03\\\/elismero-oklevelben-reszesult-az-esztergomi-korhaz\\\/\"]}]},{\"@type\":\"ImageObject\",\"inLanguage\":\"hu\",\"@id\":\"https:\\\/\\\/dorogimedence.hu\\\/index.php\\\/2019\\\/07\\\/03\\\/elismero-oklevelben-reszesult-az-esztergomi-korhaz\\\/#primaryimage\",\"url\":\"https:\\\/\\\/dorogimedence.hu\\\/wp-content\\\/uploads\\\/2017\\\/08\\\/egom-korhaz-01.jpg\",\"contentUrl\":\"https:\\\/\\\/dorogimedence.hu\\\/wp-content\\\/uploads\\\/2017\\\/08\\\/egom-korhaz-01.jpg\",\"width\":670,\"height\":365},{\"@type\":\"BreadcrumbList\",\"@id\":\"https:\\\/\\\/dorogimedence.hu\\\/index.php\\\/2019\\\/07\\\/03\\\/elismero-oklevelben-reszesult-az-esztergomi-korhaz\\\/#breadcrumb\",\"itemListElement\":[{\"@type\":\"ListItem\",\"position\":1,\"name\":\"Kezd\u0151lap\",\"item\":\"https:\\\/\\\/dorogimedence.hu\\\/\"},{\"@type\":\"ListItem\",\"position\":2,\"name\":\"Elismer\u0151 oklev\u00e9lben r\u00e9szes\u00fclt az esztergomi k\u00f3rh\u00e1z\"}]},{\"@type\":\"WebSite\",\"@id\":\"https:\\\/\\\/dorogimedence.hu\\\/#website\",\"url\":\"https:\\\/\\\/dorogimedence.hu\\\/\",\"name\":\"Dorogi-medence Region\u00e1lis H\u00edrport\u00e1l\",\"description\":\"Dorog, Keszt\u00f6lc, Le\u00e1nyv\u00e1r, Piliscs\u00e9v, Tokod, Tokodalt\u00e1r\u00f3, Csolnok, Esztergom-kertv\u00e1ros: h\u00edrek, programok\",\"publisher\":{\"@id\":\"https:\\\/\\\/dorogimedence.hu\\\/#organization\"},\"potentialAction\":[{\"@type\":\"SearchAction\",\"target\":{\"@type\":\"EntryPoint\",\"urlTemplate\":\"https:\\\/\\\/dorogimedence.hu\\\/?s={search_term_string}\"},\"query-input\":{\"@type\":\"PropertyValueSpecification\",\"valueRequired\":true,\"valueName\":\"search_term_string\"}}],\"inLanguage\":\"hu\"},{\"@type\":\"Organization\",\"@id\":\"https:\\\/\\\/dorogimedence.hu\\\/#organization\",\"name\":\"Dorogi-medence Region\u00e1lis H\u00edrport\u00e1l\",\"url\":\"https:\\\/\\\/dorogimedence.hu\\\/\",\"logo\":{\"@type\":\"ImageObject\",\"inLanguage\":\"hu\",\"@id\":\"https:\\\/\\\/dorogimedence.hu\\\/#\\\/schema\\\/logo\\\/image\\\/\",\"url\":\"https:\\\/\\\/dorogimedence.hu\\\/wp-content\\\/uploads\\\/2021\\\/04\\\/logo-feher-600.png\",\"contentUrl\":\"https:\\\/\\\/dorogimedence.hu\\\/wp-content\\\/uploads\\\/2021\\\/04\\\/logo-feher-600.png\",\"width\":600,\"height\":100,\"caption\":\"Dorogi-medence Region\u00e1lis H\u00edrport\u00e1l\"},\"image\":{\"@id\":\"https:\\\/\\\/dorogimedence.hu\\\/#\\\/schema\\\/logo\\\/image\\\/\"},\"sameAs\":[\"https:\\\/\\\/www.facebook.com\\\/dorogimedence\\\/\"]},{\"@type\":\"Person\",\"@id\":\"https:\\\/\\\/dorogimedence.hu\\\/#\\\/schema\\\/person\\\/ce6091eeb7e95ecdc87890d6aa8e0fd4\",\"name\":\"dorogimedence.hu\",\"image\":{\"@type\":\"ImageObject\",\"inLanguage\":\"hu\",\"@id\":\"\\\/\\\/www.gravatar.com\\\/avatar\\\/d8d45f8901aadff40a4af72c0b826f1d?s=96&#038;r=g&#038;d=mm\",\"url\":\"\\\/\\\/www.gravatar.com\\\/avatar\\\/d8d45f8901aadff40a4af72c0b826f1d?s=96&#038;r=g&#038;d=mm\",\"contentUrl\":\"\\\/\\\/www.gravatar.com\\\/avatar\\\/d8d45f8901aadff40a4af72c0b826f1d?s=96&#038;r=g&#038;d=mm\",\"caption\":\"dorogimedence.hu\"}}]}<\/script>\n<!-- \/ Yoast SEO plugin. -->","yoast_head_json":{"title":"Elismer\u0151 oklev\u00e9lben r\u00e9szes\u00fclt az esztergomi k\u00f3rh\u00e1z","robots":{"index":"index","follow":"follow","max-snippet":"max-snippet:-1","max-image-preview":"max-image-preview:large","max-video-preview":"max-video-preview:-1"},"canonical":"https:\/\/dorogimedence.hu\/index.php\/2019\/07\/03\/elismero-oklevelben-reszesult-az-esztergomi-korhaz\/","og_locale":"hu_HU","og_type":"article","og_title":"Elismer\u0151 oklev\u00e9lben r\u00e9szes\u00fclt az esztergomi k\u00f3rh\u00e1z","og_description":"Kiemelked\u0151 szakmai tev\u00e9kenys\u00e9ge elismer\u00e9sek\u00e9nt miniszteri elismer\u0151 oklev\u00e9lben r\u00e9szes\u00fclt az esztergomi Vaszary Kolos K\u00f3rh\u00e1z Traumatol\u00f3giai Oszt\u00e1lya. A kit\u00fcntet\u00e9st Prof. Dr. K\u00e1sler Mikl\u00f3s, az Emberi Er\u0151forr\u00e1sok Miniszt\u00e9rium\u00e1nak minisztere adom\u00e1nyozta az int\u00e9zm\u00e9nynek. A j\u00falius 1-j\u00e9n az Emberi Er\u0151forr\u00e1sok Miniszt\u00e9rium\u00e1ban megtartott Semmelweis-napi \u00fcnneps\u00e9gen a Sz\u00e9chenyi-d\u00edjas magyar onkol\u00f3gus elmondta, hogy ezen a jeles napon egy olyan emberre eml\u00e9kez\u00fcnk, akit az","og_url":"https:\/\/dorogimedence.hu\/index.php\/2019\/07\/03\/elismero-oklevelben-reszesult-az-esztergomi-korhaz\/","og_site_name":"Dorogi-medence Region\u00e1lis H\u00edrport\u00e1l","article_publisher":"https:\/\/www.facebook.com\/dorogimedence\/","article_published_time":"2019-07-03T05:17:45+00:00","article_modified_time":"2019-07-03T05:21:58+00:00","og_image":[{"width":670,"height":365,"url":"https:\/\/i0.wp.com\/dorogimedence.hu\/wp-content\/uploads\/2017\/08\/egom-korhaz-01.jpg?fit=670%2C365&ssl=1","type":"image\/jpeg"}],"author":"dorogimedence.hu","twitter_card":"summary_large_image","twitter_misc":{"Szerz\u0151:":"dorogimedence.hu","Becs\u00fclt olvas\u00e1si id\u0151":"2 perc"},"schema":{"@context":"https:\/\/schema.org","@graph":[{"@type":"Article","@id":"https:\/\/dorogimedence.hu\/index.php\/2019\/07\/03\/elismero-oklevelben-reszesult-az-esztergomi-korhaz\/#article","isPartOf":{"@id":"https:\/\/dorogimedence.hu\/index.php\/2019\/07\/03\/elismero-oklevelben-reszesult-az-esztergomi-korhaz\/"},"author":{"name":"dorogimedence.hu","@id":"https:\/\/dorogimedence.hu\/#\/schema\/person\/ce6091eeb7e95ecdc87890d6aa8e0fd4"},"headline":"Elismer\u0151 oklev\u00e9lben r\u00e9szes\u00fclt az esztergomi k\u00f3rh\u00e1z","datePublished":"2019-07-03T05:17:45+00:00","dateModified":"2019-07-03T05:21:58+00:00","mainEntityOfPage":{"@id":"https:\/\/dorogimedence.hu\/index.php\/2019\/07\/03\/elismero-oklevelben-reszesult-az-esztergomi-korhaz\/"},"wordCount":337,"publisher":{"@id":"https:\/\/dorogimedence.hu\/#organization"},"image":{"@id":"https:\/\/dorogimedence.hu\/index.php\/2019\/07\/03\/elismero-oklevelben-reszesult-az-esztergomi-korhaz\/#primaryimage"},"thumbnailUrl":"https:\/\/dorogimedence.hu\/wp-content\/uploads\/2017\/08\/egom-korhaz-01.jpg","keywords":["elismer\u00e9s","esztergom","oklev\u00e9l","Vaszary Kolos K\u00f3rh\u00e1z"],"articleSection":["Esztergom","H\u00edrek"],"inLanguage":"hu"},{"@type":"WebPage","@id":"https:\/\/dorogimedence.hu\/index.php\/2019\/07\/03\/elismero-oklevelben-reszesult-az-esztergomi-korhaz\/","url":"https:\/\/dorogimedence.hu\/index.php\/2019\/07\/03\/elismero-oklevelben-reszesult-az-esztergomi-korhaz\/","name":"Elismer\u0151 oklev\u00e9lben r\u00e9szes\u00fclt az esztergomi k\u00f3rh\u00e1z","isPartOf":{"@id":"https:\/\/dorogimedence.hu\/#website"},"primaryImageOfPage":{"@id":"https:\/\/dorogimedence.hu\/index.php\/2019\/07\/03\/elismero-oklevelben-reszesult-az-esztergomi-korhaz\/#primaryimage"},"image":{"@id":"https:\/\/dorogimedence.hu\/index.php\/2019\/07\/03\/elismero-oklevelben-reszesult-az-esztergomi-korhaz\/#primaryimage"},"thumbnailUrl":"https:\/\/dorogimedence.hu\/wp-content\/uploads\/2017\/08\/egom-korhaz-01.jpg","datePublished":"2019-07-03T05:17:45+00:00","dateModified":"2019-07-03T05:21:58+00:00","breadcrumb":{"@id":"https:\/\/dorogimedence.hu\/index.php\/2019\/07\/03\/elismero-oklevelben-reszesult-az-esztergomi-korhaz\/#breadcrumb"},"inLanguage":"hu","potentialAction":[{"@type":"ReadAction","target":["https:\/\/dorogimedence.hu\/index.php\/2019\/07\/03\/elismero-oklevelben-reszesult-az-esztergomi-korhaz\/"]}]},{"@type":"ImageObject","inLanguage":"hu","@id":"https:\/\/dorogimedence.hu\/index.php\/2019\/07\/03\/elismero-oklevelben-reszesult-az-esztergomi-korhaz\/#primaryimage","url":"https:\/\/dorogimedence.hu\/wp-content\/uploads\/2017\/08\/egom-korhaz-01.jpg","contentUrl":"https:\/\/dorogimedence.hu\/wp-content\/uploads\/2017\/08\/egom-korhaz-01.jpg","width":670,"height":365},{"@type":"BreadcrumbList","@id":"https:\/\/dorogimedence.hu\/index.php\/2019\/07\/03\/elismero-oklevelben-reszesult-az-esztergomi-korhaz\/#breadcrumb","itemListElement":[{"@type":"ListItem","position":1,"name":"Kezd\u0151lap","item":"https:\/\/dorogimedence.hu\/"},{"@type":"ListItem","position":2,"name":"Elismer\u0151 oklev\u00e9lben r\u00e9szes\u00fclt az esztergomi k\u00f3rh\u00e1z"}]},{"@type":"WebSite","@id":"https:\/\/dorogimedence.hu\/#website","url":"https:\/\/dorogimedence.hu\/","name":"Dorogi-medence Region\u00e1lis H\u00edrport\u00e1l","description":"Dorog, Keszt\u00f6lc, Le\u00e1nyv\u00e1r, Piliscs\u00e9v, Tokod, Tokodalt\u00e1r\u00f3, Csolnok, Esztergom-kertv\u00e1ros: h\u00edrek, programok","publisher":{"@id":"https:\/\/dorogimedence.hu\/#organization"},"potentialAction":[{"@type":"SearchAction","target":{"@type":"EntryPoint","urlTemplate":"https:\/\/dorogimedence.hu\/?s={search_term_string}"},"query-input":{"@type":"PropertyValueSpecification","valueRequired":true,"valueName":"search_term_string"}}],"inLanguage":"hu"},{"@type":"Organization","@id":"https:\/\/dorogimedence.hu\/#organization","name":"Dorogi-medence Region\u00e1lis H\u00edrport\u00e1l","url":"https:\/\/dorogimedence.hu\/","logo":{"@type":"ImageObject","inLanguage":"hu","@id":"https:\/\/dorogimedence.hu\/#\/schema\/logo\/image\/","url":"https:\/\/dorogimedence.hu\/wp-content\/uploads\/2021\/04\/logo-feher-600.png","contentUrl":"https:\/\/dorogimedence.hu\/wp-content\/uploads\/2021\/04\/logo-feher-600.png","width":600,"height":100,"caption":"Dorogi-medence Region\u00e1lis H\u00edrport\u00e1l"},"image":{"@id":"https:\/\/dorogimedence.hu\/#\/schema\/logo\/image\/"},"sameAs":["https:\/\/www.facebook.com\/dorogimedence\/"]},{"@type":"Person","@id":"https:\/\/dorogimedence.hu\/#\/schema\/person\/ce6091eeb7e95ecdc87890d6aa8e0fd4","name":"dorogimedence.hu","image":{"@type":"ImageObject","inLanguage":"hu","@id":"\/\/www.gravatar.com\/avatar\/d8d45f8901aadff40a4af72c0b826f1d?s=96&#038;r=g&#038;d=mm","url":"\/\/www.gravatar.com\/avatar\/d8d45f8901aadff40a4af72c0b826f1d?s=96&#038;r=g&#038;d=mm","contentUrl":"\/\/www.gravatar.com\/avatar\/d8d45f8901aadff40a4af72c0b826f1d?s=96&#038;r=g&#038;d=mm","caption":"dorogimedence.hu"}}]}},"_links":{"self":[{"href":"https:\/\/dorogimedence.hu\/index.php\/wp-json\/wp\/v2\/posts\/17833","targetHints":{"allow":["GET"]}}],"collection":[{"href":"https:\/\/dorogimedence.hu\/index.php\/wp-json\/wp\/v2\/posts"}],"about":[{"href":"https:\/\/dorogimedence.hu\/index.php\/wp-json\/wp\/v2\/types\/post"}],"author":[{"embeddable":true,"href":"https:\/\/dorogimedence.hu\/index.php\/wp-json\/wp\/v2\/users\/1"}],"replies":[{"embeddable":true,"href":"https:\/\/dorogimedence.hu\/index.php\/wp-json\/wp\/v2\/comments?post=17833"}],"version-history":[{"count":0,"href":"https:\/\/dorogimedence.hu\/index.php\/wp-json\/wp\/v2\/posts\/17833\/revisions"}],"wp:featuredmedia":[{"embeddable":true,"href":"https:\/\/dorogimedence.hu\/index.php\/wp-json\/wp\/v2\/media\/5083"}],"wp:attachment":[{"href":"https:\/\/dorogimedence.hu\/index.php\/wp-json\/wp\/v2\/media?parent=17833"}],"wp:term":[{"taxonomy":"category","embeddable":true,"href":"https:\/\/dorogimedence.hu\/index.php\/wp-json\/wp\/v2\/categories?post=17833"},{"taxonomy":"post_tag","embeddable":true,"href":"https:\/\/dorogimedence.hu\/index.php\/wp-json\/wp\/v2\/tags?post=17833"}],"curies":[{"name":"wp","href":"https:\/\/api.w.org\/{rel}","templated":true}]}}