{"id":17823,"date":"2019-07-02T15:08:19","date_gmt":"2019-07-02T13:08:19","guid":{"rendered":"http:\/\/dorogimedence.hu\/?p=17823"},"modified":"2019-07-02T15:08:19","modified_gmt":"2019-07-02T13:08:19","slug":"szinte-mindenkit-maguk-moge-utasitottak-a-dorogi-vizilabdasok","status":"publish","type":"post","link":"https:\/\/dorogimedence.hu\/index.php\/2019\/07\/02\/szinte-mindenkit-maguk-moge-utasitottak-a-dorogi-vizilabdasok\/","title":{"rendered":"Szinte mindenkit maguk m\u00f6g\u00e9 utas\u00edtottak a dorogi v\u00edzilabd\u00e1sok"},"content":{"rendered":"<p><strong>J\u00fanius 28-30-\u00e1n rendezt\u00e9k meg H\u00f3dmez\u0151v\u00e1s\u00e1rhelyen az amat\u0151r szint\u0171 magyar feln\u0151tt v\u00edzilabda egyik legnagyobb ny\u00e1ri rendezv\u00e9ny\u00e9t, a H\u00f3d-V\u00edzilabda Fesztiv\u00e1lt, amelyen az \u00daj-Hull\u00e1m Sport Egyes\u00fclet valamint a Honv\u00e9d-Dorog v\u00edzilabda szakoszt\u00e1lyai is k\u00e9pviselt\u00e9k Dorogot egy feln\u0151tt koroszt\u00e1ly\u00fa csapattal.<\/strong><\/p>\n<p>Az Obermayer L\u00e1szl\u00f3, Csoma L\u0151rinc, B\u00f6sz\u00f6rm\u00e9nyi Krist\u00f3f, Izs\u00e1k Tam\u00e1s, Botzheim-Gregor Zal\u00e1n, Mogyor\u00f3s D\u00e1niel, Tall\u00e9r Tam\u00e1s, Krist\u00f3ffy Barnab\u00e1s, T\u00e1nczos Marcell, Manninger Marcell, Manninger Mikl\u00f3s, Peterdy B\u00e1lint, T\u00fcske Csan\u00e1d \u00e9s Dinny\u00e9s Soma \u00e1ltal alkotott, Barna P\u00e9ter vezette csapat a B-csoportba kapott besorol\u00e1st. A csoportban a nagyon rutinos \u00e9s \u00e9vek \u00f3ta egy\u00fctt j\u00e1tsz\u00f3 Nagyv\u00e1rad, a p\u00e9csi Retro-F\u00f3k\u00e1k, a B\u00e1nki VSE, a helyi Krema, valamint a sokat meg\u00e9lt G\u00e9p\u00e1llat csapataival kellett megk\u00fczdeni\u00fck a sr\u00e1coknak a 3 nap alatt.<\/p>\n<p>A t\u00f6rt\u00e9net fontos r\u00e9sze az, hogy nagyon kev\u00e9s olyan j\u00e1t\u00e9kos szerepelt a torn\u00e1n az im\u00e9nt eml\u00edtett csapatok k\u00f6z\u00f6tt, akik nem rendelkeznek feln\u0151tt bajnoki tapasztalatokkal, teh\u00e1t a dorogi csapat a maga \u00e1tlag 19-20 \u00e9v\u00e9vel abszol\u00fat a csoport, \u00e9s az eg\u00e9sz torna legfiatalabb g\u00e1rd\u00e1ja volt!<\/p>\n<p><img fetchpriority=\"high\" decoding=\"async\" class=\"alignnone size-full wp-image-17825\" src=\"https:\/\/dorogimedence.hu\/wp-content\/uploads\/2019\/07\/vldorog-02.jpg\" alt=\"\" width=\"670\" height=\"365\" srcset=\"https:\/\/dorogimedence.hu\/wp-content\/uploads\/2019\/07\/vldorog-02.jpg 670w, https:\/\/dorogimedence.hu\/wp-content\/uploads\/2019\/07\/vldorog-02-300x163.jpg 300w\" sizes=\"(max-width: 670px) 100vw, 670px\" \/><\/p>\n<p>A <strong>p\u00e9nteki nap<\/strong> nyit\u00f3m\u00e9rk\u0151z\u00e9se r\u00f6gt\u00f6n a dorogiak\u00e9 volt, ahol a h\u00f3dmez\u0151v\u00e1s\u00e1rhelyi <strong>Krema csapat\u00e1val j\u00e1tszottak<\/strong>. Ez r\u00f6gt\u00f6n j\u00f3 er\u0151felm\u00e9r\u0151 is volt egyben, hiszen az ellenf\u00e9l soraiban t\u00f6bb egykori OB 1-et is megj\u00e1rt j\u00e1t\u00e9kos szerepelt, de a dorogiak a kezdeti megillet\u0151d\u00e9st \u00e1tl\u00e9pve a m\u00e9rk\u0151z\u00e9s v\u00e9g\u00e9re <strong>16-11-es gy\u0151zelmet tudtak aratni<\/strong>. Ez tal\u00e1n egy picit megnyugtatta a csapatot, elhitt\u00e9k, hogy igenis van egy ilyen mez\u0151nyben keresnival\u00f3juk, viszont er\u0151ben is sokat kivett a fi\u00fakb\u00f3l. <strong>A nap m\u00e1sodik m\u00e9rk\u0151z\u00e9s\u00e9n<\/strong> \u2013 m\u00e1r picit d\u00f6c\u00f6gve ugyan \u2013 de <strong>szint\u00e9n siker\u00fclt megszerezni a gy\u0151zelem\u00e9rt j\u00e1r\u00f3 3 pontot<\/strong>. Elmondhat\u00f3 teh\u00e1t, hogy a p\u00f3l\u00f3sok az els\u0151 komoly feln\u0151tt torn\u00e1jukat r\u00f6gt\u00f6n 100%-os teljes\u00edtm\u00e9nnyel kezdt\u00e9k, hiszen az els\u0151 nap mindk\u00e9t m\u00e9rk\u0151z\u00e9s\u00e9t meg tudt\u00e1k nyerni!<\/p>\n<p>A <strong>szombati nap<\/strong> m\u00e1r egy kicsit nehezebben indult, hiszen nyomot hagyott az el\u0151z\u0151 nap, valamint az egyik j\u00e1t\u00e9kosunk f\u00fcle is begyulladt, sz\u00f3val m\u00e1r megtal\u00e1lt\u00e1k a csapatot a kisebb-nagyobb neh\u00e9zs\u00e9gek, r\u00e1ad\u00e1sul a csoport leger\u0151sebb csapat\u00e1val, a <strong>Nagyv\u00e1raddal kezdt\u00e9k <\/strong>a napot. A v\u00e1rtnak megfelel\u0151en nehezen indult a m\u00e9rk\u0151z\u00e9s, a j\u00f3val rutinosabb ellenf\u00e9l pedig egy pillanatra sem engedte ki az \u00f6sszecsap\u00e1st a kez\u00e9b\u0151l, \u00edgy a v\u00e9g\u00e9re egy kicsit el is engedt\u00e9k l\u00e9lekben ezt a m\u00e9rk\u0151z\u00e9st, a m\u00e1sodik j\u00e1t\u00e9knap teh\u00e1t sajnos egy <strong>veres\u00e9ggel kezd\u0151d\u00f6tt<\/strong> a dorogiak sz\u00e1m\u00e1ra.&nbsp; Egy r\u00f6vid pihen\u0151 ut\u00e1n m\u00e1ris \u00fajra v\u00edzbe kellett csobbannia a csapatnak, a nap m\u00e1sodik ellenfele a <strong>B\u00e1nki VSE<\/strong> csapata volt. A m\u00e9rk\u0151z\u00e9s sor\u00e1n v\u00e9gig \u00e9rz\u0151d\u00f6tt a dorogi ifjakon az el\u0151z\u0151 meccs nyoma \u00e9s egyben a bizony\u00edt\u00e1s v\u00e1gy is, sajnos az els\u0151 f\u00e9lid\u0151 4-0 volt az ellenf\u00e9l jav\u00e1ra! Viszont siker\u00fclt \u00e9szhez t\u00e9rni\u00fck, visszany\u00faltunk az el\u0151z\u0151 nap j\u00e1t\u00e9k\u00e1hoz, \u00e9s egy hihetetlen ford\u00edt\u00e1st k\u00f6vet\u0151en v\u00e9g\u00fcl <strong>11-5 ar\u00e1nyban tudtak gy\u0151zelmet <\/strong>aratni. A napnak azonban itt nem mindenkinek \u00e9rt v\u00e9get, hiszen Dinny\u00e9s Soma j\u00e1t\u00e9kos, valamint a G\u00e9p\u00e1llat j\u00e1t\u00e9kosak\u00e9nt a Dorog edz\u0151je, Barna P\u00e9ter is megh\u00edv\u00e1st kapott a torna All-Star csapat\u00e1ba, akik szombat este a Millennium Masters csapata ellen v\u00edvtak g\u00e1lam\u00e9rk\u0151z\u00e9st. Az olimpiai bajnokok csapata itt teljes m\u00e9rt\u00e9kben bebizony\u00edtotta, hogy a kor k\u00f6zel sem l\u00e1tszik rajtuk, \u00e9s <strong>hengerl\u0151 j\u00e1t\u00e9kkal 20-7-es gy\u0151zelmet arattak a torna v\u00e1logatottja ellen<\/strong>. Ezzel egy\u00fctt hatalmas \u00e9lm\u00e9ny volt l\u00e1tni a v\u00edzilabda aranycsapat\u00e1nak tagjait j\u00e1t\u00e9k k\u00f6zben is.<\/p>\n<p><img decoding=\"async\" class=\"alignnone size-full wp-image-17826\" src=\"https:\/\/dorogimedence.hu\/wp-content\/uploads\/2019\/07\/vldorog-05.jpg\" alt=\"\" width=\"670\" height=\"365\" srcset=\"https:\/\/dorogimedence.hu\/wp-content\/uploads\/2019\/07\/vldorog-05.jpg 670w, https:\/\/dorogimedence.hu\/wp-content\/uploads\/2019\/07\/vldorog-05-300x163.jpg 300w\" sizes=\"(max-width: 670px) 100vw, 670px\" \/><\/p>\n<p>A Dorog csapat\u00e1nak m\u00e1r csak egy m\u00e9rk\u0151z\u00e9se maradt vas\u00e1rnapra. A torna rendez\u0151i&nbsp; a h\u00f3dmez\u0151v\u00e1s\u00e1rhelyi uszoda ter\u00fclet\u00e9n egy hatalmas Punnany Massif, Ak26 koncerttel kedveskedtek a nagy\u00e9rdem\u0171nek, illetve term\u00e9szetesen a torna j\u00e1t\u00e9kosainak. A <strong>vas\u00e1rnap<\/strong>i napra teh\u00e1t m\u00e1r csak egy m\u00e9rk\u0151z\u00e9se maradt a csapatnak, az <strong>ellenf\u00e9l<\/strong> pedig a szint\u00e9n hatalmas rutinnal b\u00edr\u00f3 <strong>G\u00e9p\u00e1llat csapata volt<\/strong>. A Legut\u00f3bbi tal\u00e1lkoz\u00e1skor a dorogi torn\u00e1n m\u00e1sf\u00e9l \u00e9ve, a torna d\u00f6nt\u0151j\u00e9ben tal\u00e1lkozott a k\u00e9t csapat, ahol a G\u00e9p\u00e1llat 5-1-es ar\u00e1nyban tudta legy\u0151zni a dorogiakat, \u00edgy \u00e9rett a visszav\u00e1g\u00e1s. Az ellenf\u00e9l csapat\u00e1ban t\u00f6bbek k\u00f6zt a Dorog csapatvezet\u0151je, Barna P\u00e9ter is j\u00e1tszott, azonban tal\u00e1n a lehets\u00e9ges \u00f6sszeesk\u00fcv\u00e9s elm\u00e9letek elker\u00fcl\u00e9se v\u00e9gett nagyon gyorsan kipontozta mag\u00e1t, \u00edgy a partr\u00f3l tudta seg\u00edteni mindk\u00e9t csapat\u00e1t. Az utols\u00f3 negyed egy v\u00e9gletekig ki\u00e9lezett j\u00e1t\u00e9kot hozott, amit a v\u00e9geredm\u00e9ny is t\u00f6k\u00e9letesen t\u00fckr\u00f6z\u00f6tt, <strong>6-6-os d\u00f6ntetlen sz\u00fcletett<\/strong> a z\u00e1r\u00f3m\u00e9rk\u0151z\u00e9sen, teh\u00e1t az el\u0151rel\u00e9p\u00e9s megk\u00e9rd\u0151jelezhetetlen.<\/p>\n<p><img decoding=\"async\" class=\"alignnone size-full wp-image-17827\" src=\"https:\/\/dorogimedence.hu\/wp-content\/uploads\/2019\/07\/vldorog-04.jpg\" alt=\"\" width=\"670\" height=\"365\" srcset=\"https:\/\/dorogimedence.hu\/wp-content\/uploads\/2019\/07\/vldorog-04.jpg 670w, https:\/\/dorogimedence.hu\/wp-content\/uploads\/2019\/07\/vldorog-04-300x163.jpg 300w\" sizes=\"(max-width: 670px) 100vw, 670px\" \/><\/p>\n<p>Az eredm\u00e9nyeknek k\u00f6sz\u00f6nhet\u0151en a dorogi fiatalok \u00edgy a torna 2. hely\u00e9n tudtak v\u00e9gezni, ami hihetetlen nagy eredm\u00e9ny egy olyan mez\u0151nyben, ahol az ellenfelek szinte mindegyike t\u00f6bb rutinnal \u00e9s tapasztalattal b\u00edr\u00f3 j\u00e1t\u00e9kosokb\u00f3l \u00e1llnak.<\/p>\n<p>Hatalmas gratul\u00e1cia a csapatnak! Barna P\u00e9ter edz\u0151 j\u00f3 nyaral\u00e1st \u00e9s a j\u00f6v\u0151ben hasonl\u00f3 eredm\u00e9nyeket k\u00edv\u00e1n, mert ez a csapat nagyon meg\u00e9rdemli, hogy egy\u00fctt maradjanak!<\/p>\n<p><em><strong>Barna P\u00e9ter (Edz\u0151, Honv\u00e9d-Dorog)<\/strong><\/em><\/p>\n<p><em>Hivatkoz\u00e1sok:<\/em><\/p>\n<p><span style=\"text-decoration: underline; color: #0000ff;\"><a style=\"color: #0000ff;\" href=\"https:\/\/www.promenad.hu\/2019\/07\/01\/a-vac-senso-media-es-a-nagyvarad-lettek-az-i-hod-vizilabda-fesztival-bajnokai\/\" target=\"_blank\" rel=\"noopener noreferrer\"><em>A V\u00e1c Senso-Media \u00e9s a Nagyv\u00e1rad lettek az I. H\u00f3d-v\u00edzilabda Fesztiv\u00e1l bajnokai&gt;&gt;<\/em><\/a><\/span><\/p>\n<p><span style=\"text-decoration: underline; color: #0000ff;\"><a style=\"color: #0000ff;\" href=\"https:\/\/www.delmagyar.hu\/sport\/regionk_amator_valogatottja_elete_meccset_vivta_vasarhelyen_az_olimpiai_bajnok_legendak_ellen\/\" target=\"_blank\" rel=\"noopener noreferrer\"><em>R\u00e9gi\u00f3nk amat\u0151r v\u00e1logatottja \u00e9lete meccs\u00e9t v\u00edvta V\u00e1s\u00e1rhelyen az olimpiai bajnok legend\u00e1k ellen&gt;&gt;<\/em><\/a><\/span><\/p>\n<p>&nbsp;<\/p>\n","protected":false},"excerpt":{"rendered":"<p>J\u00fanius 28-30-\u00e1n rendezt\u00e9k meg H\u00f3dmez\u0151v\u00e1s\u00e1rhelyen az amat\u0151r szint\u0171 magyar feln\u0151tt v\u00edzilabda egyik legnagyobb ny\u00e1ri rendezv\u00e9ny\u00e9t, a H\u00f3d-V\u00edzilabda Fesztiv\u00e1lt, amelyen az \u00daj-Hull\u00e1m Sport Egyes\u00fclet valamint a Honv\u00e9d-Dorog v\u00edzilabda szakoszt\u00e1lyai is k\u00e9pviselt\u00e9k Dorogot egy feln\u0151tt koroszt\u00e1ly\u00fa csapattal. Az Obermayer L\u00e1szl\u00f3, Csoma L\u0151rinc, B\u00f6sz\u00f6rm\u00e9nyi Krist\u00f3f, Izs\u00e1k Tam\u00e1s, Botzheim-Gregor Zal\u00e1n, Mogyor\u00f3s D\u00e1niel, Tall\u00e9r Tam\u00e1s, Krist\u00f3ffy Barnab\u00e1s, T\u00e1nczos Marcell, Manninger<\/p>\n","protected":false},"author":1,"featured_media":17824,"comment_status":"closed","ping_status":"closed","sticky":false,"template":"","format":"standard","meta":{"ngg_post_thumbnail":0,"footnotes":""},"categories":[2,3,5],"tags":[15,3095,16,46,202,4045],"class_list":{"0":"post-17823","1":"post","2":"type-post","3":"status-publish","4":"format-standard","5":"has-post-thumbnail","7":"category-dorog","8":"category-hirek","9":"category-sport","10":"tag-dorog","11":"tag-honved-dorog","12":"tag-sport","13":"tag-uj-hullam-se","14":"tag-vizilabda","15":"tag-vizilabda-bajnoksag"},"yoast_head":"<!-- This site is optimized with the Yoast SEO plugin v27.5 - https:\/\/yoast.com\/product\/yoast-seo-wordpress\/ -->\n<title>Szinte mindenkit maguk m\u00f6g\u00e9 utas\u00edtottak a dorogi v\u00edzilabd\u00e1sok<\/title>\n<meta name=\"robots\" content=\"index, follow, max-snippet:-1, max-image-preview:large, max-video-preview:-1\" \/>\n<link rel=\"canonical\" href=\"https:\/\/dorogimedence.hu\/index.php\/2019\/07\/02\/szinte-mindenkit-maguk-moge-utasitottak-a-dorogi-vizilabdasok\/\" class=\"yoast-seo-meta-tag\" \/>\n<meta property=\"og:locale\" content=\"hu_HU\" class=\"yoast-seo-meta-tag\" \/>\n<meta property=\"og:type\" content=\"article\" class=\"yoast-seo-meta-tag\" \/>\n<meta property=\"og:title\" content=\"Szinte mindenkit maguk m\u00f6g\u00e9 utas\u00edtottak a dorogi v\u00edzilabd\u00e1sok\" class=\"yoast-seo-meta-tag\" \/>\n<meta property=\"og:description\" content=\"J\u00fanius 28-30-\u00e1n rendezt\u00e9k meg H\u00f3dmez\u0151v\u00e1s\u00e1rhelyen az amat\u0151r szint\u0171 magyar feln\u0151tt v\u00edzilabda egyik legnagyobb ny\u00e1ri rendezv\u00e9ny\u00e9t, a H\u00f3d-V\u00edzilabda Fesztiv\u00e1lt, amelyen az \u00daj-Hull\u00e1m Sport Egyes\u00fclet valamint a Honv\u00e9d-Dorog v\u00edzilabda szakoszt\u00e1lyai is k\u00e9pviselt\u00e9k Dorogot egy feln\u0151tt koroszt\u00e1ly\u00fa csapattal. Az Obermayer L\u00e1szl\u00f3, Csoma L\u0151rinc, B\u00f6sz\u00f6rm\u00e9nyi Krist\u00f3f, Izs\u00e1k Tam\u00e1s, Botzheim-Gregor Zal\u00e1n, Mogyor\u00f3s D\u00e1niel, Tall\u00e9r Tam\u00e1s, Krist\u00f3ffy Barnab\u00e1s, T\u00e1nczos Marcell, Manninger\" class=\"yoast-seo-meta-tag\" \/>\n<meta property=\"og:url\" content=\"https:\/\/dorogimedence.hu\/index.php\/2019\/07\/02\/szinte-mindenkit-maguk-moge-utasitottak-a-dorogi-vizilabdasok\/\" class=\"yoast-seo-meta-tag\" \/>\n<meta property=\"og:site_name\" content=\"Dorogi-medence Region\u00e1lis H\u00edrport\u00e1l\" class=\"yoast-seo-meta-tag\" \/>\n<meta property=\"article:publisher\" content=\"https:\/\/www.facebook.com\/dorogimedence\/\" class=\"yoast-seo-meta-tag\" \/>\n<meta property=\"article:published_time\" content=\"2019-07-02T13:08:19+00:00\" class=\"yoast-seo-meta-tag\" \/>\n<meta property=\"og:image\" content=\"https:\/\/i0.wp.com\/dorogimedence.hu\/wp-content\/uploads\/2019\/07\/vldorog-01.jpg?fit=670%2C365&ssl=1\" class=\"yoast-seo-meta-tag\" \/>\n\t<meta property=\"og:image:width\" content=\"670\" class=\"yoast-seo-meta-tag\" \/>\n\t<meta property=\"og:image:height\" content=\"365\" class=\"yoast-seo-meta-tag\" \/>\n\t<meta property=\"og:image:type\" content=\"image\/jpeg\" class=\"yoast-seo-meta-tag\" \/>\n<meta name=\"author\" content=\"dorogimedence.hu\" class=\"yoast-seo-meta-tag\" \/>\n<meta name=\"twitter:card\" content=\"summary_large_image\" class=\"yoast-seo-meta-tag\" \/>\n<meta name=\"twitter:label1\" content=\"Szerz\u0151:\" class=\"yoast-seo-meta-tag\" \/>\n\t<meta name=\"twitter:data1\" content=\"dorogimedence.hu\" class=\"yoast-seo-meta-tag\" \/>\n\t<meta name=\"twitter:label2\" content=\"Becs\u00fclt olvas\u00e1si id\u0151\" class=\"yoast-seo-meta-tag\" \/>\n\t<meta name=\"twitter:data2\" content=\"6 perc\" class=\"yoast-seo-meta-tag\" \/>\n<script type=\"application\/ld+json\" class=\"yoast-schema-graph\">{\"@context\":\"https:\\\/\\\/schema.org\",\"@graph\":[{\"@type\":\"Article\",\"@id\":\"https:\\\/\\\/dorogimedence.hu\\\/index.php\\\/2019\\\/07\\\/02\\\/szinte-mindenkit-maguk-moge-utasitottak-a-dorogi-vizilabdasok\\\/#article\",\"isPartOf\":{\"@id\":\"https:\\\/\\\/dorogimedence.hu\\\/index.php\\\/2019\\\/07\\\/02\\\/szinte-mindenkit-maguk-moge-utasitottak-a-dorogi-vizilabdasok\\\/\"},\"author\":{\"name\":\"dorogimedence.hu\",\"@id\":\"https:\\\/\\\/dorogimedence.hu\\\/#\\\/schema\\\/person\\\/ce6091eeb7e95ecdc87890d6aa8e0fd4\"},\"headline\":\"Szinte mindenkit maguk m\u00f6g\u00e9 utas\u00edtottak a dorogi v\u00edzilabd\u00e1sok\",\"datePublished\":\"2019-07-02T13:08:19+00:00\",\"mainEntityOfPage\":{\"@id\":\"https:\\\/\\\/dorogimedence.hu\\\/index.php\\\/2019\\\/07\\\/02\\\/szinte-mindenkit-maguk-moge-utasitottak-a-dorogi-vizilabdasok\\\/\"},\"wordCount\":1118,\"publisher\":{\"@id\":\"https:\\\/\\\/dorogimedence.hu\\\/#organization\"},\"image\":{\"@id\":\"https:\\\/\\\/dorogimedence.hu\\\/index.php\\\/2019\\\/07\\\/02\\\/szinte-mindenkit-maguk-moge-utasitottak-a-dorogi-vizilabdasok\\\/#primaryimage\"},\"thumbnailUrl\":\"https:\\\/\\\/dorogimedence.hu\\\/wp-content\\\/uploads\\\/2019\\\/07\\\/vldorog-01.jpg\",\"keywords\":[\"Dorog\",\"Honv\u00e9d Dorog\",\"sport\",\"\u00daj-Hull\u00e1m SE\",\"v\u00edzilabda\",\"v\u00edzilabda bajnoks\u00e1g\"],\"articleSection\":[\"Dorog\",\"H\u00edrek\",\"Sport\"],\"inLanguage\":\"hu\"},{\"@type\":\"WebPage\",\"@id\":\"https:\\\/\\\/dorogimedence.hu\\\/index.php\\\/2019\\\/07\\\/02\\\/szinte-mindenkit-maguk-moge-utasitottak-a-dorogi-vizilabdasok\\\/\",\"url\":\"https:\\\/\\\/dorogimedence.hu\\\/index.php\\\/2019\\\/07\\\/02\\\/szinte-mindenkit-maguk-moge-utasitottak-a-dorogi-vizilabdasok\\\/\",\"name\":\"Szinte mindenkit maguk m\u00f6g\u00e9 utas\u00edtottak a dorogi v\u00edzilabd\u00e1sok\",\"isPartOf\":{\"@id\":\"https:\\\/\\\/dorogimedence.hu\\\/#website\"},\"primaryImageOfPage\":{\"@id\":\"https:\\\/\\\/dorogimedence.hu\\\/index.php\\\/2019\\\/07\\\/02\\\/szinte-mindenkit-maguk-moge-utasitottak-a-dorogi-vizilabdasok\\\/#primaryimage\"},\"image\":{\"@id\":\"https:\\\/\\\/dorogimedence.hu\\\/index.php\\\/2019\\\/07\\\/02\\\/szinte-mindenkit-maguk-moge-utasitottak-a-dorogi-vizilabdasok\\\/#primaryimage\"},\"thumbnailUrl\":\"https:\\\/\\\/dorogimedence.hu\\\/wp-content\\\/uploads\\\/2019\\\/07\\\/vldorog-01.jpg\",\"datePublished\":\"2019-07-02T13:08:19+00:00\",\"breadcrumb\":{\"@id\":\"https:\\\/\\\/dorogimedence.hu\\\/index.php\\\/2019\\\/07\\\/02\\\/szinte-mindenkit-maguk-moge-utasitottak-a-dorogi-vizilabdasok\\\/#breadcrumb\"},\"inLanguage\":\"hu\",\"potentialAction\":[{\"@type\":\"ReadAction\",\"target\":[\"https:\\\/\\\/dorogimedence.hu\\\/index.php\\\/2019\\\/07\\\/02\\\/szinte-mindenkit-maguk-moge-utasitottak-a-dorogi-vizilabdasok\\\/\"]}]},{\"@type\":\"ImageObject\",\"inLanguage\":\"hu\",\"@id\":\"https:\\\/\\\/dorogimedence.hu\\\/index.php\\\/2019\\\/07\\\/02\\\/szinte-mindenkit-maguk-moge-utasitottak-a-dorogi-vizilabdasok\\\/#primaryimage\",\"url\":\"https:\\\/\\\/dorogimedence.hu\\\/wp-content\\\/uploads\\\/2019\\\/07\\\/vldorog-01.jpg\",\"contentUrl\":\"https:\\\/\\\/dorogimedence.hu\\\/wp-content\\\/uploads\\\/2019\\\/07\\\/vldorog-01.jpg\",\"width\":670,\"height\":365},{\"@type\":\"BreadcrumbList\",\"@id\":\"https:\\\/\\\/dorogimedence.hu\\\/index.php\\\/2019\\\/07\\\/02\\\/szinte-mindenkit-maguk-moge-utasitottak-a-dorogi-vizilabdasok\\\/#breadcrumb\",\"itemListElement\":[{\"@type\":\"ListItem\",\"position\":1,\"name\":\"Kezd\u0151lap\",\"item\":\"https:\\\/\\\/dorogimedence.hu\\\/\"},{\"@type\":\"ListItem\",\"position\":2,\"name\":\"Szinte mindenkit maguk m\u00f6g\u00e9 utas\u00edtottak a dorogi v\u00edzilabd\u00e1sok\"}]},{\"@type\":\"WebSite\",\"@id\":\"https:\\\/\\\/dorogimedence.hu\\\/#website\",\"url\":\"https:\\\/\\\/dorogimedence.hu\\\/\",\"name\":\"Dorogi-medence Region\u00e1lis H\u00edrport\u00e1l\",\"description\":\"Dorog, Keszt\u00f6lc, Le\u00e1nyv\u00e1r, Piliscs\u00e9v, Tokod, Tokodalt\u00e1r\u00f3, Csolnok, Esztergom-kertv\u00e1ros: h\u00edrek, programok\",\"publisher\":{\"@id\":\"https:\\\/\\\/dorogimedence.hu\\\/#organization\"},\"potentialAction\":[{\"@type\":\"SearchAction\",\"target\":{\"@type\":\"EntryPoint\",\"urlTemplate\":\"https:\\\/\\\/dorogimedence.hu\\\/?s={search_term_string}\"},\"query-input\":{\"@type\":\"PropertyValueSpecification\",\"valueRequired\":true,\"valueName\":\"search_term_string\"}}],\"inLanguage\":\"hu\"},{\"@type\":\"Organization\",\"@id\":\"https:\\\/\\\/dorogimedence.hu\\\/#organization\",\"name\":\"Dorogi-medence Region\u00e1lis H\u00edrport\u00e1l\",\"url\":\"https:\\\/\\\/dorogimedence.hu\\\/\",\"logo\":{\"@type\":\"ImageObject\",\"inLanguage\":\"hu\",\"@id\":\"https:\\\/\\\/dorogimedence.hu\\\/#\\\/schema\\\/logo\\\/image\\\/\",\"url\":\"https:\\\/\\\/dorogimedence.hu\\\/wp-content\\\/uploads\\\/2021\\\/04\\\/logo-feher-600.png\",\"contentUrl\":\"https:\\\/\\\/dorogimedence.hu\\\/wp-content\\\/uploads\\\/2021\\\/04\\\/logo-feher-600.png\",\"width\":600,\"height\":100,\"caption\":\"Dorogi-medence Region\u00e1lis H\u00edrport\u00e1l\"},\"image\":{\"@id\":\"https:\\\/\\\/dorogimedence.hu\\\/#\\\/schema\\\/logo\\\/image\\\/\"},\"sameAs\":[\"https:\\\/\\\/www.facebook.com\\\/dorogimedence\\\/\"]},{\"@type\":\"Person\",\"@id\":\"https:\\\/\\\/dorogimedence.hu\\\/#\\\/schema\\\/person\\\/ce6091eeb7e95ecdc87890d6aa8e0fd4\",\"name\":\"dorogimedence.hu\",\"image\":{\"@type\":\"ImageObject\",\"inLanguage\":\"hu\",\"@id\":\"\\\/\\\/www.gravatar.com\\\/avatar\\\/d8d45f8901aadff40a4af72c0b826f1d?s=96&#038;r=g&#038;d=mm\",\"url\":\"\\\/\\\/www.gravatar.com\\\/avatar\\\/d8d45f8901aadff40a4af72c0b826f1d?s=96&#038;r=g&#038;d=mm\",\"contentUrl\":\"\\\/\\\/www.gravatar.com\\\/avatar\\\/d8d45f8901aadff40a4af72c0b826f1d?s=96&#038;r=g&#038;d=mm\",\"caption\":\"dorogimedence.hu\"}}]}<\/script>\n<!-- \/ Yoast SEO plugin. -->","yoast_head_json":{"title":"Szinte mindenkit maguk m\u00f6g\u00e9 utas\u00edtottak a dorogi v\u00edzilabd\u00e1sok","robots":{"index":"index","follow":"follow","max-snippet":"max-snippet:-1","max-image-preview":"max-image-preview:large","max-video-preview":"max-video-preview:-1"},"canonical":"https:\/\/dorogimedence.hu\/index.php\/2019\/07\/02\/szinte-mindenkit-maguk-moge-utasitottak-a-dorogi-vizilabdasok\/","og_locale":"hu_HU","og_type":"article","og_title":"Szinte mindenkit maguk m\u00f6g\u00e9 utas\u00edtottak a dorogi v\u00edzilabd\u00e1sok","og_description":"J\u00fanius 28-30-\u00e1n rendezt\u00e9k meg H\u00f3dmez\u0151v\u00e1s\u00e1rhelyen az amat\u0151r szint\u0171 magyar feln\u0151tt v\u00edzilabda egyik legnagyobb ny\u00e1ri rendezv\u00e9ny\u00e9t, a H\u00f3d-V\u00edzilabda Fesztiv\u00e1lt, amelyen az \u00daj-Hull\u00e1m Sport Egyes\u00fclet valamint a Honv\u00e9d-Dorog v\u00edzilabda szakoszt\u00e1lyai is k\u00e9pviselt\u00e9k Dorogot egy feln\u0151tt koroszt\u00e1ly\u00fa csapattal. Az Obermayer L\u00e1szl\u00f3, Csoma L\u0151rinc, B\u00f6sz\u00f6rm\u00e9nyi Krist\u00f3f, Izs\u00e1k Tam\u00e1s, Botzheim-Gregor Zal\u00e1n, Mogyor\u00f3s D\u00e1niel, Tall\u00e9r Tam\u00e1s, Krist\u00f3ffy Barnab\u00e1s, T\u00e1nczos Marcell, Manninger","og_url":"https:\/\/dorogimedence.hu\/index.php\/2019\/07\/02\/szinte-mindenkit-maguk-moge-utasitottak-a-dorogi-vizilabdasok\/","og_site_name":"Dorogi-medence Region\u00e1lis H\u00edrport\u00e1l","article_publisher":"https:\/\/www.facebook.com\/dorogimedence\/","article_published_time":"2019-07-02T13:08:19+00:00","og_image":[{"width":670,"height":365,"url":"https:\/\/i0.wp.com\/dorogimedence.hu\/wp-content\/uploads\/2019\/07\/vldorog-01.jpg?fit=670%2C365&ssl=1","type":"image\/jpeg"}],"author":"dorogimedence.hu","twitter_card":"summary_large_image","twitter_misc":{"Szerz\u0151:":"dorogimedence.hu","Becs\u00fclt olvas\u00e1si id\u0151":"6 perc"},"schema":{"@context":"https:\/\/schema.org","@graph":[{"@type":"Article","@id":"https:\/\/dorogimedence.hu\/index.php\/2019\/07\/02\/szinte-mindenkit-maguk-moge-utasitottak-a-dorogi-vizilabdasok\/#article","isPartOf":{"@id":"https:\/\/dorogimedence.hu\/index.php\/2019\/07\/02\/szinte-mindenkit-maguk-moge-utasitottak-a-dorogi-vizilabdasok\/"},"author":{"name":"dorogimedence.hu","@id":"https:\/\/dorogimedence.hu\/#\/schema\/person\/ce6091eeb7e95ecdc87890d6aa8e0fd4"},"headline":"Szinte mindenkit maguk m\u00f6g\u00e9 utas\u00edtottak a dorogi v\u00edzilabd\u00e1sok","datePublished":"2019-07-02T13:08:19+00:00","mainEntityOfPage":{"@id":"https:\/\/dorogimedence.hu\/index.php\/2019\/07\/02\/szinte-mindenkit-maguk-moge-utasitottak-a-dorogi-vizilabdasok\/"},"wordCount":1118,"publisher":{"@id":"https:\/\/dorogimedence.hu\/#organization"},"image":{"@id":"https:\/\/dorogimedence.hu\/index.php\/2019\/07\/02\/szinte-mindenkit-maguk-moge-utasitottak-a-dorogi-vizilabdasok\/#primaryimage"},"thumbnailUrl":"https:\/\/dorogimedence.hu\/wp-content\/uploads\/2019\/07\/vldorog-01.jpg","keywords":["Dorog","Honv\u00e9d Dorog","sport","\u00daj-Hull\u00e1m SE","v\u00edzilabda","v\u00edzilabda bajnoks\u00e1g"],"articleSection":["Dorog","H\u00edrek","Sport"],"inLanguage":"hu"},{"@type":"WebPage","@id":"https:\/\/dorogimedence.hu\/index.php\/2019\/07\/02\/szinte-mindenkit-maguk-moge-utasitottak-a-dorogi-vizilabdasok\/","url":"https:\/\/dorogimedence.hu\/index.php\/2019\/07\/02\/szinte-mindenkit-maguk-moge-utasitottak-a-dorogi-vizilabdasok\/","name":"Szinte mindenkit maguk m\u00f6g\u00e9 utas\u00edtottak a dorogi v\u00edzilabd\u00e1sok","isPartOf":{"@id":"https:\/\/dorogimedence.hu\/#website"},"primaryImageOfPage":{"@id":"https:\/\/dorogimedence.hu\/index.php\/2019\/07\/02\/szinte-mindenkit-maguk-moge-utasitottak-a-dorogi-vizilabdasok\/#primaryimage"},"image":{"@id":"https:\/\/dorogimedence.hu\/index.php\/2019\/07\/02\/szinte-mindenkit-maguk-moge-utasitottak-a-dorogi-vizilabdasok\/#primaryimage"},"thumbnailUrl":"https:\/\/dorogimedence.hu\/wp-content\/uploads\/2019\/07\/vldorog-01.jpg","datePublished":"2019-07-02T13:08:19+00:00","breadcrumb":{"@id":"https:\/\/dorogimedence.hu\/index.php\/2019\/07\/02\/szinte-mindenkit-maguk-moge-utasitottak-a-dorogi-vizilabdasok\/#breadcrumb"},"inLanguage":"hu","potentialAction":[{"@type":"ReadAction","target":["https:\/\/dorogimedence.hu\/index.php\/2019\/07\/02\/szinte-mindenkit-maguk-moge-utasitottak-a-dorogi-vizilabdasok\/"]}]},{"@type":"ImageObject","inLanguage":"hu","@id":"https:\/\/dorogimedence.hu\/index.php\/2019\/07\/02\/szinte-mindenkit-maguk-moge-utasitottak-a-dorogi-vizilabdasok\/#primaryimage","url":"https:\/\/dorogimedence.hu\/wp-content\/uploads\/2019\/07\/vldorog-01.jpg","contentUrl":"https:\/\/dorogimedence.hu\/wp-content\/uploads\/2019\/07\/vldorog-01.jpg","width":670,"height":365},{"@type":"BreadcrumbList","@id":"https:\/\/dorogimedence.hu\/index.php\/2019\/07\/02\/szinte-mindenkit-maguk-moge-utasitottak-a-dorogi-vizilabdasok\/#breadcrumb","itemListElement":[{"@type":"ListItem","position":1,"name":"Kezd\u0151lap","item":"https:\/\/dorogimedence.hu\/"},{"@type":"ListItem","position":2,"name":"Szinte mindenkit maguk m\u00f6g\u00e9 utas\u00edtottak a dorogi v\u00edzilabd\u00e1sok"}]},{"@type":"WebSite","@id":"https:\/\/dorogimedence.hu\/#website","url":"https:\/\/dorogimedence.hu\/","name":"Dorogi-medence Region\u00e1lis H\u00edrport\u00e1l","description":"Dorog, Keszt\u00f6lc, Le\u00e1nyv\u00e1r, Piliscs\u00e9v, Tokod, Tokodalt\u00e1r\u00f3, Csolnok, Esztergom-kertv\u00e1ros: h\u00edrek, programok","publisher":{"@id":"https:\/\/dorogimedence.hu\/#organization"},"potentialAction":[{"@type":"SearchAction","target":{"@type":"EntryPoint","urlTemplate":"https:\/\/dorogimedence.hu\/?s={search_term_string}"},"query-input":{"@type":"PropertyValueSpecification","valueRequired":true,"valueName":"search_term_string"}}],"inLanguage":"hu"},{"@type":"Organization","@id":"https:\/\/dorogimedence.hu\/#organization","name":"Dorogi-medence Region\u00e1lis H\u00edrport\u00e1l","url":"https:\/\/dorogimedence.hu\/","logo":{"@type":"ImageObject","inLanguage":"hu","@id":"https:\/\/dorogimedence.hu\/#\/schema\/logo\/image\/","url":"https:\/\/dorogimedence.hu\/wp-content\/uploads\/2021\/04\/logo-feher-600.png","contentUrl":"https:\/\/dorogimedence.hu\/wp-content\/uploads\/2021\/04\/logo-feher-600.png","width":600,"height":100,"caption":"Dorogi-medence Region\u00e1lis H\u00edrport\u00e1l"},"image":{"@id":"https:\/\/dorogimedence.hu\/#\/schema\/logo\/image\/"},"sameAs":["https:\/\/www.facebook.com\/dorogimedence\/"]},{"@type":"Person","@id":"https:\/\/dorogimedence.hu\/#\/schema\/person\/ce6091eeb7e95ecdc87890d6aa8e0fd4","name":"dorogimedence.hu","image":{"@type":"ImageObject","inLanguage":"hu","@id":"\/\/www.gravatar.com\/avatar\/d8d45f8901aadff40a4af72c0b826f1d?s=96&#038;r=g&#038;d=mm","url":"\/\/www.gravatar.com\/avatar\/d8d45f8901aadff40a4af72c0b826f1d?s=96&#038;r=g&#038;d=mm","contentUrl":"\/\/www.gravatar.com\/avatar\/d8d45f8901aadff40a4af72c0b826f1d?s=96&#038;r=g&#038;d=mm","caption":"dorogimedence.hu"}}]}},"_links":{"self":[{"href":"https:\/\/dorogimedence.hu\/index.php\/wp-json\/wp\/v2\/posts\/17823","targetHints":{"allow":["GET"]}}],"collection":[{"href":"https:\/\/dorogimedence.hu\/index.php\/wp-json\/wp\/v2\/posts"}],"about":[{"href":"https:\/\/dorogimedence.hu\/index.php\/wp-json\/wp\/v2\/types\/post"}],"author":[{"embeddable":true,"href":"https:\/\/dorogimedence.hu\/index.php\/wp-json\/wp\/v2\/users\/1"}],"replies":[{"embeddable":true,"href":"https:\/\/dorogimedence.hu\/index.php\/wp-json\/wp\/v2\/comments?post=17823"}],"version-history":[{"count":0,"href":"https:\/\/dorogimedence.hu\/index.php\/wp-json\/wp\/v2\/posts\/17823\/revisions"}],"wp:featuredmedia":[{"embeddable":true,"href":"https:\/\/dorogimedence.hu\/index.php\/wp-json\/wp\/v2\/media\/17824"}],"wp:attachment":[{"href":"https:\/\/dorogimedence.hu\/index.php\/wp-json\/wp\/v2\/media?parent=17823"}],"wp:term":[{"taxonomy":"category","embeddable":true,"href":"https:\/\/dorogimedence.hu\/index.php\/wp-json\/wp\/v2\/categories?post=17823"},{"taxonomy":"post_tag","embeddable":true,"href":"https:\/\/dorogimedence.hu\/index.php\/wp-json\/wp\/v2\/tags?post=17823"}],"curies":[{"name":"wp","href":"https:\/\/api.w.org\/{rel}","templated":true}]}}