{"id":1782,"date":"2017-03-25T08:31:30","date_gmt":"2017-03-25T07:31:30","guid":{"rendered":"http:\/\/dorogimedence.hu\/?p=1782"},"modified":"2017-03-25T08:31:30","modified_gmt":"2017-03-25T07:31:30","slug":"akkor-es-most-jarmu-expo","status":"publish","type":"post","link":"https:\/\/dorogimedence.hu\/index.php\/2017\/03\/25\/akkor-es-most-jarmu-expo\/","title":{"rendered":"Akkor \u00e9s Most J\u00e1rm\u0171 Expo"},"content":{"rendered":"<p><strong>\u00c1prilis 29-e \u00e9s m\u00e1jus 1-je k\u00f6z\u00f6tt Akkor \u00e9s Most J\u00e1rm\u0171 Expoval egybek\u00f6t\u00f6tt Lampionos Haj\u00f3s Felvonul\u00e1st \u00e9s Maj\u00e1lis Zenei Fesztiv\u00e1lt rendeznek Esztergomban a Rugby Club Hotel rendezv\u00e9nyter\u00fclet\u00e9n.<\/strong><\/p>\n<p><em><span style=\"color: #ff0000;\">A rendezv\u00e9ny r\u00e9szleteir\u0151l a Dorogi-medence Region\u00e1lis H\u00edrport\u00e1l Tank\u00f3 J\u00f3zsefet, az Akkor \u00e9s Most J\u00e1rm\u0171 Expo 2017 kommunik\u00e1ci\u00f3s munkat\u00e1rs\u00e1t k\u00e9rdezte.<\/span><\/em><\/p>\n<p>Tank\u00f3 J\u00f3zsef elmondta, hogy a J\u00e1rm\u0171 Expo mellett a Maj\u00e1lis Zenei Fesztiv\u00e1l p\u00e1rhuzamosan fut a Rugby Club Hotel rendezv\u00e9nyter\u00fclet\u00e9n, a Lampionos Haj\u00f3s Felvonul\u00e1s pedig a Kis-Dun\u00e1n lesz. Hozz\u00e1tette, hogy tavaly volt az els\u0151 J\u00e1rm\u0171 Expo Esztergomban, ami hatalmas sikert aratott, ez\u00e9rt id\u00e9n is megrendezik.<\/p>\n<p>Megk\u00e9rdezt\u00fck milyen j\u00e1rm\u0171vekkel tal\u00e1lkozhatunk az esem\u00e9nyen. Kider\u00fclt, hogy az Akkor \u00e9s Most J\u00e1rm\u0171 Expo keretein bel\u00fcl veter\u00e1n aut\u00f3k, ker\u00e9kp\u00e1rok, motorok mellett rep\u00fcl\u0151g\u00e9peket, motorcs\u00f3nakokat \u00e9s sok m\u00e1s egy\u00e9b izgalmas l\u00e1tnival\u00f3t tekinthet\u00fcnk meg, ami egyar\u00e1nt \u00e9rdekes lehet a gyermekeknek \u00e9s feln\u0151tteknek is. A veter\u00e1n j\u00e1rm\u0171vek mellett, term\u00e9szetesen a modern kor j\u00e1rm\u0171vei is megjelennek a ki\u00e1ll\u00edt\u00e1son.<\/p>\n<p><strong>AKKOR \u00c9S MOST J\u00c1RM\u0170 EXPO 2017<br \/>\n<\/strong>Lampionos Haj\u00f3s Felvonul\u00e1s, Maj\u00e1lis Zenei Fesztiv\u00e1l<br \/>\n<strong>Id\u0151pont:<\/strong> 2017. \u00e1prilis 29. szombat, 13.00 \u2013 m\u00e1jus 1. h\u00e9tf\u0151, 21.00<br \/>\n<strong>Helysz\u00edn:<\/strong> Esztergom, Rugby Club Hotel rendezv\u00e9nyter\u00fclete \u00e9s Nagy Duna s\u00e9t\u00e1ny<\/p>\n<p><strong>Bel\u00e9p\u00e9s:<\/strong> ingyenes<\/p>\n<p><span style=\"color: #000080;\"><a style=\"color: #000080;\" href=\"http:\/\/jarmukiallitasesztergom.hu\/\"><strong>A programokr\u00f3l r\u00e9szletesen&gt;&gt;<\/strong><\/a><\/span><\/p>\n<p><img fetchpriority=\"high\" decoding=\"async\" class=\"alignnone size-full wp-image-1783\" src=\"https:\/\/dorogimedence.hu\/wp-content\/uploads\/2017\/03\/jarmu-expo-01.jpg\" alt=\"\" width=\"875\" height=\"475\" srcset=\"https:\/\/dorogimedence.hu\/wp-content\/uploads\/2017\/03\/jarmu-expo-01.jpg 875w, https:\/\/dorogimedence.hu\/wp-content\/uploads\/2017\/03\/jarmu-expo-01-300x163.jpg 300w, https:\/\/dorogimedence.hu\/wp-content\/uploads\/2017\/03\/jarmu-expo-01-768x417.jpg 768w\" sizes=\"(max-width: 875px) 100vw, 875px\" \/><\/p>\n<p><em>Fot\u00f3k: jarmukiallitasesztergom.hu<\/em><\/p>\n","protected":false},"excerpt":{"rendered":"<p>\u00c1prilis 29-e \u00e9s m\u00e1jus 1-je k\u00f6z\u00f6tt Akkor \u00e9s Most J\u00e1rm\u0171 Expoval egybek\u00f6t\u00f6tt Lampionos Haj\u00f3s Felvonul\u00e1st \u00e9s Maj\u00e1lis Zenei Fesztiv\u00e1lt rendeznek Esztergomban a Rugby Club Hotel rendezv\u00e9nyter\u00fclet\u00e9n. A rendezv\u00e9ny r\u00e9szleteir\u0151l a Dorogi-medence Region\u00e1lis H\u00edrport\u00e1l Tank\u00f3 J\u00f3zsefet, az Akkor \u00e9s Most J\u00e1rm\u0171 Expo 2017 kommunik\u00e1ci\u00f3s munkat\u00e1rs\u00e1t k\u00e9rdezte. Tank\u00f3 J\u00f3zsef elmondta, hogy a J\u00e1rm\u0171 Expo mellett a Maj\u00e1lis<\/p>\n","protected":false},"author":1,"featured_media":1784,"comment_status":"closed","ping_status":"closed","sticky":false,"template":"","format":"standard","meta":{"ngg_post_thumbnail":0,"footnotes":""},"categories":[38,3],"tags":[616,617,42,101,117],"class_list":{"0":"post-1782","1":"post","2":"type-post","3":"status-publish","4":"format-standard","5":"has-post-thumbnail","7":"category-esztergom","8":"category-hirek","9":"tag-akkor-es-most-jarmu-expo","10":"tag-auto-kiallitas","11":"tag-esztergom","12":"tag-program","13":"tag-rendezveny"},"yoast_head":"<!-- This site is optimized with the Yoast SEO plugin v27.4 - https:\/\/yoast.com\/product\/yoast-seo-wordpress\/ -->\n<title>Akkor \u00e9s Most J\u00e1rm\u0171 Expo<\/title>\n<meta name=\"robots\" content=\"index, follow, max-snippet:-1, max-image-preview:large, max-video-preview:-1\" \/>\n<link rel=\"canonical\" href=\"https:\/\/dorogimedence.hu\/index.php\/2017\/03\/25\/akkor-es-most-jarmu-expo\/\" class=\"yoast-seo-meta-tag\" \/>\n<meta property=\"og:locale\" content=\"hu_HU\" class=\"yoast-seo-meta-tag\" \/>\n<meta property=\"og:type\" content=\"article\" class=\"yoast-seo-meta-tag\" \/>\n<meta property=\"og:title\" content=\"Akkor \u00e9s Most J\u00e1rm\u0171 Expo\" class=\"yoast-seo-meta-tag\" \/>\n<meta property=\"og:description\" content=\"\u00c1prilis 29-e \u00e9s m\u00e1jus 1-je k\u00f6z\u00f6tt Akkor \u00e9s Most J\u00e1rm\u0171 Expoval egybek\u00f6t\u00f6tt Lampionos Haj\u00f3s Felvonul\u00e1st \u00e9s Maj\u00e1lis Zenei Fesztiv\u00e1lt rendeznek Esztergomban a Rugby Club Hotel rendezv\u00e9nyter\u00fclet\u00e9n. A rendezv\u00e9ny r\u00e9szleteir\u0151l a Dorogi-medence Region\u00e1lis H\u00edrport\u00e1l Tank\u00f3 J\u00f3zsefet, az Akkor \u00e9s Most J\u00e1rm\u0171 Expo 2017 kommunik\u00e1ci\u00f3s munkat\u00e1rs\u00e1t k\u00e9rdezte. Tank\u00f3 J\u00f3zsef elmondta, hogy a J\u00e1rm\u0171 Expo mellett a Maj\u00e1lis\" class=\"yoast-seo-meta-tag\" \/>\n<meta property=\"og:url\" content=\"https:\/\/dorogimedence.hu\/index.php\/2017\/03\/25\/akkor-es-most-jarmu-expo\/\" class=\"yoast-seo-meta-tag\" \/>\n<meta property=\"og:site_name\" content=\"Dorogi-medence Region\u00e1lis H\u00edrport\u00e1l\" class=\"yoast-seo-meta-tag\" \/>\n<meta property=\"article:publisher\" content=\"https:\/\/www.facebook.com\/dorogimedence\/\" class=\"yoast-seo-meta-tag\" \/>\n<meta property=\"article:published_time\" content=\"2017-03-25T07:31:30+00:00\" class=\"yoast-seo-meta-tag\" \/>\n<meta property=\"og:image\" content=\"https:\/\/i0.wp.com\/dorogimedence.hu\/wp-content\/uploads\/2017\/03\/jarmu-expo-02.jpg?fit=670%2C365&ssl=1\" class=\"yoast-seo-meta-tag\" \/>\n\t<meta property=\"og:image:width\" content=\"670\" class=\"yoast-seo-meta-tag\" \/>\n\t<meta property=\"og:image:height\" content=\"365\" class=\"yoast-seo-meta-tag\" \/>\n\t<meta property=\"og:image:type\" content=\"image\/jpeg\" class=\"yoast-seo-meta-tag\" \/>\n<meta name=\"author\" content=\"dorogimedence.hu\" class=\"yoast-seo-meta-tag\" \/>\n<meta name=\"twitter:card\" content=\"summary_large_image\" class=\"yoast-seo-meta-tag\" \/>\n<meta name=\"twitter:label1\" content=\"Szerz\u0151:\" class=\"yoast-seo-meta-tag\" \/>\n\t<meta name=\"twitter:data1\" content=\"dorogimedence.hu\" class=\"yoast-seo-meta-tag\" \/>\n\t<meta name=\"twitter:label2\" content=\"Becs\u00fclt olvas\u00e1si id\u0151\" class=\"yoast-seo-meta-tag\" \/>\n\t<meta name=\"twitter:data2\" content=\"1 perc\" class=\"yoast-seo-meta-tag\" \/>\n<script type=\"application\/ld+json\" class=\"yoast-schema-graph\">{\"@context\":\"https:\\\/\\\/schema.org\",\"@graph\":[{\"@type\":\"Article\",\"@id\":\"https:\\\/\\\/dorogimedence.hu\\\/index.php\\\/2017\\\/03\\\/25\\\/akkor-es-most-jarmu-expo\\\/#article\",\"isPartOf\":{\"@id\":\"https:\\\/\\\/dorogimedence.hu\\\/index.php\\\/2017\\\/03\\\/25\\\/akkor-es-most-jarmu-expo\\\/\"},\"author\":{\"name\":\"dorogimedence.hu\",\"@id\":\"https:\\\/\\\/dorogimedence.hu\\\/#\\\/schema\\\/person\\\/ce6091eeb7e95ecdc87890d6aa8e0fd4\"},\"headline\":\"Akkor \u00e9s Most J\u00e1rm\u0171 Expo\",\"datePublished\":\"2017-03-25T07:31:30+00:00\",\"mainEntityOfPage\":{\"@id\":\"https:\\\/\\\/dorogimedence.hu\\\/index.php\\\/2017\\\/03\\\/25\\\/akkor-es-most-jarmu-expo\\\/\"},\"wordCount\":275,\"publisher\":{\"@id\":\"https:\\\/\\\/dorogimedence.hu\\\/#organization\"},\"image\":{\"@id\":\"https:\\\/\\\/dorogimedence.hu\\\/index.php\\\/2017\\\/03\\\/25\\\/akkor-es-most-jarmu-expo\\\/#primaryimage\"},\"thumbnailUrl\":\"https:\\\/\\\/dorogimedence.hu\\\/wp-content\\\/uploads\\\/2017\\\/03\\\/jarmu-expo-02.jpg\",\"keywords\":[\"Akkor \u00e9s Most J\u00e1rm\u0171 Expo\",\"aut\u00f3 ki\u00e1ll\u00edt\u00e1s\",\"esztergom\",\"program\",\"rendezv\u00e9ny\"],\"articleSection\":[\"Esztergom\",\"H\u00edrek\"],\"inLanguage\":\"hu\"},{\"@type\":\"WebPage\",\"@id\":\"https:\\\/\\\/dorogimedence.hu\\\/index.php\\\/2017\\\/03\\\/25\\\/akkor-es-most-jarmu-expo\\\/\",\"url\":\"https:\\\/\\\/dorogimedence.hu\\\/index.php\\\/2017\\\/03\\\/25\\\/akkor-es-most-jarmu-expo\\\/\",\"name\":\"Akkor \u00e9s Most J\u00e1rm\u0171 Expo\",\"isPartOf\":{\"@id\":\"https:\\\/\\\/dorogimedence.hu\\\/#website\"},\"primaryImageOfPage\":{\"@id\":\"https:\\\/\\\/dorogimedence.hu\\\/index.php\\\/2017\\\/03\\\/25\\\/akkor-es-most-jarmu-expo\\\/#primaryimage\"},\"image\":{\"@id\":\"https:\\\/\\\/dorogimedence.hu\\\/index.php\\\/2017\\\/03\\\/25\\\/akkor-es-most-jarmu-expo\\\/#primaryimage\"},\"thumbnailUrl\":\"https:\\\/\\\/dorogimedence.hu\\\/wp-content\\\/uploads\\\/2017\\\/03\\\/jarmu-expo-02.jpg\",\"datePublished\":\"2017-03-25T07:31:30+00:00\",\"breadcrumb\":{\"@id\":\"https:\\\/\\\/dorogimedence.hu\\\/index.php\\\/2017\\\/03\\\/25\\\/akkor-es-most-jarmu-expo\\\/#breadcrumb\"},\"inLanguage\":\"hu\",\"potentialAction\":[{\"@type\":\"ReadAction\",\"target\":[\"https:\\\/\\\/dorogimedence.hu\\\/index.php\\\/2017\\\/03\\\/25\\\/akkor-es-most-jarmu-expo\\\/\"]}]},{\"@type\":\"ImageObject\",\"inLanguage\":\"hu\",\"@id\":\"https:\\\/\\\/dorogimedence.hu\\\/index.php\\\/2017\\\/03\\\/25\\\/akkor-es-most-jarmu-expo\\\/#primaryimage\",\"url\":\"https:\\\/\\\/dorogimedence.hu\\\/wp-content\\\/uploads\\\/2017\\\/03\\\/jarmu-expo-02.jpg\",\"contentUrl\":\"https:\\\/\\\/dorogimedence.hu\\\/wp-content\\\/uploads\\\/2017\\\/03\\\/jarmu-expo-02.jpg\",\"width\":670,\"height\":365},{\"@type\":\"BreadcrumbList\",\"@id\":\"https:\\\/\\\/dorogimedence.hu\\\/index.php\\\/2017\\\/03\\\/25\\\/akkor-es-most-jarmu-expo\\\/#breadcrumb\",\"itemListElement\":[{\"@type\":\"ListItem\",\"position\":1,\"name\":\"Kezd\u0151lap\",\"item\":\"https:\\\/\\\/dorogimedence.hu\\\/\"},{\"@type\":\"ListItem\",\"position\":2,\"name\":\"Akkor \u00e9s Most J\u00e1rm\u0171 Expo\"}]},{\"@type\":\"WebSite\",\"@id\":\"https:\\\/\\\/dorogimedence.hu\\\/#website\",\"url\":\"https:\\\/\\\/dorogimedence.hu\\\/\",\"name\":\"Dorogi-medence Region\u00e1lis H\u00edrport\u00e1l\",\"description\":\"Dorog, Keszt\u00f6lc, Le\u00e1nyv\u00e1r, Piliscs\u00e9v, Tokod, Tokodalt\u00e1r\u00f3, Csolnok, Esztergom-kertv\u00e1ros: h\u00edrek, programok\",\"publisher\":{\"@id\":\"https:\\\/\\\/dorogimedence.hu\\\/#organization\"},\"potentialAction\":[{\"@type\":\"SearchAction\",\"target\":{\"@type\":\"EntryPoint\",\"urlTemplate\":\"https:\\\/\\\/dorogimedence.hu\\\/?s={search_term_string}\"},\"query-input\":{\"@type\":\"PropertyValueSpecification\",\"valueRequired\":true,\"valueName\":\"search_term_string\"}}],\"inLanguage\":\"hu\"},{\"@type\":\"Organization\",\"@id\":\"https:\\\/\\\/dorogimedence.hu\\\/#organization\",\"name\":\"Dorogi-medence Region\u00e1lis H\u00edrport\u00e1l\",\"url\":\"https:\\\/\\\/dorogimedence.hu\\\/\",\"logo\":{\"@type\":\"ImageObject\",\"inLanguage\":\"hu\",\"@id\":\"https:\\\/\\\/dorogimedence.hu\\\/#\\\/schema\\\/logo\\\/image\\\/\",\"url\":\"https:\\\/\\\/dorogimedence.hu\\\/wp-content\\\/uploads\\\/2021\\\/04\\\/logo-feher-600.png\",\"contentUrl\":\"https:\\\/\\\/dorogimedence.hu\\\/wp-content\\\/uploads\\\/2021\\\/04\\\/logo-feher-600.png\",\"width\":600,\"height\":100,\"caption\":\"Dorogi-medence Region\u00e1lis H\u00edrport\u00e1l\"},\"image\":{\"@id\":\"https:\\\/\\\/dorogimedence.hu\\\/#\\\/schema\\\/logo\\\/image\\\/\"},\"sameAs\":[\"https:\\\/\\\/www.facebook.com\\\/dorogimedence\\\/\"]},{\"@type\":\"Person\",\"@id\":\"https:\\\/\\\/dorogimedence.hu\\\/#\\\/schema\\\/person\\\/ce6091eeb7e95ecdc87890d6aa8e0fd4\",\"name\":\"dorogimedence.hu\",\"image\":{\"@type\":\"ImageObject\",\"inLanguage\":\"hu\",\"@id\":\"\\\/\\\/www.gravatar.com\\\/avatar\\\/d8d45f8901aadff40a4af72c0b826f1d?s=96&#038;r=g&#038;d=mm\",\"url\":\"\\\/\\\/www.gravatar.com\\\/avatar\\\/d8d45f8901aadff40a4af72c0b826f1d?s=96&#038;r=g&#038;d=mm\",\"contentUrl\":\"\\\/\\\/www.gravatar.com\\\/avatar\\\/d8d45f8901aadff40a4af72c0b826f1d?s=96&#038;r=g&#038;d=mm\",\"caption\":\"dorogimedence.hu\"}}]}<\/script>\n<!-- \/ Yoast SEO plugin. -->","yoast_head_json":{"title":"Akkor \u00e9s Most J\u00e1rm\u0171 Expo","robots":{"index":"index","follow":"follow","max-snippet":"max-snippet:-1","max-image-preview":"max-image-preview:large","max-video-preview":"max-video-preview:-1"},"canonical":"https:\/\/dorogimedence.hu\/index.php\/2017\/03\/25\/akkor-es-most-jarmu-expo\/","og_locale":"hu_HU","og_type":"article","og_title":"Akkor \u00e9s Most J\u00e1rm\u0171 Expo","og_description":"\u00c1prilis 29-e \u00e9s m\u00e1jus 1-je k\u00f6z\u00f6tt Akkor \u00e9s Most J\u00e1rm\u0171 Expoval egybek\u00f6t\u00f6tt Lampionos Haj\u00f3s Felvonul\u00e1st \u00e9s Maj\u00e1lis Zenei Fesztiv\u00e1lt rendeznek Esztergomban a Rugby Club Hotel rendezv\u00e9nyter\u00fclet\u00e9n. A rendezv\u00e9ny r\u00e9szleteir\u0151l a Dorogi-medence Region\u00e1lis H\u00edrport\u00e1l Tank\u00f3 J\u00f3zsefet, az Akkor \u00e9s Most J\u00e1rm\u0171 Expo 2017 kommunik\u00e1ci\u00f3s munkat\u00e1rs\u00e1t k\u00e9rdezte. Tank\u00f3 J\u00f3zsef elmondta, hogy a J\u00e1rm\u0171 Expo mellett a Maj\u00e1lis","og_url":"https:\/\/dorogimedence.hu\/index.php\/2017\/03\/25\/akkor-es-most-jarmu-expo\/","og_site_name":"Dorogi-medence Region\u00e1lis H\u00edrport\u00e1l","article_publisher":"https:\/\/www.facebook.com\/dorogimedence\/","article_published_time":"2017-03-25T07:31:30+00:00","og_image":[{"width":670,"height":365,"url":"https:\/\/i0.wp.com\/dorogimedence.hu\/wp-content\/uploads\/2017\/03\/jarmu-expo-02.jpg?fit=670%2C365&ssl=1","type":"image\/jpeg"}],"author":"dorogimedence.hu","twitter_card":"summary_large_image","twitter_misc":{"Szerz\u0151:":"dorogimedence.hu","Becs\u00fclt olvas\u00e1si id\u0151":"1 perc"},"schema":{"@context":"https:\/\/schema.org","@graph":[{"@type":"Article","@id":"https:\/\/dorogimedence.hu\/index.php\/2017\/03\/25\/akkor-es-most-jarmu-expo\/#article","isPartOf":{"@id":"https:\/\/dorogimedence.hu\/index.php\/2017\/03\/25\/akkor-es-most-jarmu-expo\/"},"author":{"name":"dorogimedence.hu","@id":"https:\/\/dorogimedence.hu\/#\/schema\/person\/ce6091eeb7e95ecdc87890d6aa8e0fd4"},"headline":"Akkor \u00e9s Most J\u00e1rm\u0171 Expo","datePublished":"2017-03-25T07:31:30+00:00","mainEntityOfPage":{"@id":"https:\/\/dorogimedence.hu\/index.php\/2017\/03\/25\/akkor-es-most-jarmu-expo\/"},"wordCount":275,"publisher":{"@id":"https:\/\/dorogimedence.hu\/#organization"},"image":{"@id":"https:\/\/dorogimedence.hu\/index.php\/2017\/03\/25\/akkor-es-most-jarmu-expo\/#primaryimage"},"thumbnailUrl":"https:\/\/dorogimedence.hu\/wp-content\/uploads\/2017\/03\/jarmu-expo-02.jpg","keywords":["Akkor \u00e9s Most J\u00e1rm\u0171 Expo","aut\u00f3 ki\u00e1ll\u00edt\u00e1s","esztergom","program","rendezv\u00e9ny"],"articleSection":["Esztergom","H\u00edrek"],"inLanguage":"hu"},{"@type":"WebPage","@id":"https:\/\/dorogimedence.hu\/index.php\/2017\/03\/25\/akkor-es-most-jarmu-expo\/","url":"https:\/\/dorogimedence.hu\/index.php\/2017\/03\/25\/akkor-es-most-jarmu-expo\/","name":"Akkor \u00e9s Most J\u00e1rm\u0171 Expo","isPartOf":{"@id":"https:\/\/dorogimedence.hu\/#website"},"primaryImageOfPage":{"@id":"https:\/\/dorogimedence.hu\/index.php\/2017\/03\/25\/akkor-es-most-jarmu-expo\/#primaryimage"},"image":{"@id":"https:\/\/dorogimedence.hu\/index.php\/2017\/03\/25\/akkor-es-most-jarmu-expo\/#primaryimage"},"thumbnailUrl":"https:\/\/dorogimedence.hu\/wp-content\/uploads\/2017\/03\/jarmu-expo-02.jpg","datePublished":"2017-03-25T07:31:30+00:00","breadcrumb":{"@id":"https:\/\/dorogimedence.hu\/index.php\/2017\/03\/25\/akkor-es-most-jarmu-expo\/#breadcrumb"},"inLanguage":"hu","potentialAction":[{"@type":"ReadAction","target":["https:\/\/dorogimedence.hu\/index.php\/2017\/03\/25\/akkor-es-most-jarmu-expo\/"]}]},{"@type":"ImageObject","inLanguage":"hu","@id":"https:\/\/dorogimedence.hu\/index.php\/2017\/03\/25\/akkor-es-most-jarmu-expo\/#primaryimage","url":"https:\/\/dorogimedence.hu\/wp-content\/uploads\/2017\/03\/jarmu-expo-02.jpg","contentUrl":"https:\/\/dorogimedence.hu\/wp-content\/uploads\/2017\/03\/jarmu-expo-02.jpg","width":670,"height":365},{"@type":"BreadcrumbList","@id":"https:\/\/dorogimedence.hu\/index.php\/2017\/03\/25\/akkor-es-most-jarmu-expo\/#breadcrumb","itemListElement":[{"@type":"ListItem","position":1,"name":"Kezd\u0151lap","item":"https:\/\/dorogimedence.hu\/"},{"@type":"ListItem","position":2,"name":"Akkor \u00e9s Most J\u00e1rm\u0171 Expo"}]},{"@type":"WebSite","@id":"https:\/\/dorogimedence.hu\/#website","url":"https:\/\/dorogimedence.hu\/","name":"Dorogi-medence Region\u00e1lis H\u00edrport\u00e1l","description":"Dorog, Keszt\u00f6lc, Le\u00e1nyv\u00e1r, Piliscs\u00e9v, Tokod, Tokodalt\u00e1r\u00f3, Csolnok, Esztergom-kertv\u00e1ros: h\u00edrek, programok","publisher":{"@id":"https:\/\/dorogimedence.hu\/#organization"},"potentialAction":[{"@type":"SearchAction","target":{"@type":"EntryPoint","urlTemplate":"https:\/\/dorogimedence.hu\/?s={search_term_string}"},"query-input":{"@type":"PropertyValueSpecification","valueRequired":true,"valueName":"search_term_string"}}],"inLanguage":"hu"},{"@type":"Organization","@id":"https:\/\/dorogimedence.hu\/#organization","name":"Dorogi-medence Region\u00e1lis H\u00edrport\u00e1l","url":"https:\/\/dorogimedence.hu\/","logo":{"@type":"ImageObject","inLanguage":"hu","@id":"https:\/\/dorogimedence.hu\/#\/schema\/logo\/image\/","url":"https:\/\/dorogimedence.hu\/wp-content\/uploads\/2021\/04\/logo-feher-600.png","contentUrl":"https:\/\/dorogimedence.hu\/wp-content\/uploads\/2021\/04\/logo-feher-600.png","width":600,"height":100,"caption":"Dorogi-medence Region\u00e1lis H\u00edrport\u00e1l"},"image":{"@id":"https:\/\/dorogimedence.hu\/#\/schema\/logo\/image\/"},"sameAs":["https:\/\/www.facebook.com\/dorogimedence\/"]},{"@type":"Person","@id":"https:\/\/dorogimedence.hu\/#\/schema\/person\/ce6091eeb7e95ecdc87890d6aa8e0fd4","name":"dorogimedence.hu","image":{"@type":"ImageObject","inLanguage":"hu","@id":"\/\/www.gravatar.com\/avatar\/d8d45f8901aadff40a4af72c0b826f1d?s=96&#038;r=g&#038;d=mm","url":"\/\/www.gravatar.com\/avatar\/d8d45f8901aadff40a4af72c0b826f1d?s=96&#038;r=g&#038;d=mm","contentUrl":"\/\/www.gravatar.com\/avatar\/d8d45f8901aadff40a4af72c0b826f1d?s=96&#038;r=g&#038;d=mm","caption":"dorogimedence.hu"}}]}},"_links":{"self":[{"href":"https:\/\/dorogimedence.hu\/index.php\/wp-json\/wp\/v2\/posts\/1782","targetHints":{"allow":["GET"]}}],"collection":[{"href":"https:\/\/dorogimedence.hu\/index.php\/wp-json\/wp\/v2\/posts"}],"about":[{"href":"https:\/\/dorogimedence.hu\/index.php\/wp-json\/wp\/v2\/types\/post"}],"author":[{"embeddable":true,"href":"https:\/\/dorogimedence.hu\/index.php\/wp-json\/wp\/v2\/users\/1"}],"replies":[{"embeddable":true,"href":"https:\/\/dorogimedence.hu\/index.php\/wp-json\/wp\/v2\/comments?post=1782"}],"version-history":[{"count":0,"href":"https:\/\/dorogimedence.hu\/index.php\/wp-json\/wp\/v2\/posts\/1782\/revisions"}],"wp:featuredmedia":[{"embeddable":true,"href":"https:\/\/dorogimedence.hu\/index.php\/wp-json\/wp\/v2\/media\/1784"}],"wp:attachment":[{"href":"https:\/\/dorogimedence.hu\/index.php\/wp-json\/wp\/v2\/media?parent=1782"}],"wp:term":[{"taxonomy":"category","embeddable":true,"href":"https:\/\/dorogimedence.hu\/index.php\/wp-json\/wp\/v2\/categories?post=1782"},{"taxonomy":"post_tag","embeddable":true,"href":"https:\/\/dorogimedence.hu\/index.php\/wp-json\/wp\/v2\/tags?post=1782"}],"curies":[{"name":"wp","href":"https:\/\/api.w.org\/{rel}","templated":true}]}}