{"id":17789,"date":"2019-07-01T13:56:06","date_gmt":"2019-07-01T11:56:06","guid":{"rendered":"http:\/\/dorogimedence.hu\/?p=17789"},"modified":"2019-07-01T13:56:06","modified_gmt":"2019-07-01T11:56:06","slug":"29-eremmel-tertek-haza-a-dorogi-uszok-esztergombol","status":"publish","type":"post","link":"https:\/\/dorogimedence.hu\/index.php\/2019\/07\/01\/29-eremmel-tertek-haza-a-dorogi-uszok-esztergombol\/","title":{"rendered":"29 \u00e9remmel t\u00e9rtek haza a dorogi \u00fasz\u00f3k Esztergomb\u00f3l"},"content":{"rendered":"<p><strong>J\u00fanius 30-\u00e1n, vas\u00e1rnap 39. alkalommal ker\u00fclt megrendez\u00e9sre a Szent Istv\u00e1n Kupa \u00fasz\u00f3verseny Esztergomban.<\/strong><\/p>\n<p>A versenyen az Esztergomi \u00dasz\u00f3 Klub, a Kom\u00e1romi \u00dasz\u00f3klub SE, az \u00daj-Hull\u00e1m SE, a Dunaj Sturovo \u00e9s az Aqua 18 SE versenyz\u0151i ugrottak a v\u00edzbe, \u00f6sszesen 91-en.<\/p>\n<p>Az dorogi \u00fasz\u00f3knak \u00f6sszesen 13 aranyat, 8 ez\u00fcst\u00f6t \u00e9s 8 bronzot siker\u00fclt begy\u0171jteni\u00fck. Gratul\u00e1lunk a sportol\u00f3knak!<\/p>\n<p><em>A dorogi \u00daj-Hull\u00e1m SE eredm\u00e9nyei:<\/em><\/p>\n<p><strong>50 m l\u00e1ny h\u00e1t:<\/strong> 3. K\u00f3sa Zsanett (2011).<\/p>\n<p><strong>50 m fi\u00fa h\u00e1t: <\/strong>1. Moln\u00e1r-Kuti Marcell (2012), 3. Meczger \u00c1kos (2013), 3. Z\u00f6ld Z\u00e9t\u00e9ny (2011), 5. Varga Ferenc (2008).<\/p>\n<p><strong>100 m l\u00e1ny h\u00e1t:<\/strong> 1. Simonek Ren\u00e1ta (2004), 1. Meczger S\u00e1ra (2005), 2. Kov\u00e1cs Bogl\u00e1rka (2002), 2. Tam\u00e1s Izabella (2006), 2. Szab\u00f3 Anna (2007).<\/p>\n<p><strong>50 m l\u00e1ny mell:<\/strong> 3. K\u00f3sa Zsanett (2011).<\/p>\n<p><strong>50 m fi\u00fa mell:<\/strong> 1. Z\u00f6ld Z\u00e9t\u00e9ny (2011), 3. Varga Ferenc (2008).<\/p>\n<p><strong>100 m l\u00e1ny mell:<\/strong> 1. Simonek Ren\u00e1ta (2004), 1. Meczger S\u00e1ra (2005), 1. Szab\u00f3 Anna (2007), 3. Tam\u00e1s Izabella (2006).<\/p>\n<p><strong>50 m l\u00e1ny pillang\u00f3:<\/strong> 2. K\u00f3sa Zsanett (2011).<\/p>\n<p><strong>50 m fi\u00fa pillang\u00f3:<\/strong> 4. Varga Ferenc (2008).<\/p>\n<p><strong>100 m l\u00e1ny pillang\u00f3: <\/strong>1. Kov\u00e1cs Bogl\u00e1rka (2002), 1. Tam\u00e1s Izabella (2006), 2. Meczger S\u00e1ra (2005).<\/p>\n<p><strong>50 m l\u00e1ny gyors:<\/strong> 4. K\u00f3sa Zsanett (2011).<\/p>\n<p><strong>50 m fi\u00fa gyors:<\/strong> 1. Z\u00f6ld Z\u00e9t\u00e9ny (2011), 1. Moln\u00e1r-Kuti Marcell (2012), 3. Varga Ferenc (2008), 4. Meczger \u00c1kos (2013).<\/p>\n<p><strong>100 m l\u00e1ny gyors:<\/strong> 1. Simonek Ren\u00e1ta (2004), 1. Meczger S\u00e1ra (2005), 2. Szab\u00f3 Anna (2007), 2. Kov\u00e1cs Bogl\u00e1rka (2002), 3. Tam\u00e1s Izabella (2006).<\/p>\n<p><strong>4&#215;50 m mix vegyesv\u00e1lt\u00f3:<\/strong> 2. \u00daj-Hull\u00e1m SE.<\/p>\n<p><a href=\"http:\/\/ujhullamse.hu\/feltolt\/EUK-190630-eredmenyek.pdf\" target=\"_blank\" rel=\"noopener noreferrer\"><span style=\"text-decoration: underline; color: #0000ff;\"><strong>Jegyz\u0151k\u00f6nyv&gt;&gt;<\/strong><\/span><\/a><\/p>\n","protected":false},"excerpt":{"rendered":"<p>J\u00fanius 30-\u00e1n, vas\u00e1rnap 39. alkalommal ker\u00fclt megrendez\u00e9sre a Szent Istv\u00e1n Kupa \u00fasz\u00f3verseny Esztergomban. A versenyen az Esztergomi \u00dasz\u00f3 Klub, a Kom\u00e1romi \u00dasz\u00f3klub SE, az \u00daj-Hull\u00e1m SE, a Dunaj Sturovo \u00e9s az Aqua 18 SE versenyz\u0151i ugrottak a v\u00edzbe, \u00f6sszesen 91-en. Az dorogi \u00fasz\u00f3knak \u00f6sszesen 13 aranyat, 8 ez\u00fcst\u00f6t \u00e9s 8 bronzot siker\u00fclt begy\u0171jteni\u00fck. Gratul\u00e1lunk a<\/p>\n","protected":false},"author":1,"featured_media":17790,"comment_status":"closed","ping_status":"closed","sticky":false,"template":"","format":"standard","meta":{"ngg_post_thumbnail":0,"footnotes":""},"categories":[2,38,3,5],"tags":[15,42,16,46,17,923],"class_list":{"0":"post-17789","1":"post","2":"type-post","3":"status-publish","4":"format-standard","5":"has-post-thumbnail","7":"category-dorog","8":"category-esztergom","9":"category-hirek","10":"category-sport","11":"tag-dorog","12":"tag-esztergom","13":"tag-sport","14":"tag-uj-hullam-se","15":"tag-uszas","16":"tag-uszoverseny"},"yoast_head":"<!-- This site is optimized with the Yoast SEO plugin v27.4 - https:\/\/yoast.com\/product\/yoast-seo-wordpress\/ -->\n<title>29 \u00e9remmel t\u00e9rtek haza a dorogi \u00fasz\u00f3k Esztergomb\u00f3l<\/title>\n<meta name=\"robots\" content=\"index, follow, max-snippet:-1, max-image-preview:large, max-video-preview:-1\" \/>\n<link rel=\"canonical\" href=\"https:\/\/dorogimedence.hu\/index.php\/2019\/07\/01\/29-eremmel-tertek-haza-a-dorogi-uszok-esztergombol\/\" class=\"yoast-seo-meta-tag\" \/>\n<meta property=\"og:locale\" content=\"hu_HU\" class=\"yoast-seo-meta-tag\" \/>\n<meta property=\"og:type\" content=\"article\" class=\"yoast-seo-meta-tag\" \/>\n<meta property=\"og:title\" content=\"29 \u00e9remmel t\u00e9rtek haza a dorogi \u00fasz\u00f3k Esztergomb\u00f3l\" class=\"yoast-seo-meta-tag\" \/>\n<meta property=\"og:description\" content=\"J\u00fanius 30-\u00e1n, vas\u00e1rnap 39. alkalommal ker\u00fclt megrendez\u00e9sre a Szent Istv\u00e1n Kupa \u00fasz\u00f3verseny Esztergomban. A versenyen az Esztergomi \u00dasz\u00f3 Klub, a Kom\u00e1romi \u00dasz\u00f3klub SE, az \u00daj-Hull\u00e1m SE, a Dunaj Sturovo \u00e9s az Aqua 18 SE versenyz\u0151i ugrottak a v\u00edzbe, \u00f6sszesen 91-en. Az dorogi \u00fasz\u00f3knak \u00f6sszesen 13 aranyat, 8 ez\u00fcst\u00f6t \u00e9s 8 bronzot siker\u00fclt begy\u0171jteni\u00fck. Gratul\u00e1lunk a\" class=\"yoast-seo-meta-tag\" \/>\n<meta property=\"og:url\" content=\"https:\/\/dorogimedence.hu\/index.php\/2019\/07\/01\/29-eremmel-tertek-haza-a-dorogi-uszok-esztergombol\/\" class=\"yoast-seo-meta-tag\" \/>\n<meta property=\"og:site_name\" content=\"Dorogi-medence Region\u00e1lis H\u00edrport\u00e1l\" class=\"yoast-seo-meta-tag\" \/>\n<meta property=\"article:publisher\" content=\"https:\/\/www.facebook.com\/dorogimedence\/\" class=\"yoast-seo-meta-tag\" \/>\n<meta property=\"article:published_time\" content=\"2019-07-01T11:56:06+00:00\" class=\"yoast-seo-meta-tag\" \/>\n<meta property=\"og:image\" content=\"https:\/\/i0.wp.com\/dorogimedence.hu\/wp-content\/uploads\/2019\/07\/uszoverseny-esztergom.jpg?fit=670%2C365&ssl=1\" class=\"yoast-seo-meta-tag\" \/>\n\t<meta property=\"og:image:width\" content=\"670\" class=\"yoast-seo-meta-tag\" \/>\n\t<meta property=\"og:image:height\" content=\"365\" class=\"yoast-seo-meta-tag\" \/>\n\t<meta property=\"og:image:type\" content=\"image\/jpeg\" class=\"yoast-seo-meta-tag\" \/>\n<meta name=\"author\" content=\"dorogimedence.hu\" class=\"yoast-seo-meta-tag\" \/>\n<meta name=\"twitter:card\" content=\"summary_large_image\" class=\"yoast-seo-meta-tag\" \/>\n<meta name=\"twitter:label1\" content=\"Szerz\u0151:\" class=\"yoast-seo-meta-tag\" \/>\n\t<meta name=\"twitter:data1\" content=\"dorogimedence.hu\" class=\"yoast-seo-meta-tag\" \/>\n\t<meta name=\"twitter:label2\" content=\"Becs\u00fclt olvas\u00e1si id\u0151\" class=\"yoast-seo-meta-tag\" \/>\n\t<meta name=\"twitter:data2\" content=\"1 perc\" class=\"yoast-seo-meta-tag\" \/>\n<script type=\"application\/ld+json\" class=\"yoast-schema-graph\">{\"@context\":\"https:\\\/\\\/schema.org\",\"@graph\":[{\"@type\":\"Article\",\"@id\":\"https:\\\/\\\/dorogimedence.hu\\\/index.php\\\/2019\\\/07\\\/01\\\/29-eremmel-tertek-haza-a-dorogi-uszok-esztergombol\\\/#article\",\"isPartOf\":{\"@id\":\"https:\\\/\\\/dorogimedence.hu\\\/index.php\\\/2019\\\/07\\\/01\\\/29-eremmel-tertek-haza-a-dorogi-uszok-esztergombol\\\/\"},\"author\":{\"name\":\"dorogimedence.hu\",\"@id\":\"https:\\\/\\\/dorogimedence.hu\\\/#\\\/schema\\\/person\\\/ce6091eeb7e95ecdc87890d6aa8e0fd4\"},\"headline\":\"29 \u00e9remmel t\u00e9rtek haza a dorogi \u00fasz\u00f3k Esztergomb\u00f3l\",\"datePublished\":\"2019-07-01T11:56:06+00:00\",\"mainEntityOfPage\":{\"@id\":\"https:\\\/\\\/dorogimedence.hu\\\/index.php\\\/2019\\\/07\\\/01\\\/29-eremmel-tertek-haza-a-dorogi-uszok-esztergombol\\\/\"},\"wordCount\":244,\"publisher\":{\"@id\":\"https:\\\/\\\/dorogimedence.hu\\\/#organization\"},\"image\":{\"@id\":\"https:\\\/\\\/dorogimedence.hu\\\/index.php\\\/2019\\\/07\\\/01\\\/29-eremmel-tertek-haza-a-dorogi-uszok-esztergombol\\\/#primaryimage\"},\"thumbnailUrl\":\"https:\\\/\\\/dorogimedence.hu\\\/wp-content\\\/uploads\\\/2019\\\/07\\\/uszoverseny-esztergom.jpg\",\"keywords\":[\"Dorog\",\"esztergom\",\"sport\",\"\u00daj-Hull\u00e1m SE\",\"\u00fasz\u00e1s\",\"\u00fasz\u00f3verseny\"],\"articleSection\":[\"Dorog\",\"Esztergom\",\"H\u00edrek\",\"Sport\"],\"inLanguage\":\"hu\"},{\"@type\":\"WebPage\",\"@id\":\"https:\\\/\\\/dorogimedence.hu\\\/index.php\\\/2019\\\/07\\\/01\\\/29-eremmel-tertek-haza-a-dorogi-uszok-esztergombol\\\/\",\"url\":\"https:\\\/\\\/dorogimedence.hu\\\/index.php\\\/2019\\\/07\\\/01\\\/29-eremmel-tertek-haza-a-dorogi-uszok-esztergombol\\\/\",\"name\":\"29 \u00e9remmel t\u00e9rtek haza a dorogi \u00fasz\u00f3k Esztergomb\u00f3l\",\"isPartOf\":{\"@id\":\"https:\\\/\\\/dorogimedence.hu\\\/#website\"},\"primaryImageOfPage\":{\"@id\":\"https:\\\/\\\/dorogimedence.hu\\\/index.php\\\/2019\\\/07\\\/01\\\/29-eremmel-tertek-haza-a-dorogi-uszok-esztergombol\\\/#primaryimage\"},\"image\":{\"@id\":\"https:\\\/\\\/dorogimedence.hu\\\/index.php\\\/2019\\\/07\\\/01\\\/29-eremmel-tertek-haza-a-dorogi-uszok-esztergombol\\\/#primaryimage\"},\"thumbnailUrl\":\"https:\\\/\\\/dorogimedence.hu\\\/wp-content\\\/uploads\\\/2019\\\/07\\\/uszoverseny-esztergom.jpg\",\"datePublished\":\"2019-07-01T11:56:06+00:00\",\"breadcrumb\":{\"@id\":\"https:\\\/\\\/dorogimedence.hu\\\/index.php\\\/2019\\\/07\\\/01\\\/29-eremmel-tertek-haza-a-dorogi-uszok-esztergombol\\\/#breadcrumb\"},\"inLanguage\":\"hu\",\"potentialAction\":[{\"@type\":\"ReadAction\",\"target\":[\"https:\\\/\\\/dorogimedence.hu\\\/index.php\\\/2019\\\/07\\\/01\\\/29-eremmel-tertek-haza-a-dorogi-uszok-esztergombol\\\/\"]}]},{\"@type\":\"ImageObject\",\"inLanguage\":\"hu\",\"@id\":\"https:\\\/\\\/dorogimedence.hu\\\/index.php\\\/2019\\\/07\\\/01\\\/29-eremmel-tertek-haza-a-dorogi-uszok-esztergombol\\\/#primaryimage\",\"url\":\"https:\\\/\\\/dorogimedence.hu\\\/wp-content\\\/uploads\\\/2019\\\/07\\\/uszoverseny-esztergom.jpg\",\"contentUrl\":\"https:\\\/\\\/dorogimedence.hu\\\/wp-content\\\/uploads\\\/2019\\\/07\\\/uszoverseny-esztergom.jpg\",\"width\":670,\"height\":365},{\"@type\":\"BreadcrumbList\",\"@id\":\"https:\\\/\\\/dorogimedence.hu\\\/index.php\\\/2019\\\/07\\\/01\\\/29-eremmel-tertek-haza-a-dorogi-uszok-esztergombol\\\/#breadcrumb\",\"itemListElement\":[{\"@type\":\"ListItem\",\"position\":1,\"name\":\"Kezd\u0151lap\",\"item\":\"https:\\\/\\\/dorogimedence.hu\\\/\"},{\"@type\":\"ListItem\",\"position\":2,\"name\":\"29 \u00e9remmel t\u00e9rtek haza a dorogi \u00fasz\u00f3k Esztergomb\u00f3l\"}]},{\"@type\":\"WebSite\",\"@id\":\"https:\\\/\\\/dorogimedence.hu\\\/#website\",\"url\":\"https:\\\/\\\/dorogimedence.hu\\\/\",\"name\":\"Dorogi-medence Region\u00e1lis H\u00edrport\u00e1l\",\"description\":\"Dorog, Keszt\u00f6lc, Le\u00e1nyv\u00e1r, Piliscs\u00e9v, Tokod, Tokodalt\u00e1r\u00f3, Csolnok, Esztergom-kertv\u00e1ros: h\u00edrek, programok\",\"publisher\":{\"@id\":\"https:\\\/\\\/dorogimedence.hu\\\/#organization\"},\"potentialAction\":[{\"@type\":\"SearchAction\",\"target\":{\"@type\":\"EntryPoint\",\"urlTemplate\":\"https:\\\/\\\/dorogimedence.hu\\\/?s={search_term_string}\"},\"query-input\":{\"@type\":\"PropertyValueSpecification\",\"valueRequired\":true,\"valueName\":\"search_term_string\"}}],\"inLanguage\":\"hu\"},{\"@type\":\"Organization\",\"@id\":\"https:\\\/\\\/dorogimedence.hu\\\/#organization\",\"name\":\"Dorogi-medence Region\u00e1lis H\u00edrport\u00e1l\",\"url\":\"https:\\\/\\\/dorogimedence.hu\\\/\",\"logo\":{\"@type\":\"ImageObject\",\"inLanguage\":\"hu\",\"@id\":\"https:\\\/\\\/dorogimedence.hu\\\/#\\\/schema\\\/logo\\\/image\\\/\",\"url\":\"https:\\\/\\\/dorogimedence.hu\\\/wp-content\\\/uploads\\\/2021\\\/04\\\/logo-feher-600.png\",\"contentUrl\":\"https:\\\/\\\/dorogimedence.hu\\\/wp-content\\\/uploads\\\/2021\\\/04\\\/logo-feher-600.png\",\"width\":600,\"height\":100,\"caption\":\"Dorogi-medence Region\u00e1lis H\u00edrport\u00e1l\"},\"image\":{\"@id\":\"https:\\\/\\\/dorogimedence.hu\\\/#\\\/schema\\\/logo\\\/image\\\/\"},\"sameAs\":[\"https:\\\/\\\/www.facebook.com\\\/dorogimedence\\\/\"]},{\"@type\":\"Person\",\"@id\":\"https:\\\/\\\/dorogimedence.hu\\\/#\\\/schema\\\/person\\\/ce6091eeb7e95ecdc87890d6aa8e0fd4\",\"name\":\"dorogimedence.hu\",\"image\":{\"@type\":\"ImageObject\",\"inLanguage\":\"hu\",\"@id\":\"\\\/\\\/www.gravatar.com\\\/avatar\\\/d8d45f8901aadff40a4af72c0b826f1d?s=96&#038;r=g&#038;d=mm\",\"url\":\"\\\/\\\/www.gravatar.com\\\/avatar\\\/d8d45f8901aadff40a4af72c0b826f1d?s=96&#038;r=g&#038;d=mm\",\"contentUrl\":\"\\\/\\\/www.gravatar.com\\\/avatar\\\/d8d45f8901aadff40a4af72c0b826f1d?s=96&#038;r=g&#038;d=mm\",\"caption\":\"dorogimedence.hu\"}}]}<\/script>\n<!-- \/ Yoast SEO plugin. -->","yoast_head_json":{"title":"29 \u00e9remmel t\u00e9rtek haza a dorogi \u00fasz\u00f3k Esztergomb\u00f3l","robots":{"index":"index","follow":"follow","max-snippet":"max-snippet:-1","max-image-preview":"max-image-preview:large","max-video-preview":"max-video-preview:-1"},"canonical":"https:\/\/dorogimedence.hu\/index.php\/2019\/07\/01\/29-eremmel-tertek-haza-a-dorogi-uszok-esztergombol\/","og_locale":"hu_HU","og_type":"article","og_title":"29 \u00e9remmel t\u00e9rtek haza a dorogi \u00fasz\u00f3k Esztergomb\u00f3l","og_description":"J\u00fanius 30-\u00e1n, vas\u00e1rnap 39. alkalommal ker\u00fclt megrendez\u00e9sre a Szent Istv\u00e1n Kupa \u00fasz\u00f3verseny Esztergomban. A versenyen az Esztergomi \u00dasz\u00f3 Klub, a Kom\u00e1romi \u00dasz\u00f3klub SE, az \u00daj-Hull\u00e1m SE, a Dunaj Sturovo \u00e9s az Aqua 18 SE versenyz\u0151i ugrottak a v\u00edzbe, \u00f6sszesen 91-en. Az dorogi \u00fasz\u00f3knak \u00f6sszesen 13 aranyat, 8 ez\u00fcst\u00f6t \u00e9s 8 bronzot siker\u00fclt begy\u0171jteni\u00fck. Gratul\u00e1lunk a","og_url":"https:\/\/dorogimedence.hu\/index.php\/2019\/07\/01\/29-eremmel-tertek-haza-a-dorogi-uszok-esztergombol\/","og_site_name":"Dorogi-medence Region\u00e1lis H\u00edrport\u00e1l","article_publisher":"https:\/\/www.facebook.com\/dorogimedence\/","article_published_time":"2019-07-01T11:56:06+00:00","og_image":[{"width":670,"height":365,"url":"https:\/\/i0.wp.com\/dorogimedence.hu\/wp-content\/uploads\/2019\/07\/uszoverseny-esztergom.jpg?fit=670%2C365&ssl=1","type":"image\/jpeg"}],"author":"dorogimedence.hu","twitter_card":"summary_large_image","twitter_misc":{"Szerz\u0151:":"dorogimedence.hu","Becs\u00fclt olvas\u00e1si id\u0151":"1 perc"},"schema":{"@context":"https:\/\/schema.org","@graph":[{"@type":"Article","@id":"https:\/\/dorogimedence.hu\/index.php\/2019\/07\/01\/29-eremmel-tertek-haza-a-dorogi-uszok-esztergombol\/#article","isPartOf":{"@id":"https:\/\/dorogimedence.hu\/index.php\/2019\/07\/01\/29-eremmel-tertek-haza-a-dorogi-uszok-esztergombol\/"},"author":{"name":"dorogimedence.hu","@id":"https:\/\/dorogimedence.hu\/#\/schema\/person\/ce6091eeb7e95ecdc87890d6aa8e0fd4"},"headline":"29 \u00e9remmel t\u00e9rtek haza a dorogi \u00fasz\u00f3k Esztergomb\u00f3l","datePublished":"2019-07-01T11:56:06+00:00","mainEntityOfPage":{"@id":"https:\/\/dorogimedence.hu\/index.php\/2019\/07\/01\/29-eremmel-tertek-haza-a-dorogi-uszok-esztergombol\/"},"wordCount":244,"publisher":{"@id":"https:\/\/dorogimedence.hu\/#organization"},"image":{"@id":"https:\/\/dorogimedence.hu\/index.php\/2019\/07\/01\/29-eremmel-tertek-haza-a-dorogi-uszok-esztergombol\/#primaryimage"},"thumbnailUrl":"https:\/\/dorogimedence.hu\/wp-content\/uploads\/2019\/07\/uszoverseny-esztergom.jpg","keywords":["Dorog","esztergom","sport","\u00daj-Hull\u00e1m SE","\u00fasz\u00e1s","\u00fasz\u00f3verseny"],"articleSection":["Dorog","Esztergom","H\u00edrek","Sport"],"inLanguage":"hu"},{"@type":"WebPage","@id":"https:\/\/dorogimedence.hu\/index.php\/2019\/07\/01\/29-eremmel-tertek-haza-a-dorogi-uszok-esztergombol\/","url":"https:\/\/dorogimedence.hu\/index.php\/2019\/07\/01\/29-eremmel-tertek-haza-a-dorogi-uszok-esztergombol\/","name":"29 \u00e9remmel t\u00e9rtek haza a dorogi \u00fasz\u00f3k Esztergomb\u00f3l","isPartOf":{"@id":"https:\/\/dorogimedence.hu\/#website"},"primaryImageOfPage":{"@id":"https:\/\/dorogimedence.hu\/index.php\/2019\/07\/01\/29-eremmel-tertek-haza-a-dorogi-uszok-esztergombol\/#primaryimage"},"image":{"@id":"https:\/\/dorogimedence.hu\/index.php\/2019\/07\/01\/29-eremmel-tertek-haza-a-dorogi-uszok-esztergombol\/#primaryimage"},"thumbnailUrl":"https:\/\/dorogimedence.hu\/wp-content\/uploads\/2019\/07\/uszoverseny-esztergom.jpg","datePublished":"2019-07-01T11:56:06+00:00","breadcrumb":{"@id":"https:\/\/dorogimedence.hu\/index.php\/2019\/07\/01\/29-eremmel-tertek-haza-a-dorogi-uszok-esztergombol\/#breadcrumb"},"inLanguage":"hu","potentialAction":[{"@type":"ReadAction","target":["https:\/\/dorogimedence.hu\/index.php\/2019\/07\/01\/29-eremmel-tertek-haza-a-dorogi-uszok-esztergombol\/"]}]},{"@type":"ImageObject","inLanguage":"hu","@id":"https:\/\/dorogimedence.hu\/index.php\/2019\/07\/01\/29-eremmel-tertek-haza-a-dorogi-uszok-esztergombol\/#primaryimage","url":"https:\/\/dorogimedence.hu\/wp-content\/uploads\/2019\/07\/uszoverseny-esztergom.jpg","contentUrl":"https:\/\/dorogimedence.hu\/wp-content\/uploads\/2019\/07\/uszoverseny-esztergom.jpg","width":670,"height":365},{"@type":"BreadcrumbList","@id":"https:\/\/dorogimedence.hu\/index.php\/2019\/07\/01\/29-eremmel-tertek-haza-a-dorogi-uszok-esztergombol\/#breadcrumb","itemListElement":[{"@type":"ListItem","position":1,"name":"Kezd\u0151lap","item":"https:\/\/dorogimedence.hu\/"},{"@type":"ListItem","position":2,"name":"29 \u00e9remmel t\u00e9rtek haza a dorogi \u00fasz\u00f3k Esztergomb\u00f3l"}]},{"@type":"WebSite","@id":"https:\/\/dorogimedence.hu\/#website","url":"https:\/\/dorogimedence.hu\/","name":"Dorogi-medence Region\u00e1lis H\u00edrport\u00e1l","description":"Dorog, Keszt\u00f6lc, Le\u00e1nyv\u00e1r, Piliscs\u00e9v, Tokod, Tokodalt\u00e1r\u00f3, Csolnok, Esztergom-kertv\u00e1ros: h\u00edrek, programok","publisher":{"@id":"https:\/\/dorogimedence.hu\/#organization"},"potentialAction":[{"@type":"SearchAction","target":{"@type":"EntryPoint","urlTemplate":"https:\/\/dorogimedence.hu\/?s={search_term_string}"},"query-input":{"@type":"PropertyValueSpecification","valueRequired":true,"valueName":"search_term_string"}}],"inLanguage":"hu"},{"@type":"Organization","@id":"https:\/\/dorogimedence.hu\/#organization","name":"Dorogi-medence Region\u00e1lis H\u00edrport\u00e1l","url":"https:\/\/dorogimedence.hu\/","logo":{"@type":"ImageObject","inLanguage":"hu","@id":"https:\/\/dorogimedence.hu\/#\/schema\/logo\/image\/","url":"https:\/\/dorogimedence.hu\/wp-content\/uploads\/2021\/04\/logo-feher-600.png","contentUrl":"https:\/\/dorogimedence.hu\/wp-content\/uploads\/2021\/04\/logo-feher-600.png","width":600,"height":100,"caption":"Dorogi-medence Region\u00e1lis H\u00edrport\u00e1l"},"image":{"@id":"https:\/\/dorogimedence.hu\/#\/schema\/logo\/image\/"},"sameAs":["https:\/\/www.facebook.com\/dorogimedence\/"]},{"@type":"Person","@id":"https:\/\/dorogimedence.hu\/#\/schema\/person\/ce6091eeb7e95ecdc87890d6aa8e0fd4","name":"dorogimedence.hu","image":{"@type":"ImageObject","inLanguage":"hu","@id":"\/\/www.gravatar.com\/avatar\/d8d45f8901aadff40a4af72c0b826f1d?s=96&#038;r=g&#038;d=mm","url":"\/\/www.gravatar.com\/avatar\/d8d45f8901aadff40a4af72c0b826f1d?s=96&#038;r=g&#038;d=mm","contentUrl":"\/\/www.gravatar.com\/avatar\/d8d45f8901aadff40a4af72c0b826f1d?s=96&#038;r=g&#038;d=mm","caption":"dorogimedence.hu"}}]}},"_links":{"self":[{"href":"https:\/\/dorogimedence.hu\/index.php\/wp-json\/wp\/v2\/posts\/17789","targetHints":{"allow":["GET"]}}],"collection":[{"href":"https:\/\/dorogimedence.hu\/index.php\/wp-json\/wp\/v2\/posts"}],"about":[{"href":"https:\/\/dorogimedence.hu\/index.php\/wp-json\/wp\/v2\/types\/post"}],"author":[{"embeddable":true,"href":"https:\/\/dorogimedence.hu\/index.php\/wp-json\/wp\/v2\/users\/1"}],"replies":[{"embeddable":true,"href":"https:\/\/dorogimedence.hu\/index.php\/wp-json\/wp\/v2\/comments?post=17789"}],"version-history":[{"count":0,"href":"https:\/\/dorogimedence.hu\/index.php\/wp-json\/wp\/v2\/posts\/17789\/revisions"}],"wp:featuredmedia":[{"embeddable":true,"href":"https:\/\/dorogimedence.hu\/index.php\/wp-json\/wp\/v2\/media\/17790"}],"wp:attachment":[{"href":"https:\/\/dorogimedence.hu\/index.php\/wp-json\/wp\/v2\/media?parent=17789"}],"wp:term":[{"taxonomy":"category","embeddable":true,"href":"https:\/\/dorogimedence.hu\/index.php\/wp-json\/wp\/v2\/categories?post=17789"},{"taxonomy":"post_tag","embeddable":true,"href":"https:\/\/dorogimedence.hu\/index.php\/wp-json\/wp\/v2\/tags?post=17789"}],"curies":[{"name":"wp","href":"https:\/\/api.w.org\/{rel}","templated":true}]}}