{"id":17756,"date":"2019-06-29T12:38:53","date_gmt":"2019-06-29T10:38:53","guid":{"rendered":"http:\/\/dorogimedence.hu\/?p=17756"},"modified":"2019-06-29T12:38:53","modified_gmt":"2019-06-29T10:38:53","slug":"schifferne-dr-wilcsek-zsuzsanna-kapta-az-ev-egeszsegugyi-dolgozoja-kituntetest","status":"publish","type":"post","link":"https:\/\/dorogimedence.hu\/index.php\/2019\/06\/29\/schifferne-dr-wilcsek-zsuzsanna-kapta-az-ev-egeszsegugyi-dolgozoja-kituntetest\/","title":{"rendered":"Schiffern\u00e9 Dr. Wilcsek Zsuzsanna kapta az \u00e9v eg\u00e9szs\u00e9g\u00fcgyi dolgoz\u00f3ja kit\u00fcntet\u00e9st"},"content":{"rendered":"<p><strong>Semmelweis Nap alkalm\u00e1b\u00f3l \u00fcnneps\u00e9get szerveztek az eg\u00e9szs\u00e9g\u00fcgyben dolgoz\u00f3knak Dorogon, a m\u0171vel\u0151d\u00e9si h\u00e1zban.<\/strong><\/p>\n<p>Dorog v\u00e1ros k\u00e9pvisel\u0151 test\u00fclete megh\u00edvta mindazokat, akik az orvosl\u00e1st, \u00e1pol\u00e1st, seg\u00edt\u00e9st \u00e9s gondoz\u00e1st v\u00e1lasztott\u00e1k \u00e9lethivat\u00e1sk\u00e9nt Dorogon. Fontos megeml\u00edteni azt is, hogy az \u00f6sszegy\u0171ltek nagy szakmai elhivatotts\u00e1ggal v\u00e1llalkoztak arra, hogy gy\u00f3gy\u00edts\u00e1k a betegeket, \u00e1polj\u00e1k a gy\u00f3gyul\u00f3kat, seg\u00edts\u00e9k, gondozz\u00e1k mindazokat, akik erre valamilyen okb\u00f3l r\u00e1szorulnak.<\/p>\n<p>Popovics Gy\u00f6rgy, a megyei k\u00f6zgy\u0171l\u00e9s eln\u00f6ke, besz\u00e9d\u00e9ben tisztelet\u00e9t fejezte ki az eg\u00e9szs\u00e9g\u00fcgyben dolgoz\u00f3 emberek elhivatott munk\u00e1ja ir\u00e1nt.<\/p>\n<p><img fetchpriority=\"high\" decoding=\"async\" class=\"alignnone size-full wp-image-17758\" src=\"https:\/\/dorogimedence.hu\/wp-content\/uploads\/2019\/06\/egeszsegugy-dorog-02.jpg\" alt=\"\" width=\"670\" height=\"365\" srcset=\"https:\/\/dorogimedence.hu\/wp-content\/uploads\/2019\/06\/egeszsegugy-dorog-02.jpg 670w, https:\/\/dorogimedence.hu\/wp-content\/uploads\/2019\/06\/egeszsegugy-dorog-02-300x163.jpg 300w\" sizes=\"(max-width: 670px) 100vw, 670px\" \/><\/p>\n<p>Dr. Tittmann J\u00e1nos polg\u00e1rmester \u00fcdv\u00f6zl\u0151 besz\u00e9d\u00e9t k\u00f6vet\u0151en a Dorog V\u00e1ros K\u00e9pvisel\u0151-test\u00fclete \u00e1ltal alap\u00edtott \u00e9s adom\u00e1nyozott az \u201e\u00c9v eg\u00e9szs\u00e9g\u00fcgyi\u201d dolgoz\u00f3ja kit\u00fcntet\u00e9s \u00e1tad\u00e1sa k\u00f6vetkezett. A d\u00edjat 2019-ben <strong>Schiffern\u00e9 Dr. Wilcsek Zsuzsanna Krisztina f\u0151orvos asszony<\/strong>, a dorogi k\u00f3rh\u00e1z oszt\u00e1lyvezet\u0151 f\u0151orvosa \u00e9rdemelte ki.<\/p>\n<p>Kiemelked\u0151 szakmai p\u00e1lyafut\u00e1sa mellett, mindennapi tev\u00e9kenys\u00e9g\u00e9ben er\u0151s hivat\u00e1studat, embers\u00e9g jellemzi. F\u0151 c\u00e9lkit\u0171z\u00e9se az id\u0151skori kr\u00f3nikus betegell\u00e1t\u00e1s \u00e9s ut\u00f3kezel\u00e9s, az id\u0151s emberek lehet\u0151 legjobb \u00e9letmin\u0151s\u00e9g\u00e9nek fenntart\u00e1sa.<\/p>\n<p><em>Fot\u00f3k: Dorog V\u00e1ros \u00d6nkorm\u00e1nyzata<\/em><\/p>\n","protected":false},"excerpt":{"rendered":"<p>Semmelweis Nap alkalm\u00e1b\u00f3l \u00fcnneps\u00e9get szerveztek az eg\u00e9szs\u00e9g\u00fcgyben dolgoz\u00f3knak Dorogon, a m\u0171vel\u0151d\u00e9si h\u00e1zban. Dorog v\u00e1ros k\u00e9pvisel\u0151 test\u00fclete megh\u00edvta mindazokat, akik az orvosl\u00e1st, \u00e1pol\u00e1st, seg\u00edt\u00e9st \u00e9s gondoz\u00e1st v\u00e1lasztott\u00e1k \u00e9lethivat\u00e1sk\u00e9nt Dorogon. Fontos megeml\u00edteni azt is, hogy az \u00f6sszegy\u0171ltek nagy szakmai elhivatotts\u00e1ggal v\u00e1llalkoztak arra, hogy gy\u00f3gy\u00edts\u00e1k a betegeket, \u00e1polj\u00e1k a gy\u00f3gyul\u00f3kat, seg\u00edts\u00e9k, gondozz\u00e1k mindazokat, akik erre valamilyen okb\u00f3l r\u00e1szorulnak.<\/p>\n","protected":false},"author":1,"featured_media":17757,"comment_status":"closed","ping_status":"closed","sticky":false,"template":"","format":"standard","meta":{"ngg_post_thumbnail":0,"footnotes":""},"categories":[2,3],"tags":[15,49,519,4036],"class_list":{"0":"post-17756","1":"post","2":"type-post","3":"status-publish","4":"format-standard","5":"has-post-thumbnail","7":"category-dorog","8":"category-hirek","9":"tag-dorog","10":"tag-egeszsegugy","11":"tag-kituntetes","12":"tag-schifferne-dr-wilcsek-zsuzsanna"},"yoast_head":"<!-- This site is optimized with the Yoast SEO plugin v27.5 - https:\/\/yoast.com\/product\/yoast-seo-wordpress\/ -->\n<title>Schiffern\u00e9 Dr. Wilcsek Zsuzsanna kapta az \u00e9v eg\u00e9szs\u00e9g\u00fcgyi dolgoz\u00f3ja kit\u00fcntet\u00e9st<\/title>\n<meta name=\"robots\" content=\"index, follow, max-snippet:-1, max-image-preview:large, max-video-preview:-1\" \/>\n<link rel=\"canonical\" href=\"https:\/\/dorogimedence.hu\/index.php\/2019\/06\/29\/schifferne-dr-wilcsek-zsuzsanna-kapta-az-ev-egeszsegugyi-dolgozoja-kituntetest\/\" class=\"yoast-seo-meta-tag\" \/>\n<meta property=\"og:locale\" content=\"hu_HU\" class=\"yoast-seo-meta-tag\" \/>\n<meta property=\"og:type\" content=\"article\" class=\"yoast-seo-meta-tag\" \/>\n<meta property=\"og:title\" content=\"Schiffern\u00e9 Dr. Wilcsek Zsuzsanna kapta az \u00e9v eg\u00e9szs\u00e9g\u00fcgyi dolgoz\u00f3ja kit\u00fcntet\u00e9st\" class=\"yoast-seo-meta-tag\" \/>\n<meta property=\"og:description\" content=\"Semmelweis Nap alkalm\u00e1b\u00f3l \u00fcnneps\u00e9get szerveztek az eg\u00e9szs\u00e9g\u00fcgyben dolgoz\u00f3knak Dorogon, a m\u0171vel\u0151d\u00e9si h\u00e1zban. Dorog v\u00e1ros k\u00e9pvisel\u0151 test\u00fclete megh\u00edvta mindazokat, akik az orvosl\u00e1st, \u00e1pol\u00e1st, seg\u00edt\u00e9st \u00e9s gondoz\u00e1st v\u00e1lasztott\u00e1k \u00e9lethivat\u00e1sk\u00e9nt Dorogon. Fontos megeml\u00edteni azt is, hogy az \u00f6sszegy\u0171ltek nagy szakmai elhivatotts\u00e1ggal v\u00e1llalkoztak arra, hogy gy\u00f3gy\u00edts\u00e1k a betegeket, \u00e1polj\u00e1k a gy\u00f3gyul\u00f3kat, seg\u00edts\u00e9k, gondozz\u00e1k mindazokat, akik erre valamilyen okb\u00f3l r\u00e1szorulnak.\" class=\"yoast-seo-meta-tag\" \/>\n<meta property=\"og:url\" content=\"https:\/\/dorogimedence.hu\/index.php\/2019\/06\/29\/schifferne-dr-wilcsek-zsuzsanna-kapta-az-ev-egeszsegugyi-dolgozoja-kituntetest\/\" class=\"yoast-seo-meta-tag\" \/>\n<meta property=\"og:site_name\" content=\"Dorogi-medence Region\u00e1lis H\u00edrport\u00e1l\" class=\"yoast-seo-meta-tag\" \/>\n<meta property=\"article:publisher\" content=\"https:\/\/www.facebook.com\/dorogimedence\/\" class=\"yoast-seo-meta-tag\" \/>\n<meta property=\"article:published_time\" content=\"2019-06-29T10:38:53+00:00\" class=\"yoast-seo-meta-tag\" \/>\n<meta property=\"og:image\" content=\"https:\/\/i0.wp.com\/dorogimedence.hu\/wp-content\/uploads\/2019\/06\/egeszsegugy-dorog.jpg?fit=670%2C365&ssl=1\" class=\"yoast-seo-meta-tag\" \/>\n\t<meta property=\"og:image:width\" content=\"670\" class=\"yoast-seo-meta-tag\" \/>\n\t<meta property=\"og:image:height\" content=\"365\" class=\"yoast-seo-meta-tag\" \/>\n\t<meta property=\"og:image:type\" content=\"image\/jpeg\" class=\"yoast-seo-meta-tag\" \/>\n<meta name=\"author\" content=\"dorogimedence.hu\" class=\"yoast-seo-meta-tag\" \/>\n<meta name=\"twitter:card\" content=\"summary_large_image\" class=\"yoast-seo-meta-tag\" \/>\n<meta name=\"twitter:label1\" content=\"Szerz\u0151:\" class=\"yoast-seo-meta-tag\" \/>\n\t<meta name=\"twitter:data1\" content=\"dorogimedence.hu\" class=\"yoast-seo-meta-tag\" \/>\n\t<meta name=\"twitter:label2\" content=\"Becs\u00fclt olvas\u00e1si id\u0151\" class=\"yoast-seo-meta-tag\" \/>\n\t<meta name=\"twitter:data2\" content=\"1 perc\" class=\"yoast-seo-meta-tag\" \/>\n<script type=\"application\/ld+json\" class=\"yoast-schema-graph\">{\"@context\":\"https:\\\/\\\/schema.org\",\"@graph\":[{\"@type\":\"Article\",\"@id\":\"https:\\\/\\\/dorogimedence.hu\\\/index.php\\\/2019\\\/06\\\/29\\\/schifferne-dr-wilcsek-zsuzsanna-kapta-az-ev-egeszsegugyi-dolgozoja-kituntetest\\\/#article\",\"isPartOf\":{\"@id\":\"https:\\\/\\\/dorogimedence.hu\\\/index.php\\\/2019\\\/06\\\/29\\\/schifferne-dr-wilcsek-zsuzsanna-kapta-az-ev-egeszsegugyi-dolgozoja-kituntetest\\\/\"},\"author\":{\"name\":\"dorogimedence.hu\",\"@id\":\"https:\\\/\\\/dorogimedence.hu\\\/#\\\/schema\\\/person\\\/ce6091eeb7e95ecdc87890d6aa8e0fd4\"},\"headline\":\"Schiffern\u00e9 Dr. Wilcsek Zsuzsanna kapta az \u00e9v eg\u00e9szs\u00e9g\u00fcgyi dolgoz\u00f3ja kit\u00fcntet\u00e9st\",\"datePublished\":\"2019-06-29T10:38:53+00:00\",\"mainEntityOfPage\":{\"@id\":\"https:\\\/\\\/dorogimedence.hu\\\/index.php\\\/2019\\\/06\\\/29\\\/schifferne-dr-wilcsek-zsuzsanna-kapta-az-ev-egeszsegugyi-dolgozoja-kituntetest\\\/\"},\"wordCount\":260,\"publisher\":{\"@id\":\"https:\\\/\\\/dorogimedence.hu\\\/#organization\"},\"image\":{\"@id\":\"https:\\\/\\\/dorogimedence.hu\\\/index.php\\\/2019\\\/06\\\/29\\\/schifferne-dr-wilcsek-zsuzsanna-kapta-az-ev-egeszsegugyi-dolgozoja-kituntetest\\\/#primaryimage\"},\"thumbnailUrl\":\"https:\\\/\\\/dorogimedence.hu\\\/wp-content\\\/uploads\\\/2019\\\/06\\\/egeszsegugy-dorog.jpg\",\"keywords\":[\"Dorog\",\"eg\u00e9szs\u00e9g\u00fcgy\",\"kit\u00fcntet\u00e9s\",\"Schiffern\u00e9 Dr. Wilcsek Zsuzsanna\"],\"articleSection\":[\"Dorog\",\"H\u00edrek\"],\"inLanguage\":\"hu\"},{\"@type\":\"WebPage\",\"@id\":\"https:\\\/\\\/dorogimedence.hu\\\/index.php\\\/2019\\\/06\\\/29\\\/schifferne-dr-wilcsek-zsuzsanna-kapta-az-ev-egeszsegugyi-dolgozoja-kituntetest\\\/\",\"url\":\"https:\\\/\\\/dorogimedence.hu\\\/index.php\\\/2019\\\/06\\\/29\\\/schifferne-dr-wilcsek-zsuzsanna-kapta-az-ev-egeszsegugyi-dolgozoja-kituntetest\\\/\",\"name\":\"Schiffern\u00e9 Dr. Wilcsek Zsuzsanna kapta az \u00e9v eg\u00e9szs\u00e9g\u00fcgyi dolgoz\u00f3ja kit\u00fcntet\u00e9st\",\"isPartOf\":{\"@id\":\"https:\\\/\\\/dorogimedence.hu\\\/#website\"},\"primaryImageOfPage\":{\"@id\":\"https:\\\/\\\/dorogimedence.hu\\\/index.php\\\/2019\\\/06\\\/29\\\/schifferne-dr-wilcsek-zsuzsanna-kapta-az-ev-egeszsegugyi-dolgozoja-kituntetest\\\/#primaryimage\"},\"image\":{\"@id\":\"https:\\\/\\\/dorogimedence.hu\\\/index.php\\\/2019\\\/06\\\/29\\\/schifferne-dr-wilcsek-zsuzsanna-kapta-az-ev-egeszsegugyi-dolgozoja-kituntetest\\\/#primaryimage\"},\"thumbnailUrl\":\"https:\\\/\\\/dorogimedence.hu\\\/wp-content\\\/uploads\\\/2019\\\/06\\\/egeszsegugy-dorog.jpg\",\"datePublished\":\"2019-06-29T10:38:53+00:00\",\"breadcrumb\":{\"@id\":\"https:\\\/\\\/dorogimedence.hu\\\/index.php\\\/2019\\\/06\\\/29\\\/schifferne-dr-wilcsek-zsuzsanna-kapta-az-ev-egeszsegugyi-dolgozoja-kituntetest\\\/#breadcrumb\"},\"inLanguage\":\"hu\",\"potentialAction\":[{\"@type\":\"ReadAction\",\"target\":[\"https:\\\/\\\/dorogimedence.hu\\\/index.php\\\/2019\\\/06\\\/29\\\/schifferne-dr-wilcsek-zsuzsanna-kapta-az-ev-egeszsegugyi-dolgozoja-kituntetest\\\/\"]}]},{\"@type\":\"ImageObject\",\"inLanguage\":\"hu\",\"@id\":\"https:\\\/\\\/dorogimedence.hu\\\/index.php\\\/2019\\\/06\\\/29\\\/schifferne-dr-wilcsek-zsuzsanna-kapta-az-ev-egeszsegugyi-dolgozoja-kituntetest\\\/#primaryimage\",\"url\":\"https:\\\/\\\/dorogimedence.hu\\\/wp-content\\\/uploads\\\/2019\\\/06\\\/egeszsegugy-dorog.jpg\",\"contentUrl\":\"https:\\\/\\\/dorogimedence.hu\\\/wp-content\\\/uploads\\\/2019\\\/06\\\/egeszsegugy-dorog.jpg\",\"width\":670,\"height\":365},{\"@type\":\"BreadcrumbList\",\"@id\":\"https:\\\/\\\/dorogimedence.hu\\\/index.php\\\/2019\\\/06\\\/29\\\/schifferne-dr-wilcsek-zsuzsanna-kapta-az-ev-egeszsegugyi-dolgozoja-kituntetest\\\/#breadcrumb\",\"itemListElement\":[{\"@type\":\"ListItem\",\"position\":1,\"name\":\"Kezd\u0151lap\",\"item\":\"https:\\\/\\\/dorogimedence.hu\\\/\"},{\"@type\":\"ListItem\",\"position\":2,\"name\":\"Schiffern\u00e9 Dr. Wilcsek Zsuzsanna kapta az \u00e9v eg\u00e9szs\u00e9g\u00fcgyi dolgoz\u00f3ja kit\u00fcntet\u00e9st\"}]},{\"@type\":\"WebSite\",\"@id\":\"https:\\\/\\\/dorogimedence.hu\\\/#website\",\"url\":\"https:\\\/\\\/dorogimedence.hu\\\/\",\"name\":\"Dorogi-medence Region\u00e1lis H\u00edrport\u00e1l\",\"description\":\"Dorog, Keszt\u00f6lc, Le\u00e1nyv\u00e1r, Piliscs\u00e9v, Tokod, Tokodalt\u00e1r\u00f3, Csolnok, Esztergom-kertv\u00e1ros: h\u00edrek, programok\",\"publisher\":{\"@id\":\"https:\\\/\\\/dorogimedence.hu\\\/#organization\"},\"potentialAction\":[{\"@type\":\"SearchAction\",\"target\":{\"@type\":\"EntryPoint\",\"urlTemplate\":\"https:\\\/\\\/dorogimedence.hu\\\/?s={search_term_string}\"},\"query-input\":{\"@type\":\"PropertyValueSpecification\",\"valueRequired\":true,\"valueName\":\"search_term_string\"}}],\"inLanguage\":\"hu\"},{\"@type\":\"Organization\",\"@id\":\"https:\\\/\\\/dorogimedence.hu\\\/#organization\",\"name\":\"Dorogi-medence Region\u00e1lis H\u00edrport\u00e1l\",\"url\":\"https:\\\/\\\/dorogimedence.hu\\\/\",\"logo\":{\"@type\":\"ImageObject\",\"inLanguage\":\"hu\",\"@id\":\"https:\\\/\\\/dorogimedence.hu\\\/#\\\/schema\\\/logo\\\/image\\\/\",\"url\":\"https:\\\/\\\/dorogimedence.hu\\\/wp-content\\\/uploads\\\/2021\\\/04\\\/logo-feher-600.png\",\"contentUrl\":\"https:\\\/\\\/dorogimedence.hu\\\/wp-content\\\/uploads\\\/2021\\\/04\\\/logo-feher-600.png\",\"width\":600,\"height\":100,\"caption\":\"Dorogi-medence Region\u00e1lis H\u00edrport\u00e1l\"},\"image\":{\"@id\":\"https:\\\/\\\/dorogimedence.hu\\\/#\\\/schema\\\/logo\\\/image\\\/\"},\"sameAs\":[\"https:\\\/\\\/www.facebook.com\\\/dorogimedence\\\/\"]},{\"@type\":\"Person\",\"@id\":\"https:\\\/\\\/dorogimedence.hu\\\/#\\\/schema\\\/person\\\/ce6091eeb7e95ecdc87890d6aa8e0fd4\",\"name\":\"dorogimedence.hu\",\"image\":{\"@type\":\"ImageObject\",\"inLanguage\":\"hu\",\"@id\":\"\\\/\\\/www.gravatar.com\\\/avatar\\\/d8d45f8901aadff40a4af72c0b826f1d?s=96&#038;r=g&#038;d=mm\",\"url\":\"\\\/\\\/www.gravatar.com\\\/avatar\\\/d8d45f8901aadff40a4af72c0b826f1d?s=96&#038;r=g&#038;d=mm\",\"contentUrl\":\"\\\/\\\/www.gravatar.com\\\/avatar\\\/d8d45f8901aadff40a4af72c0b826f1d?s=96&#038;r=g&#038;d=mm\",\"caption\":\"dorogimedence.hu\"}}]}<\/script>\n<!-- \/ Yoast SEO plugin. -->","yoast_head_json":{"title":"Schiffern\u00e9 Dr. Wilcsek Zsuzsanna kapta az \u00e9v eg\u00e9szs\u00e9g\u00fcgyi dolgoz\u00f3ja kit\u00fcntet\u00e9st","robots":{"index":"index","follow":"follow","max-snippet":"max-snippet:-1","max-image-preview":"max-image-preview:large","max-video-preview":"max-video-preview:-1"},"canonical":"https:\/\/dorogimedence.hu\/index.php\/2019\/06\/29\/schifferne-dr-wilcsek-zsuzsanna-kapta-az-ev-egeszsegugyi-dolgozoja-kituntetest\/","og_locale":"hu_HU","og_type":"article","og_title":"Schiffern\u00e9 Dr. Wilcsek Zsuzsanna kapta az \u00e9v eg\u00e9szs\u00e9g\u00fcgyi dolgoz\u00f3ja kit\u00fcntet\u00e9st","og_description":"Semmelweis Nap alkalm\u00e1b\u00f3l \u00fcnneps\u00e9get szerveztek az eg\u00e9szs\u00e9g\u00fcgyben dolgoz\u00f3knak Dorogon, a m\u0171vel\u0151d\u00e9si h\u00e1zban. Dorog v\u00e1ros k\u00e9pvisel\u0151 test\u00fclete megh\u00edvta mindazokat, akik az orvosl\u00e1st, \u00e1pol\u00e1st, seg\u00edt\u00e9st \u00e9s gondoz\u00e1st v\u00e1lasztott\u00e1k \u00e9lethivat\u00e1sk\u00e9nt Dorogon. Fontos megeml\u00edteni azt is, hogy az \u00f6sszegy\u0171ltek nagy szakmai elhivatotts\u00e1ggal v\u00e1llalkoztak arra, hogy gy\u00f3gy\u00edts\u00e1k a betegeket, \u00e1polj\u00e1k a gy\u00f3gyul\u00f3kat, seg\u00edts\u00e9k, gondozz\u00e1k mindazokat, akik erre valamilyen okb\u00f3l r\u00e1szorulnak.","og_url":"https:\/\/dorogimedence.hu\/index.php\/2019\/06\/29\/schifferne-dr-wilcsek-zsuzsanna-kapta-az-ev-egeszsegugyi-dolgozoja-kituntetest\/","og_site_name":"Dorogi-medence Region\u00e1lis H\u00edrport\u00e1l","article_publisher":"https:\/\/www.facebook.com\/dorogimedence\/","article_published_time":"2019-06-29T10:38:53+00:00","og_image":[{"width":670,"height":365,"url":"https:\/\/i0.wp.com\/dorogimedence.hu\/wp-content\/uploads\/2019\/06\/egeszsegugy-dorog.jpg?fit=670%2C365&ssl=1","type":"image\/jpeg"}],"author":"dorogimedence.hu","twitter_card":"summary_large_image","twitter_misc":{"Szerz\u0151:":"dorogimedence.hu","Becs\u00fclt olvas\u00e1si id\u0151":"1 perc"},"schema":{"@context":"https:\/\/schema.org","@graph":[{"@type":"Article","@id":"https:\/\/dorogimedence.hu\/index.php\/2019\/06\/29\/schifferne-dr-wilcsek-zsuzsanna-kapta-az-ev-egeszsegugyi-dolgozoja-kituntetest\/#article","isPartOf":{"@id":"https:\/\/dorogimedence.hu\/index.php\/2019\/06\/29\/schifferne-dr-wilcsek-zsuzsanna-kapta-az-ev-egeszsegugyi-dolgozoja-kituntetest\/"},"author":{"name":"dorogimedence.hu","@id":"https:\/\/dorogimedence.hu\/#\/schema\/person\/ce6091eeb7e95ecdc87890d6aa8e0fd4"},"headline":"Schiffern\u00e9 Dr. Wilcsek Zsuzsanna kapta az \u00e9v eg\u00e9szs\u00e9g\u00fcgyi dolgoz\u00f3ja kit\u00fcntet\u00e9st","datePublished":"2019-06-29T10:38:53+00:00","mainEntityOfPage":{"@id":"https:\/\/dorogimedence.hu\/index.php\/2019\/06\/29\/schifferne-dr-wilcsek-zsuzsanna-kapta-az-ev-egeszsegugyi-dolgozoja-kituntetest\/"},"wordCount":260,"publisher":{"@id":"https:\/\/dorogimedence.hu\/#organization"},"image":{"@id":"https:\/\/dorogimedence.hu\/index.php\/2019\/06\/29\/schifferne-dr-wilcsek-zsuzsanna-kapta-az-ev-egeszsegugyi-dolgozoja-kituntetest\/#primaryimage"},"thumbnailUrl":"https:\/\/dorogimedence.hu\/wp-content\/uploads\/2019\/06\/egeszsegugy-dorog.jpg","keywords":["Dorog","eg\u00e9szs\u00e9g\u00fcgy","kit\u00fcntet\u00e9s","Schiffern\u00e9 Dr. Wilcsek Zsuzsanna"],"articleSection":["Dorog","H\u00edrek"],"inLanguage":"hu"},{"@type":"WebPage","@id":"https:\/\/dorogimedence.hu\/index.php\/2019\/06\/29\/schifferne-dr-wilcsek-zsuzsanna-kapta-az-ev-egeszsegugyi-dolgozoja-kituntetest\/","url":"https:\/\/dorogimedence.hu\/index.php\/2019\/06\/29\/schifferne-dr-wilcsek-zsuzsanna-kapta-az-ev-egeszsegugyi-dolgozoja-kituntetest\/","name":"Schiffern\u00e9 Dr. Wilcsek Zsuzsanna kapta az \u00e9v eg\u00e9szs\u00e9g\u00fcgyi dolgoz\u00f3ja kit\u00fcntet\u00e9st","isPartOf":{"@id":"https:\/\/dorogimedence.hu\/#website"},"primaryImageOfPage":{"@id":"https:\/\/dorogimedence.hu\/index.php\/2019\/06\/29\/schifferne-dr-wilcsek-zsuzsanna-kapta-az-ev-egeszsegugyi-dolgozoja-kituntetest\/#primaryimage"},"image":{"@id":"https:\/\/dorogimedence.hu\/index.php\/2019\/06\/29\/schifferne-dr-wilcsek-zsuzsanna-kapta-az-ev-egeszsegugyi-dolgozoja-kituntetest\/#primaryimage"},"thumbnailUrl":"https:\/\/dorogimedence.hu\/wp-content\/uploads\/2019\/06\/egeszsegugy-dorog.jpg","datePublished":"2019-06-29T10:38:53+00:00","breadcrumb":{"@id":"https:\/\/dorogimedence.hu\/index.php\/2019\/06\/29\/schifferne-dr-wilcsek-zsuzsanna-kapta-az-ev-egeszsegugyi-dolgozoja-kituntetest\/#breadcrumb"},"inLanguage":"hu","potentialAction":[{"@type":"ReadAction","target":["https:\/\/dorogimedence.hu\/index.php\/2019\/06\/29\/schifferne-dr-wilcsek-zsuzsanna-kapta-az-ev-egeszsegugyi-dolgozoja-kituntetest\/"]}]},{"@type":"ImageObject","inLanguage":"hu","@id":"https:\/\/dorogimedence.hu\/index.php\/2019\/06\/29\/schifferne-dr-wilcsek-zsuzsanna-kapta-az-ev-egeszsegugyi-dolgozoja-kituntetest\/#primaryimage","url":"https:\/\/dorogimedence.hu\/wp-content\/uploads\/2019\/06\/egeszsegugy-dorog.jpg","contentUrl":"https:\/\/dorogimedence.hu\/wp-content\/uploads\/2019\/06\/egeszsegugy-dorog.jpg","width":670,"height":365},{"@type":"BreadcrumbList","@id":"https:\/\/dorogimedence.hu\/index.php\/2019\/06\/29\/schifferne-dr-wilcsek-zsuzsanna-kapta-az-ev-egeszsegugyi-dolgozoja-kituntetest\/#breadcrumb","itemListElement":[{"@type":"ListItem","position":1,"name":"Kezd\u0151lap","item":"https:\/\/dorogimedence.hu\/"},{"@type":"ListItem","position":2,"name":"Schiffern\u00e9 Dr. Wilcsek Zsuzsanna kapta az \u00e9v eg\u00e9szs\u00e9g\u00fcgyi dolgoz\u00f3ja kit\u00fcntet\u00e9st"}]},{"@type":"WebSite","@id":"https:\/\/dorogimedence.hu\/#website","url":"https:\/\/dorogimedence.hu\/","name":"Dorogi-medence Region\u00e1lis H\u00edrport\u00e1l","description":"Dorog, Keszt\u00f6lc, Le\u00e1nyv\u00e1r, Piliscs\u00e9v, Tokod, Tokodalt\u00e1r\u00f3, Csolnok, Esztergom-kertv\u00e1ros: h\u00edrek, programok","publisher":{"@id":"https:\/\/dorogimedence.hu\/#organization"},"potentialAction":[{"@type":"SearchAction","target":{"@type":"EntryPoint","urlTemplate":"https:\/\/dorogimedence.hu\/?s={search_term_string}"},"query-input":{"@type":"PropertyValueSpecification","valueRequired":true,"valueName":"search_term_string"}}],"inLanguage":"hu"},{"@type":"Organization","@id":"https:\/\/dorogimedence.hu\/#organization","name":"Dorogi-medence Region\u00e1lis H\u00edrport\u00e1l","url":"https:\/\/dorogimedence.hu\/","logo":{"@type":"ImageObject","inLanguage":"hu","@id":"https:\/\/dorogimedence.hu\/#\/schema\/logo\/image\/","url":"https:\/\/dorogimedence.hu\/wp-content\/uploads\/2021\/04\/logo-feher-600.png","contentUrl":"https:\/\/dorogimedence.hu\/wp-content\/uploads\/2021\/04\/logo-feher-600.png","width":600,"height":100,"caption":"Dorogi-medence Region\u00e1lis H\u00edrport\u00e1l"},"image":{"@id":"https:\/\/dorogimedence.hu\/#\/schema\/logo\/image\/"},"sameAs":["https:\/\/www.facebook.com\/dorogimedence\/"]},{"@type":"Person","@id":"https:\/\/dorogimedence.hu\/#\/schema\/person\/ce6091eeb7e95ecdc87890d6aa8e0fd4","name":"dorogimedence.hu","image":{"@type":"ImageObject","inLanguage":"hu","@id":"\/\/www.gravatar.com\/avatar\/d8d45f8901aadff40a4af72c0b826f1d?s=96&#038;r=g&#038;d=mm","url":"\/\/www.gravatar.com\/avatar\/d8d45f8901aadff40a4af72c0b826f1d?s=96&#038;r=g&#038;d=mm","contentUrl":"\/\/www.gravatar.com\/avatar\/d8d45f8901aadff40a4af72c0b826f1d?s=96&#038;r=g&#038;d=mm","caption":"dorogimedence.hu"}}]}},"_links":{"self":[{"href":"https:\/\/dorogimedence.hu\/index.php\/wp-json\/wp\/v2\/posts\/17756","targetHints":{"allow":["GET"]}}],"collection":[{"href":"https:\/\/dorogimedence.hu\/index.php\/wp-json\/wp\/v2\/posts"}],"about":[{"href":"https:\/\/dorogimedence.hu\/index.php\/wp-json\/wp\/v2\/types\/post"}],"author":[{"embeddable":true,"href":"https:\/\/dorogimedence.hu\/index.php\/wp-json\/wp\/v2\/users\/1"}],"replies":[{"embeddable":true,"href":"https:\/\/dorogimedence.hu\/index.php\/wp-json\/wp\/v2\/comments?post=17756"}],"version-history":[{"count":0,"href":"https:\/\/dorogimedence.hu\/index.php\/wp-json\/wp\/v2\/posts\/17756\/revisions"}],"wp:featuredmedia":[{"embeddable":true,"href":"https:\/\/dorogimedence.hu\/index.php\/wp-json\/wp\/v2\/media\/17757"}],"wp:attachment":[{"href":"https:\/\/dorogimedence.hu\/index.php\/wp-json\/wp\/v2\/media?parent=17756"}],"wp:term":[{"taxonomy":"category","embeddable":true,"href":"https:\/\/dorogimedence.hu\/index.php\/wp-json\/wp\/v2\/categories?post=17756"},{"taxonomy":"post_tag","embeddable":true,"href":"https:\/\/dorogimedence.hu\/index.php\/wp-json\/wp\/v2\/tags?post=17756"}],"curies":[{"name":"wp","href":"https:\/\/api.w.org\/{rel}","templated":true}]}}