{"id":17696,"date":"2019-06-27T15:47:51","date_gmt":"2019-06-27T13:47:51","guid":{"rendered":"http:\/\/dorogimedence.hu\/?p=17696"},"modified":"2019-06-27T15:47:51","modified_gmt":"2019-06-27T13:47:51","slug":"egeszseg-ejszakaja-esztergomban","status":"publish","type":"post","link":"https:\/\/dorogimedence.hu\/index.php\/2019\/06\/27\/egeszseg-ejszakaja-esztergomban\/","title":{"rendered":"Eg\u00e9szs\u00e9g \u00c9jszak\u00e1ja Esztergomban"},"content":{"rendered":"<p><strong>J\u00fanius 28-\u00e1n, p\u00e9nteken 17 \u00e9s 22 \u00f3ra k\u00f6z\u00f6tt Eg\u00e9szs\u00e9g \u00c9jszak\u00e1j\u00e1ra v\u00e1rj\u00e1k az \u00e9rdekl\u0151d\u0151ket a Vit\u00e9z J\u00e1nos Katolikus Nyelvoktat\u00f3 N\u00e9met Nemzetis\u00e9gi \u00c1ltal\u00e1nos Iskol\u00e1ban (gyakorl\u00f3ban).<\/strong><\/p>\n<p>A \u00e9jszaka sor\u00e1n el\u0151ad\u00e1sokat, sportbemutat\u00f3kat \u00e9s sz\u0171r\u0151vizsg\u00e1latokat tartanak gyerekenek \u00e9s feln\u0151tteknek. Mindemellett eg\u00e9szs\u00e9g- \u00e9s utasbiztos\u00edt\u00e1ssal kapcsolatos ismertet\u0151 is lesz.<\/p>\n<p>A rendezv\u00e9nyre a bel\u00e9p\u00e9s ingyenes!<\/p>\n","protected":false},"excerpt":{"rendered":"<p>J\u00fanius 28-\u00e1n, p\u00e9nteken 17 \u00e9s 22 \u00f3ra k\u00f6z\u00f6tt Eg\u00e9szs\u00e9g \u00c9jszak\u00e1j\u00e1ra v\u00e1rj\u00e1k az \u00e9rdekl\u0151d\u0151ket a Vit\u00e9z J\u00e1nos Katolikus Nyelvoktat\u00f3 N\u00e9met Nemzetis\u00e9gi \u00c1ltal\u00e1nos Iskol\u00e1ban (gyakorl\u00f3ban). A \u00e9jszaka sor\u00e1n el\u0151ad\u00e1sokat, sportbemutat\u00f3kat \u00e9s sz\u0171r\u0151vizsg\u00e1latokat tartanak gyerekenek \u00e9s feln\u0151tteknek. Mindemellett eg\u00e9szs\u00e9g- \u00e9s utasbiztos\u00edt\u00e1ssal kapcsolatos ismertet\u0151 is lesz. A rendezv\u00e9nyre a bel\u00e9p\u00e9s ingyenes!<\/p>\n","protected":false},"author":1,"featured_media":17697,"comment_status":"closed","ping_status":"closed","sticky":false,"template":"","format":"standard","meta":{"ngg_post_thumbnail":0,"footnotes":""},"categories":[38,3,3561],"tags":[368,4026,173,42,101],"class_list":{"0":"post-17696","1":"post","2":"type-post","3":"status-publish","4":"format-standard","5":"has-post-thumbnail","7":"category-esztergom","8":"category-hirek","9":"category-programok","10":"tag-egeszseg","11":"tag-egeszseg-ejszakaja","12":"tag-eloadas","13":"tag-esztergom","14":"tag-program"},"yoast_head":"<!-- This site is optimized with the Yoast SEO plugin v27.4 - https:\/\/yoast.com\/product\/yoast-seo-wordpress\/ -->\n<title>Eg\u00e9szs\u00e9g \u00c9jszak\u00e1ja Esztergomban<\/title>\n<meta name=\"robots\" content=\"index, follow, max-snippet:-1, max-image-preview:large, max-video-preview:-1\" \/>\n<link rel=\"canonical\" href=\"https:\/\/dorogimedence.hu\/index.php\/2019\/06\/27\/egeszseg-ejszakaja-esztergomban\/\" class=\"yoast-seo-meta-tag\" \/>\n<meta property=\"og:locale\" content=\"hu_HU\" class=\"yoast-seo-meta-tag\" \/>\n<meta property=\"og:type\" content=\"article\" class=\"yoast-seo-meta-tag\" \/>\n<meta property=\"og:title\" content=\"Eg\u00e9szs\u00e9g \u00c9jszak\u00e1ja Esztergomban\" class=\"yoast-seo-meta-tag\" \/>\n<meta property=\"og:description\" content=\"J\u00fanius 28-\u00e1n, p\u00e9nteken 17 \u00e9s 22 \u00f3ra k\u00f6z\u00f6tt Eg\u00e9szs\u00e9g \u00c9jszak\u00e1j\u00e1ra v\u00e1rj\u00e1k az \u00e9rdekl\u0151d\u0151ket a Vit\u00e9z J\u00e1nos Katolikus Nyelvoktat\u00f3 N\u00e9met Nemzetis\u00e9gi \u00c1ltal\u00e1nos Iskol\u00e1ban (gyakorl\u00f3ban). A \u00e9jszaka sor\u00e1n el\u0151ad\u00e1sokat, sportbemutat\u00f3kat \u00e9s sz\u0171r\u0151vizsg\u00e1latokat tartanak gyerekenek \u00e9s feln\u0151tteknek. Mindemellett eg\u00e9szs\u00e9g- \u00e9s utasbiztos\u00edt\u00e1ssal kapcsolatos ismertet\u0151 is lesz. A rendezv\u00e9nyre a bel\u00e9p\u00e9s ingyenes!\" class=\"yoast-seo-meta-tag\" \/>\n<meta property=\"og:url\" content=\"https:\/\/dorogimedence.hu\/index.php\/2019\/06\/27\/egeszseg-ejszakaja-esztergomban\/\" class=\"yoast-seo-meta-tag\" \/>\n<meta property=\"og:site_name\" content=\"Dorogi-medence Region\u00e1lis H\u00edrport\u00e1l\" class=\"yoast-seo-meta-tag\" \/>\n<meta property=\"article:publisher\" content=\"https:\/\/www.facebook.com\/dorogimedence\/\" class=\"yoast-seo-meta-tag\" \/>\n<meta property=\"article:published_time\" content=\"2019-06-27T13:47:51+00:00\" class=\"yoast-seo-meta-tag\" \/>\n<meta property=\"og:image\" content=\"https:\/\/i0.wp.com\/dorogimedence.hu\/wp-content\/uploads\/2019\/06\/egeszseg-ejszakaja.jpg?fit=670%2C365&ssl=1\" class=\"yoast-seo-meta-tag\" \/>\n\t<meta property=\"og:image:width\" content=\"670\" class=\"yoast-seo-meta-tag\" \/>\n\t<meta property=\"og:image:height\" content=\"365\" class=\"yoast-seo-meta-tag\" \/>\n\t<meta property=\"og:image:type\" content=\"image\/jpeg\" class=\"yoast-seo-meta-tag\" \/>\n<meta name=\"author\" content=\"dorogimedence.hu\" class=\"yoast-seo-meta-tag\" \/>\n<meta name=\"twitter:card\" content=\"summary_large_image\" class=\"yoast-seo-meta-tag\" \/>\n<meta name=\"twitter:label1\" content=\"Szerz\u0151:\" class=\"yoast-seo-meta-tag\" \/>\n\t<meta name=\"twitter:data1\" content=\"dorogimedence.hu\" class=\"yoast-seo-meta-tag\" \/>\n<script type=\"application\/ld+json\" class=\"yoast-schema-graph\">{\"@context\":\"https:\\\/\\\/schema.org\",\"@graph\":[{\"@type\":\"Article\",\"@id\":\"https:\\\/\\\/dorogimedence.hu\\\/index.php\\\/2019\\\/06\\\/27\\\/egeszseg-ejszakaja-esztergomban\\\/#article\",\"isPartOf\":{\"@id\":\"https:\\\/\\\/dorogimedence.hu\\\/index.php\\\/2019\\\/06\\\/27\\\/egeszseg-ejszakaja-esztergomban\\\/\"},\"author\":{\"name\":\"dorogimedence.hu\",\"@id\":\"https:\\\/\\\/dorogimedence.hu\\\/#\\\/schema\\\/person\\\/ce6091eeb7e95ecdc87890d6aa8e0fd4\"},\"headline\":\"Eg\u00e9szs\u00e9g \u00c9jszak\u00e1ja Esztergomban\",\"datePublished\":\"2019-06-27T13:47:51+00:00\",\"mainEntityOfPage\":{\"@id\":\"https:\\\/\\\/dorogimedence.hu\\\/index.php\\\/2019\\\/06\\\/27\\\/egeszseg-ejszakaja-esztergomban\\\/\"},\"wordCount\":86,\"publisher\":{\"@id\":\"https:\\\/\\\/dorogimedence.hu\\\/#organization\"},\"image\":{\"@id\":\"https:\\\/\\\/dorogimedence.hu\\\/index.php\\\/2019\\\/06\\\/27\\\/egeszseg-ejszakaja-esztergomban\\\/#primaryimage\"},\"thumbnailUrl\":\"https:\\\/\\\/dorogimedence.hu\\\/wp-content\\\/uploads\\\/2019\\\/06\\\/egeszseg-ejszakaja.jpg\",\"keywords\":[\"eg\u00e9szs\u00e9g\",\"eg\u00e9szs\u00e9g \u00e9jszak\u00e1ja\",\"el\u0151ad\u00e1s\",\"esztergom\",\"program\"],\"articleSection\":[\"Esztergom\",\"H\u00edrek\",\"Programok\"],\"inLanguage\":\"hu\"},{\"@type\":\"WebPage\",\"@id\":\"https:\\\/\\\/dorogimedence.hu\\\/index.php\\\/2019\\\/06\\\/27\\\/egeszseg-ejszakaja-esztergomban\\\/\",\"url\":\"https:\\\/\\\/dorogimedence.hu\\\/index.php\\\/2019\\\/06\\\/27\\\/egeszseg-ejszakaja-esztergomban\\\/\",\"name\":\"Eg\u00e9szs\u00e9g \u00c9jszak\u00e1ja Esztergomban\",\"isPartOf\":{\"@id\":\"https:\\\/\\\/dorogimedence.hu\\\/#website\"},\"primaryImageOfPage\":{\"@id\":\"https:\\\/\\\/dorogimedence.hu\\\/index.php\\\/2019\\\/06\\\/27\\\/egeszseg-ejszakaja-esztergomban\\\/#primaryimage\"},\"image\":{\"@id\":\"https:\\\/\\\/dorogimedence.hu\\\/index.php\\\/2019\\\/06\\\/27\\\/egeszseg-ejszakaja-esztergomban\\\/#primaryimage\"},\"thumbnailUrl\":\"https:\\\/\\\/dorogimedence.hu\\\/wp-content\\\/uploads\\\/2019\\\/06\\\/egeszseg-ejszakaja.jpg\",\"datePublished\":\"2019-06-27T13:47:51+00:00\",\"breadcrumb\":{\"@id\":\"https:\\\/\\\/dorogimedence.hu\\\/index.php\\\/2019\\\/06\\\/27\\\/egeszseg-ejszakaja-esztergomban\\\/#breadcrumb\"},\"inLanguage\":\"hu\",\"potentialAction\":[{\"@type\":\"ReadAction\",\"target\":[\"https:\\\/\\\/dorogimedence.hu\\\/index.php\\\/2019\\\/06\\\/27\\\/egeszseg-ejszakaja-esztergomban\\\/\"]}]},{\"@type\":\"ImageObject\",\"inLanguage\":\"hu\",\"@id\":\"https:\\\/\\\/dorogimedence.hu\\\/index.php\\\/2019\\\/06\\\/27\\\/egeszseg-ejszakaja-esztergomban\\\/#primaryimage\",\"url\":\"https:\\\/\\\/dorogimedence.hu\\\/wp-content\\\/uploads\\\/2019\\\/06\\\/egeszseg-ejszakaja.jpg\",\"contentUrl\":\"https:\\\/\\\/dorogimedence.hu\\\/wp-content\\\/uploads\\\/2019\\\/06\\\/egeszseg-ejszakaja.jpg\",\"width\":670,\"height\":365},{\"@type\":\"BreadcrumbList\",\"@id\":\"https:\\\/\\\/dorogimedence.hu\\\/index.php\\\/2019\\\/06\\\/27\\\/egeszseg-ejszakaja-esztergomban\\\/#breadcrumb\",\"itemListElement\":[{\"@type\":\"ListItem\",\"position\":1,\"name\":\"Kezd\u0151lap\",\"item\":\"https:\\\/\\\/dorogimedence.hu\\\/\"},{\"@type\":\"ListItem\",\"position\":2,\"name\":\"Eg\u00e9szs\u00e9g \u00c9jszak\u00e1ja Esztergomban\"}]},{\"@type\":\"WebSite\",\"@id\":\"https:\\\/\\\/dorogimedence.hu\\\/#website\",\"url\":\"https:\\\/\\\/dorogimedence.hu\\\/\",\"name\":\"Dorogi-medence Region\u00e1lis H\u00edrport\u00e1l\",\"description\":\"Dorog, Keszt\u00f6lc, Le\u00e1nyv\u00e1r, Piliscs\u00e9v, Tokod, Tokodalt\u00e1r\u00f3, Csolnok, Esztergom-kertv\u00e1ros: h\u00edrek, programok\",\"publisher\":{\"@id\":\"https:\\\/\\\/dorogimedence.hu\\\/#organization\"},\"potentialAction\":[{\"@type\":\"SearchAction\",\"target\":{\"@type\":\"EntryPoint\",\"urlTemplate\":\"https:\\\/\\\/dorogimedence.hu\\\/?s={search_term_string}\"},\"query-input\":{\"@type\":\"PropertyValueSpecification\",\"valueRequired\":true,\"valueName\":\"search_term_string\"}}],\"inLanguage\":\"hu\"},{\"@type\":\"Organization\",\"@id\":\"https:\\\/\\\/dorogimedence.hu\\\/#organization\",\"name\":\"Dorogi-medence Region\u00e1lis H\u00edrport\u00e1l\",\"url\":\"https:\\\/\\\/dorogimedence.hu\\\/\",\"logo\":{\"@type\":\"ImageObject\",\"inLanguage\":\"hu\",\"@id\":\"https:\\\/\\\/dorogimedence.hu\\\/#\\\/schema\\\/logo\\\/image\\\/\",\"url\":\"https:\\\/\\\/dorogimedence.hu\\\/wp-content\\\/uploads\\\/2021\\\/04\\\/logo-feher-600.png\",\"contentUrl\":\"https:\\\/\\\/dorogimedence.hu\\\/wp-content\\\/uploads\\\/2021\\\/04\\\/logo-feher-600.png\",\"width\":600,\"height\":100,\"caption\":\"Dorogi-medence Region\u00e1lis H\u00edrport\u00e1l\"},\"image\":{\"@id\":\"https:\\\/\\\/dorogimedence.hu\\\/#\\\/schema\\\/logo\\\/image\\\/\"},\"sameAs\":[\"https:\\\/\\\/www.facebook.com\\\/dorogimedence\\\/\"]},{\"@type\":\"Person\",\"@id\":\"https:\\\/\\\/dorogimedence.hu\\\/#\\\/schema\\\/person\\\/ce6091eeb7e95ecdc87890d6aa8e0fd4\",\"name\":\"dorogimedence.hu\",\"image\":{\"@type\":\"ImageObject\",\"inLanguage\":\"hu\",\"@id\":\"\\\/\\\/www.gravatar.com\\\/avatar\\\/d8d45f8901aadff40a4af72c0b826f1d?s=96&#038;r=g&#038;d=mm\",\"url\":\"\\\/\\\/www.gravatar.com\\\/avatar\\\/d8d45f8901aadff40a4af72c0b826f1d?s=96&#038;r=g&#038;d=mm\",\"contentUrl\":\"\\\/\\\/www.gravatar.com\\\/avatar\\\/d8d45f8901aadff40a4af72c0b826f1d?s=96&#038;r=g&#038;d=mm\",\"caption\":\"dorogimedence.hu\"}}]}<\/script>\n<!-- \/ Yoast SEO plugin. -->","yoast_head_json":{"title":"Eg\u00e9szs\u00e9g \u00c9jszak\u00e1ja Esztergomban","robots":{"index":"index","follow":"follow","max-snippet":"max-snippet:-1","max-image-preview":"max-image-preview:large","max-video-preview":"max-video-preview:-1"},"canonical":"https:\/\/dorogimedence.hu\/index.php\/2019\/06\/27\/egeszseg-ejszakaja-esztergomban\/","og_locale":"hu_HU","og_type":"article","og_title":"Eg\u00e9szs\u00e9g \u00c9jszak\u00e1ja Esztergomban","og_description":"J\u00fanius 28-\u00e1n, p\u00e9nteken 17 \u00e9s 22 \u00f3ra k\u00f6z\u00f6tt Eg\u00e9szs\u00e9g \u00c9jszak\u00e1j\u00e1ra v\u00e1rj\u00e1k az \u00e9rdekl\u0151d\u0151ket a Vit\u00e9z J\u00e1nos Katolikus Nyelvoktat\u00f3 N\u00e9met Nemzetis\u00e9gi \u00c1ltal\u00e1nos Iskol\u00e1ban (gyakorl\u00f3ban). A \u00e9jszaka sor\u00e1n el\u0151ad\u00e1sokat, sportbemutat\u00f3kat \u00e9s sz\u0171r\u0151vizsg\u00e1latokat tartanak gyerekenek \u00e9s feln\u0151tteknek. Mindemellett eg\u00e9szs\u00e9g- \u00e9s utasbiztos\u00edt\u00e1ssal kapcsolatos ismertet\u0151 is lesz. A rendezv\u00e9nyre a bel\u00e9p\u00e9s ingyenes!","og_url":"https:\/\/dorogimedence.hu\/index.php\/2019\/06\/27\/egeszseg-ejszakaja-esztergomban\/","og_site_name":"Dorogi-medence Region\u00e1lis H\u00edrport\u00e1l","article_publisher":"https:\/\/www.facebook.com\/dorogimedence\/","article_published_time":"2019-06-27T13:47:51+00:00","og_image":[{"width":670,"height":365,"url":"https:\/\/i0.wp.com\/dorogimedence.hu\/wp-content\/uploads\/2019\/06\/egeszseg-ejszakaja.jpg?fit=670%2C365&ssl=1","type":"image\/jpeg"}],"author":"dorogimedence.hu","twitter_card":"summary_large_image","twitter_misc":{"Szerz\u0151:":"dorogimedence.hu"},"schema":{"@context":"https:\/\/schema.org","@graph":[{"@type":"Article","@id":"https:\/\/dorogimedence.hu\/index.php\/2019\/06\/27\/egeszseg-ejszakaja-esztergomban\/#article","isPartOf":{"@id":"https:\/\/dorogimedence.hu\/index.php\/2019\/06\/27\/egeszseg-ejszakaja-esztergomban\/"},"author":{"name":"dorogimedence.hu","@id":"https:\/\/dorogimedence.hu\/#\/schema\/person\/ce6091eeb7e95ecdc87890d6aa8e0fd4"},"headline":"Eg\u00e9szs\u00e9g \u00c9jszak\u00e1ja Esztergomban","datePublished":"2019-06-27T13:47:51+00:00","mainEntityOfPage":{"@id":"https:\/\/dorogimedence.hu\/index.php\/2019\/06\/27\/egeszseg-ejszakaja-esztergomban\/"},"wordCount":86,"publisher":{"@id":"https:\/\/dorogimedence.hu\/#organization"},"image":{"@id":"https:\/\/dorogimedence.hu\/index.php\/2019\/06\/27\/egeszseg-ejszakaja-esztergomban\/#primaryimage"},"thumbnailUrl":"https:\/\/dorogimedence.hu\/wp-content\/uploads\/2019\/06\/egeszseg-ejszakaja.jpg","keywords":["eg\u00e9szs\u00e9g","eg\u00e9szs\u00e9g \u00e9jszak\u00e1ja","el\u0151ad\u00e1s","esztergom","program"],"articleSection":["Esztergom","H\u00edrek","Programok"],"inLanguage":"hu"},{"@type":"WebPage","@id":"https:\/\/dorogimedence.hu\/index.php\/2019\/06\/27\/egeszseg-ejszakaja-esztergomban\/","url":"https:\/\/dorogimedence.hu\/index.php\/2019\/06\/27\/egeszseg-ejszakaja-esztergomban\/","name":"Eg\u00e9szs\u00e9g \u00c9jszak\u00e1ja Esztergomban","isPartOf":{"@id":"https:\/\/dorogimedence.hu\/#website"},"primaryImageOfPage":{"@id":"https:\/\/dorogimedence.hu\/index.php\/2019\/06\/27\/egeszseg-ejszakaja-esztergomban\/#primaryimage"},"image":{"@id":"https:\/\/dorogimedence.hu\/index.php\/2019\/06\/27\/egeszseg-ejszakaja-esztergomban\/#primaryimage"},"thumbnailUrl":"https:\/\/dorogimedence.hu\/wp-content\/uploads\/2019\/06\/egeszseg-ejszakaja.jpg","datePublished":"2019-06-27T13:47:51+00:00","breadcrumb":{"@id":"https:\/\/dorogimedence.hu\/index.php\/2019\/06\/27\/egeszseg-ejszakaja-esztergomban\/#breadcrumb"},"inLanguage":"hu","potentialAction":[{"@type":"ReadAction","target":["https:\/\/dorogimedence.hu\/index.php\/2019\/06\/27\/egeszseg-ejszakaja-esztergomban\/"]}]},{"@type":"ImageObject","inLanguage":"hu","@id":"https:\/\/dorogimedence.hu\/index.php\/2019\/06\/27\/egeszseg-ejszakaja-esztergomban\/#primaryimage","url":"https:\/\/dorogimedence.hu\/wp-content\/uploads\/2019\/06\/egeszseg-ejszakaja.jpg","contentUrl":"https:\/\/dorogimedence.hu\/wp-content\/uploads\/2019\/06\/egeszseg-ejszakaja.jpg","width":670,"height":365},{"@type":"BreadcrumbList","@id":"https:\/\/dorogimedence.hu\/index.php\/2019\/06\/27\/egeszseg-ejszakaja-esztergomban\/#breadcrumb","itemListElement":[{"@type":"ListItem","position":1,"name":"Kezd\u0151lap","item":"https:\/\/dorogimedence.hu\/"},{"@type":"ListItem","position":2,"name":"Eg\u00e9szs\u00e9g \u00c9jszak\u00e1ja Esztergomban"}]},{"@type":"WebSite","@id":"https:\/\/dorogimedence.hu\/#website","url":"https:\/\/dorogimedence.hu\/","name":"Dorogi-medence Region\u00e1lis H\u00edrport\u00e1l","description":"Dorog, Keszt\u00f6lc, Le\u00e1nyv\u00e1r, Piliscs\u00e9v, Tokod, Tokodalt\u00e1r\u00f3, Csolnok, Esztergom-kertv\u00e1ros: h\u00edrek, programok","publisher":{"@id":"https:\/\/dorogimedence.hu\/#organization"},"potentialAction":[{"@type":"SearchAction","target":{"@type":"EntryPoint","urlTemplate":"https:\/\/dorogimedence.hu\/?s={search_term_string}"},"query-input":{"@type":"PropertyValueSpecification","valueRequired":true,"valueName":"search_term_string"}}],"inLanguage":"hu"},{"@type":"Organization","@id":"https:\/\/dorogimedence.hu\/#organization","name":"Dorogi-medence Region\u00e1lis H\u00edrport\u00e1l","url":"https:\/\/dorogimedence.hu\/","logo":{"@type":"ImageObject","inLanguage":"hu","@id":"https:\/\/dorogimedence.hu\/#\/schema\/logo\/image\/","url":"https:\/\/dorogimedence.hu\/wp-content\/uploads\/2021\/04\/logo-feher-600.png","contentUrl":"https:\/\/dorogimedence.hu\/wp-content\/uploads\/2021\/04\/logo-feher-600.png","width":600,"height":100,"caption":"Dorogi-medence Region\u00e1lis H\u00edrport\u00e1l"},"image":{"@id":"https:\/\/dorogimedence.hu\/#\/schema\/logo\/image\/"},"sameAs":["https:\/\/www.facebook.com\/dorogimedence\/"]},{"@type":"Person","@id":"https:\/\/dorogimedence.hu\/#\/schema\/person\/ce6091eeb7e95ecdc87890d6aa8e0fd4","name":"dorogimedence.hu","image":{"@type":"ImageObject","inLanguage":"hu","@id":"\/\/www.gravatar.com\/avatar\/d8d45f8901aadff40a4af72c0b826f1d?s=96&#038;r=g&#038;d=mm","url":"\/\/www.gravatar.com\/avatar\/d8d45f8901aadff40a4af72c0b826f1d?s=96&#038;r=g&#038;d=mm","contentUrl":"\/\/www.gravatar.com\/avatar\/d8d45f8901aadff40a4af72c0b826f1d?s=96&#038;r=g&#038;d=mm","caption":"dorogimedence.hu"}}]}},"_links":{"self":[{"href":"https:\/\/dorogimedence.hu\/index.php\/wp-json\/wp\/v2\/posts\/17696","targetHints":{"allow":["GET"]}}],"collection":[{"href":"https:\/\/dorogimedence.hu\/index.php\/wp-json\/wp\/v2\/posts"}],"about":[{"href":"https:\/\/dorogimedence.hu\/index.php\/wp-json\/wp\/v2\/types\/post"}],"author":[{"embeddable":true,"href":"https:\/\/dorogimedence.hu\/index.php\/wp-json\/wp\/v2\/users\/1"}],"replies":[{"embeddable":true,"href":"https:\/\/dorogimedence.hu\/index.php\/wp-json\/wp\/v2\/comments?post=17696"}],"version-history":[{"count":0,"href":"https:\/\/dorogimedence.hu\/index.php\/wp-json\/wp\/v2\/posts\/17696\/revisions"}],"wp:featuredmedia":[{"embeddable":true,"href":"https:\/\/dorogimedence.hu\/index.php\/wp-json\/wp\/v2\/media\/17697"}],"wp:attachment":[{"href":"https:\/\/dorogimedence.hu\/index.php\/wp-json\/wp\/v2\/media?parent=17696"}],"wp:term":[{"taxonomy":"category","embeddable":true,"href":"https:\/\/dorogimedence.hu\/index.php\/wp-json\/wp\/v2\/categories?post=17696"},{"taxonomy":"post_tag","embeddable":true,"href":"https:\/\/dorogimedence.hu\/index.php\/wp-json\/wp\/v2\/tags?post=17696"}],"curies":[{"name":"wp","href":"https:\/\/api.w.org\/{rel}","templated":true}]}}