{"id":17601,"date":"2019-06-24T11:59:32","date_gmt":"2019-06-24T09:59:32","guid":{"rendered":"http:\/\/dorogimedence.hu\/?p=17601"},"modified":"2019-06-25T08:12:32","modified_gmt":"2019-06-25T06:12:32","slug":"riport-cselenyak-imrevel","status":"publish","type":"post","link":"https:\/\/dorogimedence.hu\/index.php\/2019\/06\/24\/riport-cselenyak-imrevel\/","title":{"rendered":"Riport Cseleny\u00e1k Imr\u00e9vel"},"content":{"rendered":"<p><strong>Cseleny\u00e1k Imre \u00faj k\u00f6nyvvel b\u00fcszk\u00e9lkedhet, hiszen nemr\u00e9giben jelent meg az Arany J\u00e1nos \u00e9let\u00e9t bemutat\u00f3 reg\u00e9ny\u00e9nek m\u00e1sodik k\u00f6tete \u201eA t\u00f6lgyek alatt\u201d c\u00edmmel. A dorogi \u00edr\u00f3val besz\u00e9lgett\u00fcnk.<\/strong><\/p>\n<p><span style=\"color: #ff0000;\"><em>\u2013 Mit \u00e9rdemes tudni az \u00faj k\u00f6nyvedr\u0151l?<\/em><\/span><\/p>\n<p>\u2013 Az \u00dcnnepi K\u00f6nyvh\u00e9tre megjelent \u201eA t\u00f6lgyek alatt\u201d c\u00edm\u0171 reg\u00e9nyem az Arany J\u00e1nosr\u00f3l \u00edrt els\u0151 r\u00e9sz, az \u201e\u00c1ldott az a b\u00f6lcs\u0151\u201d folytat\u00e1sa. Ez a k\u00e9t k\u00f6tet nagy epikus k\u00f6lt\u0151nk \u00e9let\u00e9t sz\u00fclet\u00e9s\u00e9t\u0151l hal\u00e1l\u00e1ig bemutatja. Tal\u00e1n \u00e9rdekelheti az olvas\u00f3kat, hogy a k\u00e9tk\u00f6tetes m\u0171 gondolat\u00e1t t\u00f6bb mint h\u00fasz \u00e9ven \u00e1t hordoztam magamban \u00e9s \u00f6t \u00e9v alatt \u00edrtam meg. Kutattam lev\u00e9lt\u00e1rban, antikv\u00e1riumokban \u00e9s beutaztam mindazon helyeket, ahol Arany J\u00e1nos \u00e9lt.<\/p>\n<p><span style=\"color: #ff0000;\"><em>\u2013 Kiknek aj\u00e1nlod a k\u00f6nyvet?<\/em><\/span><\/p>\n<p>\u2013 A kiad\u00f3m a feln\u0151tt olvas\u00f3k\u00f6z\u00f6ns\u00e9get c\u00e9lozta meg, az \u00e9n v\u00e9lem\u00e9nyem szerint azonban k\u00f6z\u00e9piskol\u00e1sok is kez\u00fckbe vehetik. S\u0151t, \u00e9n melegen aj\u00e1nlom nekik. Annyit el\u00e1rulok az \u00e9letreg\u00e9nyr\u0151l, hogy ami igaz\u00e1n pr\u00f3b\u00e1ra teheti az olvas\u00f3t, az Arany J\u00e1nos testi \u00e9s lelki szenved\u00e9se. Viszont a hiteless\u00e9g miatt semmit sem hallgathattam el. Teh\u00e1t b\u00e1rki elolvashatja, hiszen a sz\u00e9ps\u00e9g, a kedvess\u00e9g olyan ar\u00e1nyban \u00e9lvez benne t\u00fals\u00falyost, hogy ez a reg\u00e9ny legink\u00e1bb felt\u00f6lt, elringat, ismeretekkel gazdag\u00edt.<\/p>\n<p><img fetchpriority=\"high\" decoding=\"async\" class=\"alignnone size-full wp-image-17603\" src=\"https:\/\/dorogimedence.hu\/wp-content\/uploads\/2019\/06\/cselenyak-02.jpg\" alt=\"\" width=\"670\" height=\"365\" srcset=\"https:\/\/dorogimedence.hu\/wp-content\/uploads\/2019\/06\/cselenyak-02.jpg 670w, https:\/\/dorogimedence.hu\/wp-content\/uploads\/2019\/06\/cselenyak-02-300x163.jpg 300w\" sizes=\"(max-width: 670px) 100vw, 670px\" \/><\/p>\n<p><span style=\"color: #ff0000;\"><em>\u2013 Hasonl\u00f3an j\u00f3l siker\u00fclt, mint az els\u0151? Te hogyan l\u00e1tod?<\/em><\/span><\/p>\n<p>\u2013 Ezt nem k\u00f6nny\u0171 meg\u00edt\u00e9lni. Ennek megv\u00e1laszol\u00e1sa az olvas\u00f3 reszortja. Minthogy az els\u0151 r\u00e9sz nagy tetsz\u00e9st aratott, \u00e9n nagyon el\u00e9gedett lenn\u00e9k ahhoz hasonl\u00f3 sikerrel. \u00c9ppen a napokban rendeltem a kiad\u00f3t\u00f3l m\u00e9g a r\u00e9gi k\u00f6nyvemb\u0151l is, mert v\u00e1ltozatlan keresik, de azt a v\u00e1laszt kaptam, hogy az utols\u00f3 sz\u00e1lig elfogyott.&nbsp;<\/p>\n<p><span style=\"color: #ff0000;\"><em>\u2013 Mikor \u00e9s hol tal\u00e1lkozhatnak veled a rajong\u00f3k?<\/em><\/span><\/p>\n<p>\u2013 Most ny\u00e1r van, teh\u00e1t uborkasz\u00fcret. Vagyis lesz bemutat\u00f3m j\u00faliusban, de S\u00e1rv\u00e1ron. A dorogi olvas\u00f3k okt\u00f3berben tal\u00e1lkozhatnak velem a G\u00e1thy Zolt\u00e1n V\u00e1rosi k\u00f6nyvt\u00e1rban. Addig mindenkinek sz\u00e9p napokat \u00e9s j\u00f3 nyaral\u00e1st k\u00edv\u00e1nok.<\/p>\n<p><a href=\"https:\/\/konyvmolykepzo.hu\/products-page\/arany-pottyos-konyvek\/cselenyak-imre-eletre-itelve-arany-janos-eletregenye-2-8495\" target=\"_blank\" rel=\"noopener noreferrer\"><span style=\"text-decoration: underline; color: #0000ff;\"><strong>A t\u00f6lgyek alatt&gt;&gt;<\/strong><\/span><\/a><\/p>\n<p><img decoding=\"async\" class=\"alignnone size-full wp-image-17604\" src=\"https:\/\/dorogimedence.hu\/wp-content\/uploads\/2019\/06\/8495_b1.jpg\" alt=\"\" width=\"333\" height=\"500\" srcset=\"https:\/\/dorogimedence.hu\/wp-content\/uploads\/2019\/06\/8495_b1.jpg 333w, https:\/\/dorogimedence.hu\/wp-content\/uploads\/2019\/06\/8495_b1-200x300.jpg 200w\" sizes=\"(max-width: 333px) 100vw, 333px\" \/><\/p>\n","protected":false},"excerpt":{"rendered":"<p>Cseleny\u00e1k Imre \u00faj k\u00f6nyvvel b\u00fcszk\u00e9lkedhet, hiszen nemr\u00e9giben jelent meg az Arany J\u00e1nos \u00e9let\u00e9t bemutat\u00f3 reg\u00e9ny\u00e9nek m\u00e1sodik k\u00f6tete \u201eA t\u00f6lgyek alatt\u201d c\u00edmmel. A dorogi \u00edr\u00f3val besz\u00e9lgett\u00fcnk. \u2013 Mit \u00e9rdemes tudni az \u00faj k\u00f6nyvedr\u0151l? \u2013 Az \u00dcnnepi K\u00f6nyvh\u00e9tre megjelent \u201eA t\u00f6lgyek alatt\u201d c\u00edm\u0171 reg\u00e9nyem az Arany J\u00e1nosr\u00f3l \u00edrt els\u0151 r\u00e9sz, az \u201e\u00c1ldott az a b\u00f6lcs\u0151\u201d folytat\u00e1sa. Ez<\/p>\n","protected":false},"author":1,"featured_media":17602,"comment_status":"closed","ping_status":"closed","sticky":false,"template":"","format":"standard","meta":{"ngg_post_thumbnail":0,"footnotes":""},"categories":[2,3],"tags":[4006,1971,1972,1970,4008,1112,4007],"class_list":{"0":"post-17601","1":"post","2":"type-post","3":"status-publish","4":"format-standard","5":"has-post-thumbnail","7":"category-dorog","8":"category-hirek","9":"tag-a-tolgyek-alatt","10":"tag-aldott-az-a-bolcso","11":"tag-arany-janos","12":"tag-cselenyak-imre","13":"tag-dorogi-iro","14":"tag-konyv","15":"tag-regeny"},"yoast_head":"<!-- This site is optimized with the Yoast SEO plugin v27.4 - https:\/\/yoast.com\/product\/yoast-seo-wordpress\/ -->\n<title>Riport Cseleny\u00e1k Imr\u00e9vel<\/title>\n<meta name=\"robots\" content=\"index, follow, max-snippet:-1, max-image-preview:large, max-video-preview:-1\" \/>\n<link rel=\"canonical\" href=\"https:\/\/dorogimedence.hu\/index.php\/2019\/06\/24\/riport-cselenyak-imrevel\/\" class=\"yoast-seo-meta-tag\" \/>\n<meta property=\"og:locale\" content=\"hu_HU\" class=\"yoast-seo-meta-tag\" \/>\n<meta property=\"og:type\" content=\"article\" class=\"yoast-seo-meta-tag\" \/>\n<meta property=\"og:title\" content=\"Riport Cseleny\u00e1k Imr\u00e9vel\" class=\"yoast-seo-meta-tag\" \/>\n<meta property=\"og:description\" content=\"Cseleny\u00e1k Imre \u00faj k\u00f6nyvvel b\u00fcszk\u00e9lkedhet, hiszen nemr\u00e9giben jelent meg az Arany J\u00e1nos \u00e9let\u00e9t bemutat\u00f3 reg\u00e9ny\u00e9nek m\u00e1sodik k\u00f6tete \u201eA t\u00f6lgyek alatt\u201d c\u00edmmel. A dorogi \u00edr\u00f3val besz\u00e9lgett\u00fcnk. \u2013 Mit \u00e9rdemes tudni az \u00faj k\u00f6nyvedr\u0151l? \u2013 Az \u00dcnnepi K\u00f6nyvh\u00e9tre megjelent \u201eA t\u00f6lgyek alatt\u201d c\u00edm\u0171 reg\u00e9nyem az Arany J\u00e1nosr\u00f3l \u00edrt els\u0151 r\u00e9sz, az \u201e\u00c1ldott az a b\u00f6lcs\u0151\u201d folytat\u00e1sa. Ez\" class=\"yoast-seo-meta-tag\" \/>\n<meta property=\"og:url\" content=\"https:\/\/dorogimedence.hu\/index.php\/2019\/06\/24\/riport-cselenyak-imrevel\/\" class=\"yoast-seo-meta-tag\" \/>\n<meta property=\"og:site_name\" content=\"Dorogi-medence Region\u00e1lis H\u00edrport\u00e1l\" class=\"yoast-seo-meta-tag\" \/>\n<meta property=\"article:publisher\" content=\"https:\/\/www.facebook.com\/dorogimedence\/\" class=\"yoast-seo-meta-tag\" \/>\n<meta property=\"article:published_time\" content=\"2019-06-24T09:59:32+00:00\" class=\"yoast-seo-meta-tag\" \/>\n<meta property=\"article:modified_time\" content=\"2019-06-25T06:12:32+00:00\" class=\"yoast-seo-meta-tag\" \/>\n<meta property=\"og:image\" content=\"https:\/\/i0.wp.com\/dorogimedence.hu\/wp-content\/uploads\/2019\/06\/cselenyak-01.jpg?fit=670%2C365&ssl=1\" class=\"yoast-seo-meta-tag\" \/>\n\t<meta property=\"og:image:width\" content=\"670\" class=\"yoast-seo-meta-tag\" \/>\n\t<meta property=\"og:image:height\" content=\"365\" class=\"yoast-seo-meta-tag\" \/>\n\t<meta property=\"og:image:type\" content=\"image\/jpeg\" class=\"yoast-seo-meta-tag\" \/>\n<meta name=\"author\" content=\"dorogimedence.hu\" class=\"yoast-seo-meta-tag\" \/>\n<meta name=\"twitter:card\" content=\"summary_large_image\" class=\"yoast-seo-meta-tag\" \/>\n<meta name=\"twitter:label1\" content=\"Szerz\u0151:\" class=\"yoast-seo-meta-tag\" \/>\n\t<meta name=\"twitter:data1\" content=\"dorogimedence.hu\" class=\"yoast-seo-meta-tag\" \/>\n\t<meta name=\"twitter:label2\" content=\"Becs\u00fclt olvas\u00e1si id\u0151\" class=\"yoast-seo-meta-tag\" \/>\n\t<meta name=\"twitter:data2\" content=\"2 perc\" class=\"yoast-seo-meta-tag\" \/>\n<script type=\"application\/ld+json\" class=\"yoast-schema-graph\">{\"@context\":\"https:\\\/\\\/schema.org\",\"@graph\":[{\"@type\":\"Article\",\"@id\":\"https:\\\/\\\/dorogimedence.hu\\\/index.php\\\/2019\\\/06\\\/24\\\/riport-cselenyak-imrevel\\\/#article\",\"isPartOf\":{\"@id\":\"https:\\\/\\\/dorogimedence.hu\\\/index.php\\\/2019\\\/06\\\/24\\\/riport-cselenyak-imrevel\\\/\"},\"author\":{\"name\":\"dorogimedence.hu\",\"@id\":\"https:\\\/\\\/dorogimedence.hu\\\/#\\\/schema\\\/person\\\/ce6091eeb7e95ecdc87890d6aa8e0fd4\"},\"headline\":\"Riport Cseleny\u00e1k Imr\u00e9vel\",\"datePublished\":\"2019-06-24T09:59:32+00:00\",\"dateModified\":\"2019-06-25T06:12:32+00:00\",\"mainEntityOfPage\":{\"@id\":\"https:\\\/\\\/dorogimedence.hu\\\/index.php\\\/2019\\\/06\\\/24\\\/riport-cselenyak-imrevel\\\/\"},\"wordCount\":406,\"publisher\":{\"@id\":\"https:\\\/\\\/dorogimedence.hu\\\/#organization\"},\"image\":{\"@id\":\"https:\\\/\\\/dorogimedence.hu\\\/index.php\\\/2019\\\/06\\\/24\\\/riport-cselenyak-imrevel\\\/#primaryimage\"},\"thumbnailUrl\":\"https:\\\/\\\/dorogimedence.hu\\\/wp-content\\\/uploads\\\/2019\\\/06\\\/cselenyak-01.jpg\",\"keywords\":[\"A t\u00f6lgyek alatt\",\"\u00c1ldott az a b\u00f6lcs\u0151\",\"Arany J\u00e1nos\",\"Cseleny\u00e1k Imre\",\"dorogi \u00edr\u00f3\",\"k\u00f6nyv\",\"reg\u00e9ny\"],\"articleSection\":[\"Dorog\",\"H\u00edrek\"],\"inLanguage\":\"hu\"},{\"@type\":\"WebPage\",\"@id\":\"https:\\\/\\\/dorogimedence.hu\\\/index.php\\\/2019\\\/06\\\/24\\\/riport-cselenyak-imrevel\\\/\",\"url\":\"https:\\\/\\\/dorogimedence.hu\\\/index.php\\\/2019\\\/06\\\/24\\\/riport-cselenyak-imrevel\\\/\",\"name\":\"Riport Cseleny\u00e1k Imr\u00e9vel\",\"isPartOf\":{\"@id\":\"https:\\\/\\\/dorogimedence.hu\\\/#website\"},\"primaryImageOfPage\":{\"@id\":\"https:\\\/\\\/dorogimedence.hu\\\/index.php\\\/2019\\\/06\\\/24\\\/riport-cselenyak-imrevel\\\/#primaryimage\"},\"image\":{\"@id\":\"https:\\\/\\\/dorogimedence.hu\\\/index.php\\\/2019\\\/06\\\/24\\\/riport-cselenyak-imrevel\\\/#primaryimage\"},\"thumbnailUrl\":\"https:\\\/\\\/dorogimedence.hu\\\/wp-content\\\/uploads\\\/2019\\\/06\\\/cselenyak-01.jpg\",\"datePublished\":\"2019-06-24T09:59:32+00:00\",\"dateModified\":\"2019-06-25T06:12:32+00:00\",\"breadcrumb\":{\"@id\":\"https:\\\/\\\/dorogimedence.hu\\\/index.php\\\/2019\\\/06\\\/24\\\/riport-cselenyak-imrevel\\\/#breadcrumb\"},\"inLanguage\":\"hu\",\"potentialAction\":[{\"@type\":\"ReadAction\",\"target\":[\"https:\\\/\\\/dorogimedence.hu\\\/index.php\\\/2019\\\/06\\\/24\\\/riport-cselenyak-imrevel\\\/\"]}]},{\"@type\":\"ImageObject\",\"inLanguage\":\"hu\",\"@id\":\"https:\\\/\\\/dorogimedence.hu\\\/index.php\\\/2019\\\/06\\\/24\\\/riport-cselenyak-imrevel\\\/#primaryimage\",\"url\":\"https:\\\/\\\/dorogimedence.hu\\\/wp-content\\\/uploads\\\/2019\\\/06\\\/cselenyak-01.jpg\",\"contentUrl\":\"https:\\\/\\\/dorogimedence.hu\\\/wp-content\\\/uploads\\\/2019\\\/06\\\/cselenyak-01.jpg\",\"width\":670,\"height\":365},{\"@type\":\"BreadcrumbList\",\"@id\":\"https:\\\/\\\/dorogimedence.hu\\\/index.php\\\/2019\\\/06\\\/24\\\/riport-cselenyak-imrevel\\\/#breadcrumb\",\"itemListElement\":[{\"@type\":\"ListItem\",\"position\":1,\"name\":\"Kezd\u0151lap\",\"item\":\"https:\\\/\\\/dorogimedence.hu\\\/\"},{\"@type\":\"ListItem\",\"position\":2,\"name\":\"Riport Cseleny\u00e1k Imr\u00e9vel\"}]},{\"@type\":\"WebSite\",\"@id\":\"https:\\\/\\\/dorogimedence.hu\\\/#website\",\"url\":\"https:\\\/\\\/dorogimedence.hu\\\/\",\"name\":\"Dorogi-medence Region\u00e1lis H\u00edrport\u00e1l\",\"description\":\"Dorog, Keszt\u00f6lc, Le\u00e1nyv\u00e1r, Piliscs\u00e9v, Tokod, Tokodalt\u00e1r\u00f3, Csolnok, Esztergom-kertv\u00e1ros: h\u00edrek, programok\",\"publisher\":{\"@id\":\"https:\\\/\\\/dorogimedence.hu\\\/#organization\"},\"potentialAction\":[{\"@type\":\"SearchAction\",\"target\":{\"@type\":\"EntryPoint\",\"urlTemplate\":\"https:\\\/\\\/dorogimedence.hu\\\/?s={search_term_string}\"},\"query-input\":{\"@type\":\"PropertyValueSpecification\",\"valueRequired\":true,\"valueName\":\"search_term_string\"}}],\"inLanguage\":\"hu\"},{\"@type\":\"Organization\",\"@id\":\"https:\\\/\\\/dorogimedence.hu\\\/#organization\",\"name\":\"Dorogi-medence Region\u00e1lis H\u00edrport\u00e1l\",\"url\":\"https:\\\/\\\/dorogimedence.hu\\\/\",\"logo\":{\"@type\":\"ImageObject\",\"inLanguage\":\"hu\",\"@id\":\"https:\\\/\\\/dorogimedence.hu\\\/#\\\/schema\\\/logo\\\/image\\\/\",\"url\":\"https:\\\/\\\/dorogimedence.hu\\\/wp-content\\\/uploads\\\/2021\\\/04\\\/logo-feher-600.png\",\"contentUrl\":\"https:\\\/\\\/dorogimedence.hu\\\/wp-content\\\/uploads\\\/2021\\\/04\\\/logo-feher-600.png\",\"width\":600,\"height\":100,\"caption\":\"Dorogi-medence Region\u00e1lis H\u00edrport\u00e1l\"},\"image\":{\"@id\":\"https:\\\/\\\/dorogimedence.hu\\\/#\\\/schema\\\/logo\\\/image\\\/\"},\"sameAs\":[\"https:\\\/\\\/www.facebook.com\\\/dorogimedence\\\/\"]},{\"@type\":\"Person\",\"@id\":\"https:\\\/\\\/dorogimedence.hu\\\/#\\\/schema\\\/person\\\/ce6091eeb7e95ecdc87890d6aa8e0fd4\",\"name\":\"dorogimedence.hu\",\"image\":{\"@type\":\"ImageObject\",\"inLanguage\":\"hu\",\"@id\":\"\\\/\\\/www.gravatar.com\\\/avatar\\\/d8d45f8901aadff40a4af72c0b826f1d?s=96&#038;r=g&#038;d=mm\",\"url\":\"\\\/\\\/www.gravatar.com\\\/avatar\\\/d8d45f8901aadff40a4af72c0b826f1d?s=96&#038;r=g&#038;d=mm\",\"contentUrl\":\"\\\/\\\/www.gravatar.com\\\/avatar\\\/d8d45f8901aadff40a4af72c0b826f1d?s=96&#038;r=g&#038;d=mm\",\"caption\":\"dorogimedence.hu\"}}]}<\/script>\n<!-- \/ Yoast SEO plugin. -->","yoast_head_json":{"title":"Riport Cseleny\u00e1k Imr\u00e9vel","robots":{"index":"index","follow":"follow","max-snippet":"max-snippet:-1","max-image-preview":"max-image-preview:large","max-video-preview":"max-video-preview:-1"},"canonical":"https:\/\/dorogimedence.hu\/index.php\/2019\/06\/24\/riport-cselenyak-imrevel\/","og_locale":"hu_HU","og_type":"article","og_title":"Riport Cseleny\u00e1k Imr\u00e9vel","og_description":"Cseleny\u00e1k Imre \u00faj k\u00f6nyvvel b\u00fcszk\u00e9lkedhet, hiszen nemr\u00e9giben jelent meg az Arany J\u00e1nos \u00e9let\u00e9t bemutat\u00f3 reg\u00e9ny\u00e9nek m\u00e1sodik k\u00f6tete \u201eA t\u00f6lgyek alatt\u201d c\u00edmmel. A dorogi \u00edr\u00f3val besz\u00e9lgett\u00fcnk. \u2013 Mit \u00e9rdemes tudni az \u00faj k\u00f6nyvedr\u0151l? \u2013 Az \u00dcnnepi K\u00f6nyvh\u00e9tre megjelent \u201eA t\u00f6lgyek alatt\u201d c\u00edm\u0171 reg\u00e9nyem az Arany J\u00e1nosr\u00f3l \u00edrt els\u0151 r\u00e9sz, az \u201e\u00c1ldott az a b\u00f6lcs\u0151\u201d folytat\u00e1sa. Ez","og_url":"https:\/\/dorogimedence.hu\/index.php\/2019\/06\/24\/riport-cselenyak-imrevel\/","og_site_name":"Dorogi-medence Region\u00e1lis H\u00edrport\u00e1l","article_publisher":"https:\/\/www.facebook.com\/dorogimedence\/","article_published_time":"2019-06-24T09:59:32+00:00","article_modified_time":"2019-06-25T06:12:32+00:00","og_image":[{"width":670,"height":365,"url":"https:\/\/i0.wp.com\/dorogimedence.hu\/wp-content\/uploads\/2019\/06\/cselenyak-01.jpg?fit=670%2C365&ssl=1","type":"image\/jpeg"}],"author":"dorogimedence.hu","twitter_card":"summary_large_image","twitter_misc":{"Szerz\u0151:":"dorogimedence.hu","Becs\u00fclt olvas\u00e1si id\u0151":"2 perc"},"schema":{"@context":"https:\/\/schema.org","@graph":[{"@type":"Article","@id":"https:\/\/dorogimedence.hu\/index.php\/2019\/06\/24\/riport-cselenyak-imrevel\/#article","isPartOf":{"@id":"https:\/\/dorogimedence.hu\/index.php\/2019\/06\/24\/riport-cselenyak-imrevel\/"},"author":{"name":"dorogimedence.hu","@id":"https:\/\/dorogimedence.hu\/#\/schema\/person\/ce6091eeb7e95ecdc87890d6aa8e0fd4"},"headline":"Riport Cseleny\u00e1k Imr\u00e9vel","datePublished":"2019-06-24T09:59:32+00:00","dateModified":"2019-06-25T06:12:32+00:00","mainEntityOfPage":{"@id":"https:\/\/dorogimedence.hu\/index.php\/2019\/06\/24\/riport-cselenyak-imrevel\/"},"wordCount":406,"publisher":{"@id":"https:\/\/dorogimedence.hu\/#organization"},"image":{"@id":"https:\/\/dorogimedence.hu\/index.php\/2019\/06\/24\/riport-cselenyak-imrevel\/#primaryimage"},"thumbnailUrl":"https:\/\/dorogimedence.hu\/wp-content\/uploads\/2019\/06\/cselenyak-01.jpg","keywords":["A t\u00f6lgyek alatt","\u00c1ldott az a b\u00f6lcs\u0151","Arany J\u00e1nos","Cseleny\u00e1k Imre","dorogi \u00edr\u00f3","k\u00f6nyv","reg\u00e9ny"],"articleSection":["Dorog","H\u00edrek"],"inLanguage":"hu"},{"@type":"WebPage","@id":"https:\/\/dorogimedence.hu\/index.php\/2019\/06\/24\/riport-cselenyak-imrevel\/","url":"https:\/\/dorogimedence.hu\/index.php\/2019\/06\/24\/riport-cselenyak-imrevel\/","name":"Riport Cseleny\u00e1k Imr\u00e9vel","isPartOf":{"@id":"https:\/\/dorogimedence.hu\/#website"},"primaryImageOfPage":{"@id":"https:\/\/dorogimedence.hu\/index.php\/2019\/06\/24\/riport-cselenyak-imrevel\/#primaryimage"},"image":{"@id":"https:\/\/dorogimedence.hu\/index.php\/2019\/06\/24\/riport-cselenyak-imrevel\/#primaryimage"},"thumbnailUrl":"https:\/\/dorogimedence.hu\/wp-content\/uploads\/2019\/06\/cselenyak-01.jpg","datePublished":"2019-06-24T09:59:32+00:00","dateModified":"2019-06-25T06:12:32+00:00","breadcrumb":{"@id":"https:\/\/dorogimedence.hu\/index.php\/2019\/06\/24\/riport-cselenyak-imrevel\/#breadcrumb"},"inLanguage":"hu","potentialAction":[{"@type":"ReadAction","target":["https:\/\/dorogimedence.hu\/index.php\/2019\/06\/24\/riport-cselenyak-imrevel\/"]}]},{"@type":"ImageObject","inLanguage":"hu","@id":"https:\/\/dorogimedence.hu\/index.php\/2019\/06\/24\/riport-cselenyak-imrevel\/#primaryimage","url":"https:\/\/dorogimedence.hu\/wp-content\/uploads\/2019\/06\/cselenyak-01.jpg","contentUrl":"https:\/\/dorogimedence.hu\/wp-content\/uploads\/2019\/06\/cselenyak-01.jpg","width":670,"height":365},{"@type":"BreadcrumbList","@id":"https:\/\/dorogimedence.hu\/index.php\/2019\/06\/24\/riport-cselenyak-imrevel\/#breadcrumb","itemListElement":[{"@type":"ListItem","position":1,"name":"Kezd\u0151lap","item":"https:\/\/dorogimedence.hu\/"},{"@type":"ListItem","position":2,"name":"Riport Cseleny\u00e1k Imr\u00e9vel"}]},{"@type":"WebSite","@id":"https:\/\/dorogimedence.hu\/#website","url":"https:\/\/dorogimedence.hu\/","name":"Dorogi-medence Region\u00e1lis H\u00edrport\u00e1l","description":"Dorog, Keszt\u00f6lc, Le\u00e1nyv\u00e1r, Piliscs\u00e9v, Tokod, Tokodalt\u00e1r\u00f3, Csolnok, Esztergom-kertv\u00e1ros: h\u00edrek, programok","publisher":{"@id":"https:\/\/dorogimedence.hu\/#organization"},"potentialAction":[{"@type":"SearchAction","target":{"@type":"EntryPoint","urlTemplate":"https:\/\/dorogimedence.hu\/?s={search_term_string}"},"query-input":{"@type":"PropertyValueSpecification","valueRequired":true,"valueName":"search_term_string"}}],"inLanguage":"hu"},{"@type":"Organization","@id":"https:\/\/dorogimedence.hu\/#organization","name":"Dorogi-medence Region\u00e1lis H\u00edrport\u00e1l","url":"https:\/\/dorogimedence.hu\/","logo":{"@type":"ImageObject","inLanguage":"hu","@id":"https:\/\/dorogimedence.hu\/#\/schema\/logo\/image\/","url":"https:\/\/dorogimedence.hu\/wp-content\/uploads\/2021\/04\/logo-feher-600.png","contentUrl":"https:\/\/dorogimedence.hu\/wp-content\/uploads\/2021\/04\/logo-feher-600.png","width":600,"height":100,"caption":"Dorogi-medence Region\u00e1lis H\u00edrport\u00e1l"},"image":{"@id":"https:\/\/dorogimedence.hu\/#\/schema\/logo\/image\/"},"sameAs":["https:\/\/www.facebook.com\/dorogimedence\/"]},{"@type":"Person","@id":"https:\/\/dorogimedence.hu\/#\/schema\/person\/ce6091eeb7e95ecdc87890d6aa8e0fd4","name":"dorogimedence.hu","image":{"@type":"ImageObject","inLanguage":"hu","@id":"\/\/www.gravatar.com\/avatar\/d8d45f8901aadff40a4af72c0b826f1d?s=96&#038;r=g&#038;d=mm","url":"\/\/www.gravatar.com\/avatar\/d8d45f8901aadff40a4af72c0b826f1d?s=96&#038;r=g&#038;d=mm","contentUrl":"\/\/www.gravatar.com\/avatar\/d8d45f8901aadff40a4af72c0b826f1d?s=96&#038;r=g&#038;d=mm","caption":"dorogimedence.hu"}}]}},"_links":{"self":[{"href":"https:\/\/dorogimedence.hu\/index.php\/wp-json\/wp\/v2\/posts\/17601","targetHints":{"allow":["GET"]}}],"collection":[{"href":"https:\/\/dorogimedence.hu\/index.php\/wp-json\/wp\/v2\/posts"}],"about":[{"href":"https:\/\/dorogimedence.hu\/index.php\/wp-json\/wp\/v2\/types\/post"}],"author":[{"embeddable":true,"href":"https:\/\/dorogimedence.hu\/index.php\/wp-json\/wp\/v2\/users\/1"}],"replies":[{"embeddable":true,"href":"https:\/\/dorogimedence.hu\/index.php\/wp-json\/wp\/v2\/comments?post=17601"}],"version-history":[{"count":0,"href":"https:\/\/dorogimedence.hu\/index.php\/wp-json\/wp\/v2\/posts\/17601\/revisions"}],"wp:featuredmedia":[{"embeddable":true,"href":"https:\/\/dorogimedence.hu\/index.php\/wp-json\/wp\/v2\/media\/17602"}],"wp:attachment":[{"href":"https:\/\/dorogimedence.hu\/index.php\/wp-json\/wp\/v2\/media?parent=17601"}],"wp:term":[{"taxonomy":"category","embeddable":true,"href":"https:\/\/dorogimedence.hu\/index.php\/wp-json\/wp\/v2\/categories?post=17601"},{"taxonomy":"post_tag","embeddable":true,"href":"https:\/\/dorogimedence.hu\/index.php\/wp-json\/wp\/v2\/tags?post=17601"}],"curies":[{"name":"wp","href":"https:\/\/api.w.org\/{rel}","templated":true}]}}