{"id":17454,"date":"2019-06-17T18:00:26","date_gmt":"2019-06-17T16:00:26","guid":{"rendered":"http:\/\/dorogimedence.hu\/?p=17454"},"modified":"2019-06-17T18:02:21","modified_gmt":"2019-06-17T16:02:21","slug":"ismet-jotekony-celokra-szavazhatunk-a-tesco-aruhazakban","status":"publish","type":"post","link":"https:\/\/dorogimedence.hu\/index.php\/2019\/06\/17\/ismet-jotekony-celokra-szavazhatunk-a-tesco-aruhazakban\/","title":{"rendered":"Ism\u00e9t j\u00f3t\u00e9kony c\u00e9lokra szavazhatunk a Tesco \u00e1ruh\u00e1zakban!"},"content":{"rendered":"<p><strong>Elindult a szavaz\u00e1s a Tesco \u201e\u00d6n v\u00e1laszt, mi seg\u00edt\u00fcnk\u201d p\u00e1ly\u00e1zati programj\u00e1ban. A v\u00e1s\u00e1rl\u00f3k j\u00fanius 17. \u00e9s j\u00falius 14. k\u00f6z\u00f6tt tehetik le voksukat az els\u0151 szakaszb\u00f3l tov\u00e1bbjut\u00f3, orsz\u00e1gosan 181, Kom\u00e1rom-Esztergom megy\u00e9ben 9 k\u00f6z\u00f6ss\u00e9g\u00e9p\u00edt\u0151 kezdem\u00e9nyez\u00e9s valamelyik\u00e9re.<\/strong><\/p>\n<p>A szervezetek, a szavazatok sz\u00e1m\u00e1nak ar\u00e1ny\u00e1ban 400, 200 vagy 100 ezer forint \u00f6sszeg\u0171 t\u00e1mogat\u00e1st nyerhetnek. Az \u00e1ruh\u00e1zl\u00e1nc a kor\u00e1bbi \u00f6t fordul\u00f3ban \u00f6sszesen t\u00f6bb mint 500 szervezetet, k\u00f6zel 150 milli\u00f3 forinttal t\u00e1mogatott programjuk megval\u00f3s\u00edt\u00e1s\u00e1ban.<\/p>\n<p><em><strong>A 46-os k\u00f6rzetben (esztergomi \u00e9s dorogi \u00e1ruh\u00e1zban) a k\u00f6vetkez\u0151 kezdem\u00e9nyez\u00e9sekre szavazhatunk:<\/strong><\/em><\/p>\n<ul>\n<li>Hat\u00e1rtalan Sz\u00edv Alap\u00edtv\u00e1ny &#8211; Csal\u00e1di nap az eg\u00e9szs\u00e9ges \u00e9letm\u00f3d jegy\u00e9ben (Esztergom).<\/li>\n<li>Z\u00f6ld Levelecske Ny\u00edlt Alap\u00edtv\u00e1ny &#8211; Z\u00f6ld jeles napok &#8211; tudatos\u00edtsuk a gyermekeink \u00e9s csal\u00e1djaik sz\u00e1m\u00e1ra a k\u00f6rnyezet v\u00e9delm\u00e9t (Dorog).<\/li>\n<li>Esztergomi F\u00e9nysug\u00e1r Oktat\u00e1si \u00e9s Nevel\u00e9si Alap\u00edtv\u00e1ny &#8211; Az iskola udvar\u00e1nak \u00e1rny\u00e9kos\u00edt\u00e1sa, sz\u00e9p\u00edt\u00e9se a szabadid\u0151s tev\u00e9kenys\u00e9gek\u00e9rt (Esztergom).<\/li>\n<\/ul>\n<p>&nbsp;<\/p>\n<div class=\"video-container\"><iframe src=\"https:\/\/www.youtube.com\/embed\/gpztMKjGeNg\" allowfullscreen=\"allowfullscreen\" width=\"560\" height=\"315\" frameborder=\"0\"><\/iframe><\/div>\n<p>&nbsp;<\/p>\n<p>A m\u00e1r hatodik alkalommal meghirdetett \u201e\u00d6n v\u00e1laszt, mi seg\u00edt\u00fcnk\u201d programra orsz\u00e1gszerte 61 k\u00f6rzetb\u0151l \u00e9rkeztek a k\u00f6z\u00f6ss\u00e9g sz\u00e9p\u00edt\u00e9s\u00e9t, \u00e9p\u00edt\u00e9s\u00e9t, a lak\u00f3k\u00f6z\u00f6ss\u00e9g seg\u00edt\u00e9s\u00e9t \u00e9s oktat\u00e1st, felz\u00e1rk\u00f3z\u00e1st seg\u00edt\u0151 p\u00e1ly\u00e1zatok. A k\u00f6zel 400 be\u00e9rkezett p\u00e1ly\u00e1zat k\u00f6z\u00fcl az Effekteam Egyes\u00fclet (kor\u00e1bbi nev\u00e9n a Magyar Adom\u00e1nyoz\u00f3i F\u00f3rum) f\u00fcggetlen szak\u00e9rt\u0151i v\u00e1lasztott\u00e1k ki azokat, amelyek tov\u00e1bbjutottak a szavaz\u00e1si szakaszba. A p\u00e1ly\u00e1zaton k\u00f6rzetenk\u00e9nt a legt\u00f6bb szavazatot gy\u0171jt\u0151 szervezet 400, a m\u00e1sodik 200, a harmadik pedig 100&nbsp;000 forint t\u00e1mogat\u00e1st kap programja megval\u00f3s\u00edt\u00e1s\u00e1hoz. A v\u00e1s\u00e1rl\u00f3k a szavazatukat most is a v\u00e1s\u00e1rl\u00e1sokn\u00e1l kapott zsetonnal adhatj\u00e1k le j\u00fanius 17. \u00e9s j\u00falius 14. k\u00f6z\u00f6tt, b\u00e1rmely Tesco \u00e1ruh\u00e1zban. A d\u00f6nt\u00e9s nem k\u00f6nny\u0171, hiszen a m\u00e1sodik szakaszba tov\u00e1bbjutott szervezetek izgalmasabbn\u00e1l izgalmasabb programokkal, Kom\u00e1rom-Esztergom megy\u00e9ben t\u00f6bbek k\u00f6z\u00f6tt a paraboccia sport n\u00e9pszer\u0171s\u00edt\u00e9s\u00e9t, a r\u00e1szorul\u00f3 gyermekek iskolai id\u0151szakon k\u00edv\u00fcli \u00e9tkez\u00e9s\u00e9t, k\u00fclt\u00e9ri alkot\u00f3fal l\u00e9trehoz\u00e1s\u00e1t, valamint h\u00e1tr\u00e1nyos helyezt\u0171 csal\u00e1dok sz\u00e1m\u00e1ra szervezett sz\u0171r\u0151vizsg\u00e1latok megval\u00f3sul\u00e1s\u00e1t t\u00e1mogat\u00f3 kezdem\u00e9nyez\u00e9sekkel p\u00e1ly\u00e1ztak.<\/p>\n<p>Az \u00e9rdekl\u0151d\u0151k a zsetongy\u0171jt\u0151 pontokon az adott k\u00f6rzetben tov\u00e1bbjut\u00f3 helyi szervezetekr\u0151l \u00e9s kezdem\u00e9nyez\u00e9seikr\u0151l is tal\u00e1lnak inform\u00e1ci\u00f3t, illetve a program weboldal\u00e1n (<span style=\"text-decoration: underline; color: #0000ff;\"><strong><a style=\"color: #0000ff; text-decoration: underline;\" href=\"http:\/\/www.tesco.hu\/kozosseg\" target=\"_blank\" rel=\"noopener noreferrer\">www.tesco.hu\/kozosseg<\/a><\/strong><\/span>) is k\u00f6vethet\u0151 a szavaz\u00e1sban r\u00e9sztvev\u0151 szervezetek list\u00e1ja, valamint a szavazatok \u00e1ll\u00e1sa. Az \u00e1ruh\u00e1zl\u00e1nc a szavaz\u00e1s lez\u00e1r\u00e1sa ut\u00e1n, 2019. augusztus elej\u00e9n hirdet eredm\u00e9nyt.<\/p>\n<p>Az id\u00e9n hatodik alkalommal meghirdetett \u201e\u00d6n v\u00e1laszt, mi seg\u00edt\u00fcnk\u201d programra a nonprofit szervezetek, bar\u00e1ti k\u00f6z\u00f6ss\u00e9gek mellett m\u00e1r alap\u00edtv\u00e1nnyal nem rendelkez\u0151 \u00f3vod\u00e1k \u00e9s iskol\u00e1k, valamint nonprofit kis- \u00e9s k\u00f6z\u00e9pv\u00e1llalkoz\u00e1sok, t\u00e1rsash\u00e1zak \u00e9s lak\u00e1ssz\u00f6vetkezetek is jelentkezhettek.<\/p>\n<p>Az \u201e\u00d6n v\u00e1laszt, mi seg\u00edt\u00fcnk\u201d program t\u00e1mogat\u00e1s\u00e1b\u00f3l megval\u00f3sult projekteket <span style=\"color: #0000ff;\"><strong><span style=\"text-decoration: underline;\"><a style=\"color: #0000ff; text-decoration: underline;\" href=\"https:\/\/www.google.hu\/maps\/@47.1291529,19.529231,8z\/data=!3m1!4b1!4m2!6m1!1s1nmC4w5gG57yKoSq9rbNA6QWEGzUQJyTf?authuser=1\" target=\"_blank\" rel=\"noopener noreferrer\">ezen a t\u00e9rk\u00e9pen<\/a><\/span><\/strong><\/span> lehet m\u00e9g megtekinteni, a szavaz\u00e1shoz kedvet csin\u00e1l\u00f3 kisfilm pedig <span style=\"text-decoration: underline;\"><strong><span style=\"color: #0000ff; text-decoration: underline;\"><a style=\"color: #0000ff; text-decoration: underline;\" href=\"https:\/\/www.youtube.com\/watch?v=gpztMKjGeNg\" target=\"_blank\" rel=\"noopener noreferrer\">itt \u00e9rhet\u0151 el<\/a><\/span><\/strong><\/span>.<\/p>\n","protected":false},"excerpt":{"rendered":"<p>Elindult a szavaz\u00e1s a Tesco \u201e\u00d6n v\u00e1laszt, mi seg\u00edt\u00fcnk\u201d p\u00e1ly\u00e1zati programj\u00e1ban. A v\u00e1s\u00e1rl\u00f3k j\u00fanius 17. \u00e9s j\u00falius 14. k\u00f6z\u00f6tt tehetik le voksukat az els\u0151 szakaszb\u00f3l tov\u00e1bbjut\u00f3, orsz\u00e1gosan 181, Kom\u00e1rom-Esztergom megy\u00e9ben 9 k\u00f6z\u00f6ss\u00e9g\u00e9p\u00edt\u0151 kezdem\u00e9nyez\u00e9s valamelyik\u00e9re. A szervezetek, a szavazatok sz\u00e1m\u00e1nak ar\u00e1ny\u00e1ban 400, 200 vagy 100 ezer forint \u00f6sszeg\u0171 t\u00e1mogat\u00e1st nyerhetnek. Az \u00e1ruh\u00e1zl\u00e1nc a kor\u00e1bbi \u00f6t fordul\u00f3ban<\/p>\n","protected":false},"author":1,"featured_media":15338,"comment_status":"closed","ping_status":"closed","sticky":false,"template":"","format":"standard","meta":{"ngg_post_thumbnail":0,"footnotes":""},"categories":[2,38,3],"tags":[15,42,99,1926,2557],"class_list":{"0":"post-17454","1":"post","2":"type-post","3":"status-publish","4":"format-standard","5":"has-post-thumbnail","7":"category-dorog","8":"category-esztergom","9":"category-hirek","10":"tag-dorog","11":"tag-esztergom","12":"tag-jotekonysag","13":"tag-szavazas","14":"tag-tesco"},"yoast_head":"<!-- This site is optimized with the Yoast SEO plugin v27.4 - https:\/\/yoast.com\/product\/yoast-seo-wordpress\/ -->\n<title>Ism\u00e9t j\u00f3t\u00e9kony c\u00e9lokra szavazhatunk a Tesco \u00e1ruh\u00e1zakban!<\/title>\n<meta name=\"robots\" content=\"index, follow, max-snippet:-1, max-image-preview:large, max-video-preview:-1\" \/>\n<link rel=\"canonical\" href=\"https:\/\/dorogimedence.hu\/index.php\/2019\/06\/17\/ismet-jotekony-celokra-szavazhatunk-a-tesco-aruhazakban\/\" class=\"yoast-seo-meta-tag\" \/>\n<meta property=\"og:locale\" content=\"hu_HU\" class=\"yoast-seo-meta-tag\" \/>\n<meta property=\"og:type\" content=\"article\" class=\"yoast-seo-meta-tag\" \/>\n<meta property=\"og:title\" content=\"Ism\u00e9t j\u00f3t\u00e9kony c\u00e9lokra szavazhatunk a Tesco \u00e1ruh\u00e1zakban!\" class=\"yoast-seo-meta-tag\" \/>\n<meta property=\"og:description\" content=\"Elindult a szavaz\u00e1s a Tesco \u201e\u00d6n v\u00e1laszt, mi seg\u00edt\u00fcnk\u201d p\u00e1ly\u00e1zati programj\u00e1ban. A v\u00e1s\u00e1rl\u00f3k j\u00fanius 17. \u00e9s j\u00falius 14. k\u00f6z\u00f6tt tehetik le voksukat az els\u0151 szakaszb\u00f3l tov\u00e1bbjut\u00f3, orsz\u00e1gosan 181, Kom\u00e1rom-Esztergom megy\u00e9ben 9 k\u00f6z\u00f6ss\u00e9g\u00e9p\u00edt\u0151 kezdem\u00e9nyez\u00e9s valamelyik\u00e9re. A szervezetek, a szavazatok sz\u00e1m\u00e1nak ar\u00e1ny\u00e1ban 400, 200 vagy 100 ezer forint \u00f6sszeg\u0171 t\u00e1mogat\u00e1st nyerhetnek. Az \u00e1ruh\u00e1zl\u00e1nc a kor\u00e1bbi \u00f6t fordul\u00f3ban\" class=\"yoast-seo-meta-tag\" \/>\n<meta property=\"og:url\" content=\"https:\/\/dorogimedence.hu\/index.php\/2019\/06\/17\/ismet-jotekony-celokra-szavazhatunk-a-tesco-aruhazakban\/\" class=\"yoast-seo-meta-tag\" \/>\n<meta property=\"og:site_name\" content=\"Dorogi-medence Region\u00e1lis H\u00edrport\u00e1l\" class=\"yoast-seo-meta-tag\" \/>\n<meta property=\"article:publisher\" content=\"https:\/\/www.facebook.com\/dorogimedence\/\" class=\"yoast-seo-meta-tag\" \/>\n<meta property=\"article:published_time\" content=\"2019-06-17T16:00:26+00:00\" class=\"yoast-seo-meta-tag\" \/>\n<meta property=\"article:modified_time\" content=\"2019-06-17T16:02:21+00:00\" class=\"yoast-seo-meta-tag\" \/>\n<meta property=\"og:image\" content=\"https:\/\/i0.wp.com\/dorogimedence.hu\/wp-content\/uploads\/2019\/03\/dorog-tesco.jpg?fit=670%2C365&ssl=1\" class=\"yoast-seo-meta-tag\" \/>\n\t<meta property=\"og:image:width\" content=\"670\" class=\"yoast-seo-meta-tag\" \/>\n\t<meta property=\"og:image:height\" content=\"365\" class=\"yoast-seo-meta-tag\" \/>\n\t<meta property=\"og:image:type\" content=\"image\/jpeg\" class=\"yoast-seo-meta-tag\" \/>\n<meta name=\"author\" content=\"dorogimedence.hu\" class=\"yoast-seo-meta-tag\" \/>\n<meta name=\"twitter:card\" content=\"summary_large_image\" class=\"yoast-seo-meta-tag\" \/>\n<meta name=\"twitter:label1\" content=\"Szerz\u0151:\" class=\"yoast-seo-meta-tag\" \/>\n\t<meta name=\"twitter:data1\" content=\"dorogimedence.hu\" class=\"yoast-seo-meta-tag\" \/>\n\t<meta name=\"twitter:label2\" content=\"Becs\u00fclt olvas\u00e1si id\u0151\" class=\"yoast-seo-meta-tag\" \/>\n\t<meta name=\"twitter:data2\" content=\"3 perc\" class=\"yoast-seo-meta-tag\" \/>\n<script type=\"application\/ld+json\" class=\"yoast-schema-graph\">{\"@context\":\"https:\\\/\\\/schema.org\",\"@graph\":[{\"@type\":\"Article\",\"@id\":\"https:\\\/\\\/dorogimedence.hu\\\/index.php\\\/2019\\\/06\\\/17\\\/ismet-jotekony-celokra-szavazhatunk-a-tesco-aruhazakban\\\/#article\",\"isPartOf\":{\"@id\":\"https:\\\/\\\/dorogimedence.hu\\\/index.php\\\/2019\\\/06\\\/17\\\/ismet-jotekony-celokra-szavazhatunk-a-tesco-aruhazakban\\\/\"},\"author\":{\"name\":\"dorogimedence.hu\",\"@id\":\"https:\\\/\\\/dorogimedence.hu\\\/#\\\/schema\\\/person\\\/ce6091eeb7e95ecdc87890d6aa8e0fd4\"},\"headline\":\"Ism\u00e9t j\u00f3t\u00e9kony c\u00e9lokra szavazhatunk a Tesco \u00e1ruh\u00e1zakban!\",\"datePublished\":\"2019-06-17T16:00:26+00:00\",\"dateModified\":\"2019-06-17T16:02:21+00:00\",\"mainEntityOfPage\":{\"@id\":\"https:\\\/\\\/dorogimedence.hu\\\/index.php\\\/2019\\\/06\\\/17\\\/ismet-jotekony-celokra-szavazhatunk-a-tesco-aruhazakban\\\/\"},\"wordCount\":628,\"publisher\":{\"@id\":\"https:\\\/\\\/dorogimedence.hu\\\/#organization\"},\"image\":{\"@id\":\"https:\\\/\\\/dorogimedence.hu\\\/index.php\\\/2019\\\/06\\\/17\\\/ismet-jotekony-celokra-szavazhatunk-a-tesco-aruhazakban\\\/#primaryimage\"},\"thumbnailUrl\":\"https:\\\/\\\/dorogimedence.hu\\\/wp-content\\\/uploads\\\/2019\\\/03\\\/dorog-tesco.jpg\",\"keywords\":[\"Dorog\",\"esztergom\",\"j\u00f3t\u00e9konys\u00e1g\",\"szavaz\u00e1s\",\"TESCO\"],\"articleSection\":[\"Dorog\",\"Esztergom\",\"H\u00edrek\"],\"inLanguage\":\"hu\"},{\"@type\":\"WebPage\",\"@id\":\"https:\\\/\\\/dorogimedence.hu\\\/index.php\\\/2019\\\/06\\\/17\\\/ismet-jotekony-celokra-szavazhatunk-a-tesco-aruhazakban\\\/\",\"url\":\"https:\\\/\\\/dorogimedence.hu\\\/index.php\\\/2019\\\/06\\\/17\\\/ismet-jotekony-celokra-szavazhatunk-a-tesco-aruhazakban\\\/\",\"name\":\"Ism\u00e9t j\u00f3t\u00e9kony c\u00e9lokra szavazhatunk a Tesco \u00e1ruh\u00e1zakban!\",\"isPartOf\":{\"@id\":\"https:\\\/\\\/dorogimedence.hu\\\/#website\"},\"primaryImageOfPage\":{\"@id\":\"https:\\\/\\\/dorogimedence.hu\\\/index.php\\\/2019\\\/06\\\/17\\\/ismet-jotekony-celokra-szavazhatunk-a-tesco-aruhazakban\\\/#primaryimage\"},\"image\":{\"@id\":\"https:\\\/\\\/dorogimedence.hu\\\/index.php\\\/2019\\\/06\\\/17\\\/ismet-jotekony-celokra-szavazhatunk-a-tesco-aruhazakban\\\/#primaryimage\"},\"thumbnailUrl\":\"https:\\\/\\\/dorogimedence.hu\\\/wp-content\\\/uploads\\\/2019\\\/03\\\/dorog-tesco.jpg\",\"datePublished\":\"2019-06-17T16:00:26+00:00\",\"dateModified\":\"2019-06-17T16:02:21+00:00\",\"breadcrumb\":{\"@id\":\"https:\\\/\\\/dorogimedence.hu\\\/index.php\\\/2019\\\/06\\\/17\\\/ismet-jotekony-celokra-szavazhatunk-a-tesco-aruhazakban\\\/#breadcrumb\"},\"inLanguage\":\"hu\",\"potentialAction\":[{\"@type\":\"ReadAction\",\"target\":[\"https:\\\/\\\/dorogimedence.hu\\\/index.php\\\/2019\\\/06\\\/17\\\/ismet-jotekony-celokra-szavazhatunk-a-tesco-aruhazakban\\\/\"]}]},{\"@type\":\"ImageObject\",\"inLanguage\":\"hu\",\"@id\":\"https:\\\/\\\/dorogimedence.hu\\\/index.php\\\/2019\\\/06\\\/17\\\/ismet-jotekony-celokra-szavazhatunk-a-tesco-aruhazakban\\\/#primaryimage\",\"url\":\"https:\\\/\\\/dorogimedence.hu\\\/wp-content\\\/uploads\\\/2019\\\/03\\\/dorog-tesco.jpg\",\"contentUrl\":\"https:\\\/\\\/dorogimedence.hu\\\/wp-content\\\/uploads\\\/2019\\\/03\\\/dorog-tesco.jpg\",\"width\":670,\"height\":365},{\"@type\":\"BreadcrumbList\",\"@id\":\"https:\\\/\\\/dorogimedence.hu\\\/index.php\\\/2019\\\/06\\\/17\\\/ismet-jotekony-celokra-szavazhatunk-a-tesco-aruhazakban\\\/#breadcrumb\",\"itemListElement\":[{\"@type\":\"ListItem\",\"position\":1,\"name\":\"Kezd\u0151lap\",\"item\":\"https:\\\/\\\/dorogimedence.hu\\\/\"},{\"@type\":\"ListItem\",\"position\":2,\"name\":\"Ism\u00e9t j\u00f3t\u00e9kony c\u00e9lokra szavazhatunk a Tesco \u00e1ruh\u00e1zakban!\"}]},{\"@type\":\"WebSite\",\"@id\":\"https:\\\/\\\/dorogimedence.hu\\\/#website\",\"url\":\"https:\\\/\\\/dorogimedence.hu\\\/\",\"name\":\"Dorogi-medence Region\u00e1lis H\u00edrport\u00e1l\",\"description\":\"Dorog, Keszt\u00f6lc, Le\u00e1nyv\u00e1r, Piliscs\u00e9v, Tokod, Tokodalt\u00e1r\u00f3, Csolnok, Esztergom-kertv\u00e1ros: h\u00edrek, programok\",\"publisher\":{\"@id\":\"https:\\\/\\\/dorogimedence.hu\\\/#organization\"},\"potentialAction\":[{\"@type\":\"SearchAction\",\"target\":{\"@type\":\"EntryPoint\",\"urlTemplate\":\"https:\\\/\\\/dorogimedence.hu\\\/?s={search_term_string}\"},\"query-input\":{\"@type\":\"PropertyValueSpecification\",\"valueRequired\":true,\"valueName\":\"search_term_string\"}}],\"inLanguage\":\"hu\"},{\"@type\":\"Organization\",\"@id\":\"https:\\\/\\\/dorogimedence.hu\\\/#organization\",\"name\":\"Dorogi-medence Region\u00e1lis H\u00edrport\u00e1l\",\"url\":\"https:\\\/\\\/dorogimedence.hu\\\/\",\"logo\":{\"@type\":\"ImageObject\",\"inLanguage\":\"hu\",\"@id\":\"https:\\\/\\\/dorogimedence.hu\\\/#\\\/schema\\\/logo\\\/image\\\/\",\"url\":\"https:\\\/\\\/dorogimedence.hu\\\/wp-content\\\/uploads\\\/2021\\\/04\\\/logo-feher-600.png\",\"contentUrl\":\"https:\\\/\\\/dorogimedence.hu\\\/wp-content\\\/uploads\\\/2021\\\/04\\\/logo-feher-600.png\",\"width\":600,\"height\":100,\"caption\":\"Dorogi-medence Region\u00e1lis H\u00edrport\u00e1l\"},\"image\":{\"@id\":\"https:\\\/\\\/dorogimedence.hu\\\/#\\\/schema\\\/logo\\\/image\\\/\"},\"sameAs\":[\"https:\\\/\\\/www.facebook.com\\\/dorogimedence\\\/\"]},{\"@type\":\"Person\",\"@id\":\"https:\\\/\\\/dorogimedence.hu\\\/#\\\/schema\\\/person\\\/ce6091eeb7e95ecdc87890d6aa8e0fd4\",\"name\":\"dorogimedence.hu\",\"image\":{\"@type\":\"ImageObject\",\"inLanguage\":\"hu\",\"@id\":\"\\\/\\\/www.gravatar.com\\\/avatar\\\/d8d45f8901aadff40a4af72c0b826f1d?s=96&#038;r=g&#038;d=mm\",\"url\":\"\\\/\\\/www.gravatar.com\\\/avatar\\\/d8d45f8901aadff40a4af72c0b826f1d?s=96&#038;r=g&#038;d=mm\",\"contentUrl\":\"\\\/\\\/www.gravatar.com\\\/avatar\\\/d8d45f8901aadff40a4af72c0b826f1d?s=96&#038;r=g&#038;d=mm\",\"caption\":\"dorogimedence.hu\"}}]}<\/script>\n<!-- \/ Yoast SEO plugin. -->","yoast_head_json":{"title":"Ism\u00e9t j\u00f3t\u00e9kony c\u00e9lokra szavazhatunk a Tesco \u00e1ruh\u00e1zakban!","robots":{"index":"index","follow":"follow","max-snippet":"max-snippet:-1","max-image-preview":"max-image-preview:large","max-video-preview":"max-video-preview:-1"},"canonical":"https:\/\/dorogimedence.hu\/index.php\/2019\/06\/17\/ismet-jotekony-celokra-szavazhatunk-a-tesco-aruhazakban\/","og_locale":"hu_HU","og_type":"article","og_title":"Ism\u00e9t j\u00f3t\u00e9kony c\u00e9lokra szavazhatunk a Tesco \u00e1ruh\u00e1zakban!","og_description":"Elindult a szavaz\u00e1s a Tesco \u201e\u00d6n v\u00e1laszt, mi seg\u00edt\u00fcnk\u201d p\u00e1ly\u00e1zati programj\u00e1ban. A v\u00e1s\u00e1rl\u00f3k j\u00fanius 17. \u00e9s j\u00falius 14. k\u00f6z\u00f6tt tehetik le voksukat az els\u0151 szakaszb\u00f3l tov\u00e1bbjut\u00f3, orsz\u00e1gosan 181, Kom\u00e1rom-Esztergom megy\u00e9ben 9 k\u00f6z\u00f6ss\u00e9g\u00e9p\u00edt\u0151 kezdem\u00e9nyez\u00e9s valamelyik\u00e9re. A szervezetek, a szavazatok sz\u00e1m\u00e1nak ar\u00e1ny\u00e1ban 400, 200 vagy 100 ezer forint \u00f6sszeg\u0171 t\u00e1mogat\u00e1st nyerhetnek. Az \u00e1ruh\u00e1zl\u00e1nc a kor\u00e1bbi \u00f6t fordul\u00f3ban","og_url":"https:\/\/dorogimedence.hu\/index.php\/2019\/06\/17\/ismet-jotekony-celokra-szavazhatunk-a-tesco-aruhazakban\/","og_site_name":"Dorogi-medence Region\u00e1lis H\u00edrport\u00e1l","article_publisher":"https:\/\/www.facebook.com\/dorogimedence\/","article_published_time":"2019-06-17T16:00:26+00:00","article_modified_time":"2019-06-17T16:02:21+00:00","og_image":[{"width":670,"height":365,"url":"https:\/\/i0.wp.com\/dorogimedence.hu\/wp-content\/uploads\/2019\/03\/dorog-tesco.jpg?fit=670%2C365&ssl=1","type":"image\/jpeg"}],"author":"dorogimedence.hu","twitter_card":"summary_large_image","twitter_misc":{"Szerz\u0151:":"dorogimedence.hu","Becs\u00fclt olvas\u00e1si id\u0151":"3 perc"},"schema":{"@context":"https:\/\/schema.org","@graph":[{"@type":"Article","@id":"https:\/\/dorogimedence.hu\/index.php\/2019\/06\/17\/ismet-jotekony-celokra-szavazhatunk-a-tesco-aruhazakban\/#article","isPartOf":{"@id":"https:\/\/dorogimedence.hu\/index.php\/2019\/06\/17\/ismet-jotekony-celokra-szavazhatunk-a-tesco-aruhazakban\/"},"author":{"name":"dorogimedence.hu","@id":"https:\/\/dorogimedence.hu\/#\/schema\/person\/ce6091eeb7e95ecdc87890d6aa8e0fd4"},"headline":"Ism\u00e9t j\u00f3t\u00e9kony c\u00e9lokra szavazhatunk a Tesco \u00e1ruh\u00e1zakban!","datePublished":"2019-06-17T16:00:26+00:00","dateModified":"2019-06-17T16:02:21+00:00","mainEntityOfPage":{"@id":"https:\/\/dorogimedence.hu\/index.php\/2019\/06\/17\/ismet-jotekony-celokra-szavazhatunk-a-tesco-aruhazakban\/"},"wordCount":628,"publisher":{"@id":"https:\/\/dorogimedence.hu\/#organization"},"image":{"@id":"https:\/\/dorogimedence.hu\/index.php\/2019\/06\/17\/ismet-jotekony-celokra-szavazhatunk-a-tesco-aruhazakban\/#primaryimage"},"thumbnailUrl":"https:\/\/dorogimedence.hu\/wp-content\/uploads\/2019\/03\/dorog-tesco.jpg","keywords":["Dorog","esztergom","j\u00f3t\u00e9konys\u00e1g","szavaz\u00e1s","TESCO"],"articleSection":["Dorog","Esztergom","H\u00edrek"],"inLanguage":"hu"},{"@type":"WebPage","@id":"https:\/\/dorogimedence.hu\/index.php\/2019\/06\/17\/ismet-jotekony-celokra-szavazhatunk-a-tesco-aruhazakban\/","url":"https:\/\/dorogimedence.hu\/index.php\/2019\/06\/17\/ismet-jotekony-celokra-szavazhatunk-a-tesco-aruhazakban\/","name":"Ism\u00e9t j\u00f3t\u00e9kony c\u00e9lokra szavazhatunk a Tesco \u00e1ruh\u00e1zakban!","isPartOf":{"@id":"https:\/\/dorogimedence.hu\/#website"},"primaryImageOfPage":{"@id":"https:\/\/dorogimedence.hu\/index.php\/2019\/06\/17\/ismet-jotekony-celokra-szavazhatunk-a-tesco-aruhazakban\/#primaryimage"},"image":{"@id":"https:\/\/dorogimedence.hu\/index.php\/2019\/06\/17\/ismet-jotekony-celokra-szavazhatunk-a-tesco-aruhazakban\/#primaryimage"},"thumbnailUrl":"https:\/\/dorogimedence.hu\/wp-content\/uploads\/2019\/03\/dorog-tesco.jpg","datePublished":"2019-06-17T16:00:26+00:00","dateModified":"2019-06-17T16:02:21+00:00","breadcrumb":{"@id":"https:\/\/dorogimedence.hu\/index.php\/2019\/06\/17\/ismet-jotekony-celokra-szavazhatunk-a-tesco-aruhazakban\/#breadcrumb"},"inLanguage":"hu","potentialAction":[{"@type":"ReadAction","target":["https:\/\/dorogimedence.hu\/index.php\/2019\/06\/17\/ismet-jotekony-celokra-szavazhatunk-a-tesco-aruhazakban\/"]}]},{"@type":"ImageObject","inLanguage":"hu","@id":"https:\/\/dorogimedence.hu\/index.php\/2019\/06\/17\/ismet-jotekony-celokra-szavazhatunk-a-tesco-aruhazakban\/#primaryimage","url":"https:\/\/dorogimedence.hu\/wp-content\/uploads\/2019\/03\/dorog-tesco.jpg","contentUrl":"https:\/\/dorogimedence.hu\/wp-content\/uploads\/2019\/03\/dorog-tesco.jpg","width":670,"height":365},{"@type":"BreadcrumbList","@id":"https:\/\/dorogimedence.hu\/index.php\/2019\/06\/17\/ismet-jotekony-celokra-szavazhatunk-a-tesco-aruhazakban\/#breadcrumb","itemListElement":[{"@type":"ListItem","position":1,"name":"Kezd\u0151lap","item":"https:\/\/dorogimedence.hu\/"},{"@type":"ListItem","position":2,"name":"Ism\u00e9t j\u00f3t\u00e9kony c\u00e9lokra szavazhatunk a Tesco \u00e1ruh\u00e1zakban!"}]},{"@type":"WebSite","@id":"https:\/\/dorogimedence.hu\/#website","url":"https:\/\/dorogimedence.hu\/","name":"Dorogi-medence Region\u00e1lis H\u00edrport\u00e1l","description":"Dorog, Keszt\u00f6lc, Le\u00e1nyv\u00e1r, Piliscs\u00e9v, Tokod, Tokodalt\u00e1r\u00f3, Csolnok, Esztergom-kertv\u00e1ros: h\u00edrek, programok","publisher":{"@id":"https:\/\/dorogimedence.hu\/#organization"},"potentialAction":[{"@type":"SearchAction","target":{"@type":"EntryPoint","urlTemplate":"https:\/\/dorogimedence.hu\/?s={search_term_string}"},"query-input":{"@type":"PropertyValueSpecification","valueRequired":true,"valueName":"search_term_string"}}],"inLanguage":"hu"},{"@type":"Organization","@id":"https:\/\/dorogimedence.hu\/#organization","name":"Dorogi-medence Region\u00e1lis H\u00edrport\u00e1l","url":"https:\/\/dorogimedence.hu\/","logo":{"@type":"ImageObject","inLanguage":"hu","@id":"https:\/\/dorogimedence.hu\/#\/schema\/logo\/image\/","url":"https:\/\/dorogimedence.hu\/wp-content\/uploads\/2021\/04\/logo-feher-600.png","contentUrl":"https:\/\/dorogimedence.hu\/wp-content\/uploads\/2021\/04\/logo-feher-600.png","width":600,"height":100,"caption":"Dorogi-medence Region\u00e1lis H\u00edrport\u00e1l"},"image":{"@id":"https:\/\/dorogimedence.hu\/#\/schema\/logo\/image\/"},"sameAs":["https:\/\/www.facebook.com\/dorogimedence\/"]},{"@type":"Person","@id":"https:\/\/dorogimedence.hu\/#\/schema\/person\/ce6091eeb7e95ecdc87890d6aa8e0fd4","name":"dorogimedence.hu","image":{"@type":"ImageObject","inLanguage":"hu","@id":"\/\/www.gravatar.com\/avatar\/d8d45f8901aadff40a4af72c0b826f1d?s=96&#038;r=g&#038;d=mm","url":"\/\/www.gravatar.com\/avatar\/d8d45f8901aadff40a4af72c0b826f1d?s=96&#038;r=g&#038;d=mm","contentUrl":"\/\/www.gravatar.com\/avatar\/d8d45f8901aadff40a4af72c0b826f1d?s=96&#038;r=g&#038;d=mm","caption":"dorogimedence.hu"}}]}},"_links":{"self":[{"href":"https:\/\/dorogimedence.hu\/index.php\/wp-json\/wp\/v2\/posts\/17454","targetHints":{"allow":["GET"]}}],"collection":[{"href":"https:\/\/dorogimedence.hu\/index.php\/wp-json\/wp\/v2\/posts"}],"about":[{"href":"https:\/\/dorogimedence.hu\/index.php\/wp-json\/wp\/v2\/types\/post"}],"author":[{"embeddable":true,"href":"https:\/\/dorogimedence.hu\/index.php\/wp-json\/wp\/v2\/users\/1"}],"replies":[{"embeddable":true,"href":"https:\/\/dorogimedence.hu\/index.php\/wp-json\/wp\/v2\/comments?post=17454"}],"version-history":[{"count":0,"href":"https:\/\/dorogimedence.hu\/index.php\/wp-json\/wp\/v2\/posts\/17454\/revisions"}],"wp:featuredmedia":[{"embeddable":true,"href":"https:\/\/dorogimedence.hu\/index.php\/wp-json\/wp\/v2\/media\/15338"}],"wp:attachment":[{"href":"https:\/\/dorogimedence.hu\/index.php\/wp-json\/wp\/v2\/media?parent=17454"}],"wp:term":[{"taxonomy":"category","embeddable":true,"href":"https:\/\/dorogimedence.hu\/index.php\/wp-json\/wp\/v2\/categories?post=17454"},{"taxonomy":"post_tag","embeddable":true,"href":"https:\/\/dorogimedence.hu\/index.php\/wp-json\/wp\/v2\/tags?post=17454"}],"curies":[{"name":"wp","href":"https:\/\/api.w.org\/{rel}","templated":true}]}}