{"id":17427,"date":"2019-06-17T06:39:16","date_gmt":"2019-06-17T04:39:16","guid":{"rendered":"http:\/\/dorogimedence.hu\/?p=17427"},"modified":"2019-06-17T06:39:16","modified_gmt":"2019-06-17T04:39:16","slug":"art-limes-folyoirat-bemutato-az-esztergomi-konyvtarban","status":"publish","type":"post","link":"https:\/\/dorogimedence.hu\/index.php\/2019\/06\/17\/art-limes-folyoirat-bemutato-az-esztergomi-konyvtarban\/","title":{"rendered":"Art Limes foly\u00f3irat bemutat\u00f3 az esztergomi k\u00f6nyvt\u00e1rban"},"content":{"rendered":"<p><strong>A Kernstock K\u00e1roly M\u0171v\u00e9szeti Alap\u00edtv\u00e1ny a Helischer J\u00f3zsef V\u00e1rosi K\u00f6nyvt\u00e1rban mutatta be 2019. j\u00fanius 11-\u00e9n, kedden az ART LIMES foly\u00f3irat 2018\/2. \u00e9s 2018\/3. K\u00e9pz\u0151m\u0171v\u00e9szek Esztergomban a XIX\u2013XXI. sz\u00e1zadban c\u00edm\u0171 sz\u00e1mait.<\/strong><\/p>\n<p>A megjelenteket Kov\u00e1tsn\u00e9 V\u00e1rady Eszter, a Helischer J\u00f3zsef V\u00e1rosi K\u00f6nyvt\u00e1r igazgat\u00f3ja k\u00f6sz\u00f6nt\u00f6tte. B\u00e1nhidy L\u00e1szl\u00f3 alpolg\u00e1rmester szint\u00e9n megeml\u00e9kezett az esztergomi k\u00e9pz\u0151m\u0171v\u00e9szekr\u0151l, \u00e9s kiemelte, hogy fel kell h\u00edvni a figyelmet arra, hogy eddig Esztergomban milyen \u00e9rt\u00e9kek sz\u00fclettek. Ez k\u00f6telezi az ut\u00f3kort arra, hogy a v\u00e1ros r\u00e9gi ad\u00f3ss\u00e1g\u00e1t ler\u00f3ja, s Esztergomnak legyen v\u00e9gre egy k\u00e9pt\u00e1ra.<\/p>\n<p>A foly\u00f3irat k\u00f6teteket Vir\u00e1g Jen\u0151 f\u0151szerkeszt\u0151 \u00e9s Wehner Tibor szerkeszt\u0151, m\u0171v\u00e9szett\u00f6rt\u00e9n\u00e9sz mutatta be.<\/p>\n<p><img fetchpriority=\"high\" decoding=\"async\" class=\"alignnone size-full wp-image-17429\" src=\"https:\/\/dorogimedence.hu\/wp-content\/uploads\/2019\/06\/limes-02.jpg\" alt=\"\" width=\"670\" height=\"365\" srcset=\"https:\/\/dorogimedence.hu\/wp-content\/uploads\/2019\/06\/limes-02.jpg 670w, https:\/\/dorogimedence.hu\/wp-content\/uploads\/2019\/06\/limes-02-300x163.jpg 300w\" sizes=\"(max-width: 670px) 100vw, 670px\" \/><\/p>\n<p>A sorozat egy megyei kezdem\u00e9nyez\u00e9s folytat\u00e1sa, hiszen hasonl\u00f3 k\u00f6tetek m\u00e1r megjelentek Dorogr\u00f3l, Tatab\u00e1ny\u00e1r\u00f3l \u00e9s Tat\u00e1r\u00f3l is. A k\u00f6tetekhez az \u00edr\u00e1sos anyagokat r\u00e9gi foly\u00f3iratokb\u00f3l gy\u0171jt\u00f6tt\u00e9k \u00f6ssze, melyben B\u00e1rdos Istv\u00e1n, a nemr\u00e9g elhunyt m\u0171vel\u0151d\u00e9s-t\u00f6rt\u00e9n\u00e9sz szerkeszt\u0151i munk\u00e1ja sz\u00e1mottev\u0151 volt. A k\u00e9t k\u00f6tet, mely n\u00e9vsorban veszi sorra az Esztergomban \u00e9lt \u00e9s itt alkotott, m\u00e9g folytat\u00e1sra v\u00e1r, hiszen a m\u00e1sodik k\u00f6tet Kocsisn\u00e9 Gerencs\u00e9r Ann\u00e1val \u00e9r v\u00e9get, A nev\u00fck els\u0151 kezd\u0151bet\u0171j\u00e9vel L-Z-ig bet\u0171vel kezd\u0151d\u0151 nev\u0171 k\u00e9pz\u0151m\u0171v\u00e9szek \u00e9letp\u00e1ly\u00e1ja \u00e9s m\u0171vei le\u00edr\u00e1sa k\u00e9ziratban megvan m\u00e1r.<\/p>\n<p>72 m\u0171v\u00e9sz szerepel a k\u00e9t megjelent sz\u00e1mban, k\u00f6zt\u00fck olyan hallatlanul fontos szem\u00e9lyis\u00e9gek, mint Gr\u00f3h Istv\u00e1n. Wehner Tibor szerint a lapsz\u00e1mok lexikon \u00e9s antol\u00f3gia \u00f6sszeolvad\u00e1sa, mert a m\u0171v\u00e9szekr\u0151l megjelent elfelejtett kritikai fogadtat\u00e1st is el\u0151szedt\u00e9k, \u00e9s megjelentett\u00e9k. Mindemellett megmaradt a lapsz\u00e1mok olvasm\u00e1nyos m\u0171faja is.<\/p>\n<p><img decoding=\"async\" class=\"alignnone size-full wp-image-17430\" src=\"https:\/\/dorogimedence.hu\/wp-content\/uploads\/2019\/06\/limes-03.jpg\" alt=\"\" width=\"670\" height=\"365\" srcset=\"https:\/\/dorogimedence.hu\/wp-content\/uploads\/2019\/06\/limes-03.jpg 670w, https:\/\/dorogimedence.hu\/wp-content\/uploads\/2019\/06\/limes-03-300x163.jpg 300w\" sizes=\"(max-width: 670px) 100vw, 670px\" \/><\/p>\n<p>A szerkeszt\u0151k elmondt\u00e1k, hogy a k\u00f6tet l\u00e9trehoz\u00e1sa sor\u00e1n milyen neh\u00e9z volt n\u00e9h\u00e1ny adatot megszerezni, akadnak olyan m\u0171v\u00e9szek, akikr\u0151l egyetlen \u00e1br\u00e1zol\u00e1s sem tal\u00e1lhat\u00f3. Nem egyszer magukat a m\u0171veket felkeresni is komoly feladat el\u00e9 \u00e1ll\u00edtotta a szerkeszt\u0151ket.<\/p>\n<p>Esztergom vonatkoz\u00e1s\u00e1ban hi\u00e1nyp\u00f3tl\u00f3 m\u0171 keletkezett, b\u00edztatunk mindenkit arra, hogy ismerkedjen meg lak\u00f3helye m\u0171v\u00e9szeivel, \u00e9s az \u00e1laluk l\u00e9trehozott alkot\u00e1sokkal. Ford\u00edtsunk nagyobb figyelmet a k\u00f6r\u00fcl\u00f6tt\u00fcnk l\u00e9v\u0151 sz\u00e9ps\u00e9gre \u00e9s becs\u00fclj\u00fck meg azt.<\/p>\n<p><em><strong>H\u00e1mosn\u00e9 Sz\u0151ke Anna<\/strong><\/em><\/p>\n<p><em>Fot\u00f3k: Steindl N\u00f3ra<\/em><\/p>\n","protected":false},"excerpt":{"rendered":"<p>A Kernstock K\u00e1roly M\u0171v\u00e9szeti Alap\u00edtv\u00e1ny a Helischer J\u00f3zsef V\u00e1rosi K\u00f6nyvt\u00e1rban mutatta be 2019. j\u00fanius 11-\u00e9n, kedden az ART LIMES foly\u00f3irat 2018\/2. \u00e9s 2018\/3. K\u00e9pz\u0151m\u0171v\u00e9szek Esztergomban a XIX\u2013XXI. sz\u00e1zadban c\u00edm\u0171 sz\u00e1mait. A megjelenteket Kov\u00e1tsn\u00e9 V\u00e1rady Eszter, a Helischer J\u00f3zsef V\u00e1rosi K\u00f6nyvt\u00e1r igazgat\u00f3ja k\u00f6sz\u00f6nt\u00f6tte. B\u00e1nhidy L\u00e1szl\u00f3 alpolg\u00e1rmester szint\u00e9n megeml\u00e9kezett az esztergomi k\u00e9pz\u0151m\u0171v\u00e9szekr\u0151l, \u00e9s kiemelte, hogy fel kell<\/p>\n","protected":false},"author":1,"featured_media":17428,"comment_status":"closed","ping_status":"closed","sticky":false,"template":"","format":"standard","meta":{"ngg_post_thumbnail":0,"footnotes":""},"categories":[38,3],"tags":[3983,42,1609,673],"class_list":{"0":"post-17427","1":"post","2":"type-post","3":"status-publish","4":"format-standard","5":"has-post-thumbnail","7":"category-esztergom","8":"category-hirek","9":"tag-art-limes","10":"tag-esztergom","11":"tag-esztergomi-konyvtar","12":"tag-konyvbemutato"},"yoast_head":"<!-- This site is optimized with the Yoast SEO plugin v27.4 - https:\/\/yoast.com\/product\/yoast-seo-wordpress\/ -->\n<title>Art Limes foly\u00f3irat bemutat\u00f3 az esztergomi k\u00f6nyvt\u00e1rban<\/title>\n<meta name=\"robots\" content=\"index, follow, max-snippet:-1, max-image-preview:large, max-video-preview:-1\" \/>\n<link rel=\"canonical\" href=\"https:\/\/dorogimedence.hu\/index.php\/2019\/06\/17\/art-limes-folyoirat-bemutato-az-esztergomi-konyvtarban\/\" class=\"yoast-seo-meta-tag\" \/>\n<meta property=\"og:locale\" content=\"hu_HU\" class=\"yoast-seo-meta-tag\" \/>\n<meta property=\"og:type\" content=\"article\" class=\"yoast-seo-meta-tag\" \/>\n<meta property=\"og:title\" content=\"Art Limes foly\u00f3irat bemutat\u00f3 az esztergomi k\u00f6nyvt\u00e1rban\" class=\"yoast-seo-meta-tag\" \/>\n<meta property=\"og:description\" content=\"A Kernstock K\u00e1roly M\u0171v\u00e9szeti Alap\u00edtv\u00e1ny a Helischer J\u00f3zsef V\u00e1rosi K\u00f6nyvt\u00e1rban mutatta be 2019. j\u00fanius 11-\u00e9n, kedden az ART LIMES foly\u00f3irat 2018\/2. \u00e9s 2018\/3. K\u00e9pz\u0151m\u0171v\u00e9szek Esztergomban a XIX\u2013XXI. sz\u00e1zadban c\u00edm\u0171 sz\u00e1mait. A megjelenteket Kov\u00e1tsn\u00e9 V\u00e1rady Eszter, a Helischer J\u00f3zsef V\u00e1rosi K\u00f6nyvt\u00e1r igazgat\u00f3ja k\u00f6sz\u00f6nt\u00f6tte. B\u00e1nhidy L\u00e1szl\u00f3 alpolg\u00e1rmester szint\u00e9n megeml\u00e9kezett az esztergomi k\u00e9pz\u0151m\u0171v\u00e9szekr\u0151l, \u00e9s kiemelte, hogy fel kell\" class=\"yoast-seo-meta-tag\" \/>\n<meta property=\"og:url\" content=\"https:\/\/dorogimedence.hu\/index.php\/2019\/06\/17\/art-limes-folyoirat-bemutato-az-esztergomi-konyvtarban\/\" class=\"yoast-seo-meta-tag\" \/>\n<meta property=\"og:site_name\" content=\"Dorogi-medence Region\u00e1lis H\u00edrport\u00e1l\" class=\"yoast-seo-meta-tag\" \/>\n<meta property=\"article:publisher\" content=\"https:\/\/www.facebook.com\/dorogimedence\/\" class=\"yoast-seo-meta-tag\" \/>\n<meta property=\"article:published_time\" content=\"2019-06-17T04:39:16+00:00\" class=\"yoast-seo-meta-tag\" \/>\n<meta property=\"og:image\" content=\"https:\/\/i0.wp.com\/dorogimedence.hu\/wp-content\/uploads\/2019\/06\/limes-01.jpg?fit=670%2C365&ssl=1\" class=\"yoast-seo-meta-tag\" \/>\n\t<meta property=\"og:image:width\" content=\"670\" class=\"yoast-seo-meta-tag\" \/>\n\t<meta property=\"og:image:height\" content=\"365\" class=\"yoast-seo-meta-tag\" \/>\n\t<meta property=\"og:image:type\" content=\"image\/jpeg\" class=\"yoast-seo-meta-tag\" \/>\n<meta name=\"author\" content=\"dorogimedence.hu\" class=\"yoast-seo-meta-tag\" \/>\n<meta name=\"twitter:card\" content=\"summary_large_image\" class=\"yoast-seo-meta-tag\" \/>\n<meta name=\"twitter:label1\" content=\"Szerz\u0151:\" class=\"yoast-seo-meta-tag\" \/>\n\t<meta name=\"twitter:data1\" content=\"dorogimedence.hu\" class=\"yoast-seo-meta-tag\" \/>\n\t<meta name=\"twitter:label2\" content=\"Becs\u00fclt olvas\u00e1si id\u0151\" class=\"yoast-seo-meta-tag\" \/>\n\t<meta name=\"twitter:data2\" content=\"2 perc\" class=\"yoast-seo-meta-tag\" \/>\n<script type=\"application\/ld+json\" class=\"yoast-schema-graph\">{\"@context\":\"https:\\\/\\\/schema.org\",\"@graph\":[{\"@type\":\"Article\",\"@id\":\"https:\\\/\\\/dorogimedence.hu\\\/index.php\\\/2019\\\/06\\\/17\\\/art-limes-folyoirat-bemutato-az-esztergomi-konyvtarban\\\/#article\",\"isPartOf\":{\"@id\":\"https:\\\/\\\/dorogimedence.hu\\\/index.php\\\/2019\\\/06\\\/17\\\/art-limes-folyoirat-bemutato-az-esztergomi-konyvtarban\\\/\"},\"author\":{\"name\":\"dorogimedence.hu\",\"@id\":\"https:\\\/\\\/dorogimedence.hu\\\/#\\\/schema\\\/person\\\/ce6091eeb7e95ecdc87890d6aa8e0fd4\"},\"headline\":\"Art Limes foly\u00f3irat bemutat\u00f3 az esztergomi k\u00f6nyvt\u00e1rban\",\"datePublished\":\"2019-06-17T04:39:16+00:00\",\"mainEntityOfPage\":{\"@id\":\"https:\\\/\\\/dorogimedence.hu\\\/index.php\\\/2019\\\/06\\\/17\\\/art-limes-folyoirat-bemutato-az-esztergomi-konyvtarban\\\/\"},\"wordCount\":477,\"publisher\":{\"@id\":\"https:\\\/\\\/dorogimedence.hu\\\/#organization\"},\"image\":{\"@id\":\"https:\\\/\\\/dorogimedence.hu\\\/index.php\\\/2019\\\/06\\\/17\\\/art-limes-folyoirat-bemutato-az-esztergomi-konyvtarban\\\/#primaryimage\"},\"thumbnailUrl\":\"https:\\\/\\\/dorogimedence.hu\\\/wp-content\\\/uploads\\\/2019\\\/06\\\/limes-01.jpg\",\"keywords\":[\"art limes\",\"esztergom\",\"esztergomi k\u00f6nyvt\u00e1r\",\"k\u00f6nyvbemutat\u00f3\"],\"articleSection\":[\"Esztergom\",\"H\u00edrek\"],\"inLanguage\":\"hu\"},{\"@type\":\"WebPage\",\"@id\":\"https:\\\/\\\/dorogimedence.hu\\\/index.php\\\/2019\\\/06\\\/17\\\/art-limes-folyoirat-bemutato-az-esztergomi-konyvtarban\\\/\",\"url\":\"https:\\\/\\\/dorogimedence.hu\\\/index.php\\\/2019\\\/06\\\/17\\\/art-limes-folyoirat-bemutato-az-esztergomi-konyvtarban\\\/\",\"name\":\"Art Limes foly\u00f3irat bemutat\u00f3 az esztergomi k\u00f6nyvt\u00e1rban\",\"isPartOf\":{\"@id\":\"https:\\\/\\\/dorogimedence.hu\\\/#website\"},\"primaryImageOfPage\":{\"@id\":\"https:\\\/\\\/dorogimedence.hu\\\/index.php\\\/2019\\\/06\\\/17\\\/art-limes-folyoirat-bemutato-az-esztergomi-konyvtarban\\\/#primaryimage\"},\"image\":{\"@id\":\"https:\\\/\\\/dorogimedence.hu\\\/index.php\\\/2019\\\/06\\\/17\\\/art-limes-folyoirat-bemutato-az-esztergomi-konyvtarban\\\/#primaryimage\"},\"thumbnailUrl\":\"https:\\\/\\\/dorogimedence.hu\\\/wp-content\\\/uploads\\\/2019\\\/06\\\/limes-01.jpg\",\"datePublished\":\"2019-06-17T04:39:16+00:00\",\"breadcrumb\":{\"@id\":\"https:\\\/\\\/dorogimedence.hu\\\/index.php\\\/2019\\\/06\\\/17\\\/art-limes-folyoirat-bemutato-az-esztergomi-konyvtarban\\\/#breadcrumb\"},\"inLanguage\":\"hu\",\"potentialAction\":[{\"@type\":\"ReadAction\",\"target\":[\"https:\\\/\\\/dorogimedence.hu\\\/index.php\\\/2019\\\/06\\\/17\\\/art-limes-folyoirat-bemutato-az-esztergomi-konyvtarban\\\/\"]}]},{\"@type\":\"ImageObject\",\"inLanguage\":\"hu\",\"@id\":\"https:\\\/\\\/dorogimedence.hu\\\/index.php\\\/2019\\\/06\\\/17\\\/art-limes-folyoirat-bemutato-az-esztergomi-konyvtarban\\\/#primaryimage\",\"url\":\"https:\\\/\\\/dorogimedence.hu\\\/wp-content\\\/uploads\\\/2019\\\/06\\\/limes-01.jpg\",\"contentUrl\":\"https:\\\/\\\/dorogimedence.hu\\\/wp-content\\\/uploads\\\/2019\\\/06\\\/limes-01.jpg\",\"width\":670,\"height\":365},{\"@type\":\"BreadcrumbList\",\"@id\":\"https:\\\/\\\/dorogimedence.hu\\\/index.php\\\/2019\\\/06\\\/17\\\/art-limes-folyoirat-bemutato-az-esztergomi-konyvtarban\\\/#breadcrumb\",\"itemListElement\":[{\"@type\":\"ListItem\",\"position\":1,\"name\":\"Kezd\u0151lap\",\"item\":\"https:\\\/\\\/dorogimedence.hu\\\/\"},{\"@type\":\"ListItem\",\"position\":2,\"name\":\"Art Limes foly\u00f3irat bemutat\u00f3 az esztergomi k\u00f6nyvt\u00e1rban\"}]},{\"@type\":\"WebSite\",\"@id\":\"https:\\\/\\\/dorogimedence.hu\\\/#website\",\"url\":\"https:\\\/\\\/dorogimedence.hu\\\/\",\"name\":\"Dorogi-medence Region\u00e1lis H\u00edrport\u00e1l\",\"description\":\"Dorog, Keszt\u00f6lc, Le\u00e1nyv\u00e1r, Piliscs\u00e9v, Tokod, Tokodalt\u00e1r\u00f3, Csolnok, Esztergom-kertv\u00e1ros: h\u00edrek, programok\",\"publisher\":{\"@id\":\"https:\\\/\\\/dorogimedence.hu\\\/#organization\"},\"potentialAction\":[{\"@type\":\"SearchAction\",\"target\":{\"@type\":\"EntryPoint\",\"urlTemplate\":\"https:\\\/\\\/dorogimedence.hu\\\/?s={search_term_string}\"},\"query-input\":{\"@type\":\"PropertyValueSpecification\",\"valueRequired\":true,\"valueName\":\"search_term_string\"}}],\"inLanguage\":\"hu\"},{\"@type\":\"Organization\",\"@id\":\"https:\\\/\\\/dorogimedence.hu\\\/#organization\",\"name\":\"Dorogi-medence Region\u00e1lis H\u00edrport\u00e1l\",\"url\":\"https:\\\/\\\/dorogimedence.hu\\\/\",\"logo\":{\"@type\":\"ImageObject\",\"inLanguage\":\"hu\",\"@id\":\"https:\\\/\\\/dorogimedence.hu\\\/#\\\/schema\\\/logo\\\/image\\\/\",\"url\":\"https:\\\/\\\/dorogimedence.hu\\\/wp-content\\\/uploads\\\/2021\\\/04\\\/logo-feher-600.png\",\"contentUrl\":\"https:\\\/\\\/dorogimedence.hu\\\/wp-content\\\/uploads\\\/2021\\\/04\\\/logo-feher-600.png\",\"width\":600,\"height\":100,\"caption\":\"Dorogi-medence Region\u00e1lis H\u00edrport\u00e1l\"},\"image\":{\"@id\":\"https:\\\/\\\/dorogimedence.hu\\\/#\\\/schema\\\/logo\\\/image\\\/\"},\"sameAs\":[\"https:\\\/\\\/www.facebook.com\\\/dorogimedence\\\/\"]},{\"@type\":\"Person\",\"@id\":\"https:\\\/\\\/dorogimedence.hu\\\/#\\\/schema\\\/person\\\/ce6091eeb7e95ecdc87890d6aa8e0fd4\",\"name\":\"dorogimedence.hu\",\"image\":{\"@type\":\"ImageObject\",\"inLanguage\":\"hu\",\"@id\":\"\\\/\\\/www.gravatar.com\\\/avatar\\\/d8d45f8901aadff40a4af72c0b826f1d?s=96&#038;r=g&#038;d=mm\",\"url\":\"\\\/\\\/www.gravatar.com\\\/avatar\\\/d8d45f8901aadff40a4af72c0b826f1d?s=96&#038;r=g&#038;d=mm\",\"contentUrl\":\"\\\/\\\/www.gravatar.com\\\/avatar\\\/d8d45f8901aadff40a4af72c0b826f1d?s=96&#038;r=g&#038;d=mm\",\"caption\":\"dorogimedence.hu\"}}]}<\/script>\n<!-- \/ Yoast SEO plugin. -->","yoast_head_json":{"title":"Art Limes foly\u00f3irat bemutat\u00f3 az esztergomi k\u00f6nyvt\u00e1rban","robots":{"index":"index","follow":"follow","max-snippet":"max-snippet:-1","max-image-preview":"max-image-preview:large","max-video-preview":"max-video-preview:-1"},"canonical":"https:\/\/dorogimedence.hu\/index.php\/2019\/06\/17\/art-limes-folyoirat-bemutato-az-esztergomi-konyvtarban\/","og_locale":"hu_HU","og_type":"article","og_title":"Art Limes foly\u00f3irat bemutat\u00f3 az esztergomi k\u00f6nyvt\u00e1rban","og_description":"A Kernstock K\u00e1roly M\u0171v\u00e9szeti Alap\u00edtv\u00e1ny a Helischer J\u00f3zsef V\u00e1rosi K\u00f6nyvt\u00e1rban mutatta be 2019. j\u00fanius 11-\u00e9n, kedden az ART LIMES foly\u00f3irat 2018\/2. \u00e9s 2018\/3. K\u00e9pz\u0151m\u0171v\u00e9szek Esztergomban a XIX\u2013XXI. sz\u00e1zadban c\u00edm\u0171 sz\u00e1mait. A megjelenteket Kov\u00e1tsn\u00e9 V\u00e1rady Eszter, a Helischer J\u00f3zsef V\u00e1rosi K\u00f6nyvt\u00e1r igazgat\u00f3ja k\u00f6sz\u00f6nt\u00f6tte. B\u00e1nhidy L\u00e1szl\u00f3 alpolg\u00e1rmester szint\u00e9n megeml\u00e9kezett az esztergomi k\u00e9pz\u0151m\u0171v\u00e9szekr\u0151l, \u00e9s kiemelte, hogy fel kell","og_url":"https:\/\/dorogimedence.hu\/index.php\/2019\/06\/17\/art-limes-folyoirat-bemutato-az-esztergomi-konyvtarban\/","og_site_name":"Dorogi-medence Region\u00e1lis H\u00edrport\u00e1l","article_publisher":"https:\/\/www.facebook.com\/dorogimedence\/","article_published_time":"2019-06-17T04:39:16+00:00","og_image":[{"width":670,"height":365,"url":"https:\/\/i0.wp.com\/dorogimedence.hu\/wp-content\/uploads\/2019\/06\/limes-01.jpg?fit=670%2C365&ssl=1","type":"image\/jpeg"}],"author":"dorogimedence.hu","twitter_card":"summary_large_image","twitter_misc":{"Szerz\u0151:":"dorogimedence.hu","Becs\u00fclt olvas\u00e1si id\u0151":"2 perc"},"schema":{"@context":"https:\/\/schema.org","@graph":[{"@type":"Article","@id":"https:\/\/dorogimedence.hu\/index.php\/2019\/06\/17\/art-limes-folyoirat-bemutato-az-esztergomi-konyvtarban\/#article","isPartOf":{"@id":"https:\/\/dorogimedence.hu\/index.php\/2019\/06\/17\/art-limes-folyoirat-bemutato-az-esztergomi-konyvtarban\/"},"author":{"name":"dorogimedence.hu","@id":"https:\/\/dorogimedence.hu\/#\/schema\/person\/ce6091eeb7e95ecdc87890d6aa8e0fd4"},"headline":"Art Limes foly\u00f3irat bemutat\u00f3 az esztergomi k\u00f6nyvt\u00e1rban","datePublished":"2019-06-17T04:39:16+00:00","mainEntityOfPage":{"@id":"https:\/\/dorogimedence.hu\/index.php\/2019\/06\/17\/art-limes-folyoirat-bemutato-az-esztergomi-konyvtarban\/"},"wordCount":477,"publisher":{"@id":"https:\/\/dorogimedence.hu\/#organization"},"image":{"@id":"https:\/\/dorogimedence.hu\/index.php\/2019\/06\/17\/art-limes-folyoirat-bemutato-az-esztergomi-konyvtarban\/#primaryimage"},"thumbnailUrl":"https:\/\/dorogimedence.hu\/wp-content\/uploads\/2019\/06\/limes-01.jpg","keywords":["art limes","esztergom","esztergomi k\u00f6nyvt\u00e1r","k\u00f6nyvbemutat\u00f3"],"articleSection":["Esztergom","H\u00edrek"],"inLanguage":"hu"},{"@type":"WebPage","@id":"https:\/\/dorogimedence.hu\/index.php\/2019\/06\/17\/art-limes-folyoirat-bemutato-az-esztergomi-konyvtarban\/","url":"https:\/\/dorogimedence.hu\/index.php\/2019\/06\/17\/art-limes-folyoirat-bemutato-az-esztergomi-konyvtarban\/","name":"Art Limes foly\u00f3irat bemutat\u00f3 az esztergomi k\u00f6nyvt\u00e1rban","isPartOf":{"@id":"https:\/\/dorogimedence.hu\/#website"},"primaryImageOfPage":{"@id":"https:\/\/dorogimedence.hu\/index.php\/2019\/06\/17\/art-limes-folyoirat-bemutato-az-esztergomi-konyvtarban\/#primaryimage"},"image":{"@id":"https:\/\/dorogimedence.hu\/index.php\/2019\/06\/17\/art-limes-folyoirat-bemutato-az-esztergomi-konyvtarban\/#primaryimage"},"thumbnailUrl":"https:\/\/dorogimedence.hu\/wp-content\/uploads\/2019\/06\/limes-01.jpg","datePublished":"2019-06-17T04:39:16+00:00","breadcrumb":{"@id":"https:\/\/dorogimedence.hu\/index.php\/2019\/06\/17\/art-limes-folyoirat-bemutato-az-esztergomi-konyvtarban\/#breadcrumb"},"inLanguage":"hu","potentialAction":[{"@type":"ReadAction","target":["https:\/\/dorogimedence.hu\/index.php\/2019\/06\/17\/art-limes-folyoirat-bemutato-az-esztergomi-konyvtarban\/"]}]},{"@type":"ImageObject","inLanguage":"hu","@id":"https:\/\/dorogimedence.hu\/index.php\/2019\/06\/17\/art-limes-folyoirat-bemutato-az-esztergomi-konyvtarban\/#primaryimage","url":"https:\/\/dorogimedence.hu\/wp-content\/uploads\/2019\/06\/limes-01.jpg","contentUrl":"https:\/\/dorogimedence.hu\/wp-content\/uploads\/2019\/06\/limes-01.jpg","width":670,"height":365},{"@type":"BreadcrumbList","@id":"https:\/\/dorogimedence.hu\/index.php\/2019\/06\/17\/art-limes-folyoirat-bemutato-az-esztergomi-konyvtarban\/#breadcrumb","itemListElement":[{"@type":"ListItem","position":1,"name":"Kezd\u0151lap","item":"https:\/\/dorogimedence.hu\/"},{"@type":"ListItem","position":2,"name":"Art Limes foly\u00f3irat bemutat\u00f3 az esztergomi k\u00f6nyvt\u00e1rban"}]},{"@type":"WebSite","@id":"https:\/\/dorogimedence.hu\/#website","url":"https:\/\/dorogimedence.hu\/","name":"Dorogi-medence Region\u00e1lis H\u00edrport\u00e1l","description":"Dorog, Keszt\u00f6lc, Le\u00e1nyv\u00e1r, Piliscs\u00e9v, Tokod, Tokodalt\u00e1r\u00f3, Csolnok, Esztergom-kertv\u00e1ros: h\u00edrek, programok","publisher":{"@id":"https:\/\/dorogimedence.hu\/#organization"},"potentialAction":[{"@type":"SearchAction","target":{"@type":"EntryPoint","urlTemplate":"https:\/\/dorogimedence.hu\/?s={search_term_string}"},"query-input":{"@type":"PropertyValueSpecification","valueRequired":true,"valueName":"search_term_string"}}],"inLanguage":"hu"},{"@type":"Organization","@id":"https:\/\/dorogimedence.hu\/#organization","name":"Dorogi-medence Region\u00e1lis H\u00edrport\u00e1l","url":"https:\/\/dorogimedence.hu\/","logo":{"@type":"ImageObject","inLanguage":"hu","@id":"https:\/\/dorogimedence.hu\/#\/schema\/logo\/image\/","url":"https:\/\/dorogimedence.hu\/wp-content\/uploads\/2021\/04\/logo-feher-600.png","contentUrl":"https:\/\/dorogimedence.hu\/wp-content\/uploads\/2021\/04\/logo-feher-600.png","width":600,"height":100,"caption":"Dorogi-medence Region\u00e1lis H\u00edrport\u00e1l"},"image":{"@id":"https:\/\/dorogimedence.hu\/#\/schema\/logo\/image\/"},"sameAs":["https:\/\/www.facebook.com\/dorogimedence\/"]},{"@type":"Person","@id":"https:\/\/dorogimedence.hu\/#\/schema\/person\/ce6091eeb7e95ecdc87890d6aa8e0fd4","name":"dorogimedence.hu","image":{"@type":"ImageObject","inLanguage":"hu","@id":"\/\/www.gravatar.com\/avatar\/d8d45f8901aadff40a4af72c0b826f1d?s=96&#038;r=g&#038;d=mm","url":"\/\/www.gravatar.com\/avatar\/d8d45f8901aadff40a4af72c0b826f1d?s=96&#038;r=g&#038;d=mm","contentUrl":"\/\/www.gravatar.com\/avatar\/d8d45f8901aadff40a4af72c0b826f1d?s=96&#038;r=g&#038;d=mm","caption":"dorogimedence.hu"}}]}},"_links":{"self":[{"href":"https:\/\/dorogimedence.hu\/index.php\/wp-json\/wp\/v2\/posts\/17427","targetHints":{"allow":["GET"]}}],"collection":[{"href":"https:\/\/dorogimedence.hu\/index.php\/wp-json\/wp\/v2\/posts"}],"about":[{"href":"https:\/\/dorogimedence.hu\/index.php\/wp-json\/wp\/v2\/types\/post"}],"author":[{"embeddable":true,"href":"https:\/\/dorogimedence.hu\/index.php\/wp-json\/wp\/v2\/users\/1"}],"replies":[{"embeddable":true,"href":"https:\/\/dorogimedence.hu\/index.php\/wp-json\/wp\/v2\/comments?post=17427"}],"version-history":[{"count":0,"href":"https:\/\/dorogimedence.hu\/index.php\/wp-json\/wp\/v2\/posts\/17427\/revisions"}],"wp:featuredmedia":[{"embeddable":true,"href":"https:\/\/dorogimedence.hu\/index.php\/wp-json\/wp\/v2\/media\/17428"}],"wp:attachment":[{"href":"https:\/\/dorogimedence.hu\/index.php\/wp-json\/wp\/v2\/media?parent=17427"}],"wp:term":[{"taxonomy":"category","embeddable":true,"href":"https:\/\/dorogimedence.hu\/index.php\/wp-json\/wp\/v2\/categories?post=17427"},{"taxonomy":"post_tag","embeddable":true,"href":"https:\/\/dorogimedence.hu\/index.php\/wp-json\/wp\/v2\/tags?post=17427"}],"curies":[{"name":"wp","href":"https:\/\/api.w.org\/{rel}","templated":true}]}}