{"id":17368,"date":"2019-06-13T17:29:20","date_gmt":"2019-06-13T15:29:20","guid":{"rendered":"http:\/\/dorogimedence.hu\/?p=17368"},"modified":"2019-06-13T17:29:20","modified_gmt":"2019-06-13T15:29:20","slug":"az-ot-eve-elhunyt-grosics-gyulara-emlekezett-az-aranycsapat-testulet","status":"publish","type":"post","link":"https:\/\/dorogimedence.hu\/index.php\/2019\/06\/13\/az-ot-eve-elhunyt-grosics-gyulara-emlekezett-az-aranycsapat-testulet\/","title":{"rendered":"Az \u00f6t \u00e9ve elhunyt Grosics Gyul\u00e1ra eml\u00e9kezett az Aranycsapat Test\u00fclet"},"content":{"rendered":"<p><strong>Grosics Gyul\u00e1ra, az Aranycsapat \u00f6t \u00e9vvel ezel\u0151tt elhunyt kapus\u00e1ra, a Nemzet Sportol\u00f3j\u00e1ra eml\u00e9keztek cs\u00fct\u00f6rt\u00f6k\u00f6n az egykori kiv\u00e1l\u00f3 labdar\u00fag\u00f3 s\u00edrhely\u00e9n\u00e9l, a Szent Istv\u00e1n Bazilika altemplom\u00e1ban.<\/strong><\/p>\n<p>A r\u00f6vid \u00fcnneps\u00e9gen Id. Lomnici Zolt\u00e1n, az Aranycsapat Test\u00fclet eln\u00f6ke felid\u00e9zte, hogy a 2014. j\u00fanius 13-\u00e1n elhunyt Grosics Gyula t\u00f6bbsz\u00f6r hangs\u00falyozta: az Aranycsapatot senkinek nem szabad kisaj\u00e1t\u00edtania, mert az a nemzet\u00e9, a felejthetetlen sikereket nem szabad politikai c\u00e9lokra felhaszn\u00e1lni.<\/p>\n<p>A Legfels\u0151bb B\u00edr\u00f3s\u00e1g kor\u00e1bbi eln\u00f6ke eml\u00e9keztetett, nagyj\u00e1b\u00f3l egy \u00e9vtizeddel ezel\u0151tt a legend\u00e1s kapus \u00e9szlelte, hogy egy kit\u00fcntet\u0151 c\u00edm h\u00e1tter\u00e9ben politikai c\u00e9lok \u00e1llnak, ez\u00e9rt megtagadta a d\u00edj \u00e1tv\u00e9tel\u00e9t. Ahhoz is ragaszkodott, hogy nem szabad anyagi haszonszerz\u00e9sre felhaszn\u00e1lni az Aranycsapat dics\u0151s\u00e9g\u00e9t, mivel annak eml\u00e9k\u00e9t senki nem k\u00e9pviselheti \u00f6n\u00e1ll\u00f3an, arra csak a magyar nemzet jogosult.<\/p>\n<p>Lomnici ennek kapcs\u00e1n elmondta, hogy az Aranycsapat Eml\u00e9k\u00e9vet a korm\u00e1ny nev\u00e9ben Szab\u00f3 T\u00fcnde sport\u00e9rt felel\u0151s \u00e1llamtitk\u00e1r Pusk\u00e1s Ferenc sz\u00fclet\u00e9s\u00e9nek 90. \u00e9vfordul\u00f3j\u00e1n, 2017 \u00e1prilis\u00e1ban hirdette meg, s az \u00fcnneps\u00e9gsorozat keret\u00e9ben kup\u00e1kkal, ank\u00e9tokkal, besz\u00e9lget\u00e9sekkel \u00e1polj\u00e1k a legend\u00e1s v\u00e1logatott eml\u00e9k\u00e9t, valamint megeml\u00e9keznek a csapattagok sz\u00fclet\u00e9s\u00e9nek \u00e9s elhal\u00e1loz\u00e1s\u00e1nak kerek \u00e9vfordul\u00f3ir\u00f3l is. Az eml\u00e9k\u00e9v az \u00daj Pusk\u00e1s Ferenc Stadion avat\u00e1s\u00e1ig tart, amelyre november 15-\u00e9n ker\u00fcl sor.<\/p>\n<p>Hozz\u00e1tette, a j\u00f6v\u0151 h\u00e9ten K\u00e1rp\u00e1talj\u00e1n ker\u00fcl sor a k\u00f6lts\u00e9gvet\u00e9si forr\u00e1st nem haszn\u00e1l\u00f3 programsorozat k\u00e9tsz\u00e1zadik esem\u00e9ny\u00e9re.<\/p>\n<p>Bajkai Istv\u00e1n orsz\u00e1ggy\u0171l\u00e9si k\u00e9pvisel\u0151, a test\u00fclet aleln\u00f6ke \u00fagy v\u00e9lekedett, az Aranycsapat utols\u00f3 el\u0151ttik\u00e9nt t\u00e1vozott tagj\u00e1nak neve hallat\u00e1n orsz\u00e1gszerte mindenki tudja, kir\u0151l van sz\u00f3, \u00e9s r\u00f6gt\u00f6n visszaeml\u00e9kszik, hogy volt egy csapat a vil\u00e1g \u00e9lvonal\u00e1ban, amely mindenkin\u00e9l jobb volt, \u00e9s m\u00e9lt\u00e1n viselte az Aranycsapat nevet. Tagjai m\u00e9lyr\u0151l, neh\u00e9z sorb\u00f3l indulva eljutottak a vil\u00e1g tetej\u00e9re, mert volt hit\u00fck, hazaszeretet\u00fck, kitart\u00e1suk \u00e9s c\u00e9ltudatoss\u00e1guk, mindezeknek k\u00f6sz\u00f6nhet\u0151en h\u0151s\u00f6kk\u00e9 v\u00e1ltak &#8211; fogalmazott.<\/p>\n<p>Felid\u00e9zte, hogy Grosicsot p\u00e1lyafut\u00e1sa sor\u00e1n megalapozatlanul v\u00e1dolt\u00e1k a hat\u00f3s\u00e1gok, ez\u00e9rt k\u00e9t \u00e9vig nem v\u00e9dhetett a v\u00e1logatottban, &#8222;m\u00e9gis itthon maradt, \u00e9s megmaradt igaz magyar hazafinak&#8221;.<\/p>\n<p>Bajkai v\u00e9g\u00fcl a legend\u00e1s kapust id\u00e9zte, aki egykor \u00fagy fogalmazott: nem a n\u00e9z\u0151knek kell megtisztelve \u00e9rezni\u00fck magukat, ami\u00e9rt l\u00e1thatj\u00e1k \u0151ket a p\u00e1ly\u00e1n, hanem nekik, j\u00e1t\u00e9kosoknak megtiszteltet\u00e9s, hogy az orsz\u00e1got k\u00e9pviselhetik a vil\u00e1gban.<\/p>\n<p><strong>Az 1926. febru\u00e1r 4-\u00e9n sz\u00fcletett Grosics el\u0151sz\u00f6r a Dorog labdar\u00fag\u00f3ja volt,<\/strong> majd 1950-ben lett a Bp. Honv\u00e9d j\u00e1t\u00e9kosa, s a legnagyobb sikereit ezut\u00e1n \u00e9rte el. Tagja volt az 1952-ben Helsinkiben olimpiai arany\u00e9rmes magyar v\u00e1logatottnak, 1953 november\u00e9ben v\u00e9dett az \u00e9vsz\u00e1zad m\u00e9rk\u0151z\u00e9s\u00e9n, az angolok elleni 6-3-as diadal sor\u00e1n, valamint az 1954-es berni vil\u00e1gbajnoki d\u00f6nt\u0151ben, amelyet 3-2-re az NSZK csapata nyert meg. A s\u00f6t\u00e9t meze miatt Fekete P\u00e1rducnak nevezett Grosics szerepelt az 1958-as \u00e9s az 1962-es vil\u00e1gbajnoks\u00e1gon is, \u00e9s \u00f6sszesen 86-szor h\u00fazhatta mag\u00e1ra a v\u00e1logatott mez\u00e9t.<\/p>\n<p><em>Forr\u00e1s: MTI<\/em><\/p>\n","protected":false},"excerpt":{"rendered":"<p>Grosics Gyul\u00e1ra, az Aranycsapat \u00f6t \u00e9vvel ezel\u0151tt elhunyt kapus\u00e1ra, a Nemzet Sportol\u00f3j\u00e1ra eml\u00e9keztek cs\u00fct\u00f6rt\u00f6k\u00f6n az egykori kiv\u00e1l\u00f3 labdar\u00fag\u00f3 s\u00edrhely\u00e9n\u00e9l, a Szent Istv\u00e1n Bazilika altemplom\u00e1ban. A r\u00f6vid \u00fcnneps\u00e9gen Id. Lomnici Zolt\u00e1n, az Aranycsapat Test\u00fclet eln\u00f6ke felid\u00e9zte, hogy a 2014. j\u00fanius 13-\u00e1n elhunyt Grosics Gyula t\u00f6bbsz\u00f6r hangs\u00falyozta: az Aranycsapatot senkinek nem szabad kisaj\u00e1t\u00edtania, mert az a nemzet\u00e9,<\/p>\n","protected":false},"author":1,"featured_media":14694,"comment_status":"closed","ping_status":"closed","sticky":false,"template":"","format":"standard","meta":{"ngg_post_thumbnail":0,"footnotes":""},"categories":[2,3,5],"tags":[70,69,3486,72,192,16],"class_list":{"0":"post-17368","1":"post","2":"type-post","3":"status-publish","4":"format-standard","5":"has-post-thumbnail","7":"category-dorog","8":"category-hirek","9":"category-sport","10":"tag-foci","11":"tag-futball","12":"tag-grosics-gyula","13":"tag-labdarugas","14":"tag-megemlekezes","15":"tag-sport"},"yoast_head":"<!-- This site is optimized with the Yoast SEO plugin v27.5 - https:\/\/yoast.com\/product\/yoast-seo-wordpress\/ -->\n<title>Az \u00f6t \u00e9ve elhunyt Grosics Gyul\u00e1ra eml\u00e9kezett az Aranycsapat Test\u00fclet<\/title>\n<meta name=\"robots\" content=\"index, follow, max-snippet:-1, max-image-preview:large, max-video-preview:-1\" \/>\n<link rel=\"canonical\" href=\"https:\/\/dorogimedence.hu\/index.php\/2019\/06\/13\/az-ot-eve-elhunyt-grosics-gyulara-emlekezett-az-aranycsapat-testulet\/\" class=\"yoast-seo-meta-tag\" \/>\n<meta property=\"og:locale\" content=\"hu_HU\" class=\"yoast-seo-meta-tag\" \/>\n<meta property=\"og:type\" content=\"article\" class=\"yoast-seo-meta-tag\" \/>\n<meta property=\"og:title\" content=\"Az \u00f6t \u00e9ve elhunyt Grosics Gyul\u00e1ra eml\u00e9kezett az Aranycsapat Test\u00fclet\" class=\"yoast-seo-meta-tag\" \/>\n<meta property=\"og:description\" content=\"Grosics Gyul\u00e1ra, az Aranycsapat \u00f6t \u00e9vvel ezel\u0151tt elhunyt kapus\u00e1ra, a Nemzet Sportol\u00f3j\u00e1ra eml\u00e9keztek cs\u00fct\u00f6rt\u00f6k\u00f6n az egykori kiv\u00e1l\u00f3 labdar\u00fag\u00f3 s\u00edrhely\u00e9n\u00e9l, a Szent Istv\u00e1n Bazilika altemplom\u00e1ban. A r\u00f6vid \u00fcnneps\u00e9gen Id. Lomnici Zolt\u00e1n, az Aranycsapat Test\u00fclet eln\u00f6ke felid\u00e9zte, hogy a 2014. j\u00fanius 13-\u00e1n elhunyt Grosics Gyula t\u00f6bbsz\u00f6r hangs\u00falyozta: az Aranycsapatot senkinek nem szabad kisaj\u00e1t\u00edtania, mert az a nemzet\u00e9,\" class=\"yoast-seo-meta-tag\" \/>\n<meta property=\"og:url\" content=\"https:\/\/dorogimedence.hu\/index.php\/2019\/06\/13\/az-ot-eve-elhunyt-grosics-gyulara-emlekezett-az-aranycsapat-testulet\/\" class=\"yoast-seo-meta-tag\" \/>\n<meta property=\"og:site_name\" content=\"Dorogi-medence Region\u00e1lis H\u00edrport\u00e1l\" class=\"yoast-seo-meta-tag\" \/>\n<meta property=\"article:publisher\" content=\"https:\/\/www.facebook.com\/dorogimedence\/\" class=\"yoast-seo-meta-tag\" \/>\n<meta property=\"article:published_time\" content=\"2019-06-13T15:29:20+00:00\" class=\"yoast-seo-meta-tag\" \/>\n<meta property=\"og:image\" content=\"https:\/\/i0.wp.com\/dorogimedence.hu\/wp-content\/uploads\/2019\/02\/grosics-szobor.jpg?fit=670%2C365&ssl=1\" class=\"yoast-seo-meta-tag\" \/>\n\t<meta property=\"og:image:width\" content=\"670\" class=\"yoast-seo-meta-tag\" \/>\n\t<meta property=\"og:image:height\" content=\"365\" class=\"yoast-seo-meta-tag\" \/>\n\t<meta property=\"og:image:type\" content=\"image\/jpeg\" class=\"yoast-seo-meta-tag\" \/>\n<meta name=\"author\" content=\"dorogimedence.hu\" class=\"yoast-seo-meta-tag\" \/>\n<meta name=\"twitter:card\" content=\"summary_large_image\" class=\"yoast-seo-meta-tag\" \/>\n<meta name=\"twitter:label1\" content=\"Szerz\u0151:\" class=\"yoast-seo-meta-tag\" \/>\n\t<meta name=\"twitter:data1\" content=\"dorogimedence.hu\" class=\"yoast-seo-meta-tag\" \/>\n\t<meta name=\"twitter:label2\" content=\"Becs\u00fclt olvas\u00e1si id\u0151\" class=\"yoast-seo-meta-tag\" \/>\n\t<meta name=\"twitter:data2\" content=\"3 perc\" class=\"yoast-seo-meta-tag\" \/>\n<script type=\"application\/ld+json\" class=\"yoast-schema-graph\">{\"@context\":\"https:\\\/\\\/schema.org\",\"@graph\":[{\"@type\":\"Article\",\"@id\":\"https:\\\/\\\/dorogimedence.hu\\\/index.php\\\/2019\\\/06\\\/13\\\/az-ot-eve-elhunyt-grosics-gyulara-emlekezett-az-aranycsapat-testulet\\\/#article\",\"isPartOf\":{\"@id\":\"https:\\\/\\\/dorogimedence.hu\\\/index.php\\\/2019\\\/06\\\/13\\\/az-ot-eve-elhunyt-grosics-gyulara-emlekezett-az-aranycsapat-testulet\\\/\"},\"author\":{\"name\":\"dorogimedence.hu\",\"@id\":\"https:\\\/\\\/dorogimedence.hu\\\/#\\\/schema\\\/person\\\/ce6091eeb7e95ecdc87890d6aa8e0fd4\"},\"headline\":\"Az \u00f6t \u00e9ve elhunyt Grosics Gyul\u00e1ra eml\u00e9kezett az Aranycsapat Test\u00fclet\",\"datePublished\":\"2019-06-13T15:29:20+00:00\",\"mainEntityOfPage\":{\"@id\":\"https:\\\/\\\/dorogimedence.hu\\\/index.php\\\/2019\\\/06\\\/13\\\/az-ot-eve-elhunyt-grosics-gyulara-emlekezett-az-aranycsapat-testulet\\\/\"},\"wordCount\":633,\"publisher\":{\"@id\":\"https:\\\/\\\/dorogimedence.hu\\\/#organization\"},\"image\":{\"@id\":\"https:\\\/\\\/dorogimedence.hu\\\/index.php\\\/2019\\\/06\\\/13\\\/az-ot-eve-elhunyt-grosics-gyulara-emlekezett-az-aranycsapat-testulet\\\/#primaryimage\"},\"thumbnailUrl\":\"https:\\\/\\\/dorogimedence.hu\\\/wp-content\\\/uploads\\\/2019\\\/02\\\/grosics-szobor.jpg\",\"keywords\":[\"foci\",\"futball\",\"Grosics Gyula\",\"labdar\u00fag\u00e1s\",\"megeml\u00e9kez\u00e9s\",\"sport\"],\"articleSection\":[\"Dorog\",\"H\u00edrek\",\"Sport\"],\"inLanguage\":\"hu\"},{\"@type\":\"WebPage\",\"@id\":\"https:\\\/\\\/dorogimedence.hu\\\/index.php\\\/2019\\\/06\\\/13\\\/az-ot-eve-elhunyt-grosics-gyulara-emlekezett-az-aranycsapat-testulet\\\/\",\"url\":\"https:\\\/\\\/dorogimedence.hu\\\/index.php\\\/2019\\\/06\\\/13\\\/az-ot-eve-elhunyt-grosics-gyulara-emlekezett-az-aranycsapat-testulet\\\/\",\"name\":\"Az \u00f6t \u00e9ve elhunyt Grosics Gyul\u00e1ra eml\u00e9kezett az Aranycsapat Test\u00fclet\",\"isPartOf\":{\"@id\":\"https:\\\/\\\/dorogimedence.hu\\\/#website\"},\"primaryImageOfPage\":{\"@id\":\"https:\\\/\\\/dorogimedence.hu\\\/index.php\\\/2019\\\/06\\\/13\\\/az-ot-eve-elhunyt-grosics-gyulara-emlekezett-az-aranycsapat-testulet\\\/#primaryimage\"},\"image\":{\"@id\":\"https:\\\/\\\/dorogimedence.hu\\\/index.php\\\/2019\\\/06\\\/13\\\/az-ot-eve-elhunyt-grosics-gyulara-emlekezett-az-aranycsapat-testulet\\\/#primaryimage\"},\"thumbnailUrl\":\"https:\\\/\\\/dorogimedence.hu\\\/wp-content\\\/uploads\\\/2019\\\/02\\\/grosics-szobor.jpg\",\"datePublished\":\"2019-06-13T15:29:20+00:00\",\"breadcrumb\":{\"@id\":\"https:\\\/\\\/dorogimedence.hu\\\/index.php\\\/2019\\\/06\\\/13\\\/az-ot-eve-elhunyt-grosics-gyulara-emlekezett-az-aranycsapat-testulet\\\/#breadcrumb\"},\"inLanguage\":\"hu\",\"potentialAction\":[{\"@type\":\"ReadAction\",\"target\":[\"https:\\\/\\\/dorogimedence.hu\\\/index.php\\\/2019\\\/06\\\/13\\\/az-ot-eve-elhunyt-grosics-gyulara-emlekezett-az-aranycsapat-testulet\\\/\"]}]},{\"@type\":\"ImageObject\",\"inLanguage\":\"hu\",\"@id\":\"https:\\\/\\\/dorogimedence.hu\\\/index.php\\\/2019\\\/06\\\/13\\\/az-ot-eve-elhunyt-grosics-gyulara-emlekezett-az-aranycsapat-testulet\\\/#primaryimage\",\"url\":\"https:\\\/\\\/dorogimedence.hu\\\/wp-content\\\/uploads\\\/2019\\\/02\\\/grosics-szobor.jpg\",\"contentUrl\":\"https:\\\/\\\/dorogimedence.hu\\\/wp-content\\\/uploads\\\/2019\\\/02\\\/grosics-szobor.jpg\",\"width\":670,\"height\":365},{\"@type\":\"BreadcrumbList\",\"@id\":\"https:\\\/\\\/dorogimedence.hu\\\/index.php\\\/2019\\\/06\\\/13\\\/az-ot-eve-elhunyt-grosics-gyulara-emlekezett-az-aranycsapat-testulet\\\/#breadcrumb\",\"itemListElement\":[{\"@type\":\"ListItem\",\"position\":1,\"name\":\"Kezd\u0151lap\",\"item\":\"https:\\\/\\\/dorogimedence.hu\\\/\"},{\"@type\":\"ListItem\",\"position\":2,\"name\":\"Az \u00f6t \u00e9ve elhunyt Grosics Gyul\u00e1ra eml\u00e9kezett az Aranycsapat Test\u00fclet\"}]},{\"@type\":\"WebSite\",\"@id\":\"https:\\\/\\\/dorogimedence.hu\\\/#website\",\"url\":\"https:\\\/\\\/dorogimedence.hu\\\/\",\"name\":\"Dorogi-medence Region\u00e1lis H\u00edrport\u00e1l\",\"description\":\"Dorog, Keszt\u00f6lc, Le\u00e1nyv\u00e1r, Piliscs\u00e9v, Tokod, Tokodalt\u00e1r\u00f3, Csolnok, Esztergom-kertv\u00e1ros: h\u00edrek, programok\",\"publisher\":{\"@id\":\"https:\\\/\\\/dorogimedence.hu\\\/#organization\"},\"potentialAction\":[{\"@type\":\"SearchAction\",\"target\":{\"@type\":\"EntryPoint\",\"urlTemplate\":\"https:\\\/\\\/dorogimedence.hu\\\/?s={search_term_string}\"},\"query-input\":{\"@type\":\"PropertyValueSpecification\",\"valueRequired\":true,\"valueName\":\"search_term_string\"}}],\"inLanguage\":\"hu\"},{\"@type\":\"Organization\",\"@id\":\"https:\\\/\\\/dorogimedence.hu\\\/#organization\",\"name\":\"Dorogi-medence Region\u00e1lis H\u00edrport\u00e1l\",\"url\":\"https:\\\/\\\/dorogimedence.hu\\\/\",\"logo\":{\"@type\":\"ImageObject\",\"inLanguage\":\"hu\",\"@id\":\"https:\\\/\\\/dorogimedence.hu\\\/#\\\/schema\\\/logo\\\/image\\\/\",\"url\":\"https:\\\/\\\/dorogimedence.hu\\\/wp-content\\\/uploads\\\/2021\\\/04\\\/logo-feher-600.png\",\"contentUrl\":\"https:\\\/\\\/dorogimedence.hu\\\/wp-content\\\/uploads\\\/2021\\\/04\\\/logo-feher-600.png\",\"width\":600,\"height\":100,\"caption\":\"Dorogi-medence Region\u00e1lis H\u00edrport\u00e1l\"},\"image\":{\"@id\":\"https:\\\/\\\/dorogimedence.hu\\\/#\\\/schema\\\/logo\\\/image\\\/\"},\"sameAs\":[\"https:\\\/\\\/www.facebook.com\\\/dorogimedence\\\/\"]},{\"@type\":\"Person\",\"@id\":\"https:\\\/\\\/dorogimedence.hu\\\/#\\\/schema\\\/person\\\/ce6091eeb7e95ecdc87890d6aa8e0fd4\",\"name\":\"dorogimedence.hu\",\"image\":{\"@type\":\"ImageObject\",\"inLanguage\":\"hu\",\"@id\":\"\\\/\\\/www.gravatar.com\\\/avatar\\\/d8d45f8901aadff40a4af72c0b826f1d?s=96&#038;r=g&#038;d=mm\",\"url\":\"\\\/\\\/www.gravatar.com\\\/avatar\\\/d8d45f8901aadff40a4af72c0b826f1d?s=96&#038;r=g&#038;d=mm\",\"contentUrl\":\"\\\/\\\/www.gravatar.com\\\/avatar\\\/d8d45f8901aadff40a4af72c0b826f1d?s=96&#038;r=g&#038;d=mm\",\"caption\":\"dorogimedence.hu\"}}]}<\/script>\n<!-- \/ Yoast SEO plugin. -->","yoast_head_json":{"title":"Az \u00f6t \u00e9ve elhunyt Grosics Gyul\u00e1ra eml\u00e9kezett az Aranycsapat Test\u00fclet","robots":{"index":"index","follow":"follow","max-snippet":"max-snippet:-1","max-image-preview":"max-image-preview:large","max-video-preview":"max-video-preview:-1"},"canonical":"https:\/\/dorogimedence.hu\/index.php\/2019\/06\/13\/az-ot-eve-elhunyt-grosics-gyulara-emlekezett-az-aranycsapat-testulet\/","og_locale":"hu_HU","og_type":"article","og_title":"Az \u00f6t \u00e9ve elhunyt Grosics Gyul\u00e1ra eml\u00e9kezett az Aranycsapat Test\u00fclet","og_description":"Grosics Gyul\u00e1ra, az Aranycsapat \u00f6t \u00e9vvel ezel\u0151tt elhunyt kapus\u00e1ra, a Nemzet Sportol\u00f3j\u00e1ra eml\u00e9keztek cs\u00fct\u00f6rt\u00f6k\u00f6n az egykori kiv\u00e1l\u00f3 labdar\u00fag\u00f3 s\u00edrhely\u00e9n\u00e9l, a Szent Istv\u00e1n Bazilika altemplom\u00e1ban. A r\u00f6vid \u00fcnneps\u00e9gen Id. Lomnici Zolt\u00e1n, az Aranycsapat Test\u00fclet eln\u00f6ke felid\u00e9zte, hogy a 2014. j\u00fanius 13-\u00e1n elhunyt Grosics Gyula t\u00f6bbsz\u00f6r hangs\u00falyozta: az Aranycsapatot senkinek nem szabad kisaj\u00e1t\u00edtania, mert az a nemzet\u00e9,","og_url":"https:\/\/dorogimedence.hu\/index.php\/2019\/06\/13\/az-ot-eve-elhunyt-grosics-gyulara-emlekezett-az-aranycsapat-testulet\/","og_site_name":"Dorogi-medence Region\u00e1lis H\u00edrport\u00e1l","article_publisher":"https:\/\/www.facebook.com\/dorogimedence\/","article_published_time":"2019-06-13T15:29:20+00:00","og_image":[{"width":670,"height":365,"url":"https:\/\/i0.wp.com\/dorogimedence.hu\/wp-content\/uploads\/2019\/02\/grosics-szobor.jpg?fit=670%2C365&ssl=1","type":"image\/jpeg"}],"author":"dorogimedence.hu","twitter_card":"summary_large_image","twitter_misc":{"Szerz\u0151:":"dorogimedence.hu","Becs\u00fclt olvas\u00e1si id\u0151":"3 perc"},"schema":{"@context":"https:\/\/schema.org","@graph":[{"@type":"Article","@id":"https:\/\/dorogimedence.hu\/index.php\/2019\/06\/13\/az-ot-eve-elhunyt-grosics-gyulara-emlekezett-az-aranycsapat-testulet\/#article","isPartOf":{"@id":"https:\/\/dorogimedence.hu\/index.php\/2019\/06\/13\/az-ot-eve-elhunyt-grosics-gyulara-emlekezett-az-aranycsapat-testulet\/"},"author":{"name":"dorogimedence.hu","@id":"https:\/\/dorogimedence.hu\/#\/schema\/person\/ce6091eeb7e95ecdc87890d6aa8e0fd4"},"headline":"Az \u00f6t \u00e9ve elhunyt Grosics Gyul\u00e1ra eml\u00e9kezett az Aranycsapat Test\u00fclet","datePublished":"2019-06-13T15:29:20+00:00","mainEntityOfPage":{"@id":"https:\/\/dorogimedence.hu\/index.php\/2019\/06\/13\/az-ot-eve-elhunyt-grosics-gyulara-emlekezett-az-aranycsapat-testulet\/"},"wordCount":633,"publisher":{"@id":"https:\/\/dorogimedence.hu\/#organization"},"image":{"@id":"https:\/\/dorogimedence.hu\/index.php\/2019\/06\/13\/az-ot-eve-elhunyt-grosics-gyulara-emlekezett-az-aranycsapat-testulet\/#primaryimage"},"thumbnailUrl":"https:\/\/dorogimedence.hu\/wp-content\/uploads\/2019\/02\/grosics-szobor.jpg","keywords":["foci","futball","Grosics Gyula","labdar\u00fag\u00e1s","megeml\u00e9kez\u00e9s","sport"],"articleSection":["Dorog","H\u00edrek","Sport"],"inLanguage":"hu"},{"@type":"WebPage","@id":"https:\/\/dorogimedence.hu\/index.php\/2019\/06\/13\/az-ot-eve-elhunyt-grosics-gyulara-emlekezett-az-aranycsapat-testulet\/","url":"https:\/\/dorogimedence.hu\/index.php\/2019\/06\/13\/az-ot-eve-elhunyt-grosics-gyulara-emlekezett-az-aranycsapat-testulet\/","name":"Az \u00f6t \u00e9ve elhunyt Grosics Gyul\u00e1ra eml\u00e9kezett az Aranycsapat Test\u00fclet","isPartOf":{"@id":"https:\/\/dorogimedence.hu\/#website"},"primaryImageOfPage":{"@id":"https:\/\/dorogimedence.hu\/index.php\/2019\/06\/13\/az-ot-eve-elhunyt-grosics-gyulara-emlekezett-az-aranycsapat-testulet\/#primaryimage"},"image":{"@id":"https:\/\/dorogimedence.hu\/index.php\/2019\/06\/13\/az-ot-eve-elhunyt-grosics-gyulara-emlekezett-az-aranycsapat-testulet\/#primaryimage"},"thumbnailUrl":"https:\/\/dorogimedence.hu\/wp-content\/uploads\/2019\/02\/grosics-szobor.jpg","datePublished":"2019-06-13T15:29:20+00:00","breadcrumb":{"@id":"https:\/\/dorogimedence.hu\/index.php\/2019\/06\/13\/az-ot-eve-elhunyt-grosics-gyulara-emlekezett-az-aranycsapat-testulet\/#breadcrumb"},"inLanguage":"hu","potentialAction":[{"@type":"ReadAction","target":["https:\/\/dorogimedence.hu\/index.php\/2019\/06\/13\/az-ot-eve-elhunyt-grosics-gyulara-emlekezett-az-aranycsapat-testulet\/"]}]},{"@type":"ImageObject","inLanguage":"hu","@id":"https:\/\/dorogimedence.hu\/index.php\/2019\/06\/13\/az-ot-eve-elhunyt-grosics-gyulara-emlekezett-az-aranycsapat-testulet\/#primaryimage","url":"https:\/\/dorogimedence.hu\/wp-content\/uploads\/2019\/02\/grosics-szobor.jpg","contentUrl":"https:\/\/dorogimedence.hu\/wp-content\/uploads\/2019\/02\/grosics-szobor.jpg","width":670,"height":365},{"@type":"BreadcrumbList","@id":"https:\/\/dorogimedence.hu\/index.php\/2019\/06\/13\/az-ot-eve-elhunyt-grosics-gyulara-emlekezett-az-aranycsapat-testulet\/#breadcrumb","itemListElement":[{"@type":"ListItem","position":1,"name":"Kezd\u0151lap","item":"https:\/\/dorogimedence.hu\/"},{"@type":"ListItem","position":2,"name":"Az \u00f6t \u00e9ve elhunyt Grosics Gyul\u00e1ra eml\u00e9kezett az Aranycsapat Test\u00fclet"}]},{"@type":"WebSite","@id":"https:\/\/dorogimedence.hu\/#website","url":"https:\/\/dorogimedence.hu\/","name":"Dorogi-medence Region\u00e1lis H\u00edrport\u00e1l","description":"Dorog, Keszt\u00f6lc, Le\u00e1nyv\u00e1r, Piliscs\u00e9v, Tokod, Tokodalt\u00e1r\u00f3, Csolnok, Esztergom-kertv\u00e1ros: h\u00edrek, programok","publisher":{"@id":"https:\/\/dorogimedence.hu\/#organization"},"potentialAction":[{"@type":"SearchAction","target":{"@type":"EntryPoint","urlTemplate":"https:\/\/dorogimedence.hu\/?s={search_term_string}"},"query-input":{"@type":"PropertyValueSpecification","valueRequired":true,"valueName":"search_term_string"}}],"inLanguage":"hu"},{"@type":"Organization","@id":"https:\/\/dorogimedence.hu\/#organization","name":"Dorogi-medence Region\u00e1lis H\u00edrport\u00e1l","url":"https:\/\/dorogimedence.hu\/","logo":{"@type":"ImageObject","inLanguage":"hu","@id":"https:\/\/dorogimedence.hu\/#\/schema\/logo\/image\/","url":"https:\/\/dorogimedence.hu\/wp-content\/uploads\/2021\/04\/logo-feher-600.png","contentUrl":"https:\/\/dorogimedence.hu\/wp-content\/uploads\/2021\/04\/logo-feher-600.png","width":600,"height":100,"caption":"Dorogi-medence Region\u00e1lis H\u00edrport\u00e1l"},"image":{"@id":"https:\/\/dorogimedence.hu\/#\/schema\/logo\/image\/"},"sameAs":["https:\/\/www.facebook.com\/dorogimedence\/"]},{"@type":"Person","@id":"https:\/\/dorogimedence.hu\/#\/schema\/person\/ce6091eeb7e95ecdc87890d6aa8e0fd4","name":"dorogimedence.hu","image":{"@type":"ImageObject","inLanguage":"hu","@id":"\/\/www.gravatar.com\/avatar\/d8d45f8901aadff40a4af72c0b826f1d?s=96&#038;r=g&#038;d=mm","url":"\/\/www.gravatar.com\/avatar\/d8d45f8901aadff40a4af72c0b826f1d?s=96&#038;r=g&#038;d=mm","contentUrl":"\/\/www.gravatar.com\/avatar\/d8d45f8901aadff40a4af72c0b826f1d?s=96&#038;r=g&#038;d=mm","caption":"dorogimedence.hu"}}]}},"_links":{"self":[{"href":"https:\/\/dorogimedence.hu\/index.php\/wp-json\/wp\/v2\/posts\/17368","targetHints":{"allow":["GET"]}}],"collection":[{"href":"https:\/\/dorogimedence.hu\/index.php\/wp-json\/wp\/v2\/posts"}],"about":[{"href":"https:\/\/dorogimedence.hu\/index.php\/wp-json\/wp\/v2\/types\/post"}],"author":[{"embeddable":true,"href":"https:\/\/dorogimedence.hu\/index.php\/wp-json\/wp\/v2\/users\/1"}],"replies":[{"embeddable":true,"href":"https:\/\/dorogimedence.hu\/index.php\/wp-json\/wp\/v2\/comments?post=17368"}],"version-history":[{"count":0,"href":"https:\/\/dorogimedence.hu\/index.php\/wp-json\/wp\/v2\/posts\/17368\/revisions"}],"wp:featuredmedia":[{"embeddable":true,"href":"https:\/\/dorogimedence.hu\/index.php\/wp-json\/wp\/v2\/media\/14694"}],"wp:attachment":[{"href":"https:\/\/dorogimedence.hu\/index.php\/wp-json\/wp\/v2\/media?parent=17368"}],"wp:term":[{"taxonomy":"category","embeddable":true,"href":"https:\/\/dorogimedence.hu\/index.php\/wp-json\/wp\/v2\/categories?post=17368"},{"taxonomy":"post_tag","embeddable":true,"href":"https:\/\/dorogimedence.hu\/index.php\/wp-json\/wp\/v2\/tags?post=17368"}],"curies":[{"name":"wp","href":"https:\/\/api.w.org\/{rel}","templated":true}]}}