{"id":17269,"date":"2019-06-07T09:19:44","date_gmt":"2019-06-07T07:19:44","guid":{"rendered":"http:\/\/dorogimedence.hu\/?p=17269"},"modified":"2019-06-07T09:19:44","modified_gmt":"2019-06-07T07:19:44","slug":"negyven-embernek-kellett-elhagyni-az-epuletet","status":"publish","type":"post","link":"https:\/\/dorogimedence.hu\/index.php\/2019\/06\/07\/negyven-embernek-kellett-elhagyni-az-epuletet\/","title":{"rendered":"Negyven embernek kellett elhagyni az \u00e9p\u00fcletet"},"content":{"rendered":"<p><b>Bejelzett a t\u0171zjelz\u0151 egy esztergomi ipari l\u00e9tes\u00edtm\u00e9ny t\u00e1rgyal\u00f3j\u00e1ban szerda d\u00e9lut\u00e1n. <\/b><\/p>\n<p>Az esztergomi hivat\u00e1sos t\u0171zolt\u00f3k a ki\u00e9rkez\u00e9st k\u00f6vet\u0151en felder\u00edtett\u00e9k az iroda\u00e9p\u00fcletet. Az els\u0151 emelet\u00e9n egy irod\u00e1ban \u00e9s egy t\u00e1rgyal\u00f3teremben f\u00fcstszag \u00e9rz\u0151d\u00f6tt, a t\u0171zolt\u00f3k \u00e1ramtalan\u00edtott\u00e1k az adott szintet, majd ki\u00fcr\u00edtett\u00e9k az \u00e9p\u00fcletet, mely sor\u00e1n 40 embernek kellett elhagynia a l\u00e9tes\u00edtm\u00e9nyt. Az egys\u00e9g a ki\u00fcr\u00edt\u00e9st k\u00f6vet\u0151en megbontotta az \u00e1lmennyezetet, ahol az elektromos kapcsol\u00f3szekr\u00e9ny \u00e9s alkatr\u00e9szei f\u00fcst\u00f6ltek, megolvadtak, t\u0171z azonban nem keletkezett. \u00c1tszell\u0151ztet\u00e9s ut\u00e1n a dolgoz\u00f3k visszat\u00e9rhettek az \u00e9p\u00fcletbe.<\/p>\n<p><em>Forr\u00e1s: komarom.katasztrofavedelem.hu<\/em><\/p>\n","protected":false},"excerpt":{"rendered":"<p>Bejelzett a t\u0171zjelz\u0151 egy esztergomi ipari l\u00e9tes\u00edtm\u00e9ny t\u00e1rgyal\u00f3j\u00e1ban szerda d\u00e9lut\u00e1n. Az esztergomi hivat\u00e1sos t\u0171zolt\u00f3k a ki\u00e9rkez\u00e9st k\u00f6vet\u0151en felder\u00edtett\u00e9k az iroda\u00e9p\u00fcletet. Az els\u0151 emelet\u00e9n egy irod\u00e1ban \u00e9s egy t\u00e1rgyal\u00f3teremben f\u00fcstszag \u00e9rz\u0151d\u00f6tt, a t\u0171zolt\u00f3k \u00e1ramtalan\u00edtott\u00e1k az adott szintet, majd ki\u00fcr\u00edtett\u00e9k az \u00e9p\u00fcletet, mely sor\u00e1n 40 embernek kellett elhagynia a l\u00e9tes\u00edtm\u00e9nyt. Az egys\u00e9g a ki\u00fcr\u00edt\u00e9st k\u00f6vet\u0151en megbontotta az<\/p>\n","protected":false},"author":1,"featured_media":17270,"comment_status":"closed","ping_status":"closed","sticky":false,"template":"","format":"standard","meta":{"ngg_post_thumbnail":0,"footnotes":""},"categories":[38,3,39],"tags":[42,175,65],"class_list":{"0":"post-17269","1":"post","2":"type-post","3":"status-publish","4":"format-standard","5":"has-post-thumbnail","7":"category-esztergom","8":"category-hirek","9":"category-kek-hirek","10":"tag-esztergom","11":"tag-katasztrofavedelem","12":"tag-tuzoltosag"},"yoast_head":"<!-- This site is optimized with the Yoast SEO plugin v27.5 - https:\/\/yoast.com\/product\/yoast-seo-wordpress\/ -->\n<title>Negyven embernek kellett elhagyni az \u00e9p\u00fcletet<\/title>\n<meta name=\"robots\" content=\"index, follow, max-snippet:-1, max-image-preview:large, max-video-preview:-1\" \/>\n<link rel=\"canonical\" href=\"https:\/\/dorogimedence.hu\/index.php\/2019\/06\/07\/negyven-embernek-kellett-elhagyni-az-epuletet\/\" class=\"yoast-seo-meta-tag\" \/>\n<meta property=\"og:locale\" content=\"hu_HU\" class=\"yoast-seo-meta-tag\" \/>\n<meta property=\"og:type\" content=\"article\" class=\"yoast-seo-meta-tag\" \/>\n<meta property=\"og:title\" content=\"Negyven embernek kellett elhagyni az \u00e9p\u00fcletet\" class=\"yoast-seo-meta-tag\" \/>\n<meta property=\"og:description\" content=\"Bejelzett a t\u0171zjelz\u0151 egy esztergomi ipari l\u00e9tes\u00edtm\u00e9ny t\u00e1rgyal\u00f3j\u00e1ban szerda d\u00e9lut\u00e1n. Az esztergomi hivat\u00e1sos t\u0171zolt\u00f3k a ki\u00e9rkez\u00e9st k\u00f6vet\u0151en felder\u00edtett\u00e9k az iroda\u00e9p\u00fcletet. Az els\u0151 emelet\u00e9n egy irod\u00e1ban \u00e9s egy t\u00e1rgyal\u00f3teremben f\u00fcstszag \u00e9rz\u0151d\u00f6tt, a t\u0171zolt\u00f3k \u00e1ramtalan\u00edtott\u00e1k az adott szintet, majd ki\u00fcr\u00edtett\u00e9k az \u00e9p\u00fcletet, mely sor\u00e1n 40 embernek kellett elhagynia a l\u00e9tes\u00edtm\u00e9nyt. Az egys\u00e9g a ki\u00fcr\u00edt\u00e9st k\u00f6vet\u0151en megbontotta az\" class=\"yoast-seo-meta-tag\" \/>\n<meta property=\"og:url\" content=\"https:\/\/dorogimedence.hu\/index.php\/2019\/06\/07\/negyven-embernek-kellett-elhagyni-az-epuletet\/\" class=\"yoast-seo-meta-tag\" \/>\n<meta property=\"og:site_name\" content=\"Dorogi-medence Region\u00e1lis H\u00edrport\u00e1l\" class=\"yoast-seo-meta-tag\" \/>\n<meta property=\"article:publisher\" content=\"https:\/\/www.facebook.com\/dorogimedence\/\" class=\"yoast-seo-meta-tag\" \/>\n<meta property=\"article:published_time\" content=\"2019-06-07T07:19:44+00:00\" class=\"yoast-seo-meta-tag\" \/>\n<meta property=\"og:image\" content=\"https:\/\/i0.wp.com\/dorogimedence.hu\/wp-content\/uploads\/2019\/06\/fusterzeklo.jpg?fit=670%2C365&ssl=1\" class=\"yoast-seo-meta-tag\" \/>\n\t<meta property=\"og:image:width\" content=\"670\" class=\"yoast-seo-meta-tag\" \/>\n\t<meta property=\"og:image:height\" content=\"365\" class=\"yoast-seo-meta-tag\" \/>\n\t<meta property=\"og:image:type\" content=\"image\/jpeg\" class=\"yoast-seo-meta-tag\" \/>\n<meta name=\"author\" content=\"dorogimedence.hu\" class=\"yoast-seo-meta-tag\" \/>\n<meta name=\"twitter:card\" content=\"summary_large_image\" class=\"yoast-seo-meta-tag\" \/>\n<meta name=\"twitter:label1\" content=\"Szerz\u0151:\" class=\"yoast-seo-meta-tag\" \/>\n\t<meta name=\"twitter:data1\" content=\"dorogimedence.hu\" class=\"yoast-seo-meta-tag\" \/>\n\t<meta name=\"twitter:label2\" content=\"Becs\u00fclt olvas\u00e1si id\u0151\" class=\"yoast-seo-meta-tag\" \/>\n\t<meta name=\"twitter:data2\" content=\"1 perc\" class=\"yoast-seo-meta-tag\" \/>\n<script type=\"application\/ld+json\" class=\"yoast-schema-graph\">{\"@context\":\"https:\\\/\\\/schema.org\",\"@graph\":[{\"@type\":\"Article\",\"@id\":\"https:\\\/\\\/dorogimedence.hu\\\/index.php\\\/2019\\\/06\\\/07\\\/negyven-embernek-kellett-elhagyni-az-epuletet\\\/#article\",\"isPartOf\":{\"@id\":\"https:\\\/\\\/dorogimedence.hu\\\/index.php\\\/2019\\\/06\\\/07\\\/negyven-embernek-kellett-elhagyni-az-epuletet\\\/\"},\"author\":{\"name\":\"dorogimedence.hu\",\"@id\":\"https:\\\/\\\/dorogimedence.hu\\\/#\\\/schema\\\/person\\\/ce6091eeb7e95ecdc87890d6aa8e0fd4\"},\"headline\":\"Negyven embernek kellett elhagyni az \u00e9p\u00fcletet\",\"datePublished\":\"2019-06-07T07:19:44+00:00\",\"mainEntityOfPage\":{\"@id\":\"https:\\\/\\\/dorogimedence.hu\\\/index.php\\\/2019\\\/06\\\/07\\\/negyven-embernek-kellett-elhagyni-az-epuletet\\\/\"},\"wordCount\":143,\"publisher\":{\"@id\":\"https:\\\/\\\/dorogimedence.hu\\\/#organization\"},\"image\":{\"@id\":\"https:\\\/\\\/dorogimedence.hu\\\/index.php\\\/2019\\\/06\\\/07\\\/negyven-embernek-kellett-elhagyni-az-epuletet\\\/#primaryimage\"},\"thumbnailUrl\":\"https:\\\/\\\/dorogimedence.hu\\\/wp-content\\\/uploads\\\/2019\\\/06\\\/fusterzeklo.jpg\",\"keywords\":[\"esztergom\",\"katasztr\u00f3fav\u00e9delem\",\"t\u0171zolt\u00f3s\u00e1g\"],\"articleSection\":[\"Esztergom\",\"H\u00edrek\",\"K\u00e9k h\u00edrek\"],\"inLanguage\":\"hu\"},{\"@type\":\"WebPage\",\"@id\":\"https:\\\/\\\/dorogimedence.hu\\\/index.php\\\/2019\\\/06\\\/07\\\/negyven-embernek-kellett-elhagyni-az-epuletet\\\/\",\"url\":\"https:\\\/\\\/dorogimedence.hu\\\/index.php\\\/2019\\\/06\\\/07\\\/negyven-embernek-kellett-elhagyni-az-epuletet\\\/\",\"name\":\"Negyven embernek kellett elhagyni az \u00e9p\u00fcletet\",\"isPartOf\":{\"@id\":\"https:\\\/\\\/dorogimedence.hu\\\/#website\"},\"primaryImageOfPage\":{\"@id\":\"https:\\\/\\\/dorogimedence.hu\\\/index.php\\\/2019\\\/06\\\/07\\\/negyven-embernek-kellett-elhagyni-az-epuletet\\\/#primaryimage\"},\"image\":{\"@id\":\"https:\\\/\\\/dorogimedence.hu\\\/index.php\\\/2019\\\/06\\\/07\\\/negyven-embernek-kellett-elhagyni-az-epuletet\\\/#primaryimage\"},\"thumbnailUrl\":\"https:\\\/\\\/dorogimedence.hu\\\/wp-content\\\/uploads\\\/2019\\\/06\\\/fusterzeklo.jpg\",\"datePublished\":\"2019-06-07T07:19:44+00:00\",\"breadcrumb\":{\"@id\":\"https:\\\/\\\/dorogimedence.hu\\\/index.php\\\/2019\\\/06\\\/07\\\/negyven-embernek-kellett-elhagyni-az-epuletet\\\/#breadcrumb\"},\"inLanguage\":\"hu\",\"potentialAction\":[{\"@type\":\"ReadAction\",\"target\":[\"https:\\\/\\\/dorogimedence.hu\\\/index.php\\\/2019\\\/06\\\/07\\\/negyven-embernek-kellett-elhagyni-az-epuletet\\\/\"]}]},{\"@type\":\"ImageObject\",\"inLanguage\":\"hu\",\"@id\":\"https:\\\/\\\/dorogimedence.hu\\\/index.php\\\/2019\\\/06\\\/07\\\/negyven-embernek-kellett-elhagyni-az-epuletet\\\/#primaryimage\",\"url\":\"https:\\\/\\\/dorogimedence.hu\\\/wp-content\\\/uploads\\\/2019\\\/06\\\/fusterzeklo.jpg\",\"contentUrl\":\"https:\\\/\\\/dorogimedence.hu\\\/wp-content\\\/uploads\\\/2019\\\/06\\\/fusterzeklo.jpg\",\"width\":670,\"height\":365},{\"@type\":\"BreadcrumbList\",\"@id\":\"https:\\\/\\\/dorogimedence.hu\\\/index.php\\\/2019\\\/06\\\/07\\\/negyven-embernek-kellett-elhagyni-az-epuletet\\\/#breadcrumb\",\"itemListElement\":[{\"@type\":\"ListItem\",\"position\":1,\"name\":\"Kezd\u0151lap\",\"item\":\"https:\\\/\\\/dorogimedence.hu\\\/\"},{\"@type\":\"ListItem\",\"position\":2,\"name\":\"Negyven embernek kellett elhagyni az \u00e9p\u00fcletet\"}]},{\"@type\":\"WebSite\",\"@id\":\"https:\\\/\\\/dorogimedence.hu\\\/#website\",\"url\":\"https:\\\/\\\/dorogimedence.hu\\\/\",\"name\":\"Dorogi-medence Region\u00e1lis H\u00edrport\u00e1l\",\"description\":\"Dorog, Keszt\u00f6lc, Le\u00e1nyv\u00e1r, Piliscs\u00e9v, Tokod, Tokodalt\u00e1r\u00f3, Csolnok, Esztergom-kertv\u00e1ros: h\u00edrek, programok\",\"publisher\":{\"@id\":\"https:\\\/\\\/dorogimedence.hu\\\/#organization\"},\"potentialAction\":[{\"@type\":\"SearchAction\",\"target\":{\"@type\":\"EntryPoint\",\"urlTemplate\":\"https:\\\/\\\/dorogimedence.hu\\\/?s={search_term_string}\"},\"query-input\":{\"@type\":\"PropertyValueSpecification\",\"valueRequired\":true,\"valueName\":\"search_term_string\"}}],\"inLanguage\":\"hu\"},{\"@type\":\"Organization\",\"@id\":\"https:\\\/\\\/dorogimedence.hu\\\/#organization\",\"name\":\"Dorogi-medence Region\u00e1lis H\u00edrport\u00e1l\",\"url\":\"https:\\\/\\\/dorogimedence.hu\\\/\",\"logo\":{\"@type\":\"ImageObject\",\"inLanguage\":\"hu\",\"@id\":\"https:\\\/\\\/dorogimedence.hu\\\/#\\\/schema\\\/logo\\\/image\\\/\",\"url\":\"https:\\\/\\\/dorogimedence.hu\\\/wp-content\\\/uploads\\\/2021\\\/04\\\/logo-feher-600.png\",\"contentUrl\":\"https:\\\/\\\/dorogimedence.hu\\\/wp-content\\\/uploads\\\/2021\\\/04\\\/logo-feher-600.png\",\"width\":600,\"height\":100,\"caption\":\"Dorogi-medence Region\u00e1lis H\u00edrport\u00e1l\"},\"image\":{\"@id\":\"https:\\\/\\\/dorogimedence.hu\\\/#\\\/schema\\\/logo\\\/image\\\/\"},\"sameAs\":[\"https:\\\/\\\/www.facebook.com\\\/dorogimedence\\\/\"]},{\"@type\":\"Person\",\"@id\":\"https:\\\/\\\/dorogimedence.hu\\\/#\\\/schema\\\/person\\\/ce6091eeb7e95ecdc87890d6aa8e0fd4\",\"name\":\"dorogimedence.hu\",\"image\":{\"@type\":\"ImageObject\",\"inLanguage\":\"hu\",\"@id\":\"\\\/\\\/www.gravatar.com\\\/avatar\\\/d8d45f8901aadff40a4af72c0b826f1d?s=96&#038;r=g&#038;d=mm\",\"url\":\"\\\/\\\/www.gravatar.com\\\/avatar\\\/d8d45f8901aadff40a4af72c0b826f1d?s=96&#038;r=g&#038;d=mm\",\"contentUrl\":\"\\\/\\\/www.gravatar.com\\\/avatar\\\/d8d45f8901aadff40a4af72c0b826f1d?s=96&#038;r=g&#038;d=mm\",\"caption\":\"dorogimedence.hu\"}}]}<\/script>\n<!-- \/ Yoast SEO plugin. -->","yoast_head_json":{"title":"Negyven embernek kellett elhagyni az \u00e9p\u00fcletet","robots":{"index":"index","follow":"follow","max-snippet":"max-snippet:-1","max-image-preview":"max-image-preview:large","max-video-preview":"max-video-preview:-1"},"canonical":"https:\/\/dorogimedence.hu\/index.php\/2019\/06\/07\/negyven-embernek-kellett-elhagyni-az-epuletet\/","og_locale":"hu_HU","og_type":"article","og_title":"Negyven embernek kellett elhagyni az \u00e9p\u00fcletet","og_description":"Bejelzett a t\u0171zjelz\u0151 egy esztergomi ipari l\u00e9tes\u00edtm\u00e9ny t\u00e1rgyal\u00f3j\u00e1ban szerda d\u00e9lut\u00e1n. Az esztergomi hivat\u00e1sos t\u0171zolt\u00f3k a ki\u00e9rkez\u00e9st k\u00f6vet\u0151en felder\u00edtett\u00e9k az iroda\u00e9p\u00fcletet. Az els\u0151 emelet\u00e9n egy irod\u00e1ban \u00e9s egy t\u00e1rgyal\u00f3teremben f\u00fcstszag \u00e9rz\u0151d\u00f6tt, a t\u0171zolt\u00f3k \u00e1ramtalan\u00edtott\u00e1k az adott szintet, majd ki\u00fcr\u00edtett\u00e9k az \u00e9p\u00fcletet, mely sor\u00e1n 40 embernek kellett elhagynia a l\u00e9tes\u00edtm\u00e9nyt. Az egys\u00e9g a ki\u00fcr\u00edt\u00e9st k\u00f6vet\u0151en megbontotta az","og_url":"https:\/\/dorogimedence.hu\/index.php\/2019\/06\/07\/negyven-embernek-kellett-elhagyni-az-epuletet\/","og_site_name":"Dorogi-medence Region\u00e1lis H\u00edrport\u00e1l","article_publisher":"https:\/\/www.facebook.com\/dorogimedence\/","article_published_time":"2019-06-07T07:19:44+00:00","og_image":[{"width":670,"height":365,"url":"https:\/\/i0.wp.com\/dorogimedence.hu\/wp-content\/uploads\/2019\/06\/fusterzeklo.jpg?fit=670%2C365&ssl=1","type":"image\/jpeg"}],"author":"dorogimedence.hu","twitter_card":"summary_large_image","twitter_misc":{"Szerz\u0151:":"dorogimedence.hu","Becs\u00fclt olvas\u00e1si id\u0151":"1 perc"},"schema":{"@context":"https:\/\/schema.org","@graph":[{"@type":"Article","@id":"https:\/\/dorogimedence.hu\/index.php\/2019\/06\/07\/negyven-embernek-kellett-elhagyni-az-epuletet\/#article","isPartOf":{"@id":"https:\/\/dorogimedence.hu\/index.php\/2019\/06\/07\/negyven-embernek-kellett-elhagyni-az-epuletet\/"},"author":{"name":"dorogimedence.hu","@id":"https:\/\/dorogimedence.hu\/#\/schema\/person\/ce6091eeb7e95ecdc87890d6aa8e0fd4"},"headline":"Negyven embernek kellett elhagyni az \u00e9p\u00fcletet","datePublished":"2019-06-07T07:19:44+00:00","mainEntityOfPage":{"@id":"https:\/\/dorogimedence.hu\/index.php\/2019\/06\/07\/negyven-embernek-kellett-elhagyni-az-epuletet\/"},"wordCount":143,"publisher":{"@id":"https:\/\/dorogimedence.hu\/#organization"},"image":{"@id":"https:\/\/dorogimedence.hu\/index.php\/2019\/06\/07\/negyven-embernek-kellett-elhagyni-az-epuletet\/#primaryimage"},"thumbnailUrl":"https:\/\/dorogimedence.hu\/wp-content\/uploads\/2019\/06\/fusterzeklo.jpg","keywords":["esztergom","katasztr\u00f3fav\u00e9delem","t\u0171zolt\u00f3s\u00e1g"],"articleSection":["Esztergom","H\u00edrek","K\u00e9k h\u00edrek"],"inLanguage":"hu"},{"@type":"WebPage","@id":"https:\/\/dorogimedence.hu\/index.php\/2019\/06\/07\/negyven-embernek-kellett-elhagyni-az-epuletet\/","url":"https:\/\/dorogimedence.hu\/index.php\/2019\/06\/07\/negyven-embernek-kellett-elhagyni-az-epuletet\/","name":"Negyven embernek kellett elhagyni az \u00e9p\u00fcletet","isPartOf":{"@id":"https:\/\/dorogimedence.hu\/#website"},"primaryImageOfPage":{"@id":"https:\/\/dorogimedence.hu\/index.php\/2019\/06\/07\/negyven-embernek-kellett-elhagyni-az-epuletet\/#primaryimage"},"image":{"@id":"https:\/\/dorogimedence.hu\/index.php\/2019\/06\/07\/negyven-embernek-kellett-elhagyni-az-epuletet\/#primaryimage"},"thumbnailUrl":"https:\/\/dorogimedence.hu\/wp-content\/uploads\/2019\/06\/fusterzeklo.jpg","datePublished":"2019-06-07T07:19:44+00:00","breadcrumb":{"@id":"https:\/\/dorogimedence.hu\/index.php\/2019\/06\/07\/negyven-embernek-kellett-elhagyni-az-epuletet\/#breadcrumb"},"inLanguage":"hu","potentialAction":[{"@type":"ReadAction","target":["https:\/\/dorogimedence.hu\/index.php\/2019\/06\/07\/negyven-embernek-kellett-elhagyni-az-epuletet\/"]}]},{"@type":"ImageObject","inLanguage":"hu","@id":"https:\/\/dorogimedence.hu\/index.php\/2019\/06\/07\/negyven-embernek-kellett-elhagyni-az-epuletet\/#primaryimage","url":"https:\/\/dorogimedence.hu\/wp-content\/uploads\/2019\/06\/fusterzeklo.jpg","contentUrl":"https:\/\/dorogimedence.hu\/wp-content\/uploads\/2019\/06\/fusterzeklo.jpg","width":670,"height":365},{"@type":"BreadcrumbList","@id":"https:\/\/dorogimedence.hu\/index.php\/2019\/06\/07\/negyven-embernek-kellett-elhagyni-az-epuletet\/#breadcrumb","itemListElement":[{"@type":"ListItem","position":1,"name":"Kezd\u0151lap","item":"https:\/\/dorogimedence.hu\/"},{"@type":"ListItem","position":2,"name":"Negyven embernek kellett elhagyni az \u00e9p\u00fcletet"}]},{"@type":"WebSite","@id":"https:\/\/dorogimedence.hu\/#website","url":"https:\/\/dorogimedence.hu\/","name":"Dorogi-medence Region\u00e1lis H\u00edrport\u00e1l","description":"Dorog, Keszt\u00f6lc, Le\u00e1nyv\u00e1r, Piliscs\u00e9v, Tokod, Tokodalt\u00e1r\u00f3, Csolnok, Esztergom-kertv\u00e1ros: h\u00edrek, programok","publisher":{"@id":"https:\/\/dorogimedence.hu\/#organization"},"potentialAction":[{"@type":"SearchAction","target":{"@type":"EntryPoint","urlTemplate":"https:\/\/dorogimedence.hu\/?s={search_term_string}"},"query-input":{"@type":"PropertyValueSpecification","valueRequired":true,"valueName":"search_term_string"}}],"inLanguage":"hu"},{"@type":"Organization","@id":"https:\/\/dorogimedence.hu\/#organization","name":"Dorogi-medence Region\u00e1lis H\u00edrport\u00e1l","url":"https:\/\/dorogimedence.hu\/","logo":{"@type":"ImageObject","inLanguage":"hu","@id":"https:\/\/dorogimedence.hu\/#\/schema\/logo\/image\/","url":"https:\/\/dorogimedence.hu\/wp-content\/uploads\/2021\/04\/logo-feher-600.png","contentUrl":"https:\/\/dorogimedence.hu\/wp-content\/uploads\/2021\/04\/logo-feher-600.png","width":600,"height":100,"caption":"Dorogi-medence Region\u00e1lis H\u00edrport\u00e1l"},"image":{"@id":"https:\/\/dorogimedence.hu\/#\/schema\/logo\/image\/"},"sameAs":["https:\/\/www.facebook.com\/dorogimedence\/"]},{"@type":"Person","@id":"https:\/\/dorogimedence.hu\/#\/schema\/person\/ce6091eeb7e95ecdc87890d6aa8e0fd4","name":"dorogimedence.hu","image":{"@type":"ImageObject","inLanguage":"hu","@id":"\/\/www.gravatar.com\/avatar\/d8d45f8901aadff40a4af72c0b826f1d?s=96&#038;r=g&#038;d=mm","url":"\/\/www.gravatar.com\/avatar\/d8d45f8901aadff40a4af72c0b826f1d?s=96&#038;r=g&#038;d=mm","contentUrl":"\/\/www.gravatar.com\/avatar\/d8d45f8901aadff40a4af72c0b826f1d?s=96&#038;r=g&#038;d=mm","caption":"dorogimedence.hu"}}]}},"_links":{"self":[{"href":"https:\/\/dorogimedence.hu\/index.php\/wp-json\/wp\/v2\/posts\/17269","targetHints":{"allow":["GET"]}}],"collection":[{"href":"https:\/\/dorogimedence.hu\/index.php\/wp-json\/wp\/v2\/posts"}],"about":[{"href":"https:\/\/dorogimedence.hu\/index.php\/wp-json\/wp\/v2\/types\/post"}],"author":[{"embeddable":true,"href":"https:\/\/dorogimedence.hu\/index.php\/wp-json\/wp\/v2\/users\/1"}],"replies":[{"embeddable":true,"href":"https:\/\/dorogimedence.hu\/index.php\/wp-json\/wp\/v2\/comments?post=17269"}],"version-history":[{"count":0,"href":"https:\/\/dorogimedence.hu\/index.php\/wp-json\/wp\/v2\/posts\/17269\/revisions"}],"wp:featuredmedia":[{"embeddable":true,"href":"https:\/\/dorogimedence.hu\/index.php\/wp-json\/wp\/v2\/media\/17270"}],"wp:attachment":[{"href":"https:\/\/dorogimedence.hu\/index.php\/wp-json\/wp\/v2\/media?parent=17269"}],"wp:term":[{"taxonomy":"category","embeddable":true,"href":"https:\/\/dorogimedence.hu\/index.php\/wp-json\/wp\/v2\/categories?post=17269"},{"taxonomy":"post_tag","embeddable":true,"href":"https:\/\/dorogimedence.hu\/index.php\/wp-json\/wp\/v2\/tags?post=17269"}],"curies":[{"name":"wp","href":"https:\/\/api.w.org\/{rel}","templated":true}]}}