{"id":17234,"date":"2019-06-06T06:49:28","date_gmt":"2019-06-06T04:49:28","guid":{"rendered":"http:\/\/dorogimedence.hu\/?p=17234"},"modified":"2019-06-06T06:49:28","modified_gmt":"2019-06-06T04:49:28","slug":"nemet-autos-talalkozot-rendeznek-a-palan","status":"publish","type":"post","link":"https:\/\/dorogimedence.hu\/index.php\/2019\/06\/06\/nemet-autos-talalkozot-rendeznek-a-palan\/","title":{"rendered":"N\u00e9met aut\u00f3s tal\u00e1lkoz\u00f3t rendeznek a Pal\u00e1n"},"content":{"rendered":"<p><strong>J\u00fanius 7-9-\u00e9n, h\u00e1romnapos n\u00e9met aut\u00f3s tal\u00e1lkoz\u00f3t szerveznek az \u00d6b\u00f6l Music Beach-en.<\/strong><\/p>\n<p>A megszokott versenysz\u00e1mok mellett egy \u00faj csapatj\u00e1t\u00e9kot hirdetnek, ahol sz\u00e1m\u00edt kikkel vagy egy\u00fctt. Az est\u00e9ket pedig olyan csajos programokkal f\u0171szerezik, hogy azt sem fogod tudni, Ibiz\u00e1n vagy-e vagy egy t\u00f6r\u00f6k h\u00e1remben &#8211; mondta el a rendezv\u00e9ny szervez\u0151je.<\/p>\n<p><strong>Mire sz\u00e1m\u00edthattok a tal\u00e1lkoz\u00f3 ideje alatt:<\/strong><br \/>\n&#8211; Extr\u00e9m k\u00f6t\u00e9lh\u00faz\u00e1sok<br \/>\n&#8211; Priority Girls Team sz\u00e9ps\u00e9gverseny<br \/>\n&#8211; Sexy aut\u00f3mos\u00e1s<br \/>\n&#8211; Vizes p\u00f3l\u00f3 verseny<br \/>\n&#8211; Kipufog\u00f3 hangnyom\u00e1s m\u00e9r\u00e9s<br \/>\n&#8211; Aut\u00f3 sz\u00e9ps\u00e9gverseny<br \/>\n&#8211; Felni sz\u00e9ps\u00e9gverseny<br \/>\n&#8211; Felni kitart\u00f3 verseny (f\u00e9rfi\/n\u0151i)<br \/>\n&#8211; Sik\u00edt\u00f3 verseny<br \/>\n+ a r\u00e1ad\u00e1sk\u00e9nt egy nem n\u00e9met aut\u00f3t &#8222;sz\u00e9tt\u00e9pnek&#8221;<\/p>\n<p><strong>Id\u0151pont:<\/strong> 2019. j\u00fanius 7. p\u00e9ntek 10 \u00f3r\u00e1t\u00f3l, 2019. j\u00fanius 9. vas\u00e1rnap 20 \u00f3r\u00e1ig.<\/p>\n<p><strong>Helysz\u00edn:<\/strong> Palatinus-t\u00f3, \u00d6b\u00f6l Music Beach (<span class=\"LrzXr\">Esztergom-Kertv\u00e1ros Bocskai sor 170 <em>&#8211; \u00faj neve: Bocskai k\u00f6z 2.<\/em>).<\/span><\/p>\n<p>A helysz\u00ednen s\u00e1toroz\u00e1sra is biztos\u00edtanak lehet\u0151s\u00e9get. A r\u00e9szletekkel \u00e9s a bel\u00e9p\u00e9ssel kapcsolatban Tercsinesz J\u00e1nos tud b\u0151vebb inform\u00e1ci\u00f3t adni (+36 70 <span class=\"_5yl5\">434 7004)!<\/span><\/p>\n<p><a href=\"https:\/\/www.facebook.com\/events\/1185064601648182\/\" target=\"_blank\" rel=\"noopener noreferrer\"><span style=\"text-decoration: underline; color: #0000ff;\"><strong>Facebook esem\u00e9ny&gt;&gt;<\/strong><\/span><\/a><\/p>\n<p><em>Bor\u00edt\u00f3k\u00e9p: egy kor\u00e1bbi Volkswagen tal\u00e1lkoz\u00f3 az \u00d6b\u00f6l Music Beach-en.<\/em><\/p>\n","protected":false},"excerpt":{"rendered":"<p>J\u00fanius 7-9-\u00e9n, h\u00e1romnapos n\u00e9met aut\u00f3s tal\u00e1lkoz\u00f3t szerveznek az \u00d6b\u00f6l Music Beach-en. A megszokott versenysz\u00e1mok mellett egy \u00faj csapatj\u00e1t\u00e9kot hirdetnek, ahol sz\u00e1m\u00edt kikkel vagy egy\u00fctt. Az est\u00e9ket pedig olyan csajos programokkal f\u0171szerezik, hogy azt sem fogod tudni, Ibiz\u00e1n vagy-e vagy egy t\u00f6r\u00f6k h\u00e1remben &#8211; mondta el a rendezv\u00e9ny szervez\u0151je. Mire sz\u00e1m\u00edthattok a tal\u00e1lkoz\u00f3 ideje alatt: &#8211;<\/p>\n","protected":false},"author":1,"featured_media":4457,"comment_status":"closed","ping_status":"closed","sticky":false,"template":"","format":"standard","meta":{"ngg_post_thumbnail":0,"footnotes":""},"categories":[7,3],"tags":[1136,169,3955,3956,822,36],"class_list":{"0":"post-17234","1":"post","2":"type-post","3":"status-publish","4":"format-standard","5":"has-post-thumbnail","7":"category-esztergom_kertvaros","8":"category-hirek","9":"tag-autos-talalkozo","10":"tag-esztergom-kertvaros","11":"tag-nemet-auto","12":"tag-nemet-auto-talalkozo","13":"tag-obol-music-beach","14":"tag-palatinus-to"},"yoast_head":"<!-- This site is optimized with the Yoast SEO plugin v27.5 - https:\/\/yoast.com\/product\/yoast-seo-wordpress\/ -->\n<title>N\u00e9met aut\u00f3s tal\u00e1lkoz\u00f3t rendeznek a Pal\u00e1n<\/title>\n<meta name=\"robots\" content=\"index, follow, max-snippet:-1, max-image-preview:large, max-video-preview:-1\" \/>\n<link rel=\"canonical\" href=\"https:\/\/dorogimedence.hu\/index.php\/2019\/06\/06\/nemet-autos-talalkozot-rendeznek-a-palan\/\" class=\"yoast-seo-meta-tag\" \/>\n<meta property=\"og:locale\" content=\"hu_HU\" class=\"yoast-seo-meta-tag\" \/>\n<meta property=\"og:type\" content=\"article\" class=\"yoast-seo-meta-tag\" \/>\n<meta property=\"og:title\" content=\"N\u00e9met aut\u00f3s tal\u00e1lkoz\u00f3t rendeznek a Pal\u00e1n\" class=\"yoast-seo-meta-tag\" \/>\n<meta property=\"og:description\" content=\"J\u00fanius 7-9-\u00e9n, h\u00e1romnapos n\u00e9met aut\u00f3s tal\u00e1lkoz\u00f3t szerveznek az \u00d6b\u00f6l Music Beach-en. A megszokott versenysz\u00e1mok mellett egy \u00faj csapatj\u00e1t\u00e9kot hirdetnek, ahol sz\u00e1m\u00edt kikkel vagy egy\u00fctt. Az est\u00e9ket pedig olyan csajos programokkal f\u0171szerezik, hogy azt sem fogod tudni, Ibiz\u00e1n vagy-e vagy egy t\u00f6r\u00f6k h\u00e1remben &#8211; mondta el a rendezv\u00e9ny szervez\u0151je. Mire sz\u00e1m\u00edthattok a tal\u00e1lkoz\u00f3 ideje alatt: &#8211;\" class=\"yoast-seo-meta-tag\" \/>\n<meta property=\"og:url\" content=\"https:\/\/dorogimedence.hu\/index.php\/2019\/06\/06\/nemet-autos-talalkozot-rendeznek-a-palan\/\" class=\"yoast-seo-meta-tag\" \/>\n<meta property=\"og:site_name\" content=\"Dorogi-medence Region\u00e1lis H\u00edrport\u00e1l\" class=\"yoast-seo-meta-tag\" \/>\n<meta property=\"article:publisher\" content=\"https:\/\/www.facebook.com\/dorogimedence\/\" class=\"yoast-seo-meta-tag\" \/>\n<meta property=\"article:published_time\" content=\"2019-06-06T04:49:28+00:00\" class=\"yoast-seo-meta-tag\" \/>\n<meta property=\"og:image\" content=\"https:\/\/i0.wp.com\/dorogimedence.hu\/wp-content\/uploads\/2017\/07\/vw-talalkozo-01.jpg?fit=670%2C365&ssl=1\" class=\"yoast-seo-meta-tag\" \/>\n\t<meta property=\"og:image:width\" content=\"670\" class=\"yoast-seo-meta-tag\" \/>\n\t<meta property=\"og:image:height\" content=\"365\" class=\"yoast-seo-meta-tag\" \/>\n\t<meta property=\"og:image:type\" content=\"image\/jpeg\" class=\"yoast-seo-meta-tag\" \/>\n<meta name=\"author\" content=\"dorogimedence.hu\" class=\"yoast-seo-meta-tag\" \/>\n<meta name=\"twitter:card\" content=\"summary_large_image\" class=\"yoast-seo-meta-tag\" \/>\n<meta name=\"twitter:label1\" content=\"Szerz\u0151:\" class=\"yoast-seo-meta-tag\" \/>\n\t<meta name=\"twitter:data1\" content=\"dorogimedence.hu\" class=\"yoast-seo-meta-tag\" \/>\n\t<meta name=\"twitter:label2\" content=\"Becs\u00fclt olvas\u00e1si id\u0151\" class=\"yoast-seo-meta-tag\" \/>\n\t<meta name=\"twitter:data2\" content=\"1 perc\" class=\"yoast-seo-meta-tag\" \/>\n<script type=\"application\/ld+json\" class=\"yoast-schema-graph\">{\"@context\":\"https:\\\/\\\/schema.org\",\"@graph\":[{\"@type\":\"Article\",\"@id\":\"https:\\\/\\\/dorogimedence.hu\\\/index.php\\\/2019\\\/06\\\/06\\\/nemet-autos-talalkozot-rendeznek-a-palan\\\/#article\",\"isPartOf\":{\"@id\":\"https:\\\/\\\/dorogimedence.hu\\\/index.php\\\/2019\\\/06\\\/06\\\/nemet-autos-talalkozot-rendeznek-a-palan\\\/\"},\"author\":{\"name\":\"dorogimedence.hu\",\"@id\":\"https:\\\/\\\/dorogimedence.hu\\\/#\\\/schema\\\/person\\\/ce6091eeb7e95ecdc87890d6aa8e0fd4\"},\"headline\":\"N\u00e9met aut\u00f3s tal\u00e1lkoz\u00f3t rendeznek a Pal\u00e1n\",\"datePublished\":\"2019-06-06T04:49:28+00:00\",\"mainEntityOfPage\":{\"@id\":\"https:\\\/\\\/dorogimedence.hu\\\/index.php\\\/2019\\\/06\\\/06\\\/nemet-autos-talalkozot-rendeznek-a-palan\\\/\"},\"wordCount\":242,\"publisher\":{\"@id\":\"https:\\\/\\\/dorogimedence.hu\\\/#organization\"},\"image\":{\"@id\":\"https:\\\/\\\/dorogimedence.hu\\\/index.php\\\/2019\\\/06\\\/06\\\/nemet-autos-talalkozot-rendeznek-a-palan\\\/#primaryimage\"},\"thumbnailUrl\":\"https:\\\/\\\/dorogimedence.hu\\\/wp-content\\\/uploads\\\/2017\\\/07\\\/vw-talalkozo-01.jpg\",\"keywords\":[\"aut\u00f3s tal\u00e1lkoz\u00f3\",\"Esztergom-kertv\u00e1ros\",\"n\u00e9met aut\u00f3\",\"n\u00e9met aut\u00f3 tal\u00e1lkoz\u00f3\",\"\u00d6b\u00f6l Music Beach\",\"Palatinus-t\u00f3\"],\"articleSection\":[\"Esztergom-kertv\u00e1ros\",\"H\u00edrek\"],\"inLanguage\":\"hu\"},{\"@type\":\"WebPage\",\"@id\":\"https:\\\/\\\/dorogimedence.hu\\\/index.php\\\/2019\\\/06\\\/06\\\/nemet-autos-talalkozot-rendeznek-a-palan\\\/\",\"url\":\"https:\\\/\\\/dorogimedence.hu\\\/index.php\\\/2019\\\/06\\\/06\\\/nemet-autos-talalkozot-rendeznek-a-palan\\\/\",\"name\":\"N\u00e9met aut\u00f3s tal\u00e1lkoz\u00f3t rendeznek a Pal\u00e1n\",\"isPartOf\":{\"@id\":\"https:\\\/\\\/dorogimedence.hu\\\/#website\"},\"primaryImageOfPage\":{\"@id\":\"https:\\\/\\\/dorogimedence.hu\\\/index.php\\\/2019\\\/06\\\/06\\\/nemet-autos-talalkozot-rendeznek-a-palan\\\/#primaryimage\"},\"image\":{\"@id\":\"https:\\\/\\\/dorogimedence.hu\\\/index.php\\\/2019\\\/06\\\/06\\\/nemet-autos-talalkozot-rendeznek-a-palan\\\/#primaryimage\"},\"thumbnailUrl\":\"https:\\\/\\\/dorogimedence.hu\\\/wp-content\\\/uploads\\\/2017\\\/07\\\/vw-talalkozo-01.jpg\",\"datePublished\":\"2019-06-06T04:49:28+00:00\",\"breadcrumb\":{\"@id\":\"https:\\\/\\\/dorogimedence.hu\\\/index.php\\\/2019\\\/06\\\/06\\\/nemet-autos-talalkozot-rendeznek-a-palan\\\/#breadcrumb\"},\"inLanguage\":\"hu\",\"potentialAction\":[{\"@type\":\"ReadAction\",\"target\":[\"https:\\\/\\\/dorogimedence.hu\\\/index.php\\\/2019\\\/06\\\/06\\\/nemet-autos-talalkozot-rendeznek-a-palan\\\/\"]}]},{\"@type\":\"ImageObject\",\"inLanguage\":\"hu\",\"@id\":\"https:\\\/\\\/dorogimedence.hu\\\/index.php\\\/2019\\\/06\\\/06\\\/nemet-autos-talalkozot-rendeznek-a-palan\\\/#primaryimage\",\"url\":\"https:\\\/\\\/dorogimedence.hu\\\/wp-content\\\/uploads\\\/2017\\\/07\\\/vw-talalkozo-01.jpg\",\"contentUrl\":\"https:\\\/\\\/dorogimedence.hu\\\/wp-content\\\/uploads\\\/2017\\\/07\\\/vw-talalkozo-01.jpg\",\"width\":670,\"height\":365},{\"@type\":\"BreadcrumbList\",\"@id\":\"https:\\\/\\\/dorogimedence.hu\\\/index.php\\\/2019\\\/06\\\/06\\\/nemet-autos-talalkozot-rendeznek-a-palan\\\/#breadcrumb\",\"itemListElement\":[{\"@type\":\"ListItem\",\"position\":1,\"name\":\"Kezd\u0151lap\",\"item\":\"https:\\\/\\\/dorogimedence.hu\\\/\"},{\"@type\":\"ListItem\",\"position\":2,\"name\":\"N\u00e9met aut\u00f3s tal\u00e1lkoz\u00f3t rendeznek a Pal\u00e1n\"}]},{\"@type\":\"WebSite\",\"@id\":\"https:\\\/\\\/dorogimedence.hu\\\/#website\",\"url\":\"https:\\\/\\\/dorogimedence.hu\\\/\",\"name\":\"Dorogi-medence Region\u00e1lis H\u00edrport\u00e1l\",\"description\":\"Dorog, Keszt\u00f6lc, Le\u00e1nyv\u00e1r, Piliscs\u00e9v, Tokod, Tokodalt\u00e1r\u00f3, Csolnok, Esztergom-kertv\u00e1ros: h\u00edrek, programok\",\"publisher\":{\"@id\":\"https:\\\/\\\/dorogimedence.hu\\\/#organization\"},\"potentialAction\":[{\"@type\":\"SearchAction\",\"target\":{\"@type\":\"EntryPoint\",\"urlTemplate\":\"https:\\\/\\\/dorogimedence.hu\\\/?s={search_term_string}\"},\"query-input\":{\"@type\":\"PropertyValueSpecification\",\"valueRequired\":true,\"valueName\":\"search_term_string\"}}],\"inLanguage\":\"hu\"},{\"@type\":\"Organization\",\"@id\":\"https:\\\/\\\/dorogimedence.hu\\\/#organization\",\"name\":\"Dorogi-medence Region\u00e1lis H\u00edrport\u00e1l\",\"url\":\"https:\\\/\\\/dorogimedence.hu\\\/\",\"logo\":{\"@type\":\"ImageObject\",\"inLanguage\":\"hu\",\"@id\":\"https:\\\/\\\/dorogimedence.hu\\\/#\\\/schema\\\/logo\\\/image\\\/\",\"url\":\"https:\\\/\\\/dorogimedence.hu\\\/wp-content\\\/uploads\\\/2021\\\/04\\\/logo-feher-600.png\",\"contentUrl\":\"https:\\\/\\\/dorogimedence.hu\\\/wp-content\\\/uploads\\\/2021\\\/04\\\/logo-feher-600.png\",\"width\":600,\"height\":100,\"caption\":\"Dorogi-medence Region\u00e1lis H\u00edrport\u00e1l\"},\"image\":{\"@id\":\"https:\\\/\\\/dorogimedence.hu\\\/#\\\/schema\\\/logo\\\/image\\\/\"},\"sameAs\":[\"https:\\\/\\\/www.facebook.com\\\/dorogimedence\\\/\"]},{\"@type\":\"Person\",\"@id\":\"https:\\\/\\\/dorogimedence.hu\\\/#\\\/schema\\\/person\\\/ce6091eeb7e95ecdc87890d6aa8e0fd4\",\"name\":\"dorogimedence.hu\",\"image\":{\"@type\":\"ImageObject\",\"inLanguage\":\"hu\",\"@id\":\"\\\/\\\/www.gravatar.com\\\/avatar\\\/d8d45f8901aadff40a4af72c0b826f1d?s=96&#038;r=g&#038;d=mm\",\"url\":\"\\\/\\\/www.gravatar.com\\\/avatar\\\/d8d45f8901aadff40a4af72c0b826f1d?s=96&#038;r=g&#038;d=mm\",\"contentUrl\":\"\\\/\\\/www.gravatar.com\\\/avatar\\\/d8d45f8901aadff40a4af72c0b826f1d?s=96&#038;r=g&#038;d=mm\",\"caption\":\"dorogimedence.hu\"}}]}<\/script>\n<!-- \/ Yoast SEO plugin. -->","yoast_head_json":{"title":"N\u00e9met aut\u00f3s tal\u00e1lkoz\u00f3t rendeznek a Pal\u00e1n","robots":{"index":"index","follow":"follow","max-snippet":"max-snippet:-1","max-image-preview":"max-image-preview:large","max-video-preview":"max-video-preview:-1"},"canonical":"https:\/\/dorogimedence.hu\/index.php\/2019\/06\/06\/nemet-autos-talalkozot-rendeznek-a-palan\/","og_locale":"hu_HU","og_type":"article","og_title":"N\u00e9met aut\u00f3s tal\u00e1lkoz\u00f3t rendeznek a Pal\u00e1n","og_description":"J\u00fanius 7-9-\u00e9n, h\u00e1romnapos n\u00e9met aut\u00f3s tal\u00e1lkoz\u00f3t szerveznek az \u00d6b\u00f6l Music Beach-en. A megszokott versenysz\u00e1mok mellett egy \u00faj csapatj\u00e1t\u00e9kot hirdetnek, ahol sz\u00e1m\u00edt kikkel vagy egy\u00fctt. Az est\u00e9ket pedig olyan csajos programokkal f\u0171szerezik, hogy azt sem fogod tudni, Ibiz\u00e1n vagy-e vagy egy t\u00f6r\u00f6k h\u00e1remben &#8211; mondta el a rendezv\u00e9ny szervez\u0151je. Mire sz\u00e1m\u00edthattok a tal\u00e1lkoz\u00f3 ideje alatt: &#8211;","og_url":"https:\/\/dorogimedence.hu\/index.php\/2019\/06\/06\/nemet-autos-talalkozot-rendeznek-a-palan\/","og_site_name":"Dorogi-medence Region\u00e1lis H\u00edrport\u00e1l","article_publisher":"https:\/\/www.facebook.com\/dorogimedence\/","article_published_time":"2019-06-06T04:49:28+00:00","og_image":[{"width":670,"height":365,"url":"https:\/\/i0.wp.com\/dorogimedence.hu\/wp-content\/uploads\/2017\/07\/vw-talalkozo-01.jpg?fit=670%2C365&ssl=1","type":"image\/jpeg"}],"author":"dorogimedence.hu","twitter_card":"summary_large_image","twitter_misc":{"Szerz\u0151:":"dorogimedence.hu","Becs\u00fclt olvas\u00e1si id\u0151":"1 perc"},"schema":{"@context":"https:\/\/schema.org","@graph":[{"@type":"Article","@id":"https:\/\/dorogimedence.hu\/index.php\/2019\/06\/06\/nemet-autos-talalkozot-rendeznek-a-palan\/#article","isPartOf":{"@id":"https:\/\/dorogimedence.hu\/index.php\/2019\/06\/06\/nemet-autos-talalkozot-rendeznek-a-palan\/"},"author":{"name":"dorogimedence.hu","@id":"https:\/\/dorogimedence.hu\/#\/schema\/person\/ce6091eeb7e95ecdc87890d6aa8e0fd4"},"headline":"N\u00e9met aut\u00f3s tal\u00e1lkoz\u00f3t rendeznek a Pal\u00e1n","datePublished":"2019-06-06T04:49:28+00:00","mainEntityOfPage":{"@id":"https:\/\/dorogimedence.hu\/index.php\/2019\/06\/06\/nemet-autos-talalkozot-rendeznek-a-palan\/"},"wordCount":242,"publisher":{"@id":"https:\/\/dorogimedence.hu\/#organization"},"image":{"@id":"https:\/\/dorogimedence.hu\/index.php\/2019\/06\/06\/nemet-autos-talalkozot-rendeznek-a-palan\/#primaryimage"},"thumbnailUrl":"https:\/\/dorogimedence.hu\/wp-content\/uploads\/2017\/07\/vw-talalkozo-01.jpg","keywords":["aut\u00f3s tal\u00e1lkoz\u00f3","Esztergom-kertv\u00e1ros","n\u00e9met aut\u00f3","n\u00e9met aut\u00f3 tal\u00e1lkoz\u00f3","\u00d6b\u00f6l Music Beach","Palatinus-t\u00f3"],"articleSection":["Esztergom-kertv\u00e1ros","H\u00edrek"],"inLanguage":"hu"},{"@type":"WebPage","@id":"https:\/\/dorogimedence.hu\/index.php\/2019\/06\/06\/nemet-autos-talalkozot-rendeznek-a-palan\/","url":"https:\/\/dorogimedence.hu\/index.php\/2019\/06\/06\/nemet-autos-talalkozot-rendeznek-a-palan\/","name":"N\u00e9met aut\u00f3s tal\u00e1lkoz\u00f3t rendeznek a Pal\u00e1n","isPartOf":{"@id":"https:\/\/dorogimedence.hu\/#website"},"primaryImageOfPage":{"@id":"https:\/\/dorogimedence.hu\/index.php\/2019\/06\/06\/nemet-autos-talalkozot-rendeznek-a-palan\/#primaryimage"},"image":{"@id":"https:\/\/dorogimedence.hu\/index.php\/2019\/06\/06\/nemet-autos-talalkozot-rendeznek-a-palan\/#primaryimage"},"thumbnailUrl":"https:\/\/dorogimedence.hu\/wp-content\/uploads\/2017\/07\/vw-talalkozo-01.jpg","datePublished":"2019-06-06T04:49:28+00:00","breadcrumb":{"@id":"https:\/\/dorogimedence.hu\/index.php\/2019\/06\/06\/nemet-autos-talalkozot-rendeznek-a-palan\/#breadcrumb"},"inLanguage":"hu","potentialAction":[{"@type":"ReadAction","target":["https:\/\/dorogimedence.hu\/index.php\/2019\/06\/06\/nemet-autos-talalkozot-rendeznek-a-palan\/"]}]},{"@type":"ImageObject","inLanguage":"hu","@id":"https:\/\/dorogimedence.hu\/index.php\/2019\/06\/06\/nemet-autos-talalkozot-rendeznek-a-palan\/#primaryimage","url":"https:\/\/dorogimedence.hu\/wp-content\/uploads\/2017\/07\/vw-talalkozo-01.jpg","contentUrl":"https:\/\/dorogimedence.hu\/wp-content\/uploads\/2017\/07\/vw-talalkozo-01.jpg","width":670,"height":365},{"@type":"BreadcrumbList","@id":"https:\/\/dorogimedence.hu\/index.php\/2019\/06\/06\/nemet-autos-talalkozot-rendeznek-a-palan\/#breadcrumb","itemListElement":[{"@type":"ListItem","position":1,"name":"Kezd\u0151lap","item":"https:\/\/dorogimedence.hu\/"},{"@type":"ListItem","position":2,"name":"N\u00e9met aut\u00f3s tal\u00e1lkoz\u00f3t rendeznek a Pal\u00e1n"}]},{"@type":"WebSite","@id":"https:\/\/dorogimedence.hu\/#website","url":"https:\/\/dorogimedence.hu\/","name":"Dorogi-medence Region\u00e1lis H\u00edrport\u00e1l","description":"Dorog, Keszt\u00f6lc, Le\u00e1nyv\u00e1r, Piliscs\u00e9v, Tokod, Tokodalt\u00e1r\u00f3, Csolnok, Esztergom-kertv\u00e1ros: h\u00edrek, programok","publisher":{"@id":"https:\/\/dorogimedence.hu\/#organization"},"potentialAction":[{"@type":"SearchAction","target":{"@type":"EntryPoint","urlTemplate":"https:\/\/dorogimedence.hu\/?s={search_term_string}"},"query-input":{"@type":"PropertyValueSpecification","valueRequired":true,"valueName":"search_term_string"}}],"inLanguage":"hu"},{"@type":"Organization","@id":"https:\/\/dorogimedence.hu\/#organization","name":"Dorogi-medence Region\u00e1lis H\u00edrport\u00e1l","url":"https:\/\/dorogimedence.hu\/","logo":{"@type":"ImageObject","inLanguage":"hu","@id":"https:\/\/dorogimedence.hu\/#\/schema\/logo\/image\/","url":"https:\/\/dorogimedence.hu\/wp-content\/uploads\/2021\/04\/logo-feher-600.png","contentUrl":"https:\/\/dorogimedence.hu\/wp-content\/uploads\/2021\/04\/logo-feher-600.png","width":600,"height":100,"caption":"Dorogi-medence Region\u00e1lis H\u00edrport\u00e1l"},"image":{"@id":"https:\/\/dorogimedence.hu\/#\/schema\/logo\/image\/"},"sameAs":["https:\/\/www.facebook.com\/dorogimedence\/"]},{"@type":"Person","@id":"https:\/\/dorogimedence.hu\/#\/schema\/person\/ce6091eeb7e95ecdc87890d6aa8e0fd4","name":"dorogimedence.hu","image":{"@type":"ImageObject","inLanguage":"hu","@id":"\/\/www.gravatar.com\/avatar\/d8d45f8901aadff40a4af72c0b826f1d?s=96&#038;r=g&#038;d=mm","url":"\/\/www.gravatar.com\/avatar\/d8d45f8901aadff40a4af72c0b826f1d?s=96&#038;r=g&#038;d=mm","contentUrl":"\/\/www.gravatar.com\/avatar\/d8d45f8901aadff40a4af72c0b826f1d?s=96&#038;r=g&#038;d=mm","caption":"dorogimedence.hu"}}]}},"_links":{"self":[{"href":"https:\/\/dorogimedence.hu\/index.php\/wp-json\/wp\/v2\/posts\/17234","targetHints":{"allow":["GET"]}}],"collection":[{"href":"https:\/\/dorogimedence.hu\/index.php\/wp-json\/wp\/v2\/posts"}],"about":[{"href":"https:\/\/dorogimedence.hu\/index.php\/wp-json\/wp\/v2\/types\/post"}],"author":[{"embeddable":true,"href":"https:\/\/dorogimedence.hu\/index.php\/wp-json\/wp\/v2\/users\/1"}],"replies":[{"embeddable":true,"href":"https:\/\/dorogimedence.hu\/index.php\/wp-json\/wp\/v2\/comments?post=17234"}],"version-history":[{"count":0,"href":"https:\/\/dorogimedence.hu\/index.php\/wp-json\/wp\/v2\/posts\/17234\/revisions"}],"wp:featuredmedia":[{"embeddable":true,"href":"https:\/\/dorogimedence.hu\/index.php\/wp-json\/wp\/v2\/media\/4457"}],"wp:attachment":[{"href":"https:\/\/dorogimedence.hu\/index.php\/wp-json\/wp\/v2\/media?parent=17234"}],"wp:term":[{"taxonomy":"category","embeddable":true,"href":"https:\/\/dorogimedence.hu\/index.php\/wp-json\/wp\/v2\/categories?post=17234"},{"taxonomy":"post_tag","embeddable":true,"href":"https:\/\/dorogimedence.hu\/index.php\/wp-json\/wp\/v2\/tags?post=17234"}],"curies":[{"name":"wp","href":"https:\/\/api.w.org\/{rel}","templated":true}]}}