{"id":17185,"date":"2019-06-05T07:22:14","date_gmt":"2019-06-05T05:22:14","guid":{"rendered":"http:\/\/dorogimedence.hu\/?p=17185"},"modified":"2019-06-05T07:22:14","modified_gmt":"2019-06-05T05:22:14","slug":"elismertek-a-rendorok-munkajat-taton","status":"publish","type":"post","link":"https:\/\/dorogimedence.hu\/index.php\/2019\/06\/05\/elismertek-a-rendorok-munkajat-taton\/","title":{"rendered":"Elismert\u00e9k a rend\u0151r\u00f6k munk\u00e1j\u00e1t T\u00e1ton"},"content":{"rendered":"<p><strong>J\u00fanius 4-\u00e9n, kedden, a t\u00e1ti v\u00e1rosh\u00e1z\u00e1n Turi Lajos polg\u00e1rmester k\u00f6sz\u00f6netet mondott a rend\u0151r\u00f6knek, hogy a b\u0171ncselekm\u00e9nyt k\u00f6vet\u0151 napon, gyorsan elfogt\u00e1k Kardos Mih\u00e1ly pl\u00e9b\u00e1nos t\u00e1mad\u00f3j\u00e1t.<\/strong><\/p>\n<p>M\u00e1jus 18-\u00e1n \u2013 a kor\u00e1bban m\u00e1r papgyilkoss\u00e1g miatt el\u00edt\u00e9lt \u2013 P. L\u00e1szl\u00f3 gy\u00f3n\u00e1si sz\u00e1nd\u00e9kkal cs\u00f6ngetett be az aty\u00e1hoz, aki k\u00e9s\u0151bb p\u00e9nzt is k\u00e9rt t\u0151le. A pap h\u00e1romezer forintot adott neki, majd a f\u00e9rfi elt\u00e1vozott \u00e9s egy \u00f3ra eltelt\u00e9vel \u00fajra megjelent. Ekkor \u00e9telt \u00e9s \u00fajabb p\u00e9nzt k\u00f6vetelt, majd kutakodni kezdett a pl\u00e9b\u00e1ni\u00e1n. A pl\u00e9b\u00e1nos ezt kihaszn\u00e1lva az udvarra futott, ahol P. L\u00e1szl\u00f3val dulakodni kezdtek. A pl\u00e9b\u00e1nosnak siker\u00fclt kiszabadulnia a f\u00e9rfi szor\u00edt\u00e1s\u00e1b\u00f3l, majd az utc\u00e1ra kiszaladva seg\u00edts\u00e9g\u00e9rt ki\u00e1ltott. Hab\u00e1r az elk\u00f6vet\u0151 elmenek\u00fclt a helysz\u00ednr\u0151l, az esztergomi rend\u0151r\u00f6k m\u00e1snap d\u00e9lut\u00e1n elfogt\u00e1k V\u00e1cott, majd napokon bel\u00fcl a b\u00edr\u00f3s\u00e1g el\u00e9 is \u00e1ll\u00edtott\u00e1k.<\/p>\n<p><img fetchpriority=\"high\" decoding=\"async\" class=\"alignnone size-full wp-image-17187\" src=\"https:\/\/dorogimedence.hu\/wp-content\/uploads\/2019\/06\/rendor-kituntetes-03.jpg\" alt=\"\" width=\"670\" height=\"365\" srcset=\"https:\/\/dorogimedence.hu\/wp-content\/uploads\/2019\/06\/rendor-kituntetes-03.jpg 670w, https:\/\/dorogimedence.hu\/wp-content\/uploads\/2019\/06\/rendor-kituntetes-03-300x163.jpg 300w\" sizes=\"(max-width: 670px) 100vw, 670px\" \/><\/p>\n<p>Az esem\u00e9nyen az esztergomi rend\u0151rkapit\u00e1ny, Debreczeni Istv\u00e1n rend\u0151r alezredes, b\u0171nmegel\u0151z\u00e9si tan\u00e1csokkal l\u00e1tta el a pl\u00e9b\u00e1nost. Turi Lajos pedig szer\u00e9ny aj\u00e1nd\u00e9kot adott \u00e1t a rend\u0151rs\u00e9g tagjainak.<\/p>\n<p>A k\u00f6sz\u00f6netnyilv\u00e1n\u00edt\u00e1s sor\u00e1n Gresu Ferenc, P\u00e1rvai Attila, Farkas Klaudia \u00e9s \u0150sz Norbert Csaba rend\u0151r\u00f6k anyagi jutalomban r\u00e9szes\u00fcltek. Farkas G\u00e1bor rend\u0151r dand\u00e1rt\u00e1bornok, megyei&nbsp;rend\u0151rf\u0151kapit\u00e1ny Szent Gy\u00f6rgy eml\u00e9kplakettet adom\u00e1nyozott Keil Istv\u00e1n nyugalmazott rend\u0151r alezredesnek, aki \u00e9vtizedes tapasztalat\u00e1val \u00e9s P. L\u00e1szl\u00f3 kor\u00e1bbi b\u0171ncselekm\u00e9nyeit felid\u00e9zve seg\u00edtett az elk\u00f6vet\u0151 k\u00e9zre ker\u00edt\u00e9s\u00e9ben.<\/p>\n<p>V\u00e9gezet\u00fcl dr. V\u00f6lner P\u00e1l, a t\u00e9rs\u00e9g orsz\u00e1ggy\u0171l\u00e9si k\u00e9pvisel\u0151je mondott k\u00f6sz\u00f6netet a rend\u0151r\u00f6knek, majd megjegyezte, hogy az \u00faj b\u00fcntet\u0151elj\u00e1r\u00e1si t\u00f6rv\u00e9ny keret\u00e9ben a rend\u0151rs\u00e9g, a b\u00edr\u00f3s\u00e1g \u00e9s az \u00fcgy\u00e9szs\u00e9g hat\u00e9konyabban dolgozhat egy\u00fctt.<\/p>\n<p><img decoding=\"async\" class=\"alignnone size-full wp-image-17188\" src=\"https:\/\/dorogimedence.hu\/wp-content\/uploads\/2019\/06\/rendor-kituntetes-03-1.jpg\" alt=\"\" width=\"670\" height=\"365\" srcset=\"https:\/\/dorogimedence.hu\/wp-content\/uploads\/2019\/06\/rendor-kituntetes-03-1.jpg 670w, https:\/\/dorogimedence.hu\/wp-content\/uploads\/2019\/06\/rendor-kituntetes-03-1-300x163.jpg 300w\" sizes=\"(max-width: 670px) 100vw, 670px\" \/><\/p>\n","protected":false},"excerpt":{"rendered":"<p>J\u00fanius 4-\u00e9n, kedden, a t\u00e1ti v\u00e1rosh\u00e1z\u00e1n Turi Lajos polg\u00e1rmester k\u00f6sz\u00f6netet mondott a rend\u0151r\u00f6knek, hogy a b\u0171ncselekm\u00e9nyt k\u00f6vet\u0151 napon, gyorsan elfogt\u00e1k Kardos Mih\u00e1ly pl\u00e9b\u00e1nos t\u00e1mad\u00f3j\u00e1t. M\u00e1jus 18-\u00e1n \u2013 a kor\u00e1bban m\u00e1r papgyilkoss\u00e1g miatt el\u00edt\u00e9lt \u2013 P. L\u00e1szl\u00f3 gy\u00f3n\u00e1si sz\u00e1nd\u00e9kkal cs\u00f6ngetett be az aty\u00e1hoz, aki k\u00e9s\u0151bb p\u00e9nzt is k\u00e9rt t\u0151le. A pap h\u00e1romezer forintot adott neki, majd<\/p>\n","protected":false},"author":1,"featured_media":17186,"comment_status":"closed","ping_status":"closed","sticky":false,"template":"","format":"standard","meta":{"ngg_post_thumbnail":0,"footnotes":""},"categories":[3,110],"tags":[419,521,111],"class_list":{"0":"post-17185","1":"post","2":"type-post","3":"status-publish","4":"format-standard","5":"has-post-thumbnail","7":"category-hirek","8":"category-tat","9":"tag-elismeres","10":"tag-rendorseg","11":"tag-tat"},"yoast_head":"<!-- This site is optimized with the Yoast SEO plugin v27.5 - https:\/\/yoast.com\/product\/yoast-seo-wordpress\/ -->\n<title>Elismert\u00e9k a rend\u0151r\u00f6k munk\u00e1j\u00e1t T\u00e1ton<\/title>\n<meta name=\"robots\" content=\"index, follow, max-snippet:-1, max-image-preview:large, max-video-preview:-1\" \/>\n<link rel=\"canonical\" href=\"https:\/\/dorogimedence.hu\/index.php\/2019\/06\/05\/elismertek-a-rendorok-munkajat-taton\/\" class=\"yoast-seo-meta-tag\" \/>\n<meta property=\"og:locale\" content=\"hu_HU\" class=\"yoast-seo-meta-tag\" \/>\n<meta property=\"og:type\" content=\"article\" class=\"yoast-seo-meta-tag\" \/>\n<meta property=\"og:title\" content=\"Elismert\u00e9k a rend\u0151r\u00f6k munk\u00e1j\u00e1t T\u00e1ton\" class=\"yoast-seo-meta-tag\" \/>\n<meta property=\"og:description\" content=\"J\u00fanius 4-\u00e9n, kedden, a t\u00e1ti v\u00e1rosh\u00e1z\u00e1n Turi Lajos polg\u00e1rmester k\u00f6sz\u00f6netet mondott a rend\u0151r\u00f6knek, hogy a b\u0171ncselekm\u00e9nyt k\u00f6vet\u0151 napon, gyorsan elfogt\u00e1k Kardos Mih\u00e1ly pl\u00e9b\u00e1nos t\u00e1mad\u00f3j\u00e1t. M\u00e1jus 18-\u00e1n \u2013 a kor\u00e1bban m\u00e1r papgyilkoss\u00e1g miatt el\u00edt\u00e9lt \u2013 P. L\u00e1szl\u00f3 gy\u00f3n\u00e1si sz\u00e1nd\u00e9kkal cs\u00f6ngetett be az aty\u00e1hoz, aki k\u00e9s\u0151bb p\u00e9nzt is k\u00e9rt t\u0151le. A pap h\u00e1romezer forintot adott neki, majd\" class=\"yoast-seo-meta-tag\" \/>\n<meta property=\"og:url\" content=\"https:\/\/dorogimedence.hu\/index.php\/2019\/06\/05\/elismertek-a-rendorok-munkajat-taton\/\" class=\"yoast-seo-meta-tag\" \/>\n<meta property=\"og:site_name\" content=\"Dorogi-medence Region\u00e1lis H\u00edrport\u00e1l\" class=\"yoast-seo-meta-tag\" \/>\n<meta property=\"article:publisher\" content=\"https:\/\/www.facebook.com\/dorogimedence\/\" class=\"yoast-seo-meta-tag\" \/>\n<meta property=\"article:published_time\" content=\"2019-06-05T05:22:14+00:00\" class=\"yoast-seo-meta-tag\" \/>\n<meta property=\"og:image\" content=\"https:\/\/i0.wp.com\/dorogimedence.hu\/wp-content\/uploads\/2019\/06\/rendor-kituntetes-01.jpg?fit=670%2C365&ssl=1\" class=\"yoast-seo-meta-tag\" \/>\n\t<meta property=\"og:image:width\" content=\"670\" class=\"yoast-seo-meta-tag\" \/>\n\t<meta property=\"og:image:height\" content=\"365\" class=\"yoast-seo-meta-tag\" \/>\n\t<meta property=\"og:image:type\" content=\"image\/jpeg\" class=\"yoast-seo-meta-tag\" \/>\n<meta name=\"author\" content=\"dorogimedence.hu\" class=\"yoast-seo-meta-tag\" \/>\n<meta name=\"twitter:card\" content=\"summary_large_image\" class=\"yoast-seo-meta-tag\" \/>\n<meta name=\"twitter:label1\" content=\"Szerz\u0151:\" class=\"yoast-seo-meta-tag\" \/>\n\t<meta name=\"twitter:data1\" content=\"dorogimedence.hu\" class=\"yoast-seo-meta-tag\" \/>\n\t<meta name=\"twitter:label2\" content=\"Becs\u00fclt olvas\u00e1si id\u0151\" class=\"yoast-seo-meta-tag\" \/>\n\t<meta name=\"twitter:data2\" content=\"2 perc\" class=\"yoast-seo-meta-tag\" \/>\n<script type=\"application\/ld+json\" class=\"yoast-schema-graph\">{\"@context\":\"https:\\\/\\\/schema.org\",\"@graph\":[{\"@type\":\"Article\",\"@id\":\"https:\\\/\\\/dorogimedence.hu\\\/index.php\\\/2019\\\/06\\\/05\\\/elismertek-a-rendorok-munkajat-taton\\\/#article\",\"isPartOf\":{\"@id\":\"https:\\\/\\\/dorogimedence.hu\\\/index.php\\\/2019\\\/06\\\/05\\\/elismertek-a-rendorok-munkajat-taton\\\/\"},\"author\":{\"name\":\"dorogimedence.hu\",\"@id\":\"https:\\\/\\\/dorogimedence.hu\\\/#\\\/schema\\\/person\\\/ce6091eeb7e95ecdc87890d6aa8e0fd4\"},\"headline\":\"Elismert\u00e9k a rend\u0151r\u00f6k munk\u00e1j\u00e1t T\u00e1ton\",\"datePublished\":\"2019-06-05T05:22:14+00:00\",\"mainEntityOfPage\":{\"@id\":\"https:\\\/\\\/dorogimedence.hu\\\/index.php\\\/2019\\\/06\\\/05\\\/elismertek-a-rendorok-munkajat-taton\\\/\"},\"wordCount\":400,\"publisher\":{\"@id\":\"https:\\\/\\\/dorogimedence.hu\\\/#organization\"},\"image\":{\"@id\":\"https:\\\/\\\/dorogimedence.hu\\\/index.php\\\/2019\\\/06\\\/05\\\/elismertek-a-rendorok-munkajat-taton\\\/#primaryimage\"},\"thumbnailUrl\":\"https:\\\/\\\/dorogimedence.hu\\\/wp-content\\\/uploads\\\/2019\\\/06\\\/rendor-kituntetes-01.jpg\",\"keywords\":[\"elismer\u00e9s\",\"rend\u0151rs\u00e9g\",\"T\u00e1t\"],\"articleSection\":[\"H\u00edrek\",\"T\u00e1t\"],\"inLanguage\":\"hu\"},{\"@type\":\"WebPage\",\"@id\":\"https:\\\/\\\/dorogimedence.hu\\\/index.php\\\/2019\\\/06\\\/05\\\/elismertek-a-rendorok-munkajat-taton\\\/\",\"url\":\"https:\\\/\\\/dorogimedence.hu\\\/index.php\\\/2019\\\/06\\\/05\\\/elismertek-a-rendorok-munkajat-taton\\\/\",\"name\":\"Elismert\u00e9k a rend\u0151r\u00f6k munk\u00e1j\u00e1t T\u00e1ton\",\"isPartOf\":{\"@id\":\"https:\\\/\\\/dorogimedence.hu\\\/#website\"},\"primaryImageOfPage\":{\"@id\":\"https:\\\/\\\/dorogimedence.hu\\\/index.php\\\/2019\\\/06\\\/05\\\/elismertek-a-rendorok-munkajat-taton\\\/#primaryimage\"},\"image\":{\"@id\":\"https:\\\/\\\/dorogimedence.hu\\\/index.php\\\/2019\\\/06\\\/05\\\/elismertek-a-rendorok-munkajat-taton\\\/#primaryimage\"},\"thumbnailUrl\":\"https:\\\/\\\/dorogimedence.hu\\\/wp-content\\\/uploads\\\/2019\\\/06\\\/rendor-kituntetes-01.jpg\",\"datePublished\":\"2019-06-05T05:22:14+00:00\",\"breadcrumb\":{\"@id\":\"https:\\\/\\\/dorogimedence.hu\\\/index.php\\\/2019\\\/06\\\/05\\\/elismertek-a-rendorok-munkajat-taton\\\/#breadcrumb\"},\"inLanguage\":\"hu\",\"potentialAction\":[{\"@type\":\"ReadAction\",\"target\":[\"https:\\\/\\\/dorogimedence.hu\\\/index.php\\\/2019\\\/06\\\/05\\\/elismertek-a-rendorok-munkajat-taton\\\/\"]}]},{\"@type\":\"ImageObject\",\"inLanguage\":\"hu\",\"@id\":\"https:\\\/\\\/dorogimedence.hu\\\/index.php\\\/2019\\\/06\\\/05\\\/elismertek-a-rendorok-munkajat-taton\\\/#primaryimage\",\"url\":\"https:\\\/\\\/dorogimedence.hu\\\/wp-content\\\/uploads\\\/2019\\\/06\\\/rendor-kituntetes-01.jpg\",\"contentUrl\":\"https:\\\/\\\/dorogimedence.hu\\\/wp-content\\\/uploads\\\/2019\\\/06\\\/rendor-kituntetes-01.jpg\",\"width\":670,\"height\":365},{\"@type\":\"BreadcrumbList\",\"@id\":\"https:\\\/\\\/dorogimedence.hu\\\/index.php\\\/2019\\\/06\\\/05\\\/elismertek-a-rendorok-munkajat-taton\\\/#breadcrumb\",\"itemListElement\":[{\"@type\":\"ListItem\",\"position\":1,\"name\":\"Kezd\u0151lap\",\"item\":\"https:\\\/\\\/dorogimedence.hu\\\/\"},{\"@type\":\"ListItem\",\"position\":2,\"name\":\"Elismert\u00e9k a rend\u0151r\u00f6k munk\u00e1j\u00e1t T\u00e1ton\"}]},{\"@type\":\"WebSite\",\"@id\":\"https:\\\/\\\/dorogimedence.hu\\\/#website\",\"url\":\"https:\\\/\\\/dorogimedence.hu\\\/\",\"name\":\"Dorogi-medence Region\u00e1lis H\u00edrport\u00e1l\",\"description\":\"Dorog, Keszt\u00f6lc, Le\u00e1nyv\u00e1r, Piliscs\u00e9v, Tokod, Tokodalt\u00e1r\u00f3, Csolnok, Esztergom-kertv\u00e1ros: h\u00edrek, programok\",\"publisher\":{\"@id\":\"https:\\\/\\\/dorogimedence.hu\\\/#organization\"},\"potentialAction\":[{\"@type\":\"SearchAction\",\"target\":{\"@type\":\"EntryPoint\",\"urlTemplate\":\"https:\\\/\\\/dorogimedence.hu\\\/?s={search_term_string}\"},\"query-input\":{\"@type\":\"PropertyValueSpecification\",\"valueRequired\":true,\"valueName\":\"search_term_string\"}}],\"inLanguage\":\"hu\"},{\"@type\":\"Organization\",\"@id\":\"https:\\\/\\\/dorogimedence.hu\\\/#organization\",\"name\":\"Dorogi-medence Region\u00e1lis H\u00edrport\u00e1l\",\"url\":\"https:\\\/\\\/dorogimedence.hu\\\/\",\"logo\":{\"@type\":\"ImageObject\",\"inLanguage\":\"hu\",\"@id\":\"https:\\\/\\\/dorogimedence.hu\\\/#\\\/schema\\\/logo\\\/image\\\/\",\"url\":\"https:\\\/\\\/dorogimedence.hu\\\/wp-content\\\/uploads\\\/2021\\\/04\\\/logo-feher-600.png\",\"contentUrl\":\"https:\\\/\\\/dorogimedence.hu\\\/wp-content\\\/uploads\\\/2021\\\/04\\\/logo-feher-600.png\",\"width\":600,\"height\":100,\"caption\":\"Dorogi-medence Region\u00e1lis H\u00edrport\u00e1l\"},\"image\":{\"@id\":\"https:\\\/\\\/dorogimedence.hu\\\/#\\\/schema\\\/logo\\\/image\\\/\"},\"sameAs\":[\"https:\\\/\\\/www.facebook.com\\\/dorogimedence\\\/\"]},{\"@type\":\"Person\",\"@id\":\"https:\\\/\\\/dorogimedence.hu\\\/#\\\/schema\\\/person\\\/ce6091eeb7e95ecdc87890d6aa8e0fd4\",\"name\":\"dorogimedence.hu\",\"image\":{\"@type\":\"ImageObject\",\"inLanguage\":\"hu\",\"@id\":\"\\\/\\\/www.gravatar.com\\\/avatar\\\/d8d45f8901aadff40a4af72c0b826f1d?s=96&#038;r=g&#038;d=mm\",\"url\":\"\\\/\\\/www.gravatar.com\\\/avatar\\\/d8d45f8901aadff40a4af72c0b826f1d?s=96&#038;r=g&#038;d=mm\",\"contentUrl\":\"\\\/\\\/www.gravatar.com\\\/avatar\\\/d8d45f8901aadff40a4af72c0b826f1d?s=96&#038;r=g&#038;d=mm\",\"caption\":\"dorogimedence.hu\"}}]}<\/script>\n<!-- \/ Yoast SEO plugin. -->","yoast_head_json":{"title":"Elismert\u00e9k a rend\u0151r\u00f6k munk\u00e1j\u00e1t T\u00e1ton","robots":{"index":"index","follow":"follow","max-snippet":"max-snippet:-1","max-image-preview":"max-image-preview:large","max-video-preview":"max-video-preview:-1"},"canonical":"https:\/\/dorogimedence.hu\/index.php\/2019\/06\/05\/elismertek-a-rendorok-munkajat-taton\/","og_locale":"hu_HU","og_type":"article","og_title":"Elismert\u00e9k a rend\u0151r\u00f6k munk\u00e1j\u00e1t T\u00e1ton","og_description":"J\u00fanius 4-\u00e9n, kedden, a t\u00e1ti v\u00e1rosh\u00e1z\u00e1n Turi Lajos polg\u00e1rmester k\u00f6sz\u00f6netet mondott a rend\u0151r\u00f6knek, hogy a b\u0171ncselekm\u00e9nyt k\u00f6vet\u0151 napon, gyorsan elfogt\u00e1k Kardos Mih\u00e1ly pl\u00e9b\u00e1nos t\u00e1mad\u00f3j\u00e1t. M\u00e1jus 18-\u00e1n \u2013 a kor\u00e1bban m\u00e1r papgyilkoss\u00e1g miatt el\u00edt\u00e9lt \u2013 P. L\u00e1szl\u00f3 gy\u00f3n\u00e1si sz\u00e1nd\u00e9kkal cs\u00f6ngetett be az aty\u00e1hoz, aki k\u00e9s\u0151bb p\u00e9nzt is k\u00e9rt t\u0151le. A pap h\u00e1romezer forintot adott neki, majd","og_url":"https:\/\/dorogimedence.hu\/index.php\/2019\/06\/05\/elismertek-a-rendorok-munkajat-taton\/","og_site_name":"Dorogi-medence Region\u00e1lis H\u00edrport\u00e1l","article_publisher":"https:\/\/www.facebook.com\/dorogimedence\/","article_published_time":"2019-06-05T05:22:14+00:00","og_image":[{"width":670,"height":365,"url":"https:\/\/i0.wp.com\/dorogimedence.hu\/wp-content\/uploads\/2019\/06\/rendor-kituntetes-01.jpg?fit=670%2C365&ssl=1","type":"image\/jpeg"}],"author":"dorogimedence.hu","twitter_card":"summary_large_image","twitter_misc":{"Szerz\u0151:":"dorogimedence.hu","Becs\u00fclt olvas\u00e1si id\u0151":"2 perc"},"schema":{"@context":"https:\/\/schema.org","@graph":[{"@type":"Article","@id":"https:\/\/dorogimedence.hu\/index.php\/2019\/06\/05\/elismertek-a-rendorok-munkajat-taton\/#article","isPartOf":{"@id":"https:\/\/dorogimedence.hu\/index.php\/2019\/06\/05\/elismertek-a-rendorok-munkajat-taton\/"},"author":{"name":"dorogimedence.hu","@id":"https:\/\/dorogimedence.hu\/#\/schema\/person\/ce6091eeb7e95ecdc87890d6aa8e0fd4"},"headline":"Elismert\u00e9k a rend\u0151r\u00f6k munk\u00e1j\u00e1t T\u00e1ton","datePublished":"2019-06-05T05:22:14+00:00","mainEntityOfPage":{"@id":"https:\/\/dorogimedence.hu\/index.php\/2019\/06\/05\/elismertek-a-rendorok-munkajat-taton\/"},"wordCount":400,"publisher":{"@id":"https:\/\/dorogimedence.hu\/#organization"},"image":{"@id":"https:\/\/dorogimedence.hu\/index.php\/2019\/06\/05\/elismertek-a-rendorok-munkajat-taton\/#primaryimage"},"thumbnailUrl":"https:\/\/dorogimedence.hu\/wp-content\/uploads\/2019\/06\/rendor-kituntetes-01.jpg","keywords":["elismer\u00e9s","rend\u0151rs\u00e9g","T\u00e1t"],"articleSection":["H\u00edrek","T\u00e1t"],"inLanguage":"hu"},{"@type":"WebPage","@id":"https:\/\/dorogimedence.hu\/index.php\/2019\/06\/05\/elismertek-a-rendorok-munkajat-taton\/","url":"https:\/\/dorogimedence.hu\/index.php\/2019\/06\/05\/elismertek-a-rendorok-munkajat-taton\/","name":"Elismert\u00e9k a rend\u0151r\u00f6k munk\u00e1j\u00e1t T\u00e1ton","isPartOf":{"@id":"https:\/\/dorogimedence.hu\/#website"},"primaryImageOfPage":{"@id":"https:\/\/dorogimedence.hu\/index.php\/2019\/06\/05\/elismertek-a-rendorok-munkajat-taton\/#primaryimage"},"image":{"@id":"https:\/\/dorogimedence.hu\/index.php\/2019\/06\/05\/elismertek-a-rendorok-munkajat-taton\/#primaryimage"},"thumbnailUrl":"https:\/\/dorogimedence.hu\/wp-content\/uploads\/2019\/06\/rendor-kituntetes-01.jpg","datePublished":"2019-06-05T05:22:14+00:00","breadcrumb":{"@id":"https:\/\/dorogimedence.hu\/index.php\/2019\/06\/05\/elismertek-a-rendorok-munkajat-taton\/#breadcrumb"},"inLanguage":"hu","potentialAction":[{"@type":"ReadAction","target":["https:\/\/dorogimedence.hu\/index.php\/2019\/06\/05\/elismertek-a-rendorok-munkajat-taton\/"]}]},{"@type":"ImageObject","inLanguage":"hu","@id":"https:\/\/dorogimedence.hu\/index.php\/2019\/06\/05\/elismertek-a-rendorok-munkajat-taton\/#primaryimage","url":"https:\/\/dorogimedence.hu\/wp-content\/uploads\/2019\/06\/rendor-kituntetes-01.jpg","contentUrl":"https:\/\/dorogimedence.hu\/wp-content\/uploads\/2019\/06\/rendor-kituntetes-01.jpg","width":670,"height":365},{"@type":"BreadcrumbList","@id":"https:\/\/dorogimedence.hu\/index.php\/2019\/06\/05\/elismertek-a-rendorok-munkajat-taton\/#breadcrumb","itemListElement":[{"@type":"ListItem","position":1,"name":"Kezd\u0151lap","item":"https:\/\/dorogimedence.hu\/"},{"@type":"ListItem","position":2,"name":"Elismert\u00e9k a rend\u0151r\u00f6k munk\u00e1j\u00e1t T\u00e1ton"}]},{"@type":"WebSite","@id":"https:\/\/dorogimedence.hu\/#website","url":"https:\/\/dorogimedence.hu\/","name":"Dorogi-medence Region\u00e1lis H\u00edrport\u00e1l","description":"Dorog, Keszt\u00f6lc, Le\u00e1nyv\u00e1r, Piliscs\u00e9v, Tokod, Tokodalt\u00e1r\u00f3, Csolnok, Esztergom-kertv\u00e1ros: h\u00edrek, programok","publisher":{"@id":"https:\/\/dorogimedence.hu\/#organization"},"potentialAction":[{"@type":"SearchAction","target":{"@type":"EntryPoint","urlTemplate":"https:\/\/dorogimedence.hu\/?s={search_term_string}"},"query-input":{"@type":"PropertyValueSpecification","valueRequired":true,"valueName":"search_term_string"}}],"inLanguage":"hu"},{"@type":"Organization","@id":"https:\/\/dorogimedence.hu\/#organization","name":"Dorogi-medence Region\u00e1lis H\u00edrport\u00e1l","url":"https:\/\/dorogimedence.hu\/","logo":{"@type":"ImageObject","inLanguage":"hu","@id":"https:\/\/dorogimedence.hu\/#\/schema\/logo\/image\/","url":"https:\/\/dorogimedence.hu\/wp-content\/uploads\/2021\/04\/logo-feher-600.png","contentUrl":"https:\/\/dorogimedence.hu\/wp-content\/uploads\/2021\/04\/logo-feher-600.png","width":600,"height":100,"caption":"Dorogi-medence Region\u00e1lis H\u00edrport\u00e1l"},"image":{"@id":"https:\/\/dorogimedence.hu\/#\/schema\/logo\/image\/"},"sameAs":["https:\/\/www.facebook.com\/dorogimedence\/"]},{"@type":"Person","@id":"https:\/\/dorogimedence.hu\/#\/schema\/person\/ce6091eeb7e95ecdc87890d6aa8e0fd4","name":"dorogimedence.hu","image":{"@type":"ImageObject","inLanguage":"hu","@id":"\/\/www.gravatar.com\/avatar\/d8d45f8901aadff40a4af72c0b826f1d?s=96&#038;r=g&#038;d=mm","url":"\/\/www.gravatar.com\/avatar\/d8d45f8901aadff40a4af72c0b826f1d?s=96&#038;r=g&#038;d=mm","contentUrl":"\/\/www.gravatar.com\/avatar\/d8d45f8901aadff40a4af72c0b826f1d?s=96&#038;r=g&#038;d=mm","caption":"dorogimedence.hu"}}]}},"_links":{"self":[{"href":"https:\/\/dorogimedence.hu\/index.php\/wp-json\/wp\/v2\/posts\/17185","targetHints":{"allow":["GET"]}}],"collection":[{"href":"https:\/\/dorogimedence.hu\/index.php\/wp-json\/wp\/v2\/posts"}],"about":[{"href":"https:\/\/dorogimedence.hu\/index.php\/wp-json\/wp\/v2\/types\/post"}],"author":[{"embeddable":true,"href":"https:\/\/dorogimedence.hu\/index.php\/wp-json\/wp\/v2\/users\/1"}],"replies":[{"embeddable":true,"href":"https:\/\/dorogimedence.hu\/index.php\/wp-json\/wp\/v2\/comments?post=17185"}],"version-history":[{"count":0,"href":"https:\/\/dorogimedence.hu\/index.php\/wp-json\/wp\/v2\/posts\/17185\/revisions"}],"wp:featuredmedia":[{"embeddable":true,"href":"https:\/\/dorogimedence.hu\/index.php\/wp-json\/wp\/v2\/media\/17186"}],"wp:attachment":[{"href":"https:\/\/dorogimedence.hu\/index.php\/wp-json\/wp\/v2\/media?parent=17185"}],"wp:term":[{"taxonomy":"category","embeddable":true,"href":"https:\/\/dorogimedence.hu\/index.php\/wp-json\/wp\/v2\/categories?post=17185"},{"taxonomy":"post_tag","embeddable":true,"href":"https:\/\/dorogimedence.hu\/index.php\/wp-json\/wp\/v2\/tags?post=17185"}],"curies":[{"name":"wp","href":"https:\/\/api.w.org\/{rel}","templated":true}]}}