{"id":17100,"date":"2019-05-31T16:57:33","date_gmt":"2019-05-31T14:57:33","guid":{"rendered":"http:\/\/dorogimedence.hu\/?p=17100"},"modified":"2019-05-31T16:57:33","modified_gmt":"2019-05-31T14:57:33","slug":"szerszamgepeket-lopott-esztergomi-munkahelyerol","status":"publish","type":"post","link":"https:\/\/dorogimedence.hu\/index.php\/2019\/05\/31\/szerszamgepeket-lopott-esztergomi-munkahelyerol\/","title":{"rendered":"Szersz\u00e1mg\u00e9peket lopott esztergomi munkahely\u00e9r\u0151l"},"content":{"rendered":"<div class=\"lead-text\">\n<p><strong>Egy esztergomi telephelyr\u0151l lopott szersz\u00e1mg\u00e9peket egy 24 \u00e9ves f\u00e9rfi, \u00e9s kicser\u00e9lte saj\u00e1t, haszn\u00e1lt g\u00e9peire.<\/strong><\/p>\n<\/div>\n<div class=\"body-text\">\n<p>Lop\u00e1s v\u00e9ts\u00e9g elk\u00f6vet\u00e9s\u00e9nek megalapozott gyan\u00faja miatt folytat elj\u00e1r\u00e1st az Esztergomi Rend\u0151rkapit\u00e1nys\u00e1g B\u0171n\u00fcgyi Oszt\u00e1lya egy 24 \u00e9ves f\u00e9rfi ellen.<\/p>\n<p>T. G\u00e1bor egy esztergomi c\u00e9gn\u00e9l dolgozott, \u00e9s az ott l\u00e9v\u0151 egyik irod\u00e1b\u00f3l lopott el k\u00fcl\u00f6nb\u00f6z\u0151 szersz\u00e1mg\u00e9peket. A gyan\u00fas\u00edtott egyszer egy csavarbehajt\u00f3 g\u00e9pet, m\u00e1skor flex g\u00e9pet, \u00e9s volt, hogy \u00fctvef\u00far\u00f3t tulajdon\u00edtott el a helyis\u00e9gben l\u00e9v\u0151 dobozokb\u00f3l, \u00e9s azok hely\u00e9re a saj\u00e1t, haszn\u00e1lt szersz\u00e1mg\u00e9peit tette. Amikor a c\u00e9gn\u00e9l \u00e9szrevett\u00e9k a lop\u00e1st, feljelent\u00e9st tettek a rend\u0151rs\u00e9gen.<\/p>\n<p>A nyomoz\u00f3k r\u00f6vid id\u0151n bel\u00fcl azonos\u00edtott\u00e1k \u00e9s 2019. m\u00e1jus 30-\u00e1n gyan\u00fas\u00edtottk\u00e9nt kihallgatt\u00e1k T. G\u00e1bort, aki beismerte a b\u0171ncselekm\u00e9ny elk\u00f6vet\u00e9s\u00e9t. A rend\u0151r\u00f6k a f\u00e9rfi lak\u00e1s\u00e1n tartott kutat\u00e1s sor\u00e1n megtal\u00e1lt\u00e1k a lopott szersz\u00e1mg\u00e9peket, amelyeket visszaadtak a c\u00e9g vezet\u0151j\u00e9nek. A rend\u0151rs\u00e9g a gyan\u00fas\u00edtott gyors\u00edtott elj\u00e1r\u00e1sban t\u00f6rt\u00e9n\u0151 b\u00edr\u00f3s\u00e1g el\u00e9 \u00e1ll\u00edt\u00e1s\u00e1t tervezi.<\/p>\n<p><em>Forr\u00e1s: police.hu<\/em><\/p>\n<\/div>\n","protected":false},"excerpt":{"rendered":"<p>Egy esztergomi telephelyr\u0151l lopott szersz\u00e1mg\u00e9peket egy 24 \u00e9ves f\u00e9rfi, \u00e9s kicser\u00e9lte saj\u00e1t, haszn\u00e1lt g\u00e9peire. Lop\u00e1s v\u00e9ts\u00e9g elk\u00f6vet\u00e9s\u00e9nek megalapozott gyan\u00faja miatt folytat elj\u00e1r\u00e1st az Esztergomi Rend\u0151rkapit\u00e1nys\u00e1g B\u0171n\u00fcgyi Oszt\u00e1lya egy 24 \u00e9ves f\u00e9rfi ellen. T. G\u00e1bor egy esztergomi c\u00e9gn\u00e9l dolgozott, \u00e9s az ott l\u00e9v\u0151 egyik irod\u00e1b\u00f3l lopott el k\u00fcl\u00f6nb\u00f6z\u0151 szersz\u00e1mg\u00e9peket. A gyan\u00fas\u00edtott egyszer egy csavarbehajt\u00f3 g\u00e9pet, m\u00e1skor<\/p>\n","protected":false},"author":1,"featured_media":7083,"comment_status":"closed","ping_status":"closed","sticky":false,"template":"","format":"standard","meta":{"ngg_post_thumbnail":0,"footnotes":""},"categories":[38,3,39],"tags":[63,42,447,61],"class_list":{"0":"post-17100","1":"post","2":"type-post","3":"status-publish","4":"format-standard","5":"has-post-thumbnail","7":"category-esztergom","8":"category-hirek","9":"category-kek-hirek","10":"tag-buncselekmeny","11":"tag-esztergom","12":"tag-lopas","13":"tag-rendorsegi-hirek"},"yoast_head":"<!-- This site is optimized with the Yoast SEO plugin v27.5 - https:\/\/yoast.com\/product\/yoast-seo-wordpress\/ -->\n<title>Szersz\u00e1mg\u00e9peket lopott esztergomi munkahely\u00e9r\u0151l<\/title>\n<meta name=\"robots\" content=\"index, follow, max-snippet:-1, max-image-preview:large, max-video-preview:-1\" \/>\n<link rel=\"canonical\" href=\"https:\/\/dorogimedence.hu\/index.php\/2019\/05\/31\/szerszamgepeket-lopott-esztergomi-munkahelyerol\/\" class=\"yoast-seo-meta-tag\" \/>\n<meta property=\"og:locale\" content=\"hu_HU\" class=\"yoast-seo-meta-tag\" \/>\n<meta property=\"og:type\" content=\"article\" class=\"yoast-seo-meta-tag\" \/>\n<meta property=\"og:title\" content=\"Szersz\u00e1mg\u00e9peket lopott esztergomi munkahely\u00e9r\u0151l\" class=\"yoast-seo-meta-tag\" \/>\n<meta property=\"og:description\" content=\"Egy esztergomi telephelyr\u0151l lopott szersz\u00e1mg\u00e9peket egy 24 \u00e9ves f\u00e9rfi, \u00e9s kicser\u00e9lte saj\u00e1t, haszn\u00e1lt g\u00e9peire. Lop\u00e1s v\u00e9ts\u00e9g elk\u00f6vet\u00e9s\u00e9nek megalapozott gyan\u00faja miatt folytat elj\u00e1r\u00e1st az Esztergomi Rend\u0151rkapit\u00e1nys\u00e1g B\u0171n\u00fcgyi Oszt\u00e1lya egy 24 \u00e9ves f\u00e9rfi ellen. T. G\u00e1bor egy esztergomi c\u00e9gn\u00e9l dolgozott, \u00e9s az ott l\u00e9v\u0151 egyik irod\u00e1b\u00f3l lopott el k\u00fcl\u00f6nb\u00f6z\u0151 szersz\u00e1mg\u00e9peket. A gyan\u00fas\u00edtott egyszer egy csavarbehajt\u00f3 g\u00e9pet, m\u00e1skor\" class=\"yoast-seo-meta-tag\" \/>\n<meta property=\"og:url\" content=\"https:\/\/dorogimedence.hu\/index.php\/2019\/05\/31\/szerszamgepeket-lopott-esztergomi-munkahelyerol\/\" class=\"yoast-seo-meta-tag\" \/>\n<meta property=\"og:site_name\" content=\"Dorogi-medence Region\u00e1lis H\u00edrport\u00e1l\" class=\"yoast-seo-meta-tag\" \/>\n<meta property=\"article:publisher\" content=\"https:\/\/www.facebook.com\/dorogimedence\/\" class=\"yoast-seo-meta-tag\" \/>\n<meta property=\"article:published_time\" content=\"2019-05-31T14:57:33+00:00\" class=\"yoast-seo-meta-tag\" \/>\n<meta property=\"og:image\" content=\"https:\/\/i0.wp.com\/dorogimedence.hu\/wp-content\/uploads\/2017\/11\/bilincs05.jpg?fit=670%2C365&ssl=1\" class=\"yoast-seo-meta-tag\" \/>\n\t<meta property=\"og:image:width\" content=\"670\" class=\"yoast-seo-meta-tag\" \/>\n\t<meta property=\"og:image:height\" content=\"365\" class=\"yoast-seo-meta-tag\" \/>\n\t<meta property=\"og:image:type\" content=\"image\/jpeg\" class=\"yoast-seo-meta-tag\" \/>\n<meta name=\"author\" content=\"dorogimedence.hu\" class=\"yoast-seo-meta-tag\" \/>\n<meta name=\"twitter:card\" content=\"summary_large_image\" class=\"yoast-seo-meta-tag\" \/>\n<meta name=\"twitter:label1\" content=\"Szerz\u0151:\" class=\"yoast-seo-meta-tag\" \/>\n\t<meta name=\"twitter:data1\" content=\"dorogimedence.hu\" class=\"yoast-seo-meta-tag\" \/>\n\t<meta name=\"twitter:label2\" content=\"Becs\u00fclt olvas\u00e1si id\u0151\" class=\"yoast-seo-meta-tag\" \/>\n\t<meta name=\"twitter:data2\" content=\"1 perc\" class=\"yoast-seo-meta-tag\" \/>\n<script type=\"application\/ld+json\" class=\"yoast-schema-graph\">{\"@context\":\"https:\\\/\\\/schema.org\",\"@graph\":[{\"@type\":\"Article\",\"@id\":\"https:\\\/\\\/dorogimedence.hu\\\/index.php\\\/2019\\\/05\\\/31\\\/szerszamgepeket-lopott-esztergomi-munkahelyerol\\\/#article\",\"isPartOf\":{\"@id\":\"https:\\\/\\\/dorogimedence.hu\\\/index.php\\\/2019\\\/05\\\/31\\\/szerszamgepeket-lopott-esztergomi-munkahelyerol\\\/\"},\"author\":{\"name\":\"dorogimedence.hu\",\"@id\":\"https:\\\/\\\/dorogimedence.hu\\\/#\\\/schema\\\/person\\\/ce6091eeb7e95ecdc87890d6aa8e0fd4\"},\"headline\":\"Szersz\u00e1mg\u00e9peket lopott esztergomi munkahely\u00e9r\u0151l\",\"datePublished\":\"2019-05-31T14:57:33+00:00\",\"mainEntityOfPage\":{\"@id\":\"https:\\\/\\\/dorogimedence.hu\\\/index.php\\\/2019\\\/05\\\/31\\\/szerszamgepeket-lopott-esztergomi-munkahelyerol\\\/\"},\"wordCount\":246,\"publisher\":{\"@id\":\"https:\\\/\\\/dorogimedence.hu\\\/#organization\"},\"image\":{\"@id\":\"https:\\\/\\\/dorogimedence.hu\\\/index.php\\\/2019\\\/05\\\/31\\\/szerszamgepeket-lopott-esztergomi-munkahelyerol\\\/#primaryimage\"},\"thumbnailUrl\":\"https:\\\/\\\/dorogimedence.hu\\\/wp-content\\\/uploads\\\/2017\\\/11\\\/bilincs05.jpg\",\"keywords\":[\"b\u0171ncselekm\u00e9ny\",\"esztergom\",\"lop\u00e1s\",\"rend\u0151rs\u00e9gi h\u00edrek\"],\"articleSection\":[\"Esztergom\",\"H\u00edrek\",\"K\u00e9k h\u00edrek\"],\"inLanguage\":\"hu\"},{\"@type\":\"WebPage\",\"@id\":\"https:\\\/\\\/dorogimedence.hu\\\/index.php\\\/2019\\\/05\\\/31\\\/szerszamgepeket-lopott-esztergomi-munkahelyerol\\\/\",\"url\":\"https:\\\/\\\/dorogimedence.hu\\\/index.php\\\/2019\\\/05\\\/31\\\/szerszamgepeket-lopott-esztergomi-munkahelyerol\\\/\",\"name\":\"Szersz\u00e1mg\u00e9peket lopott esztergomi munkahely\u00e9r\u0151l\",\"isPartOf\":{\"@id\":\"https:\\\/\\\/dorogimedence.hu\\\/#website\"},\"primaryImageOfPage\":{\"@id\":\"https:\\\/\\\/dorogimedence.hu\\\/index.php\\\/2019\\\/05\\\/31\\\/szerszamgepeket-lopott-esztergomi-munkahelyerol\\\/#primaryimage\"},\"image\":{\"@id\":\"https:\\\/\\\/dorogimedence.hu\\\/index.php\\\/2019\\\/05\\\/31\\\/szerszamgepeket-lopott-esztergomi-munkahelyerol\\\/#primaryimage\"},\"thumbnailUrl\":\"https:\\\/\\\/dorogimedence.hu\\\/wp-content\\\/uploads\\\/2017\\\/11\\\/bilincs05.jpg\",\"datePublished\":\"2019-05-31T14:57:33+00:00\",\"breadcrumb\":{\"@id\":\"https:\\\/\\\/dorogimedence.hu\\\/index.php\\\/2019\\\/05\\\/31\\\/szerszamgepeket-lopott-esztergomi-munkahelyerol\\\/#breadcrumb\"},\"inLanguage\":\"hu\",\"potentialAction\":[{\"@type\":\"ReadAction\",\"target\":[\"https:\\\/\\\/dorogimedence.hu\\\/index.php\\\/2019\\\/05\\\/31\\\/szerszamgepeket-lopott-esztergomi-munkahelyerol\\\/\"]}]},{\"@type\":\"ImageObject\",\"inLanguage\":\"hu\",\"@id\":\"https:\\\/\\\/dorogimedence.hu\\\/index.php\\\/2019\\\/05\\\/31\\\/szerszamgepeket-lopott-esztergomi-munkahelyerol\\\/#primaryimage\",\"url\":\"https:\\\/\\\/dorogimedence.hu\\\/wp-content\\\/uploads\\\/2017\\\/11\\\/bilincs05.jpg\",\"contentUrl\":\"https:\\\/\\\/dorogimedence.hu\\\/wp-content\\\/uploads\\\/2017\\\/11\\\/bilincs05.jpg\",\"width\":670,\"height\":365},{\"@type\":\"BreadcrumbList\",\"@id\":\"https:\\\/\\\/dorogimedence.hu\\\/index.php\\\/2019\\\/05\\\/31\\\/szerszamgepeket-lopott-esztergomi-munkahelyerol\\\/#breadcrumb\",\"itemListElement\":[{\"@type\":\"ListItem\",\"position\":1,\"name\":\"Kezd\u0151lap\",\"item\":\"https:\\\/\\\/dorogimedence.hu\\\/\"},{\"@type\":\"ListItem\",\"position\":2,\"name\":\"Szersz\u00e1mg\u00e9peket lopott esztergomi munkahely\u00e9r\u0151l\"}]},{\"@type\":\"WebSite\",\"@id\":\"https:\\\/\\\/dorogimedence.hu\\\/#website\",\"url\":\"https:\\\/\\\/dorogimedence.hu\\\/\",\"name\":\"Dorogi-medence Region\u00e1lis H\u00edrport\u00e1l\",\"description\":\"Dorog, Keszt\u00f6lc, Le\u00e1nyv\u00e1r, Piliscs\u00e9v, Tokod, Tokodalt\u00e1r\u00f3, Csolnok, Esztergom-kertv\u00e1ros: h\u00edrek, programok\",\"publisher\":{\"@id\":\"https:\\\/\\\/dorogimedence.hu\\\/#organization\"},\"potentialAction\":[{\"@type\":\"SearchAction\",\"target\":{\"@type\":\"EntryPoint\",\"urlTemplate\":\"https:\\\/\\\/dorogimedence.hu\\\/?s={search_term_string}\"},\"query-input\":{\"@type\":\"PropertyValueSpecification\",\"valueRequired\":true,\"valueName\":\"search_term_string\"}}],\"inLanguage\":\"hu\"},{\"@type\":\"Organization\",\"@id\":\"https:\\\/\\\/dorogimedence.hu\\\/#organization\",\"name\":\"Dorogi-medence Region\u00e1lis H\u00edrport\u00e1l\",\"url\":\"https:\\\/\\\/dorogimedence.hu\\\/\",\"logo\":{\"@type\":\"ImageObject\",\"inLanguage\":\"hu\",\"@id\":\"https:\\\/\\\/dorogimedence.hu\\\/#\\\/schema\\\/logo\\\/image\\\/\",\"url\":\"https:\\\/\\\/dorogimedence.hu\\\/wp-content\\\/uploads\\\/2021\\\/04\\\/logo-feher-600.png\",\"contentUrl\":\"https:\\\/\\\/dorogimedence.hu\\\/wp-content\\\/uploads\\\/2021\\\/04\\\/logo-feher-600.png\",\"width\":600,\"height\":100,\"caption\":\"Dorogi-medence Region\u00e1lis H\u00edrport\u00e1l\"},\"image\":{\"@id\":\"https:\\\/\\\/dorogimedence.hu\\\/#\\\/schema\\\/logo\\\/image\\\/\"},\"sameAs\":[\"https:\\\/\\\/www.facebook.com\\\/dorogimedence\\\/\"]},{\"@type\":\"Person\",\"@id\":\"https:\\\/\\\/dorogimedence.hu\\\/#\\\/schema\\\/person\\\/ce6091eeb7e95ecdc87890d6aa8e0fd4\",\"name\":\"dorogimedence.hu\",\"image\":{\"@type\":\"ImageObject\",\"inLanguage\":\"hu\",\"@id\":\"\\\/\\\/www.gravatar.com\\\/avatar\\\/d8d45f8901aadff40a4af72c0b826f1d?s=96&#038;r=g&#038;d=mm\",\"url\":\"\\\/\\\/www.gravatar.com\\\/avatar\\\/d8d45f8901aadff40a4af72c0b826f1d?s=96&#038;r=g&#038;d=mm\",\"contentUrl\":\"\\\/\\\/www.gravatar.com\\\/avatar\\\/d8d45f8901aadff40a4af72c0b826f1d?s=96&#038;r=g&#038;d=mm\",\"caption\":\"dorogimedence.hu\"}}]}<\/script>\n<!-- \/ Yoast SEO plugin. -->","yoast_head_json":{"title":"Szersz\u00e1mg\u00e9peket lopott esztergomi munkahely\u00e9r\u0151l","robots":{"index":"index","follow":"follow","max-snippet":"max-snippet:-1","max-image-preview":"max-image-preview:large","max-video-preview":"max-video-preview:-1"},"canonical":"https:\/\/dorogimedence.hu\/index.php\/2019\/05\/31\/szerszamgepeket-lopott-esztergomi-munkahelyerol\/","og_locale":"hu_HU","og_type":"article","og_title":"Szersz\u00e1mg\u00e9peket lopott esztergomi munkahely\u00e9r\u0151l","og_description":"Egy esztergomi telephelyr\u0151l lopott szersz\u00e1mg\u00e9peket egy 24 \u00e9ves f\u00e9rfi, \u00e9s kicser\u00e9lte saj\u00e1t, haszn\u00e1lt g\u00e9peire. Lop\u00e1s v\u00e9ts\u00e9g elk\u00f6vet\u00e9s\u00e9nek megalapozott gyan\u00faja miatt folytat elj\u00e1r\u00e1st az Esztergomi Rend\u0151rkapit\u00e1nys\u00e1g B\u0171n\u00fcgyi Oszt\u00e1lya egy 24 \u00e9ves f\u00e9rfi ellen. T. G\u00e1bor egy esztergomi c\u00e9gn\u00e9l dolgozott, \u00e9s az ott l\u00e9v\u0151 egyik irod\u00e1b\u00f3l lopott el k\u00fcl\u00f6nb\u00f6z\u0151 szersz\u00e1mg\u00e9peket. A gyan\u00fas\u00edtott egyszer egy csavarbehajt\u00f3 g\u00e9pet, m\u00e1skor","og_url":"https:\/\/dorogimedence.hu\/index.php\/2019\/05\/31\/szerszamgepeket-lopott-esztergomi-munkahelyerol\/","og_site_name":"Dorogi-medence Region\u00e1lis H\u00edrport\u00e1l","article_publisher":"https:\/\/www.facebook.com\/dorogimedence\/","article_published_time":"2019-05-31T14:57:33+00:00","og_image":[{"width":670,"height":365,"url":"https:\/\/i0.wp.com\/dorogimedence.hu\/wp-content\/uploads\/2017\/11\/bilincs05.jpg?fit=670%2C365&ssl=1","type":"image\/jpeg"}],"author":"dorogimedence.hu","twitter_card":"summary_large_image","twitter_misc":{"Szerz\u0151:":"dorogimedence.hu","Becs\u00fclt olvas\u00e1si id\u0151":"1 perc"},"schema":{"@context":"https:\/\/schema.org","@graph":[{"@type":"Article","@id":"https:\/\/dorogimedence.hu\/index.php\/2019\/05\/31\/szerszamgepeket-lopott-esztergomi-munkahelyerol\/#article","isPartOf":{"@id":"https:\/\/dorogimedence.hu\/index.php\/2019\/05\/31\/szerszamgepeket-lopott-esztergomi-munkahelyerol\/"},"author":{"name":"dorogimedence.hu","@id":"https:\/\/dorogimedence.hu\/#\/schema\/person\/ce6091eeb7e95ecdc87890d6aa8e0fd4"},"headline":"Szersz\u00e1mg\u00e9peket lopott esztergomi munkahely\u00e9r\u0151l","datePublished":"2019-05-31T14:57:33+00:00","mainEntityOfPage":{"@id":"https:\/\/dorogimedence.hu\/index.php\/2019\/05\/31\/szerszamgepeket-lopott-esztergomi-munkahelyerol\/"},"wordCount":246,"publisher":{"@id":"https:\/\/dorogimedence.hu\/#organization"},"image":{"@id":"https:\/\/dorogimedence.hu\/index.php\/2019\/05\/31\/szerszamgepeket-lopott-esztergomi-munkahelyerol\/#primaryimage"},"thumbnailUrl":"https:\/\/dorogimedence.hu\/wp-content\/uploads\/2017\/11\/bilincs05.jpg","keywords":["b\u0171ncselekm\u00e9ny","esztergom","lop\u00e1s","rend\u0151rs\u00e9gi h\u00edrek"],"articleSection":["Esztergom","H\u00edrek","K\u00e9k h\u00edrek"],"inLanguage":"hu"},{"@type":"WebPage","@id":"https:\/\/dorogimedence.hu\/index.php\/2019\/05\/31\/szerszamgepeket-lopott-esztergomi-munkahelyerol\/","url":"https:\/\/dorogimedence.hu\/index.php\/2019\/05\/31\/szerszamgepeket-lopott-esztergomi-munkahelyerol\/","name":"Szersz\u00e1mg\u00e9peket lopott esztergomi munkahely\u00e9r\u0151l","isPartOf":{"@id":"https:\/\/dorogimedence.hu\/#website"},"primaryImageOfPage":{"@id":"https:\/\/dorogimedence.hu\/index.php\/2019\/05\/31\/szerszamgepeket-lopott-esztergomi-munkahelyerol\/#primaryimage"},"image":{"@id":"https:\/\/dorogimedence.hu\/index.php\/2019\/05\/31\/szerszamgepeket-lopott-esztergomi-munkahelyerol\/#primaryimage"},"thumbnailUrl":"https:\/\/dorogimedence.hu\/wp-content\/uploads\/2017\/11\/bilincs05.jpg","datePublished":"2019-05-31T14:57:33+00:00","breadcrumb":{"@id":"https:\/\/dorogimedence.hu\/index.php\/2019\/05\/31\/szerszamgepeket-lopott-esztergomi-munkahelyerol\/#breadcrumb"},"inLanguage":"hu","potentialAction":[{"@type":"ReadAction","target":["https:\/\/dorogimedence.hu\/index.php\/2019\/05\/31\/szerszamgepeket-lopott-esztergomi-munkahelyerol\/"]}]},{"@type":"ImageObject","inLanguage":"hu","@id":"https:\/\/dorogimedence.hu\/index.php\/2019\/05\/31\/szerszamgepeket-lopott-esztergomi-munkahelyerol\/#primaryimage","url":"https:\/\/dorogimedence.hu\/wp-content\/uploads\/2017\/11\/bilincs05.jpg","contentUrl":"https:\/\/dorogimedence.hu\/wp-content\/uploads\/2017\/11\/bilincs05.jpg","width":670,"height":365},{"@type":"BreadcrumbList","@id":"https:\/\/dorogimedence.hu\/index.php\/2019\/05\/31\/szerszamgepeket-lopott-esztergomi-munkahelyerol\/#breadcrumb","itemListElement":[{"@type":"ListItem","position":1,"name":"Kezd\u0151lap","item":"https:\/\/dorogimedence.hu\/"},{"@type":"ListItem","position":2,"name":"Szersz\u00e1mg\u00e9peket lopott esztergomi munkahely\u00e9r\u0151l"}]},{"@type":"WebSite","@id":"https:\/\/dorogimedence.hu\/#website","url":"https:\/\/dorogimedence.hu\/","name":"Dorogi-medence Region\u00e1lis H\u00edrport\u00e1l","description":"Dorog, Keszt\u00f6lc, Le\u00e1nyv\u00e1r, Piliscs\u00e9v, Tokod, Tokodalt\u00e1r\u00f3, Csolnok, Esztergom-kertv\u00e1ros: h\u00edrek, programok","publisher":{"@id":"https:\/\/dorogimedence.hu\/#organization"},"potentialAction":[{"@type":"SearchAction","target":{"@type":"EntryPoint","urlTemplate":"https:\/\/dorogimedence.hu\/?s={search_term_string}"},"query-input":{"@type":"PropertyValueSpecification","valueRequired":true,"valueName":"search_term_string"}}],"inLanguage":"hu"},{"@type":"Organization","@id":"https:\/\/dorogimedence.hu\/#organization","name":"Dorogi-medence Region\u00e1lis H\u00edrport\u00e1l","url":"https:\/\/dorogimedence.hu\/","logo":{"@type":"ImageObject","inLanguage":"hu","@id":"https:\/\/dorogimedence.hu\/#\/schema\/logo\/image\/","url":"https:\/\/dorogimedence.hu\/wp-content\/uploads\/2021\/04\/logo-feher-600.png","contentUrl":"https:\/\/dorogimedence.hu\/wp-content\/uploads\/2021\/04\/logo-feher-600.png","width":600,"height":100,"caption":"Dorogi-medence Region\u00e1lis H\u00edrport\u00e1l"},"image":{"@id":"https:\/\/dorogimedence.hu\/#\/schema\/logo\/image\/"},"sameAs":["https:\/\/www.facebook.com\/dorogimedence\/"]},{"@type":"Person","@id":"https:\/\/dorogimedence.hu\/#\/schema\/person\/ce6091eeb7e95ecdc87890d6aa8e0fd4","name":"dorogimedence.hu","image":{"@type":"ImageObject","inLanguage":"hu","@id":"\/\/www.gravatar.com\/avatar\/d8d45f8901aadff40a4af72c0b826f1d?s=96&#038;r=g&#038;d=mm","url":"\/\/www.gravatar.com\/avatar\/d8d45f8901aadff40a4af72c0b826f1d?s=96&#038;r=g&#038;d=mm","contentUrl":"\/\/www.gravatar.com\/avatar\/d8d45f8901aadff40a4af72c0b826f1d?s=96&#038;r=g&#038;d=mm","caption":"dorogimedence.hu"}}]}},"_links":{"self":[{"href":"https:\/\/dorogimedence.hu\/index.php\/wp-json\/wp\/v2\/posts\/17100","targetHints":{"allow":["GET"]}}],"collection":[{"href":"https:\/\/dorogimedence.hu\/index.php\/wp-json\/wp\/v2\/posts"}],"about":[{"href":"https:\/\/dorogimedence.hu\/index.php\/wp-json\/wp\/v2\/types\/post"}],"author":[{"embeddable":true,"href":"https:\/\/dorogimedence.hu\/index.php\/wp-json\/wp\/v2\/users\/1"}],"replies":[{"embeddable":true,"href":"https:\/\/dorogimedence.hu\/index.php\/wp-json\/wp\/v2\/comments?post=17100"}],"version-history":[{"count":0,"href":"https:\/\/dorogimedence.hu\/index.php\/wp-json\/wp\/v2\/posts\/17100\/revisions"}],"wp:featuredmedia":[{"embeddable":true,"href":"https:\/\/dorogimedence.hu\/index.php\/wp-json\/wp\/v2\/media\/7083"}],"wp:attachment":[{"href":"https:\/\/dorogimedence.hu\/index.php\/wp-json\/wp\/v2\/media?parent=17100"}],"wp:term":[{"taxonomy":"category","embeddable":true,"href":"https:\/\/dorogimedence.hu\/index.php\/wp-json\/wp\/v2\/categories?post=17100"},{"taxonomy":"post_tag","embeddable":true,"href":"https:\/\/dorogimedence.hu\/index.php\/wp-json\/wp\/v2\/tags?post=17100"}],"curies":[{"name":"wp","href":"https:\/\/api.w.org\/{rel}","templated":true}]}}