{"id":17098,"date":"2019-05-31T16:49:29","date_gmt":"2019-05-31T14:49:29","guid":{"rendered":"http:\/\/dorogimedence.hu\/?p=17098"},"modified":"2019-05-31T16:49:29","modified_gmt":"2019-05-31T14:49:29","slug":"fejleszto-szoba-epulhet-a-dorogi-petofi-ovodaban","status":"publish","type":"post","link":"https:\/\/dorogimedence.hu\/index.php\/2019\/05\/31\/fejleszto-szoba-epulhet-a-dorogi-petofi-ovodaban\/","title":{"rendered":"Fejleszt\u0151 szoba \u00e9p\u00fclhet a dorogi Pet\u0151fi \u00f3vod\u00e1ban"},"content":{"rendered":"<p><strong>M\u00e1jus 31-\u00e9n, p\u00e9nteken, \u00fcl\u00e9st tartott a dorogi k\u00e9pvisel\u0151-test\u00fclet, amelyen elfogadt\u00e1k azt az el\u0151terjeszt\u00e9st, ami a Pet\u0151fi S\u00e1ndor \u00d3voda fejleszt\u0151 szob\u00e1j\u00e1nak kialak\u00edt\u00e1s\u00e1r\u00f3l sz\u00f3l.<\/strong><\/p>\n<p>Az \u00f3voda int\u00e9zm\u00e9nyvezet\u0151je m\u00e1r kor\u00e1bban jelezte, hogy egyre t\u00f6bb olyan gyermek j\u00e1r az \u00f3vod\u00e1ba, aki megv\u00e1ltozott k\u00e9pess\u00e9g\u0171, \u0151 nekik nehezebb beilleszkedni, illetve tanul\u00e1si zavaraik is vannak. A szak\u00e9rt\u0151i bizotts\u00e1g ez\u00e9rt megvizsg\u00e1lta a jelenlegi helyzetet \u00e9s javasolta a helyis\u00e9g kialak\u00edt\u00e1s\u00e1t, ahol megfelel\u0151 m\u00f3don, kell\u0151 figyelemben r\u00e9szes\u00fclhetnek az \u00f3vod\u00e1sok. Az \u00f6nkorm\u00e1nyzat pedig m\u00e1r a 2019. \u00e9vi k\u00f6lts\u00e9gvet\u00e9s\u00e9ben elk\u00fcl\u00f6n\u00edtette ezt az \u00f6sszeg. Az elk\u00e9sz\u00fclt v\u00e1zlattervek alapj\u00e1n a projekt becs\u00fclt k\u00f6lts\u00e9ge brutt\u00f3 nyolcmilli\u00f3 forint.<\/p>\n<p>A k\u00e9pvisel\u0151k a fejleszt\u0151 szoba mellett, d\u00f6nt\u00f6ttek a \u201eZ\u00f6ldk\u00f6r\u201d t\u00e1rgy\u00fa k\u00f6zbeszerz\u00e9si elj\u00e1r\u00e1s lez\u00e1r\u00e1s\u00e1r\u00f3l is, ennek eredm\u00e9nyek\u00e9ppen pedig a k\u00f6zelj\u00f6v\u0151ben elkezd\u0151dhet az Otthon t\u00e9ri fut\u00f3p\u00e1lya kialak\u00edt\u00e1sa, amelyre Dorog V\u00e1ros Egyes\u00edtett Sportint\u00e9zm\u00e9nye p\u00e1ly\u00e1zott.<\/p>\n","protected":false},"excerpt":{"rendered":"<p>M\u00e1jus 31-\u00e9n, p\u00e9nteken, \u00fcl\u00e9st tartott a dorogi k\u00e9pvisel\u0151-test\u00fclet, amelyen elfogadt\u00e1k azt az el\u0151terjeszt\u00e9st, ami a Pet\u0151fi S\u00e1ndor \u00d3voda fejleszt\u0151 szob\u00e1j\u00e1nak kialak\u00edt\u00e1s\u00e1r\u00f3l sz\u00f3l. Az \u00f3voda int\u00e9zm\u00e9nyvezet\u0151je m\u00e1r kor\u00e1bban jelezte, hogy egyre t\u00f6bb olyan gyermek j\u00e1r az \u00f3vod\u00e1ba, aki megv\u00e1ltozott k\u00e9pess\u00e9g\u0171, \u0151 nekik nehezebb beilleszkedni, illetve tanul\u00e1si zavaraik is vannak. A szak\u00e9rt\u0151i bizotts\u00e1g ez\u00e9rt megvizsg\u00e1lta a jelenlegi<\/p>\n","protected":false},"author":1,"featured_media":5599,"comment_status":"closed","ping_status":"closed","sticky":false,"template":"","format":"standard","meta":{"ngg_post_thumbnail":0,"footnotes":""},"categories":[2,3],"tags":[15,3935,198,74],"class_list":{"0":"post-17098","1":"post","2":"type-post","3":"status-publish","4":"format-standard","5":"has-post-thumbnail","7":"category-dorog","8":"category-hirek","9":"tag-dorog","10":"tag-fejlesztoszoba","11":"tag-ovoda","12":"tag-palyazat"},"yoast_head":"<!-- This site is optimized with the Yoast SEO plugin v27.5 - https:\/\/yoast.com\/product\/yoast-seo-wordpress\/ -->\n<title>Fejleszt\u0151 szoba \u00e9p\u00fclhet a dorogi Pet\u0151fi \u00f3vod\u00e1ban<\/title>\n<meta name=\"robots\" content=\"index, follow, max-snippet:-1, max-image-preview:large, max-video-preview:-1\" \/>\n<link rel=\"canonical\" href=\"https:\/\/dorogimedence.hu\/index.php\/2019\/05\/31\/fejleszto-szoba-epulhet-a-dorogi-petofi-ovodaban\/\" class=\"yoast-seo-meta-tag\" \/>\n<meta property=\"og:locale\" content=\"hu_HU\" class=\"yoast-seo-meta-tag\" \/>\n<meta property=\"og:type\" content=\"article\" class=\"yoast-seo-meta-tag\" \/>\n<meta property=\"og:title\" content=\"Fejleszt\u0151 szoba \u00e9p\u00fclhet a dorogi Pet\u0151fi \u00f3vod\u00e1ban\" class=\"yoast-seo-meta-tag\" \/>\n<meta property=\"og:description\" content=\"M\u00e1jus 31-\u00e9n, p\u00e9nteken, \u00fcl\u00e9st tartott a dorogi k\u00e9pvisel\u0151-test\u00fclet, amelyen elfogadt\u00e1k azt az el\u0151terjeszt\u00e9st, ami a Pet\u0151fi S\u00e1ndor \u00d3voda fejleszt\u0151 szob\u00e1j\u00e1nak kialak\u00edt\u00e1s\u00e1r\u00f3l sz\u00f3l. Az \u00f3voda int\u00e9zm\u00e9nyvezet\u0151je m\u00e1r kor\u00e1bban jelezte, hogy egyre t\u00f6bb olyan gyermek j\u00e1r az \u00f3vod\u00e1ba, aki megv\u00e1ltozott k\u00e9pess\u00e9g\u0171, \u0151 nekik nehezebb beilleszkedni, illetve tanul\u00e1si zavaraik is vannak. A szak\u00e9rt\u0151i bizotts\u00e1g ez\u00e9rt megvizsg\u00e1lta a jelenlegi\" class=\"yoast-seo-meta-tag\" \/>\n<meta property=\"og:url\" content=\"https:\/\/dorogimedence.hu\/index.php\/2019\/05\/31\/fejleszto-szoba-epulhet-a-dorogi-petofi-ovodaban\/\" class=\"yoast-seo-meta-tag\" \/>\n<meta property=\"og:site_name\" content=\"Dorogi-medence Region\u00e1lis H\u00edrport\u00e1l\" class=\"yoast-seo-meta-tag\" \/>\n<meta property=\"article:publisher\" content=\"https:\/\/www.facebook.com\/dorogimedence\/\" class=\"yoast-seo-meta-tag\" \/>\n<meta property=\"article:published_time\" content=\"2019-05-31T14:49:29+00:00\" class=\"yoast-seo-meta-tag\" \/>\n<meta property=\"og:image\" content=\"https:\/\/i0.wp.com\/dorogimedence.hu\/wp-content\/uploads\/2017\/09\/ovoda-02.jpg?fit=670%2C365&ssl=1\" class=\"yoast-seo-meta-tag\" \/>\n\t<meta property=\"og:image:width\" content=\"670\" class=\"yoast-seo-meta-tag\" \/>\n\t<meta property=\"og:image:height\" content=\"365\" class=\"yoast-seo-meta-tag\" \/>\n\t<meta property=\"og:image:type\" content=\"image\/jpeg\" class=\"yoast-seo-meta-tag\" \/>\n<meta name=\"author\" content=\"dorogimedence.hu\" class=\"yoast-seo-meta-tag\" \/>\n<meta name=\"twitter:card\" content=\"summary_large_image\" class=\"yoast-seo-meta-tag\" \/>\n<meta name=\"twitter:label1\" content=\"Szerz\u0151:\" class=\"yoast-seo-meta-tag\" \/>\n\t<meta name=\"twitter:data1\" content=\"dorogimedence.hu\" class=\"yoast-seo-meta-tag\" \/>\n\t<meta name=\"twitter:label2\" content=\"Becs\u00fclt olvas\u00e1si id\u0151\" class=\"yoast-seo-meta-tag\" \/>\n\t<meta name=\"twitter:data2\" content=\"1 perc\" class=\"yoast-seo-meta-tag\" \/>\n<script type=\"application\/ld+json\" class=\"yoast-schema-graph\">{\"@context\":\"https:\\\/\\\/schema.org\",\"@graph\":[{\"@type\":\"Article\",\"@id\":\"https:\\\/\\\/dorogimedence.hu\\\/index.php\\\/2019\\\/05\\\/31\\\/fejleszto-szoba-epulhet-a-dorogi-petofi-ovodaban\\\/#article\",\"isPartOf\":{\"@id\":\"https:\\\/\\\/dorogimedence.hu\\\/index.php\\\/2019\\\/05\\\/31\\\/fejleszto-szoba-epulhet-a-dorogi-petofi-ovodaban\\\/\"},\"author\":{\"name\":\"dorogimedence.hu\",\"@id\":\"https:\\\/\\\/dorogimedence.hu\\\/#\\\/schema\\\/person\\\/ce6091eeb7e95ecdc87890d6aa8e0fd4\"},\"headline\":\"Fejleszt\u0151 szoba \u00e9p\u00fclhet a dorogi Pet\u0151fi \u00f3vod\u00e1ban\",\"datePublished\":\"2019-05-31T14:49:29+00:00\",\"mainEntityOfPage\":{\"@id\":\"https:\\\/\\\/dorogimedence.hu\\\/index.php\\\/2019\\\/05\\\/31\\\/fejleszto-szoba-epulhet-a-dorogi-petofi-ovodaban\\\/\"},\"wordCount\":223,\"publisher\":{\"@id\":\"https:\\\/\\\/dorogimedence.hu\\\/#organization\"},\"image\":{\"@id\":\"https:\\\/\\\/dorogimedence.hu\\\/index.php\\\/2019\\\/05\\\/31\\\/fejleszto-szoba-epulhet-a-dorogi-petofi-ovodaban\\\/#primaryimage\"},\"thumbnailUrl\":\"https:\\\/\\\/dorogimedence.hu\\\/wp-content\\\/uploads\\\/2017\\\/09\\\/ovoda-02.jpg\",\"keywords\":[\"Dorog\",\"fejleszt\u0151szoba\",\"\u00f3voda\",\"p\u00e1ly\u00e1zat\"],\"articleSection\":[\"Dorog\",\"H\u00edrek\"],\"inLanguage\":\"hu\"},{\"@type\":\"WebPage\",\"@id\":\"https:\\\/\\\/dorogimedence.hu\\\/index.php\\\/2019\\\/05\\\/31\\\/fejleszto-szoba-epulhet-a-dorogi-petofi-ovodaban\\\/\",\"url\":\"https:\\\/\\\/dorogimedence.hu\\\/index.php\\\/2019\\\/05\\\/31\\\/fejleszto-szoba-epulhet-a-dorogi-petofi-ovodaban\\\/\",\"name\":\"Fejleszt\u0151 szoba \u00e9p\u00fclhet a dorogi Pet\u0151fi \u00f3vod\u00e1ban\",\"isPartOf\":{\"@id\":\"https:\\\/\\\/dorogimedence.hu\\\/#website\"},\"primaryImageOfPage\":{\"@id\":\"https:\\\/\\\/dorogimedence.hu\\\/index.php\\\/2019\\\/05\\\/31\\\/fejleszto-szoba-epulhet-a-dorogi-petofi-ovodaban\\\/#primaryimage\"},\"image\":{\"@id\":\"https:\\\/\\\/dorogimedence.hu\\\/index.php\\\/2019\\\/05\\\/31\\\/fejleszto-szoba-epulhet-a-dorogi-petofi-ovodaban\\\/#primaryimage\"},\"thumbnailUrl\":\"https:\\\/\\\/dorogimedence.hu\\\/wp-content\\\/uploads\\\/2017\\\/09\\\/ovoda-02.jpg\",\"datePublished\":\"2019-05-31T14:49:29+00:00\",\"breadcrumb\":{\"@id\":\"https:\\\/\\\/dorogimedence.hu\\\/index.php\\\/2019\\\/05\\\/31\\\/fejleszto-szoba-epulhet-a-dorogi-petofi-ovodaban\\\/#breadcrumb\"},\"inLanguage\":\"hu\",\"potentialAction\":[{\"@type\":\"ReadAction\",\"target\":[\"https:\\\/\\\/dorogimedence.hu\\\/index.php\\\/2019\\\/05\\\/31\\\/fejleszto-szoba-epulhet-a-dorogi-petofi-ovodaban\\\/\"]}]},{\"@type\":\"ImageObject\",\"inLanguage\":\"hu\",\"@id\":\"https:\\\/\\\/dorogimedence.hu\\\/index.php\\\/2019\\\/05\\\/31\\\/fejleszto-szoba-epulhet-a-dorogi-petofi-ovodaban\\\/#primaryimage\",\"url\":\"https:\\\/\\\/dorogimedence.hu\\\/wp-content\\\/uploads\\\/2017\\\/09\\\/ovoda-02.jpg\",\"contentUrl\":\"https:\\\/\\\/dorogimedence.hu\\\/wp-content\\\/uploads\\\/2017\\\/09\\\/ovoda-02.jpg\",\"width\":670,\"height\":365},{\"@type\":\"BreadcrumbList\",\"@id\":\"https:\\\/\\\/dorogimedence.hu\\\/index.php\\\/2019\\\/05\\\/31\\\/fejleszto-szoba-epulhet-a-dorogi-petofi-ovodaban\\\/#breadcrumb\",\"itemListElement\":[{\"@type\":\"ListItem\",\"position\":1,\"name\":\"Kezd\u0151lap\",\"item\":\"https:\\\/\\\/dorogimedence.hu\\\/\"},{\"@type\":\"ListItem\",\"position\":2,\"name\":\"Fejleszt\u0151 szoba \u00e9p\u00fclhet a dorogi Pet\u0151fi \u00f3vod\u00e1ban\"}]},{\"@type\":\"WebSite\",\"@id\":\"https:\\\/\\\/dorogimedence.hu\\\/#website\",\"url\":\"https:\\\/\\\/dorogimedence.hu\\\/\",\"name\":\"Dorogi-medence Region\u00e1lis H\u00edrport\u00e1l\",\"description\":\"Dorog, Keszt\u00f6lc, Le\u00e1nyv\u00e1r, Piliscs\u00e9v, Tokod, Tokodalt\u00e1r\u00f3, Csolnok, Esztergom-kertv\u00e1ros: h\u00edrek, programok\",\"publisher\":{\"@id\":\"https:\\\/\\\/dorogimedence.hu\\\/#organization\"},\"potentialAction\":[{\"@type\":\"SearchAction\",\"target\":{\"@type\":\"EntryPoint\",\"urlTemplate\":\"https:\\\/\\\/dorogimedence.hu\\\/?s={search_term_string}\"},\"query-input\":{\"@type\":\"PropertyValueSpecification\",\"valueRequired\":true,\"valueName\":\"search_term_string\"}}],\"inLanguage\":\"hu\"},{\"@type\":\"Organization\",\"@id\":\"https:\\\/\\\/dorogimedence.hu\\\/#organization\",\"name\":\"Dorogi-medence Region\u00e1lis H\u00edrport\u00e1l\",\"url\":\"https:\\\/\\\/dorogimedence.hu\\\/\",\"logo\":{\"@type\":\"ImageObject\",\"inLanguage\":\"hu\",\"@id\":\"https:\\\/\\\/dorogimedence.hu\\\/#\\\/schema\\\/logo\\\/image\\\/\",\"url\":\"https:\\\/\\\/dorogimedence.hu\\\/wp-content\\\/uploads\\\/2021\\\/04\\\/logo-feher-600.png\",\"contentUrl\":\"https:\\\/\\\/dorogimedence.hu\\\/wp-content\\\/uploads\\\/2021\\\/04\\\/logo-feher-600.png\",\"width\":600,\"height\":100,\"caption\":\"Dorogi-medence Region\u00e1lis H\u00edrport\u00e1l\"},\"image\":{\"@id\":\"https:\\\/\\\/dorogimedence.hu\\\/#\\\/schema\\\/logo\\\/image\\\/\"},\"sameAs\":[\"https:\\\/\\\/www.facebook.com\\\/dorogimedence\\\/\"]},{\"@type\":\"Person\",\"@id\":\"https:\\\/\\\/dorogimedence.hu\\\/#\\\/schema\\\/person\\\/ce6091eeb7e95ecdc87890d6aa8e0fd4\",\"name\":\"dorogimedence.hu\",\"image\":{\"@type\":\"ImageObject\",\"inLanguage\":\"hu\",\"@id\":\"\\\/\\\/www.gravatar.com\\\/avatar\\\/d8d45f8901aadff40a4af72c0b826f1d?s=96&#038;r=g&#038;d=mm\",\"url\":\"\\\/\\\/www.gravatar.com\\\/avatar\\\/d8d45f8901aadff40a4af72c0b826f1d?s=96&#038;r=g&#038;d=mm\",\"contentUrl\":\"\\\/\\\/www.gravatar.com\\\/avatar\\\/d8d45f8901aadff40a4af72c0b826f1d?s=96&#038;r=g&#038;d=mm\",\"caption\":\"dorogimedence.hu\"}}]}<\/script>\n<!-- \/ Yoast SEO plugin. -->","yoast_head_json":{"title":"Fejleszt\u0151 szoba \u00e9p\u00fclhet a dorogi Pet\u0151fi \u00f3vod\u00e1ban","robots":{"index":"index","follow":"follow","max-snippet":"max-snippet:-1","max-image-preview":"max-image-preview:large","max-video-preview":"max-video-preview:-1"},"canonical":"https:\/\/dorogimedence.hu\/index.php\/2019\/05\/31\/fejleszto-szoba-epulhet-a-dorogi-petofi-ovodaban\/","og_locale":"hu_HU","og_type":"article","og_title":"Fejleszt\u0151 szoba \u00e9p\u00fclhet a dorogi Pet\u0151fi \u00f3vod\u00e1ban","og_description":"M\u00e1jus 31-\u00e9n, p\u00e9nteken, \u00fcl\u00e9st tartott a dorogi k\u00e9pvisel\u0151-test\u00fclet, amelyen elfogadt\u00e1k azt az el\u0151terjeszt\u00e9st, ami a Pet\u0151fi S\u00e1ndor \u00d3voda fejleszt\u0151 szob\u00e1j\u00e1nak kialak\u00edt\u00e1s\u00e1r\u00f3l sz\u00f3l. Az \u00f3voda int\u00e9zm\u00e9nyvezet\u0151je m\u00e1r kor\u00e1bban jelezte, hogy egyre t\u00f6bb olyan gyermek j\u00e1r az \u00f3vod\u00e1ba, aki megv\u00e1ltozott k\u00e9pess\u00e9g\u0171, \u0151 nekik nehezebb beilleszkedni, illetve tanul\u00e1si zavaraik is vannak. A szak\u00e9rt\u0151i bizotts\u00e1g ez\u00e9rt megvizsg\u00e1lta a jelenlegi","og_url":"https:\/\/dorogimedence.hu\/index.php\/2019\/05\/31\/fejleszto-szoba-epulhet-a-dorogi-petofi-ovodaban\/","og_site_name":"Dorogi-medence Region\u00e1lis H\u00edrport\u00e1l","article_publisher":"https:\/\/www.facebook.com\/dorogimedence\/","article_published_time":"2019-05-31T14:49:29+00:00","og_image":[{"width":670,"height":365,"url":"https:\/\/i0.wp.com\/dorogimedence.hu\/wp-content\/uploads\/2017\/09\/ovoda-02.jpg?fit=670%2C365&ssl=1","type":"image\/jpeg"}],"author":"dorogimedence.hu","twitter_card":"summary_large_image","twitter_misc":{"Szerz\u0151:":"dorogimedence.hu","Becs\u00fclt olvas\u00e1si id\u0151":"1 perc"},"schema":{"@context":"https:\/\/schema.org","@graph":[{"@type":"Article","@id":"https:\/\/dorogimedence.hu\/index.php\/2019\/05\/31\/fejleszto-szoba-epulhet-a-dorogi-petofi-ovodaban\/#article","isPartOf":{"@id":"https:\/\/dorogimedence.hu\/index.php\/2019\/05\/31\/fejleszto-szoba-epulhet-a-dorogi-petofi-ovodaban\/"},"author":{"name":"dorogimedence.hu","@id":"https:\/\/dorogimedence.hu\/#\/schema\/person\/ce6091eeb7e95ecdc87890d6aa8e0fd4"},"headline":"Fejleszt\u0151 szoba \u00e9p\u00fclhet a dorogi Pet\u0151fi \u00f3vod\u00e1ban","datePublished":"2019-05-31T14:49:29+00:00","mainEntityOfPage":{"@id":"https:\/\/dorogimedence.hu\/index.php\/2019\/05\/31\/fejleszto-szoba-epulhet-a-dorogi-petofi-ovodaban\/"},"wordCount":223,"publisher":{"@id":"https:\/\/dorogimedence.hu\/#organization"},"image":{"@id":"https:\/\/dorogimedence.hu\/index.php\/2019\/05\/31\/fejleszto-szoba-epulhet-a-dorogi-petofi-ovodaban\/#primaryimage"},"thumbnailUrl":"https:\/\/dorogimedence.hu\/wp-content\/uploads\/2017\/09\/ovoda-02.jpg","keywords":["Dorog","fejleszt\u0151szoba","\u00f3voda","p\u00e1ly\u00e1zat"],"articleSection":["Dorog","H\u00edrek"],"inLanguage":"hu"},{"@type":"WebPage","@id":"https:\/\/dorogimedence.hu\/index.php\/2019\/05\/31\/fejleszto-szoba-epulhet-a-dorogi-petofi-ovodaban\/","url":"https:\/\/dorogimedence.hu\/index.php\/2019\/05\/31\/fejleszto-szoba-epulhet-a-dorogi-petofi-ovodaban\/","name":"Fejleszt\u0151 szoba \u00e9p\u00fclhet a dorogi Pet\u0151fi \u00f3vod\u00e1ban","isPartOf":{"@id":"https:\/\/dorogimedence.hu\/#website"},"primaryImageOfPage":{"@id":"https:\/\/dorogimedence.hu\/index.php\/2019\/05\/31\/fejleszto-szoba-epulhet-a-dorogi-petofi-ovodaban\/#primaryimage"},"image":{"@id":"https:\/\/dorogimedence.hu\/index.php\/2019\/05\/31\/fejleszto-szoba-epulhet-a-dorogi-petofi-ovodaban\/#primaryimage"},"thumbnailUrl":"https:\/\/dorogimedence.hu\/wp-content\/uploads\/2017\/09\/ovoda-02.jpg","datePublished":"2019-05-31T14:49:29+00:00","breadcrumb":{"@id":"https:\/\/dorogimedence.hu\/index.php\/2019\/05\/31\/fejleszto-szoba-epulhet-a-dorogi-petofi-ovodaban\/#breadcrumb"},"inLanguage":"hu","potentialAction":[{"@type":"ReadAction","target":["https:\/\/dorogimedence.hu\/index.php\/2019\/05\/31\/fejleszto-szoba-epulhet-a-dorogi-petofi-ovodaban\/"]}]},{"@type":"ImageObject","inLanguage":"hu","@id":"https:\/\/dorogimedence.hu\/index.php\/2019\/05\/31\/fejleszto-szoba-epulhet-a-dorogi-petofi-ovodaban\/#primaryimage","url":"https:\/\/dorogimedence.hu\/wp-content\/uploads\/2017\/09\/ovoda-02.jpg","contentUrl":"https:\/\/dorogimedence.hu\/wp-content\/uploads\/2017\/09\/ovoda-02.jpg","width":670,"height":365},{"@type":"BreadcrumbList","@id":"https:\/\/dorogimedence.hu\/index.php\/2019\/05\/31\/fejleszto-szoba-epulhet-a-dorogi-petofi-ovodaban\/#breadcrumb","itemListElement":[{"@type":"ListItem","position":1,"name":"Kezd\u0151lap","item":"https:\/\/dorogimedence.hu\/"},{"@type":"ListItem","position":2,"name":"Fejleszt\u0151 szoba \u00e9p\u00fclhet a dorogi Pet\u0151fi \u00f3vod\u00e1ban"}]},{"@type":"WebSite","@id":"https:\/\/dorogimedence.hu\/#website","url":"https:\/\/dorogimedence.hu\/","name":"Dorogi-medence Region\u00e1lis H\u00edrport\u00e1l","description":"Dorog, Keszt\u00f6lc, Le\u00e1nyv\u00e1r, Piliscs\u00e9v, Tokod, Tokodalt\u00e1r\u00f3, Csolnok, Esztergom-kertv\u00e1ros: h\u00edrek, programok","publisher":{"@id":"https:\/\/dorogimedence.hu\/#organization"},"potentialAction":[{"@type":"SearchAction","target":{"@type":"EntryPoint","urlTemplate":"https:\/\/dorogimedence.hu\/?s={search_term_string}"},"query-input":{"@type":"PropertyValueSpecification","valueRequired":true,"valueName":"search_term_string"}}],"inLanguage":"hu"},{"@type":"Organization","@id":"https:\/\/dorogimedence.hu\/#organization","name":"Dorogi-medence Region\u00e1lis H\u00edrport\u00e1l","url":"https:\/\/dorogimedence.hu\/","logo":{"@type":"ImageObject","inLanguage":"hu","@id":"https:\/\/dorogimedence.hu\/#\/schema\/logo\/image\/","url":"https:\/\/dorogimedence.hu\/wp-content\/uploads\/2021\/04\/logo-feher-600.png","contentUrl":"https:\/\/dorogimedence.hu\/wp-content\/uploads\/2021\/04\/logo-feher-600.png","width":600,"height":100,"caption":"Dorogi-medence Region\u00e1lis H\u00edrport\u00e1l"},"image":{"@id":"https:\/\/dorogimedence.hu\/#\/schema\/logo\/image\/"},"sameAs":["https:\/\/www.facebook.com\/dorogimedence\/"]},{"@type":"Person","@id":"https:\/\/dorogimedence.hu\/#\/schema\/person\/ce6091eeb7e95ecdc87890d6aa8e0fd4","name":"dorogimedence.hu","image":{"@type":"ImageObject","inLanguage":"hu","@id":"\/\/www.gravatar.com\/avatar\/d8d45f8901aadff40a4af72c0b826f1d?s=96&#038;r=g&#038;d=mm","url":"\/\/www.gravatar.com\/avatar\/d8d45f8901aadff40a4af72c0b826f1d?s=96&#038;r=g&#038;d=mm","contentUrl":"\/\/www.gravatar.com\/avatar\/d8d45f8901aadff40a4af72c0b826f1d?s=96&#038;r=g&#038;d=mm","caption":"dorogimedence.hu"}}]}},"_links":{"self":[{"href":"https:\/\/dorogimedence.hu\/index.php\/wp-json\/wp\/v2\/posts\/17098","targetHints":{"allow":["GET"]}}],"collection":[{"href":"https:\/\/dorogimedence.hu\/index.php\/wp-json\/wp\/v2\/posts"}],"about":[{"href":"https:\/\/dorogimedence.hu\/index.php\/wp-json\/wp\/v2\/types\/post"}],"author":[{"embeddable":true,"href":"https:\/\/dorogimedence.hu\/index.php\/wp-json\/wp\/v2\/users\/1"}],"replies":[{"embeddable":true,"href":"https:\/\/dorogimedence.hu\/index.php\/wp-json\/wp\/v2\/comments?post=17098"}],"version-history":[{"count":0,"href":"https:\/\/dorogimedence.hu\/index.php\/wp-json\/wp\/v2\/posts\/17098\/revisions"}],"wp:featuredmedia":[{"embeddable":true,"href":"https:\/\/dorogimedence.hu\/index.php\/wp-json\/wp\/v2\/media\/5599"}],"wp:attachment":[{"href":"https:\/\/dorogimedence.hu\/index.php\/wp-json\/wp\/v2\/media?parent=17098"}],"wp:term":[{"taxonomy":"category","embeddable":true,"href":"https:\/\/dorogimedence.hu\/index.php\/wp-json\/wp\/v2\/categories?post=17098"},{"taxonomy":"post_tag","embeddable":true,"href":"https:\/\/dorogimedence.hu\/index.php\/wp-json\/wp\/v2\/tags?post=17098"}],"curies":[{"name":"wp","href":"https:\/\/api.w.org\/{rel}","templated":true}]}}