{"id":17049,"date":"2019-05-29T07:18:44","date_gmt":"2019-05-29T05:18:44","guid":{"rendered":"http:\/\/dorogimedence.hu\/?p=17049"},"modified":"2019-05-29T07:18:44","modified_gmt":"2019-05-29T05:18:44","slug":"gyermeknap-az-esztergomi-konyvtarban","status":"publish","type":"post","link":"https:\/\/dorogimedence.hu\/index.php\/2019\/05\/29\/gyermeknap-az-esztergomi-konyvtarban\/","title":{"rendered":"Gyermeknap az esztergomi k\u00f6nyvt\u00e1rban"},"content":{"rendered":"<p><strong>Mit is adhatna egy k\u00f6nyvt\u00e1r gyermeknapra Esztergom kicsinyeinek? \u00c9lm\u00e9nyaj\u00e1nd\u00e9kot! Ez\u00e9rt azt\u00e1n 2019. m\u00e1jus 27-\u00e9re a L\u00f3ca egy\u00fcttest h\u00edvt\u00e1k meg, hogy sz\u00ednvonalas m\u0171sor\u00e1val sz\u00f3rakoztassa a legkisebbeket.<\/strong><\/p>\n<p>A h\u00e1romtag\u00fa L\u00f3ca egy\u00fcttes (Fekete Inci, N\u00e1dudvari R\u00f3bert, Alm\u00e1si Kriszti\u00e1n) Kecskem\u00e9ten alakult 2010-ben, az\u00f3ta j\u00e1rj\u00e1k haz\u00e1nkat m\u0171soraikkal. C\u00e9ljuk, hogy zen\u00e9s gyermekm\u0171sorok keret\u00e9ben n\u00e9phagyom\u00e1nyokat \u00e9s n\u00e9pszok\u00e1sokat eleven\u00edtsenek fel. El\u0151ad\u00e1saik a gyermekek akt\u00edv r\u00e9szv\u00e9tel\u00e9re \u00e9p\u00fclnek; s az aktu\u00e1lis \u00fcnnepk\u00f6rh\u00f6z, jeles naphoz kapcsol\u00f3d\u00f3 mond\u00f3k\u00e1kat, n\u00e9pdalokat, n\u00e9pi j\u00e1t\u00e9kokat \u00e9s t\u00e1ncokat tartalmaznak. Tematikus m\u0171soraik mellett gyakran fell\u00e9pnek szerkesztett, zen\u00e9s n\u00e9pmese feldolgoz\u00e1sokkal is. Dalaikat \u00e9s t\u00f6rt\u00e9neteiket n\u00e9pi \u00e9s klasszikus hangszerekkel, illetve hangkelt\u0151 eszk\u00f6z\u00f6kkel megsz\u00f3laltatott \u00e9l\u0151 zenei k\u00eds\u00e9rettel adj\u00e1k el\u0151. N\u00e1lunk gyermeknap alkalm\u00e1b\u00f3l a <em>Sz\u00e9lh\u00e1zi Jank\u00f3 <\/em>c\u00edm\u0171 zen\u00e9s mes\u00e9t mutatt\u00e1k be.<\/p>\n<p><img fetchpriority=\"high\" decoding=\"async\" class=\"alignnone size-full wp-image-17051\" src=\"https:\/\/dorogimedence.hu\/wp-content\/uploads\/2019\/05\/gyereknap-konyvtar-02.jpg\" alt=\"\" width=\"670\" height=\"365\" srcset=\"https:\/\/dorogimedence.hu\/wp-content\/uploads\/2019\/05\/gyereknap-konyvtar-02.jpg 670w, https:\/\/dorogimedence.hu\/wp-content\/uploads\/2019\/05\/gyereknap-konyvtar-02-300x163.jpg 300w\" sizes=\"(max-width: 670px) 100vw, 670px\" \/><\/p>\n<p>A gyerekek megismerkedhettek a m\u0171sorban szerepl\u0151 hangszerekkel is: a heged\u0171vel, a dorombbal, a melodik\u00e1val, a furuly\u00e1val, a git\u00e1rral, a l\u00e1dadobbal, \u00e9s a d\u00f6rg\u0151cs\u0151vel is.<\/p>\n<p>Ezut\u00e1n kezd\u0151d\u00f6tt az \u00e9nek, a j\u00e1t\u00e9k, \u00e9s a t\u00e1nc.<\/p>\n<p>\u00c1lltunk f\u00e9l l\u00e1bon, nehogy szamarak legy\u00fcnk a ny\u00e1ron. S\u00e1rgarig\u00f3t csalogattunk ki f\u00e9szk\u00e9b\u0151l furulyasz\u00f3val, t\u00f6rt\u00fcnk dombon di\u00f3t, lubickoltunk h\u0171s habokban, v\u00e1ndoroltunk erd\u0151n, mez\u0151n. Azut\u00e1n j\u00f3l megraktuk a szekeret, k\u00f6zben sarj\u00fat\u00fcske b\u00f6k\u00f6dte a sok cs\u00f6pp tenyeret, majd kent\u00fcnk kocsi kereket. Utaztunk sima \u00faton, d\u00f6c\u00f6gt\u00fcnk g\u00f6r\u00f6ngy\u00f6s\u00f6n, k\u00e1ty\u00faba is est\u00fcnk. Bolyongtunk h\u00e9t nap, h\u00e9t \u00e9jjelen \u00e1t. Elment\u00fcnk a piacra, vett\u00fcnk b\u00faz\u00e1t, meg\u0151r\u00f6lt\u00fck, hazavitt\u00fck a lisztet, gy\u00fartunk t\u00e9szt\u00e1t, f\u0151zt\u00fcnk gomb\u00f3cot, \u00e1m a gomb\u00f3c kiugrott a faz\u00e9kb\u00f3l, Sz\u00e9lh\u00e1zi Jan\u00f3 ut\u00e1naeredt, a gomb\u00f3cra felpattant, s gurult, gurult a k\u00f6vetkez\u0151 faluig\u2026. Kitanultuk a kecskep\u00e1sztori mesters\u00e9get, zsiv\u00e1nyokkal mulatoztunk\u2026. s v\u00e9g\u00fcl r\u00f6vidke t\u00e1nch\u00e1zzal z\u00e1rult az est.<\/p>\n<p><img decoding=\"async\" class=\"alignnone size-full wp-image-17052\" src=\"https:\/\/dorogimedence.hu\/wp-content\/uploads\/2019\/05\/gyereknap-konyvtar-03.jpg\" alt=\"\" width=\"670\" height=\"365\" srcset=\"https:\/\/dorogimedence.hu\/wp-content\/uploads\/2019\/05\/gyereknap-konyvtar-03.jpg 670w, https:\/\/dorogimedence.hu\/wp-content\/uploads\/2019\/05\/gyereknap-konyvtar-03-300x163.jpg 300w\" sizes=\"(max-width: 670px) 100vw, 670px\" \/><\/p>\n<p>A gyerekek nagyon \u00e9lvezt\u00e9k, s, szemmel l\u00e1that\u00f3an, a feln\u0151ttek is j\u00f3kedv\u0171en kapcsol\u00f3dtak be a j\u00f3\u00edz\u0171 \u00e9nekl\u00e9sekbe. K\u00f6sz\u00f6nj\u00fck, L\u00f3ca Egy\u00fcttes!<\/p>\n<p><em><strong>Kuglern\u00e9 Szurovi\u00e1k Szilvia<\/strong><\/em><\/p>\n<p><em>Fot\u00f3k: Steindl N\u00f3ra<\/em><\/p>\n","protected":false},"excerpt":{"rendered":"<p>Mit is adhatna egy k\u00f6nyvt\u00e1r gyermeknapra Esztergom kicsinyeinek? \u00c9lm\u00e9nyaj\u00e1nd\u00e9kot! Ez\u00e9rt azt\u00e1n 2019. m\u00e1jus 27-\u00e9re a L\u00f3ca egy\u00fcttest h\u00edvt\u00e1k meg, hogy sz\u00ednvonalas m\u0171sor\u00e1val sz\u00f3rakoztassa a legkisebbeket. A h\u00e1romtag\u00fa L\u00f3ca egy\u00fcttes (Fekete Inci, N\u00e1dudvari R\u00f3bert, Alm\u00e1si Kriszti\u00e1n) Kecskem\u00e9ten alakult 2010-ben, az\u00f3ta j\u00e1rj\u00e1k haz\u00e1nkat m\u0171soraikkal. C\u00e9ljuk, hogy zen\u00e9s gyermekm\u0171sorok keret\u00e9ben n\u00e9phagyom\u00e1nyokat \u00e9s n\u00e9pszok\u00e1sokat eleven\u00edtsenek fel. El\u0151ad\u00e1saik a gyermekek<\/p>\n","protected":false},"author":1,"featured_media":17050,"comment_status":"closed","ping_status":"closed","sticky":false,"template":"","format":"standard","meta":{"ngg_post_thumbnail":0,"footnotes":""},"categories":[38,3],"tags":[1609,924,936,144,3922],"class_list":{"0":"post-17049","1":"post","2":"type-post","3":"status-publish","4":"format-standard","5":"has-post-thumbnail","7":"category-esztergom","8":"category-hirek","9":"tag-esztergomi-konyvtar","10":"tag-gyereknap","11":"tag-gyermeknap","12":"tag-konyvtar","13":"tag-loca-egyuttes"},"yoast_head":"<!-- This site is optimized with the Yoast SEO plugin v27.5 - https:\/\/yoast.com\/product\/yoast-seo-wordpress\/ -->\n<title>Gyermeknap az esztergomi k\u00f6nyvt\u00e1rban<\/title>\n<meta name=\"robots\" content=\"index, follow, max-snippet:-1, max-image-preview:large, max-video-preview:-1\" \/>\n<link rel=\"canonical\" href=\"https:\/\/dorogimedence.hu\/index.php\/2019\/05\/29\/gyermeknap-az-esztergomi-konyvtarban\/\" class=\"yoast-seo-meta-tag\" \/>\n<meta property=\"og:locale\" content=\"hu_HU\" class=\"yoast-seo-meta-tag\" \/>\n<meta property=\"og:type\" content=\"article\" class=\"yoast-seo-meta-tag\" \/>\n<meta property=\"og:title\" content=\"Gyermeknap az esztergomi k\u00f6nyvt\u00e1rban\" class=\"yoast-seo-meta-tag\" \/>\n<meta property=\"og:description\" content=\"Mit is adhatna egy k\u00f6nyvt\u00e1r gyermeknapra Esztergom kicsinyeinek? \u00c9lm\u00e9nyaj\u00e1nd\u00e9kot! Ez\u00e9rt azt\u00e1n 2019. m\u00e1jus 27-\u00e9re a L\u00f3ca egy\u00fcttest h\u00edvt\u00e1k meg, hogy sz\u00ednvonalas m\u0171sor\u00e1val sz\u00f3rakoztassa a legkisebbeket. A h\u00e1romtag\u00fa L\u00f3ca egy\u00fcttes (Fekete Inci, N\u00e1dudvari R\u00f3bert, Alm\u00e1si Kriszti\u00e1n) Kecskem\u00e9ten alakult 2010-ben, az\u00f3ta j\u00e1rj\u00e1k haz\u00e1nkat m\u0171soraikkal. C\u00e9ljuk, hogy zen\u00e9s gyermekm\u0171sorok keret\u00e9ben n\u00e9phagyom\u00e1nyokat \u00e9s n\u00e9pszok\u00e1sokat eleven\u00edtsenek fel. El\u0151ad\u00e1saik a gyermekek\" class=\"yoast-seo-meta-tag\" \/>\n<meta property=\"og:url\" content=\"https:\/\/dorogimedence.hu\/index.php\/2019\/05\/29\/gyermeknap-az-esztergomi-konyvtarban\/\" class=\"yoast-seo-meta-tag\" \/>\n<meta property=\"og:site_name\" content=\"Dorogi-medence Region\u00e1lis H\u00edrport\u00e1l\" class=\"yoast-seo-meta-tag\" \/>\n<meta property=\"article:publisher\" content=\"https:\/\/www.facebook.com\/dorogimedence\/\" class=\"yoast-seo-meta-tag\" \/>\n<meta property=\"article:published_time\" content=\"2019-05-29T05:18:44+00:00\" class=\"yoast-seo-meta-tag\" \/>\n<meta property=\"og:image\" content=\"https:\/\/i0.wp.com\/dorogimedence.hu\/wp-content\/uploads\/2019\/05\/gyereknap-konyvtar-01.jpg?fit=670%2C365&ssl=1\" class=\"yoast-seo-meta-tag\" \/>\n\t<meta property=\"og:image:width\" content=\"670\" class=\"yoast-seo-meta-tag\" \/>\n\t<meta property=\"og:image:height\" content=\"365\" class=\"yoast-seo-meta-tag\" \/>\n\t<meta property=\"og:image:type\" content=\"image\/jpeg\" class=\"yoast-seo-meta-tag\" \/>\n<meta name=\"author\" content=\"dorogimedence.hu\" class=\"yoast-seo-meta-tag\" \/>\n<meta name=\"twitter:card\" content=\"summary_large_image\" class=\"yoast-seo-meta-tag\" \/>\n<meta name=\"twitter:label1\" content=\"Szerz\u0151:\" class=\"yoast-seo-meta-tag\" \/>\n\t<meta name=\"twitter:data1\" content=\"dorogimedence.hu\" class=\"yoast-seo-meta-tag\" \/>\n\t<meta name=\"twitter:label2\" content=\"Becs\u00fclt olvas\u00e1si id\u0151\" class=\"yoast-seo-meta-tag\" \/>\n\t<meta name=\"twitter:data2\" content=\"2 perc\" class=\"yoast-seo-meta-tag\" \/>\n<script type=\"application\/ld+json\" class=\"yoast-schema-graph\">{\"@context\":\"https:\\\/\\\/schema.org\",\"@graph\":[{\"@type\":\"Article\",\"@id\":\"https:\\\/\\\/dorogimedence.hu\\\/index.php\\\/2019\\\/05\\\/29\\\/gyermeknap-az-esztergomi-konyvtarban\\\/#article\",\"isPartOf\":{\"@id\":\"https:\\\/\\\/dorogimedence.hu\\\/index.php\\\/2019\\\/05\\\/29\\\/gyermeknap-az-esztergomi-konyvtarban\\\/\"},\"author\":{\"name\":\"dorogimedence.hu\",\"@id\":\"https:\\\/\\\/dorogimedence.hu\\\/#\\\/schema\\\/person\\\/ce6091eeb7e95ecdc87890d6aa8e0fd4\"},\"headline\":\"Gyermeknap az esztergomi k\u00f6nyvt\u00e1rban\",\"datePublished\":\"2019-05-29T05:18:44+00:00\",\"mainEntityOfPage\":{\"@id\":\"https:\\\/\\\/dorogimedence.hu\\\/index.php\\\/2019\\\/05\\\/29\\\/gyermeknap-az-esztergomi-konyvtarban\\\/\"},\"wordCount\":449,\"publisher\":{\"@id\":\"https:\\\/\\\/dorogimedence.hu\\\/#organization\"},\"image\":{\"@id\":\"https:\\\/\\\/dorogimedence.hu\\\/index.php\\\/2019\\\/05\\\/29\\\/gyermeknap-az-esztergomi-konyvtarban\\\/#primaryimage\"},\"thumbnailUrl\":\"https:\\\/\\\/dorogimedence.hu\\\/wp-content\\\/uploads\\\/2019\\\/05\\\/gyereknap-konyvtar-01.jpg\",\"keywords\":[\"esztergomi k\u00f6nyvt\u00e1r\",\"gyereknap\",\"gyermeknap\",\"k\u00f6nyvt\u00e1r\",\"L\u00f3ca egy\u00fcttes\"],\"articleSection\":[\"Esztergom\",\"H\u00edrek\"],\"inLanguage\":\"hu\"},{\"@type\":\"WebPage\",\"@id\":\"https:\\\/\\\/dorogimedence.hu\\\/index.php\\\/2019\\\/05\\\/29\\\/gyermeknap-az-esztergomi-konyvtarban\\\/\",\"url\":\"https:\\\/\\\/dorogimedence.hu\\\/index.php\\\/2019\\\/05\\\/29\\\/gyermeknap-az-esztergomi-konyvtarban\\\/\",\"name\":\"Gyermeknap az esztergomi k\u00f6nyvt\u00e1rban\",\"isPartOf\":{\"@id\":\"https:\\\/\\\/dorogimedence.hu\\\/#website\"},\"primaryImageOfPage\":{\"@id\":\"https:\\\/\\\/dorogimedence.hu\\\/index.php\\\/2019\\\/05\\\/29\\\/gyermeknap-az-esztergomi-konyvtarban\\\/#primaryimage\"},\"image\":{\"@id\":\"https:\\\/\\\/dorogimedence.hu\\\/index.php\\\/2019\\\/05\\\/29\\\/gyermeknap-az-esztergomi-konyvtarban\\\/#primaryimage\"},\"thumbnailUrl\":\"https:\\\/\\\/dorogimedence.hu\\\/wp-content\\\/uploads\\\/2019\\\/05\\\/gyereknap-konyvtar-01.jpg\",\"datePublished\":\"2019-05-29T05:18:44+00:00\",\"breadcrumb\":{\"@id\":\"https:\\\/\\\/dorogimedence.hu\\\/index.php\\\/2019\\\/05\\\/29\\\/gyermeknap-az-esztergomi-konyvtarban\\\/#breadcrumb\"},\"inLanguage\":\"hu\",\"potentialAction\":[{\"@type\":\"ReadAction\",\"target\":[\"https:\\\/\\\/dorogimedence.hu\\\/index.php\\\/2019\\\/05\\\/29\\\/gyermeknap-az-esztergomi-konyvtarban\\\/\"]}]},{\"@type\":\"ImageObject\",\"inLanguage\":\"hu\",\"@id\":\"https:\\\/\\\/dorogimedence.hu\\\/index.php\\\/2019\\\/05\\\/29\\\/gyermeknap-az-esztergomi-konyvtarban\\\/#primaryimage\",\"url\":\"https:\\\/\\\/dorogimedence.hu\\\/wp-content\\\/uploads\\\/2019\\\/05\\\/gyereknap-konyvtar-01.jpg\",\"contentUrl\":\"https:\\\/\\\/dorogimedence.hu\\\/wp-content\\\/uploads\\\/2019\\\/05\\\/gyereknap-konyvtar-01.jpg\",\"width\":670,\"height\":365},{\"@type\":\"BreadcrumbList\",\"@id\":\"https:\\\/\\\/dorogimedence.hu\\\/index.php\\\/2019\\\/05\\\/29\\\/gyermeknap-az-esztergomi-konyvtarban\\\/#breadcrumb\",\"itemListElement\":[{\"@type\":\"ListItem\",\"position\":1,\"name\":\"Kezd\u0151lap\",\"item\":\"https:\\\/\\\/dorogimedence.hu\\\/\"},{\"@type\":\"ListItem\",\"position\":2,\"name\":\"Gyermeknap az esztergomi k\u00f6nyvt\u00e1rban\"}]},{\"@type\":\"WebSite\",\"@id\":\"https:\\\/\\\/dorogimedence.hu\\\/#website\",\"url\":\"https:\\\/\\\/dorogimedence.hu\\\/\",\"name\":\"Dorogi-medence Region\u00e1lis H\u00edrport\u00e1l\",\"description\":\"Dorog, Keszt\u00f6lc, Le\u00e1nyv\u00e1r, Piliscs\u00e9v, Tokod, Tokodalt\u00e1r\u00f3, Csolnok, Esztergom-kertv\u00e1ros: h\u00edrek, programok\",\"publisher\":{\"@id\":\"https:\\\/\\\/dorogimedence.hu\\\/#organization\"},\"potentialAction\":[{\"@type\":\"SearchAction\",\"target\":{\"@type\":\"EntryPoint\",\"urlTemplate\":\"https:\\\/\\\/dorogimedence.hu\\\/?s={search_term_string}\"},\"query-input\":{\"@type\":\"PropertyValueSpecification\",\"valueRequired\":true,\"valueName\":\"search_term_string\"}}],\"inLanguage\":\"hu\"},{\"@type\":\"Organization\",\"@id\":\"https:\\\/\\\/dorogimedence.hu\\\/#organization\",\"name\":\"Dorogi-medence Region\u00e1lis H\u00edrport\u00e1l\",\"url\":\"https:\\\/\\\/dorogimedence.hu\\\/\",\"logo\":{\"@type\":\"ImageObject\",\"inLanguage\":\"hu\",\"@id\":\"https:\\\/\\\/dorogimedence.hu\\\/#\\\/schema\\\/logo\\\/image\\\/\",\"url\":\"https:\\\/\\\/dorogimedence.hu\\\/wp-content\\\/uploads\\\/2021\\\/04\\\/logo-feher-600.png\",\"contentUrl\":\"https:\\\/\\\/dorogimedence.hu\\\/wp-content\\\/uploads\\\/2021\\\/04\\\/logo-feher-600.png\",\"width\":600,\"height\":100,\"caption\":\"Dorogi-medence Region\u00e1lis H\u00edrport\u00e1l\"},\"image\":{\"@id\":\"https:\\\/\\\/dorogimedence.hu\\\/#\\\/schema\\\/logo\\\/image\\\/\"},\"sameAs\":[\"https:\\\/\\\/www.facebook.com\\\/dorogimedence\\\/\"]},{\"@type\":\"Person\",\"@id\":\"https:\\\/\\\/dorogimedence.hu\\\/#\\\/schema\\\/person\\\/ce6091eeb7e95ecdc87890d6aa8e0fd4\",\"name\":\"dorogimedence.hu\",\"image\":{\"@type\":\"ImageObject\",\"inLanguage\":\"hu\",\"@id\":\"\\\/\\\/www.gravatar.com\\\/avatar\\\/d8d45f8901aadff40a4af72c0b826f1d?s=96&#038;r=g&#038;d=mm\",\"url\":\"\\\/\\\/www.gravatar.com\\\/avatar\\\/d8d45f8901aadff40a4af72c0b826f1d?s=96&#038;r=g&#038;d=mm\",\"contentUrl\":\"\\\/\\\/www.gravatar.com\\\/avatar\\\/d8d45f8901aadff40a4af72c0b826f1d?s=96&#038;r=g&#038;d=mm\",\"caption\":\"dorogimedence.hu\"}}]}<\/script>\n<!-- \/ Yoast SEO plugin. -->","yoast_head_json":{"title":"Gyermeknap az esztergomi k\u00f6nyvt\u00e1rban","robots":{"index":"index","follow":"follow","max-snippet":"max-snippet:-1","max-image-preview":"max-image-preview:large","max-video-preview":"max-video-preview:-1"},"canonical":"https:\/\/dorogimedence.hu\/index.php\/2019\/05\/29\/gyermeknap-az-esztergomi-konyvtarban\/","og_locale":"hu_HU","og_type":"article","og_title":"Gyermeknap az esztergomi k\u00f6nyvt\u00e1rban","og_description":"Mit is adhatna egy k\u00f6nyvt\u00e1r gyermeknapra Esztergom kicsinyeinek? \u00c9lm\u00e9nyaj\u00e1nd\u00e9kot! Ez\u00e9rt azt\u00e1n 2019. m\u00e1jus 27-\u00e9re a L\u00f3ca egy\u00fcttest h\u00edvt\u00e1k meg, hogy sz\u00ednvonalas m\u0171sor\u00e1val sz\u00f3rakoztassa a legkisebbeket. A h\u00e1romtag\u00fa L\u00f3ca egy\u00fcttes (Fekete Inci, N\u00e1dudvari R\u00f3bert, Alm\u00e1si Kriszti\u00e1n) Kecskem\u00e9ten alakult 2010-ben, az\u00f3ta j\u00e1rj\u00e1k haz\u00e1nkat m\u0171soraikkal. C\u00e9ljuk, hogy zen\u00e9s gyermekm\u0171sorok keret\u00e9ben n\u00e9phagyom\u00e1nyokat \u00e9s n\u00e9pszok\u00e1sokat eleven\u00edtsenek fel. El\u0151ad\u00e1saik a gyermekek","og_url":"https:\/\/dorogimedence.hu\/index.php\/2019\/05\/29\/gyermeknap-az-esztergomi-konyvtarban\/","og_site_name":"Dorogi-medence Region\u00e1lis H\u00edrport\u00e1l","article_publisher":"https:\/\/www.facebook.com\/dorogimedence\/","article_published_time":"2019-05-29T05:18:44+00:00","og_image":[{"width":670,"height":365,"url":"https:\/\/i0.wp.com\/dorogimedence.hu\/wp-content\/uploads\/2019\/05\/gyereknap-konyvtar-01.jpg?fit=670%2C365&ssl=1","type":"image\/jpeg"}],"author":"dorogimedence.hu","twitter_card":"summary_large_image","twitter_misc":{"Szerz\u0151:":"dorogimedence.hu","Becs\u00fclt olvas\u00e1si id\u0151":"2 perc"},"schema":{"@context":"https:\/\/schema.org","@graph":[{"@type":"Article","@id":"https:\/\/dorogimedence.hu\/index.php\/2019\/05\/29\/gyermeknap-az-esztergomi-konyvtarban\/#article","isPartOf":{"@id":"https:\/\/dorogimedence.hu\/index.php\/2019\/05\/29\/gyermeknap-az-esztergomi-konyvtarban\/"},"author":{"name":"dorogimedence.hu","@id":"https:\/\/dorogimedence.hu\/#\/schema\/person\/ce6091eeb7e95ecdc87890d6aa8e0fd4"},"headline":"Gyermeknap az esztergomi k\u00f6nyvt\u00e1rban","datePublished":"2019-05-29T05:18:44+00:00","mainEntityOfPage":{"@id":"https:\/\/dorogimedence.hu\/index.php\/2019\/05\/29\/gyermeknap-az-esztergomi-konyvtarban\/"},"wordCount":449,"publisher":{"@id":"https:\/\/dorogimedence.hu\/#organization"},"image":{"@id":"https:\/\/dorogimedence.hu\/index.php\/2019\/05\/29\/gyermeknap-az-esztergomi-konyvtarban\/#primaryimage"},"thumbnailUrl":"https:\/\/dorogimedence.hu\/wp-content\/uploads\/2019\/05\/gyereknap-konyvtar-01.jpg","keywords":["esztergomi k\u00f6nyvt\u00e1r","gyereknap","gyermeknap","k\u00f6nyvt\u00e1r","L\u00f3ca egy\u00fcttes"],"articleSection":["Esztergom","H\u00edrek"],"inLanguage":"hu"},{"@type":"WebPage","@id":"https:\/\/dorogimedence.hu\/index.php\/2019\/05\/29\/gyermeknap-az-esztergomi-konyvtarban\/","url":"https:\/\/dorogimedence.hu\/index.php\/2019\/05\/29\/gyermeknap-az-esztergomi-konyvtarban\/","name":"Gyermeknap az esztergomi k\u00f6nyvt\u00e1rban","isPartOf":{"@id":"https:\/\/dorogimedence.hu\/#website"},"primaryImageOfPage":{"@id":"https:\/\/dorogimedence.hu\/index.php\/2019\/05\/29\/gyermeknap-az-esztergomi-konyvtarban\/#primaryimage"},"image":{"@id":"https:\/\/dorogimedence.hu\/index.php\/2019\/05\/29\/gyermeknap-az-esztergomi-konyvtarban\/#primaryimage"},"thumbnailUrl":"https:\/\/dorogimedence.hu\/wp-content\/uploads\/2019\/05\/gyereknap-konyvtar-01.jpg","datePublished":"2019-05-29T05:18:44+00:00","breadcrumb":{"@id":"https:\/\/dorogimedence.hu\/index.php\/2019\/05\/29\/gyermeknap-az-esztergomi-konyvtarban\/#breadcrumb"},"inLanguage":"hu","potentialAction":[{"@type":"ReadAction","target":["https:\/\/dorogimedence.hu\/index.php\/2019\/05\/29\/gyermeknap-az-esztergomi-konyvtarban\/"]}]},{"@type":"ImageObject","inLanguage":"hu","@id":"https:\/\/dorogimedence.hu\/index.php\/2019\/05\/29\/gyermeknap-az-esztergomi-konyvtarban\/#primaryimage","url":"https:\/\/dorogimedence.hu\/wp-content\/uploads\/2019\/05\/gyereknap-konyvtar-01.jpg","contentUrl":"https:\/\/dorogimedence.hu\/wp-content\/uploads\/2019\/05\/gyereknap-konyvtar-01.jpg","width":670,"height":365},{"@type":"BreadcrumbList","@id":"https:\/\/dorogimedence.hu\/index.php\/2019\/05\/29\/gyermeknap-az-esztergomi-konyvtarban\/#breadcrumb","itemListElement":[{"@type":"ListItem","position":1,"name":"Kezd\u0151lap","item":"https:\/\/dorogimedence.hu\/"},{"@type":"ListItem","position":2,"name":"Gyermeknap az esztergomi k\u00f6nyvt\u00e1rban"}]},{"@type":"WebSite","@id":"https:\/\/dorogimedence.hu\/#website","url":"https:\/\/dorogimedence.hu\/","name":"Dorogi-medence Region\u00e1lis H\u00edrport\u00e1l","description":"Dorog, Keszt\u00f6lc, Le\u00e1nyv\u00e1r, Piliscs\u00e9v, Tokod, Tokodalt\u00e1r\u00f3, Csolnok, Esztergom-kertv\u00e1ros: h\u00edrek, programok","publisher":{"@id":"https:\/\/dorogimedence.hu\/#organization"},"potentialAction":[{"@type":"SearchAction","target":{"@type":"EntryPoint","urlTemplate":"https:\/\/dorogimedence.hu\/?s={search_term_string}"},"query-input":{"@type":"PropertyValueSpecification","valueRequired":true,"valueName":"search_term_string"}}],"inLanguage":"hu"},{"@type":"Organization","@id":"https:\/\/dorogimedence.hu\/#organization","name":"Dorogi-medence Region\u00e1lis H\u00edrport\u00e1l","url":"https:\/\/dorogimedence.hu\/","logo":{"@type":"ImageObject","inLanguage":"hu","@id":"https:\/\/dorogimedence.hu\/#\/schema\/logo\/image\/","url":"https:\/\/dorogimedence.hu\/wp-content\/uploads\/2021\/04\/logo-feher-600.png","contentUrl":"https:\/\/dorogimedence.hu\/wp-content\/uploads\/2021\/04\/logo-feher-600.png","width":600,"height":100,"caption":"Dorogi-medence Region\u00e1lis H\u00edrport\u00e1l"},"image":{"@id":"https:\/\/dorogimedence.hu\/#\/schema\/logo\/image\/"},"sameAs":["https:\/\/www.facebook.com\/dorogimedence\/"]},{"@type":"Person","@id":"https:\/\/dorogimedence.hu\/#\/schema\/person\/ce6091eeb7e95ecdc87890d6aa8e0fd4","name":"dorogimedence.hu","image":{"@type":"ImageObject","inLanguage":"hu","@id":"\/\/www.gravatar.com\/avatar\/d8d45f8901aadff40a4af72c0b826f1d?s=96&#038;r=g&#038;d=mm","url":"\/\/www.gravatar.com\/avatar\/d8d45f8901aadff40a4af72c0b826f1d?s=96&#038;r=g&#038;d=mm","contentUrl":"\/\/www.gravatar.com\/avatar\/d8d45f8901aadff40a4af72c0b826f1d?s=96&#038;r=g&#038;d=mm","caption":"dorogimedence.hu"}}]}},"_links":{"self":[{"href":"https:\/\/dorogimedence.hu\/index.php\/wp-json\/wp\/v2\/posts\/17049","targetHints":{"allow":["GET"]}}],"collection":[{"href":"https:\/\/dorogimedence.hu\/index.php\/wp-json\/wp\/v2\/posts"}],"about":[{"href":"https:\/\/dorogimedence.hu\/index.php\/wp-json\/wp\/v2\/types\/post"}],"author":[{"embeddable":true,"href":"https:\/\/dorogimedence.hu\/index.php\/wp-json\/wp\/v2\/users\/1"}],"replies":[{"embeddable":true,"href":"https:\/\/dorogimedence.hu\/index.php\/wp-json\/wp\/v2\/comments?post=17049"}],"version-history":[{"count":0,"href":"https:\/\/dorogimedence.hu\/index.php\/wp-json\/wp\/v2\/posts\/17049\/revisions"}],"wp:featuredmedia":[{"embeddable":true,"href":"https:\/\/dorogimedence.hu\/index.php\/wp-json\/wp\/v2\/media\/17050"}],"wp:attachment":[{"href":"https:\/\/dorogimedence.hu\/index.php\/wp-json\/wp\/v2\/media?parent=17049"}],"wp:term":[{"taxonomy":"category","embeddable":true,"href":"https:\/\/dorogimedence.hu\/index.php\/wp-json\/wp\/v2\/categories?post=17049"},{"taxonomy":"post_tag","embeddable":true,"href":"https:\/\/dorogimedence.hu\/index.php\/wp-json\/wp\/v2\/tags?post=17049"}],"curies":[{"name":"wp","href":"https:\/\/api.w.org\/{rel}","templated":true}]}}