{"id":17008,"date":"2019-05-27T17:10:56","date_gmt":"2019-05-27T15:10:56","guid":{"rendered":"http:\/\/dorogimedence.hu\/?p=17008"},"modified":"2019-05-27T17:10:56","modified_gmt":"2019-05-27T15:10:56","slug":"kruzslik-janos-80-eves","status":"publish","type":"post","link":"https:\/\/dorogimedence.hu\/index.php\/2019\/05\/27\/kruzslik-janos-80-eves\/","title":{"rendered":"Kruzslik J\u00e1nos 80 \u00e9ves"},"content":{"rendered":"<p><strong>Kruzslik J\u00e1nos 1939. m\u00e1jus 27-\u00e9n sz\u00fcletett Dorogon, b\u00e1ny\u00e1szcsal\u00e1d gyermekek\u00e9nt. 1969-t\u0151l r\u00f6vid megszak\u00edt\u00e1ssal folyamatosan a Pet\u0151fi Iskol\u00e1ban dolgozott, mint testnevel\u0151. Szakmai p\u00e1lyafut\u00e1s\u00e1t sz\u00e1mos iskolai beruh\u00e1z\u00e1s, sporteredm\u00e9ny igazolta.<\/strong><\/p>\n<p>Tanulm\u00e1nyait a D\u00f3zsa Gy\u00f6rgy \u00c1ltal\u00e1nos Iskol\u00e1ban kezdte, majd az esztergomi Istv\u00e1n Gimn\u00e1ziumban \u00e9retts\u00e9gizett. Mint a dorogi B\u00e1ny\u00e1sz labdar\u00fag\u00f3ja a Sz\u00e9nb\u00e1ny\u00e1k v\u00e1llalat t\u00e1mogat\u00e1s\u00e1val lakatos szakk\u00e9pes\u00edt\u00e9st, majd a Magyar Testnevel\u00e9si F\u00f5iskol\u00e1n k\u00f6z\u00e9piskolai diplom\u00e1t szerzett. 1969-t\u00f5l k\u00e9t kisebb megszak\u00edt\u00e1ssal a Pet\u00f5fi S\u00e1ndor \u00c1ltal\u00e1nos Iskol\u00e1ban gyakorolta hivat\u00e1s\u00e1t. Gener\u00e1ci\u00f3k sokas\u00e1g\u00e1t nevelte a sport szeretet\u00e9re, az eg\u00e9szs\u00e9ges \u00e9letm\u00f3d fontoss\u00e1g\u00e1ra. A korcsolyap\u00e1lya l\u00e9trehoz\u00e1sa, a s\u00edt\u00e1borok meghonos\u00edt\u00e1sa, az iskolai sportudvar mai form\u00e1j\u00e1nak l\u00e9trehoz\u00e1sa egyar\u00e1nt nev\u00e9hez k\u00f6t\u0151dik. 32 \u00e9ves, pedag\u00f3gus p\u00e1ly\u00e1n t\u00f6lt\u00f6tt munka ut\u00e1n 2001-ben nyugd\u00edjba vonult. M\u00e1r nyugd\u00edjask\u00e9nt vett r\u00e9szt a dorogi m\u0171anyag bor\u00edt\u00e1s\u00fa s\u00edtanp\u00e1lya, valamint a s\u00edoktat\u00e1s megval\u00f3s\u00edt\u00e1s\u00e1ban.<\/p>\n<p>Sportfanatizmus\u00e1t jellemzi, hogy 2005-ben ker\u00e9kp\u00e1rral megtette az Alpok magaslatai k\u00f6zt vezet\u0151 Gro\u00dfglockner utat, mely a hegyi ker\u00e9kp\u00e1rosok sz\u00e1m\u00e1ra is k\u00fcl\u00f6n\u00f6sen nagy kih\u00edv\u00e1st jelent. A Bruckt\u00f3l a Fuscher T\u00f6rlig vezet\u0151 1694 m-es magass\u00e1gemelked\u00e9s\u0171 27 km-es \u00fatszakasz teljes\u00edt\u00e9s\u00e9r\u0151l elismer\u0151 oklevelet is kapott.<\/p>\n<p>Kruzslik J\u00e1nos lelkesed\u00e9se, sportszeretete, pedag\u00f3giai munk\u00e1ja szakmai, erk\u00f6lcsi elismer\u00e9st \u00e9s megbecs\u00fcl\u00e9st szerzett Dorog v\u00e1ros\u00e1nak, valamint a s\u00edsportnak. Az eg\u00e9szs\u00e9ges \u00e9letm\u00f3d elk\u00f6telezett h\u00edve, s ezt tudatos\u00edtja k\u00f6rnyezet\u00e9vel is. Magatart\u00e1sa, emberi tulajdons\u00e1gai p\u00e9ldak\u00e9pk\u00e9nt szolg\u00e1lnak az \u0151t k\u00f6vet\u0151 pedag\u00f3gusok el\u0151tt, akik k\u00f6z\u00fcl sokan m\u00e1r szint\u00e9n nemzetk\u00f6zi min\u0151s\u00edt\u00e9st \u00e9rtek el.<\/p>\n<p><strong>Rendk\u00edv\u00fcl eredm\u00e9nyes munk\u00e1ss\u00e1g\u00e1t t\u00f6bbsz\u00f6r ismert\u00e9k el:<\/strong> Kiv\u00e1l\u00f3 \u00datt\u00f6r\u0151vezet\u0151 (1978), Kiv\u00e1l\u00f3 Munk\u00e1\u00e9rt (1979), \u00datt\u00f6r\u0151vezet\u0151i \u00c9rdem\u00e9rem (1985), \u00c9rdemes T\u00e1rsadalmi Munk\u00e1s (1985), Edzett Ifj\u00fas\u00e1g\u00e9rt plakett (1985), Pro Urbe D\u00edj (1995), Dorog V\u00e1ros Eml\u00e9klapja (2009), Dorogiak Dorog\u00e9rt Alap\u00edtv\u00e1ny eml\u00e9kplakett (2009).<\/p>\n<p><em><strong>Forr\u00e1sok:<\/strong> K\u00f6zh\u00edrr\u00e9 T\u00e9tetik 2010. febru\u00e1r (Mandusitz Zsuzsanna), Javaslat elismer\u0151 oklev\u00e9l kit\u00fcntet\u00e9sre 2009. \u00e1prilis 15. (Dr. Tittmann J\u00e1nos)<\/em><\/p>\n<p><em><strong>Fot\u00f3:<\/strong> k\u00f6z\u00e9pen Kruzslik J\u00e1nos (2018-ban a S\u00edoktat\u00f3k Magyarorsz\u00e1gi Sz\u00f6vets\u00e9g\u00e9nek tan\u00fas\u00edtv\u00e1ny\u00e1t veszi \u00e1t F\u00f3di G\u00e1borral egy\u00fctt az SMSZ eln\u00f6k\u00e9t\u0151l, dr. Egri Katalint\u00f3l \u00e9s Kiss D\u00e1niel eln\u00f6ks\u00e9gi tagt\u00f3l).<\/em><\/p>\n","protected":false},"excerpt":{"rendered":"<p>Kruzslik J\u00e1nos 1939. m\u00e1jus 27-\u00e9n sz\u00fcletett Dorogon, b\u00e1ny\u00e1szcsal\u00e1d gyermekek\u00e9nt. 1969-t\u0151l r\u00f6vid megszak\u00edt\u00e1ssal folyamatosan a Pet\u0151fi Iskol\u00e1ban dolgozott, mint testnevel\u0151. Szakmai p\u00e1lyafut\u00e1s\u00e1t sz\u00e1mos iskolai beruh\u00e1z\u00e1s, sporteredm\u00e9ny igazolta. Tanulm\u00e1nyait a D\u00f3zsa Gy\u00f6rgy \u00c1ltal\u00e1nos Iskol\u00e1ban kezdte, majd az esztergomi Istv\u00e1n Gimn\u00e1ziumban \u00e9retts\u00e9gizett. Mint a dorogi B\u00e1ny\u00e1sz labdar\u00fag\u00f3ja a Sz\u00e9nb\u00e1ny\u00e1k v\u00e1llalat t\u00e1mogat\u00e1s\u00e1val lakatos szakk\u00e9pes\u00edt\u00e9st, majd a Magyar Testnevel\u00e9si F\u00f5iskol\u00e1n<\/p>\n","protected":false},"author":1,"featured_media":17009,"comment_status":"closed","ping_status":"closed","sticky":false,"template":"","format":"standard","meta":{"ngg_post_thumbnail":0,"footnotes":""},"categories":[2,3,5],"tags":[3915,15,3913,3914,16],"class_list":{"0":"post-17008","1":"post","2":"type-post","3":"status-publish","4":"format-standard","5":"has-post-thumbnail","7":"category-dorog","8":"category-hirek","9":"category-sport","10":"tag-80-eves","11":"tag-dorog","12":"tag-kruzslik","13":"tag-kruzslik-janos","14":"tag-sport"},"yoast_head":"<!-- This site is optimized with the Yoast SEO plugin v27.4 - https:\/\/yoast.com\/product\/yoast-seo-wordpress\/ -->\n<title>Kruzslik J\u00e1nos 80 \u00e9ves<\/title>\n<meta name=\"robots\" content=\"index, follow, max-snippet:-1, max-image-preview:large, max-video-preview:-1\" \/>\n<link rel=\"canonical\" href=\"https:\/\/dorogimedence.hu\/index.php\/2019\/05\/27\/kruzslik-janos-80-eves\/\" class=\"yoast-seo-meta-tag\" \/>\n<meta property=\"og:locale\" content=\"hu_HU\" class=\"yoast-seo-meta-tag\" \/>\n<meta property=\"og:type\" content=\"article\" class=\"yoast-seo-meta-tag\" \/>\n<meta property=\"og:title\" content=\"Kruzslik J\u00e1nos 80 \u00e9ves\" class=\"yoast-seo-meta-tag\" \/>\n<meta property=\"og:description\" content=\"Kruzslik J\u00e1nos 1939. m\u00e1jus 27-\u00e9n sz\u00fcletett Dorogon, b\u00e1ny\u00e1szcsal\u00e1d gyermekek\u00e9nt. 1969-t\u0151l r\u00f6vid megszak\u00edt\u00e1ssal folyamatosan a Pet\u0151fi Iskol\u00e1ban dolgozott, mint testnevel\u0151. Szakmai p\u00e1lyafut\u00e1s\u00e1t sz\u00e1mos iskolai beruh\u00e1z\u00e1s, sporteredm\u00e9ny igazolta. Tanulm\u00e1nyait a D\u00f3zsa Gy\u00f6rgy \u00c1ltal\u00e1nos Iskol\u00e1ban kezdte, majd az esztergomi Istv\u00e1n Gimn\u00e1ziumban \u00e9retts\u00e9gizett. Mint a dorogi B\u00e1ny\u00e1sz labdar\u00fag\u00f3ja a Sz\u00e9nb\u00e1ny\u00e1k v\u00e1llalat t\u00e1mogat\u00e1s\u00e1val lakatos szakk\u00e9pes\u00edt\u00e9st, majd a Magyar Testnevel\u00e9si F\u00f5iskol\u00e1n\" class=\"yoast-seo-meta-tag\" \/>\n<meta property=\"og:url\" content=\"https:\/\/dorogimedence.hu\/index.php\/2019\/05\/27\/kruzslik-janos-80-eves\/\" class=\"yoast-seo-meta-tag\" \/>\n<meta property=\"og:site_name\" content=\"Dorogi-medence Region\u00e1lis H\u00edrport\u00e1l\" class=\"yoast-seo-meta-tag\" \/>\n<meta property=\"article:publisher\" content=\"https:\/\/www.facebook.com\/dorogimedence\/\" class=\"yoast-seo-meta-tag\" \/>\n<meta property=\"article:published_time\" content=\"2019-05-27T15:10:56+00:00\" class=\"yoast-seo-meta-tag\" \/>\n<meta property=\"og:image\" content=\"https:\/\/i0.wp.com\/dorogimedence.hu\/wp-content\/uploads\/2019\/05\/kruzslik.jpg?fit=670%2C365&ssl=1\" class=\"yoast-seo-meta-tag\" \/>\n\t<meta property=\"og:image:width\" content=\"670\" class=\"yoast-seo-meta-tag\" \/>\n\t<meta property=\"og:image:height\" content=\"365\" class=\"yoast-seo-meta-tag\" \/>\n\t<meta property=\"og:image:type\" content=\"image\/jpeg\" class=\"yoast-seo-meta-tag\" \/>\n<meta name=\"author\" content=\"dorogimedence.hu\" class=\"yoast-seo-meta-tag\" \/>\n<meta name=\"twitter:card\" content=\"summary_large_image\" class=\"yoast-seo-meta-tag\" \/>\n<meta name=\"twitter:label1\" content=\"Szerz\u0151:\" class=\"yoast-seo-meta-tag\" \/>\n\t<meta name=\"twitter:data1\" content=\"dorogimedence.hu\" class=\"yoast-seo-meta-tag\" \/>\n\t<meta name=\"twitter:label2\" content=\"Becs\u00fclt olvas\u00e1si id\u0151\" class=\"yoast-seo-meta-tag\" \/>\n\t<meta name=\"twitter:data2\" content=\"2 perc\" class=\"yoast-seo-meta-tag\" \/>\n<script type=\"application\/ld+json\" class=\"yoast-schema-graph\">{\"@context\":\"https:\\\/\\\/schema.org\",\"@graph\":[{\"@type\":\"Article\",\"@id\":\"https:\\\/\\\/dorogimedence.hu\\\/index.php\\\/2019\\\/05\\\/27\\\/kruzslik-janos-80-eves\\\/#article\",\"isPartOf\":{\"@id\":\"https:\\\/\\\/dorogimedence.hu\\\/index.php\\\/2019\\\/05\\\/27\\\/kruzslik-janos-80-eves\\\/\"},\"author\":{\"name\":\"dorogimedence.hu\",\"@id\":\"https:\\\/\\\/dorogimedence.hu\\\/#\\\/schema\\\/person\\\/ce6091eeb7e95ecdc87890d6aa8e0fd4\"},\"headline\":\"Kruzslik J\u00e1nos 80 \u00e9ves\",\"datePublished\":\"2019-05-27T15:10:56+00:00\",\"mainEntityOfPage\":{\"@id\":\"https:\\\/\\\/dorogimedence.hu\\\/index.php\\\/2019\\\/05\\\/27\\\/kruzslik-janos-80-eves\\\/\"},\"wordCount\":498,\"publisher\":{\"@id\":\"https:\\\/\\\/dorogimedence.hu\\\/#organization\"},\"image\":{\"@id\":\"https:\\\/\\\/dorogimedence.hu\\\/index.php\\\/2019\\\/05\\\/27\\\/kruzslik-janos-80-eves\\\/#primaryimage\"},\"thumbnailUrl\":\"https:\\\/\\\/dorogimedence.hu\\\/wp-content\\\/uploads\\\/2019\\\/05\\\/kruzslik.jpg\",\"keywords\":[\"80 \u00e9ves\",\"Dorog\",\"Kruzslik\",\"Kruzslik J\u00e1nos\",\"sport\"],\"articleSection\":[\"Dorog\",\"H\u00edrek\",\"Sport\"],\"inLanguage\":\"hu\"},{\"@type\":\"WebPage\",\"@id\":\"https:\\\/\\\/dorogimedence.hu\\\/index.php\\\/2019\\\/05\\\/27\\\/kruzslik-janos-80-eves\\\/\",\"url\":\"https:\\\/\\\/dorogimedence.hu\\\/index.php\\\/2019\\\/05\\\/27\\\/kruzslik-janos-80-eves\\\/\",\"name\":\"Kruzslik J\u00e1nos 80 \u00e9ves\",\"isPartOf\":{\"@id\":\"https:\\\/\\\/dorogimedence.hu\\\/#website\"},\"primaryImageOfPage\":{\"@id\":\"https:\\\/\\\/dorogimedence.hu\\\/index.php\\\/2019\\\/05\\\/27\\\/kruzslik-janos-80-eves\\\/#primaryimage\"},\"image\":{\"@id\":\"https:\\\/\\\/dorogimedence.hu\\\/index.php\\\/2019\\\/05\\\/27\\\/kruzslik-janos-80-eves\\\/#primaryimage\"},\"thumbnailUrl\":\"https:\\\/\\\/dorogimedence.hu\\\/wp-content\\\/uploads\\\/2019\\\/05\\\/kruzslik.jpg\",\"datePublished\":\"2019-05-27T15:10:56+00:00\",\"breadcrumb\":{\"@id\":\"https:\\\/\\\/dorogimedence.hu\\\/index.php\\\/2019\\\/05\\\/27\\\/kruzslik-janos-80-eves\\\/#breadcrumb\"},\"inLanguage\":\"hu\",\"potentialAction\":[{\"@type\":\"ReadAction\",\"target\":[\"https:\\\/\\\/dorogimedence.hu\\\/index.php\\\/2019\\\/05\\\/27\\\/kruzslik-janos-80-eves\\\/\"]}]},{\"@type\":\"ImageObject\",\"inLanguage\":\"hu\",\"@id\":\"https:\\\/\\\/dorogimedence.hu\\\/index.php\\\/2019\\\/05\\\/27\\\/kruzslik-janos-80-eves\\\/#primaryimage\",\"url\":\"https:\\\/\\\/dorogimedence.hu\\\/wp-content\\\/uploads\\\/2019\\\/05\\\/kruzslik.jpg\",\"contentUrl\":\"https:\\\/\\\/dorogimedence.hu\\\/wp-content\\\/uploads\\\/2019\\\/05\\\/kruzslik.jpg\",\"width\":670,\"height\":365},{\"@type\":\"BreadcrumbList\",\"@id\":\"https:\\\/\\\/dorogimedence.hu\\\/index.php\\\/2019\\\/05\\\/27\\\/kruzslik-janos-80-eves\\\/#breadcrumb\",\"itemListElement\":[{\"@type\":\"ListItem\",\"position\":1,\"name\":\"Kezd\u0151lap\",\"item\":\"https:\\\/\\\/dorogimedence.hu\\\/\"},{\"@type\":\"ListItem\",\"position\":2,\"name\":\"Kruzslik J\u00e1nos 80 \u00e9ves\"}]},{\"@type\":\"WebSite\",\"@id\":\"https:\\\/\\\/dorogimedence.hu\\\/#website\",\"url\":\"https:\\\/\\\/dorogimedence.hu\\\/\",\"name\":\"Dorogi-medence Region\u00e1lis H\u00edrport\u00e1l\",\"description\":\"Dorog, Keszt\u00f6lc, Le\u00e1nyv\u00e1r, Piliscs\u00e9v, Tokod, Tokodalt\u00e1r\u00f3, Csolnok, Esztergom-kertv\u00e1ros: h\u00edrek, programok\",\"publisher\":{\"@id\":\"https:\\\/\\\/dorogimedence.hu\\\/#organization\"},\"potentialAction\":[{\"@type\":\"SearchAction\",\"target\":{\"@type\":\"EntryPoint\",\"urlTemplate\":\"https:\\\/\\\/dorogimedence.hu\\\/?s={search_term_string}\"},\"query-input\":{\"@type\":\"PropertyValueSpecification\",\"valueRequired\":true,\"valueName\":\"search_term_string\"}}],\"inLanguage\":\"hu\"},{\"@type\":\"Organization\",\"@id\":\"https:\\\/\\\/dorogimedence.hu\\\/#organization\",\"name\":\"Dorogi-medence Region\u00e1lis H\u00edrport\u00e1l\",\"url\":\"https:\\\/\\\/dorogimedence.hu\\\/\",\"logo\":{\"@type\":\"ImageObject\",\"inLanguage\":\"hu\",\"@id\":\"https:\\\/\\\/dorogimedence.hu\\\/#\\\/schema\\\/logo\\\/image\\\/\",\"url\":\"https:\\\/\\\/dorogimedence.hu\\\/wp-content\\\/uploads\\\/2021\\\/04\\\/logo-feher-600.png\",\"contentUrl\":\"https:\\\/\\\/dorogimedence.hu\\\/wp-content\\\/uploads\\\/2021\\\/04\\\/logo-feher-600.png\",\"width\":600,\"height\":100,\"caption\":\"Dorogi-medence Region\u00e1lis H\u00edrport\u00e1l\"},\"image\":{\"@id\":\"https:\\\/\\\/dorogimedence.hu\\\/#\\\/schema\\\/logo\\\/image\\\/\"},\"sameAs\":[\"https:\\\/\\\/www.facebook.com\\\/dorogimedence\\\/\"]},{\"@type\":\"Person\",\"@id\":\"https:\\\/\\\/dorogimedence.hu\\\/#\\\/schema\\\/person\\\/ce6091eeb7e95ecdc87890d6aa8e0fd4\",\"name\":\"dorogimedence.hu\",\"image\":{\"@type\":\"ImageObject\",\"inLanguage\":\"hu\",\"@id\":\"\\\/\\\/www.gravatar.com\\\/avatar\\\/d8d45f8901aadff40a4af72c0b826f1d?s=96&#038;r=g&#038;d=mm\",\"url\":\"\\\/\\\/www.gravatar.com\\\/avatar\\\/d8d45f8901aadff40a4af72c0b826f1d?s=96&#038;r=g&#038;d=mm\",\"contentUrl\":\"\\\/\\\/www.gravatar.com\\\/avatar\\\/d8d45f8901aadff40a4af72c0b826f1d?s=96&#038;r=g&#038;d=mm\",\"caption\":\"dorogimedence.hu\"}}]}<\/script>\n<!-- \/ Yoast SEO plugin. -->","yoast_head_json":{"title":"Kruzslik J\u00e1nos 80 \u00e9ves","robots":{"index":"index","follow":"follow","max-snippet":"max-snippet:-1","max-image-preview":"max-image-preview:large","max-video-preview":"max-video-preview:-1"},"canonical":"https:\/\/dorogimedence.hu\/index.php\/2019\/05\/27\/kruzslik-janos-80-eves\/","og_locale":"hu_HU","og_type":"article","og_title":"Kruzslik J\u00e1nos 80 \u00e9ves","og_description":"Kruzslik J\u00e1nos 1939. m\u00e1jus 27-\u00e9n sz\u00fcletett Dorogon, b\u00e1ny\u00e1szcsal\u00e1d gyermekek\u00e9nt. 1969-t\u0151l r\u00f6vid megszak\u00edt\u00e1ssal folyamatosan a Pet\u0151fi Iskol\u00e1ban dolgozott, mint testnevel\u0151. Szakmai p\u00e1lyafut\u00e1s\u00e1t sz\u00e1mos iskolai beruh\u00e1z\u00e1s, sporteredm\u00e9ny igazolta. Tanulm\u00e1nyait a D\u00f3zsa Gy\u00f6rgy \u00c1ltal\u00e1nos Iskol\u00e1ban kezdte, majd az esztergomi Istv\u00e1n Gimn\u00e1ziumban \u00e9retts\u00e9gizett. Mint a dorogi B\u00e1ny\u00e1sz labdar\u00fag\u00f3ja a Sz\u00e9nb\u00e1ny\u00e1k v\u00e1llalat t\u00e1mogat\u00e1s\u00e1val lakatos szakk\u00e9pes\u00edt\u00e9st, majd a Magyar Testnevel\u00e9si F\u00f5iskol\u00e1n","og_url":"https:\/\/dorogimedence.hu\/index.php\/2019\/05\/27\/kruzslik-janos-80-eves\/","og_site_name":"Dorogi-medence Region\u00e1lis H\u00edrport\u00e1l","article_publisher":"https:\/\/www.facebook.com\/dorogimedence\/","article_published_time":"2019-05-27T15:10:56+00:00","og_image":[{"width":670,"height":365,"url":"https:\/\/i0.wp.com\/dorogimedence.hu\/wp-content\/uploads\/2019\/05\/kruzslik.jpg?fit=670%2C365&ssl=1","type":"image\/jpeg"}],"author":"dorogimedence.hu","twitter_card":"summary_large_image","twitter_misc":{"Szerz\u0151:":"dorogimedence.hu","Becs\u00fclt olvas\u00e1si id\u0151":"2 perc"},"schema":{"@context":"https:\/\/schema.org","@graph":[{"@type":"Article","@id":"https:\/\/dorogimedence.hu\/index.php\/2019\/05\/27\/kruzslik-janos-80-eves\/#article","isPartOf":{"@id":"https:\/\/dorogimedence.hu\/index.php\/2019\/05\/27\/kruzslik-janos-80-eves\/"},"author":{"name":"dorogimedence.hu","@id":"https:\/\/dorogimedence.hu\/#\/schema\/person\/ce6091eeb7e95ecdc87890d6aa8e0fd4"},"headline":"Kruzslik J\u00e1nos 80 \u00e9ves","datePublished":"2019-05-27T15:10:56+00:00","mainEntityOfPage":{"@id":"https:\/\/dorogimedence.hu\/index.php\/2019\/05\/27\/kruzslik-janos-80-eves\/"},"wordCount":498,"publisher":{"@id":"https:\/\/dorogimedence.hu\/#organization"},"image":{"@id":"https:\/\/dorogimedence.hu\/index.php\/2019\/05\/27\/kruzslik-janos-80-eves\/#primaryimage"},"thumbnailUrl":"https:\/\/dorogimedence.hu\/wp-content\/uploads\/2019\/05\/kruzslik.jpg","keywords":["80 \u00e9ves","Dorog","Kruzslik","Kruzslik J\u00e1nos","sport"],"articleSection":["Dorog","H\u00edrek","Sport"],"inLanguage":"hu"},{"@type":"WebPage","@id":"https:\/\/dorogimedence.hu\/index.php\/2019\/05\/27\/kruzslik-janos-80-eves\/","url":"https:\/\/dorogimedence.hu\/index.php\/2019\/05\/27\/kruzslik-janos-80-eves\/","name":"Kruzslik J\u00e1nos 80 \u00e9ves","isPartOf":{"@id":"https:\/\/dorogimedence.hu\/#website"},"primaryImageOfPage":{"@id":"https:\/\/dorogimedence.hu\/index.php\/2019\/05\/27\/kruzslik-janos-80-eves\/#primaryimage"},"image":{"@id":"https:\/\/dorogimedence.hu\/index.php\/2019\/05\/27\/kruzslik-janos-80-eves\/#primaryimage"},"thumbnailUrl":"https:\/\/dorogimedence.hu\/wp-content\/uploads\/2019\/05\/kruzslik.jpg","datePublished":"2019-05-27T15:10:56+00:00","breadcrumb":{"@id":"https:\/\/dorogimedence.hu\/index.php\/2019\/05\/27\/kruzslik-janos-80-eves\/#breadcrumb"},"inLanguage":"hu","potentialAction":[{"@type":"ReadAction","target":["https:\/\/dorogimedence.hu\/index.php\/2019\/05\/27\/kruzslik-janos-80-eves\/"]}]},{"@type":"ImageObject","inLanguage":"hu","@id":"https:\/\/dorogimedence.hu\/index.php\/2019\/05\/27\/kruzslik-janos-80-eves\/#primaryimage","url":"https:\/\/dorogimedence.hu\/wp-content\/uploads\/2019\/05\/kruzslik.jpg","contentUrl":"https:\/\/dorogimedence.hu\/wp-content\/uploads\/2019\/05\/kruzslik.jpg","width":670,"height":365},{"@type":"BreadcrumbList","@id":"https:\/\/dorogimedence.hu\/index.php\/2019\/05\/27\/kruzslik-janos-80-eves\/#breadcrumb","itemListElement":[{"@type":"ListItem","position":1,"name":"Kezd\u0151lap","item":"https:\/\/dorogimedence.hu\/"},{"@type":"ListItem","position":2,"name":"Kruzslik J\u00e1nos 80 \u00e9ves"}]},{"@type":"WebSite","@id":"https:\/\/dorogimedence.hu\/#website","url":"https:\/\/dorogimedence.hu\/","name":"Dorogi-medence Region\u00e1lis H\u00edrport\u00e1l","description":"Dorog, Keszt\u00f6lc, Le\u00e1nyv\u00e1r, Piliscs\u00e9v, Tokod, Tokodalt\u00e1r\u00f3, Csolnok, Esztergom-kertv\u00e1ros: h\u00edrek, programok","publisher":{"@id":"https:\/\/dorogimedence.hu\/#organization"},"potentialAction":[{"@type":"SearchAction","target":{"@type":"EntryPoint","urlTemplate":"https:\/\/dorogimedence.hu\/?s={search_term_string}"},"query-input":{"@type":"PropertyValueSpecification","valueRequired":true,"valueName":"search_term_string"}}],"inLanguage":"hu"},{"@type":"Organization","@id":"https:\/\/dorogimedence.hu\/#organization","name":"Dorogi-medence Region\u00e1lis H\u00edrport\u00e1l","url":"https:\/\/dorogimedence.hu\/","logo":{"@type":"ImageObject","inLanguage":"hu","@id":"https:\/\/dorogimedence.hu\/#\/schema\/logo\/image\/","url":"https:\/\/dorogimedence.hu\/wp-content\/uploads\/2021\/04\/logo-feher-600.png","contentUrl":"https:\/\/dorogimedence.hu\/wp-content\/uploads\/2021\/04\/logo-feher-600.png","width":600,"height":100,"caption":"Dorogi-medence Region\u00e1lis H\u00edrport\u00e1l"},"image":{"@id":"https:\/\/dorogimedence.hu\/#\/schema\/logo\/image\/"},"sameAs":["https:\/\/www.facebook.com\/dorogimedence\/"]},{"@type":"Person","@id":"https:\/\/dorogimedence.hu\/#\/schema\/person\/ce6091eeb7e95ecdc87890d6aa8e0fd4","name":"dorogimedence.hu","image":{"@type":"ImageObject","inLanguage":"hu","@id":"\/\/www.gravatar.com\/avatar\/d8d45f8901aadff40a4af72c0b826f1d?s=96&#038;r=g&#038;d=mm","url":"\/\/www.gravatar.com\/avatar\/d8d45f8901aadff40a4af72c0b826f1d?s=96&#038;r=g&#038;d=mm","contentUrl":"\/\/www.gravatar.com\/avatar\/d8d45f8901aadff40a4af72c0b826f1d?s=96&#038;r=g&#038;d=mm","caption":"dorogimedence.hu"}}]}},"_links":{"self":[{"href":"https:\/\/dorogimedence.hu\/index.php\/wp-json\/wp\/v2\/posts\/17008","targetHints":{"allow":["GET"]}}],"collection":[{"href":"https:\/\/dorogimedence.hu\/index.php\/wp-json\/wp\/v2\/posts"}],"about":[{"href":"https:\/\/dorogimedence.hu\/index.php\/wp-json\/wp\/v2\/types\/post"}],"author":[{"embeddable":true,"href":"https:\/\/dorogimedence.hu\/index.php\/wp-json\/wp\/v2\/users\/1"}],"replies":[{"embeddable":true,"href":"https:\/\/dorogimedence.hu\/index.php\/wp-json\/wp\/v2\/comments?post=17008"}],"version-history":[{"count":0,"href":"https:\/\/dorogimedence.hu\/index.php\/wp-json\/wp\/v2\/posts\/17008\/revisions"}],"wp:featuredmedia":[{"embeddable":true,"href":"https:\/\/dorogimedence.hu\/index.php\/wp-json\/wp\/v2\/media\/17009"}],"wp:attachment":[{"href":"https:\/\/dorogimedence.hu\/index.php\/wp-json\/wp\/v2\/media?parent=17008"}],"wp:term":[{"taxonomy":"category","embeddable":true,"href":"https:\/\/dorogimedence.hu\/index.php\/wp-json\/wp\/v2\/categories?post=17008"},{"taxonomy":"post_tag","embeddable":true,"href":"https:\/\/dorogimedence.hu\/index.php\/wp-json\/wp\/v2\/tags?post=17008"}],"curies":[{"name":"wp","href":"https:\/\/api.w.org\/{rel}","templated":true}]}}