{"id":16958,"date":"2019-05-24T07:19:29","date_gmt":"2019-05-24T05:19:29","guid":{"rendered":"http:\/\/dorogimedence.hu\/?p=16958"},"modified":"2019-05-24T07:21:09","modified_gmt":"2019-05-24T05:21:09","slug":"jatekosmozgas-es-edzovaltas-dorogon","status":"publish","type":"post","link":"https:\/\/dorogimedence.hu\/index.php\/2019\/05\/24\/jatekosmozgas-es-edzovaltas-dorogon\/","title":{"rendered":"J\u00e1t\u00e9kosmozg\u00e1s \u00e9s edz\u0151v\u00e1lt\u00e1s Dorogon"},"content":{"rendered":"<p><strong>A k\u00f6vetkez\u0151 bajnoki id\u00e9nyben ism\u00e9t N\u00e9meth Szabolcs ir\u00e1ny\u00edtja a labdar\u00fag\u00f3 NB II-ben szerepl\u0151 Dorogi FC-t \u2013 a tr\u00e9ner a 2016\u20132017-es ki\u00edr\u00e1sban m\u00e1r vezette az egy\u00fcttest \u2013, a keretben pedig nagy v\u00e1ltoz\u00e1sok lesznek, tudta meg a <a href=\"http:\/\/www.nemzetisport.hu\/labdarugo_nb_ii\/nb-ii-regi-uj-edzo-dorogon-a-vasashoz-igazol-a-kozeppalyas-2702047\" target=\"_blank\" rel=\"noopener noreferrer\"><span style=\"text-decoration: underline; color: #0000ff;\">Nemzeti Sport Online<\/span><\/a>.<\/strong><\/p>\n<p>A 25 \u00e9ves k\u00f6z\u00e9pp\u00e1ly\u00e1s, Szedl\u00e1r Zolt\u00e1n t\u00e1vozik a Dorogt\u00f3l \u00e9s a szint\u00e9n m\u00e1sodoszt\u00e1ly\u00fa Vasasban folytatja a p\u00e1lyafut\u00e1s\u00e1t. A j\u00e1t\u00e9kos 29 bajnokin l\u00e9pett p\u00e1ly\u00e1ra, \u00e9s n\u00e9gy g\u00f3lt szerzett a vas\u00e1rnap v\u00e9get \u00e9rt id\u00e9nyben. Ugyancsak biztosan elmegy a csapatt\u00f3l Heged\u0171s M\u00e1rk, aki k\u00f6lcs\u00f6nad\u00e1sa lej\u00e1rt\u00e1val visszat\u00e9r a Budapest Honv\u00e9dhoz.<\/p>\n<p>\u00c9rkez\u0151 is van m\u00e1r a dorogi egy\u00fcttesn\u00e9l, az NB II-b\u0151l kies\u0151 Cegl\u00e9dt\u0151l j\u00f6n a 26 \u00e9ves v\u00e9d\u0151, Farkas Andr\u00e1s. Az NSO ezeken k\u00edv\u00fcl \u00fagy tudja, hogy szint\u00e9n Dorogra tart a cegl\u00e9diek 28 esztend\u0151s kapusa, Mursits Roland, illetve 30 \u00e9ves t\u00e1mad\u00f3ja, Olasz D\u00e9nes, valamint a klubn\u00e1l sz\u00edvesen l\u00e1tn\u00e1k a balmaz\u00fajv\u00e1rosi Berki Istv\u00e1nt is.<\/p>\n<p><em>Forr\u00e1s: nemzetisport.hu<\/em><\/p>\n","protected":false},"excerpt":{"rendered":"<p>A k\u00f6vetkez\u0151 bajnoki id\u00e9nyben ism\u00e9t N\u00e9meth Szabolcs ir\u00e1ny\u00edtja a labdar\u00fag\u00f3 NB II-ben szerepl\u0151 Dorogi FC-t \u2013 a tr\u00e9ner a 2016\u20132017-es ki\u00edr\u00e1sban m\u00e1r vezette az egy\u00fcttest \u2013, a keretben pedig nagy v\u00e1ltoz\u00e1sok lesznek, tudta meg a Nemzeti Sport Online. A 25 \u00e9ves k\u00f6z\u00e9pp\u00e1ly\u00e1s, Szedl\u00e1r Zolt\u00e1n t\u00e1vozik a Dorogt\u00f3l \u00e9s a szint\u00e9n m\u00e1sodoszt\u00e1ly\u00fa Vasasban folytatja a p\u00e1lyafut\u00e1s\u00e1t.<\/p>\n","protected":false},"author":1,"featured_media":16959,"comment_status":"closed","ping_status":"closed","sticky":false,"template":"","format":"standard","meta":{"ngg_post_thumbnail":0,"footnotes":""},"categories":[2,3,5],"tags":[15,37,70,69,3529,72,263,16],"class_list":{"0":"post-16958","1":"post","2":"type-post","3":"status-publish","4":"format-standard","5":"has-post-thumbnail","7":"category-dorog","8":"category-hirek","9":"category-sport","10":"tag-dorog","11":"tag-dorogi-fc","12":"tag-foci","13":"tag-futball","14":"tag-jatekosmozgas","15":"tag-labdarugas","16":"tag-nb-ii","17":"tag-sport"},"yoast_head":"<!-- This site is optimized with the Yoast SEO plugin v27.5 - https:\/\/yoast.com\/product\/yoast-seo-wordpress\/ -->\n<title>J\u00e1t\u00e9kosmozg\u00e1s \u00e9s edz\u0151v\u00e1lt\u00e1s Dorogon<\/title>\n<meta name=\"robots\" content=\"index, follow, max-snippet:-1, max-image-preview:large, max-video-preview:-1\" \/>\n<link rel=\"canonical\" href=\"https:\/\/dorogimedence.hu\/index.php\/2019\/05\/24\/jatekosmozgas-es-edzovaltas-dorogon\/\" class=\"yoast-seo-meta-tag\" \/>\n<meta property=\"og:locale\" content=\"hu_HU\" class=\"yoast-seo-meta-tag\" \/>\n<meta property=\"og:type\" content=\"article\" class=\"yoast-seo-meta-tag\" \/>\n<meta property=\"og:title\" content=\"J\u00e1t\u00e9kosmozg\u00e1s \u00e9s edz\u0151v\u00e1lt\u00e1s Dorogon\" class=\"yoast-seo-meta-tag\" \/>\n<meta property=\"og:description\" content=\"A k\u00f6vetkez\u0151 bajnoki id\u00e9nyben ism\u00e9t N\u00e9meth Szabolcs ir\u00e1ny\u00edtja a labdar\u00fag\u00f3 NB II-ben szerepl\u0151 Dorogi FC-t \u2013 a tr\u00e9ner a 2016\u20132017-es ki\u00edr\u00e1sban m\u00e1r vezette az egy\u00fcttest \u2013, a keretben pedig nagy v\u00e1ltoz\u00e1sok lesznek, tudta meg a Nemzeti Sport Online. A 25 \u00e9ves k\u00f6z\u00e9pp\u00e1ly\u00e1s, Szedl\u00e1r Zolt\u00e1n t\u00e1vozik a Dorogt\u00f3l \u00e9s a szint\u00e9n m\u00e1sodoszt\u00e1ly\u00fa Vasasban folytatja a p\u00e1lyafut\u00e1s\u00e1t.\" class=\"yoast-seo-meta-tag\" \/>\n<meta property=\"og:url\" content=\"https:\/\/dorogimedence.hu\/index.php\/2019\/05\/24\/jatekosmozgas-es-edzovaltas-dorogon\/\" class=\"yoast-seo-meta-tag\" \/>\n<meta property=\"og:site_name\" content=\"Dorogi-medence Region\u00e1lis H\u00edrport\u00e1l\" class=\"yoast-seo-meta-tag\" \/>\n<meta property=\"article:publisher\" content=\"https:\/\/www.facebook.com\/dorogimedence\/\" class=\"yoast-seo-meta-tag\" \/>\n<meta property=\"article:published_time\" content=\"2019-05-24T05:19:29+00:00\" class=\"yoast-seo-meta-tag\" \/>\n<meta property=\"article:modified_time\" content=\"2019-05-24T05:21:09+00:00\" class=\"yoast-seo-meta-tag\" \/>\n<meta property=\"og:image\" content=\"https:\/\/i0.wp.com\/dorogimedence.hu\/wp-content\/uploads\/2019\/05\/nemeth-szabolcs.jpg?fit=670%2C365&ssl=1\" class=\"yoast-seo-meta-tag\" \/>\n\t<meta property=\"og:image:width\" content=\"670\" class=\"yoast-seo-meta-tag\" \/>\n\t<meta property=\"og:image:height\" content=\"365\" class=\"yoast-seo-meta-tag\" \/>\n\t<meta property=\"og:image:type\" content=\"image\/jpeg\" class=\"yoast-seo-meta-tag\" \/>\n<meta name=\"author\" content=\"dorogimedence.hu\" class=\"yoast-seo-meta-tag\" \/>\n<meta name=\"twitter:card\" content=\"summary_large_image\" class=\"yoast-seo-meta-tag\" \/>\n<meta name=\"twitter:label1\" content=\"Szerz\u0151:\" class=\"yoast-seo-meta-tag\" \/>\n\t<meta name=\"twitter:data1\" content=\"dorogimedence.hu\" class=\"yoast-seo-meta-tag\" \/>\n\t<meta name=\"twitter:label2\" content=\"Becs\u00fclt olvas\u00e1si id\u0151\" class=\"yoast-seo-meta-tag\" \/>\n\t<meta name=\"twitter:data2\" content=\"1 perc\" class=\"yoast-seo-meta-tag\" \/>\n<script type=\"application\/ld+json\" class=\"yoast-schema-graph\">{\"@context\":\"https:\\\/\\\/schema.org\",\"@graph\":[{\"@type\":\"Article\",\"@id\":\"https:\\\/\\\/dorogimedence.hu\\\/index.php\\\/2019\\\/05\\\/24\\\/jatekosmozgas-es-edzovaltas-dorogon\\\/#article\",\"isPartOf\":{\"@id\":\"https:\\\/\\\/dorogimedence.hu\\\/index.php\\\/2019\\\/05\\\/24\\\/jatekosmozgas-es-edzovaltas-dorogon\\\/\"},\"author\":{\"name\":\"dorogimedence.hu\",\"@id\":\"https:\\\/\\\/dorogimedence.hu\\\/#\\\/schema\\\/person\\\/ce6091eeb7e95ecdc87890d6aa8e0fd4\"},\"headline\":\"J\u00e1t\u00e9kosmozg\u00e1s \u00e9s edz\u0151v\u00e1lt\u00e1s Dorogon\",\"datePublished\":\"2019-05-24T05:19:29+00:00\",\"dateModified\":\"2019-05-24T05:21:09+00:00\",\"mainEntityOfPage\":{\"@id\":\"https:\\\/\\\/dorogimedence.hu\\\/index.php\\\/2019\\\/05\\\/24\\\/jatekosmozgas-es-edzovaltas-dorogon\\\/\"},\"wordCount\":215,\"publisher\":{\"@id\":\"https:\\\/\\\/dorogimedence.hu\\\/#organization\"},\"image\":{\"@id\":\"https:\\\/\\\/dorogimedence.hu\\\/index.php\\\/2019\\\/05\\\/24\\\/jatekosmozgas-es-edzovaltas-dorogon\\\/#primaryimage\"},\"thumbnailUrl\":\"https:\\\/\\\/dorogimedence.hu\\\/wp-content\\\/uploads\\\/2019\\\/05\\\/nemeth-szabolcs.jpg\",\"keywords\":[\"Dorog\",\"Dorogi FC\",\"foci\",\"futball\",\"j\u00e1t\u00e9kosmozg\u00e1s\",\"labdar\u00fag\u00e1s\",\"NB II\",\"sport\"],\"articleSection\":[\"Dorog\",\"H\u00edrek\",\"Sport\"],\"inLanguage\":\"hu\"},{\"@type\":\"WebPage\",\"@id\":\"https:\\\/\\\/dorogimedence.hu\\\/index.php\\\/2019\\\/05\\\/24\\\/jatekosmozgas-es-edzovaltas-dorogon\\\/\",\"url\":\"https:\\\/\\\/dorogimedence.hu\\\/index.php\\\/2019\\\/05\\\/24\\\/jatekosmozgas-es-edzovaltas-dorogon\\\/\",\"name\":\"J\u00e1t\u00e9kosmozg\u00e1s \u00e9s edz\u0151v\u00e1lt\u00e1s Dorogon\",\"isPartOf\":{\"@id\":\"https:\\\/\\\/dorogimedence.hu\\\/#website\"},\"primaryImageOfPage\":{\"@id\":\"https:\\\/\\\/dorogimedence.hu\\\/index.php\\\/2019\\\/05\\\/24\\\/jatekosmozgas-es-edzovaltas-dorogon\\\/#primaryimage\"},\"image\":{\"@id\":\"https:\\\/\\\/dorogimedence.hu\\\/index.php\\\/2019\\\/05\\\/24\\\/jatekosmozgas-es-edzovaltas-dorogon\\\/#primaryimage\"},\"thumbnailUrl\":\"https:\\\/\\\/dorogimedence.hu\\\/wp-content\\\/uploads\\\/2019\\\/05\\\/nemeth-szabolcs.jpg\",\"datePublished\":\"2019-05-24T05:19:29+00:00\",\"dateModified\":\"2019-05-24T05:21:09+00:00\",\"breadcrumb\":{\"@id\":\"https:\\\/\\\/dorogimedence.hu\\\/index.php\\\/2019\\\/05\\\/24\\\/jatekosmozgas-es-edzovaltas-dorogon\\\/#breadcrumb\"},\"inLanguage\":\"hu\",\"potentialAction\":[{\"@type\":\"ReadAction\",\"target\":[\"https:\\\/\\\/dorogimedence.hu\\\/index.php\\\/2019\\\/05\\\/24\\\/jatekosmozgas-es-edzovaltas-dorogon\\\/\"]}]},{\"@type\":\"ImageObject\",\"inLanguage\":\"hu\",\"@id\":\"https:\\\/\\\/dorogimedence.hu\\\/index.php\\\/2019\\\/05\\\/24\\\/jatekosmozgas-es-edzovaltas-dorogon\\\/#primaryimage\",\"url\":\"https:\\\/\\\/dorogimedence.hu\\\/wp-content\\\/uploads\\\/2019\\\/05\\\/nemeth-szabolcs.jpg\",\"contentUrl\":\"https:\\\/\\\/dorogimedence.hu\\\/wp-content\\\/uploads\\\/2019\\\/05\\\/nemeth-szabolcs.jpg\",\"width\":670,\"height\":365},{\"@type\":\"BreadcrumbList\",\"@id\":\"https:\\\/\\\/dorogimedence.hu\\\/index.php\\\/2019\\\/05\\\/24\\\/jatekosmozgas-es-edzovaltas-dorogon\\\/#breadcrumb\",\"itemListElement\":[{\"@type\":\"ListItem\",\"position\":1,\"name\":\"Kezd\u0151lap\",\"item\":\"https:\\\/\\\/dorogimedence.hu\\\/\"},{\"@type\":\"ListItem\",\"position\":2,\"name\":\"J\u00e1t\u00e9kosmozg\u00e1s \u00e9s edz\u0151v\u00e1lt\u00e1s Dorogon\"}]},{\"@type\":\"WebSite\",\"@id\":\"https:\\\/\\\/dorogimedence.hu\\\/#website\",\"url\":\"https:\\\/\\\/dorogimedence.hu\\\/\",\"name\":\"Dorogi-medence Region\u00e1lis H\u00edrport\u00e1l\",\"description\":\"Dorog, Keszt\u00f6lc, Le\u00e1nyv\u00e1r, Piliscs\u00e9v, Tokod, Tokodalt\u00e1r\u00f3, Csolnok, Esztergom-kertv\u00e1ros: h\u00edrek, programok\",\"publisher\":{\"@id\":\"https:\\\/\\\/dorogimedence.hu\\\/#organization\"},\"potentialAction\":[{\"@type\":\"SearchAction\",\"target\":{\"@type\":\"EntryPoint\",\"urlTemplate\":\"https:\\\/\\\/dorogimedence.hu\\\/?s={search_term_string}\"},\"query-input\":{\"@type\":\"PropertyValueSpecification\",\"valueRequired\":true,\"valueName\":\"search_term_string\"}}],\"inLanguage\":\"hu\"},{\"@type\":\"Organization\",\"@id\":\"https:\\\/\\\/dorogimedence.hu\\\/#organization\",\"name\":\"Dorogi-medence Region\u00e1lis H\u00edrport\u00e1l\",\"url\":\"https:\\\/\\\/dorogimedence.hu\\\/\",\"logo\":{\"@type\":\"ImageObject\",\"inLanguage\":\"hu\",\"@id\":\"https:\\\/\\\/dorogimedence.hu\\\/#\\\/schema\\\/logo\\\/image\\\/\",\"url\":\"https:\\\/\\\/dorogimedence.hu\\\/wp-content\\\/uploads\\\/2021\\\/04\\\/logo-feher-600.png\",\"contentUrl\":\"https:\\\/\\\/dorogimedence.hu\\\/wp-content\\\/uploads\\\/2021\\\/04\\\/logo-feher-600.png\",\"width\":600,\"height\":100,\"caption\":\"Dorogi-medence Region\u00e1lis H\u00edrport\u00e1l\"},\"image\":{\"@id\":\"https:\\\/\\\/dorogimedence.hu\\\/#\\\/schema\\\/logo\\\/image\\\/\"},\"sameAs\":[\"https:\\\/\\\/www.facebook.com\\\/dorogimedence\\\/\"]},{\"@type\":\"Person\",\"@id\":\"https:\\\/\\\/dorogimedence.hu\\\/#\\\/schema\\\/person\\\/ce6091eeb7e95ecdc87890d6aa8e0fd4\",\"name\":\"dorogimedence.hu\",\"image\":{\"@type\":\"ImageObject\",\"inLanguage\":\"hu\",\"@id\":\"\\\/\\\/www.gravatar.com\\\/avatar\\\/d8d45f8901aadff40a4af72c0b826f1d?s=96&#038;r=g&#038;d=mm\",\"url\":\"\\\/\\\/www.gravatar.com\\\/avatar\\\/d8d45f8901aadff40a4af72c0b826f1d?s=96&#038;r=g&#038;d=mm\",\"contentUrl\":\"\\\/\\\/www.gravatar.com\\\/avatar\\\/d8d45f8901aadff40a4af72c0b826f1d?s=96&#038;r=g&#038;d=mm\",\"caption\":\"dorogimedence.hu\"}}]}<\/script>\n<!-- \/ Yoast SEO plugin. -->","yoast_head_json":{"title":"J\u00e1t\u00e9kosmozg\u00e1s \u00e9s edz\u0151v\u00e1lt\u00e1s Dorogon","robots":{"index":"index","follow":"follow","max-snippet":"max-snippet:-1","max-image-preview":"max-image-preview:large","max-video-preview":"max-video-preview:-1"},"canonical":"https:\/\/dorogimedence.hu\/index.php\/2019\/05\/24\/jatekosmozgas-es-edzovaltas-dorogon\/","og_locale":"hu_HU","og_type":"article","og_title":"J\u00e1t\u00e9kosmozg\u00e1s \u00e9s edz\u0151v\u00e1lt\u00e1s Dorogon","og_description":"A k\u00f6vetkez\u0151 bajnoki id\u00e9nyben ism\u00e9t N\u00e9meth Szabolcs ir\u00e1ny\u00edtja a labdar\u00fag\u00f3 NB II-ben szerepl\u0151 Dorogi FC-t \u2013 a tr\u00e9ner a 2016\u20132017-es ki\u00edr\u00e1sban m\u00e1r vezette az egy\u00fcttest \u2013, a keretben pedig nagy v\u00e1ltoz\u00e1sok lesznek, tudta meg a Nemzeti Sport Online. A 25 \u00e9ves k\u00f6z\u00e9pp\u00e1ly\u00e1s, Szedl\u00e1r Zolt\u00e1n t\u00e1vozik a Dorogt\u00f3l \u00e9s a szint\u00e9n m\u00e1sodoszt\u00e1ly\u00fa Vasasban folytatja a p\u00e1lyafut\u00e1s\u00e1t.","og_url":"https:\/\/dorogimedence.hu\/index.php\/2019\/05\/24\/jatekosmozgas-es-edzovaltas-dorogon\/","og_site_name":"Dorogi-medence Region\u00e1lis H\u00edrport\u00e1l","article_publisher":"https:\/\/www.facebook.com\/dorogimedence\/","article_published_time":"2019-05-24T05:19:29+00:00","article_modified_time":"2019-05-24T05:21:09+00:00","og_image":[{"width":670,"height":365,"url":"https:\/\/i0.wp.com\/dorogimedence.hu\/wp-content\/uploads\/2019\/05\/nemeth-szabolcs.jpg?fit=670%2C365&ssl=1","type":"image\/jpeg"}],"author":"dorogimedence.hu","twitter_card":"summary_large_image","twitter_misc":{"Szerz\u0151:":"dorogimedence.hu","Becs\u00fclt olvas\u00e1si id\u0151":"1 perc"},"schema":{"@context":"https:\/\/schema.org","@graph":[{"@type":"Article","@id":"https:\/\/dorogimedence.hu\/index.php\/2019\/05\/24\/jatekosmozgas-es-edzovaltas-dorogon\/#article","isPartOf":{"@id":"https:\/\/dorogimedence.hu\/index.php\/2019\/05\/24\/jatekosmozgas-es-edzovaltas-dorogon\/"},"author":{"name":"dorogimedence.hu","@id":"https:\/\/dorogimedence.hu\/#\/schema\/person\/ce6091eeb7e95ecdc87890d6aa8e0fd4"},"headline":"J\u00e1t\u00e9kosmozg\u00e1s \u00e9s edz\u0151v\u00e1lt\u00e1s Dorogon","datePublished":"2019-05-24T05:19:29+00:00","dateModified":"2019-05-24T05:21:09+00:00","mainEntityOfPage":{"@id":"https:\/\/dorogimedence.hu\/index.php\/2019\/05\/24\/jatekosmozgas-es-edzovaltas-dorogon\/"},"wordCount":215,"publisher":{"@id":"https:\/\/dorogimedence.hu\/#organization"},"image":{"@id":"https:\/\/dorogimedence.hu\/index.php\/2019\/05\/24\/jatekosmozgas-es-edzovaltas-dorogon\/#primaryimage"},"thumbnailUrl":"https:\/\/dorogimedence.hu\/wp-content\/uploads\/2019\/05\/nemeth-szabolcs.jpg","keywords":["Dorog","Dorogi FC","foci","futball","j\u00e1t\u00e9kosmozg\u00e1s","labdar\u00fag\u00e1s","NB II","sport"],"articleSection":["Dorog","H\u00edrek","Sport"],"inLanguage":"hu"},{"@type":"WebPage","@id":"https:\/\/dorogimedence.hu\/index.php\/2019\/05\/24\/jatekosmozgas-es-edzovaltas-dorogon\/","url":"https:\/\/dorogimedence.hu\/index.php\/2019\/05\/24\/jatekosmozgas-es-edzovaltas-dorogon\/","name":"J\u00e1t\u00e9kosmozg\u00e1s \u00e9s edz\u0151v\u00e1lt\u00e1s Dorogon","isPartOf":{"@id":"https:\/\/dorogimedence.hu\/#website"},"primaryImageOfPage":{"@id":"https:\/\/dorogimedence.hu\/index.php\/2019\/05\/24\/jatekosmozgas-es-edzovaltas-dorogon\/#primaryimage"},"image":{"@id":"https:\/\/dorogimedence.hu\/index.php\/2019\/05\/24\/jatekosmozgas-es-edzovaltas-dorogon\/#primaryimage"},"thumbnailUrl":"https:\/\/dorogimedence.hu\/wp-content\/uploads\/2019\/05\/nemeth-szabolcs.jpg","datePublished":"2019-05-24T05:19:29+00:00","dateModified":"2019-05-24T05:21:09+00:00","breadcrumb":{"@id":"https:\/\/dorogimedence.hu\/index.php\/2019\/05\/24\/jatekosmozgas-es-edzovaltas-dorogon\/#breadcrumb"},"inLanguage":"hu","potentialAction":[{"@type":"ReadAction","target":["https:\/\/dorogimedence.hu\/index.php\/2019\/05\/24\/jatekosmozgas-es-edzovaltas-dorogon\/"]}]},{"@type":"ImageObject","inLanguage":"hu","@id":"https:\/\/dorogimedence.hu\/index.php\/2019\/05\/24\/jatekosmozgas-es-edzovaltas-dorogon\/#primaryimage","url":"https:\/\/dorogimedence.hu\/wp-content\/uploads\/2019\/05\/nemeth-szabolcs.jpg","contentUrl":"https:\/\/dorogimedence.hu\/wp-content\/uploads\/2019\/05\/nemeth-szabolcs.jpg","width":670,"height":365},{"@type":"BreadcrumbList","@id":"https:\/\/dorogimedence.hu\/index.php\/2019\/05\/24\/jatekosmozgas-es-edzovaltas-dorogon\/#breadcrumb","itemListElement":[{"@type":"ListItem","position":1,"name":"Kezd\u0151lap","item":"https:\/\/dorogimedence.hu\/"},{"@type":"ListItem","position":2,"name":"J\u00e1t\u00e9kosmozg\u00e1s \u00e9s edz\u0151v\u00e1lt\u00e1s Dorogon"}]},{"@type":"WebSite","@id":"https:\/\/dorogimedence.hu\/#website","url":"https:\/\/dorogimedence.hu\/","name":"Dorogi-medence Region\u00e1lis H\u00edrport\u00e1l","description":"Dorog, Keszt\u00f6lc, Le\u00e1nyv\u00e1r, Piliscs\u00e9v, Tokod, Tokodalt\u00e1r\u00f3, Csolnok, Esztergom-kertv\u00e1ros: h\u00edrek, programok","publisher":{"@id":"https:\/\/dorogimedence.hu\/#organization"},"potentialAction":[{"@type":"SearchAction","target":{"@type":"EntryPoint","urlTemplate":"https:\/\/dorogimedence.hu\/?s={search_term_string}"},"query-input":{"@type":"PropertyValueSpecification","valueRequired":true,"valueName":"search_term_string"}}],"inLanguage":"hu"},{"@type":"Organization","@id":"https:\/\/dorogimedence.hu\/#organization","name":"Dorogi-medence Region\u00e1lis H\u00edrport\u00e1l","url":"https:\/\/dorogimedence.hu\/","logo":{"@type":"ImageObject","inLanguage":"hu","@id":"https:\/\/dorogimedence.hu\/#\/schema\/logo\/image\/","url":"https:\/\/dorogimedence.hu\/wp-content\/uploads\/2021\/04\/logo-feher-600.png","contentUrl":"https:\/\/dorogimedence.hu\/wp-content\/uploads\/2021\/04\/logo-feher-600.png","width":600,"height":100,"caption":"Dorogi-medence Region\u00e1lis H\u00edrport\u00e1l"},"image":{"@id":"https:\/\/dorogimedence.hu\/#\/schema\/logo\/image\/"},"sameAs":["https:\/\/www.facebook.com\/dorogimedence\/"]},{"@type":"Person","@id":"https:\/\/dorogimedence.hu\/#\/schema\/person\/ce6091eeb7e95ecdc87890d6aa8e0fd4","name":"dorogimedence.hu","image":{"@type":"ImageObject","inLanguage":"hu","@id":"\/\/www.gravatar.com\/avatar\/d8d45f8901aadff40a4af72c0b826f1d?s=96&#038;r=g&#038;d=mm","url":"\/\/www.gravatar.com\/avatar\/d8d45f8901aadff40a4af72c0b826f1d?s=96&#038;r=g&#038;d=mm","contentUrl":"\/\/www.gravatar.com\/avatar\/d8d45f8901aadff40a4af72c0b826f1d?s=96&#038;r=g&#038;d=mm","caption":"dorogimedence.hu"}}]}},"_links":{"self":[{"href":"https:\/\/dorogimedence.hu\/index.php\/wp-json\/wp\/v2\/posts\/16958","targetHints":{"allow":["GET"]}}],"collection":[{"href":"https:\/\/dorogimedence.hu\/index.php\/wp-json\/wp\/v2\/posts"}],"about":[{"href":"https:\/\/dorogimedence.hu\/index.php\/wp-json\/wp\/v2\/types\/post"}],"author":[{"embeddable":true,"href":"https:\/\/dorogimedence.hu\/index.php\/wp-json\/wp\/v2\/users\/1"}],"replies":[{"embeddable":true,"href":"https:\/\/dorogimedence.hu\/index.php\/wp-json\/wp\/v2\/comments?post=16958"}],"version-history":[{"count":0,"href":"https:\/\/dorogimedence.hu\/index.php\/wp-json\/wp\/v2\/posts\/16958\/revisions"}],"wp:featuredmedia":[{"embeddable":true,"href":"https:\/\/dorogimedence.hu\/index.php\/wp-json\/wp\/v2\/media\/16959"}],"wp:attachment":[{"href":"https:\/\/dorogimedence.hu\/index.php\/wp-json\/wp\/v2\/media?parent=16958"}],"wp:term":[{"taxonomy":"category","embeddable":true,"href":"https:\/\/dorogimedence.hu\/index.php\/wp-json\/wp\/v2\/categories?post=16958"},{"taxonomy":"post_tag","embeddable":true,"href":"https:\/\/dorogimedence.hu\/index.php\/wp-json\/wp\/v2\/tags?post=16958"}],"curies":[{"name":"wp","href":"https:\/\/api.w.org\/{rel}","templated":true}]}}