{"id":16892,"date":"2019-05-21T07:30:46","date_gmt":"2019-05-21T05:30:46","guid":{"rendered":"http:\/\/dorogimedence.hu\/?p=16892"},"modified":"2019-05-21T07:30:46","modified_gmt":"2019-05-21T05:30:46","slug":"a-betorok-arra-akartak-ravenni-a-sertettet-hogy-ne-tegyen-feljelentest","status":"publish","type":"post","link":"https:\/\/dorogimedence.hu\/index.php\/2019\/05\/21\/a-betorok-arra-akartak-ravenni-a-sertettet-hogy-ne-tegyen-feljelentest\/","title":{"rendered":"A bet\u00f6r\u0151k arra akart\u00e1k r\u00e1venni a s\u00e9rtettet, hogy ne tegyen feljelent\u00e9st"},"content":{"rendered":"<p><strong>Az Esztergomi J\u00e1r\u00e1si \u00dcgy\u00e9szs\u00e9g a kisebb \u00e9rt\u00e9kre, dolog elleni er\u0151szakkal elk\u00f6vetett lop\u00e1s b\u0171ntette miatt indult b\u0171n\u00fcgyben k\u00e9t f\u00e9rfi letart\u00f3ztat\u00e1sa hosszabb\u00edt\u00e1s\u00e1ra tett ind\u00edtv\u00e1nyt.<\/strong><\/p>\n<p>Az Esztergomi J\u00e1r\u00e1si \u00dcgy\u00e9szs\u00e9g ind\u00edtv\u00e1nya alapj\u00e1n az Esztergomi J\u00e1r\u00e1sb\u00edr\u00f3s\u00e1g 2019. \u00e1prilis 18. napj\u00e1n rendelte el k\u00e9t f\u00e9rfi letart\u00f3ztat\u00e1s\u00e1t.<\/p>\n<p>Az elk\u00f6vet\u0151k 2019. \u00e1prilis 16. napj\u00e1n \u00e9jjel megjelentek g\u00e9pkocsival az esztergomi s\u00e9rtett lak\u00f3h\u00e1z\u00e1n\u00e1l. Az egyik f\u00e9rfi a behatol\u00e1s el\u0151tt 22 \u00f3ra 45 perckor felh\u00edvta telefonon a s\u00e9rtettet, aki nem vette fel a telefont. Ezt k\u00f6vet\u0151en a m\u00e1sik gyan\u00fas\u00edtott \u00e1tugrott a ker\u00edt\u00e9sen, majd a n\u00e1la l\u00e9v\u0151 szersz\u00e1mokkal ajt\u00f3kat pr\u00f3b\u00e1lt felt\u00f6rni, ami nem j\u00e1rt sikerrel, egy ablakot felfesz\u00edtett, amin kereszt\u00fcl bejutott a h\u00e1zba. Az elk\u00f6vet\u0151 a lak\u00e1sban a szekr\u00e9nyekben kutat\u00e1st v\u00e9gzett ahonnan n\u00e9gy informatikai eszk\u00f6z\u00f6ket, telefonokat, kar\u00f3r\u00e1kat, iratokat \u00e9s k\u00e9szp\u00e9nzt vett mag\u00e1hoz \u00f6sszesen 500.000,- Ft-ot meg nem halad\u00f3 \u00e9rt\u00e9kben.<\/p>\n<p>Ezt k\u00f6vet\u0151en a h\u00e1zba behatol\u00f3 elk\u00f6vet\u0151 a s\u00e9rtett h\u00e1l\u00f3szob\u00e1j\u00e1ban is kutatni kezdett, az\u00e9rt hogy a s\u00e9rtett\u0151l k\u00e9szp\u00e9nzt tulajdon\u00edtson el, ekkor azonban a s\u00e9rtett fel\u00e9bredt, aminek a hat\u00e1s\u00e1ra a gyan\u00fas\u00edtott kimenek\u00fclt a h\u00e1zb\u00f3l. A s\u00e9rtett a gyan\u00fas\u00edtott ut\u00e1n szaladt az udvaron \u00e9s ker\u00edt\u00e9sn\u00e9l a f\u00f6ld\u00f6n fekve megtal\u00e1lta \u00e9s felismerte a gyan\u00fas\u00edtottat. Ezt k\u00f6vet\u0151en a tetten\u00e9rt gyan\u00fas\u00edtott arra igyekezett r\u00e1venni a s\u00e9rtettet, hogy ne sz\u00f3ljon a rend\u0151rs\u00e9gnek \u00e9s meg\u00edg\u00e9rte, hogy az eltulajdon\u00edtott t\u00e1rgyakat visszahozza a s\u00e9rtettnek. K\u00e9s\u0151bb a gyan\u00fas\u00edtottak egy\u00fctt visszaadt\u00e1k a s\u00e9rtettnek a t\u0151le eltulajdon\u00edtott t\u00e1rgyakat \u00e9s mindketten pr\u00f3b\u00e1lt\u00e1k r\u00e1besz\u00e9lni a s\u00e9rtettet, hogy ne tegyen feljelent\u00e9st.<\/p>\n<p>Az \u00fcgy\u00e9szs\u00e9g meg\u00e1llap\u00edtotta, hogy bizony\u00edt\u00e1s megnehez\u00edt\u00e9s\u00e9nek \u00e9s a b\u0171nism\u00e9tl\u00e9snek a vesz\u00e9lye mindk\u00e9t gyan\u00fas\u00edtottal szemben v\u00e1ltozatlanul fenn \u00e1ll, ez\u00e9rt ind\u00edtv\u00e1nyozta a letart\u00f3ztat\u00e1s hat\u00e1ridej\u00e9nek h\u00e1rom h\u00f3nappal t\u00f6rt\u00e9n\u0151 meghosszabb\u00edt\u00e1s\u00e1t.<\/p>\n<p>Az Esztergomi J\u00e1r\u00e1sb\u00edr\u00f3s\u00e1g az \u00fcgy\u00e9szs\u00e9g ind\u00edtv\u00e1ny\u00e1nak helyt adott, \u00e9s az elk\u00f6vet\u0151k letart\u00f3ztat\u00e1s\u00e1nak hat\u00e1ridej\u00e9t 2019. augusztus 18. napj\u00e1ig meghosszabb\u00edtotta.<\/p>\n<p><em><strong>Kom\u00e1rom-Esztergom Megyei F\u0151\u00fcgy\u00e9szs\u00e9g Sajt\u00f3<\/strong><\/em><\/p>\n","protected":false},"excerpt":{"rendered":"<p>Az Esztergomi J\u00e1r\u00e1si \u00dcgy\u00e9szs\u00e9g a kisebb \u00e9rt\u00e9kre, dolog elleni er\u0151szakkal elk\u00f6vetett lop\u00e1s b\u0171ntette miatt indult b\u0171n\u00fcgyben k\u00e9t f\u00e9rfi letart\u00f3ztat\u00e1sa hosszabb\u00edt\u00e1s\u00e1ra tett ind\u00edtv\u00e1nyt. Az Esztergomi J\u00e1r\u00e1si \u00dcgy\u00e9szs\u00e9g ind\u00edtv\u00e1nya alapj\u00e1n az Esztergomi J\u00e1r\u00e1sb\u00edr\u00f3s\u00e1g 2019. \u00e1prilis 18. napj\u00e1n rendelte el k\u00e9t f\u00e9rfi letart\u00f3ztat\u00e1s\u00e1t. Az elk\u00f6vet\u0151k 2019. \u00e1prilis 16. napj\u00e1n \u00e9jjel megjelentek g\u00e9pkocsival az esztergomi s\u00e9rtett lak\u00f3h\u00e1z\u00e1n\u00e1l. Az egyik<\/p>\n","protected":false},"author":1,"featured_media":7184,"comment_status":"closed","ping_status":"closed","sticky":false,"template":"","format":"standard","meta":{"ngg_post_thumbnail":0,"footnotes":""},"categories":[38,3,39],"tags":[1042,63,42,326],"class_list":{"0":"post-16892","1":"post","2":"type-post","3":"status-publish","4":"format-standard","5":"has-post-thumbnail","7":"category-esztergom","8":"category-hirek","9":"category-kek-hirek","10":"tag-birosag","11":"tag-buncselekmeny","12":"tag-esztergom","13":"tag-ugyeszseg"},"yoast_head":"<!-- This site is optimized with the Yoast SEO plugin v27.4 - https:\/\/yoast.com\/product\/yoast-seo-wordpress\/ -->\n<title>A bet\u00f6r\u0151k arra akart\u00e1k r\u00e1venni a s\u00e9rtettet, hogy ne tegyen feljelent\u00e9st<\/title>\n<meta name=\"robots\" content=\"index, follow, max-snippet:-1, max-image-preview:large, max-video-preview:-1\" \/>\n<link rel=\"canonical\" href=\"https:\/\/dorogimedence.hu\/index.php\/2019\/05\/21\/a-betorok-arra-akartak-ravenni-a-sertettet-hogy-ne-tegyen-feljelentest\/\" class=\"yoast-seo-meta-tag\" \/>\n<meta property=\"og:locale\" content=\"hu_HU\" class=\"yoast-seo-meta-tag\" \/>\n<meta property=\"og:type\" content=\"article\" class=\"yoast-seo-meta-tag\" \/>\n<meta property=\"og:title\" content=\"A bet\u00f6r\u0151k arra akart\u00e1k r\u00e1venni a s\u00e9rtettet, hogy ne tegyen feljelent\u00e9st\" class=\"yoast-seo-meta-tag\" \/>\n<meta property=\"og:description\" content=\"Az Esztergomi J\u00e1r\u00e1si \u00dcgy\u00e9szs\u00e9g a kisebb \u00e9rt\u00e9kre, dolog elleni er\u0151szakkal elk\u00f6vetett lop\u00e1s b\u0171ntette miatt indult b\u0171n\u00fcgyben k\u00e9t f\u00e9rfi letart\u00f3ztat\u00e1sa hosszabb\u00edt\u00e1s\u00e1ra tett ind\u00edtv\u00e1nyt. Az Esztergomi J\u00e1r\u00e1si \u00dcgy\u00e9szs\u00e9g ind\u00edtv\u00e1nya alapj\u00e1n az Esztergomi J\u00e1r\u00e1sb\u00edr\u00f3s\u00e1g 2019. \u00e1prilis 18. napj\u00e1n rendelte el k\u00e9t f\u00e9rfi letart\u00f3ztat\u00e1s\u00e1t. Az elk\u00f6vet\u0151k 2019. \u00e1prilis 16. napj\u00e1n \u00e9jjel megjelentek g\u00e9pkocsival az esztergomi s\u00e9rtett lak\u00f3h\u00e1z\u00e1n\u00e1l. Az egyik\" class=\"yoast-seo-meta-tag\" \/>\n<meta property=\"og:url\" content=\"https:\/\/dorogimedence.hu\/index.php\/2019\/05\/21\/a-betorok-arra-akartak-ravenni-a-sertettet-hogy-ne-tegyen-feljelentest\/\" class=\"yoast-seo-meta-tag\" \/>\n<meta property=\"og:site_name\" content=\"Dorogi-medence Region\u00e1lis H\u00edrport\u00e1l\" class=\"yoast-seo-meta-tag\" \/>\n<meta property=\"article:publisher\" content=\"https:\/\/www.facebook.com\/dorogimedence\/\" class=\"yoast-seo-meta-tag\" \/>\n<meta property=\"article:published_time\" content=\"2019-05-21T05:30:46+00:00\" class=\"yoast-seo-meta-tag\" \/>\n<meta property=\"og:image\" content=\"https:\/\/i0.wp.com\/dorogimedence.hu\/wp-content\/uploads\/2017\/12\/bilincs06.jpg?fit=670%2C365&ssl=1\" class=\"yoast-seo-meta-tag\" \/>\n\t<meta property=\"og:image:width\" content=\"670\" class=\"yoast-seo-meta-tag\" \/>\n\t<meta property=\"og:image:height\" content=\"365\" class=\"yoast-seo-meta-tag\" \/>\n\t<meta property=\"og:image:type\" content=\"image\/jpeg\" class=\"yoast-seo-meta-tag\" \/>\n<meta name=\"author\" content=\"dorogimedence.hu\" class=\"yoast-seo-meta-tag\" \/>\n<meta name=\"twitter:card\" content=\"summary_large_image\" class=\"yoast-seo-meta-tag\" \/>\n<meta name=\"twitter:label1\" content=\"Szerz\u0151:\" class=\"yoast-seo-meta-tag\" \/>\n\t<meta name=\"twitter:data1\" content=\"dorogimedence.hu\" class=\"yoast-seo-meta-tag\" \/>\n\t<meta name=\"twitter:label2\" content=\"Becs\u00fclt olvas\u00e1si id\u0151\" class=\"yoast-seo-meta-tag\" \/>\n\t<meta name=\"twitter:data2\" content=\"2 perc\" class=\"yoast-seo-meta-tag\" \/>\n<script type=\"application\/ld+json\" class=\"yoast-schema-graph\">{\"@context\":\"https:\\\/\\\/schema.org\",\"@graph\":[{\"@type\":\"Article\",\"@id\":\"https:\\\/\\\/dorogimedence.hu\\\/index.php\\\/2019\\\/05\\\/21\\\/a-betorok-arra-akartak-ravenni-a-sertettet-hogy-ne-tegyen-feljelentest\\\/#article\",\"isPartOf\":{\"@id\":\"https:\\\/\\\/dorogimedence.hu\\\/index.php\\\/2019\\\/05\\\/21\\\/a-betorok-arra-akartak-ravenni-a-sertettet-hogy-ne-tegyen-feljelentest\\\/\"},\"author\":{\"name\":\"dorogimedence.hu\",\"@id\":\"https:\\\/\\\/dorogimedence.hu\\\/#\\\/schema\\\/person\\\/ce6091eeb7e95ecdc87890d6aa8e0fd4\"},\"headline\":\"A bet\u00f6r\u0151k arra akart\u00e1k r\u00e1venni a s\u00e9rtettet, hogy ne tegyen feljelent\u00e9st\",\"datePublished\":\"2019-05-21T05:30:46+00:00\",\"mainEntityOfPage\":{\"@id\":\"https:\\\/\\\/dorogimedence.hu\\\/index.php\\\/2019\\\/05\\\/21\\\/a-betorok-arra-akartak-ravenni-a-sertettet-hogy-ne-tegyen-feljelentest\\\/\"},\"wordCount\":485,\"publisher\":{\"@id\":\"https:\\\/\\\/dorogimedence.hu\\\/#organization\"},\"image\":{\"@id\":\"https:\\\/\\\/dorogimedence.hu\\\/index.php\\\/2019\\\/05\\\/21\\\/a-betorok-arra-akartak-ravenni-a-sertettet-hogy-ne-tegyen-feljelentest\\\/#primaryimage\"},\"thumbnailUrl\":\"https:\\\/\\\/dorogimedence.hu\\\/wp-content\\\/uploads\\\/2017\\\/12\\\/bilincs06.jpg\",\"keywords\":[\"b\u00edr\u00f3s\u00e1g\",\"b\u0171ncselekm\u00e9ny\",\"esztergom\",\"\u00fcgy\u00e9szs\u00e9g\"],\"articleSection\":[\"Esztergom\",\"H\u00edrek\",\"K\u00e9k h\u00edrek\"],\"inLanguage\":\"hu\"},{\"@type\":\"WebPage\",\"@id\":\"https:\\\/\\\/dorogimedence.hu\\\/index.php\\\/2019\\\/05\\\/21\\\/a-betorok-arra-akartak-ravenni-a-sertettet-hogy-ne-tegyen-feljelentest\\\/\",\"url\":\"https:\\\/\\\/dorogimedence.hu\\\/index.php\\\/2019\\\/05\\\/21\\\/a-betorok-arra-akartak-ravenni-a-sertettet-hogy-ne-tegyen-feljelentest\\\/\",\"name\":\"A bet\u00f6r\u0151k arra akart\u00e1k r\u00e1venni a s\u00e9rtettet, hogy ne tegyen feljelent\u00e9st\",\"isPartOf\":{\"@id\":\"https:\\\/\\\/dorogimedence.hu\\\/#website\"},\"primaryImageOfPage\":{\"@id\":\"https:\\\/\\\/dorogimedence.hu\\\/index.php\\\/2019\\\/05\\\/21\\\/a-betorok-arra-akartak-ravenni-a-sertettet-hogy-ne-tegyen-feljelentest\\\/#primaryimage\"},\"image\":{\"@id\":\"https:\\\/\\\/dorogimedence.hu\\\/index.php\\\/2019\\\/05\\\/21\\\/a-betorok-arra-akartak-ravenni-a-sertettet-hogy-ne-tegyen-feljelentest\\\/#primaryimage\"},\"thumbnailUrl\":\"https:\\\/\\\/dorogimedence.hu\\\/wp-content\\\/uploads\\\/2017\\\/12\\\/bilincs06.jpg\",\"datePublished\":\"2019-05-21T05:30:46+00:00\",\"breadcrumb\":{\"@id\":\"https:\\\/\\\/dorogimedence.hu\\\/index.php\\\/2019\\\/05\\\/21\\\/a-betorok-arra-akartak-ravenni-a-sertettet-hogy-ne-tegyen-feljelentest\\\/#breadcrumb\"},\"inLanguage\":\"hu\",\"potentialAction\":[{\"@type\":\"ReadAction\",\"target\":[\"https:\\\/\\\/dorogimedence.hu\\\/index.php\\\/2019\\\/05\\\/21\\\/a-betorok-arra-akartak-ravenni-a-sertettet-hogy-ne-tegyen-feljelentest\\\/\"]}]},{\"@type\":\"ImageObject\",\"inLanguage\":\"hu\",\"@id\":\"https:\\\/\\\/dorogimedence.hu\\\/index.php\\\/2019\\\/05\\\/21\\\/a-betorok-arra-akartak-ravenni-a-sertettet-hogy-ne-tegyen-feljelentest\\\/#primaryimage\",\"url\":\"https:\\\/\\\/dorogimedence.hu\\\/wp-content\\\/uploads\\\/2017\\\/12\\\/bilincs06.jpg\",\"contentUrl\":\"https:\\\/\\\/dorogimedence.hu\\\/wp-content\\\/uploads\\\/2017\\\/12\\\/bilincs06.jpg\",\"width\":670,\"height\":365},{\"@type\":\"BreadcrumbList\",\"@id\":\"https:\\\/\\\/dorogimedence.hu\\\/index.php\\\/2019\\\/05\\\/21\\\/a-betorok-arra-akartak-ravenni-a-sertettet-hogy-ne-tegyen-feljelentest\\\/#breadcrumb\",\"itemListElement\":[{\"@type\":\"ListItem\",\"position\":1,\"name\":\"Kezd\u0151lap\",\"item\":\"https:\\\/\\\/dorogimedence.hu\\\/\"},{\"@type\":\"ListItem\",\"position\":2,\"name\":\"A bet\u00f6r\u0151k arra akart\u00e1k r\u00e1venni a s\u00e9rtettet, hogy ne tegyen feljelent\u00e9st\"}]},{\"@type\":\"WebSite\",\"@id\":\"https:\\\/\\\/dorogimedence.hu\\\/#website\",\"url\":\"https:\\\/\\\/dorogimedence.hu\\\/\",\"name\":\"Dorogi-medence Region\u00e1lis H\u00edrport\u00e1l\",\"description\":\"Dorog, Keszt\u00f6lc, Le\u00e1nyv\u00e1r, Piliscs\u00e9v, Tokod, Tokodalt\u00e1r\u00f3, Csolnok, Esztergom-kertv\u00e1ros: h\u00edrek, programok\",\"publisher\":{\"@id\":\"https:\\\/\\\/dorogimedence.hu\\\/#organization\"},\"potentialAction\":[{\"@type\":\"SearchAction\",\"target\":{\"@type\":\"EntryPoint\",\"urlTemplate\":\"https:\\\/\\\/dorogimedence.hu\\\/?s={search_term_string}\"},\"query-input\":{\"@type\":\"PropertyValueSpecification\",\"valueRequired\":true,\"valueName\":\"search_term_string\"}}],\"inLanguage\":\"hu\"},{\"@type\":\"Organization\",\"@id\":\"https:\\\/\\\/dorogimedence.hu\\\/#organization\",\"name\":\"Dorogi-medence Region\u00e1lis H\u00edrport\u00e1l\",\"url\":\"https:\\\/\\\/dorogimedence.hu\\\/\",\"logo\":{\"@type\":\"ImageObject\",\"inLanguage\":\"hu\",\"@id\":\"https:\\\/\\\/dorogimedence.hu\\\/#\\\/schema\\\/logo\\\/image\\\/\",\"url\":\"https:\\\/\\\/dorogimedence.hu\\\/wp-content\\\/uploads\\\/2021\\\/04\\\/logo-feher-600.png\",\"contentUrl\":\"https:\\\/\\\/dorogimedence.hu\\\/wp-content\\\/uploads\\\/2021\\\/04\\\/logo-feher-600.png\",\"width\":600,\"height\":100,\"caption\":\"Dorogi-medence Region\u00e1lis H\u00edrport\u00e1l\"},\"image\":{\"@id\":\"https:\\\/\\\/dorogimedence.hu\\\/#\\\/schema\\\/logo\\\/image\\\/\"},\"sameAs\":[\"https:\\\/\\\/www.facebook.com\\\/dorogimedence\\\/\"]},{\"@type\":\"Person\",\"@id\":\"https:\\\/\\\/dorogimedence.hu\\\/#\\\/schema\\\/person\\\/ce6091eeb7e95ecdc87890d6aa8e0fd4\",\"name\":\"dorogimedence.hu\",\"image\":{\"@type\":\"ImageObject\",\"inLanguage\":\"hu\",\"@id\":\"\\\/\\\/www.gravatar.com\\\/avatar\\\/d8d45f8901aadff40a4af72c0b826f1d?s=96&#038;r=g&#038;d=mm\",\"url\":\"\\\/\\\/www.gravatar.com\\\/avatar\\\/d8d45f8901aadff40a4af72c0b826f1d?s=96&#038;r=g&#038;d=mm\",\"contentUrl\":\"\\\/\\\/www.gravatar.com\\\/avatar\\\/d8d45f8901aadff40a4af72c0b826f1d?s=96&#038;r=g&#038;d=mm\",\"caption\":\"dorogimedence.hu\"}}]}<\/script>\n<!-- \/ Yoast SEO plugin. -->","yoast_head_json":{"title":"A bet\u00f6r\u0151k arra akart\u00e1k r\u00e1venni a s\u00e9rtettet, hogy ne tegyen feljelent\u00e9st","robots":{"index":"index","follow":"follow","max-snippet":"max-snippet:-1","max-image-preview":"max-image-preview:large","max-video-preview":"max-video-preview:-1"},"canonical":"https:\/\/dorogimedence.hu\/index.php\/2019\/05\/21\/a-betorok-arra-akartak-ravenni-a-sertettet-hogy-ne-tegyen-feljelentest\/","og_locale":"hu_HU","og_type":"article","og_title":"A bet\u00f6r\u0151k arra akart\u00e1k r\u00e1venni a s\u00e9rtettet, hogy ne tegyen feljelent\u00e9st","og_description":"Az Esztergomi J\u00e1r\u00e1si \u00dcgy\u00e9szs\u00e9g a kisebb \u00e9rt\u00e9kre, dolog elleni er\u0151szakkal elk\u00f6vetett lop\u00e1s b\u0171ntette miatt indult b\u0171n\u00fcgyben k\u00e9t f\u00e9rfi letart\u00f3ztat\u00e1sa hosszabb\u00edt\u00e1s\u00e1ra tett ind\u00edtv\u00e1nyt. Az Esztergomi J\u00e1r\u00e1si \u00dcgy\u00e9szs\u00e9g ind\u00edtv\u00e1nya alapj\u00e1n az Esztergomi J\u00e1r\u00e1sb\u00edr\u00f3s\u00e1g 2019. \u00e1prilis 18. napj\u00e1n rendelte el k\u00e9t f\u00e9rfi letart\u00f3ztat\u00e1s\u00e1t. Az elk\u00f6vet\u0151k 2019. \u00e1prilis 16. napj\u00e1n \u00e9jjel megjelentek g\u00e9pkocsival az esztergomi s\u00e9rtett lak\u00f3h\u00e1z\u00e1n\u00e1l. Az egyik","og_url":"https:\/\/dorogimedence.hu\/index.php\/2019\/05\/21\/a-betorok-arra-akartak-ravenni-a-sertettet-hogy-ne-tegyen-feljelentest\/","og_site_name":"Dorogi-medence Region\u00e1lis H\u00edrport\u00e1l","article_publisher":"https:\/\/www.facebook.com\/dorogimedence\/","article_published_time":"2019-05-21T05:30:46+00:00","og_image":[{"width":670,"height":365,"url":"https:\/\/i0.wp.com\/dorogimedence.hu\/wp-content\/uploads\/2017\/12\/bilincs06.jpg?fit=670%2C365&ssl=1","type":"image\/jpeg"}],"author":"dorogimedence.hu","twitter_card":"summary_large_image","twitter_misc":{"Szerz\u0151:":"dorogimedence.hu","Becs\u00fclt olvas\u00e1si id\u0151":"2 perc"},"schema":{"@context":"https:\/\/schema.org","@graph":[{"@type":"Article","@id":"https:\/\/dorogimedence.hu\/index.php\/2019\/05\/21\/a-betorok-arra-akartak-ravenni-a-sertettet-hogy-ne-tegyen-feljelentest\/#article","isPartOf":{"@id":"https:\/\/dorogimedence.hu\/index.php\/2019\/05\/21\/a-betorok-arra-akartak-ravenni-a-sertettet-hogy-ne-tegyen-feljelentest\/"},"author":{"name":"dorogimedence.hu","@id":"https:\/\/dorogimedence.hu\/#\/schema\/person\/ce6091eeb7e95ecdc87890d6aa8e0fd4"},"headline":"A bet\u00f6r\u0151k arra akart\u00e1k r\u00e1venni a s\u00e9rtettet, hogy ne tegyen feljelent\u00e9st","datePublished":"2019-05-21T05:30:46+00:00","mainEntityOfPage":{"@id":"https:\/\/dorogimedence.hu\/index.php\/2019\/05\/21\/a-betorok-arra-akartak-ravenni-a-sertettet-hogy-ne-tegyen-feljelentest\/"},"wordCount":485,"publisher":{"@id":"https:\/\/dorogimedence.hu\/#organization"},"image":{"@id":"https:\/\/dorogimedence.hu\/index.php\/2019\/05\/21\/a-betorok-arra-akartak-ravenni-a-sertettet-hogy-ne-tegyen-feljelentest\/#primaryimage"},"thumbnailUrl":"https:\/\/dorogimedence.hu\/wp-content\/uploads\/2017\/12\/bilincs06.jpg","keywords":["b\u00edr\u00f3s\u00e1g","b\u0171ncselekm\u00e9ny","esztergom","\u00fcgy\u00e9szs\u00e9g"],"articleSection":["Esztergom","H\u00edrek","K\u00e9k h\u00edrek"],"inLanguage":"hu"},{"@type":"WebPage","@id":"https:\/\/dorogimedence.hu\/index.php\/2019\/05\/21\/a-betorok-arra-akartak-ravenni-a-sertettet-hogy-ne-tegyen-feljelentest\/","url":"https:\/\/dorogimedence.hu\/index.php\/2019\/05\/21\/a-betorok-arra-akartak-ravenni-a-sertettet-hogy-ne-tegyen-feljelentest\/","name":"A bet\u00f6r\u0151k arra akart\u00e1k r\u00e1venni a s\u00e9rtettet, hogy ne tegyen feljelent\u00e9st","isPartOf":{"@id":"https:\/\/dorogimedence.hu\/#website"},"primaryImageOfPage":{"@id":"https:\/\/dorogimedence.hu\/index.php\/2019\/05\/21\/a-betorok-arra-akartak-ravenni-a-sertettet-hogy-ne-tegyen-feljelentest\/#primaryimage"},"image":{"@id":"https:\/\/dorogimedence.hu\/index.php\/2019\/05\/21\/a-betorok-arra-akartak-ravenni-a-sertettet-hogy-ne-tegyen-feljelentest\/#primaryimage"},"thumbnailUrl":"https:\/\/dorogimedence.hu\/wp-content\/uploads\/2017\/12\/bilincs06.jpg","datePublished":"2019-05-21T05:30:46+00:00","breadcrumb":{"@id":"https:\/\/dorogimedence.hu\/index.php\/2019\/05\/21\/a-betorok-arra-akartak-ravenni-a-sertettet-hogy-ne-tegyen-feljelentest\/#breadcrumb"},"inLanguage":"hu","potentialAction":[{"@type":"ReadAction","target":["https:\/\/dorogimedence.hu\/index.php\/2019\/05\/21\/a-betorok-arra-akartak-ravenni-a-sertettet-hogy-ne-tegyen-feljelentest\/"]}]},{"@type":"ImageObject","inLanguage":"hu","@id":"https:\/\/dorogimedence.hu\/index.php\/2019\/05\/21\/a-betorok-arra-akartak-ravenni-a-sertettet-hogy-ne-tegyen-feljelentest\/#primaryimage","url":"https:\/\/dorogimedence.hu\/wp-content\/uploads\/2017\/12\/bilincs06.jpg","contentUrl":"https:\/\/dorogimedence.hu\/wp-content\/uploads\/2017\/12\/bilincs06.jpg","width":670,"height":365},{"@type":"BreadcrumbList","@id":"https:\/\/dorogimedence.hu\/index.php\/2019\/05\/21\/a-betorok-arra-akartak-ravenni-a-sertettet-hogy-ne-tegyen-feljelentest\/#breadcrumb","itemListElement":[{"@type":"ListItem","position":1,"name":"Kezd\u0151lap","item":"https:\/\/dorogimedence.hu\/"},{"@type":"ListItem","position":2,"name":"A bet\u00f6r\u0151k arra akart\u00e1k r\u00e1venni a s\u00e9rtettet, hogy ne tegyen feljelent\u00e9st"}]},{"@type":"WebSite","@id":"https:\/\/dorogimedence.hu\/#website","url":"https:\/\/dorogimedence.hu\/","name":"Dorogi-medence Region\u00e1lis H\u00edrport\u00e1l","description":"Dorog, Keszt\u00f6lc, Le\u00e1nyv\u00e1r, Piliscs\u00e9v, Tokod, Tokodalt\u00e1r\u00f3, Csolnok, Esztergom-kertv\u00e1ros: h\u00edrek, programok","publisher":{"@id":"https:\/\/dorogimedence.hu\/#organization"},"potentialAction":[{"@type":"SearchAction","target":{"@type":"EntryPoint","urlTemplate":"https:\/\/dorogimedence.hu\/?s={search_term_string}"},"query-input":{"@type":"PropertyValueSpecification","valueRequired":true,"valueName":"search_term_string"}}],"inLanguage":"hu"},{"@type":"Organization","@id":"https:\/\/dorogimedence.hu\/#organization","name":"Dorogi-medence Region\u00e1lis H\u00edrport\u00e1l","url":"https:\/\/dorogimedence.hu\/","logo":{"@type":"ImageObject","inLanguage":"hu","@id":"https:\/\/dorogimedence.hu\/#\/schema\/logo\/image\/","url":"https:\/\/dorogimedence.hu\/wp-content\/uploads\/2021\/04\/logo-feher-600.png","contentUrl":"https:\/\/dorogimedence.hu\/wp-content\/uploads\/2021\/04\/logo-feher-600.png","width":600,"height":100,"caption":"Dorogi-medence Region\u00e1lis H\u00edrport\u00e1l"},"image":{"@id":"https:\/\/dorogimedence.hu\/#\/schema\/logo\/image\/"},"sameAs":["https:\/\/www.facebook.com\/dorogimedence\/"]},{"@type":"Person","@id":"https:\/\/dorogimedence.hu\/#\/schema\/person\/ce6091eeb7e95ecdc87890d6aa8e0fd4","name":"dorogimedence.hu","image":{"@type":"ImageObject","inLanguage":"hu","@id":"\/\/www.gravatar.com\/avatar\/d8d45f8901aadff40a4af72c0b826f1d?s=96&#038;r=g&#038;d=mm","url":"\/\/www.gravatar.com\/avatar\/d8d45f8901aadff40a4af72c0b826f1d?s=96&#038;r=g&#038;d=mm","contentUrl":"\/\/www.gravatar.com\/avatar\/d8d45f8901aadff40a4af72c0b826f1d?s=96&#038;r=g&#038;d=mm","caption":"dorogimedence.hu"}}]}},"_links":{"self":[{"href":"https:\/\/dorogimedence.hu\/index.php\/wp-json\/wp\/v2\/posts\/16892","targetHints":{"allow":["GET"]}}],"collection":[{"href":"https:\/\/dorogimedence.hu\/index.php\/wp-json\/wp\/v2\/posts"}],"about":[{"href":"https:\/\/dorogimedence.hu\/index.php\/wp-json\/wp\/v2\/types\/post"}],"author":[{"embeddable":true,"href":"https:\/\/dorogimedence.hu\/index.php\/wp-json\/wp\/v2\/users\/1"}],"replies":[{"embeddable":true,"href":"https:\/\/dorogimedence.hu\/index.php\/wp-json\/wp\/v2\/comments?post=16892"}],"version-history":[{"count":0,"href":"https:\/\/dorogimedence.hu\/index.php\/wp-json\/wp\/v2\/posts\/16892\/revisions"}],"wp:featuredmedia":[{"embeddable":true,"href":"https:\/\/dorogimedence.hu\/index.php\/wp-json\/wp\/v2\/media\/7184"}],"wp:attachment":[{"href":"https:\/\/dorogimedence.hu\/index.php\/wp-json\/wp\/v2\/media?parent=16892"}],"wp:term":[{"taxonomy":"category","embeddable":true,"href":"https:\/\/dorogimedence.hu\/index.php\/wp-json\/wp\/v2\/categories?post=16892"},{"taxonomy":"post_tag","embeddable":true,"href":"https:\/\/dorogimedence.hu\/index.php\/wp-json\/wp\/v2\/tags?post=16892"}],"curies":[{"name":"wp","href":"https:\/\/api.w.org\/{rel}","templated":true}]}}