{"id":16860,"date":"2019-05-20T06:53:14","date_gmt":"2019-05-20T04:53:14","guid":{"rendered":"http:\/\/dorogimedence.hu\/?p=16860"},"modified":"2019-05-20T06:53:14","modified_gmt":"2019-05-20T04:53:14","slug":"dontetlennel-a-14-helyen-vegzett-a-dorogi-fc","status":"publish","type":"post","link":"https:\/\/dorogimedence.hu\/index.php\/2019\/05\/20\/dontetlennel-a-14-helyen-vegzett-a-dorogi-fc\/","title":{"rendered":"D\u00f6ntetlennel a 14. helyen v\u00e9gzett a Dorogi FC!"},"content":{"rendered":"<p><strong>A Labdar\u00fag\u00f3 NB II. utols\u00f3 fordul\u00f3j\u00e1ban, m\u00e1jus 19-\u00e9n, a Tiszak\u00e9cske VSE vend\u00e9ge a Dorogi FC volt. A m\u00e9rk\u0151z\u00e9s d\u00f6ntetlen lett, \u00edgy a dorogiak a 14. a tiszak\u00e9cskeiek pedig a 15. helyen v\u00e9geztek.<\/strong><\/p>\n<p>Az els\u0151 g\u00f3l a k\u00e9cskeiek csapat\u00e1t\u00f3l \u00e9rkezett az 51. percben Pusk\u00e1s szem\u00e9ly\u00e9ben. Dorog pedig Barna szem\u00e9ly\u00e9ben a 64. percben viszonozta ezt.<\/p>\n<p><span style=\"color: #ff0000;\"><strong>TISZAK\u00c9CSKE VSE\u2013DOROGI FC 1\u20131 (0\u20130)<\/strong><\/span><strong><br \/>\n<\/strong><\/p>\n<p><strong>Tiszak\u00e9cske, <\/strong>V\u00e1rosi Sportcentrum, <strong>450 <\/strong>n\u00e9z\u0151. <strong>Vezette<\/strong>: Nagy Norbert (Szil\u00e1gyi Norbert, Kov\u00e1cs II G\u00e1bor)<br \/>\n<strong>TISZAK\u00c9CSKE<\/strong>: Moln\u00e1r M. \u2013 Ol\u00e1h M. (Szab\u00f3 L., 83.), Kardos, Lud\u00e1nszki, Sv\u00e1b \u2013 Kocsis G., T\u00f6lgyesi, Kirchner \u2013 Pusk\u00e1s Z., Stoiacovici (Gr\u00e9czi M., a sz\u00fcnetben), Gr\u00e9czi G. (Mih\u00e1ly D., 71.). <strong>Vezet\u0151edz\u0151<\/strong>: Simon Antal<br \/>\n<strong>DOROG<\/strong>: Vajda G. \u2013 Erd\u00e9lyi B., Csat\u00f3, Nagy Zs., Berk\u00f3 (Papp M., 59.) \u2013 Beke, Fodor \u00c1., Heged\u0171s M. (Barna, 59.), Farag\u00f3 T. (V\u00edgh \u00c1., 59.), Nagyh\u00e1zi \u2013 Paudits. <strong>Szakmai igazgat\u00f3<\/strong>: Balogh P\u00e1l<br \/>\n<strong>G\u00f3lszerz\u0151<\/strong>: Pusk\u00e1s Z. (<strong>1\u20130<\/strong>) az 51., Barna (<strong>1\u20131<\/strong>) a 64. percben<\/p>\n<p><strong>MESTERM\u00c9RLEG<br \/>\nSimon Antal<\/strong>: \u2013 Vezet\u00e9s\u00fcnkn\u00e9l azt gondoltam, siker\u00fcl \u00fajabb g\u00f3lt el\u00e9rn\u00fcnk, mert a lehet\u0151s\u00e9g\u00fcnk megvolt r\u00e1. Abban az esetben biztosan megnyert\u00fck volna a m\u00e9rk\u0151z\u00e9st.<br \/>\n<strong>Balogh P\u00e1l<\/strong>: \u2013 Gyenge sz\u00ednvonal\u00fa m\u00e9rk\u0151z\u00e9s volt, a m\u00e1sodik f\u00e9lid\u0151ben a h\u00e1rmas cser\u00e9nek k\u00f6sz\u00f6nhet\u0151en volt j\u00f3 h\u00fasz perc\u00fcnk, s egyenl\u00edtett\u00fcnk. Tal\u00e1n ez volt a m\u00e9rk\u0151z\u00e9s egyetlen pozit\u00edvuma.<\/p>\n<p>Mint kor\u00e1bban \u00edrtuk a Kaposv\u00e1ri R\u00e1k\u00f3czi FC \u00e9s a Gyirm\u00f3t FC Gy\u0151r az NB I-ben folytathatja a p\u00e1lyafut\u00e1s\u00e1t. A Cegl\u00e9di VSE, a Mosonmagyar\u00f3v\u00e1r \u00e9s a Monor pedig kiesett.<\/p>\n<p><a href=\"http:\/\/www.nemzetisport.hu\/labdarugo_nb_ii\/nb-ii-a-38-fordulo-elo-eredmenykovetese-az-nso-n-2701245\" target=\"_blank\" rel=\"noopener noreferrer\"><span style=\"text-decoration: underline; color: #0000ff;\"><strong>A 38. fordul\u00f3 eredm\u00e9nyei&gt;&gt;<\/strong><\/span><\/a><\/p>\n<p><em>Forr\u00e1s: nemzetisport.hu \/ dorogimedence.hu<br \/>\nFot\u00f3: B\u00f3di Zsolt<\/em><\/p>\n","protected":false},"excerpt":{"rendered":"<p>A Labdar\u00fag\u00f3 NB II. utols\u00f3 fordul\u00f3j\u00e1ban, m\u00e1jus 19-\u00e9n, a Tiszak\u00e9cske VSE vend\u00e9ge a Dorogi FC volt. A m\u00e9rk\u0151z\u00e9s d\u00f6ntetlen lett, \u00edgy a dorogiak a 14. a tiszak\u00e9cskeiek pedig a 15. helyen v\u00e9geztek. Az els\u0151 g\u00f3l a k\u00e9cskeiek csapat\u00e1t\u00f3l \u00e9rkezett az 51. percben Pusk\u00e1s szem\u00e9ly\u00e9ben. Dorog pedig Barna szem\u00e9ly\u00e9ben a 64. percben viszonozta ezt. TISZAK\u00c9CSKE VSE\u2013DOROGI<\/p>\n","protected":false},"author":1,"featured_media":16861,"comment_status":"closed","ping_status":"closed","sticky":false,"template":"","format":"standard","meta":{"ngg_post_thumbnail":0,"footnotes":""},"categories":[2,3,5],"tags":[15,37,70,69,72,263,16,3883],"class_list":{"0":"post-16860","1":"post","2":"type-post","3":"status-publish","4":"format-standard","5":"has-post-thumbnail","7":"category-dorog","8":"category-hirek","9":"category-sport","10":"tag-dorog","11":"tag-dorogi-fc","12":"tag-foci","13":"tag-futball","14":"tag-labdarugas","15":"tag-nb-ii","16":"tag-sport","17":"tag-tiszakecske-vse"},"yoast_head":"<!-- This site is optimized with the Yoast SEO plugin v27.5 - https:\/\/yoast.com\/product\/yoast-seo-wordpress\/ -->\n<title>D\u00f6ntetlennel a 14. helyen v\u00e9gzett a Dorogi FC!<\/title>\n<meta name=\"robots\" content=\"index, follow, max-snippet:-1, max-image-preview:large, max-video-preview:-1\" \/>\n<link rel=\"canonical\" href=\"https:\/\/dorogimedence.hu\/index.php\/2019\/05\/20\/dontetlennel-a-14-helyen-vegzett-a-dorogi-fc\/\" class=\"yoast-seo-meta-tag\" \/>\n<meta property=\"og:locale\" content=\"hu_HU\" class=\"yoast-seo-meta-tag\" \/>\n<meta property=\"og:type\" content=\"article\" class=\"yoast-seo-meta-tag\" \/>\n<meta property=\"og:title\" content=\"D\u00f6ntetlennel a 14. helyen v\u00e9gzett a Dorogi FC!\" class=\"yoast-seo-meta-tag\" \/>\n<meta property=\"og:description\" content=\"A Labdar\u00fag\u00f3 NB II. utols\u00f3 fordul\u00f3j\u00e1ban, m\u00e1jus 19-\u00e9n, a Tiszak\u00e9cske VSE vend\u00e9ge a Dorogi FC volt. A m\u00e9rk\u0151z\u00e9s d\u00f6ntetlen lett, \u00edgy a dorogiak a 14. a tiszak\u00e9cskeiek pedig a 15. helyen v\u00e9geztek. Az els\u0151 g\u00f3l a k\u00e9cskeiek csapat\u00e1t\u00f3l \u00e9rkezett az 51. percben Pusk\u00e1s szem\u00e9ly\u00e9ben. Dorog pedig Barna szem\u00e9ly\u00e9ben a 64. percben viszonozta ezt. TISZAK\u00c9CSKE VSE\u2013DOROGI\" class=\"yoast-seo-meta-tag\" \/>\n<meta property=\"og:url\" content=\"https:\/\/dorogimedence.hu\/index.php\/2019\/05\/20\/dontetlennel-a-14-helyen-vegzett-a-dorogi-fc\/\" class=\"yoast-seo-meta-tag\" \/>\n<meta property=\"og:site_name\" content=\"Dorogi-medence Region\u00e1lis H\u00edrport\u00e1l\" class=\"yoast-seo-meta-tag\" \/>\n<meta property=\"article:publisher\" content=\"https:\/\/www.facebook.com\/dorogimedence\/\" class=\"yoast-seo-meta-tag\" \/>\n<meta property=\"article:published_time\" content=\"2019-05-20T04:53:14+00:00\" class=\"yoast-seo-meta-tag\" \/>\n<meta property=\"og:image\" content=\"https:\/\/i0.wp.com\/dorogimedence.hu\/wp-content\/uploads\/2019\/05\/tiszakecske-dorog-03.jpg?fit=670%2C365&ssl=1\" class=\"yoast-seo-meta-tag\" \/>\n\t<meta property=\"og:image:width\" content=\"670\" class=\"yoast-seo-meta-tag\" \/>\n\t<meta property=\"og:image:height\" content=\"365\" class=\"yoast-seo-meta-tag\" \/>\n\t<meta property=\"og:image:type\" content=\"image\/jpeg\" class=\"yoast-seo-meta-tag\" \/>\n<meta name=\"author\" content=\"dorogimedence.hu\" class=\"yoast-seo-meta-tag\" \/>\n<meta name=\"twitter:card\" content=\"summary_large_image\" class=\"yoast-seo-meta-tag\" \/>\n<meta name=\"twitter:label1\" content=\"Szerz\u0151:\" class=\"yoast-seo-meta-tag\" \/>\n\t<meta name=\"twitter:data1\" content=\"dorogimedence.hu\" class=\"yoast-seo-meta-tag\" \/>\n\t<meta name=\"twitter:label2\" content=\"Becs\u00fclt olvas\u00e1si id\u0151\" class=\"yoast-seo-meta-tag\" \/>\n\t<meta name=\"twitter:data2\" content=\"2 perc\" class=\"yoast-seo-meta-tag\" \/>\n<script type=\"application\/ld+json\" class=\"yoast-schema-graph\">{\"@context\":\"https:\\\/\\\/schema.org\",\"@graph\":[{\"@type\":\"Article\",\"@id\":\"https:\\\/\\\/dorogimedence.hu\\\/index.php\\\/2019\\\/05\\\/20\\\/dontetlennel-a-14-helyen-vegzett-a-dorogi-fc\\\/#article\",\"isPartOf\":{\"@id\":\"https:\\\/\\\/dorogimedence.hu\\\/index.php\\\/2019\\\/05\\\/20\\\/dontetlennel-a-14-helyen-vegzett-a-dorogi-fc\\\/\"},\"author\":{\"name\":\"dorogimedence.hu\",\"@id\":\"https:\\\/\\\/dorogimedence.hu\\\/#\\\/schema\\\/person\\\/ce6091eeb7e95ecdc87890d6aa8e0fd4\"},\"headline\":\"D\u00f6ntetlennel a 14. helyen v\u00e9gzett a Dorogi FC!\",\"datePublished\":\"2019-05-20T04:53:14+00:00\",\"mainEntityOfPage\":{\"@id\":\"https:\\\/\\\/dorogimedence.hu\\\/index.php\\\/2019\\\/05\\\/20\\\/dontetlennel-a-14-helyen-vegzett-a-dorogi-fc\\\/\"},\"wordCount\":324,\"publisher\":{\"@id\":\"https:\\\/\\\/dorogimedence.hu\\\/#organization\"},\"image\":{\"@id\":\"https:\\\/\\\/dorogimedence.hu\\\/index.php\\\/2019\\\/05\\\/20\\\/dontetlennel-a-14-helyen-vegzett-a-dorogi-fc\\\/#primaryimage\"},\"thumbnailUrl\":\"https:\\\/\\\/dorogimedence.hu\\\/wp-content\\\/uploads\\\/2019\\\/05\\\/tiszakecske-dorog-03.jpg\",\"keywords\":[\"Dorog\",\"Dorogi FC\",\"foci\",\"futball\",\"labdar\u00fag\u00e1s\",\"NB II\",\"sport\",\"Tiszak\u00e9cske VSE\"],\"articleSection\":[\"Dorog\",\"H\u00edrek\",\"Sport\"],\"inLanguage\":\"hu\"},{\"@type\":\"WebPage\",\"@id\":\"https:\\\/\\\/dorogimedence.hu\\\/index.php\\\/2019\\\/05\\\/20\\\/dontetlennel-a-14-helyen-vegzett-a-dorogi-fc\\\/\",\"url\":\"https:\\\/\\\/dorogimedence.hu\\\/index.php\\\/2019\\\/05\\\/20\\\/dontetlennel-a-14-helyen-vegzett-a-dorogi-fc\\\/\",\"name\":\"D\u00f6ntetlennel a 14. helyen v\u00e9gzett a Dorogi FC!\",\"isPartOf\":{\"@id\":\"https:\\\/\\\/dorogimedence.hu\\\/#website\"},\"primaryImageOfPage\":{\"@id\":\"https:\\\/\\\/dorogimedence.hu\\\/index.php\\\/2019\\\/05\\\/20\\\/dontetlennel-a-14-helyen-vegzett-a-dorogi-fc\\\/#primaryimage\"},\"image\":{\"@id\":\"https:\\\/\\\/dorogimedence.hu\\\/index.php\\\/2019\\\/05\\\/20\\\/dontetlennel-a-14-helyen-vegzett-a-dorogi-fc\\\/#primaryimage\"},\"thumbnailUrl\":\"https:\\\/\\\/dorogimedence.hu\\\/wp-content\\\/uploads\\\/2019\\\/05\\\/tiszakecske-dorog-03.jpg\",\"datePublished\":\"2019-05-20T04:53:14+00:00\",\"breadcrumb\":{\"@id\":\"https:\\\/\\\/dorogimedence.hu\\\/index.php\\\/2019\\\/05\\\/20\\\/dontetlennel-a-14-helyen-vegzett-a-dorogi-fc\\\/#breadcrumb\"},\"inLanguage\":\"hu\",\"potentialAction\":[{\"@type\":\"ReadAction\",\"target\":[\"https:\\\/\\\/dorogimedence.hu\\\/index.php\\\/2019\\\/05\\\/20\\\/dontetlennel-a-14-helyen-vegzett-a-dorogi-fc\\\/\"]}]},{\"@type\":\"ImageObject\",\"inLanguage\":\"hu\",\"@id\":\"https:\\\/\\\/dorogimedence.hu\\\/index.php\\\/2019\\\/05\\\/20\\\/dontetlennel-a-14-helyen-vegzett-a-dorogi-fc\\\/#primaryimage\",\"url\":\"https:\\\/\\\/dorogimedence.hu\\\/wp-content\\\/uploads\\\/2019\\\/05\\\/tiszakecske-dorog-03.jpg\",\"contentUrl\":\"https:\\\/\\\/dorogimedence.hu\\\/wp-content\\\/uploads\\\/2019\\\/05\\\/tiszakecske-dorog-03.jpg\",\"width\":670,\"height\":365},{\"@type\":\"BreadcrumbList\",\"@id\":\"https:\\\/\\\/dorogimedence.hu\\\/index.php\\\/2019\\\/05\\\/20\\\/dontetlennel-a-14-helyen-vegzett-a-dorogi-fc\\\/#breadcrumb\",\"itemListElement\":[{\"@type\":\"ListItem\",\"position\":1,\"name\":\"Kezd\u0151lap\",\"item\":\"https:\\\/\\\/dorogimedence.hu\\\/\"},{\"@type\":\"ListItem\",\"position\":2,\"name\":\"D\u00f6ntetlennel a 14. helyen v\u00e9gzett a Dorogi FC!\"}]},{\"@type\":\"WebSite\",\"@id\":\"https:\\\/\\\/dorogimedence.hu\\\/#website\",\"url\":\"https:\\\/\\\/dorogimedence.hu\\\/\",\"name\":\"Dorogi-medence Region\u00e1lis H\u00edrport\u00e1l\",\"description\":\"Dorog, Keszt\u00f6lc, Le\u00e1nyv\u00e1r, Piliscs\u00e9v, Tokod, Tokodalt\u00e1r\u00f3, Csolnok, Esztergom-kertv\u00e1ros: h\u00edrek, programok\",\"publisher\":{\"@id\":\"https:\\\/\\\/dorogimedence.hu\\\/#organization\"},\"potentialAction\":[{\"@type\":\"SearchAction\",\"target\":{\"@type\":\"EntryPoint\",\"urlTemplate\":\"https:\\\/\\\/dorogimedence.hu\\\/?s={search_term_string}\"},\"query-input\":{\"@type\":\"PropertyValueSpecification\",\"valueRequired\":true,\"valueName\":\"search_term_string\"}}],\"inLanguage\":\"hu\"},{\"@type\":\"Organization\",\"@id\":\"https:\\\/\\\/dorogimedence.hu\\\/#organization\",\"name\":\"Dorogi-medence Region\u00e1lis H\u00edrport\u00e1l\",\"url\":\"https:\\\/\\\/dorogimedence.hu\\\/\",\"logo\":{\"@type\":\"ImageObject\",\"inLanguage\":\"hu\",\"@id\":\"https:\\\/\\\/dorogimedence.hu\\\/#\\\/schema\\\/logo\\\/image\\\/\",\"url\":\"https:\\\/\\\/dorogimedence.hu\\\/wp-content\\\/uploads\\\/2021\\\/04\\\/logo-feher-600.png\",\"contentUrl\":\"https:\\\/\\\/dorogimedence.hu\\\/wp-content\\\/uploads\\\/2021\\\/04\\\/logo-feher-600.png\",\"width\":600,\"height\":100,\"caption\":\"Dorogi-medence Region\u00e1lis H\u00edrport\u00e1l\"},\"image\":{\"@id\":\"https:\\\/\\\/dorogimedence.hu\\\/#\\\/schema\\\/logo\\\/image\\\/\"},\"sameAs\":[\"https:\\\/\\\/www.facebook.com\\\/dorogimedence\\\/\"]},{\"@type\":\"Person\",\"@id\":\"https:\\\/\\\/dorogimedence.hu\\\/#\\\/schema\\\/person\\\/ce6091eeb7e95ecdc87890d6aa8e0fd4\",\"name\":\"dorogimedence.hu\",\"image\":{\"@type\":\"ImageObject\",\"inLanguage\":\"hu\",\"@id\":\"\\\/\\\/www.gravatar.com\\\/avatar\\\/d8d45f8901aadff40a4af72c0b826f1d?s=96&#038;r=g&#038;d=mm\",\"url\":\"\\\/\\\/www.gravatar.com\\\/avatar\\\/d8d45f8901aadff40a4af72c0b826f1d?s=96&#038;r=g&#038;d=mm\",\"contentUrl\":\"\\\/\\\/www.gravatar.com\\\/avatar\\\/d8d45f8901aadff40a4af72c0b826f1d?s=96&#038;r=g&#038;d=mm\",\"caption\":\"dorogimedence.hu\"}}]}<\/script>\n<!-- \/ Yoast SEO plugin. -->","yoast_head_json":{"title":"D\u00f6ntetlennel a 14. helyen v\u00e9gzett a Dorogi FC!","robots":{"index":"index","follow":"follow","max-snippet":"max-snippet:-1","max-image-preview":"max-image-preview:large","max-video-preview":"max-video-preview:-1"},"canonical":"https:\/\/dorogimedence.hu\/index.php\/2019\/05\/20\/dontetlennel-a-14-helyen-vegzett-a-dorogi-fc\/","og_locale":"hu_HU","og_type":"article","og_title":"D\u00f6ntetlennel a 14. helyen v\u00e9gzett a Dorogi FC!","og_description":"A Labdar\u00fag\u00f3 NB II. utols\u00f3 fordul\u00f3j\u00e1ban, m\u00e1jus 19-\u00e9n, a Tiszak\u00e9cske VSE vend\u00e9ge a Dorogi FC volt. A m\u00e9rk\u0151z\u00e9s d\u00f6ntetlen lett, \u00edgy a dorogiak a 14. a tiszak\u00e9cskeiek pedig a 15. helyen v\u00e9geztek. Az els\u0151 g\u00f3l a k\u00e9cskeiek csapat\u00e1t\u00f3l \u00e9rkezett az 51. percben Pusk\u00e1s szem\u00e9ly\u00e9ben. Dorog pedig Barna szem\u00e9ly\u00e9ben a 64. percben viszonozta ezt. TISZAK\u00c9CSKE VSE\u2013DOROGI","og_url":"https:\/\/dorogimedence.hu\/index.php\/2019\/05\/20\/dontetlennel-a-14-helyen-vegzett-a-dorogi-fc\/","og_site_name":"Dorogi-medence Region\u00e1lis H\u00edrport\u00e1l","article_publisher":"https:\/\/www.facebook.com\/dorogimedence\/","article_published_time":"2019-05-20T04:53:14+00:00","og_image":[{"width":670,"height":365,"url":"https:\/\/i0.wp.com\/dorogimedence.hu\/wp-content\/uploads\/2019\/05\/tiszakecske-dorog-03.jpg?fit=670%2C365&ssl=1","type":"image\/jpeg"}],"author":"dorogimedence.hu","twitter_card":"summary_large_image","twitter_misc":{"Szerz\u0151:":"dorogimedence.hu","Becs\u00fclt olvas\u00e1si id\u0151":"2 perc"},"schema":{"@context":"https:\/\/schema.org","@graph":[{"@type":"Article","@id":"https:\/\/dorogimedence.hu\/index.php\/2019\/05\/20\/dontetlennel-a-14-helyen-vegzett-a-dorogi-fc\/#article","isPartOf":{"@id":"https:\/\/dorogimedence.hu\/index.php\/2019\/05\/20\/dontetlennel-a-14-helyen-vegzett-a-dorogi-fc\/"},"author":{"name":"dorogimedence.hu","@id":"https:\/\/dorogimedence.hu\/#\/schema\/person\/ce6091eeb7e95ecdc87890d6aa8e0fd4"},"headline":"D\u00f6ntetlennel a 14. helyen v\u00e9gzett a Dorogi FC!","datePublished":"2019-05-20T04:53:14+00:00","mainEntityOfPage":{"@id":"https:\/\/dorogimedence.hu\/index.php\/2019\/05\/20\/dontetlennel-a-14-helyen-vegzett-a-dorogi-fc\/"},"wordCount":324,"publisher":{"@id":"https:\/\/dorogimedence.hu\/#organization"},"image":{"@id":"https:\/\/dorogimedence.hu\/index.php\/2019\/05\/20\/dontetlennel-a-14-helyen-vegzett-a-dorogi-fc\/#primaryimage"},"thumbnailUrl":"https:\/\/dorogimedence.hu\/wp-content\/uploads\/2019\/05\/tiszakecske-dorog-03.jpg","keywords":["Dorog","Dorogi FC","foci","futball","labdar\u00fag\u00e1s","NB II","sport","Tiszak\u00e9cske VSE"],"articleSection":["Dorog","H\u00edrek","Sport"],"inLanguage":"hu"},{"@type":"WebPage","@id":"https:\/\/dorogimedence.hu\/index.php\/2019\/05\/20\/dontetlennel-a-14-helyen-vegzett-a-dorogi-fc\/","url":"https:\/\/dorogimedence.hu\/index.php\/2019\/05\/20\/dontetlennel-a-14-helyen-vegzett-a-dorogi-fc\/","name":"D\u00f6ntetlennel a 14. helyen v\u00e9gzett a Dorogi FC!","isPartOf":{"@id":"https:\/\/dorogimedence.hu\/#website"},"primaryImageOfPage":{"@id":"https:\/\/dorogimedence.hu\/index.php\/2019\/05\/20\/dontetlennel-a-14-helyen-vegzett-a-dorogi-fc\/#primaryimage"},"image":{"@id":"https:\/\/dorogimedence.hu\/index.php\/2019\/05\/20\/dontetlennel-a-14-helyen-vegzett-a-dorogi-fc\/#primaryimage"},"thumbnailUrl":"https:\/\/dorogimedence.hu\/wp-content\/uploads\/2019\/05\/tiszakecske-dorog-03.jpg","datePublished":"2019-05-20T04:53:14+00:00","breadcrumb":{"@id":"https:\/\/dorogimedence.hu\/index.php\/2019\/05\/20\/dontetlennel-a-14-helyen-vegzett-a-dorogi-fc\/#breadcrumb"},"inLanguage":"hu","potentialAction":[{"@type":"ReadAction","target":["https:\/\/dorogimedence.hu\/index.php\/2019\/05\/20\/dontetlennel-a-14-helyen-vegzett-a-dorogi-fc\/"]}]},{"@type":"ImageObject","inLanguage":"hu","@id":"https:\/\/dorogimedence.hu\/index.php\/2019\/05\/20\/dontetlennel-a-14-helyen-vegzett-a-dorogi-fc\/#primaryimage","url":"https:\/\/dorogimedence.hu\/wp-content\/uploads\/2019\/05\/tiszakecske-dorog-03.jpg","contentUrl":"https:\/\/dorogimedence.hu\/wp-content\/uploads\/2019\/05\/tiszakecske-dorog-03.jpg","width":670,"height":365},{"@type":"BreadcrumbList","@id":"https:\/\/dorogimedence.hu\/index.php\/2019\/05\/20\/dontetlennel-a-14-helyen-vegzett-a-dorogi-fc\/#breadcrumb","itemListElement":[{"@type":"ListItem","position":1,"name":"Kezd\u0151lap","item":"https:\/\/dorogimedence.hu\/"},{"@type":"ListItem","position":2,"name":"D\u00f6ntetlennel a 14. helyen v\u00e9gzett a Dorogi FC!"}]},{"@type":"WebSite","@id":"https:\/\/dorogimedence.hu\/#website","url":"https:\/\/dorogimedence.hu\/","name":"Dorogi-medence Region\u00e1lis H\u00edrport\u00e1l","description":"Dorog, Keszt\u00f6lc, Le\u00e1nyv\u00e1r, Piliscs\u00e9v, Tokod, Tokodalt\u00e1r\u00f3, Csolnok, Esztergom-kertv\u00e1ros: h\u00edrek, programok","publisher":{"@id":"https:\/\/dorogimedence.hu\/#organization"},"potentialAction":[{"@type":"SearchAction","target":{"@type":"EntryPoint","urlTemplate":"https:\/\/dorogimedence.hu\/?s={search_term_string}"},"query-input":{"@type":"PropertyValueSpecification","valueRequired":true,"valueName":"search_term_string"}}],"inLanguage":"hu"},{"@type":"Organization","@id":"https:\/\/dorogimedence.hu\/#organization","name":"Dorogi-medence Region\u00e1lis H\u00edrport\u00e1l","url":"https:\/\/dorogimedence.hu\/","logo":{"@type":"ImageObject","inLanguage":"hu","@id":"https:\/\/dorogimedence.hu\/#\/schema\/logo\/image\/","url":"https:\/\/dorogimedence.hu\/wp-content\/uploads\/2021\/04\/logo-feher-600.png","contentUrl":"https:\/\/dorogimedence.hu\/wp-content\/uploads\/2021\/04\/logo-feher-600.png","width":600,"height":100,"caption":"Dorogi-medence Region\u00e1lis H\u00edrport\u00e1l"},"image":{"@id":"https:\/\/dorogimedence.hu\/#\/schema\/logo\/image\/"},"sameAs":["https:\/\/www.facebook.com\/dorogimedence\/"]},{"@type":"Person","@id":"https:\/\/dorogimedence.hu\/#\/schema\/person\/ce6091eeb7e95ecdc87890d6aa8e0fd4","name":"dorogimedence.hu","image":{"@type":"ImageObject","inLanguage":"hu","@id":"\/\/www.gravatar.com\/avatar\/d8d45f8901aadff40a4af72c0b826f1d?s=96&#038;r=g&#038;d=mm","url":"\/\/www.gravatar.com\/avatar\/d8d45f8901aadff40a4af72c0b826f1d?s=96&#038;r=g&#038;d=mm","contentUrl":"\/\/www.gravatar.com\/avatar\/d8d45f8901aadff40a4af72c0b826f1d?s=96&#038;r=g&#038;d=mm","caption":"dorogimedence.hu"}}]}},"_links":{"self":[{"href":"https:\/\/dorogimedence.hu\/index.php\/wp-json\/wp\/v2\/posts\/16860","targetHints":{"allow":["GET"]}}],"collection":[{"href":"https:\/\/dorogimedence.hu\/index.php\/wp-json\/wp\/v2\/posts"}],"about":[{"href":"https:\/\/dorogimedence.hu\/index.php\/wp-json\/wp\/v2\/types\/post"}],"author":[{"embeddable":true,"href":"https:\/\/dorogimedence.hu\/index.php\/wp-json\/wp\/v2\/users\/1"}],"replies":[{"embeddable":true,"href":"https:\/\/dorogimedence.hu\/index.php\/wp-json\/wp\/v2\/comments?post=16860"}],"version-history":[{"count":0,"href":"https:\/\/dorogimedence.hu\/index.php\/wp-json\/wp\/v2\/posts\/16860\/revisions"}],"wp:featuredmedia":[{"embeddable":true,"href":"https:\/\/dorogimedence.hu\/index.php\/wp-json\/wp\/v2\/media\/16861"}],"wp:attachment":[{"href":"https:\/\/dorogimedence.hu\/index.php\/wp-json\/wp\/v2\/media?parent=16860"}],"wp:term":[{"taxonomy":"category","embeddable":true,"href":"https:\/\/dorogimedence.hu\/index.php\/wp-json\/wp\/v2\/categories?post=16860"},{"taxonomy":"post_tag","embeddable":true,"href":"https:\/\/dorogimedence.hu\/index.php\/wp-json\/wp\/v2\/tags?post=16860"}],"curies":[{"name":"wp","href":"https:\/\/api.w.org\/{rel}","templated":true}]}}