{"id":16581,"date":"2019-05-09T11:31:46","date_gmt":"2019-05-09T09:31:46","guid":{"rendered":"http:\/\/dorogimedence.hu\/?p=16581"},"modified":"2019-05-09T11:31:46","modified_gmt":"2019-05-09T09:31:46","slug":"budapesten-gurulnak-az-esztergomi-vasutmodellezok-mozdonyai","status":"publish","type":"post","link":"https:\/\/dorogimedence.hu\/index.php\/2019\/05\/09\/budapesten-gurulnak-az-esztergomi-vasutmodellezok-mozdonyai\/","title":{"rendered":"Budapesten gurulnak az Esztergomi Vas\u00fatmodellez\u0151k mozdonyai!"},"content":{"rendered":"<p><strong>M\u00e1sodik alkalommal ker\u00fcl megrendez\u00e9sre az Interakt\u00edv Vas\u00fatmodell Ki\u00e1ll\u00edt\u00e1s m\u00e1jus 10-12-e k\u00f6z\u00f6tt, 9 \u00f3r\u00e1t\u00f3l 17 \u00f3r\u00e1ig, a F\u0151v\u00e1rosi M\u0171vel\u0151d\u00e9si H\u00e1zban.<\/strong><\/p>\n<p>A rendezv\u00e9nyen az Esztergomi Vas\u00fatmodellez\u0151k is kitelep\u00fclnek TT modulrendszerrel.<\/p>\n<p>Az esem\u00e9nyen a terepasztalok z\u00f6mmel digit\u00e1lis rendszer\u0171ek lesznek, \u00e9s ki lehet majd pr\u00f3b\u00e1lni a vez\u00e9rl\u00e9seket (tablet, telefon seg\u00edts\u00e9g\u00e9vel is)!<\/p>\n<p>Mivel &#8211; divatosan sz\u00f3lva &#8211; &#8222;gyerekbar\u00e1t&#8221; rendezv\u00e9nyr\u0151l lesz sz\u00f3, ez\u00e9rt az asztalok rendhagy\u00f3 m\u00f3don most nem a megszokott 1-1,2 m\u00e9teres magass\u00e1gban, hanem kisebb l\u00e1bbakkal &#8211; 60-80 cm-n &#8211; kapnak majd helyet, ami miatt a f\u0151 c\u00e9lk\u00f6z\u00f6ns\u00e9g szabadabb l\u00e1t\u00f3teret \u00e9lvezhet majd!<\/p>\n<p>A legfontosabb 18 \u00e9ven aluliaknak a rendezv\u00e9ny ingyenesen lesz l\u00e1togathat\u00f3! A feln\u0151ttek r\u00e9sz\u00e9re pedig 500 Ft a bel\u00e9p\u0151!<\/p>\n<p>A szervez\u0151k teh\u00e1t szeretettel v\u00e1rj\u00e1k a fiatal (gyerek) \u00e9s &#8222;r\u00e9gebb \u00f3ta fiatal&#8221; (feln\u0151tt) l\u00e1togat\u00f3kat is 2019. m\u00e1jus 10-12-e k\u00f6z\u00f6tt 9.00-17.00 k\u00f6z\u00f6tt az FMH-ba (1119 Budapest, Feh\u00e9rv\u00e1ri \u00fat 47.). Teh\u00e1t, akik a b\u00f6rz\u00e9re j\u00f6nnek, azok most b\u00e1tran hozz\u00e1k a csemet\u00e9ket&nbsp;is!<\/p>\n<p><img fetchpriority=\"high\" decoding=\"async\" class=\"alignnone size-full wp-image-16582\" src=\"https:\/\/dorogimedence.hu\/wp-content\/uploads\/2019\/05\/vasutmodell-kiallitas.jpg\" alt=\"\" width=\"670\" height=\"936\" srcset=\"https:\/\/dorogimedence.hu\/wp-content\/uploads\/2019\/05\/vasutmodell-kiallitas.jpg 670w, https:\/\/dorogimedence.hu\/wp-content\/uploads\/2019\/05\/vasutmodell-kiallitas-215x300.jpg 215w\" sizes=\"(max-width: 670px) 100vw, 670px\" \/><\/p>\n","protected":false},"excerpt":{"rendered":"<p>M\u00e1sodik alkalommal ker\u00fcl megrendez\u00e9sre az Interakt\u00edv Vas\u00fatmodell Ki\u00e1ll\u00edt\u00e1s m\u00e1jus 10-12-e k\u00f6z\u00f6tt, 9 \u00f3r\u00e1t\u00f3l 17 \u00f3r\u00e1ig, a F\u0151v\u00e1rosi M\u0171vel\u0151d\u00e9si H\u00e1zban. A rendezv\u00e9nyen az Esztergomi Vas\u00fatmodellez\u0151k is kitelep\u00fclnek TT modulrendszerrel. Az esem\u00e9nyen a terepasztalok z\u00f6mmel digit\u00e1lis rendszer\u0171ek lesznek, \u00e9s ki lehet majd pr\u00f3b\u00e1lni a vez\u00e9rl\u00e9seket (tablet, telefon seg\u00edts\u00e9g\u00e9vel is)! Mivel &#8211; divatosan sz\u00f3lva &#8211; &#8222;gyerekbar\u00e1t&#8221; rendezv\u00e9nyr\u0151l lesz<\/p>\n","protected":false},"author":1,"featured_media":12973,"comment_status":"closed","ping_status":"closed","sticky":false,"template":"","format":"standard","meta":{"ngg_post_thumbnail":0,"footnotes":""},"categories":[38,3,3561],"tags":[2926,194,3825,381,2459],"class_list":{"0":"post-16581","1":"post","2":"type-post","3":"status-publish","4":"format-standard","5":"has-post-thumbnail","7":"category-esztergom","8":"category-hirek","9":"category-programok","10":"tag-esztergomi-vasutmodellezo-klub","11":"tag-kiallitas","12":"tag-mozdony","13":"tag-vasut","14":"tag-vasutmodell"},"yoast_head":"<!-- This site is optimized with the Yoast SEO plugin v27.5 - https:\/\/yoast.com\/product\/yoast-seo-wordpress\/ -->\n<title>Budapesten gurulnak az Esztergomi Vas\u00fatmodellez\u0151k mozdonyai!<\/title>\n<meta name=\"robots\" content=\"index, follow, max-snippet:-1, max-image-preview:large, max-video-preview:-1\" \/>\n<link rel=\"canonical\" href=\"https:\/\/dorogimedence.hu\/index.php\/2019\/05\/09\/budapesten-gurulnak-az-esztergomi-vasutmodellezok-mozdonyai\/\" class=\"yoast-seo-meta-tag\" \/>\n<meta property=\"og:locale\" content=\"hu_HU\" class=\"yoast-seo-meta-tag\" \/>\n<meta property=\"og:type\" content=\"article\" class=\"yoast-seo-meta-tag\" \/>\n<meta property=\"og:title\" content=\"Budapesten gurulnak az Esztergomi Vas\u00fatmodellez\u0151k mozdonyai!\" class=\"yoast-seo-meta-tag\" \/>\n<meta property=\"og:description\" content=\"M\u00e1sodik alkalommal ker\u00fcl megrendez\u00e9sre az Interakt\u00edv Vas\u00fatmodell Ki\u00e1ll\u00edt\u00e1s m\u00e1jus 10-12-e k\u00f6z\u00f6tt, 9 \u00f3r\u00e1t\u00f3l 17 \u00f3r\u00e1ig, a F\u0151v\u00e1rosi M\u0171vel\u0151d\u00e9si H\u00e1zban. A rendezv\u00e9nyen az Esztergomi Vas\u00fatmodellez\u0151k is kitelep\u00fclnek TT modulrendszerrel. Az esem\u00e9nyen a terepasztalok z\u00f6mmel digit\u00e1lis rendszer\u0171ek lesznek, \u00e9s ki lehet majd pr\u00f3b\u00e1lni a vez\u00e9rl\u00e9seket (tablet, telefon seg\u00edts\u00e9g\u00e9vel is)! Mivel &#8211; divatosan sz\u00f3lva &#8211; &#8222;gyerekbar\u00e1t&#8221; rendezv\u00e9nyr\u0151l lesz\" class=\"yoast-seo-meta-tag\" \/>\n<meta property=\"og:url\" content=\"https:\/\/dorogimedence.hu\/index.php\/2019\/05\/09\/budapesten-gurulnak-az-esztergomi-vasutmodellezok-mozdonyai\/\" class=\"yoast-seo-meta-tag\" \/>\n<meta property=\"og:site_name\" content=\"Dorogi-medence Region\u00e1lis H\u00edrport\u00e1l\" class=\"yoast-seo-meta-tag\" \/>\n<meta property=\"article:publisher\" content=\"https:\/\/www.facebook.com\/dorogimedence\/\" class=\"yoast-seo-meta-tag\" \/>\n<meta property=\"article:published_time\" content=\"2019-05-09T09:31:46+00:00\" class=\"yoast-seo-meta-tag\" \/>\n<meta property=\"og:image\" content=\"https:\/\/i0.wp.com\/dorogimedence.hu\/wp-content\/uploads\/2018\/10\/vasutmodell-uj-03.jpg?fit=670%2C365&ssl=1\" class=\"yoast-seo-meta-tag\" \/>\n\t<meta property=\"og:image:width\" content=\"670\" class=\"yoast-seo-meta-tag\" \/>\n\t<meta property=\"og:image:height\" content=\"365\" class=\"yoast-seo-meta-tag\" \/>\n\t<meta property=\"og:image:type\" content=\"image\/jpeg\" class=\"yoast-seo-meta-tag\" \/>\n<meta name=\"author\" content=\"dorogimedence.hu\" class=\"yoast-seo-meta-tag\" \/>\n<meta name=\"twitter:card\" content=\"summary_large_image\" class=\"yoast-seo-meta-tag\" \/>\n<meta name=\"twitter:label1\" content=\"Szerz\u0151:\" class=\"yoast-seo-meta-tag\" \/>\n\t<meta name=\"twitter:data1\" content=\"dorogimedence.hu\" class=\"yoast-seo-meta-tag\" \/>\n\t<meta name=\"twitter:label2\" content=\"Becs\u00fclt olvas\u00e1si id\u0151\" class=\"yoast-seo-meta-tag\" \/>\n\t<meta name=\"twitter:data2\" content=\"1 perc\" class=\"yoast-seo-meta-tag\" \/>\n<script type=\"application\/ld+json\" class=\"yoast-schema-graph\">{\"@context\":\"https:\\\/\\\/schema.org\",\"@graph\":[{\"@type\":\"Article\",\"@id\":\"https:\\\/\\\/dorogimedence.hu\\\/index.php\\\/2019\\\/05\\\/09\\\/budapesten-gurulnak-az-esztergomi-vasutmodellezok-mozdonyai\\\/#article\",\"isPartOf\":{\"@id\":\"https:\\\/\\\/dorogimedence.hu\\\/index.php\\\/2019\\\/05\\\/09\\\/budapesten-gurulnak-az-esztergomi-vasutmodellezok-mozdonyai\\\/\"},\"author\":{\"name\":\"dorogimedence.hu\",\"@id\":\"https:\\\/\\\/dorogimedence.hu\\\/#\\\/schema\\\/person\\\/ce6091eeb7e95ecdc87890d6aa8e0fd4\"},\"headline\":\"Budapesten gurulnak az Esztergomi Vas\u00fatmodellez\u0151k mozdonyai!\",\"datePublished\":\"2019-05-09T09:31:46+00:00\",\"mainEntityOfPage\":{\"@id\":\"https:\\\/\\\/dorogimedence.hu\\\/index.php\\\/2019\\\/05\\\/09\\\/budapesten-gurulnak-az-esztergomi-vasutmodellezok-mozdonyai\\\/\"},\"wordCount\":227,\"publisher\":{\"@id\":\"https:\\\/\\\/dorogimedence.hu\\\/#organization\"},\"image\":{\"@id\":\"https:\\\/\\\/dorogimedence.hu\\\/index.php\\\/2019\\\/05\\\/09\\\/budapesten-gurulnak-az-esztergomi-vasutmodellezok-mozdonyai\\\/#primaryimage\"},\"thumbnailUrl\":\"https:\\\/\\\/dorogimedence.hu\\\/wp-content\\\/uploads\\\/2018\\\/10\\\/vasutmodell-uj-03.jpg\",\"keywords\":[\"Esztergomi Vas\u00fatmodellez\u0151 Klub\",\"ki\u00e1ll\u00edt\u00e1s\",\"mozdony\",\"vas\u00fat\",\"vas\u00fatmodell\"],\"articleSection\":[\"Esztergom\",\"H\u00edrek\",\"Programok\"],\"inLanguage\":\"hu\"},{\"@type\":\"WebPage\",\"@id\":\"https:\\\/\\\/dorogimedence.hu\\\/index.php\\\/2019\\\/05\\\/09\\\/budapesten-gurulnak-az-esztergomi-vasutmodellezok-mozdonyai\\\/\",\"url\":\"https:\\\/\\\/dorogimedence.hu\\\/index.php\\\/2019\\\/05\\\/09\\\/budapesten-gurulnak-az-esztergomi-vasutmodellezok-mozdonyai\\\/\",\"name\":\"Budapesten gurulnak az Esztergomi Vas\u00fatmodellez\u0151k mozdonyai!\",\"isPartOf\":{\"@id\":\"https:\\\/\\\/dorogimedence.hu\\\/#website\"},\"primaryImageOfPage\":{\"@id\":\"https:\\\/\\\/dorogimedence.hu\\\/index.php\\\/2019\\\/05\\\/09\\\/budapesten-gurulnak-az-esztergomi-vasutmodellezok-mozdonyai\\\/#primaryimage\"},\"image\":{\"@id\":\"https:\\\/\\\/dorogimedence.hu\\\/index.php\\\/2019\\\/05\\\/09\\\/budapesten-gurulnak-az-esztergomi-vasutmodellezok-mozdonyai\\\/#primaryimage\"},\"thumbnailUrl\":\"https:\\\/\\\/dorogimedence.hu\\\/wp-content\\\/uploads\\\/2018\\\/10\\\/vasutmodell-uj-03.jpg\",\"datePublished\":\"2019-05-09T09:31:46+00:00\",\"breadcrumb\":{\"@id\":\"https:\\\/\\\/dorogimedence.hu\\\/index.php\\\/2019\\\/05\\\/09\\\/budapesten-gurulnak-az-esztergomi-vasutmodellezok-mozdonyai\\\/#breadcrumb\"},\"inLanguage\":\"hu\",\"potentialAction\":[{\"@type\":\"ReadAction\",\"target\":[\"https:\\\/\\\/dorogimedence.hu\\\/index.php\\\/2019\\\/05\\\/09\\\/budapesten-gurulnak-az-esztergomi-vasutmodellezok-mozdonyai\\\/\"]}]},{\"@type\":\"ImageObject\",\"inLanguage\":\"hu\",\"@id\":\"https:\\\/\\\/dorogimedence.hu\\\/index.php\\\/2019\\\/05\\\/09\\\/budapesten-gurulnak-az-esztergomi-vasutmodellezok-mozdonyai\\\/#primaryimage\",\"url\":\"https:\\\/\\\/dorogimedence.hu\\\/wp-content\\\/uploads\\\/2018\\\/10\\\/vasutmodell-uj-03.jpg\",\"contentUrl\":\"https:\\\/\\\/dorogimedence.hu\\\/wp-content\\\/uploads\\\/2018\\\/10\\\/vasutmodell-uj-03.jpg\",\"width\":670,\"height\":365},{\"@type\":\"BreadcrumbList\",\"@id\":\"https:\\\/\\\/dorogimedence.hu\\\/index.php\\\/2019\\\/05\\\/09\\\/budapesten-gurulnak-az-esztergomi-vasutmodellezok-mozdonyai\\\/#breadcrumb\",\"itemListElement\":[{\"@type\":\"ListItem\",\"position\":1,\"name\":\"Kezd\u0151lap\",\"item\":\"https:\\\/\\\/dorogimedence.hu\\\/\"},{\"@type\":\"ListItem\",\"position\":2,\"name\":\"Budapesten gurulnak az Esztergomi Vas\u00fatmodellez\u0151k mozdonyai!\"}]},{\"@type\":\"WebSite\",\"@id\":\"https:\\\/\\\/dorogimedence.hu\\\/#website\",\"url\":\"https:\\\/\\\/dorogimedence.hu\\\/\",\"name\":\"Dorogi-medence Region\u00e1lis H\u00edrport\u00e1l\",\"description\":\"Dorog, Keszt\u00f6lc, Le\u00e1nyv\u00e1r, Piliscs\u00e9v, Tokod, Tokodalt\u00e1r\u00f3, Csolnok, Esztergom-kertv\u00e1ros: h\u00edrek, programok\",\"publisher\":{\"@id\":\"https:\\\/\\\/dorogimedence.hu\\\/#organization\"},\"potentialAction\":[{\"@type\":\"SearchAction\",\"target\":{\"@type\":\"EntryPoint\",\"urlTemplate\":\"https:\\\/\\\/dorogimedence.hu\\\/?s={search_term_string}\"},\"query-input\":{\"@type\":\"PropertyValueSpecification\",\"valueRequired\":true,\"valueName\":\"search_term_string\"}}],\"inLanguage\":\"hu\"},{\"@type\":\"Organization\",\"@id\":\"https:\\\/\\\/dorogimedence.hu\\\/#organization\",\"name\":\"Dorogi-medence Region\u00e1lis H\u00edrport\u00e1l\",\"url\":\"https:\\\/\\\/dorogimedence.hu\\\/\",\"logo\":{\"@type\":\"ImageObject\",\"inLanguage\":\"hu\",\"@id\":\"https:\\\/\\\/dorogimedence.hu\\\/#\\\/schema\\\/logo\\\/image\\\/\",\"url\":\"https:\\\/\\\/dorogimedence.hu\\\/wp-content\\\/uploads\\\/2021\\\/04\\\/logo-feher-600.png\",\"contentUrl\":\"https:\\\/\\\/dorogimedence.hu\\\/wp-content\\\/uploads\\\/2021\\\/04\\\/logo-feher-600.png\",\"width\":600,\"height\":100,\"caption\":\"Dorogi-medence Region\u00e1lis H\u00edrport\u00e1l\"},\"image\":{\"@id\":\"https:\\\/\\\/dorogimedence.hu\\\/#\\\/schema\\\/logo\\\/image\\\/\"},\"sameAs\":[\"https:\\\/\\\/www.facebook.com\\\/dorogimedence\\\/\"]},{\"@type\":\"Person\",\"@id\":\"https:\\\/\\\/dorogimedence.hu\\\/#\\\/schema\\\/person\\\/ce6091eeb7e95ecdc87890d6aa8e0fd4\",\"name\":\"dorogimedence.hu\",\"image\":{\"@type\":\"ImageObject\",\"inLanguage\":\"hu\",\"@id\":\"\\\/\\\/www.gravatar.com\\\/avatar\\\/d8d45f8901aadff40a4af72c0b826f1d?s=96&#038;r=g&#038;d=mm\",\"url\":\"\\\/\\\/www.gravatar.com\\\/avatar\\\/d8d45f8901aadff40a4af72c0b826f1d?s=96&#038;r=g&#038;d=mm\",\"contentUrl\":\"\\\/\\\/www.gravatar.com\\\/avatar\\\/d8d45f8901aadff40a4af72c0b826f1d?s=96&#038;r=g&#038;d=mm\",\"caption\":\"dorogimedence.hu\"}}]}<\/script>\n<!-- \/ Yoast SEO plugin. -->","yoast_head_json":{"title":"Budapesten gurulnak az Esztergomi Vas\u00fatmodellez\u0151k mozdonyai!","robots":{"index":"index","follow":"follow","max-snippet":"max-snippet:-1","max-image-preview":"max-image-preview:large","max-video-preview":"max-video-preview:-1"},"canonical":"https:\/\/dorogimedence.hu\/index.php\/2019\/05\/09\/budapesten-gurulnak-az-esztergomi-vasutmodellezok-mozdonyai\/","og_locale":"hu_HU","og_type":"article","og_title":"Budapesten gurulnak az Esztergomi Vas\u00fatmodellez\u0151k mozdonyai!","og_description":"M\u00e1sodik alkalommal ker\u00fcl megrendez\u00e9sre az Interakt\u00edv Vas\u00fatmodell Ki\u00e1ll\u00edt\u00e1s m\u00e1jus 10-12-e k\u00f6z\u00f6tt, 9 \u00f3r\u00e1t\u00f3l 17 \u00f3r\u00e1ig, a F\u0151v\u00e1rosi M\u0171vel\u0151d\u00e9si H\u00e1zban. A rendezv\u00e9nyen az Esztergomi Vas\u00fatmodellez\u0151k is kitelep\u00fclnek TT modulrendszerrel. Az esem\u00e9nyen a terepasztalok z\u00f6mmel digit\u00e1lis rendszer\u0171ek lesznek, \u00e9s ki lehet majd pr\u00f3b\u00e1lni a vez\u00e9rl\u00e9seket (tablet, telefon seg\u00edts\u00e9g\u00e9vel is)! Mivel &#8211; divatosan sz\u00f3lva &#8211; &#8222;gyerekbar\u00e1t&#8221; rendezv\u00e9nyr\u0151l lesz","og_url":"https:\/\/dorogimedence.hu\/index.php\/2019\/05\/09\/budapesten-gurulnak-az-esztergomi-vasutmodellezok-mozdonyai\/","og_site_name":"Dorogi-medence Region\u00e1lis H\u00edrport\u00e1l","article_publisher":"https:\/\/www.facebook.com\/dorogimedence\/","article_published_time":"2019-05-09T09:31:46+00:00","og_image":[{"width":670,"height":365,"url":"https:\/\/i0.wp.com\/dorogimedence.hu\/wp-content\/uploads\/2018\/10\/vasutmodell-uj-03.jpg?fit=670%2C365&ssl=1","type":"image\/jpeg"}],"author":"dorogimedence.hu","twitter_card":"summary_large_image","twitter_misc":{"Szerz\u0151:":"dorogimedence.hu","Becs\u00fclt olvas\u00e1si id\u0151":"1 perc"},"schema":{"@context":"https:\/\/schema.org","@graph":[{"@type":"Article","@id":"https:\/\/dorogimedence.hu\/index.php\/2019\/05\/09\/budapesten-gurulnak-az-esztergomi-vasutmodellezok-mozdonyai\/#article","isPartOf":{"@id":"https:\/\/dorogimedence.hu\/index.php\/2019\/05\/09\/budapesten-gurulnak-az-esztergomi-vasutmodellezok-mozdonyai\/"},"author":{"name":"dorogimedence.hu","@id":"https:\/\/dorogimedence.hu\/#\/schema\/person\/ce6091eeb7e95ecdc87890d6aa8e0fd4"},"headline":"Budapesten gurulnak az Esztergomi Vas\u00fatmodellez\u0151k mozdonyai!","datePublished":"2019-05-09T09:31:46+00:00","mainEntityOfPage":{"@id":"https:\/\/dorogimedence.hu\/index.php\/2019\/05\/09\/budapesten-gurulnak-az-esztergomi-vasutmodellezok-mozdonyai\/"},"wordCount":227,"publisher":{"@id":"https:\/\/dorogimedence.hu\/#organization"},"image":{"@id":"https:\/\/dorogimedence.hu\/index.php\/2019\/05\/09\/budapesten-gurulnak-az-esztergomi-vasutmodellezok-mozdonyai\/#primaryimage"},"thumbnailUrl":"https:\/\/dorogimedence.hu\/wp-content\/uploads\/2018\/10\/vasutmodell-uj-03.jpg","keywords":["Esztergomi Vas\u00fatmodellez\u0151 Klub","ki\u00e1ll\u00edt\u00e1s","mozdony","vas\u00fat","vas\u00fatmodell"],"articleSection":["Esztergom","H\u00edrek","Programok"],"inLanguage":"hu"},{"@type":"WebPage","@id":"https:\/\/dorogimedence.hu\/index.php\/2019\/05\/09\/budapesten-gurulnak-az-esztergomi-vasutmodellezok-mozdonyai\/","url":"https:\/\/dorogimedence.hu\/index.php\/2019\/05\/09\/budapesten-gurulnak-az-esztergomi-vasutmodellezok-mozdonyai\/","name":"Budapesten gurulnak az Esztergomi Vas\u00fatmodellez\u0151k mozdonyai!","isPartOf":{"@id":"https:\/\/dorogimedence.hu\/#website"},"primaryImageOfPage":{"@id":"https:\/\/dorogimedence.hu\/index.php\/2019\/05\/09\/budapesten-gurulnak-az-esztergomi-vasutmodellezok-mozdonyai\/#primaryimage"},"image":{"@id":"https:\/\/dorogimedence.hu\/index.php\/2019\/05\/09\/budapesten-gurulnak-az-esztergomi-vasutmodellezok-mozdonyai\/#primaryimage"},"thumbnailUrl":"https:\/\/dorogimedence.hu\/wp-content\/uploads\/2018\/10\/vasutmodell-uj-03.jpg","datePublished":"2019-05-09T09:31:46+00:00","breadcrumb":{"@id":"https:\/\/dorogimedence.hu\/index.php\/2019\/05\/09\/budapesten-gurulnak-az-esztergomi-vasutmodellezok-mozdonyai\/#breadcrumb"},"inLanguage":"hu","potentialAction":[{"@type":"ReadAction","target":["https:\/\/dorogimedence.hu\/index.php\/2019\/05\/09\/budapesten-gurulnak-az-esztergomi-vasutmodellezok-mozdonyai\/"]}]},{"@type":"ImageObject","inLanguage":"hu","@id":"https:\/\/dorogimedence.hu\/index.php\/2019\/05\/09\/budapesten-gurulnak-az-esztergomi-vasutmodellezok-mozdonyai\/#primaryimage","url":"https:\/\/dorogimedence.hu\/wp-content\/uploads\/2018\/10\/vasutmodell-uj-03.jpg","contentUrl":"https:\/\/dorogimedence.hu\/wp-content\/uploads\/2018\/10\/vasutmodell-uj-03.jpg","width":670,"height":365},{"@type":"BreadcrumbList","@id":"https:\/\/dorogimedence.hu\/index.php\/2019\/05\/09\/budapesten-gurulnak-az-esztergomi-vasutmodellezok-mozdonyai\/#breadcrumb","itemListElement":[{"@type":"ListItem","position":1,"name":"Kezd\u0151lap","item":"https:\/\/dorogimedence.hu\/"},{"@type":"ListItem","position":2,"name":"Budapesten gurulnak az Esztergomi Vas\u00fatmodellez\u0151k mozdonyai!"}]},{"@type":"WebSite","@id":"https:\/\/dorogimedence.hu\/#website","url":"https:\/\/dorogimedence.hu\/","name":"Dorogi-medence Region\u00e1lis H\u00edrport\u00e1l","description":"Dorog, Keszt\u00f6lc, Le\u00e1nyv\u00e1r, Piliscs\u00e9v, Tokod, Tokodalt\u00e1r\u00f3, Csolnok, Esztergom-kertv\u00e1ros: h\u00edrek, programok","publisher":{"@id":"https:\/\/dorogimedence.hu\/#organization"},"potentialAction":[{"@type":"SearchAction","target":{"@type":"EntryPoint","urlTemplate":"https:\/\/dorogimedence.hu\/?s={search_term_string}"},"query-input":{"@type":"PropertyValueSpecification","valueRequired":true,"valueName":"search_term_string"}}],"inLanguage":"hu"},{"@type":"Organization","@id":"https:\/\/dorogimedence.hu\/#organization","name":"Dorogi-medence Region\u00e1lis H\u00edrport\u00e1l","url":"https:\/\/dorogimedence.hu\/","logo":{"@type":"ImageObject","inLanguage":"hu","@id":"https:\/\/dorogimedence.hu\/#\/schema\/logo\/image\/","url":"https:\/\/dorogimedence.hu\/wp-content\/uploads\/2021\/04\/logo-feher-600.png","contentUrl":"https:\/\/dorogimedence.hu\/wp-content\/uploads\/2021\/04\/logo-feher-600.png","width":600,"height":100,"caption":"Dorogi-medence Region\u00e1lis H\u00edrport\u00e1l"},"image":{"@id":"https:\/\/dorogimedence.hu\/#\/schema\/logo\/image\/"},"sameAs":["https:\/\/www.facebook.com\/dorogimedence\/"]},{"@type":"Person","@id":"https:\/\/dorogimedence.hu\/#\/schema\/person\/ce6091eeb7e95ecdc87890d6aa8e0fd4","name":"dorogimedence.hu","image":{"@type":"ImageObject","inLanguage":"hu","@id":"\/\/www.gravatar.com\/avatar\/d8d45f8901aadff40a4af72c0b826f1d?s=96&#038;r=g&#038;d=mm","url":"\/\/www.gravatar.com\/avatar\/d8d45f8901aadff40a4af72c0b826f1d?s=96&#038;r=g&#038;d=mm","contentUrl":"\/\/www.gravatar.com\/avatar\/d8d45f8901aadff40a4af72c0b826f1d?s=96&#038;r=g&#038;d=mm","caption":"dorogimedence.hu"}}]}},"_links":{"self":[{"href":"https:\/\/dorogimedence.hu\/index.php\/wp-json\/wp\/v2\/posts\/16581","targetHints":{"allow":["GET"]}}],"collection":[{"href":"https:\/\/dorogimedence.hu\/index.php\/wp-json\/wp\/v2\/posts"}],"about":[{"href":"https:\/\/dorogimedence.hu\/index.php\/wp-json\/wp\/v2\/types\/post"}],"author":[{"embeddable":true,"href":"https:\/\/dorogimedence.hu\/index.php\/wp-json\/wp\/v2\/users\/1"}],"replies":[{"embeddable":true,"href":"https:\/\/dorogimedence.hu\/index.php\/wp-json\/wp\/v2\/comments?post=16581"}],"version-history":[{"count":0,"href":"https:\/\/dorogimedence.hu\/index.php\/wp-json\/wp\/v2\/posts\/16581\/revisions"}],"wp:featuredmedia":[{"embeddable":true,"href":"https:\/\/dorogimedence.hu\/index.php\/wp-json\/wp\/v2\/media\/12973"}],"wp:attachment":[{"href":"https:\/\/dorogimedence.hu\/index.php\/wp-json\/wp\/v2\/media?parent=16581"}],"wp:term":[{"taxonomy":"category","embeddable":true,"href":"https:\/\/dorogimedence.hu\/index.php\/wp-json\/wp\/v2\/categories?post=16581"},{"taxonomy":"post_tag","embeddable":true,"href":"https:\/\/dorogimedence.hu\/index.php\/wp-json\/wp\/v2\/tags?post=16581"}],"curies":[{"name":"wp","href":"https:\/\/api.w.org\/{rel}","templated":true}]}}