{"id":16577,"date":"2019-05-09T08:11:58","date_gmt":"2019-05-09T06:11:58","guid":{"rendered":"http:\/\/dorogimedence.hu\/?p=16577"},"modified":"2019-05-09T08:11:58","modified_gmt":"2019-05-09T06:11:58","slug":"egy-ev-utan-fejeztek-be-az-ittas-motoros-ugyenek-vizsgalatat","status":"publish","type":"post","link":"https:\/\/dorogimedence.hu\/index.php\/2019\/05\/09\/egy-ev-utan-fejeztek-be-az-ittas-motoros-ugyenek-vizsgalatat\/","title":{"rendered":"Egy \u00e9v ut\u00e1n fejezt\u00e9k be az ittas motoros \u00fcgy\u00e9nek vizsg\u00e1lat\u00e1t"},"content":{"rendered":"<div class=\"body-text\">\n<p><strong>Esztergomban, a Dorogi \u00faton okozott szem\u00e9lyi s\u00e9r\u00fcl\u00e9ssel j\u00e1r\u00f3 k\u00f6z\u00fati k\u00f6zleked\u00e9si balesetet egy 28 \u00e9ves csolnoki f\u00e9rfi tavaly m\u00e1jus 10-\u00e9n. Az esztergomi rend\u0151r\u00f6k most fejezt\u00e9k be az \u00fcgy vizsg\u00e1lat\u00e1t.<\/strong><\/p>\n<p>F. J\u00e1nos a Kiss J\u00e1nos vez\u00e9rezredes \u00faton egy k\u00f6rforgalomhoz \u00e9rt, amikor &#8211; mivel j\u00e1rm\u0171ve sebess\u00e9g\u00e9t nem az \u00fat vonalvezet\u00e9s\u00e9nek megfelel\u0151en v\u00e1lasztotta meg &#8211; let\u00e9rt az \u00fattestr\u0151l \u00e9s \u00e1rokba csap\u00f3dott.<\/p>\n<p>A balesetben a sof\u0151r \u00e9s 28 \u00e9ves utasa is s\u00falyos s\u00e9r\u00fcl\u00e9seket szenvedett. Kider\u00fclt, hogy F. J\u00e1nos alkoholt fogyasztott, miel\u0151tt vol\u00e1n m\u00f6g\u00e9 \u00fclt, ez\u00e9rt ellene, s\u00falyos testi s\u00e9rt\u00e9st okoz\u00f3 ittas \u00e1llapotban elk\u00f6vetett j\u00e1rm\u0171vezet\u00e9s b\u0171ncselekm\u00e9nye miatt&nbsp;b\u00fcntet\u0151elj\u00e1r\u00e1st folytattak le.<\/p>\n<p><img fetchpriority=\"high\" decoding=\"async\" class=\"alignnone size-full wp-image-16579\" src=\"https:\/\/dorogimedence.hu\/wp-content\/uploads\/2019\/05\/ittas-motoros-02.jpg\" alt=\"\" width=\"670\" height=\"365\" srcset=\"https:\/\/dorogimedence.hu\/wp-content\/uploads\/2019\/05\/ittas-motoros-02.jpg 670w, https:\/\/dorogimedence.hu\/wp-content\/uploads\/2019\/05\/ittas-motoros-02-300x163.jpg 300w\" sizes=\"(max-width: 670px) 100vw, 670px\" \/><\/p>\n<p>Az \u00fcgyben az Esztergomi Rend\u0151rkapit\u00e1nys\u00e1g a sz\u00fcks\u00e9ges elj\u00e1r\u00e1si cselekm\u00e9nyeket elv\u00e9gezte, \u00e9s az iratokat megk\u00fcldte a Tatab\u00e1nyai J\u00e1r\u00e1si \u00dcgy\u00e9szs\u00e9gnek.<\/p>\n<p><em>Fot\u00f3, forr\u00e1s: police.hu \/ dorogimedence.hu<\/em><\/p>\n<\/div>\n","protected":false},"excerpt":{"rendered":"<p>Esztergomban, a Dorogi \u00faton okozott szem\u00e9lyi s\u00e9r\u00fcl\u00e9ssel j\u00e1r\u00f3 k\u00f6z\u00fati k\u00f6zleked\u00e9si balesetet egy 28 \u00e9ves csolnoki f\u00e9rfi tavaly m\u00e1jus 10-\u00e9n. Az esztergomi rend\u0151r\u00f6k most fejezt\u00e9k be az \u00fcgy vizsg\u00e1lat\u00e1t. F. J\u00e1nos a Kiss J\u00e1nos vez\u00e9rezredes \u00faton egy k\u00f6rforgalomhoz \u00e9rt, amikor &#8211; mivel j\u00e1rm\u0171ve sebess\u00e9g\u00e9t nem az \u00fat vonalvezet\u00e9s\u00e9nek megfelel\u0151en v\u00e1lasztotta meg &#8211; let\u00e9rt az \u00fattestr\u0151l \u00e9s<\/p>\n","protected":false},"author":1,"featured_media":16578,"comment_status":"closed","ping_status":"closed","sticky":false,"template":"","format":"standard","meta":{"ngg_post_thumbnail":0,"footnotes":""},"categories":[64,38,39],"tags":[44,66,42,164,675,61],"class_list":{"0":"post-16577","1":"post","2":"type-post","3":"status-publish","4":"format-standard","5":"has-post-thumbnail","7":"category-csolnok","8":"category-esztergom","9":"category-kek-hirek","10":"tag-baleset","11":"tag-csolnok","12":"tag-esztergom","13":"tag-ittas-vezetes","14":"tag-motorbaleset","15":"tag-rendorsegi-hirek"},"yoast_head":"<!-- This site is optimized with the Yoast SEO plugin v27.5 - https:\/\/yoast.com\/product\/yoast-seo-wordpress\/ -->\n<title>Egy \u00e9v ut\u00e1n fejezt\u00e9k be az ittas motoros \u00fcgy\u00e9nek vizsg\u00e1lat\u00e1t<\/title>\n<meta name=\"robots\" content=\"index, follow, max-snippet:-1, max-image-preview:large, max-video-preview:-1\" \/>\n<link rel=\"canonical\" href=\"https:\/\/dorogimedence.hu\/index.php\/2019\/05\/09\/egy-ev-utan-fejeztek-be-az-ittas-motoros-ugyenek-vizsgalatat\/\" class=\"yoast-seo-meta-tag\" \/>\n<meta property=\"og:locale\" content=\"hu_HU\" class=\"yoast-seo-meta-tag\" \/>\n<meta property=\"og:type\" content=\"article\" class=\"yoast-seo-meta-tag\" \/>\n<meta property=\"og:title\" content=\"Egy \u00e9v ut\u00e1n fejezt\u00e9k be az ittas motoros \u00fcgy\u00e9nek vizsg\u00e1lat\u00e1t\" class=\"yoast-seo-meta-tag\" \/>\n<meta property=\"og:description\" content=\"Esztergomban, a Dorogi \u00faton okozott szem\u00e9lyi s\u00e9r\u00fcl\u00e9ssel j\u00e1r\u00f3 k\u00f6z\u00fati k\u00f6zleked\u00e9si balesetet egy 28 \u00e9ves csolnoki f\u00e9rfi tavaly m\u00e1jus 10-\u00e9n. Az esztergomi rend\u0151r\u00f6k most fejezt\u00e9k be az \u00fcgy vizsg\u00e1lat\u00e1t. F. J\u00e1nos a Kiss J\u00e1nos vez\u00e9rezredes \u00faton egy k\u00f6rforgalomhoz \u00e9rt, amikor &#8211; mivel j\u00e1rm\u0171ve sebess\u00e9g\u00e9t nem az \u00fat vonalvezet\u00e9s\u00e9nek megfelel\u0151en v\u00e1lasztotta meg &#8211; let\u00e9rt az \u00fattestr\u0151l \u00e9s\" class=\"yoast-seo-meta-tag\" \/>\n<meta property=\"og:url\" content=\"https:\/\/dorogimedence.hu\/index.php\/2019\/05\/09\/egy-ev-utan-fejeztek-be-az-ittas-motoros-ugyenek-vizsgalatat\/\" class=\"yoast-seo-meta-tag\" \/>\n<meta property=\"og:site_name\" content=\"Dorogi-medence Region\u00e1lis H\u00edrport\u00e1l\" class=\"yoast-seo-meta-tag\" \/>\n<meta property=\"article:publisher\" content=\"https:\/\/www.facebook.com\/dorogimedence\/\" class=\"yoast-seo-meta-tag\" \/>\n<meta property=\"article:published_time\" content=\"2019-05-09T06:11:58+00:00\" class=\"yoast-seo-meta-tag\" \/>\n<meta property=\"og:image\" content=\"https:\/\/i0.wp.com\/dorogimedence.hu\/wp-content\/uploads\/2019\/05\/ittas-motoros-01.jpg?fit=670%2C365&ssl=1\" class=\"yoast-seo-meta-tag\" \/>\n\t<meta property=\"og:image:width\" content=\"670\" class=\"yoast-seo-meta-tag\" \/>\n\t<meta property=\"og:image:height\" content=\"365\" class=\"yoast-seo-meta-tag\" \/>\n\t<meta property=\"og:image:type\" content=\"image\/jpeg\" class=\"yoast-seo-meta-tag\" \/>\n<meta name=\"author\" content=\"dorogimedence.hu\" class=\"yoast-seo-meta-tag\" \/>\n<meta name=\"twitter:card\" content=\"summary_large_image\" class=\"yoast-seo-meta-tag\" \/>\n<meta name=\"twitter:label1\" content=\"Szerz\u0151:\" class=\"yoast-seo-meta-tag\" \/>\n\t<meta name=\"twitter:data1\" content=\"dorogimedence.hu\" class=\"yoast-seo-meta-tag\" \/>\n\t<meta name=\"twitter:label2\" content=\"Becs\u00fclt olvas\u00e1si id\u0151\" class=\"yoast-seo-meta-tag\" \/>\n\t<meta name=\"twitter:data2\" content=\"1 perc\" class=\"yoast-seo-meta-tag\" \/>\n<script type=\"application\/ld+json\" class=\"yoast-schema-graph\">{\"@context\":\"https:\\\/\\\/schema.org\",\"@graph\":[{\"@type\":\"Article\",\"@id\":\"https:\\\/\\\/dorogimedence.hu\\\/index.php\\\/2019\\\/05\\\/09\\\/egy-ev-utan-fejeztek-be-az-ittas-motoros-ugyenek-vizsgalatat\\\/#article\",\"isPartOf\":{\"@id\":\"https:\\\/\\\/dorogimedence.hu\\\/index.php\\\/2019\\\/05\\\/09\\\/egy-ev-utan-fejeztek-be-az-ittas-motoros-ugyenek-vizsgalatat\\\/\"},\"author\":{\"name\":\"dorogimedence.hu\",\"@id\":\"https:\\\/\\\/dorogimedence.hu\\\/#\\\/schema\\\/person\\\/ce6091eeb7e95ecdc87890d6aa8e0fd4\"},\"headline\":\"Egy \u00e9v ut\u00e1n fejezt\u00e9k be az ittas motoros \u00fcgy\u00e9nek vizsg\u00e1lat\u00e1t\",\"datePublished\":\"2019-05-09T06:11:58+00:00\",\"mainEntityOfPage\":{\"@id\":\"https:\\\/\\\/dorogimedence.hu\\\/index.php\\\/2019\\\/05\\\/09\\\/egy-ev-utan-fejeztek-be-az-ittas-motoros-ugyenek-vizsgalatat\\\/\"},\"wordCount\":204,\"publisher\":{\"@id\":\"https:\\\/\\\/dorogimedence.hu\\\/#organization\"},\"image\":{\"@id\":\"https:\\\/\\\/dorogimedence.hu\\\/index.php\\\/2019\\\/05\\\/09\\\/egy-ev-utan-fejeztek-be-az-ittas-motoros-ugyenek-vizsgalatat\\\/#primaryimage\"},\"thumbnailUrl\":\"https:\\\/\\\/dorogimedence.hu\\\/wp-content\\\/uploads\\\/2019\\\/05\\\/ittas-motoros-01.jpg\",\"keywords\":[\"baleset\",\"Csolnok\",\"esztergom\",\"ittas vezet\u00e9s\",\"motorbaleset\",\"rend\u0151rs\u00e9gi h\u00edrek\"],\"articleSection\":[\"Csolnok\",\"Esztergom\",\"K\u00e9k h\u00edrek\"],\"inLanguage\":\"hu\"},{\"@type\":\"WebPage\",\"@id\":\"https:\\\/\\\/dorogimedence.hu\\\/index.php\\\/2019\\\/05\\\/09\\\/egy-ev-utan-fejeztek-be-az-ittas-motoros-ugyenek-vizsgalatat\\\/\",\"url\":\"https:\\\/\\\/dorogimedence.hu\\\/index.php\\\/2019\\\/05\\\/09\\\/egy-ev-utan-fejeztek-be-az-ittas-motoros-ugyenek-vizsgalatat\\\/\",\"name\":\"Egy \u00e9v ut\u00e1n fejezt\u00e9k be az ittas motoros \u00fcgy\u00e9nek vizsg\u00e1lat\u00e1t\",\"isPartOf\":{\"@id\":\"https:\\\/\\\/dorogimedence.hu\\\/#website\"},\"primaryImageOfPage\":{\"@id\":\"https:\\\/\\\/dorogimedence.hu\\\/index.php\\\/2019\\\/05\\\/09\\\/egy-ev-utan-fejeztek-be-az-ittas-motoros-ugyenek-vizsgalatat\\\/#primaryimage\"},\"image\":{\"@id\":\"https:\\\/\\\/dorogimedence.hu\\\/index.php\\\/2019\\\/05\\\/09\\\/egy-ev-utan-fejeztek-be-az-ittas-motoros-ugyenek-vizsgalatat\\\/#primaryimage\"},\"thumbnailUrl\":\"https:\\\/\\\/dorogimedence.hu\\\/wp-content\\\/uploads\\\/2019\\\/05\\\/ittas-motoros-01.jpg\",\"datePublished\":\"2019-05-09T06:11:58+00:00\",\"breadcrumb\":{\"@id\":\"https:\\\/\\\/dorogimedence.hu\\\/index.php\\\/2019\\\/05\\\/09\\\/egy-ev-utan-fejeztek-be-az-ittas-motoros-ugyenek-vizsgalatat\\\/#breadcrumb\"},\"inLanguage\":\"hu\",\"potentialAction\":[{\"@type\":\"ReadAction\",\"target\":[\"https:\\\/\\\/dorogimedence.hu\\\/index.php\\\/2019\\\/05\\\/09\\\/egy-ev-utan-fejeztek-be-az-ittas-motoros-ugyenek-vizsgalatat\\\/\"]}]},{\"@type\":\"ImageObject\",\"inLanguage\":\"hu\",\"@id\":\"https:\\\/\\\/dorogimedence.hu\\\/index.php\\\/2019\\\/05\\\/09\\\/egy-ev-utan-fejeztek-be-az-ittas-motoros-ugyenek-vizsgalatat\\\/#primaryimage\",\"url\":\"https:\\\/\\\/dorogimedence.hu\\\/wp-content\\\/uploads\\\/2019\\\/05\\\/ittas-motoros-01.jpg\",\"contentUrl\":\"https:\\\/\\\/dorogimedence.hu\\\/wp-content\\\/uploads\\\/2019\\\/05\\\/ittas-motoros-01.jpg\",\"width\":670,\"height\":365},{\"@type\":\"BreadcrumbList\",\"@id\":\"https:\\\/\\\/dorogimedence.hu\\\/index.php\\\/2019\\\/05\\\/09\\\/egy-ev-utan-fejeztek-be-az-ittas-motoros-ugyenek-vizsgalatat\\\/#breadcrumb\",\"itemListElement\":[{\"@type\":\"ListItem\",\"position\":1,\"name\":\"Kezd\u0151lap\",\"item\":\"https:\\\/\\\/dorogimedence.hu\\\/\"},{\"@type\":\"ListItem\",\"position\":2,\"name\":\"Egy \u00e9v ut\u00e1n fejezt\u00e9k be az ittas motoros \u00fcgy\u00e9nek vizsg\u00e1lat\u00e1t\"}]},{\"@type\":\"WebSite\",\"@id\":\"https:\\\/\\\/dorogimedence.hu\\\/#website\",\"url\":\"https:\\\/\\\/dorogimedence.hu\\\/\",\"name\":\"Dorogi-medence Region\u00e1lis H\u00edrport\u00e1l\",\"description\":\"Dorog, Keszt\u00f6lc, Le\u00e1nyv\u00e1r, Piliscs\u00e9v, Tokod, Tokodalt\u00e1r\u00f3, Csolnok, Esztergom-kertv\u00e1ros: h\u00edrek, programok\",\"publisher\":{\"@id\":\"https:\\\/\\\/dorogimedence.hu\\\/#organization\"},\"potentialAction\":[{\"@type\":\"SearchAction\",\"target\":{\"@type\":\"EntryPoint\",\"urlTemplate\":\"https:\\\/\\\/dorogimedence.hu\\\/?s={search_term_string}\"},\"query-input\":{\"@type\":\"PropertyValueSpecification\",\"valueRequired\":true,\"valueName\":\"search_term_string\"}}],\"inLanguage\":\"hu\"},{\"@type\":\"Organization\",\"@id\":\"https:\\\/\\\/dorogimedence.hu\\\/#organization\",\"name\":\"Dorogi-medence Region\u00e1lis H\u00edrport\u00e1l\",\"url\":\"https:\\\/\\\/dorogimedence.hu\\\/\",\"logo\":{\"@type\":\"ImageObject\",\"inLanguage\":\"hu\",\"@id\":\"https:\\\/\\\/dorogimedence.hu\\\/#\\\/schema\\\/logo\\\/image\\\/\",\"url\":\"https:\\\/\\\/dorogimedence.hu\\\/wp-content\\\/uploads\\\/2021\\\/04\\\/logo-feher-600.png\",\"contentUrl\":\"https:\\\/\\\/dorogimedence.hu\\\/wp-content\\\/uploads\\\/2021\\\/04\\\/logo-feher-600.png\",\"width\":600,\"height\":100,\"caption\":\"Dorogi-medence Region\u00e1lis H\u00edrport\u00e1l\"},\"image\":{\"@id\":\"https:\\\/\\\/dorogimedence.hu\\\/#\\\/schema\\\/logo\\\/image\\\/\"},\"sameAs\":[\"https:\\\/\\\/www.facebook.com\\\/dorogimedence\\\/\"]},{\"@type\":\"Person\",\"@id\":\"https:\\\/\\\/dorogimedence.hu\\\/#\\\/schema\\\/person\\\/ce6091eeb7e95ecdc87890d6aa8e0fd4\",\"name\":\"dorogimedence.hu\",\"image\":{\"@type\":\"ImageObject\",\"inLanguage\":\"hu\",\"@id\":\"\\\/\\\/www.gravatar.com\\\/avatar\\\/d8d45f8901aadff40a4af72c0b826f1d?s=96&#038;r=g&#038;d=mm\",\"url\":\"\\\/\\\/www.gravatar.com\\\/avatar\\\/d8d45f8901aadff40a4af72c0b826f1d?s=96&#038;r=g&#038;d=mm\",\"contentUrl\":\"\\\/\\\/www.gravatar.com\\\/avatar\\\/d8d45f8901aadff40a4af72c0b826f1d?s=96&#038;r=g&#038;d=mm\",\"caption\":\"dorogimedence.hu\"}}]}<\/script>\n<!-- \/ Yoast SEO plugin. -->","yoast_head_json":{"title":"Egy \u00e9v ut\u00e1n fejezt\u00e9k be az ittas motoros \u00fcgy\u00e9nek vizsg\u00e1lat\u00e1t","robots":{"index":"index","follow":"follow","max-snippet":"max-snippet:-1","max-image-preview":"max-image-preview:large","max-video-preview":"max-video-preview:-1"},"canonical":"https:\/\/dorogimedence.hu\/index.php\/2019\/05\/09\/egy-ev-utan-fejeztek-be-az-ittas-motoros-ugyenek-vizsgalatat\/","og_locale":"hu_HU","og_type":"article","og_title":"Egy \u00e9v ut\u00e1n fejezt\u00e9k be az ittas motoros \u00fcgy\u00e9nek vizsg\u00e1lat\u00e1t","og_description":"Esztergomban, a Dorogi \u00faton okozott szem\u00e9lyi s\u00e9r\u00fcl\u00e9ssel j\u00e1r\u00f3 k\u00f6z\u00fati k\u00f6zleked\u00e9si balesetet egy 28 \u00e9ves csolnoki f\u00e9rfi tavaly m\u00e1jus 10-\u00e9n. Az esztergomi rend\u0151r\u00f6k most fejezt\u00e9k be az \u00fcgy vizsg\u00e1lat\u00e1t. F. J\u00e1nos a Kiss J\u00e1nos vez\u00e9rezredes \u00faton egy k\u00f6rforgalomhoz \u00e9rt, amikor &#8211; mivel j\u00e1rm\u0171ve sebess\u00e9g\u00e9t nem az \u00fat vonalvezet\u00e9s\u00e9nek megfelel\u0151en v\u00e1lasztotta meg &#8211; let\u00e9rt az \u00fattestr\u0151l \u00e9s","og_url":"https:\/\/dorogimedence.hu\/index.php\/2019\/05\/09\/egy-ev-utan-fejeztek-be-az-ittas-motoros-ugyenek-vizsgalatat\/","og_site_name":"Dorogi-medence Region\u00e1lis H\u00edrport\u00e1l","article_publisher":"https:\/\/www.facebook.com\/dorogimedence\/","article_published_time":"2019-05-09T06:11:58+00:00","og_image":[{"width":670,"height":365,"url":"https:\/\/i0.wp.com\/dorogimedence.hu\/wp-content\/uploads\/2019\/05\/ittas-motoros-01.jpg?fit=670%2C365&ssl=1","type":"image\/jpeg"}],"author":"dorogimedence.hu","twitter_card":"summary_large_image","twitter_misc":{"Szerz\u0151:":"dorogimedence.hu","Becs\u00fclt olvas\u00e1si id\u0151":"1 perc"},"schema":{"@context":"https:\/\/schema.org","@graph":[{"@type":"Article","@id":"https:\/\/dorogimedence.hu\/index.php\/2019\/05\/09\/egy-ev-utan-fejeztek-be-az-ittas-motoros-ugyenek-vizsgalatat\/#article","isPartOf":{"@id":"https:\/\/dorogimedence.hu\/index.php\/2019\/05\/09\/egy-ev-utan-fejeztek-be-az-ittas-motoros-ugyenek-vizsgalatat\/"},"author":{"name":"dorogimedence.hu","@id":"https:\/\/dorogimedence.hu\/#\/schema\/person\/ce6091eeb7e95ecdc87890d6aa8e0fd4"},"headline":"Egy \u00e9v ut\u00e1n fejezt\u00e9k be az ittas motoros \u00fcgy\u00e9nek vizsg\u00e1lat\u00e1t","datePublished":"2019-05-09T06:11:58+00:00","mainEntityOfPage":{"@id":"https:\/\/dorogimedence.hu\/index.php\/2019\/05\/09\/egy-ev-utan-fejeztek-be-az-ittas-motoros-ugyenek-vizsgalatat\/"},"wordCount":204,"publisher":{"@id":"https:\/\/dorogimedence.hu\/#organization"},"image":{"@id":"https:\/\/dorogimedence.hu\/index.php\/2019\/05\/09\/egy-ev-utan-fejeztek-be-az-ittas-motoros-ugyenek-vizsgalatat\/#primaryimage"},"thumbnailUrl":"https:\/\/dorogimedence.hu\/wp-content\/uploads\/2019\/05\/ittas-motoros-01.jpg","keywords":["baleset","Csolnok","esztergom","ittas vezet\u00e9s","motorbaleset","rend\u0151rs\u00e9gi h\u00edrek"],"articleSection":["Csolnok","Esztergom","K\u00e9k h\u00edrek"],"inLanguage":"hu"},{"@type":"WebPage","@id":"https:\/\/dorogimedence.hu\/index.php\/2019\/05\/09\/egy-ev-utan-fejeztek-be-az-ittas-motoros-ugyenek-vizsgalatat\/","url":"https:\/\/dorogimedence.hu\/index.php\/2019\/05\/09\/egy-ev-utan-fejeztek-be-az-ittas-motoros-ugyenek-vizsgalatat\/","name":"Egy \u00e9v ut\u00e1n fejezt\u00e9k be az ittas motoros \u00fcgy\u00e9nek vizsg\u00e1lat\u00e1t","isPartOf":{"@id":"https:\/\/dorogimedence.hu\/#website"},"primaryImageOfPage":{"@id":"https:\/\/dorogimedence.hu\/index.php\/2019\/05\/09\/egy-ev-utan-fejeztek-be-az-ittas-motoros-ugyenek-vizsgalatat\/#primaryimage"},"image":{"@id":"https:\/\/dorogimedence.hu\/index.php\/2019\/05\/09\/egy-ev-utan-fejeztek-be-az-ittas-motoros-ugyenek-vizsgalatat\/#primaryimage"},"thumbnailUrl":"https:\/\/dorogimedence.hu\/wp-content\/uploads\/2019\/05\/ittas-motoros-01.jpg","datePublished":"2019-05-09T06:11:58+00:00","breadcrumb":{"@id":"https:\/\/dorogimedence.hu\/index.php\/2019\/05\/09\/egy-ev-utan-fejeztek-be-az-ittas-motoros-ugyenek-vizsgalatat\/#breadcrumb"},"inLanguage":"hu","potentialAction":[{"@type":"ReadAction","target":["https:\/\/dorogimedence.hu\/index.php\/2019\/05\/09\/egy-ev-utan-fejeztek-be-az-ittas-motoros-ugyenek-vizsgalatat\/"]}]},{"@type":"ImageObject","inLanguage":"hu","@id":"https:\/\/dorogimedence.hu\/index.php\/2019\/05\/09\/egy-ev-utan-fejeztek-be-az-ittas-motoros-ugyenek-vizsgalatat\/#primaryimage","url":"https:\/\/dorogimedence.hu\/wp-content\/uploads\/2019\/05\/ittas-motoros-01.jpg","contentUrl":"https:\/\/dorogimedence.hu\/wp-content\/uploads\/2019\/05\/ittas-motoros-01.jpg","width":670,"height":365},{"@type":"BreadcrumbList","@id":"https:\/\/dorogimedence.hu\/index.php\/2019\/05\/09\/egy-ev-utan-fejeztek-be-az-ittas-motoros-ugyenek-vizsgalatat\/#breadcrumb","itemListElement":[{"@type":"ListItem","position":1,"name":"Kezd\u0151lap","item":"https:\/\/dorogimedence.hu\/"},{"@type":"ListItem","position":2,"name":"Egy \u00e9v ut\u00e1n fejezt\u00e9k be az ittas motoros \u00fcgy\u00e9nek vizsg\u00e1lat\u00e1t"}]},{"@type":"WebSite","@id":"https:\/\/dorogimedence.hu\/#website","url":"https:\/\/dorogimedence.hu\/","name":"Dorogi-medence Region\u00e1lis H\u00edrport\u00e1l","description":"Dorog, Keszt\u00f6lc, Le\u00e1nyv\u00e1r, Piliscs\u00e9v, Tokod, Tokodalt\u00e1r\u00f3, Csolnok, Esztergom-kertv\u00e1ros: h\u00edrek, programok","publisher":{"@id":"https:\/\/dorogimedence.hu\/#organization"},"potentialAction":[{"@type":"SearchAction","target":{"@type":"EntryPoint","urlTemplate":"https:\/\/dorogimedence.hu\/?s={search_term_string}"},"query-input":{"@type":"PropertyValueSpecification","valueRequired":true,"valueName":"search_term_string"}}],"inLanguage":"hu"},{"@type":"Organization","@id":"https:\/\/dorogimedence.hu\/#organization","name":"Dorogi-medence Region\u00e1lis H\u00edrport\u00e1l","url":"https:\/\/dorogimedence.hu\/","logo":{"@type":"ImageObject","inLanguage":"hu","@id":"https:\/\/dorogimedence.hu\/#\/schema\/logo\/image\/","url":"https:\/\/dorogimedence.hu\/wp-content\/uploads\/2021\/04\/logo-feher-600.png","contentUrl":"https:\/\/dorogimedence.hu\/wp-content\/uploads\/2021\/04\/logo-feher-600.png","width":600,"height":100,"caption":"Dorogi-medence Region\u00e1lis H\u00edrport\u00e1l"},"image":{"@id":"https:\/\/dorogimedence.hu\/#\/schema\/logo\/image\/"},"sameAs":["https:\/\/www.facebook.com\/dorogimedence\/"]},{"@type":"Person","@id":"https:\/\/dorogimedence.hu\/#\/schema\/person\/ce6091eeb7e95ecdc87890d6aa8e0fd4","name":"dorogimedence.hu","image":{"@type":"ImageObject","inLanguage":"hu","@id":"\/\/www.gravatar.com\/avatar\/d8d45f8901aadff40a4af72c0b826f1d?s=96&#038;r=g&#038;d=mm","url":"\/\/www.gravatar.com\/avatar\/d8d45f8901aadff40a4af72c0b826f1d?s=96&#038;r=g&#038;d=mm","contentUrl":"\/\/www.gravatar.com\/avatar\/d8d45f8901aadff40a4af72c0b826f1d?s=96&#038;r=g&#038;d=mm","caption":"dorogimedence.hu"}}]}},"_links":{"self":[{"href":"https:\/\/dorogimedence.hu\/index.php\/wp-json\/wp\/v2\/posts\/16577","targetHints":{"allow":["GET"]}}],"collection":[{"href":"https:\/\/dorogimedence.hu\/index.php\/wp-json\/wp\/v2\/posts"}],"about":[{"href":"https:\/\/dorogimedence.hu\/index.php\/wp-json\/wp\/v2\/types\/post"}],"author":[{"embeddable":true,"href":"https:\/\/dorogimedence.hu\/index.php\/wp-json\/wp\/v2\/users\/1"}],"replies":[{"embeddable":true,"href":"https:\/\/dorogimedence.hu\/index.php\/wp-json\/wp\/v2\/comments?post=16577"}],"version-history":[{"count":0,"href":"https:\/\/dorogimedence.hu\/index.php\/wp-json\/wp\/v2\/posts\/16577\/revisions"}],"wp:featuredmedia":[{"embeddable":true,"href":"https:\/\/dorogimedence.hu\/index.php\/wp-json\/wp\/v2\/media\/16578"}],"wp:attachment":[{"href":"https:\/\/dorogimedence.hu\/index.php\/wp-json\/wp\/v2\/media?parent=16577"}],"wp:term":[{"taxonomy":"category","embeddable":true,"href":"https:\/\/dorogimedence.hu\/index.php\/wp-json\/wp\/v2\/categories?post=16577"},{"taxonomy":"post_tag","embeddable":true,"href":"https:\/\/dorogimedence.hu\/index.php\/wp-json\/wp\/v2\/tags?post=16577"}],"curies":[{"name":"wp","href":"https:\/\/api.w.org\/{rel}","templated":true}]}}